{"id":22353,"date":"2024-03-21T09:37:00","date_gmt":"2024-03-21T08:37:00","guid":{"rendered":"https:\/\/gaudiumetspes-blog.pl\/?p=22353"},"modified":"2024-03-21T09:37:00","modified_gmt":"2024-03-21T08:37:00","slug":"najpierw-trzeba-uwierzyc","status":"publish","type":"post","link":"https:\/\/gaudiumetspes-blog.pl\/index.php\/2024\/03\/21\/najpierw-trzeba-uwierzyc\/","title":{"rendered":"Najpierw trzeba uwierzy\u0107!"},"content":{"rendered":"<p align=\"justify\"><span style=\"color: #000000;\"><span style=\"font-family: Book Antiqua, serif;\"><span style=\"font-size: large;\">Szcz\u0119\u015b\u0107 Bo\u017ce! Moi Drodzy, w dniu dzisiejszym <b>urodziny prze\u017cywa <\/b><b>Pawe\u0142 Siwiec, nale\u017c\u0105cy w swoim czasie do Wsp\u00f3lnoty m\u0142odzie\u017cowej w Tr\u0105bkach. \u017bycz\u0119 Mu, aby zawsze trwa\u0142 przy Chrystusie \u2013 z entuzjazmem i zapa\u0142em, jak to zapami\u0119ta\u0142em z czas\u00f3w naszej wsp\u00f3lnej dzia\u0142alno\u015bci. Zapewniam o modlitwie!<\/b><\/span><\/span><\/span><\/p>\n<p align=\"justify\"><span style=\"color: #000000;\"><span style=\"font-family: Book Antiqua, serif;\"><span style=\"font-size: large;\">A ja zaraz wyruszam na dy\u017cur do gmachu przy ulicy \u017bytniej\u2026 Potem ju\u017c czas na w\u0142asn\u0105 modlitw\u0119 i prac\u0119\u2026 A mam si\u0119 czym zaj\u0105\u0107!<\/span><\/span><\/span><\/p>\n<p align=\"justify\"><span style=\"font-family: Book Antiqua, serif;\"><span style=\"font-size: large;\"><span style=\"color: #000000;\">Teraz za\u015b zapraszam do pochylenia si\u0119 nad Bo\u017cym s\u0142owem <\/span>dzisiejszej liturgii. Oto s\u0142\u00f3wko Ksi\u0119dza Marka na dzi\u015b:<\/span><\/span><\/p>\n<p align=\"justify\"><span style=\"color: #000000;\"><span style=\"font-family: Book Antiqua, serif;\"><span style=\"font-size: medium;\"><a href=\"https:\/\/www.youtube.com\/c\/CatholicSurgut\"><span style=\"font-size: large;\"><b>https:\/\/www.youtube.com\/c\/CatholicSurgut<\/b><\/span><\/a><b> <\/b><\/span><\/span><\/span><\/p>\n<p align=\"justify\"><span style=\"font-family: Book Antiqua, serif;\"><span style=\"font-size: large;\"><span style=\"color: #000000;\">Zatem, <\/span><b>c<\/b><b>o konkretnie m\u00f3wi dzi\u015b do mnie Pan? Z jakim przes\u0142aniem si\u0119 zwraca?<\/b> Duchu \u015awi\u0119ty, rozja\u015bnij umys\u0142y i serca!<\/span><\/span><\/p>\n<p align=\"justify\"><span style=\"color: #000000;\"><span style=\"font-family: Book Antiqua, serif;\"><span style=\"font-size: large;\"><b>Niech Was b\u0142ogos\u0142awi B\u00f3g Wszechmog\u0105cy: Ojciec + i Syn, i Duch \u015awi\u0119ty. Amen<\/b><\/span><\/span><\/span><\/p>\n<p align=\"center\"><span style=\"color: #000000;\"><span style=\"font-family: Book Antiqua, serif;\"><span style=\"font-size: large;\">Gaudium et spes! Ks. Jacek<\/span><\/span><\/span><\/p>\n<p align=\"center\">\n<p align=\"center\">\n<p align=\"center\">\n<p align=\"center\">\n<p align=\"center\">\n<p align=\"justify\"><span style=\"color: #000000;\"><span style=\"font-family: Book Antiqua, serif;\"><span style=\"font-size: large;\"><b>Czwartek 5 Tygodnia Wielkiego Postu,<\/b><\/span><\/span><\/span><\/p>\n<p align=\"justify\"><span style=\"color: #000000;\"><span style=\"font-family: Book Antiqua, serif;\"><span style=\"font-size: large;\"><b>21 marca 2024.,<\/b><\/span><\/span><\/span><\/p>\n<p align=\"justify\"><span style=\"color: #000000;\"><span style=\"font-family: Book Antiqua, serif;\"><span style=\"font-size: large;\"><b>do czyta\u0144: Rdz 17,3\u20139; J 8,51\u201359<\/b><\/span><\/span><\/span><\/p>\n<p align=\"justify\">\n<p align=\"justify\">\n<p align=\"justify\">\n<p align=\"justify\">\n<p align=\"justify\">\n<p align=\"justify\"><span style=\"color: #000000;\"><span style=\"font-family: Book Antiqua, serif;\"><span style=\"font-size: large;\"><b>CZYTANIE Z KSI\u0118GI RODZAJU:<\/b><\/span><\/span><\/span><\/p>\n<p align=\"justify\"><span style=\"color: #000000;\"><span style=\"font-family: Book Antiqua, serif;\"><span style=\"font-size: large;\"><b>Abram pad\u0142 na oblicze, a B\u00f3g tak do niego m\u00f3wi\u0142:<\/b><\/span><\/span><\/span><\/p>\n<p align=\"justify\"><span style=\"color: #000000;\">\u201e<span style=\"font-family: Book Antiqua, serif;\"><span style=\"font-size: large;\"><b>Oto moje przymierze z tob\u0105: staniesz si\u0119 ojcem mn\u00f3stwa narod\u00f3w. Nie b\u0119dziesz wi\u0119c odt\u0105d nazywa\u0142 si\u0119 Abram, lecz imi\u0119 twoje b\u0119dzie Abraham, bo uczyni\u0119 ciebie ojcem mn\u00f3stwa narod\u00f3w. Sprawi\u0119, \u017ce b\u0119dziesz niezmiernie p\u0142odny, tak \u017ce staniesz si\u0119 ojcem narod\u00f3w i pochodzi\u0107 b\u0119d\u0105 od ciebie kr\u00f3lowie.<\/b><\/span><\/span><\/span><\/p>\n<p align=\"justify\"><span style=\"color: #000000;\"><span style=\"font-family: Book Antiqua, serif;\"><span style=\"font-size: large;\"><b>Przymierze moje, kt\u00f3re zawieram pomi\u0119dzy tob\u0105 a Mn\u0105 oraz twoim potomstwem, b\u0119dzie trwa\u0142o z pokolenia w pokolenie jako przymierze wieczne, abym by\u0142 Bogiem twoim, a potem twego potomstwa. I oddaj\u0119 tobie i twym przysz\u0142ym potomkom kraj, w kt\u00f3rym przebywasz, ca\u0142y kraj Kanaan, jako w\u0142asno\u015b\u0107 na wieki, i b\u0119d\u0119 ich Bogiem\u201d.<\/b><\/span><\/span><\/span><\/p>\n<p align=\"justify\"><span style=\"color: #000000;\"><span style=\"font-family: Book Antiqua, serif;\"><span style=\"font-size: large;\"><b>Potem B\u00f3g rzek\u0142 do Abrahama: \u201eTy za\u015b, a po tobie twoje potomstwo przez wszystkie pokolenia, zachowujcie przymierze ze Mn\u0105\u201d.<\/b><\/span><\/span><\/span><\/p>\n<p align=\"justify\">\n<p align=\"justify\">\n<p align=\"justify\">\n<p align=\"justify\">\n<p align=\"justify\">\n<p align=\"justify\"><span style=\"color: #000000;\"><span style=\"font-family: Book Antiqua, serif;\"><span style=\"font-size: large;\"><b>S\u0141OWA EWANGELII WED\u0141UG \u015aWI\u0118TEGO JANA:<\/b><\/span><\/span><\/span><\/p>\n<p align=\"justify\"><span style=\"color: #000000;\"><span style=\"font-family: Book Antiqua, serif;\"><span style=\"font-size: large;\"><b>Jezus powiedzia\u0142 do \u017byd\u00f3w: \u201eZaprawd\u0119, zaprawd\u0119 powiadam wam: Je\u015bli kto zachowa moj\u0105 nauk\u0119, nie zazna \u015bmierci na wieki\u201d.<\/b><\/span><\/span><\/span><\/p>\n<p align=\"justify\"><span style=\"color: #000000;\"><span style=\"font-family: Book Antiqua, serif;\"><span style=\"font-size: large;\"><b>Rzekli do Niego \u017bydzi: \u201eTeraz wiemy, \u017ce jeste\u015b op\u0119tany. Abraham umar\u0142 i prorocy, a Ty m\u00f3wisz: \u00abJe\u015bli kto zachowa moj\u0105 nauk\u0119, ten \u015bmierci nie zazna na wieki\u00bb. Czy Ty jeste\u015b wi\u0119kszy od ojca naszego Abrahama, kt\u00f3ry przecie\u017c umar\u0142? I prorocy pomarli. Kim Ty siebie czynisz?\u201d<\/b><\/span><\/span><\/span><\/p>\n<p align=\"justify\"><span style=\"color: #000000;\"><span style=\"font-family: Book Antiqua, serif;\"><span style=\"font-size: large;\"><b>Odpowiedzia\u0142 Jezus: \u201eJe\u017celi Ja sam siebie otaczam chwa\u0142\u0105, chwa\u0142a moja jest niczym. Ale jest Ojciec m\u00f3j, kt\u00f3ry Mnie chwa\u0142\u0105 otacza, o kt\u00f3rym wy m\u00f3wicie: \u00abJest naszym Bogiem\u00bb, ale wy Go nie znacie. Ja Go jednak znam. Gdybym powiedzia\u0142, \u017ce Go nie znam, by\u0142bym podobnie jak wy k\u0142amc\u0105. Ale Ja Go znam i s\u0142owo Jego zachowuj\u0119. Abraham, ojciec wasz, rozradowa\u0142 si\u0119 z tego, \u017ce ujrza\u0142 m\u00f3j dzie\u0144, ujrza\u0142 go i ucieszy\u0142 si\u0119\u201d.<\/b><\/span><\/span><\/span><\/p>\n<p align=\"justify\"><span style=\"color: #000000;\"><span style=\"font-family: Book Antiqua, serif;\"><span style=\"font-size: large;\"><b>Na to rzekli do Niego \u017bydzi: \u201ePi\u0119\u0107dziesi\u0119ciu lat jeszcze nie masz, a Abrahama widzia\u0142e\u015b?\u201d<\/b><\/span><\/span><\/span><\/p>\n<p align=\"justify\"><span style=\"color: #000000;\"><span style=\"font-family: Book Antiqua, serif;\"><span style=\"font-size: large;\"><b>Rzek\u0142 do nich Jezus: \u201eZaprawd\u0119, zaprawd\u0119 powiadam wam: Zanim Abraham sta\u0142 si\u0119, Ja jestem\u201d.<\/b><\/span><\/span><\/span><\/p>\n<p align=\"justify\"><span style=\"color: #000000;\"><span style=\"font-family: Book Antiqua, serif;\"><span style=\"font-size: large;\"><b>Porwali wi\u0119c kamienie, aby je rzuci\u0107 na Niego. Jezus jednak ukry\u0142 si\u0119 i wyszed\u0142 ze \u015bwi\u0105tyni.<\/b><\/span><\/span><\/span><\/p>\n<p align=\"justify\">\n<p align=\"justify\">\n<p align=\"justify\">\n<p align=\"justify\">\n<p align=\"justify\">\n<p align=\"justify\"><span style=\"color: #000000;\"><span style=\"font-family: Book Antiqua, serif;\"><span style=\"font-size: large;\">B\u00f3g <b>osobi\u015bcie przemawia<\/b> do Abrama. Zawiera z nim przymierze. Obiecuje uczyni\u0107 go ojcem mn\u00f3stwa narod\u00f3w i zapewnia, \u017ce kr\u00f3lowie b\u0119d\u0105 od niego pochodzi\u0107. Zmienia jego imi\u0119. M\u00f3wi tak\u017ce, i\u017c to przymierze <i><b>b\u0119dzie trwa\u0142o z pokolenia w pokolenie jako przymierze wieczne. <\/b><\/i>Og\u0142asza si\u0119 Bogiem jego, a potem jego potomstwa. Oddaje mu kraj Kanaan. I tylko na koniec prosi: <i><b>Ty za\u015b, a po tobie twoje potomstwo przez wszystkie pokolenia, zachowujcie przymierze ze Mn\u0105. <\/b><\/i><\/span><\/span><\/span><\/p>\n<p align=\"justify\"><span style=\"color: #000000;\"><span style=\"font-family: Book Antiqua, serif;\"><span style=\"font-size: large;\">Z perspektywy czasu i historii wiemy, \u017ce <b>B\u00f3g trwa\u0142 zawsze wiernie <\/b>w swoim przymierzu, <b>podobnie i Abraham. <\/b>Ale ju\u017c Abrahamowe potomstwo \u2013 na przestrzeni wielu wiek\u00f3w \u2013 podchodzi\u0142o do tego <b>bardzo, ale to bardzo r\u00f3\u017cnie\u2026 <\/b><\/span><\/span><\/span><\/p>\n<p align=\"justify\"><span style=\"color: #000000;\"><span style=\"font-family: Book Antiqua, serif;\"><span style=\"font-size: large;\">W Ewangelii dzisiejszej Jezus m\u00f3wi do \u017byd\u00f3w w do\u015b\u0107 podobnym tonie, do tego, w jakim wypowiedzia\u0142 si\u0119 B\u00f3g w pierwszym czytaniu. Jezus m\u00f3wi: <i><b>Zaprawd\u0119, zaprawd\u0119 powiadam wam: Je\u015bli kto zachowa moj\u0105 nauk\u0119, nie zazna \u015bmierci na wieki. <\/b><\/i>I tutaj reakcja s\u0142uchaczy by\u0142a od razu negatywna. \u017bydzi bowiem odpowiedzieli: <i><b>Teraz wiemy, \u017ce jeste\u015b op\u0119tany. Abraham umar\u0142 i prorocy, a Ty m\u00f3wisz: \u00abJe\u015bli kto zachowa moj\u0105 nauk\u0119, ten \u015bmierci nie zazna<\/b><\/i><b> <\/b><i><b>na wieki\u00bb. Czy Ty jeste\u015b wi\u0119kszy od ojca naszego Abrahama, kt\u00f3ry przecie\u017c umar\u0142? I prorocy pomarli. Kim Ty siebie czynisz?<\/b><\/i><\/span><\/span><\/span><\/p>\n<p align=\"justify\"><span style=\"color: #000000;\"><span style=\"font-family: Book Antiqua, serif;\"><span style=\"font-size: large;\">Na takie pytanie, b\u0119d\u0105ce jednocze\u015bnie zarzutem, Jezus odpowiedzia\u0142 bardzo logicznie i zgodnie z prawd\u0105: <i><b>Je\u017celi Ja sam siebie otaczam chwa\u0142\u0105, chwa\u0142a moja jest niczym. Ale jest Ojciec m\u00f3j, kt\u00f3ry Mnie chwa\u0142\u0105 otacza, o kt\u00f3rym wy m\u00f3wicie: \u00abJest naszym Bogiem\u00bb, ale wy Go nie znacie. Ja Go jednak znam. Gdybym powiedzia\u0142, \u017ce Go nie znam, by\u0142bym podobnie jak wy k\u0142amc\u0105. Ale Ja Go znam i s\u0142owo Jego zachowuj\u0119. Abraham, ojciec wasz, rozradowa\u0142 si\u0119 z tego, \u017ce ujrza\u0142 m\u00f3j dzie\u0144, ujrza\u0142 go i ucieszy\u0142 si\u0119.<\/b><\/i><\/span><\/span><\/span><\/p>\n<p align=\"justify\"><span style=\"color: #000000;\"><span style=\"font-family: Book Antiqua, serif;\"><span style=\"font-size: large;\">Rozm\u00f3wcy jednak nie ust\u0119powali, dlatego postawili kolejne pytanie, kolejn\u0105 w\u0105tpliwo\u015b\u0107 \u2013 tak\u017ce w formie zarzutu: <i><b>Pi\u0119\u0107dziesi\u0119ciu lat jeszcze nie masz, a Abrahama widzia\u0142e\u015b? <\/b><\/i>Na co us\u0142yszeli w odpowiedzi: <i><b>Zaprawd\u0119, zaprawd\u0119 powiadam wam: Zanim Abraham sta\u0142 si\u0119, Ja jestem. <\/b><\/i><\/span><\/span><\/span><\/p>\n<p align=\"justify\"><span style=\"color: #000000;\"><span style=\"font-family: Book Antiqua, serif;\"><span style=\"font-size: large;\">Zwr\u00f3\u0107my tutaj uwag\u0119 na owo majestatyczne, nauczycielskie wprowadzenie: <i><b>Zaprawd\u0119, zaprawd\u0119 powiadam wam, <\/b><\/i>wyra\u017anie podkre\u015blaj\u0105ce wielk\u0105 wag\u0119 tego, co b\u0119dzie powiedziane, natomiast jeszcze wi\u0119ksz\u0105 moc i znaczenie maj\u0105 s\u0142owa: <i><b>Ja jestem,<\/b><\/i> b\u0119d\u0105ce po prostu<b> imieniem Boga JAHWE,<\/b> czyli <b>JESTEM KT\u00d3RY JESTEM,<\/b> z zaznaczeniem, \u017ce Jezus <b>JEST,<\/b> czyli by\u0142 \u2013 <b>zanim jeszcze na \u015bwiecie pojawi\u0142 si\u0119 Abraham.<\/b> <\/span><\/span><\/span><\/p>\n<p align=\"justify\"><span style=\"color: #000000;\"><span style=\"font-family: Book Antiqua, serif;\"><span style=\"font-size: large;\">Zatem, Jezus tutaj wyra\u017anie i bez cienia wahania i w\u0105tpliwo\u015bci <b>wskaza\u0142 na siebie jako na Syna Bo\u017cego,<\/b> jako na Boga Cz\u0142owieka. St\u0105d te\u017c taka, a nie inna reakcja s\u0142uchaczy:<i> <\/i><i><b>Porwali wi\u0119c kamienie, aby je rzuci\u0107 na Niego. Jezus jednak ukry\u0142 si\u0119 i wyszed\u0142 ze \u015bwi\u0105tyni. <\/b><\/i>A to znaczy, \u017ce dobrze zrozumieli, co im powiedzia\u0142. <b>Na pewno \u2013 dobrze zrozumieli! <\/b>Natomiast <b>na pewno nie chcieli tego przyj\u0105\u0107. <\/b>Nie chcieli uzna\u0107 w Jezusie zapowiadanego, obiecanego i wyczekiwanego Mesjasza. On wyszed\u0142 do nich <b>ze s\u0142owem prawdy<\/b> i z otwartym sercem. Oni jednak <b>zostali w swoim zamkni\u0119tym \u015bwiatku,<\/b> w swojej zawzi\u0119to\u015bci, w swoim uporze.<\/span><\/span><\/span><\/p>\n<p align=\"justify\"><span style=\"color: #000000;\"><span style=\"font-family: Book Antiqua, serif;\"><span style=\"font-size: large;\">Jak\u017ce to <b>inna postawa<\/b> od tej, kt\u00f3r\u0105 przyj\u0105\u0142 Abraham. On na ten bezmiar dobrodziejstw, otrzymanych ze strony Boga \u2013 chocia\u017cby tych, kt\u00f3re wyliczyli\u015bmy tu sobie na pocz\u0105tku, na podstawie pierwszego czytania \u2013 <b>odpowiedzia\u0142 sercem otwartym, <\/b>gotowym do wsp\u00f3\u0142pracy, ale jeszcze wcze\u015bniej: <b>gotowym do uwierzenia<\/b> w to wszystko, co B\u00f3g m\u00f3wi. Zatem, Abraham <b>najpierw uwierzy\u0142,<\/b> \u017ce B\u00f3g naprawd\u0119 mo\u017ce mu to wszystko da\u0107 \u2013 i \u017ce mu to rzeczywi\u015bcie daje. Chocia\u017c niekt\u00f3re z tych obietnic \u2013 przynajmniej w tamtym momencie \u2013 <b>mog\u0142y si\u0119 wydawa\u0107 nier<\/b><b>ealnymi<\/b><b>,<\/b> jak na przyk\u0142ad obietnica licznego potomstwa, wypowiedziana w momencie, kiedy Abraham nie mia\u0142 jeszcze potomka. Wszystko jednak \u2013 jak wiemy \u2013 <b>dokona\u0142o si\u0119 wed\u0142ug Bo\u017cego s\u0142owa. <\/b>Ale w to trzeba by\u0142o <b>najpierw uwierzy\u0107. <\/b>A potem \u2013 dary te przyj\u0105\u0107.<\/span><\/span><\/span><\/p>\n<p align=\"justify\"><span style=\"color: #000000;\"><span style=\"font-family: Book Antiqua, serif;\"><span style=\"font-size: large;\">S\u0142uchacze Jezusa nie mogli Jego dar\u00f3w przyj\u0105\u0107, bo <b>nie chcieli w nie uwierzy\u0107. <\/b>Bo oni z g\u00f3ry niejako, z za\u0142o\u017cenia \u2013 <b>nie wierzyli w nic, <\/b>co Jezus m\u00f3wi\u0142, co czyni\u0142, co chcia\u0142 im podarowa\u0107. I tutaj jest istota problemu. Dlatego te\u017c \u2013 tym bardziej \u2013 <b>nie chcieli uwierzy\u0107, \u017ce prawd\u0105 jest<\/b> to, co powiedzia\u0142 o sobie: <b>JA JESTEM.<\/b> <\/span><\/span><\/span><\/p>\n<p align=\"justify\"><span style=\"color: #000000;\"><span style=\"font-family: Book Antiqua, serif;\"><span style=\"font-size: large;\">A st\u0105d p\u0142ynie dla nas bardzo jasne pouczenie, bardzo wyra\u017ane wskazanie, b\u0119d\u0105ce jednocze\u015bnie <b>bardzo mocnym ostrze\u017ceniem:<\/b> nic si\u0119 w naszym \u017cyciu dobrego nie dokona \u2013 w sensie, \u017ce Jezus niczego w naszym \u017cyciu nie dokona \u2013<b> je\u017celi Mu nie uwierzymy! <\/b>Je\u017celi <b>w Niego<\/b> nie uwierzymy! Je\u017celi <b>najpierw<\/b> nie uwierzymy! Od tego wszystko si\u0119 musi zacz\u0105\u0107. A potem dopiero mog\u0105 si\u0119 dokonywa\u0107 nast\u0119pne etapy, nast\u0119pne kroki. <\/span><\/span><\/span><\/p>\n<p align=\"justify\"><span style=\"color: #000000;\"><span style=\"font-family: Book Antiqua, serif;\"><span style=\"font-size: large;\"><b>Najpierw trzeba uwierzy\u0107 \u2013<\/b> bez zastrze\u017ce\u0144, niedom\u00f3wie\u0144 albo dopowiedze\u0144, bez waha\u0144 i w\u0105tpliwo\u015bci,<b> ca\u0142ym sercem i ca\u0142ym sob\u0105: trzeba uwierzy\u0107! <\/b>M\u00f3wi\u0105c tak obrazowo: trzeba to <b>Jezusowe:<\/b> <b>JA JESTEM <\/b>wpisa\u0107 <b>w moje osobiste: ja jestem. <\/b>Albo jeszcze inaczej: trzeba to <b>moje ma\u0142e i s\u0142abe: ja jestem <\/b>\u2013 odda\u0107 <b>do dyspozycji<\/b> tego wielkiego, Jezusowego: <b>JA JESTEM! <\/b>Zjednoczy\u0107 jedno z drugim.<\/span><\/span><\/span><\/p>\n<p align=\"justify\"><span style=\"color: #000000;\"><span style=\"font-family: Book Antiqua, serif;\"><span style=\"font-size: large;\">Ale pocz\u0105tkiem tego b\u0119dzie <b>uwierzenie w to, \u017ce prawd\u0105 jest Jezusowe: JA JESTEM <\/b>\u2013 i \u017ce On naprawd\u0119 jest moim Bogiem! A w\u00f3wczas b\u0119dzie mia\u0142 On zielone \u015bwiat\u0142o do dzia\u0142ania. I cuda prawdziwe b\u0119d\u0105 si\u0119 dzia\u0142y!<\/span><\/span><\/span><\/p>\n","protected":false},"excerpt":{"rendered":"<p>Szcz\u0119\u015b\u0107 Bo\u017ce! Moi Drodzy, w dniu dzisiejszym urodziny prze\u017cywa Pawe\u0142 Siwiec, nale\u017c\u0105cy w swoim czasie do Wsp\u00f3lnoty m\u0142odzie\u017cowej w Tr\u0105bkach. \u017bycz\u0119 Mu, aby zawsze trwa\u0142 przy Chrystusie \u2013 z entuzjazmem i zapa\u0142em, jak to zapami\u0119ta\u0142em z czas\u00f3w naszej wsp\u00f3lnej dzia\u0142alno\u015bci. Zapewniam o modlitwie! A ja zaraz wyruszam na dy\u017cur do gmachu przy ulicy \u017bytniej\u2026 Potem [&hellip;]<\/p>\n","protected":false},"author":1,"featured_media":0,"comment_status":"open","ping_status":"open","sticky":false,"template":"","format":"standard","meta":{"jetpack_post_was_ever_published":false,"_jetpack_newsletter_access":"","_jetpack_dont_email_post_to_subs":false,"_jetpack_newsletter_tier_id":0,"_jetpack_memberships_contains_paywalled_content":false,"_jetpack_memberships_contains_paid_content":false,"footnotes":""},"categories":[1],"tags":[],"class_list":["post-22353","post","type-post","status-publish","format-standard","hentry","category-bez-kategorii"],"yoast_head":"<!-- This site is optimized with the Yoast SEO plugin v25.1 - https:\/\/yoast.com\/wordpress\/plugins\/seo\/ -->\n<title>Najpierw trzeba uwierzy\u0107! - Gaudium Et Spes<\/title>\n<meta name=\"robots\" content=\"index, follow, max-snippet:-1, max-image-preview:large, max-video-preview:-1\" \/>\n<link rel=\"canonical\" href=\"https:\/\/gaudiumetspes-blog.pl\/index.php\/2024\/03\/21\/najpierw-trzeba-uwierzyc\/\" \/>\n<meta property=\"og:locale\" content=\"pl_PL\" \/>\n<meta property=\"og:type\" content=\"article\" \/>\n<meta property=\"og:title\" content=\"Najpierw trzeba uwierzy\u0107! - Gaudium Et Spes\" \/>\n<meta property=\"og:description\" content=\"Szcz\u0119\u015b\u0107 Bo\u017ce! Moi Drodzy, w dniu dzisiejszym urodziny prze\u017cywa Pawe\u0142 Siwiec, nale\u017c\u0105cy w swoim czasie do Wsp\u00f3lnoty m\u0142odzie\u017cowej w Tr\u0105bkach. \u017bycz\u0119 Mu, aby zawsze trwa\u0142 przy Chrystusie \u2013 z entuzjazmem i zapa\u0142em, jak to zapami\u0119ta\u0142em z czas\u00f3w naszej wsp\u00f3lnej dzia\u0142alno\u015bci. Zapewniam o modlitwie! A ja zaraz wyruszam na dy\u017cur do gmachu przy ulicy \u017bytniej\u2026 Potem [&hellip;]\" \/>\n<meta property=\"og:url\" content=\"https:\/\/gaudiumetspes-blog.pl\/index.php\/2024\/03\/21\/najpierw-trzeba-uwierzyc\/\" \/>\n<meta property=\"og:site_name\" content=\"Gaudium Et Spes\" \/>\n<meta property=\"article:published_time\" content=\"2024-03-21T08:37:00+00:00\" \/>\n<meta name=\"author\" content=\"Ks. Jacek\" \/>\n<meta name=\"twitter:card\" content=\"summary_large_image\" \/>\n<meta name=\"twitter:label1\" content=\"Napisane przez\" \/>\n\t<meta name=\"twitter:data1\" content=\"Ks. Jacek\" \/>\n\t<meta name=\"twitter:label2\" content=\"Szacowany czas czytania\" \/>\n\t<meta name=\"twitter:data2\" content=\"7 minut\" \/>\n<script type=\"application\/ld+json\" class=\"yoast-schema-graph\">{\"@context\":\"https:\/\/schema.org\",\"@graph\":[{\"@type\":\"WebPage\",\"@id\":\"https:\/\/gaudiumetspes-blog.pl\/index.php\/2024\/03\/21\/najpierw-trzeba-uwierzyc\/\",\"url\":\"https:\/\/gaudiumetspes-blog.pl\/index.php\/2024\/03\/21\/najpierw-trzeba-uwierzyc\/\",\"name\":\"Najpierw trzeba uwierzy\u0107! - Gaudium Et Spes\",\"isPartOf\":{\"@id\":\"https:\/\/gaudiumetspes-blog.pl\/#website\"},\"datePublished\":\"2024-03-21T08:37:00+00:00\",\"author\":{\"@id\":\"https:\/\/gaudiumetspes-blog.pl\/#\/schema\/person\/1661982992b752dea8dff0d4ed845a65\"},\"breadcrumb\":{\"@id\":\"https:\/\/gaudiumetspes-blog.pl\/index.php\/2024\/03\/21\/najpierw-trzeba-uwierzyc\/#breadcrumb\"},\"inLanguage\":\"pl-PL\",\"potentialAction\":[{\"@type\":\"ReadAction\",\"target\":[\"https:\/\/gaudiumetspes-blog.pl\/index.php\/2024\/03\/21\/najpierw-trzeba-uwierzyc\/\"]}]},{\"@type\":\"BreadcrumbList\",\"@id\":\"https:\/\/gaudiumetspes-blog.pl\/index.php\/2024\/03\/21\/najpierw-trzeba-uwierzyc\/#breadcrumb\",\"itemListElement\":[{\"@type\":\"ListItem\",\"position\":1,\"name\":\"Strona g\u0142\u00f3wna\",\"item\":\"https:\/\/gaudiumetspes-blog.pl\/\"},{\"@type\":\"ListItem\",\"position\":2,\"name\":\"Najpierw trzeba uwierzy\u0107!\"}]},{\"@type\":\"WebSite\",\"@id\":\"https:\/\/gaudiumetspes-blog.pl\/#website\",\"url\":\"https:\/\/gaudiumetspes-blog.pl\/\",\"name\":\"Gaudium Et Spes\",\"description\":\"Blog Ks. Jacka Ja\u015bkowskiego\",\"potentialAction\":[{\"@type\":\"SearchAction\",\"target\":{\"@type\":\"EntryPoint\",\"urlTemplate\":\"https:\/\/gaudiumetspes-blog.pl\/?s={search_term_string}\"},\"query-input\":{\"@type\":\"PropertyValueSpecification\",\"valueRequired\":true,\"valueName\":\"search_term_string\"}}],\"inLanguage\":\"pl-PL\"},{\"@type\":\"Person\",\"@id\":\"https:\/\/gaudiumetspes-blog.pl\/#\/schema\/person\/1661982992b752dea8dff0d4ed845a65\",\"name\":\"Ks. Jacek\",\"image\":{\"@type\":\"ImageObject\",\"inLanguage\":\"pl-PL\",\"@id\":\"https:\/\/gaudiumetspes-blog.pl\/#\/schema\/person\/image\/\",\"url\":\"https:\/\/gaudiumetspes-blog.pl\/wp-content\/uploads\/2019\/07\/avatar-JJ-150x150.jpg\",\"contentUrl\":\"https:\/\/gaudiumetspes-blog.pl\/wp-content\/uploads\/2019\/07\/avatar-JJ-150x150.jpg\",\"caption\":\"Ks. Jacek\"},\"description\":\"Witam serdecznie! K\u0142ania si\u0119 Ks. Jacek Ja\u015bkowski. Nie jestem ani kim\u015b wa\u017cnym, ani kim\u015b znanym. Jestem ksi\u0119dzem, kt\u00f3ry po prostu chce rozmawia\u0107. Codzienna kap\u0142a\u0144ska pos\u0142uga pokazuje mi, \u017ce temat\u00f3w do rozm\u00f3w z ksi\u0119dzem jest coraz wi\u0119cej i dzisiaj \u017caden ksi\u0105dz nie mo\u017ce od nich ucieka\u0107, ale - wprost przeciwnie - podejmowa\u0107 nowe wyzwania. To przekonanie sk\u0142oni\u0142o mnie do pr\u00f3by otwarcia tego\u017c bloga, chocia\u017c okazji do rozm\u00f3w na co dzie\u0144 - w konfesjonale i poza nim - na szcz\u0119\u015bcie nie brakuje. My\u015bl\u0119 jednak, \u017ce ten blog b\u0119dzie jeszcze jednym sposobem i przestrzeni\u0105 nawi\u0105zania kontaktu z lud\u017ami dobrej woli, otwartymi na dialog.\",\"url\":\"https:\/\/gaudiumetspes-blog.pl\/index.php\/author\/ks-jacek\/\"}]}<\/script>\n<!-- \/ Yoast SEO plugin. -->","yoast_head_json":{"title":"Najpierw trzeba uwierzy\u0107! - Gaudium Et Spes","robots":{"index":"index","follow":"follow","max-snippet":"max-snippet:-1","max-image-preview":"max-image-preview:large","max-video-preview":"max-video-preview:-1"},"canonical":"https:\/\/gaudiumetspes-blog.pl\/index.php\/2024\/03\/21\/najpierw-trzeba-uwierzyc\/","og_locale":"pl_PL","og_type":"article","og_title":"Najpierw trzeba uwierzy\u0107! - Gaudium Et Spes","og_description":"Szcz\u0119\u015b\u0107 Bo\u017ce! Moi Drodzy, w dniu dzisiejszym urodziny prze\u017cywa Pawe\u0142 Siwiec, nale\u017c\u0105cy w swoim czasie do Wsp\u00f3lnoty m\u0142odzie\u017cowej w Tr\u0105bkach. \u017bycz\u0119 Mu, aby zawsze trwa\u0142 przy Chrystusie \u2013 z entuzjazmem i zapa\u0142em, jak to zapami\u0119ta\u0142em z czas\u00f3w naszej wsp\u00f3lnej dzia\u0142alno\u015bci. Zapewniam o modlitwie! A ja zaraz wyruszam na dy\u017cur do gmachu przy ulicy \u017bytniej\u2026 Potem [&hellip;]","og_url":"https:\/\/gaudiumetspes-blog.pl\/index.php\/2024\/03\/21\/najpierw-trzeba-uwierzyc\/","og_site_name":"Gaudium Et Spes","article_published_time":"2024-03-21T08:37:00+00:00","author":"Ks. Jacek","twitter_card":"summary_large_image","twitter_misc":{"Napisane przez":"Ks. Jacek","Szacowany czas czytania":"7 minut"},"schema":{"@context":"https:\/\/schema.org","@graph":[{"@type":"WebPage","@id":"https:\/\/gaudiumetspes-blog.pl\/index.php\/2024\/03\/21\/najpierw-trzeba-uwierzyc\/","url":"https:\/\/gaudiumetspes-blog.pl\/index.php\/2024\/03\/21\/najpierw-trzeba-uwierzyc\/","name":"Najpierw trzeba uwierzy\u0107! - Gaudium Et Spes","isPartOf":{"@id":"https:\/\/gaudiumetspes-blog.pl\/#website"},"datePublished":"2024-03-21T08:37:00+00:00","author":{"@id":"https:\/\/gaudiumetspes-blog.pl\/#\/schema\/person\/1661982992b752dea8dff0d4ed845a65"},"breadcrumb":{"@id":"https:\/\/gaudiumetspes-blog.pl\/index.php\/2024\/03\/21\/najpierw-trzeba-uwierzyc\/#breadcrumb"},"inLanguage":"pl-PL","potentialAction":[{"@type":"ReadAction","target":["https:\/\/gaudiumetspes-blog.pl\/index.php\/2024\/03\/21\/najpierw-trzeba-uwierzyc\/"]}]},{"@type":"BreadcrumbList","@id":"https:\/\/gaudiumetspes-blog.pl\/index.php\/2024\/03\/21\/najpierw-trzeba-uwierzyc\/#breadcrumb","itemListElement":[{"@type":"ListItem","position":1,"name":"Strona g\u0142\u00f3wna","item":"https:\/\/gaudiumetspes-blog.pl\/"},{"@type":"ListItem","position":2,"name":"Najpierw trzeba uwierzy\u0107!"}]},{"@type":"WebSite","@id":"https:\/\/gaudiumetspes-blog.pl\/#website","url":"https:\/\/gaudiumetspes-blog.pl\/","name":"Gaudium Et Spes","description":"Blog Ks. Jacka Ja\u015bkowskiego","potentialAction":[{"@type":"SearchAction","target":{"@type":"EntryPoint","urlTemplate":"https:\/\/gaudiumetspes-blog.pl\/?s={search_term_string}"},"query-input":{"@type":"PropertyValueSpecification","valueRequired":true,"valueName":"search_term_string"}}],"inLanguage":"pl-PL"},{"@type":"Person","@id":"https:\/\/gaudiumetspes-blog.pl\/#\/schema\/person\/1661982992b752dea8dff0d4ed845a65","name":"Ks. Jacek","image":{"@type":"ImageObject","inLanguage":"pl-PL","@id":"https:\/\/gaudiumetspes-blog.pl\/#\/schema\/person\/image\/","url":"https:\/\/gaudiumetspes-blog.pl\/wp-content\/uploads\/2019\/07\/avatar-JJ-150x150.jpg","contentUrl":"https:\/\/gaudiumetspes-blog.pl\/wp-content\/uploads\/2019\/07\/avatar-JJ-150x150.jpg","caption":"Ks. Jacek"},"description":"Witam serdecznie! K\u0142ania si\u0119 Ks. Jacek Ja\u015bkowski. Nie jestem ani kim\u015b wa\u017cnym, ani kim\u015b znanym. Jestem ksi\u0119dzem, kt\u00f3ry po prostu chce rozmawia\u0107. Codzienna kap\u0142a\u0144ska pos\u0142uga pokazuje mi, \u017ce temat\u00f3w do rozm\u00f3w z ksi\u0119dzem jest coraz wi\u0119cej i dzisiaj \u017caden ksi\u0105dz nie mo\u017ce od nich ucieka\u0107, ale - wprost przeciwnie - podejmowa\u0107 nowe wyzwania. To przekonanie sk\u0142oni\u0142o mnie do pr\u00f3by otwarcia tego\u017c bloga, chocia\u017c okazji do rozm\u00f3w na co dzie\u0144 - w konfesjonale i poza nim - na szcz\u0119\u015bcie nie brakuje. My\u015bl\u0119 jednak, \u017ce ten blog b\u0119dzie jeszcze jednym sposobem i przestrzeni\u0105 nawi\u0105zania kontaktu z lud\u017ami dobrej woli, otwartymi na dialog.","url":"https:\/\/gaudiumetspes-blog.pl\/index.php\/author\/ks-jacek\/"}]}},"jetpack_featured_media_url":"","jetpack_sharing_enabled":true,"_links":{"self":[{"href":"https:\/\/gaudiumetspes-blog.pl\/index.php\/wp-json\/wp\/v2\/posts\/22353","targetHints":{"allow":["GET"]}}],"collection":[{"href":"https:\/\/gaudiumetspes-blog.pl\/index.php\/wp-json\/wp\/v2\/posts"}],"about":[{"href":"https:\/\/gaudiumetspes-blog.pl\/index.php\/wp-json\/wp\/v2\/types\/post"}],"author":[{"embeddable":true,"href":"https:\/\/gaudiumetspes-blog.pl\/index.php\/wp-json\/wp\/v2\/users\/1"}],"replies":[{"embeddable":true,"href":"https:\/\/gaudiumetspes-blog.pl\/index.php\/wp-json\/wp\/v2\/comments?post=22353"}],"version-history":[{"count":1,"href":"https:\/\/gaudiumetspes-blog.pl\/index.php\/wp-json\/wp\/v2\/posts\/22353\/revisions"}],"predecessor-version":[{"id":22354,"href":"https:\/\/gaudiumetspes-blog.pl\/index.php\/wp-json\/wp\/v2\/posts\/22353\/revisions\/22354"}],"wp:attachment":[{"href":"https:\/\/gaudiumetspes-blog.pl\/index.php\/wp-json\/wp\/v2\/media?parent=22353"}],"wp:term":[{"taxonomy":"category","embeddable":true,"href":"https:\/\/gaudiumetspes-blog.pl\/index.php\/wp-json\/wp\/v2\/categories?post=22353"},{"taxonomy":"post_tag","embeddable":true,"href":"https:\/\/gaudiumetspes-blog.pl\/index.php\/wp-json\/wp\/v2\/tags?post=22353"}],"curies":[{"name":"wp","href":"https:\/\/api.w.org\/{rel}","templated":true}]}}