{"id":22393,"date":"2024-04-07T00:41:22","date_gmt":"2024-04-06T22:41:22","guid":{"rendered":"https:\/\/gaudiumetspes-blog.pl\/?p=22393"},"modified":"2024-04-07T00:41:22","modified_gmt":"2024-04-06T22:41:22","slug":"osmego-dnia-tygodnia","status":"publish","type":"post","link":"https:\/\/gaudiumetspes-blog.pl\/index.php\/2024\/04\/07\/osmego-dnia-tygodnia\/","title":{"rendered":"\u00d3smego dnia tygodnia&#8230;"},"content":{"rendered":"<p align=\"justify\"><span style=\"color: #000000;\"><span style=\"font-family: Book Antiqua, serif;\"><span style=\"font-size: large;\">Niech b\u0119dzie pochwalony Jezus Chrystus! Moi Drodzy, mamy dzisiaj \u015awi\u0119to Bo\u017cego Mi\u0142osierdzia. Wi\u0119cej o tym w rozwa\u017caniu. <\/span><\/span><\/span><\/p>\n<p align=\"justify\"><span style=\"color: #000000;\"><span style=\"font-family: Book Antiqua, serif;\"><span style=\"font-size: large;\">Jest to dzie\u0144 odpustu w mojej rodzinnej Parafii \u2013 Chrystusa Mi\u0142osiernego w Bia\u0142ej Podlaskiej, b\u0119d\u0105cej Diecezjalnym Sanktuarium Bo\u017cego Mi\u0142osierdzia. \u0141\u0105cz\u0119 si\u0119 w modlitwie z Uczestnikami uroczysto\u015bci \u2013 szczeg\u00f3lnie, \u017ce dzisiaj obchodzona jest dwudziesta rocznica ustanowienia Sanktuarium. Oto zapowied\u017a tej uroczysto\u015bci na portalu diecezjalnym:<\/span><\/span><\/span><\/p>\n<p align=\"justify\"><span style=\"color: #000000;\"><span style=\"font-family: Book Antiqua, serif;\"><span style=\"font-size: medium;\"><span style=\"font-size: large;\"><b><a href=\"https:\/\/podlasie24.pl\/kosciol\/niedzielne-uroczystosci-w-sanktuarium-milosierdzia-bozego-w-bialej-podlaskiej-transmisja-20240405082911\">https:\/\/podlasie24.pl\/kosciol\/niedzielne-uroczystosci-w-sanktuarium-milosierdzia-bozego-w-bialej-podlaskiej-transmisja-20240405082911<\/a> <\/b><\/span><\/span><\/span><\/span><\/p>\n<p align=\"justify\"><span style=\"color: #000000;\"><span style=\"font-family: Book Antiqua, serif;\"><span style=\"font-size: large;\">A ja dzisiaj \u2013 przez ca\u0142y dzie\u0144 \u2013 b\u0119d\u0119 g\u0142osi\u0142 s\u0142owo Bo\u017ce w Parafii \u015awi\u0119tego Jana Kantego, w Lublinie. Jak przed rokiem. Pierwsza Msza \u015awi\u0119ta o 7:00 \u2013 ostatnia o 20:00. Natomiast transmitowane przez internet b\u0119d\u0105 pozosta\u0142e Msze \u015awi\u0119te: o 8:30, 10:00, 11:30, 13:00 i 18:00. Zapraszam:<\/span><\/span><\/span><\/p>\n<p align=\"justify\"><span style=\"color: #000000;\"><span style=\"font-family: Book Antiqua, serif;\"><span style=\"font-size: medium;\"><span style=\"font-size: large;\"><b><a href=\"https:\/\/www.youtube.com\/@ParafiaswJanaKantegowLublinie\/streams\">https:\/\/www.youtube.com\/@ParafiaswJanaKantegowLublinie\/streams<\/a> <\/b><\/span><\/span><\/span><\/span><\/p>\n<p align=\"justify\"><span style=\"color: #000000;\"><span style=\"font-family: Book Antiqua, serif;\"><span style=\"font-size: large;\">Pami\u0119tajmy te\u017c, \u017ce dzisiaj jest pierwsza niedziela miesi\u0105ca.<\/span><\/span><\/span><\/p>\n<p align=\"justify\"><span style=\"color: #000000;\"><span style=\"font-family: Book Antiqua, serif;\"><span style=\"font-size: large;\">A teraz ju\u017c zapraszam do pochylenia si\u0119 nad Bo\u017cym s\u0142owem dzisiejszej liturgii. Oto s\u0142\u00f3wko Ksi\u0119dza Marka na dzi\u015b:<\/span><\/span><\/span><\/p>\n<p align=\"justify\"><span style=\"color: #000000;\"><span style=\"font-family: Book Antiqua, serif;\"><span style=\"font-size: medium;\"><a href=\"https:\/\/www.youtube.com\/c\/CatholicSurgut\"><span style=\"font-size: large;\"><span lang=\"zxx\"><u><b>https:\/\/www.youtube.com\/c\/CatholicSurgut<\/b><\/u><\/span><\/span><\/a><\/span><\/span><\/span><\/p>\n<p align=\"justify\"><span style=\"color: #000000;\"><span style=\"font-family: Book Antiqua, serif;\"><span style=\"font-size: large;\"><span lang=\"zxx\">Zatem, <\/span><span lang=\"zxx\"><b>c<\/b><\/span><b>o Pan konkretnie do mnie m\u00f3wi?<\/b> Niech Duch \u015awi\u0119ty natchnie nas i o\u015bwieci w odkryciu tego przes\u0142ania.<\/span><\/span><\/span><\/p>\n<p align=\"justify\"><span style=\"color: #000000;\"><span style=\"font-family: Book Antiqua, serif;\"><span style=\"font-size: large;\"><b>Niech Was b\u0142ogos\u0142awi B\u00f3g Wszechmog\u0105cy: Ojciec + i Syn, i Duch \u015awi\u0119ty. Amen<\/b><\/span><\/span><\/span><\/p>\n<p align=\"center\"><span style=\"color: #000000;\"><span style=\"font-family: Book Antiqua, serif;\"><span style=\"font-size: large;\">Gaudium et spes! Ks. Jacek<\/span><\/span><\/span><\/p>\n<p align=\"center\">\n<p align=\"center\">\n<p align=\"center\">\n<p align=\"center\">\n<p align=\"center\">\n<p align=\"justify\"><span style=\"color: #000000;\"><span style=\"font-family: Book Antiqua, serif;\"><span style=\"font-size: large;\"><b>2 Niedziela Wielkanocna, B,<\/b><\/span><\/span><\/span><\/p>\n<p align=\"justify\"><span style=\"color: #000000;\"><span style=\"font-family: Book Antiqua, serif;\"><span style=\"font-size: large;\"><b>7 kwietnia 2024.,<\/b><\/span><\/span><\/span><\/p>\n<p align=\"justify\"><span style=\"color: #000000;\"><span style=\"font-family: Book Antiqua, serif;\"><span style=\"font-size: large;\"><b>do czyta\u0144: Dz 4,32\u201335; 1 J 5,1\u20136; J 20,19\u201331<\/b><\/span><\/span><\/span><\/p>\n<p align=\"justify\">\n<p align=\"justify\">\n<p align=\"justify\">\n<p align=\"justify\">\n<p align=\"justify\">\n<p align=\"justify\"><span style=\"color: #000000;\"><span style=\"font-family: Book Antiqua, serif;\"><span style=\"font-size: large;\"><b>CZYTANIE Z DZIEJ\u00d3W APOSTOLSKICH:<\/b><\/span><\/span><\/span><\/p>\n<p align=\"justify\"><span style=\"color: #000000;\"><span style=\"font-family: Book Antiqua, serif;\"><span style=\"font-size: large;\"><b>Jeden duch i jedno serce o\u017cywia\u0142y wszystkich wierz\u0105cych. \u017baden nie nazywa\u0142 swoim tego, co posiada\u0142, ale wszystko mieli wsp\u00f3lne. Aposto\u0142owie z wielk\u0105 moc\u0105 \u015bwiadczyli o zmartwychwstaniu Pana Jezusa, a wszyscy mieli wielk\u0105 \u0142ask\u0119. <\/b><\/span><\/span><\/span><\/p>\n<p align=\"justify\"><span style=\"color: #000000;\"><span style=\"font-family: Book Antiqua, serif;\"><span style=\"font-size: large;\"><b>Nikt z nich nie cierpia\u0142 niedostatku, bo w\u0142a\u015bciciele p\u00f3l albo dom\u00f3w sprzedawali je i przynosili pieni\u0105dze ze sprzeda\u017cy, i sk\u0142adali je u st\u00f3p aposto\u0142\u00f3w. Ka\u017cdemu te\u017c rozdzielano wed\u0142ug potrzeby.<\/b><\/span><\/span><\/span><\/p>\n<p align=\"justify\">\n<p align=\"justify\">\n<p align=\"justify\">\n<p align=\"justify\">\n<p align=\"justify\">\n<p align=\"justify\"><span style=\"color: #000000;\"><span style=\"font-family: Book Antiqua, serif;\"><span style=\"font-size: large;\"><b>CZYTANIE Z PIERWSZEGO LISTU \u015aWI\u0118TEGO JANA APOSTO\u0141A:<\/b><\/span><\/span><\/span><\/p>\n<p align=\"justify\"><span style=\"color: #000000;\"><span style=\"font-family: Book Antiqua, serif;\"><span style=\"font-size: large;\"><b>Najmilsi: Ka\u017cdy, kto wierzy, \u017ce Jezus jest Mesjaszem, z Boga si\u0119 narodzi\u0142 i ka\u017cdy mi\u0142uj\u0105cy Tego, kt\u00f3ry da\u0142 \u017cycie, mi\u0142uje r\u00f3wnie\u017c tego, kt\u00f3ry \u017cycie od Niego otrzyma\u0142. Po tym poznajemy, \u017ce mi\u0142ujemy dzieci Bo\u017ce, gdy mi\u0142ujemy Boga i wype\u0142niamy Jego przykazania, albowiem mi\u0142o\u015b\u0107 wzgl\u0119dem Boga polega na spe\u0142nianiu Jego przykaza\u0144, a przykazania Jego nie s\u0105 ci\u0119\u017ckie.<\/b><\/span><\/span><\/span><\/p>\n<p align=\"justify\"><span style=\"color: #000000;\"><span style=\"font-family: Book Antiqua, serif;\"><span style=\"font-size: large;\"><b>Wszystko bowiem, co z Boga zrodzone, zwyci\u0119\u017ca \u015bwiat, tym w\u0142a\u015bnie zwyci\u0119stwem, kt\u00f3re zwyci\u0119\u017cy\u0142o \u015bwiat, jest nasza wiara. A kto zwyci\u0119\u017ca \u015bwiat, je\u015bli nie ten, kto wierzy, \u017ce Jezus jest Synem Bo\u017cym? <\/b><\/span><\/span><\/span><\/p>\n<p align=\"justify\"><span style=\"color: #000000;\"><span style=\"font-family: Book Antiqua, serif;\"><span style=\"font-size: large;\"><b>Jezus Chrystus jest Tym, kt\u00f3ry przyszed\u0142 przez wod\u0119 i krew, i Ducha, nie tylko w wodzie, lecz w wodzie i we krwi. Duch daje \u015bwiadectwo: bo Duch jest prawd\u0105.<\/b><\/span><\/span><\/span><\/p>\n<p align=\"justify\">\n<p align=\"justify\">\n<p align=\"justify\">\n<p align=\"justify\">\n<p align=\"justify\">\n<p align=\"justify\"><span style=\"color: #000000;\"><span style=\"font-family: Book Antiqua, serif;\"><span style=\"font-size: large;\"><b>S\u0141OWA EWANGELII WED\u0141UG \u015aWI\u0118TEGO JANA:<\/b><\/span><\/span><\/span><\/p>\n<p align=\"justify\"><span style=\"color: #000000;\"><span style=\"font-family: Book Antiqua, serif;\"><span style=\"font-size: large;\"><b>By\u0142o to wieczorem owego pierwszego dnia tygodnia. Tam, gdzie przebywali uczniowie, drzwi by\u0142y zamkni\u0119te z obawy przed \u017bydami. Jezus wszed\u0142, stan\u0105\u0142 po\u015brodku i rzek\u0142 do nich: \u201ePok\u00f3j wam!\u201d A to powiedziawszy, pokaza\u0142 im r\u0119ce i bok. Uradowali si\u0119 zatem uczniowie ujrzawszy Pana. <\/b><\/span><\/span><\/span><\/p>\n<p align=\"justify\"><span style=\"color: #000000;\"><span style=\"font-family: Book Antiqua, serif;\"><span style=\"font-size: large;\"><b>A Jezus znowu rzek\u0142 do nich: \u201ePok\u00f3j wam! Jak Ojciec Mnie pos\u0142a\u0142, tak i Ja was posy\u0142am\u201d. Po tych s\u0142owach tchn\u0105\u0142 na nich i powiedzia\u0142 im: \u201eWe\u017amijcie Ducha \u015awi\u0119tego! Kt\u00f3rym odpu\u015bcicie grzechy, s\u0105 im odpuszczone, a kt\u00f3rym zatrzymacie, s\u0105 im zatrzymane\u201d.<\/b><\/span><\/span><\/span><\/p>\n<p align=\"justify\"><span style=\"color: #000000;\"><span style=\"font-family: Book Antiqua, serif;\"><span style=\"font-size: large;\"><b>Ale Tomasz, jeden z Dwunastu, zwany Didymos, nie by\u0142 razem z nimi, kiedy przyszed\u0142 Jezus. Inni wi\u0119c uczniowie m\u00f3wili do niego: \u201eWidzieli\u015bmy Pana!\u201d. <\/b><\/span><\/span><\/span><\/p>\n<p align=\"justify\"><span style=\"color: #000000;\"><span style=\"font-family: Book Antiqua, serif;\"><span style=\"font-size: large;\"><b>Ale on rzek\u0142 do nich: \u201eJe\u017celi na r\u0119kach Jego nie zobacz\u0119 \u015bladu gwo\u017adzi i nie w\u0142o\u017c\u0119 palca mego w miejsce gwo\u017adzi, i nie w\u0142o\u017c\u0119 r\u0119ki mojej do boku Jego, nie uwierz\u0119\u201d.<\/b><\/span><\/span><\/span><\/p>\n<p align=\"justify\"><span style=\"color: #000000;\"><span style=\"font-family: Book Antiqua, serif;\"><span style=\"font-size: large;\"><b>A po o\u015bmiu dniach, kiedy uczniowie Jego byli znowu wewn\u0105trz domu i Tomasz z nimi, Jezus przyszed\u0142 mimo drzwi zamkni\u0119tych, stan\u0105\u0142 po\u015brodku i rzek\u0142: \u201ePok\u00f3j wam!\u201d Nast\u0119pnie rzek\u0142 do Tomasza: \u201ePodnie\u015b tutaj sw\u00f3j palec i zobacz moje r\u0119ce. Podnie\u015b r\u0119k\u0119 i w\u0142\u00f3\u017c j\u0105 do mego boku, i nie b\u0105d\u017a niedowiarkiem, lecz wierz\u0105cym\u201d. <\/b><\/span><\/span><\/span><\/p>\n<p align=\"justify\"><span style=\"color: #000000;\"><span style=\"font-family: Book Antiqua, serif;\"><span style=\"font-size: large;\"><b>Tomasz Mu odpowiedzia\u0142: \u201ePan m\u00f3j i B\u00f3g m\u00f3j!\u201d<\/b><\/span><\/span><\/span><\/p>\n<p align=\"justify\"><span style=\"color: #000000;\"><span style=\"font-family: Book Antiqua, serif;\"><span style=\"font-size: large;\"><b>Powiedzia\u0142 mu Jezus: \u201eUwierzy\u0142e\u015b, bo Mnie ujrza\u0142e\u015b; b\u0142ogos\u0142awieni, kt\u00f3rzy nie widzieli, a uwierzyli\u201d. <\/b><\/span><\/span><\/span><\/p>\n<p align=\"justify\"><span style=\"color: #000000;\"><span style=\"font-family: Book Antiqua, serif;\"><span style=\"font-size: large;\"><b>I wiele innych znak\u00f3w, kt\u00f3rych nie zapisano w tej ksi\u0119dze, uczyni\u0142 Jezus wobec uczni\u00f3w. Te za\u015b zapisano, aby\u015bcie wierzyli, \u017ce Jezus jest Mesjaszem, Synem Bo\u017cym, i aby\u015bcie wierz\u0105c mieli \u017cycie w imi\u0119 Jego.<\/b><\/span><\/span><\/span><\/p>\n<p align=\"justify\">\n<p align=\"justify\">\n<p align=\"justify\">\n<p align=\"justify\">\n<p align=\"justify\">\n<p align=\"justify\"><span style=\"color: #000000;\"><span style=\"font-family: Book Antiqua, serif;\"><span style=\"font-size: large;\">By\u0142 taki czas w historii ludzko\u015bci, kiedy <i><b>j<\/b><\/i><i><b>eden duch i jedno serce o\u017cywia\u0142y wszystkich wierz\u0105cych. \u017baden nie nazywa\u0142 swoim tego, co posiada\u0142, ale wszystko mieli wsp\u00f3lne. Aposto\u0142owie z wielk\u0105 moc\u0105 \u015bwiadczyli o zmartwychwstaniu Pana Jezusa, a wszyscy mieli wielk\u0105 \u0142ask\u0119. Nikt z nich nie cierpia\u0142 niedostatku, bo w\u0142a\u015bciciele p\u00f3l albo dom\u00f3w sprzedawali je i przynosili pieni\u0105dze ze sprzeda\u017cy, i sk\u0142adali je u st\u00f3p aposto\u0142\u00f3w. Ka\u017cdemu te\u017c rozdzielano wed\u0142ug potrzeby. <\/b><\/i><\/span><\/span><\/span><\/p>\n<p align=\"justify\"><span style=\"color: #000000;\"><span style=\"font-family: Book Antiqua, serif;\"><span style=\"font-size: large;\">Co prawda, niekt\u00f3rzy komentatorzy biblijni podchodz\u0105 <b>z du\u017cym dystansem <\/b>do tej relacji wskazuj\u0105c, \u017ce tego typu wsp\u00f3lnota d\u00f3br mog\u0142a mie\u0107 charakter <b>jedynie lokalny i okre\u015blony czasowo,<\/b> inni z kolei podchodz\u0105 do tego z wi\u0119kszym entuzjazmem, ale nawet je\u017celi nie dok\u0142adnie by\u0142o w\u0142a\u015bnie tak, a by\u0142o jako\u015b podobnie \u2013 to i tak mo\u017cemy m\u00f3wi\u0107 <b>o wyj\u0105tkowej atmosferze, <\/b>jaka panowa\u0142a <b>w m\u0142odym Ko\u015bciele <\/b>\u2013 po Wniebowst\u0105pieniu Pana. <\/span><\/span><\/span><\/p>\n<p align=\"justify\"><span style=\"color: #000000;\"><span style=\"font-family: Book Antiqua, serif;\"><span style=\"font-size: large;\">Wtedy te\u017c <b>kszta\u0142towa\u0142a si\u0119 nauka Ko\u015bcio\u0142a, <\/b>trzeba by\u0142o jako\u015b okre\u015bli\u0107 si\u0119 w stosunku do wszystkiego, co wydarzy\u0142o si\u0119 za czas\u00f3w Jezusa, kiedy chodzi\u0142 On po tej ziemi \u2013 nauczaj\u0105c, uzdrawiaj\u0105c, nawet wskrzeszaj\u0105c, ale te\u017c rozmna\u017caj\u0105c pokarm, uciszaj\u0105c nawa\u0142nice\u2026 <b>Jak nale\u017ca\u0142o <\/b><b>to wszystko <\/b><b>rozumie\u0107?<\/b> A jeszcze wcze\u015bniej: <b>jak nale\u017ca\u0142o \u201erozumie\u0107\u201d samego Jezusa?<\/b> Kim On by\u0142 dla wsp\u00f3\u0142czesnych sobie \u2013 a kim jest <b>dla nas, dzisiaj, i wsp\u00f3\u0142czesnych nam?<\/b> <\/span><\/span><\/span><\/p>\n<p align=\"justify\"><span style=\"color: #000000;\"><span style=\"font-family: Book Antiqua, serif;\"><span style=\"font-size: large;\">I w tym w\u0142a\u015bnie okre\u015blaniu siebie w kontek\u015bcie wspomnianych pyta\u0144, z pomoc\u0105 spieszy nam \u015awi\u0119ty Jan Aposto\u0142, m\u00f3wi\u0105c do nas w drugim dzisiejszym czytaniu: <i><b>Ka\u017cdy, kto wierzy, \u017ce Jezus jest Mesjaszem, z Boga si\u0119 narodzi\u0142 i ka\u017cdy mi\u0142uj\u0105cy Tego, kt\u00f3ry da\u0142 \u017cycie, mi\u0142uje r\u00f3wnie\u017c tego, kt\u00f3ry \u017cycie od Niego otrzyma\u0142. Po tym poznajemy, \u017ce mi\u0142ujemy dzieci Bo\u017ce, gdy mi\u0142ujemy Boga i wype\u0142niamy Jego przykazania, albowiem mi\u0142o\u015b\u0107 wzgl\u0119dem Boga polega na spe\u0142nianiu Jego przykaza\u0144, a przykazania Jego nie s\u0105 ci\u0119\u017ckie. <\/b><\/i><\/span><\/span><\/span><\/p>\n<p align=\"justify\"><span style=\"color: #000000;\"><span style=\"font-family: Book Antiqua, serif;\"><span style=\"font-size: large;\">Dla Jana by\u0142o to oczywiste \u2013<b> czy i dla jego uczni\u00f3w?<\/b> Pami\u0119tajmy, \u017ce pisa\u0142 te s\u0142owa ju\u017c <b>z perspektywy wielu lat \u017cycia:<\/b> najpierw tego \u017cycia u boku Jezusa, a potem \u2013 \u017cycia i bujnego rozwoju m\u0142odego Ko\u015bcio\u0142a. I w\u0142a\u015bnie takim oto nauczaniem chcia\u0142 on ten m\u0142ody Ko\u015bci\u00f3\u0142 ubogaci\u0107. By\u0142 zatem<b> <\/b><b>taki czas \u2013 wyj\u0105tkowy czas <\/b>\u2013 w historii Ko\u015bcio\u0142a, w historii ludzko\u015bci\u2026 <\/span><\/span><\/span><\/p>\n<p align=\"justify\"><span style=\"color: #000000;\"><span style=\"font-family: Book Antiqua, serif;\"><span style=\"font-size: large;\">Ale zanim ten czas nasta\u0142 \u2013 <b>by\u0142 inny czas.<\/b> By\u0142 <b>Wielki Czwartek, <\/b>by\u0142 <b>Wielki Pi\u0105tek<\/b> i by\u0142a <b>Wielka Sobota\u2026<\/b> I by\u0142 Wieczernik, Ogr\u00f3jec, pretorium, pa\u0142ac Pi\u0142ata, pa\u0142ac Heroda, droga na Kalwari\u0119 i sama Kalwaria; gr\u00f3b i ci\u0119\u017cki kamie\u0144 na nim\u2026 Ale potem: by\u0142 <b>Poranek Niedzieli. <\/b>Tej Niedzieli \u2013 <b>tej jedynej Niedzieli. <\/b><\/span><\/span><\/span><\/p>\n<p align=\"justify\"><span style=\"color: #000000;\"><span style=\"font-family: Book Antiqua, serif;\"><span style=\"font-size: large;\">Ale by\u0142 te\u017c i wiecz\u00f3r tej Niedzieli. A w\u00f3wczas <i><b>t<\/b><\/i><i><b>am, gdzie przebywali uczniowie, drzwi by\u0142y zamkni\u0119te z obawy przed \u017bydami. Jezus wszed\u0142, stan\u0105\u0142 po\u015brodku i rzek\u0142 do nich: \u201ePok\u00f3j wam!\u201d A to powiedziawszy, pokaza\u0142 im r\u0119ce i bok. Uradowali si\u0119 zatem uczniowie ujrzawszy Pana. <\/b><\/i><i><b>A Jezus znowu rzek\u0142 do nich: \u201ePok\u00f3j wam! <\/b><\/i><i><b> Jak Ojciec Mnie pos\u0142a\u0142, tak i Ja was posy\u0142am\u201d. Po tych s\u0142owach tchn\u0105\u0142 na nich i powiedzia\u0142 im: \u201eWe\u017amijcie Ducha \u015awi\u0119tego! Kt\u00f3rym odpu\u015bcicie grzechy, s\u0105 im odpuszczone, a kt\u00f3rym zatrzymacie, s\u0105 im zatrzymane\u201d. <\/b><\/i><\/span><\/span><\/span><\/p>\n<p align=\"justify\"><span style=\"color: #000000;\"><span style=\"font-family: Book Antiqua, serif;\"><span style=\"font-size: large;\">To by\u0142o <i><b>wieczorem owego pierwszego dnia tygodnia\u2026 <\/b><\/i>Niestety, tego dnia <b>nie by\u0142o mi\u0119dzy nimi Tomasza.<\/b> Nie wiemy, dlaczego, ale to nieistotne. Po prostu \u2013 nie by\u0142o. Pojawi\u0142 si\u0119 p\u00f3\u017aniej i od razu zacz\u0119\u0142o si\u0119: <i><b>Je\u017celi na r\u0119kach Jego nie zobacz\u0119 \u015bladu gwo\u017adzi i nie w\u0142o\u017c\u0119 palca mego w miejsce gwo\u017adzi, i nie w\u0142o\u017c\u0119 r\u0119ki mojej do boku Jego, nie uwierz\u0119. <\/b><\/i>Dlatego po o\u015bmiu dniach,<i> <\/i><i><b>kiedy uczniowie Jego byli znowu wewn\u0105trz domu i Tomasz z nimi, Jezus przyszed\u0142 mimo drzwi zamkni\u0119tych, stan\u0105\u0142 po\u015brodku i rzek\u0142: \u201ePok\u00f3j wam!\u201d Nast\u0119pnie rzek\u0142 do Tomasza: \u201ePodnie\u015b tutaj sw\u00f3j palec i zobacz moje r\u0119ce. Podnie\u015b r\u0119k\u0119 i w\u0142\u00f3\u017c j\u0105 do mego boku, i nie b\u0105d\u017a niedowiarkiem, lecz wierz\u0105cym\u201d<\/b><\/i><b>. <\/b><\/span><\/span><\/span><\/p>\n<p align=\"justify\"><span style=\"color: #000000;\"><span style=\"font-family: Book Antiqua, serif;\"><span style=\"font-size: large;\">Swoj\u0105 drog\u0105, to ciekawe, \u017ce Jezus <b>nie pojawi\u0142 si\u0119 zaraz potem,<\/b> kiedy tylko Tomasz wypowiedzia\u0142 swoje w\u0105tpliwo\u015bci, ale <b>poczeka\u0142 do kolejnej niedzieli,<\/b> aby w\u0142a\u015bnie w niedziel\u0119, czyli w dzie\u0144, kt\u00f3ry dla wszystkich Jego uczni\u00f3w przez wszystkie czasy <b>mia\u0142 by\u0107 dniem \u015bwi\u0119tym \u2013<\/b> pojawi\u0142 si\u0119 w\u015br\u00f3d swoich i tak mocno poruszy\u0142 serce Tomasza. W\u0142a\u015bnie w tym <b>kolejnym pierwszym dniu tygodnia. <\/b>A mo\u017cna te\u017c powiedzie\u0107: <b>w \u00f3smym dniu tygodnia. <\/b><\/span><\/span><\/span><\/p>\n<p align=\"justify\"><span style=\"color: #000000;\"><span style=\"font-family: Book Antiqua, serif;\"><span style=\"font-size: large;\">Tak, dok\u0142adnie tego tygodnia, kt\u00f3ry liczy siedem dni \u2013 dzie\u0144 \u00f3smy niejako <b>wykracza poza czas, <\/b>poza doczesno\u015b\u0107, wprowadzaj\u0105c nas <b>w inny wymiar: <\/b>w wymiar obecno\u015bci Jezusa w\u015br\u00f3d nas. A ta Jego obecno\u015b\u0107<b> przekracza i czas, i miejsce<\/b> \u2013 jest tak wyj\u0105tkowa i tak przebojowa, \u017ce nie przeszkadzaj\u0105 jej <b>ani zamkni\u0119te drzwi pomieszczenia,<\/b> w kt\u00f3rym przebywali uczniowie; ani <b>zamkni\u0119te ze strachu drzwi ich serc,<\/b> ani zamkni\u0119te w swoich w\u0105tpliwo\u015bciach serce Tomasza. <i><b>Owego pierwszego dnia tygodnia<\/b><\/i> tak\u017ce zamkni\u0119ty ci\u0119\u017ckim kamieniem gr\u00f3b nie okaza\u0142 si\u0119 \u017cadn\u0105 przeszkod\u0105. Jezus <b>przekroczy\u0142 i wci\u0105\u017c przekracza wszystkie przeszkody,<\/b> wszystkie drzwi zamkni\u0119te. I wszystkie ograniczenia, i wszystkie bariery! <\/span><\/span><\/span><\/p>\n<p align=\"justify\"><span style=\"color: #000000;\"><span style=\"font-family: Book Antiqua, serif;\"><span style=\"font-size: large;\">Tak\u017ce barier\u0119 czasu \u2013 a mo\u017ce: <b>przestrze\u0144 czasu,<\/b> przestrze\u0144 dziewi\u0119tnastu wiek\u00f3w \u2013 kiedy to ponownie przyszed\u0142 <i><b>mimo drzwi zamkni\u0119tych<\/b><\/i> celi zakonnej klasztoru w P\u0142ocku,<b> w dniu 22 lutego 1931 roku,<\/b> aby tam spotka\u0107 si\u0119 ze skromn\u0105 polsk\u0105 Zakonnic\u0105 i ukaza\u0107 si\u0119 jej w takiej oto postaci, i\u017c jedna r\u0119ka wznosi si\u0119 do b\u0142ogos\u0142awie\u0144stwa, druga natomiast dotyka szaty na piersiach. Z uchylenia szaty wychodz\u0105 dwa promienie: blady i czerwony. <\/span><\/span><\/span><\/p>\n<p align=\"justify\"><span style=\"color: #000000;\"><span style=\"font-family: Book Antiqua, serif;\"><span style=\"font-size: large;\">I aby powiedzie\u0107 do niej: <i><b>Wymaluj obraz wed\u0142ug rysunku, kt\u00f3ry widzisz, z podpisem: \u00abJezu, ufam Tobie!\u00bb Pragn\u0119, aby ten obraz czczono najpierw w waszej kaplicy i na ca\u0142ym \u015bwiecie. Obiecuj\u0119, \u017ce dusza, kt\u00f3ra czci\u0107 b\u0119dzie ten obraz, nie zginie. Obiecuj\u0119 tak\u017ce, ju\u017c tu na ziemi, zwyci\u0119stwo nad nieprzyjaci\u00f3\u0142mi, a szczeg\u00f3lnie w godzin\u0119 \u015bmierci. Ja sam broni\u0107 j\u0105 b\u0119d\u0119 jako swej chwa\u0142y<\/b><\/i><b>.<\/b> [Dz 47\u201348] <\/span><\/span><\/span><\/p>\n<p align=\"justify\"><span style=\"color: #000000;\"><span style=\"font-family: Book Antiqua, serif;\"><span style=\"font-size: large;\">Dziewi\u0119tna\u015bcie wiek\u00f3w po tym, jak pierwszego i \u00f3smego dnia tygodnia Jezus przyszed\u0142 do \u015bwiata, aby go <b>przekona\u0107 o swoim Zmartwychwstaniu <\/b>\u2013 teraz przychodzi, aby go przekona\u0107 <b>o swoim Mi\u0142osierdziu.<\/b> I wybiera w\u0142a\u015bnie ten dzie\u0144 \u2013 \u00f3smy dzie\u0144 tygodnia, kt\u00f3ry mamy dzisiaj \u2013 aby by\u0142 on \u015bwi\u0119tem Mi\u0142osierdzia. <\/span><\/span><\/span><\/p>\n<p align=\"justify\"><span style=\"color: #000000;\"><span style=\"font-family: Book Antiqua, serif;\"><span style=\"font-size: large;\">M\u00f3wi do Siostry: <i><b>Chc\u0119, aby ten obraz, kt\u00f3ry wymalujesz p\u0119dzlem, by\u0142 uroczy\u015bcie po\u015bwi\u0119cony w pierwsz\u0105 niedziel\u0119 po Wielkanocy, ta niedziela ma by\u0107 \u015bwi\u0119tem Mi\u0142osierdzia<\/b><\/i><b>.<\/b> [Dz 49]<i><b> W dniu tym otwarte s\u0105 wn\u0119trzno\u015bci Mi\u0142osierdzia mego, wylewam ca\u0142e morze \u0142ask na dusze, kt\u00f3re si\u0119 zbli\u017caj\u0105 do \u017ar\u00f3d\u0142a Mi\u0142osierdzia mojego. Kt\u00f3ra dusza przyst\u0105pi do Spowiedzi i Komunii \u015awi\u0119tej, dost\u0105pi zupe\u0142nego odpuszczenia win i kar. W dniu tym otwarte s\u0105 wszystkie upusty Bo\u017ce, przez kt\u00f3re p\u0142yn\u0105 \u0142aski. Niech si\u0119 nie l\u0119ka<\/b><\/i><i> <\/i><i><b>zbli\u017cy\u0107 do Mnie \u017cadna dusza, chocia\u017cby grzechy jej by\u0142y jako szkar\u0142at. Mi\u0142osierdzie moje jest tak wielkie, \u017ce przez ca\u0142\u0105 wieczno\u015b\u0107 nie<\/b><\/i><b> <\/b><i><b>zg\u0142\u0119bi go \u017caden umys\u0142, ani ludzki, ani anielski. Wszystko, co istnieje, wysz\u0142o z wn\u0119trzno\u015bci Mi\u0142osierdzia mego<\/b><\/i><b>.<\/b> [Dz 699] <\/span><\/span><\/span><\/p>\n<p align=\"justify\"><span style=\"color: #000000;\"><span style=\"font-family: Book Antiqua, serif;\"><span style=\"font-size: large;\">I jeszcze uczy odmawiania <b>Koronki do swego Mi\u0142osierdzia,<\/b> nakazuje czci\u0107 <b>Godzin\u0119 Mi\u0142osierdzia<\/b> i domaga si\u0119 <b>szerzenia czci swego Mi\u0142osierdzia<\/b> wobec \u015bwiata. <\/span><\/span><\/span><\/p>\n<p align=\"justify\"><span style=\"color: #000000;\"><span style=\"font-family: Book Antiqua, serif;\"><span style=\"font-size: large;\">Z takim przes\u0142aniem przyszed\u0142 do skromnej polskiej Zakonnicy \u2013 wtedy, w \u00f3w lutowy wiecz\u00f3r 1931 roku, a potem jeszcze wiele, wiele razy. <b>Dlaczego przyszed\u0142 w tej postaci<\/b> \u2013 tak bardzo podobnej do tej, w jakiej zobaczyli Go Aposto\u0142owie, a potem tak\u017ce Tomasz?\u2026 <b>Co si\u0119 wydarzy\u0142o <\/b>mi\u0119dzy jednym, a drugim ukazaniem si\u0119, \u017ce Jezus <b>zdecydowa\u0142 si\u0119 przyj\u015b\u0107 ponownie<\/b> \u2013 w takich w\u0142a\u015bnie okoliczno\u015bciach? Co wydarzy\u0142o si\u0119 w historii \u015bwiata, w historii Ko\u015bcio\u0142a, w historii cz\u0142owieka \u2013 przez te dziewi\u0119tna\u015bcie wiek\u00f3w? <\/span><\/span><\/span><\/p>\n<p align=\"justify\"><span style=\"color: #000000;\"><span style=\"font-family: Book Antiqua, serif;\"><span style=\"font-size: large;\">Na pewno, by\u0142 ten czas, kiedy to <i><b>j<\/b><\/i><i><b>eden duch i jedno serce o\u017cywia\u0142y wszystkich wierz\u0105cych. \u017baden nie nazywa\u0142 swoim tego, co posiada\u0142, ale wszystko mieli wsp\u00f3lne.<\/b><\/i> Ale by\u0142 \u2013 i to wielokrotnie, a mo\u017ce i nadal jest \u2013 ten czas, kiedy to <b>jaki\u015b z\u0142y duch op\u0119ta\u0142 serca ludzi! <\/b>Tak\u017ce tych wierz\u0105cych! Albo \u2013 precyzyjniej m\u00f3wi\u0105c \u2013 uwa\u017caj\u0105cych si\u0119 za wierz\u0105cych. Albo i faktycznie i praktycznie niewierz\u0105cych. <b>Du\u017co, oj du\u017co \u2013 i dobrego, i z\u0142ego \u2013 zadzia\u0142o si\u0119 <\/b>przez ten czas! <\/span><\/span><\/span><\/p>\n<p align=\"justify\"><span style=\"color: #000000;\"><span style=\"font-family: Book Antiqua, serif;\"><span style=\"font-size: large;\">Dlatego Jezus \u2013 <b>ten sam, a nawet w tej samej postaci<\/b> i w jak\u017ce podobny spos\u00f3b \u2013 zdecydowa\u0142 si\u0119 przyj\u015b\u0107 ponownie, a nawet wi\u0119cej: <b>chcia\u0142 co roku, w\u0142a\u015bnie dzisiaj, w drug\u0105 Niedziel\u0119 Wielkanocy,<\/b> a wi\u0119c w \u00f3w<b> \u00f3smy dzie\u0144 tygodnia, <\/b>przychodzi\u0107 do wiernych swego Ko\u015bcio\u0142a \u2013 i do ca\u0142ego \u015bwiata \u2013 <b>z przes\u0142aniem swego Mi\u0142osierdzia. <\/b>Z tym przes\u0142aniem, kt\u00f3re dzisiaj staje si\u0119 dla nas \u2013 <b>przes\u0142aniem nadziei!<\/b> Tak bardzo nam wszystkim potrzebnej i wypatrywanej t\u0119sknym sercem i t\u0119sknym wzrokiem: <b>nadziei!<\/b> Szczeg\u00f3lnie dzisiaj, kiedy wielu z nas prze\u017cywa <b>jej drastyczny deficyt.<\/b> <\/span><\/span><\/span><\/p>\n<p align=\"justify\"><span style=\"color: #000000;\"><span style=\"font-family: Book Antiqua, serif;\"><span style=\"font-size: large;\">I to w\u0142a\u015bnie do nich \u2013 i do nas wszystkich \u2013 Jezus przychodzi ze s\u0142owami, skierowanym do Siostry Faustyny, co te\u017c ona skrz\u0119tnie w swoim \u201eDzienniczku\u201d zapisa\u0142a: <i><b>C\u00f3rko, kiedy przyst\u0119pujesz do <\/b><\/i><i><b>S<\/b><\/i><i><b>powiedzi <\/b><\/i><i><b>\u015a<\/b><\/i><i><b>wi\u0119tej, do tego \u017ar\u00f3d\u0142a mi\u0142osierdzia Mojego, zawsze sp\u0142ywa na <\/b><\/i><i><b>T<\/b><\/i><i><b>woj\u0105 dusz\u0119 Moja krew i woda, kt\u00f3ra wysz\u0142a z serca Mojego, i uszlachetnia <\/b><\/i><i><b>T<\/b><\/i><i><b>w\u0105 dusz\u0119. Za ka\u017cdym razem, jak si\u0119 zbli\u017casz do <\/b><\/i><i><b>S<\/b><\/i><i><b>powiedzi <\/b><\/i><i><b>\u015a<\/b><\/i><i><b>wi\u0119tej, zanurzaj si\u0119 ca\u0142a w Moim mi\u0142osierdziu z wielk\u0105 ufno\u015bci\u0105, abym m\u00f3g\u0142 zla\u0107 na dusz\u0119 <\/b><\/i><i><b>T<\/b><\/i><i><b>woj\u0105 hojno\u015b\u0107 swej \u0142aski. Kiedy si\u0119 zbli\u017casz do <\/b><\/i><i><b>S<\/b><\/i><i><b>powiedzi, wiedz o tym, \u017ce Ja sam w konfesjonale czekam na ciebie, zas\u0142aniam si\u0119 tylko kap\u0142anem, lecz sam dzia\u0142am w duszy. Tu n\u0119dza duszy spotyka si\u0119 z Bogiem mi\u0142osierdzia. Powiedz duszom, \u017ce z tego \u017ar\u00f3d\u0142a mi\u0142osierdzia dusze czerpi\u0105 \u0142aski jedynie naczyniem ufno\u015bci. Je\u017celi ufno\u015b\u0107 ich b\u0119dzie wielka, hojno\u015bci Mojej nie ma granic. Strumienie \u0142aski zalewaj\u0105 dusze pokorne. Pyszni zawsze s\u0105 w ub\u00f3stwie i n\u0119dzy, gdy\u017c \u0142aska Moja odwraca si\u0119 od nich do dusz pokornych. <\/b><\/i>[Dz 1602]<\/span><\/span><\/span><\/p>\n<p align=\"justify\"><span style=\"color: #000000;\"><span style=\"font-size: large;\"><span style=\"font-family: Book Antiqua, serif;\">A <\/span><span style=\"font-family: Book Antiqua, serif;\">znowu, w innym miejscu: <\/span><span style=\"font-family: Book Antiqua, serif;\"><i><b>Dusze d\u0105\u017c\u0105ce do doskona\u0142o\u015bci niech szczeg\u00f3lnie uwielbiaj\u0105 Moje mi\u0142osierdzie, bo hojno\u015b\u0107 \u0142ask, kt\u00f3re im udzielam, p\u0142ynie z mi\u0142osierdzia Mojego. Pragn\u0119, aby dusze te odznacza\u0142y si\u0119 bezgraniczn\u0105 ufno\u015bci\u0105 w Moje mi\u0142osierdzie. U\u015bwi\u0119ceniem takich dusz Ja sam si\u0119 zajmuj\u0119, dostarcz\u0119 im wszystkiego, czegokolwiek potrzeba dla ich \u015bwi\u0119to\u015bci. \u0141aski z Mojego mi\u0142osierdzia czerpie si\u0119 jednym naczyniem, a nim jest \u2013 ufno\u015b\u0107. Im dusza wi\u0119cej zaufa, tym wi\u0119cej otrzyma. Wielk\u0105 Mi s\u0105 pociech\u0105 dusze o bezgranicznej ufno\u015bci, bo w takie dusze przelewam wszystkie skarby swych \u0142ask. Ciesz\u0119 si\u0119, \u017ce \u017c\u0105daj\u0105 wiele, bo Moim pragnieniem jest dawa\u0107 wiele, i to bardzo wiele. Smuc\u0119 si\u0119 natomiast, je\u017celi dusze \u017c\u0105daj\u0105 ma\u0142o, zacie\u015bniaj\u0105 swe serca. <\/b><\/i><\/span><span style=\"font-family: Book Antiqua, serif;\">[<\/span><span style=\"font-family: Book Antiqua, serif;\">Dz 1578<\/span><span style=\"font-family: Book Antiqua, serif;\">]<\/span><\/span><\/span><\/p>\n<p align=\"justify\"><span style=\"color: #000000;\"><span style=\"font-size: large;\"><span style=\"font-family: Book Antiqua, serif;\">A zatem, c\u00f3\u017c nam pozosta\u0142o, moi Drodzy, jak tylko spe\u0142ni\u0107 wol\u0119 Jezusa, spe\u0142ni\u0107 Jego oczekiwanie wobec nas. <\/span><span style=\"font-family: Book Antiqua, serif;\"><b>Dlatego ufajmy wiele \u2013 i \u017c\u0105dajmy wiele!<\/b><\/span><span style=\"font-family: Book Antiqua, serif;\"> Sam tak powiedzia\u0142. I sam dzisiaj da\u0142 przyk\u0142ad otwarto\u015bci na takie \u00ab\u017c\u0105danie wiele\u00bb, kiedy <\/span><span style=\"font-family: Book Antiqua, serif;\"><b>nie zrazi\u0142 si\u0119 dociekliwo\u015bci\u0105 Tomasza,<\/b><\/span><span style=\"font-family: Book Antiqua, serif;\"> tylko pozwoli\u0142 mu, a wr\u0119cz nakaza\u0142 dotkn\u0105\u0107 swoich ran, aby ten m\u00f3g\u0142 uwierzy\u0107\u2026 <\/span><span style=\"font-family: Book Antiqua, serif;\">Zatem<\/span><span style=\"font-family: Book Antiqua, serif;\"> i my <\/span><span style=\"font-family: Book Antiqua, serif;\">nie obawiajmy si\u0119 zwraca\u0107 do Niego <\/span><span style=\"font-family: Book Antiqua, serif;\"><b>ze wszystkim \u2013 i zawsze!<\/b><\/span><\/span><\/span><\/p>\n<p align=\"justify\"><span style=\"color: #000000;\"><span style=\"font-size: large;\"><span style=\"font-family: Book Antiqua, serif;\">Warto w tym kontek\u015bcie przytoczy\u0107 kr\u00f3tk\u0105 rozmow\u0119 Jezusa z Siostr\u0105 Faustyn\u0105, zapisan\u0105 w Dzienniczku pod dat\u0105: <\/span><span style=\"font-family: Book Antiqua, serif;\"><b>6 <\/b><\/span><span style=\"font-family: Book Antiqua, serif;\"><b>lutego 1937 <\/b><\/span><span style=\"font-family: Book Antiqua, serif;\"><b>roku<\/b><\/span><span style=\"font-family: Book Antiqua, serif;\"><b>:<\/b><\/span><span style=\"font-family: Book Antiqua, serif;\"> \u201eDzi\u015b powiedzia\u0142 mi Pan: <\/span><span style=\"font-family: Book Antiqua, serif;\"><i><b>C\u00f3rko moja, m\u00f3wi\u0105 mi, \u017ce masz du\u017co prostoty, a wi\u0119c czemu mi nie m\u00f3wisz o wszystkim, co Ci\u0119 dotyczy \u2013 nawet szczeg\u00f3\u0142y najdrobniejsze. M\u00f3w Mi o wszystkim! Wiedz, \u017ce tym sprawisz Mi rado\u015b\u0107 wielk\u0105! <\/b><\/i><\/span><span style=\"font-family: Book Antiqua, serif;\">Odpowiedzia\u0142am: \u00abPrzecie\u017c Ty wiesz o wszystkim, Panie!\u00bb I odpowiedzia\u0142 mi Jezus: <\/span><span style=\"font-family: Book Antiqua, serif;\"><i><b>Tak, Ja wiem, ale Ty nie t\u0142umacz si\u0119 tym, \u017ce Ja wiem, ale z prostot\u0105 dziecka m\u00f3w mi o wszystkim, bo mam sk\u0142onione ucho i serce ku Tobie, a mowa Twoja jest mi mi\u0142a.<\/b><\/i><\/span><span style=\"font-family: Book Antiqua, serif;\">\u201d [Dz 921]<\/span><\/span><\/span><\/p>\n<p align=\"justify\"><span style=\"color: #000000;\"><span style=\"font-size: large;\"><span style=\"font-family: Book Antiqua, serif;\">A <\/span><span style=\"font-family: Book Antiqua, serif;\">jeszcze wcze\u015bniej, bo <\/span><span style=\"font-family: Book Antiqua, serif;\"><b>1<\/b><\/span><span style=\"font-family: Book Antiqua, serif;\"><b>8 grudnia 1936 <\/b><\/span><span style=\"font-family: Book Antiqua, serif;\"><b>roku<\/b><\/span><span style=\"font-family: Book Antiqua, serif;\"><b>,<\/b><\/span> <span style=\"font-family: Book Antiqua, serif;\">w wielkiej prostocie swego serca Faustyna \u2013 przebywaj\u0105ca <\/span><span style=\"font-family: Book Antiqua, serif;\"><b>na leczeniu, poza swoim klasztorem<\/b><\/span><span style=\"font-family: Book Antiqua, serif;\"> \u2013 zapisa\u0142a: \u201e<\/span><span style=\"font-family: Book Antiqua, serif;\">D<\/span><span style=\"font-family: Book Antiqua, serif;\">zi\u015b przykro mi si\u0119 zrobi\u0142o, \u017ce ju\u017c tydzie\u0144 i nikt mnie nie odwiedza. Kiedy si\u0119 \u017cali\u0142am przed Panem, odpowiedzia\u0142 mi: <\/span><span style=\"font-family: Book Antiqua, serif;\"><i><b>Czy <\/b><\/i><\/span><span style=\"font-family: Book Antiqua, serif;\"><i><b>C<\/b><\/i><\/span><span style=\"font-family: Book Antiqua, serif;\"><i><b>i nie wystarcza, \u017ce Ja Ci\u0119 codziennie odwiedzam?<\/b><\/i><\/span><span style=\"font-family: Book Antiqua, serif;\"> Przeprosi\u0142am Pana i znik\u0142a przykro\u015b\u0107. O Bo\u017ce, Mocy moja, Ty mi wystarczasz!\u201d [Dz 827]<\/span><\/span><\/span><\/p>\n<p align=\"justify\"><span style=\"color: #000000;\"><span style=\"font-size: large;\"><span style=\"font-family: Book Antiqua, serif;\">M<\/span><span style=\"font-family: Book Antiqua, serif;\">oi Drodzy, to w\u0142a\u015bnie o takiej \u2013 <\/span><span style=\"font-family: Book Antiqua, serif;\"><b>prostej i szczerej, a do tego totalnej i radosnej \u2013 ufno\u015bci <\/b><\/span><span style=\"font-family: Book Antiqua, serif;\">wobec Pana dzisiaj m\u00f3wimy. Bo On naprawd\u0119 chce nam pom\u00f3c. On nas \u2013 jak Faustyny \u2013<\/span><span style=\"font-family: Book Antiqua, serif;\"><b> ch\u0119tnie s\u0142ucha!<\/b><\/span><span style=\"font-family: Book Antiqua, serif;\"> Oby\u015bmy tylko <\/span><span style=\"font-family: Book Antiqua, serif;\"><b>chcieli Mu m\u00f3wi\u0107<\/b><\/span><span style=\"font-family: Book Antiqua, serif;\"> \u2013 o wszystkim i zawsze\u2026 <\/span><\/span><\/span><\/p>\n<p align=\"justify\"><span style=\"color: #000000;\"><span style=\"font-size: large;\"><span style=\"font-family: Book Antiqua, serif;\">On tak\u017ce \u2013 a mo\u017ce przede wszystkim \u2013 <\/span><span style=\"font-family: Book Antiqua, serif;\"><b>chce nam przebacza\u0107 grzechy.<\/b><\/span><span style=\"font-family: Book Antiqua, serif;\"> Wszak<\/span><span style=\"font-family: Book Antiqua, serif;\"><i><b> owego <\/b><\/i><\/span><span style=\"font-family: Book Antiqua, serif;\"><i><b>pierwszego<\/b><\/i><\/span><span style=\"font-family: Book Antiqua, serif;\"><i><b> dnia tygodnia <\/b><\/i><\/span><span style=\"font-family: Book Antiqua, serif;\">da\u0142 swoim uczniom w\u0142adz\u0119 <\/span><span style=\"font-family: Book Antiqua, serif;\">ich <\/span><span style=\"font-family: Book Antiqua, serif;\">odpuszczania. Tak\u017ce ukazuj\u0105c si\u0119 Siostrze Faustynie zapewni\u0142, \u017ce Jego pragnieniem jest przebaczanie ka\u017cdemu, kto zwr\u00f3ci si\u0119 do Niego<\/span><span style=\"font-family: Book Antiqua, serif;\"><b> z<\/b><\/span><span style=\"font-family: Book Antiqua, serif;\"><b>e<\/b><\/span><b> <\/b><span style=\"font-family: Book Antiqua, serif;\"><b>szczerym <\/b><\/span><span style=\"font-family: Book Antiqua, serif;\"><b>\u017calem i <\/b><\/span><span style=\"font-family: Book Antiqua, serif;\"><b>r\u00f3wnie <\/b><\/span><span style=\"font-family: Book Antiqua, serif;\"><b>szczerym zaufaniem.<\/b><\/span> <\/span><\/span><\/p>\n<p align=\"justify\"><span style=\"color: #000000;\"><span style=\"font-size: large;\"><span style=\"font-family: Book Antiqua, serif;\">A nawet \u2013 zauwa\u017caj\u0105 niekt\u00f3rzy \u2013 gest prawej r\u0119ki, jaki widzimy na Obrazie, <\/span><span style=\"font-family: Book Antiqua, serif;\"><b>jako \u017cywo przypomina gest prawej r\u0119ki kap\u0142ana, <\/b><\/span><span style=\"font-family: Book Antiqua, serif;\">kiedy w konfesjonale ju\u017c wypowiada formu\u0142\u0119 rozgrzeszenia i za chwil\u0119 uczyni t\u0105 r\u0119k\u0105 znak krzy\u017ca, m\u00f3wi\u0105c: <\/span><span style=\"font-family: Book Antiqua, serif;\"><b>\u201eI ja odpuszczam Tobie grzechy \u2013 w imi\u0119 Ojca i Syna, i Ducha \u015awi\u0119tego. Amen\u201d.<\/b><\/span><span style=\"font-family: Book Antiqua, serif;\"> Jezus zreszt\u0105 powiedzia\u0142, \u017ce <\/span><span style=\"font-family: Book Antiqua, serif;\"><b>to On czyni <\/b><\/span><span style=\"font-family: Book Antiqua, serif;\">\u2013 tylko przez kap\u0142ana. <\/span><\/span><\/span><\/p>\n<p align=\"justify\"><span style=\"color: #000000;\"><span style=\"font-size: large;\"><span style=\"font-family: Book Antiqua, serif;\">Dlatego id\u017amy do Niego! Id\u017amy ze wszystkim! <\/span><span style=\"font-family: Book Antiqua, serif;\"><b>Ufajmy wiele \u2013 i \u017c\u0105dajmy wiele!<\/b><\/span><span style=\"font-family: Book Antiqua, serif;\"> Za<\/span><span style=\"font-family: Book Antiqua, serif;\">uwa\u017cmy<\/span><span style=\"font-family: Book Antiqua, serif;\">, \u017ce spo\u015br\u00f3d tak wielu zda\u0144 i cennych my\u015bli, kt\u00f3re Siostra Faustyna us\u0142ysza\u0142a z ust <\/span><span style=\"font-family: Book Antiqua, serif;\">Jezusa<\/span><span style=\"font-family: Book Antiqua, serif;\"> i zapisa\u0142a w Dzienniczku, akurat na <\/span><span style=\"font-family: Book Antiqua, serif;\">O<\/span><span style=\"font-family: Book Antiqua, serif;\">brazie jest tylko jedno zdanie \u2013 i to konkretnie wskazane przez <\/span><span style=\"font-family: Book Antiqua, serif;\">Niego <\/span><span style=\"font-family: Book Antiqua, serif;\">sameg<\/span><span style=\"font-family: Book Antiqua, serif;\">o<\/span><span style=\"font-family: Book Antiqua, serif;\">: <\/span><span style=\"font-family: Book Antiqua, serif;\"><b>JEZU, UFAM TOBIE! <\/b><\/span><span style=\"font-family: Book Antiqua, serif;\">On sam kaza\u0142 tak podpisa\u0107 Obraz. <\/span><span style=\"font-family: Book Antiqua, serif;\"><b>Czy nam to co\u015b m\u00f3wi, co\u015b sugeruje?<\/b><\/span> <\/span><\/span><\/p>\n<p align=\"justify\"><span style=\"color: #000000;\"><span style=\"font-size: large;\"><span style=\"font-family: Book Antiqua, serif;\">Skoro w\u0142a\u015bnie to zdanie Jezus <\/span><span style=\"font-family: Book Antiqua, serif;\">kaza\u0142 napisa\u0107 tu\u017c pod swoim wizerunkiem i nam kaza\u0142 je nieustannie powtarza\u0107, to znaczy, \u017ce w\u0142a\u015bnie<\/span><span style=\"font-family: Book Antiqua, serif;\"><b> to stwierdzenie chce od nas s\u0142ysze\u0107!<\/b><\/span><span style=\"font-family: Book Antiqua, serif;\"> Ale \u2013 <\/span><span style=\"font-family: Book Antiqua, serif;\">szczerze! <\/span><span style=\"font-family: Book Antiqua, serif;\"><b>Totalnie szczerze!<\/b><\/span><span style=\"font-family: Book Antiqua, serif;\"> Bo tylko w\u00f3wczas ma ono sens, a nie kiedy jest jedynie mechanicznie powtarzan\u0105 formu\u0142k\u0105! <\/span><\/span><\/span><\/p>\n<p align=\"justify\"><span style=\"color: #000000;\"><span style=\"font-size: large;\"><span style=\"font-family: Book Antiqua, serif;\">Zatem,<\/span><span style=\"font-family: Book Antiqua, serif;\"><b> u<\/b><\/span><span style=\"font-family: Book Antiqua, serif;\"><b>fajmy wiele \u2013 i wiele \u017c\u0105dajmy!<\/b><\/span><span style=\"font-family: Book Antiqua, serif;\"> Przede wszystkim \u2013 wiele nadziei! <\/span><span style=\"font-family: Book Antiqua, serif;\"><b>Jak najwi\u0119cej nadziei! Dla nas \u2013 i ca\u0142ego \u015bwiata!<\/b><\/span><\/span><\/span><\/p>\n","protected":false},"excerpt":{"rendered":"<p>Niech b\u0119dzie pochwalony Jezus Chrystus! Moi Drodzy, mamy dzisiaj \u015awi\u0119to Bo\u017cego Mi\u0142osierdzia. Wi\u0119cej o tym w rozwa\u017caniu. Jest to dzie\u0144 odpustu w mojej rodzinnej Parafii \u2013 Chrystusa Mi\u0142osiernego w Bia\u0142ej Podlaskiej, b\u0119d\u0105cej Diecezjalnym Sanktuarium Bo\u017cego Mi\u0142osierdzia. \u0141\u0105cz\u0119 si\u0119 w modlitwie z Uczestnikami uroczysto\u015bci \u2013 szczeg\u00f3lnie, \u017ce dzisiaj obchodzona jest dwudziesta rocznica ustanowienia Sanktuarium. Oto zapowied\u017a [&hellip;]<\/p>\n","protected":false},"author":1,"featured_media":0,"comment_status":"open","ping_status":"open","sticky":false,"template":"","format":"standard","meta":{"jetpack_post_was_ever_published":false,"_jetpack_newsletter_access":"","_jetpack_dont_email_post_to_subs":false,"_jetpack_newsletter_tier_id":0,"_jetpack_memberships_contains_paywalled_content":false,"_jetpack_memberships_contains_paid_content":false,"footnotes":""},"categories":[1],"tags":[],"class_list":["post-22393","post","type-post","status-publish","format-standard","hentry","category-bez-kategorii"],"yoast_head":"<!-- This site is optimized with the Yoast SEO plugin v25.1 - https:\/\/yoast.com\/wordpress\/plugins\/seo\/ -->\n<title>\u00d3smego dnia tygodnia... - Gaudium Et Spes<\/title>\n<meta name=\"robots\" content=\"index, follow, max-snippet:-1, max-image-preview:large, max-video-preview:-1\" \/>\n<link rel=\"canonical\" href=\"https:\/\/gaudiumetspes-blog.pl\/index.php\/2024\/04\/07\/osmego-dnia-tygodnia\/\" \/>\n<meta property=\"og:locale\" content=\"pl_PL\" \/>\n<meta property=\"og:type\" content=\"article\" \/>\n<meta property=\"og:title\" content=\"\u00d3smego dnia tygodnia... - Gaudium Et Spes\" \/>\n<meta property=\"og:description\" content=\"Niech b\u0119dzie pochwalony Jezus Chrystus! Moi Drodzy, mamy dzisiaj \u015awi\u0119to Bo\u017cego Mi\u0142osierdzia. Wi\u0119cej o tym w rozwa\u017caniu. Jest to dzie\u0144 odpustu w mojej rodzinnej Parafii \u2013 Chrystusa Mi\u0142osiernego w Bia\u0142ej Podlaskiej, b\u0119d\u0105cej Diecezjalnym Sanktuarium Bo\u017cego Mi\u0142osierdzia. \u0141\u0105cz\u0119 si\u0119 w modlitwie z Uczestnikami uroczysto\u015bci \u2013 szczeg\u00f3lnie, \u017ce dzisiaj obchodzona jest dwudziesta rocznica ustanowienia Sanktuarium. Oto zapowied\u017a [&hellip;]\" \/>\n<meta property=\"og:url\" content=\"https:\/\/gaudiumetspes-blog.pl\/index.php\/2024\/04\/07\/osmego-dnia-tygodnia\/\" \/>\n<meta property=\"og:site_name\" content=\"Gaudium Et Spes\" \/>\n<meta property=\"article:published_time\" content=\"2024-04-06T22:41:22+00:00\" \/>\n<meta name=\"author\" content=\"Ks. Jacek\" \/>\n<meta name=\"twitter:card\" content=\"summary_large_image\" \/>\n<meta name=\"twitter:label1\" content=\"Napisane przez\" \/>\n\t<meta name=\"twitter:data1\" content=\"Ks. Jacek\" \/>\n\t<meta name=\"twitter:label2\" content=\"Szacowany czas czytania\" \/>\n\t<meta name=\"twitter:data2\" content=\"16 minut\" \/>\n<script type=\"application\/ld+json\" class=\"yoast-schema-graph\">{\"@context\":\"https:\/\/schema.org\",\"@graph\":[{\"@type\":\"WebPage\",\"@id\":\"https:\/\/gaudiumetspes-blog.pl\/index.php\/2024\/04\/07\/osmego-dnia-tygodnia\/\",\"url\":\"https:\/\/gaudiumetspes-blog.pl\/index.php\/2024\/04\/07\/osmego-dnia-tygodnia\/\",\"name\":\"\u00d3smego dnia tygodnia... - Gaudium Et Spes\",\"isPartOf\":{\"@id\":\"https:\/\/gaudiumetspes-blog.pl\/#website\"},\"datePublished\":\"2024-04-06T22:41:22+00:00\",\"author\":{\"@id\":\"https:\/\/gaudiumetspes-blog.pl\/#\/schema\/person\/1661982992b752dea8dff0d4ed845a65\"},\"breadcrumb\":{\"@id\":\"https:\/\/gaudiumetspes-blog.pl\/index.php\/2024\/04\/07\/osmego-dnia-tygodnia\/#breadcrumb\"},\"inLanguage\":\"pl-PL\",\"potentialAction\":[{\"@type\":\"ReadAction\",\"target\":[\"https:\/\/gaudiumetspes-blog.pl\/index.php\/2024\/04\/07\/osmego-dnia-tygodnia\/\"]}]},{\"@type\":\"BreadcrumbList\",\"@id\":\"https:\/\/gaudiumetspes-blog.pl\/index.php\/2024\/04\/07\/osmego-dnia-tygodnia\/#breadcrumb\",\"itemListElement\":[{\"@type\":\"ListItem\",\"position\":1,\"name\":\"Strona g\u0142\u00f3wna\",\"item\":\"https:\/\/gaudiumetspes-blog.pl\/\"},{\"@type\":\"ListItem\",\"position\":2,\"name\":\"\u00d3smego dnia tygodnia&#8230;\"}]},{\"@type\":\"WebSite\",\"@id\":\"https:\/\/gaudiumetspes-blog.pl\/#website\",\"url\":\"https:\/\/gaudiumetspes-blog.pl\/\",\"name\":\"Gaudium Et Spes\",\"description\":\"Blog Ks. Jacka Ja\u015bkowskiego\",\"potentialAction\":[{\"@type\":\"SearchAction\",\"target\":{\"@type\":\"EntryPoint\",\"urlTemplate\":\"https:\/\/gaudiumetspes-blog.pl\/?s={search_term_string}\"},\"query-input\":{\"@type\":\"PropertyValueSpecification\",\"valueRequired\":true,\"valueName\":\"search_term_string\"}}],\"inLanguage\":\"pl-PL\"},{\"@type\":\"Person\",\"@id\":\"https:\/\/gaudiumetspes-blog.pl\/#\/schema\/person\/1661982992b752dea8dff0d4ed845a65\",\"name\":\"Ks. Jacek\",\"image\":{\"@type\":\"ImageObject\",\"inLanguage\":\"pl-PL\",\"@id\":\"https:\/\/gaudiumetspes-blog.pl\/#\/schema\/person\/image\/\",\"url\":\"https:\/\/gaudiumetspes-blog.pl\/wp-content\/uploads\/2019\/07\/avatar-JJ-150x150.jpg\",\"contentUrl\":\"https:\/\/gaudiumetspes-blog.pl\/wp-content\/uploads\/2019\/07\/avatar-JJ-150x150.jpg\",\"caption\":\"Ks. Jacek\"},\"description\":\"Witam serdecznie! K\u0142ania si\u0119 Ks. Jacek Ja\u015bkowski. Nie jestem ani kim\u015b wa\u017cnym, ani kim\u015b znanym. Jestem ksi\u0119dzem, kt\u00f3ry po prostu chce rozmawia\u0107. Codzienna kap\u0142a\u0144ska pos\u0142uga pokazuje mi, \u017ce temat\u00f3w do rozm\u00f3w z ksi\u0119dzem jest coraz wi\u0119cej i dzisiaj \u017caden ksi\u0105dz nie mo\u017ce od nich ucieka\u0107, ale - wprost przeciwnie - podejmowa\u0107 nowe wyzwania. To przekonanie sk\u0142oni\u0142o mnie do pr\u00f3by otwarcia tego\u017c bloga, chocia\u017c okazji do rozm\u00f3w na co dzie\u0144 - w konfesjonale i poza nim - na szcz\u0119\u015bcie nie brakuje. My\u015bl\u0119 jednak, \u017ce ten blog b\u0119dzie jeszcze jednym sposobem i przestrzeni\u0105 nawi\u0105zania kontaktu z lud\u017ami dobrej woli, otwartymi na dialog.\",\"url\":\"https:\/\/gaudiumetspes-blog.pl\/index.php\/author\/ks-jacek\/\"}]}<\/script>\n<!-- \/ Yoast SEO plugin. -->","yoast_head_json":{"title":"\u00d3smego dnia tygodnia... - Gaudium Et Spes","robots":{"index":"index","follow":"follow","max-snippet":"max-snippet:-1","max-image-preview":"max-image-preview:large","max-video-preview":"max-video-preview:-1"},"canonical":"https:\/\/gaudiumetspes-blog.pl\/index.php\/2024\/04\/07\/osmego-dnia-tygodnia\/","og_locale":"pl_PL","og_type":"article","og_title":"\u00d3smego dnia tygodnia... - Gaudium Et Spes","og_description":"Niech b\u0119dzie pochwalony Jezus Chrystus! Moi Drodzy, mamy dzisiaj \u015awi\u0119to Bo\u017cego Mi\u0142osierdzia. Wi\u0119cej o tym w rozwa\u017caniu. Jest to dzie\u0144 odpustu w mojej rodzinnej Parafii \u2013 Chrystusa Mi\u0142osiernego w Bia\u0142ej Podlaskiej, b\u0119d\u0105cej Diecezjalnym Sanktuarium Bo\u017cego Mi\u0142osierdzia. \u0141\u0105cz\u0119 si\u0119 w modlitwie z Uczestnikami uroczysto\u015bci \u2013 szczeg\u00f3lnie, \u017ce dzisiaj obchodzona jest dwudziesta rocznica ustanowienia Sanktuarium. Oto zapowied\u017a [&hellip;]","og_url":"https:\/\/gaudiumetspes-blog.pl\/index.php\/2024\/04\/07\/osmego-dnia-tygodnia\/","og_site_name":"Gaudium Et Spes","article_published_time":"2024-04-06T22:41:22+00:00","author":"Ks. Jacek","twitter_card":"summary_large_image","twitter_misc":{"Napisane przez":"Ks. Jacek","Szacowany czas czytania":"16 minut"},"schema":{"@context":"https:\/\/schema.org","@graph":[{"@type":"WebPage","@id":"https:\/\/gaudiumetspes-blog.pl\/index.php\/2024\/04\/07\/osmego-dnia-tygodnia\/","url":"https:\/\/gaudiumetspes-blog.pl\/index.php\/2024\/04\/07\/osmego-dnia-tygodnia\/","name":"\u00d3smego dnia tygodnia... - Gaudium Et Spes","isPartOf":{"@id":"https:\/\/gaudiumetspes-blog.pl\/#website"},"datePublished":"2024-04-06T22:41:22+00:00","author":{"@id":"https:\/\/gaudiumetspes-blog.pl\/#\/schema\/person\/1661982992b752dea8dff0d4ed845a65"},"breadcrumb":{"@id":"https:\/\/gaudiumetspes-blog.pl\/index.php\/2024\/04\/07\/osmego-dnia-tygodnia\/#breadcrumb"},"inLanguage":"pl-PL","potentialAction":[{"@type":"ReadAction","target":["https:\/\/gaudiumetspes-blog.pl\/index.php\/2024\/04\/07\/osmego-dnia-tygodnia\/"]}]},{"@type":"BreadcrumbList","@id":"https:\/\/gaudiumetspes-blog.pl\/index.php\/2024\/04\/07\/osmego-dnia-tygodnia\/#breadcrumb","itemListElement":[{"@type":"ListItem","position":1,"name":"Strona g\u0142\u00f3wna","item":"https:\/\/gaudiumetspes-blog.pl\/"},{"@type":"ListItem","position":2,"name":"\u00d3smego dnia tygodnia&#8230;"}]},{"@type":"WebSite","@id":"https:\/\/gaudiumetspes-blog.pl\/#website","url":"https:\/\/gaudiumetspes-blog.pl\/","name":"Gaudium Et Spes","description":"Blog Ks. Jacka Ja\u015bkowskiego","potentialAction":[{"@type":"SearchAction","target":{"@type":"EntryPoint","urlTemplate":"https:\/\/gaudiumetspes-blog.pl\/?s={search_term_string}"},"query-input":{"@type":"PropertyValueSpecification","valueRequired":true,"valueName":"search_term_string"}}],"inLanguage":"pl-PL"},{"@type":"Person","@id":"https:\/\/gaudiumetspes-blog.pl\/#\/schema\/person\/1661982992b752dea8dff0d4ed845a65","name":"Ks. Jacek","image":{"@type":"ImageObject","inLanguage":"pl-PL","@id":"https:\/\/gaudiumetspes-blog.pl\/#\/schema\/person\/image\/","url":"https:\/\/gaudiumetspes-blog.pl\/wp-content\/uploads\/2019\/07\/avatar-JJ-150x150.jpg","contentUrl":"https:\/\/gaudiumetspes-blog.pl\/wp-content\/uploads\/2019\/07\/avatar-JJ-150x150.jpg","caption":"Ks. Jacek"},"description":"Witam serdecznie! K\u0142ania si\u0119 Ks. Jacek Ja\u015bkowski. Nie jestem ani kim\u015b wa\u017cnym, ani kim\u015b znanym. Jestem ksi\u0119dzem, kt\u00f3ry po prostu chce rozmawia\u0107. Codzienna kap\u0142a\u0144ska pos\u0142uga pokazuje mi, \u017ce temat\u00f3w do rozm\u00f3w z ksi\u0119dzem jest coraz wi\u0119cej i dzisiaj \u017caden ksi\u0105dz nie mo\u017ce od nich ucieka\u0107, ale - wprost przeciwnie - podejmowa\u0107 nowe wyzwania. To przekonanie sk\u0142oni\u0142o mnie do pr\u00f3by otwarcia tego\u017c bloga, chocia\u017c okazji do rozm\u00f3w na co dzie\u0144 - w konfesjonale i poza nim - na szcz\u0119\u015bcie nie brakuje. My\u015bl\u0119 jednak, \u017ce ten blog b\u0119dzie jeszcze jednym sposobem i przestrzeni\u0105 nawi\u0105zania kontaktu z lud\u017ami dobrej woli, otwartymi na dialog.","url":"https:\/\/gaudiumetspes-blog.pl\/index.php\/author\/ks-jacek\/"}]}},"jetpack_featured_media_url":"","jetpack_sharing_enabled":true,"_links":{"self":[{"href":"https:\/\/gaudiumetspes-blog.pl\/index.php\/wp-json\/wp\/v2\/posts\/22393","targetHints":{"allow":["GET"]}}],"collection":[{"href":"https:\/\/gaudiumetspes-blog.pl\/index.php\/wp-json\/wp\/v2\/posts"}],"about":[{"href":"https:\/\/gaudiumetspes-blog.pl\/index.php\/wp-json\/wp\/v2\/types\/post"}],"author":[{"embeddable":true,"href":"https:\/\/gaudiumetspes-blog.pl\/index.php\/wp-json\/wp\/v2\/users\/1"}],"replies":[{"embeddable":true,"href":"https:\/\/gaudiumetspes-blog.pl\/index.php\/wp-json\/wp\/v2\/comments?post=22393"}],"version-history":[{"count":1,"href":"https:\/\/gaudiumetspes-blog.pl\/index.php\/wp-json\/wp\/v2\/posts\/22393\/revisions"}],"predecessor-version":[{"id":22394,"href":"https:\/\/gaudiumetspes-blog.pl\/index.php\/wp-json\/wp\/v2\/posts\/22393\/revisions\/22394"}],"wp:attachment":[{"href":"https:\/\/gaudiumetspes-blog.pl\/index.php\/wp-json\/wp\/v2\/media?parent=22393"}],"wp:term":[{"taxonomy":"category","embeddable":true,"href":"https:\/\/gaudiumetspes-blog.pl\/index.php\/wp-json\/wp\/v2\/categories?post=22393"},{"taxonomy":"post_tag","embeddable":true,"href":"https:\/\/gaudiumetspes-blog.pl\/index.php\/wp-json\/wp\/v2\/tags?post=22393"}],"curies":[{"name":"wp","href":"https:\/\/api.w.org\/{rel}","templated":true}]}}