{"id":22410,"date":"2024-04-15T09:04:15","date_gmt":"2024-04-15T07:04:15","guid":{"rendered":"https:\/\/gaudiumetspes-blog.pl\/?p=22410"},"modified":"2024-04-15T09:04:15","modified_gmt":"2024-04-15T07:04:15","slug":"abysmy-wykonywali-dziela-boze-2","status":"publish","type":"post","link":"https:\/\/gaudiumetspes-blog.pl\/index.php\/2024\/04\/15\/abysmy-wykonywali-dziela-boze-2\/","title":{"rendered":"Aby\u015bmy wykonywali dzie\u0142a Bo\u017ce!"},"content":{"rendered":"<p align=\"justify\"><span style=\"color: #000000;\"><span style=\"font-family: Book Antiqua, serif;\"><span style=\"font-size: large;\">Szcz\u0119\u015b\u0107 Bo\u017ce! Moi Drodzy, witam u pocz\u0105tku nowego tygodnia pracy, nauki i studiowania. Niech nam Pan da du\u017co dobrych natchnie\u0144 i si\u0142 do dok\u0142adnego wype\u0142nienia naszych obowi\u0105zk\u00f3w. Ja mam dzisiaj dzie\u0144 na w\u0142asne prace, z kt\u00f3rymi nie mog\u0119 si\u0119 jako\u015b wyrobi\u0107\u2026 Mo\u017ce dzisiaj uda si\u0119 ruszy\u0107 do przodu! A zaczn\u0119 od rozmieszczenia nowych Og\u0142osze\u0144 Duszpasterstwa Akademickiego na Wydzia\u0142ach i w Akademikach.<\/span><\/span><\/span><\/p>\n<p align=\"justify\"><span style=\"color: #000000;\"><span style=\"font-family: Book Antiqua, serif;\"><span style=\"font-size: large;\">Tymczasem, serdecznie dzi\u0119kuj\u0119 Jankowi za s\u0142\u00f3wko, tak cierpliwie i wytrwale przygotowywane w ka\u017cdy poniedzia\u0142ek. I za wszelk\u0105 pomoc, chocia\u017cby w prowadzeniu strony internetowej Duszpasterstwa Akademickiego. A przede wszystkim \u2013 za \u015bwiadectwo wiary, tak bardzo widoczne w ka\u017cdym zdaniu rozwa\u017cania: tego dzisiejszego, jak i ka\u017cdego innego. <\/span><\/span><\/span><\/p>\n<p align=\"justify\"><span style=\"color: #000000;\"><span style=\"font-family: Book Antiqua, serif;\"><span style=\"font-size: large;\">A oto s\u0142\u00f3wko Ksi\u0119dza Marka na dzi\u015b:<\/span><\/span><\/span><\/p>\n<p align=\"justify\"><span style=\"color: #000000;\"><span style=\"font-family: Book Antiqua, serif;\"><span style=\"font-size: medium;\"><a href=\"https:\/\/www.youtube.com\/c\/CatholicSurgut\"><span style=\"font-size: large;\"><b>https:\/\/www.youtube.com\/c\/CatholicSurgut<\/b><\/span><\/a><\/span><\/span><\/span><\/p>\n<p align=\"justify\"><span style=\"color: #000000;\"><span style=\"font-family: Book Antiqua, serif;\"><span style=\"font-size: large;\">Niech zatem Duch \u015awi\u0119ty pomo\u017ce nam odkry\u0107 t\u0119 <b>jedyn\u0105 i konkretn\u0105 my\u015bl, z jak\u0105 Pan dzi\u015b do mnie si\u0119 zwraca.<\/b> Poszukujmy jej w skupieniu\u2026<\/span><\/span><\/span><\/p>\n<p align=\"justify\"><span style=\"color: #000000;\"><span style=\"font-family: Book Antiqua, serif;\"><span style=\"font-size: large;\"><b>Niech Was b\u0142ogos\u0142awi B\u00f3g Wszechmog\u0105cy: Ojciec + i Syn, i Duch \u015awi\u0119ty. Amen<\/b><\/span><\/span><\/span><\/p>\n<p align=\"center\"><span style=\"color: #000000;\"><span style=\"font-family: Book Antiqua, serif;\"><span style=\"font-size: large;\">Gaudium et spes! Ks. Jacek<\/span><\/span><\/span><\/p>\n<p align=\"center\">\n<p align=\"center\">\n<p align=\"center\">\n<p align=\"center\">\n<p align=\"center\">\n<p align=\"justify\"><span style=\"color: #000000;\"><span style=\"font-family: Book Antiqua, serif;\"><span style=\"font-size: large;\"><b>Poniedzia\u0142ek 3 Tygodnia Wielkanocy,<\/b><\/span><\/span><\/span><\/p>\n<p align=\"justify\"><span style=\"color: #000000;\"><span style=\"font-family: Book Antiqua, serif;\"><span style=\"font-size: large;\"><b>15 kwietnia 2024.,<\/b><\/span><\/span><\/span><\/p>\n<p align=\"justify\"><span style=\"color: #000000;\"><span style=\"font-family: Book Antiqua, serif;\"><span style=\"font-size: large;\"><b>do czyta\u0144: Dz 6,8\u201315; J 6,22\u201329<\/b><\/span><\/span><\/span><\/p>\n<p align=\"justify\">\n<p align=\"justify\">\n<p align=\"justify\">\n<p align=\"justify\">\n<p align=\"justify\">\n<p align=\"justify\"><span style=\"color: #000000;\"><span style=\"font-family: Book Antiqua, serif;\"><span style=\"font-size: large;\"><b>CZYTANIE Z DZIEJ\u00d3W APOSTOLSKICH: <\/b><\/span><\/span><\/span><\/p>\n<p align=\"justify\"><span style=\"color: #000000;\"><span style=\"font-family: Book Antiqua, serif;\"><span style=\"font-size: large;\"><b>Szczepan pe\u0142en \u0142aski i mocy dzia\u0142a\u0142 cuda i znaki wielkie w\u015br\u00f3d ludu. <\/b><\/span><\/span><\/span><\/p>\n<p align=\"justify\"><span style=\"color: #000000;\"><span style=\"font-family: Book Antiqua, serif;\"><span style=\"font-size: large;\"><b>Niekt\u00f3rzy za\u015b z synagogi, zwanej synagog\u0105 Libertyn\u00f3w i Cyrenejczyk\u00f3w, i Aleksandryjczyk\u00f3w, i tych, kt\u00f3rzy pochodzili z Cylicji i z Azji, wyst\u0105pili do rozprawy ze Szczepanem. Nie mogli jednak sprosta\u0107 m\u0105dro\u015bci i Duchowi, z kt\u00f3rego natchnienia przemawia\u0142. <\/b><\/span><\/span><\/span><\/p>\n<p align=\"justify\"><span style=\"color: #000000;\"><span style=\"font-family: Book Antiqua, serif;\"><span style=\"font-size: large;\"><b>Podstawili wi\u0119c ludzi, kt\u00f3rzy zeznali: \u201eS\u0142yszeli\u015bmy, jak on m\u00f3wi\u0142 blu\u017anierstwa przeciwko Moj\u017ceszowi i Bogu\u201d. W ten spos\u00f3b podburzyli lud, starszych i uczonych w Pi\u015bmie. Przybiegli, porwali go i zaprowadzili przed Sanhedryn. <\/b><\/span><\/span><\/span><\/p>\n<p align=\"justify\"><span style=\"color: #000000;\"><span style=\"font-family: Book Antiqua, serif;\"><span style=\"font-size: large;\"><b>Tam postawili fa\u0142szywych \u015bwiadk\u00f3w, kt\u00f3rzy zeznali: \u201eTen cz\u0142owiek nie przestaje m\u00f3wi\u0107 przeciwko temu \u015bwi\u0119temu miejscu i przeciwko Prawu. Bo s\u0142yszeli\u015bmy, jak m\u00f3wi\u0142, \u017ce Jezus Nazarejczyk zburzy to miejsce i pozmienia zwyczaje, kt\u00f3re nam Moj\u017cesz przekaza\u0142\u201d. <\/b><\/span><\/span><\/span><\/p>\n<p align=\"justify\"><span style=\"color: #000000;\"><span style=\"font-family: Book Antiqua, serif;\"><span style=\"font-size: large;\"><b>A wszyscy, kt\u00f3rzy zasiadali w Sanhedrynie, przygl\u0105dali si\u0119 mu uwa\u017cnie i widzieli twarz jego, podobn\u0105 do oblicza anio\u0142a.<\/b><\/span><\/span><\/span><\/p>\n<p align=\"justify\">\n<p align=\"justify\">\n<p align=\"justify\">\n<p align=\"justify\">\n<p align=\"justify\">\n<p align=\"justify\"><span style=\"color: #000000;\"><span style=\"font-family: Book Antiqua, serif;\"><span style=\"font-size: large;\"><b>S\u0141OWA EWANGELII WED\u0141UG \u015aWI\u0118TEGO JANA: <\/b><\/span><\/span><\/span><\/p>\n<p align=\"justify\"><span style=\"color: #000000;\"><span style=\"font-family: Book Antiqua, serif;\"><span style=\"font-size: large;\"><b>Nazajutrz po rozmno\u017ceniu chleb\u00f3w lud, stoj\u0105c po drugiej stronie jeziora, spostrzeg\u0142, \u017ce poza jedn\u0105 \u0142odzi\u0105 nie by\u0142o tam \u017cadnej innej oraz \u017ce Jezus nie wsiad\u0142 do \u0142odzi razem ze swymi uczniami, lecz \u017ce Jego uczniowie odp\u0142yn\u0119li sami. Tymczasem w pobli\u017ce tego miejsca, gdzie spo\u017cyto chleb po modlitwie dzi\u0119kczynnej Pana, przyp\u0142yn\u0119\u0142y od Tyberiady inne \u0142odzie. <\/b><\/span><\/span><\/span><\/p>\n<p align=\"justify\"><span style=\"color: #000000;\"><span style=\"font-family: Book Antiqua, serif;\"><span style=\"font-size: large;\"><b>A kiedy ludzie z t\u0142umu zauwa\u017cyli, \u017ce nie ma tam Jezusa, a tak\u017ce Jego uczni\u00f3w, wsiedli do \u0142odzi, przybyli do Kafarnaum i tam szukali Jezusa. Gdy Go za\u015b odnale\u017ali na przeciwleg\u0142ym brzegu, rzekli do Niego: \u201eRabbi, kiedy tu przyby\u0142e\u015b?\u201d<\/b><\/span><\/span><\/span><\/p>\n<p align=\"justify\"><span style=\"color: #000000;\"><span style=\"font-family: Book Antiqua, serif;\"><span style=\"font-size: large;\"><b>W odpowiedzi rzek\u0142 im Jezus: \u201eZaprawd\u0119, zaprawd\u0119 powiadam wam: Szukacie Mnie nie dlatego, \u017ce\u015bcie widzieli znaki, ale dlatego, \u017ce\u015bcie jedli chleb do syto\u015bci. Troszczcie si\u0119 nie o ten pokarm, kt\u00f3ry ginie, ale o ten, kt\u00f3ry trwa na wieki, a kt\u00f3ry da wam Syn Cz\u0142owieczy; Jego to bowiem piecz\u0119ci\u0105 sw\u0105 naznaczy\u0142 B\u00f3g Ojciec\u201d.<\/b><\/span><\/span><\/span><\/p>\n<p align=\"justify\"><span style=\"color: #000000;\"><span style=\"font-family: Book Antiqua, serif;\"><span style=\"font-size: large;\"><b>Oni za\u015b rzekli do Niego: \u201eC\u00f3\u017c mamy czyni\u0107, aby\u015bmy wykonywali dzie\u0142a Bo\u017ce?\u201d <\/b><\/span><\/span><\/span><\/p>\n<p align=\"justify\"><span style=\"color: #000000;\"><span style=\"font-family: Book Antiqua, serif;\"><span style=\"font-size: large;\"><b>Jezus odpowiadaj\u0105c, rzek\u0142 do nich: \u201eNa tym polega dzie\u0142o zamierzone przez Boga, aby\u015bcie uwierzyli w Tego, kt\u00f3rego On pos\u0142a\u0142\u201d.<\/b><\/span><\/span><\/span><\/p>\n<p align=\"justify\">\n<p align=\"justify\">\n<p align=\"justify\">\n<p align=\"justify\">\n<p align=\"justify\">\n<p align=\"center\"><span style=\"color: #000000;\"><span style=\"font-family: Book Antiqua, serif;\"><span style=\"font-size: large;\"><b>A OTO S\u0141\u00d3WKO JANKA:<\/b><\/span><\/span><\/span><\/p>\n<p align=\"center\">\n<p align=\"center\">\n<p align=\"center\">\n<p align=\"center\">\n<p align=\"center\">\n<p align=\"justify\"><span style=\"color: #000000;\"><span style=\"font-family: Book Antiqua, serif;\"><span style=\"font-size: large;\"><i><b>A wszyscy, kt\u00f3rzy zasiadali w Sanhedrynie, przygl\u0105dali si\u0119 mu uwa\u017cnie i zobaczyli twarz jego, podobn\u0105 do oblicza anio\u0142a.<\/b><\/i><\/span><\/span><\/span><\/p>\n<p align=\"justify\"><span style=\"color: #000000;\"><span style=\"font-family: Book Antiqua, serif;\"><span style=\"font-size: large;\">Gdy czyta\u0142em, a zarazem rozwa\u017ca\u0142em dzisiejsze czytanie, to w\u0142a\u015bnie powy\u017csze zdanie dotkn\u0119\u0142o mnie najbardziej. Zobaczmy, \u017ce \u015bw. Szczepan by\u0142 cz\u0142owiekiem takim, jak my! Lecz tym, co go wyr\u00f3\u017cnia\u0142o od innych, by\u0142a jego osobista relacja z Bogiem. <\/span><\/span><\/span><\/p>\n<p align=\"justify\"><span style=\"color: #000000;\"><span style=\"font-family: Book Antiqua, serif;\"><span style=\"font-size: large;\">Mo\u017cna zada\u0107 sobie pytanie: jak to wyr\u00f3\u017cnia\u0142a go od innych relacja z Bogiem?! Przecie\u017c Aposto\u0142owie i uczniowie Jezusa te\u017c wierzyli w Boga! Moi Drodzy, ka\u017cdy z nas jest inny i ka\u017cdy ma inn\u0105 relacj\u0119 z Bogiem! Ka\u017cdy ma swoj\u0105 i wyj\u0105tkow\u0105 relacj\u0119 z naszym Ojcem! <\/span><\/span><\/span><\/p>\n<p align=\"justify\"><span style=\"color: #000000;\"><span style=\"font-family: Book Antiqua, serif;\"><span style=\"font-size: large;\">Czytaj\u0105c to dzisiejsze S\u0142owo Bo\u017ce zrozumia\u0142em, \u017ce \u015bw. Szczepan nie tylko o Bogu m\u00f3wi\u0142, lecz w Niego wierzy\u0142 i \u017cy\u0142 Bogiem! \u017by\u0142 wiar\u0105 w Niego! Rozmawia\u0142 z Nim i Jemu si\u0119 oddawa\u0142!<\/span><\/span><\/span><\/p>\n<p align=\"justify\"><span style=\"color: #000000;\"><span style=\"font-family: Book Antiqua, serif;\"><span style=\"font-size: large;\">Zobaczmy, \u017ce wtedy \u2013 w trakcie tej, opisanej dzisiaj, dziwnej rozprawie \u2013 sta\u0142 si\u0119 po ludzku cud! B\u00f3g okaza\u0142 sw\u0105 \u0142ask\u0119 Szczepanowi i sprawi\u0142, \u017ce Jego twarz by\u0142a podobna do oblicza anio\u0142a! A co jest w tym wszystkim najwa\u017cniejsze, to fakt, \u017ce Szczepan na t\u0119 \u0142ask\u0119 sobie w jaki\u015b spos\u00f3b zapracowa\u0142! Zapracowa\u0142 sobie trudem i cierpieniem w g\u0142oszeniu i \u015bwiadczeniu o Bogu oraz wype\u0142nianiu woli Boga! <\/span><\/span><\/span><\/p>\n<p align=\"justify\"><span style=\"color: #000000;\"><span style=\"font-family: Book Antiqua, serif;\"><span style=\"font-size: large;\">I dzi\u015b w\u0142a\u015bnie to chce nam B\u00f3g przekaza\u0107: by\u015bmy wype\u0142niali wol\u0119 Bo\u017c\u0105! By\u015bmy \u017cyli wiar\u0105! Oczywi\u015bcie, moi Drodzy, B\u00f3g te\u017c nam da\u0142 rozum, by\u015bmy \u017cyli wiar\u0105 \u201ez g\u0142ow\u0105\u201d, czyli w rozumny spos\u00f3b. Aby\u015bmy nie byli nadgorliwi, a \u017cyli po prostu tak, jak inni, a wi\u0119c pracowali, czy uczyli si\u0119. Zajmowali i cieszyli si\u0119 rodzin\u0105 czy wyje\u017cd\u017cali na podr\u00f3\u017ce\u2026 <\/span><\/span><\/span><\/p>\n<p align=\"justify\"><span style=\"color: #000000;\"><span style=\"font-family: Book Antiqua, serif;\"><span style=\"font-size: large;\">Jest takie zdanie: \u201eOra et labora!\u201d, kt\u00f3re znaczy: \u201eM\u00f3dl si\u0119 i pracuj!\u201d<i> <\/i>A mo\u017cna je te\u017c rozumie\u0107 jako: \u201eM\u00f3dl si\u0119 i \u017cyj normalnie!\u201d Najwa\u017cniejsze jest to \u201ei\u201d, czyli po\u0142\u0105czenie jednego z drugim, d\u0105\u017cenie do tego, aby modlitwa i \u017cycie sz\u0142o w parze! By\u015bmy nie zabiegali bardziej o modlitw\u0119, a mniej o \u017cycie, czy te\u017c bardziej o \u017cycie, a mniej o modlitw\u0119. <\/span><\/span><\/span><\/p>\n<p align=\"justify\"><span style=\"color: #000000;\"><span style=\"font-family: Book Antiqua, serif;\"><span style=\"font-size: large;\">W Ewangelii dzi\u015b s\u0142yszymy: <i><b>Oni za\u015b rzekli do Niego: \u201eC\u00f3\u017c mamy czyni\u0107, aby\u015bmy wykonywali dzie\u0142a Boga?&#8221; Jezus, odpowiadaj\u0105c, rzek\u0142 do nich: \u201eNa tym polega dzie\u0142o Boga, aby\u015bcie wierzyli w Tego, kt\u00f3rego On pos\u0142a\u0142&#8221;. <\/b><\/i>A zatem: PRZEDE WSZYSTKIM \u2013 WIERZMY! A je\u017celi w Niego wierzymy i uwierzymy, \u017ce jest z nami, to wszystko b\u0119dziemy w stanie zrobi\u0107! <\/span><\/span><\/span><\/p>\n<p align=\"justify\"><span style=\"color: #000000;\"><span style=\"font-family: Book Antiqua, serif;\"><span style=\"font-size: large;\">I to jest niesamowite! Lecz musimy WIERZY\u0106! To jest najtrudniejsze. Ju\u017c nawet nie jest a\u017c tak trudne to, \u017ceby\u015bmy szli do ludzi i dzia\u0142ali, lecz najtrudniejsze jest to, aby\u015bmy wierzyli w Niego. Sam si\u0119 tej wiary nadal ucz\u0119. Wiem, \u017ce On jest, lecz nie zawsz\u0119 w to wierz\u0119, \u017ce On jest przy mnie. Ucz\u0119 si\u0119 to odkrywa\u0107 i wierzy\u0107 w Niego i Go kocha\u0107. A gdy si\u0119 tego naucz\u0119 i uwierz\u0119, jeszcze bardziej mi to pomo\u017ce w d\u0105\u017ceniu do \u015bwi\u0119to\u015bci i wype\u0142nianiu woli Bo\u017cej wzgl\u0119dem mnie. <\/span><\/span><\/span><\/p>\n<p align=\"justify\"><span style=\"color: #000000;\"><span style=\"font-family: Book Antiqua, serif;\"><span style=\"font-size: large;\">Dlatego, moi Drodzy, wierzy i dzia\u0142ajmy! D\u0105\u017cmy do \u015bwi\u0119to\u015bci i si\u0119 nawracajmy! I tak wierzmy w Boga i \u017cyjmy Nim, by\u015bmy promieniowali Bogiem! Aby te promienie roz\u015bwietla\u0142y mrok w \u017cyciu os\u00f3b, kt\u00f3re w Boga ma\u0142o, b\u0105d\u017a w og\u00f3le nie wierz\u0105!<\/span><\/span><\/span><\/p>\n","protected":false},"excerpt":{"rendered":"<p>Szcz\u0119\u015b\u0107 Bo\u017ce! Moi Drodzy, witam u pocz\u0105tku nowego tygodnia pracy, nauki i studiowania. Niech nam Pan da du\u017co dobrych natchnie\u0144 i si\u0142 do dok\u0142adnego wype\u0142nienia naszych obowi\u0105zk\u00f3w. Ja mam dzisiaj dzie\u0144 na w\u0142asne prace, z kt\u00f3rymi nie mog\u0119 si\u0119 jako\u015b wyrobi\u0107\u2026 Mo\u017ce dzisiaj uda si\u0119 ruszy\u0107 do przodu! A zaczn\u0119 od rozmieszczenia nowych Og\u0142osze\u0144 Duszpasterstwa [&hellip;]<\/p>\n","protected":false},"author":1,"featured_media":0,"comment_status":"open","ping_status":"open","sticky":false,"template":"","format":"standard","meta":{"jetpack_post_was_ever_published":false,"_jetpack_newsletter_access":"","_jetpack_dont_email_post_to_subs":false,"_jetpack_newsletter_tier_id":0,"_jetpack_memberships_contains_paywalled_content":false,"_jetpack_memberships_contains_paid_content":false,"footnotes":""},"categories":[1],"tags":[],"class_list":["post-22410","post","type-post","status-publish","format-standard","hentry","category-bez-kategorii"],"yoast_head":"<!-- This site is optimized with the Yoast SEO plugin v25.1 - https:\/\/yoast.com\/wordpress\/plugins\/seo\/ -->\n<title>Aby\u015bmy wykonywali dzie\u0142a Bo\u017ce! - Gaudium Et Spes<\/title>\n<meta name=\"robots\" content=\"index, follow, max-snippet:-1, max-image-preview:large, max-video-preview:-1\" \/>\n<link rel=\"canonical\" href=\"https:\/\/gaudiumetspes-blog.pl\/index.php\/2024\/04\/15\/abysmy-wykonywali-dziela-boze-2\/\" \/>\n<meta property=\"og:locale\" content=\"pl_PL\" \/>\n<meta property=\"og:type\" content=\"article\" \/>\n<meta property=\"og:title\" content=\"Aby\u015bmy wykonywali dzie\u0142a Bo\u017ce! - Gaudium Et Spes\" \/>\n<meta property=\"og:description\" content=\"Szcz\u0119\u015b\u0107 Bo\u017ce! Moi Drodzy, witam u pocz\u0105tku nowego tygodnia pracy, nauki i studiowania. Niech nam Pan da du\u017co dobrych natchnie\u0144 i si\u0142 do dok\u0142adnego wype\u0142nienia naszych obowi\u0105zk\u00f3w. Ja mam dzisiaj dzie\u0144 na w\u0142asne prace, z kt\u00f3rymi nie mog\u0119 si\u0119 jako\u015b wyrobi\u0107\u2026 Mo\u017ce dzisiaj uda si\u0119 ruszy\u0107 do przodu! A zaczn\u0119 od rozmieszczenia nowych Og\u0142osze\u0144 Duszpasterstwa [&hellip;]\" \/>\n<meta property=\"og:url\" content=\"https:\/\/gaudiumetspes-blog.pl\/index.php\/2024\/04\/15\/abysmy-wykonywali-dziela-boze-2\/\" \/>\n<meta property=\"og:site_name\" content=\"Gaudium Et Spes\" \/>\n<meta property=\"article:published_time\" content=\"2024-04-15T07:04:15+00:00\" \/>\n<meta name=\"author\" content=\"Ks. Jacek\" \/>\n<meta name=\"twitter:card\" content=\"summary_large_image\" \/>\n<meta name=\"twitter:label1\" content=\"Napisane przez\" \/>\n\t<meta name=\"twitter:data1\" content=\"Ks. Jacek\" \/>\n\t<meta name=\"twitter:label2\" content=\"Szacowany czas czytania\" \/>\n\t<meta name=\"twitter:data2\" content=\"6 minut\" \/>\n<script type=\"application\/ld+json\" class=\"yoast-schema-graph\">{\"@context\":\"https:\/\/schema.org\",\"@graph\":[{\"@type\":\"WebPage\",\"@id\":\"https:\/\/gaudiumetspes-blog.pl\/index.php\/2024\/04\/15\/abysmy-wykonywali-dziela-boze-2\/\",\"url\":\"https:\/\/gaudiumetspes-blog.pl\/index.php\/2024\/04\/15\/abysmy-wykonywali-dziela-boze-2\/\",\"name\":\"Aby\u015bmy wykonywali dzie\u0142a Bo\u017ce! - Gaudium Et Spes\",\"isPartOf\":{\"@id\":\"https:\/\/gaudiumetspes-blog.pl\/#website\"},\"datePublished\":\"2024-04-15T07:04:15+00:00\",\"author\":{\"@id\":\"https:\/\/gaudiumetspes-blog.pl\/#\/schema\/person\/1661982992b752dea8dff0d4ed845a65\"},\"breadcrumb\":{\"@id\":\"https:\/\/gaudiumetspes-blog.pl\/index.php\/2024\/04\/15\/abysmy-wykonywali-dziela-boze-2\/#breadcrumb\"},\"inLanguage\":\"pl-PL\",\"potentialAction\":[{\"@type\":\"ReadAction\",\"target\":[\"https:\/\/gaudiumetspes-blog.pl\/index.php\/2024\/04\/15\/abysmy-wykonywali-dziela-boze-2\/\"]}]},{\"@type\":\"BreadcrumbList\",\"@id\":\"https:\/\/gaudiumetspes-blog.pl\/index.php\/2024\/04\/15\/abysmy-wykonywali-dziela-boze-2\/#breadcrumb\",\"itemListElement\":[{\"@type\":\"ListItem\",\"position\":1,\"name\":\"Strona g\u0142\u00f3wna\",\"item\":\"https:\/\/gaudiumetspes-blog.pl\/\"},{\"@type\":\"ListItem\",\"position\":2,\"name\":\"Aby\u015bmy wykonywali dzie\u0142a Bo\u017ce!\"}]},{\"@type\":\"WebSite\",\"@id\":\"https:\/\/gaudiumetspes-blog.pl\/#website\",\"url\":\"https:\/\/gaudiumetspes-blog.pl\/\",\"name\":\"Gaudium Et Spes\",\"description\":\"Blog Ks. Jacka Ja\u015bkowskiego\",\"potentialAction\":[{\"@type\":\"SearchAction\",\"target\":{\"@type\":\"EntryPoint\",\"urlTemplate\":\"https:\/\/gaudiumetspes-blog.pl\/?s={search_term_string}\"},\"query-input\":{\"@type\":\"PropertyValueSpecification\",\"valueRequired\":true,\"valueName\":\"search_term_string\"}}],\"inLanguage\":\"pl-PL\"},{\"@type\":\"Person\",\"@id\":\"https:\/\/gaudiumetspes-blog.pl\/#\/schema\/person\/1661982992b752dea8dff0d4ed845a65\",\"name\":\"Ks. Jacek\",\"image\":{\"@type\":\"ImageObject\",\"inLanguage\":\"pl-PL\",\"@id\":\"https:\/\/gaudiumetspes-blog.pl\/#\/schema\/person\/image\/\",\"url\":\"https:\/\/gaudiumetspes-blog.pl\/wp-content\/uploads\/2019\/07\/avatar-JJ-150x150.jpg\",\"contentUrl\":\"https:\/\/gaudiumetspes-blog.pl\/wp-content\/uploads\/2019\/07\/avatar-JJ-150x150.jpg\",\"caption\":\"Ks. Jacek\"},\"description\":\"Witam serdecznie! K\u0142ania si\u0119 Ks. Jacek Ja\u015bkowski. Nie jestem ani kim\u015b wa\u017cnym, ani kim\u015b znanym. Jestem ksi\u0119dzem, kt\u00f3ry po prostu chce rozmawia\u0107. Codzienna kap\u0142a\u0144ska pos\u0142uga pokazuje mi, \u017ce temat\u00f3w do rozm\u00f3w z ksi\u0119dzem jest coraz wi\u0119cej i dzisiaj \u017caden ksi\u0105dz nie mo\u017ce od nich ucieka\u0107, ale - wprost przeciwnie - podejmowa\u0107 nowe wyzwania. To przekonanie sk\u0142oni\u0142o mnie do pr\u00f3by otwarcia tego\u017c bloga, chocia\u017c okazji do rozm\u00f3w na co dzie\u0144 - w konfesjonale i poza nim - na szcz\u0119\u015bcie nie brakuje. My\u015bl\u0119 jednak, \u017ce ten blog b\u0119dzie jeszcze jednym sposobem i przestrzeni\u0105 nawi\u0105zania kontaktu z lud\u017ami dobrej woli, otwartymi na dialog.\",\"url\":\"https:\/\/gaudiumetspes-blog.pl\/index.php\/author\/ks-jacek\/\"}]}<\/script>\n<!-- \/ Yoast SEO plugin. -->","yoast_head_json":{"title":"Aby\u015bmy wykonywali dzie\u0142a Bo\u017ce! - Gaudium Et Spes","robots":{"index":"index","follow":"follow","max-snippet":"max-snippet:-1","max-image-preview":"max-image-preview:large","max-video-preview":"max-video-preview:-1"},"canonical":"https:\/\/gaudiumetspes-blog.pl\/index.php\/2024\/04\/15\/abysmy-wykonywali-dziela-boze-2\/","og_locale":"pl_PL","og_type":"article","og_title":"Aby\u015bmy wykonywali dzie\u0142a Bo\u017ce! - Gaudium Et Spes","og_description":"Szcz\u0119\u015b\u0107 Bo\u017ce! Moi Drodzy, witam u pocz\u0105tku nowego tygodnia pracy, nauki i studiowania. Niech nam Pan da du\u017co dobrych natchnie\u0144 i si\u0142 do dok\u0142adnego wype\u0142nienia naszych obowi\u0105zk\u00f3w. Ja mam dzisiaj dzie\u0144 na w\u0142asne prace, z kt\u00f3rymi nie mog\u0119 si\u0119 jako\u015b wyrobi\u0107\u2026 Mo\u017ce dzisiaj uda si\u0119 ruszy\u0107 do przodu! A zaczn\u0119 od rozmieszczenia nowych Og\u0142osze\u0144 Duszpasterstwa [&hellip;]","og_url":"https:\/\/gaudiumetspes-blog.pl\/index.php\/2024\/04\/15\/abysmy-wykonywali-dziela-boze-2\/","og_site_name":"Gaudium Et Spes","article_published_time":"2024-04-15T07:04:15+00:00","author":"Ks. Jacek","twitter_card":"summary_large_image","twitter_misc":{"Napisane przez":"Ks. Jacek","Szacowany czas czytania":"6 minut"},"schema":{"@context":"https:\/\/schema.org","@graph":[{"@type":"WebPage","@id":"https:\/\/gaudiumetspes-blog.pl\/index.php\/2024\/04\/15\/abysmy-wykonywali-dziela-boze-2\/","url":"https:\/\/gaudiumetspes-blog.pl\/index.php\/2024\/04\/15\/abysmy-wykonywali-dziela-boze-2\/","name":"Aby\u015bmy wykonywali dzie\u0142a Bo\u017ce! - Gaudium Et Spes","isPartOf":{"@id":"https:\/\/gaudiumetspes-blog.pl\/#website"},"datePublished":"2024-04-15T07:04:15+00:00","author":{"@id":"https:\/\/gaudiumetspes-blog.pl\/#\/schema\/person\/1661982992b752dea8dff0d4ed845a65"},"breadcrumb":{"@id":"https:\/\/gaudiumetspes-blog.pl\/index.php\/2024\/04\/15\/abysmy-wykonywali-dziela-boze-2\/#breadcrumb"},"inLanguage":"pl-PL","potentialAction":[{"@type":"ReadAction","target":["https:\/\/gaudiumetspes-blog.pl\/index.php\/2024\/04\/15\/abysmy-wykonywali-dziela-boze-2\/"]}]},{"@type":"BreadcrumbList","@id":"https:\/\/gaudiumetspes-blog.pl\/index.php\/2024\/04\/15\/abysmy-wykonywali-dziela-boze-2\/#breadcrumb","itemListElement":[{"@type":"ListItem","position":1,"name":"Strona g\u0142\u00f3wna","item":"https:\/\/gaudiumetspes-blog.pl\/"},{"@type":"ListItem","position":2,"name":"Aby\u015bmy wykonywali dzie\u0142a Bo\u017ce!"}]},{"@type":"WebSite","@id":"https:\/\/gaudiumetspes-blog.pl\/#website","url":"https:\/\/gaudiumetspes-blog.pl\/","name":"Gaudium Et Spes","description":"Blog Ks. Jacka Ja\u015bkowskiego","potentialAction":[{"@type":"SearchAction","target":{"@type":"EntryPoint","urlTemplate":"https:\/\/gaudiumetspes-blog.pl\/?s={search_term_string}"},"query-input":{"@type":"PropertyValueSpecification","valueRequired":true,"valueName":"search_term_string"}}],"inLanguage":"pl-PL"},{"@type":"Person","@id":"https:\/\/gaudiumetspes-blog.pl\/#\/schema\/person\/1661982992b752dea8dff0d4ed845a65","name":"Ks. Jacek","image":{"@type":"ImageObject","inLanguage":"pl-PL","@id":"https:\/\/gaudiumetspes-blog.pl\/#\/schema\/person\/image\/","url":"https:\/\/gaudiumetspes-blog.pl\/wp-content\/uploads\/2019\/07\/avatar-JJ-150x150.jpg","contentUrl":"https:\/\/gaudiumetspes-blog.pl\/wp-content\/uploads\/2019\/07\/avatar-JJ-150x150.jpg","caption":"Ks. Jacek"},"description":"Witam serdecznie! K\u0142ania si\u0119 Ks. Jacek Ja\u015bkowski. Nie jestem ani kim\u015b wa\u017cnym, ani kim\u015b znanym. Jestem ksi\u0119dzem, kt\u00f3ry po prostu chce rozmawia\u0107. Codzienna kap\u0142a\u0144ska pos\u0142uga pokazuje mi, \u017ce temat\u00f3w do rozm\u00f3w z ksi\u0119dzem jest coraz wi\u0119cej i dzisiaj \u017caden ksi\u0105dz nie mo\u017ce od nich ucieka\u0107, ale - wprost przeciwnie - podejmowa\u0107 nowe wyzwania. To przekonanie sk\u0142oni\u0142o mnie do pr\u00f3by otwarcia tego\u017c bloga, chocia\u017c okazji do rozm\u00f3w na co dzie\u0144 - w konfesjonale i poza nim - na szcz\u0119\u015bcie nie brakuje. My\u015bl\u0119 jednak, \u017ce ten blog b\u0119dzie jeszcze jednym sposobem i przestrzeni\u0105 nawi\u0105zania kontaktu z lud\u017ami dobrej woli, otwartymi na dialog.","url":"https:\/\/gaudiumetspes-blog.pl\/index.php\/author\/ks-jacek\/"}]}},"jetpack_featured_media_url":"","jetpack_sharing_enabled":true,"_links":{"self":[{"href":"https:\/\/gaudiumetspes-blog.pl\/index.php\/wp-json\/wp\/v2\/posts\/22410","targetHints":{"allow":["GET"]}}],"collection":[{"href":"https:\/\/gaudiumetspes-blog.pl\/index.php\/wp-json\/wp\/v2\/posts"}],"about":[{"href":"https:\/\/gaudiumetspes-blog.pl\/index.php\/wp-json\/wp\/v2\/types\/post"}],"author":[{"embeddable":true,"href":"https:\/\/gaudiumetspes-blog.pl\/index.php\/wp-json\/wp\/v2\/users\/1"}],"replies":[{"embeddable":true,"href":"https:\/\/gaudiumetspes-blog.pl\/index.php\/wp-json\/wp\/v2\/comments?post=22410"}],"version-history":[{"count":1,"href":"https:\/\/gaudiumetspes-blog.pl\/index.php\/wp-json\/wp\/v2\/posts\/22410\/revisions"}],"predecessor-version":[{"id":22411,"href":"https:\/\/gaudiumetspes-blog.pl\/index.php\/wp-json\/wp\/v2\/posts\/22410\/revisions\/22411"}],"wp:attachment":[{"href":"https:\/\/gaudiumetspes-blog.pl\/index.php\/wp-json\/wp\/v2\/media?parent=22410"}],"wp:term":[{"taxonomy":"category","embeddable":true,"href":"https:\/\/gaudiumetspes-blog.pl\/index.php\/wp-json\/wp\/v2\/categories?post=22410"},{"taxonomy":"post_tag","embeddable":true,"href":"https:\/\/gaudiumetspes-blog.pl\/index.php\/wp-json\/wp\/v2\/tags?post=22410"}],"curies":[{"name":"wp","href":"https:\/\/api.w.org\/{rel}","templated":true}]}}