{"id":22412,"date":"2024-04-16T08:10:16","date_gmt":"2024-04-16T06:10:16","guid":{"rendered":"https:\/\/gaudiumetspes-blog.pl\/?p=22412"},"modified":"2024-04-16T08:10:16","modified_gmt":"2024-04-16T06:10:16","slug":"on-pelen-ducha-swietego","status":"publish","type":"post","link":"https:\/\/gaudiumetspes-blog.pl\/index.php\/2024\/04\/16\/on-pelen-ducha-swietego\/","title":{"rendered":"On, pe\u0142en Ducha \u015awi\u0119tego&#8230;"},"content":{"rendered":"<p align=\"justify\"><span style=\"color: #000000;\"><span style=\"font-family: Book Antiqua, serif;\"><span style=\"font-size: large;\">Szcz\u0119\u015b\u0107 Bo\u017ce! Moi Drodzy, jak w ka\u017cdy wtorek mam dzi\u015b dy\u017cur Duszpasterza Akademickiego na Wydziale Nauk Rolniczych, od 10:00 do 15:00. Wieczorem natomiast nie ma u nas Mszy \u015awi\u0119tej wieczorowej. <\/span><\/span><\/span><\/p>\n<p align=\"justify\"><span style=\"color: #000000;\"><span style=\"font-family: Book Antiqua, serif;\"><span style=\"font-size: large;\">Teraz za\u015b ws\u0142uchajmy si\u0119 zatem w Bo\u017ce s\u0142owo dzisiejszej liturgii. Oto s\u0142\u00f3wko Ksi\u0119dza Marka na dzi\u015b:<\/span><\/span><\/span><\/p>\n<p align=\"justify\"><span style=\"color: #000000;\"><span style=\"font-family: Book Antiqua, serif;\"><span style=\"font-size: medium;\"><a href=\"https:\/\/www.youtube.com\/c\/CatholicSurgut\"><span style=\"font-size: large;\"><b>https:\/\/www.youtube.com\/c\/CatholicSurgut<\/b><\/span><\/a><\/span><\/span><\/span><\/p>\n<p align=\"justify\"><span style=\"color: #000000;\"><span style=\"font-family: Book Antiqua, serif;\"><span style=\"font-size: large;\">Zatem, jakie jest to <b>jedno, konkretne przes\u0142anie, z <\/b><b>kt\u00f3rym<\/b><b> Pan do mnie osobi\u015bcie si\u0119 zwraca?\u2026<\/b> Niech Duch \u015awi\u0119ty b\u0119dzie dla nas \u015bwiat\u0142em i natchnieniem!<\/span><\/span><\/span><\/p>\n<p align=\"justify\"><span style=\"color: #000000;\"><span style=\"font-family: Book Antiqua, serif;\"><span style=\"font-size: large;\"><b>Niech Was b\u0142ogos\u0142awi B\u00f3g Wszechmog\u0105cy: Ojciec + i Syn, i Duch \u015awi\u0119ty. Amen<\/b><\/span><\/span><\/span><\/p>\n<p align=\"center\"><span style=\"color: #000000;\"><span style=\"font-family: Book Antiqua, serif;\"><span style=\"font-size: large;\">Gaudium et spes! Ks. Jacek<\/span><\/span><\/span><\/p>\n<p align=\"center\">\n<p align=\"center\">\n<p align=\"center\">\n<p align=\"center\">\n<p align=\"center\">\n<p align=\"justify\"><span style=\"color: #000000;\"><span style=\"font-family: Book Antiqua, serif;\"><span style=\"font-size: large;\"><b>Wtorek 3 Tygodnia Wielkanocy,<\/b><\/span><\/span><\/span><\/p>\n<p align=\"justify\"><span style=\"color: #000000;\"><span style=\"font-family: Book Antiqua, serif;\"><span style=\"font-size: large;\"><b>16 kwietnia 2024.,\u00a0<\/b><\/span><\/span><\/span><\/p>\n<p align=\"justify\"><span style=\"color: #000000;\"><span style=\"font-family: Book Antiqua, serif;\"><span style=\"font-size: large;\"><b>do czyta\u0144: Dz 7,51\u201359;8,1; J 6,30\u201335<\/b><\/span><\/span><\/span><\/p>\n<p align=\"justify\">\n<p align=\"justify\">\n<p align=\"justify\">\n<p align=\"justify\">\n<p align=\"justify\">\n<p align=\"justify\"><span style=\"color: #000000;\"><span style=\"font-family: Book Antiqua, serif;\"><span style=\"font-size: large;\"><b>CZYTANIE Z DZIEJ\u00d3W APOSTOLSKICH:<\/b><\/span><\/span><\/span><\/p>\n<p align=\"justify\"><span style=\"color: #000000;\"><span style=\"font-family: Book Antiqua, serif;\"><span style=\"font-size: large;\"><b>Szczepan m\u00f3wi\u0142 do ludu i starszych, i uczonych: \u201eTwardego karku i opornych serc i uszu! Wy zawsze sprzeciwiacie si\u0119 Duchowi \u015awi\u0119temu. Jak ojcowie wasi, tak i wy! Kt\u00f3rego\u017c z prorok\u00f3w nie prze\u015bladowali wasi ojcowie? Pozabijali nawet tych, kt\u00f3rzy przepowiadali przyj\u015bcie Sprawiedliwego. A wy\u015bcie zdradzili Go teraz i zamordowali. Wy, kt\u00f3rzy otrzymali\u015bcie Prawo za po\u015brednictwem anio\u0142\u00f3w, lecz nie przestrzegali\u015bcie go\u201d. <\/b><\/span><\/span><\/span><\/p>\n<p align=\"justify\"><span style=\"color: #000000;\"><span style=\"font-family: Book Antiqua, serif;\"><span style=\"font-size: large;\"><b>Gdy to us\u0142yszeli, zawrza\u0142y gniewem ich serca i zgrzytali z\u0119bami na niego. <\/b><\/span><\/span><\/span><\/p>\n<p align=\"justify\"><span style=\"color: #000000;\"><span style=\"font-family: Book Antiqua, serif;\"><span style=\"font-size: large;\"><b>A on pe\u0142en Ducha \u015awi\u0119tego patrzy\u0142 w niebo i ujrza\u0142 chwa\u0142\u0119 Bo\u017c\u0105 i Jezusa, stoj\u0105cego po prawicy. I rzek\u0142: \u201eWidz\u0119 niebo otwarte i Syna Cz\u0142owieczego, stoj\u0105cego po prawicy Boga\u201d. <\/b><\/span><\/span><\/span><\/p>\n<p align=\"justify\"><span style=\"color: #000000;\"><span style=\"font-family: Book Antiqua, serif;\"><span style=\"font-size: large;\"><b>A oni podnie\u015bli wielki krzyk, zatkali sobie uszy i rzucili si\u0119 na niego wszyscy razem. Wyrzucili go poza miasto i kamienowali, a \u015bwiadkowie z\u0142o\u017cyli swe szaty u st\u00f3p m\u0142odzie\u0144ca, zwanego Szaw\u0142em. Tak kamienowali Szczepana, kt\u00f3ry modli\u0142 si\u0119: \u201ePanie Jezu, przyjmij ducha mego!\u201d <\/b><\/span><\/span><\/span><\/p>\n<p align=\"justify\"><span style=\"color: #000000;\"><span style=\"font-family: Book Antiqua, serif;\"><span style=\"font-size: large;\"><b>Szawe\u0142 za\u015b zgadza\u0142 si\u0119 na zabicie Szczepana.<\/b><\/span><\/span><\/span><\/p>\n<p align=\"justify\">\n<p align=\"justify\">\n<p align=\"justify\">\n<p align=\"justify\">\n<p align=\"justify\">\n<p align=\"justify\"><span style=\"color: #000000;\"><span style=\"font-family: Book Antiqua, serif;\"><span style=\"font-size: large;\"><b>S\u0141OWA EWANGELII WED\u0141UG \u015aWI\u0118TEGO JANA: <\/b><\/span><\/span><\/span><\/p>\n<p align=\"justify\"><span style=\"color: #000000;\"><span style=\"font-family: Book Antiqua, serif;\"><span style=\"font-size: large;\"><b>W Kafarnaum lud powiedzia\u0142 do Jezusa: \u201eJakiego dokonasz znaku, aby\u015bmy go widzieli i Tobie uwierzyli? C\u00f3\u017c zdzia\u0142asz? Ojcowie nasi jedli mann\u0119 na pustyni, jak napisano: \u00abDa\u0142 im do jedzenia chleb z nieba\u00bb\u201d. <\/b><\/span><\/span><\/span><\/p>\n<p align=\"justify\"><span style=\"color: #000000;\"><span style=\"font-family: Book Antiqua, serif;\"><span style=\"font-size: large;\"><b>Rzek\u0142 do nich Jezus: \u201eZaprawd\u0119, zaprawd\u0119 powiadam wam: Nie Moj\u017cesz da\u0142 wam chleb z nieba, ale dopiero Ojciec m\u00f3j da wam prawdziwy chleb z nieba. Albowiem chlebem Bo\u017cym jest Ten, kt\u00f3ry z nieba zst\u0119puje i \u017cycie daje \u015bwiatu\u201d. <\/b><\/span><\/span><\/span><\/p>\n<p align=\"justify\"><span style=\"color: #000000;\"><span style=\"font-family: Book Antiqua, serif;\"><span style=\"font-size: large;\"><b>Rzekli wi\u0119c do Niego: \u201ePanie, dawaj nam zawsze tego chleba\u201d. <\/b><\/span><\/span><\/span><\/p>\n<p align=\"justify\"><span style=\"color: #000000;\"><span style=\"font-family: Book Antiqua, serif;\"><span style=\"font-size: large;\"><b>Odpowiedzia\u0142 im Jezus: \u201eJam jest chleb \u017cycia. Kto do Mnie przychodzi, nie b\u0119dzie \u0142akn\u0105\u0142; a kto we Mnie wierzy, nigdy pragn\u0105\u0107 nie b\u0119dzie\u201d.<\/b><\/span><\/span><\/span><\/p>\n<p align=\"justify\">\n<p align=\"justify\">\n<p align=\"justify\">\n<p align=\"justify\">\n<p align=\"justify\">\n<p align=\"justify\"><span style=\"color: #000000;\"><span style=\"font-family: Book Antiqua, serif;\"><span style=\"font-size: large;\">Trudno chyba zarzuci\u0107 Szczepanowi <b>m\u00f3wienie nieprawdy.<\/b> To, co wr\u0119cz wykrzycza\u0142 w oczy swoim rodakom \u2013 szczeg\u00f3lnie tym wysoko postawionym w hierarchii spo\u0142ecznej i religijnej \u2013 <b>by\u0142o smutn\u0105 rzeczywisto\u015bci\u0105.<\/b> I wszyscy oni \u2013 gdyby tylko chcieli spojrze\u0107 prawdzie w oczy i p\u00f3j\u015b\u0107 za g\u0142osem sumienia, kt\u00f3re musia\u0142o im wysy\u0142a\u0107 jasne sygna\u0142y \u2013 <b>z pewno\u015bci\u0105 zgodziliby si\u0119<\/b> z tym wszystkim, co Szczepan tamtego dnia im wypunktowa\u0142: <i><b>Twardego karku i opornych serc i uszu! Wy zawsze sprzeciwiacie si\u0119 Duchowi \u015awi\u0119temu. Jak ojcowie wasi, tak i wy! Kt\u00f3rego\u017c z prorok\u00f3w nie prze\u015bladowali wasi ojcowie? Pozabijali nawet tych, kt\u00f3rzy przepowiadali przyj\u015bcie Sprawiedliwego. A wy\u015bcie zdradzili Go teraz i zamordowali. Wy, kt\u00f3rzy otrzymali\u015bcie Prawo za po\u015brednictwem anio\u0142\u00f3w, lecz nie przestrzegali\u015bcie go. <\/b><\/i><\/span><\/span><\/span><\/p>\n<p align=\"justify\"><span style=\"color: #000000;\"><span style=\"font-family: Book Antiqua, serif;\"><span style=\"font-size: large;\">Z czym mo\u017cna by si\u0119 tu nie zgodzi\u0107? <b>Co tu nie by\u0142o prawd\u0105?<\/b> Z pewno\u015bci\u0105, wielu z tych, kt\u00f3rzy tam wtedy byli, <b>wewn\u0119trznie przyznawa\u0142o racj\u0119<\/b> odwa\u017cnemu Diakonowi, ale kto si\u0119 do tego przyzna! Nie, raczej trzeba brn\u0105\u0107 w k\u0142amstwo i broni\u0107 go za wszelk\u0105 cen\u0119. Mo\u017ce jednak kto\u015b powiedzie\u0107, \u017ce wszyscy oni <b>byli ju\u017c tak zacietrzewieni, <\/b>\u017ce na sto procent \u017cywili przekonani, i\u017c Szczepan nie ma racji. Mo\u017ce tak\u017ce uwa\u017camy, \u017ce do ich serc <b>g\u0142os Boga, <\/b>m\u00f3wi\u0105cego przez sumienie, <b>po prostu nie dociera\u0142.<\/b> <\/span><\/span><\/span><\/p>\n<p align=\"justify\"><span style=\"color: #000000;\"><span style=\"font-family: Book Antiqua, serif;\"><span style=\"font-size: large;\">Jednak, je\u017celi nawet tak by\u0142o \u2013 cho\u0107 naprawd\u0119 trudno w to uwierzy\u0107 \u2013 to w taki w\u0142a\u015bnie spos\u00f3b <b>powinni potraktowa\u0107 wyst\u0105pienie Szczepana: <\/b>jako prawdziwy g\u0142os Bo\u017cy, do nich skierowany! Jako <b>bardzo powa\u017cne ostrze\u017cenie! <\/b>Dlatego tylko mo\u017cemy si\u0119 domy\u015bla\u0107 \u2013 bo przecie\u017c nie jeste\u015bmy w stanie tego w \u017caden spos\u00f3b sprawdzi\u0107 \u2013 \u017ce na S\u0105dzie Bo\u017cym wszystkim tym, kt\u00f3rzy wtedy podnie\u015bli na Szczepana zbrodnicz\u0105 r\u0119k\u0119 i rzucili kamieniami, by\u0142o <b>bardzo, ale to bardzo ci\u0119\u017cko. <\/b>Bo otrzymali jasny i wyra\u017any sygna\u0142 <b>od samego Boga! <\/b><\/span><\/span><\/span><\/p>\n<p align=\"justify\"><span style=\"color: #000000;\"><span style=\"font-family: Book Antiqua, serif;\"><span style=\"font-size: large;\">Tak, od samego Boga, kt\u00f3ry <b>chcia\u0142 im pom\u00f3c, <\/b>chcia\u0142 ich uratowa\u0107 przed bezmiarem z\u0142a ich w\u0142asnego post\u0119powania. I je\u015bli nawet nie s\u0142uchali w\u0142asnego sumienia, przez kt\u00f3re B\u00f3g m\u00f3g\u0142by do nich dotrze\u0107,<b> to B\u00f3g znalaz\u0142 inny spos\u00f3b i inn\u0105 drog<\/b><b>\u0119<\/b><b>: <\/b>w\u0142a\u015bnie przez Szczepana. I tutaj ju\u017c nie mogli si\u0119 wykr\u0119ci\u0107 tym, \u017ce nie s\u0142yszeli, nie widzieli, nie wiedzieli\u2026 Szczepan wypowiedzia\u0142 swoje stanowisko <b>bardzo mocno i bardzo wyra\u017anie! <\/b><\/span><\/span><\/span><\/p>\n<p align=\"justify\"><span style=\"color: #000000;\"><span style=\"font-family: Book Antiqua, serif;\"><span style=\"font-size: large;\">To, co dzisiaj us\u0142yszeli\u015bmy w pierwszym czytaniu, to ju\u017c by\u0142a <b>ko\u0144c\u00f3wka o wiele d\u0142u\u017cszej mowy,<\/b> zapisanej w Ksi\u0119dze Dziej\u00f3w Apostolskich. Ta ko\u0144c\u00f3wka by\u0142a najmocniejsza, ale ca\u0142o\u015b\u0107 tak\u017ce nie pozostawia\u0142a w\u0105tpliwo\u015bci. Szczepan bowiem wyg\u0142osi\u0142 <b>prawdziwy wyk\u0142ad historyczny,<\/b> przechodz\u0105c przez kolejne etapy historii relacji Boga ze swym ludem: relacji nacechowanych <b>zaanga\u017cowaniem Boga <\/b>dla dobra cz\u0142owieka i <b>tak cz\u0119stym buntowaniem si\u0119 i odwracaniem si\u0119<\/b> od Niego Jego ludu. Tak wygl\u0105da\u0142y \u2013 przy, rzecz jasna, r\u00f3\u017cnym nasileniu postaw dobrych i z\u0142ych \u2013 w\u0142a\u015bciwie ca\u0142e dzieje tych wzajemnych relacji. <\/span><\/span><\/span><\/p>\n<p align=\"justify\"><span style=\"color: #000000;\"><span style=\"font-family: Book Antiqua, serif;\"><span style=\"font-size: large;\">St\u0105d w\u0142a\u015bnie takie mocne s\u0142owa Szczepana w podsumowaniu d\u0142ugiego wywodu. Te s\u0142owa dzisiaj us\u0142yszeli\u015bmy. Niestety, <b>nie przynios\u0142y one ani odrobiny refleksji<\/b> \u2013 wprost przeciwnie: nast\u0105pi\u0142 wybuch prawdziwej, diabelskiej furii. O ile bowiem przez ca\u0142y czas trwania d\u0142ugiej wypowiedzi przeciwnicy Diakona <b>musieli si\u0119 powstrzyma\u0107 przed jak\u0105kolwiek reakcj\u0105,<\/b> bo takie by\u0142y i s\u0105 (a przynajmniej: powinny by\u0107) prawid\u0142a ka\u017cdego procesu, \u017ce <b>oskar\u017cony<\/b> <b>ma prawo wypowiedzie\u0107 <\/b>to, co chce wypowiedzie\u0107, w swojej obronie, o tyle kiedy ju\u017c wypowied\u017a zosta\u0142a zako\u0144czona, to przeciwnikom \u2013 m\u00f3wi\u0105c wprost \u2013 <b>pu\u015bci\u0142y wszystkie hamulce<\/b> i z prawdziw\u0105 furi\u0105 rzucili si\u0119 na skaza\u0144ca. <\/span><\/span><\/span><\/p>\n<p align=\"justify\"><span style=\"color: #000000;\"><span style=\"font-family: Book Antiqua, serif;\"><span style=\"font-size: large;\">A on \u2013 i to trzeba podkre\u015bli\u0107 \u2013 zni\u00f3s\u0142 wszystko z wielk\u0105 godno\u015bci\u0105, przebaczaj\u0105c swoim zab\u00f3jcom i sk\u0142adaj\u0105c swego ducha w ofierze Jezusowi. Jego s\u0142owa: <i><b>Panie Jezu, przyjmij ducha mego<\/b><\/i><b> \u2013 <\/b>tak bardzo <b>przypominaj\u0105 nam s\u0142owa Jezusa, <\/b>kiedy oddawa\u0142 swoje \u017cycie na krzy\u017cu. Poza tym, Szczepan wypowiedzia\u0142 jeszcze jedno, bardzo wa\u017cne zdanie: <i><b>Widz\u0119 niebo otwarte i Syna Cz\u0142owieczego, stoj\u0105cego po prawicy Boga. <\/b><\/i>Jezus podobnie: <b>widzia\u0142 i wiedzia\u0142, \u017ce przechodzi ju\u017c do Domu Ojca,<\/b> a nawet obieca\u0142 dobremu i skruszonemu \u0142otrowi, wisz\u0105cemu obok, \u017ce zabierze go tam ze sob\u0105. <\/span><\/span><\/span><\/p>\n<p align=\"justify\"><span style=\"color: #000000;\"><span style=\"font-family: Book Antiqua, serif;\"><span style=\"font-size: large;\"><b>Wyra\u017ane s\u0105 wi\u0119c podobie\u0144stwa<\/b> \u017cycia, \u015bwiadectwa, a wreszcie tak\u017ce \u015bmierci Szczepana \u2013 z \u017cyciem, nauczaniem i oddaniem \u017cycia przez Jezusa. Dlatego Szczepan sta\u0142 si\u0119 <b>mocnym g\u0142osem Boga,<\/b> sta\u0142 si\u0119 <b>czytelnym i wyrazistym <\/b><b>znakiem <\/b><b>Jezusa<\/b><b> <\/b>dla swojego narodu. A dzisiaj jest nim tak\u017ce dla nas \u2013 <b>chrze\u015bcijan wszystkich czas\u00f3w,<\/b> uczni\u00f3w Jezusa, Jego przyjaci\u00f3\u0142, wyznawc\u00f3w i na\u015bladowc\u00f3w \u2013 kt\u00f3rzy od dw\u00f3ch tysi\u0119cy lat <b>wpatrujemy si\u0119 z podziwem<\/b> w odwag\u0119 tego m\u0142odego w sumie cz\u0142owieka, jak jednoznacznie <b>da\u0142 \u015bwiadectwo Prawdzie: <\/b>tej jedynej Prawdzie, jak\u0105 jest Jezus Chrystus. <\/span><\/span><\/span><\/p>\n<p align=\"justify\"><span style=\"color: #000000;\"><span style=\"font-family: Book Antiqua, serif;\"><span style=\"font-size: large;\">Odda\u0142 swoje \u017cycie w ofierze Jezusowi, czym <b>odpowiedzia\u0142 na \u00f3w wielki dar,<\/b> jakim Jezus swoje \u017cycie uczyni\u0142 dla nas. Dla ka\u017cdej i ka\u017cdego z nas. Tak\u017ce dla Szczepana. <b>\u017bycie Jezusa za nasze \u017cycie wieczne.<\/b> A znakiem tego ofiarowania i znakiem obecno\u015bci Jezusa w\u015br\u00f3d nas mia\u0142 si\u0119 sta\u0107 <b>niezwyk\u0142y Pokarm \u2013 Chleb, daj\u0105cy \u017cycie wieczne, <\/b>o czym Jezus tak dzisiaj m\u00f3wi w Ewangelii: <i><b>Jam jest chleb \u017cycia. Kto do Mnie przychodzi, nie b\u0119dzie \u0142akn\u0105\u0142; a kto we Mnie wierzy, nigdy pragn\u0105\u0107 nie b\u0119dzie. <\/b><\/i><\/span><\/span><\/span><\/p>\n<p align=\"justify\"><span style=\"color: #000000;\"><span style=\"font-family: Book Antiqua, serif;\"><span style=\"font-size: large;\">Szczepan, jako cz\u0142onek Ko\u015bcio\u0142a,<b> ju\u017c z tego Daru korzysta\u0142,<\/b> ju\u017c karmi\u0142 si\u0119 owym niezwyk\u0142ym Chlebem. A swoj\u0105 heroiczn\u0105, pe\u0142n\u0105 mi\u0142o\u015bci do Jezusa i Ko\u015bcio\u0142a postaw\u0105 potwierdzi\u0142, \u017ce <b>nawi\u0105za\u0142 bardzo mocn\u0105, osobist\u0105 wi\u0119\u017a z Jezusem. <\/b>Potwierdzeniem tego by\u0142o chocia\u017cby to, co zobaczy\u0142 tu\u017c przed \u015bmierci\u0105: <i><b>niebo otwarte i Syna Cz\u0142owieczego, stoj\u0105cego po prawicy Boga.<\/b><\/i><b> <\/b>Ten Syn Cz\u0142owieczy ju\u017c tam na niego czeka\u0142. Dlatego <b>dostrzegamy tak wiele podobie\u0144stw<\/b> pomi\u0119dzy zbawcz\u0105 Ofiar\u0105 Jezusa a ofiar\u0105 \u017cycia, z\u0142o\u017con\u0105 przez Szczepana. <\/span><\/span><\/span><\/p>\n<p align=\"justify\"><span style=\"color: #000000;\"><span style=\"font-family: Book Antiqua, serif;\"><span style=\"font-size: large;\">Obaj byli w bardzo mocnej i trwa\u0142ej jedno\u015bci. Szczepan wr\u0119cz <b>sta\u0142 si\u0119 drugim Jezusem!<\/b> On \u2013 Diakon m\u0142odego Ko\u015bcio\u0142a. I cho\u0107 w\u00f3wczas stopnie hierarchii kap\u0142a\u0144skiej r\u00f3\u017cni\u0142y si\u0119 od obecnych i inne znaczenie mia\u0142y takie okre\u015blenia, jak: \u201ediakon\u201d, \u201eprezbiter\u201d czy \u201ebiskup\u201d od ich znaczenia obecnego, to jednak<b> ja, jak<\/b><b>o<\/b><b> kap\u0142an, stawiam sobie dzisiaj to pytanie, <\/b>w kontek\u015bcie postawy Szczepana i w kontek\u015bcie s\u0142\u00f3w Jezusa z dzisiejszej Ewangelii: na ile, jako kap\u0142an, <b>jestem dla Was, wiernych \u015bwieckich,<\/b> ale i dla innych kap\u0142an\u00f3w \u2013 <b>drugim Chrystusem? <\/b><\/span><\/span><\/span><\/p>\n<p align=\"justify\"><span style=\"color: #000000;\"><span style=\"font-family: Book Antiqua, serif;\"><span style=\"font-size: large;\">Codziennie sprawuj\u0119 Msz\u0119 \u015awi\u0119t\u0105, wypowiadam s\u0142owa Konsekracji, karmi\u0119 si\u0119 Cia\u0142em Chrystusa i Wam to Cia\u0142o w Komunii \u015awi\u0119tej podaj\u0119 \u2013 na ile wi\u0119c faktycznie <b>staj\u0119 si\u0119 dla Was znakiem Jezusa Chrystusa? <\/b>Na jaki dar, na jakie ofiarowanie z mojej strony, mo\u017ce On liczy\u0107? <\/span><\/span><\/span><\/p>\n<p align=\"justify\"><span style=\"color: #000000;\"><span style=\"font-family: Book Antiqua, serif;\"><span style=\"font-size: large;\">Ale to pytanie stawiam tak\u017ce Wam: <b>na ile Wy jeste\u015bcie znakiem Chrystusa \u2013 dla siebie nawzajem?<\/b> A dla mnie \u2013 kap\u0142ana? I dla innych kap\u0142an\u00f3w \u2013 <b>dla Waszych kap\u0142an\u00f3w?<\/b> My te\u017c potrzebujemy Waszego \u015bwiadectwa \u2013 tak, jak Wy potrzebujecie naszego.<b> Czytelnego, wyra\u017anego i odwa\u017cnego!<\/b> Zw\u0142aszcza w dzisiejszych czasach\u2026<\/span><\/span><\/span><\/p>\n<p align=\"justify\"><span style=\"color: #000000;\"><span style=\"font-family: Book Antiqua, serif;\"><span style=\"font-size: large;\">Niech \u015awi\u0119ty Szczepan b\u0119dzie dla nas wszystkich \u2013 w tym w\u0142a\u015bnie dziele \u2013 <b>patronem i wzorem\u2026<\/b><\/span><\/span><\/span><\/p>\n","protected":false},"excerpt":{"rendered":"<p>Szcz\u0119\u015b\u0107 Bo\u017ce! Moi Drodzy, jak w ka\u017cdy wtorek mam dzi\u015b dy\u017cur Duszpasterza Akademickiego na Wydziale Nauk Rolniczych, od 10:00 do 15:00. Wieczorem natomiast nie ma u nas Mszy \u015awi\u0119tej wieczorowej. Teraz za\u015b ws\u0142uchajmy si\u0119 zatem w Bo\u017ce s\u0142owo dzisiejszej liturgii. Oto s\u0142\u00f3wko Ksi\u0119dza Marka na dzi\u015b: https:\/\/www.youtube.com\/c\/CatholicSurgut Zatem, jakie jest to jedno, konkretne przes\u0142anie, z [&hellip;]<\/p>\n","protected":false},"author":1,"featured_media":0,"comment_status":"open","ping_status":"open","sticky":false,"template":"","format":"standard","meta":{"jetpack_post_was_ever_published":false,"_jetpack_newsletter_access":"","_jetpack_dont_email_post_to_subs":false,"_jetpack_newsletter_tier_id":0,"_jetpack_memberships_contains_paywalled_content":false,"_jetpack_memberships_contains_paid_content":false,"footnotes":""},"categories":[1],"tags":[],"class_list":["post-22412","post","type-post","status-publish","format-standard","hentry","category-bez-kategorii"],"yoast_head":"<!-- This site is optimized with the Yoast SEO plugin v25.1 - https:\/\/yoast.com\/wordpress\/plugins\/seo\/ -->\n<title>On, pe\u0142en Ducha \u015awi\u0119tego... - Gaudium Et Spes<\/title>\n<meta name=\"robots\" content=\"index, follow, max-snippet:-1, max-image-preview:large, max-video-preview:-1\" \/>\n<link rel=\"canonical\" href=\"https:\/\/gaudiumetspes-blog.pl\/index.php\/2024\/04\/16\/on-pelen-ducha-swietego\/\" \/>\n<meta property=\"og:locale\" content=\"pl_PL\" \/>\n<meta property=\"og:type\" content=\"article\" \/>\n<meta property=\"og:title\" content=\"On, pe\u0142en Ducha \u015awi\u0119tego... - Gaudium Et Spes\" \/>\n<meta property=\"og:description\" content=\"Szcz\u0119\u015b\u0107 Bo\u017ce! Moi Drodzy, jak w ka\u017cdy wtorek mam dzi\u015b dy\u017cur Duszpasterza Akademickiego na Wydziale Nauk Rolniczych, od 10:00 do 15:00. Wieczorem natomiast nie ma u nas Mszy \u015awi\u0119tej wieczorowej. Teraz za\u015b ws\u0142uchajmy si\u0119 zatem w Bo\u017ce s\u0142owo dzisiejszej liturgii. Oto s\u0142\u00f3wko Ksi\u0119dza Marka na dzi\u015b: https:\/\/www.youtube.com\/c\/CatholicSurgut Zatem, jakie jest to jedno, konkretne przes\u0142anie, z [&hellip;]\" \/>\n<meta property=\"og:url\" content=\"https:\/\/gaudiumetspes-blog.pl\/index.php\/2024\/04\/16\/on-pelen-ducha-swietego\/\" \/>\n<meta property=\"og:site_name\" content=\"Gaudium Et Spes\" \/>\n<meta property=\"article:published_time\" content=\"2024-04-16T06:10:16+00:00\" \/>\n<meta name=\"author\" content=\"Ks. Jacek\" \/>\n<meta name=\"twitter:card\" content=\"summary_large_image\" \/>\n<meta name=\"twitter:label1\" content=\"Napisane przez\" \/>\n\t<meta name=\"twitter:data1\" content=\"Ks. Jacek\" \/>\n\t<meta name=\"twitter:label2\" content=\"Szacowany czas czytania\" \/>\n\t<meta name=\"twitter:data2\" content=\"8 minut\" \/>\n<script type=\"application\/ld+json\" class=\"yoast-schema-graph\">{\"@context\":\"https:\/\/schema.org\",\"@graph\":[{\"@type\":\"WebPage\",\"@id\":\"https:\/\/gaudiumetspes-blog.pl\/index.php\/2024\/04\/16\/on-pelen-ducha-swietego\/\",\"url\":\"https:\/\/gaudiumetspes-blog.pl\/index.php\/2024\/04\/16\/on-pelen-ducha-swietego\/\",\"name\":\"On, pe\u0142en Ducha \u015awi\u0119tego... - Gaudium Et Spes\",\"isPartOf\":{\"@id\":\"https:\/\/gaudiumetspes-blog.pl\/#website\"},\"datePublished\":\"2024-04-16T06:10:16+00:00\",\"author\":{\"@id\":\"https:\/\/gaudiumetspes-blog.pl\/#\/schema\/person\/1661982992b752dea8dff0d4ed845a65\"},\"breadcrumb\":{\"@id\":\"https:\/\/gaudiumetspes-blog.pl\/index.php\/2024\/04\/16\/on-pelen-ducha-swietego\/#breadcrumb\"},\"inLanguage\":\"pl-PL\",\"potentialAction\":[{\"@type\":\"ReadAction\",\"target\":[\"https:\/\/gaudiumetspes-blog.pl\/index.php\/2024\/04\/16\/on-pelen-ducha-swietego\/\"]}]},{\"@type\":\"BreadcrumbList\",\"@id\":\"https:\/\/gaudiumetspes-blog.pl\/index.php\/2024\/04\/16\/on-pelen-ducha-swietego\/#breadcrumb\",\"itemListElement\":[{\"@type\":\"ListItem\",\"position\":1,\"name\":\"Strona g\u0142\u00f3wna\",\"item\":\"https:\/\/gaudiumetspes-blog.pl\/\"},{\"@type\":\"ListItem\",\"position\":2,\"name\":\"On, pe\u0142en Ducha \u015awi\u0119tego&#8230;\"}]},{\"@type\":\"WebSite\",\"@id\":\"https:\/\/gaudiumetspes-blog.pl\/#website\",\"url\":\"https:\/\/gaudiumetspes-blog.pl\/\",\"name\":\"Gaudium Et Spes\",\"description\":\"Blog Ks. Jacka Ja\u015bkowskiego\",\"potentialAction\":[{\"@type\":\"SearchAction\",\"target\":{\"@type\":\"EntryPoint\",\"urlTemplate\":\"https:\/\/gaudiumetspes-blog.pl\/?s={search_term_string}\"},\"query-input\":{\"@type\":\"PropertyValueSpecification\",\"valueRequired\":true,\"valueName\":\"search_term_string\"}}],\"inLanguage\":\"pl-PL\"},{\"@type\":\"Person\",\"@id\":\"https:\/\/gaudiumetspes-blog.pl\/#\/schema\/person\/1661982992b752dea8dff0d4ed845a65\",\"name\":\"Ks. Jacek\",\"image\":{\"@type\":\"ImageObject\",\"inLanguage\":\"pl-PL\",\"@id\":\"https:\/\/gaudiumetspes-blog.pl\/#\/schema\/person\/image\/\",\"url\":\"https:\/\/gaudiumetspes-blog.pl\/wp-content\/uploads\/2019\/07\/avatar-JJ-150x150.jpg\",\"contentUrl\":\"https:\/\/gaudiumetspes-blog.pl\/wp-content\/uploads\/2019\/07\/avatar-JJ-150x150.jpg\",\"caption\":\"Ks. Jacek\"},\"description\":\"Witam serdecznie! K\u0142ania si\u0119 Ks. Jacek Ja\u015bkowski. Nie jestem ani kim\u015b wa\u017cnym, ani kim\u015b znanym. Jestem ksi\u0119dzem, kt\u00f3ry po prostu chce rozmawia\u0107. Codzienna kap\u0142a\u0144ska pos\u0142uga pokazuje mi, \u017ce temat\u00f3w do rozm\u00f3w z ksi\u0119dzem jest coraz wi\u0119cej i dzisiaj \u017caden ksi\u0105dz nie mo\u017ce od nich ucieka\u0107, ale - wprost przeciwnie - podejmowa\u0107 nowe wyzwania. To przekonanie sk\u0142oni\u0142o mnie do pr\u00f3by otwarcia tego\u017c bloga, chocia\u017c okazji do rozm\u00f3w na co dzie\u0144 - w konfesjonale i poza nim - na szcz\u0119\u015bcie nie brakuje. My\u015bl\u0119 jednak, \u017ce ten blog b\u0119dzie jeszcze jednym sposobem i przestrzeni\u0105 nawi\u0105zania kontaktu z lud\u017ami dobrej woli, otwartymi na dialog.\",\"url\":\"https:\/\/gaudiumetspes-blog.pl\/index.php\/author\/ks-jacek\/\"}]}<\/script>\n<!-- \/ Yoast SEO plugin. -->","yoast_head_json":{"title":"On, pe\u0142en Ducha \u015awi\u0119tego... - Gaudium Et Spes","robots":{"index":"index","follow":"follow","max-snippet":"max-snippet:-1","max-image-preview":"max-image-preview:large","max-video-preview":"max-video-preview:-1"},"canonical":"https:\/\/gaudiumetspes-blog.pl\/index.php\/2024\/04\/16\/on-pelen-ducha-swietego\/","og_locale":"pl_PL","og_type":"article","og_title":"On, pe\u0142en Ducha \u015awi\u0119tego... - Gaudium Et Spes","og_description":"Szcz\u0119\u015b\u0107 Bo\u017ce! Moi Drodzy, jak w ka\u017cdy wtorek mam dzi\u015b dy\u017cur Duszpasterza Akademickiego na Wydziale Nauk Rolniczych, od 10:00 do 15:00. Wieczorem natomiast nie ma u nas Mszy \u015awi\u0119tej wieczorowej. Teraz za\u015b ws\u0142uchajmy si\u0119 zatem w Bo\u017ce s\u0142owo dzisiejszej liturgii. Oto s\u0142\u00f3wko Ksi\u0119dza Marka na dzi\u015b: https:\/\/www.youtube.com\/c\/CatholicSurgut Zatem, jakie jest to jedno, konkretne przes\u0142anie, z [&hellip;]","og_url":"https:\/\/gaudiumetspes-blog.pl\/index.php\/2024\/04\/16\/on-pelen-ducha-swietego\/","og_site_name":"Gaudium Et Spes","article_published_time":"2024-04-16T06:10:16+00:00","author":"Ks. Jacek","twitter_card":"summary_large_image","twitter_misc":{"Napisane przez":"Ks. Jacek","Szacowany czas czytania":"8 minut"},"schema":{"@context":"https:\/\/schema.org","@graph":[{"@type":"WebPage","@id":"https:\/\/gaudiumetspes-blog.pl\/index.php\/2024\/04\/16\/on-pelen-ducha-swietego\/","url":"https:\/\/gaudiumetspes-blog.pl\/index.php\/2024\/04\/16\/on-pelen-ducha-swietego\/","name":"On, pe\u0142en Ducha \u015awi\u0119tego... - Gaudium Et Spes","isPartOf":{"@id":"https:\/\/gaudiumetspes-blog.pl\/#website"},"datePublished":"2024-04-16T06:10:16+00:00","author":{"@id":"https:\/\/gaudiumetspes-blog.pl\/#\/schema\/person\/1661982992b752dea8dff0d4ed845a65"},"breadcrumb":{"@id":"https:\/\/gaudiumetspes-blog.pl\/index.php\/2024\/04\/16\/on-pelen-ducha-swietego\/#breadcrumb"},"inLanguage":"pl-PL","potentialAction":[{"@type":"ReadAction","target":["https:\/\/gaudiumetspes-blog.pl\/index.php\/2024\/04\/16\/on-pelen-ducha-swietego\/"]}]},{"@type":"BreadcrumbList","@id":"https:\/\/gaudiumetspes-blog.pl\/index.php\/2024\/04\/16\/on-pelen-ducha-swietego\/#breadcrumb","itemListElement":[{"@type":"ListItem","position":1,"name":"Strona g\u0142\u00f3wna","item":"https:\/\/gaudiumetspes-blog.pl\/"},{"@type":"ListItem","position":2,"name":"On, pe\u0142en Ducha \u015awi\u0119tego&#8230;"}]},{"@type":"WebSite","@id":"https:\/\/gaudiumetspes-blog.pl\/#website","url":"https:\/\/gaudiumetspes-blog.pl\/","name":"Gaudium Et Spes","description":"Blog Ks. Jacka Ja\u015bkowskiego","potentialAction":[{"@type":"SearchAction","target":{"@type":"EntryPoint","urlTemplate":"https:\/\/gaudiumetspes-blog.pl\/?s={search_term_string}"},"query-input":{"@type":"PropertyValueSpecification","valueRequired":true,"valueName":"search_term_string"}}],"inLanguage":"pl-PL"},{"@type":"Person","@id":"https:\/\/gaudiumetspes-blog.pl\/#\/schema\/person\/1661982992b752dea8dff0d4ed845a65","name":"Ks. Jacek","image":{"@type":"ImageObject","inLanguage":"pl-PL","@id":"https:\/\/gaudiumetspes-blog.pl\/#\/schema\/person\/image\/","url":"https:\/\/gaudiumetspes-blog.pl\/wp-content\/uploads\/2019\/07\/avatar-JJ-150x150.jpg","contentUrl":"https:\/\/gaudiumetspes-blog.pl\/wp-content\/uploads\/2019\/07\/avatar-JJ-150x150.jpg","caption":"Ks. Jacek"},"description":"Witam serdecznie! K\u0142ania si\u0119 Ks. Jacek Ja\u015bkowski. Nie jestem ani kim\u015b wa\u017cnym, ani kim\u015b znanym. Jestem ksi\u0119dzem, kt\u00f3ry po prostu chce rozmawia\u0107. Codzienna kap\u0142a\u0144ska pos\u0142uga pokazuje mi, \u017ce temat\u00f3w do rozm\u00f3w z ksi\u0119dzem jest coraz wi\u0119cej i dzisiaj \u017caden ksi\u0105dz nie mo\u017ce od nich ucieka\u0107, ale - wprost przeciwnie - podejmowa\u0107 nowe wyzwania. To przekonanie sk\u0142oni\u0142o mnie do pr\u00f3by otwarcia tego\u017c bloga, chocia\u017c okazji do rozm\u00f3w na co dzie\u0144 - w konfesjonale i poza nim - na szcz\u0119\u015bcie nie brakuje. My\u015bl\u0119 jednak, \u017ce ten blog b\u0119dzie jeszcze jednym sposobem i przestrzeni\u0105 nawi\u0105zania kontaktu z lud\u017ami dobrej woli, otwartymi na dialog.","url":"https:\/\/gaudiumetspes-blog.pl\/index.php\/author\/ks-jacek\/"}]}},"jetpack_featured_media_url":"","jetpack_sharing_enabled":true,"_links":{"self":[{"href":"https:\/\/gaudiumetspes-blog.pl\/index.php\/wp-json\/wp\/v2\/posts\/22412","targetHints":{"allow":["GET"]}}],"collection":[{"href":"https:\/\/gaudiumetspes-blog.pl\/index.php\/wp-json\/wp\/v2\/posts"}],"about":[{"href":"https:\/\/gaudiumetspes-blog.pl\/index.php\/wp-json\/wp\/v2\/types\/post"}],"author":[{"embeddable":true,"href":"https:\/\/gaudiumetspes-blog.pl\/index.php\/wp-json\/wp\/v2\/users\/1"}],"replies":[{"embeddable":true,"href":"https:\/\/gaudiumetspes-blog.pl\/index.php\/wp-json\/wp\/v2\/comments?post=22412"}],"version-history":[{"count":1,"href":"https:\/\/gaudiumetspes-blog.pl\/index.php\/wp-json\/wp\/v2\/posts\/22412\/revisions"}],"predecessor-version":[{"id":22413,"href":"https:\/\/gaudiumetspes-blog.pl\/index.php\/wp-json\/wp\/v2\/posts\/22412\/revisions\/22413"}],"wp:attachment":[{"href":"https:\/\/gaudiumetspes-blog.pl\/index.php\/wp-json\/wp\/v2\/media?parent=22412"}],"wp:term":[{"taxonomy":"category","embeddable":true,"href":"https:\/\/gaudiumetspes-blog.pl\/index.php\/wp-json\/wp\/v2\/categories?post=22412"},{"taxonomy":"post_tag","embeddable":true,"href":"https:\/\/gaudiumetspes-blog.pl\/index.php\/wp-json\/wp\/v2\/tags?post=22412"}],"curies":[{"name":"wp","href":"https:\/\/api.w.org\/{rel}","templated":true}]}}