{"id":22422,"date":"2024-04-21T00:26:24","date_gmt":"2024-04-20T22:26:24","guid":{"rendered":"https:\/\/gaudiumetspes-blog.pl\/?p=22422"},"modified":"2024-04-20T11:37:49","modified_gmt":"2024-04-20T09:37:49","slug":"jedyny-i-prawdziwy-pasterz","status":"publish","type":"post","link":"https:\/\/gaudiumetspes-blog.pl\/index.php\/2024\/04\/21\/jedyny-i-prawdziwy-pasterz\/","title":{"rendered":"Jedyny i prawdziwy Pasterz!"},"content":{"rendered":"<p align=\"justify\"><span style=\"color: #000000;\"><span style=\"font-family: Book Antiqua, serif;\"><span style=\"font-size: large;\">Niech b\u0119dzie pochwalony Jezus Chrystus! Moi Drodzy, w dniu dzisiejszym <b>urodziny prze\u017cywa m\u00f3j Kolega z Roku <\/b><b>\u015a<\/b><b>wi\u0119ce\u0144, Ksi\u0105dz Marek Andrzejuk, Proboszcz Parafii Jeziorzany, w Diecezji siedleckiej. Dzi\u0119kuj\u0105c za nasz dobry kontakt, \u017cycz\u0119 gorliwo\u015bci i zapa\u0142u w pe\u0142nieniu kap\u0142a\u0144skiej pos\u0142ugi. Zapewniam o modlitwie! <\/b><\/span><\/span><\/span><\/p>\n<p align=\"justify\"><span style=\"color: #000000;\"><span style=\"font-family: Book Antiqua, serif;\"><span style=\"font-size: large;\">A ja dzisiaj \u2013 przez pierwsz\u0105 cz\u0119\u015b\u0107 dnia \u2013 b\u0119d\u0119 pos\u0142ugiwa\u0142 w Parafii Brzozowica, na zaproszenie Ksi\u0119dza Tomasza Ma\u0142ki\u0144skiego, w swoim czasie: mojego Wsp\u00f3\u0142pracownika w Duszpasterstwie Akademickim w Siedlcach.<\/span><\/span><\/span><\/p>\n<p align=\"justify\"><span style=\"color: #000000;\"><span style=\"font-family: Book Antiqua, serif;\"><span style=\"font-size: large;\">Potem za\u015b przeje\u017cd\u017cam \u201ena sygnale\u201d na spotkanie z trzema \u2013 jak je zwyk\u0142em nazywa\u0107 \u2013 Hrabinami Radoryskimi, czyli Agnieszk\u0105 Niedzia\u0142kowsk\u0105 (Siwick\u0105) z Rodzin\u0105, Agnieszk\u0105 Chmielewsk\u0105 (Piszcz) z Rodzin\u0105 oraz Monik\u0105 Ochnik. Wszystkie One nale\u017ca\u0142y do KSM w Radory\u017cu Ko\u015bcielnym, czyli w Parafii mojego pierwszego Wikariatu. Dzisiaj s\u0105 ju\u017c dostojnymi Niewiastami, kt\u00f3re u\u0142o\u017cy\u0142y sobie \u017cycie \u2013 tak\u017ce rodzinne \u2013 a przede wszystkim: codziennie daj\u0105 \u015bwiadectwo swojej wierze. Bardzo trudno nam si\u0119 zebra\u0107 na spotkanie, bo wszyscy jeste\u015bmy bardzo zaj\u0119ci i znalezienie takiego czasu, kiedy wszyscy mo\u017cemy si\u0119 spotka\u0107, zaj\u0119\u0142o nam prawie rok. Ale si\u0119 uda\u0142o.<\/span><\/span><\/span><\/p>\n<p align=\"justify\"><span style=\"color: #000000;\"><span style=\"font-family: Book Antiqua, serif;\"><span style=\"font-size: large;\">Dlatego mi dzisiaj nie uda si\u0119 spotka\u0107 z moimi Kolegami z Roku \u015awi\u0119ce\u0144, wsp\u00f3lnie \u015bwi\u0119tuj\u0105cymi imieniny Mark\u00f3w, Wojciecha i Leona \u2013 u jednego z Nich. B\u0119d\u0119 si\u0119 z nimi \u0142\u0105czy\u0142 duchem. Szkoda, \u017ce w ten spos\u00f3b nie da si\u0119 niczego dobrego skosztowa\u0107, czym przyby\u0142ych Go\u015bci uracz\u0105 Gospodarze. No, c\u00f3\u017c! Nie mo\u017cna mie\u0107 wszystkiego\u2026<\/span><\/span><\/span><\/p>\n<p align=\"justify\"><span style=\"color: #000000;\"><span style=\"font-family: Book Antiqua, serif;\"><span style=\"font-size: large;\">A o 20:00, w naszym Duszpasterstwie, Msza \u015awi\u0119ta o ducha jedno\u015bci, wsp\u00f3\u0142pracy, solidarno\u015bci i \u017cyczliwo\u015bci, a wyciszenie spi\u0119\u0107 i konflikt\u00f3w, kt\u00f3re nasilaj\u0105 si\u0119 na siedleckim Uniwersytecie, przy okazji wybor\u00f3w nowego Rektora. Wspomina\u0142em o tym w ostatnich dniach\u2026 Dzisiaj kolejna Msza \u015awi\u0119ta w tej intencji.<\/span><\/span><\/span><\/p>\n<p align=\"justify\"><span style=\"color: #000000;\"><span style=\"font-family: Book Antiqua, serif;\"><span style=\"font-size: large;\">A teraz ju\u017c zapraszam do pochylenia si\u0119 nad Bo\u017cym s\u0142owem dzisiejszej niedzieli. Oto s\u0142\u00f3wko Ksi\u0119dza Marka na dzi\u015b:<\/span><\/span><\/span><\/p>\n<p align=\"justify\"><span style=\"color: #000000;\"><span style=\"font-family: Book Antiqua, serif;\"><span style=\"font-size: medium;\"><a href=\"https:\/\/www.youtube.com\/c\/CatholicSurgut\"><span style=\"font-size: large;\"><b>https:\/\/www.youtube.com\/c\/CatholicSurgut<\/b><\/span><\/a><\/span><\/span><\/span><\/p>\n<p align=\"justify\"><span style=\"color: #000000;\"><span style=\"font-family: Book Antiqua, serif;\"><span style=\"font-size: large;\">Zatem, <b>co Pan m\u00f3wi do mnie dzisiaj \u2013 osobi\u015bcie i indywidualnie?<\/b><b> <\/b>Wzywajmy Ducha \u015awi\u0119tego, aby o\u015bwieci\u0142 nasze umys\u0142y i serca!<\/span><\/span><\/span><\/p>\n<p align=\"justify\"><span style=\"color: #000000;\"><span style=\"font-family: Book Antiqua, serif;\"><span style=\"font-size: large;\"><b>Niech Was b\u0142ogos\u0142awi B\u00f3g Wszechmog\u0105cy: Ojciec + i Syn, i Duch \u015awi\u0119ty. Amen<\/b><\/span><\/span><\/span><\/p>\n<p align=\"center\"><span style=\"color: #000000;\"><span style=\"font-family: Book Antiqua, serif;\"><span style=\"font-size: large;\">Gaudium et spes! Ks. Jacek<\/span><\/span><\/span><\/p>\n<p align=\"center\">\n<p align=\"center\">\n<p align=\"center\">\n<p align=\"center\">\n<p align=\"center\">\n<p align=\"justify\"><span style=\"color: #000000;\"><span style=\"font-family: Book Antiqua, serif;\"><span style=\"font-size: large;\"><b>4 Niedziela Wielkanocna, B,<\/b><\/span><\/span><\/span><\/p>\n<p align=\"justify\"><span style=\"color: #000000;\"><span style=\"font-family: Book Antiqua, serif;\"><span style=\"font-size: large;\"><b>21 kwietnia 2024.,<\/b><\/span><\/span><\/span><\/p>\n<p align=\"justify\"><span style=\"color: #000000;\"><span style=\"font-family: Book Antiqua, serif;\"><span style=\"font-size: large;\"><b>do czyta\u0144: Dz 4,8\u201312; 1 J 3,1\u20132; J 10,11\u201318<\/b><\/span><\/span><\/span><\/p>\n<p align=\"justify\">\n<p align=\"justify\">\n<p align=\"justify\">\n<p align=\"justify\">\n<p align=\"justify\">\n<p align=\"justify\"><span style=\"color: #000000;\"><span style=\"font-family: Book Antiqua, serif;\"><span style=\"font-size: large;\"><b>CZYTANIE Z DZIEJ\u00d3W APOSTOLSKICH:<\/b><\/span><\/span><\/span><\/p>\n<p align=\"justify\"><span style=\"color: #000000;\"><span style=\"font-family: Book Antiqua, serif;\"><span style=\"font-size: large;\"><b>Piotr nape\u0142niony Duchem \u015awi\u0119tym powiedzia\u0142: \u201ePrze\u0142o\u017ceni ludu i starsi! Je\u017celi przes\u0142uchujecie nas dzisiaj w sprawie dobrodziejstwa, dzi\u0119ki kt\u00f3remu chory cz\u0142owiek uzyska\u0142 zdrowie, to niech b\u0119dzie wiadomo wam wszystkim i ca\u0142emu ludowi Izraela, \u017ce w imi\u0119 Jezusa Chrystusa Nazarejczyka, kt\u00f3rego wy ukrzy\u017cowali\u015bcie, a kt\u00f3rego B\u00f3g wskrzesi\u0142 z martwych, \u017ce przez Niego ten cz\u0142owiek stan\u0105\u0142 przed wami zdrowy. <\/b><\/span><\/span><\/span><\/p>\n<p align=\"justify\"><span style=\"color: #000000;\"><span style=\"font-family: Book Antiqua, serif;\"><span style=\"font-size: large;\"><b>On jest kamieniem, odrzuconym przez was, buduj\u0105cych, tym, kt\u00f3ry sta\u0142 si\u0119 kamieniem w\u0119gielnym. I nie ma w \u017cadnym innym zbawienia, gdy\u017c nie dano ludziom pod niebem \u017cadnego innego imienia, w kt\u00f3rym mogliby\u015bmy by\u0107 zbawieni\u201d.<\/b><\/span><\/span><\/span><\/p>\n<p align=\"justify\">\n<p align=\"justify\">\n<p align=\"justify\">\n<p align=\"justify\">\n<p align=\"justify\">\n<p align=\"justify\"><span style=\"color: #000000;\"><span style=\"font-family: Book Antiqua, serif;\"><span style=\"font-size: large;\"><b>CZYTANIE Z PIERWSZEGO LISTU \u015aWI\u0118TEGO JANA APOSTO\u0141A:<\/b><\/span><\/span><\/span><\/p>\n<p align=\"justify\"><span style=\"color: #000000;\"><span style=\"font-family: Book Antiqua, serif;\"><span style=\"font-size: large;\"><b>Najmilsi: Popatrzcie, jak\u0105 mi\u0142o\u015bci\u0105 obdarzy\u0142 nas Ojciec: zostali\u015bmy nazwani dzie\u0107mi Bo\u017cymi; i rzeczywi\u015bcie nimi jeste\u015bmy. \u015awiat za\u015b dlatego nas nie zna, \u017ce nie pozna\u0142 Jego. Umi\u0142owani, obecnie jeste\u015bmy dzie\u0107mi Bo\u017cymi, ale jeszcze si\u0119 nie ujawni\u0142o, czym b\u0119dziemy. Wiemy, \u017ce gdy si\u0119 to ujawni, b\u0119dziemy do Niego podobni; bo ujrzymy Go takim, jakim jest.<\/b><\/span><\/span><\/span><\/p>\n<p align=\"justify\">\n<p align=\"justify\">\n<p align=\"justify\">\n<p align=\"justify\">\n<p align=\"justify\">\n<p align=\"justify\"><span style=\"color: #000000;\"><span style=\"font-family: Book Antiqua, serif;\"><span style=\"font-size: large;\"><b>S\u0141OWA EWANGELII WED\u0141UG \u015aWI\u0118TEGO JANA:<\/b><\/span><\/span><\/span><\/p>\n<p align=\"justify\"><span style=\"color: #000000;\"><span style=\"font-family: Book Antiqua, serif;\"><span style=\"font-size: large;\"><b>Jezus powiedzia\u0142: \u201eJa jestem dobrym pasterzem. Dobry pasterz daje \u017cycie swoje za owce. Najemnik za\u015b i ten, kto nie jest pasterzem, do kt\u00f3rego owce nie nale\u017c\u0105, widz\u0105c nadchodz\u0105cego wilka, opuszcza owce i ucieka, a wilk je porywa i rozprasza. Najemnik ucieka dlatego, \u017ce jest najemnikiem i nie zale\u017cy mu na owcach.<\/b><\/span><\/span><\/span><\/p>\n<p align=\"justify\"><span style=\"color: #000000;\"><span style=\"font-family: Book Antiqua, serif;\"><span style=\"font-size: large;\"><b>Ja jestem dobrym pasterzem i znam owce moje, a moje Mnie znaj\u0105, podobnie jak Mnie zna Ojciec, a Ja znam Ojca. \u017bycie moje oddaj\u0119 za owce. Mam tak\u017ce inne owce, kt\u00f3re nie s\u0105 z tej owczarni. I te musz\u0119 przyprowadzi\u0107 i b\u0119d\u0105 s\u0142ucha\u0107 g\u0142osu mego, i nastanie jedna owczarnia i jeden pasterz.<\/b><\/span><\/span><\/span><\/p>\n<p align=\"justify\"><span style=\"color: #000000;\"><span style=\"font-family: Book Antiqua, serif;\"><span style=\"font-size: large;\"><b>Dlatego mi\u0142uje Mnie Ojciec, bo Ja \u017cycie moje oddaj\u0119, aby je potem zn\u00f3w odzyska\u0107. Nikt mi go nie zabiera, lecz Ja od siebie je oddaj\u0119. Mam moc je odda\u0107 i mam moc je zn\u00f3w odzyska\u0107. Taki nakaz otrzyma\u0142em od mojego Ojca\u201d.<\/b><\/span><\/span><\/span><\/p>\n<p align=\"justify\">\n<p align=\"justify\">\n<p align=\"justify\">\n<p align=\"justify\">\n<p align=\"justify\">\n<p align=\"justify\"><span style=\"color: #000000;\"><span style=\"font-family: Book Antiqua, serif;\"><span style=\"font-size: large;\">Oto <b>konfrontacja, a wr\u0119cz zderzenie,<\/b> \u015bwiata duchowego, Bo\u017cego \u015bwiata \u2013 z tym ziemskim \u015bwiatem! Oto konfrontacja, a wr\u0119cz zderzenie, <b>tego co widzialne, <\/b>dotykalne i po ludzku do\u015bwiadczalne \u2013 <b>z tym, co niewidzialne, <\/b>niedotykalne\u2026 Ale czy tak\u017ce <b>po ludzku niedo\u015bwiadczalne?<\/b> A tym samym \u2013 <b>nierealne?\u2026<\/b> O takim w\u0142a\u015bnie zderzeniu, o takiej konfrontacji, m\u00f3wi nam dzisiejsza liturgia S\u0142owa. <\/span><\/span><\/span><\/p>\n<p align=\"justify\"><span style=\"color: #000000;\"><span style=\"font-family: Book Antiqua, serif;\"><span style=\"font-size: large;\">Zauwa\u017cmy, w pierwszym czytaniu, mamy <b>rozmow\u0119 Piotra, a wi\u0119c Aposto\u0142a Jezusa Chrystusa, <\/b>cz\u0142owieka oddanego na wy\u0142\u0105czn\u0105 s\u0142u\u017cb\u0119 Niebu \u2013 z przes\u0142uchuj\u0105c\u0105 go <b>elit\u0105 narodu \u017cydowskiego,<\/b> z definicji tak\u017ce s\u0142u\u017c\u0105ca Bogu, ale w rzeczywisto\u015bci <b>przykut\u0105<\/b> <b>do ziemi<\/b> swoim my\u015bleniem i spojrzeniem na rzeczywisto\u015b\u0107<b>.<\/b> Rozmowa dotyczy cudownego uzdrowienia cz\u0142owieka, a wi\u0119c <b>faktu wyra\u017anie widzialnego i do\u015bwiadczalnego<\/b> przez wszystkich, kt\u00f3rzy byli na miejscu i to widzieli. <\/span><\/span><\/span><\/p>\n<p align=\"justify\"><span style=\"color: #000000;\"><span style=\"font-family: Book Antiqua, serif;\"><span style=\"font-size: large;\">Piotr jednak o\u015bwiadcza: <i><b>Prze\u0142o\u017ceni ludu i starsi! Je\u017celi przes\u0142uchujecie nas dzisiaj w sprawie dobrodziejstwa, dzi\u0119ki kt\u00f3remu chory cz\u0142owiek uzyska\u0142 zdrowie, to niech b\u0119dzie wiadomo wam wszystkim i ca\u0142emu ludowi Izraela, \u017ce w imi\u0119 Jezusa Chrystusa Nazarejczyka, kt\u00f3rego wy ukrzy\u017cowali\u015bcie, a kt\u00f3rego B\u00f3g wskrzesi\u0142 z martwych, \u017ce przez Niego ten cz\u0142owiek stan\u0105\u0142 przed wami zdrowy. <\/b><\/i>Zatem, kolejny element owej konfrontacji \u201eziemskiego\u201d z \u201eniebia\u0144skim\u201d. <\/span><\/span><\/span><\/p>\n<p align=\"justify\"><span style=\"color: #000000;\"><span style=\"font-family: Book Antiqua, serif;\"><span style=\"font-size: large;\">Jak i w dalszych s\u0142owach Piotra: <i><b>On<\/b><\/i><b> <\/b><b>[czyli Jezus] <\/b><i><b>jest kamieniem, odrzuconym przez was, buduj\u0105cych, tym, kt\u00f3ry sta\u0142 si\u0119 kamieniem w\u0119gielnym. I nie ma w \u017cadnym innym zbawienia, gdy\u017c nie dano ludziom pod niebem \u017cadnego innego imienia, w kt\u00f3rym mogliby\u015bmy by\u0107 zbawieni. <\/b><\/i>Zatem, konfrontacja <b>w samej Osobie Jezusa Chrystusa,<\/b> a mo\u017ce dok\u0142adniej: <b>w spojrzeniu \u015bwiata na Jego Osob\u0119.<\/b> <\/span><\/span><\/span><\/p>\n<p align=\"justify\"><span style=\"color: #000000;\"><span style=\"font-family: Book Antiqua, serif;\"><span style=\"font-size: large;\">Bo \u015bwiat w\u0142a\u015bnie<b> Go odrzuci\u0142 \u2013 i ci\u0105gle odrzuca, <\/b>a w naszych czasach to ju\u017c wyj\u0105tkowo \u2013 gdy tymczasem <b>to On jest nadziej\u0105 dla \u015bwiata,<\/b> On jest zbawieniem \u015bwiata, On jest kamieniem <b>w\u0119gielnym i fundamentem Ko\u015bcio\u0142a,<\/b> a wi\u0119c tego wszystkiego, co okre\u015bla i sytuuje rzeczywisto\u015b\u0107 Nieba na tej ziemi. Tak, to w\u0142a\u015bnie Jezus Chrystus \u2013 znak sprzeciwu dla \u015bwiata \u2013 <b>jeden wielki Paradoks w oczach \u015bwiata! <\/b>On, kt\u00f3ry zst\u0105pi\u0142 z Nieba, sta\u0142 si\u0119 jednym z nas, a nawet potraktowany przez nas (czyli ludzi wszystkich czas\u00f3w)<b> jako przest\u0119pca i skazany ludzkim wyrokiem <\/b>na \u015bmier\u0107, jednak moc\u0105 Nieba <b>powsta\u0142 z martwych<\/b> i do tego\u017c Nieba powr\u00f3ci\u0142, aby otworzy\u0107 nam wszystkim jego bramy. Oto zderzenie ziemi z Niebem, konfrontacja\u2026 <\/span><\/span><\/span><\/p>\n<p align=\"justify\"><span style=\"color: #000000;\"><span style=\"font-family: Book Antiqua, serif;\"><span style=\"font-size: large;\">No, w\u0142a\u015bnie\u2026 Czy aby na pewno? A mo\u017ce jednak <b>przenikanie si\u0119, wsp\u00f3\u0142dzia\u0142anie?\u2026 <\/b>Jezus bardzo pragn\u0105\u0142 i stale pragnie <b>wsp\u00f3\u0142dzia\u0142ania, przenikania <\/b><b>si\u0119<\/b> obu rzeczywisto\u015bci. Dlatego sam przyszed\u0142 z wysoko\u015bci Nieba i sta\u0142 si\u0119 cz\u0142owiekiem, aby w ten spos\u00f3b <b>doceni\u0107 i u\u015bwi\u0119ci\u0107<\/b> t\u0119 ziemsk\u0105 doczesn\u0105 rzeczywisto\u015b\u0107. A o tej swojej misji m\u00f3wi dzisiaj tak: <i><b>Ja jestem dobrym pasterzem. Dobry pasterz daje \u017cycie swoje za owce. Najemnik za\u015b i ten, kto nie jest pasterzem, do kt\u00f3rego owce nie nale\u017c\u0105, widz\u0105c nadchodz\u0105cego wilka, opuszcza owce i ucieka, a wilk je porywa i rozprasza. Najemnik ucieka dlatego, \u017ce jest najemnikiem i nie zale\u017cy mu na owcach.<\/b><\/i><b> <\/b><\/span><\/span><\/span><\/p>\n<p align=\"justify\"><span style=\"color: #000000;\"><span style=\"font-family: Book Antiqua, serif;\"><span style=\"font-size: large;\">Mamy tu zatem ponownie obraz <b>\u015bwiata, kt\u00f3ry tak bardzo r\u00f3\u017cni si\u0119<\/b> od tego, jakim Jezus chcia\u0142by go widzie\u0107\u2026 Ale Jezus w\u0142a\u015bnie po to przyszed\u0142 na ten \u015bwiat, aby <b>uczyni\u0107 go przedsionkiem Nieba, <\/b>ale nade wszystko: aby nas wszystkich, z tego \u015bwiata \u2013 takiego, jakim on jest \u2013 <b>przeprowadzi\u0107 do Nieba. <\/b><\/span><\/span><\/span><\/p>\n<p align=\"justify\"><span style=\"color: #000000;\"><span style=\"font-family: Book Antiqua, serif;\"><span style=\"font-size: large;\">Dlatego s\u0142yszymy dzi\u015b takie Jego s\u0142owa: <i><b>Ja jestem dobrym pasterzem i znam owce moje, a moje Mnie znaj\u0105, podobnie jak Mnie zna Ojciec, a Ja znam Ojca. \u017bycie moje oddaj\u0119 za owce. Mam tak\u017ce inne owce, kt\u00f3re nie s\u0105 z tej owczarni. I te musz\u0119 przyprowadzi\u0107 i b\u0119d\u0105 s\u0142ucha\u0107 g\u0142osu mego, i nastanie jedna owczarnia i jeden pasterz. <\/b><\/i>Wszyscy, naprawd\u0119 wszyscy \u2013 tak\u017ce ci, kt\u00f3rzy teraz s\u0105 daleko: mo\u017ce zbuntowani, a mo\u017ce pogubieni \u2013<b> s\u0105 zaproszeni do tej jednej Owczarni,<\/b> do tej jednej Wsp\u00f3lnoty, kt\u00f3rej <b>Pasterzem i Przewodnikiem jest Jezus Chrystus. <\/b><\/span><\/span><\/span><\/p>\n<p align=\"justify\"><span style=\"color: #000000;\"><span style=\"font-family: Book Antiqua, serif;\"><span style=\"font-size: large;\">\u015awietnie to komentuje Jan Aposto\u0142, gdy w drugim dzisiejszym czytaniu stwierdza: <i><b>Popatrzcie, jak\u0105 mi\u0142o\u015bci\u0105 obdarzy\u0142 nas Ojciec: zostali\u015bmy nazwani dzie\u0107mi Bo\u017cymi; i rzeczywi\u015bcie nimi jeste\u015bmy. \u015awiat za\u015b dlatego nas nie zna, \u017ce nie pozna\u0142 Jego. Umi\u0142owani,<\/b><\/i><b> <\/b><i><b>obecnie jeste\u015bmy dzie\u0107mi Bo\u017cymi, ale jeszcze si\u0119 nie ujawni\u0142o, czym b\u0119dziemy. Wiemy, \u017ce gdy si\u0119 to ujawni, b\u0119dziemy do Niego podobni; bo ujrzymy Go takim, jakim jest. <\/b><\/i><\/span><\/span><\/span><\/p>\n<p align=\"justify\"><span style=\"color: #000000;\"><span style=\"font-family: Book Antiqua, serif;\"><span style=\"font-size: large;\">Znowu widzimy konfrontacj\u0119: <b>\u015bwiata, kt\u00f3ry nie pozna\u0142 Jezusa, <\/b>bo nie chcia\u0142 Go pozna\u0107, bo Go ostatecznie odrzuci\u0142 \u2013 <b>z rzeczywisto\u015bci\u0105 duchow\u0105,<\/b> rzeczywisto\u015bci\u0105 niebia\u0144sk\u0105, tworzon\u0105 przez dzieci Bo\u017ce, a wi\u0119c przez nas wszystkich, <b>pod wodz\u0105 Jezusa Chrystusa, <\/b><b>d<\/b><b>obrego Pasterza. <\/b><\/span><\/span><\/span><\/p>\n<p align=\"justify\"><span style=\"color: #000000;\"><span style=\"font-family: Book Antiqua, serif;\"><span style=\"font-size: large;\">I to jest w\u0142a\u015bnie przes\u0142anie dzisiejszej liturgii S\u0142owa, moi Drodzy: owo zderzenie, konfrontacja <b>\u015bwiata widzialnego z niewidzialnym,<\/b> kt\u00f3r\u0105 to konfrontacj\u0119 my, uczniowie Jezusa Chrystusa, Jego wyznawcy, \u015bwiadkowie i przyjaciele \u2013 chcemy uczyni\u0107 <b>wsp\u00f3\u0142dzia\u0142aniem, przenikaniem si\u0119, wsp\u00f3\u0142prac\u0105\u2026<\/b> Chcemy t\u0119 rzeczywisto\u015b\u0107 ziemsk\u0105 uczyni\u0107 <b>drog\u0105 do Nieba!<\/b> Chcemy t\u0119 rzeczywisto\u015b\u0107 ziemsk\u0105 uczyni\u0107 <b>przedsionkiem Nieba! <\/b>A stanie si\u0119 tak, je\u017celi <b>p\u00f3jdziemy za Jezusem, <\/b>naszym Przyjacielem \u2013 dobrym Pasterzem swego ludu. <\/span><\/span><\/span><\/p>\n<p align=\"justify\"><span style=\"color: #000000;\"><span style=\"font-family: Book Antiqua, serif;\"><span style=\"font-size: large;\">Owszem, wielu dzisiejsz\u0105 niedziel\u0119 kojarzy wy\u0142\u0105cznie <b>z tematyk\u0105 powo\u0142a\u0144 kap\u0142a\u0144skich i zakonnych<\/b> oraz z kwestiami, dotycz\u0105cymi \u017cycia i pos\u0142ugiwania <b>os\u00f3b duchownych i konsekrowanych.<\/b> Nawet nazywamy t\u0119 dzisiejsz\u0105 niedziel\u0119 \u2013 <b>N<\/b><b>iedziel\u0105 <\/b><b>D<\/b><b>obrego Pasterza. <\/b>Oczywi\u015bcie, tak jest ze wzgl\u0119du na tre\u015b\u0107 dzisiejszej Ewangelii, w kt\u00f3rej to Jezus <b>sam wskazuje na siebie jako na dobrego Pasterza. <\/b>I to we wszystkich trzech cyklach \u2013 A, B i C \u2013 jakie liturgia przewiduje dla czyta\u0144 niedzielnych, Ewangelia podejmuje w\u0142a\u015bnie ten temat: <b>Jezus jest Pasterzem swojego ludu,<\/b> jest dobrym Pasterzem, oddanym swemu ludowi, zatroskanym o sw\u00f3j lud, <b>kochaj\u0105cym i prowadz\u0105cym swoje owce<\/b> bezpiecznymi drogami do Owczarni, w kt\u00f3rej chce wszystkich zebra\u0107 i zjednoczy\u0107. <\/span><\/span><\/span><\/p>\n<p align=\"justify\"><span style=\"color: #000000;\"><span style=\"font-family: Book Antiqua, serif;\"><span style=\"font-size: large;\">\u0141atwo w tym kontek\u015bcie skojarzy\u0107 taki obraz <b>z obrazem ziemskiego pasterza <\/b>\u2013 w sensie: osoby duchownej lub konsekrowanej \u2013 kt\u00f3ra pod kierunkiem Jezusa, a wr\u0119cz <b>w Jego osobie i w Jego imi\u0119, <\/b>tak\u017ce prowadzi lud do jednej, tej samej zreszt\u0105 Owczarni. I dlatego dzisiaj <b>modlimy si\u0119 o nowe powo\u0142ania kap\u0142a\u0144skie i zakonne,<\/b> a mo\u017ce bardziej: modlimy si\u0119 za tych, kt\u00f3rzy to Bo\u017ce wezwanie zapewne s\u0142ysz\u0105 gdzie\u015b w g\u0142\u0119bi serca, <b>ale skrz\u0119tnie je zag\u0142uszaj\u0105, <\/b>albo <b>przed nim uciekaj\u0105,<\/b> bo zwyczajnie obawiaj\u0105 si\u0119 wej\u015b\u0107 w rzeczywisto\u015b\u0107, kt\u00f3ra b\u0119dzie im nakazywa\u0142a ci\u0105g\u0142e <b>t\u0142umaczenie si\u0119 przed ca\u0142ym \u015bwiatem, \u017ce w og\u00f3le \u017cyj\u0105 i oddychaj\u0105,<\/b> bo z g\u00f3ry b\u0119d\u0105 podejrzani <b>o <\/b><b>pedofili\u0119, homoseksualizm, molestowanie, albo przekr\u0119ty finansowe \u2013<\/b> czy o cokolwiek innego, co si\u0119 tam wsp\u00f3\u0142czesnemu \u015bwiatu za\u017cyczy. <\/span><\/span><\/span><\/p>\n<p align=\"justify\"><span style=\"color: #000000;\"><span style=\"font-family: Book Antiqua, serif;\"><span style=\"font-size: large;\">M\u0142odzi ludzie, otwarci i zapaleni do czynienia i niesienia dobra innym, <b>nie chc\u0105 nosi\u0107 na sobie ci\u0105g\u0142ego pi\u0119tna,<\/b> jakim naznacz\u0105 ich wsp\u00f3\u0142cze\u015bni oskar\u017cyciele i krytycy, dzia\u0142aj\u0105cy rzecz jasna \u2013 bo jak\u017ce by inaczej \u2013 <b>dla dobra Ko\u015bcio\u0142a, w trosce o Ko\u015bci\u00f3\u0142! Naturalnie! <\/b>Dlatego trudno si\u0119 dziwi\u0107 m\u0142odym ludziom, kt\u00f3rzy kiedy tylko otworz\u0105 komputer i wejd\u0105 w internet, od razu \u201ena dzie\u0144 dobry\u201d <b>maj\u0105 dawk\u0119 sensacyjnych news\u00f3w<\/b> o kolejnych przekr\u0119tach lub zboczeniach ksi\u0119\u017cy lub os\u00f3b zakonnych \u2013 <b>\u017ce nie spiesz\u0105 si\u0119 z wyborem tej drogi. <\/b><\/span><\/span><\/span><\/p>\n<p align=\"justify\"><span style=\"color: #000000;\"><span style=\"font-family: Book Antiqua, serif;\"><span style=\"font-size: large;\">I niewa\u017cne, \u017ce te newsy s\u0105 jeszcze nie sprawdzone, nie udowodnione, a mo\u017ce w og\u00f3le nie b\u0119d\u0105 nigdy udowodnione \u2013 niewa\u017cne! Najwa\u017cniejsze, \u017ce <b>jest jakie\u015b b\u0142oto, wi\u0119c mo\u017cna nim rzuci\u0107 \u2013 zawsze co\u015b si\u0119 przylepi!<\/b> Jak w takiej atmosferze m\u0142odzi ludzie maj\u0105 wybiera\u0107 t\u0119 drog\u0119? Jak maj\u0105 po\u015bwi\u0119ca\u0107 sw\u00f3j czas <b>na d\u0142ugie rozmowy \u2013 jeden na jeden <\/b>\u2013 cz\u0119stokro\u0107 po\u0142\u0105czone tak\u017ce <b>ze Spowiedzi\u0105,<\/b> kiedy potem, nawet po dwudziestu latach, nagle zostan\u0105 przez kogo\u015b oskar\u017ceni, \u017ce w\u0142a\u015bnie wtedy kogo\u015b molestowali, albo jeszcze co\u015b tam wyprawiali. <\/span><\/span><\/span><\/p>\n<p align=\"justify\"><span style=\"color: #000000;\"><span style=\"font-family: Book Antiqua, serif;\"><span style=\"font-size: large;\">Oczywi\u015bcie, trzeba dla ca\u0142o\u015bciowego obrazu sprawy i pe\u0142nej uczciwo\u015bci przyzna\u0107, \u017ce <b>s\u0105 przypadki faktycznego <\/b><b>z\u0142ego post\u0119powania duchownych<\/b> w tej materii. I w takich sytuacjach z pewno\u015bci\u0105 trzeba wyci\u0105ga\u0107 wszelkie konsekwencje! Ale nie mo\u017ce to by\u0107<b> usprawiedliwieniem dla <\/b><b>og\u00f3lnej<\/b><b> nagonki,<\/b> z jak\u0105 mamy obecnie do czynienia, nie mo\u017ce te\u017c prowadzi\u0107 do oskar\u017cania o te przest\u0119pstwa wszystkich ksi\u0119\u017cy lub os\u00f3b zakonnych. <\/span><\/span><\/span><\/p>\n<p align=\"justify\"><span style=\"color: #000000;\"><span style=\"font-family: Book Antiqua, serif;\"><span style=\"font-size: large;\">Dlatego trzeba nam si\u0119 <b>modli\u0107 o odwag\u0119<\/b> dla wszystkich, kt\u00f3rzy odkrywaj\u0105 w sobie to Jezusowe zaproszenie, aby pomimo wszystko i wszystkiego \u2013 zaufali Jezusowi i za Jego g\u0142osem poszli. Aby w tej swoistej <b>konfrontacji g\u0142osu <\/b><b>Jezusa<\/b><b> z nastawieniem \u015bwiata<\/b> \u2013 w ich sercach zwyci\u0119\u017ca\u0142a opcja Jezusowa. Pomimo wszystko i wszystkiego! Modlimy si\u0119 tak\u017ce za tych, kt\u00f3rzy <b>ju\u017c pe\u0142ni\u0105 t\u0119 misj\u0119,<\/b> aby byli <b>dobrymi Pasterzami Ludu Bo\u017cego<\/b> \u2013 szczeg\u00f3lnie w dzisiejszych, tak trudnych czasach. <\/span><\/span><\/span><\/p>\n<p align=\"justify\"><span style=\"color: #000000;\"><span style=\"font-family: Book Antiqua, serif;\"><span style=\"font-size: large;\">Natomiast na pewno nie mo\u017cemy ca\u0142ej tre\u015bci dzisiejszego Bo\u017cego s\u0142owa<b> sprowadzi\u0107 tylko do tego jednego wymiaru.<\/b> Jezus bowiem jest <b>dobrym Pasterzem dla wszystkich: <\/b>dla duchownych, ale i dla \u015bwieckich\u2026 I st\u0105d te\u017c dzisiejsze s\u0142owo <b>wzywa do dzia\u0142ania wszystkich,<\/b> nie tylko duchownych. W\u0142a\u015bnie do tego, by\u015bmy wszyscy, w konfrontacji tego co ziemskie, z tym, co Bo\u017ce, co niebia\u0144skie \u2013 <b>umieli si\u0119 odnale\u017a\u0107 po w\u0142a\u015bciwej stronie. <\/b><\/span><\/span><\/span><\/p>\n<p align=\"justify\"><span style=\"color: #000000;\"><span style=\"font-family: Book Antiqua, serif;\"><span style=\"font-size: large;\">By\u015bmy <b>nie szli za samozwa\u0144czymi pasterzami<\/b> \u2013 uzurpatorami \u2013 kt\u00f3rzy zupe\u0142nie nie wiedzie\u0107, z jakiego powodu, roszcz\u0105 sobie pretensje i <b>daj\u0105 sobie prawo, by nam ustawia\u0107 \u017cycie,<\/b> by o nim szczeg\u00f3\u0142owo decydowa\u0107, by okre\u015bla\u0107 nawet to, co mamy je\u015b\u0107 i<b> co powinno, a co nie powinno nam smakowa\u0107;<\/b> jakimi samochodami mamy je\u017adzi\u0107; jak rolnicy maj\u0105 uprawia\u0107 pole, a jak nie uprawia\u0107\u2026 I w\u0142a\u015bciwie w ka\u017cdej dziedzinie naszego \u017cycia i najbardziej zwyczajnego, codziennego funkcjonowania, owi samozwa\u0144czy pasterze o\u015bmielaj\u0105 si\u0119 <b>narzuca\u0107 nam sw\u00f3j punkt widzenia, swoj\u0105 wol\u0119, <\/b>swoje jedynie s\u0142uszne przekonania i pogl\u0105dy. Od nich te\u017c dowiemy si\u0119 \u2013 a jak\u017ce! \u2013 <b>co mamy my\u015ble\u0107 i m\u00f3wi\u0107!<\/b> <\/span><\/span><\/span><\/p>\n<p align=\"justify\"><span style=\"color: #000000;\"><span style=\"font-family: Book Antiqua, serif;\"><span style=\"font-size: large;\">I c\u00f3\u017c my na to?\u2026 Jak na to zareagujemy? <b>Wolna wola!<\/b> Je\u017celi kto\u015b chce by\u0107 tak prowadzany, \u201eza r\u0105czk\u0119\u201d i jak dziecko we mgle, to nikt nikomu nie zabroni. Jednak ten, kto chce swoje \u017cycie u\u0142o\u017cy\u0107 po Bo\u017cemu, m\u0105drze i sensownie \u2013<b> p\u00f3jdzie za jedynym Pasterzem! <\/b><b>Za d<\/b><b>obrym Pasterzem! <\/b>Takim, kt\u00f3ry nie oszuka, w pole nie wyprowadzi, nie b\u0119dzie chcia\u0142 nikogo wykorzysta\u0107 dla prywatnych cel\u00f3w. <\/span><\/span><\/span><\/p>\n<p align=\"justify\"><span style=\"color: #000000;\"><span style=\"font-family: Book Antiqua, serif;\"><span style=\"font-size: large;\">A doskonale wiemy, \u017ce takim pewnym i sprawdzonym, niezawodnym i wypr\u00f3bowanym Pasterzem i Przyjacielem \u2013 <b>jest <\/b><b>tylko <\/b><b>Jezus Chrystus!<\/b> Dlatego<b> tylko Jego zasadami<\/b> kierujmy si\u0119 w naszej codzienno\u015bci, <b>tylko <\/b><b>Jego nauk\u0119<\/b> wprowadzajmy w realia naszego \u017cycia rodzinnego, naszej pracy, naszego uczenia si\u0119, naszego studiowania. <b>Tylko Jego zasad<\/b><b> przestrzegajmy<\/b><b>! <\/b>A je\u017celi ju\u017c od nich odeszli\u015bmy \u2013 to <b>wracajmy do nich <\/b><b>jak najszybciej<\/b><b>!<\/b> <\/span><\/span><\/span><\/p>\n<p align=\"justify\"><span style=\"color: #000000;\"><span style=\"font-family: Book Antiqua, serif;\"><span style=\"font-size: large;\">Bo nie ma \u2013 naprawd\u0119 nie ma, bo nigdy nie by\u0142o i nigdy nie b\u0119dzie \u2013 <b>innego sposobu na rozwi\u0105zanie naszych problem\u00f3w, <\/b><b>na <\/b>wyciszenie gn\u0119bi\u0105cych nas napi\u0119\u0107 i konflikt\u00f3w, na pokonanie naszych zmartwie\u0144, <b>jak p\u00f3j\u015bcie za Jezusem, dobrym Pasterzem. <\/b>Zaakceptowanie Jego zasad \u2013<b> i to na sto procent! <\/b>Jakiekolwiek pr\u00f3by rozwi\u0105zywania naszych codziennych i obecnych problem\u00f3w \u2013 bez Jezusa, jakimi\u015b obcymi Mu sposobami, <b>z g\u00f3ry skazane jest na pora\u017ck\u0119. <\/b>I pod\u0105\u017canie <b>za samozwa\u0144czymi pasterzami,<\/b> nie zwi\u0105zanymi z Jezusem, nie w Jego imi\u0119 dzia\u0142aj\u0105cymi, nie upowa\u017cnionymi przez Niego \u2013<b> to skazywanie si<\/b><b>\u0119<\/b><b> na b\u0142\u0105dzenie<\/b> i pod\u0105\u017canie prost\u0105 drog\u0105 do przepa\u015bci. <\/span><\/span><\/span><\/p>\n<p align=\"justify\"><span style=\"color: #000000;\"><span style=\"font-family: Book Antiqua, serif;\"><span style=\"font-size: large;\"><b>Jedynym Pasterzem,<\/b> pewnym i dobrym,<b> jest Jezus Chrystus!<\/b> I <b>jedynym<\/b><b> Lekarstwem<\/b> na wszystkie bol\u0105czki \u015bwiata \u2013 w tym tak\u017ce na nasze, obecne i przysz\u0142e problemy \u2013 jest<b> Jego wizja \u015bwiata. <\/b><b>Jego S\u0142owo i Jego Sakramenty.<\/b><b> <\/b><\/span><\/span><\/span><\/p>\n<p align=\"justify\"><span style=\"color: #000000;\"><span style=\"font-family: Book Antiqua, serif;\"><span style=\"font-size: large;\">Uwierzmy w to wreszcie!<\/span><\/span><\/span><\/p>\n","protected":false},"excerpt":{"rendered":"<p>Niech b\u0119dzie pochwalony Jezus Chrystus! Moi Drodzy, w dniu dzisiejszym urodziny prze\u017cywa m\u00f3j Kolega z Roku \u015awi\u0119ce\u0144, Ksi\u0105dz Marek Andrzejuk, Proboszcz Parafii Jeziorzany, w Diecezji siedleckiej. Dzi\u0119kuj\u0105c za nasz dobry kontakt, \u017cycz\u0119 gorliwo\u015bci i zapa\u0142u w pe\u0142nieniu kap\u0142a\u0144skiej pos\u0142ugi. Zapewniam o modlitwie! A ja dzisiaj \u2013 przez pierwsz\u0105 cz\u0119\u015b\u0107 dnia \u2013 b\u0119d\u0119 pos\u0142ugiwa\u0142 w Parafii [&hellip;]<\/p>\n","protected":false},"author":1,"featured_media":0,"comment_status":"open","ping_status":"open","sticky":false,"template":"","format":"standard","meta":{"jetpack_post_was_ever_published":false,"_jetpack_newsletter_access":"","_jetpack_dont_email_post_to_subs":false,"_jetpack_newsletter_tier_id":0,"_jetpack_memberships_contains_paywalled_content":false,"_jetpack_memberships_contains_paid_content":false,"footnotes":""},"categories":[1],"tags":[],"class_list":["post-22422","post","type-post","status-publish","format-standard","hentry","category-bez-kategorii"],"yoast_head":"<!-- This site is optimized with the Yoast SEO plugin v25.1 - https:\/\/yoast.com\/wordpress\/plugins\/seo\/ -->\n<title>Jedyny i prawdziwy Pasterz! - Gaudium Et Spes<\/title>\n<meta name=\"robots\" content=\"index, follow, max-snippet:-1, max-image-preview:large, max-video-preview:-1\" \/>\n<link rel=\"canonical\" href=\"https:\/\/gaudiumetspes-blog.pl\/index.php\/2024\/04\/21\/jedyny-i-prawdziwy-pasterz\/\" \/>\n<meta property=\"og:locale\" content=\"pl_PL\" \/>\n<meta property=\"og:type\" content=\"article\" \/>\n<meta property=\"og:title\" content=\"Jedyny i prawdziwy Pasterz! - Gaudium Et Spes\" \/>\n<meta property=\"og:description\" content=\"Niech b\u0119dzie pochwalony Jezus Chrystus! Moi Drodzy, w dniu dzisiejszym urodziny prze\u017cywa m\u00f3j Kolega z Roku \u015awi\u0119ce\u0144, Ksi\u0105dz Marek Andrzejuk, Proboszcz Parafii Jeziorzany, w Diecezji siedleckiej. Dzi\u0119kuj\u0105c za nasz dobry kontakt, \u017cycz\u0119 gorliwo\u015bci i zapa\u0142u w pe\u0142nieniu kap\u0142a\u0144skiej pos\u0142ugi. Zapewniam o modlitwie! A ja dzisiaj \u2013 przez pierwsz\u0105 cz\u0119\u015b\u0107 dnia \u2013 b\u0119d\u0119 pos\u0142ugiwa\u0142 w Parafii [&hellip;]\" \/>\n<meta property=\"og:url\" content=\"https:\/\/gaudiumetspes-blog.pl\/index.php\/2024\/04\/21\/jedyny-i-prawdziwy-pasterz\/\" \/>\n<meta property=\"og:site_name\" content=\"Gaudium Et Spes\" \/>\n<meta property=\"article:published_time\" content=\"2024-04-20T22:26:24+00:00\" \/>\n<meta name=\"author\" content=\"Ks. Jacek\" \/>\n<meta name=\"twitter:card\" content=\"summary_large_image\" \/>\n<meta name=\"twitter:label1\" content=\"Napisane przez\" \/>\n\t<meta name=\"twitter:data1\" content=\"Ks. Jacek\" \/>\n\t<meta name=\"twitter:label2\" content=\"Szacowany czas czytania\" \/>\n\t<meta name=\"twitter:data2\" content=\"14 minut\" \/>\n<script type=\"application\/ld+json\" class=\"yoast-schema-graph\">{\"@context\":\"https:\/\/schema.org\",\"@graph\":[{\"@type\":\"WebPage\",\"@id\":\"https:\/\/gaudiumetspes-blog.pl\/index.php\/2024\/04\/21\/jedyny-i-prawdziwy-pasterz\/\",\"url\":\"https:\/\/gaudiumetspes-blog.pl\/index.php\/2024\/04\/21\/jedyny-i-prawdziwy-pasterz\/\",\"name\":\"Jedyny i prawdziwy Pasterz! - Gaudium Et Spes\",\"isPartOf\":{\"@id\":\"https:\/\/gaudiumetspes-blog.pl\/#website\"},\"datePublished\":\"2024-04-20T22:26:24+00:00\",\"author\":{\"@id\":\"https:\/\/gaudiumetspes-blog.pl\/#\/schema\/person\/1661982992b752dea8dff0d4ed845a65\"},\"breadcrumb\":{\"@id\":\"https:\/\/gaudiumetspes-blog.pl\/index.php\/2024\/04\/21\/jedyny-i-prawdziwy-pasterz\/#breadcrumb\"},\"inLanguage\":\"pl-PL\",\"potentialAction\":[{\"@type\":\"ReadAction\",\"target\":[\"https:\/\/gaudiumetspes-blog.pl\/index.php\/2024\/04\/21\/jedyny-i-prawdziwy-pasterz\/\"]}]},{\"@type\":\"BreadcrumbList\",\"@id\":\"https:\/\/gaudiumetspes-blog.pl\/index.php\/2024\/04\/21\/jedyny-i-prawdziwy-pasterz\/#breadcrumb\",\"itemListElement\":[{\"@type\":\"ListItem\",\"position\":1,\"name\":\"Strona g\u0142\u00f3wna\",\"item\":\"https:\/\/gaudiumetspes-blog.pl\/\"},{\"@type\":\"ListItem\",\"position\":2,\"name\":\"Jedyny i&nbsp;prawdziwy Pasterz!\"}]},{\"@type\":\"WebSite\",\"@id\":\"https:\/\/gaudiumetspes-blog.pl\/#website\",\"url\":\"https:\/\/gaudiumetspes-blog.pl\/\",\"name\":\"Gaudium Et Spes\",\"description\":\"Blog Ks. Jacka Ja\u015bkowskiego\",\"potentialAction\":[{\"@type\":\"SearchAction\",\"target\":{\"@type\":\"EntryPoint\",\"urlTemplate\":\"https:\/\/gaudiumetspes-blog.pl\/?s={search_term_string}\"},\"query-input\":{\"@type\":\"PropertyValueSpecification\",\"valueRequired\":true,\"valueName\":\"search_term_string\"}}],\"inLanguage\":\"pl-PL\"},{\"@type\":\"Person\",\"@id\":\"https:\/\/gaudiumetspes-blog.pl\/#\/schema\/person\/1661982992b752dea8dff0d4ed845a65\",\"name\":\"Ks. Jacek\",\"image\":{\"@type\":\"ImageObject\",\"inLanguage\":\"pl-PL\",\"@id\":\"https:\/\/gaudiumetspes-blog.pl\/#\/schema\/person\/image\/\",\"url\":\"https:\/\/gaudiumetspes-blog.pl\/wp-content\/uploads\/2019\/07\/avatar-JJ-150x150.jpg\",\"contentUrl\":\"https:\/\/gaudiumetspes-blog.pl\/wp-content\/uploads\/2019\/07\/avatar-JJ-150x150.jpg\",\"caption\":\"Ks. Jacek\"},\"description\":\"Witam serdecznie! K\u0142ania si\u0119 Ks. Jacek Ja\u015bkowski. Nie jestem ani kim\u015b wa\u017cnym, ani kim\u015b znanym. Jestem ksi\u0119dzem, kt\u00f3ry po prostu chce rozmawia\u0107. Codzienna kap\u0142a\u0144ska pos\u0142uga pokazuje mi, \u017ce temat\u00f3w do rozm\u00f3w z ksi\u0119dzem jest coraz wi\u0119cej i dzisiaj \u017caden ksi\u0105dz nie mo\u017ce od nich ucieka\u0107, ale - wprost przeciwnie - podejmowa\u0107 nowe wyzwania. To przekonanie sk\u0142oni\u0142o mnie do pr\u00f3by otwarcia tego\u017c bloga, chocia\u017c okazji do rozm\u00f3w na co dzie\u0144 - w konfesjonale i poza nim - na szcz\u0119\u015bcie nie brakuje. My\u015bl\u0119 jednak, \u017ce ten blog b\u0119dzie jeszcze jednym sposobem i przestrzeni\u0105 nawi\u0105zania kontaktu z lud\u017ami dobrej woli, otwartymi na dialog.\",\"url\":\"https:\/\/gaudiumetspes-blog.pl\/index.php\/author\/ks-jacek\/\"}]}<\/script>\n<!-- \/ Yoast SEO plugin. -->","yoast_head_json":{"title":"Jedyny i prawdziwy Pasterz! - Gaudium Et Spes","robots":{"index":"index","follow":"follow","max-snippet":"max-snippet:-1","max-image-preview":"max-image-preview:large","max-video-preview":"max-video-preview:-1"},"canonical":"https:\/\/gaudiumetspes-blog.pl\/index.php\/2024\/04\/21\/jedyny-i-prawdziwy-pasterz\/","og_locale":"pl_PL","og_type":"article","og_title":"Jedyny i prawdziwy Pasterz! - Gaudium Et Spes","og_description":"Niech b\u0119dzie pochwalony Jezus Chrystus! Moi Drodzy, w dniu dzisiejszym urodziny prze\u017cywa m\u00f3j Kolega z Roku \u015awi\u0119ce\u0144, Ksi\u0105dz Marek Andrzejuk, Proboszcz Parafii Jeziorzany, w Diecezji siedleckiej. Dzi\u0119kuj\u0105c za nasz dobry kontakt, \u017cycz\u0119 gorliwo\u015bci i zapa\u0142u w pe\u0142nieniu kap\u0142a\u0144skiej pos\u0142ugi. Zapewniam o modlitwie! A ja dzisiaj \u2013 przez pierwsz\u0105 cz\u0119\u015b\u0107 dnia \u2013 b\u0119d\u0119 pos\u0142ugiwa\u0142 w Parafii [&hellip;]","og_url":"https:\/\/gaudiumetspes-blog.pl\/index.php\/2024\/04\/21\/jedyny-i-prawdziwy-pasterz\/","og_site_name":"Gaudium Et Spes","article_published_time":"2024-04-20T22:26:24+00:00","author":"Ks. Jacek","twitter_card":"summary_large_image","twitter_misc":{"Napisane przez":"Ks. Jacek","Szacowany czas czytania":"14 minut"},"schema":{"@context":"https:\/\/schema.org","@graph":[{"@type":"WebPage","@id":"https:\/\/gaudiumetspes-blog.pl\/index.php\/2024\/04\/21\/jedyny-i-prawdziwy-pasterz\/","url":"https:\/\/gaudiumetspes-blog.pl\/index.php\/2024\/04\/21\/jedyny-i-prawdziwy-pasterz\/","name":"Jedyny i prawdziwy Pasterz! - Gaudium Et Spes","isPartOf":{"@id":"https:\/\/gaudiumetspes-blog.pl\/#website"},"datePublished":"2024-04-20T22:26:24+00:00","author":{"@id":"https:\/\/gaudiumetspes-blog.pl\/#\/schema\/person\/1661982992b752dea8dff0d4ed845a65"},"breadcrumb":{"@id":"https:\/\/gaudiumetspes-blog.pl\/index.php\/2024\/04\/21\/jedyny-i-prawdziwy-pasterz\/#breadcrumb"},"inLanguage":"pl-PL","potentialAction":[{"@type":"ReadAction","target":["https:\/\/gaudiumetspes-blog.pl\/index.php\/2024\/04\/21\/jedyny-i-prawdziwy-pasterz\/"]}]},{"@type":"BreadcrumbList","@id":"https:\/\/gaudiumetspes-blog.pl\/index.php\/2024\/04\/21\/jedyny-i-prawdziwy-pasterz\/#breadcrumb","itemListElement":[{"@type":"ListItem","position":1,"name":"Strona g\u0142\u00f3wna","item":"https:\/\/gaudiumetspes-blog.pl\/"},{"@type":"ListItem","position":2,"name":"Jedyny i&nbsp;prawdziwy Pasterz!"}]},{"@type":"WebSite","@id":"https:\/\/gaudiumetspes-blog.pl\/#website","url":"https:\/\/gaudiumetspes-blog.pl\/","name":"Gaudium Et Spes","description":"Blog Ks. Jacka Ja\u015bkowskiego","potentialAction":[{"@type":"SearchAction","target":{"@type":"EntryPoint","urlTemplate":"https:\/\/gaudiumetspes-blog.pl\/?s={search_term_string}"},"query-input":{"@type":"PropertyValueSpecification","valueRequired":true,"valueName":"search_term_string"}}],"inLanguage":"pl-PL"},{"@type":"Person","@id":"https:\/\/gaudiumetspes-blog.pl\/#\/schema\/person\/1661982992b752dea8dff0d4ed845a65","name":"Ks. Jacek","image":{"@type":"ImageObject","inLanguage":"pl-PL","@id":"https:\/\/gaudiumetspes-blog.pl\/#\/schema\/person\/image\/","url":"https:\/\/gaudiumetspes-blog.pl\/wp-content\/uploads\/2019\/07\/avatar-JJ-150x150.jpg","contentUrl":"https:\/\/gaudiumetspes-blog.pl\/wp-content\/uploads\/2019\/07\/avatar-JJ-150x150.jpg","caption":"Ks. Jacek"},"description":"Witam serdecznie! K\u0142ania si\u0119 Ks. Jacek Ja\u015bkowski. Nie jestem ani kim\u015b wa\u017cnym, ani kim\u015b znanym. Jestem ksi\u0119dzem, kt\u00f3ry po prostu chce rozmawia\u0107. Codzienna kap\u0142a\u0144ska pos\u0142uga pokazuje mi, \u017ce temat\u00f3w do rozm\u00f3w z ksi\u0119dzem jest coraz wi\u0119cej i dzisiaj \u017caden ksi\u0105dz nie mo\u017ce od nich ucieka\u0107, ale - wprost przeciwnie - podejmowa\u0107 nowe wyzwania. To przekonanie sk\u0142oni\u0142o mnie do pr\u00f3by otwarcia tego\u017c bloga, chocia\u017c okazji do rozm\u00f3w na co dzie\u0144 - w konfesjonale i poza nim - na szcz\u0119\u015bcie nie brakuje. My\u015bl\u0119 jednak, \u017ce ten blog b\u0119dzie jeszcze jednym sposobem i przestrzeni\u0105 nawi\u0105zania kontaktu z lud\u017ami dobrej woli, otwartymi na dialog.","url":"https:\/\/gaudiumetspes-blog.pl\/index.php\/author\/ks-jacek\/"}]}},"jetpack_featured_media_url":"","jetpack_sharing_enabled":true,"_links":{"self":[{"href":"https:\/\/gaudiumetspes-blog.pl\/index.php\/wp-json\/wp\/v2\/posts\/22422","targetHints":{"allow":["GET"]}}],"collection":[{"href":"https:\/\/gaudiumetspes-blog.pl\/index.php\/wp-json\/wp\/v2\/posts"}],"about":[{"href":"https:\/\/gaudiumetspes-blog.pl\/index.php\/wp-json\/wp\/v2\/types\/post"}],"author":[{"embeddable":true,"href":"https:\/\/gaudiumetspes-blog.pl\/index.php\/wp-json\/wp\/v2\/users\/1"}],"replies":[{"embeddable":true,"href":"https:\/\/gaudiumetspes-blog.pl\/index.php\/wp-json\/wp\/v2\/comments?post=22422"}],"version-history":[{"count":1,"href":"https:\/\/gaudiumetspes-blog.pl\/index.php\/wp-json\/wp\/v2\/posts\/22422\/revisions"}],"predecessor-version":[{"id":22423,"href":"https:\/\/gaudiumetspes-blog.pl\/index.php\/wp-json\/wp\/v2\/posts\/22422\/revisions\/22423"}],"wp:attachment":[{"href":"https:\/\/gaudiumetspes-blog.pl\/index.php\/wp-json\/wp\/v2\/media?parent=22422"}],"wp:term":[{"taxonomy":"category","embeddable":true,"href":"https:\/\/gaudiumetspes-blog.pl\/index.php\/wp-json\/wp\/v2\/categories?post=22422"},{"taxonomy":"post_tag","embeddable":true,"href":"https:\/\/gaudiumetspes-blog.pl\/index.php\/wp-json\/wp\/v2\/tags?post=22422"}],"curies":[{"name":"wp","href":"https:\/\/api.w.org\/{rel}","templated":true}]}}