{"id":22445,"date":"2024-05-01T09:02:04","date_gmt":"2024-05-01T07:02:04","guid":{"rendered":"https:\/\/gaudiumetspes-blog.pl\/?p=22445"},"modified":"2024-05-01T09:02:04","modified_gmt":"2024-05-01T07:02:04","slug":"ja-jestem-prawdziwy","status":"publish","type":"post","link":"https:\/\/gaudiumetspes-blog.pl\/index.php\/2024\/05\/01\/ja-jestem-prawdziwy\/","title":{"rendered":"Ja jestem prawdziwy&#8230;"},"content":{"rendered":"<p align=\"justify\"><span style=\"color: #000000;\"><span style=\"font-family: Book Antiqua, serif;\"><span style=\"font-size: large;\">Szcz\u0119\u015b\u0107 Bo\u017ce! Moi Drodzy, rozpoczynamy maj \u2013 jak zwyk\u0142o si\u0119 m\u00f3wi\u0107: najpi\u0119kniejszy miesi\u0105c w roku. Oby by\u0142 najpi\u0119kniejszy r\u00f3wnie\u017c duchowo \u2013 dzi\u0119ki naszej wsp\u00f3lnej i serdecznej modlitwy do Matki Naj\u015bwi\u0119tszej, s\u0142owami Litanii Loreta\u0144skiej. Gor\u0105co zach\u0119cam Wszystkich do codziennej modlitwy! Oczywi\u015bcie \u2013 najlepiej wsp\u00f3lnej! A je\u017celi si\u0119 nie da, to indywidualnej. Moi Drodzy, na to wszystko, co dzieje si\u0119 obecnie w naszej Ojczy\u017anie, w Ko\u015bciele i \u015bwiecie \u2013 niech ratunkiem b\u0119dzie nasza serdeczna modlitwa, zanoszona przez wstawiennictwo naszej najlepszej Matki!<\/span><\/span><\/span><\/p>\n<p align=\"justify\"><span style=\"color: #000000;\"><span style=\"font-family: Book Antiqua, serif;\"><span style=\"font-size: large;\">Ja dzisiaj, przez kilka godzin, b\u0119d\u0119 w Kodniu. Jak zawsze, zapewniam o mojej modlitewnej pami\u0119ci o Was, moi Drodzy, i o Waszych sprawach \u2013 przed Obliczem Pani Kode\u0144skiej.<\/span><\/span><\/span><\/p>\n<p align=\"justify\"><span style=\"color: #000000;\"><span style=\"font-family: Book Antiqua, serif;\"><span style=\"font-size: large;\">O 18:00 natomiast \u2013 Msza \u015awi\u0119ta w mojej rodzinnej Parafii. Rozpoczynam Msz\u0119 \u015awi\u0119t\u0105 gregoria\u0144sk\u0105 w intencji zmar\u0142ego Szymona \u2013 pi\u0119tnastolatka, kt\u00f3rego Pan odwo\u0142a\u0142 do siebie po ci\u0119\u017ckiej chorobie\u2026<\/span><\/span><\/span><\/p>\n<p align=\"justify\"><span style=\"color: #000000;\"><span style=\"font-family: Book Antiqua, serif;\"><span style=\"font-size: large;\">A teraz ju\u017c zapraszam do pochylenia si\u0119 nad Bo\u017cym s\u0142owem dzisiejszej liturgii. Oto s\u0142\u00f3wko Ksi\u0119dza Marka na dzi\u015b:<\/span><\/span><\/span><\/p>\n<p align=\"justify\"><span style=\"color: #000000;\"><span style=\"font-family: Book Antiqua, serif;\"><span style=\"font-size: medium;\"><a href=\"https:\/\/www.youtube.com\/c\/CatholicSurgut\"><span style=\"font-size: large;\"><b>https:\/\/www.youtube.com\/c\/CatholicSurgut<\/b><\/span><\/a><\/span><\/span><\/span><\/p>\n<p align=\"justify\"><span style=\"color: #000000;\"><span style=\"font-family: Book Antiqua, serif;\"><span style=\"font-size: large;\">Poni\u017cej za\u015b \u2013 s\u0142\u00f3wko Janka, przygotowane dzisiaj, zamiast poniedzia\u0142ku, kiedy Janek mia\u0142 inne wa\u017cne sprawy. Serdecznie dzi\u0119kuj\u0119 za to, \u017ce zawsze jest na stanowisku i ch\u0119tnie dzieli si\u0119 z nami swoimi szczerymi przemy\u015bleniami. <\/span><\/span><\/span><\/p>\n<p align=\"justify\"><span style=\"color: #000000;\"><span style=\"font-family: Book Antiqua, serif;\"><span style=\"font-size: large;\">Pomy\u015blmy i my, <b>co Pan konkretnie do mnie dzisiaj m\u00f3wi?<\/b> Niech Duch \u015awi\u0119ty b\u0119dzie dla nas \u015bwiat\u0142em i wsparciem!<\/span><\/span><\/span><\/p>\n<p align=\"justify\"><span style=\"color: #000000;\"><span style=\"font-family: Book Antiqua, serif;\"><span style=\"font-size: large;\"><b>Niech Was b\u0142ogos\u0142awi B\u00f3g Wszechmog\u0105cy: Ojciec + i Syn, i Duch \u015awi\u0119ty. Amen<\/b><\/span><\/span><\/span><\/p>\n<p align=\"center\"><span style=\"color: #000000;\"><span style=\"font-family: Book Antiqua, serif;\"><span style=\"font-size: large;\">Gaudium et spes! Ks. Jacek<\/span><\/span><\/span><\/p>\n<p align=\"center\">\n<p align=\"center\">\n<p align=\"center\">\n<p align=\"center\">\n<p align=\"center\">\n<p align=\"justify\"><span style=\"color: #000000;\"><span style=\"font-family: Book Antiqua, serif;\"><span style=\"font-size: large;\"><b>\u015aroda 5 Tygodnia Wielkanocnego,<\/b><\/span><\/span><\/span><\/p>\n<p align=\"justify\"><span style=\"color: #000000;\"><span style=\"font-family: Book Antiqua, serif;\"><span style=\"font-size: large;\"><b>1 maja 2024,\u00a0<\/b><\/span><\/span><\/span><\/p>\n<p align=\"justify\"><span style=\"color: #000000;\"><span style=\"font-family: Book Antiqua, serif;\"><span style=\"font-size: large;\"><b>do czyta\u0144: Dz 15,1\u20136; J 15,1\u20138<\/b><\/span><\/span><\/span><\/p>\n<p align=\"justify\">\n<p align=\"justify\">\n<p align=\"justify\">\n<p align=\"justify\">\n<p align=\"justify\">\n<p align=\"justify\"><span style=\"color: #000000;\"><span style=\"font-family: Book Antiqua, serif;\"><span style=\"font-size: large;\"><b>CZYTANIE Z DZIEJ\u00d3W APOSTOLSKICH: <\/b><\/span><\/span><\/span><\/p>\n<p align=\"justify\"><span style=\"color: #000000;\"><span style=\"font-family: Book Antiqua, serif;\"><span style=\"font-size: large;\"><b>W Antiochii niekt\u00f3rzy przybysze z Judei nauczali braci: \u201eJe\u017celi si\u0119 nie poddacie obrzezaniu wed\u0142ug zwyczaju Moj\u017ceszowego, nie mo\u017cecie by\u0107 zbawieni\u201d. <\/b><\/span><\/span><\/span><\/p>\n<p align=\"justify\"><span style=\"color: #000000;\"><span style=\"font-family: Book Antiqua, serif;\"><span style=\"font-size: large;\"><b>Kiedy dosz\u0142o do niema\u0142ych spor\u00f3w i zatarg\u00f3w mi\u0119dzy nimi a Paw\u0142em i Barnab\u0105, postanowiono, \u017ce Pawe\u0142 i Barnaba, i jeszcze kilku spo\u015br\u00f3d nich udadz\u0105 si\u0119 w sprawie tego sporu do Jerozolimy, do aposto\u0142\u00f3w i starszych. Wys\u0142ani przez Ko\u015bci\u00f3\u0142 szli przez Fenicj\u0119 i Samari\u0119, sprawiaj\u0105c wielk\u0105 rado\u015b\u0107 braciom opowiadaniem o nawr\u00f3ceniu pogan. <\/b><\/span><\/span><\/span><\/p>\n<p align=\"justify\"><span style=\"color: #000000;\"><span style=\"font-family: Book Antiqua, serif;\"><span style=\"font-size: large;\"><b>Kiedy przybyli do Jerozolimy, zostali przyj\u0119ci przez Ko\u015bci\u00f3\u0142, aposto\u0142\u00f3w i starszych. Opowiedzieli te\u017c, jak wielkich rzeczy B\u00f3g przez nich dokona\u0142. Lecz niekt\u00f3rzy nawr\u00f3ceni ze stronnictwa faryzeusz\u00f3w o\u015bwiadczyli: \u201eTrzeba ich obrzeza\u0107 i zobowi\u0105za\u0107 do przestrzegania Prawa Moj\u017ceszowego\u201d. Zebrali si\u0119 wi\u0119c aposto\u0142owie i starsi, aby rozpatrzy\u0107 t\u0119 spraw\u0119.<\/b><\/span><\/span><\/span><\/p>\n<p align=\"justify\">\n<p align=\"justify\">\n<p align=\"justify\">\n<p align=\"justify\">\n<p align=\"justify\">\n<p align=\"justify\"><span style=\"color: #000000;\"><span style=\"font-family: Book Antiqua, serif;\"><span style=\"font-size: large;\"><b>S\u0141OWA EWANGELII WED\u0141UG \u015aWI\u0118TEGO JANA: <\/b><\/span><\/span><\/span><\/p>\n<p align=\"justify\"><span style=\"color: #000000;\"><span style=\"font-family: Book Antiqua, serif;\"><span style=\"font-size: large;\"><b>Jezus powiedzia\u0142 do swoich uczni\u00f3w: \u201eJa jestem prawdziwym krzewem winnym, a Ojciec m\u00f3j jest tym, kt\u00f3ry uprawia. Ka\u017cd\u0105 latoro\u015bl, kt\u00f3ra we Mnie nie przynosi owocu, odcina, a ka\u017cd\u0105, kt\u00f3ra przynosi owoc, oczyszcza, aby przynosi\u0142a owoc obfitszy. Wy ju\u017c jeste\u015bcie czy\u015bci dzi\u0119ki s\u0142owu, kt\u00f3re wypowiedzia\u0142em do was. Trwajcie we Mnie, a Ja w was trwa\u0107 b\u0119d\u0119. Podobnie jak latoro\u015bl nie mo\u017ce przynosi\u0107 owocu sama z siebie, o ile nie trwa w winnym krzewie, tak samo i wy, je\u017celi we Mnie trwa\u0107 nie b\u0119dziecie. <\/b><\/span><\/span><\/span><\/p>\n<p align=\"justify\"><span style=\"color: #000000;\"><span style=\"font-family: Book Antiqua, serif;\"><span style=\"font-size: large;\"><b>Ja jestem krzewem winnym, wy \u2013 latoro\u015blami. Kto trwa we Mnie, a Ja w nim, ten przynosi owoc obfity, poniewa\u017c beze Mnie nic nie mo\u017cecie uczyni\u0107. Ten, kto we Mnie nie trwa, zostanie wyrzucony jak winna latoro\u015bl i uschnie. I zbiera si\u0119 j\u0105, i wrzuca do ognia, i p\u0142onie. <\/b><\/span><\/span><\/span><\/p>\n<p align=\"justify\"><span style=\"color: #000000;\"><span style=\"font-family: Book Antiqua, serif;\"><span style=\"font-size: large;\"><b>Je\u017celi we Mnie trwa\u0107 b\u0119dziecie, a s\u0142owa moje w was, popro\u015bcie, o cokolwiek chcecie, a to wam si\u0119 spe\u0142ni. Ojciec m\u00f3j przez to dozna chwa\u0142y, \u017ce owoc obfity przyniesiecie i staniecie si\u0119 moimi uczniami\u201d.<\/b><\/span><\/span><\/span><\/p>\n<p align=\"justify\">\n<p align=\"justify\">\n<p align=\"justify\">\n<p align=\"justify\">\n<p align=\"justify\">\n<p align=\"center\"><span style=\"color: #000000;\"><span style=\"font-family: Book Antiqua, serif;\"><span style=\"font-size: large;\"><b>A <\/b><b>OTO S\u0141\u00d3WKO JANKA:<\/b><\/span><\/span><\/span><\/p>\n<p align=\"center\">\n<p align=\"center\">\n<p align=\"center\">\n<p align=\"center\">\n<p align=\"center\">\n<p align=\"justify\"><span style=\"color: #000000;\"><span style=\"font-family: Book Antiqua, serif;\"><span style=\"font-size: large;\"><i><b>Ja jestem prawdziwym krzewem winnym, a Ojciec m\u00f3j jest tym, kt\u00f3ry uprawia.<\/b><\/i><\/span><\/span><\/span><\/p>\n<p align=\"justify\"><span style=\"color: #000000;\"><span style=\"font-family: Book Antiqua, serif;\"><span style=\"font-size: large;\">To zdanie Jezusa najbardziej mnie poruszy\u0142o i zarazem dotkn\u0119\u0142o z dzisiejszej Liturgii S\u0142owa. Mo\u017cecie si\u0119 zastanawia\u0107, dlaczego tak to zdanie mnie poruszy\u0142o? Co jest w nim takiego MEGA? Najbardziej dotkn\u0119\u0142y mnie trzy s\u0142owa:<i><b> Ja jestem prawdziwym\u2026 <\/b><\/i>Chrystus jest prawdziwy! Chrystus jest naprawd\u0119 prawdziwy! To nie jest jaka\u015b tam bajka czy posta\u0107 fantastyczna, lecz On BY\u0141, JEST I B\u0118DZIE! On jest prawdziwy! <\/span><\/span><\/span><\/p>\n<p align=\"justify\"><span style=\"color: #000000;\"><span style=\"font-family: Book Antiqua, serif;\"><span style=\"font-size: large;\">My\u015bl\u0119, \u017ce du\u017cym problemem dzisiejszego \u015bwiata jest to, \u017ce nie do ko\u0144ca wierzymy, \u017ce w\u0142a\u015bnie Chrystus jest prawdziwy! Trudno jest nieraz wierzy\u0107 w kogo\u015b, kogo si\u0119 nie widzia\u0142o. Inaczej by by\u0142o, jakby Jezus \u2013 w swojej w\u0142asnej osobie \u2013 przychodzi\u0142 raz do roku do nas i rozmawia\u0142by z nami w cztery oczy. Wtedy by\u015bmy wiedzieli, w kogo wierzymy. By\u0142oby nam \u0142atwiej uwierzy\u0107 w Niego, bo by\u015bmy wiedzieli na pewno, \u017ce On jest!<\/span><\/span><\/span><\/p>\n<p align=\"justify\"><span style=\"color: #000000;\"><span style=\"font-family: Book Antiqua, serif;\"><span style=\"font-size: large;\">Lecz czy to by\u0142aby wiara w Boga? Nie! Zobaczmy sami, \u017ce s\u0142owo wiara zak\u0142ada wierzenie w co\u015b, o czym wiemy, \u017ce jest, lecz tego nie widzimy. Chrystus jest! Udowadnia to r\u00f3\u017cnymi znakami, poprzez Ewangeli\u0119, Ca\u0142un Tury\u0144ski, cuda eucharystyczne; przez \u015awi\u0119tych czy poprzez objawienia \u2013 lub nawet przez zdj\u0119cie, wykonane przez w\u0142oskiego mistyka, Brata Eli\u0119. <\/span><\/span><\/span><\/p>\n<p align=\"justify\"><span style=\"color: #000000;\"><span style=\"font-family: Book Antiqua, serif;\"><span style=\"font-size: large;\">On pokazuje, \u017ce naprawd\u0119 jest PRAWDZIWY! \u015awiat musi w to uwierzy\u0107! Wierz\u0119 w to, \u017ce gdy ludzie przyjm\u0105 to i uwierz\u0105, \u017ce On jest prawdziwy i \u017ce to nie jest \u017cadna bajka \u2013 b\u0119d\u0105 wtedy powraca\u0107 do Boga! <\/span><\/span><\/span><\/p>\n<p align=\"justify\"><span style=\"color: #000000;\"><span style=\"font-family: Book Antiqua, serif;\"><span style=\"font-size: large;\">Lecz ludzie sami z siebie zapewne nie uwierz\u0105, \u017ce Jezus jest prawdziwy, ale to my musimy pokaza\u0107 prawdziwo\u015b\u0107 Boga! Prawdziwo\u015b\u0107 Jezusa! Tak, jak aposto\u0142owie, pokazywali i \u015bwiadczyli o Jezusie, tak i my musimy za\u015bwiadczy\u0107 o Nim! <\/span><\/span><\/span><\/p>\n<p align=\"justify\"><span style=\"color: #000000;\"><span style=\"font-family: Book Antiqua, serif;\"><span style=\"font-size: large;\">M\u00f3j kolega, Karol z Bia\u0142ej Podlaskiej, z kt\u00f3rym pozna\u0142em si\u0119 na rekolekcjach, a teraz spotykamy si\u0119 na audycjach u ks. Jacka, na poprzedniej audycji powiedzia\u0142 kapitalne zdanie: \u201eBy\u0107 mo\u017ce to my jeste\u015bmy jedyn\u0105 Ewangeli\u0105, kt\u00f3r\u0105 kto\u015b czyta?\u201d<\/span><\/span><\/span><\/p>\n<p align=\"justify\"><span style=\"color: #000000;\"><span style=\"font-family: Book Antiqua, serif;\"><span style=\"font-size: large;\">W\u0142a\u015bnie! Musimy by\u0107 Ewangeli\u0105! Ewangeli\u0105, kt\u00f3ra b\u0119dzie ukazywa\u0107 Jezusa w naszym \u017cyciu i zach\u0119ca\u0107 ludzi, by odkrywali Boga i chcieli do\u015bwiadcza\u0107 r\u00f3wnie\u017c Boga w swoim \u017cyciu! O to musimy si\u0119 modli\u0107 i tak musimy \u015bwiadczy\u0107! Musimy da\u0107 z siebie sto procent na ziemi, aby jak najwi\u0119cej dusz na nowo odkry\u0142o i pokocha\u0142o PRAWDZIWEGO PANA! <\/span><\/span><\/span><\/p>\n<p align=\"justify\"><span style=\"color: #000000;\"><span style=\"font-family: Book Antiqua, serif;\"><span style=\"font-size: large;\"><b>Dlatego m\u00f3dlmy si\u0119 i dzia\u0142ajmy! ALLELUJA I DO PRZODU!<\/b><\/span><\/span><\/span><\/p>\n","protected":false},"excerpt":{"rendered":"<p>Szcz\u0119\u015b\u0107 Bo\u017ce! Moi Drodzy, rozpoczynamy maj \u2013 jak zwyk\u0142o si\u0119 m\u00f3wi\u0107: najpi\u0119kniejszy miesi\u0105c w roku. Oby by\u0142 najpi\u0119kniejszy r\u00f3wnie\u017c duchowo \u2013 dzi\u0119ki naszej wsp\u00f3lnej i serdecznej modlitwy do Matki Naj\u015bwi\u0119tszej, s\u0142owami Litanii Loreta\u0144skiej. Gor\u0105co zach\u0119cam Wszystkich do codziennej modlitwy! Oczywi\u015bcie \u2013 najlepiej wsp\u00f3lnej! A je\u017celi si\u0119 nie da, to indywidualnej. Moi Drodzy, na to wszystko, [&hellip;]<\/p>\n","protected":false},"author":1,"featured_media":0,"comment_status":"open","ping_status":"open","sticky":false,"template":"","format":"standard","meta":{"jetpack_post_was_ever_published":false,"_jetpack_newsletter_access":"","_jetpack_dont_email_post_to_subs":false,"_jetpack_newsletter_tier_id":0,"_jetpack_memberships_contains_paywalled_content":false,"_jetpack_memberships_contains_paid_content":false,"footnotes":""},"categories":[1],"tags":[],"class_list":["post-22445","post","type-post","status-publish","format-standard","hentry","category-bez-kategorii"],"yoast_head":"<!-- This site is optimized with the Yoast SEO plugin v25.1 - https:\/\/yoast.com\/wordpress\/plugins\/seo\/ -->\n<title>Ja jestem prawdziwy... - Gaudium Et Spes<\/title>\n<meta name=\"robots\" content=\"index, follow, max-snippet:-1, max-image-preview:large, max-video-preview:-1\" \/>\n<link rel=\"canonical\" href=\"https:\/\/gaudiumetspes-blog.pl\/index.php\/2024\/05\/01\/ja-jestem-prawdziwy\/\" \/>\n<meta property=\"og:locale\" content=\"pl_PL\" \/>\n<meta property=\"og:type\" content=\"article\" \/>\n<meta property=\"og:title\" content=\"Ja jestem prawdziwy... - Gaudium Et Spes\" \/>\n<meta property=\"og:description\" content=\"Szcz\u0119\u015b\u0107 Bo\u017ce! Moi Drodzy, rozpoczynamy maj \u2013 jak zwyk\u0142o si\u0119 m\u00f3wi\u0107: najpi\u0119kniejszy miesi\u0105c w roku. Oby by\u0142 najpi\u0119kniejszy r\u00f3wnie\u017c duchowo \u2013 dzi\u0119ki naszej wsp\u00f3lnej i serdecznej modlitwy do Matki Naj\u015bwi\u0119tszej, s\u0142owami Litanii Loreta\u0144skiej. Gor\u0105co zach\u0119cam Wszystkich do codziennej modlitwy! Oczywi\u015bcie \u2013 najlepiej wsp\u00f3lnej! A je\u017celi si\u0119 nie da, to indywidualnej. Moi Drodzy, na to wszystko, [&hellip;]\" \/>\n<meta property=\"og:url\" content=\"https:\/\/gaudiumetspes-blog.pl\/index.php\/2024\/05\/01\/ja-jestem-prawdziwy\/\" \/>\n<meta property=\"og:site_name\" content=\"Gaudium Et Spes\" \/>\n<meta property=\"article:published_time\" content=\"2024-05-01T07:02:04+00:00\" \/>\n<meta name=\"author\" content=\"Ks. Jacek\" \/>\n<meta name=\"twitter:card\" content=\"summary_large_image\" \/>\n<meta name=\"twitter:label1\" content=\"Napisane przez\" \/>\n\t<meta name=\"twitter:data1\" content=\"Ks. Jacek\" \/>\n\t<meta name=\"twitter:label2\" content=\"Szacowany czas czytania\" \/>\n\t<meta name=\"twitter:data2\" content=\"5 minut\" \/>\n<script type=\"application\/ld+json\" class=\"yoast-schema-graph\">{\"@context\":\"https:\/\/schema.org\",\"@graph\":[{\"@type\":\"WebPage\",\"@id\":\"https:\/\/gaudiumetspes-blog.pl\/index.php\/2024\/05\/01\/ja-jestem-prawdziwy\/\",\"url\":\"https:\/\/gaudiumetspes-blog.pl\/index.php\/2024\/05\/01\/ja-jestem-prawdziwy\/\",\"name\":\"Ja jestem prawdziwy... - Gaudium Et Spes\",\"isPartOf\":{\"@id\":\"https:\/\/gaudiumetspes-blog.pl\/#website\"},\"datePublished\":\"2024-05-01T07:02:04+00:00\",\"author\":{\"@id\":\"https:\/\/gaudiumetspes-blog.pl\/#\/schema\/person\/1661982992b752dea8dff0d4ed845a65\"},\"breadcrumb\":{\"@id\":\"https:\/\/gaudiumetspes-blog.pl\/index.php\/2024\/05\/01\/ja-jestem-prawdziwy\/#breadcrumb\"},\"inLanguage\":\"pl-PL\",\"potentialAction\":[{\"@type\":\"ReadAction\",\"target\":[\"https:\/\/gaudiumetspes-blog.pl\/index.php\/2024\/05\/01\/ja-jestem-prawdziwy\/\"]}]},{\"@type\":\"BreadcrumbList\",\"@id\":\"https:\/\/gaudiumetspes-blog.pl\/index.php\/2024\/05\/01\/ja-jestem-prawdziwy\/#breadcrumb\",\"itemListElement\":[{\"@type\":\"ListItem\",\"position\":1,\"name\":\"Strona g\u0142\u00f3wna\",\"item\":\"https:\/\/gaudiumetspes-blog.pl\/\"},{\"@type\":\"ListItem\",\"position\":2,\"name\":\"Ja jestem prawdziwy&#8230;\"}]},{\"@type\":\"WebSite\",\"@id\":\"https:\/\/gaudiumetspes-blog.pl\/#website\",\"url\":\"https:\/\/gaudiumetspes-blog.pl\/\",\"name\":\"Gaudium Et Spes\",\"description\":\"Blog Ks. Jacka Ja\u015bkowskiego\",\"potentialAction\":[{\"@type\":\"SearchAction\",\"target\":{\"@type\":\"EntryPoint\",\"urlTemplate\":\"https:\/\/gaudiumetspes-blog.pl\/?s={search_term_string}\"},\"query-input\":{\"@type\":\"PropertyValueSpecification\",\"valueRequired\":true,\"valueName\":\"search_term_string\"}}],\"inLanguage\":\"pl-PL\"},{\"@type\":\"Person\",\"@id\":\"https:\/\/gaudiumetspes-blog.pl\/#\/schema\/person\/1661982992b752dea8dff0d4ed845a65\",\"name\":\"Ks. Jacek\",\"image\":{\"@type\":\"ImageObject\",\"inLanguage\":\"pl-PL\",\"@id\":\"https:\/\/gaudiumetspes-blog.pl\/#\/schema\/person\/image\/\",\"url\":\"https:\/\/gaudiumetspes-blog.pl\/wp-content\/uploads\/2019\/07\/avatar-JJ-150x150.jpg\",\"contentUrl\":\"https:\/\/gaudiumetspes-blog.pl\/wp-content\/uploads\/2019\/07\/avatar-JJ-150x150.jpg\",\"caption\":\"Ks. Jacek\"},\"description\":\"Witam serdecznie! K\u0142ania si\u0119 Ks. Jacek Ja\u015bkowski. Nie jestem ani kim\u015b wa\u017cnym, ani kim\u015b znanym. Jestem ksi\u0119dzem, kt\u00f3ry po prostu chce rozmawia\u0107. Codzienna kap\u0142a\u0144ska pos\u0142uga pokazuje mi, \u017ce temat\u00f3w do rozm\u00f3w z ksi\u0119dzem jest coraz wi\u0119cej i dzisiaj \u017caden ksi\u0105dz nie mo\u017ce od nich ucieka\u0107, ale - wprost przeciwnie - podejmowa\u0107 nowe wyzwania. To przekonanie sk\u0142oni\u0142o mnie do pr\u00f3by otwarcia tego\u017c bloga, chocia\u017c okazji do rozm\u00f3w na co dzie\u0144 - w konfesjonale i poza nim - na szcz\u0119\u015bcie nie brakuje. My\u015bl\u0119 jednak, \u017ce ten blog b\u0119dzie jeszcze jednym sposobem i przestrzeni\u0105 nawi\u0105zania kontaktu z lud\u017ami dobrej woli, otwartymi na dialog.\",\"url\":\"https:\/\/gaudiumetspes-blog.pl\/index.php\/author\/ks-jacek\/\"}]}<\/script>\n<!-- \/ Yoast SEO plugin. -->","yoast_head_json":{"title":"Ja jestem prawdziwy... - Gaudium Et Spes","robots":{"index":"index","follow":"follow","max-snippet":"max-snippet:-1","max-image-preview":"max-image-preview:large","max-video-preview":"max-video-preview:-1"},"canonical":"https:\/\/gaudiumetspes-blog.pl\/index.php\/2024\/05\/01\/ja-jestem-prawdziwy\/","og_locale":"pl_PL","og_type":"article","og_title":"Ja jestem prawdziwy... - Gaudium Et Spes","og_description":"Szcz\u0119\u015b\u0107 Bo\u017ce! Moi Drodzy, rozpoczynamy maj \u2013 jak zwyk\u0142o si\u0119 m\u00f3wi\u0107: najpi\u0119kniejszy miesi\u0105c w roku. Oby by\u0142 najpi\u0119kniejszy r\u00f3wnie\u017c duchowo \u2013 dzi\u0119ki naszej wsp\u00f3lnej i serdecznej modlitwy do Matki Naj\u015bwi\u0119tszej, s\u0142owami Litanii Loreta\u0144skiej. Gor\u0105co zach\u0119cam Wszystkich do codziennej modlitwy! Oczywi\u015bcie \u2013 najlepiej wsp\u00f3lnej! A je\u017celi si\u0119 nie da, to indywidualnej. Moi Drodzy, na to wszystko, [&hellip;]","og_url":"https:\/\/gaudiumetspes-blog.pl\/index.php\/2024\/05\/01\/ja-jestem-prawdziwy\/","og_site_name":"Gaudium Et Spes","article_published_time":"2024-05-01T07:02:04+00:00","author":"Ks. Jacek","twitter_card":"summary_large_image","twitter_misc":{"Napisane przez":"Ks. Jacek","Szacowany czas czytania":"5 minut"},"schema":{"@context":"https:\/\/schema.org","@graph":[{"@type":"WebPage","@id":"https:\/\/gaudiumetspes-blog.pl\/index.php\/2024\/05\/01\/ja-jestem-prawdziwy\/","url":"https:\/\/gaudiumetspes-blog.pl\/index.php\/2024\/05\/01\/ja-jestem-prawdziwy\/","name":"Ja jestem prawdziwy... - Gaudium Et Spes","isPartOf":{"@id":"https:\/\/gaudiumetspes-blog.pl\/#website"},"datePublished":"2024-05-01T07:02:04+00:00","author":{"@id":"https:\/\/gaudiumetspes-blog.pl\/#\/schema\/person\/1661982992b752dea8dff0d4ed845a65"},"breadcrumb":{"@id":"https:\/\/gaudiumetspes-blog.pl\/index.php\/2024\/05\/01\/ja-jestem-prawdziwy\/#breadcrumb"},"inLanguage":"pl-PL","potentialAction":[{"@type":"ReadAction","target":["https:\/\/gaudiumetspes-blog.pl\/index.php\/2024\/05\/01\/ja-jestem-prawdziwy\/"]}]},{"@type":"BreadcrumbList","@id":"https:\/\/gaudiumetspes-blog.pl\/index.php\/2024\/05\/01\/ja-jestem-prawdziwy\/#breadcrumb","itemListElement":[{"@type":"ListItem","position":1,"name":"Strona g\u0142\u00f3wna","item":"https:\/\/gaudiumetspes-blog.pl\/"},{"@type":"ListItem","position":2,"name":"Ja jestem prawdziwy&#8230;"}]},{"@type":"WebSite","@id":"https:\/\/gaudiumetspes-blog.pl\/#website","url":"https:\/\/gaudiumetspes-blog.pl\/","name":"Gaudium Et Spes","description":"Blog Ks. Jacka Ja\u015bkowskiego","potentialAction":[{"@type":"SearchAction","target":{"@type":"EntryPoint","urlTemplate":"https:\/\/gaudiumetspes-blog.pl\/?s={search_term_string}"},"query-input":{"@type":"PropertyValueSpecification","valueRequired":true,"valueName":"search_term_string"}}],"inLanguage":"pl-PL"},{"@type":"Person","@id":"https:\/\/gaudiumetspes-blog.pl\/#\/schema\/person\/1661982992b752dea8dff0d4ed845a65","name":"Ks. Jacek","image":{"@type":"ImageObject","inLanguage":"pl-PL","@id":"https:\/\/gaudiumetspes-blog.pl\/#\/schema\/person\/image\/","url":"https:\/\/gaudiumetspes-blog.pl\/wp-content\/uploads\/2019\/07\/avatar-JJ-150x150.jpg","contentUrl":"https:\/\/gaudiumetspes-blog.pl\/wp-content\/uploads\/2019\/07\/avatar-JJ-150x150.jpg","caption":"Ks. Jacek"},"description":"Witam serdecznie! K\u0142ania si\u0119 Ks. Jacek Ja\u015bkowski. Nie jestem ani kim\u015b wa\u017cnym, ani kim\u015b znanym. Jestem ksi\u0119dzem, kt\u00f3ry po prostu chce rozmawia\u0107. Codzienna kap\u0142a\u0144ska pos\u0142uga pokazuje mi, \u017ce temat\u00f3w do rozm\u00f3w z ksi\u0119dzem jest coraz wi\u0119cej i dzisiaj \u017caden ksi\u0105dz nie mo\u017ce od nich ucieka\u0107, ale - wprost przeciwnie - podejmowa\u0107 nowe wyzwania. To przekonanie sk\u0142oni\u0142o mnie do pr\u00f3by otwarcia tego\u017c bloga, chocia\u017c okazji do rozm\u00f3w na co dzie\u0144 - w konfesjonale i poza nim - na szcz\u0119\u015bcie nie brakuje. My\u015bl\u0119 jednak, \u017ce ten blog b\u0119dzie jeszcze jednym sposobem i przestrzeni\u0105 nawi\u0105zania kontaktu z lud\u017ami dobrej woli, otwartymi na dialog.","url":"https:\/\/gaudiumetspes-blog.pl\/index.php\/author\/ks-jacek\/"}]}},"jetpack_featured_media_url":"","jetpack_sharing_enabled":true,"_links":{"self":[{"href":"https:\/\/gaudiumetspes-blog.pl\/index.php\/wp-json\/wp\/v2\/posts\/22445","targetHints":{"allow":["GET"]}}],"collection":[{"href":"https:\/\/gaudiumetspes-blog.pl\/index.php\/wp-json\/wp\/v2\/posts"}],"about":[{"href":"https:\/\/gaudiumetspes-blog.pl\/index.php\/wp-json\/wp\/v2\/types\/post"}],"author":[{"embeddable":true,"href":"https:\/\/gaudiumetspes-blog.pl\/index.php\/wp-json\/wp\/v2\/users\/1"}],"replies":[{"embeddable":true,"href":"https:\/\/gaudiumetspes-blog.pl\/index.php\/wp-json\/wp\/v2\/comments?post=22445"}],"version-history":[{"count":1,"href":"https:\/\/gaudiumetspes-blog.pl\/index.php\/wp-json\/wp\/v2\/posts\/22445\/revisions"}],"predecessor-version":[{"id":22446,"href":"https:\/\/gaudiumetspes-blog.pl\/index.php\/wp-json\/wp\/v2\/posts\/22445\/revisions\/22446"}],"wp:attachment":[{"href":"https:\/\/gaudiumetspes-blog.pl\/index.php\/wp-json\/wp\/v2\/media?parent=22445"}],"wp:term":[{"taxonomy":"category","embeddable":true,"href":"https:\/\/gaudiumetspes-blog.pl\/index.php\/wp-json\/wp\/v2\/categories?post=22445"},{"taxonomy":"post_tag","embeddable":true,"href":"https:\/\/gaudiumetspes-blog.pl\/index.php\/wp-json\/wp\/v2\/tags?post=22445"}],"curies":[{"name":"wp","href":"https:\/\/api.w.org\/{rel}","templated":true}]}}