{"id":22451,"date":"2024-05-04T00:16:16","date_gmt":"2024-05-03T22:16:16","guid":{"rendered":"https:\/\/gaudiumetspes-blog.pl\/?p=22451"},"modified":"2024-05-03T20:15:38","modified_gmt":"2024-05-03T18:15:38","slug":"poniewaz-nie-jestescie-ze-swiata-2","status":"publish","type":"post","link":"https:\/\/gaudiumetspes-blog.pl\/index.php\/2024\/05\/04\/poniewaz-nie-jestescie-ze-swiata-2\/","title":{"rendered":"Poniewa\u017c nie jeste\u015bcie ze \u015bwiata&#8230;"},"content":{"rendered":"<p align=\"justify\"><span style=\"color: #000000;\"><span style=\"font-family: Book Antiqua, serif;\"><span style=\"font-size: large;\">Szcz\u0119\u015b\u0107 Bo\u017ce! Moi Drodzy, w dniu dzisiejszym <b>imieniny prze\u017cywa<\/b><b> <\/b><b>Monika Ochnik, Osoba bardzo mi bliska i \u017cyczliwa, za moich czas\u00f3w \u2013 nale\u017c\u0105ca do KSM w Parafii pierwszego mojego wikariatu, <\/b><b>czyli w Radory\u017cu Ko\u015bcielnym, <\/b><b>a obecnie uznana i znakomita <\/b><b>P<\/b><b>iel\u0119gniarka w warszawskich szpital<\/b><b>ach.<\/b><\/span><\/span><\/span><\/p>\n<p align=\"justify\"><span style=\"color: #000000;\"><span style=\"font-family: Book Antiqua, serif;\"><span style=\"font-size: large;\"><b>Imieniny prze\u017cywaj\u0105 tak\u017ce: <\/b><\/span><\/span><\/span><\/p>\n<p align=\"justify\"><span style=\"color: #000000;\">\u25ba<span style=\"font-family: Book Antiqua, serif;\"><span style=\"font-size: large;\"><b>Monika Osial \u2013 tak\u017ce nale\u017c\u0105ca niegdy\u015b do tego samego KSM; <\/b><\/span><\/span><\/span><\/p>\n<p align=\"justify\"><span style=\"color: #000000;\">\u25ba<span style=\"font-family: Book Antiqua, serif;\"><span style=\"font-size: large;\"><b>Monika Konarzewska \u2013 nale\u017c\u0105ca w swoim czasie do jednej z m\u0142odzie\u017cowych Wsp\u00f3lnot;<\/b><\/span><\/span><\/span><\/p>\n<p align=\"justify\"><span style=\"color: #000000;\">\u25ba<span style=\"font-family: Book Antiqua, serif;\"><span style=\"font-size: large;\"><b>Monika Mazur \u2013 tak\u017ce nale\u017c\u0105ca do jednej ze Wsp\u00f3lnot.<\/b><\/span><\/span><\/span><\/p>\n<p align=\"justify\"><span style=\"color: #000000;\"><span style=\"font-family: Book Antiqua, serif;\"><span style=\"font-size: large;\"><b>Urodziny za\u015b prze\u017cywaj\u0105:<\/b><\/span><\/span><\/span><\/p>\n<p align=\"justify\"><span style=\"color: #000000;\">\u25ba<span style=\"font-family: Book Antiqua, serif;\"><span style=\"font-size: large;\"><b>Agnieszka Chmielewska \u2013 r\u00f3wnie\u017c nale\u017c\u0105ca do tego samego KSM, o kt\u00f3rym wspomnia\u0142em;<\/b><\/span><\/span><\/span><\/p>\n<p align=\"justify\"><span style=\"color: #000000;\">\u25ba<span style=\"font-family: Book Antiqua, serif;\"><span style=\"font-size: large;\"><b>Marcel Kryczka \u2013 w tamtych czasach: Lektor z tej\u017ce Parafii.<\/b><\/span><\/span><\/span><\/p>\n<p align=\"justify\"><span style=\"color: #000000;\"><span style=\"font-family: Book Antiqua, serif;\"><span style=\"font-size: large;\"><b>Wszystkim \u015bwi\u0119tuj\u0105cym \u017cycz\u0119 Bo\u017cego b\u0142ogos\u0142awie\u0144stwa, oraz mocy i odwagi dzisiejszego Patrona. Wszystkich zapewniam o modlitwie!<\/b><\/span><\/span><\/span><\/p>\n<p align=\"justify\"><span style=\"color: #000000;\"><span style=\"font-family: Book Antiqua, serif;\"><span style=\"font-size: large;\"><b>Nasz\u0105 modlitw\u0105 ogarniamy tak\u017ce wszystkich Stra\u017cak\u00f3w, kt\u00f3rzy maj\u0105 dzisiaj swoje \u015awi\u0119to. \u017byczymy im bezpiecznego powrotu z ka\u017cdej akcji (oby tych akcji by\u0142o jak najmniej), ale te\u017c w\u0142a\u015bciwej postawy na co dzie\u0144, szczeg\u00f3lnie w czasie \u015bwi\u0119towania czegokolwiek, aby pami\u0119tali o godno\u015bci munduru, kt\u00f3ry nosz\u0105.<\/b><\/span><\/span><\/span><\/p>\n<p align=\"justify\"><span style=\"color: #000000;\"><span style=\"font-family: Book Antiqua, serif;\"><span style=\"font-size: large;\">I jeszcze jedna, bardzo wa\u017cna uroczysto\u015b\u0107 \u2013 wielka uroczysto\u015b\u0107 w naszej Rodzinie: <b>Pierwsza Komunia \u015awi\u0119ta mojej Siostrzenicy, Emilki Nied\u017awiedzkiej. Odb\u0119dzie si\u0119 w Parafii \u015awi\u0119tej Anny w Bia\u0142ej Podlaskiej, o godzinie 11:00. Potem spotkanie w rodzinnym Gronie. Niech Pan nape\u0142ni serce <\/b><b>swojej ma\u0142ej Przyjaci\u00f3\u0142ki <\/b><b>pragnieniem przyjmowania tego\u017c Naj\u015bwi\u0119tszego Pokarmu jak najcz\u0119\u015bciej \u2013 przez ca\u0142e \u017cycie \u2013 i z tak\u0105 rado\u015bci\u0105, jak dzisiaj!<\/b><\/span><\/span><\/span><\/p>\n<p align=\"justify\"><span style=\"color: #000000;\"><span style=\"font-family: Book Antiqua, serif;\"><span style=\"font-size: large;\">Co si\u0119 za\u015b tyczy wczorajszej audycji wieczornej w Katolickim Radiu Podlasie, to na kilka godzin przed ni\u0105 nast\u0105pi\u0142a zmiana prowadz\u0105cych, to znaczy dogadali\u015bmy si\u0119 z Ojcem Mariuszem i Ojcem Piotrem, \u017ce Oni sami t\u0119 audycj\u0119 poprowadz\u0105. Prawd\u0119 powiedziawszy, my\u015bl\u0119 ju\u017c o tym od jakiego\u015b czasu, poniewa\u017c chyba nie ma potrzeby, \u017ceby tylu nas, Ksi\u0119\u017cy, \u201edy\u017curowa\u0142o\u201d w studiu, kiedy ja mam wiele innych audycji, a Oni przecie\u017c pos\u0142uguj\u0105 w Kodniu, przeto na pewno z wielkim zaanga\u017cowaniem serca b\u0119d\u0105 te audycje prowadzili. <\/span><\/span><\/span><\/p>\n<p align=\"justify\"><span style=\"color: #000000;\"><span style=\"font-family: Book Antiqua, serif;\"><span style=\"font-size: large;\">To znaczy, p\u00f3ki co \u2013 to poprowadzili wczorajsz\u0105. Natomiast formu\u0142\u0119 nast\u0119pnych spotka\u0144, ich przygotowywania, prowadzenia i przebiegu, jeszcze na spokojnie om\u00f3wimy i zaplanujemy. Natomiast ja, ze swej strony, dzi\u0119kuj\u0119 Wszystkim, kt\u00f3rzy wczoraj s\u0142uchali audycji i \u0142\u0105czyli si\u0119 z jej Uczestnikami!<\/span><\/span><\/span><\/p>\n<p align=\"justify\"><span style=\"color: #000000;\"><span style=\"font-family: Book Antiqua, serif;\"><span style=\"font-size: large;\">Moi Drodzy, przypominam, \u017ce dzisiaj tak\u017ce \u2013 pierwsza sobota miesi\u0105ca!<\/span><\/span><\/span><\/p>\n<p align=\"justify\"><span style=\"color: #000000;\"><span style=\"font-family: Book Antiqua, serif;\"><span style=\"font-size: large;\">A teraz ju\u017c zapraszam do pochylenia si\u0119 nad Bo\u017cym s\u0142owem dzisiejszej liturgii. Oto s\u0142\u00f3wko Ksi\u0119dza Marka na dzi\u015b:<\/span><\/span><\/span><\/p>\n<p align=\"justify\"><span style=\"color: #000000;\"><span style=\"font-family: Book Antiqua, serif;\"><span style=\"font-size: medium;\"><a href=\"https:\/\/www.youtube.com\/c\/CatholicSurgut\"><span style=\"font-size: large;\"><span lang=\"zxx\"><u><b>https:\/\/www.youtube.com\/c\/CatholicSurgut<\/b><\/u><\/span><\/span><\/a><\/span><\/span><\/span><\/p>\n<p align=\"justify\"><span style=\"color: #000000;\"><span style=\"font-family: Book Antiqua, serif;\"><span style=\"font-size: large;\"><span lang=\"zxx\">P<\/span><span lang=\"zxx\">oni\u017cej <\/span><span lang=\"zxx\">za\u015b <\/span><span lang=\"zxx\">\u2013 ja<\/span>k co sobot\u0119 \u2013 mamy bardzo szczere, mocne i przekonuj\u0105ce s\u0142owo Kacpra. Bardzo Mu za nie dzi\u0119kuj\u0119! A zatem, <b>c<\/b><b>o m\u00f3wi dzi\u015b do mnie Pan?<\/b> Duchu \u015awi\u0119ty, wska\u017c!<\/span><\/span><\/span><\/p>\n<p align=\"justify\"><span style=\"color: #000000;\"><span style=\"font-family: Book Antiqua, serif;\"><span style=\"font-size: large;\"><b>Niech Was b\u0142ogos\u0142awi B\u00f3g Wszechmog\u0105cy: Ojciec + i Syn, i Duch \u015awi\u0119ty. Amen<\/b><\/span><\/span><\/span><\/p>\n<p align=\"center\"><span style=\"color: #000000;\"><span style=\"font-family: Book Antiqua, serif;\"><span style=\"font-size: large;\">Gaudium et spes! Ks. Jacek<\/span><\/span><\/span><\/p>\n<p align=\"center\">\n<p align=\"center\">\n<p align=\"center\">\n<p align=\"center\">\n<p align=\"center\">\n<p align=\"justify\"><span style=\"color: #000000;\"><span style=\"font-family: Book Antiqua, serif;\"><span style=\"font-size: large;\"><b>Sobota 5 Tygodnia Wielkanocy,<\/b><\/span><\/span><\/span><\/p>\n<p align=\"justify\"><span style=\"color: #000000;\"><span style=\"font-family: Book Antiqua, serif;\"><span style=\"font-size: large;\"><b>Wspomnienie \u015aw. Floriana, M\u0119czennika,<\/b><\/span><\/span><\/span><\/p>\n<p align=\"justify\"><span style=\"color: #000000;\"><span style=\"font-family: Book Antiqua, serif;\"><span style=\"font-size: large;\"><b>4 maja 2024.,<\/b><\/span><\/span><\/span><\/p>\n<p align=\"justify\"><span style=\"color: #000000;\"><span style=\"font-family: Book Antiqua, serif;\"><span style=\"font-size: large;\"><b>do czyta\u0144: Dz 16,1\u201310; J 15,18\u201321<\/b><\/span><\/span><\/span><\/p>\n<p align=\"justify\">\n<p align=\"justify\">\n<p align=\"justify\">\n<p align=\"justify\">\n<p align=\"justify\">\n<p align=\"justify\"><span style=\"color: #000000;\"><span style=\"font-family: Book Antiqua, serif;\"><span style=\"font-size: large;\"><b>CZYTANIE Z DZIEJ\u00d3W APOSTOLSKICH:<\/b><\/span><\/span><\/span><\/p>\n<p align=\"justify\"><span style=\"color: #000000;\"><span style=\"font-family: Book Antiqua, serif;\"><span style=\"font-size: large;\"><b>Pawe\u0142 przyby\u0142 tak\u017ce do Derbe i Listry. By\u0142 tam pewien ucze\u0144 imieniem Tymoteusz, syn wierz\u0105cej \u017byd\u00f3wki i ojca Greka. Bracia z Listry dawali o nim dobre \u015bwiadectwo. Pawe\u0142 postanowi\u0142 zabra\u0107 go z sob\u0105 w podr\u00f3\u017c. Obrzeza\u0142 go jednak ze wzgl\u0119du na \u017byd\u00f3w, kt\u00f3rzy mieszkali w tamtejszych stronach. Wszyscy bowiem wiedzieli, \u017ce ojciec jego by\u0142 Grekiem. Kiedy przechodzili przez miasta, nakazywali im przestrzega\u0107 postanowie\u0144 powzi\u0119tych w Jerozolimie przez aposto\u0142\u00f3w i starszych. Tak wi\u0119c utwierdza\u0142y si\u0119 Ko\u015bcio\u0142y w wierze i z dnia na dzie\u0144 ros\u0142y w liczb\u0119. <\/b><\/span><\/span><\/span><\/p>\n<p align=\"justify\"><span style=\"color: #000000;\"><span style=\"font-family: Book Antiqua, serif;\"><span style=\"font-size: large;\"><b>Przeszli Frygi\u0119 i krain\u0119 galack\u0105, poniewa\u017c Duch \u015awi\u0119ty zabroni\u0142 im g\u0142osi\u0107 s\u0142owo w Azji. Przybywszy do Myzji, pr\u00f3bowali przej\u015b\u0107 do Bitynii, ale Duch Jezusa nie pozwoli\u0142 im, przeszli wi\u0119c Myzj\u0119 i zeszli do Troady. W nocy mia\u0142 Pawe\u0142 widzenie: jaki\u015b Macedo\u0144czyk stan\u0105\u0142 przed nim i b\u0142aga\u0142 go s\u0142owami: \u201ePrzepraw si\u0119 do Macedonii i pom\u00f3\u017c nam!\u201d Zaraz po tym widzeniu starali\u015bmy si\u0119 wyruszy\u0107 do Macedonii w przekonaniu, \u017ce B\u00f3g nas wezwa\u0142, aby\u015bmy g\u0142osili im Ewangeli\u0119.<\/b><\/span><\/span><\/span><\/p>\n<p align=\"justify\">\n<p align=\"justify\">\n<p align=\"justify\">\n<p align=\"justify\">\n<p align=\"justify\">\n<p align=\"justify\"><span style=\"color: #000000;\"><span style=\"font-family: Book Antiqua, serif;\"><span style=\"font-size: large;\"><b>S\u0141OWA EWANGELII WED\u0141UG \u015aWI\u0118TEGO JANA:<\/b><\/span><\/span><\/span><\/p>\n<p align=\"justify\"><span style=\"color: #000000;\"><span style=\"font-family: Book Antiqua, serif;\"><span style=\"font-size: large;\"><b>Jezus powiedzia\u0142 do swoich uczni\u00f3w: \u201eJe\u017celi was \u015bwiat nienawidzi, wiedzcie, \u017ce Mnie pierwej znienawidzi\u0142. Gdyby\u015bcie byli ze \u015bwiata, \u015bwiat by was mi\u0142owa\u0142 jako swoj\u0105 w\u0142asno\u015b\u0107. Ale poniewa\u017c nie jeste\u015bcie ze \u015bwiata, bo Ja was wybra\u0142em sobie ze \u015bwiata, dlatego was \u015bwiat nienawidzi.<\/b><\/span><\/span><\/span><\/p>\n<p align=\"justify\"><span style=\"color: #000000;\"><span style=\"font-family: Book Antiqua, serif;\"><span style=\"font-size: large;\"><b>Pami\u0119tajcie na s\u0142owo, kt\u00f3re do was powiedzia\u0142em: \u00abS\u0142uga nie jest wi\u0119kszy od swego pana\u00bb. Je\u017celi Mnie prze\u015bladowali, to i was b\u0119d\u0105 prze\u015bladowa\u0107. Je\u017celi moje s\u0142owo zachowali, to i wasze b\u0119d\u0105 zachowywa\u0107. Ale to wszystko wam b\u0119d\u0105 czyni\u0107 z powodu mego imienia, bo nie znaj\u0105 Tego, kt\u00f3ry Mnie pos\u0142a\u0142\u201d.<\/b><\/span><\/span><\/span><\/p>\n<p align=\"justify\">\n<p align=\"justify\">\n<p align=\"justify\">\n<p align=\"justify\">\n<p align=\"justify\">\n<p align=\"center\"><span style=\"color: #000000;\"><span style=\"font-family: Book Antiqua, serif;\"><span style=\"font-size: large;\"><b>A OTO S\u0141\u00d3WKO KACPRA:<\/b><\/span><\/span><\/span><\/p>\n<p align=\"center\">\n<p align=\"center\">\n<p align=\"center\">\n<p align=\"center\">\n<p align=\"center\">\n<p lang=\"en-US\" align=\"justify\"><span style=\"font-family: Book Antiqua, serif;\"><span style=\"font-size: large;\"><span style=\"color: #000000;\"><span lang=\"pl-PL\">W dzisiejszym pierwszym czytaniu mamy przedstawion\u0105 sytuacj\u0119 pozyskania przez Paw\u0142a nowego ucznia. Cieszy\u0142 si\u0119 ten m\u0142odzieniec dobrym zdaniem w\u015br\u00f3d ludzi, st\u0105d te\u017c Pawe\u0142 postanowi\u0142 uczyni\u0107 go swoim uczniem. <\/span><\/span><\/span><\/span><\/p>\n<p lang=\"en-US\" align=\"justify\"><span style=\"font-family: Book Antiqua, serif;\"><span style=\"font-size: large;\"><span style=\"color: #000000;\"><span lang=\"pl-PL\">Po przeczytaniu pierwszej cz\u0119\u015bci <\/span><span lang=\"pl-PL\">dzisiejszego czytania, b\u0119d\u0105cego fragmentem<\/span><span lang=\"pl-PL\"> Dziej\u00f3w Apostolskich, przychodzi mi na my\u015bl wspomnienie mojego wej\u015bcia w bycie uczniem. Zupe\u0142nie jak <\/span><span lang=\"pl-PL\">z tym<\/span><span lang=\"pl-PL\"> m\u0142odzie<\/span><span lang=\"pl-PL\">\u0144cem<\/span><span lang=\"pl-PL\">, kt\u00f3ry nie mia\u0142 do\u015bwiadczenia i zapewne nie wiedzia\u0142, jak potoczy si\u0119 <\/span><span lang=\"pl-PL\">j<\/span><span lang=\"pl-PL\">ego historia \u2013 tak te\u017c by\u0142o i jest ze mn\u0105. Jeszcze rok temu, po moim nawr\u00f3ceniu, zadawa\u0142em sobie pytanie: co dalej? <\/span><\/span><\/span><\/span><\/p>\n<p lang=\"en-US\" align=\"justify\"><span style=\"font-family: Book Antiqua, serif;\"><span style=\"font-size: large;\"><span style=\"color: #000000;\"><span lang=\"pl-PL\">Wiem, \u017ce mam \u017cy\u0107 przy Jezusie i zgodnie z Jego nauczaniem. Chcia\u0142em jednak robi\u0107 co\u015b dla Bo\u017cego Kr\u00f3lestwa. Zupe\u0142nie nie by\u0142em do tego przygotowany, nie mia\u0142em do\u015bwiadczenia, wiedzy, znajomo\u015bci Pisma \u015awi\u0119tego. My\u015bl\u0119, \u017ce ten m\u0142odzieniec czu\u0142 si\u0119 podobnie. Pozna\u0142 aposto\u0142a Paw\u0142a i na pewno by\u0142 pod ogromnym wra\u017ceniem. Mog\u0119 jedynie sobie wyobrazi\u0107, \u017ce jego rado\u015b\u0107 z drogi, kt\u00f3ra obra\u0142 z Paw\u0142em, miesza\u0142a si\u0119 z lekkim stresem, poniewa\u017c nie wiedzia\u0142, co ich czeka.<\/span><\/span><\/span><\/span><\/p>\n<p lang=\"en-US\" align=\"justify\"><span style=\"font-family: Book Antiqua, serif;\"><span style=\"font-size: large;\"><span style=\"color: #000000;\"><span lang=\"pl-PL\">Przez te ostatnie kilkana\u015bcie miesi\u0119cy ja r\u00f3wnie\u017c wzrastam i ucz\u0119 si\u0119, jak by\u0107 uczniem. Obserwuj\u0119, czytam, rozwa\u017cam i analizuj\u0119. Wszystko w oparciu o Bo\u017ce S\u0142owo. Jestem pewny, \u017ce musia\u0142o up\u0142yn\u0105\u0107 sporo czasu i musia\u0142em zdoby\u0107 sporo do\u015bwiadczenia, zanim Pan powo\u0142a\u0142 mnie do tego typu <\/span><span lang=\"pl-PL\">e<\/span><span lang=\"pl-PL\">wangelizacji, kt\u00f3r\u0105 obecnie ucz\u0119 si\u0119 wykonywa\u0107. To potwierdza dwie rzeczy: pierwsza \u2013 <\/span><span lang=\"pl-PL\">\u017ce <\/span><span lang=\"pl-PL\">Pan zawsze przygotowuje do pos\u0142ugi i nigdy nie rzuci na g\u0142\u0119bok\u0105 wod\u0119; druga \u2013 <\/span><span lang=\"pl-PL\">\u017ce <\/span><span lang=\"pl-PL\">Pan zawsze uzdolni ludzi, kt\u00f3rych wybra\u0142. Nie wiem, dok\u0105d zaprowadzi mnie ta droga, ale wiem na pewno, \u017ce jest bardzo wielu ludzi, kt\u00f3rzy potrzebuj\u0105 us\u0142ysze\u0107 o Bo\u017cym Kr\u00f3lestwie.<\/span><\/span><\/span><\/span><\/p>\n<p lang=\"en-US\" align=\"justify\"><span style=\"font-family: Book Antiqua, serif;\"><span style=\"font-size: large;\"><span style=\"color: #000000;\"><span lang=\"pl-PL\">To, co mnie bardzo zdumiewa, to fakt, jak bardzo pierwsi chrze\u015bcijanie byli poddani prowadzeniu Duchowi \u015awi\u0119temu. Mo\u017cemy przeczyta\u0107 w tym jednym kr\u00f3tkim fragmencie, \u017ce w ka\u017cdej sytuacji byli Duchowi poddani. Mimo, \u017ce mieli swoje plany na <\/span><span lang=\"pl-PL\">e<\/span><span lang=\"pl-PL\">wangelizacj\u0119, pos\u0142uchali si\u0119 Ducha \u015awi\u0119tego i zmienili kierunek podr\u00f3\u017cy. Dowodzi to te<\/span><span lang=\"pl-PL\">go<\/span><span lang=\"pl-PL\">, \u017ce Duch \u015awi\u0119ty zosta\u0142 nam dany w\u0142a\u015bnie, aby by\u0142 naszym \u017cyciowym przewodnikiem. <\/span><\/span><\/span><\/span><\/p>\n<p lang=\"en-US\" align=\"justify\"><span style=\"font-family: Book Antiqua, serif;\"><span style=\"font-size: large;\"><span style=\"color: #000000;\"><span lang=\"pl-PL\">Ponadto zauwa\u017cmy, \u017ce Aposto\u0142owie realizowali plany zgodnie z <\/span><span lang=\"pl-PL\">w<\/span><span lang=\"pl-PL\">ol\u0105 Bo\u017c\u0105, a nie swoj\u0105. Staram si\u0119 r\u00f3wnie\u017c by\u0107 wyczulony i s\u0142ucha\u0107 Ducha \u015awi\u0119tego. Nadal si\u0119 tego ucz\u0119 i jest to nieustanny proces. Je\u015bli nauczymy si\u0119 ws\u0142uchiwa\u0107 w g\u0142os naszego <\/span><span lang=\"pl-PL\">P<\/span><span lang=\"pl-PL\">rzewodnika \u2013 unikniemy decyzji, kt\u00f3re podejmujemy sami dla siebie. Czy to znaczy, \u017ce zawsze b\u0119dzie nam si\u0119 powodzi\u0142o i nie spotka nas nic z\u0142ego?<\/span><\/span><\/span><\/span><\/p>\n<p lang=\"en-US\" align=\"justify\"><span style=\"font-family: Book Antiqua, serif;\"><span style=\"font-size: large;\"><span style=\"color: #000000;\"><span lang=\"pl-PL\">Je\u015bli znamy Dzieje Apostolskie, to wiemy, \u017ce uczniowie Pana byli w wi\u0119zieniach, <\/span><span lang=\"pl-PL\">nieraz <\/span><span lang=\"pl-PL\">zostali pobici, zakuci w dyby; byli biczowani i kamienowani. M\u00f3wi r\u00f3wnie\u017c o tym Jezus w dzisiejszej Ewangelii. Skoro prze\u015bladowali Jezusa, to z Jego uczniami b\u0119dzie tak samo. Niech nas to <\/span><span lang=\"pl-PL\">jednak <\/span><span lang=\"pl-PL\">nie zniech\u0119ca! <\/span><\/span><\/span><\/span><\/p>\n<p lang=\"en-US\" align=\"justify\"><span style=\"font-family: Book Antiqua, serif;\"><span style=\"font-size: large;\"><span style=\"color: #000000;\"><span lang=\"pl-PL\">Ka\u017cdy z nas wola\u0142by unikn\u0105\u0107 przykrych spotka\u0107, gorzkich s\u0142\u00f3w czy wyzwisk. Gdyby \u015aw. Pawe\u0142 zrezygnowa\u0142 po kilku pierwszych trudno\u015bciach \u2013 <\/span><span lang=\"pl-PL\">na pewno <\/span><span lang=\"pl-PL\">nie zosta\u0142by Aposto\u0142em Narod\u00f3w, a Ewangelia nie dotar\u0142aby tak szybko w tak dalekie zak\u0105tki ziemi. To, co robimy dla innych, robimy na <\/span><span lang=\"pl-PL\">c<\/span><span lang=\"pl-PL\">hwa\u0142\u0119 Bo\u017c<\/span><span lang=\"pl-PL\">\u0105,<\/span><span lang=\"pl-PL\"> a nie w\u0142asn\u0105. <\/span><\/span><\/span><\/span><\/p>\n<p lang=\"en-US\" align=\"justify\"><span style=\"font-family: Book Antiqua, serif;\"><span style=\"font-size: large;\"><span style=\"color: #000000;\"><span lang=\"pl-PL\">Ja r\u00f3wnie\u017c do\u015bwiadczy\u0142em pewnych prze\u015bladowa\u0144, chocia\u017c na ma\u0142\u0105 skal\u0119, w zwi\u0105zku z pisaniem rozwa\u017ca\u0144 do Bo\u017cego S\u0142owa. Pada\u0142y przykre s\u0142owa, os\u0105dy i oceny \u2013 niestety, za moimi plecami. Nie zniech\u0119ca mnie to, <\/span><span lang=\"pl-PL\">ani<\/span><span lang=\"pl-PL\"> nie powoduje z\u0142o\u015bci. Wiem, \u017ce ludzie potrzebuj\u0105 przebudzenia, poniewa\u017c s\u0105 bardzo za\u015blepieni przez naszego przeciwnika. Ponad <\/span><span lang=\"pl-PL\">rok <\/span><span lang=\"pl-PL\">temu sam by\u0142em w takim miejscu, dlatego rozumiem, jak ci\u0119\u017cko jest im si\u0119 z tego wyrwa\u0107.<\/span><\/span><\/span><\/span><\/p>\n<p lang=\"en-US\" align=\"justify\"><span style=\"font-family: Book Antiqua, serif;\"><span style=\"font-size: large;\"><span style=\"color: #000000;\"><span lang=\"pl-PL\">My\u015bl\u0119, \u017ce wielu z nas czuje si\u0119, jak ten m\u0142odzieniec, kt\u00f3ry gdzie\u015b w g\u0142\u0119bi pragnie i\u015b\u0107 i nie\u015b\u0107 Ewangeli\u0119 innym ludziom, ale nie do ko\u0144ca wie, jak zacz\u0105\u0107. Je\u015bli macie takie pragnienie w sercu, to Pan na pewno zrobi tak, \u017ce poznacie kogo\u015b, kto b\u0119dzie dla Was takim przewodnikiem. <\/span><\/span><\/span><\/span><\/p>\n<p lang=\"en-US\" align=\"justify\"><span style=\"font-family: Book Antiqua, serif;\"><span style=\"font-size: large;\"><span style=\"color: #000000;\"><span lang=\"pl-PL\">Ja m<\/span><span lang=\"pl-PL\">am w swoim \u017cyciu wspania\u0142ych ludzi, dzi\u0119ki kt\u00f3rym wzrastam w wierze i ucz\u0119 si\u0119 pokazywa\u0107 Jezusa i Jego mi\u0142o\u015b\u0107 innym. B\u0119d\u0105c na tym szlaku, od jakiego\u015b czasu wiem, \u017ce b\u0119dzie to d\u0142uga i m\u0119cz\u0105ca droga. Mo\u017ce nawet czasem niebezpieczna. Ufam <\/span><span lang=\"pl-PL\">jednak <\/span><span lang=\"pl-PL\">Panu, poniewa\u017c On jest na pierwszym miejscu, a nie moja wygoda czy przyjemno\u015b\u0107. <\/span><\/span><\/span><\/span><\/p>\n<p lang=\"en-US\" align=\"justify\"><span style=\"font-family: Book Antiqua, serif;\"><span style=\"font-size: large;\"><span style=\"color: #000000;\"><span lang=\"pl-PL\">Chc\u0119 by moje \u017cycie i modlitwa by\u0142a zgodna z s\u0142owami \u015aw. Paw\u0142a: <\/span><span lang=\"pl-PL\"><i><b>Umiem cierpie\u0107 bied\u0119, umiem i obfitowa\u0107. Do wszystkich w og\u00f3le warunk\u00f3w jestem zaprawiony: i by\u0107 sytym, i g\u0142\u00f3d cierpie\u0107, obfitowa\u0107 i doznawa\u0107 niedostatku. Wszystko mog\u0119 w Tym, kt\u00f3ry mnie umacnia.<\/b><\/i><\/span><\/span><\/span><\/span><\/p>\n","protected":false},"excerpt":{"rendered":"<p>Szcz\u0119\u015b\u0107 Bo\u017ce! Moi Drodzy, w dniu dzisiejszym imieniny prze\u017cywa Monika Ochnik, Osoba bardzo mi bliska i \u017cyczliwa, za moich czas\u00f3w \u2013 nale\u017c\u0105ca do KSM w Parafii pierwszego mojego wikariatu, czyli w Radory\u017cu Ko\u015bcielnym, a obecnie uznana i znakomita Piel\u0119gniarka w warszawskich szpitalach. Imieniny prze\u017cywaj\u0105 tak\u017ce: \u25baMonika Osial \u2013 tak\u017ce nale\u017c\u0105ca niegdy\u015b do tego samego KSM; [&hellip;]<\/p>\n","protected":false},"author":1,"featured_media":0,"comment_status":"open","ping_status":"open","sticky":false,"template":"","format":"standard","meta":{"jetpack_post_was_ever_published":false,"_jetpack_newsletter_access":"","_jetpack_dont_email_post_to_subs":false,"_jetpack_newsletter_tier_id":0,"_jetpack_memberships_contains_paywalled_content":false,"_jetpack_memberships_contains_paid_content":false,"footnotes":""},"categories":[1],"tags":[],"class_list":["post-22451","post","type-post","status-publish","format-standard","hentry","category-bez-kategorii"],"yoast_head":"<!-- This site is optimized with the Yoast SEO plugin v25.1 - https:\/\/yoast.com\/wordpress\/plugins\/seo\/ -->\n<title>Poniewa\u017c nie jeste\u015bcie ze \u015bwiata... - Gaudium Et Spes<\/title>\n<meta name=\"robots\" content=\"index, follow, max-snippet:-1, max-image-preview:large, max-video-preview:-1\" \/>\n<link rel=\"canonical\" href=\"https:\/\/gaudiumetspes-blog.pl\/index.php\/2024\/05\/04\/poniewaz-nie-jestescie-ze-swiata-2\/\" \/>\n<meta property=\"og:locale\" content=\"pl_PL\" \/>\n<meta property=\"og:type\" content=\"article\" \/>\n<meta property=\"og:title\" content=\"Poniewa\u017c nie jeste\u015bcie ze \u015bwiata... - Gaudium Et Spes\" \/>\n<meta property=\"og:description\" content=\"Szcz\u0119\u015b\u0107 Bo\u017ce! Moi Drodzy, w dniu dzisiejszym imieniny prze\u017cywa Monika Ochnik, Osoba bardzo mi bliska i \u017cyczliwa, za moich czas\u00f3w \u2013 nale\u017c\u0105ca do KSM w Parafii pierwszego mojego wikariatu, czyli w Radory\u017cu Ko\u015bcielnym, a obecnie uznana i znakomita Piel\u0119gniarka w warszawskich szpitalach. Imieniny prze\u017cywaj\u0105 tak\u017ce: \u25baMonika Osial \u2013 tak\u017ce nale\u017c\u0105ca niegdy\u015b do tego samego KSM; [&hellip;]\" \/>\n<meta property=\"og:url\" content=\"https:\/\/gaudiumetspes-blog.pl\/index.php\/2024\/05\/04\/poniewaz-nie-jestescie-ze-swiata-2\/\" \/>\n<meta property=\"og:site_name\" content=\"Gaudium Et Spes\" \/>\n<meta property=\"article:published_time\" content=\"2024-05-03T22:16:16+00:00\" \/>\n<meta name=\"author\" content=\"Ks. Jacek\" \/>\n<meta name=\"twitter:card\" content=\"summary_large_image\" \/>\n<meta name=\"twitter:label1\" content=\"Napisane przez\" \/>\n\t<meta name=\"twitter:data1\" content=\"Ks. Jacek\" \/>\n\t<meta name=\"twitter:label2\" content=\"Szacowany czas czytania\" \/>\n\t<meta name=\"twitter:data2\" content=\"8 minut\" \/>\n<script type=\"application\/ld+json\" class=\"yoast-schema-graph\">{\"@context\":\"https:\/\/schema.org\",\"@graph\":[{\"@type\":\"WebPage\",\"@id\":\"https:\/\/gaudiumetspes-blog.pl\/index.php\/2024\/05\/04\/poniewaz-nie-jestescie-ze-swiata-2\/\",\"url\":\"https:\/\/gaudiumetspes-blog.pl\/index.php\/2024\/05\/04\/poniewaz-nie-jestescie-ze-swiata-2\/\",\"name\":\"Poniewa\u017c nie jeste\u015bcie ze \u015bwiata... - Gaudium Et Spes\",\"isPartOf\":{\"@id\":\"https:\/\/gaudiumetspes-blog.pl\/#website\"},\"datePublished\":\"2024-05-03T22:16:16+00:00\",\"author\":{\"@id\":\"https:\/\/gaudiumetspes-blog.pl\/#\/schema\/person\/1661982992b752dea8dff0d4ed845a65\"},\"breadcrumb\":{\"@id\":\"https:\/\/gaudiumetspes-blog.pl\/index.php\/2024\/05\/04\/poniewaz-nie-jestescie-ze-swiata-2\/#breadcrumb\"},\"inLanguage\":\"pl-PL\",\"potentialAction\":[{\"@type\":\"ReadAction\",\"target\":[\"https:\/\/gaudiumetspes-blog.pl\/index.php\/2024\/05\/04\/poniewaz-nie-jestescie-ze-swiata-2\/\"]}]},{\"@type\":\"BreadcrumbList\",\"@id\":\"https:\/\/gaudiumetspes-blog.pl\/index.php\/2024\/05\/04\/poniewaz-nie-jestescie-ze-swiata-2\/#breadcrumb\",\"itemListElement\":[{\"@type\":\"ListItem\",\"position\":1,\"name\":\"Strona g\u0142\u00f3wna\",\"item\":\"https:\/\/gaudiumetspes-blog.pl\/\"},{\"@type\":\"ListItem\",\"position\":2,\"name\":\"Poniewa\u017c nie&nbsp;jeste\u015bcie ze&nbsp;\u015bwiata&#8230;\"}]},{\"@type\":\"WebSite\",\"@id\":\"https:\/\/gaudiumetspes-blog.pl\/#website\",\"url\":\"https:\/\/gaudiumetspes-blog.pl\/\",\"name\":\"Gaudium Et Spes\",\"description\":\"Blog Ks. Jacka Ja\u015bkowskiego\",\"potentialAction\":[{\"@type\":\"SearchAction\",\"target\":{\"@type\":\"EntryPoint\",\"urlTemplate\":\"https:\/\/gaudiumetspes-blog.pl\/?s={search_term_string}\"},\"query-input\":{\"@type\":\"PropertyValueSpecification\",\"valueRequired\":true,\"valueName\":\"search_term_string\"}}],\"inLanguage\":\"pl-PL\"},{\"@type\":\"Person\",\"@id\":\"https:\/\/gaudiumetspes-blog.pl\/#\/schema\/person\/1661982992b752dea8dff0d4ed845a65\",\"name\":\"Ks. Jacek\",\"image\":{\"@type\":\"ImageObject\",\"inLanguage\":\"pl-PL\",\"@id\":\"https:\/\/gaudiumetspes-blog.pl\/#\/schema\/person\/image\/\",\"url\":\"https:\/\/gaudiumetspes-blog.pl\/wp-content\/uploads\/2019\/07\/avatar-JJ-150x150.jpg\",\"contentUrl\":\"https:\/\/gaudiumetspes-blog.pl\/wp-content\/uploads\/2019\/07\/avatar-JJ-150x150.jpg\",\"caption\":\"Ks. Jacek\"},\"description\":\"Witam serdecznie! K\u0142ania si\u0119 Ks. Jacek Ja\u015bkowski. Nie jestem ani kim\u015b wa\u017cnym, ani kim\u015b znanym. Jestem ksi\u0119dzem, kt\u00f3ry po prostu chce rozmawia\u0107. Codzienna kap\u0142a\u0144ska pos\u0142uga pokazuje mi, \u017ce temat\u00f3w do rozm\u00f3w z ksi\u0119dzem jest coraz wi\u0119cej i dzisiaj \u017caden ksi\u0105dz nie mo\u017ce od nich ucieka\u0107, ale - wprost przeciwnie - podejmowa\u0107 nowe wyzwania. To przekonanie sk\u0142oni\u0142o mnie do pr\u00f3by otwarcia tego\u017c bloga, chocia\u017c okazji do rozm\u00f3w na co dzie\u0144 - w konfesjonale i poza nim - na szcz\u0119\u015bcie nie brakuje. My\u015bl\u0119 jednak, \u017ce ten blog b\u0119dzie jeszcze jednym sposobem i przestrzeni\u0105 nawi\u0105zania kontaktu z lud\u017ami dobrej woli, otwartymi na dialog.\",\"url\":\"https:\/\/gaudiumetspes-blog.pl\/index.php\/author\/ks-jacek\/\"}]}<\/script>\n<!-- \/ Yoast SEO plugin. -->","yoast_head_json":{"title":"Poniewa\u017c nie jeste\u015bcie ze \u015bwiata... - Gaudium Et Spes","robots":{"index":"index","follow":"follow","max-snippet":"max-snippet:-1","max-image-preview":"max-image-preview:large","max-video-preview":"max-video-preview:-1"},"canonical":"https:\/\/gaudiumetspes-blog.pl\/index.php\/2024\/05\/04\/poniewaz-nie-jestescie-ze-swiata-2\/","og_locale":"pl_PL","og_type":"article","og_title":"Poniewa\u017c nie jeste\u015bcie ze \u015bwiata... - Gaudium Et Spes","og_description":"Szcz\u0119\u015b\u0107 Bo\u017ce! Moi Drodzy, w dniu dzisiejszym imieniny prze\u017cywa Monika Ochnik, Osoba bardzo mi bliska i \u017cyczliwa, za moich czas\u00f3w \u2013 nale\u017c\u0105ca do KSM w Parafii pierwszego mojego wikariatu, czyli w Radory\u017cu Ko\u015bcielnym, a obecnie uznana i znakomita Piel\u0119gniarka w warszawskich szpitalach. Imieniny prze\u017cywaj\u0105 tak\u017ce: \u25baMonika Osial \u2013 tak\u017ce nale\u017c\u0105ca niegdy\u015b do tego samego KSM; [&hellip;]","og_url":"https:\/\/gaudiumetspes-blog.pl\/index.php\/2024\/05\/04\/poniewaz-nie-jestescie-ze-swiata-2\/","og_site_name":"Gaudium Et Spes","article_published_time":"2024-05-03T22:16:16+00:00","author":"Ks. Jacek","twitter_card":"summary_large_image","twitter_misc":{"Napisane przez":"Ks. Jacek","Szacowany czas czytania":"8 minut"},"schema":{"@context":"https:\/\/schema.org","@graph":[{"@type":"WebPage","@id":"https:\/\/gaudiumetspes-blog.pl\/index.php\/2024\/05\/04\/poniewaz-nie-jestescie-ze-swiata-2\/","url":"https:\/\/gaudiumetspes-blog.pl\/index.php\/2024\/05\/04\/poniewaz-nie-jestescie-ze-swiata-2\/","name":"Poniewa\u017c nie jeste\u015bcie ze \u015bwiata... - Gaudium Et Spes","isPartOf":{"@id":"https:\/\/gaudiumetspes-blog.pl\/#website"},"datePublished":"2024-05-03T22:16:16+00:00","author":{"@id":"https:\/\/gaudiumetspes-blog.pl\/#\/schema\/person\/1661982992b752dea8dff0d4ed845a65"},"breadcrumb":{"@id":"https:\/\/gaudiumetspes-blog.pl\/index.php\/2024\/05\/04\/poniewaz-nie-jestescie-ze-swiata-2\/#breadcrumb"},"inLanguage":"pl-PL","potentialAction":[{"@type":"ReadAction","target":["https:\/\/gaudiumetspes-blog.pl\/index.php\/2024\/05\/04\/poniewaz-nie-jestescie-ze-swiata-2\/"]}]},{"@type":"BreadcrumbList","@id":"https:\/\/gaudiumetspes-blog.pl\/index.php\/2024\/05\/04\/poniewaz-nie-jestescie-ze-swiata-2\/#breadcrumb","itemListElement":[{"@type":"ListItem","position":1,"name":"Strona g\u0142\u00f3wna","item":"https:\/\/gaudiumetspes-blog.pl\/"},{"@type":"ListItem","position":2,"name":"Poniewa\u017c nie&nbsp;jeste\u015bcie ze&nbsp;\u015bwiata&#8230;"}]},{"@type":"WebSite","@id":"https:\/\/gaudiumetspes-blog.pl\/#website","url":"https:\/\/gaudiumetspes-blog.pl\/","name":"Gaudium Et Spes","description":"Blog Ks. Jacka Ja\u015bkowskiego","potentialAction":[{"@type":"SearchAction","target":{"@type":"EntryPoint","urlTemplate":"https:\/\/gaudiumetspes-blog.pl\/?s={search_term_string}"},"query-input":{"@type":"PropertyValueSpecification","valueRequired":true,"valueName":"search_term_string"}}],"inLanguage":"pl-PL"},{"@type":"Person","@id":"https:\/\/gaudiumetspes-blog.pl\/#\/schema\/person\/1661982992b752dea8dff0d4ed845a65","name":"Ks. Jacek","image":{"@type":"ImageObject","inLanguage":"pl-PL","@id":"https:\/\/gaudiumetspes-blog.pl\/#\/schema\/person\/image\/","url":"https:\/\/gaudiumetspes-blog.pl\/wp-content\/uploads\/2019\/07\/avatar-JJ-150x150.jpg","contentUrl":"https:\/\/gaudiumetspes-blog.pl\/wp-content\/uploads\/2019\/07\/avatar-JJ-150x150.jpg","caption":"Ks. Jacek"},"description":"Witam serdecznie! K\u0142ania si\u0119 Ks. Jacek Ja\u015bkowski. Nie jestem ani kim\u015b wa\u017cnym, ani kim\u015b znanym. Jestem ksi\u0119dzem, kt\u00f3ry po prostu chce rozmawia\u0107. Codzienna kap\u0142a\u0144ska pos\u0142uga pokazuje mi, \u017ce temat\u00f3w do rozm\u00f3w z ksi\u0119dzem jest coraz wi\u0119cej i dzisiaj \u017caden ksi\u0105dz nie mo\u017ce od nich ucieka\u0107, ale - wprost przeciwnie - podejmowa\u0107 nowe wyzwania. To przekonanie sk\u0142oni\u0142o mnie do pr\u00f3by otwarcia tego\u017c bloga, chocia\u017c okazji do rozm\u00f3w na co dzie\u0144 - w konfesjonale i poza nim - na szcz\u0119\u015bcie nie brakuje. My\u015bl\u0119 jednak, \u017ce ten blog b\u0119dzie jeszcze jednym sposobem i przestrzeni\u0105 nawi\u0105zania kontaktu z lud\u017ami dobrej woli, otwartymi na dialog.","url":"https:\/\/gaudiumetspes-blog.pl\/index.php\/author\/ks-jacek\/"}]}},"jetpack_featured_media_url":"","jetpack_sharing_enabled":true,"_links":{"self":[{"href":"https:\/\/gaudiumetspes-blog.pl\/index.php\/wp-json\/wp\/v2\/posts\/22451","targetHints":{"allow":["GET"]}}],"collection":[{"href":"https:\/\/gaudiumetspes-blog.pl\/index.php\/wp-json\/wp\/v2\/posts"}],"about":[{"href":"https:\/\/gaudiumetspes-blog.pl\/index.php\/wp-json\/wp\/v2\/types\/post"}],"author":[{"embeddable":true,"href":"https:\/\/gaudiumetspes-blog.pl\/index.php\/wp-json\/wp\/v2\/users\/1"}],"replies":[{"embeddable":true,"href":"https:\/\/gaudiumetspes-blog.pl\/index.php\/wp-json\/wp\/v2\/comments?post=22451"}],"version-history":[{"count":1,"href":"https:\/\/gaudiumetspes-blog.pl\/index.php\/wp-json\/wp\/v2\/posts\/22451\/revisions"}],"predecessor-version":[{"id":22452,"href":"https:\/\/gaudiumetspes-blog.pl\/index.php\/wp-json\/wp\/v2\/posts\/22451\/revisions\/22452"}],"wp:attachment":[{"href":"https:\/\/gaudiumetspes-blog.pl\/index.php\/wp-json\/wp\/v2\/media?parent=22451"}],"wp:term":[{"taxonomy":"category","embeddable":true,"href":"https:\/\/gaudiumetspes-blog.pl\/index.php\/wp-json\/wp\/v2\/categories?post=22451"},{"taxonomy":"post_tag","embeddable":true,"href":"https:\/\/gaudiumetspes-blog.pl\/index.php\/wp-json\/wp\/v2\/tags?post=22451"}],"curies":[{"name":"wp","href":"https:\/\/api.w.org\/{rel}","templated":true}]}}