{"id":22487,"date":"2024-05-17T09:01:06","date_gmt":"2024-05-17T07:01:06","guid":{"rendered":"https:\/\/gaudiumetspes-blog.pl\/?p=22487"},"modified":"2024-05-17T09:06:00","modified_gmt":"2024-05-17T07:06:00","slug":"tak-panie-ty-wiesz","status":"publish","type":"post","link":"https:\/\/gaudiumetspes-blog.pl\/index.php\/2024\/05\/17\/tak-panie-ty-wiesz\/","title":{"rendered":"Tak, Panie, Ty wiesz&#8230;"},"content":{"rendered":"<p align=\"justify\"><span style=\"color: #000000;\"><span style=\"font-size: large;\"><span style=\"font-family: Book Antiqua, serif;\">Szcz\u0119\u015b\u0107 Bo\u017ce! Moi Drodzy, w dniu dzisiejszym<\/span><b> <\/b><span style=\"font-family: Book Antiqua, serif;\"><b>imieniny prze\u017cywaj\u0105:<\/b><\/span><\/span><\/span><\/p>\n<p align=\"justify\"><span style=\"color: #000000;\">\u25ba<span style=\"font-family: Book Antiqua, serif;\"><span style=\"font-size: large;\"><b>Weronika Kowalska \u2013 nale\u017c\u0105ca w swoim czasie do Wsp\u00f3lnoty m\u0142odzie\u017cowej w Tr\u0105bkach;<\/b><\/span><\/span><\/span><\/p>\n<p align=\"justify\"><span style=\"color: #000000;\">\u25ba<span style=\"font-family: Book Antiqua, serif;\"><span style=\"font-size: large;\"><b>Weronika Bernaciak \u2013 moja by\u0142a Uczennica w Liceum Lelewela w \u017belechowie.<\/b><\/span><\/span><\/span><\/p>\n<p align=\"justify\"><span style=\"color: #000000;\"><span style=\"font-family: Book Antiqua, serif;\"><span style=\"font-size: large;\"><b>Rocznic\u0119 \u015bwi\u0119ce\u0144 kap\u0142a\u0144skich natomiast prze\u017cywaj\u0105:<\/b><\/span><\/span><\/span><\/p>\n<p align=\"justify\"><span style=\"color: #000000;\">\u25ba<span style=\"font-family: Book Antiqua, serif;\"><span style=\"font-size: large;\"><b>Ksi\u0105dz Micha\u0142 Dziedzic \u2013 pochodz\u0105cy z mojej Parafii, wy\u015bwi\u0119cony w Diecezji warszawsko \u2013 praskiej, Duszpasterz M\u0142odzie\u017cy tej w\u0142a\u015bnie Diecezji;<\/b><\/span><\/span><\/span><\/p>\n<p align=\"justify\"><span style=\"color: #000000;\">\u25ba<span style=\"font-family: Book Antiqua, serif;\"><span style=\"font-size: large;\"><b>Ksi\u0105dz Pawe\u0142 Czelu\u015bci\u0144ski \u2013 Kolega kursowy Ksi\u0119dza Micha\u0142a, te\u017c pochodz\u0105cy z naszej Diecezji, a dok\u0142adnie z Siedlec, a obecnie: Wikariusz w Parafii w Surgucie.<\/b><\/span><\/span><\/span><\/p>\n<p align=\"justify\"><span style=\"color: #000000;\"><span style=\"font-family: Book Antiqua, serif;\"><span style=\"font-size: large;\"><b>Wszystkim \u015bwi\u0119tuj\u0105cym \u017cycz\u0119 Bo\u017cej opieki i wszelkich dobrych natchnie\u0144. Zapewniam o modlitwie!<\/b><\/span><\/span><\/span><\/p>\n<p align=\"justify\"><span style=\"color: #000000;\"><span style=\"font-family: Book Antiqua, serif;\"><span style=\"font-size: medium;\"><span style=\"font-size: large;\">A oto dzisiaj wieczorem, <\/span><span style=\"font-size: large;\"><b>w Katolickim Radiu Podlasie,<\/b><\/span><span style=\"font-size: large;\"> odb\u0119dzie si\u0119 kolejna audycja, w <\/span><span style=\"font-size: large;\">formacie<\/span><span style=\"font-size: large;\">: <\/span><span style=\"font-size: large;\"><b>AKADEMICKIE GAUDEAMUS. <\/b><\/span><span style=\"font-size: large;\">Jej tematem b\u0119dzie: <\/span><span style=\"font-size: large;\"><b>AKADEMIA <\/b><\/span><span style=\"font-size: large;\"><b>NAUK STOSOWANYCH <\/b><\/span><span style=\"font-size: large;\"><b>MAZOVIA,<\/b><\/span><span style=\"font-size: large;\"> a Uczestnikami b\u0119d\u0105:<\/span><b> <\/b><span style=\"font-size: large;\"><b>Rektor i Dziekani tej Uczelni<\/b><\/span><span style=\"font-size: large;\"><b>.<\/b><\/span><b> <\/b><span style=\"font-size: large;\">B\u0119dzie to kontynuacja audycji z <\/span><span style=\"font-size: large;\">8<\/span> <span style=\"font-size: large;\">grudnia<\/span><span style=\"font-size: large;\"> 202<\/span><span style=\"font-size: large;\">3<\/span><span style=\"font-size: large;\">. <\/span><span style=\"font-size: large;\">Pe\u0142na lista Uczestnik\u00f3w i temat\u00f3w \u2013<\/span><strong><span style=\"font-size: large;\"> na <\/span><\/strong><strong><span style=\"font-size: large;\"><b>fb <\/b><\/span><\/strong><strong><span style=\"font-size: large;\"><b>i na stronie <\/b><\/span><\/strong><strong><span style=\"font-size: large;\"><b>Duszpasterstwa Akademickiego w Siedlcach. <\/b><\/span><\/strong><span style=\"font-size: large;\">Rozmowa b\u0119dzie dotyczy\u0142a <\/span><span style=\"font-size: large;\">aktualnych dzia\u0142a\u0144 Akademii Mazovia oraz plan\u00f3w na przysz\u0142o\u015b\u0107. <\/span><\/span><\/span><\/span><\/p>\n<p align=\"justify\"><span style=\"color: #000000;\"><span style=\"font-family: Book Antiqua, serif;\"><span style=\"font-size: medium;\"><span style=\"font-size: large;\">Audycja rozpocznie si\u0119 <\/span><span style=\"font-size: large;\"><b>o godz. 21:40 <\/b><\/span><span style=\"font-size: large;\">i potrwa <\/span><span style=\"font-size: large;\"><b>do 23:00.<\/b><\/span><span style=\"font-size: large;\"> Zach\u0119cam do s\u0142uchania, oraz do \u0142\u0105czno\u015bci z nami \u2013 telefonicznej <\/span><span style=\"font-size: large;\">lub<\/span><span style=\"font-size: large;\"> smsowej. Telefon do <\/span><span style=\"font-size: large;\">studia<\/span><span style=\"font-size: large;\"> \u2013 do \u201ewej\u015bcia na \u017cywo\u201d: <\/span><strong><span style=\"font-size: large;\"><b>25 \/ 644 65 55; <\/b><\/span><\/strong><span style=\"font-size: large;\">sms<\/span> <span style=\"font-size: large;\">do Radia:<\/span><b> <\/b><strong><span style=\"font-size: large;\"><b>509 056 590;<\/b><\/span><\/strong> <span style=\"font-size: large;\">sms do mnie:<\/span> <strong><span style=\"font-size: large;\"><b>604 736 981. <\/b><\/span><\/strong><span style=\"font-size: large;\">Mo\u017cna<\/span><span style=\"font-size: large;\"> nas s\u0142ucha\u0107 tak\u017ce w internecie<\/span><span style=\"font-size: large;\">: <\/span><strong><a href=\"https:\/\/radiopodlasie.pl\/radio-online\/\"><span style=\"font-size: large;\"><u><b>https:\/\/radiopodlasie.pl\/radio-online\/<\/b><\/u><\/span><\/a><\/strong> <span style=\"font-size: large;\">lub<\/span><span style=\"font-size: large;\"> ods\u0142ucha\u0107 audycji p\u00f3\u017aniej, w <\/span><strong><span style=\"font-size: large;\"><b>\u00abArchiwum d\u017awi\u0119k\u00f3w\u00bb. <\/b><\/span><\/strong><span style=\"font-size: large;\">Powt\u00f3rka audycji na falach Radia \u2013 <\/span><span style=\"font-size: large;\">nast\u0119pnej nocy, <\/span><strong><span style=\"font-size: large;\"><b>oko\u0142o godziny 1:00.<\/b><\/span><\/strong><\/span><\/span><\/span><\/p>\n<p align=\"justify\"><span style=\"color: #000000;\"><span style=\"font-family: Book Antiqua, serif;\"><span style=\"font-size: medium;\"><span style=\"font-size: large;\">Oto zapis pierwszej cz\u0119\u015bci audycji:<\/span><\/span><\/span><\/span><\/p>\n<p align=\"justify\"><span style=\"color: #000000;\"><span style=\"font-family: Book Antiqua, serif;\"><span style=\"font-size: medium;\"><strong><a href=\"http:\/\/archiwum.radiopodlasie.pl\/NEW\/2023\/12\/08\/akademia-mazovia\/\"><span style=\"font-size: large;\">http:\/\/archiwum.radiopodlasie.pl\/NEW\/2023\/12\/08\/akademia-mazovia\/<\/span><\/a><\/strong><b> <\/b><\/span><\/span><\/span><\/p>\n<p align=\"justify\"><span style=\"color: #000000;\"><span style=\"font-family: Book Antiqua, serif;\"><span style=\"font-size: large;\">A ja ju\u017c zapraszam do pochylenia si\u0119 nad Bo\u017cym s\u0142owem dzisiejszej liturgii. Oto s\u0142\u00f3wko Ksi\u0119dza Marka na dzi\u015b:<\/span><\/span><\/span><\/p>\n<p align=\"justify\"><span style=\"color: #000000;\"><span style=\"font-family: Book Antiqua, serif;\"><span style=\"font-size: medium;\"><a href=\"https:\/\/www.youtube.com\/c\/CatholicSurgut\"><span style=\"font-size: large;\"><span lang=\"zxx\"><u><b>https:\/\/www.youtube.com\/c\/CatholicSurgut<\/b><\/u><\/span><\/span><\/a><\/span><\/span><\/span><\/p>\n<p align=\"justify\"><span style=\"color: #000000;\"><span style=\"font-family: Book Antiqua, serif;\"><span style=\"font-size: large;\"><span lang=\"zxx\">Zatem,<\/span> <b>z jakim <\/b><b>przes\u0142aniem <\/b><b>Pan dzisiaj <\/b><b>zwraca si\u0119 <\/b><b>do ka\u017cdej i ka\u017cdego z nas indywidualnie?\u2026 <\/b>Niech Duch \u015awi\u0119ty b\u0119dzie nam w tym \u015bwiat\u0142em i natchnieniem!<\/span><\/span><\/span><\/p>\n<p align=\"justify\"><span style=\"color: #000000;\"><span style=\"font-family: Book Antiqua, serif;\"><span style=\"font-size: large;\"><b>Niech Was b\u0142ogos\u0142awi B\u00f3g Wszechmog\u0105cy: Ojciec + i Syn, i Duch \u015awi\u0119ty. Amen<\/b><\/span><\/span><\/span><\/p>\n<p align=\"center\"><span style=\"color: #000000;\"><span style=\"font-family: Book Antiqua, serif;\"><span style=\"font-size: large;\">Gaudium et spes! Ks. Jacek<\/span><\/span><\/span><\/p>\n<p align=\"center\">\n<p align=\"center\">\n<p align=\"center\">\n<p align=\"center\">\n<p align=\"center\">\n<p align=\"justify\"><span style=\"color: #000000;\"><span style=\"font-family: Book Antiqua, serif;\"><span style=\"font-size: large;\"><b>Pi\u0105tek 7 Tygodnia Wielkanocy,<\/b><\/span><\/span><\/span><\/p>\n<p align=\"justify\"><span style=\"color: #000000;\"><span style=\"font-family: Book Antiqua, serif;\"><span style=\"font-size: large;\"><b>17 maja 2024.,<\/b><\/span><\/span><\/span><\/p>\n<p align=\"justify\"><span style=\"color: #000000;\"><span style=\"font-family: Book Antiqua, serif;\"><span style=\"font-size: large;\"><b>do czyta\u0144: Dz 25,13\u201321; J 21,15\u201319<\/b><\/span><\/span><\/span><\/p>\n<p align=\"justify\">\n<p align=\"justify\">\n<p align=\"justify\">\n<p align=\"justify\">\n<p align=\"justify\">\n<p align=\"justify\"><span style=\"color: #000000;\"><span style=\"font-family: Book Antiqua, serif;\"><span style=\"font-size: large;\"><b>CZYTANIE Z DZIEJ\u00d3W APOSTOLSKICH: <\/b><\/span><\/span><\/span><\/p>\n<p align=\"justify\"><span style=\"color: #000000;\"><span style=\"font-family: Book Antiqua, serif;\"><span style=\"font-size: large;\"><b>Kr\u00f3l Agryppa i Berenike przybyli do Cezarei powita\u0107 Festusa. Gdy przebywali tam d\u0142u\u017cszy czas, Festus przedstawi\u0142 kr\u00f3lowi spraw\u0119 Paw\u0142a. Powiedzia\u0142: \u201eFeliks pozostawi\u0142 w wi\u0119zieniu pewnego cz\u0142owieka. Gdy by\u0142em w Jerozolimie, arcykap\u0142ani i starsi \u017cydowscy wnie\u015bli przeciw niemu skarg\u0119, \u017c\u0105daj\u0105c dla niego wyroku skazuj\u0105cego. Odpowiedzia\u0142em im: \u00abRzymianie nie maj\u0105 zwyczaju skazywania kogokolwiek na \u015bmier\u0107, zanim oskar\u017cony nie stanie wobec oskar\u017cycieli i nie b\u0119dzie mia\u0142 mo\u017cno\u015bci bronienia si\u0119 przed zarzutami\u00bb. <\/b><\/span><\/span><\/span><\/p>\n<p align=\"justify\"><span style=\"color: #000000;\"><span style=\"font-family: Book Antiqua, serif;\"><span style=\"font-size: large;\"><b>A kiedy przybyli tutaj bez \u017cadnej zw\u0142oki, sprawuj\u0105c nast\u0119pnego dnia s\u0105dy, kaza\u0142em przyprowadzi\u0107 tego cz\u0142owieka. Oskar\u017cyciele nie wnie\u015bli przeciwko niemu \u017cadnej skargi o przest\u0119pstwa, kt\u00f3re podejrzewa\u0142em. Mieli z nim tylko spory o ich wierzenia i o jakiego\u015b zmar\u0142ego Jezusa, o kt\u00f3rym Pawe\u0142 twierdzi, \u017ce \u017cyje. <\/b><\/span><\/span><\/span><\/p>\n<p align=\"justify\"><span style=\"color: #000000;\"><span style=\"font-family: Book Antiqua, serif;\"><span style=\"font-size: large;\"><b>Nie znaj\u0105c si\u0119 na tych rzeczach, zapyta\u0142em, czy nie zechcia\u0142by uda\u0107 si\u0119 do Jerozolimy i tam odpowiada\u0107 przed s\u0105dem w tych sprawach. Poniewa\u017c Pawe\u0142 za\u017c\u0105da\u0142, aby go zatrzyma\u0107 do wyroku Cezara, kaza\u0142em go strzec, dop\u00f3ki go nie ode\u015bl\u0119 do Najdostojniejszego\u201d.<\/b><\/span><\/span><\/span><\/p>\n<p align=\"justify\">\n<p align=\"justify\">\n<p align=\"justify\">\n<p align=\"justify\">\n<p align=\"justify\">\n<p align=\"justify\"><span style=\"color: #000000;\"><span style=\"font-family: Book Antiqua, serif;\"><span style=\"font-size: large;\"><b>S\u0141OWA EWANGELII WED\u0141UG \u015aWI\u0118TEGO JANA: <\/b><\/span><\/span><\/span><\/p>\n<p align=\"justify\"><span style=\"color: #000000;\"><span style=\"font-family: Book Antiqua, serif;\"><span style=\"font-size: large;\"><b>Gdy Jezus ukaza\u0142 si\u0119 swoim uczniom i spo\u017cywa\u0142 z nimi \u015bniadanie, rzek\u0142 do Szymona Piotra: \u201eSzymonie, synu Jana, czy mi\u0142ujesz Mnie wi\u0119cej ani\u017celi ci?\u201d <\/b><\/span><\/span><\/span><\/p>\n<p align=\"justify\"><span style=\"color: #000000;\"><span style=\"font-family: Book Antiqua, serif;\"><span style=\"font-size: large;\"><b>Odpowiedzia\u0142 Mu: \u201eTak, Panie, Ty wiesz, \u017ce Ci\u0119 kocham\u201d.<\/b><\/span><\/span><\/span><\/p>\n<p align=\"justify\"><span style=\"color: #000000;\"><span style=\"font-family: Book Antiqua, serif;\"><span style=\"font-size: large;\"><b>Rzek\u0142 do niego: \u201ePa\u015b baranki moje\u201d. <\/b><\/span><\/span><\/span><\/p>\n<p align=\"justify\"><span style=\"color: #000000;\"><span style=\"font-family: Book Antiqua, serif;\"><span style=\"font-size: large;\"><b>I powt\u00f3rnie powiedzia\u0142 do niego: \u201eSzymonie, synu Jana, czy mi\u0142ujesz Mnie?\u201d <\/b><\/span><\/span><\/span><\/p>\n<p align=\"justify\"><span style=\"color: #000000;\"><span style=\"font-family: Book Antiqua, serif;\"><span style=\"font-size: large;\"><b>Odpar\u0142 Mu: \u201eTak, Panie, Ty wiesz, \u017ce Ci\u0119 kocham\u201d. <\/b><\/span><\/span><\/span><\/p>\n<p align=\"justify\"><span style=\"color: #000000;\"><span style=\"font-family: Book Antiqua, serif;\"><span style=\"font-size: large;\"><b>Rzek\u0142 do niego: \u201ePa\u015b owce moje\u201d. <\/b><\/span><\/span><\/span><\/p>\n<p align=\"justify\"><span style=\"color: #000000;\"><span style=\"font-family: Book Antiqua, serif;\"><span style=\"font-size: large;\"><b>Powiedzia\u0142 mu po raz trzeci: \u201eSzymonie, synu Jana, czy kochasz Mnie?\u201d <\/b><\/span><\/span><\/span><\/p>\n<p align=\"justify\"><span style=\"color: #000000;\"><span style=\"font-family: Book Antiqua, serif;\"><span style=\"font-size: large;\"><b>Zasmuci\u0142 si\u0119 Piotr, \u017ce mu po raz trzeci powiedzia\u0142: \u201eCzy kochasz Mnie?\u201d I rzek\u0142 do Niego: \u201ePanie, Ty wszystko wiesz, Ty wiesz, \u017ce Ci\u0119 kocham\u201d. <\/b><\/span><\/span><\/span><\/p>\n<p align=\"justify\"><span style=\"color: #000000;\"><span style=\"font-family: Book Antiqua, serif;\"><span style=\"font-size: large;\"><b>Rzek\u0142 do niego Jezus: \u201ePa\u015b owce moje. <\/b><\/span><\/span><\/span><\/p>\n<p align=\"justify\"><span style=\"color: #000000;\"><span style=\"font-family: Book Antiqua, serif;\"><span style=\"font-size: large;\"><b>Zaprawd\u0119, zaprawd\u0119 powiadam ci: Gdy by\u0142e\u015b m\u0142odszy, opasywa\u0142e\u015b si\u0119 sam i chodzi\u0142e\u015b, gdzie chcia\u0142e\u015b. Ale gdy si\u0119 zestarzejesz, wyci\u0105gniesz r\u0119ce swoje, a inny ci\u0119 opasze i poprowadzi, dok\u0105d nie chcesz\u201d. <\/b><\/span><\/span><\/span><\/p>\n<p align=\"justify\"><span style=\"color: #000000;\"><span style=\"font-family: Book Antiqua, serif;\"><span style=\"font-size: large;\"><b>To powiedzia\u0142, aby zaznaczy\u0107, jak\u0105 \u015bmierci\u0105 uwielbi Boga. A wypowiedziawszy to, rzek\u0142 do niego: \u201eP\u00f3jd\u017a za Mn\u0105!\u201d<\/b><\/span><\/span><\/span><\/p>\n<p align=\"justify\">\n<p align=\"justify\">\n<p align=\"justify\">\n<p align=\"justify\">\n<p align=\"justify\">\n<p align=\"justify\"><span style=\"color: #000000;\"><span style=\"font-family: Book Antiqua, serif;\"><span style=\"font-size: large;\">Pierwsze dzisiejsze czytanie to przyk\u0142ad <b>konfrontacji prawdy o Jezusie Chrystusie<\/b> i Jego Zmartwychwstaniu \u2013 <b>z nastawieniem \u015bwiata, <\/b>z opini\u0105 \u015bwiata, z jego reakcj\u0105. Albo jeszcze bardziej precyzyjnie: zderzenie tej prawdy <b>z aparatem pa\u0144stwowym, <\/b>z w\u0142adz\u0105 \u015bwieck\u0105, ze strukturami politycznymi. Zreszt\u0105, jeszcze kilka innych okre\u015ble\u0144 mo\u017cna by tu zastosowa\u0107. <\/span><\/span><\/span><\/p>\n<p align=\"justify\"><span style=\"color: #000000;\"><span style=\"font-family: Book Antiqua, serif;\"><span style=\"font-size: large;\">Oto bowiem dzisiaj \u2013 o jakim\u015b tam Pawle, wygaduj\u0105cym jakie\u015b tam dziwne rzeczy <b>o jakim\u015b tam Jezusie, <\/b>kt\u00f3ry rzekomo zmar\u0142, ale pono\u0107 jednak \u017cyje \u2013 <b>rozmawiaj\u0105 \u201ewielcy\u201d \u00f3wczesnego \u015bwiata: <\/b>namiestnik rzymski z \u017cydowskim kr\u00f3lem. Czego dowiadujemy si\u0119 z tej rozmowy? Na pewno tego, \u017ce <b>Pawe\u0142 by\u0142 bardzo dzielny w obronie prawdy o Jezusie, <\/b>\u017ce nie zawaha\u0142 si\u0119 korzysta\u0107 z wszelkich praw, jakie dawa\u0142o mu posiadanie obywatelstwa rzymskiego i \u017ce nie by\u0142a dla niego straszn\u0105 ani zniech\u0119caj\u0105c\u0105 perspektywa <b>stawania przed jakimikolwiek ludzkimi trybuna\u0142ami <\/b>\u2013 a cho\u0107by nawet przed trybuna\u0142em samego rzymskiego cezara \u2013 oby tylko \u015bwiadczy\u0107 o Zmartwychwsta\u0142ym! <\/span><\/span><\/span><\/p>\n<p align=\"justify\"><span style=\"color: #000000;\"><span style=\"font-family: Book Antiqua, serif;\"><span style=\"font-size: large;\">Dowiadujemy si\u0119 tak\u017ce, i\u017c ta niezwyk\u0142a i jedyna Prawda by\u0142a w jaki\u015b spos\u00f3b <b>obecna w dyskursie <\/b><b>publicznym i politycznym.<\/b> Tyle, \u017ce akurat dla tych znudzonych \u017cyciem i przesyconych bogactwem pr\u00f3\u017cniak\u00f3w, jakimi byli dzisiejsi rozm\u00f3wcy, to by\u0142 jedynie <b>ma\u0142o istotny epizod,<\/b> o kt\u00f3rym zacz\u0119li w og\u00f3le rozmawia\u0107 po kilku dniach przebywania ze sob\u0105. Pewnie<b> ju\u017c nie mieli o czym rozmawia\u0107,<\/b> wi\u0119c Festus przypomnia\u0142 sobie o tym jakim\u015b Pawle, kt\u00f3ry odwo\u0142a\u0142 si\u0119 do Cezara, dlatego wspomnia\u0142 o tym kr\u00f3lowi, ale prawdopodobnie ju\u017c potem \u2013 dok\u0105d jeszcze ze sob\u0105 byli \u2013 <b>do tego tematu nie wracali.<\/b> Bo co ich tam w ko\u0144cu obchodzi\u0142 jaki\u015b Pawe\u0142 \u2013 <b>a ju\u017c tym bardziej ten Jezus,<\/b> co do kt\u00f3rego Pawe\u0142 upiera\u0142 si\u0119, \u017ce \u017cyje, ale tak naprawd\u0119 kto by si\u0119 tam takimi opowiastkami przejmowa\u0142?\u2026 <\/span><\/span><\/span><\/p>\n<p align=\"justify\"><span style=\"color: #000000;\"><span style=\"font-family: Book Antiqua, serif;\"><span style=\"font-size: large;\">A jednak <b>Pawe\u0142 si\u0119 przejmowa\u0142, <\/b>dlatego podejmowa\u0142 wszelkie mo\u017cliwe dzia\u0142ania, aby t\u0119 Prawd\u0119 g\u0142osi\u0107 i jej broni\u0107, nie pozwalaj\u0105c sprowadzi\u0107 jej do poziomu <b>jednej z wielu ma\u0142o istotnych nowinek,<\/b> kt\u00f3rymi ludzie znudzeni \u017cyciem i przesyceni bogactwem zajm\u0105 si\u0119 w kt\u00f3rej\u015b tam dalszej kolejno\u015bci. Dla Paw\u0142a to by\u0142a <b>prawda zasadnicza, pierwsza i najwa\u017cniejsza,<\/b> prawda centralna \u2013 i sprawa \u017cyciowa! <\/span><\/span><\/span><\/p>\n<p align=\"justify\"><span style=\"color: #000000;\"><span style=\"font-family: Book Antiqua, serif;\"><span style=\"font-size: large;\">Podobnie, jak i dla Piotra, kt\u00f3ry dzisiaj w Ewangelii <b>trzykrotnie zapewni\u0142 Jezusa, \u017ce Go kocha.<\/b> Wiemy dobrze, w jakich okoliczno\u015bciach zosta\u0142o wypowiedziane to wyznanie. Wiemy, \u017ce wcze\u015bniej Piotr <b>trzykrotnie swego Mistrza si\u0119 zapar\u0142, <\/b>chocia\u017c tak solennie zapewnia\u0142, \u017ce \u017cycie za Niego odda. Tak, mia\u0142 odda\u0107, <b>ale jeszcze nie wtedy.<\/b> Bo wtedy akurat to on si\u0119 przestraszy\u0142 i wyrzek\u0142 si\u0119 znajomo\u015bci ze swym Mistrzem. <\/span><\/span><\/span><\/p>\n<p align=\"justify\"><span style=\"color: #000000;\"><span style=\"font-family: Book Antiqua, serif;\"><span style=\"font-size: large;\">Jednak Jezus dobrze wiedzia\u0142, <b>\u017ce by\u0142o to ze strachu, <\/b>nie z wyrachowania czy dla jakiego\u015b marnego zysku. Jezus wiedzia\u0142, \u017ce dla Piotra <b>jest <\/b><b>On <\/b><b>kim\u015b wyj\u0105tkowym, jedynym, najwa\u017cniejszym i umi\u0142owanym. <\/b>I je\u017celi dzisiaj a\u017c trzykrotnie zapyta\u0142 swego ucznia, czy Go kocha, to nie po to, by si\u0119 o tym dowiedzie\u0107 \u2013 bo dobrze o tym wiedzia\u0142. Je\u017celi a\u017c trzykrotnie kaza\u0142 Piotrowi potwierdza\u0107 swoj\u0105 mi\u0142o\u015b\u0107 do Niego, to po to, <b>aby to Piotr sam si\u0119 przekona\u0142,<\/b> <b>sam uwierzy\u0142 w to, \u017ce kocha Jezusa<\/b> \u2013 \u017ce kocha Go naprawd\u0119! I \u017ce ju\u017c teraz naprawd\u0119 nie ucieknie, nie wyrzeknie si\u0119, nie przestraszy! <\/span><\/span><\/span><\/p>\n<p align=\"justify\"><span style=\"color: #000000;\"><span style=\"font-family: Book Antiqua, serif;\"><span style=\"font-size: large;\">Bo ju\u017c teraz Jezus i prawda o Nim \u2013 to b\u0119d\u0105 <b>najwa\u017cniejsze rzeczywisto\u015bci w jego \u017cyciu. <\/b>I mo\u017ce trzeba by\u0142o, aby Piotr przeszed\u0142 przez to jak\u017ce trudne i bolesne dla niego samego do\u015bwiadczenie zaparcia si\u0119 Jezusa, a wi\u0119c \u2013 tym samym \u2013 do\u015bwiadczenie <b>w\u0142asnej s\u0142abo\u015bci i zal\u0119knienia,<\/b> aby teraz ju\u017c na sto procent i ju\u017c na pewno p\u00f3j\u015b\u0107 za Jezusem, opowiedzie\u0107 si\u0119 po Jego stronie, uczyni\u0107 Go <b>najwa\u017cniejsz\u0105 rzeczywisto\u015bci\u0105 w \u017cyciu. <\/b><\/span><\/span><\/span><\/p>\n<p align=\"justify\"><span style=\"color: #000000;\"><span style=\"font-family: Book Antiqua, serif;\"><span style=\"font-size: large;\">A przede wszystkim \u2013 aby przekona\u0107 si\u0119, \u017ce Jezus <b>nie jest dla niego jednym z wielu, <\/b>nie jest \u201ejakim\u015b tam\u201d Jezusem, nie jest postaci\u0105 jedynie historyczn\u0105, albo jak\u0105\u015b mityczn\u0105, albo wa\u017cn\u0105 tylko przez jaki\u015b czas, a potem ju\u017c odstawion\u0105 do lamusa. Nie, <b>Jezus by\u0142 dla Niego najwa\u017cniejszy!<\/b> Sam to dzisiaj Piotr powiedzia\u0142, sam si\u0119 o tym przekona\u0142 \u2013 i chyba <b>sam w to uwierzy\u0142. <\/b><\/span><\/span><\/span><\/p>\n<p align=\"justify\"><span style=\"color: #000000;\"><span style=\"font-family: Book Antiqua, serif;\"><span style=\"font-size: large;\">Wpatrzeni w jego postaw\u0119, w to jego <b>dramatyczne dochodzenie do uwierzenia<\/b> w Jezusa i zwi\u0105zania si\u0119 z Nim ju\u017c tak na sto procent, a tak\u017ce wpatrzeni <b>w zapa\u0142 i odwag\u0119 Paw\u0142a,<\/b> w imi\u0119 prawdy o Jezusie <b>staj\u0105ce<\/b><b>go<\/b><b> odwa\u017cnie do konfrontacji ze \u015bwiatem, <\/b>traktuj\u0105cym Jezusa jako jedn\u0105 z wielu ciekawostk\u0119 \u2013 sami odpowiedzmy sobie na pytanie, <b>czym dla nas jest prawda o Jezusie?<\/b> Dla mnie konkretnie \u2013 czym jest? <\/span><\/span><\/span><\/p>\n<p align=\"justify\"><span style=\"color: #000000;\"><span style=\"font-family: Book Antiqua, serif;\"><span style=\"font-size: large;\"><b>Jedyn<\/b><b>\u0105<\/b><b> i najwa\u017cniejsz\u0105 prawd\u0105,<\/b> okre\u015blaj\u0105c\u0105 mnie samego i wyznaczaj\u0105c\u0105 kierunek mojego \u017cycia \u2013 czy <b>jednym z wielu medialnych epizod\u00f3w, <\/b>gin\u0105cych w ca\u0142ym tym g\u0105szczu i nat\u0142oku informacyjnego be\u0142kotu, zalewaj\u0105cego \u015bwiat?\u2026 Co osobi\u015bcie odpowiadam Jezusowi,<b> kiedy to mnie pyta, czy Go kocham?<\/b> Czy za ka\u017cdym razem odpowiadam Mu szczerze, <b>\u017ce tak w\u0142a\u015bnie jest \u2013 \u017ce Go kocham?<\/b> Za ka\u017cdym razem: za pierwszym, za drugim, za trzecim? Za setnym? Za ka\u017cdym \u2013 kt\u00f3ry to by nie by\u0142?\u2026 <\/span><\/span><\/span><\/p>\n<p align=\"justify\"><span style=\"color: #000000;\"><span style=\"font-family: Book Antiqua, serif;\"><span style=\"font-size: large;\">Co robi\u0119 w tym celu, aby Jezus i prawda o Jego Zmartwychwstaniu <b>by\u0142a zawsze \u2013 i codziennie od nowa \u2013 w centrum mojego \u017cycia, <\/b>mojego my\u015blenia, moich pragnie\u0144?\u2026 I jedynym celem mojego \u017cycia?\u2026 Co zrobi\u0119 w tym celu jeszcze dzisiaj?\u2026<\/span><\/span><\/span><\/p>\n","protected":false},"excerpt":{"rendered":"<p>Szcz\u0119\u015b\u0107 Bo\u017ce! Moi Drodzy, w dniu dzisiejszym imieniny prze\u017cywaj\u0105: \u25baWeronika Kowalska \u2013 nale\u017c\u0105ca w swoim czasie do Wsp\u00f3lnoty m\u0142odzie\u017cowej w Tr\u0105bkach; \u25baWeronika Bernaciak \u2013 moja by\u0142a Uczennica w Liceum Lelewela w \u017belechowie. Rocznic\u0119 \u015bwi\u0119ce\u0144 kap\u0142a\u0144skich natomiast prze\u017cywaj\u0105: \u25baKsi\u0105dz Micha\u0142 Dziedzic \u2013 pochodz\u0105cy z mojej Parafii, wy\u015bwi\u0119cony w Diecezji warszawsko \u2013 praskiej, Duszpasterz M\u0142odzie\u017cy tej w\u0142a\u015bnie [&hellip;]<\/p>\n","protected":false},"author":1,"featured_media":0,"comment_status":"open","ping_status":"open","sticky":false,"template":"","format":"standard","meta":{"jetpack_post_was_ever_published":false,"_jetpack_newsletter_access":"","_jetpack_dont_email_post_to_subs":false,"_jetpack_newsletter_tier_id":0,"_jetpack_memberships_contains_paywalled_content":false,"_jetpack_memberships_contains_paid_content":false,"footnotes":""},"categories":[1],"tags":[],"class_list":["post-22487","post","type-post","status-publish","format-standard","hentry","category-bez-kategorii"],"yoast_head":"<!-- This site is optimized with the Yoast SEO plugin v25.1 - https:\/\/yoast.com\/wordpress\/plugins\/seo\/ -->\n<title>Tak, Panie, Ty wiesz... - Gaudium Et Spes<\/title>\n<meta name=\"robots\" content=\"index, follow, max-snippet:-1, max-image-preview:large, max-video-preview:-1\" \/>\n<link rel=\"canonical\" href=\"https:\/\/gaudiumetspes-blog.pl\/index.php\/2024\/05\/17\/tak-panie-ty-wiesz\/\" \/>\n<meta property=\"og:locale\" content=\"pl_PL\" \/>\n<meta property=\"og:type\" content=\"article\" \/>\n<meta property=\"og:title\" content=\"Tak, Panie, Ty wiesz... - Gaudium Et Spes\" \/>\n<meta property=\"og:description\" content=\"Szcz\u0119\u015b\u0107 Bo\u017ce! Moi Drodzy, w dniu dzisiejszym imieniny prze\u017cywaj\u0105: \u25baWeronika Kowalska \u2013 nale\u017c\u0105ca w swoim czasie do Wsp\u00f3lnoty m\u0142odzie\u017cowej w Tr\u0105bkach; \u25baWeronika Bernaciak \u2013 moja by\u0142a Uczennica w Liceum Lelewela w \u017belechowie. Rocznic\u0119 \u015bwi\u0119ce\u0144 kap\u0142a\u0144skich natomiast prze\u017cywaj\u0105: \u25baKsi\u0105dz Micha\u0142 Dziedzic \u2013 pochodz\u0105cy z mojej Parafii, wy\u015bwi\u0119cony w Diecezji warszawsko \u2013 praskiej, Duszpasterz M\u0142odzie\u017cy tej w\u0142a\u015bnie [&hellip;]\" \/>\n<meta property=\"og:url\" content=\"https:\/\/gaudiumetspes-blog.pl\/index.php\/2024\/05\/17\/tak-panie-ty-wiesz\/\" \/>\n<meta property=\"og:site_name\" content=\"Gaudium Et Spes\" \/>\n<meta property=\"article:published_time\" content=\"2024-05-17T07:01:06+00:00\" \/>\n<meta property=\"article:modified_time\" content=\"2024-05-17T07:06:00+00:00\" \/>\n<meta name=\"author\" content=\"Ks. Jacek\" \/>\n<meta name=\"twitter:card\" content=\"summary_large_image\" \/>\n<meta name=\"twitter:label1\" content=\"Napisane przez\" \/>\n\t<meta name=\"twitter:data1\" content=\"Ks. Jacek\" \/>\n\t<meta name=\"twitter:label2\" content=\"Szacowany czas czytania\" \/>\n\t<meta name=\"twitter:data2\" content=\"8 minut\" \/>\n<script type=\"application\/ld+json\" class=\"yoast-schema-graph\">{\"@context\":\"https:\/\/schema.org\",\"@graph\":[{\"@type\":\"WebPage\",\"@id\":\"https:\/\/gaudiumetspes-blog.pl\/index.php\/2024\/05\/17\/tak-panie-ty-wiesz\/\",\"url\":\"https:\/\/gaudiumetspes-blog.pl\/index.php\/2024\/05\/17\/tak-panie-ty-wiesz\/\",\"name\":\"Tak, Panie, Ty wiesz... - Gaudium Et Spes\",\"isPartOf\":{\"@id\":\"https:\/\/gaudiumetspes-blog.pl\/#website\"},\"datePublished\":\"2024-05-17T07:01:06+00:00\",\"dateModified\":\"2024-05-17T07:06:00+00:00\",\"author\":{\"@id\":\"https:\/\/gaudiumetspes-blog.pl\/#\/schema\/person\/1661982992b752dea8dff0d4ed845a65\"},\"breadcrumb\":{\"@id\":\"https:\/\/gaudiumetspes-blog.pl\/index.php\/2024\/05\/17\/tak-panie-ty-wiesz\/#breadcrumb\"},\"inLanguage\":\"pl-PL\",\"potentialAction\":[{\"@type\":\"ReadAction\",\"target\":[\"https:\/\/gaudiumetspes-blog.pl\/index.php\/2024\/05\/17\/tak-panie-ty-wiesz\/\"]}]},{\"@type\":\"BreadcrumbList\",\"@id\":\"https:\/\/gaudiumetspes-blog.pl\/index.php\/2024\/05\/17\/tak-panie-ty-wiesz\/#breadcrumb\",\"itemListElement\":[{\"@type\":\"ListItem\",\"position\":1,\"name\":\"Strona g\u0142\u00f3wna\",\"item\":\"https:\/\/gaudiumetspes-blog.pl\/\"},{\"@type\":\"ListItem\",\"position\":2,\"name\":\"Tak, Panie, Ty wiesz&#8230;\"}]},{\"@type\":\"WebSite\",\"@id\":\"https:\/\/gaudiumetspes-blog.pl\/#website\",\"url\":\"https:\/\/gaudiumetspes-blog.pl\/\",\"name\":\"Gaudium Et Spes\",\"description\":\"Blog Ks. Jacka Ja\u015bkowskiego\",\"potentialAction\":[{\"@type\":\"SearchAction\",\"target\":{\"@type\":\"EntryPoint\",\"urlTemplate\":\"https:\/\/gaudiumetspes-blog.pl\/?s={search_term_string}\"},\"query-input\":{\"@type\":\"PropertyValueSpecification\",\"valueRequired\":true,\"valueName\":\"search_term_string\"}}],\"inLanguage\":\"pl-PL\"},{\"@type\":\"Person\",\"@id\":\"https:\/\/gaudiumetspes-blog.pl\/#\/schema\/person\/1661982992b752dea8dff0d4ed845a65\",\"name\":\"Ks. Jacek\",\"image\":{\"@type\":\"ImageObject\",\"inLanguage\":\"pl-PL\",\"@id\":\"https:\/\/gaudiumetspes-blog.pl\/#\/schema\/person\/image\/\",\"url\":\"https:\/\/gaudiumetspes-blog.pl\/wp-content\/uploads\/2019\/07\/avatar-JJ-150x150.jpg\",\"contentUrl\":\"https:\/\/gaudiumetspes-blog.pl\/wp-content\/uploads\/2019\/07\/avatar-JJ-150x150.jpg\",\"caption\":\"Ks. Jacek\"},\"description\":\"Witam serdecznie! K\u0142ania si\u0119 Ks. Jacek Ja\u015bkowski. Nie jestem ani kim\u015b wa\u017cnym, ani kim\u015b znanym. Jestem ksi\u0119dzem, kt\u00f3ry po prostu chce rozmawia\u0107. Codzienna kap\u0142a\u0144ska pos\u0142uga pokazuje mi, \u017ce temat\u00f3w do rozm\u00f3w z ksi\u0119dzem jest coraz wi\u0119cej i dzisiaj \u017caden ksi\u0105dz nie mo\u017ce od nich ucieka\u0107, ale - wprost przeciwnie - podejmowa\u0107 nowe wyzwania. To przekonanie sk\u0142oni\u0142o mnie do pr\u00f3by otwarcia tego\u017c bloga, chocia\u017c okazji do rozm\u00f3w na co dzie\u0144 - w konfesjonale i poza nim - na szcz\u0119\u015bcie nie brakuje. My\u015bl\u0119 jednak, \u017ce ten blog b\u0119dzie jeszcze jednym sposobem i przestrzeni\u0105 nawi\u0105zania kontaktu z lud\u017ami dobrej woli, otwartymi na dialog.\",\"url\":\"https:\/\/gaudiumetspes-blog.pl\/index.php\/author\/ks-jacek\/\"}]}<\/script>\n<!-- \/ Yoast SEO plugin. -->","yoast_head_json":{"title":"Tak, Panie, Ty wiesz... - Gaudium Et Spes","robots":{"index":"index","follow":"follow","max-snippet":"max-snippet:-1","max-image-preview":"max-image-preview:large","max-video-preview":"max-video-preview:-1"},"canonical":"https:\/\/gaudiumetspes-blog.pl\/index.php\/2024\/05\/17\/tak-panie-ty-wiesz\/","og_locale":"pl_PL","og_type":"article","og_title":"Tak, Panie, Ty wiesz... - Gaudium Et Spes","og_description":"Szcz\u0119\u015b\u0107 Bo\u017ce! Moi Drodzy, w dniu dzisiejszym imieniny prze\u017cywaj\u0105: \u25baWeronika Kowalska \u2013 nale\u017c\u0105ca w swoim czasie do Wsp\u00f3lnoty m\u0142odzie\u017cowej w Tr\u0105bkach; \u25baWeronika Bernaciak \u2013 moja by\u0142a Uczennica w Liceum Lelewela w \u017belechowie. Rocznic\u0119 \u015bwi\u0119ce\u0144 kap\u0142a\u0144skich natomiast prze\u017cywaj\u0105: \u25baKsi\u0105dz Micha\u0142 Dziedzic \u2013 pochodz\u0105cy z mojej Parafii, wy\u015bwi\u0119cony w Diecezji warszawsko \u2013 praskiej, Duszpasterz M\u0142odzie\u017cy tej w\u0142a\u015bnie [&hellip;]","og_url":"https:\/\/gaudiumetspes-blog.pl\/index.php\/2024\/05\/17\/tak-panie-ty-wiesz\/","og_site_name":"Gaudium Et Spes","article_published_time":"2024-05-17T07:01:06+00:00","article_modified_time":"2024-05-17T07:06:00+00:00","author":"Ks. Jacek","twitter_card":"summary_large_image","twitter_misc":{"Napisane przez":"Ks. Jacek","Szacowany czas czytania":"8 minut"},"schema":{"@context":"https:\/\/schema.org","@graph":[{"@type":"WebPage","@id":"https:\/\/gaudiumetspes-blog.pl\/index.php\/2024\/05\/17\/tak-panie-ty-wiesz\/","url":"https:\/\/gaudiumetspes-blog.pl\/index.php\/2024\/05\/17\/tak-panie-ty-wiesz\/","name":"Tak, Panie, Ty wiesz... - Gaudium Et Spes","isPartOf":{"@id":"https:\/\/gaudiumetspes-blog.pl\/#website"},"datePublished":"2024-05-17T07:01:06+00:00","dateModified":"2024-05-17T07:06:00+00:00","author":{"@id":"https:\/\/gaudiumetspes-blog.pl\/#\/schema\/person\/1661982992b752dea8dff0d4ed845a65"},"breadcrumb":{"@id":"https:\/\/gaudiumetspes-blog.pl\/index.php\/2024\/05\/17\/tak-panie-ty-wiesz\/#breadcrumb"},"inLanguage":"pl-PL","potentialAction":[{"@type":"ReadAction","target":["https:\/\/gaudiumetspes-blog.pl\/index.php\/2024\/05\/17\/tak-panie-ty-wiesz\/"]}]},{"@type":"BreadcrumbList","@id":"https:\/\/gaudiumetspes-blog.pl\/index.php\/2024\/05\/17\/tak-panie-ty-wiesz\/#breadcrumb","itemListElement":[{"@type":"ListItem","position":1,"name":"Strona g\u0142\u00f3wna","item":"https:\/\/gaudiumetspes-blog.pl\/"},{"@type":"ListItem","position":2,"name":"Tak, Panie, Ty wiesz&#8230;"}]},{"@type":"WebSite","@id":"https:\/\/gaudiumetspes-blog.pl\/#website","url":"https:\/\/gaudiumetspes-blog.pl\/","name":"Gaudium Et Spes","description":"Blog Ks. Jacka Ja\u015bkowskiego","potentialAction":[{"@type":"SearchAction","target":{"@type":"EntryPoint","urlTemplate":"https:\/\/gaudiumetspes-blog.pl\/?s={search_term_string}"},"query-input":{"@type":"PropertyValueSpecification","valueRequired":true,"valueName":"search_term_string"}}],"inLanguage":"pl-PL"},{"@type":"Person","@id":"https:\/\/gaudiumetspes-blog.pl\/#\/schema\/person\/1661982992b752dea8dff0d4ed845a65","name":"Ks. Jacek","image":{"@type":"ImageObject","inLanguage":"pl-PL","@id":"https:\/\/gaudiumetspes-blog.pl\/#\/schema\/person\/image\/","url":"https:\/\/gaudiumetspes-blog.pl\/wp-content\/uploads\/2019\/07\/avatar-JJ-150x150.jpg","contentUrl":"https:\/\/gaudiumetspes-blog.pl\/wp-content\/uploads\/2019\/07\/avatar-JJ-150x150.jpg","caption":"Ks. Jacek"},"description":"Witam serdecznie! K\u0142ania si\u0119 Ks. Jacek Ja\u015bkowski. Nie jestem ani kim\u015b wa\u017cnym, ani kim\u015b znanym. Jestem ksi\u0119dzem, kt\u00f3ry po prostu chce rozmawia\u0107. Codzienna kap\u0142a\u0144ska pos\u0142uga pokazuje mi, \u017ce temat\u00f3w do rozm\u00f3w z ksi\u0119dzem jest coraz wi\u0119cej i dzisiaj \u017caden ksi\u0105dz nie mo\u017ce od nich ucieka\u0107, ale - wprost przeciwnie - podejmowa\u0107 nowe wyzwania. To przekonanie sk\u0142oni\u0142o mnie do pr\u00f3by otwarcia tego\u017c bloga, chocia\u017c okazji do rozm\u00f3w na co dzie\u0144 - w konfesjonale i poza nim - na szcz\u0119\u015bcie nie brakuje. My\u015bl\u0119 jednak, \u017ce ten blog b\u0119dzie jeszcze jednym sposobem i przestrzeni\u0105 nawi\u0105zania kontaktu z lud\u017ami dobrej woli, otwartymi na dialog.","url":"https:\/\/gaudiumetspes-blog.pl\/index.php\/author\/ks-jacek\/"}]}},"jetpack_featured_media_url":"","jetpack_sharing_enabled":true,"_links":{"self":[{"href":"https:\/\/gaudiumetspes-blog.pl\/index.php\/wp-json\/wp\/v2\/posts\/22487","targetHints":{"allow":["GET"]}}],"collection":[{"href":"https:\/\/gaudiumetspes-blog.pl\/index.php\/wp-json\/wp\/v2\/posts"}],"about":[{"href":"https:\/\/gaudiumetspes-blog.pl\/index.php\/wp-json\/wp\/v2\/types\/post"}],"author":[{"embeddable":true,"href":"https:\/\/gaudiumetspes-blog.pl\/index.php\/wp-json\/wp\/v2\/users\/1"}],"replies":[{"embeddable":true,"href":"https:\/\/gaudiumetspes-blog.pl\/index.php\/wp-json\/wp\/v2\/comments?post=22487"}],"version-history":[{"count":4,"href":"https:\/\/gaudiumetspes-blog.pl\/index.php\/wp-json\/wp\/v2\/posts\/22487\/revisions"}],"predecessor-version":[{"id":22491,"href":"https:\/\/gaudiumetspes-blog.pl\/index.php\/wp-json\/wp\/v2\/posts\/22487\/revisions\/22491"}],"wp:attachment":[{"href":"https:\/\/gaudiumetspes-blog.pl\/index.php\/wp-json\/wp\/v2\/media?parent=22487"}],"wp:term":[{"taxonomy":"category","embeddable":true,"href":"https:\/\/gaudiumetspes-blog.pl\/index.php\/wp-json\/wp\/v2\/categories?post=22487"},{"taxonomy":"post_tag","embeddable":true,"href":"https:\/\/gaudiumetspes-blog.pl\/index.php\/wp-json\/wp\/v2\/tags?post=22487"}],"curies":[{"name":"wp","href":"https:\/\/api.w.org\/{rel}","templated":true}]}}