{"id":22549,"date":"2024-06-10T08:39:27","date_gmt":"2024-06-10T06:39:27","guid":{"rendered":"https:\/\/gaudiumetspes-blog.pl\/?p=22549"},"modified":"2024-06-10T08:39:27","modified_gmt":"2024-06-10T06:39:27","slug":"wedlug-rozkazu-pana","status":"publish","type":"post","link":"https:\/\/gaudiumetspes-blog.pl\/index.php\/2024\/06\/10\/wedlug-rozkazu-pana\/","title":{"rendered":"Wed\u0142ug rozkazu Pana&#8230;"},"content":{"rendered":"<p align=\"justify\"><span style=\"color: #000000;\"><span style=\"font-family: Book Antiqua, serif;\"><span style=\"font-size: large;\">Szcz\u0119\u015b\u0107 Bo\u017ce! Moi Drodzy, w dniu dzisiejszym <b>urodziny prze\u017cywa Monika Ochnik \u2013 <\/b><b>Osoba mi bardzo bliska i \u017cyczliwa, z kt\u00f3r\u0105 znamy si\u0119 ju\u017c od pierwszych dni mojego kap\u0142a\u0144stwa, <\/b><b>ki<\/b><b>edy to anga\u017cowa\u0142a si\u0119 Ona w dzia\u0142alno\u015b\u0107 KSM w Parafii mojego pierwszego wikariatu \u2013 w Radory\u017cu Ko\u015bcielnym. Dzisiaj natomiast jest dyplomowan\u0105 Piel\u0119gniark\u0105 w Warszawie, ale przede wszystkim \u2013 jest Osob\u0105 \u017cyj\u0105c\u0105 m\u0105drze, pobo\u017cnie i aktywnie; otwart<\/b><b>\u0105<\/b><b> na ludzi; ch\u0119tn<\/b><b>\u0105<\/b><b>, by zawsze wys\u0142ucha\u0107 i pom\u00f3c, ale te\u017c do\u015bwiadczon<\/b><b>\u0105<\/b><b> niejednym trudnym \u017cyciowym <\/b><b>krzy\u017cem\u2026 <\/b><b>Dzi\u0119kuj\u0105c za to pi\u0119kne \u015bwiadectwo wiary, \u017cycz\u0119 Bo\u017cego prowadzenia i Bo\u017cej opieki we wszystkich okoliczno\u015bciach \u017cycia! <\/b><b>Zapewniam o modlitwie!<\/b><\/span><\/span><\/span><\/p>\n<p align=\"justify\"><span style=\"color: #000000;\"><span style=\"font-family: Book Antiqua, serif;\"><span style=\"font-size: large;\"><b>Imieniny natomiast prze\u017cywa Ma\u0142gorzata Osypiuk, nale\u017c\u0105ca w swoim czasie do jednej z m\u0142odzie\u017cowych Wsp\u00f3lnot. <\/b><\/span><\/span><\/span><\/p>\n<p align=\"justify\"><span style=\"color: #000000;\"><span style=\"font-family: Book Antiqua, serif;\"><span style=\"font-size: large;\"><b>Z kolei rocznic\u0119 \u015awi\u0119ce\u0144 kap\u0142a\u0144skich prze\u017cywa Ksi\u0105dz Andrzej Polak, m\u00f3j pierwszy Superior, czyli starszy Kolega w pokoju seminaryjnym, wprowadzaj\u0105cy mnie bardzo m\u0105drze i spokojnie w realia seminaryjnego \u017cycia;<\/b><\/span><\/span><\/span><\/p>\n<p align=\"justify\"><span style=\"color: #000000;\"><span style=\"font-family: Book Antiqua, serif;\"><span style=\"font-size: large;\"><b>a tak\u017ce inni Kap\u0142ani, kt\u00f3rymi wsp\u00f3\u0142pracowa\u0142em lub spotyka\u0142em si\u0119 tu i tam:<\/b><\/span><\/span><\/span><\/p>\n<p align=\"justify\"><span style=\"color: #000000;\">\u25ba<span style=\"font-family: Book Antiqua, serif;\"><span style=\"font-size: large;\"><b>Ksi\u0105dz S\u0142awomir Zaczek, <\/b><\/span><\/span><\/span><\/p>\n<p align=\"justify\"><span style=\"color: #000000;\">\u25ba<span style=\"font-family: Book Antiqua, serif;\"><span style=\"font-size: large;\"><b>Ksi\u0105dz Jaros\u0142aw Oponowicz, <\/b><\/span><\/span><\/span><\/p>\n<p align=\"justify\"><span style=\"color: #000000;\">\u25ba<span style=\"font-family: Book Antiqua, serif;\"><span style=\"font-size: large;\"><b>Ksi\u0105dz Pawe\u0142 Siedlanowski,<\/b><\/span><\/span><\/span><\/p>\n<p align=\"justify\"><span style=\"color: #000000;\">\u25ba<span style=\"font-family: Book Antiqua, serif;\"><span style=\"font-size: large;\"><b>Ksi\u0105dz Tomasz Bieli\u0144ski,<\/b><\/span><\/span><\/span><\/p>\n<p align=\"justify\"><span style=\"color: #000000;\">\u25ba<span style=\"font-family: Book Antiqua, serif;\"><span style=\"font-size: large;\"><b>Ksi\u0105dz Wies\u0142aw Nestoruk,<\/b><\/span><\/span><\/span><\/p>\n<p align=\"justify\"><span style=\"color: #000000;\">\u25ba<span style=\"font-family: Book Antiqua, serif;\"><span style=\"font-size: large;\"><b>Ksi\u0105dz Zbigniew Karwowski<\/b><\/span><\/span><\/span><\/p>\n<p align=\"justify\"><span style=\"color: #000000;\">\u25ba<span style=\"font-family: Book Antiqua, serif;\"><span style=\"font-size: large;\"><b>Ksi\u0105dz Konrad Poterek,<\/b><\/span><\/span><\/span><\/p>\n<p align=\"justify\"><span style=\"color: #000000;\">\u25ba<span style=\"font-family: Book Antiqua, serif;\"><span style=\"font-size: large;\"><b>Ksi\u0105dz Jacek Wojda<\/b><\/span><\/span><\/span><\/p>\n<p align=\"justify\"><span style=\"color: #000000;\">\u25ba<span style=\"font-family: Book Antiqua, serif;\"><span style=\"font-size: large;\"><b>Ksi\u0105dz Sebastian Bisek,<\/b><\/span><\/span><\/span><\/p>\n<p align=\"justify\"><span style=\"color: #000000;\">\u25ba<span style=\"font-family: Book Antiqua, serif;\"><span style=\"font-size: large;\"><b>Ksi\u0105dz \u0141ukasz Kulik,<\/b><\/span><\/span><\/span><\/p>\n<p align=\"justify\"><span style=\"color: #000000;\">\u25ba<span style=\"font-family: Book Antiqua, serif;\"><span style=\"font-size: large;\"><b>Ksi\u0105dz Piotr Radzikowski,<\/b><\/span><\/span><\/span><\/p>\n<p align=\"justify\"><span style=\"color: #000000;\">\u25ba<span style=\"font-family: Book Antiqua, serif;\"><span style=\"font-size: large;\"><b>Ksi\u0105dz Pawe\u0142 Zazuniak,<\/b><\/span><\/span><\/span><\/p>\n<p align=\"justify\"><span style=\"color: #000000;\">\u25ba<span style=\"font-family: Book Antiqua, serif;\"><span style=\"font-size: large;\"><b>Ksi\u0105dz Adam Wo\u017aniak,<\/b><\/span><\/span><\/span><\/p>\n<p align=\"justify\"><span style=\"color: #000000;\">\u25ba<span style=\"font-family: Book Antiqua, serif;\"><span style=\"font-size: large;\"><b>Ksi\u0105dz Tomasz Pawlak,<\/b><\/span><\/span><\/span><\/p>\n<p align=\"justify\"><span style=\"color: #000000;\">\u25ba<span style=\"font-family: Book Antiqua, serif;\"><span style=\"font-size: large;\"><b>Ksi\u0105dz \u0141ukasz B\u0105k (starszy).<\/b><\/span><\/span><\/span><\/p>\n<p align=\"justify\"><span style=\"color: #000000;\"><span style=\"font-family: Book Antiqua, serif;\"><span style=\"font-size: large;\"><b>Wszystkim \u015bwi\u0119tuj\u0105cym \u017cycz\u0119 obfito\u015bci Bo\u017cych dar\u00f3w, o kt\u00f3re te\u017c obiecuj\u0119 si\u0119 modli\u0107.<\/b><\/span><\/span><\/span><\/p>\n<p align=\"justify\"><span style=\"color: #000000;\"><span style=\"font-family: Book Antiqua, serif;\"><span style=\"font-size: large;\">Moi Drodzy, w dniu dzisiejszym wypada dwudziesta pi\u0105ta rocznica wizyty Jana Paw\u0142a II w Siedlcach. Dobrze pami\u0119tam to wydarzenie \u2013 ju\u017c jako ksi\u0105dz uczestniczy\u0142em w nim, pos\u0142uguj\u0105c w centralnych s\u0142u\u017cbach porz\u0105dkowych. Dzisiaj, w miejscu celebry, wydarzenie to upami\u0119tnia okaza\u0142y krzy\u017c, pod kt\u00f3rym ju\u017c kilka razy modlili\u015bmy si\u0119, jako Duszpasterstwo Akademickie. A co pozosta\u0142o w naszych sercach?\u2026 <\/span><\/span><\/span><\/p>\n<p align=\"justify\"><span style=\"color: #000000;\"><span style=\"font-family: Book Antiqua, serif;\"><span style=\"font-size: large;\">Wczoraj, z tej okazji, sprawowana by\u0142a Msza \u015awi\u0119ta w siedleckiej Katedrze:<\/span><\/span><\/span><\/p>\n<p align=\"justify\"><span style=\"color: #000000;\"><span style=\"font-family: Book Antiqua, serif;\"><span style=\"font-size: medium;\"><span style=\"font-size: large;\"><b><a href=\"https:\/\/siedlce.podlasie24.pl\/kosciol\/msza-sw-dziekczynna-za-dar-wizyty-jana-pawla-ii-w-siedlcach-oraz-zawierzenie-bogu-roznych-grup-spolecznych-diecezji-siedleckiej-20240609235357?_gl=1*1su60vk*_gcl_au*MTI4NDUwMDIwLjE3MTc1NjA5NDM.*_ga*MTI1ODA1MjQyMC4xNjk4NDg5MDA1*_ga_8H7CG4ZCTH*MTcxODAwMDk4OS4zMjAuMS4xNzE4MDAxMDI3LjIyLjAuMzMyNjA4NTU2\">https:\/\/siedlce.podlasie24.pl\/kosciol\/msza-sw-dziekczynna-za-dar-wizyty-jana-pawla-ii-w-siedlcach-oraz-zawierzenie-bogu-roznych-grup-spolecznych-diecezji-siedleckiej-20240609235357?_gl=1*1su60vk*_gcl_au*MTI4NDUwMDIwLjE3MTc1NjA5NDM.*_ga*MTI1ODA1MjQyMC4xNjk4NDg5MDA1*_ga_8H7CG4ZCTH*MTcxODAwMDk4OS4zMjAuMS4xNzE4MDAxMDI3LjIyLjAuMzMyNjA4NTU2<\/a> <\/b><\/span><\/span><\/span><\/span><\/p>\n<p align=\"justify\"><span style=\"color: #000000;\"><span style=\"font-family: Book Antiqua, serif;\"><span style=\"font-size: large;\">A oto gar\u015b\u0107 radiowych wspomnie\u0144 z tego wydarzenia:<\/span><\/span><\/span><\/p>\n<p align=\"justify\"><span style=\"color: #000000;\"><span style=\"font-family: Book Antiqua, serif;\"><span style=\"font-size: medium;\"><a href=\"https:\/\/soundcloud.com\/user-48589235\/sets\/jan-pawe-ii-w-siedlcach\"><span style=\"font-size: large;\"><b>https:\/\/soundcloud.com\/user-48589235\/sets\/jan-pawe-ii-w-siedlcach<\/b><\/span><\/a> <\/span><\/span><\/span><\/p>\n<p align=\"justify\"><span style=\"color: #000000;\"><span style=\"font-family: Book Antiqua, serif;\"><span style=\"font-size: large;\">U mnie za\u015b dzisiaj \u2013 dzie\u0144 do\u015b\u0107 intensywny, ale trudny do zaplanowania. Jedyne, co planuj\u0119 teraz, to Msza \u015awi\u0119ta gregoria\u0144ska w mojej rodzinnej Parafii, o godzinie 18:00. A poza tym \u2013 co B\u00f3g da\u2026<\/span><\/span><\/span><\/p>\n<p align=\"justify\"><span style=\"color: #000000;\"><span style=\"font-family: Book Antiqua, serif;\"><span style=\"font-size: large;\">Natomiast teraz zapraszam do pochylenia si\u0119 nad Bo\u017cym s\u0142owem dzisiejszej liturgii. Oto s\u0142\u00f3wko Ksi\u0119dza Marka na dzi\u015b:<\/span><\/span><\/span><\/p>\n<p align=\"justify\"><span style=\"color: #000000;\"><span style=\"font-family: Book Antiqua, serif;\"><span style=\"font-size: medium;\"><a href=\"https:\/\/www.youtube.com\/c\/CatholicSurgut\"><span style=\"font-size: large;\"><span lang=\"zxx\"><u><b>https:\/\/www.youtube.com\/c\/CatholicSurgut<\/b><\/u><\/span><\/span><\/a><\/span><\/span><\/span><\/p>\n<p align=\"justify\"><span style=\"color: #000000;\"><span style=\"font-family: Book Antiqua, serif;\"><span style=\"font-size: large;\"><span lang=\"zxx\">Zatem, <\/span><b>c<\/b><b>o Pan do mnie konkretnie m\u00f3wi? Z jakim osobistym przes\u0142aniem zwraca <\/b><b>si\u0119 do mnie osobi\u015bcie<\/b><b>?<\/b> Duchu \u015awi\u0119ty, przyjd\u017a i pom\u00f3\u017c!<\/span><\/span><\/span><\/p>\n<p align=\"justify\"><span style=\"color: #000000;\"><span style=\"font-family: Book Antiqua, serif;\"><span style=\"font-size: large;\"><b>Niech Was b\u0142ogos\u0142awi B\u00f3g Wszechmog\u0105cy: Ojciec + i Syn, i Duch \u015awi\u0119ty. Amen<\/b><\/span><\/span><\/span><\/p>\n<p align=\"center\"><span style=\"color: #000000;\"><span style=\"font-family: Book Antiqua, serif;\"><span style=\"font-size: large;\">Gaudium et spes! Ks. Jacek<\/span><\/span><\/span><\/p>\n<p align=\"center\">\n<p align=\"center\">\n<p align=\"center\">\n<p align=\"center\">\n<p align=\"center\">\n<p align=\"justify\"><span style=\"color: #000000;\"><span style=\"font-family: Book Antiqua, serif;\"><span style=\"font-size: large;\"><b>Poniedzia\u0142ek 10 Tygodnia zwyk\u0142ego, rok II,<\/b><\/span><\/span><\/span><\/p>\n<p align=\"justify\"><span style=\"color: #000000;\"><span style=\"font-family: Book Antiqua, serif;\"><span style=\"font-size: large;\"><b>10 czerwca 2024.,\u00a0<\/b><\/span><\/span><\/span><\/p>\n<p align=\"justify\"><span style=\"color: #000000;\"><span style=\"font-family: Book Antiqua, serif;\"><span style=\"font-size: large;\"><b>do czyta\u0144: 1 Krl 17,1\u20136; Mt 5,1\u201312<\/b><\/span><\/span><\/span><\/p>\n<p align=\"justify\">\n<p align=\"justify\">\n<p align=\"justify\">\n<p align=\"justify\">\n<p align=\"justify\">\n<p align=\"justify\"><span style=\"color: #000000;\"><span style=\"font-family: Book Antiqua, serif;\"><span style=\"font-size: large;\"><b>CZYTANIE Z PIERWSZEJ KSI\u0118GI KR\u00d3LEWSKIEJ:<\/b><\/span><\/span><\/span><\/p>\n<p align=\"justify\"><span style=\"color: #000000;\"><span style=\"font-family: Book Antiqua, serif;\"><span style=\"font-size: large;\"><b>Prorok Eliasz z Tiszbe w Gileadzie rzek\u0142 do Achaba: \u201eNa \u017cycie Pana, Boga Izraela, kt\u00f3remu s\u0142u\u017c\u0119! Nie b\u0119dzie w tych latach ani rosy, ani deszczu, dop\u00f3ki nie powiem\u201d.<\/b><\/span><\/span><\/span><\/p>\n<p align=\"justify\"><span style=\"color: #000000;\"><span style=\"font-family: Book Antiqua, serif;\"><span style=\"font-size: large;\"><b>Potem Pan skierowa\u0142 do niego to s\u0142owo: \u201eOdejd\u017a st\u0105d i udaj si\u0119 na wsch\u00f3d, aby ukry\u0107 si\u0119 przy potoku Kerit, kt\u00f3ry jest na wsch\u00f3d od Jordanu. Wod\u0119 b\u0119dziesz pi\u0142 z potoku, krukom za\u015b kaza\u0142em, \u017ceby ci\u0119 tam \u017cywi\u0142y\u201d. Poszed\u0142 wi\u0119c, aby uczyni\u0107 wed\u0142ug rozkazu Pana, i pod\u0105\u017cy\u0142, \u017ceby zamieszka\u0107 przy potoku Kerit na wsch\u00f3d od Jordanu. A kruki przynosi\u0142y mu rano chleb i mi\u0119so wieczorem, a wod\u0119 pija\u0142 z potoku.<\/b><\/span><\/span><\/span><\/p>\n<p align=\"justify\">\n<p align=\"justify\">\n<p align=\"justify\">\n<p align=\"justify\">\n<p align=\"justify\">\n<p align=\"justify\"><span style=\"color: #000000;\"><span style=\"font-family: Book Antiqua, serif;\"><span style=\"font-size: large;\"><b>S\u0141OWA EWANGELII WED\u0141UG \u015aWI\u0118TEGO MATEUSZ:<\/b><\/span><\/span><\/span><\/p>\n<p align=\"justify\"><span style=\"color: #000000;\"><span style=\"font-family: Book Antiqua, serif;\"><span style=\"font-size: large;\"><b>Jezus, widz\u0105c t\u0142umy, wyszed\u0142 na g\u00f3r\u0119. A gdy usiad\u0142, przyst\u0105pili do Niego Jego uczniowie. Wtedy otworzy\u0142 swoje usta i naucza\u0142 ich tymi s\u0142owami:<\/b><\/span><\/span><\/span><\/p>\n<p align=\"justify\"><span style=\"color: #000000;\">\u201e<span style=\"font-family: Book Antiqua, serif;\"><span style=\"font-size: large;\"><b>B\u0142ogos\u0142awieni ubodzy w duchu, albowiem do nich nale\u017cy kr\u00f3lestwo niebieskie.<\/b><\/span><\/span><\/span><\/p>\n<p align=\"justify\"><span style=\"color: #000000;\"><span style=\"font-family: Book Antiqua, serif;\"><span style=\"font-size: large;\"><b>B\u0142ogos\u0142awieni, kt\u00f3rzy p\u0142acz\u0105, albowiem oni b\u0119d\u0105 pocieszeni.<\/b><\/span><\/span><\/span><\/p>\n<p align=\"justify\"><span style=\"color: #000000;\"><span style=\"font-family: Book Antiqua, serif;\"><span style=\"font-size: large;\"><b>B\u0142ogos\u0142awieni cisi, albowiem oni na w\u0142asno\u015b\u0107 posi\u0105d\u0105 ziemi\u0119.<\/b><\/span><\/span><\/span><\/p>\n<p align=\"justify\"><span style=\"color: #000000;\"><span style=\"font-family: Book Antiqua, serif;\"><span style=\"font-size: large;\"><b>B\u0142ogos\u0142awieni, kt\u00f3rzy \u0142akn\u0105 i pragn\u0105 sprawiedliwo\u015bci, albowiem oni b\u0119d\u0105 nasyceni.<\/b><\/span><\/span><\/span><\/p>\n<p align=\"justify\"><span style=\"color: #000000;\"><span style=\"font-family: Book Antiqua, serif;\"><span style=\"font-size: large;\"><b>B\u0142ogos\u0142awieni mi\u0142osierni, albowiem oni mi\u0142osierdzia dost\u0105pi\u0105.<\/b><\/span><\/span><\/span><\/p>\n<p align=\"justify\"><span style=\"color: #000000;\"><span style=\"font-family: Book Antiqua, serif;\"><span style=\"font-size: large;\"><b>B\u0142ogos\u0142awieni czystego serca, albowiem oni Boga ogl\u0105da\u0107 b\u0119d\u0105.<\/b><\/span><\/span><\/span><\/p>\n<p align=\"justify\"><span style=\"color: #000000;\"><span style=\"font-family: Book Antiqua, serif;\"><span style=\"font-size: large;\"><b>B\u0142ogos\u0142awieni, kt\u00f3rzy wprowadzaj\u0105 pok\u00f3j, albowiem oni b\u0119d\u0105 nazwani synami Bo\u017cymi.<\/b><\/span><\/span><\/span><\/p>\n<p align=\"justify\"><span style=\"color: #000000;\"><span style=\"font-family: Book Antiqua, serif;\"><span style=\"font-size: large;\"><b>B\u0142ogos\u0142awieni, kt\u00f3rzy cierpi\u0105 prze\u015bladowanie dla sprawiedliwo\u015bci, albowiem do nich nale\u017cy kr\u00f3lestwo niebieskie.<\/b><\/span><\/span><\/span><\/p>\n<p align=\"justify\"><span style=\"color: #000000;\"><span style=\"font-family: Book Antiqua, serif;\"><span style=\"font-size: large;\"><b>B\u0142ogos\u0142awieni jeste\u015bcie, gdy ludzie wam ur\u0105gaj\u0105 i prze\u015bladuj\u0105 was, i gdy m\u00f3wi\u0105 k\u0142amliwie wszystko z\u0142e na was z mego powodu. Cieszcie si\u0119 i radujcie, albowiem wasza nagroda jest wielka w niebie. Tak bowiem prze\u015bladowali prorok\u00f3w, kt\u00f3rzy byli przed wami\u201d.<\/b><\/span><\/span><\/span><\/p>\n<p align=\"justify\">\n<p align=\"justify\">\n<p align=\"justify\">\n<p align=\"justify\">\n<p align=\"justify\">\n<p align=\"justify\"><span style=\"color: #000000;\"><span style=\"font-family: Book Antiqua, serif;\"><span style=\"font-size: large;\">Zwr\u00f3\u0107my uwag\u0119 na s\u0142owa Proroka Eliasza, zapisane w dzisiejszym pierwszym czytaniu: <i><b>Na \u017cycie Pana, Boga Izraela, kt\u00f3remu s\u0142u\u017c\u0119! Nie b\u0119dzie w tych latach ani rosy, ani deszczu, dop\u00f3ki nie powiem. <\/b><\/i>Szczeg\u00f3lnie chodzi tu o to ostatnie stwierdzenie: <i><b>dop\u00f3ki nie powiem.<\/b><\/i> <\/span><\/span><\/span><\/p>\n<p align=\"justify\"><span style=\"color: #000000;\"><span style=\"font-family: Book Antiqua, serif;\"><span style=\"font-size: large;\">Zauwa\u017cmy, \u017ce <b>m\u00f3wi to cz\u0142owiek<\/b> i m\u00f3wi <b>o zjawiskach pogodowych, przyrodniczych,<\/b> co do kt\u00f3rych raczej wszyscy jeste\u015bmy zgodni, \u017ce nie wchodz\u0105 w zakres kompetencji cz\u0142owieka. A oto dzisiaj Prorok m\u00f3wi, \u017ce nie b\u0119dzie deszczu, ani nawet rosy, <b>dop\u00f3ki on nie powie! <\/b>Kim\u017ce wi\u0119c jest \u00f3w cz\u0142owiek? I jakie musi mie\u0107 <b>przekonanie o sobie,<\/b> jakie ma wyobra\u017cenie o swojej w\u0142asnej mocy, skoro takie rzeczy m\u00f3wi? W\u0142a\u015bnie, czy wyobra\u017cenie <b>o swojej w\u0142asnej mocy?\u2026<\/b> <\/span><\/span><\/span><\/p>\n<p align=\"justify\"><span style=\"color: #000000;\"><span style=\"font-family: Book Antiqua, serif;\"><span style=\"font-size: large;\">Ju\u017c kolejne zdania dzisiejszego pierwszego czytania zdaj\u0105 si\u0119 wyra\u017anie <b>wskazywa\u0107 na \u017ar\u00f3d\u0142a tej mocy<\/b> i tego przekonania Proroka o swojej mocy. Oto bowiem s\u0142yszymy, i\u017c <b>to Pan skierowa\u0142 do niego swoje s\u0142owo, <\/b>w kt\u00f3rym udzieli\u0142 mu \u2013 by si\u0119 tak wyrazi\u0107 \u2013 <b>szczeg\u00f3\u0142owych instrukcji,<\/b> co i jak ma robi\u0107 w najbli\u017cszym czasie. Jak ma si\u0119 uratowa\u0107 przed susz\u0105, kt\u00f3r\u0105 zreszt\u0105 sam zapowiedzia\u0142. Ale je\u017celi nawet to on, Prorok, rzeczywi\u015bcie j\u0105 zapowiedzia\u0142, a chwil\u0119 p\u00f3\u017aniej s\u0142yszymy, \u017ce <b>B\u00f3g ka\u017ce mu na ten czas uda\u0107 si\u0119 do konkretnego miejsca<\/b> i obiecuje, \u017ce ptaki b\u0119d\u0105 mu przynosi\u0142y jedzenie, to nie mo\u017cemy mie\u0107 ju\u017c \u017cadnych w\u0105tpliwo\u015bci, \u017ce za ca\u0142\u0105 spraw\u0105 \u2013 od pocz\u0105tku do ko\u0144ca \u2013 <b>stoi osobi\u015bcie sam B\u00f3g.<\/b> A Prorok jest jedynie wykonawc\u0105 woli Bo\u017cej. <\/span><\/span><\/span><\/p>\n<p align=\"justify\"><span style=\"color: #000000;\"><span style=\"font-family: Book Antiqua, serif;\"><span style=\"font-size: large;\">Natomiast s\u0142owa, kt\u00f3re dzi\u015b Prorok wypowiedzia\u0142: <i><b>dop\u00f3ki nie powiem \u2013<\/b><\/i> a wi\u0119c nie: \u201edop\u00f3ki B\u00f3g nie powie\u201d; \u201edop\u00f3ki nie przeka\u017c\u0119 wam Bo\u017cej woli\u201d, tylko wprost: <b>\u00abdop\u00f3ki ja, Prorok, wam nie powiem\u00bb<\/b> \u2013 \u015bwiadcz\u0105 o jakiej\u015b <b>niesamowitej za\u017cy\u0142o\u015bci Proroka z Bogiem.<\/b> A tak\u017ce: <b>o wielkiej \u0142askawo\u015bci Boga,<\/b> kt\u00f3ry a\u017c do takiej bliskiej za\u017cy\u0142o\u015bci i wsp\u00f3\u0142pracy zaprasza cz\u0142owieka. <\/span><\/span><\/span><\/p>\n<p align=\"justify\"><span style=\"color: #000000;\"><span style=\"font-family: Book Antiqua, serif;\"><span style=\"font-size: large;\">Moi Drodzy, trudno w tej chwili nie odnie\u015b\u0107 tego <b>do pos\u0142ugi nas, kap\u0142an\u00f3w Nowego Testamentu, <\/b>a konkretnie: <b>do pos\u0142ugi w konfesjonale, <\/b>gdzie na zako\u0144czenie ka\u017cdej Spowiedzi wypowiadamy formu\u0142\u0119 rozgrzeszenia \u2013 o ile oczywi\u015bcie, mo\u017cemy go udzieli\u0107 \u2013 i ko\u0144czymy j\u0105 s\u0142owami: <b>\u201eI ja odpuszczam Tobie grzechy, w imi\u0119 Ojca i Syna, i Ducha \u015awi\u0119tego\u201d.<\/b> W\u0142a\u015bnie: <b>\u201eja, kap\u0142an, <\/b>odpuszczam Tobie grzechy\u201d. Owszem, to sam Jezus to czyni, bo kap\u0142an \u2013 sam z siebie, jako cz\u0142owiek \u2013<b> takiej mocy, ani takiej w\u0142adzy nie ma. <\/b>Ale ma j\u0105 Jezus Chrystus, kt\u00f3ry <b>t\u0105 w\u0142adz\u0105 dzieli si\u0119 z cz\u0142owiekiem. <\/b><\/span><\/span><\/span><\/p>\n<p align=\"justify\"><span style=\"color: #000000;\"><span style=\"font-family: Book Antiqua, serif;\"><span style=\"font-size: large;\">Jak\u017ce to <b>wielki zaszczyt<\/b> dla cz\u0142owieka, ale te\u017c \u2013 <b>jaka\u017c ogromna odpowiedzialno\u015b\u0107!<\/b> Jakie zobowi\u0105zanie, aby <b>w niczym nie sprzeniewierzy\u0107 si\u0119<\/b> temu zaufaniu, jakie Pan w nas pok\u0142ada. I oto Prorok Pa\u0144ski tak\u017ce tak\u0105 za\u017cy\u0142o\u015bci\u0105 mo\u017ce si\u0119 cieszy\u0107. Zobaczmy, moi Drodzy, <b>jak bardzo powa\u017cnie B\u00f3g traktuje cz\u0142owieka,<\/b> jak si\u0119 z nim liczy,<b> jak buduje pozycj\u0119 <\/b>swoich wsp\u00f3\u0142pracownik\u00f3w w spo\u0142eczno\u015bci ludzkiej. <\/span><\/span><\/span><\/p>\n<p align=\"justify\"><span style=\"color: #000000;\"><span style=\"font-family: Book Antiqua, serif;\"><span style=\"font-size: large;\">Skoro bowiem Prorok mo\u017ce powiedzie\u0107, \u017ce deszcze nie spadnie, <b>dop\u00f3ki on, Prorok, tego nie zapowie,<\/b> i skoro kap\u0142an Nowego Testamentu <b>mo\u017ce powiedzie\u0107, \u017ce odpuszcza grzechy,<\/b> a w\u00f3wczas b\u0119d\u0105 odpuszczone, ale jak tego nie powie, to nie b\u0119d\u0105; albo skoro kap\u0142an Nowego Testamentu mo\u017ce powiedzie\u0107: <i><b>to jest Cia\u0142o moje<\/b><\/i> \u2013 i w ten spos\u00f3b sprawi\u0107, \u017ce kawa\u0142ek chleba stanie si\u0119 Cia\u0142em Chrystusa, to dla ca\u0142ej spo\u0142eczno\u015bci, w kt\u00f3rej \u017cyje, <b>jest znakiem nadzwyczajnej blisko\u015bci z Bogiem. <\/b><\/span><\/span><\/span><\/p>\n<p align=\"justify\"><span style=\"color: #000000;\"><span style=\"font-family: Book Antiqua, serif;\"><span style=\"font-size: large;\">Oby tylko sam kap\u0142an z<b>awsze mia\u0142 tego \u015bwiadomo\u015b\u0107! <\/b>Oby mia\u0142 j\u0105 Prorok \u2013 chocia\u017c z tym akurat, jak czytamy w Pi\u015bmie \u015awi\u0119tym, <b>raczej problem\u00f3w nie by\u0142o.<\/b> Natomiast Jezus dzisiaj w Ewangelii przekonuje nas, \u017ce <b>chce <\/b><b>O<\/b><b>n z ka\u017cdym cz\u0142owiekiem wchodzi\u0107 w tak\u0105 serdeczn\u0105 i blisk\u0105 za\u017cy\u0142o\u015b\u0107,<\/b> o ile tylko cz\u0142owiek otworzy swoje serce, o ile tylko <b>b\u0119dzie chcia\u0142 tej za\u017cy\u0142o\u015bci,<\/b> <b>o ile zaufa Jemu, Jezusowi, <\/b>a nie swoim w\u0142asnym mo\u017cliwo\u015bciom, zdolno\u015bciom, talentom, uk\u0142adom, czy czemu tam jeszcze. <\/span><\/span><\/span><\/p>\n<p align=\"justify\"><span style=\"color: #000000;\"><span style=\"font-family: Book Antiqua, serif;\"><span style=\"font-size: large;\">Powtarzaj\u0105c a\u017c dziewi\u0119\u0107 razy s\u0142owo: <i><b>b<\/b><\/i><i><b>\u0142ogos\u0142awieni,<\/b><\/i> a wi\u0119c \u201eszcz\u0119\u015bliwi\u201d, \u201ewyr\u00f3\u017cnieni\u201d, \u201eszczeg\u00f3lnie obdarowani\u201d \u2013 <b>i odnosz\u0105c to do wszystkich<\/b> <b>ubogich w duchu, <\/b>smutnych i p\u0142acz\u0105cych, cichych i pokornego serca, szczerze pragn\u0105cych sprawiedliwo\u015bci, mi\u0142osiernych i czystych sercem, wprowadzaj\u0105cych pok\u00f3j i znosz\u0105cych nawet prze\u015bladowania dla sprawiedliwo\u015bci, a wreszcie tak\u017ce: <b>odrzucanych i pot\u0119pianych ze wzgl\u0119du na Boga<\/b> \u2013 Jezus zapowiada, \u017ce <b>w\u0142a\u015bnie takich ludzi Niebo bierze w obron\u0119<\/b> i zalicza ich do grona swoich wybranych. <b>On sam bierze ich w swoj\u0105 obron\u0119<\/b> \u2013 czyni\u0105c ostatecznymi zwyci\u0119zcami! <\/span><\/span><\/span><\/p>\n<p align=\"justify\"><span style=\"color: #000000;\"><span style=\"font-family: Book Antiqua, serif;\"><span style=\"font-size: large;\">Chocia\u017c <b>nie zawsze od razu wida\u0107 to<\/b> na co dzie\u0144, w relacjach ze \u015bwiatem \u2013 bo tu akurat cz\u0119sto wygl\u0105da na to, \u017ce tacy ludzie s\u0105 w\u0142a\u015bnie przegrani i odrzuceni \u2013 to jednak <b>ostatecznie to oni zwyci\u0119\u017c\u0105. <\/b>W przysz\u0142ym \u015bwiecie, <b>ale i na tym \u015bwiecie <\/b>bardzo cz\u0119sto doczekuj\u0105 si\u0119 tego, \u017ce <b>wychodzi na jaw \u2013 wobec ca\u0142ego \u015bwiata \u2013 ich moralna wielko\u015b\u0107,<\/b> ich sta\u0142o\u015b\u0107 w pogl\u0105dach i w ca\u0142ej postawie. <\/span><\/span><\/span><\/p>\n<p align=\"justify\"><span style=\"color: #000000;\"><span style=\"font-family: Book Antiqua, serif;\"><span style=\"font-size: large;\">Do takich ludzi <b>przychodz\u0105 inni ludzie, <\/b>aby us\u0142ysze\u0107 s\u0142owo wsparcia, aby prosi\u0107 ich o modlitw\u0119, aby si\u0119 przed nimi chocia\u017cby wygada\u0107 ze swoich problem\u00f3w. Bo wszyscy wiedz\u0105 \u2013 wr\u0119cz instynktownie to odczuwaj\u0105 \u2013 \u017ce <b>w tych ludziach jest co\u015b takiego, co innych wr\u0119cz przyci\u0105ga, <\/b>co niesie pok\u00f3j, pocieszenie, rado\u015b\u0107 innym\u2026 Co to jest? W\u0142a\u015bnie: <b>bliska za\u017cy\u0142o\u015b\u0107 z Jezusem! <\/b>Osobista, intymna, serdeczna, <b>bardzo mocna z Nim wi\u0119\u017a! <\/b><\/span><\/span><\/span><\/p>\n<p align=\"justify\"><span style=\"color: #000000;\"><span style=\"font-family: Book Antiqua, serif;\"><span style=\"font-size: large;\">Moi Drodzy, co stoi na przeszkodzie, <b>aby tak\u0105 wi\u0119\u017a nawi\u0105za\u0142 ka\u017cdy z nas? Jezus zaprasza! <\/b>Ka\u017cd\u0105 i ka\u017cdego \u2013 bez wyj\u0105tku! Do nas natomiast <b>nale\u017cy odpowied\u017a <\/b>\u2013 do ka\u017cdej i ka\u017cdego z nas indywidualnie \u2013 <b>czy tego chcemy. <\/b>I czy b\u0119dziemy w budowaniu i podtrzymywaniu tej wi\u0119zi wytrwali i konsekwentni. Czyli \u2013<b> czy b\u0119dzie to <\/b><b>nasz <\/b><b>wyb\u00f3r na ca\u0142e \u017cycie,<\/b> a nie b\u0119dzie uzale\u017cniony od chwilowego dobrego nastroju, po czym pry\u015bnie, niczym ba\u0144ka mydlana, kiedy nastr\u00f3j si\u0119 zmieni. <\/span><\/span><\/span><\/p>\n<p align=\"justify\"><span style=\"color: #000000;\"><span style=\"font-family: Book Antiqua, serif;\"><span style=\"font-size: large;\"><b>Jezus traktuje <\/b><b>nas <\/b><b>bardzo powa\u017cnie!<\/b> Trzeba, aby\u015bmy <b>i my w taki spos\u00f3b traktowali Jezusa<\/b> \u2013 i Jego zaproszenia do wsp\u00f3\u0142pracy i blisko\u015bci\u2026<\/span><\/span><\/span><\/p>\n","protected":false},"excerpt":{"rendered":"<p>Szcz\u0119\u015b\u0107 Bo\u017ce! Moi Drodzy, w dniu dzisiejszym urodziny prze\u017cywa Monika Ochnik \u2013 Osoba mi bardzo bliska i \u017cyczliwa, z kt\u00f3r\u0105 znamy si\u0119 ju\u017c od pierwszych dni mojego kap\u0142a\u0144stwa, kiedy to anga\u017cowa\u0142a si\u0119 Ona w dzia\u0142alno\u015b\u0107 KSM w Parafii mojego pierwszego wikariatu \u2013 w Radory\u017cu Ko\u015bcielnym. Dzisiaj natomiast jest dyplomowan\u0105 Piel\u0119gniark\u0105 w Warszawie, ale przede wszystkim [&hellip;]<\/p>\n","protected":false},"author":1,"featured_media":0,"comment_status":"open","ping_status":"open","sticky":false,"template":"","format":"standard","meta":{"jetpack_post_was_ever_published":false,"_jetpack_newsletter_access":"","_jetpack_dont_email_post_to_subs":false,"_jetpack_newsletter_tier_id":0,"_jetpack_memberships_contains_paywalled_content":false,"_jetpack_memberships_contains_paid_content":false,"footnotes":""},"categories":[1],"tags":[],"class_list":["post-22549","post","type-post","status-publish","format-standard","hentry","category-bez-kategorii"],"yoast_head":"<!-- This site is optimized with the Yoast SEO plugin v25.1 - https:\/\/yoast.com\/wordpress\/plugins\/seo\/ -->\n<title>Wed\u0142ug rozkazu Pana... - Gaudium Et Spes<\/title>\n<meta name=\"robots\" content=\"index, follow, max-snippet:-1, max-image-preview:large, max-video-preview:-1\" \/>\n<link rel=\"canonical\" href=\"https:\/\/gaudiumetspes-blog.pl\/index.php\/2024\/06\/10\/wedlug-rozkazu-pana\/\" \/>\n<meta property=\"og:locale\" content=\"pl_PL\" \/>\n<meta property=\"og:type\" content=\"article\" \/>\n<meta property=\"og:title\" content=\"Wed\u0142ug rozkazu Pana... - Gaudium Et Spes\" \/>\n<meta property=\"og:description\" content=\"Szcz\u0119\u015b\u0107 Bo\u017ce! Moi Drodzy, w dniu dzisiejszym urodziny prze\u017cywa Monika Ochnik \u2013 Osoba mi bardzo bliska i \u017cyczliwa, z kt\u00f3r\u0105 znamy si\u0119 ju\u017c od pierwszych dni mojego kap\u0142a\u0144stwa, kiedy to anga\u017cowa\u0142a si\u0119 Ona w dzia\u0142alno\u015b\u0107 KSM w Parafii mojego pierwszego wikariatu \u2013 w Radory\u017cu Ko\u015bcielnym. Dzisiaj natomiast jest dyplomowan\u0105 Piel\u0119gniark\u0105 w Warszawie, ale przede wszystkim [&hellip;]\" \/>\n<meta property=\"og:url\" content=\"https:\/\/gaudiumetspes-blog.pl\/index.php\/2024\/06\/10\/wedlug-rozkazu-pana\/\" \/>\n<meta property=\"og:site_name\" content=\"Gaudium Et Spes\" \/>\n<meta property=\"article:published_time\" content=\"2024-06-10T06:39:27+00:00\" \/>\n<meta name=\"author\" content=\"Ks. Jacek\" \/>\n<meta name=\"twitter:card\" content=\"summary_large_image\" \/>\n<meta name=\"twitter:label1\" content=\"Napisane przez\" \/>\n\t<meta name=\"twitter:data1\" content=\"Ks. Jacek\" \/>\n\t<meta name=\"twitter:label2\" content=\"Szacowany czas czytania\" \/>\n\t<meta name=\"twitter:data2\" content=\"10 minut\" \/>\n<script type=\"application\/ld+json\" class=\"yoast-schema-graph\">{\"@context\":\"https:\/\/schema.org\",\"@graph\":[{\"@type\":\"WebPage\",\"@id\":\"https:\/\/gaudiumetspes-blog.pl\/index.php\/2024\/06\/10\/wedlug-rozkazu-pana\/\",\"url\":\"https:\/\/gaudiumetspes-blog.pl\/index.php\/2024\/06\/10\/wedlug-rozkazu-pana\/\",\"name\":\"Wed\u0142ug rozkazu Pana... - Gaudium Et Spes\",\"isPartOf\":{\"@id\":\"https:\/\/gaudiumetspes-blog.pl\/#website\"},\"datePublished\":\"2024-06-10T06:39:27+00:00\",\"author\":{\"@id\":\"https:\/\/gaudiumetspes-blog.pl\/#\/schema\/person\/1661982992b752dea8dff0d4ed845a65\"},\"breadcrumb\":{\"@id\":\"https:\/\/gaudiumetspes-blog.pl\/index.php\/2024\/06\/10\/wedlug-rozkazu-pana\/#breadcrumb\"},\"inLanguage\":\"pl-PL\",\"potentialAction\":[{\"@type\":\"ReadAction\",\"target\":[\"https:\/\/gaudiumetspes-blog.pl\/index.php\/2024\/06\/10\/wedlug-rozkazu-pana\/\"]}]},{\"@type\":\"BreadcrumbList\",\"@id\":\"https:\/\/gaudiumetspes-blog.pl\/index.php\/2024\/06\/10\/wedlug-rozkazu-pana\/#breadcrumb\",\"itemListElement\":[{\"@type\":\"ListItem\",\"position\":1,\"name\":\"Strona g\u0142\u00f3wna\",\"item\":\"https:\/\/gaudiumetspes-blog.pl\/\"},{\"@type\":\"ListItem\",\"position\":2,\"name\":\"Wed\u0142ug rozkazu Pana&#8230;\"}]},{\"@type\":\"WebSite\",\"@id\":\"https:\/\/gaudiumetspes-blog.pl\/#website\",\"url\":\"https:\/\/gaudiumetspes-blog.pl\/\",\"name\":\"Gaudium Et Spes\",\"description\":\"Blog Ks. Jacka Ja\u015bkowskiego\",\"potentialAction\":[{\"@type\":\"SearchAction\",\"target\":{\"@type\":\"EntryPoint\",\"urlTemplate\":\"https:\/\/gaudiumetspes-blog.pl\/?s={search_term_string}\"},\"query-input\":{\"@type\":\"PropertyValueSpecification\",\"valueRequired\":true,\"valueName\":\"search_term_string\"}}],\"inLanguage\":\"pl-PL\"},{\"@type\":\"Person\",\"@id\":\"https:\/\/gaudiumetspes-blog.pl\/#\/schema\/person\/1661982992b752dea8dff0d4ed845a65\",\"name\":\"Ks. Jacek\",\"image\":{\"@type\":\"ImageObject\",\"inLanguage\":\"pl-PL\",\"@id\":\"https:\/\/gaudiumetspes-blog.pl\/#\/schema\/person\/image\/\",\"url\":\"https:\/\/gaudiumetspes-blog.pl\/wp-content\/uploads\/2019\/07\/avatar-JJ-150x150.jpg\",\"contentUrl\":\"https:\/\/gaudiumetspes-blog.pl\/wp-content\/uploads\/2019\/07\/avatar-JJ-150x150.jpg\",\"caption\":\"Ks. Jacek\"},\"description\":\"Witam serdecznie! K\u0142ania si\u0119 Ks. Jacek Ja\u015bkowski. Nie jestem ani kim\u015b wa\u017cnym, ani kim\u015b znanym. Jestem ksi\u0119dzem, kt\u00f3ry po prostu chce rozmawia\u0107. Codzienna kap\u0142a\u0144ska pos\u0142uga pokazuje mi, \u017ce temat\u00f3w do rozm\u00f3w z ksi\u0119dzem jest coraz wi\u0119cej i dzisiaj \u017caden ksi\u0105dz nie mo\u017ce od nich ucieka\u0107, ale - wprost przeciwnie - podejmowa\u0107 nowe wyzwania. To przekonanie sk\u0142oni\u0142o mnie do pr\u00f3by otwarcia tego\u017c bloga, chocia\u017c okazji do rozm\u00f3w na co dzie\u0144 - w konfesjonale i poza nim - na szcz\u0119\u015bcie nie brakuje. My\u015bl\u0119 jednak, \u017ce ten blog b\u0119dzie jeszcze jednym sposobem i przestrzeni\u0105 nawi\u0105zania kontaktu z lud\u017ami dobrej woli, otwartymi na dialog.\",\"url\":\"https:\/\/gaudiumetspes-blog.pl\/index.php\/author\/ks-jacek\/\"}]}<\/script>\n<!-- \/ Yoast SEO plugin. -->","yoast_head_json":{"title":"Wed\u0142ug rozkazu Pana... - Gaudium Et Spes","robots":{"index":"index","follow":"follow","max-snippet":"max-snippet:-1","max-image-preview":"max-image-preview:large","max-video-preview":"max-video-preview:-1"},"canonical":"https:\/\/gaudiumetspes-blog.pl\/index.php\/2024\/06\/10\/wedlug-rozkazu-pana\/","og_locale":"pl_PL","og_type":"article","og_title":"Wed\u0142ug rozkazu Pana... - Gaudium Et Spes","og_description":"Szcz\u0119\u015b\u0107 Bo\u017ce! Moi Drodzy, w dniu dzisiejszym urodziny prze\u017cywa Monika Ochnik \u2013 Osoba mi bardzo bliska i \u017cyczliwa, z kt\u00f3r\u0105 znamy si\u0119 ju\u017c od pierwszych dni mojego kap\u0142a\u0144stwa, kiedy to anga\u017cowa\u0142a si\u0119 Ona w dzia\u0142alno\u015b\u0107 KSM w Parafii mojego pierwszego wikariatu \u2013 w Radory\u017cu Ko\u015bcielnym. Dzisiaj natomiast jest dyplomowan\u0105 Piel\u0119gniark\u0105 w Warszawie, ale przede wszystkim [&hellip;]","og_url":"https:\/\/gaudiumetspes-blog.pl\/index.php\/2024\/06\/10\/wedlug-rozkazu-pana\/","og_site_name":"Gaudium Et Spes","article_published_time":"2024-06-10T06:39:27+00:00","author":"Ks. Jacek","twitter_card":"summary_large_image","twitter_misc":{"Napisane przez":"Ks. Jacek","Szacowany czas czytania":"10 minut"},"schema":{"@context":"https:\/\/schema.org","@graph":[{"@type":"WebPage","@id":"https:\/\/gaudiumetspes-blog.pl\/index.php\/2024\/06\/10\/wedlug-rozkazu-pana\/","url":"https:\/\/gaudiumetspes-blog.pl\/index.php\/2024\/06\/10\/wedlug-rozkazu-pana\/","name":"Wed\u0142ug rozkazu Pana... - Gaudium Et Spes","isPartOf":{"@id":"https:\/\/gaudiumetspes-blog.pl\/#website"},"datePublished":"2024-06-10T06:39:27+00:00","author":{"@id":"https:\/\/gaudiumetspes-blog.pl\/#\/schema\/person\/1661982992b752dea8dff0d4ed845a65"},"breadcrumb":{"@id":"https:\/\/gaudiumetspes-blog.pl\/index.php\/2024\/06\/10\/wedlug-rozkazu-pana\/#breadcrumb"},"inLanguage":"pl-PL","potentialAction":[{"@type":"ReadAction","target":["https:\/\/gaudiumetspes-blog.pl\/index.php\/2024\/06\/10\/wedlug-rozkazu-pana\/"]}]},{"@type":"BreadcrumbList","@id":"https:\/\/gaudiumetspes-blog.pl\/index.php\/2024\/06\/10\/wedlug-rozkazu-pana\/#breadcrumb","itemListElement":[{"@type":"ListItem","position":1,"name":"Strona g\u0142\u00f3wna","item":"https:\/\/gaudiumetspes-blog.pl\/"},{"@type":"ListItem","position":2,"name":"Wed\u0142ug rozkazu Pana&#8230;"}]},{"@type":"WebSite","@id":"https:\/\/gaudiumetspes-blog.pl\/#website","url":"https:\/\/gaudiumetspes-blog.pl\/","name":"Gaudium Et Spes","description":"Blog Ks. Jacka Ja\u015bkowskiego","potentialAction":[{"@type":"SearchAction","target":{"@type":"EntryPoint","urlTemplate":"https:\/\/gaudiumetspes-blog.pl\/?s={search_term_string}"},"query-input":{"@type":"PropertyValueSpecification","valueRequired":true,"valueName":"search_term_string"}}],"inLanguage":"pl-PL"},{"@type":"Person","@id":"https:\/\/gaudiumetspes-blog.pl\/#\/schema\/person\/1661982992b752dea8dff0d4ed845a65","name":"Ks. Jacek","image":{"@type":"ImageObject","inLanguage":"pl-PL","@id":"https:\/\/gaudiumetspes-blog.pl\/#\/schema\/person\/image\/","url":"https:\/\/gaudiumetspes-blog.pl\/wp-content\/uploads\/2019\/07\/avatar-JJ-150x150.jpg","contentUrl":"https:\/\/gaudiumetspes-blog.pl\/wp-content\/uploads\/2019\/07\/avatar-JJ-150x150.jpg","caption":"Ks. Jacek"},"description":"Witam serdecznie! K\u0142ania si\u0119 Ks. Jacek Ja\u015bkowski. Nie jestem ani kim\u015b wa\u017cnym, ani kim\u015b znanym. Jestem ksi\u0119dzem, kt\u00f3ry po prostu chce rozmawia\u0107. Codzienna kap\u0142a\u0144ska pos\u0142uga pokazuje mi, \u017ce temat\u00f3w do rozm\u00f3w z ksi\u0119dzem jest coraz wi\u0119cej i dzisiaj \u017caden ksi\u0105dz nie mo\u017ce od nich ucieka\u0107, ale - wprost przeciwnie - podejmowa\u0107 nowe wyzwania. To przekonanie sk\u0142oni\u0142o mnie do pr\u00f3by otwarcia tego\u017c bloga, chocia\u017c okazji do rozm\u00f3w na co dzie\u0144 - w konfesjonale i poza nim - na szcz\u0119\u015bcie nie brakuje. My\u015bl\u0119 jednak, \u017ce ten blog b\u0119dzie jeszcze jednym sposobem i przestrzeni\u0105 nawi\u0105zania kontaktu z lud\u017ami dobrej woli, otwartymi na dialog.","url":"https:\/\/gaudiumetspes-blog.pl\/index.php\/author\/ks-jacek\/"}]}},"jetpack_featured_media_url":"","jetpack_sharing_enabled":true,"_links":{"self":[{"href":"https:\/\/gaudiumetspes-blog.pl\/index.php\/wp-json\/wp\/v2\/posts\/22549","targetHints":{"allow":["GET"]}}],"collection":[{"href":"https:\/\/gaudiumetspes-blog.pl\/index.php\/wp-json\/wp\/v2\/posts"}],"about":[{"href":"https:\/\/gaudiumetspes-blog.pl\/index.php\/wp-json\/wp\/v2\/types\/post"}],"author":[{"embeddable":true,"href":"https:\/\/gaudiumetspes-blog.pl\/index.php\/wp-json\/wp\/v2\/users\/1"}],"replies":[{"embeddable":true,"href":"https:\/\/gaudiumetspes-blog.pl\/index.php\/wp-json\/wp\/v2\/comments?post=22549"}],"version-history":[{"count":1,"href":"https:\/\/gaudiumetspes-blog.pl\/index.php\/wp-json\/wp\/v2\/posts\/22549\/revisions"}],"predecessor-version":[{"id":22550,"href":"https:\/\/gaudiumetspes-blog.pl\/index.php\/wp-json\/wp\/v2\/posts\/22549\/revisions\/22550"}],"wp:attachment":[{"href":"https:\/\/gaudiumetspes-blog.pl\/index.php\/wp-json\/wp\/v2\/media?parent=22549"}],"wp:term":[{"taxonomy":"category","embeddable":true,"href":"https:\/\/gaudiumetspes-blog.pl\/index.php\/wp-json\/wp\/v2\/categories?post=22549"},{"taxonomy":"post_tag","embeddable":true,"href":"https:\/\/gaudiumetspes-blog.pl\/index.php\/wp-json\/wp\/v2\/tags?post=22549"}],"curies":[{"name":"wp","href":"https:\/\/api.w.org\/{rel}","templated":true}]}}