{"id":22573,"date":"2024-06-19T09:37:02","date_gmt":"2024-06-19T07:37:02","guid":{"rendered":"https:\/\/gaudiumetspes-blog.pl\/?p=22573"},"modified":"2024-06-19T09:37:02","modified_gmt":"2024-06-19T07:37:02","slug":"punkty-u-boga","status":"publish","type":"post","link":"https:\/\/gaudiumetspes-blog.pl\/index.php\/2024\/06\/19\/punkty-u-boga\/","title":{"rendered":"Punkty u Boga&#8230;"},"content":{"rendered":"<p class=\"western\" align=\"justify\"><span style=\"font-family: Book Antiqua, serif;\"><span style=\"font-size: large;\">Szcz\u0119\u015b\u0107 Bo\u017ce! Moi Drodzy, w dniu dzisiejszym <b>rocznic\u0119 <\/b><b>\u015a<\/b><b>wi\u0119ce\u0144 kap\u0142a\u0144skich <\/b><b>[2004] <\/b><b>prze\u017cywa Ksi\u0105dz Wies\u0142aw Mu\u0107ka, Dyrektor Zespo\u0142u Szk\u00f3\u0142 Katolickich w Bia\u0142ej Podlaskiej. Dzi\u0119kuj\u0105c za nasz\u0105 dobr\u0105 znajomo\u015b\u0107 i wsp\u00f3\u0142prac\u0119 od wielu lat \u2013 \u017cycz\u0119 \u015bwiate\u0142 i mocy z Nieba do pe\u0142nienia pos\u0142ugi duszpasterskiej i pedagogicznej. <\/b><\/span><\/span><\/p>\n<p class=\"western\" align=\"justify\"><span style=\"font-family: Book Antiqua, serif;\"><span style=\"font-size: large;\"><b>A tak\u017ce: <\/b><\/span><\/span><\/p>\n<p class=\"western\" align=\"justify\">\u25ba<span style=\"font-family: Book Antiqua, serif;\"><span style=\"font-size: large;\"><b>Ksi\u0105dz Marek Bie\u0144kowski <\/b><b>[2004]<\/b><b>,<\/b><\/span><\/span><\/p>\n<p class=\"western\" align=\"justify\">\u25ba<span style=\"font-family: Book Antiqua, serif;\"><span style=\"font-size: large;\"><b>Ksi\u0105dz Leszek Borysiuk <\/b><b>[2004]<\/b><b>,<\/b><\/span><\/span><\/p>\n<p class=\"western\" align=\"justify\">\u25ba<span style=\"font-family: Book Antiqua, serif;\"><span style=\"font-size: large;\"><b>Ksi\u0105dz Marcin Budzy\u0144ski <\/b><b>[2004]<\/b><b>, <\/b><\/span><\/span><\/p>\n<p class=\"western\" align=\"justify\">\u25ba<span style=\"font-family: Book Antiqua, serif;\"><span style=\"font-size: large;\"><b>Ksi\u0105dz Leszek Gwardecki <\/b><b>[2004]<\/b><b>,<\/b><\/span><\/span><\/p>\n<p class=\"western\" align=\"justify\">\u25ba<span style=\"font-family: Book Antiqua, serif;\"><span style=\"font-size: large;\"><b>Ksi\u0105dz Grzegorz Koz\u0142owicz <\/b><b>[2004]<\/b><b>,<\/b><\/span><\/span><\/p>\n<p class=\"western\" align=\"justify\">\u25ba<span style=\"font-family: Book Antiqua, serif;\"><span style=\"font-size: large;\"><b>Ksi\u0105dz Krzysztof Pi\u00f3rkowski <\/b><b>[2004]<\/b><b>,<\/b><\/span><\/span><\/p>\n<p class=\"western\" align=\"justify\">\u25ba<span style=\"font-family: Book Antiqua, serif;\"><span style=\"font-size: large;\"><b>Ojciec J\u00f3zef Czernecki <\/b><b>[2004] <\/b><b>\u2013 Oblat, niegdy\u015b pos\u0142uguj\u0105cy w Kodniu, a obecnie Ekonom ca\u0142ej Polskiej Prowincji Oblat\u00f3w,<\/b><\/span><\/span><\/p>\n<p class=\"western\" align=\"justify\">\u25ba<span style=\"font-family: Book Antiqua, serif;\"><span style=\"font-size: large;\"><b>Ojciec Sebastian Wi\u015bniewski <\/b><b>[2004] <\/b><b>\u2013 Oblat, w swoim czasie: Superior, czyli Prze\u0142o\u017cony Wsp\u00f3lnoty zakonnej w Kodniu,<\/b><\/span><\/span><\/p>\n<p class=\"western\" align=\"justify\">\u25ba<span style=\"font-family: Book Antiqua, serif;\"><span style=\"font-size: large;\"><b>Ojciec Piotr Darasz <\/b><b>[2004] <\/b><b>\u2013 Oblat, Proboszcz Parafii oblackiej w Siedlcach<\/b><\/span><\/span><\/p>\n<p class=\"western\" align=\"justify\"><span style=\"font-family: Book Antiqua, serif;\"><span style=\"font-size: large;\"><b>Drogim Kap\u0142anom \u2013 Jubilatom \u017cycz\u0119 gorliwo\u015bci i zapa\u0142u neoprezbitera. O to b\u0119d\u0119 si\u0119 dla Nich modli\u0142.<\/b><\/span><\/span><\/p>\n<p class=\"western\" align=\"justify\"><span style=\"font-family: Book Antiqua, serif;\"><span style=\"font-size: large;\">A oto u nas, w Duszpasterstwie \u2013 jak co \u015brod\u0119, o godzinie 19:00 \u2013 Msza \u015awi\u0119ta w intencji \u015arodowiska Akademickiego, Duszpasterstwa Akademickiego i M\u0142odzie\u017cy w Ko\u015bciele. Po Mszy \u015awi\u0119tej \u2013 wystawienie Naj\u015bwi\u0119tszego Sakramentu, nabo\u017ce\u0144stwo czerwcowe i adoracja w ciszy, do godziny 21:00. Zapraszam do udzia\u0142u \u2013 osobistego, lub duchowego. <\/span><\/span><\/p>\n<p class=\"western\" align=\"justify\"><span style=\"font-family: Book Antiqua, serif;\"><span style=\"font-size: large;\">A w ci\u0105gu dnia \u2013 ostatni w tym roku akademickim dy\u017cur na Uczelni, na Wydziale Nauk \u015acis\u0142ych i Przyrodniczych, przy ulicy 3 Maja. I w og\u00f3le \u2013 ostatni dy\u017cur w tym roku akademickim, bo jutro \u2013 z pewnego wa\u017cnego powodu \u2013 dy\u017curu ju\u017c nie b\u0119dzie. Ale o tym ju\u017c jutro\u2026<\/span><\/span><\/p>\n<p class=\"western\" align=\"justify\"><span style=\"font-family: Book Antiqua, serif;\"><span style=\"font-size: large;\">Teraz za\u015b ju\u017c zapraszam do pochylenia si\u0119 nad Bo\u017cym s\u0142owem dzisiejszej liturgii. Oto s\u0142\u00f3wko Ksi\u0119dza Marka na dzi\u015b:<\/span><\/span><\/p>\n<p class=\"western\" align=\"justify\"><span style=\"font-family: Book Antiqua, serif;\"><span style=\"font-size: medium;\"><a href=\"https:\/\/www.youtube.com\/c\/CatholicSurgut\"><span style=\"font-size: large;\"><b>https:\/\/www.youtube.com\/c\/CatholicSurgut<\/b><\/span><\/a><\/span><\/span><\/p>\n<p class=\"western\" align=\"justify\"><span style=\"font-family: Book Antiqua, serif;\"><span style=\"font-size: large;\">Co zatem m\u00f3wi dzi\u015b do mnie Pan? <b>Z czym konkretnie zwraca si\u0119 w\u0142a\u015bnie do mnie?<\/b> Duchu \u015awi\u0119ty, rozja\u015bnij umys\u0142y i serca!<\/span><\/span><\/p>\n<p class=\"western\" align=\"justify\"><span style=\"font-family: Book Antiqua, serif;\"><span style=\"font-size: large;\"><b>Niech Was b\u0142ogos\u0142awi B\u00f3g Wszechmog\u0105cy: Ojciec + i Syn, i Duch \u015awi\u0119ty. Amen<\/b><\/span><\/span><\/p>\n<p class=\"western\" align=\"center\"><span style=\"font-family: Book Antiqua, serif;\"><span style=\"font-size: large;\">Gaudium et spes! Ks. Jacek<\/span><\/span><\/p>\n<p align=\"center\">\n<p align=\"center\">\n<p align=\"center\">\n<p align=\"center\">\n<p align=\"center\">\n<p class=\"western\" align=\"justify\"><span style=\"font-family: Book Antiqua, serif;\"><span style=\"font-size: large;\"><b>\u015aroda 11 Tygodnia zwyk\u0142ego, rok II,<\/b><\/span><\/span><\/p>\n<p class=\"western\" align=\"justify\"><span style=\"font-family: Book Antiqua, serif;\"><span style=\"font-size: large;\"><b>19 czerwca 2024.,<\/b><\/span><\/span><\/p>\n<p class=\"western\" align=\"justify\"><span style=\"font-family: Book Antiqua, serif;\"><span style=\"font-size: large;\"><b>do czyta\u0144: 2 Krl 2,1.6\u201314; Mt 6,1\u20136.16\u201318<\/b><\/span><\/span><\/p>\n<p align=\"justify\">\n<p align=\"justify\">\n<p align=\"justify\">\n<p align=\"justify\">\n<p align=\"justify\">\n<p class=\"western\"><span style=\"font-family: Book Antiqua, serif;\"><span style=\"font-size: large;\"><b>CZYTANIE Z DRUGIEJ KSI\u0118GI KR\u00d3LEWSKIEJ:<\/b><\/span><\/span><\/p>\n<p class=\"western\" align=\"justify\"><span style=\"font-family: Book Antiqua, serif;\"><span style=\"font-size: large;\"><b>Kiedy Pan mia\u0142 w\u015br\u00f3d wichru unie\u015b\u0107 Eliasza do nieba, szed\u0142 Eliasz z Elizeuszem z Gilgal. Wtedy rzek\u0142 Eliasz do niego: \u201eZosta\u0144\u017ce tutaj, bo Pan pos\u0142a\u0142 mnie a\u017c do Jordanu\u201d. Elizeusz za\u015b odpowiedzia\u0142: \u201eNa \u017cycie Pana i na twoje \u017cycie: nie opuszcz\u0119 ci\u0119!\u201d I szli dalej razem. <\/b><\/span><\/span><\/p>\n<p class=\"western\" align=\"justify\"><span style=\"font-family: Book Antiqua, serif;\"><span style=\"font-size: large;\"><b>A pi\u0119\u0107dziesi\u0105t os\u00f3b z uczni\u00f3w prorok\u00f3w posz\u0142o i stan\u0119\u0142o z przeciwka, z dala, podczas gdy obydwaj przystan\u0119li nad Jordanem. <\/b><\/span><\/span><\/p>\n<p class=\"western\" align=\"justify\"><span style=\"color: #000000;\"><span style=\"font-family: Book Antiqua, serif;\"><span style=\"font-size: large;\"><b>Wtedy Eliasz zdj\u0105\u0142 sw\u00f3j p\u0142aszcz, zwin\u0105\u0142 go i uderzy\u0142 wody, tak i\u017c si\u0119 rozdzieli\u0142y w obydwie strony. A oni we dw\u00f3ch przeszli po suchym \u0142o\u017cysku. Kiedy za\u015b przeszli, rzek\u0142 Eliasz do Elizeusza: \u201e\u017b\u0105daj, co mam ci uczyni\u0107, zanim wzi\u0119ty b\u0119d\u0119 od ciebie\u201d. Elizeusz za\u015b powiedzia\u0142: \u201eNiechby, prosz\u0119, dwie cz\u0119\u015bci twego ducha przesz\u0142y na mnie!\u201d On za\u015b odrzek\u0142: \u201eTrudnej rzeczy za\u017c\u0105da\u0142e\u015b. Je\u017celi mnie ujrzysz, jak wzi\u0119ty b\u0119d\u0119 od ciebie, spe\u0142ni si\u0119 twoje \u017cyczenie; je\u015bli za\u015b nie ujrzysz, nie spe\u0142ni si\u0119\u201d.<\/b><\/span><\/span><\/span><b> <\/b><\/p>\n<p class=\"western\" align=\"justify\"><span style=\"color: #000000;\"><span style=\"font-family: Book Antiqua, serif;\"><span style=\"font-size: large;\"><b>Podczas gdy oni szli i rozmawiali, oto zjawi\u0142 si\u0119 w\u00f3z ognisty wraz z rumakami ognistymi i rozdzieli\u0142 obydw\u00f3ch: a Eliasz w\u015br\u00f3d wichru wst\u0105pi\u0142 do niebios. Elizeusz za\u015b patrza\u0142 i wo\u0142a\u0142: \u201eOjcze m\u00f3j! Ojcze m\u00f3j! Rydwanie Izraela i jego je\u017ad\u017acze\u201d. I ju\u017c go wi\u0119cej nie ujrza\u0142. Uj\u0105wszy nast\u0119pnie szaty swoje, Elizeusz rozdar\u0142 je na dwie cz\u0119\u015bci i podni\u00f3s\u0142 p\u0142aszcz Eliasza, kt\u00f3ry spad\u0142 z g\u00f3ry od niego.<\/b><\/span><\/span><\/span><b> <\/b><\/p>\n<p class=\"western\" align=\"justify\"><span style=\"font-family: Book Antiqua, serif;\"><span style=\"font-size: large;\"><b>Wr\u00f3ci\u0142 i stan\u0105\u0142 nad brzegiem Jordanu. I wzi\u0105\u0142 p\u0142aszcz Eliasza, kt\u00f3ry spad\u0142 z g\u00f3ry od niego, uderzy\u0142 wody, lecz one si\u0119 nie rozdzieli\u0142y. Wtedy rzek\u0142: \u201eGdzie jest Pan, B\u00f3g Eliasza?\u201d I uderzy\u0142 wody, a one rozdzieli\u0142y si\u0119 w obydwie strony. Elizeusz za\u015b przeszed\u0142 \u015brodkiem.<\/b><\/span><\/span><\/p>\n<p align=\"justify\">\n<p align=\"justify\">\n<p align=\"justify\">\n<p align=\"justify\">\n<p align=\"justify\">\n<p class=\"western\"><span style=\"font-size: large;\"><b><span style=\"font-family: Book Antiqua, serif;\">S\u0141OWA EWANGELII WED\u0141UG \u015aW<\/span><span style=\"font-family: Book Antiqua, serif;\">I\u0118TEGO<\/span><span style=\"font-family: Book Antiqua, serif;\"> MATEUSZA:<\/span><\/b><\/span><\/p>\n<p class=\"western\" align=\"justify\"><span style=\"font-family: Book Antiqua, serif;\"><span style=\"font-size: large;\"><b>Jezus powiedzia\u0142 do swoich uczni\u00f3w: \u201eStrze\u017ccie si\u0119, \u017ceby\u015bcie uczynk\u00f3w pobo\u017cnych nie wykonywali przed lud\u017ami po to, aby was widzieli; inaczej nie b\u0119dziecie mieli nagrody u Ojca waszego, kt\u00f3ry jest w niebie. <\/b><\/span><\/span><\/p>\n<p class=\"western\" align=\"justify\"><span style=\"color: #000000;\"><span style=\"font-family: Book Antiqua, serif;\"><span style=\"font-size: large;\"><b>Kiedy wi\u0119c dajesz ja\u0142mu\u017cn\u0119, nie tr\u0105b przed sob\u0105, jak ob\u0142udnicy czyni\u0105 w synagogach i na ulicach, aby ich ludzie chwalili. Zaprawd\u0119 powiadam wam: ci otrzymali ju\u017c swoj\u0105 nagrod\u0119. Kiedy za\u015b ty dajesz ja\u0142mu\u017cn\u0119, niech nie wie lewa twoja r\u0119ka, co czyni prawa, aby twoja ja\u0142mu\u017cna pozosta\u0142a w ukryciu. A Ojciec tw\u00f3j, kt\u00f3ry widzi w ukryciu, odda tobie.<\/b><\/span><\/span><\/span><b> <\/b><\/p>\n<p class=\"western\" align=\"justify\"><span style=\"color: #000000;\"><span style=\"font-family: Book Antiqua, serif;\"><span style=\"font-size: large;\"><b>Gdy si\u0119 modlicie, nie b\u0105d\u017acie jak ob\u0142udnicy. Oni lubi\u0105 w synagogach i na rogach ulic wystawa\u0107 i modli\u0107 si\u0119, \u017ceby si\u0119 ludziom pokaza\u0107. Zaprawd\u0119 powiadam wam: otrzymali ju\u017c swoj\u0105 nagrod\u0119. Ty za\u015b gdy chcesz si\u0119 modli\u0107, wejd\u017a do swej izdebki, zamknij drzwi i m\u00f3dl si\u0119 do Ojca twego, kt\u00f3ry jest w ukryciu. A Ojciec tw\u00f3j, kt\u00f3ry widzi w ukryciu, odda tobie.<\/b><\/span><\/span><\/span><b> <\/b><\/p>\n<p class=\"western\" align=\"justify\"><span style=\"font-family: Book Antiqua, serif;\"><span style=\"font-size: large;\"><b>Kiedy po\u015bcicie, nie b\u0105d\u017acie pos\u0119pni jak ob\u0142udnicy. Przybieraj\u0105 oni wygl\u0105d ponury, aby pokaza\u0107 ludziom, \u017ce poszcz\u0105. Zaprawd\u0119 powiadam wam: ju\u017c odebrali swoj\u0105 nagrod\u0119. Ty za\u015b gdy po\u015bcisz, nama\u015b\u0107 sobie g\u0142ow\u0119 i umyj twarz, aby nie ludziom pokaza\u0107, \u017ce po\u015bcisz, ale Ojcu twemu, kt\u00f3ry jest w ukryciu. A Ojciec tw\u00f3j, kt\u00f3ry widzi w ukryciu, odda tobie\u201d.<\/b><\/span><\/span><\/p>\n<p align=\"justify\">\n<p align=\"justify\">\n<p align=\"justify\">\n<p align=\"justify\">\n<p align=\"justify\">\n<p class=\"western\" align=\"justify\"><span style=\"font-family: Book Antiqua, serif;\"><span style=\"font-size: large;\">Po wys\u0142uchaniu obu dzisiejszych czyta\u0144 mszalnych \u2013 pierwszego i ewangelicznego \u2013 mo\u017cna powiedzie\u0107, \u017ce zawieraj\u0105 w sobie pewn\u0105 sprzeczno\u015b\u0107. Bo w Ewangelii Jezus m\u00f3wi: <i><b>Strze\u017ccie si\u0119, \u017ceby\u015bcie uczynk\u00f3w pobo\u017cnych nie wykonywali przed lud\u017ami po to, aby was widzieli; inaczej nie b\u0119dziecie mieli nagrody u Ojca waszego, kt\u00f3ry jest w niebie.<\/b><\/i><b> <\/b>Po czym nakazuje <b>modli\u0107 si\u0119<\/b> we w\u0142asnej izdebce;<b> po\u015bci\u0107<\/b> tak, \u017ceby tylko B\u00f3g widzia\u0142; i <b>dawa\u0107 ja\u0142mu\u017cn\u0119 <\/b>w taki spos\u00f3b, by lewa r\u0119ka nie wiedzia\u0142a, co czyni prawa. <\/span><\/span><\/p>\n<p class=\"western\" align=\"justify\"><span style=\"font-family: Book Antiqua, serif;\"><span style=\"font-size: large;\">A tymczasem, w pierwszym czytaniu s\u0142yszymy, \u017ce Eliasz dokonuje <b>niezwyk\u0142ych i spektakularnych znak\u00f3w<\/b> \u2013 specjalnie, <b>\u00ab\u017ceby ludzie widzieli\u00bb.<\/b> Przede wszystkim \u2013 by widzia\u0142 i wiedzia\u0142 Elizeusz, jego nast\u0119pca, ale przecie\u017c s\u0142yszeli\u015bmy, \u017ce by\u0142o tam zgromadzonych <i><b>pi\u0119\u0107dziesi\u0105t os\u00f3b z uczni\u00f3w prorok\u00f3w,<\/b><\/i><b> <\/b>kt\u00f3rzy wszystko dok\u0142adnie obserwowali. I to w\u0142a\u015bnie tak\u017ce na ich oczach <b>Eliasz odszed\u0142 do Nieba w spos\u00f3b tak niezwyk\u0142y,<\/b> jak prawie nikt inny. M\u00f3wimy: \u201eprawie\u201d, bo tak odszed\u0142 p\u00f3\u017aniej <b>Jezus Chrystus<\/b> (chocia\u017c nie na rydwanie ognistym), a ponadto Stary Testament wspomina jeszcze <b>o Henochu.<\/b> <\/span><\/span><\/p>\n<p class=\"western\" align=\"justify\"><span style=\"font-family: Book Antiqua, serif;\"><span style=\"font-size: large;\">Jednak\u017ce, co do odej\u015bcia Eliasza, to bibli\u015bci s\u0105 raczej zgodni, \u017ce <b>ono tak nie musia\u0142o dok\u0142adnie wygl\u0105da\u0107<\/b> \u2013 i raczej tak nie wygl\u0105da\u0142o \u2013 a jest to jedynie obraz, zastosowany przez Autora biblijnego, dla podkre\u015blenia <b>niezwyk\u0142o\u015bci postaci i pos\u0142ugi Eliasza. <\/b>Zreszt\u0105, t\u0119 niezwyk\u0142o\u015b\u0107 wcze\u015bniej <b>potwierdzi\u0142o uderzenie p\u0142aszczem w\u00f3d Jordanu, <\/b>kt\u00f3re na ten znak si\u0119 rozdzieli\u0142y, tak \u017ce Eliasz z Elizeuszem przeszli po suchym dnie. <\/span><\/span><\/p>\n<p class=\"western\" align=\"justify\"><span style=\"font-family: Book Antiqua, serif;\"><span style=\"font-size: large;\">T\u0119 niezwyk\u0142o\u015b\u0107 Eliasza wreszcie potwierdzi\u0142o i to, \u017ce odchodz\u0105c z tego \u015bwiata (jak chce Autor biblijny: odje\u017cd\u017caj\u0105c na rydwanie) <b>zrzuci\u0142 sw\u00f3j p\u0142aszcz na swego nast\u0119pc\u0119. <\/b>A wcze\u015bniej, w rozmowie z nim, by\u0142 w stanie wskaza\u0107, kiedy to \u2013 na jaki znak \u2013 jego duch prorocki spocznie na Elizeuszu. <b>Sk\u0105d to wiedzia\u0142? <\/b>I sk\u0105d wiedzia\u0142, \u017ce wody Jordanu rozst\u0105pi\u0105 si\u0119, jak uderzy je p\u0142aszczem? I sk\u0105d wiedzia\u0142, \u017ce t<b>yle znak\u00f3w dokona si\u0119 przez jego r\u0119ce i na jego s\u0142owo, <\/b>ile dokona\u0142o si\u0119 w czasie ca\u0142ej jego prorockiej pos\u0142ugi? A by\u0142y to \u2013 podkre\u015blmy \u2013 znaki bardzo cz\u0119sto <b>bardzo spektakularne.<\/b> <\/span><\/span><\/p>\n<p class=\"western\" align=\"justify\"><span style=\"font-family: Book Antiqua, serif;\"><span style=\"font-size: large;\">I nie tylko same znaki, ju\u017c dokonane, ale nawet ich zapowied\u017a, <b>umiej\u0119tno\u015b\u0107 przewidzenia<\/b> chocia\u017cby tego, \u017ce spadnie deszcz, chocia\u017c nikt dooko\u0142a nie m\u00f3g\u0142 nawet o nim pomarzy\u0107, bo by\u0142o tak sucho. Przez ca\u0142y poprzedni tydzie\u0144 s\u0142uchali\u015bmy w liturgii opowie\u015bci o dokonaniach tego Proroka. I teraz pytanie: <b>Czy on to wszystko robi\u0142 na pokaz?<\/b> <\/span><\/span><\/p>\n<p class=\"western\" align=\"justify\"><span style=\"font-family: Book Antiqua, serif;\"><span style=\"font-size: large;\">Z ca\u0142\u0105 pewno\u015bci\u0105 odpowiemy, \u017ce nie! On<b> chcia\u0142 si\u0119 nieraz <\/b><b>wr\u0119cz <\/b><b>ukry\u0107, <\/b>a momentami to chcia\u0142by ju\u017c odej\u015b\u0107 z tego \u015bwiata, bo ta jego pos\u0142uga, wi\u0105\u017c\u0105ca si\u0119 z konieczno\u015bci\u0105 m\u00f3wienia prawdy w oczy wielkim tego \u015bwiata, nieraz kosztowa\u0142a go cierpienie. Dlatego na pewno <b>nie chcia\u0142 afiszowa\u0107 si\u0119 z niczym, <\/b>co robi, natomiast robi\u0142 to dlatego, \u017ce B\u00f3g tak chcia\u0142! I to sam B\u00f3g sprawia\u0142, \u017ce dokonywane przez niego znaki <b>zyskiwa\u0142y tak wielk\u0105 moc \u015bwiadectwa<\/b> i tak wielk\u0105 moc przekazu \u2013 by\u0142y to bowiem znaki, kt\u00f3re przez niego <b>dawa\u0142 ludziom <\/b><b>w\u0142a\u015bnie<\/b><b> sam B\u00f3g.<\/b> Eliaszowi \u2013 jak wynika z ca\u0142ej jego postawy i sposobu wypowiadania si\u0119 \u2013 <b>naprawd\u0119 nie zale\u017ca\u0142o na rozg\u0142osie.<\/b> <\/span><\/span><\/p>\n<p class=\"western\" align=\"justify\"><span style=\"font-family: Book Antiqua, serif;\"><span style=\"font-size: large;\">To Bogu zale\u017ca\u0142o, <b>\u017ceby nada\u0107 rozg\u0142os<\/b> wielu jego dzia\u0142aniom, bo dzi\u0119ki temu nast\u0119powa\u0142o poruszenie serc ludzkich i dociera\u0142a do ludzi Bo\u017ca nauka. W tym tak\u017ce \u2013 Bo\u017ce napomnienia, ostrze\u017cenia, jasne i konkretne wskaz\u00f3wki. Eliaszowi \u2013 jako rzekli\u015bmy \u2013 na rozg\u0142osie nie zale\u017ca\u0142o,<b> ale w\u0142a\u015bnie dlatego, \u017ce mu nie zale\u017ca\u0142o,<\/b> to zyska\u0142<b> s\u0142aw\u0119 tak wielk\u0105 w oczach ludzi,<\/b> \u017ce nie tylko jemu wsp\u00f3\u0142cze\u015bni, ale i my tak\u017ce, kiedy czytamy Stary Testament, rozwa\u017caj\u0105c jego dokonania, <b>my\u015blimy i m\u00f3wimy o nim z wielkim szacunkiem.<\/b> <\/span><\/span><\/p>\n<p class=\"western\" align=\"justify\"><span style=\"font-family: Book Antiqua, serif;\"><span style=\"font-size: large;\">Bo kiedy cz\u0142owiek czyni wszystko <b>dla Boga, ze wzgl\u0119du na Boga, <\/b>zgodnie z wol\u0105 Bo\u017c\u0105, a <b>nie my\u015bli przy tym o sobie<\/b> i nie chce na siebie za wszelk\u0105 cen\u0119 zwr\u00f3ci\u0107 uwagi, to okazuje si\u0119, \u017ce \u2013 paradoksalnie i dla siebie samego zaskakuj\u0105co \u2013 <b>zyskuje tak\u017ce w oczach ludzi. <\/b>Kiedy jednak wszystko robi na pokaz i nawet dobre dzia\u0142ania, <b>jak modlitwa, post i ja\u0142mu\u017cna,<\/b> podejmuje po to, <i><b>\u017ceby<\/b><\/i><i><b> si\u0119 ludziom pokaza\u0107,<\/b><\/i> to ani w oczach tych\u017ce ludzi tak naprawd\u0119 nic nie zyskuje, ani \u2013 tym bardziej \u2013 w oczach Bo\u017cych. <\/span><\/span><\/p>\n<p class=\"western\" align=\"justify\"><span style=\"font-family: Book Antiqua, serif;\"><span style=\"font-size: large;\">Bo B\u00f3g <b>zna intencje<\/b> ludzkiego serca, wi\u0119c dobrze wie, dlaczego takie, czy inne dzia\u0142ania s\u0105 podejmowane. <b>A inni ludzie si\u0119 domy\u015bl<\/b><b>aj<\/b><b>\u0105, <\/b>bo takie rzeczy to si\u0119 po prostu na odleg\u0142o\u015b\u0107 wyczuwa, czy kto\u015b czyni jakie\u015b dobro <b>ze wzgl\u0119du na Boga i dla dobra drugiego cz\u0142owieka,<\/b> czy po to, by zyska\u0107 na popularno\u015bci, albo podnie\u015b\u0107 sobie s\u0142upki sonda\u017cowe w jakich\u015b wyborach. Albo \u017ceby za\u017cywa\u0107 powszechnego szacunku \u2013 to co, \u017ce nienale\u017cnego?\u2026 <\/span><\/span><\/p>\n<p class=\"western\" align=\"justify\"><span style=\"font-family: Book Antiqua, serif;\"><span style=\"font-size: large;\">Je\u017celi kto\u015b jest <b>zakochany w sobie samym \u2013 i to ze wzajemno\u015bci\u0105! \u2013<\/b> to naprawd\u0119 wszystko zrobi, aby sobie dogodzi\u0107 i jak najkorzystniej wypa\u015b\u0107 w oczach innych ludzi. Nawet, je\u017celi przy tej okazji <b>b\u0119dzie si\u0119 w ten spos\u00f3b kompromitowa\u0142<\/b> i tak naprawd\u0119 obni\u017ca\u0142 swoj\u0105 warto\u015b\u0107 w ich oczach. C\u00f3\u017c z tego \u2013 on nawet tego pewnie nie dostrze\u017ce\u2026 <\/span><\/span><\/p>\n<p class=\"western\" align=\"justify\"><span style=\"font-family: Book Antiqua, serif;\"><span style=\"font-size: large;\">Dlatego Jezus dzisiaj <b>przed tak\u0105 postaw\u0105 nas ostrzega,<\/b> a Eliasz uczy, <b>jak naprawd\u0119 zdobywa\u0107 \u201epunkty\u201d<\/b> u Pana Boga i u innych ludzi\u2026<\/span><\/span><\/p>\n","protected":false},"excerpt":{"rendered":"<p>Szcz\u0119\u015b\u0107 Bo\u017ce! Moi Drodzy, w dniu dzisiejszym rocznic\u0119 \u015awi\u0119ce\u0144 kap\u0142a\u0144skich [2004] prze\u017cywa Ksi\u0105dz Wies\u0142aw Mu\u0107ka, Dyrektor Zespo\u0142u Szk\u00f3\u0142 Katolickich w Bia\u0142ej Podlaskiej. Dzi\u0119kuj\u0105c za nasz\u0105 dobr\u0105 znajomo\u015b\u0107 i wsp\u00f3\u0142prac\u0119 od wielu lat \u2013 \u017cycz\u0119 \u015bwiate\u0142 i mocy z Nieba do pe\u0142nienia pos\u0142ugi duszpasterskiej i pedagogicznej. A tak\u017ce: \u25baKsi\u0105dz Marek Bie\u0144kowski [2004], \u25baKsi\u0105dz Leszek Borysiuk [2004], [&hellip;]<\/p>\n","protected":false},"author":1,"featured_media":0,"comment_status":"open","ping_status":"open","sticky":false,"template":"","format":"standard","meta":{"jetpack_post_was_ever_published":false,"_jetpack_newsletter_access":"","_jetpack_dont_email_post_to_subs":false,"_jetpack_newsletter_tier_id":0,"_jetpack_memberships_contains_paywalled_content":false,"_jetpack_memberships_contains_paid_content":false,"footnotes":""},"categories":[1],"tags":[],"class_list":["post-22573","post","type-post","status-publish","format-standard","hentry","category-bez-kategorii"],"yoast_head":"<!-- This site is optimized with the Yoast SEO plugin v25.1 - https:\/\/yoast.com\/wordpress\/plugins\/seo\/ -->\n<title>Punkty u Boga... - Gaudium Et Spes<\/title>\n<meta name=\"robots\" content=\"index, follow, max-snippet:-1, max-image-preview:large, max-video-preview:-1\" \/>\n<link rel=\"canonical\" href=\"https:\/\/gaudiumetspes-blog.pl\/index.php\/2024\/06\/19\/punkty-u-boga\/\" \/>\n<meta property=\"og:locale\" content=\"pl_PL\" \/>\n<meta property=\"og:type\" content=\"article\" \/>\n<meta property=\"og:title\" content=\"Punkty u Boga... - Gaudium Et Spes\" \/>\n<meta property=\"og:description\" content=\"Szcz\u0119\u015b\u0107 Bo\u017ce! Moi Drodzy, w dniu dzisiejszym rocznic\u0119 \u015awi\u0119ce\u0144 kap\u0142a\u0144skich [2004] prze\u017cywa Ksi\u0105dz Wies\u0142aw Mu\u0107ka, Dyrektor Zespo\u0142u Szk\u00f3\u0142 Katolickich w Bia\u0142ej Podlaskiej. Dzi\u0119kuj\u0105c za nasz\u0105 dobr\u0105 znajomo\u015b\u0107 i wsp\u00f3\u0142prac\u0119 od wielu lat \u2013 \u017cycz\u0119 \u015bwiate\u0142 i mocy z Nieba do pe\u0142nienia pos\u0142ugi duszpasterskiej i pedagogicznej. A tak\u017ce: \u25baKsi\u0105dz Marek Bie\u0144kowski [2004], \u25baKsi\u0105dz Leszek Borysiuk [2004], [&hellip;]\" \/>\n<meta property=\"og:url\" content=\"https:\/\/gaudiumetspes-blog.pl\/index.php\/2024\/06\/19\/punkty-u-boga\/\" \/>\n<meta property=\"og:site_name\" content=\"Gaudium Et Spes\" \/>\n<meta property=\"article:published_time\" content=\"2024-06-19T07:37:02+00:00\" \/>\n<meta name=\"author\" content=\"Ks. Jacek\" \/>\n<meta name=\"twitter:card\" content=\"summary_large_image\" \/>\n<meta name=\"twitter:label1\" content=\"Napisane przez\" \/>\n\t<meta name=\"twitter:data1\" content=\"Ks. Jacek\" \/>\n\t<meta name=\"twitter:label2\" content=\"Szacowany czas czytania\" \/>\n\t<meta name=\"twitter:data2\" content=\"9 minut\" \/>\n<script type=\"application\/ld+json\" class=\"yoast-schema-graph\">{\"@context\":\"https:\/\/schema.org\",\"@graph\":[{\"@type\":\"WebPage\",\"@id\":\"https:\/\/gaudiumetspes-blog.pl\/index.php\/2024\/06\/19\/punkty-u-boga\/\",\"url\":\"https:\/\/gaudiumetspes-blog.pl\/index.php\/2024\/06\/19\/punkty-u-boga\/\",\"name\":\"Punkty u Boga... - Gaudium Et Spes\",\"isPartOf\":{\"@id\":\"https:\/\/gaudiumetspes-blog.pl\/#website\"},\"datePublished\":\"2024-06-19T07:37:02+00:00\",\"author\":{\"@id\":\"https:\/\/gaudiumetspes-blog.pl\/#\/schema\/person\/1661982992b752dea8dff0d4ed845a65\"},\"breadcrumb\":{\"@id\":\"https:\/\/gaudiumetspes-blog.pl\/index.php\/2024\/06\/19\/punkty-u-boga\/#breadcrumb\"},\"inLanguage\":\"pl-PL\",\"potentialAction\":[{\"@type\":\"ReadAction\",\"target\":[\"https:\/\/gaudiumetspes-blog.pl\/index.php\/2024\/06\/19\/punkty-u-boga\/\"]}]},{\"@type\":\"BreadcrumbList\",\"@id\":\"https:\/\/gaudiumetspes-blog.pl\/index.php\/2024\/06\/19\/punkty-u-boga\/#breadcrumb\",\"itemListElement\":[{\"@type\":\"ListItem\",\"position\":1,\"name\":\"Strona g\u0142\u00f3wna\",\"item\":\"https:\/\/gaudiumetspes-blog.pl\/\"},{\"@type\":\"ListItem\",\"position\":2,\"name\":\"Punkty u&nbsp;Boga&#8230;\"}]},{\"@type\":\"WebSite\",\"@id\":\"https:\/\/gaudiumetspes-blog.pl\/#website\",\"url\":\"https:\/\/gaudiumetspes-blog.pl\/\",\"name\":\"Gaudium Et Spes\",\"description\":\"Blog Ks. Jacka Ja\u015bkowskiego\",\"potentialAction\":[{\"@type\":\"SearchAction\",\"target\":{\"@type\":\"EntryPoint\",\"urlTemplate\":\"https:\/\/gaudiumetspes-blog.pl\/?s={search_term_string}\"},\"query-input\":{\"@type\":\"PropertyValueSpecification\",\"valueRequired\":true,\"valueName\":\"search_term_string\"}}],\"inLanguage\":\"pl-PL\"},{\"@type\":\"Person\",\"@id\":\"https:\/\/gaudiumetspes-blog.pl\/#\/schema\/person\/1661982992b752dea8dff0d4ed845a65\",\"name\":\"Ks. Jacek\",\"image\":{\"@type\":\"ImageObject\",\"inLanguage\":\"pl-PL\",\"@id\":\"https:\/\/gaudiumetspes-blog.pl\/#\/schema\/person\/image\/\",\"url\":\"https:\/\/gaudiumetspes-blog.pl\/wp-content\/uploads\/2019\/07\/avatar-JJ-150x150.jpg\",\"contentUrl\":\"https:\/\/gaudiumetspes-blog.pl\/wp-content\/uploads\/2019\/07\/avatar-JJ-150x150.jpg\",\"caption\":\"Ks. Jacek\"},\"description\":\"Witam serdecznie! K\u0142ania si\u0119 Ks. Jacek Ja\u015bkowski. Nie jestem ani kim\u015b wa\u017cnym, ani kim\u015b znanym. Jestem ksi\u0119dzem, kt\u00f3ry po prostu chce rozmawia\u0107. Codzienna kap\u0142a\u0144ska pos\u0142uga pokazuje mi, \u017ce temat\u00f3w do rozm\u00f3w z ksi\u0119dzem jest coraz wi\u0119cej i dzisiaj \u017caden ksi\u0105dz nie mo\u017ce od nich ucieka\u0107, ale - wprost przeciwnie - podejmowa\u0107 nowe wyzwania. To przekonanie sk\u0142oni\u0142o mnie do pr\u00f3by otwarcia tego\u017c bloga, chocia\u017c okazji do rozm\u00f3w na co dzie\u0144 - w konfesjonale i poza nim - na szcz\u0119\u015bcie nie brakuje. My\u015bl\u0119 jednak, \u017ce ten blog b\u0119dzie jeszcze jednym sposobem i przestrzeni\u0105 nawi\u0105zania kontaktu z lud\u017ami dobrej woli, otwartymi na dialog.\",\"url\":\"https:\/\/gaudiumetspes-blog.pl\/index.php\/author\/ks-jacek\/\"}]}<\/script>\n<!-- \/ Yoast SEO plugin. -->","yoast_head_json":{"title":"Punkty u Boga... - Gaudium Et Spes","robots":{"index":"index","follow":"follow","max-snippet":"max-snippet:-1","max-image-preview":"max-image-preview:large","max-video-preview":"max-video-preview:-1"},"canonical":"https:\/\/gaudiumetspes-blog.pl\/index.php\/2024\/06\/19\/punkty-u-boga\/","og_locale":"pl_PL","og_type":"article","og_title":"Punkty u Boga... - Gaudium Et Spes","og_description":"Szcz\u0119\u015b\u0107 Bo\u017ce! Moi Drodzy, w dniu dzisiejszym rocznic\u0119 \u015awi\u0119ce\u0144 kap\u0142a\u0144skich [2004] prze\u017cywa Ksi\u0105dz Wies\u0142aw Mu\u0107ka, Dyrektor Zespo\u0142u Szk\u00f3\u0142 Katolickich w Bia\u0142ej Podlaskiej. Dzi\u0119kuj\u0105c za nasz\u0105 dobr\u0105 znajomo\u015b\u0107 i wsp\u00f3\u0142prac\u0119 od wielu lat \u2013 \u017cycz\u0119 \u015bwiate\u0142 i mocy z Nieba do pe\u0142nienia pos\u0142ugi duszpasterskiej i pedagogicznej. A tak\u017ce: \u25baKsi\u0105dz Marek Bie\u0144kowski [2004], \u25baKsi\u0105dz Leszek Borysiuk [2004], [&hellip;]","og_url":"https:\/\/gaudiumetspes-blog.pl\/index.php\/2024\/06\/19\/punkty-u-boga\/","og_site_name":"Gaudium Et Spes","article_published_time":"2024-06-19T07:37:02+00:00","author":"Ks. Jacek","twitter_card":"summary_large_image","twitter_misc":{"Napisane przez":"Ks. Jacek","Szacowany czas czytania":"9 minut"},"schema":{"@context":"https:\/\/schema.org","@graph":[{"@type":"WebPage","@id":"https:\/\/gaudiumetspes-blog.pl\/index.php\/2024\/06\/19\/punkty-u-boga\/","url":"https:\/\/gaudiumetspes-blog.pl\/index.php\/2024\/06\/19\/punkty-u-boga\/","name":"Punkty u Boga... - Gaudium Et Spes","isPartOf":{"@id":"https:\/\/gaudiumetspes-blog.pl\/#website"},"datePublished":"2024-06-19T07:37:02+00:00","author":{"@id":"https:\/\/gaudiumetspes-blog.pl\/#\/schema\/person\/1661982992b752dea8dff0d4ed845a65"},"breadcrumb":{"@id":"https:\/\/gaudiumetspes-blog.pl\/index.php\/2024\/06\/19\/punkty-u-boga\/#breadcrumb"},"inLanguage":"pl-PL","potentialAction":[{"@type":"ReadAction","target":["https:\/\/gaudiumetspes-blog.pl\/index.php\/2024\/06\/19\/punkty-u-boga\/"]}]},{"@type":"BreadcrumbList","@id":"https:\/\/gaudiumetspes-blog.pl\/index.php\/2024\/06\/19\/punkty-u-boga\/#breadcrumb","itemListElement":[{"@type":"ListItem","position":1,"name":"Strona g\u0142\u00f3wna","item":"https:\/\/gaudiumetspes-blog.pl\/"},{"@type":"ListItem","position":2,"name":"Punkty u&nbsp;Boga&#8230;"}]},{"@type":"WebSite","@id":"https:\/\/gaudiumetspes-blog.pl\/#website","url":"https:\/\/gaudiumetspes-blog.pl\/","name":"Gaudium Et Spes","description":"Blog Ks. Jacka Ja\u015bkowskiego","potentialAction":[{"@type":"SearchAction","target":{"@type":"EntryPoint","urlTemplate":"https:\/\/gaudiumetspes-blog.pl\/?s={search_term_string}"},"query-input":{"@type":"PropertyValueSpecification","valueRequired":true,"valueName":"search_term_string"}}],"inLanguage":"pl-PL"},{"@type":"Person","@id":"https:\/\/gaudiumetspes-blog.pl\/#\/schema\/person\/1661982992b752dea8dff0d4ed845a65","name":"Ks. Jacek","image":{"@type":"ImageObject","inLanguage":"pl-PL","@id":"https:\/\/gaudiumetspes-blog.pl\/#\/schema\/person\/image\/","url":"https:\/\/gaudiumetspes-blog.pl\/wp-content\/uploads\/2019\/07\/avatar-JJ-150x150.jpg","contentUrl":"https:\/\/gaudiumetspes-blog.pl\/wp-content\/uploads\/2019\/07\/avatar-JJ-150x150.jpg","caption":"Ks. Jacek"},"description":"Witam serdecznie! K\u0142ania si\u0119 Ks. Jacek Ja\u015bkowski. Nie jestem ani kim\u015b wa\u017cnym, ani kim\u015b znanym. Jestem ksi\u0119dzem, kt\u00f3ry po prostu chce rozmawia\u0107. Codzienna kap\u0142a\u0144ska pos\u0142uga pokazuje mi, \u017ce temat\u00f3w do rozm\u00f3w z ksi\u0119dzem jest coraz wi\u0119cej i dzisiaj \u017caden ksi\u0105dz nie mo\u017ce od nich ucieka\u0107, ale - wprost przeciwnie - podejmowa\u0107 nowe wyzwania. To przekonanie sk\u0142oni\u0142o mnie do pr\u00f3by otwarcia tego\u017c bloga, chocia\u017c okazji do rozm\u00f3w na co dzie\u0144 - w konfesjonale i poza nim - na szcz\u0119\u015bcie nie brakuje. My\u015bl\u0119 jednak, \u017ce ten blog b\u0119dzie jeszcze jednym sposobem i przestrzeni\u0105 nawi\u0105zania kontaktu z lud\u017ami dobrej woli, otwartymi na dialog.","url":"https:\/\/gaudiumetspes-blog.pl\/index.php\/author\/ks-jacek\/"}]}},"jetpack_featured_media_url":"","jetpack_sharing_enabled":true,"_links":{"self":[{"href":"https:\/\/gaudiumetspes-blog.pl\/index.php\/wp-json\/wp\/v2\/posts\/22573","targetHints":{"allow":["GET"]}}],"collection":[{"href":"https:\/\/gaudiumetspes-blog.pl\/index.php\/wp-json\/wp\/v2\/posts"}],"about":[{"href":"https:\/\/gaudiumetspes-blog.pl\/index.php\/wp-json\/wp\/v2\/types\/post"}],"author":[{"embeddable":true,"href":"https:\/\/gaudiumetspes-blog.pl\/index.php\/wp-json\/wp\/v2\/users\/1"}],"replies":[{"embeddable":true,"href":"https:\/\/gaudiumetspes-blog.pl\/index.php\/wp-json\/wp\/v2\/comments?post=22573"}],"version-history":[{"count":1,"href":"https:\/\/gaudiumetspes-blog.pl\/index.php\/wp-json\/wp\/v2\/posts\/22573\/revisions"}],"predecessor-version":[{"id":22574,"href":"https:\/\/gaudiumetspes-blog.pl\/index.php\/wp-json\/wp\/v2\/posts\/22573\/revisions\/22574"}],"wp:attachment":[{"href":"https:\/\/gaudiumetspes-blog.pl\/index.php\/wp-json\/wp\/v2\/media?parent=22573"}],"wp:term":[{"taxonomy":"category","embeddable":true,"href":"https:\/\/gaudiumetspes-blog.pl\/index.php\/wp-json\/wp\/v2\/categories?post=22573"},{"taxonomy":"post_tag","embeddable":true,"href":"https:\/\/gaudiumetspes-blog.pl\/index.php\/wp-json\/wp\/v2\/tags?post=22573"}],"curies":[{"name":"wp","href":"https:\/\/api.w.org\/{rel}","templated":true}]}}