{"id":22595,"date":"2024-06-26T09:50:53","date_gmt":"2024-06-26T07:50:53","guid":{"rendered":"https:\/\/gaudiumetspes-blog.pl\/?p=22595"},"modified":"2024-06-26T09:50:53","modified_gmt":"2024-06-26T07:50:53","slug":"znalazlem-ksiege","status":"publish","type":"post","link":"https:\/\/gaudiumetspes-blog.pl\/index.php\/2024\/06\/26\/znalazlem-ksiege\/","title":{"rendered":"Znalaz\u0142em Ksi\u0119g\u0119!"},"content":{"rendered":"<p class=\"western\" align=\"justify\"><span style=\"font-family: Book Antiqua, serif;\"><span style=\"font-size: large;\">Szcz\u0119\u015b\u0107 Bo\u017ce! Pozdrawiam dzisiaj z Lublina. Jestem na miejscu i pracuj\u0119, o modlitwie nie zapominaj\u0105c, a wieczorem zast\u0119puj\u0119 Ksi\u0119dza Mariusza Szyszko, Proboszcza Parafii Brzeziny \u2013 w\u0142a\u015bnie w Parafii Brzeziny, gdzie odprawi\u0119 dwie Msze \u015awi\u0119te. A po Mszy \u015awi\u0119tej spotkanie i d\u0142u\u017csza rozmowa na tematy powa\u017cne z m\u0142odym i pobo\u017cnym Cz\u0142ekiem. <\/span><\/span><\/p>\n<p class=\"western\" align=\"justify\"><span style=\"font-family: Book Antiqua, serif;\"><span style=\"font-size: large;\">Teraz za\u015b ju\u017c zapraszam do ws\u0142uchania si\u0119 w Bo\u017ce s\u0142owo dzisiejszej liturgii. Oto s\u0142\u00f3wko Ksi\u0119dza Marka na dzi\u015b:<\/span><\/span><\/p>\n<p class=\"western\" align=\"justify\"><span style=\"font-family: Book Antiqua, serif;\"><span style=\"font-size: medium;\"><a href=\"https:\/\/www.youtube.com\/c\/CatholicSurgut\"><span style=\"font-size: large;\"><b>https:\/\/www.youtube.com\/c\/CatholicSurgut<\/b><\/span><\/a><\/span><\/span><\/p>\n<p class=\"western\" align=\"justify\"><span style=\"font-family: Book Antiqua, serif;\"><span style=\"font-size: large;\">Zatem, co<b> Pan do mnie osobi\u015bcie m\u00f3wi? Z jakim przes\u0142aniem si\u0119 zwraca? <\/b>Duchu \u015awi\u0119ty, przyjd\u017a i rozja\u015bnij umys\u0142y i serca!<\/span><\/span><\/p>\n<p class=\"western\" align=\"justify\"><span style=\"font-family: Book Antiqua, serif;\"><span style=\"font-size: large;\"><b>Niech Was b\u0142ogos\u0142awi B\u00f3g Wszechmog\u0105cy: Ojciec + i Syn, i Duch \u015awi\u0119ty. Amen<\/b><\/span><\/span><\/p>\n<p class=\"western\" align=\"center\"><span style=\"font-family: Book Antiqua, serif;\"><span style=\"font-size: large;\">Gaudium et spes! Ks. Jacek<\/span><\/span><\/p>\n<p align=\"center\">\n<p align=\"center\">\n<p align=\"center\">\n<p align=\"center\">\n<p align=\"center\">\n<p class=\"western\" align=\"justify\"><span style=\"font-family: Book Antiqua, serif;\"><span style=\"font-size: large;\"><b>\u015aroda 12 Tygodnia zwyk\u0142ego, rok II,<\/b><\/span><\/span><\/p>\n<p class=\"western\" align=\"justify\"><span style=\"font-family: Book Antiqua, serif;\"><span style=\"font-size: large;\"><b>26 czerwca 2024.,<\/b><\/span><\/span><\/p>\n<p class=\"western\" align=\"justify\"><span style=\"font-family: Book Antiqua, serif;\"><span style=\"font-size: large;\"><b>do czyta\u0144: 2 Krl 22,8\u201313;23,1\u20133; Mt 7,15\u201320<\/b><\/span><\/span><\/p>\n<p align=\"justify\">\n<p align=\"justify\">\n<p align=\"justify\">\n<p align=\"justify\">\n<p align=\"justify\">\n<p class=\"western\" align=\"justify\"><span style=\"font-family: Book Antiqua, serif;\"><span style=\"font-size: large;\"><b>CZYTANIE Z DRUGIEJ KSI\u0118GI KR\u00d3LEWSKIEJ:<\/b><\/span><\/span><\/p>\n<p class=\"western\" align=\"justify\"><span style=\"font-family: Book Antiqua, serif;\"><span style=\"font-size: large;\"><b>Arcykap\u0142an Chilkiasz powiedzia\u0142 do pisarza Szafana: \u201eZnalaz\u0142em ksi\u0119g\u0119 Prawa w \u015bwi\u0105tyni Pana\u201d. I da\u0142 Chilkiasz ksi\u0119g\u0119 Szafanowi, kt\u00f3ry j\u0105 czyta\u0142. Nast\u0119pnie pisarz Szafan poszed\u0142 do kr\u00f3la i zda\u0142 mu spraw\u0119 z tego zdarzenia w s\u0142owach: \u201eS\u0142udzy twoi wybrali pieni\u0105dze znajduj\u0105ce si\u0119 w \u015bwi\u0105tyni i wr\u0119czyli je kierownikom rob\u00f3t nadzoruj\u0105cym w \u015bwi\u0105tyni Pana\u201d. I pisarz Szafan oznajmi\u0142 kr\u00f3lowi: \u201eKap\u0142an Chilkiasz da\u0142 mi ksi\u0119g\u0119\u201d \u2013 i Szafan odczyta\u0142 j\u0105 wobec kr\u00f3la. Kiedy kr\u00f3l us\u0142ysza\u0142 s\u0142owa ksi\u0119gi Prawa, rozdar\u0142 szaty. <\/b><\/span><\/span><\/p>\n<p class=\"western\" align=\"justify\"><span style=\"color: #000000;\"><span style=\"font-family: Book Antiqua, serif;\"><span style=\"font-size: large;\"><b>Nast\u0119pnie kr\u00f3l rozkaza\u0142 kap\u0142anowi Chilkiaszowi, Achikamowi, synowi Szafana, Akborowi, synowi Micheasza, pisarzowi Szafanowi i urz\u0119dnikowi kr\u00f3lewskiemu Asajaszowi: \u201eId\u017acie poradzi\u0107 si\u0119 Pana co do mnie, co do ludu i ca\u0142ego pokolenia Judy w zwi\u0105zku ze s\u0142owami tej\u017ce znalezionej ksi\u0119gi. Bo wielki gniew Pana zap\u0142on\u0105\u0142 przeciwko nam z tego powodu, \u017ce przodkowie nasi nie s\u0142uchali s\u0142\u00f3w tej\u017ce ksi\u0119gi, by spe\u0142nia\u0107 wszystko, co jest w niej napisane\u201d.<\/b><\/span><\/span><\/span><b> <\/b><\/p>\n<p class=\"western\" align=\"justify\"><span style=\"color: #000000;\"><span style=\"font-family: Book Antiqua, serif;\"><span style=\"font-size: large;\"><b>Wtedy kr\u00f3l poleci\u0142 przez pos\u0142\u00f3w, by zebra\u0142a si\u0119 ko\u0142o niego ca\u0142a starszyzna Judy i Jerozolimy. I wszed\u0142 kr\u00f3l do \u015bwi\u0105tyni Pana, a wraz z nim wszyscy ludzie z Judy i wszyscy mieszka\u0144cy Jerozolimy, kap\u0142ani i prorocy oraz ca\u0142y lud od najmniejszych a\u017c do najwi\u0119kszych. Odczyta\u0142 dla ich uszu ca\u0142\u0105 tre\u015b\u0107 ksi\u0119gi przymierza, znalezionej w \u015bwi\u0105tyni Pana.<\/b><\/span><\/span><\/span><b> <\/b><\/p>\n<p class=\"western\" align=\"justify\"><span style=\"font-family: Book Antiqua, serif;\"><span style=\"font-size: large;\"><b>Nast\u0119pnie kr\u00f3l stan\u0105\u0142 przy kolumnie i zawar\u0142 przymierze przed obliczem Pana, \u017ce p\u00f3jd\u0105 za Panem, \u017ce b\u0119d\u0105 przestrzegali Jego polece\u0144, przykaza\u0144 i praw ca\u0142ym sercem i ca\u0142\u0105 dusz\u0105, \u017ce w czyn zamieni\u0105 s\u0142owa tego przymierza, spisane w tej\u017ce ksi\u0119dze. I ca\u0142y lud przyst\u0105pi\u0142 do przymierza.<\/b><\/span><\/span><\/p>\n<p align=\"justify\">\n<p align=\"justify\">\n<p align=\"justify\">\n<p align=\"justify\">\n<p align=\"justify\">\n<p class=\"western\" align=\"justify\"><span style=\"font-family: Book Antiqua, serif;\"><span style=\"font-size: large;\"><b>S\u0141OWA EWANGELII WED\u0141UG \u015aWI\u0118TEGO MATEUSZA:<\/b><\/span><\/span><\/p>\n<p class=\"western\" align=\"justify\"><span style=\"font-family: Book Antiqua, serif;\"><span style=\"font-size: large;\"><b>Jezus powiedzia\u0142 do swoich uczni\u00f3w: \u201eStrze\u017ccie si\u0119 fa\u0142szywych prorok\u00f3w, kt\u00f3rzy przychodz\u0105 do was w owczej sk\u00f3rze, a wewn\u0105trz s\u0105 drapie\u017cnymi wilkami. Poznacie ich po ich owocach. Czy zbiera si\u0119 winogrona z ciernia albo z ostu figi? Tak ka\u017cde dobre drzewo wydaje dobre owoce, a z\u0142e drzewo wydaje z\u0142e owoce. Nie mo\u017ce dobre drzewo wyda\u0107 z\u0142ych owoc\u00f3w ani z\u0142e drzewo wyda\u0107 dobrych owoc\u00f3w.<\/b><\/span><\/span><\/p>\n<p class=\"western\" align=\"justify\"><span style=\"font-family: Book Antiqua, serif;\"><span style=\"font-size: large;\"><b>Ka\u017cde drzewo, kt\u00f3re nie wydaje dobrego owocu, b\u0119dzie wyci\u0119te i w ogie\u0144 wrzucone. A wi\u0119c: poznacie ich po ich owocach\u201d.<\/b><\/span><\/span><\/p>\n<p align=\"justify\">\n<p align=\"justify\">\n<p align=\"justify\">\n<p align=\"justify\">\n<p align=\"justify\">\n<p class=\"western\" align=\"justify\"><span style=\"font-family: Book Antiqua, serif;\"><span style=\"font-size: large;\">W trakcie prac \u2013 dzisiaj powiedzieliby\u015bmy \u2013 renowacyjnych w \u015bwi\u0105tyni Pa\u0144skiej, kt\u00f3re podj\u0119to w ramach reformy i odnowy religijnej narodu wybranego po powrocie z niewoli, nagle i niespodziewanie <b>znaleziono Ksi\u0119g\u0119 Prawa Bo\u017cego.<\/b> My tu sobie oczywi\u015bcie m\u00f3wimy, \u017ce niespodziewanie znaleziono, bo tak nam t\u0119 spraw\u0119 ukazuje Autor biblijny, ale s\u0105dz\u0105c po tym, co us\u0142yszeli\u015bmy w dzisiejszym pierwszym czytaniu, a wi\u0119c <b>po reakcji wszystkich uczestnik\u00f3w <\/b>tej historii \u2013 pocz\u0105wszy od kr\u00f3la \u2013 na ten fakt, raczej chyba nie b\u0119dziemy m\u00f3wili <b>o \u017cadnym przypadku.<\/b> <\/span><\/span><\/p>\n<p class=\"western\" align=\"justify\"><span style=\"font-family: Book Antiqua, serif;\"><span style=\"font-size: large;\">Bo skoro nast\u0105pi\u0142o<b> tak mocne poruszenie serc ludzi, <\/b>to znaczy, \u017ce<b> B\u00f3g sam chcia\u0142, <\/b>aby ta Ksi\u0119ga zosta\u0142a znaleziona. Powiedzmy sobie \u2013 aby zosta\u0142a <b>znaleziona w podw\u00f3jnym wymiarze:<\/b> <b>jako<\/b> <b>przedmiot,<\/b> kt\u00f3ry nagle i niespodziewanie znalaz\u0142 si\u0119 w r\u0119kach tych, kt\u00f3rzy akurat przy wybieraniu pieni\u0119dzy ze skarbony \u015bwi\u0105tyni natkn\u0119li si\u0119 na ni\u0105; <b>ale tak\u017ce jako przes\u0142anie,<\/b> jako tre\u015b\u0107, jako nauka, jako s\u0142owo Boga do ludzi: zosta\u0142a znaleziona na nowo, odkryta na nowo, <b>us\u0142yszana na nowo.<\/b> <\/span><\/span><\/p>\n<p class=\"western\" align=\"justify\"><span style=\"font-family: Book Antiqua, serif;\"><span style=\"font-size: large;\">Bo to sobie, moi Drodzy, mocno podkre\u015blmy:<b> to nie by\u0142a jaka\u015b nowa ksi\u0119ga. <\/b>To nie by\u0142a jaka\u015b nowa tre\u015b\u0107, kt\u00f3ra niespodziewanie trafi\u0142a do cz\u0142onk\u00f3w ludu wybranego, powoduj\u0105c zaskoczenie. Nie, kiedy j\u0105 odnaleziono i powiadomiono kr\u00f3la, ten \u2013 zauwa\u017cmy to \u2013<b> rozdar\u0142 szaty! <\/b>Dobrze znamy ten dramatyczny gest, oznaczaj\u0105cy <b>\u017cal, b\u00f3l serc<\/b><b>a<\/b><b>, jakie\u015b duchowe cierpienie, <\/b>ale te\u017c pragnienie <b>otwarcia serca przed Bogiem <\/b>i przed drugim cz\u0142owiekiem; pokazania, \u017ce w tym sercu niczego si\u0119 nie ukrywa, nie ma si\u0119 \u017cadnych podst\u0119pnych zamiar\u00f3w. <\/span><\/span><\/p>\n<p class=\"western\" align=\"justify\"><span style=\"font-family: Book Antiqua, serif;\"><span style=\"font-size: large;\">I oto w tym momencie ten dramatyczny gest \u2013 z pewno\u015bci\u0105 <b>w \u017caden spos\u00f3b nie wyre\u017cyserowany,<\/b> a bardzo spontaniczny i bardzo szczery \u2013 u\u015bwiadomi\u0142 ca\u0142emu ludowi to, z czego i kr\u00f3l zda\u0142 sobie spraw\u0119, \u017ce <b>Ksi\u0119g\u0119 t\u0119 podw\u00f3jnie zagubiono.<\/b> Bo zagubiono j\u0105 <b>w spos\u00f3b fizyczny,<\/b> skoro przepad\u0142a w zakamarkach \u015bwi\u0105tyni, ale to oznacza\u0142o, \u017ce nie zwracano na ni\u0105 zbyt du\u017cej uwagi. <\/span><\/span><\/p>\n<p class=\"western\" align=\"justify\"><span style=\"font-family: Book Antiqua, serif;\"><span style=\"font-size: large;\">Bo gdyby zwracano, <b>to pilnowano by jej jak najwi\u0119kszego skarbu<\/b> i \u017cadne okoliczno\u015bci, nawet najbardziej dramatyczne, nie spowodowa\u0142yby, \u017ce nagle gdzie\u015b znikn\u0119\u0142a! Skoro jednak tak si\u0119 sta\u0142o, to oznacza\u0142o to, i\u017c <b>nie przejmowano si\u0119 a\u017c tak bardzo jej tre\u015bci\u0105.<\/b> I w tym sensie mo\u017cemy m\u00f3wi\u0107<b> o podw\u00f3jnym zagubieniu, <\/b>przy czym to drugie chyba by\u0142o o wiele bardziej smutne i dramatyczne, ani\u017celi to pierwsze. <\/span><\/span><\/p>\n<p class=\"western\" align=\"justify\"><span style=\"font-family: Book Antiqua, serif;\"><span style=\"font-size: large;\">Bo by\u0142o to <b>zagubienie kontaktu z Bo\u017cym s\u0142owem. <\/b>Dla Bo\u017cego s\u0142owa, dla Bo\u017cego Prawa \u2013 <b>zabrak\u0142o miejsca w ludzkich sercach.<\/b> Po prostu \u2013 zapomniano o tej Ksi\u0119dze. I gdyby \u201esama\u201d si\u0119 nie znalaz\u0142a, to nikt by jej nie szuka\u0142. <\/span><\/span><\/p>\n<p class=\"western\" align=\"justify\"><span style=\"font-family: Book Antiqua, serif;\"><span style=\"font-size: large;\">Zatem, <b>to nie \u017caden przypadek<\/b> z owym znalezieniem. To B\u00f3g sam \u2013 w taki bardzo oryginalny, a jednocze\u015bnie taki bardzo zwyczajny spos\u00f3b \u2013<b> da\u0142 t\u0119 Ksi\u0119g\u0119 ludziom <\/b><b>ponownie <\/b><b>do r\u0119ki.<\/b> W\u0142a\u015bnie w tym czasie tak wyj\u0105tkowym i w takich szczeg\u00f3lnych okoliczno\u015bciach, jak <b>odbudowa, a dok\u0142adnie: odnawia<\/b><b>nie<\/b><b> \u015bwi\u0105tyni; <\/b>kiedy te\u017c odnawiano i <b>na nowo organizowano kult religijny<\/b> \u2013 B\u00f3g sam wskaza\u0142, <b>od czego nale\u017cy zacz\u0105\u0107.<\/b> Od czego? <\/span><\/span><\/p>\n<p class=\"western\" align=\"justify\"><span style=\"font-family: Book Antiqua, serif;\"><span style=\"font-size: large;\">Od <b>przeczytania na nowo<\/b> Ksi\u0119gi Jego Prawa, od ws\u0142uchania si\u0119 na nowo w Jego s\u0142owo \u2013 tak dobrze znane od wiek\u00f3w, a tak bardzo zagubione. Podw\u00f3jnie zagubione, a szczeg\u00f3lnie: w \u015bwiadomo\u015bci, w umys\u0142ach i w sercach ludzi. Po prostu: zapomniane! I dlatego w\u0142a\u015bnie tam, <b>w sercach i umys\u0142ach ludzi,<\/b><b> mia\u0142o \u2013 musia\u0142o \u2013 nast\u0105pi\u0107 ponowne znalezienie, <\/b>takie duchowe znalezienie, czyli ponowne odczytanie. Trzeba wi\u0119c by\u0142o remontu \u015bwi\u0105tyni, a mo\u017ce i tego czasu niewoli, jaki go poprzedzi\u0142, aby ludzkie serca na nowo <b>zat\u0119skni\u0142y na Bo\u017cym s\u0142owem\u2026<\/b> I tak bardzo przej\u0119\u0142y si\u0119, kiedy to S\u0142owo si\u0119 \u201eznalaz\u0142o\u201d i ponownie z ca\u0142\u0105 moc\u0105 wybrzmia\u0142o.<\/span><\/span><\/p>\n<p class=\"western\" align=\"justify\"><span style=\"font-family: Book Antiqua, serif;\"><span style=\"font-size: large;\">Moi Drodzy, a czy my <b>mamy na co dzie\u0144 kontakt z Bo\u017cym s\u0142owem? <\/b>Czy mamy w og\u00f3le w domu Pismo \u015awi\u0119te? Pewnie w ka\u017cdym jest. A chocia\u017c wiemy, <b>gdzie jest? <\/b>W kt\u00f3rym dok\u0142adnie miejscu domu si\u0119 znajduje? Czy nie obok kropid\u0142a, kt\u00f3re <b>raz do roku wyjmuje si\u0119, <\/b>kiedy ksi\u0105dz przychodzi \u201epo kol\u0119dzie\u201d, wi\u0119c trzeba jedno i drugie po\u0142o\u017cy\u0107 na stoliku, obok krzy\u017cyka, \u017ceby si\u0119 prezentowa\u0142o, jak nale\u017cy, <b>a potem schowa\u0107 na ca\u0142y nast\u0119pny rok?\u2026 <\/b>A mo\u017ce nawet nie za bardzo wiemy, gdzie ono jest \u2013 zapewne gdzie\u015b w\u015br\u00f3d ksi\u0105\u017cek, a mo\u017ce w\u015br\u00f3d innych grat\u00f3w?\u2026 <\/span><\/span><\/p>\n<p class=\"western\" align=\"justify\"><span style=\"font-family: Book Antiqua, serif;\"><span style=\"font-size: large;\">Moi Drodzy, niech to nie zabrzmi zbyt frywolnie, ale mo\u017ce i nam trzeba, \u017ceby przy wyci\u0105ganiu jakich innych rzeczy z szafy \u2013 <b>nagle nam Pismo \u015awi\u0119te spad\u0142o na g\u0142ow\u0119,<\/b> \u017ceby\u015bmy sobie o nim przypomnieli?\u2026 Oczywi\u015bcie, m\u00f3wimy to troch\u0119 z u\u015bmiechem, ale problem chyba jednak istnieje\u2026 Bo nawet, <b>je\u017celi kto\u015b ma s\u0142aby wzrok<\/b> i nie jest w stanie samemu czyta\u0107, to przecie\u017c mo\u017cna<b> <\/b><b>uwa\u017cnie <\/b><b>s\u0142ucha\u0107 tego<\/b><b>\u017c<\/b><b> <\/b><b>S<\/b><b>\u0142owa<\/b> w katolickich rozg\u0142o\u015bniach radiowych. A przede wszystkim \u2013 mo\u017cna i nale\u017cy uwa\u017cnie s\u0142ucha\u0107 go w liturgii! W czasie Mszy \u015awi\u0119tej! <\/span><\/span><\/p>\n<p class=\"western\" align=\"justify\"><span style=\"font-family: Book Antiqua, serif;\"><span style=\"font-size: large;\">Moi Drodzy,<b> czy go rzeczywi\u015bcie s\u0142uchamy? <\/b>Jak go s\u0142uchamy? Czy mo\u017ce faktycznie potrzeba i nam <b>jakich\u015b trudnych do\u015bwiadcze\u0144 \u017cyciowych<\/b> i d\u0142ugiego poszukiwania rozwi\u0105za\u0144, \u017ceby przekona\u0107 si\u0119, \u017ce tak naprawd\u0119 jest tylko jedno rozwi\u0105zanie, <b>a jest nim s\u0142owo Bo\u017ce? <\/b>Czego potrzeba, aby owo <b>znalezienie Ksi\u0119gi Bo\u017cego Prawa,<\/b> znalezienie Bo\u017cego s\u0142owa \u2013 mog\u0142o si\u0119 dokona\u0107 w naszym \u017cyciu? <\/span><\/span><\/p>\n<p class=\"western\" align=\"justify\"><span style=\"font-family: Book Antiqua, serif;\"><span style=\"font-size: large;\">Bo my \u2013 podobnie, jak cz\u0142onkowie narodu wybranego \u2013 <b>wiemy, \u017ce ta Ksi\u0119ga w og\u00f3le istnieje, <\/b>\u017ce gdzie\u015b tam jest. I wiemy, \u017ce jest co\u015b takiego, jak s\u0142owo Bo\u017ce. Owszem, nawet je <b>w zasadniczym zarysie znamy<\/b> \u2013 wiemy, o czym generalnie m\u00f3wi, jakie tre\u015bci w sobie zawiera, jakie przes\u0142anie niesie. Ale dzisiaj \u2013 poprzez wydarzenie z pierwszego czytania \u2013 B\u00f3g m\u00f3wi do nas, \u017ce to S\u0142owo<b> trzeba ci\u0105gle na nowo odkrywa\u0107, ci\u0105gle na nowo zg\u0142\u0119bia\u0107! <\/b>Trzeba je coraz bardziej rozumie\u0107 \u2013 na ile tylko b\u0119dziemy w stanie je zrozumie\u0107. <\/span><\/span><\/p>\n<p class=\"western\" align=\"justify\"><span style=\"font-family: Book Antiqua, serif;\"><span style=\"font-size: large;\">A nade wszystko \u2013 <b>S\u0142owem tym \u017cy\u0107!<\/b> Bo mo\u017ce my chodzimy na Msz\u0119 \u015awi\u0119t\u0105 systematycznie, co niedziel\u0119, a nawet i w dni powszednie \u2013 <b>i s\u0142uchamy tego\u017c S\u0142owa; <\/b>a mo\u017ce i s\u0142uchamy go w radiu katolickim, czy w katolickiej telewizji, gdzie nawet jest ono wyja\u015bniane i wprost odnoszone do \u017cycia; a mo\u017ce i sami czytamy; <b>ale wed\u0142ug niego nie \u017cyjemy?\u2026 <\/b>Albo \u2013 wci\u0105\u017c jeszcze za ma\u0142o nim \u017cyjemy?\u2026 <\/span><\/span><\/p>\n<p class=\"western\" align=\"justify\"><span style=\"font-family: Book Antiqua, serif;\"><span style=\"font-size: large;\">Jak to jednak rozpozna\u0107? Jezus daje nam bardzo konkretn\u0105 odpowied\u017a w dzisiejszej Ewangelii, m\u00f3wi\u0105c: <i><b>Strze\u017ccie si\u0119 fa\u0142szywych prorok\u00f3w, kt\u00f3rzy przychodz\u0105 do was w owczej sk\u00f3rze, a wewn\u0105trz s\u0105 drapie\u017cnymi wilkami. Poznacie ich po ich owocach. Czy zbiera si\u0119 winogrona z ciernia albo z ostu figi? Tak ka\u017cde dobre drzewo wydaje dobre owoce, a z\u0142e drzewo wydaje z\u0142e owoce. Nie mo\u017ce dobre drzewo wyda\u0107 z\u0142ych owoc\u00f3w ani z\u0142e drzewo wyda\u0107 dobrych owoc\u00f3w.<\/b><\/i><b> <\/b>I w tym kontek\u015bcie przestrzega: <i><b>Ka\u017cde drzewo, kt\u00f3re nie wydaje dobrego owocu, b\u0119dzie wyci\u0119te i w ogie\u0144 wrzucone. A wi\u0119c: poznacie ich po ich owocach.<\/b><\/i><b> <\/b>I wszystko jasne!<\/span><\/span><\/p>\n<p class=\"western\" align=\"justify\"><span style=\"font-family: Book Antiqua, serif;\"><span style=\"font-size: large;\">Moi Drodzy, tu w\u0142a\u015bnie tkwi istota ca\u0142ej sprawy: <b>w owocowaniu!<\/b> Czy moje chrze\u015bcija\u0144skie \u017cycie przynosi dobre owoce? Czy m\u00f3j kontakt z Bo\u017cym s\u0142owem <b>przynosi owoce, czy ich nie przynosi,<\/b> czyli \u017ce moje \u017cycie <b>niczym nie r\u00f3\u017cni si\u0119<\/b> od \u017cycia tych, kt\u00f3rzy tego S\u0142owa nie czytaj\u0105, nie s\u0142uchaj\u0105, a mo\u017ce nawet w Boga nie wierz\u0105? A mo\u017ce ich \u017cycie \u2013 takie codzienne funkcjonowanie w\u015br\u00f3d ludzi \u2013 <b>jest nawet lepsze od mojego \u017cycia,<\/b> a to przecie\u017c <b>ja mam by\u0107 \u015bwiadkiem Jezusa<\/b> i \u015bwiadkiem wiary. Bo ja czytam Bo\u017ce s\u0142owo, ja go s\u0142ucham! <\/span><\/span><\/p>\n<p class=\"western\" align=\"justify\"><span style=\"font-family: Book Antiqua, serif;\"><span style=\"font-size: large;\">W\u0142a\u015bnie \u2013 s\u0142ucham? Czy jednym uchem wlatuje, a drugim wylatuje? <b>Moja codzienna postawa dok\u0142adnie to pokazuje. <\/b>I w\u0142a\u015bnie: <b>co pokazuje ta moja postawa? <\/b>A mo\u017ce trzeba mi <b>na nowo odnale\u017a\u0107<\/b> Ksi\u0119g\u0119 Bo\u017cego s\u0142owa, na nowo wzi\u0105\u0107 j\u0105 do r\u0119ki, <b>na nowo przej\u0105\u0107 si\u0119 tym, <\/b>co B\u00f3g do mnie m\u00f3wi? I nie czeka\u0107 na jakie\u015b nadzwyczajne, a mo\u017ce dramatyczne wydarzenie w moim \u017cyciu, ale <b>tak zwyczajnie, <\/b><b>spontanicznie i<\/b><b> szczerze <\/b>\u2013 wzi\u0105\u0107 do r\u0119ki, wzi\u0105\u0107 do serca i zacz\u0105\u0107 ten kontakt na nowo? <\/span><\/span><\/p>\n<p class=\"western\" align=\"justify\"><span style=\"font-family: Book Antiqua, serif;\"><span style=\"font-size: large;\">Z pewno\u015bci\u0105 warto. <b>I to ju\u017c od dzisiaj!<\/b><\/span><\/span><\/p>\n","protected":false},"excerpt":{"rendered":"<p>Szcz\u0119\u015b\u0107 Bo\u017ce! Pozdrawiam dzisiaj z Lublina. Jestem na miejscu i pracuj\u0119, o modlitwie nie zapominaj\u0105c, a wieczorem zast\u0119puj\u0119 Ksi\u0119dza Mariusza Szyszko, Proboszcza Parafii Brzeziny \u2013 w\u0142a\u015bnie w Parafii Brzeziny, gdzie odprawi\u0119 dwie Msze \u015awi\u0119te. A po Mszy \u015awi\u0119tej spotkanie i d\u0142u\u017csza rozmowa na tematy powa\u017cne z m\u0142odym i pobo\u017cnym Cz\u0142ekiem. Teraz za\u015b ju\u017c zapraszam do [&hellip;]<\/p>\n","protected":false},"author":1,"featured_media":0,"comment_status":"open","ping_status":"open","sticky":false,"template":"","format":"standard","meta":{"jetpack_post_was_ever_published":false,"_jetpack_newsletter_access":"","_jetpack_dont_email_post_to_subs":false,"_jetpack_newsletter_tier_id":0,"_jetpack_memberships_contains_paywalled_content":false,"_jetpack_memberships_contains_paid_content":false,"footnotes":""},"categories":[1],"tags":[],"class_list":["post-22595","post","type-post","status-publish","format-standard","hentry","category-bez-kategorii"],"yoast_head":"<!-- This site is optimized with the Yoast SEO plugin v25.1 - https:\/\/yoast.com\/wordpress\/plugins\/seo\/ -->\n<title>Znalaz\u0142em Ksi\u0119g\u0119! - Gaudium Et Spes<\/title>\n<meta name=\"robots\" content=\"index, follow, max-snippet:-1, max-image-preview:large, max-video-preview:-1\" \/>\n<link rel=\"canonical\" href=\"https:\/\/gaudiumetspes-blog.pl\/index.php\/2024\/06\/26\/znalazlem-ksiege\/\" \/>\n<meta property=\"og:locale\" content=\"pl_PL\" \/>\n<meta property=\"og:type\" content=\"article\" \/>\n<meta property=\"og:title\" content=\"Znalaz\u0142em Ksi\u0119g\u0119! - Gaudium Et Spes\" \/>\n<meta property=\"og:description\" content=\"Szcz\u0119\u015b\u0107 Bo\u017ce! Pozdrawiam dzisiaj z Lublina. Jestem na miejscu i pracuj\u0119, o modlitwie nie zapominaj\u0105c, a wieczorem zast\u0119puj\u0119 Ksi\u0119dza Mariusza Szyszko, Proboszcza Parafii Brzeziny \u2013 w\u0142a\u015bnie w Parafii Brzeziny, gdzie odprawi\u0119 dwie Msze \u015awi\u0119te. A po Mszy \u015awi\u0119tej spotkanie i d\u0142u\u017csza rozmowa na tematy powa\u017cne z m\u0142odym i pobo\u017cnym Cz\u0142ekiem. Teraz za\u015b ju\u017c zapraszam do [&hellip;]\" \/>\n<meta property=\"og:url\" content=\"https:\/\/gaudiumetspes-blog.pl\/index.php\/2024\/06\/26\/znalazlem-ksiege\/\" \/>\n<meta property=\"og:site_name\" content=\"Gaudium Et Spes\" \/>\n<meta property=\"article:published_time\" content=\"2024-06-26T07:50:53+00:00\" \/>\n<meta name=\"author\" content=\"Ks. Jacek\" \/>\n<meta name=\"twitter:card\" content=\"summary_large_image\" \/>\n<meta name=\"twitter:label1\" content=\"Napisane przez\" \/>\n\t<meta name=\"twitter:data1\" content=\"Ks. Jacek\" \/>\n\t<meta name=\"twitter:label2\" content=\"Szacowany czas czytania\" \/>\n\t<meta name=\"twitter:data2\" content=\"10 minut\" \/>\n<script type=\"application\/ld+json\" class=\"yoast-schema-graph\">{\"@context\":\"https:\/\/schema.org\",\"@graph\":[{\"@type\":\"WebPage\",\"@id\":\"https:\/\/gaudiumetspes-blog.pl\/index.php\/2024\/06\/26\/znalazlem-ksiege\/\",\"url\":\"https:\/\/gaudiumetspes-blog.pl\/index.php\/2024\/06\/26\/znalazlem-ksiege\/\",\"name\":\"Znalaz\u0142em Ksi\u0119g\u0119! - Gaudium Et Spes\",\"isPartOf\":{\"@id\":\"https:\/\/gaudiumetspes-blog.pl\/#website\"},\"datePublished\":\"2024-06-26T07:50:53+00:00\",\"author\":{\"@id\":\"https:\/\/gaudiumetspes-blog.pl\/#\/schema\/person\/1661982992b752dea8dff0d4ed845a65\"},\"breadcrumb\":{\"@id\":\"https:\/\/gaudiumetspes-blog.pl\/index.php\/2024\/06\/26\/znalazlem-ksiege\/#breadcrumb\"},\"inLanguage\":\"pl-PL\",\"potentialAction\":[{\"@type\":\"ReadAction\",\"target\":[\"https:\/\/gaudiumetspes-blog.pl\/index.php\/2024\/06\/26\/znalazlem-ksiege\/\"]}]},{\"@type\":\"BreadcrumbList\",\"@id\":\"https:\/\/gaudiumetspes-blog.pl\/index.php\/2024\/06\/26\/znalazlem-ksiege\/#breadcrumb\",\"itemListElement\":[{\"@type\":\"ListItem\",\"position\":1,\"name\":\"Strona g\u0142\u00f3wna\",\"item\":\"https:\/\/gaudiumetspes-blog.pl\/\"},{\"@type\":\"ListItem\",\"position\":2,\"name\":\"Znalaz\u0142em Ksi\u0119g\u0119!\"}]},{\"@type\":\"WebSite\",\"@id\":\"https:\/\/gaudiumetspes-blog.pl\/#website\",\"url\":\"https:\/\/gaudiumetspes-blog.pl\/\",\"name\":\"Gaudium Et Spes\",\"description\":\"Blog Ks. Jacka Ja\u015bkowskiego\",\"potentialAction\":[{\"@type\":\"SearchAction\",\"target\":{\"@type\":\"EntryPoint\",\"urlTemplate\":\"https:\/\/gaudiumetspes-blog.pl\/?s={search_term_string}\"},\"query-input\":{\"@type\":\"PropertyValueSpecification\",\"valueRequired\":true,\"valueName\":\"search_term_string\"}}],\"inLanguage\":\"pl-PL\"},{\"@type\":\"Person\",\"@id\":\"https:\/\/gaudiumetspes-blog.pl\/#\/schema\/person\/1661982992b752dea8dff0d4ed845a65\",\"name\":\"Ks. Jacek\",\"image\":{\"@type\":\"ImageObject\",\"inLanguage\":\"pl-PL\",\"@id\":\"https:\/\/gaudiumetspes-blog.pl\/#\/schema\/person\/image\/\",\"url\":\"https:\/\/gaudiumetspes-blog.pl\/wp-content\/uploads\/2019\/07\/avatar-JJ-150x150.jpg\",\"contentUrl\":\"https:\/\/gaudiumetspes-blog.pl\/wp-content\/uploads\/2019\/07\/avatar-JJ-150x150.jpg\",\"caption\":\"Ks. Jacek\"},\"description\":\"Witam serdecznie! K\u0142ania si\u0119 Ks. Jacek Ja\u015bkowski. Nie jestem ani kim\u015b wa\u017cnym, ani kim\u015b znanym. Jestem ksi\u0119dzem, kt\u00f3ry po prostu chce rozmawia\u0107. Codzienna kap\u0142a\u0144ska pos\u0142uga pokazuje mi, \u017ce temat\u00f3w do rozm\u00f3w z ksi\u0119dzem jest coraz wi\u0119cej i dzisiaj \u017caden ksi\u0105dz nie mo\u017ce od nich ucieka\u0107, ale - wprost przeciwnie - podejmowa\u0107 nowe wyzwania. To przekonanie sk\u0142oni\u0142o mnie do pr\u00f3by otwarcia tego\u017c bloga, chocia\u017c okazji do rozm\u00f3w na co dzie\u0144 - w konfesjonale i poza nim - na szcz\u0119\u015bcie nie brakuje. My\u015bl\u0119 jednak, \u017ce ten blog b\u0119dzie jeszcze jednym sposobem i przestrzeni\u0105 nawi\u0105zania kontaktu z lud\u017ami dobrej woli, otwartymi na dialog.\",\"url\":\"https:\/\/gaudiumetspes-blog.pl\/index.php\/author\/ks-jacek\/\"}]}<\/script>\n<!-- \/ Yoast SEO plugin. -->","yoast_head_json":{"title":"Znalaz\u0142em Ksi\u0119g\u0119! - Gaudium Et Spes","robots":{"index":"index","follow":"follow","max-snippet":"max-snippet:-1","max-image-preview":"max-image-preview:large","max-video-preview":"max-video-preview:-1"},"canonical":"https:\/\/gaudiumetspes-blog.pl\/index.php\/2024\/06\/26\/znalazlem-ksiege\/","og_locale":"pl_PL","og_type":"article","og_title":"Znalaz\u0142em Ksi\u0119g\u0119! - Gaudium Et Spes","og_description":"Szcz\u0119\u015b\u0107 Bo\u017ce! Pozdrawiam dzisiaj z Lublina. Jestem na miejscu i pracuj\u0119, o modlitwie nie zapominaj\u0105c, a wieczorem zast\u0119puj\u0119 Ksi\u0119dza Mariusza Szyszko, Proboszcza Parafii Brzeziny \u2013 w\u0142a\u015bnie w Parafii Brzeziny, gdzie odprawi\u0119 dwie Msze \u015awi\u0119te. A po Mszy \u015awi\u0119tej spotkanie i d\u0142u\u017csza rozmowa na tematy powa\u017cne z m\u0142odym i pobo\u017cnym Cz\u0142ekiem. Teraz za\u015b ju\u017c zapraszam do [&hellip;]","og_url":"https:\/\/gaudiumetspes-blog.pl\/index.php\/2024\/06\/26\/znalazlem-ksiege\/","og_site_name":"Gaudium Et Spes","article_published_time":"2024-06-26T07:50:53+00:00","author":"Ks. Jacek","twitter_card":"summary_large_image","twitter_misc":{"Napisane przez":"Ks. Jacek","Szacowany czas czytania":"10 minut"},"schema":{"@context":"https:\/\/schema.org","@graph":[{"@type":"WebPage","@id":"https:\/\/gaudiumetspes-blog.pl\/index.php\/2024\/06\/26\/znalazlem-ksiege\/","url":"https:\/\/gaudiumetspes-blog.pl\/index.php\/2024\/06\/26\/znalazlem-ksiege\/","name":"Znalaz\u0142em Ksi\u0119g\u0119! - Gaudium Et Spes","isPartOf":{"@id":"https:\/\/gaudiumetspes-blog.pl\/#website"},"datePublished":"2024-06-26T07:50:53+00:00","author":{"@id":"https:\/\/gaudiumetspes-blog.pl\/#\/schema\/person\/1661982992b752dea8dff0d4ed845a65"},"breadcrumb":{"@id":"https:\/\/gaudiumetspes-blog.pl\/index.php\/2024\/06\/26\/znalazlem-ksiege\/#breadcrumb"},"inLanguage":"pl-PL","potentialAction":[{"@type":"ReadAction","target":["https:\/\/gaudiumetspes-blog.pl\/index.php\/2024\/06\/26\/znalazlem-ksiege\/"]}]},{"@type":"BreadcrumbList","@id":"https:\/\/gaudiumetspes-blog.pl\/index.php\/2024\/06\/26\/znalazlem-ksiege\/#breadcrumb","itemListElement":[{"@type":"ListItem","position":1,"name":"Strona g\u0142\u00f3wna","item":"https:\/\/gaudiumetspes-blog.pl\/"},{"@type":"ListItem","position":2,"name":"Znalaz\u0142em Ksi\u0119g\u0119!"}]},{"@type":"WebSite","@id":"https:\/\/gaudiumetspes-blog.pl\/#website","url":"https:\/\/gaudiumetspes-blog.pl\/","name":"Gaudium Et Spes","description":"Blog Ks. Jacka Ja\u015bkowskiego","potentialAction":[{"@type":"SearchAction","target":{"@type":"EntryPoint","urlTemplate":"https:\/\/gaudiumetspes-blog.pl\/?s={search_term_string}"},"query-input":{"@type":"PropertyValueSpecification","valueRequired":true,"valueName":"search_term_string"}}],"inLanguage":"pl-PL"},{"@type":"Person","@id":"https:\/\/gaudiumetspes-blog.pl\/#\/schema\/person\/1661982992b752dea8dff0d4ed845a65","name":"Ks. Jacek","image":{"@type":"ImageObject","inLanguage":"pl-PL","@id":"https:\/\/gaudiumetspes-blog.pl\/#\/schema\/person\/image\/","url":"https:\/\/gaudiumetspes-blog.pl\/wp-content\/uploads\/2019\/07\/avatar-JJ-150x150.jpg","contentUrl":"https:\/\/gaudiumetspes-blog.pl\/wp-content\/uploads\/2019\/07\/avatar-JJ-150x150.jpg","caption":"Ks. Jacek"},"description":"Witam serdecznie! K\u0142ania si\u0119 Ks. Jacek Ja\u015bkowski. Nie jestem ani kim\u015b wa\u017cnym, ani kim\u015b znanym. Jestem ksi\u0119dzem, kt\u00f3ry po prostu chce rozmawia\u0107. Codzienna kap\u0142a\u0144ska pos\u0142uga pokazuje mi, \u017ce temat\u00f3w do rozm\u00f3w z ksi\u0119dzem jest coraz wi\u0119cej i dzisiaj \u017caden ksi\u0105dz nie mo\u017ce od nich ucieka\u0107, ale - wprost przeciwnie - podejmowa\u0107 nowe wyzwania. To przekonanie sk\u0142oni\u0142o mnie do pr\u00f3by otwarcia tego\u017c bloga, chocia\u017c okazji do rozm\u00f3w na co dzie\u0144 - w konfesjonale i poza nim - na szcz\u0119\u015bcie nie brakuje. My\u015bl\u0119 jednak, \u017ce ten blog b\u0119dzie jeszcze jednym sposobem i przestrzeni\u0105 nawi\u0105zania kontaktu z lud\u017ami dobrej woli, otwartymi na dialog.","url":"https:\/\/gaudiumetspes-blog.pl\/index.php\/author\/ks-jacek\/"}]}},"jetpack_featured_media_url":"","jetpack_sharing_enabled":true,"_links":{"self":[{"href":"https:\/\/gaudiumetspes-blog.pl\/index.php\/wp-json\/wp\/v2\/posts\/22595","targetHints":{"allow":["GET"]}}],"collection":[{"href":"https:\/\/gaudiumetspes-blog.pl\/index.php\/wp-json\/wp\/v2\/posts"}],"about":[{"href":"https:\/\/gaudiumetspes-blog.pl\/index.php\/wp-json\/wp\/v2\/types\/post"}],"author":[{"embeddable":true,"href":"https:\/\/gaudiumetspes-blog.pl\/index.php\/wp-json\/wp\/v2\/users\/1"}],"replies":[{"embeddable":true,"href":"https:\/\/gaudiumetspes-blog.pl\/index.php\/wp-json\/wp\/v2\/comments?post=22595"}],"version-history":[{"count":1,"href":"https:\/\/gaudiumetspes-blog.pl\/index.php\/wp-json\/wp\/v2\/posts\/22595\/revisions"}],"predecessor-version":[{"id":22596,"href":"https:\/\/gaudiumetspes-blog.pl\/index.php\/wp-json\/wp\/v2\/posts\/22595\/revisions\/22596"}],"wp:attachment":[{"href":"https:\/\/gaudiumetspes-blog.pl\/index.php\/wp-json\/wp\/v2\/media?parent=22595"}],"wp:term":[{"taxonomy":"category","embeddable":true,"href":"https:\/\/gaudiumetspes-blog.pl\/index.php\/wp-json\/wp\/v2\/categories?post=22595"},{"taxonomy":"post_tag","embeddable":true,"href":"https:\/\/gaudiumetspes-blog.pl\/index.php\/wp-json\/wp\/v2\/tags?post=22595"}],"curies":[{"name":"wp","href":"https:\/\/api.w.org\/{rel}","templated":true}]}}