{"id":22602,"date":"2024-06-28T02:28:46","date_gmt":"2024-06-28T00:28:46","guid":{"rendered":"https:\/\/gaudiumetspes-blog.pl\/?p=22602"},"modified":"2024-06-28T02:28:46","modified_gmt":"2024-06-28T00:28:46","slug":"gdy-jezus-zeszedl-z-gory","status":"publish","type":"post","link":"https:\/\/gaudiumetspes-blog.pl\/index.php\/2024\/06\/28\/gdy-jezus-zeszedl-z-gory\/","title":{"rendered":"Gdy Jezus zeszed\u0142 z g\u00f3ry&#8230;"},"content":{"rendered":"<p align=\"justify\"><span style=\"color: #000000;\"><span style=\"font-family: Book Antiqua, serif;\"><span style=\"font-size: large;\">Szcz\u0119\u015b\u0107 Bo\u017ce! Moi Drodzy, w dniu dzisiejszym <b>imieniny prze\u017cywa Ksi\u0105dz Ireneusz G\u0142owacki, obecny Proboszcz w Parafii Miastk\u00f3w Ko\u015bcielny. \u017bycz\u0105c wszelkich Bo\u017cych dar\u00f3w, zapewniam o modlitwie!<\/b><\/span><\/span><\/span><\/p>\n<p align=\"justify\"><span style=\"color: #000000;\"><span style=\"font-family: Book Antiqua, serif;\"><span style=\"font-size: large;\">A oto ja zaczynam dzisiaj dzie\u0144 w Lublinie, po czym przeje\u017cd\u017cam do Siedlec, aby zabra\u0107 potrzebne rzeczy i uda\u0107 si\u0119 do Kodnia. Tam, po rozlokowaniu si\u0119 i dogadaniu spraw, dotycz\u0105cych wieczoru, pojad\u0119 raz jeszcze \u2013 jak w poprzednich dniach \u2013 do Parafii Brzeziny, aby odprawi\u0107 dwie Msze \u015awi\u0119te, w zast\u0119pstwie za Ksi\u0119dza Proboszcza. <\/span><\/span><\/span><\/p>\n<p align=\"justify\"><span style=\"color: #000000;\"><span style=\"font-family: Book Antiqua, serif;\"><span style=\"font-size: large;\">A potem ponownie przejazd do Kodnia, gdzie na oko\u0142o godziny 21:00 zaplanowali\u015bmy pocz\u0105tek spotkania Ekipy bardzo bliskich mi m\u0142odych Ludzi \u2013 Student\u00f3w i Licealist\u00f3w \u2013 aktywnie zaanga\u017cowanych w S\u0142u\u017cb\u0119 Bo\u017c\u0105. B\u0119dziemy wsp\u00f3lnie modli\u0107 si\u0119 i rozmawia\u0107 o sprawach wa\u017cnych. Ja, ze swej strony, zapewniam, \u017ce b\u0119d\u0119 pami\u0119ta\u0142 tak\u017ce o Was. Jak zawsze w Kodniu.<\/span><\/span><\/span><\/p>\n<p align=\"justify\"><span style=\"color: #000000;\"><span style=\"font-family: Book Antiqua, serif;\"><span style=\"font-size: large;\">Teraz za\u015b ju\u017c pochylmy si\u0119 nad s\u0142owem Bo\u017cym dzisiejszej liturgii. Oto s\u0142\u00f3wko Ksi\u0119dza Marka na dzi\u015b:<\/span><\/span><\/span><\/p>\n<p align=\"justify\"><span style=\"color: #000000;\"><span style=\"font-family: Book Antiqua, serif;\"><span style=\"font-size: medium;\"><a href=\"https:\/\/www.youtube.com\/c\/CatholicSurgut\"><span style=\"font-size: large;\"><b>https:\/\/www.youtube.com\/c\/CatholicSurgut<\/b><\/span><\/a><\/span><\/span><\/span><\/p>\n<p align=\"justify\"><span style=\"color: #000000;\"><span style=\"font-family: Book Antiqua, serif;\"><span style=\"font-size: large;\">Poni\u017cej za\u015b \u2013 s\u0142\u00f3wko Janka, przygotowane dzisiaj \u2013 zamiast poniedzia\u0142ku. Bardzo dzi\u0119kuj\u0119 Mu za wierno\u015b\u0107 podj\u0119temu zadaniu \u2013 bez wzgl\u0119du na okoliczno\u015bci. Janek sam pilnuje tego, aby je\u017celi nie jest w stanie przygotowa\u0107 rozwa\u017cania w poniedzia\u0142ek \u2013 zrobi\u0107 to w inny dzie\u0144. Ale w ka\u017cdym tygodniu takie s\u0142\u00f3wko jest. Serdecznie za to dzi\u0119kuj\u0119! I ciesz\u0119 si\u0119, \u017ce b\u0119dzie dzi\u015b ze mn\u0105 w Kodniu!<\/span><\/span><\/span><\/p>\n<p align=\"justify\"><span style=\"color: #000000;\"><span style=\"font-family: Book Antiqua, serif;\"><span style=\"font-size: large;\">I w\u0142a\u015bnie z pomoc\u0105 s\u0142\u00f3wka Janka postarajmy si\u0119 odkry\u0107 to <b>indywidualne przes\u0142anie, z jakim Pan do mnie si\u0119 zwraca!<\/b> Duchu \u015awi\u0119ty \u2013 tchnij!<\/span><\/span><\/span><\/p>\n<p align=\"justify\"><span style=\"color: #000000;\"><span style=\"font-family: Book Antiqua, serif;\"><span style=\"font-size: large;\"><b>Niech Was b\u0142ogos\u0142awi B\u00f3g Wszechmog\u0105cy: Ojciec + i Syn, i Duch \u015awi\u0119ty. Amen<\/b><\/span><\/span><\/span><\/p>\n<p align=\"center\"><span style=\"color: #000000;\"><span style=\"font-family: Book Antiqua, serif;\"><span style=\"font-size: large;\">Gaudium et spes! Ks. Jacek<\/span><\/span><\/span><\/p>\n<p align=\"center\">\n<p align=\"center\">\n<p align=\"center\">\n<p align=\"center\">\n<p align=\"center\">\n<p align=\"justify\"><span style=\"color: #000000;\"><span style=\"font-family: Book Antiqua, serif;\"><span style=\"font-size: large;\"><b>Pi\u0105tek 12 Tygodnia zwyk\u0142ego, rok II,<\/b><\/span><\/span><\/span><\/p>\n<p align=\"justify\"><span style=\"color: #000000;\"><span style=\"font-family: Book Antiqua, serif;\"><span style=\"font-size: large;\"><b>Wspomnienie \u015aw. Ireneusza, Biskupa i M\u0119czennika,<\/b><\/span><\/span><\/span><\/p>\n<p align=\"justify\"><span style=\"color: #000000;\"><span style=\"font-family: Book Antiqua, serif;\"><span style=\"font-size: large;\"><b>28 czerwca 2024.,<\/b><\/span><\/span><\/span><\/p>\n<p align=\"justify\"><span style=\"color: #000000;\"><span style=\"font-family: Book Antiqua, serif;\"><span style=\"font-size: large;\"><b>do czyta\u0144: 2 Krl 25,1\u201312; Mt 8,1\u20134<\/b><\/span><\/span><\/span><\/p>\n<p align=\"justify\">\n<p align=\"justify\">\n<p align=\"justify\">\n<p align=\"justify\">\n<p align=\"justify\">\n<p align=\"justify\"><span style=\"color: #000000;\"><span style=\"font-family: Book Antiqua, serif;\"><span style=\"font-size: large;\"><b>CZYTANIE Z DRUGIEJ KSI\u0118GI KR\u00d3LEWSKIEJ:<\/b><\/span><\/span><\/span><\/p>\n<p align=\"justify\"><span style=\"color: #000000;\"><span style=\"font-family: Book Antiqua, serif;\"><span style=\"font-size: large;\"><b>W dziewi\u0105tym roku panowania Sedecjasza, dziesi\u0105tego miesi\u0105ca i dziesi\u0105tego dnia miesi\u0105ca przyby\u0142 kr\u00f3l babilo\u0144ski Nabuchodonozor wraz z ca\u0142ym swoim wojskiem przeciw Jerozolimie, obleg\u0142 j\u0105, buduj\u0105c doko\u0142a niej wa\u0142y obl\u0119\u017cnicze. Miasto by\u0142o obl\u0119\u017cone a\u017c do jedenastego roku panowania kr\u00f3la Sedecjasza. W czwartym za\u015b miesi\u0105cu, dziewi\u0105tego dnia miesi\u0105ca, kiedy g\u0142\u00f3d sro\u017cy\u0142 si\u0119 w mie\u015bcie i nie by\u0142o ju\u017c chleba dla ludu kraju, uczyniono wy\u0142om w mie\u015bcie.<\/b><\/span><\/span><\/span><\/p>\n<p align=\"justify\"><span style=\"color: #000000;\"><span style=\"font-family: Book Antiqua, serif;\"><span style=\"font-size: large;\"><b>Wszyscy wojownicy uciekli z miasta noc\u0105 przez bram\u0119 mi\u0119dzy podw\u00f3jnym murem powy\u017cej ogrod\u00f3w kr\u00f3lewskich. Chaldejczycy za\u015b znajdowali si\u0119 doko\u0142a miasta. Wyszli wi\u0119c drog\u0105 prowadz\u0105c\u0105 ku Arabie.<\/b><\/span><\/span><\/span><\/p>\n<p align=\"justify\"><span style=\"color: #000000;\"><span style=\"font-family: Book Antiqua, serif;\"><span style=\"font-size: large;\"><b>Wojsko chaldejskie \u015bciga\u0142o kr\u00f3la i dop\u0119dzi\u0142o go na stepie Jerycha, ca\u0142e za\u015b jego wojsko opu\u015bci\u0142o go id\u0105c w rozsypk\u0119. Pojmali wi\u0119c kr\u00f3la i zaprowadzili go do kr\u00f3la babilo\u0144skiego, do Ribla, i wydali na niego wyrok. Syn\u00f3w Sedecjasza wymordowano na jego oczach, a kr\u00f3l babilo\u0144ski rozkaza\u0142 wy\u0142upi\u0107 oczy Sedecjaszowi i zaku\u0107 go w podw\u00f3jne kajdany z br\u0105zu. Nast\u0119pnie uprowadzi\u0142 go do Babilonu.<\/b><\/span><\/span><\/span><\/p>\n<p align=\"justify\"><span style=\"color: #000000;\"><span style=\"font-family: Book Antiqua, serif;\"><span style=\"font-size: large;\"><b>W pi\u0105tym za\u015b miesi\u0105cu, si\u00f3dmego dnia miesi\u0105ca (by\u0142 to dziewi\u0119tnasty rok panowania kr\u00f3la babilo\u0144skiego, Nabuchodonozora) wkroczy\u0142 do Jerozolimy Nebuzaradan, dow\u00f3dca stra\u017cy przybocznej, s\u0142uga kr\u00f3la babilo\u0144skiego. Spali\u0142 \u015bwi\u0105tyni\u0119 Pa\u0144sk\u0105, pa\u0142ac kr\u00f3lewski i wszystkie domy Jerozolimy, wszystkie wielkie domy spali\u0142 ogniem. Ca\u0142e za\u015b wojsko chaldejskie, kt\u00f3re by\u0142o z dow\u00f3dc\u0105 stra\u017cy przybocznej, zburzy\u0142o ca\u0142y mur doko\u0142a Jerozolimy. Reszt\u0119 za\u015b ludu, kt\u00f3ra pozosta\u0142a w mie\u015bcie, zbieg\u00f3w, kt\u00f3rzy przeszli do kr\u00f3la babilo\u0144skiego, oraz reszt\u0119 t\u0142umu Nebuzaradan, dow\u00f3dca stra\u017cy przybocznej, przesiedli\u0142 w niewol\u0119. Lecz spo\u015br\u00f3d biednego ludu ziemi dow\u00f3dca stra\u017cy przybocznej pozostawi\u0142 niekt\u00f3rych jako uprawiaj\u0105cych winnice i jako rolnik\u00f3w.<\/b><\/span><\/span><\/span><\/p>\n<p align=\"justify\">\n<p align=\"justify\">\n<p align=\"justify\">\n<p align=\"justify\">\n<p align=\"justify\">\n<p align=\"justify\"><span style=\"color: #000000;\"><span style=\"font-family: Book Antiqua, serif;\"><span style=\"font-size: large;\"><b>S\u0141OWA EWANGELII WED\u0141UG \u015aWI\u0118TEGO MATEUSZA:<\/b><\/span><\/span><\/span><\/p>\n<p align=\"justify\"><span style=\"color: #000000;\"><span style=\"font-family: Book Antiqua, serif;\"><span style=\"font-size: large;\"><b>Gdy Jezus zeszed\u0142 z g\u00f3ry, post\u0119powa\u0142y za Nim wielkie t\u0142umy. A oto zbli\u017cy\u0142 si\u0119 tr\u0119dowaty, upad\u0142 przed Nim i prosi\u0142 Go: \u201ePanie, je\u015bli chcesz, mo\u017cesz mnie oczy\u015bci\u0107\u201d. Jezus wyci\u0105gn\u0105\u0142 r\u0119k\u0119, dotkn\u0105\u0142 go i rzek\u0142: \u201eChc\u0119, b\u0105d\u017a oczyszczony\u201d. I natychmiast zosta\u0142 oczyszczony z tr\u0105du.<\/b><\/span><\/span><\/span><\/p>\n<p align=\"justify\"><span style=\"color: #000000;\"><span style=\"font-family: Book Antiqua, serif;\"><span style=\"font-size: large;\"><b>A Jezus rzek\u0142 do niego: \u201eUwa\u017caj, nie m\u00f3w nikomu, ale id\u017a, poka\u017c si\u0119 kap\u0142anowi i z\u0142\u00f3\u017c ofiar\u0119, kt\u00f3r\u0105 przepisa\u0142 Moj\u017cesz, na \u015bwiadectwo dla nich\u201d.<\/b><\/span><\/span><\/span><\/p>\n<p align=\"justify\">\n<p align=\"justify\">\n<p align=\"justify\">\n<p align=\"justify\">\n<p align=\"justify\">\n<p align=\"center\"><span style=\"color: #000000;\"><span style=\"font-family: Book Antiqua, serif;\"><span style=\"font-size: large;\"><b>A OTO S\u0141\u00d3WKO JANKA:<\/b><\/span><\/span><\/span><\/p>\n<p align=\"center\">\n<p align=\"center\">\n<p align=\"center\">\n<p align=\"center\">\n<p align=\"center\">\n<p align=\"justify\"><span style=\"color: #000000;\"><span style=\"font-family: Book Antiqua, serif;\"><span style=\"font-size: large;\">Gdy przeczyta\u0142em to dzisiejsze czytanie, to po raz kolejny przekona\u0142em si\u0119, \u017ce S\u0142owo Bo\u017ce mo\u017ce zachwyci\u0107 cz\u0142owieka. W tym S\u0142owie Bo\u017cym chc\u0119 zwr\u00f3ci\u0107 uwag\u0119 na dwie sytuacje. Dzisiejsza Ewangelia zaczyna si\u0119 nast\u0119puj\u0105c\u0105 stwierdzenia: <i><b>Gdy Jezus zszed\u0142 z g\u00f3ry, post\u0119powa\u0142y za Nim wielkie t\u0142umy.<\/b><\/i><i><b> <\/b><\/i><\/span><\/span><\/span><\/p>\n<p align=\"justify\"><span style=\"color: #000000;\"><span style=\"font-family: Book Antiqua, serif;\"><span style=\"font-size: large;\">Gdy otworzymy Ewangeli\u0119 wed\u0142ug \u015bw. Mateusza, w pi\u0105tym rozdziale, to zobaczymy, \u017ce przez trzy rozdzia\u0142y Jezus naucza\u0142 na g\u00f3rze. Z tego wszystkiego, najbardziej zaciekawi\u0142a mnie owa \u201eg\u00f3ra\u201d\u2026 Zobaczmy, moi Drodzy, \u017ce w Pi\u015bmie \u015awi\u0119tym g\u00f3ra odkrywa wa\u017cn\u0105 role<i>. <\/i><\/span><\/span><\/span><\/p>\n<p align=\"justify\"><span style=\"color: #000000;\">\u201e<span style=\"font-family: Book Antiqua, serif;\"><span style=\"font-size: large;\">W Nowym Testamencie g\u00f3ra ukazana jest jako miejsce objawienia Boga i ukazania ludziom Jego woli. Przemienienie Jezusa na g\u00f3rze Tabor \u2013 wed\u0142ug staro\u017cytnej tradycji chrze\u015bcija\u0144skiej \u2013 zwie\u0144czone jest objawieniem Ojca o Synowskiej i Boskiej godno\u015bci Jezusa oraz wezwaniem do s\u0142uchania Syna Bo\u017cego (Mk 9,7). Jezus wst\u0119puje na g\u00f3r\u0119, aby ustanowi\u0107 dwunastu Aposto\u0142\u00f3w (Mk 3,13-14); z g\u00f3ry g\u0142osi Osiem B\u0142ogos\u0142awie\u0144stw, objawia wype\u0142nienie Prawa i uczy modlitwy Ojcze nasz (Mt 5-7); usuwa si\u0119 na g\u00f3r\u0119, aby modli\u0107 si\u0119 w samotno\u015bci (Mk 6,46); na G\u00f3rze Oliwnej w godzinie trwogi przed \u015bmierci\u0105 poddaje swoj\u0105 wol\u0119 ludzk\u0105 woli Bo\u017cej (Mk 14,26); to samo wzg\u00f3rze jest \u015bwiadkiem Jego chwa\u0142y, objawionej we Wniebowst\u0105pieniu (Dz 1,12).\u201d<\/span><\/span><\/span><\/p>\n<p align=\"justify\"><span style=\"color: #000000;\"><span style=\"font-family: Book Antiqua, serif;\"><span style=\"font-size: large;\">Ten tekst pochodzi ze \u201eS\u0142ownika biblijnego\u201d. Dzi\u0119ki niemu mo\u017cemy dowiedzie\u0107 si\u0119, \u017ce wiele wa\u017cnych wydarze\u0144 odbywa\u0142o si\u0119 w\u0142a\u015bnie na g\u00f3rze. Mo\u017cemy zada\u0107 sobie pytanie, po co Jezus chcia\u0142 wchodzi\u0107 na g\u00f3ry? Nie m\u00f3g\u0142 tego wszystkiego dokonywa\u0107 na nizinach? Nie m\u00f3g\u0142 uda\u0107 si\u0119 do jakiego\u015b pokoju albo do ogrodu, by si\u0119 modli\u0107? <\/span><\/span><\/span><\/p>\n<p align=\"justify\"><span style=\"color: #000000;\"><span style=\"font-family: Book Antiqua, serif;\"><span style=\"font-size: large;\">Zauwa\u017cmy r\u00f3wnie\u017c, \u017ce gdy wchodzimy na jakie\u015b szczyty, to jeste\u015bmy z dala od ludzi i od zabudowa\u0144. Tego w\u0142a\u015bnie chcia\u0142 Jezus! Ludzie nie wszystko mogli widzie\u0107. Nie wszystko mogli te\u017c s\u0142ysze\u0107, dlatego Jezus wybiera\u0142 g\u00f3r\u0119, aby poby\u0107 sam na sam ze swoim Ojcem i z Nim porozmawia\u0107. <\/span><\/span><\/span><\/p>\n<p align=\"justify\"><span style=\"color: #000000;\"><span style=\"font-family: Book Antiqua, serif;\"><span style=\"font-size: large;\">Musimy zada\u0107 sobie pytanie, czy my mamy tak\u0105 \u00abg\u00f3r\u0119\u00bb w swoim domu, gdzie usuwamy si\u0119 od wszystkich, nawet od najbli\u017cszych \u2013 i na osobno\u015bci rozmawiamy z Bogiem? To jest bardzo wa\u017cne. Zobaczmy, \u017ce Jezus nie mia\u0142 \u0142atwego \u017cycia. Mia\u0142 wiele trudno\u015bci i ta rozmowa z Ojcem Mu pomaga\u0142a. <\/span><\/span><\/span><\/p>\n<p align=\"justify\"><span style=\"color: #000000;\"><span style=\"font-family: Book Antiqua, serif;\"><span style=\"font-size: large;\">Nam te\u017c powinna pomaga\u0107, tak jak pomog\u0142a tr\u0119dowatemu. Sp\u00f3jrzmy na jego modlitw\u0119: <i><b>A oto podszed\u0142 tr\u0119dowaty i upad\u0142 przed Nim, m\u00f3wi\u0105c: \u201ePanie, je\u015bli chcesz, mo\u017cesz mnie oczy\u015bci\u0107&#8221;. <\/b><\/i>Prosta, z wiar\u0105 i od serca p\u0142yn\u0105ca modlitwa! Nie przedstawia\u0142 Jezusowi korzy\u015bci, jakie by mia\u0142, gdyby by\u0142 zdrowy; nie przekonywa\u0142 te\u017c w wielu zdaniach, jak to on by chcia\u0142 by\u0107 zdrowy, lecz upad\u0142 przed Jezusem i wypowiedzia\u0142 jedn\u0105 prost\u0105 pro\u015bb\u0119. Uni\u017cy\u0142 si\u0119, okaza\u0142 skruch\u0119 i z wiar\u0105 poprosi\u0142. <\/span><\/span><\/span><\/p>\n<p align=\"justify\"><span style=\"color: #000000;\"><span style=\"font-family: Book Antiqua, serif;\"><span style=\"font-size: large;\">I co na to odpowiedzia\u0142 mu Jezus? \u201e<i><b>Chc\u0119, b\u0105d\u017a oczyszczony!&#8221; I natychmiast zosta\u0142 oczyszczony z tr\u0105du. Jezus powiedzia\u0142 do niego: \u201eUwa\u017caj, nie m\u00f3w o tym nikomu, ale id\u017a, poka\u017c si\u0119 kap\u0142anowi i z\u0142\u00f3\u017c ofiar\u0119, kt\u00f3r\u0105 przepisa\u0142 Moj\u017cesz, na \u015bwiadectwo dla nich&#8221;. <\/b><\/i>Uzdrowi\u0142 zatem, ale pod konkretnymi warunkami: \u201eNikomu nie m\u00f3w poka\u017c si\u0119 kap\u0142anowi i podzi\u0119kuj za ten cud!\u201d <\/span><\/span><\/span><\/p>\n<p align=\"justify\"><span style=\"color: #000000;\"><span style=\"font-family: Book Antiqua, serif;\"><span style=\"font-size: large;\">Zobaczmy, jaki pi\u0119kny wz\u00f3r modlitwy nam Jezus dzi\u015b przedstawi\u0142 w Ewangelii! B\u00f3g wie, czego nam potrzeba \u2013 i o co prosimy. Lecz Jezusowi nie zawsze chodzi o nasze s\u0142owa i \u017cale czy pro\u015bby, ale chodzi Mu najbardziej o nasz\u0105 obecno\u015b\u0107 i wiar\u0119, \u017ce je\u015bli B\u00f3g czego\u015b chce, to jest w stanie to uczyni\u0107!<\/span><\/span><\/span><\/p>\n<p align=\"justify\"><span style=\"color: #000000;\"><span style=\"font-family: Book Antiqua, serif;\"><span style=\"font-size: large;\">Zobaczmy, \u017ce jest w Ewangelii te\u017c obraz modlitwy celnika i faryzeusza: <i><b>Dw\u00f3ch ludzi przysz\u0142o do \u015bwi\u0105tyni, \u017ceby si\u0119 modli\u0107, jeden faryzeusz, a drugi celnik.\u00a0Faryzeusz stan\u0105\u0142 i tak w duszy si\u0119 modli\u0142: \u201eBo\u017ce, dzi\u0119kuj\u0119 Ci, \u017ce nie jestem jak inni ludzie: zdziercy, niesprawiedliwi, cudzo\u0142o\u017cnicy, albo jak i ten celnik.\u00a0Zachowuj\u0119 post dwa razy w tygodniu, daj\u0119 dziesi\u0119cin\u0119 ze wszystkiego, co nabywam\u201d. A celnik sta\u0142 z daleka i nie \u015bmia\u0142 nawet oczu wznie\u015b\u0107 ku niebu, lecz bi\u0142 si\u0119 w piersi, m\u00f3wi\u0105c: \u201eBo\u017ce, miej lito\u015b\u0107 dla mnie, grzesznika!\u201d\u00a0<\/b><\/i><\/span><\/span><\/span><\/p>\n<p align=\"justify\"><span style=\"color: #000000;\"><span style=\"font-family: Book Antiqua, serif;\"><span style=\"font-size: large;\">Taka w\u0142a\u015bnie powinna by\u0107 nasza modlitwa. Nie powinna by\u0107 przechwalaniem si\u0119, jaki to ja jestem wspania\u0142y, a inni gorsi, tylko te\u017c kr\u00f3tkim zdaniem i z wiar\u0105 powinni\u015bmy m\u00f3wi\u0107: <i><b>Bo\u017ce, miej lito\u015b\u0107 dla mnie, grzesznika!<\/b><\/i><\/span><\/span><\/span><\/p>\n<p align=\"justify\"><span style=\"color: #000000;\"><span style=\"font-family: Book Antiqua, serif;\"><span style=\"font-size: large;\">Musimy si\u0119, moi Drodzy uczy\u0107 takiej prostej i przede wszystkim: zanoszonej z wiar\u0105 modlitwy! B\u00f3g wie, czego nam potrzeba \u2013 tak, jak to w minion\u0105 sobot\u0119 nam m\u00f3wi\u0142 Jezus, \u017ce jeste\u015bmy wa\u017cniejsi od wr\u00f3bli! Tylko musimy Mu zaufa\u0107! On chce, by\u015bmy z Nim przebywali i prostymi zdaniami, i z wiar\u0105 si\u0119 modlili \u2013 a nie wypowiadali pustych s\u0142\u00f3w, aby \u201eodhaczy\u0107\u201d punkt dnia\u2026 <\/span><\/span><\/span><\/p>\n<p align=\"justify\"><span style=\"color: #000000;\"><span style=\"font-family: Book Antiqua, serif;\"><span style=\"font-size: large;\">Modlitwa zatem nasza powinna by\u0107 \u017cywa, a nie prze\u017cyta byle jak, oboj\u0119tnie, bo to nas mo\u017ce doprowadzi\u0107 do zguby!<\/span><\/span><\/span><\/p>\n","protected":false},"excerpt":{"rendered":"<p>Szcz\u0119\u015b\u0107 Bo\u017ce! Moi Drodzy, w dniu dzisiejszym imieniny prze\u017cywa Ksi\u0105dz Ireneusz G\u0142owacki, obecny Proboszcz w Parafii Miastk\u00f3w Ko\u015bcielny. \u017bycz\u0105c wszelkich Bo\u017cych dar\u00f3w, zapewniam o modlitwie! A oto ja zaczynam dzisiaj dzie\u0144 w Lublinie, po czym przeje\u017cd\u017cam do Siedlec, aby zabra\u0107 potrzebne rzeczy i uda\u0107 si\u0119 do Kodnia. Tam, po rozlokowaniu si\u0119 i dogadaniu spraw, dotycz\u0105cych [&hellip;]<\/p>\n","protected":false},"author":1,"featured_media":0,"comment_status":"open","ping_status":"open","sticky":false,"template":"","format":"standard","meta":{"jetpack_post_was_ever_published":false,"_jetpack_newsletter_access":"","_jetpack_dont_email_post_to_subs":false,"_jetpack_newsletter_tier_id":0,"_jetpack_memberships_contains_paywalled_content":false,"_jetpack_memberships_contains_paid_content":false,"footnotes":""},"categories":[1],"tags":[],"class_list":["post-22602","post","type-post","status-publish","format-standard","hentry","category-bez-kategorii"],"yoast_head":"<!-- This site is optimized with the Yoast SEO plugin v25.1 - https:\/\/yoast.com\/wordpress\/plugins\/seo\/ -->\n<title>Gdy Jezus zeszed\u0142 z g\u00f3ry... - Gaudium Et Spes<\/title>\n<meta name=\"robots\" content=\"index, follow, max-snippet:-1, max-image-preview:large, max-video-preview:-1\" \/>\n<link rel=\"canonical\" href=\"https:\/\/gaudiumetspes-blog.pl\/index.php\/2024\/06\/28\/gdy-jezus-zeszedl-z-gory\/\" \/>\n<meta property=\"og:locale\" content=\"pl_PL\" \/>\n<meta property=\"og:type\" content=\"article\" \/>\n<meta property=\"og:title\" content=\"Gdy Jezus zeszed\u0142 z g\u00f3ry... - Gaudium Et Spes\" \/>\n<meta property=\"og:description\" content=\"Szcz\u0119\u015b\u0107 Bo\u017ce! Moi Drodzy, w dniu dzisiejszym imieniny prze\u017cywa Ksi\u0105dz Ireneusz G\u0142owacki, obecny Proboszcz w Parafii Miastk\u00f3w Ko\u015bcielny. \u017bycz\u0105c wszelkich Bo\u017cych dar\u00f3w, zapewniam o modlitwie! A oto ja zaczynam dzisiaj dzie\u0144 w Lublinie, po czym przeje\u017cd\u017cam do Siedlec, aby zabra\u0107 potrzebne rzeczy i uda\u0107 si\u0119 do Kodnia. Tam, po rozlokowaniu si\u0119 i dogadaniu spraw, dotycz\u0105cych [&hellip;]\" \/>\n<meta property=\"og:url\" content=\"https:\/\/gaudiumetspes-blog.pl\/index.php\/2024\/06\/28\/gdy-jezus-zeszedl-z-gory\/\" \/>\n<meta property=\"og:site_name\" content=\"Gaudium Et Spes\" \/>\n<meta property=\"article:published_time\" content=\"2024-06-28T00:28:46+00:00\" \/>\n<meta name=\"author\" content=\"Ks. Jacek\" \/>\n<meta name=\"twitter:card\" content=\"summary_large_image\" \/>\n<meta name=\"twitter:label1\" content=\"Napisane przez\" \/>\n\t<meta name=\"twitter:data1\" content=\"Ks. Jacek\" \/>\n\t<meta name=\"twitter:label2\" content=\"Szacowany czas czytania\" \/>\n\t<meta name=\"twitter:data2\" content=\"8 minut\" \/>\n<script type=\"application\/ld+json\" class=\"yoast-schema-graph\">{\"@context\":\"https:\/\/schema.org\",\"@graph\":[{\"@type\":\"WebPage\",\"@id\":\"https:\/\/gaudiumetspes-blog.pl\/index.php\/2024\/06\/28\/gdy-jezus-zeszedl-z-gory\/\",\"url\":\"https:\/\/gaudiumetspes-blog.pl\/index.php\/2024\/06\/28\/gdy-jezus-zeszedl-z-gory\/\",\"name\":\"Gdy Jezus zeszed\u0142 z g\u00f3ry... - Gaudium Et Spes\",\"isPartOf\":{\"@id\":\"https:\/\/gaudiumetspes-blog.pl\/#website\"},\"datePublished\":\"2024-06-28T00:28:46+00:00\",\"author\":{\"@id\":\"https:\/\/gaudiumetspes-blog.pl\/#\/schema\/person\/1661982992b752dea8dff0d4ed845a65\"},\"breadcrumb\":{\"@id\":\"https:\/\/gaudiumetspes-blog.pl\/index.php\/2024\/06\/28\/gdy-jezus-zeszedl-z-gory\/#breadcrumb\"},\"inLanguage\":\"pl-PL\",\"potentialAction\":[{\"@type\":\"ReadAction\",\"target\":[\"https:\/\/gaudiumetspes-blog.pl\/index.php\/2024\/06\/28\/gdy-jezus-zeszedl-z-gory\/\"]}]},{\"@type\":\"BreadcrumbList\",\"@id\":\"https:\/\/gaudiumetspes-blog.pl\/index.php\/2024\/06\/28\/gdy-jezus-zeszedl-z-gory\/#breadcrumb\",\"itemListElement\":[{\"@type\":\"ListItem\",\"position\":1,\"name\":\"Strona g\u0142\u00f3wna\",\"item\":\"https:\/\/gaudiumetspes-blog.pl\/\"},{\"@type\":\"ListItem\",\"position\":2,\"name\":\"Gdy&nbsp;Jezus zeszed\u0142 z&nbsp;g\u00f3ry&#8230;\"}]},{\"@type\":\"WebSite\",\"@id\":\"https:\/\/gaudiumetspes-blog.pl\/#website\",\"url\":\"https:\/\/gaudiumetspes-blog.pl\/\",\"name\":\"Gaudium Et Spes\",\"description\":\"Blog Ks. Jacka Ja\u015bkowskiego\",\"potentialAction\":[{\"@type\":\"SearchAction\",\"target\":{\"@type\":\"EntryPoint\",\"urlTemplate\":\"https:\/\/gaudiumetspes-blog.pl\/?s={search_term_string}\"},\"query-input\":{\"@type\":\"PropertyValueSpecification\",\"valueRequired\":true,\"valueName\":\"search_term_string\"}}],\"inLanguage\":\"pl-PL\"},{\"@type\":\"Person\",\"@id\":\"https:\/\/gaudiumetspes-blog.pl\/#\/schema\/person\/1661982992b752dea8dff0d4ed845a65\",\"name\":\"Ks. Jacek\",\"image\":{\"@type\":\"ImageObject\",\"inLanguage\":\"pl-PL\",\"@id\":\"https:\/\/gaudiumetspes-blog.pl\/#\/schema\/person\/image\/\",\"url\":\"https:\/\/gaudiumetspes-blog.pl\/wp-content\/uploads\/2019\/07\/avatar-JJ-150x150.jpg\",\"contentUrl\":\"https:\/\/gaudiumetspes-blog.pl\/wp-content\/uploads\/2019\/07\/avatar-JJ-150x150.jpg\",\"caption\":\"Ks. Jacek\"},\"description\":\"Witam serdecznie! K\u0142ania si\u0119 Ks. Jacek Ja\u015bkowski. Nie jestem ani kim\u015b wa\u017cnym, ani kim\u015b znanym. Jestem ksi\u0119dzem, kt\u00f3ry po prostu chce rozmawia\u0107. Codzienna kap\u0142a\u0144ska pos\u0142uga pokazuje mi, \u017ce temat\u00f3w do rozm\u00f3w z ksi\u0119dzem jest coraz wi\u0119cej i dzisiaj \u017caden ksi\u0105dz nie mo\u017ce od nich ucieka\u0107, ale - wprost przeciwnie - podejmowa\u0107 nowe wyzwania. To przekonanie sk\u0142oni\u0142o mnie do pr\u00f3by otwarcia tego\u017c bloga, chocia\u017c okazji do rozm\u00f3w na co dzie\u0144 - w konfesjonale i poza nim - na szcz\u0119\u015bcie nie brakuje. My\u015bl\u0119 jednak, \u017ce ten blog b\u0119dzie jeszcze jednym sposobem i przestrzeni\u0105 nawi\u0105zania kontaktu z lud\u017ami dobrej woli, otwartymi na dialog.\",\"url\":\"https:\/\/gaudiumetspes-blog.pl\/index.php\/author\/ks-jacek\/\"}]}<\/script>\n<!-- \/ Yoast SEO plugin. -->","yoast_head_json":{"title":"Gdy Jezus zeszed\u0142 z g\u00f3ry... - Gaudium Et Spes","robots":{"index":"index","follow":"follow","max-snippet":"max-snippet:-1","max-image-preview":"max-image-preview:large","max-video-preview":"max-video-preview:-1"},"canonical":"https:\/\/gaudiumetspes-blog.pl\/index.php\/2024\/06\/28\/gdy-jezus-zeszedl-z-gory\/","og_locale":"pl_PL","og_type":"article","og_title":"Gdy Jezus zeszed\u0142 z g\u00f3ry... - Gaudium Et Spes","og_description":"Szcz\u0119\u015b\u0107 Bo\u017ce! Moi Drodzy, w dniu dzisiejszym imieniny prze\u017cywa Ksi\u0105dz Ireneusz G\u0142owacki, obecny Proboszcz w Parafii Miastk\u00f3w Ko\u015bcielny. \u017bycz\u0105c wszelkich Bo\u017cych dar\u00f3w, zapewniam o modlitwie! A oto ja zaczynam dzisiaj dzie\u0144 w Lublinie, po czym przeje\u017cd\u017cam do Siedlec, aby zabra\u0107 potrzebne rzeczy i uda\u0107 si\u0119 do Kodnia. Tam, po rozlokowaniu si\u0119 i dogadaniu spraw, dotycz\u0105cych [&hellip;]","og_url":"https:\/\/gaudiumetspes-blog.pl\/index.php\/2024\/06\/28\/gdy-jezus-zeszedl-z-gory\/","og_site_name":"Gaudium Et Spes","article_published_time":"2024-06-28T00:28:46+00:00","author":"Ks. Jacek","twitter_card":"summary_large_image","twitter_misc":{"Napisane przez":"Ks. Jacek","Szacowany czas czytania":"8 minut"},"schema":{"@context":"https:\/\/schema.org","@graph":[{"@type":"WebPage","@id":"https:\/\/gaudiumetspes-blog.pl\/index.php\/2024\/06\/28\/gdy-jezus-zeszedl-z-gory\/","url":"https:\/\/gaudiumetspes-blog.pl\/index.php\/2024\/06\/28\/gdy-jezus-zeszedl-z-gory\/","name":"Gdy Jezus zeszed\u0142 z g\u00f3ry... - Gaudium Et Spes","isPartOf":{"@id":"https:\/\/gaudiumetspes-blog.pl\/#website"},"datePublished":"2024-06-28T00:28:46+00:00","author":{"@id":"https:\/\/gaudiumetspes-blog.pl\/#\/schema\/person\/1661982992b752dea8dff0d4ed845a65"},"breadcrumb":{"@id":"https:\/\/gaudiumetspes-blog.pl\/index.php\/2024\/06\/28\/gdy-jezus-zeszedl-z-gory\/#breadcrumb"},"inLanguage":"pl-PL","potentialAction":[{"@type":"ReadAction","target":["https:\/\/gaudiumetspes-blog.pl\/index.php\/2024\/06\/28\/gdy-jezus-zeszedl-z-gory\/"]}]},{"@type":"BreadcrumbList","@id":"https:\/\/gaudiumetspes-blog.pl\/index.php\/2024\/06\/28\/gdy-jezus-zeszedl-z-gory\/#breadcrumb","itemListElement":[{"@type":"ListItem","position":1,"name":"Strona g\u0142\u00f3wna","item":"https:\/\/gaudiumetspes-blog.pl\/"},{"@type":"ListItem","position":2,"name":"Gdy&nbsp;Jezus zeszed\u0142 z&nbsp;g\u00f3ry&#8230;"}]},{"@type":"WebSite","@id":"https:\/\/gaudiumetspes-blog.pl\/#website","url":"https:\/\/gaudiumetspes-blog.pl\/","name":"Gaudium Et Spes","description":"Blog Ks. Jacka Ja\u015bkowskiego","potentialAction":[{"@type":"SearchAction","target":{"@type":"EntryPoint","urlTemplate":"https:\/\/gaudiumetspes-blog.pl\/?s={search_term_string}"},"query-input":{"@type":"PropertyValueSpecification","valueRequired":true,"valueName":"search_term_string"}}],"inLanguage":"pl-PL"},{"@type":"Person","@id":"https:\/\/gaudiumetspes-blog.pl\/#\/schema\/person\/1661982992b752dea8dff0d4ed845a65","name":"Ks. Jacek","image":{"@type":"ImageObject","inLanguage":"pl-PL","@id":"https:\/\/gaudiumetspes-blog.pl\/#\/schema\/person\/image\/","url":"https:\/\/gaudiumetspes-blog.pl\/wp-content\/uploads\/2019\/07\/avatar-JJ-150x150.jpg","contentUrl":"https:\/\/gaudiumetspes-blog.pl\/wp-content\/uploads\/2019\/07\/avatar-JJ-150x150.jpg","caption":"Ks. Jacek"},"description":"Witam serdecznie! K\u0142ania si\u0119 Ks. Jacek Ja\u015bkowski. Nie jestem ani kim\u015b wa\u017cnym, ani kim\u015b znanym. Jestem ksi\u0119dzem, kt\u00f3ry po prostu chce rozmawia\u0107. Codzienna kap\u0142a\u0144ska pos\u0142uga pokazuje mi, \u017ce temat\u00f3w do rozm\u00f3w z ksi\u0119dzem jest coraz wi\u0119cej i dzisiaj \u017caden ksi\u0105dz nie mo\u017ce od nich ucieka\u0107, ale - wprost przeciwnie - podejmowa\u0107 nowe wyzwania. To przekonanie sk\u0142oni\u0142o mnie do pr\u00f3by otwarcia tego\u017c bloga, chocia\u017c okazji do rozm\u00f3w na co dzie\u0144 - w konfesjonale i poza nim - na szcz\u0119\u015bcie nie brakuje. My\u015bl\u0119 jednak, \u017ce ten blog b\u0119dzie jeszcze jednym sposobem i przestrzeni\u0105 nawi\u0105zania kontaktu z lud\u017ami dobrej woli, otwartymi na dialog.","url":"https:\/\/gaudiumetspes-blog.pl\/index.php\/author\/ks-jacek\/"}]}},"jetpack_featured_media_url":"","jetpack_sharing_enabled":true,"_links":{"self":[{"href":"https:\/\/gaudiumetspes-blog.pl\/index.php\/wp-json\/wp\/v2\/posts\/22602","targetHints":{"allow":["GET"]}}],"collection":[{"href":"https:\/\/gaudiumetspes-blog.pl\/index.php\/wp-json\/wp\/v2\/posts"}],"about":[{"href":"https:\/\/gaudiumetspes-blog.pl\/index.php\/wp-json\/wp\/v2\/types\/post"}],"author":[{"embeddable":true,"href":"https:\/\/gaudiumetspes-blog.pl\/index.php\/wp-json\/wp\/v2\/users\/1"}],"replies":[{"embeddable":true,"href":"https:\/\/gaudiumetspes-blog.pl\/index.php\/wp-json\/wp\/v2\/comments?post=22602"}],"version-history":[{"count":1,"href":"https:\/\/gaudiumetspes-blog.pl\/index.php\/wp-json\/wp\/v2\/posts\/22602\/revisions"}],"predecessor-version":[{"id":22603,"href":"https:\/\/gaudiumetspes-blog.pl\/index.php\/wp-json\/wp\/v2\/posts\/22602\/revisions\/22603"}],"wp:attachment":[{"href":"https:\/\/gaudiumetspes-blog.pl\/index.php\/wp-json\/wp\/v2\/media?parent=22602"}],"wp:term":[{"taxonomy":"category","embeddable":true,"href":"https:\/\/gaudiumetspes-blog.pl\/index.php\/wp-json\/wp\/v2\/categories?post=22602"},{"taxonomy":"post_tag","embeddable":true,"href":"https:\/\/gaudiumetspes-blog.pl\/index.php\/wp-json\/wp\/v2\/tags?post=22602"}],"curies":[{"name":"wp","href":"https:\/\/api.w.org\/{rel}","templated":true}]}}