{"id":22628,"date":"2024-07-08T00:34:15","date_gmt":"2024-07-07T22:34:15","guid":{"rendered":"https:\/\/gaudiumetspes-blog.pl\/?p=22628"},"modified":"2024-07-08T00:34:15","modified_gmt":"2024-07-07T22:34:15","slug":"twoja-wiara-cie-ocalila-3","status":"publish","type":"post","link":"https:\/\/gaudiumetspes-blog.pl\/index.php\/2024\/07\/08\/twoja-wiara-cie-ocalila-3\/","title":{"rendered":"Twoja wiara ci\u0119 ocali\u0142a!"},"content":{"rendered":"<p class=\"western\" align=\"justify\"><span style=\"font-family: Book Antiqua, serif;\"><span style=\"font-size: large;\">Szcz\u0119\u015b\u0107 Bo\u017ce! Moi Drodzy, w dniu dzisiejszym <b>imieniny prze\u017cywa Ojciec Edgar Semeniuk, Franciszkanin, pos\u0142uguj\u0105cy w swoim czasie w Lublinie, w Parafii, na terenie kt\u00f3rej mam od lat swoje mieszkanie; a nast\u0119pnie pos\u0142uguj\u0105cy w Opatowie, gdzie by\u0142 Gwardianem i Proboszczem \u2013 i gdzie zaprasza\u0142 mnie do odprawienia r\u00f3\u017cnych uroczysto\u015bci i odpust\u00f3w. <\/b><\/span><\/span><\/p>\n<p class=\"western\" align=\"justify\"><span style=\"font-family: Book Antiqua, serif;\"><span style=\"font-size: large;\"><b>A znamy si\u0119 tak\u017ce i st\u0105d, \u017ce Ojciec Edgar \u2013 jeszcze jako Adam \u2013 pochodzi z Parafii Terespol, na terenie kt\u00f3rej i ja mieszka\u0142em w pierwszych latach \u017cycia i gdzie by\u0142em ochrzczony. Niech nasz Pan udziela Solenizantowi wszystkich mo\u017cliwych dar\u00f3w i prowadzi przez \u017cycie i kap\u0142a\u0144sk\u0105 oraz zakonn\u0105 pos\u0142ug\u0119. Zapewniam o modlitwie!<\/b><\/span><\/span><\/p>\n<p class=\"western\" align=\"justify\"><span style=\"font-family: Book Antiqua, serif;\"><span style=\"font-size: large;\">A ja dzisiaj przewiduj\u0119 troch\u0119 podr\u00f3\u017cowania: z Lublina do Siedlec, z Siedlec do Bia\u0142ej Podlaskiej, gdzie odprawi\u0119 gregoriank\u0119 za \u015bwi\u0119tej pami\u0119ci Ryszarda Starzy\u0144skiego, Ojca mojej Kole\u017canki z Klasy, ze Szko\u0142y Podstawowej \u2013 Basi; a potem powr\u00f3t do Siedlec. Nie wiadomo, co jeszcze wypadnie po drodze, bo mo\u017ce wypa\u015b\u0107 to i owo. Oddaj\u0119 ten dzie\u0144 Panu naszemu!<\/span><\/span><\/p>\n<p class=\"western\" align=\"justify\"><span style=\"font-family: Book Antiqua, serif;\"><span style=\"font-size: large;\">Tymczasem, zapraszam ju\u017c do pochylenia si\u0119 nad Bo\u017cym s\u0142owem dzisiejszej liturgii. Oto s\u0142\u00f3wko Ksi\u0119dza Marka na dzi\u015b:<\/span><\/span><\/p>\n<p class=\"western\" align=\"justify\"><span style=\"font-family: Book Antiqua, serif;\"><span style=\"font-size: medium;\"><a href=\"https:\/\/www.youtube.com\/c\/CatholicSurgut\"><span style=\"font-size: large;\"><b>https:\/\/www.youtube.com\/c\/CatholicSurgut<\/b><\/span><\/a><\/span><\/span><\/p>\n<p class=\"western\" align=\"justify\"><span style=\"font-family: Book Antiqua, serif;\"><span style=\"font-size: large;\">A poni\u017cej \u2013 s\u0142\u00f3wko Janka. Jak co poniedzia\u0142ek. Bardzo serdecznie dzi\u0119kuj\u0119 za przygotowanie rozwa\u017cania, za wielk\u0105 szczero\u015b\u0107, bezpo\u015brednio\u015b\u0107 i radykalizm w \u015bwiadczeniu o wierze! Na Janka zawsze mo\u017cna liczy\u0107!<\/span><\/span><\/p>\n<p class=\"western\" align=\"justify\"><span style=\"font-family: Book Antiqua, serif;\"><span style=\"font-size: large;\">Zatem, <b>co dzi\u015b m\u00f3wi do mnie Pan? Z jakim to konkretnym przes\u0142aniem zwraca si\u0119 w\u0142a\u015bnie do mnie? <\/b>Duchu \u015awi\u0119ty, podpowiedz\u2026<\/span><\/span><\/p>\n<p class=\"western\" align=\"justify\"><span style=\"font-family: Book Antiqua, serif;\"><span style=\"font-size: large;\"><b>Niech Was b\u0142ogos\u0142awi B\u00f3g Wszechmog\u0105cy: Ojciec + i Syn, i Duch \u015awi\u0119ty. Amen<\/b><\/span><\/span><\/p>\n<p class=\"western\" align=\"center\"><span style=\"font-family: Book Antiqua, serif;\"><span style=\"font-size: large;\">Gaudium et spes! Ks. Jacek<\/span><\/span><\/p>\n<p align=\"center\">\n<p align=\"center\">\n<p align=\"center\">\n<p align=\"center\">\n<p align=\"center\">\n<p class=\"western\" align=\"justify\"><span style=\"font-family: Book Antiqua, serif;\"><span style=\"font-size: large;\"><b>Poniedzia\u0142ek 14 tygodnia zwyk\u0142ego, rok II,<\/b><\/span><\/span><\/p>\n<p class=\"western\" align=\"justify\"><span style=\"font-family: Book Antiqua, serif;\"><span style=\"font-size: large;\"><b>Wspomnienie \u015aw. Jana z Dukli, Kap\u0142ana,<\/b><\/span><\/span><\/p>\n<p class=\"western\" align=\"justify\"><span style=\"font-family: Book Antiqua, serif;\"><span style=\"font-size: large;\"><b>8 lipca 2024.,\u00a0<\/b><\/span><\/span><\/p>\n<p class=\"western\" align=\"justify\"><span style=\"font-family: Book Antiqua, serif;\"><span style=\"font-size: large;\"><b>do czyta\u0144: Oz 2,16.17b\u201318.21\u201322; Mt 9,18\u201326<\/b><\/span><\/span><\/p>\n<p align=\"justify\">\n<p align=\"justify\">\n<p align=\"justify\">\n<p align=\"justify\">\n<p align=\"justify\">\n<p class=\"western\" align=\"justify\"><span style=\"font-family: Book Antiqua, serif;\"><span style=\"font-size: large;\"><b>CZYTANIE Z KSI\u0118GI PROROKA OZEASZA:<\/b><\/span><\/span><\/p>\n<p class=\"western\" align=\"justify\"><span style=\"font-family: Book Antiqua, serif;\"><span style=\"font-size: large;\"><b>To m\u00f3wi Pan: \u201eChc\u0119 przyn\u0119ci\u0107 niewiern\u0105 oblubienic\u0119, na pustyni\u0119 j\u0105 wyprowadzi\u0107 i m\u00f3wi\u0107 do jej serca, i b\u0119dzie mi tam uleg\u0142a jak za dni swej m\u0142odo\u015bci, gdy wychodzi\u0142a z egipskiego kraju.<\/b><\/span><\/span><\/p>\n<p class=\"western\" align=\"justify\"><span style=\"font-family: Book Antiqua, serif;\"><span style=\"font-size: large;\"><b>I stanie si\u0119 w owym dniu, \u017ce nazwie Mnie: \u00abM\u0105\u017c m\u00f3j\u00bb, a ju\u017c nie powie: \u00abM\u00f3j Baal\u00bb. <\/b><\/span><\/span><\/p>\n<p class=\"western\" align=\"justify\"><span style=\"font-family: Book Antiqua, serif;\"><span style=\"font-size: large;\"><b>I po\u015blubi\u0119 ci\u0119 sobie znowu na wieki, po\u015blubi\u0119 przez sprawiedliwo\u015b\u0107 i prawo, przez mi\u0142o\u015b\u0107 i mi\u0142osierdzie. Po\u015blubi\u0119 ci\u0119 sobie przez wierno\u015b\u0107, a poznasz Pana\u201d.<\/b><\/span><\/span><\/p>\n<p align=\"justify\">\n<p align=\"justify\">\n<p align=\"justify\">\n<p align=\"justify\">\n<p align=\"justify\">\n<p class=\"western\" align=\"justify\"><span style=\"font-family: Book Antiqua, serif;\"><span style=\"font-size: large;\"><b>S\u0141OWA EWANGELII WED\u0141UG \u015aWI\u0118TEGO MATEUSZA:<\/b><\/span><\/span><\/p>\n<p class=\"western\" align=\"justify\"><span style=\"font-family: Book Antiqua, serif;\"><span style=\"font-size: large;\"><b>Gdy Jezus m\u00f3wi\u0142, pewien zwierzchnik synagogi przyszed\u0142 do Niego i oddaj\u0105c pok\u0142on, prosi\u0142: \u201ePanie, moja c\u00f3rka dopiero co skona\u0142a, lecz przyjd\u017a i w\u0142\u00f3\u017c na ni\u0105 r\u0119k\u0119, a \u017cy\u0107 b\u0119dzie\u201d. Jezus wsta\u0142 i wraz z uczniami poszed\u0142 za nim. <\/b><\/span><\/span><\/p>\n<p class=\"western\" align=\"justify\"><span style=\"font-family: Book Antiqua, serif;\"><span style=\"font-size: large;\"><b>Wtem jaka\u015b kobieta, kt\u00f3ra dwana\u015bcie lat cierpia\u0142a na krwotok, podesz\u0142a z ty\u0142u i dotkn\u0119\u0142a si\u0119 fr\u0119dzli Jego p\u0142aszcza. Bo sobie m\u00f3wi\u0142a: \u201e\u017bebym si\u0119 cho\u0107 Jego p\u0142aszcza dotkn\u0119\u0142a, a b\u0119d\u0119 zdrowa\u201d. <\/b><\/span><\/span><\/p>\n<p class=\"western\" align=\"justify\"><span style=\"font-family: Book Antiqua, serif;\"><span style=\"font-size: large;\"><b>Jezus obr\u00f3ci\u0142 si\u0119 i widz\u0105c j\u0105, rzek\u0142: \u201eUfaj c\u00f3rko; twoja wiara ci\u0119 ocali\u0142a\u201d. I od tej chwili kobieta by\u0142a zdrowa.<\/b><\/span><\/span><\/p>\n<p class=\"western\" align=\"justify\"><span style=\"font-family: Book Antiqua, serif;\"><span style=\"font-size: large;\"><b>Gdy Jezus przyszed\u0142 do domu zwierzchnika i zobaczy\u0142 fletnist\u00f3w oraz t\u0142um zgie\u0142kliwy, rzek\u0142: \u201eUsu\u0144cie si\u0119, bo dziewczynka nie umar\u0142a, tylko \u015bpi\u201d. A oni wy\u015bmiewali Go. Skoro jednak usuni\u0119to t\u0142um, wszed\u0142 i uj\u0105\u0142 j\u0105 za r\u0119k\u0119, a dziewczynka wsta\u0142a. Wie\u015b\u0107 o tym rozesz\u0142a si\u0119 po ca\u0142ej tamtejszej okolicy.<\/b><\/span><\/span><\/p>\n<p align=\"justify\">\n<p align=\"justify\">\n<p align=\"justify\">\n<p align=\"justify\">\n<p align=\"justify\">\n<p class=\"western\" align=\"center\"><span style=\"font-family: Book Antiqua, serif;\"><span style=\"font-size: large;\"><b>A <\/b><b>OTO S\u0141\u00d3WKO JANKA:<\/b><\/span><\/span><\/p>\n<p align=\"center\">\n<p align=\"center\">\n<p align=\"center\">\n<p align=\"center\">\n<p align=\"center\">\n<p class=\"western\" align=\"justify\"><span style=\"font-family: Book Antiqua, serif;\"><span style=\"font-size: large;\">Dzi\u015b w Ewangelii opisane zosta\u0142y dwa cudy: wskrzeszenie i uzdrowienie z krwotoku. Na pierwsz\u0105 my\u015bl, po ludzku to niemo\u017cliwe, \u017ceby kto\u015b z ludzi powsta\u0142 z martwych, podobnie jak i to, \u017ce po wielu latach ustanie komu\u015b intensywny krwotok. <\/span><\/span><\/p>\n<p class=\"western\" align=\"justify\"><span style=\"font-family: Book Antiqua, serif;\"><span style=\"font-size: large;\">Zobaczmy jednak, moi Drodzy, jak wielk\u0105 moc ma wiara! To nie sam Jezus tych ludzi uzdrowi\u0142, lecz Jezus \u2013 dzi\u0119ki ich wierze w to, \u017ce mog\u0105 odzyska\u0107 zdrowie! Oni szli do Jezusa, szukali Go i chcieli, aby po\u0142o\u017cy\u0142 r\u0119k\u0119 i wypowiedzia\u0142 s\u0142owo, a w\u00f3wczas dziecko wyzdrowieje. Albo \u017ceby cho\u0107 fr\u0119dzli dotkn\u0105\u0107 u Jego p\u0142aszcza \u2013 jak kobieta, opisana w Ewangelii \u2013 aby odzyska\u0107 zdrowie! A to wszystko dlatego, \u017ce oboje wierzyli \u2013 i to bardzo mocno \u2013 \u017ce Jezus jest w stanie ich uzdrowi\u0107!<\/span><\/span><\/p>\n<p class=\"western\" align=\"justify\"><span style=\"font-family: Book Antiqua, serif;\"><span style=\"font-size: large;\">A my? My katolicy, kt\u00f3rzy uczestniczymy we Mszy \u015awi\u0119tej \u2013 czy my wierzymy w moc Eucharystii?! Czy my wierzymy, \u017ce SAMEGO JEZUSA CHRYSTUSA PRZYJMUJEMY PODCZAS KOMUNII \u015aWI\u0118TEJ?! <\/span><\/span><\/p>\n<p class=\"western\" align=\"justify\"><span style=\"font-family: Book Antiqua, serif;\"><span style=\"font-size: large;\">Oni prosili jedynie o po\u0142o\u017cenie r\u0119ki i o mo\u017cliwo\u015b\u0107 dotkni\u0119cia fr\u0119dzli p\u0142aszcza, a my mamy t\u0119 wielk\u0105 \u0142ask\u0119, \u017ce mo\u017cemy przyjmowa\u0107 JEGO SAMEGO \u2013 do naszego cia\u0142a, do naszego \u017cycia! JEGO \u015aWI\u0118TE CIA\u0141O PRZYJMUJEMY \u2013 do siebie!<\/span><\/span><\/p>\n<p class=\"western\" align=\"justify\"><span style=\"font-family: Book Antiqua, serif;\"><span style=\"font-size: large;\">Zobaczmy, jak bardzo nieraz nieuwa\u017cnie prze\u017cywamy Msz\u0119 \u015awi\u0119t\u0105, w kt\u00f3rej przecie\u017c powinni\u015bmy w pe\u0142ni uczestniczy\u0107. Jeste\u015bmy nieraz rozkojarzeni, odp\u0142ywamy my\u015blami gdzie\u015b w przestworza i jeste\u015bmy daleko od tego, co si\u0119 dzieje na O\u0142tarzu. <\/span><\/span><\/p>\n<p class=\"western\" align=\"justify\"><span style=\"font-family: Book Antiqua, serif;\"><span style=\"font-size: large;\">My\u015bl\u0119, \u017ce na to sk\u0142adaj\u0105 si\u0119 dwa czynniki. Pierwszy z nich, to nasza wolna wola, a to w tym sensie, \u017ce cz\u0119sto nie wiemy, nie u\u015bwiadamiamy sobie do ko\u0144ca, albo w og\u00f3le nie zastanawiamy si\u0119, po co przychodzimy na Msz\u0119 \u015awi\u0119t\u0105. A przecie\u017c to od nas samych zale\u017cy, czy tak\u0105 refleksj\u0119 podejmiemy. Drugi za\u015b czynnik \u2013 to dzia\u0142anie szatana, kt\u00f3ry robi wszystko, aby rozkojarzy\u0107 nas na Mszy i aby\u015bmy Msz\u0119 \u017ale prze\u017cyli, aby\u015bmy nic duchowego z niej nie wynie\u015bli. <\/span><\/span><\/p>\n<p class=\"western\" align=\"justify\"><span style=\"font-family: Book Antiqua, serif;\"><span style=\"font-size: large;\">A wiecie, co jest w tym wszystkim najsmutniejsze? Najsmutniejsze jest to, \u017ce szatan ma wi\u0119ksz\u0105 \u015bwiadomo\u015b\u0107 wielko\u015bci Eucharystii, ni\u017c wielu ludzi!<\/span><\/span><\/p>\n<p class=\"western\" align=\"justify\"><span style=\"font-family: Book Antiqua, serif;\"><span style=\"font-size: large;\">Pami\u0119tam, jak by\u0142em rok temu w Siedlcach, na rekolekcjach przed przyj\u0119ciem b\u0142ogos\u0142awie\u0144stwa do pe\u0142nienia pos\u0142ugi ceremoniarza, to Ksi\u0105dz \u0141ukasz, prowadz\u0105cy owo skupienie, pu\u015bci\u0142 nam nagranie spektaklu pod tytu\u0142em \u201eTajemnica Eucharystii\u201d. Ten spektakl mo\u017cna znale\u017a\u0107 w internecie i polecam go ka\u017cdemu, poniewa\u017c \u015bwietnie ukazuje to wszystko, co si\u0119 dziej\u0119 podczas ka\u017cdej Mszy \u015awi\u0119tej!<\/span><\/span><\/p>\n<p class=\"western\" align=\"justify\"><span style=\"font-family: Book Antiqua, serif;\"><span style=\"font-size: large;\">Dlatego \u017cycz\u0119 sobie i Wam, by\u015bmy wiedzieli, po co przychodzimy na Eucharysti\u0119 i wierzyli mocno, \u017ce Jego samego przyjmujemy w Komunii i \u017ce On jest w stanie nas uleczy\u0107 z wszelkich chor\u00f3b. <\/span><\/span><\/p>\n<p class=\"western\" align=\"justify\"><span style=\"font-family: Book Antiqua, serif;\"><span style=\"font-size: medium;\"><b><span style=\"font-size: large;\">TYLKO WIERZMY \u2013 WIERZMY \u2013 I JESZCZE RAZ WIERZMY! I UFAJMY BOGU!<\/span><\/b><\/span><\/span><\/p>\n","protected":false},"excerpt":{"rendered":"<p>Szcz\u0119\u015b\u0107 Bo\u017ce! Moi Drodzy, w dniu dzisiejszym imieniny prze\u017cywa Ojciec Edgar Semeniuk, Franciszkanin, pos\u0142uguj\u0105cy w swoim czasie w Lublinie, w Parafii, na terenie kt\u00f3rej mam od lat swoje mieszkanie; a nast\u0119pnie pos\u0142uguj\u0105cy w Opatowie, gdzie by\u0142 Gwardianem i Proboszczem \u2013 i gdzie zaprasza\u0142 mnie do odprawienia r\u00f3\u017cnych uroczysto\u015bci i odpust\u00f3w. A znamy si\u0119 tak\u017ce i [&hellip;]<\/p>\n","protected":false},"author":1,"featured_media":0,"comment_status":"open","ping_status":"open","sticky":false,"template":"","format":"standard","meta":{"jetpack_post_was_ever_published":false,"_jetpack_newsletter_access":"","_jetpack_dont_email_post_to_subs":false,"_jetpack_newsletter_tier_id":0,"_jetpack_memberships_contains_paywalled_content":false,"_jetpack_memberships_contains_paid_content":false,"footnotes":""},"categories":[1],"tags":[],"class_list":["post-22628","post","type-post","status-publish","format-standard","hentry","category-bez-kategorii"],"yoast_head":"<!-- This site is optimized with the Yoast SEO plugin v25.1 - https:\/\/yoast.com\/wordpress\/plugins\/seo\/ -->\n<title>Twoja wiara ci\u0119 ocali\u0142a! - Gaudium Et Spes<\/title>\n<meta name=\"robots\" content=\"index, follow, max-snippet:-1, max-image-preview:large, max-video-preview:-1\" \/>\n<link rel=\"canonical\" href=\"https:\/\/gaudiumetspes-blog.pl\/index.php\/2024\/07\/08\/twoja-wiara-cie-ocalila-3\/\" \/>\n<meta property=\"og:locale\" content=\"pl_PL\" \/>\n<meta property=\"og:type\" content=\"article\" \/>\n<meta property=\"og:title\" content=\"Twoja wiara ci\u0119 ocali\u0142a! - Gaudium Et Spes\" \/>\n<meta property=\"og:description\" content=\"Szcz\u0119\u015b\u0107 Bo\u017ce! Moi Drodzy, w dniu dzisiejszym imieniny prze\u017cywa Ojciec Edgar Semeniuk, Franciszkanin, pos\u0142uguj\u0105cy w swoim czasie w Lublinie, w Parafii, na terenie kt\u00f3rej mam od lat swoje mieszkanie; a nast\u0119pnie pos\u0142uguj\u0105cy w Opatowie, gdzie by\u0142 Gwardianem i Proboszczem \u2013 i gdzie zaprasza\u0142 mnie do odprawienia r\u00f3\u017cnych uroczysto\u015bci i odpust\u00f3w. A znamy si\u0119 tak\u017ce i [&hellip;]\" \/>\n<meta property=\"og:url\" content=\"https:\/\/gaudiumetspes-blog.pl\/index.php\/2024\/07\/08\/twoja-wiara-cie-ocalila-3\/\" \/>\n<meta property=\"og:site_name\" content=\"Gaudium Et Spes\" \/>\n<meta property=\"article:published_time\" content=\"2024-07-07T22:34:15+00:00\" \/>\n<meta name=\"author\" content=\"Ks. Jacek\" \/>\n<meta name=\"twitter:card\" content=\"summary_large_image\" \/>\n<meta name=\"twitter:label1\" content=\"Napisane przez\" \/>\n\t<meta name=\"twitter:data1\" content=\"Ks. Jacek\" \/>\n\t<meta name=\"twitter:label2\" content=\"Szacowany czas czytania\" \/>\n\t<meta name=\"twitter:data2\" content=\"5 minut\" \/>\n<script type=\"application\/ld+json\" class=\"yoast-schema-graph\">{\"@context\":\"https:\/\/schema.org\",\"@graph\":[{\"@type\":\"WebPage\",\"@id\":\"https:\/\/gaudiumetspes-blog.pl\/index.php\/2024\/07\/08\/twoja-wiara-cie-ocalila-3\/\",\"url\":\"https:\/\/gaudiumetspes-blog.pl\/index.php\/2024\/07\/08\/twoja-wiara-cie-ocalila-3\/\",\"name\":\"Twoja wiara ci\u0119 ocali\u0142a! - Gaudium Et Spes\",\"isPartOf\":{\"@id\":\"https:\/\/gaudiumetspes-blog.pl\/#website\"},\"datePublished\":\"2024-07-07T22:34:15+00:00\",\"author\":{\"@id\":\"https:\/\/gaudiumetspes-blog.pl\/#\/schema\/person\/1661982992b752dea8dff0d4ed845a65\"},\"breadcrumb\":{\"@id\":\"https:\/\/gaudiumetspes-blog.pl\/index.php\/2024\/07\/08\/twoja-wiara-cie-ocalila-3\/#breadcrumb\"},\"inLanguage\":\"pl-PL\",\"potentialAction\":[{\"@type\":\"ReadAction\",\"target\":[\"https:\/\/gaudiumetspes-blog.pl\/index.php\/2024\/07\/08\/twoja-wiara-cie-ocalila-3\/\"]}]},{\"@type\":\"BreadcrumbList\",\"@id\":\"https:\/\/gaudiumetspes-blog.pl\/index.php\/2024\/07\/08\/twoja-wiara-cie-ocalila-3\/#breadcrumb\",\"itemListElement\":[{\"@type\":\"ListItem\",\"position\":1,\"name\":\"Strona g\u0142\u00f3wna\",\"item\":\"https:\/\/gaudiumetspes-blog.pl\/\"},{\"@type\":\"ListItem\",\"position\":2,\"name\":\"Twoja wiara ci\u0119 ocali\u0142a!\"}]},{\"@type\":\"WebSite\",\"@id\":\"https:\/\/gaudiumetspes-blog.pl\/#website\",\"url\":\"https:\/\/gaudiumetspes-blog.pl\/\",\"name\":\"Gaudium Et Spes\",\"description\":\"Blog Ks. Jacka Ja\u015bkowskiego\",\"potentialAction\":[{\"@type\":\"SearchAction\",\"target\":{\"@type\":\"EntryPoint\",\"urlTemplate\":\"https:\/\/gaudiumetspes-blog.pl\/?s={search_term_string}\"},\"query-input\":{\"@type\":\"PropertyValueSpecification\",\"valueRequired\":true,\"valueName\":\"search_term_string\"}}],\"inLanguage\":\"pl-PL\"},{\"@type\":\"Person\",\"@id\":\"https:\/\/gaudiumetspes-blog.pl\/#\/schema\/person\/1661982992b752dea8dff0d4ed845a65\",\"name\":\"Ks. Jacek\",\"image\":{\"@type\":\"ImageObject\",\"inLanguage\":\"pl-PL\",\"@id\":\"https:\/\/gaudiumetspes-blog.pl\/#\/schema\/person\/image\/\",\"url\":\"https:\/\/gaudiumetspes-blog.pl\/wp-content\/uploads\/2019\/07\/avatar-JJ-150x150.jpg\",\"contentUrl\":\"https:\/\/gaudiumetspes-blog.pl\/wp-content\/uploads\/2019\/07\/avatar-JJ-150x150.jpg\",\"caption\":\"Ks. Jacek\"},\"description\":\"Witam serdecznie! K\u0142ania si\u0119 Ks. Jacek Ja\u015bkowski. Nie jestem ani kim\u015b wa\u017cnym, ani kim\u015b znanym. Jestem ksi\u0119dzem, kt\u00f3ry po prostu chce rozmawia\u0107. Codzienna kap\u0142a\u0144ska pos\u0142uga pokazuje mi, \u017ce temat\u00f3w do rozm\u00f3w z ksi\u0119dzem jest coraz wi\u0119cej i dzisiaj \u017caden ksi\u0105dz nie mo\u017ce od nich ucieka\u0107, ale - wprost przeciwnie - podejmowa\u0107 nowe wyzwania. To przekonanie sk\u0142oni\u0142o mnie do pr\u00f3by otwarcia tego\u017c bloga, chocia\u017c okazji do rozm\u00f3w na co dzie\u0144 - w konfesjonale i poza nim - na szcz\u0119\u015bcie nie brakuje. My\u015bl\u0119 jednak, \u017ce ten blog b\u0119dzie jeszcze jednym sposobem i przestrzeni\u0105 nawi\u0105zania kontaktu z lud\u017ami dobrej woli, otwartymi na dialog.\",\"url\":\"https:\/\/gaudiumetspes-blog.pl\/index.php\/author\/ks-jacek\/\"}]}<\/script>\n<!-- \/ Yoast SEO plugin. -->","yoast_head_json":{"title":"Twoja wiara ci\u0119 ocali\u0142a! - Gaudium Et Spes","robots":{"index":"index","follow":"follow","max-snippet":"max-snippet:-1","max-image-preview":"max-image-preview:large","max-video-preview":"max-video-preview:-1"},"canonical":"https:\/\/gaudiumetspes-blog.pl\/index.php\/2024\/07\/08\/twoja-wiara-cie-ocalila-3\/","og_locale":"pl_PL","og_type":"article","og_title":"Twoja wiara ci\u0119 ocali\u0142a! - Gaudium Et Spes","og_description":"Szcz\u0119\u015b\u0107 Bo\u017ce! Moi Drodzy, w dniu dzisiejszym imieniny prze\u017cywa Ojciec Edgar Semeniuk, Franciszkanin, pos\u0142uguj\u0105cy w swoim czasie w Lublinie, w Parafii, na terenie kt\u00f3rej mam od lat swoje mieszkanie; a nast\u0119pnie pos\u0142uguj\u0105cy w Opatowie, gdzie by\u0142 Gwardianem i Proboszczem \u2013 i gdzie zaprasza\u0142 mnie do odprawienia r\u00f3\u017cnych uroczysto\u015bci i odpust\u00f3w. A znamy si\u0119 tak\u017ce i [&hellip;]","og_url":"https:\/\/gaudiumetspes-blog.pl\/index.php\/2024\/07\/08\/twoja-wiara-cie-ocalila-3\/","og_site_name":"Gaudium Et Spes","article_published_time":"2024-07-07T22:34:15+00:00","author":"Ks. Jacek","twitter_card":"summary_large_image","twitter_misc":{"Napisane przez":"Ks. Jacek","Szacowany czas czytania":"5 minut"},"schema":{"@context":"https:\/\/schema.org","@graph":[{"@type":"WebPage","@id":"https:\/\/gaudiumetspes-blog.pl\/index.php\/2024\/07\/08\/twoja-wiara-cie-ocalila-3\/","url":"https:\/\/gaudiumetspes-blog.pl\/index.php\/2024\/07\/08\/twoja-wiara-cie-ocalila-3\/","name":"Twoja wiara ci\u0119 ocali\u0142a! - Gaudium Et Spes","isPartOf":{"@id":"https:\/\/gaudiumetspes-blog.pl\/#website"},"datePublished":"2024-07-07T22:34:15+00:00","author":{"@id":"https:\/\/gaudiumetspes-blog.pl\/#\/schema\/person\/1661982992b752dea8dff0d4ed845a65"},"breadcrumb":{"@id":"https:\/\/gaudiumetspes-blog.pl\/index.php\/2024\/07\/08\/twoja-wiara-cie-ocalila-3\/#breadcrumb"},"inLanguage":"pl-PL","potentialAction":[{"@type":"ReadAction","target":["https:\/\/gaudiumetspes-blog.pl\/index.php\/2024\/07\/08\/twoja-wiara-cie-ocalila-3\/"]}]},{"@type":"BreadcrumbList","@id":"https:\/\/gaudiumetspes-blog.pl\/index.php\/2024\/07\/08\/twoja-wiara-cie-ocalila-3\/#breadcrumb","itemListElement":[{"@type":"ListItem","position":1,"name":"Strona g\u0142\u00f3wna","item":"https:\/\/gaudiumetspes-blog.pl\/"},{"@type":"ListItem","position":2,"name":"Twoja wiara ci\u0119 ocali\u0142a!"}]},{"@type":"WebSite","@id":"https:\/\/gaudiumetspes-blog.pl\/#website","url":"https:\/\/gaudiumetspes-blog.pl\/","name":"Gaudium Et Spes","description":"Blog Ks. Jacka Ja\u015bkowskiego","potentialAction":[{"@type":"SearchAction","target":{"@type":"EntryPoint","urlTemplate":"https:\/\/gaudiumetspes-blog.pl\/?s={search_term_string}"},"query-input":{"@type":"PropertyValueSpecification","valueRequired":true,"valueName":"search_term_string"}}],"inLanguage":"pl-PL"},{"@type":"Person","@id":"https:\/\/gaudiumetspes-blog.pl\/#\/schema\/person\/1661982992b752dea8dff0d4ed845a65","name":"Ks. Jacek","image":{"@type":"ImageObject","inLanguage":"pl-PL","@id":"https:\/\/gaudiumetspes-blog.pl\/#\/schema\/person\/image\/","url":"https:\/\/gaudiumetspes-blog.pl\/wp-content\/uploads\/2019\/07\/avatar-JJ-150x150.jpg","contentUrl":"https:\/\/gaudiumetspes-blog.pl\/wp-content\/uploads\/2019\/07\/avatar-JJ-150x150.jpg","caption":"Ks. Jacek"},"description":"Witam serdecznie! K\u0142ania si\u0119 Ks. Jacek Ja\u015bkowski. Nie jestem ani kim\u015b wa\u017cnym, ani kim\u015b znanym. Jestem ksi\u0119dzem, kt\u00f3ry po prostu chce rozmawia\u0107. Codzienna kap\u0142a\u0144ska pos\u0142uga pokazuje mi, \u017ce temat\u00f3w do rozm\u00f3w z ksi\u0119dzem jest coraz wi\u0119cej i dzisiaj \u017caden ksi\u0105dz nie mo\u017ce od nich ucieka\u0107, ale - wprost przeciwnie - podejmowa\u0107 nowe wyzwania. To przekonanie sk\u0142oni\u0142o mnie do pr\u00f3by otwarcia tego\u017c bloga, chocia\u017c okazji do rozm\u00f3w na co dzie\u0144 - w konfesjonale i poza nim - na szcz\u0119\u015bcie nie brakuje. My\u015bl\u0119 jednak, \u017ce ten blog b\u0119dzie jeszcze jednym sposobem i przestrzeni\u0105 nawi\u0105zania kontaktu z lud\u017ami dobrej woli, otwartymi na dialog.","url":"https:\/\/gaudiumetspes-blog.pl\/index.php\/author\/ks-jacek\/"}]}},"jetpack_featured_media_url":"","jetpack_sharing_enabled":true,"_links":{"self":[{"href":"https:\/\/gaudiumetspes-blog.pl\/index.php\/wp-json\/wp\/v2\/posts\/22628","targetHints":{"allow":["GET"]}}],"collection":[{"href":"https:\/\/gaudiumetspes-blog.pl\/index.php\/wp-json\/wp\/v2\/posts"}],"about":[{"href":"https:\/\/gaudiumetspes-blog.pl\/index.php\/wp-json\/wp\/v2\/types\/post"}],"author":[{"embeddable":true,"href":"https:\/\/gaudiumetspes-blog.pl\/index.php\/wp-json\/wp\/v2\/users\/1"}],"replies":[{"embeddable":true,"href":"https:\/\/gaudiumetspes-blog.pl\/index.php\/wp-json\/wp\/v2\/comments?post=22628"}],"version-history":[{"count":1,"href":"https:\/\/gaudiumetspes-blog.pl\/index.php\/wp-json\/wp\/v2\/posts\/22628\/revisions"}],"predecessor-version":[{"id":22629,"href":"https:\/\/gaudiumetspes-blog.pl\/index.php\/wp-json\/wp\/v2\/posts\/22628\/revisions\/22629"}],"wp:attachment":[{"href":"https:\/\/gaudiumetspes-blog.pl\/index.php\/wp-json\/wp\/v2\/media?parent=22628"}],"wp:term":[{"taxonomy":"category","embeddable":true,"href":"https:\/\/gaudiumetspes-blog.pl\/index.php\/wp-json\/wp\/v2\/categories?post=22628"},{"taxonomy":"post_tag","embeddable":true,"href":"https:\/\/gaudiumetspes-blog.pl\/index.php\/wp-json\/wp\/v2\/tags?post=22628"}],"curies":[{"name":"wp","href":"https:\/\/api.w.org\/{rel}","templated":true}]}}