{"id":22630,"date":"2024-07-09T08:17:19","date_gmt":"2024-07-09T06:17:19","guid":{"rendered":"https:\/\/gaudiumetspes-blog.pl\/?p=22630"},"modified":"2024-07-09T08:17:19","modified_gmt":"2024-07-09T06:17:19","slug":"a-widzac-tlumy-litowal-sie","status":"publish","type":"post","link":"https:\/\/gaudiumetspes-blog.pl\/index.php\/2024\/07\/09\/a-widzac-tlumy-litowal-sie\/","title":{"rendered":"A widz\u0105c t\u0142umy &#8211; litowa\u0142 si\u0119&#8230;"},"content":{"rendered":"<p class=\"western\" align=\"justify\"><span style=\"font-family: Book Antiqua, serif;\"><span style=\"font-size: large;\">Szcz\u0119\u015b\u0107 Bo\u017ce! Moi Drodzy, w dniu dzisiejszym <b>urodziny prze\u017cywa Pawe\u0142 Kaczorowski, m\u00f3j znajomy od wielu lat, od czasu dzia\u0142alno\u015bci m\u0142odzie\u017cowych Wsp\u00f3lnot.<\/b><\/span><\/span><\/p>\n<p class=\"western\" align=\"justify\"><span style=\"font-family: Book Antiqua, serif;\"><span style=\"font-size: large;\"><b>Imieniny z kolei prze\u017cywa Weronika Pogoda, Osoba czynnie zaanga\u017cowana w \u017cycie Parafii w Samogoszczy. <\/b><\/span><\/span><\/p>\n<p class=\"western\" align=\"justify\"><span style=\"font-family: Book Antiqua, serif;\"><span style=\"font-size: large;\"><b>Wszystkim \u015bwi\u0119tuj\u0105cym \u017cycz\u0119 trwania z Jezusem i przy Jezusie \u2013 z rado\u015bci\u0105 i nadziej\u0105. Zapewniam o modlitwie!<\/b><\/span><\/span><\/p>\n<p class=\"western\" align=\"justify\"><span style=\"font-family: Book Antiqua, serif;\"><span style=\"font-size: large;\">A ja dzisiaj pozdrawiam Was z Siedlec, a zako\u0144czy\u0107 dzie\u0144 zamierzam w Lublinie \u2013 je\u015bli B\u00f3g pozwoli. O 18:00 planuj\u0119 Msz\u0119 \u015awi\u0119t\u0105 w Parafii \u015awi\u0119tego Jana Kantego w Lublinie. Co jednak wydarzy si\u0119 pomi\u0119dzy porankiem a wieczorem \u2013 i wieczorem, po Mszy \u015awi\u0119tej \u2013 to si\u0119 dopiero oka\u017ce. Bo to zale\u017cy od tysi\u0105ca telefon\u00f3w i ustale\u0144, kt\u00f3re b\u0119d\u0119 na bie\u017c\u0105co czyni\u0142. Otwieram si\u0119 na to, co Pan zaproponuje. A On \u2013 jak wiemy \u2013 jest bardzo oryginalny i ma gigantyczne poczucie humoru!<\/span><\/span><\/p>\n<p class=\"western\" align=\"justify\"><span style=\"font-family: Book Antiqua, serif;\"><span style=\"font-size: large;\">A teraz ju\u017c przejd\u017amy do Bo\u017cego s\u0142owa. Oto s\u0142\u00f3wko Ksi\u0119dza Marka na dzi\u015b:<\/span><\/span><\/p>\n<p class=\"western\" align=\"justify\"><span style=\"font-family: Book Antiqua, serif;\"><span style=\"font-size: medium;\"><a href=\"https:\/\/www.youtube.com\/c\/CatholicSurgut\"><span style=\"font-size: large;\"><b>https:\/\/www.youtube.com\/c\/CatholicSurgut<\/b><\/span><\/a><\/span><\/span><\/p>\n<p class=\"western\" align=\"justify\"><span style=\"font-family: Book Antiqua, serif;\"><span style=\"font-size: large;\">Poni\u017cej za\u015b \u2013 s\u0142\u00f3wko Kacpra, przygotowane dzisiaj, zamiast ostatniej soboty, kiedy to by\u0142 On zaj\u0119ty dzia\u0142alno\u015bci\u0105 ewangelizacyjn\u0105, na do\u015b\u0107 dalekim wyje\u017adzie. Dzisiaj ju\u017c t\u0119 dzia\u0142alno\u015b\u0107 Kacper prowadzi w naszej blogowej Wsp\u00f3lnocie, za co Panu naszemu i samemu Kacprowi niech b\u0119d\u0105 dzi\u0119ki \u2013 a tak\u017ce oczekujemy s\u0142\u00f3wka w sobot\u0119, ju\u017c tak tradycyjnie. Bardzo dzi\u0119kujemy za jasno\u015b\u0107 przekazu i radykalizm w \u015bwiadczeniu o wierze! Przyznaj\u0119, \u017ce tak\u017ce dla mnie, jako kap\u0142ana, zapa\u0142 Kacpra i Jego pe\u0142ne rado\u015bci przekonanie do tego, co nam przekazuje, jest wielkim duchowym wzmocnieniem!<\/span><\/span><\/p>\n<p class=\"western\" align=\"justify\"><span style=\"font-family: Book Antiqua, serif;\"><span style=\"font-size: large;\">Pochylmy si\u0119 nad Bo\u017cym s\u0142owem dzisiejszej liturgii. <b>Co Pan m\u00f3wi dzisiaj do mnie konkretnie i osobi\u015bcie \u2013 w\u0142a\u015bnie do mnie, w\u0142a\u015bnie dzisiaj? <\/b>Duchu \u015awi\u0119ty, podpowiedz\u2026<\/span><\/span><\/p>\n<p class=\"western\" align=\"justify\"><span style=\"font-family: Book Antiqua, serif;\"><span style=\"font-size: large;\"><b>Niech Was b\u0142ogos\u0142awi B\u00f3g Wszechmog\u0105cy: Ojciec + i Syn, i Duch \u015awi\u0119ty. Amen<\/b><\/span><\/span><\/p>\n<p class=\"western\" align=\"center\"><span style=\"font-family: Book Antiqua, serif;\"><span style=\"font-size: large;\">Gaudium et spes! Ks. Jacek<\/span><\/span><\/p>\n<p align=\"center\">\n<p align=\"center\">\n<p align=\"center\">\n<p align=\"center\">\n<p align=\"center\">\n<p class=\"western\" align=\"justify\"><span style=\"font-family: Book Antiqua, serif;\"><span style=\"font-size: large;\"><b>Wtorek 14 Tygodnia zwyk\u0142ego, rok II,<\/b><\/span><\/span><\/p>\n<p class=\"western\" align=\"justify\"><span style=\"font-family: Book Antiqua, serif;\"><span style=\"font-size: large;\"><b>9 lipca 2024.,\u00a0<\/b><\/span><\/span><\/p>\n<p class=\"western\" align=\"justify\"><span style=\"font-family: Book Antiqua, serif;\"><span style=\"font-size: large;\"><b>do czyta\u0144: Oz 8,4\u20137.11\u201313; Mt 9,32\u201337<\/b><\/span><\/span><\/p>\n<p align=\"justify\">\n<p align=\"justify\">\n<p align=\"justify\">\n<p align=\"justify\">\n<p align=\"justify\">\n<p class=\"western\" align=\"justify\"><span style=\"font-family: Book Antiqua, serif;\"><span style=\"font-size: large;\"><b>CZYTANIE Z KSI\u0118GI PROROKA OZEASZA:<\/b><\/span><\/span><\/p>\n<p class=\"western\" align=\"justify\"><span style=\"font-family: Book Antiqua, serif;\"><span style=\"font-size: large;\"><b>To m\u00f3wi Pan: \u201eSynowie Izraela czynili sobie kr\u00f3l\u00f3w, lecz wbrew mojej woli, ksi\u0105\u017c\u0105t mianowali, te\u017c bez mojej wiedzy. Czynili pos\u0105gi ze srebra swego i z\u0142ota, na w\u0142asn\u0105 zag\u0142ad\u0119. Odrzucam cielca twojego, Samario, gniew m\u00f3j si\u0119 przeciw niemu zapala; jak d\u0142ugo jeszcze nie b\u0119d\u0105 mogli by\u0107 uniewinnieni synowie Izraela? Wykona\u0142 go rzemie\u015blnik, lecz nie jest on bogiem; w kawa\u0142ki si\u0119 rozleci cielec samaryjski. Oni wiatr siej\u0105, zbiera\u0107 b\u0119d\u0105 burz\u0119. Zbo\u017ce bez k\u0142os\u00f3w nie dostarczy m\u0105ki; je\u015bliby nawet da\u0142o, zabierze j\u0105 obcy.<\/b><\/span><\/span><\/p>\n<p class=\"western\" align=\"justify\"><span style=\"font-family: Book Antiqua, serif;\"><span style=\"font-size: large;\"><b>Wiele o\u0142tarzy Efraim zbudowa\u0142, ale mu s\u0142u\u017c\u0105 jedynie do grzechu. Wypisa\u0142em im moje liczne prawa, lecz je przyj\u0119li jako co\u015b obcego. Lubi\u0105 ofiary krwawe i ch\u0119tnie sk\u0142adaj\u0105, lubi\u0105 te\u017c mi\u0119so, kt\u00f3re w\u00f3wczas jedz\u0105, lecz Pan nie ma w tym upodobania. Wspominam wtedy na ich przewinienia i karz\u0119 ich za grzechy, niech wr\u00f3c\u0105 zn\u00f3w do Egiptu\u201d.<\/b><\/span><\/span><\/p>\n<p align=\"justify\">\n<p align=\"justify\">\n<p align=\"justify\">\n<p align=\"justify\">\n<p align=\"justify\">\n<p class=\"western\" align=\"justify\"><span style=\"font-family: Book Antiqua, serif;\"><span style=\"font-size: large;\"><b>S\u0141OWA EWANGELII WED\u0141UG \u015aWI\u0118TEGO MATEUSZA:<\/b><\/span><\/span><\/p>\n<p class=\"western\" align=\"justify\"><span style=\"font-family: Book Antiqua, serif;\"><span style=\"font-size: large;\"><b>Przyprowadzono do Jezusa niemow\u0119 op\u0119tanego. Po wyrzuceniu z\u0142ego ducha niemy odzyska\u0142 mow\u0119, a t\u0142umy pe\u0142ne podziwu wo\u0142a\u0142y: \u201eJeszcze si\u0119 nigdy nic podobnego nie pojawi\u0142o w Izraelu\u201d.<\/b><\/span><\/span><\/p>\n<p class=\"western\" align=\"justify\"><span style=\"font-family: Book Antiqua, serif;\"><span style=\"font-size: large;\"><b>Lecz faryzeusze m\u00f3wili: \u201eWyrzuca z\u0142e duchy moc\u0105 ich przyw\u00f3dcy\u201d.<\/b><\/span><\/span><\/p>\n<p class=\"western\" align=\"justify\"><span style=\"font-family: Book Antiqua, serif;\"><span style=\"font-size: large;\"><b>Tak Jezus obchodzi\u0142 wszystkie miasta i wioski. Naucza\u0142 w tamtejszych synagogach, g\u0142osi\u0142 Ewangeli\u0119 kr\u00f3lestwa i leczy\u0142 wszystkie choroby i wszystkie s\u0142abo\u015bci. A widz\u0105c t\u0142umy ludzi, litowa\u0142 si\u0119 nad nimi, bo byli zn\u0119kani i porzuceni, jak owce nie maj\u0105ce pasterza.<\/b><\/span><\/span><\/p>\n<p class=\"western\" align=\"justify\"><span style=\"font-family: Book Antiqua, serif;\"><span style=\"font-size: large;\"><b>Wtedy rzek\u0142 do swych uczni\u00f3w: \u201e\u017bniwo wprawdzie wielkie, ale robotnik\u00f3w ma\u0142o. Pro\u015bcie wi\u0119c Pana \u017cniwa, \u017ceby wyprawi\u0142 robotnik\u00f3w na swoje \u017cniwo\u201d.<\/b><\/span><\/span><\/p>\n<p align=\"justify\">\n<p align=\"justify\">\n<p align=\"justify\">\n<p align=\"justify\">\n<p align=\"justify\">\n<p class=\"western\" align=\"center\"><span style=\"font-family: Book Antiqua, serif;\"><span style=\"font-size: large;\"><b>A OTO S\u0141\u00d3WKO KACPRA:<\/b><\/span><\/span><\/p>\n<p align=\"center\">\n<p align=\"center\">\n<p align=\"center\">\n<p align=\"center\">\n<p align=\"center\">\n<p class=\"western\" align=\"justify\"><span style=\"font-size: large;\"><span style=\"font-family: Book Antiqua, serif;\">W dzisiejszym pierwszym czytaniu prorok Ozeasz przemawia w Imieniu Boga. Mamy tutaj zarzut, kierowany do narodu wybranego, \u017ce zapomnia\u0142 o dobroci i wielko\u015bci Boga Jahwe i sprzeciwi\u0142 si\u0119 swojemu stw\u00f3rcy. Widzimy, \u017ce Izraelici wol\u0105 czci\u0107 obce bo\u017cki, zrobione przez cz\u0142owieka, ni\u017c prawdziwego niewidzialnego Boga, kt\u00f3ry bardzo wiele razy pokazywa\u0142 im swoj\u0105 pot\u0119g\u0119 i moc. Te zdarzenia, opisane przez Ozeasza, nie by\u0142y pierwszym sprzeniewierzeniem si\u0119 narodu wybranego Bogu. Pami\u0119tamy sceny chocia\u017cby po wyj\u015bciu z Egiptu, jak Izraelici uczynili sobie z\u0142otego cielca, kt\u00f3remu oddawali cze\u015b\u0107.<\/span><\/span><\/p>\n<p class=\"western\" align=\"justify\"><span style=\"font-size: large;\"><span style=\"font-family: Book Antiqua, serif;\">Takie dzia\u0142anie zdecydowanie oddziela ich od mi\u0142o\u015bci oraz ogromu \u0142ask Bo\u017cych. Mo\u017cna powiedzie\u0107, \u017ce na w\u0142asne \u017cyczenie odchodz\u0105 od Boga i zupe\u0142nie jak ten syn marnotrawny z Jezusowej przypowie\u015bci, m\u00f3wi\u0105 swojemu ojcu, \u017ce wol\u0105 korzysta\u0107 z dobrodziejstw tego \u015bwiata, ni\u017c z jego dobroci i domu. <\/span><\/span><\/p>\n<p class=\"western\" align=\"justify\"><span style=\"font-size: large;\"><span style=\"font-family: Book Antiqua, serif;\">Czytaj\u0105c te historie, cz\u0119sto zadaj\u0119 sobie pytanie \u2013 jak Izraelici, widz\u0105c tyle znak\u00f3w dzia\u0142ania Boga w ich \u017cyciu, potrafili tak po prostu czci\u0107 inne bo\u017cki? Dlaczego w og\u00f3le szukali i tworzyli co\u015b zupe\u0142nie innego? Dlaczego nie potrafili wytrwa\u0107 w dobrobycie i \u0142askach, dawanych od Boga, tylko szukali czego\u015b wi\u0119cej, co przynosi\u0142o im wi\u0119cej cierpienia, l\u0119ku, niedostatku i finalnie niewol\u0119?\u2026 Dopiero wtedy, b\u0119d\u0105c w niewoli \u2013 czy to egipskiej, czy potem asyryjskiej, czy wreszcie babilo\u0144skiej \u2013 wracali my\u015blami i modlitwami do Boga i prosili Go o przebaczenie oraz wyzwolenie.<\/span><\/span><\/p>\n<p class=\"western\" align=\"justify\"><span style=\"font-size: large;\"><span style=\"font-family: Book Antiqua, serif;\">Zaraz po tym pierwszym pytaniu nasuwa mi si\u0119 kolejne: Czy my obecnie nie zachowujemy si\u0119 podobnie, jak nar\u00f3d wybrany? Czy my \u2013 do\u015bwiadczaj\u0105c dzia\u0142ania Boga w naszym \u017cyciu \u2013 nie stawiamy na pierwszym miejscu d\u00f3br materialnych? Czy nie jest dla nas wa\u017cniejsza kariera, praca b\u0105d\u017a bycie popularnym? Czy nie czcimy przypadkiem pi\u0119knego wygl\u0105du, \u0142atwego i przyjemnego \u017cycia? Czy nie jest czasami tak, \u017ce t\u0142umaczymy sobie, i\u017c musimy w \u017cyciu wszystkiego spr\u00f3bowa\u0107, bo przecie\u017c \u017cyje si\u0119 tylko raz? <\/span><\/span><\/p>\n<p class=\"western\" align=\"justify\"><span style=\"font-size: large;\"><span style=\"font-family: Book Antiqua, serif;\">Coraz cz\u0119\u015bciej mo\u017cemy zauwa\u017cy\u0107, \u017ce relacje mi\u0119dzy lud\u017ami s\u0105 bardzo szybkie, przelotne, wr\u0119cz pozbawione zaanga\u017cowania. Coraz cz\u0119\u015bciej skupiamy si\u0119 tylko na sobie \u2013 zamiast dostrzec drugiego cz\u0142owieka. Dopiero w sytuacji, gdy zaczyna wali\u0107 nam si\u0119 \u017cycie, to odnajdujemy w sobie motywacj\u0119 do tego, aby wr\u00f3ci\u0107 do kochaj\u0105cego Ojca i prosi\u0107 Go o przebaczenie. <\/span><\/span><\/p>\n<p class=\"western\" align=\"justify\"><span style=\"font-size: large;\"><span style=\"font-family: Book Antiqua, serif;\">Niestety, s\u0105 i tacy, kt\u00f3rym duma \u2013 b\u0105d\u017a cokolwiek innego \u2013 nie pozwala wr\u00f3ci\u0107 do Ojca i prosi\u0107 o przebaczenie. Takich ludzi jest mi najbardziej szkoda, poniewa\u017c na szali jest ich \u017cycie wieczne.<\/span><\/span><\/p>\n<p class=\"western\" align=\"justify\"><span style=\"font-size: large;\"><span style=\"font-family: Book Antiqua, serif;\">Dlatego tak bardzo wa\u017cne jest to ostatnie zdanie z dzisiejszej Ewangelii, gdzie Jezus m\u00f3wi do swoich uczni\u00f3w: <i><b>\u017bniwo wprawdzie wielkie, ale robotnik\u00f3w ma\u0142o. Pro\u015bcie wi\u0119c Pana \u017cniwa, \u017ceby wyprawi\u0142 robotnik\u00f3w na swoje \u017cniwo.<\/b><\/i><i> <\/i>Cz\u0119sto te zdanie jest wykorzystywane do modlitw o nowe powo\u0142ania kap\u0142a\u0144skie i zakonne \u2013 i jest to jak najbardziej s\u0142uszne. Wierz\u0119 jednak, \u017ce ka\u017cdy z nas jest powo\u0142any, aby przyprowadza\u0107 do Jezusa zagubione owce. To zdanie Jezus wypowiada tu\u017c po u\u015bwiadomieniu sobie, jak bardzo ludzie s\u0105 zagubieni i s\u0105 potrzebuj\u0105cy. Ewangelista Mateusz pisze: <i><b>A widz\u0105c t\u0142umy ludzi, litowa\u0142 si\u0119 nad nimi, bo byli zn\u0119kani i porzuceni, jak owce nie maj\u0105ce pasterza.<\/b><\/i><\/span><\/span><\/p>\n<p class=\"western\" align=\"justify\"><span style=\"font-size: large;\"><span style=\"font-family: Book Antiqua, serif;\">Ostatnio czyta\u0142em wst\u0119p do codziennych rozwa\u017ca\u0144 na blogu Ksi\u0119dza Jacka, w kt\u00f3rym opisywa\u0142 sytuacj\u0119 Ks. Micha\u0142a Olszewskiego. W tym wst\u0119pnie wybrzmia\u0142a modlitwa o pasterza pokroju Prymasa Wyszy\u0144skiego, kt\u00f3ry b\u0119dzie odwa\u017cnie i z zaanga\u017cowaniem prowadzi\u0142 Ko\u015bci\u00f3\u0142 w Polsce. Te\u017c si\u0119 za to modl\u0119, poniewa\u017c widz\u0119, \u017ce w naszym Ko\u015bciele jest bardzo du\u017co podzia\u0142\u00f3w. <\/span><\/span><\/p>\n<p class=\"western\" align=\"justify\"><span style=\"font-size: large;\"><span style=\"font-family: Book Antiqua, serif;\">Modl\u0119 si\u0119 r\u00f3wnie\u017c o m\u0105drych i odpowiedzialnych lider\u00f3w wsp\u00f3lnot, aby swoim zaanga\u017cowaniem powodowali, \u017ce ludzi w Ko\u015bciele b\u0119dzie przybywa\u0142o, a nie ubywa\u0142o. Bo sposob\u00f3w ewangelizacji jest bardzo wiele i bardzo wiele os\u00f3b robi pi\u0119kne i wspania\u0142e rzeczy, aby jak najwi\u0119cej dusz zosta\u0142o zbawionych.<\/span><\/span><\/p>\n<p class=\"western\" align=\"justify\"><span style=\"font-size: large;\"><span style=\"font-family: Book Antiqua, serif;\">Widzimy, \u017ce wobec Jezusa spiskowali faryzeusze. Twierdzili, \u017ce wyrzuca z\u0142e duchy moc\u0105 ich przyw\u00f3dcy. Mo\u017cna by rzec, \u017ce jest to absurdalna logika, ale czego to cz\u0142owiek nie wymy\u015bli, aby tylko obrzuci\u0107 b\u0142otem drugiego cz\u0142owieka. Skoro Jezus \u2013 b\u0119d\u0105c Bogiem, czyni\u0105c cuda, pomagaj\u0105c ludziom \u2013 by\u0142 szkalowany przez innych, to o ile bardziej my jeste\u015bmy nara\u017ceni na to samo. Czy nale\u017cy si\u0119 tym przejmowa\u0107? <\/span><\/span><\/p>\n<p class=\"western\" align=\"justify\"><span style=\"font-size: large;\"><span lang=\"pl-PL\"><span style=\"font-family: Book Antiqua, serif;\">Wed\u0142ug mnie \u2013 zdecydowanie nie! Sam Jezus m\u00f3wi\u0142, \u017ce ludzi mamy si\u0119 nie ba\u0107, bo nic nam uczyni\u0107 nie mog\u0105. S\u0105dzeni b\u0119dziemy z mi\u0142o\u015bci do drugiego cz\u0142owieka. To tylko od nas zale\u017cy, czy chcemy przyprowadzi\u0107 innych do Boga, czy nie. Walka toczy si\u0119 o ka\u017cdego cz\u0142owieka \u2013 i jego \u017cycie wieczne.<\/span><\/span><\/span><\/p>\n<p class=\"western\" align=\"justify\"><span style=\"font-size: large;\"><span lang=\"pl-PL\"><span style=\"font-family: Book Antiqua, serif;\">Nie wiem, na jakim etapie rozwoju duchowego jeste\u015b. Niezale\u017cnie <\/span><\/span><span lang=\"pl-PL\">jednak <\/span><span lang=\"pl-PL\">od tego, zastan\u00f3w si\u0119 dzisiaj, czy jest chocia\u017c jedna rzecz, kt\u00f3ra rozprasza Ci\u0119 i nie pozwala budowa\u0107 jeszcze bli\u017cszej relacji z Bogiem. Mo\u017ce w\u0142a\u015bnie jaka\u015b jedna, ma\u0142a rzecz, jest Twoim bo\u017ckiem, kt\u00f3ry zrobi\u0142e\u015b b\u0105d\u017a zrobi\u0142a\u015b sobie moc\u0105 ludzk\u0105 i kurczowo trzymasz si\u0119 <\/span><span lang=\"pl-PL\">tego,<\/span><span lang=\"pl-PL\"> pomijaj\u0105c w tym kochanego i dobrego Boga. <\/span><\/span><\/p>\n<p class=\"western\" align=\"justify\"><span style=\"font-size: large;\"><span lang=\"pl-PL\"><span style=\"font-family: Book Antiqua, serif;\">Z drugiej za\u015b strony pami\u0119taj, \u017ce Jezus m\u00f3wi do ka\u017cdego z nas, <\/span><\/span><span lang=\"pl-PL\">i<\/span><span lang=\"pl-PL\">\u017c pracy jest sporo, a ludzi ch\u0119tnych do pracy nie tak <\/span><span lang=\"pl-PL\">znowu <\/span><span lang=\"pl-PL\">wiele. M\u00f3dlmy si\u0119 za naszych duszpasterzy, lider\u00f3w, pastor\u00f3w i wszystkich, kt\u00f3rzy odpowiedzialni s\u0105 za prowadzenie ludzi do najlepszego pasterza \u015bwiata \u2013 Jezusa! Niech dobry Pan daje im m\u0105dro\u015b\u0107, ale i pokor\u0119 oraz si\u0142\u0119 do swojej pos\u0142ugi.<\/span><\/span><\/p>\n","protected":false},"excerpt":{"rendered":"<p>Szcz\u0119\u015b\u0107 Bo\u017ce! Moi Drodzy, w dniu dzisiejszym urodziny prze\u017cywa Pawe\u0142 Kaczorowski, m\u00f3j znajomy od wielu lat, od czasu dzia\u0142alno\u015bci m\u0142odzie\u017cowych Wsp\u00f3lnot. Imieniny z kolei prze\u017cywa Weronika Pogoda, Osoba czynnie zaanga\u017cowana w \u017cycie Parafii w Samogoszczy. Wszystkim \u015bwi\u0119tuj\u0105cym \u017cycz\u0119 trwania z Jezusem i przy Jezusie \u2013 z rado\u015bci\u0105 i nadziej\u0105. Zapewniam o modlitwie! A ja dzisiaj [&hellip;]<\/p>\n","protected":false},"author":1,"featured_media":0,"comment_status":"open","ping_status":"open","sticky":false,"template":"","format":"standard","meta":{"jetpack_post_was_ever_published":false,"_jetpack_newsletter_access":"","_jetpack_dont_email_post_to_subs":false,"_jetpack_newsletter_tier_id":0,"_jetpack_memberships_contains_paywalled_content":false,"_jetpack_memberships_contains_paid_content":false,"footnotes":""},"categories":[1],"tags":[],"class_list":["post-22630","post","type-post","status-publish","format-standard","hentry","category-bez-kategorii"],"yoast_head":"<!-- This site is optimized with the Yoast SEO plugin v25.1 - https:\/\/yoast.com\/wordpress\/plugins\/seo\/ -->\n<title>A widz\u0105c t\u0142umy - litowa\u0142 si\u0119... - Gaudium Et Spes<\/title>\n<meta name=\"robots\" content=\"index, follow, max-snippet:-1, max-image-preview:large, max-video-preview:-1\" \/>\n<link rel=\"canonical\" href=\"https:\/\/gaudiumetspes-blog.pl\/index.php\/2024\/07\/09\/a-widzac-tlumy-litowal-sie\/\" \/>\n<meta property=\"og:locale\" content=\"pl_PL\" \/>\n<meta property=\"og:type\" content=\"article\" \/>\n<meta property=\"og:title\" content=\"A widz\u0105c t\u0142umy - litowa\u0142 si\u0119... - Gaudium Et Spes\" \/>\n<meta property=\"og:description\" content=\"Szcz\u0119\u015b\u0107 Bo\u017ce! Moi Drodzy, w dniu dzisiejszym urodziny prze\u017cywa Pawe\u0142 Kaczorowski, m\u00f3j znajomy od wielu lat, od czasu dzia\u0142alno\u015bci m\u0142odzie\u017cowych Wsp\u00f3lnot. Imieniny z kolei prze\u017cywa Weronika Pogoda, Osoba czynnie zaanga\u017cowana w \u017cycie Parafii w Samogoszczy. Wszystkim \u015bwi\u0119tuj\u0105cym \u017cycz\u0119 trwania z Jezusem i przy Jezusie \u2013 z rado\u015bci\u0105 i nadziej\u0105. Zapewniam o modlitwie! A ja dzisiaj [&hellip;]\" \/>\n<meta property=\"og:url\" content=\"https:\/\/gaudiumetspes-blog.pl\/index.php\/2024\/07\/09\/a-widzac-tlumy-litowal-sie\/\" \/>\n<meta property=\"og:site_name\" content=\"Gaudium Et Spes\" \/>\n<meta property=\"article:published_time\" content=\"2024-07-09T06:17:19+00:00\" \/>\n<meta name=\"author\" content=\"Ks. Jacek\" \/>\n<meta name=\"twitter:card\" content=\"summary_large_image\" \/>\n<meta name=\"twitter:label1\" content=\"Napisane przez\" \/>\n\t<meta name=\"twitter:data1\" content=\"Ks. Jacek\" \/>\n\t<meta name=\"twitter:label2\" content=\"Szacowany czas czytania\" \/>\n\t<meta name=\"twitter:data2\" content=\"8 minut\" \/>\n<script type=\"application\/ld+json\" class=\"yoast-schema-graph\">{\"@context\":\"https:\/\/schema.org\",\"@graph\":[{\"@type\":\"WebPage\",\"@id\":\"https:\/\/gaudiumetspes-blog.pl\/index.php\/2024\/07\/09\/a-widzac-tlumy-litowal-sie\/\",\"url\":\"https:\/\/gaudiumetspes-blog.pl\/index.php\/2024\/07\/09\/a-widzac-tlumy-litowal-sie\/\",\"name\":\"A widz\u0105c t\u0142umy - litowa\u0142 si\u0119... - Gaudium Et Spes\",\"isPartOf\":{\"@id\":\"https:\/\/gaudiumetspes-blog.pl\/#website\"},\"datePublished\":\"2024-07-09T06:17:19+00:00\",\"author\":{\"@id\":\"https:\/\/gaudiumetspes-blog.pl\/#\/schema\/person\/1661982992b752dea8dff0d4ed845a65\"},\"breadcrumb\":{\"@id\":\"https:\/\/gaudiumetspes-blog.pl\/index.php\/2024\/07\/09\/a-widzac-tlumy-litowal-sie\/#breadcrumb\"},\"inLanguage\":\"pl-PL\",\"potentialAction\":[{\"@type\":\"ReadAction\",\"target\":[\"https:\/\/gaudiumetspes-blog.pl\/index.php\/2024\/07\/09\/a-widzac-tlumy-litowal-sie\/\"]}]},{\"@type\":\"BreadcrumbList\",\"@id\":\"https:\/\/gaudiumetspes-blog.pl\/index.php\/2024\/07\/09\/a-widzac-tlumy-litowal-sie\/#breadcrumb\",\"itemListElement\":[{\"@type\":\"ListItem\",\"position\":1,\"name\":\"Strona g\u0142\u00f3wna\",\"item\":\"https:\/\/gaudiumetspes-blog.pl\/\"},{\"@type\":\"ListItem\",\"position\":2,\"name\":\"A&nbsp;widz\u0105c t\u0142umy &#8211; litowa\u0142 si\u0119&#8230;\"}]},{\"@type\":\"WebSite\",\"@id\":\"https:\/\/gaudiumetspes-blog.pl\/#website\",\"url\":\"https:\/\/gaudiumetspes-blog.pl\/\",\"name\":\"Gaudium Et Spes\",\"description\":\"Blog Ks. Jacka Ja\u015bkowskiego\",\"potentialAction\":[{\"@type\":\"SearchAction\",\"target\":{\"@type\":\"EntryPoint\",\"urlTemplate\":\"https:\/\/gaudiumetspes-blog.pl\/?s={search_term_string}\"},\"query-input\":{\"@type\":\"PropertyValueSpecification\",\"valueRequired\":true,\"valueName\":\"search_term_string\"}}],\"inLanguage\":\"pl-PL\"},{\"@type\":\"Person\",\"@id\":\"https:\/\/gaudiumetspes-blog.pl\/#\/schema\/person\/1661982992b752dea8dff0d4ed845a65\",\"name\":\"Ks. Jacek\",\"image\":{\"@type\":\"ImageObject\",\"inLanguage\":\"pl-PL\",\"@id\":\"https:\/\/gaudiumetspes-blog.pl\/#\/schema\/person\/image\/\",\"url\":\"https:\/\/gaudiumetspes-blog.pl\/wp-content\/uploads\/2019\/07\/avatar-JJ-150x150.jpg\",\"contentUrl\":\"https:\/\/gaudiumetspes-blog.pl\/wp-content\/uploads\/2019\/07\/avatar-JJ-150x150.jpg\",\"caption\":\"Ks. Jacek\"},\"description\":\"Witam serdecznie! K\u0142ania si\u0119 Ks. Jacek Ja\u015bkowski. Nie jestem ani kim\u015b wa\u017cnym, ani kim\u015b znanym. Jestem ksi\u0119dzem, kt\u00f3ry po prostu chce rozmawia\u0107. Codzienna kap\u0142a\u0144ska pos\u0142uga pokazuje mi, \u017ce temat\u00f3w do rozm\u00f3w z ksi\u0119dzem jest coraz wi\u0119cej i dzisiaj \u017caden ksi\u0105dz nie mo\u017ce od nich ucieka\u0107, ale - wprost przeciwnie - podejmowa\u0107 nowe wyzwania. To przekonanie sk\u0142oni\u0142o mnie do pr\u00f3by otwarcia tego\u017c bloga, chocia\u017c okazji do rozm\u00f3w na co dzie\u0144 - w konfesjonale i poza nim - na szcz\u0119\u015bcie nie brakuje. My\u015bl\u0119 jednak, \u017ce ten blog b\u0119dzie jeszcze jednym sposobem i przestrzeni\u0105 nawi\u0105zania kontaktu z lud\u017ami dobrej woli, otwartymi na dialog.\",\"url\":\"https:\/\/gaudiumetspes-blog.pl\/index.php\/author\/ks-jacek\/\"}]}<\/script>\n<!-- \/ Yoast SEO plugin. -->","yoast_head_json":{"title":"A widz\u0105c t\u0142umy - litowa\u0142 si\u0119... - Gaudium Et Spes","robots":{"index":"index","follow":"follow","max-snippet":"max-snippet:-1","max-image-preview":"max-image-preview:large","max-video-preview":"max-video-preview:-1"},"canonical":"https:\/\/gaudiumetspes-blog.pl\/index.php\/2024\/07\/09\/a-widzac-tlumy-litowal-sie\/","og_locale":"pl_PL","og_type":"article","og_title":"A widz\u0105c t\u0142umy - litowa\u0142 si\u0119... - Gaudium Et Spes","og_description":"Szcz\u0119\u015b\u0107 Bo\u017ce! Moi Drodzy, w dniu dzisiejszym urodziny prze\u017cywa Pawe\u0142 Kaczorowski, m\u00f3j znajomy od wielu lat, od czasu dzia\u0142alno\u015bci m\u0142odzie\u017cowych Wsp\u00f3lnot. Imieniny z kolei prze\u017cywa Weronika Pogoda, Osoba czynnie zaanga\u017cowana w \u017cycie Parafii w Samogoszczy. Wszystkim \u015bwi\u0119tuj\u0105cym \u017cycz\u0119 trwania z Jezusem i przy Jezusie \u2013 z rado\u015bci\u0105 i nadziej\u0105. Zapewniam o modlitwie! A ja dzisiaj [&hellip;]","og_url":"https:\/\/gaudiumetspes-blog.pl\/index.php\/2024\/07\/09\/a-widzac-tlumy-litowal-sie\/","og_site_name":"Gaudium Et Spes","article_published_time":"2024-07-09T06:17:19+00:00","author":"Ks. Jacek","twitter_card":"summary_large_image","twitter_misc":{"Napisane przez":"Ks. Jacek","Szacowany czas czytania":"8 minut"},"schema":{"@context":"https:\/\/schema.org","@graph":[{"@type":"WebPage","@id":"https:\/\/gaudiumetspes-blog.pl\/index.php\/2024\/07\/09\/a-widzac-tlumy-litowal-sie\/","url":"https:\/\/gaudiumetspes-blog.pl\/index.php\/2024\/07\/09\/a-widzac-tlumy-litowal-sie\/","name":"A widz\u0105c t\u0142umy - litowa\u0142 si\u0119... - Gaudium Et Spes","isPartOf":{"@id":"https:\/\/gaudiumetspes-blog.pl\/#website"},"datePublished":"2024-07-09T06:17:19+00:00","author":{"@id":"https:\/\/gaudiumetspes-blog.pl\/#\/schema\/person\/1661982992b752dea8dff0d4ed845a65"},"breadcrumb":{"@id":"https:\/\/gaudiumetspes-blog.pl\/index.php\/2024\/07\/09\/a-widzac-tlumy-litowal-sie\/#breadcrumb"},"inLanguage":"pl-PL","potentialAction":[{"@type":"ReadAction","target":["https:\/\/gaudiumetspes-blog.pl\/index.php\/2024\/07\/09\/a-widzac-tlumy-litowal-sie\/"]}]},{"@type":"BreadcrumbList","@id":"https:\/\/gaudiumetspes-blog.pl\/index.php\/2024\/07\/09\/a-widzac-tlumy-litowal-sie\/#breadcrumb","itemListElement":[{"@type":"ListItem","position":1,"name":"Strona g\u0142\u00f3wna","item":"https:\/\/gaudiumetspes-blog.pl\/"},{"@type":"ListItem","position":2,"name":"A&nbsp;widz\u0105c t\u0142umy &#8211; litowa\u0142 si\u0119&#8230;"}]},{"@type":"WebSite","@id":"https:\/\/gaudiumetspes-blog.pl\/#website","url":"https:\/\/gaudiumetspes-blog.pl\/","name":"Gaudium Et Spes","description":"Blog Ks. Jacka Ja\u015bkowskiego","potentialAction":[{"@type":"SearchAction","target":{"@type":"EntryPoint","urlTemplate":"https:\/\/gaudiumetspes-blog.pl\/?s={search_term_string}"},"query-input":{"@type":"PropertyValueSpecification","valueRequired":true,"valueName":"search_term_string"}}],"inLanguage":"pl-PL"},{"@type":"Person","@id":"https:\/\/gaudiumetspes-blog.pl\/#\/schema\/person\/1661982992b752dea8dff0d4ed845a65","name":"Ks. Jacek","image":{"@type":"ImageObject","inLanguage":"pl-PL","@id":"https:\/\/gaudiumetspes-blog.pl\/#\/schema\/person\/image\/","url":"https:\/\/gaudiumetspes-blog.pl\/wp-content\/uploads\/2019\/07\/avatar-JJ-150x150.jpg","contentUrl":"https:\/\/gaudiumetspes-blog.pl\/wp-content\/uploads\/2019\/07\/avatar-JJ-150x150.jpg","caption":"Ks. Jacek"},"description":"Witam serdecznie! K\u0142ania si\u0119 Ks. Jacek Ja\u015bkowski. Nie jestem ani kim\u015b wa\u017cnym, ani kim\u015b znanym. Jestem ksi\u0119dzem, kt\u00f3ry po prostu chce rozmawia\u0107. Codzienna kap\u0142a\u0144ska pos\u0142uga pokazuje mi, \u017ce temat\u00f3w do rozm\u00f3w z ksi\u0119dzem jest coraz wi\u0119cej i dzisiaj \u017caden ksi\u0105dz nie mo\u017ce od nich ucieka\u0107, ale - wprost przeciwnie - podejmowa\u0107 nowe wyzwania. To przekonanie sk\u0142oni\u0142o mnie do pr\u00f3by otwarcia tego\u017c bloga, chocia\u017c okazji do rozm\u00f3w na co dzie\u0144 - w konfesjonale i poza nim - na szcz\u0119\u015bcie nie brakuje. My\u015bl\u0119 jednak, \u017ce ten blog b\u0119dzie jeszcze jednym sposobem i przestrzeni\u0105 nawi\u0105zania kontaktu z lud\u017ami dobrej woli, otwartymi na dialog.","url":"https:\/\/gaudiumetspes-blog.pl\/index.php\/author\/ks-jacek\/"}]}},"jetpack_featured_media_url":"","jetpack_sharing_enabled":true,"_links":{"self":[{"href":"https:\/\/gaudiumetspes-blog.pl\/index.php\/wp-json\/wp\/v2\/posts\/22630","targetHints":{"allow":["GET"]}}],"collection":[{"href":"https:\/\/gaudiumetspes-blog.pl\/index.php\/wp-json\/wp\/v2\/posts"}],"about":[{"href":"https:\/\/gaudiumetspes-blog.pl\/index.php\/wp-json\/wp\/v2\/types\/post"}],"author":[{"embeddable":true,"href":"https:\/\/gaudiumetspes-blog.pl\/index.php\/wp-json\/wp\/v2\/users\/1"}],"replies":[{"embeddable":true,"href":"https:\/\/gaudiumetspes-blog.pl\/index.php\/wp-json\/wp\/v2\/comments?post=22630"}],"version-history":[{"count":1,"href":"https:\/\/gaudiumetspes-blog.pl\/index.php\/wp-json\/wp\/v2\/posts\/22630\/revisions"}],"predecessor-version":[{"id":22631,"href":"https:\/\/gaudiumetspes-blog.pl\/index.php\/wp-json\/wp\/v2\/posts\/22630\/revisions\/22631"}],"wp:attachment":[{"href":"https:\/\/gaudiumetspes-blog.pl\/index.php\/wp-json\/wp\/v2\/media?parent=22630"}],"wp:term":[{"taxonomy":"category","embeddable":true,"href":"https:\/\/gaudiumetspes-blog.pl\/index.php\/wp-json\/wp\/v2\/categories?post=22630"},{"taxonomy":"post_tag","embeddable":true,"href":"https:\/\/gaudiumetspes-blog.pl\/index.php\/wp-json\/wp\/v2\/tags?post=22630"}],"curies":[{"name":"wp","href":"https:\/\/api.w.org\/{rel}","templated":true}]}}