{"id":22743,"date":"2024-08-26T08:08:00","date_gmt":"2024-08-26T06:08:00","guid":{"rendered":"https:\/\/gaudiumetspes-blog.pl\/?p=22743"},"modified":"2024-08-26T08:08:00","modified_gmt":"2024-08-26T06:08:00","slug":"zrobcie-wszystko-co-wam-powie","status":"publish","type":"post","link":"https:\/\/gaudiumetspes-blog.pl\/index.php\/2024\/08\/26\/zrobcie-wszystko-co-wam-powie\/","title":{"rendered":"Zr\u00f3bcie wszystko, co Wam powie!"},"content":{"rendered":"<p align=\"justify\"><span style=\"color: #000000;\"><span style=\"font-family: Book Antiqua, serif;\"><span style=\"font-size: large;\">Niech b\u0119dzie pochwalony Jezus Chrystus! Moi Drodzy, w dniu dzisiejszym <b>rocznic\u0119 \u015blubu prze\u017cywaj\u0105 Micha\u0142 i Natalia Ja\u015bkowscy, czyli m\u00f3j Brat stryjeczny i Jego \u017bona. Niech Im Pan b\u0142ogos\u0142awi w codziennym kszta\u0142towaniu atmosfery domowego Ko\u015bcio\u0142a <\/b><b>w <\/b><b>Ich domu! Zapewniam o modlitwie.<\/b><\/span><\/span><\/span><\/p>\n<p align=\"justify\"><span style=\"color: #000000;\"><span style=\"font-family: Book Antiqua, serif;\"><span style=\"font-size: large;\">Moi Drodzy, chocia\u017c dzisiaj nie ma obowi\u0105zku uczestniczenia we Mszy \u015awi\u0119tej, to jednak bardzo serdecznie \u2013 na miar\u0119 mo\u017cliwo\u015bci \u2013 do tego zach\u0119cam. <\/span><\/span><\/span><\/p>\n<p align=\"justify\"><span style=\"color: #000000;\"><span style=\"font-family: Book Antiqua, serif;\"><span style=\"font-size: large;\">A ja bardzo serdecznie \u2013 wraz z ca\u0142\u0105 Ekip\u0105 \u2013 pozdrawiam Was z Rzymu. Ta moja Ekipa to: Pani Doktor Joanna Borowicz, dobrze nam wszystkim znana \u2013 Osoba zaanga\u017cowana w tworzenie kszta\u0142tu katechezy i duchowej formacji M\u0142odzie\u017cy, nie tylko w naszej Diecezji; a tak\u017ce Cz\u0142onkowie Wsp\u00f3lnoty SPE SALVI: Lektorzy z Leopoldowa: Szymon Sala i Filip Dawidek; a tak\u017ce: Lektorzy z Samogoszczy: Kacper Kuc i Piotr Kalbarczyk.<\/span><\/span><\/span><\/p>\n<p align=\"justify\"><span style=\"color: #000000;\"><span style=\"font-family: Book Antiqua, serif;\"><span style=\"font-size: large;\">Dojechali\u015bmy wczoraj o 18:00, po dwudziestu godzinach ci\u0105g\u0142ej jazdy, przerywanej kilkoma koniecznymi, kr\u00f3tkimi postojami. Powita\u0142a nas Pani Natalia, Polka od dwudziestu sze\u015bciu lat mieszkaj\u0105ca w Rzymie i zajmuj\u0105ca si\u0119 w\u0142a\u015bnie organizowaniem tego typu pomocy turystom. B\u0119dzie nam nami czuwa\u0142a przez ten tydzie\u0144.<\/span><\/span><\/span><\/p>\n<p align=\"justify\"><span style=\"color: #000000;\"><span style=\"font-family: Book Antiqua, serif;\"><span style=\"font-size: large;\">Wczoraj, po odprawieniu Mszy \u015awi\u0119tej i po kolacji \u2013 udali\u015bmy si\u0119 do swoich hotelowych pokoj\u00f3w. Pani Doktor w jednym hotelu, a Ch\u0142opaki w drugim. Dzisiaj ju\u017c dojdziemy do Ch\u0142opak\u00f3w i b\u0119dziemy w jednym. <\/span><\/span><\/span><\/p>\n<p align=\"justify\"><span style=\"color: #000000;\"><span style=\"font-family: Book Antiqua, serif;\"><span style=\"font-size: large;\">Na dzi\u015b planujemy pi\u0119ciogodzinn\u0105 w\u0119dr\u00f3wk\u0119, od godziny 18:00, z Placu \u015awi\u0119tego Piotra, pod tytu\u0142em: RZYM NOC\u0104. Nasz\u0105 Przewodniczk\u0105 b\u0119dzie znana nam od zesz\u0142ego roku Pani Gra\u017cyna Violtetta Hawryluk, Absolwentka Uniwersytetu w Siedlcach. A w ci\u0105gu dnia \u2013 co\u015b wymy\u015blimy. Po \u015bniadaniu b\u0119dzie narada.<\/span><\/span><\/span><\/p>\n<p align=\"justify\"><span style=\"color: #000000;\"><span style=\"font-family: Book Antiqua, serif;\"><span style=\"font-size: large;\">Drodzy moi, bardzo serdecznie polecam Waszej modlitewnej pami\u0119ci podr\u00f3\u017c Ksi\u0119dza Marka na Syberi\u0119. Dzisiaj, o 11:50, wyruszy On z Olsztyna, gdzie wczoraj, przez ca\u0142y dzie\u0144, g\u0142osi\u0142 Bo\u017ce s\u0142owo w Parafii naszego Stryjostwa. Dzisiaj autobusem rejsowym przejedzie przez granic\u0119 i potem ju\u017c \u2013 po jednodniowym pobycie w Kaliningradzie \u2013 do Surgutu, gdzie planuje znale\u017a\u0107 si\u0119 jutro rano. Natomiast szczeg\u00f3lnego naszego modlitewnego wsparcia potrzeba, gdy idzie o przekroczenie granicy rosyjskiej. B\u0105d\u017amy z Ksi\u0119dzem Markiem!<\/span><\/span><\/span><\/p>\n<p align=\"justify\"><span style=\"color: #000000;\"><span style=\"font-family: Book Antiqua, serif;\"><span style=\"font-size: large;\">Teraz za\u015b ju\u017c zapraszam Was do pochylenia si\u0119 nad Bo\u017cym s\u0142owem dzisiejszej liturgii. Oto s\u0142\u00f3wko Ksi\u0119dza Marka na dzi\u015b:<\/span><\/span><\/span><\/p>\n<p align=\"justify\"><span style=\"color: #000000;\"><span style=\"font-family: Book Antiqua, serif;\"><span style=\"font-size: medium;\"><a href=\"https:\/\/www.youtube.com\/c\/CatholicSurgut\"><span style=\"font-size: large;\"><b>https:\/\/www.youtube.com\/c\/CatholicSurgut<\/b><\/span><\/a><\/span><\/span><\/span><\/p>\n<p align=\"justify\"><span style=\"color: #000000;\"><span style=\"font-family: Book Antiqua, serif;\"><span style=\"font-size: large;\">Poni\u017cej za\u015b \u2013 s\u0142\u00f3wko Janka, przygotowane jak co poniedzia\u0142ek, za co te\u017c bardzo serdecznie dzi\u0119kuj\u0119!<\/span><\/span><\/span><\/p>\n<p align=\"justify\"><span style=\"color: #000000;\"><span style=\"font-family: Book Antiqua, serif;\"><span style=\"font-size: large;\">A zatem: co dzi\u015b m\u00f3wi do mnie Pan? Z jakim <b>bardzo osobistym przes\u0142aniem zwraca si\u0119 do mnie osobi\u015bcie \u2013 przez swoj\u0105 Matk\u0119, kt\u00f3ra dzi\u015b m\u00f3wi: \u00abZr\u00f3b wszystko, co ci powie Jezus\u00bb?<\/b> Duchu \u015awi\u0119ty, podpowiedz\u2026<\/span><\/span><\/span><\/p>\n<p align=\"justify\"><span style=\"color: #000000;\"><span style=\"font-family: Book Antiqua, serif;\"><span style=\"font-size: large;\"><b>Niech Was b\u0142ogos\u0142awi B\u00f3g Wszechmog\u0105cy: Ojciec + i Syn, i Duch \u015awi\u0119ty. Amen<\/b><\/span><\/span><\/span><\/p>\n<p align=\"center\"><span style=\"color: #000000;\"><span style=\"font-family: Book Antiqua, serif;\"><span style=\"font-size: large;\">Gaudium et spes! Ks. Jacek<\/span><\/span><\/span><\/p>\n<p align=\"center\">\n<p align=\"center\">\n<p align=\"center\">\n<p align=\"center\">\n<p align=\"center\">\n<p align=\"justify\"><span style=\"color: #000000;\"><span style=\"font-family: Book Antiqua, serif;\"><span style=\"font-size: large;\"><b>Uroczysto\u015b\u0107 Naj\u015bwi\u0119tszej Maryi Panny Cz\u0119stochowskiej,<\/b><\/span><\/span><\/span><\/p>\n<p align=\"justify\"><span style=\"color: #000000;\"><span style=\"font-family: Book Antiqua, serif;\"><span style=\"font-size: large;\"><b>26 sierpnia 2024.,<\/b><\/span><\/span><\/span><\/p>\n<p align=\"justify\"><span style=\"color: #000000;\"><span style=\"font-family: Book Antiqua, serif;\"><span style=\"font-size: large;\"><b>do czyta\u0144 z t. VI Lekcjonarza: <\/b><\/span><\/span><\/span><\/p>\n<p align=\"justify\"><span style=\"color: #000000;\"> <span style=\"font-family: Book Antiqua, serif;\"><span style=\"font-size: large;\"><b>Prz 8,22\u201335 albo: Iz 2,2\u20135; Ga 4,4\u20137; J 2,1\u201311<\/b><\/span><\/span><\/span><\/p>\n<p align=\"justify\">\n<p align=\"justify\">\n<p align=\"justify\">\n<p align=\"justify\">\n<p align=\"justify\">\n<p align=\"justify\"><span style=\"color: #000000;\"><span style=\"font-family: Book Antiqua, serif;\"><span style=\"font-size: large;\"><b>CZYTANIE Z KSI\u0118GI PRZYS\u0141\u00d3W:<\/b><\/span><\/span><\/span><\/p>\n<p align=\"justify\"><span style=\"color: #000000;\"><span style=\"font-family: Book Antiqua, serif;\"><span style=\"font-size: large;\"><b>To m\u00f3wi M\u0105dro\u015b\u0107 Bo\u017ca: \u201ePan mnie stworzy\u0142, swe arcydzie\u0142o, przed swymi czynami, od dawna, od wiek\u00f3w jestem stworzona, od pocz\u0105tku, nim ziemia powsta\u0142a.<\/b><\/span><\/span><\/span><\/p>\n<p align=\"justify\"><span style=\"color: #000000;\"><span style=\"font-family: Book Antiqua, serif;\"><span style=\"font-size: large;\"><b>Jestem zrodzona, gdy jeszcze bezmiar w\u00f3d nie istnia\u0142 ani \u017ar\u00f3d\u0142a, co wod\u0105 tryskaj\u0105, i zanim g\u00f3ry stan\u0119\u0142y. Pocz\u0119ta jestem przed pag\u00f3rkami, nim ziemi\u0119 i pola uczyni\u0142, pocz\u0105tek py\u0142u na ziemi.<\/b><\/span><\/span><\/span><\/p>\n<p align=\"justify\"><span style=\"color: #000000;\"><span style=\"font-family: Book Antiqua, serif;\"><span style=\"font-size: large;\"><b>Gdy niebo umacnia\u0142, z Nim by\u0142am, gdy kre\u015bli\u0142 sklepienie nad bezmiarem w\u00f3d, gdy w g\u00f3rze utwierdza\u0142 ob\u0142oki, gdy \u017ar\u00f3d\u0142a wielkiej otch\u0142ani umacnia\u0142, gdy morzu stawia\u0142 granice, by wody z brzeg\u00f3w nie wysz\u0142y, gdy kre\u015bli\u0142 fundamenty pod ziemi\u0119. Ja by\u0142am przy Nim mistrzyni\u0105, rozkosz\u0105 Jego dzie\u0144 po dniu, ca\u0142y czas igraj\u0105c przed Nim, igraj\u0105c na okr\u0119gu ziemi, znajduj\u0105c rado\u015b\u0107 przy synach ludzkich.<\/b><\/span><\/span><\/span><\/p>\n<p align=\"justify\"><span style=\"color: #000000;\"><span style=\"font-family: Book Antiqua, serif;\"><span style=\"font-size: large;\"><b>Wi\u0119c teraz, synowie, s\u0142uchajcie mnie, szcz\u0119\u015bliwi, co dr\u00f3g moich strzeg\u0105. Przyjmijcie nauk\u0119 i sta\u0144cie si\u0119 m\u0105drzy, poucze\u0144 mych nie odrzucajcie. B\u0142ogos\u0142awiony ten, kto mnie s\u0142ucha, kto co dzie\u0144 u drzwi moich czeka, by czuwa\u0107 u progu mej bramy, bo kto mnie znajdzie, ten znajdzie \u017cycie i uzyska \u0142ask\u0119 u Pana\u00bb.<\/b><\/span><\/span><\/span><\/p>\n<p align=\"justify\">\n<p align=\"justify\">\n<p align=\"justify\">\n<p align=\"justify\">\n<p align=\"justify\">\n<p align=\"center\"><span style=\"color: #000000;\"><span style=\"font-family: Book Antiqua, serif;\"><span style=\"font-size: large;\"><b>ALBO:<\/b><\/span><\/span><\/span><\/p>\n<p align=\"center\">\n<p align=\"center\">\n<p align=\"center\">\n<p align=\"center\">\n<p align=\"center\">\n<p align=\"justify\"><span style=\"color: #000000;\"><span style=\"font-family: Book Antiqua, serif;\"><span style=\"font-size: large;\"><b>CZYTANIE Z KSI\u0118GI PROROKA IZAJASZA:<\/b><\/span><\/span><\/span><\/p>\n<p align=\"justify\"><span style=\"color: #000000;\"><span style=\"font-family: Book Antiqua, serif;\"><span style=\"font-size: large;\"><b>Stanie si\u0119 na ko\u0144cu czas\u00f3w, \u017ce g\u00f3ra \u015bwi\u0105tyni Pana stanie mocno na wierzchu g\u00f3r i wystrzeli ponad pag\u00f3rki.<\/b><\/span><\/span><\/span><\/p>\n<p align=\"justify\"><span style=\"color: #000000;\"><span style=\"font-family: Book Antiqua, serif;\"><span style=\"font-size: large;\"><b>Wszystkie narody do niej pop\u0142yn\u0105, mnogie ludy p\u00f3jd\u0105 i rzekn\u0105: \u201eChod\u017acie, wst\u0105pmy na G\u00f3r\u0119 Pana do \u015bwi\u0105tyni Boga Jakuba. Niech nas nauczy dr\u00f3g swoich, by\u015bmy kroczyli Jego \u015bcie\u017ckami. Bo Prawo wyjdzie z Syjonu i s\u0142owo Pana z Jeruzalem\u201d.<\/b><\/span><\/span><\/span><\/p>\n<p align=\"justify\"><span style=\"color: #000000;\"><span style=\"font-family: Book Antiqua, serif;\"><span style=\"font-size: large;\"><b>On b\u0119dzie rozjemc\u0105 pomi\u0119dzy ludami i wyda wyroki dla licznych narod\u00f3w. Wtedy swe miecze przekuj\u0105 na lemiesze, a swoje w\u0142\u00f3cznie na sierpy. Nar\u00f3d przeciw narodowi nie podniesie miecza, nie b\u0119d\u0105 si\u0119 wi\u0119cej zaprawia\u0107 do wojny.<\/b><\/span><\/span><\/span><\/p>\n<p align=\"justify\"><span style=\"color: #000000;\"><span style=\"font-family: Book Antiqua, serif;\"><span style=\"font-size: large;\"><b>Chod\u017acie, domu Jakuba, post\u0119pujmy w \u015bwiat\u0142o\u015bci Pana.<\/b><\/span><\/span><\/span><\/p>\n<p align=\"justify\">\n<p align=\"justify\">\n<p align=\"justify\">\n<p align=\"justify\">\n<p align=\"justify\">\n<p align=\"justify\"><span style=\"color: #000000;\"><span style=\"font-family: Book Antiqua, serif;\"><span style=\"font-size: large;\"><b>CZYTANIE Z LISTU \u015aWI\u0118TEGO PAW\u0141A APOSTO\u0141A DO GALAT\u00d3W:<\/b><\/span><\/span><\/span><\/p>\n<p align=\"justify\"><span style=\"color: #000000;\"><span style=\"font-family: Book Antiqua, serif;\"><span style=\"font-size: large;\"><b>Bracia: Gdy nadesz\u0142a pe\u0142nia czasu, B\u00f3g zes\u0142a\u0142 swojego Syna, zrodzonego z niewiasty, zrodzonego pod Prawem, aby wykupi\u0142 tych, kt\u00f3rzy podlegali Prawu, aby\u015bmy mogli otrzyma\u0107 przybrane synostwo. Na dow\u00f3d tego, \u017ce jeste\u015bcie synami, B\u00f3g wys\u0142a\u0142 do serc naszych Ducha Syna swego, kt\u00f3ry wo\u0142a: \u201eAbba, Ojcze\u201d. A zatem nie jeste\u015b ju\u017c niewolnikiem, lecz synem. Je\u017celi za\u015b synem, to i dziedzicem z woli Bo\u017cej.<\/b><\/span><\/span><\/span><\/p>\n<p align=\"justify\">\n<p align=\"justify\">\n<p align=\"justify\">\n<p align=\"justify\">\n<p align=\"justify\">\n<p align=\"justify\"><span style=\"color: #000000;\"><span style=\"font-family: Book Antiqua, serif;\"><span style=\"font-size: large;\"><b>S\u0141OWA EWANGELII WED\u0141UG \u015aWI\u0118TEGO JANA:<\/b><\/span><\/span><\/span><\/p>\n<p align=\"justify\"><span style=\"color: #000000;\"><span style=\"font-family: Book Antiqua, serif;\"><span style=\"font-size: large;\"><b>W Kanie Galilejskiej odbywa\u0142o si\u0119 wesele i by\u0142a tam Matka Jezusa.<\/b><\/span><\/span><\/span><\/p>\n<p align=\"justify\"><span style=\"color: #000000;\"><span style=\"font-family: Book Antiqua, serif;\"><span style=\"font-size: large;\"><b>Zaproszono na to wesele tak\u017ce Jezusa i Jego uczni\u00f3w. A kiedy zabrak\u0142o wina, Matka Jezusa m\u00f3wi do Niego: \u201eNie maj\u0105 ju\u017c wina\u201d.<\/b><\/span><\/span><\/span><\/p>\n<p align=\"justify\"><span style=\"color: #000000;\"><span style=\"font-family: Book Antiqua, serif;\"><span style=\"font-size: large;\"><b>Jezus Jej odpowiedzia\u0142: \u201eCzy\u017c to moja lub Twoja sprawa, Niewiasto? Jeszcze nie nadesz\u0142a godzina moja\u201d.<\/b><\/span><\/span><\/span><\/p>\n<p align=\"justify\"><span style=\"color: #000000;\"><span style=\"font-family: Book Antiqua, serif;\"><span style=\"font-size: large;\"><b>Wtedy Matka Jego powiedzia\u0142a do s\u0142ug: \u201eZr\u00f3bcie wszystko, cokolwiek wam powie\u201d.<\/b><\/span><\/span><\/span><\/p>\n<p align=\"justify\"><span style=\"color: #000000;\"><span style=\"font-family: Book Antiqua, serif;\"><span style=\"font-size: large;\"><b>Sta\u0142o za\u015b tam sze\u015b\u0107 st\u0105gwi kamiennych przeznaczonych do \u017cydowskich oczyszcze\u0144, z kt\u00f3rych ka\u017cda mog\u0142a pomie\u015bci\u0107 dwie lub trzy miary.<\/b><\/span><\/span><\/span><\/p>\n<p align=\"justify\"><span style=\"color: #000000;\"><span style=\"font-family: Book Antiqua, serif;\"><span style=\"font-size: large;\"><b>Rzek\u0142 do nich Jezus: \u201eNape\u0142nijcie st\u0105gwie wod\u0105\u201d. I nape\u0142nili je a\u017c po brzegi. Potem do nich powiedzia\u0142: \u201eZaczerpnijcie teraz i zanie\u015bcie staro\u015bcie weselnemu\u201d. Ci za\u015b zanie\u015bli.<\/b><\/span><\/span><\/span><\/p>\n<p align=\"justify\"><span style=\"color: #000000;\"><span style=\"font-family: Book Antiqua, serif;\"><span style=\"font-size: large;\"><b>A gdy starosta weselny skosztowa\u0142 wody, kt\u00f3ra sta\u0142a si\u0119 winem, i nie wiedzia\u0142, sk\u0105d ono pochodzi, ale s\u0142udzy, kt\u00f3rzy czerpali wod\u0119, wiedzieli, przywo\u0142a\u0142 pana m\u0142odego i powiedzia\u0142 do niego: \u201eKa\u017cdy cz\u0142owiek stawia najpierw dobre wino, a gdy si\u0119 napij\u0105, w\u00f3wczas gorsze. Ty zachowa\u0142e\u015b dobre wino a\u017c do tej pory\u201d.<\/b><\/span><\/span><\/span><\/p>\n<p align=\"justify\"><span style=\"color: #000000;\"><span style=\"font-family: Book Antiqua, serif;\"><span style=\"font-size: large;\"><b>Taki to pocz\u0105tek znak\u00f3w uczyni\u0142 Jezus w Kanie Galilejskiej. Objawi\u0142 swoj\u0105 chwa\u0142\u0119 i uwierzyli w Niego Jego uczniowie.<\/b><\/span><\/span><\/span><\/p>\n<p align=\"justify\">\n<p align=\"justify\">\n<p align=\"justify\">\n<p align=\"justify\">\n<p align=\"justify\">\n<p align=\"center\"><span style=\"color: #000000;\"><span style=\"font-size: large;\"><b><span style=\"font-family: Book Antiqua, serif;\">A <\/span><span style=\"font-family: Book Antiqua, serif;\">OTO S\u0141\u00d3WKO JANKA:<\/span><\/b><\/span><\/span><\/p>\n<p align=\"center\">\n<p align=\"center\">\n<p align=\"center\">\n<p align=\"center\">\n<p align=\"center\">\n<p align=\"justify\"><span style=\"color: #000000;\"><span style=\"font-family: Book Antiqua, serif;\"><span style=\"font-size: large;\">Dzi\u015b w Ko\u015bciele prze\u017cywamy Uroczysto\u015b\u0107 Naj\u015bwi\u0119tszej Maryi Panny Cz\u0119stochowskiej. Osobi\u015bcie, bardzo lubi\u0119 t\u0119 Uroczysto\u015b\u0107, poniewa\u017c sam sze\u015bciokrotnie na r\u00f3\u017cne sposoby pielgrzymowa\u0142em do Matki Bo\u017cej na Jasn\u0105 G\u00f3r\u0119. Raz pojecha\u0142em poci\u0105giem, dwa razy samochodem, a trzy razy uda\u0142em si\u0119 do Cz\u0119stochowy na piechot\u0119. <\/span><\/span><\/span><\/p>\n<p align=\"justify\"><span style=\"color: #000000;\"><span style=\"font-family: Book Antiqua, serif;\"><span style=\"font-size: large;\">W tym roku 44 Piesza Pielgrzymka Podlaska na Jasn\u0105 G\u00f3r\u0119 pielgrzymowa\u0142a pod has\u0142em: JESTEM DZIECKIEM BOGA. Na p\u0105tniczym szlaku odkrywali\u015bmy t\u0119 pi\u0119kn\u0105 tajemnic\u0119 bycia dzieckiem samego Boga! <\/span><\/span><\/span><\/p>\n<p align=\"justify\"><span style=\"color: #000000;\"><span style=\"font-family: Book Antiqua, serif;\"><span style=\"font-size: large;\">I tym w\u0142a\u015bnie, co mnie zaskoczy\u0142o najbardziej w dzisiejszej liturgii S\u0142owa, to to, \u017ce dzisiejsze czytania nawi\u0105zuj\u0105 do tego samego tematu: do bycia dzieckiem Boga! <\/span><\/span><\/span><\/p>\n<p align=\"justify\"><span style=\"color: #000000;\"><span style=\"font-family: Book Antiqua, serif;\"><span style=\"font-size: large;\">W pierwszym czytaniu, s\u0142yszymy takie zdanie: <i><b>Pan mnie stworzy\u0142, swe arcydzie\u0142o, przed swymi czynami, od dawna, od wiek\u00f3w jestem stworzona, od pocz\u0105tku, nim ziemia powsta\u0142a. <\/b><\/i><\/span><\/span><\/span><\/p>\n<p align=\"justify\"><span style=\"color: #000000;\"><span style=\"font-family: Book Antiqua, serif;\"><span style=\"font-size: large;\">Ka\u017cdy z nas zosta\u0142 stworzony przez Boga! Pi\u0119knie autor tej ksi\u0119gi pisze:<i><b> Pan mnie stworzy\u0142, swe arcydzie\u0142o\u2026<\/b><\/i> Szatan mo\u017ce nam m\u00f3wi\u0107, \u017ce jeste\u015bmy nikim, jeste\u015bmy zerem czy te\u017c \u2013 \u017ce jeste\u015bmy bezu\u017cyteczni! LECZ TO NIEPRAWDA! Wszyscy jeste\u015bmy BO\u017bYM ARCYDZIE\u0141EM! <\/span><\/span><\/span><\/p>\n<p align=\"justify\"><span style=\"color: #000000;\"><span style=\"font-family: Book Antiqua, serif;\"><span style=\"font-size: large;\">Zobaczmy, \u017ce jak ma\u0142e dzieci rysuj\u0105 i nakre\u015bl\u0105 kredkami r\u00f3\u017cne kszta\u0142ty, kreski czy linie, to id\u0105 p\u00f3\u017aniej do mamy czy taty i im z rado\u015bci\u0105 i z u\u015bmiechem na ustach pokazuj\u0105, co pi\u0119knego narysowa\u0142y. Rodzice widz\u0105 na tym obrazku jakie\u015b tam kszta\u0142ty i kreski, a dziecko przedstawi\u0142o swoj\u0105 rodzin\u0119!<\/span><\/span><\/span><\/p>\n<p align=\"justify\"><span style=\"color: #000000;\"><span style=\"font-family: Book Antiqua, serif;\"><span style=\"font-size: large;\">Tak samo jest z nami. B\u00f3g nas stworzy\u0142 jako swoje dzieci! \u015aw. Pawe\u0142 pisze dzi\u015b tak: <i><b>Na dow\u00f3d tego, \u017ce jeste\u015bcie synami, B\u00f3g wys\u0142a\u0142 do serc naszych Ducha Syna swego, kt\u00f3ry wo\u0142a: \u201eAbba, Ojcze\u201d. A zatem nie jeste\u015b ju\u017c niewolnikiem, lecz synem. Je\u017celi za\u015b synem, to i dziedzicem z woli Bo\u017cej. <\/b><\/i><\/span><\/span><\/span><\/p>\n<p align=\"justify\"><span style=\"color: #000000;\"><span style=\"font-family: Book Antiqua, serif;\"><span style=\"font-size: large;\">My cz\u0119sto w\u0142a\u015bnie nie dostrzegamy tego, \u017ce jeste\u015bmy Bo\u017cym arcydzie\u0142em! Nie czujemy si\u0119 wa\u017cni czy te\u017c nie czujemy si\u0119 kochani\u2026 To wszystko, moi Drodzy przez grzech! On nam w tym przeszkadza. Z\u0142y wie, \u017ce je\u017celi poczujemy mi\u0142o\u015b\u0107 Boga i u\u015bwiadomimy sobie, \u017ce jeste\u015bmy dla Boga wa\u017cni, trudniej b\u0119dzie z\u0142emu nas od Niego odci\u0105gn\u0105\u0107.<\/span><\/span><\/span><\/p>\n<p align=\"justify\"><span style=\"color: #000000;\"><span style=\"font-family: Book Antiqua, serif;\"><span style=\"font-size: large;\">Zobaczmy, \u017ce tak samo jest z ma\u0142ymi dzie\u0107mi. Je\u017celi dziecko co\u015b zbroi, to gdy rodzic go upomni czy nakrzyczy, to dziecko zaraz zadaje mu pytanie:<i> \u201e<\/i>A kochasz mnie nadal?\u201d<i> <\/i>Gdy rodzic powie, \u017ce \u201eTak, kocham ci\u0119\u201d, to od razu dziecko staje si\u0119 szcz\u0119\u015bliwsze! <\/span><\/span><\/span><\/p>\n<p align=\"justify\"><span style=\"color: #000000;\"><span style=\"font-family: Book Antiqua, serif;\"><span style=\"font-size: large;\">A szatan pr\u00f3buje nam wm\u00f3wi\u0107, \u017ce za to, co z\u0142ego zrobili\u015bmy, B\u00f3g si\u0119 na nas gniewa! Mniej nas kocha! A czy tak jest? NIE, NIE JEST! On po\u015bwi\u0119ci\u0142 swojego Syna, Jezusa, by nas zbawi\u0107! TAK B\u00d3G NAS KOCHA! <\/span><\/span><\/span><\/p>\n<p align=\"justify\"><span style=\"color: #000000;\"><span style=\"font-family: Book Antiqua, serif;\"><span style=\"font-size: large;\">W Ewangelii dzi\u015b s\u0142yszymy o weselu w Kanie Galilejskiej, gdzie Jezus zamieni\u0142 wod\u0119 w wino. Moim ulubionym zdaniem z tej Ewangelii jest to: <i><b>Zr\u00f3bcie wszystko, cokolwiek wam powie. <\/b><\/i><\/span><\/span><\/span><\/p>\n<p align=\"justify\"><span style=\"color: #000000;\"><span style=\"font-family: Book Antiqua, serif;\"><span style=\"font-size: large;\">Zn\u00f3w nawi\u0105\u017ce do dziecka. Zobaczmy, \u017ce dzieci cz\u0119sto s\u0105 bezgranicznie ufne. Co si\u0119 im powie, to to robi\u0105. Cz\u0119sto nawet maj\u0105 wyrzuty sumienia, \u017ce nie robi\u0105 tego tak, jak chc\u0105, by by\u0142o zrobione. My, doro\u015bli, cz\u0119sto robimy odwrotnie. Aby jak najmniej si\u0119 zm\u0119czy\u0107 i by by\u0142o po prostu wykonane, \u201eodhaczone\u201d. Cz\u0119sto te\u017c szef wynagradza pracownik\u00f3w tak, \u017ce po prostu nie chce si\u0119 dawa\u0107 z siebie maksa! <\/span><\/span><\/span><\/p>\n<p align=\"justify\"><span style=\"color: #000000;\"><span style=\"font-family: Book Antiqua, serif;\"><span style=\"font-size: large;\">Lecz my, chrze\u015bcijanie, walczmy o \u017cycie wieczne na maksa! Walczmy i d\u0105\u017cmy do naszego Taty Boga i Mamy Maryi, kt\u00f3rzy s\u0105 w Niebie i czekaj\u0105 na nas! <\/span><\/span><\/span><\/p>\n<p align=\"justify\"><span style=\"color: #000000;\"><span style=\"font-family: Book Antiqua, serif;\"><span style=\"font-size: large;\">Zobaczmy, jak warto jest na\u015bladowa\u0107 dzieci! Sam Jezus m\u00f3wi\u0142: <i><b>Je\u015bli nie staniecie si\u0119 jak dzieci, nie wejdziecie do Kr\u00f3lestwa Bo\u017cego! <\/b><\/i><\/span><\/span><\/span><\/p>\n<p align=\"justify\"><span style=\"color: #000000;\"><span style=\"font-family: Book Antiqua, serif;\"><span style=\"font-size: large;\">Dlatego cieszmy si\u0119 tym, \u017ce jeste\u015bmy DZIE\u0106MI BOGA! CIESZMY SI\u0118 TYM, \u017bE JESTE\u015aMY BO\u017bYM ARCYDZIE\u0141EM! NA\u015aLADUJMY DZIECI I B\u0104D\u0179MY JAK DZIECI! ONE S\u0104 WZOREM DO NA\u015aLADOWANIA! <\/span><\/span><\/span><\/p>\n","protected":false},"excerpt":{"rendered":"<p>Niech b\u0119dzie pochwalony Jezus Chrystus! Moi Drodzy, w dniu dzisiejszym rocznic\u0119 \u015blubu prze\u017cywaj\u0105 Micha\u0142 i Natalia Ja\u015bkowscy, czyli m\u00f3j Brat stryjeczny i Jego \u017bona. Niech Im Pan b\u0142ogos\u0142awi w codziennym kszta\u0142towaniu atmosfery domowego Ko\u015bcio\u0142a w Ich domu! Zapewniam o modlitwie. Moi Drodzy, chocia\u017c dzisiaj nie ma obowi\u0105zku uczestniczenia we Mszy \u015awi\u0119tej, to jednak bardzo serdecznie [&hellip;]<\/p>\n","protected":false},"author":1,"featured_media":0,"comment_status":"open","ping_status":"open","sticky":false,"template":"","format":"standard","meta":{"jetpack_post_was_ever_published":false,"_jetpack_newsletter_access":"","_jetpack_dont_email_post_to_subs":false,"_jetpack_newsletter_tier_id":0,"_jetpack_memberships_contains_paywalled_content":false,"_jetpack_memberships_contains_paid_content":false,"footnotes":""},"categories":[1],"tags":[],"class_list":["post-22743","post","type-post","status-publish","format-standard","hentry","category-bez-kategorii"],"yoast_head":"<!-- This site is optimized with the Yoast SEO plugin v25.1 - https:\/\/yoast.com\/wordpress\/plugins\/seo\/ -->\n<title>Zr\u00f3bcie wszystko, co Wam powie! - Gaudium Et Spes<\/title>\n<meta name=\"robots\" content=\"index, follow, max-snippet:-1, max-image-preview:large, max-video-preview:-1\" \/>\n<link rel=\"canonical\" href=\"https:\/\/gaudiumetspes-blog.pl\/index.php\/2024\/08\/26\/zrobcie-wszystko-co-wam-powie\/\" \/>\n<meta property=\"og:locale\" content=\"pl_PL\" \/>\n<meta property=\"og:type\" content=\"article\" \/>\n<meta property=\"og:title\" content=\"Zr\u00f3bcie wszystko, co Wam powie! - Gaudium Et Spes\" \/>\n<meta property=\"og:description\" content=\"Niech b\u0119dzie pochwalony Jezus Chrystus! Moi Drodzy, w dniu dzisiejszym rocznic\u0119 \u015blubu prze\u017cywaj\u0105 Micha\u0142 i Natalia Ja\u015bkowscy, czyli m\u00f3j Brat stryjeczny i Jego \u017bona. Niech Im Pan b\u0142ogos\u0142awi w codziennym kszta\u0142towaniu atmosfery domowego Ko\u015bcio\u0142a w Ich domu! Zapewniam o modlitwie. Moi Drodzy, chocia\u017c dzisiaj nie ma obowi\u0105zku uczestniczenia we Mszy \u015awi\u0119tej, to jednak bardzo serdecznie [&hellip;]\" \/>\n<meta property=\"og:url\" content=\"https:\/\/gaudiumetspes-blog.pl\/index.php\/2024\/08\/26\/zrobcie-wszystko-co-wam-powie\/\" \/>\n<meta property=\"og:site_name\" content=\"Gaudium Et Spes\" \/>\n<meta property=\"article:published_time\" content=\"2024-08-26T06:08:00+00:00\" \/>\n<meta name=\"author\" content=\"Ks. Jacek\" \/>\n<meta name=\"twitter:card\" content=\"summary_large_image\" \/>\n<meta name=\"twitter:label1\" content=\"Napisane przez\" \/>\n\t<meta name=\"twitter:data1\" content=\"Ks. Jacek\" \/>\n\t<meta name=\"twitter:label2\" content=\"Szacowany czas czytania\" \/>\n\t<meta name=\"twitter:data2\" content=\"9 minut\" \/>\n<script type=\"application\/ld+json\" class=\"yoast-schema-graph\">{\"@context\":\"https:\/\/schema.org\",\"@graph\":[{\"@type\":\"WebPage\",\"@id\":\"https:\/\/gaudiumetspes-blog.pl\/index.php\/2024\/08\/26\/zrobcie-wszystko-co-wam-powie\/\",\"url\":\"https:\/\/gaudiumetspes-blog.pl\/index.php\/2024\/08\/26\/zrobcie-wszystko-co-wam-powie\/\",\"name\":\"Zr\u00f3bcie wszystko, co Wam powie! - Gaudium Et Spes\",\"isPartOf\":{\"@id\":\"https:\/\/gaudiumetspes-blog.pl\/#website\"},\"datePublished\":\"2024-08-26T06:08:00+00:00\",\"author\":{\"@id\":\"https:\/\/gaudiumetspes-blog.pl\/#\/schema\/person\/1661982992b752dea8dff0d4ed845a65\"},\"breadcrumb\":{\"@id\":\"https:\/\/gaudiumetspes-blog.pl\/index.php\/2024\/08\/26\/zrobcie-wszystko-co-wam-powie\/#breadcrumb\"},\"inLanguage\":\"pl-PL\",\"potentialAction\":[{\"@type\":\"ReadAction\",\"target\":[\"https:\/\/gaudiumetspes-blog.pl\/index.php\/2024\/08\/26\/zrobcie-wszystko-co-wam-powie\/\"]}]},{\"@type\":\"BreadcrumbList\",\"@id\":\"https:\/\/gaudiumetspes-blog.pl\/index.php\/2024\/08\/26\/zrobcie-wszystko-co-wam-powie\/#breadcrumb\",\"itemListElement\":[{\"@type\":\"ListItem\",\"position\":1,\"name\":\"Strona g\u0142\u00f3wna\",\"item\":\"https:\/\/gaudiumetspes-blog.pl\/\"},{\"@type\":\"ListItem\",\"position\":2,\"name\":\"Zr\u00f3bcie wszystko, co Wam powie!\"}]},{\"@type\":\"WebSite\",\"@id\":\"https:\/\/gaudiumetspes-blog.pl\/#website\",\"url\":\"https:\/\/gaudiumetspes-blog.pl\/\",\"name\":\"Gaudium Et Spes\",\"description\":\"Blog Ks. Jacka Ja\u015bkowskiego\",\"potentialAction\":[{\"@type\":\"SearchAction\",\"target\":{\"@type\":\"EntryPoint\",\"urlTemplate\":\"https:\/\/gaudiumetspes-blog.pl\/?s={search_term_string}\"},\"query-input\":{\"@type\":\"PropertyValueSpecification\",\"valueRequired\":true,\"valueName\":\"search_term_string\"}}],\"inLanguage\":\"pl-PL\"},{\"@type\":\"Person\",\"@id\":\"https:\/\/gaudiumetspes-blog.pl\/#\/schema\/person\/1661982992b752dea8dff0d4ed845a65\",\"name\":\"Ks. Jacek\",\"image\":{\"@type\":\"ImageObject\",\"inLanguage\":\"pl-PL\",\"@id\":\"https:\/\/gaudiumetspes-blog.pl\/#\/schema\/person\/image\/\",\"url\":\"https:\/\/gaudiumetspes-blog.pl\/wp-content\/uploads\/2019\/07\/avatar-JJ-150x150.jpg\",\"contentUrl\":\"https:\/\/gaudiumetspes-blog.pl\/wp-content\/uploads\/2019\/07\/avatar-JJ-150x150.jpg\",\"caption\":\"Ks. Jacek\"},\"description\":\"Witam serdecznie! K\u0142ania si\u0119 Ks. Jacek Ja\u015bkowski. Nie jestem ani kim\u015b wa\u017cnym, ani kim\u015b znanym. Jestem ksi\u0119dzem, kt\u00f3ry po prostu chce rozmawia\u0107. Codzienna kap\u0142a\u0144ska pos\u0142uga pokazuje mi, \u017ce temat\u00f3w do rozm\u00f3w z ksi\u0119dzem jest coraz wi\u0119cej i dzisiaj \u017caden ksi\u0105dz nie mo\u017ce od nich ucieka\u0107, ale - wprost przeciwnie - podejmowa\u0107 nowe wyzwania. To przekonanie sk\u0142oni\u0142o mnie do pr\u00f3by otwarcia tego\u017c bloga, chocia\u017c okazji do rozm\u00f3w na co dzie\u0144 - w konfesjonale i poza nim - na szcz\u0119\u015bcie nie brakuje. My\u015bl\u0119 jednak, \u017ce ten blog b\u0119dzie jeszcze jednym sposobem i przestrzeni\u0105 nawi\u0105zania kontaktu z lud\u017ami dobrej woli, otwartymi na dialog.\",\"url\":\"https:\/\/gaudiumetspes-blog.pl\/index.php\/author\/ks-jacek\/\"}]}<\/script>\n<!-- \/ Yoast SEO plugin. -->","yoast_head_json":{"title":"Zr\u00f3bcie wszystko, co Wam powie! - Gaudium Et Spes","robots":{"index":"index","follow":"follow","max-snippet":"max-snippet:-1","max-image-preview":"max-image-preview:large","max-video-preview":"max-video-preview:-1"},"canonical":"https:\/\/gaudiumetspes-blog.pl\/index.php\/2024\/08\/26\/zrobcie-wszystko-co-wam-powie\/","og_locale":"pl_PL","og_type":"article","og_title":"Zr\u00f3bcie wszystko, co Wam powie! - Gaudium Et Spes","og_description":"Niech b\u0119dzie pochwalony Jezus Chrystus! Moi Drodzy, w dniu dzisiejszym rocznic\u0119 \u015blubu prze\u017cywaj\u0105 Micha\u0142 i Natalia Ja\u015bkowscy, czyli m\u00f3j Brat stryjeczny i Jego \u017bona. Niech Im Pan b\u0142ogos\u0142awi w codziennym kszta\u0142towaniu atmosfery domowego Ko\u015bcio\u0142a w Ich domu! Zapewniam o modlitwie. Moi Drodzy, chocia\u017c dzisiaj nie ma obowi\u0105zku uczestniczenia we Mszy \u015awi\u0119tej, to jednak bardzo serdecznie [&hellip;]","og_url":"https:\/\/gaudiumetspes-blog.pl\/index.php\/2024\/08\/26\/zrobcie-wszystko-co-wam-powie\/","og_site_name":"Gaudium Et Spes","article_published_time":"2024-08-26T06:08:00+00:00","author":"Ks. Jacek","twitter_card":"summary_large_image","twitter_misc":{"Napisane przez":"Ks. Jacek","Szacowany czas czytania":"9 minut"},"schema":{"@context":"https:\/\/schema.org","@graph":[{"@type":"WebPage","@id":"https:\/\/gaudiumetspes-blog.pl\/index.php\/2024\/08\/26\/zrobcie-wszystko-co-wam-powie\/","url":"https:\/\/gaudiumetspes-blog.pl\/index.php\/2024\/08\/26\/zrobcie-wszystko-co-wam-powie\/","name":"Zr\u00f3bcie wszystko, co Wam powie! - Gaudium Et Spes","isPartOf":{"@id":"https:\/\/gaudiumetspes-blog.pl\/#website"},"datePublished":"2024-08-26T06:08:00+00:00","author":{"@id":"https:\/\/gaudiumetspes-blog.pl\/#\/schema\/person\/1661982992b752dea8dff0d4ed845a65"},"breadcrumb":{"@id":"https:\/\/gaudiumetspes-blog.pl\/index.php\/2024\/08\/26\/zrobcie-wszystko-co-wam-powie\/#breadcrumb"},"inLanguage":"pl-PL","potentialAction":[{"@type":"ReadAction","target":["https:\/\/gaudiumetspes-blog.pl\/index.php\/2024\/08\/26\/zrobcie-wszystko-co-wam-powie\/"]}]},{"@type":"BreadcrumbList","@id":"https:\/\/gaudiumetspes-blog.pl\/index.php\/2024\/08\/26\/zrobcie-wszystko-co-wam-powie\/#breadcrumb","itemListElement":[{"@type":"ListItem","position":1,"name":"Strona g\u0142\u00f3wna","item":"https:\/\/gaudiumetspes-blog.pl\/"},{"@type":"ListItem","position":2,"name":"Zr\u00f3bcie wszystko, co Wam powie!"}]},{"@type":"WebSite","@id":"https:\/\/gaudiumetspes-blog.pl\/#website","url":"https:\/\/gaudiumetspes-blog.pl\/","name":"Gaudium Et Spes","description":"Blog Ks. Jacka Ja\u015bkowskiego","potentialAction":[{"@type":"SearchAction","target":{"@type":"EntryPoint","urlTemplate":"https:\/\/gaudiumetspes-blog.pl\/?s={search_term_string}"},"query-input":{"@type":"PropertyValueSpecification","valueRequired":true,"valueName":"search_term_string"}}],"inLanguage":"pl-PL"},{"@type":"Person","@id":"https:\/\/gaudiumetspes-blog.pl\/#\/schema\/person\/1661982992b752dea8dff0d4ed845a65","name":"Ks. Jacek","image":{"@type":"ImageObject","inLanguage":"pl-PL","@id":"https:\/\/gaudiumetspes-blog.pl\/#\/schema\/person\/image\/","url":"https:\/\/gaudiumetspes-blog.pl\/wp-content\/uploads\/2019\/07\/avatar-JJ-150x150.jpg","contentUrl":"https:\/\/gaudiumetspes-blog.pl\/wp-content\/uploads\/2019\/07\/avatar-JJ-150x150.jpg","caption":"Ks. Jacek"},"description":"Witam serdecznie! K\u0142ania si\u0119 Ks. Jacek Ja\u015bkowski. Nie jestem ani kim\u015b wa\u017cnym, ani kim\u015b znanym. Jestem ksi\u0119dzem, kt\u00f3ry po prostu chce rozmawia\u0107. Codzienna kap\u0142a\u0144ska pos\u0142uga pokazuje mi, \u017ce temat\u00f3w do rozm\u00f3w z ksi\u0119dzem jest coraz wi\u0119cej i dzisiaj \u017caden ksi\u0105dz nie mo\u017ce od nich ucieka\u0107, ale - wprost przeciwnie - podejmowa\u0107 nowe wyzwania. To przekonanie sk\u0142oni\u0142o mnie do pr\u00f3by otwarcia tego\u017c bloga, chocia\u017c okazji do rozm\u00f3w na co dzie\u0144 - w konfesjonale i poza nim - na szcz\u0119\u015bcie nie brakuje. My\u015bl\u0119 jednak, \u017ce ten blog b\u0119dzie jeszcze jednym sposobem i przestrzeni\u0105 nawi\u0105zania kontaktu z lud\u017ami dobrej woli, otwartymi na dialog.","url":"https:\/\/gaudiumetspes-blog.pl\/index.php\/author\/ks-jacek\/"}]}},"jetpack_featured_media_url":"","jetpack_sharing_enabled":true,"_links":{"self":[{"href":"https:\/\/gaudiumetspes-blog.pl\/index.php\/wp-json\/wp\/v2\/posts\/22743","targetHints":{"allow":["GET"]}}],"collection":[{"href":"https:\/\/gaudiumetspes-blog.pl\/index.php\/wp-json\/wp\/v2\/posts"}],"about":[{"href":"https:\/\/gaudiumetspes-blog.pl\/index.php\/wp-json\/wp\/v2\/types\/post"}],"author":[{"embeddable":true,"href":"https:\/\/gaudiumetspes-blog.pl\/index.php\/wp-json\/wp\/v2\/users\/1"}],"replies":[{"embeddable":true,"href":"https:\/\/gaudiumetspes-blog.pl\/index.php\/wp-json\/wp\/v2\/comments?post=22743"}],"version-history":[{"count":1,"href":"https:\/\/gaudiumetspes-blog.pl\/index.php\/wp-json\/wp\/v2\/posts\/22743\/revisions"}],"predecessor-version":[{"id":22744,"href":"https:\/\/gaudiumetspes-blog.pl\/index.php\/wp-json\/wp\/v2\/posts\/22743\/revisions\/22744"}],"wp:attachment":[{"href":"https:\/\/gaudiumetspes-blog.pl\/index.php\/wp-json\/wp\/v2\/media?parent=22743"}],"wp:term":[{"taxonomy":"category","embeddable":true,"href":"https:\/\/gaudiumetspes-blog.pl\/index.php\/wp-json\/wp\/v2\/categories?post=22743"},{"taxonomy":"post_tag","embeddable":true,"href":"https:\/\/gaudiumetspes-blog.pl\/index.php\/wp-json\/wp\/v2\/tags?post=22743"}],"curies":[{"name":"wp","href":"https:\/\/api.w.org\/{rel}","templated":true}]}}