{"id":22761,"date":"2024-09-03T09:07:36","date_gmt":"2024-09-03T07:07:36","guid":{"rendered":"https:\/\/gaudiumetspes-blog.pl\/?p=22761"},"modified":"2024-09-03T09:11:23","modified_gmt":"2024-09-03T07:11:23","slug":"milcz-i-wyjdz","status":"publish","type":"post","link":"https:\/\/gaudiumetspes-blog.pl\/index.php\/2024\/09\/03\/milcz-i-wyjdz\/","title":{"rendered":"Milcz &#8211; i wyjd\u017a!"},"content":{"rendered":"<p align=\"justify\"><span style=\"color: #000000;\"><span style=\"font-family: Book Antiqua, serif;\"><span style=\"font-size: large;\">Szcz\u0119\u015b\u0107 Bo\u017ce! Moi Drodzy, w dniu dzisiejszym <b>imieniny prze\u017cywa<\/b><b>j\u0105:<\/b><\/span><\/span><\/span><\/p>\n<p align=\"justify\"><span style=\"color: #000000;\">\u25ba<span style=\"font-family: Book Antiqua, serif;\"><span style=\"font-size: large;\"><b>Biskup<\/b><b> Grzegorz Suchodolski \u2013 od niedawna: Biskup Pomocniczy Diecezji siedleckiej;<\/b><\/span><\/span><\/span><\/p>\n<p align=\"justify\"><span style=\"color: #000000;\">\u25ba<span style=\"font-family: Book Antiqua, serif;\"><span style=\"font-size: large;\"><b>K<\/b><b>si\u0105dz Grzegorz Stolarski \u2013 Wyk\u0142adowca na Uniwersytecie w Siedlcach, by\u0142y Rektor siedleckiego Seminarium;<\/b><\/span><\/span><\/span><\/p>\n<p align=\"justify\"><span style=\"color: #000000;\">\u25ba<span style=\"font-family: Book Antiqua, serif;\"><span style=\"font-size: large;\"><b>Ksi\u0105dz Grzegorz Bindziuk, z kt\u00f3rym mia\u0142em przyjemno\u015b\u0107 wsp\u00f3\u0142pracowa\u0107 kiedy\u015b w Parafii w Tr\u0105bkach;<\/b><\/span><\/span><\/span><\/p>\n<p align=\"justify\"><span style=\"color: #000000;\">\u25ba<span style=\"font-family: Book Antiqua, serif;\"><span style=\"font-size: large;\"><b>Ksi\u0105dz Grzegorz Bielak \u2013 <\/b><b>Prefekt przy<\/b><b> mojej Parafii rodzinnej.<\/b><\/span><\/span><\/span><\/p>\n<p align=\"justify\"><span style=\"color: #000000;\"><span style=\"font-family: Book Antiqua, serif;\"><span style=\"font-size: large;\"><b>\u017bycz\u0119 drogim Solenizantom, aby jak najwi\u0119cej wzoru czerpali z postawy swego Patrona. <\/b><\/span><\/span><\/span><\/p>\n<p align=\"justify\"><span style=\"color: #000000;\"><span style=\"font-family: Book Antiqua, serif;\"><span style=\"font-size: large;\"><b>Rocznic\u0119 \u015blubu natomiast prze\u017cywaj\u0105 dzisiaj Pa\u0144stwo Anna i Tomasz Marczewscy, nasi obecni Gospodarze w Szklarskiej Por\u0119bie. Niech Im Pan we wszystkim b\u0142ogos\u0142awi, niech czyni pi\u0119kniejszym z dnia na dzie\u0144 prze\u017cywanie ma\u0142\u017ce\u0144skiej i rodzicielskiej codzienno\u015bci!<\/b><\/span><\/span><\/span><\/p>\n<p align=\"justify\"><span style=\"color: #000000;\"><span style=\"font-family: Book Antiqua, serif;\"><span style=\"font-size: large;\"><b>Ze swej strony, Wszystkich dzisiaj \u015bwi\u0119tuj\u0105cych zapewniam o modlitwie.<\/b><\/span><\/span><\/span><\/p>\n<p align=\"justify\"><span style=\"color: #000000;\"><span style=\"font-family: Book Antiqua, serif;\"><span style=\"font-size: large;\">Drodzy moi, serdecznie pozdrawiam Was z Lublina. Wieczorem planuj\u0119 odprawi\u0107 Msz\u0119 \u015awi\u0119t\u0105 w tutejszej Parafii (mojej Parafii) \u015awi\u0119tego Jana Kantego, poza tym \u2013 chcia\u0142bym popracowa\u0107 i pomodli\u0107 si\u0119. Wam tak\u017ce \u017cycz\u0119 b\u0142ogos\u0142awionego dnia!<\/span><\/span><\/span><\/p>\n<p align=\"justify\"><span style=\"color: #000000;\"><span style=\"font-family: Book Antiqua, serif;\"><span style=\"font-size: large;\">Moi Drodzy, zapraszam ju\u017c do pochylenia si\u0119 nad Bo\u017cym s\u0142owem dzisiejszej liturgii. Oto s\u0142\u00f3wko Ksi\u0119dza Marka na dzi\u015b:<\/span><\/span><\/span><\/p>\n<p align=\"justify\"><span style=\"color: #000000;\"><span style=\"font-family: Book Antiqua, serif;\"><span style=\"font-size: medium;\"><a href=\"https:\/\/www.youtube.com\/c\/CatholicSurgut\"><span style=\"font-size: large;\"><span lang=\"zxx\"><u><b>https:\/\/www.youtube.com\/c\/CatholicSurgut<\/b><\/u><\/span><\/span><\/a><\/span><\/span><\/span><\/p>\n<p align=\"justify\"><span style=\"color: #000000;\"><span style=\"font-family: Book Antiqua, serif;\"><span style=\"font-size: large;\">Zatem, <b>co dzi\u015b m\u00f3wi do mnie Pan? Z jakim konkretnym przes\u0142aniem zwraca si\u0119 dzi\u015b w\u0142a\u015bnie do mnie? <\/b>Duchu \u015awi\u0119ty, rozja\u015bnij umys\u0142y i serca!<\/span><\/span><\/span><\/p>\n<p align=\"justify\"><span style=\"color: #000000;\"><span style=\"font-family: Book Antiqua, serif;\"><span style=\"font-size: large;\"><b>Niech Was b\u0142ogos\u0142awi B\u00f3g Wszechmog\u0105cy: Ojciec + i Syn, i Duch \u015awi\u0119ty. Amen<\/b><\/span><\/span><\/span><\/p>\n<p align=\"center\"><span style=\"color: #000000;\"><span style=\"font-family: Book Antiqua, serif;\"><span style=\"font-size: large;\">Gaudium et spes! Ks. Jacek<\/span><\/span><\/span><\/p>\n<p align=\"center\">\n<p align=\"center\">\n<p align=\"center\">\n<p align=\"center\">\n<p align=\"center\">\n<p align=\"justify\"><span style=\"color: #000000;\"><span style=\"font-family: Book Antiqua, serif;\"><span style=\"font-size: large;\"><b>Wtorek 22 Tygodnia zwyk\u0142ego, rok II,<\/b><\/span><\/span><\/span><\/p>\n<p align=\"justify\"><span style=\"color: #000000;\"><span style=\"font-family: Book Antiqua, serif;\"><span style=\"font-size: large;\"><b>Wspomnienie \u015aw. Grzegorza Wielkiego, <\/b><\/span><\/span><\/span><\/p>\n<p align=\"justify\"><span style=\"color: #000000;\"><span style=\"font-family: Book Antiqua, serif;\"><span style=\"font-size: large;\"><b>Papie\u017ca i Doktora Ko\u015bcio\u0142a,<\/b><\/span><\/span><\/span><\/p>\n<p align=\"justify\"><span style=\"color: #000000;\"><span style=\"font-family: Book Antiqua, serif;\"><span style=\"font-size: large;\"><b>3 wrze\u015bnia 2024.,\u00a0<\/b><\/span><\/span><\/span><\/p>\n<p align=\"justify\"><span style=\"color: #000000;\"><span style=\"font-family: Book Antiqua, serif;\"><span style=\"font-size: large;\"><b>do czyta\u0144: 1 Kor 2,10b\u201316; \u0141k 4,31\u201337<\/b><\/span><\/span><\/span><\/p>\n<p align=\"justify\">\n<p align=\"justify\">\n<p align=\"justify\">\n<p align=\"justify\">\n<p align=\"justify\">\n<p align=\"justify\"><span style=\"color: #000000;\"><span style=\"font-family: Book Antiqua, serif;\"><span style=\"font-size: large;\"><b>CZYTANIE Z PIERWSZEGO LISTU \u015aWI\u0118TEGO PAW\u0141A APOSTO\u0141A DO KORYNTIAN:<\/b><\/span><\/span><\/span><\/p>\n<p align=\"justify\"><span style=\"color: #000000;\"><span style=\"font-family: Book Antiqua, serif;\"><span style=\"font-size: large;\"><b>Bracia: Duch przenika wszystko, nawet g\u0142\u0119boko\u015bci Boga samego. Kto za\u015b z ludzi zna to, co ludzkie, je\u017celi nie duch, kt\u00f3ry jest w cz\u0142owieku? Podobnie i tego, co Boskie, nie zna nikt, tylko Duch Bo\u017cy. Ot\u00f3\u017c my\u015bmy nie otrzymali ducha \u015bwiata, lecz Ducha, kt\u00f3ry jest z Boga, dla poznania dar\u00f3w Bo\u017cych. A g\u0142osimy to nie uczonymi s\u0142owami ludzkiej m\u0105dro\u015bci, lecz pouczeni przez Ducha, wyja\u015bniaj\u0105c duchowe sprawy tym, kt\u00f3rzy s\u0105 z Ducha.<\/b><\/span><\/span><\/span><\/p>\n<p align=\"justify\"><span style=\"color: #000000;\"><span style=\"font-family: Book Antiqua, serif;\"><span style=\"font-size: large;\"><b>Cz\u0142owiek zmys\u0142owy bowiem nie pojmuje tego, co jest z Bo\u017cego Ducha. G\u0142upstwem mu si\u0119 to wydaje i nie mo\u017ce tego pozna\u0107, bo tylko duchem mo\u017cna to rozs\u0105dzi\u0107. Cz\u0142owiek za\u015b duchowy rozs\u0105dza wszystko, lecz sam przez nikogo nie jest s\u0105dzony. Kt\u00f3\u017c wi\u0119c pozna\u0142 zamys\u0142 Pana, tak by Go m\u00f3g\u0142 poucza\u0107? My w\u0142a\u015bnie znamy zamys\u0142 Chrystusowy.<\/b><\/span><\/span><\/span><\/p>\n<p align=\"justify\">\n<p align=\"justify\">\n<p align=\"justify\">\n<p align=\"justify\">\n<p align=\"justify\">\n<p align=\"justify\"><span style=\"color: #000000;\"><span style=\"font-family: Book Antiqua, serif;\"><span style=\"font-size: large;\"><b>S\u0141OWA EWANGELII WED\u0141UG \u015aWI\u0118TEGO \u0141UKASZA:<\/b><\/span><\/span><\/span><\/p>\n<p align=\"justify\"><span style=\"color: #000000;\"><span style=\"font-family: Book Antiqua, serif;\"><span style=\"font-size: large;\"><b>Jezus uda\u0142 si\u0119 do Kafarnaum, miasta w Galilei, i tam naucza\u0142 w szabat. Zdumiewali si\u0119 Jego nauk\u0105, gdy\u017c s\u0142owo Jezusa by\u0142o pe\u0142ne mocy.<\/b><\/span><\/span><\/span><\/p>\n<p align=\"justify\"><span style=\"color: #000000;\"><span style=\"font-family: Book Antiqua, serif;\"><span style=\"font-size: large;\"><b>A by\u0142 w synagodze cz\u0142owiek, kt\u00f3ry mia\u0142 w sobie ducha nieczystego. Zacz\u0105\u0142 on krzycze\u0107 wniebog\u0142osy: \u201eOch, czego chcesz od nas, Jezusie Nazarejczyku? Przyszed\u0142e\u015b nas zgubi\u0107? Wiem, kto jeste\u015b: \u015awi\u0119ty Bo\u017cy\u201d.<\/b><\/span><\/span><\/span><\/p>\n<p align=\"justify\"><span style=\"color: #000000;\"><span style=\"font-family: Book Antiqua, serif;\"><span style=\"font-size: large;\"><b>Lecz Jezus rozkaza\u0142 mu surowo: \u201eMilcz i wyjd\u017a z niego\u201d. Wtedy z\u0142y duch rzuci\u0142 go na \u015brodek i wyszed\u0142 z niego nie wyrz\u0105dzaj\u0105c mu \u017cadnej szkody.<\/b><\/span><\/span><\/span><\/p>\n<p align=\"justify\"><span style=\"color: #000000;\"><span style=\"font-family: Book Antiqua, serif;\"><span style=\"font-size: large;\"><b>Wprawi\u0142o to wszystkich w zdumienie i m\u00f3wili mi\u0119dzy sob\u0105: \u201eC\u00f3\u017c to za s\u0142owo? Z w\u0142adz\u0105 i moc\u0105 rozkazuje nawet duchom nieczystym, i wychodz\u0105\u201d.<\/b><\/span><\/span><\/span><\/p>\n<p align=\"justify\"><span style=\"color: #000000;\"><span style=\"font-family: Book Antiqua, serif;\"><span style=\"font-size: large;\"><b>I wie\u015b\u0107 o Nim rozchodzi\u0142a si\u0119 wsz\u0119dzie po okolicy.<\/b><\/span><\/span><\/span><\/p>\n<p align=\"justify\">\n<p align=\"justify\">\n<p align=\"justify\">\n<p align=\"justify\">\n<p align=\"justify\">\n<p align=\"justify\"><span style=\"color: #000000;\"><span style=\"font-family: Book Antiqua, serif;\"><span style=\"font-size: large;\">O czym nam m\u00f3wi dzisiejsze pierwsze czytanie? <b>O spotkaniu dw\u00f3ch duch\u00f3w:<\/b> Ducha Bo\u017cego i ducha ludzkiego? O spotkaniu \u2013 <b>czy o zderzeniu?<\/b> O konflikcie mi\u0119dzy nimi? <\/span><\/span><\/span><\/p>\n<p align=\"justify\"><span style=\"color: #000000;\"><span style=\"font-family: Book Antiqua, serif;\"><span style=\"font-size: large;\">Niekt\u00f3re ze zda\u0144, zapisanych w dzisiejszym pierwszym czytaniu, mog\u0142yby na takie w\u0142a\u015bnie napi\u0119cie wskazywa\u0107. A cho\u0107by to: <b> <\/b><i><b>Ot\u00f3\u017c my\u015bmy nie otrzymali ducha \u015bwiata, lecz Ducha, kt\u00f3ry jest z Boga, dla poznania dar\u00f3w Bo\u017cych. <\/b><\/i>Czy nawet to: <i><b>A g\u0142osimy to nie uczonymi s\u0142owami ludzkiej m\u0105dro\u015bci, lecz pouczeni przez Ducha, wyja\u015bniaj\u0105c duchowe sprawy tym, kt\u00f3rzy s\u0105 z Ducha. <\/b><\/i><\/span><\/span><\/span><\/p>\n<p align=\"justify\"><span style=\"color: #000000;\"><span style=\"font-family: Book Antiqua, serif;\"><span style=\"font-size: large;\">A ju\u017c na pewno to: <i><b>Cz\u0142owiek zmys\u0142owy bowiem nie pojmuje tego, co jest z Bo\u017cego Ducha. G\u0142upstwem mu si\u0119 to wydaje i nie mo\u017ce tego pozna\u0107, bo tylko duchem mo\u017cna to rozs\u0105dzi\u0107. Cz\u0142owiek za\u015b duchowy rozs\u0105dza wszystko, lecz sam przez nikogo nie jest s\u0105dzony.<\/b><\/i><b> <\/b><\/span><\/span><\/span><\/p>\n<p align=\"justify\"><span style=\"color: #000000;\"><span style=\"font-family: Book Antiqua, serif;\"><span style=\"font-size: large;\">Tutaj to ju\u017c w og\u00f3le m\u00f3wimy o kim\u015b, kto wr\u0119cz <b>pozbawiony jest ducha,<\/b> bo okre\u015blenie: <i><b>cz\u0142owiek zmys\u0142owy<\/b><\/i> sugerowa\u0142oby w\u0142a\u015bnie kogo\u015b takiego, kto tylko <b>czysto ludzkim potrzebom i sprawom si\u0119 oddaje,<\/b> nie maj\u0105c \u017cadnych wi\u0119kszych ani g\u0142\u0119bszych aspiracji czy refleksji duchowych. <\/span><\/span><\/span><\/p>\n<p align=\"justify\"><span style=\"color: #000000;\"><span style=\"font-family: Book Antiqua, serif;\"><span style=\"font-size: large;\">W rzeczywisto\u015bci, zdajemy sobie spraw\u0119 z tego, \u017ce \u017caden cz\u0142owiek <b>nie jest tak naprawd\u0119 pozbawiony ducha,<\/b> bo ka\u017cdy z ludzi jest istot\u0105 cielesno \u2013 duchow\u0105 i tego nie da si\u0119 zmieni\u0107, chocia\u017c mo\u017ce rzeczywi\u015bcie niekt\u00f3rzy <b>za du\u017cej wagi do<\/b> <b>swojej duchowo\u015bci nie przywi\u0105zuj\u0105. <\/b>A warto, naprawd\u0119 warto przywi\u0105zywa\u0107 jak najwi\u0119ksz\u0105 wag\u0119 do spraw duchowych, <b>warto kszta\u0142towa\u0107 w sobie Bo\u017cego ducha <\/b>\u2013 i tu nawet nie my\u015bl\u0105c zaraz o Duchu \u015awi\u0119tym, jako Osobie Boskiej, bo temu akurat to <b>mamy si\u0119 podporz\u0105dkowa\u0107 i z Nim jak naj\u015bci\u015blej wsp\u00f3\u0142pracowa\u0107. <\/b><\/span><\/span><\/span><\/p>\n<p align=\"justify\"><span style=\"color: #000000;\"><span style=\"font-family: Book Antiqua, serif;\"><span style=\"font-size: large;\">Natomiast ta w\u0142a\u015bnie wsp\u00f3\u0142praca z Duchem \u015awi\u0119tym ma prowadzi\u0107 do <b>kszta\u0142towania w nas ducha Bo\u017cego, <\/b>a wi\u0119c czynienia tego naszego, ludzkiego ducha, jak najbardziej podobnym do Bo\u017cego. Czyli \u2013 m\u00f3wi\u0105c ju\u017c tak bardzo konkretnie \u2013 chodzi <b>o <\/b><b>takie kszta\u0142towanie naszego ludzkiego my\u015blenia, <\/b>aby nie zamyka\u0142o si\u0119 ono w ciasnych ludzkich schematach, ale <b>by\u0142o otwarte na to, co B\u00f3g zaproponuje, <\/b>wska\u017ce, podpowie\u2026 <\/span><\/span><\/span><\/p>\n<p align=\"justify\"><span style=\"color: #000000;\"><span style=\"font-family: Book Antiqua, serif;\"><span style=\"font-size: large;\">Aby\u015bmy odrywali nasz umys\u0142 od takich czysto ludzkich pragnie\u0144, jak ch\u0119\u0107 <b>posiadania jak najwi\u0119cej,<\/b> ch\u0119\u0107 <b>znaczenia jak najwi\u0119cej,<\/b> ch\u0119\u0107 <b>najedzenia si\u0119 i napicia jak najwi\u0119cej,<\/b> ch\u0119\u0107 <b>dowiedzenia si\u0119 jak najwi\u0119cej \u2013 <\/b>w tym negatywnym znaczeniu, a wi\u0119c dowiedzenia si\u0119 o innych tych rzeczy prywatnych czy osobistych, o kt\u00f3rych niekoniecznie musimy wiedzie\u0107, a o kt\u00f3rych tak cz\u0119sto lubimy wiedzie\u0107\u2026 To s\u0105 wszystko takie <b>bardzo <\/b><b>przyziemne przejawy ludzkiego ducha,<\/b> czyni\u0105ce \u017cycie cz\u0142owieka przeci\u0119tnym, nudnym, ma\u0142o ambitnym, ma\u0142o rozwijaj\u0105cym\u2026 <\/span><\/span><\/span><\/p>\n<p align=\"justify\"><span style=\"color: #000000;\"><span style=\"font-family: Book Antiqua, serif;\"><span style=\"font-size: large;\">A przecie\u017c ludzki duch tak naprawd\u0119 <b>wyrywa si\u0119 ku temu Bo\u017cemu <\/b>\u2013 wystarczy mu tylko na to pozwoli\u0107. Jeszcze raz przypomnijmy sobie to stwierdzenie Aposto\u0142a z dzisiejszego pierwszego czytania, z jego Listu do wiernych Gminy chrze\u015bcija\u0144skiej korynckiej: <i><b>Ot\u00f3\u017c my\u015bmy nie otrzymali ducha \u015bwiata, lecz Ducha, kt\u00f3ry jest z Boga, dla poznania dar\u00f3w Bo\u017cych. <\/b><\/i>A skoro otrzymali\u015bmy <i><b>Ducha, kt\u00f3ry jest z Boga,<\/b><\/i> to po co\u015b Go otrzymali\u015bmy. Czy\u017c nie po to, aby mia\u0142 On jak najwi\u0119kszy wp\u0142yw na naszego ducha? <\/span><\/span><\/span><\/p>\n<p align=\"justify\"><span style=\"color: #000000;\"><span style=\"font-family: Book Antiqua, serif;\"><span style=\"font-size: large;\">I czy mo\u017cemy \u2013 ot, tak, po prostu \u2013<b> nic sobie nie robi\u0107 z tego,<\/b> \u017ce jeste\u015bmy wezwani do spraw wi\u0119kszych, wy\u017cszych, pi\u0119kniejszych? A tak naprawd\u0119: do spraw <b>najwi\u0119kszych, najwy\u017cszych, najpi\u0119kniejszych?<\/b> Oczywi\u015bcie, takie kszta\u0142towanie naszego ducha na wz\u00f3r Ducha \u015awi\u0119tego i pod Jego kierownictwem wymaga <b>cierpliwo\u015bci, wytrwa\u0142o\u015bci i systematycznej <\/b><b>pracy.<\/b> <\/span><\/span><\/span><\/p>\n<p align=\"justify\"><span style=\"color: #000000;\"><span style=\"font-family: Book Antiqua, serif;\"><span style=\"font-size: large;\">Natomiast pierwszym krokiem w owym kszta\u0142towaniu w sobie ducha jak najbardziej Bo\u017cego \u2013 jest <b>radykalne pozbywanie si\u0119 zakus\u00f3w ducha z\u0142ego! <\/b>A w tym wzgl\u0119dzie akurat nie ma miejsca <b>na \u017cadne kompromisy,<\/b> na \u017cadne przeci\u0105ganie, na d\u0142ugie planowanie i budowanie strategii, kt\u00f3re potem powoli b\u0119d\u0105 wdra\u017cane. Z\u0142ego ducha bowiem wyrzuca si\u0119 tak, jak to dzisiaj uczyni\u0142 Jezus: <b>MILCZ I WYJD\u0179 Z NIEGO!<\/b> I \u017cadnych dyskusji! \u017badnego rozmywania tematu i rozmieniania na drobne! Jasno, konkretnie i na temat: <b>MILCZ I WYJD\u0179 Z NIEGO! <\/b>A my powiemy: <b>\u201eMilcz, z\u0142y duchu, i wyjd\u017a ze mnie!\u201d<\/b> A wr\u0119cz: <b>\u201eMilcz i odejd\u017a ode mnie, bo ja ci nie pozwol\u0119 we mnie wej\u015b\u0107!\u201d<\/b> <\/span><\/span><\/span><\/p>\n<p align=\"justify\"><span style=\"color: #000000;\"><span style=\"font-family: Book Antiqua, serif;\"><span style=\"font-size: large;\">Drodzy moi, to bardzo wa\u017cne, dlatego jeszcze raz to podkre\u015blmy: <b>jednoznacznie, odwa\u017cnie, radykalnie i bezkompromisowo odsuwamy od siebie<\/b> diabelskie pokusy do grzechu \u2013 <b>w tym momencie, kiedy si\u0119 pojawiaj\u0105! <\/b>Nie p\u00f3\u017aniej, bo mo\u017ce by\u0107 ju\u017c za p\u00f3\u017ano! Z\u0142y duch jest bardzo inteligentny \u2013 nie zapominajmy o tym! O wiele bardziej inteligentny, ni\u017c my, ludzie. Dlatego <b>nie idziemy z nim na \u017bADNE KOMPROMISY,<\/b> bo na pewno przegramy! <b>Nie dajemy palca, bo we\u017amie r\u0119k\u0119! <\/b><\/span><\/span><\/span><\/p>\n<p align=\"justify\"><span style=\"color: #000000;\"><span style=\"font-family: Book Antiqua, serif;\"><span style=\"font-size: large;\">Nie da si\u0119 dopu\u015bci\u0107 do siebie diabelskiej pokusy <b>\u201etylko troch\u0119\u201d,<\/b> by w kt\u00f3rym\u015b momencie powiedzie\u0107: \u201eDo\u015b\u0107, dalej ju\u017c nie\u201d. To si\u0119 nie uda. Bo je\u015bli nawet w tym momencie si\u0119 uda i zaprzemy si\u0119 w sobie, by nie brn\u0105\u0107 w dany grzech, to <b>z\u0142y duch poczeka<\/b> i uderzy w momencie, w kt\u00f3rym <b>b\u0119dziemy najmniej duchowo zmobilizowani \u2013 i doko\u0144czy dzie\u0142a. <\/b><\/span><\/span><\/span><\/p>\n<p align=\"justify\"><span style=\"color: #000000;\"><span style=\"font-family: Book Antiqua, serif;\"><span style=\"font-size: large;\">Zatem \u2013 <b>\u017bADNYCH KOMPROMIS\u00d3W ZE Z\u0141YM DUCHEM! <\/b>To jest pierwszy warunek do kszta\u0142towania w sobie ducha Bo\u017cego, do przekszta\u0142cania swojego ludzkiego, ziemskiego ducha, na jak najwi\u0119ksze podobie\u0144stwo do Ducha Bo\u017cego. Najpierw \u2013 i za ka\u017cdym razem \u2013 trzeba <b>radykalnie zrywa\u0107 ze z\u0142ym duchem,<\/b> a potem <b>powoli, cierpliwie, systematycznie i wytrwale<\/b> kszta\u0142towa\u0107 w sobie ducha Bo\u017cego. Duch \u015awi\u0119ty <b>na pewno nam w tym pomo\u017ce!<\/b> Oby\u015bmy tylko my sami tego chcieli\u2026 <\/span><\/span><\/span><\/p>\n<p align=\"justify\"><span style=\"color: #000000;\"><span style=\"font-family: Book Antiqua, serif;\"><span style=\"font-size: large;\">Je\u017celi za\u015b szukaliby\u015bmy wzoru do kszta\u0142towania w sobie takiej postawy, to na pewno znajdziemy go w \u015bwiadectwie \u015bwi\u0119to\u015bci, jakie swoim \u017cyciem daje nam Patroni dnia dzisiejszego, <b>Papie\u017ca Grzegorza Wielkiego.<\/b><\/span><\/span><\/span><\/p>\n<p align=\"justify\"><span style=\"color: #000000;\"><span style=\"font-family: Book Antiqua, serif;\"><span style=\"font-size: large;\">Urodzi\u0142 si\u0119 <b>w 540 roku w Rzymie, <\/b>w rodzinie patrycjusz\u00f3w. Jego rodzice s\u0105 kanonizowanymi \u015awi\u0119tymi Ko\u015bcio\u0142a. M\u0142odo\u015b\u0107 sp\u0119dzi\u0142 w domu rodzinnym, piastuj\u0105c w tym czasie r\u00f3\u017cne urz\u0119dy cywilne, a\u017c doszed\u0142 do <b>stanowiska prefekta \u2013 namiestnika Rzymu! <\/b>Rzym pozostawa\u0142 w\u00f3wczas pod w\u0142adz\u0105 cesarstwa wschodniego.<\/span><\/span><\/span><\/p>\n<p align=\"justify\"><span style=\"color: #000000;\"><span style=\"font-family: Book Antiqua, serif;\"><span style=\"font-size: large;\">Po czterech latach m\u0105drych i szcz\u0119\u015bliwych rz\u0105d\u00f3w, <b>w 575 roku <\/b>niespodziewanie opu\u015bci\u0142 tak eksponowane stanowisko <b>i wst\u0105pi\u0142 do <\/b><b>zakonu<\/b><b> benedyktyn\u00f3w. <\/b>W\u0142asny dom rodzinny zamieni\u0142 na klasztor dla dwunastu towarzyszy. Ten czyn zaskoczy\u0142 wszystkich \u2013 <b>oto pan Rzymu zosta\u0142 ubogim mnichem! <\/b>Dysponuj\u0105c ogromnym maj\u0105tkiem, za\u0142o\u017cy\u0142 jeszcze sze\u015b\u0107 innych klasztor\u00f3w w swoich dobrach na Sycylii.<\/span><\/span><\/span><\/p>\n<p align=\"justify\"><span style=\"color: #000000;\"><span style=\"font-family: Book Antiqua, serif;\"><span style=\"font-size: large;\">W roku 577, Papie\u017c Benedykt I mianowa\u0142 Grzegorza <b>diakonem Ko\u015bcio\u0142a rzymskiego, <\/b>a w roku 579 Papie\u017c Pelagiusz II uczyni\u0142 go <b>swoim<\/b><b> apokryzariuszem, <\/b>czyli przedstawicielem na dworze cesarza wschodnio \u2013 rzymskiego. Grzegorz uda\u0142 si\u0119 wi\u0119c w stroju mnicha wraz z kilkoma towarzyszami do Konstantynopola, gdzie sp\u0119dzi\u0142 siedem lat. <b>Wykaza\u0142 tam du\u017ce umiej\u0119tno\u015bci dyplomatyczne. <\/b>A przy okazji nauczy\u0142 si\u0119 tak\u017ce j\u0119zyka greckiego.<\/span><\/span><\/span><\/p>\n<p align=\"justify\"><span style=\"color: #000000;\"><span style=\"font-family: Book Antiqua, serif;\"><span style=\"font-size: large;\">Doceniaj\u0105c wielk\u0105 m\u0105dro\u015b\u0107 i roztropno\u015b\u0107 Grzegorza, <b>Papie\u017c Pelagiusz II wezwa\u0142 go z powrotem do Rzymu, <\/b>by mu pomaga\u0142 bezpo\u015brednio w zarz\u0105dzaniu Ko\u015bcio\u0142em i s\u0142u\u017cy\u0142 rad\u0105. Mia\u0142 jednocze\u015bnie Grzegorz pe\u0142ni\u0107 obowi\u0105zki osobistego sekretarza Papie\u017ca. Od roku 585 by\u0142 tak\u017ce opatem klasztoru. Jednak, kiedy 7 lutego 590 roku zmar\u0142 Pelagiusz II, na jego miejsce lud, senat i kler rzymski <b>jednog\u0142o\u015bnie \u2013 przez aklamacj\u0119 \u2013 wybra<\/b><b>li<\/b><b> <\/b><b>w\u0142a\u015bnie <\/b><b>Grzegorza. <\/b>Ten w swojej pokorze wymawia\u0142 si\u0119. Napisa\u0142 nawet do cesarza i do swoich przyjaci\u00f3\u0142 w Konstantynopolu, by nie zatwierdzano jego wyboru. Sta\u0142o si\u0119 jednak inaczej.<\/span><\/span><\/span><\/p>\n<p align=\"justify\"><span style=\"color: #000000;\"><span style=\"font-family: Book Antiqua, serif;\"><span style=\"font-size: large;\"><b>3 pa\u017adziernika 590 roku <\/b>odby\u0142a si\u0119 jego<b> konsekracja na biskupa. <\/b>Przedtem przyj\u0105\u0142 \u015bwi\u0119cenia kap\u0142a\u0144skie. Ale oto w tym\u017ce samym 590 roku nawiedzi\u0142a Rzym jedna z najci\u0119\u017cszych w historii tego\u017c miasta zaraza. Grzegorz zarz\u0105dzi\u0142 <b>procesj\u0119 pokutn\u0105 dla odwr\u00f3cenia kl\u0119ski. <\/b>Wyznaczy\u0142 siedem ko\u015bcio\u0142\u00f3w, w kt\u00f3rych mia\u0142y gromadzi\u0107 si\u0119 na modlitwie poszczeg\u00f3lne stany. Z tych ko\u015bcio\u0142\u00f3w wyruszy\u0142y procesje do Bazyliki Matki Bo\u017cej Wi\u0119kszej, gdzie <b>Papie\u017c \u2013 elekt wyg\u0142osi\u0142 wielkie przem\u00f3wienie o modlitwie i pokucie.<\/b><\/span><\/span><\/span><\/p>\n<p align=\"justify\"><span style=\"color: #000000;\"><span style=\"font-family: Book Antiqua, serif;\"><span style=\"font-size: large;\">Podczas procesji, nad mauzoleum Hadriana <b>Grzegorz zobaczy\u0142 anio\u0142a chowaj\u0105cego wyci\u0105gni\u0119ty, skrwawiony miecz. <\/b>Wizj\u0119 t\u0119 zrozumiano jako koniec plagi. Zosta\u0142a ona utrwalona: do dnia dzisiejszego nad tym mauzoleum Hadriana, zwanym Zamkiem \u015awi\u0119tego Anio\u0142a, <b>dominuje ogromny pos\u0105g anio\u0142a <\/b>ze wzniesionym mieczem.<\/span><\/span><\/span><\/p>\n<p align=\"justify\"><span style=\"color: #000000;\"><span style=\"font-family: Book Antiqua, serif;\"><span style=\"font-size: large;\"><b>Pontyfikat Grzegorza trwa\u0142 pi\u0119tna\u015bcie lat. <\/b>Zaraz na pocz\u0105tku swoich rz\u0105d\u00f3w nada\u0142 sobie pokorny tytu\u0142, kt\u00f3ry r\u00f3wnocze\u015bnie mia\u0142 by\u0107 programem jego pontyfikatu: <b>\u201e<\/b><b>servus servorum Dei\u201d \u2013 \u201es\u0142uga s\u0142ug Bo\u017cych\u201d. <\/b>Do \u00f3wczesnych patriarch\u00f3w Konstantynopola, Antiochii, Jerozolimy i Aleksandrii skierowa\u0142 wys\u0142annik\u00f3w z zawiadomieniem o swoim wyborze <b>w s\u0142owach pe\u0142nych pokory i przyja\u017ani, <\/b>czym pozyska\u0142 sobie ich mi\u0142o\u015b\u0107.<\/span><\/span><\/span><\/p>\n<p align=\"justify\"><span style=\"color: #000000;\"><span style=\"font-family: Book Antiqua, serif;\"><span style=\"font-size: large;\">Jako dobry Pasterz Ko\u015bcio\u0142a, <b>codziennie g\u0142osi\u0142 <\/b><b>s<\/b><b>\u0142owo Bo\u017ce. <\/b>Usun\u0105\u0142 z kurii papieskiej niegodnych urz\u0119dnik\u00f3w, a z diecezji i parafii \u2013 niegodnych biskup\u00f3w i proboszcz\u00f3w. <b>Otacza\u0142 opiek\u0105 ubogich. <\/b>Wielk\u0105 trosk\u0105 otoczy\u0142 rzymskie ko\u015bcio\u0142y i diecezje W\u0142och. Dla lepszej kontroli i orientacji wyznaczy\u0142 w\u015br\u00f3d biskup\u00f3w osobnego wizytatora. By\u0142 stanowczy wobec nadu\u017cy\u0107.<\/span><\/span><\/span><\/p>\n<p align=\"justify\"><span style=\"color: #000000;\"><span style=\"font-family: Book Antiqua, serif;\"><span style=\"font-size: large;\">Pozyska\u0142 dla Ko\u015bcio\u0142a kr\u00f3low\u0105 Longobard\u00f3w, <b>nie dopu\u015bci\u0142 do oddzielenia si\u0119 od Rzymu biskup\u00f3w z p\u00f3\u0142nocnej Afryki, <\/b>nawi\u0105za\u0142 tak\u017ce \u0142\u0105czno\u015b\u0107 dyplomatyczn\u0105 z w\u0142adcami Galii. Do Anglii wys\u0142a\u0142 benedyktyna, \u015awi\u0119tego Augustyna, wraz z czterdziestoma towarzyszami. Misja ta zako\u0144czy\u0142a si\u0119 sukcesem: <b>w sam\u0105 uroczysto\u015b\u0107 Zes\u0142ania Ducha \u015awi\u0119tego roku 597 tamtejszy kr\u00f3l przyj\u0105\u0142 Chrzest.<\/b><\/span><\/span><\/span><\/p>\n<p align=\"justify\"><span style=\"color: #000000;\"><span style=\"font-family: Book Antiqua, serif;\"><span style=\"font-size: large;\">O wiele gorzej uk\u0142ada\u0142y si\u0119 stosunki Rzymu z Konstantynopolem. Chocia\u017c Papie\u017c utrzymywa\u0142 z cesarstwem jak najlepsze relacje, <b>patriarchowie uwa\u017cali si\u0119 za r\u00f3wnorz\u0119dnych papie\u017com, <\/b>a nawet za wy\u017cszych od nich w\u0142a\u015bnie dlatego, \u017ce byli biskupami w stolicy cesarzy. W tym w\u0142a\u015bnie czasie patriarcha Konstantynopola <b>nada\u0142 sobie nawet tytu\u0142 \u201eekumenicznego\u201d, czyli powszechnego. <\/b>Przeciwko temu Grzegorz zaprotestowa\u0142 <b>i nigdy tego tytu\u0142u nie uzna\u0142, <\/b>uwa\u017caj\u0105c, \u017ce nale\u017cy si\u0119 on wy\u0142\u0105cznie biskupom rzymskim.<\/span><\/span><\/span><\/p>\n<p align=\"justify\"><span style=\"color: #000000;\"><span style=\"font-family: Book Antiqua, serif;\"><span style=\"font-size: large;\">Nie mniej owocn\u0105 dzia\u0142alno\u015b\u0107 rozwin\u0105\u0142 Papie\u017c Grzegorz <b>na polu administracji ko\u015bcielnej: <\/b>uzdrowi\u0142 finanse papieskie, zagospodarowa\u0142 maj\u0105tki, kt\u00f3re s\u0142u\u017cy\u0142y na utrzymanie dworu papieskiego. <b>W r\u00f3wnym stopniu zas\u0142u\u017cy\u0142 si\u0119 na polu liturgii, <\/b>wprowadzaj\u0105c istotne reformy, czego wyrazem \u2013 mi\u0119dzy innymi \u2013 jest pi\u0119kny i dostojny \u015bpiew gregoria\u0144ski. Nadto, <b>ujednolici\u0142 i upowszechni\u0142 obrz\u0105dek rzymski. <\/b>Dot\u0105d bowiem ka\u017cdy kraj, a nawet diecezja, mia\u0142y sw\u00f3j ryt, co wprowadza\u0142o wiele zamieszania.<\/span><\/span><\/span><\/p>\n<p align=\"justify\"><span style=\"color: #000000;\"><span style=\"font-family: Book Antiqua, serif;\"><span style=\"font-size: large;\"><b>Od pontyfikatu Grzegorza <\/b>pochodzi zwyczaj odprawiania<b> trzydziestu Mszy \u015awi\u0119tych za zmar\u0142ych, <\/b>zwanych<b> \u201egregoria\u0144skimi\u201d. <\/b>Kiedy bowiem Papie\u017c by\u0142 jeszcze opatem benedyktyn\u00f3w w Rzymie, zmar\u0142 pewien mnich, przy kt\u00f3rym znaleziono pieni\u0105dze. W owych czasach by\u0142o to uwa\u017cane za wielkie przest\u0119pstwo w zakonie. Grzegorz nakaza\u0142 dla przestrogi innych <b>pogrzeba\u0107 cia\u0142o owego zakonnika poza klasztorem, <\/b>w miejscu niepo\u015bwi\u0119conym. Pe\u0142en jednak troski o jego dusz\u0119, <b>nakaza\u0142 odprawi\u0107 trzydzie\u015bci Mszy \u015awi\u0119tych dzie\u0144 po dniu. <\/b>Kiedy zosta\u0142a odprawiona ostatnia z nich, zakonnik \u00f3w mia\u0142 si\u0119 pokaza\u0107 opatowi i podzi\u0119kowa\u0107 mu, o\u015bwiadczaj\u0105c, <b>\u017ce te Msze \u015awi\u0119te skr\u00f3ci\u0142y mu znacznie czas czy\u015b\u0107ca. <\/b>Odt\u0105d przyj\u0105\u0142 si\u0119 zwyczaj odprawiania w intencji zmar\u0142ych tak zwanych \u201egregorianek\u201d.<\/span><\/span><\/span><\/p>\n<p align=\"justify\"><span style=\"color: #000000;\"><span style=\"font-family: Book Antiqua, serif;\"><span style=\"font-size: large;\">Przy bardzo licznych i absorbuj\u0105cych zaj\u0119ciach publicznych, Grzegorz tak\u017ce pisa\u0142. Zostawi\u0142 po sobie bogat\u0105 spu\u015bcizn\u0119 literack\u0105, obejmuj\u0105c\u0105 \u2013 poza innymi dzie\u0142ami \u2013 osiemset pi\u0119\u0107dziesi\u0105t homilii i list\u00f3w. Po bardzo pracowitym \u017cyciu, <b>Papie\u017c Grzegorz zmar\u0142 12 marca 604 roku. <\/b>\u015aredniowiecze<b> <\/b>przyzna\u0142o mu<b> przydomek Wielki. <\/b>Nale\u017cy do czterech wielkich Doktor\u00f3w Ko\u015bcio\u0142a Zachodniego.<\/span><\/span><\/span><\/p>\n<p align=\"justify\"><span style=\"color: #000000;\"><span style=\"font-family: Book Antiqua, serif;\"><span style=\"font-size: large;\">A oto jak w jednej z homilii m\u00f3wi\u0142 o swojej w\u0142asnej papieskiej pos\u0142udze: \u201eJak\u017ce surowo brzmi\u0105 dla mnie s\u0142owa, kt\u00f3re wypowiadam. Takim m\u00f3wieniem siebie samego rani\u0119, albowiem <b>nie g\u0142osz\u0119, jak nale\u017cy, <\/b>ani te\u017c \u2013 cho\u0107 g\u0142osz\u0119, jak umiem \u2013 \u017cycie nie idzie za s\u0142owami. Nie przecz\u0119 \u2013 <b>winien jestem.<\/b> Widz\u0119 moj\u0105 ospa\u0142o\u015b\u0107 i niedbalstwo. Mo\u017ce przyznanie si\u0119 do winy wyjedna mi u mi\u0142osiernego S\u0119dziego przebaczenie.<\/span><\/span><\/span><\/p>\n<p align=\"justify\"><span style=\"color: #000000;\"><span style=\"font-family: Book Antiqua, serif;\"><span style=\"font-size: large;\">Niew\u0105tpliwie, kiedy by\u0142em w klasztorze,<b> umia\u0142em pow\u015bci\u0105gn\u0105\u0107 j\u0119zyk od niepotrzebnych s\u0142\u00f3w <\/b>i niemal bezustannie trwa\u0142em na modlitwie. Ale p\u00f3\u017aniej, odk\u0105d wzi\u0105\u0142em na siebie brzemi\u0119 troski pasterskiej, rozrywany r\u00f3\u017cnymi sprawami,<b> nie potrafi\u0119 skupi\u0107 si\u0119 nale\u017cycie. <\/b>Musz\u0119 oto zajmowa\u0107 si\u0119 sprawami Ko\u015bcio\u0142\u00f3w, to zn\u00f3w klasztor\u00f3w, <b>nierzadko obowi\u0105zany jestem ocenia\u0107 \u017cycie i czyny poszczeg\u00f3lnych os\u00f3b, <\/b>czasem podejmowa\u0107 si\u0119 zada\u0144 publicznych, kiedy indziej cierpie\u0107 z powodu krwawych najazd\u00f3w barbarzy\u0144c\u00f3w b\u0105d\u017a te\u017c <b>obawia\u0107 si\u0119 wilk\u00f3w zagra\u017caj\u0105cych powierzonej mi owczarni. <\/b>Trzeba mi te\u017c troszczy\u0107 si\u0119, aby nie zabrak\u0142o odpowiedniej pomocy tym, kt\u00f3rzy zwi\u0105zani s\u0105 regu\u0142\u0105 monastyczn\u0105, to znowu znosi\u0107 cierpliwie r\u00f3\u017cnych rabusi\u00f3w, czy wreszcie przeciwstawi\u0107 si\u0119 pami\u0119taj\u0105c przy tym, <b>by nie uchybi\u0107 mi\u0142o\u015bci.<\/b><\/span><\/span><\/span><\/p>\n<p align=\"justify\"><span style=\"color: #000000;\"><span style=\"font-family: Book Antiqua, serif;\"><span style=\"font-size: large;\">Kiedy wi\u0119c umys\u0142 rozrywany i rozpraszany jest tak licznymi i wa\u017cnymi sprawami, jak\u017ce potrafi wej\u015b\u0107 w siebie, aby ca\u0142kowicie skupi\u0107 si\u0119 na przepowiadaniu i nie zaniedbywa\u0107 pos\u0142ugi s\u0142owa? Poniewa\u017c na skutek sprawowania urz\u0119du zmuszony jestem spotyka\u0107 si\u0119 z lud\u017ami \u015bwiatowymi, <b>bywa, \u017ce rozlu\u017aniam niekiedy dyscyplin\u0119 j\u0119zyka.<\/b> <\/span><\/span><\/span><\/p>\n<p align=\"justify\"><span style=\"color: #000000;\"><span style=\"font-family: Book Antiqua, serif;\"><span style=\"font-size: large;\">Je\u015bli bowiem pilnie czuwam nad sob\u0105, stwierdzam,<b> \u017ce s\u0142abi unikaj\u0105 mnie \u2013 <\/b>a zatem nigdy nie poci\u0105gn\u0119 ich, dok\u0105d chcia\u0142bym. Zdarza si\u0119 wi\u0119c, \u017ce cz\u0119sto s\u0142ucham cierpliwie niepotrzebnych s\u0142\u00f3w. Poniewa\u017c za\u015b sam jestem niedoskona\u0142y, dlatego wci\u0105gany stopniowo w niepotrzebne rozmowy, <b>zaczynam prowadzi\u0107 je ch\u0119tnie,<\/b> mimo i\u017c pocz\u0105tkowo s\u0142ucha\u0142em z przykro\u015bci\u0105.<\/span><\/span><\/span><\/p>\n<p align=\"justify\"><span style=\"color: #000000;\"><span style=\"font-family: Book Antiqua, serif;\"><span style=\"font-size: large;\">Tak wi\u0119c w miejscu, gdzie<b> wzdryga\u0142em si\u0119 upa\u015b\u0107, trwam z przyjemno\u015bci\u0105! <\/b>A zatem, jaki\u017c ze mnie str\u00f3\u017c, skoro nie stoj\u0119 na szczycie obowi\u0105zku, ale le\u017c\u0119 w dolinie s\u0142abo\u015bci. Mocen jest jednak Stw\u00f3rca i Odkupiciel rodzaju ludzkiego udzieli\u0107 mnie niegodnemu zar\u00f3wno prawo\u015bci \u017cycia, jak skuteczno\u015bci s\u0142owa, <b>bo z mi\u0142o\u015bci ku Niemu ca\u0142kowicie po\u015bwi\u0119cam si\u0119 g\u0142oszeniu Jego S\u0142owa.\u201d <\/b>Tyle z homilii dzisiejszego Patrona.<\/span><\/span><\/span><\/p>\n<p align=\"justify\"><span style=\"color: #000000;\"><span style=\"font-family: Book Antiqua, serif;\"><span style=\"font-size: large;\">Wpatrzeni w t\u0119 jego postaw\u0119 oraz zas\u0142uchani w dzisiejsze Bo\u017ce s\u0142owo, zapytajmy samych siebie raz jeszcze <b>o radykalizm w usuwaniu pokus ducha z\u0142ego<\/b> oraz o cierpliwo\u015b\u0107 i wytrwa\u0142o\u015b\u0107 w codziennym <b>kszta\u0142towaniu w sobie ducha Bo\u017cego\u2026<\/b><\/span><\/span><\/span><\/p>\n","protected":false},"excerpt":{"rendered":"<p>Szcz\u0119\u015b\u0107 Bo\u017ce! Moi Drodzy, w dniu dzisiejszym imieniny prze\u017cywaj\u0105: \u25baBiskup Grzegorz Suchodolski \u2013 od niedawna: Biskup Pomocniczy Diecezji siedleckiej; \u25baKsi\u0105dz Grzegorz Stolarski \u2013 Wyk\u0142adowca na Uniwersytecie w Siedlcach, by\u0142y Rektor siedleckiego Seminarium; \u25baKsi\u0105dz Grzegorz Bindziuk, z kt\u00f3rym mia\u0142em przyjemno\u015b\u0107 wsp\u00f3\u0142pracowa\u0107 kiedy\u015b w Parafii w Tr\u0105bkach; \u25baKsi\u0105dz Grzegorz Bielak \u2013 Prefekt przy mojej Parafii rodzinnej. \u017bycz\u0119 [&hellip;]<\/p>\n","protected":false},"author":1,"featured_media":0,"comment_status":"open","ping_status":"open","sticky":false,"template":"","format":"standard","meta":{"jetpack_post_was_ever_published":false,"_jetpack_newsletter_access":"","_jetpack_dont_email_post_to_subs":false,"_jetpack_newsletter_tier_id":0,"_jetpack_memberships_contains_paywalled_content":false,"_jetpack_memberships_contains_paid_content":false,"footnotes":""},"categories":[1],"tags":[],"class_list":["post-22761","post","type-post","status-publish","format-standard","hentry","category-bez-kategorii"],"yoast_head":"<!-- This site is optimized with the Yoast SEO plugin v25.1 - https:\/\/yoast.com\/wordpress\/plugins\/seo\/ -->\n<title>Milcz - i wyjd\u017a! - Gaudium Et Spes<\/title>\n<meta name=\"robots\" content=\"index, follow, max-snippet:-1, max-image-preview:large, max-video-preview:-1\" \/>\n<link rel=\"canonical\" href=\"https:\/\/gaudiumetspes-blog.pl\/index.php\/2024\/09\/03\/milcz-i-wyjdz\/\" \/>\n<meta property=\"og:locale\" content=\"pl_PL\" \/>\n<meta property=\"og:type\" content=\"article\" \/>\n<meta property=\"og:title\" content=\"Milcz - i wyjd\u017a! - Gaudium Et Spes\" \/>\n<meta property=\"og:description\" content=\"Szcz\u0119\u015b\u0107 Bo\u017ce! Moi Drodzy, w dniu dzisiejszym imieniny prze\u017cywaj\u0105: \u25baBiskup Grzegorz Suchodolski \u2013 od niedawna: Biskup Pomocniczy Diecezji siedleckiej; \u25baKsi\u0105dz Grzegorz Stolarski \u2013 Wyk\u0142adowca na Uniwersytecie w Siedlcach, by\u0142y Rektor siedleckiego Seminarium; \u25baKsi\u0105dz Grzegorz Bindziuk, z kt\u00f3rym mia\u0142em przyjemno\u015b\u0107 wsp\u00f3\u0142pracowa\u0107 kiedy\u015b w Parafii w Tr\u0105bkach; \u25baKsi\u0105dz Grzegorz Bielak \u2013 Prefekt przy mojej Parafii rodzinnej. \u017bycz\u0119 [&hellip;]\" \/>\n<meta property=\"og:url\" content=\"https:\/\/gaudiumetspes-blog.pl\/index.php\/2024\/09\/03\/milcz-i-wyjdz\/\" \/>\n<meta property=\"og:site_name\" content=\"Gaudium Et Spes\" \/>\n<meta property=\"article:published_time\" content=\"2024-09-03T07:07:36+00:00\" \/>\n<meta property=\"article:modified_time\" content=\"2024-09-03T07:11:23+00:00\" \/>\n<meta name=\"author\" content=\"Ks. Jacek\" \/>\n<meta name=\"twitter:card\" content=\"summary_large_image\" \/>\n<meta name=\"twitter:label1\" content=\"Napisane przez\" \/>\n\t<meta name=\"twitter:data1\" content=\"Ks. Jacek\" \/>\n\t<meta name=\"twitter:label2\" content=\"Szacowany czas czytania\" \/>\n\t<meta name=\"twitter:data2\" content=\"15 minut\" \/>\n<script type=\"application\/ld+json\" class=\"yoast-schema-graph\">{\"@context\":\"https:\/\/schema.org\",\"@graph\":[{\"@type\":\"WebPage\",\"@id\":\"https:\/\/gaudiumetspes-blog.pl\/index.php\/2024\/09\/03\/milcz-i-wyjdz\/\",\"url\":\"https:\/\/gaudiumetspes-blog.pl\/index.php\/2024\/09\/03\/milcz-i-wyjdz\/\",\"name\":\"Milcz - i wyjd\u017a! - Gaudium Et Spes\",\"isPartOf\":{\"@id\":\"https:\/\/gaudiumetspes-blog.pl\/#website\"},\"datePublished\":\"2024-09-03T07:07:36+00:00\",\"dateModified\":\"2024-09-03T07:11:23+00:00\",\"author\":{\"@id\":\"https:\/\/gaudiumetspes-blog.pl\/#\/schema\/person\/1661982992b752dea8dff0d4ed845a65\"},\"breadcrumb\":{\"@id\":\"https:\/\/gaudiumetspes-blog.pl\/index.php\/2024\/09\/03\/milcz-i-wyjdz\/#breadcrumb\"},\"inLanguage\":\"pl-PL\",\"potentialAction\":[{\"@type\":\"ReadAction\",\"target\":[\"https:\/\/gaudiumetspes-blog.pl\/index.php\/2024\/09\/03\/milcz-i-wyjdz\/\"]}]},{\"@type\":\"BreadcrumbList\",\"@id\":\"https:\/\/gaudiumetspes-blog.pl\/index.php\/2024\/09\/03\/milcz-i-wyjdz\/#breadcrumb\",\"itemListElement\":[{\"@type\":\"ListItem\",\"position\":1,\"name\":\"Strona g\u0142\u00f3wna\",\"item\":\"https:\/\/gaudiumetspes-blog.pl\/\"},{\"@type\":\"ListItem\",\"position\":2,\"name\":\"Milcz &#8211; i&nbsp;wyjd\u017a!\"}]},{\"@type\":\"WebSite\",\"@id\":\"https:\/\/gaudiumetspes-blog.pl\/#website\",\"url\":\"https:\/\/gaudiumetspes-blog.pl\/\",\"name\":\"Gaudium Et Spes\",\"description\":\"Blog Ks. Jacka Ja\u015bkowskiego\",\"potentialAction\":[{\"@type\":\"SearchAction\",\"target\":{\"@type\":\"EntryPoint\",\"urlTemplate\":\"https:\/\/gaudiumetspes-blog.pl\/?s={search_term_string}\"},\"query-input\":{\"@type\":\"PropertyValueSpecification\",\"valueRequired\":true,\"valueName\":\"search_term_string\"}}],\"inLanguage\":\"pl-PL\"},{\"@type\":\"Person\",\"@id\":\"https:\/\/gaudiumetspes-blog.pl\/#\/schema\/person\/1661982992b752dea8dff0d4ed845a65\",\"name\":\"Ks. Jacek\",\"image\":{\"@type\":\"ImageObject\",\"inLanguage\":\"pl-PL\",\"@id\":\"https:\/\/gaudiumetspes-blog.pl\/#\/schema\/person\/image\/\",\"url\":\"https:\/\/gaudiumetspes-blog.pl\/wp-content\/uploads\/2019\/07\/avatar-JJ-150x150.jpg\",\"contentUrl\":\"https:\/\/gaudiumetspes-blog.pl\/wp-content\/uploads\/2019\/07\/avatar-JJ-150x150.jpg\",\"caption\":\"Ks. Jacek\"},\"description\":\"Witam serdecznie! K\u0142ania si\u0119 Ks. Jacek Ja\u015bkowski. Nie jestem ani kim\u015b wa\u017cnym, ani kim\u015b znanym. Jestem ksi\u0119dzem, kt\u00f3ry po prostu chce rozmawia\u0107. Codzienna kap\u0142a\u0144ska pos\u0142uga pokazuje mi, \u017ce temat\u00f3w do rozm\u00f3w z ksi\u0119dzem jest coraz wi\u0119cej i dzisiaj \u017caden ksi\u0105dz nie mo\u017ce od nich ucieka\u0107, ale - wprost przeciwnie - podejmowa\u0107 nowe wyzwania. To przekonanie sk\u0142oni\u0142o mnie do pr\u00f3by otwarcia tego\u017c bloga, chocia\u017c okazji do rozm\u00f3w na co dzie\u0144 - w konfesjonale i poza nim - na szcz\u0119\u015bcie nie brakuje. My\u015bl\u0119 jednak, \u017ce ten blog b\u0119dzie jeszcze jednym sposobem i przestrzeni\u0105 nawi\u0105zania kontaktu z lud\u017ami dobrej woli, otwartymi na dialog.\",\"url\":\"https:\/\/gaudiumetspes-blog.pl\/index.php\/author\/ks-jacek\/\"}]}<\/script>\n<!-- \/ Yoast SEO plugin. -->","yoast_head_json":{"title":"Milcz - i wyjd\u017a! - Gaudium Et Spes","robots":{"index":"index","follow":"follow","max-snippet":"max-snippet:-1","max-image-preview":"max-image-preview:large","max-video-preview":"max-video-preview:-1"},"canonical":"https:\/\/gaudiumetspes-blog.pl\/index.php\/2024\/09\/03\/milcz-i-wyjdz\/","og_locale":"pl_PL","og_type":"article","og_title":"Milcz - i wyjd\u017a! - Gaudium Et Spes","og_description":"Szcz\u0119\u015b\u0107 Bo\u017ce! Moi Drodzy, w dniu dzisiejszym imieniny prze\u017cywaj\u0105: \u25baBiskup Grzegorz Suchodolski \u2013 od niedawna: Biskup Pomocniczy Diecezji siedleckiej; \u25baKsi\u0105dz Grzegorz Stolarski \u2013 Wyk\u0142adowca na Uniwersytecie w Siedlcach, by\u0142y Rektor siedleckiego Seminarium; \u25baKsi\u0105dz Grzegorz Bindziuk, z kt\u00f3rym mia\u0142em przyjemno\u015b\u0107 wsp\u00f3\u0142pracowa\u0107 kiedy\u015b w Parafii w Tr\u0105bkach; \u25baKsi\u0105dz Grzegorz Bielak \u2013 Prefekt przy mojej Parafii rodzinnej. \u017bycz\u0119 [&hellip;]","og_url":"https:\/\/gaudiumetspes-blog.pl\/index.php\/2024\/09\/03\/milcz-i-wyjdz\/","og_site_name":"Gaudium Et Spes","article_published_time":"2024-09-03T07:07:36+00:00","article_modified_time":"2024-09-03T07:11:23+00:00","author":"Ks. Jacek","twitter_card":"summary_large_image","twitter_misc":{"Napisane przez":"Ks. Jacek","Szacowany czas czytania":"15 minut"},"schema":{"@context":"https:\/\/schema.org","@graph":[{"@type":"WebPage","@id":"https:\/\/gaudiumetspes-blog.pl\/index.php\/2024\/09\/03\/milcz-i-wyjdz\/","url":"https:\/\/gaudiumetspes-blog.pl\/index.php\/2024\/09\/03\/milcz-i-wyjdz\/","name":"Milcz - i wyjd\u017a! - Gaudium Et Spes","isPartOf":{"@id":"https:\/\/gaudiumetspes-blog.pl\/#website"},"datePublished":"2024-09-03T07:07:36+00:00","dateModified":"2024-09-03T07:11:23+00:00","author":{"@id":"https:\/\/gaudiumetspes-blog.pl\/#\/schema\/person\/1661982992b752dea8dff0d4ed845a65"},"breadcrumb":{"@id":"https:\/\/gaudiumetspes-blog.pl\/index.php\/2024\/09\/03\/milcz-i-wyjdz\/#breadcrumb"},"inLanguage":"pl-PL","potentialAction":[{"@type":"ReadAction","target":["https:\/\/gaudiumetspes-blog.pl\/index.php\/2024\/09\/03\/milcz-i-wyjdz\/"]}]},{"@type":"BreadcrumbList","@id":"https:\/\/gaudiumetspes-blog.pl\/index.php\/2024\/09\/03\/milcz-i-wyjdz\/#breadcrumb","itemListElement":[{"@type":"ListItem","position":1,"name":"Strona g\u0142\u00f3wna","item":"https:\/\/gaudiumetspes-blog.pl\/"},{"@type":"ListItem","position":2,"name":"Milcz &#8211; i&nbsp;wyjd\u017a!"}]},{"@type":"WebSite","@id":"https:\/\/gaudiumetspes-blog.pl\/#website","url":"https:\/\/gaudiumetspes-blog.pl\/","name":"Gaudium Et Spes","description":"Blog Ks. Jacka Ja\u015bkowskiego","potentialAction":[{"@type":"SearchAction","target":{"@type":"EntryPoint","urlTemplate":"https:\/\/gaudiumetspes-blog.pl\/?s={search_term_string}"},"query-input":{"@type":"PropertyValueSpecification","valueRequired":true,"valueName":"search_term_string"}}],"inLanguage":"pl-PL"},{"@type":"Person","@id":"https:\/\/gaudiumetspes-blog.pl\/#\/schema\/person\/1661982992b752dea8dff0d4ed845a65","name":"Ks. Jacek","image":{"@type":"ImageObject","inLanguage":"pl-PL","@id":"https:\/\/gaudiumetspes-blog.pl\/#\/schema\/person\/image\/","url":"https:\/\/gaudiumetspes-blog.pl\/wp-content\/uploads\/2019\/07\/avatar-JJ-150x150.jpg","contentUrl":"https:\/\/gaudiumetspes-blog.pl\/wp-content\/uploads\/2019\/07\/avatar-JJ-150x150.jpg","caption":"Ks. Jacek"},"description":"Witam serdecznie! K\u0142ania si\u0119 Ks. Jacek Ja\u015bkowski. Nie jestem ani kim\u015b wa\u017cnym, ani kim\u015b znanym. Jestem ksi\u0119dzem, kt\u00f3ry po prostu chce rozmawia\u0107. Codzienna kap\u0142a\u0144ska pos\u0142uga pokazuje mi, \u017ce temat\u00f3w do rozm\u00f3w z ksi\u0119dzem jest coraz wi\u0119cej i dzisiaj \u017caden ksi\u0105dz nie mo\u017ce od nich ucieka\u0107, ale - wprost przeciwnie - podejmowa\u0107 nowe wyzwania. To przekonanie sk\u0142oni\u0142o mnie do pr\u00f3by otwarcia tego\u017c bloga, chocia\u017c okazji do rozm\u00f3w na co dzie\u0144 - w konfesjonale i poza nim - na szcz\u0119\u015bcie nie brakuje. My\u015bl\u0119 jednak, \u017ce ten blog b\u0119dzie jeszcze jednym sposobem i przestrzeni\u0105 nawi\u0105zania kontaktu z lud\u017ami dobrej woli, otwartymi na dialog.","url":"https:\/\/gaudiumetspes-blog.pl\/index.php\/author\/ks-jacek\/"}]}},"jetpack_featured_media_url":"","jetpack_sharing_enabled":true,"_links":{"self":[{"href":"https:\/\/gaudiumetspes-blog.pl\/index.php\/wp-json\/wp\/v2\/posts\/22761","targetHints":{"allow":["GET"]}}],"collection":[{"href":"https:\/\/gaudiumetspes-blog.pl\/index.php\/wp-json\/wp\/v2\/posts"}],"about":[{"href":"https:\/\/gaudiumetspes-blog.pl\/index.php\/wp-json\/wp\/v2\/types\/post"}],"author":[{"embeddable":true,"href":"https:\/\/gaudiumetspes-blog.pl\/index.php\/wp-json\/wp\/v2\/users\/1"}],"replies":[{"embeddable":true,"href":"https:\/\/gaudiumetspes-blog.pl\/index.php\/wp-json\/wp\/v2\/comments?post=22761"}],"version-history":[{"count":3,"href":"https:\/\/gaudiumetspes-blog.pl\/index.php\/wp-json\/wp\/v2\/posts\/22761\/revisions"}],"predecessor-version":[{"id":22764,"href":"https:\/\/gaudiumetspes-blog.pl\/index.php\/wp-json\/wp\/v2\/posts\/22761\/revisions\/22764"}],"wp:attachment":[{"href":"https:\/\/gaudiumetspes-blog.pl\/index.php\/wp-json\/wp\/v2\/media?parent=22761"}],"wp:term":[{"taxonomy":"category","embeddable":true,"href":"https:\/\/gaudiumetspes-blog.pl\/index.php\/wp-json\/wp\/v2\/categories?post=22761"},{"taxonomy":"post_tag","embeddable":true,"href":"https:\/\/gaudiumetspes-blog.pl\/index.php\/wp-json\/wp\/v2\/tags?post=22761"}],"curies":[{"name":"wp","href":"https:\/\/api.w.org\/{rel}","templated":true}]}}