{"id":22872,"date":"2024-09-16T07:33:49","date_gmt":"2024-09-16T05:33:49","guid":{"rendered":"https:\/\/gaudiumetspes-blog.pl\/?p=22872"},"modified":"2024-09-16T07:33:49","modified_gmt":"2024-09-16T05:33:49","slug":"autostrada-do-nieba","status":"publish","type":"post","link":"https:\/\/gaudiumetspes-blog.pl\/index.php\/2024\/09\/16\/autostrada-do-nieba\/","title":{"rendered":"Autostrada do Nieba"},"content":{"rendered":"<p align=\"justify\"><span style=\"color: #000000;\"><span style=\"font-family: Book Antiqua, serif;\"><span style=\"font-size: large;\">Szcz\u0119\u015b\u0107 Bo\u017ce! Moi Drodzy, pozdrawiam z Lublina, gdzie dzisiaj zamierzam przez ca\u0142y dzie\u0144 intensywnie popracowa\u0107 \u2013 nie zapominaj\u0105c oczywi\u015bcie o modlitwie. Trzeba kontynuowa\u0107 przygotowania do Kode\u0144skiego Wieczernika Akademickiego, a tak\u017ce kilku najbli\u017cszych audycji radiowych\u2026 A poza tym \u2013 r\u00f3\u017cne sprawy na bie\u017c\u0105co, oczywi\u015bcie \u2013 w wi\u0119kszo\u015bci \u201ena wczoraj\u201d! <\/span><\/span><\/span><\/p>\n<p align=\"justify\"><span style=\"color: #000000;\"><span style=\"font-family: Book Antiqua, serif;\"><span style=\"font-size: large;\">Moi Drodzy, nie zapominajmy o Ludziach, do\u015bwiadczonych powodzi\u0105. Specjalnie nie pisz\u0119, \u017ceby\u015bmy pami\u0119tali o tych terenach, o tych obszarach, ale o konkretnych ludziach, kt\u00f3rych to ci\u0119\u017ckie do\u015bwiadczenie spotka\u0142o\u2026 Oby ten dramat jak najszybciej si\u0119 dla Nich sko\u0144czy\u0142, oby do\u015bwiadczyli tak bardzo potrzebnej pomocy! Ale te\u017c \u2013 oby\u015bmy wszyscy \u2013 Oni, ale i my tak\u017ce \u2013 zacz\u0119li odczytywa\u0107 i wreszcie powa\u017cnie traktowa\u0107 znaki, jakie daje nam Pan! Nam wszystkim \u2013 nie tylko Ludziom z tamtych rejon\u00f3w\u2026 <\/span><\/span><\/span><\/p>\n<p align=\"justify\"><span style=\"color: #000000;\"><span style=\"font-family: Book Antiqua, serif;\"><span style=\"font-size: large;\">To, co mo\u017cemy zrobi\u0107 od r\u0119ki, pozostaj\u0105c u siebie, to \u017carliwa modlitwa o rozwi\u0105zanie tego problemu. Prosz\u0119 o t\u0119 modlitw\u0119 \u2013 wszystkich! Tak na powa\u017cnie! Ca\u0142ym sercem!<\/span><\/span><\/span><\/p>\n<p align=\"justify\"><span style=\"color: #000000;\"><span style=\"font-family: Book Antiqua, serif;\"><span style=\"font-size: large;\">A teraz ju\u017c zapraszam do pochylenia si\u0119 nad Bo\u017cym s\u0142owem dzisiejszej liturgii. Oto s\u0142\u00f3wko Ksi\u0119dza Marka na dzi\u015b:<\/span><\/span><\/span><\/p>\n<p align=\"justify\"><span style=\"color: #000000;\"><span style=\"font-family: Book Antiqua, serif;\"><span style=\"font-size: medium;\"><a href=\"https:\/\/www.youtube.com\/c\/CatholicSurgut\"><span style=\"font-size: large;\"><span lang=\"zxx\"><u><b>https:\/\/www.youtube.com\/c\/CatholicSurgut<\/b><\/u><\/span><\/span><\/a><\/span><\/span><\/span><\/p>\n<p align=\"justify\"><span style=\"color: #000000;\"><span style=\"font-family: Book Antiqua, serif;\"><span style=\"font-size: large;\">A poni\u017cej \u2013 s\u0142\u00f3wko Janka na dzi\u015b. Jak w ka\u017cdy poniedzia\u0142ek. Wielkie dzi\u0119ki Jankowi za przygotowanie tego rozwa\u017cania \u2013 i za t\u0119 niezwyk\u0142\u0105 szczero\u015b\u0107, prostolinijno\u015b\u0107 w wyznawaniu wiary, ale i radykalizm w \u015bwiadczeniu o niej! A poniewa\u017c znam Janka osobi\u015bcie, to z rado\u015bci\u0105 mog\u0119 potwierdzi\u0107, \u017ce to, co pisze w rozwa\u017caniach, znajduje pe\u0142ne potwierdzenie w Jego postawie. Niech B\u00f3g b\u0119dzie uwielbiony w tej w\u0142a\u015bnie postawie i w tym \u015bwiadectwie Janka \u2013 w Jego mi\u0142o\u015bci do Eucharystii, kt\u00f3r\u0105 tak wewn\u0119trznie prze\u017cywa! Zapraszam Wszystkich do dzielenia si\u0119 swoimi refleksjami!<\/span><\/span><\/span><\/p>\n<p align=\"justify\"><span style=\"color: #000000;\"><span style=\"font-family: Book Antiqua, serif;\"><span style=\"font-size: large;\">Zatem, <b>co dzi\u015b m\u00f3wi do mnie Pan? Z jakim konkretnym przes\u0142aniem zwraca si\u0119 w\u0142a\u015bnie do mnie?<\/b> Duchu \u015awi\u0119ty, rozja\u015bnij umys\u0142y i serca!<\/span><\/span><\/span><\/p>\n<p align=\"justify\"><span style=\"color: #000000;\"><span style=\"font-family: Book Antiqua, serif;\"><span style=\"font-size: large;\"><b>Niech Was b\u0142ogos\u0142awi B\u00f3g Wszechmog\u0105cy: Ojciec + i Syn, i Duch \u015awi\u0119ty. Amen<\/b><\/span><\/span><\/span><\/p>\n<p align=\"center\"><span style=\"color: #000000;\"><span style=\"font-family: Book Antiqua, serif;\"><span style=\"font-size: large;\">Gaudium et spes! Ks. Jacek<\/span><\/span><\/span><\/p>\n<p align=\"center\">\n<p align=\"center\">\n<p align=\"center\">\n<p align=\"center\">\n<p align=\"center\">\n<p align=\"justify\"><span style=\"color: #000000;\"><span style=\"font-family: Book Antiqua, serif;\"><span style=\"font-size: large;\"><b>Poniedzia\u0142ek 24 Tygodnia zwyk\u0142ego, rok II,<\/b><\/span><\/span><\/span><\/p>\n<p align=\"justify\"><span style=\"color: #000000;\"><span style=\"font-family: Book Antiqua, serif;\"><span style=\"font-size: large;\"><b>Wspomnienie \u015aw. M\u0119czennik\u00f3w: <\/b><\/span><\/span><\/span><\/p>\n<p align=\"justify\"><span style=\"color: #000000;\"><span style=\"font-family: Book Antiqua, serif;\"><span style=\"font-size: large;\"><b>Korneliusza, Papie\u017ca i Cypriana, Biskupa,<\/b><\/span><\/span><\/span><\/p>\n<p align=\"justify\"><span style=\"color: #000000;\"><span style=\"font-family: Book Antiqua, serif;\"><span style=\"font-size: large;\"><b>16 wrze\u015bnia 2024.,\u00a0<\/b><\/span><\/span><\/span><\/p>\n<p align=\"justify\"><span style=\"color: #000000;\"><span style=\"font-family: Book Antiqua, serif;\"><span style=\"font-size: large;\"><b>do czyta\u0144: 1 Kor 11,17\u201326.33; \u0141k 7,1\u201310<\/b><\/span><\/span><\/span><\/p>\n<p align=\"justify\">\n<p align=\"justify\">\n<p align=\"justify\">\n<p align=\"justify\">\n<p align=\"justify\">\n<p align=\"justify\"><span style=\"color: #000000;\"><span style=\"font-family: Book Antiqua, serif;\"><span style=\"font-size: large;\"><b>CZYTANIE Z PIERWSZEGO LISTU \u015aWI\u0118TEGO PAW\u0141A APOSTO\u0141A DO KORYNTIAN:<\/b><\/span><\/span><\/span><\/p>\n<p align=\"justify\"><span style=\"color: #000000;\"><span style=\"font-family: Book Antiqua, serif;\"><span style=\"font-size: large;\"><b>Bracia: Udzielaj\u0105c tych poucze\u0144 nie pochwalam was za to, \u017ce schodzicie si\u0119 razem nie na lepsze, ale ku gorszemu, \u017ce zdarzaj\u0105 si\u0119 mi\u0119dzy wami spory, gdy schodzicie si\u0119 razem jako Ko\u015bci\u00f3\u0142. Zreszt\u0105 nawet musz\u0105 by\u0107 w\u015br\u00f3d was rozdarcia, \u017ceby si\u0119 okaza\u0142o, kt\u00f3rzy s\u0105 wypr\u00f3bowani. Tak wi\u0119c, gdy si\u0119 zbieracie, nie ma u was spo\u017cywania Wieczerzy Pa\u0144skiej. Ka\u017cdy bowiem ju\u017c wcze\u015bniej zabiera si\u0119 do w\u0142asnego jedzenia, i tak si\u0119 zdarza, \u017ce jeden jest g\u0142odny, podczas gdy drugi nietrze\u017awy. Czy\u017c nie macie dom\u00f3w, aby tam je\u015b\u0107 i pi\u0107? Czy chcecie zniewa\u017ca\u0107 Bo\u017ce zgromadzenie i zawstydza\u0107 tych, kt\u00f3rzy nic nie maj\u0105? C\u00f3\u017c wam powiem? Czy b\u0119d\u0119 was chwali\u0142? Nie, za to was nie chwal\u0119.<\/b><\/span><\/span><\/span><\/p>\n<p align=\"justify\"><span style=\"color: #000000;\"><span style=\"font-family: Book Antiqua, serif;\"><span style=\"font-size: large;\"><b>Ja bowiem otrzyma\u0142em od Pana to, co wam przekaza\u0142em, \u017ce Pan Jezus tej nocy, kiedy zosta\u0142 wydany, wzi\u0105\u0142 chleb i dzi\u0119ki uczyniwszy po\u0142ama\u0142 i rzek\u0142: \u201eTo jest Cia\u0142o moje za was wydane. Czy\u0144cie to na moj\u0105 pami\u0105tk\u0119\u201d. Podobnie, sko\u0144czywszy wieczerz\u0119, wzi\u0105\u0142 kielich, m\u00f3wi\u0105c: \u201eTen kielich jest Nowym Przymierzem we Krwi mojej. Czy\u0144cie to, ile razy pi\u0107 b\u0119dziecie, na moj\u0105 pami\u0105tk\u0119\u201d. Ilekro\u0107 bowiem spo\u017cywacie ten chleb albo pijecie kielich, \u015bmier\u0107 Pa\u0144sk\u0105 g\u0142osicie, a\u017c przyjdzie. Tak wi\u0119c, bracia moi, gdy zbieracie si\u0119, by spo\u017cywa\u0107 wieczerz\u0119, poczekajcie jedni na drugich.<\/b><\/span><\/span><\/span><\/p>\n<p align=\"justify\">\n<p align=\"justify\">\n<p align=\"justify\">\n<p align=\"justify\">\n<p align=\"justify\">\n<p align=\"justify\"><span style=\"color: #000000;\"><span style=\"font-family: Book Antiqua, serif;\"><span style=\"font-size: large;\"><b>S\u0141OWA EWANGELII WED\u0141UG \u015aWI\u0118TEGO \u0141UKASZA:<\/b><\/span><\/span><\/span><\/p>\n<p align=\"justify\"><span style=\"color: #000000;\"><span style=\"font-family: Book Antiqua, serif;\"><span style=\"font-size: large;\"><b>Gdy Jezus doko\u0144czy\u0142 wszystkich swoich m\u00f3w do ludu, kt\u00f3ry si\u0119 przys\u0142uchiwa\u0142, wszed\u0142 do Kafarnaum. S\u0142uga pewnego setnika, szczeg\u00f3lnie przez niego ceniony, chorowa\u0142 i bliski by\u0142 \u015bmierci. Skoro setnik pos\u0142ysza\u0142 o Jezusie, wys\u0142a\u0142 do Niego starszyzn\u0119 \u017cydowsk\u0105 z pro\u015bb\u0105, \u017ceby przyszed\u0142 i uzdrowi\u0142 mu s\u0142ug\u0119.<\/b><\/span><\/span><\/span><\/p>\n<p align=\"justify\"><span style=\"color: #000000;\"><span style=\"font-family: Book Antiqua, serif;\"><span style=\"font-size: large;\"><b>Ci zjawili si\u0119 u Jezusa i prosili Go usilnie: \u201eGodzien jest, \u017ceby\u015b mu to wy\u015bwiadczy\u0142 \u2013 m\u00f3wili \u2013 kocha bowiem nasz nar\u00f3d i sam zbudowa\u0142 nam synagog\u0119\u201d. Jezus przeto wybra\u0142 si\u0119 z nimi.<\/b><\/span><\/span><\/span><\/p>\n<p align=\"justify\"><span style=\"color: #000000;\"><span style=\"font-family: Book Antiqua, serif;\"><span style=\"font-size: large;\"><b>A gdy by\u0142 ju\u017c niedaleko domu, setnik wys\u0142a\u0142 do Niego przyjaci\u00f3\u0142 z pro\u015bb\u0105: \u201ePanie, nie trud\u017a si\u0119, bo nie jestem godzien, aby\u015b wszed\u0142 pod dach m\u00f3j. I dlatego ja sam nie uwa\u017ca\u0142em si\u0119 za godnego przyj\u015b\u0107 do Ciebie. Lecz powiedz s\u0142owo, a m\u00f3j s\u0142uga b\u0119dzie uzdrowiony. Bo i ja, cho\u0107 podlegam w\u0142adzy, mam pod sob\u0105 \u017co\u0142nierzy. M\u00f3wi\u0119 temu: \u00abId\u017a\u00bb, a idzie; drugiemu: \u00abChod\u017a\u00bb, a przychodzi; a mojemu s\u0142udze: \u00abZr\u00f3b to\u00bb, a robi\u201d.<\/b><\/span><\/span><\/span><\/p>\n<p align=\"justify\"><span style=\"color: #000000;\"><span style=\"font-family: Book Antiqua, serif;\"><span style=\"font-size: large;\"><b>Gdy Jezus to us\u0142ysza\u0142, zadziwi\u0142 si\u0119 i zwracaj\u0105c si\u0119 do t\u0142umu, kt\u00f3ry szed\u0142 za Nim, rzek\u0142: \u201ePowiadam wam: Tak wielkiej wiary nie znalaz\u0142em nawet w Izraelu\u201d.<\/b><\/span><\/span><\/span><\/p>\n<p align=\"justify\"><span style=\"color: #000000;\"><span style=\"font-family: Book Antiqua, serif;\"><span style=\"font-size: large;\"><b>A gdy wys\u0142ani wr\u00f3cili do domu, zastali s\u0142ug\u0119 zdrowego.<\/b><\/span><\/span><\/span><\/p>\n<p align=\"justify\">\n<p align=\"justify\">\n<p align=\"justify\">\n<p align=\"justify\">\n<p align=\"justify\">\n<p align=\"center\"><span style=\"color: #000000;\"><span style=\"font-family: Book Antiqua, serif;\"><span style=\"font-size: large;\"><b>A OTO S\u0141\u00d3WKO JANKA:<\/b><\/span><\/span><\/span><\/p>\n<p align=\"center\">\n<p align=\"center\">\n<p align=\"center\">\n<p align=\"center\">\n<p align=\"center\">\n<p align=\"justify\"><span style=\"color: #000000;\"><span style=\"font-family: Book Antiqua, serif;\"><span style=\"font-size: large;\">Gdy czyta\u0142em zar\u00f3wno dzisiejsze pierwsze czytanie, jak i Ewangeli\u0119, i rozwa\u017cy\u0142em te tre\u015bci, to u\u015bwiadomi\u0142em sobie, \u017ce jest to s\u0142owo o Mszy \u015awi\u0119tej!<\/span><\/span><\/span><\/p>\n<p align=\"justify\"><span style=\"color: #000000;\"><span style=\"font-family: Book Antiqua, serif;\"><span style=\"font-size: large;\">\u015aw. Pawe\u0142, w dzisiejszym czytaniu, m\u00f3wi o Eucharystii. Aby\u015bmy lepiej zrozumieli przes\u0142anie, z jakim si\u0119 do nas zwraca, przeczytajmy komentarz Bractwa S\u0142owa Bo\u017cego, kt\u00f3ry wyja\u015bnia, o co dok\u0142adnie chodzi\u0142o \u015bw. Paw\u0142owi:<\/span><\/span><\/span><\/p>\n<p align=\"justify\"><span style=\"color: #000000;\">\u201e<span style=\"font-family: Book Antiqua, serif;\"><span style=\"font-size: large;\">Celebrowanie Wieczerzy Pa\u0144skiej we wczesnych wsp\u00f3lnotach chrze\u015bcija\u0144skich by\u0142o zwi\u0105zane ze wsp\u00f3lnym spo\u017cywaniem posi\u0142k\u00f3w \u2013 agap\u0105, kt\u00f3re mog\u0142y by\u0107 spo\u017cywane przed, w trakcie lub po Eucharystii. Bogaci rozpoczynali wcze\u015bniej przy suto zastawionych sto\u0142ach, biedniejsi po zako\u0144czeniu pracy przychodzili przed samym b\u0142ogos\u0142awie\u0144stwem chleba i modlitwy \u2013 i w efekcie z posi\u0142ku zostawa\u0142o dla nich niewiele lub wcale. Odwo\u0142uj\u0105c si\u0119 do \u00f3wczesnych zwyczaj\u00f3w ucztowania, Pawe\u0142 u\u015bwiadamia Koryntianom, \u017ce spo\u017cywanie Wieczerzy Pa\u0144skiej zamiast jednoczy\u0107, staje si\u0119 uczt\u0105 indywidualist\u00f3w.\u201d<\/span><\/span><\/span><\/p>\n<p align=\"justify\"><span style=\"color: #000000;\"><span style=\"font-family: Book Antiqua, serif;\"><span style=\"font-size: large;\">Zobaczcie, \u017ce \u015bw. Pawe\u0142 chce nam zwr\u00f3ci\u0107 uwag\u0119 na jedn\u0105 kluczow\u0105 spraw\u0119 w tym czytaniu, a mianowicie: aby\u015bmy traktowali Msze \u015awi\u0119t\u0105 powa\u017cnie! Nie traktujmy jej jako punkt dnia, gdzie idziemy i ,,odhaczamy\u201d j\u0105, \u017ceby by\u0142a \u201ezaliczona\u201d, tylko traktujmy j\u0105 jako najwa\u017cniejszy i kulminacyjny punk dnia, gdzie ja id\u0119 spotka\u0107 si\u0119 z Panem i posili\u0107 si\u0119 Jego Naj\u015bwi\u0119tszym Cia\u0142em! <\/span><\/span><\/span><\/p>\n<p align=\"justify\"><span style=\"color: #000000;\"><span style=\"font-family: Book Antiqua, serif;\"><span style=\"font-size: large;\">Mam takie wra\u017cenie, \u017ce wielu ludzi ma problem z potraktowaniem Eucharystii na powa\u017cnie. Przychodz\u0105 nieraz na styk, nie \u015bpiewaj\u0105 pie\u015bni, nie przyst\u0119puj\u0105 do Komunii \u015awi\u0119tej, wychodz\u0105 zaraz po Mszy, albo nawet przed jej zako\u0144czeniem\u2026 W sercu wtedy rodzi mi si\u0119 pytanie: Czy ten cz\u0142owiek wie, jak wielka jest Eucharystia? <\/span><\/span><\/span><\/p>\n<p align=\"justify\"><span style=\"color: #000000;\"><span style=\"font-family: Book Antiqua, serif;\"><span style=\"font-size: large;\">Dla mnie takie \u201euczestnictwo\u201d we Mszy \u015awi\u0119tej jest jak p\u00f3j\u015bcie do najlepszej restauracji na \u015bwiecie i posiedzenie sobie bez zjedzenia czegokolwiek \u2013 i p\u00f3j\u015bcie do domu! Nawet cz\u0142owiek nic nie zjad\u0142, tylko popatrzy\u0142 sobie na ludzi, pow\u0105cha\u0142 aromaty poszczeg\u00f3lnych potraw, ale i tak niczego nie ruszy\u0142, po czym wsta\u0142 i poszed\u0142 sobie\u2026<\/span><\/span><\/span><\/p>\n<p align=\"justify\"><span style=\"color: #000000;\"><span style=\"font-family: Book Antiqua, serif;\"><span style=\"font-size: large;\">Ewangelia nas dzi\u015b uczy tego, \u017ceby\u015bmy przychodzili do Pana z intencj\u0105! Tak samo wa\u017cne jest, aby przychodzi\u0107 na Msz\u0119 \u015awi\u0119t\u0105 z jak\u0105\u015b intencj\u0105 i powierzy\u0107 j\u0105 Bogu!<\/span><\/span><\/span><\/p>\n<p align=\"justify\"><span style=\"color: #000000;\"><span style=\"font-family: Book Antiqua, serif;\"><span style=\"font-size: large;\"><i><b>Skoro setnik pos\u0142ysza\u0142 o Jezusie, wys\u0142a\u0142 do Niego starszyzn\u0119 \u017cydowsk\u0105 z pro\u015bb\u0105, \u017ceby przyszed\u0142 i uzdrowi\u0142 mu s\u0142ug\u0119. <\/b><\/i>Setnik wzbudzi\u0142 intencje! I ta intencja, zosta\u0142a przez Pana przyj\u0119ta, bo cz\u0142owiek \u00f3w wierzy\u0142, \u017ce Jezus jest w stanie uzdrowi\u0107 jego s\u0142ug\u0119!<\/span><\/span><\/span><\/p>\n<p align=\"justify\"><span style=\"color: #000000;\"><span style=\"font-family: Book Antiqua, serif;\"><span style=\"font-size: large;\">Sam si\u0119 nieraz \u0142api\u0119 na tym, \u017ce jestem na Mszy \u015awi\u0119tej, ale my\u015blami jestem gdzie indziej\u2026 To jest trudne, moi Drodzy! Dlatego na Msz\u0119 musimy i\u015b\u0107 z przemy\u015blan\u0105 intencj\u0105 i musimy dobrze przygotowa\u0107 si\u0119 do Mszy \u015awi\u0119tej! Nie ma wi\u0119kszego cudu i sakramentu, ni\u017c Eucharystia! <\/span><\/span><\/span><\/p>\n<p align=\"justify\"><span style=\"font-family: Book Antiqua, serif;\"><span style=\"font-size: medium;\"><span style=\"color: #000000;\"><span style=\"font-size: large;\">St\u0105d te\u017c<\/span><\/span><span style=\"color: #000000;\"><span style=\"font-size: large;\">, moi <\/span><\/span><span style=\"color: #000000;\"><span style=\"font-size: large;\">Dr<\/span><\/span><span style=\"color: #000000;\"><span style=\"font-size: large;\">odzy, kochajmy Eucharysti\u0119 i w pe\u0142ni oraz z wielkim zaanga\u017cowaniem w niej uczestniczmy, aby ka\u017cda Msza \u015awi\u0119ta zbli\u017ca\u0142a nas do Boga i do \u015bwi\u0119to\u015bci! <\/span><\/span><span style=\"color: #000000;\"><span style=\"font-size: large;\">Tak, jak to mawia\u0142 b\u0142. Carlo Acutis \u2013 <\/span><\/span><span style=\"color: #000000;\"><span style=\"font-size: large;\">i<\/span><\/span><span style=\"color: #000000;\"><span style=\"font-size: large;\"> parafrazuj\u0105c jego s\u0142owa: <\/span><\/span><span style=\"color: #000000;\"><span style=\"font-size: large;\">N<\/span><\/span><span style=\"color: #000000;\"><span style=\"font-size: large;\">iech Eucharystia b\u0119dzie nasz\u0105 autostrad\u0105 do nieba!<\/span><\/span><\/span><\/span><\/p>\n","protected":false},"excerpt":{"rendered":"<p>Szcz\u0119\u015b\u0107 Bo\u017ce! Moi Drodzy, pozdrawiam z Lublina, gdzie dzisiaj zamierzam przez ca\u0142y dzie\u0144 intensywnie popracowa\u0107 \u2013 nie zapominaj\u0105c oczywi\u015bcie o modlitwie. Trzeba kontynuowa\u0107 przygotowania do Kode\u0144skiego Wieczernika Akademickiego, a tak\u017ce kilku najbli\u017cszych audycji radiowych\u2026 A poza tym \u2013 r\u00f3\u017cne sprawy na bie\u017c\u0105co, oczywi\u015bcie \u2013 w wi\u0119kszo\u015bci \u201ena wczoraj\u201d! Moi Drodzy, nie zapominajmy o Ludziach, do\u015bwiadczonych [&hellip;]<\/p>\n","protected":false},"author":1,"featured_media":0,"comment_status":"open","ping_status":"open","sticky":false,"template":"","format":"standard","meta":{"jetpack_post_was_ever_published":false,"_jetpack_newsletter_access":"","_jetpack_dont_email_post_to_subs":false,"_jetpack_newsletter_tier_id":0,"_jetpack_memberships_contains_paywalled_content":false,"_jetpack_memberships_contains_paid_content":false,"footnotes":""},"categories":[1],"tags":[],"class_list":["post-22872","post","type-post","status-publish","format-standard","hentry","category-bez-kategorii"],"yoast_head":"<!-- This site is optimized with the Yoast SEO plugin v25.1 - https:\/\/yoast.com\/wordpress\/plugins\/seo\/ -->\n<title>Autostrada do Nieba - Gaudium Et Spes<\/title>\n<meta name=\"robots\" content=\"index, follow, max-snippet:-1, max-image-preview:large, max-video-preview:-1\" \/>\n<link rel=\"canonical\" href=\"https:\/\/gaudiumetspes-blog.pl\/index.php\/2024\/09\/16\/autostrada-do-nieba\/\" \/>\n<meta property=\"og:locale\" content=\"pl_PL\" \/>\n<meta property=\"og:type\" content=\"article\" \/>\n<meta property=\"og:title\" content=\"Autostrada do Nieba - Gaudium Et Spes\" \/>\n<meta property=\"og:description\" content=\"Szcz\u0119\u015b\u0107 Bo\u017ce! Moi Drodzy, pozdrawiam z Lublina, gdzie dzisiaj zamierzam przez ca\u0142y dzie\u0144 intensywnie popracowa\u0107 \u2013 nie zapominaj\u0105c oczywi\u015bcie o modlitwie. Trzeba kontynuowa\u0107 przygotowania do Kode\u0144skiego Wieczernika Akademickiego, a tak\u017ce kilku najbli\u017cszych audycji radiowych\u2026 A poza tym \u2013 r\u00f3\u017cne sprawy na bie\u017c\u0105co, oczywi\u015bcie \u2013 w wi\u0119kszo\u015bci \u201ena wczoraj\u201d! Moi Drodzy, nie zapominajmy o Ludziach, do\u015bwiadczonych [&hellip;]\" \/>\n<meta property=\"og:url\" content=\"https:\/\/gaudiumetspes-blog.pl\/index.php\/2024\/09\/16\/autostrada-do-nieba\/\" \/>\n<meta property=\"og:site_name\" content=\"Gaudium Et Spes\" \/>\n<meta property=\"article:published_time\" content=\"2024-09-16T05:33:49+00:00\" \/>\n<meta name=\"author\" content=\"Ks. Jacek\" \/>\n<meta name=\"twitter:card\" content=\"summary_large_image\" \/>\n<meta name=\"twitter:label1\" content=\"Napisane przez\" \/>\n\t<meta name=\"twitter:data1\" content=\"Ks. Jacek\" \/>\n\t<meta name=\"twitter:label2\" content=\"Szacowany czas czytania\" \/>\n\t<meta name=\"twitter:data2\" content=\"7 minut\" \/>\n<script type=\"application\/ld+json\" class=\"yoast-schema-graph\">{\"@context\":\"https:\/\/schema.org\",\"@graph\":[{\"@type\":\"WebPage\",\"@id\":\"https:\/\/gaudiumetspes-blog.pl\/index.php\/2024\/09\/16\/autostrada-do-nieba\/\",\"url\":\"https:\/\/gaudiumetspes-blog.pl\/index.php\/2024\/09\/16\/autostrada-do-nieba\/\",\"name\":\"Autostrada do Nieba - Gaudium Et Spes\",\"isPartOf\":{\"@id\":\"https:\/\/gaudiumetspes-blog.pl\/#website\"},\"datePublished\":\"2024-09-16T05:33:49+00:00\",\"author\":{\"@id\":\"https:\/\/gaudiumetspes-blog.pl\/#\/schema\/person\/1661982992b752dea8dff0d4ed845a65\"},\"breadcrumb\":{\"@id\":\"https:\/\/gaudiumetspes-blog.pl\/index.php\/2024\/09\/16\/autostrada-do-nieba\/#breadcrumb\"},\"inLanguage\":\"pl-PL\",\"potentialAction\":[{\"@type\":\"ReadAction\",\"target\":[\"https:\/\/gaudiumetspes-blog.pl\/index.php\/2024\/09\/16\/autostrada-do-nieba\/\"]}]},{\"@type\":\"BreadcrumbList\",\"@id\":\"https:\/\/gaudiumetspes-blog.pl\/index.php\/2024\/09\/16\/autostrada-do-nieba\/#breadcrumb\",\"itemListElement\":[{\"@type\":\"ListItem\",\"position\":1,\"name\":\"Strona g\u0142\u00f3wna\",\"item\":\"https:\/\/gaudiumetspes-blog.pl\/\"},{\"@type\":\"ListItem\",\"position\":2,\"name\":\"Autostrada do&nbsp;Nieba\"}]},{\"@type\":\"WebSite\",\"@id\":\"https:\/\/gaudiumetspes-blog.pl\/#website\",\"url\":\"https:\/\/gaudiumetspes-blog.pl\/\",\"name\":\"Gaudium Et Spes\",\"description\":\"Blog Ks. Jacka Ja\u015bkowskiego\",\"potentialAction\":[{\"@type\":\"SearchAction\",\"target\":{\"@type\":\"EntryPoint\",\"urlTemplate\":\"https:\/\/gaudiumetspes-blog.pl\/?s={search_term_string}\"},\"query-input\":{\"@type\":\"PropertyValueSpecification\",\"valueRequired\":true,\"valueName\":\"search_term_string\"}}],\"inLanguage\":\"pl-PL\"},{\"@type\":\"Person\",\"@id\":\"https:\/\/gaudiumetspes-blog.pl\/#\/schema\/person\/1661982992b752dea8dff0d4ed845a65\",\"name\":\"Ks. Jacek\",\"image\":{\"@type\":\"ImageObject\",\"inLanguage\":\"pl-PL\",\"@id\":\"https:\/\/gaudiumetspes-blog.pl\/#\/schema\/person\/image\/\",\"url\":\"https:\/\/gaudiumetspes-blog.pl\/wp-content\/uploads\/2019\/07\/avatar-JJ-150x150.jpg\",\"contentUrl\":\"https:\/\/gaudiumetspes-blog.pl\/wp-content\/uploads\/2019\/07\/avatar-JJ-150x150.jpg\",\"caption\":\"Ks. Jacek\"},\"description\":\"Witam serdecznie! K\u0142ania si\u0119 Ks. Jacek Ja\u015bkowski. Nie jestem ani kim\u015b wa\u017cnym, ani kim\u015b znanym. Jestem ksi\u0119dzem, kt\u00f3ry po prostu chce rozmawia\u0107. Codzienna kap\u0142a\u0144ska pos\u0142uga pokazuje mi, \u017ce temat\u00f3w do rozm\u00f3w z ksi\u0119dzem jest coraz wi\u0119cej i dzisiaj \u017caden ksi\u0105dz nie mo\u017ce od nich ucieka\u0107, ale - wprost przeciwnie - podejmowa\u0107 nowe wyzwania. To przekonanie sk\u0142oni\u0142o mnie do pr\u00f3by otwarcia tego\u017c bloga, chocia\u017c okazji do rozm\u00f3w na co dzie\u0144 - w konfesjonale i poza nim - na szcz\u0119\u015bcie nie brakuje. My\u015bl\u0119 jednak, \u017ce ten blog b\u0119dzie jeszcze jednym sposobem i przestrzeni\u0105 nawi\u0105zania kontaktu z lud\u017ami dobrej woli, otwartymi na dialog.\",\"url\":\"https:\/\/gaudiumetspes-blog.pl\/index.php\/author\/ks-jacek\/\"}]}<\/script>\n<!-- \/ Yoast SEO plugin. -->","yoast_head_json":{"title":"Autostrada do Nieba - Gaudium Et Spes","robots":{"index":"index","follow":"follow","max-snippet":"max-snippet:-1","max-image-preview":"max-image-preview:large","max-video-preview":"max-video-preview:-1"},"canonical":"https:\/\/gaudiumetspes-blog.pl\/index.php\/2024\/09\/16\/autostrada-do-nieba\/","og_locale":"pl_PL","og_type":"article","og_title":"Autostrada do Nieba - Gaudium Et Spes","og_description":"Szcz\u0119\u015b\u0107 Bo\u017ce! Moi Drodzy, pozdrawiam z Lublina, gdzie dzisiaj zamierzam przez ca\u0142y dzie\u0144 intensywnie popracowa\u0107 \u2013 nie zapominaj\u0105c oczywi\u015bcie o modlitwie. Trzeba kontynuowa\u0107 przygotowania do Kode\u0144skiego Wieczernika Akademickiego, a tak\u017ce kilku najbli\u017cszych audycji radiowych\u2026 A poza tym \u2013 r\u00f3\u017cne sprawy na bie\u017c\u0105co, oczywi\u015bcie \u2013 w wi\u0119kszo\u015bci \u201ena wczoraj\u201d! Moi Drodzy, nie zapominajmy o Ludziach, do\u015bwiadczonych [&hellip;]","og_url":"https:\/\/gaudiumetspes-blog.pl\/index.php\/2024\/09\/16\/autostrada-do-nieba\/","og_site_name":"Gaudium Et Spes","article_published_time":"2024-09-16T05:33:49+00:00","author":"Ks. Jacek","twitter_card":"summary_large_image","twitter_misc":{"Napisane przez":"Ks. Jacek","Szacowany czas czytania":"7 minut"},"schema":{"@context":"https:\/\/schema.org","@graph":[{"@type":"WebPage","@id":"https:\/\/gaudiumetspes-blog.pl\/index.php\/2024\/09\/16\/autostrada-do-nieba\/","url":"https:\/\/gaudiumetspes-blog.pl\/index.php\/2024\/09\/16\/autostrada-do-nieba\/","name":"Autostrada do Nieba - Gaudium Et Spes","isPartOf":{"@id":"https:\/\/gaudiumetspes-blog.pl\/#website"},"datePublished":"2024-09-16T05:33:49+00:00","author":{"@id":"https:\/\/gaudiumetspes-blog.pl\/#\/schema\/person\/1661982992b752dea8dff0d4ed845a65"},"breadcrumb":{"@id":"https:\/\/gaudiumetspes-blog.pl\/index.php\/2024\/09\/16\/autostrada-do-nieba\/#breadcrumb"},"inLanguage":"pl-PL","potentialAction":[{"@type":"ReadAction","target":["https:\/\/gaudiumetspes-blog.pl\/index.php\/2024\/09\/16\/autostrada-do-nieba\/"]}]},{"@type":"BreadcrumbList","@id":"https:\/\/gaudiumetspes-blog.pl\/index.php\/2024\/09\/16\/autostrada-do-nieba\/#breadcrumb","itemListElement":[{"@type":"ListItem","position":1,"name":"Strona g\u0142\u00f3wna","item":"https:\/\/gaudiumetspes-blog.pl\/"},{"@type":"ListItem","position":2,"name":"Autostrada do&nbsp;Nieba"}]},{"@type":"WebSite","@id":"https:\/\/gaudiumetspes-blog.pl\/#website","url":"https:\/\/gaudiumetspes-blog.pl\/","name":"Gaudium Et Spes","description":"Blog Ks. Jacka Ja\u015bkowskiego","potentialAction":[{"@type":"SearchAction","target":{"@type":"EntryPoint","urlTemplate":"https:\/\/gaudiumetspes-blog.pl\/?s={search_term_string}"},"query-input":{"@type":"PropertyValueSpecification","valueRequired":true,"valueName":"search_term_string"}}],"inLanguage":"pl-PL"},{"@type":"Person","@id":"https:\/\/gaudiumetspes-blog.pl\/#\/schema\/person\/1661982992b752dea8dff0d4ed845a65","name":"Ks. Jacek","image":{"@type":"ImageObject","inLanguage":"pl-PL","@id":"https:\/\/gaudiumetspes-blog.pl\/#\/schema\/person\/image\/","url":"https:\/\/gaudiumetspes-blog.pl\/wp-content\/uploads\/2019\/07\/avatar-JJ-150x150.jpg","contentUrl":"https:\/\/gaudiumetspes-blog.pl\/wp-content\/uploads\/2019\/07\/avatar-JJ-150x150.jpg","caption":"Ks. Jacek"},"description":"Witam serdecznie! K\u0142ania si\u0119 Ks. Jacek Ja\u015bkowski. Nie jestem ani kim\u015b wa\u017cnym, ani kim\u015b znanym. Jestem ksi\u0119dzem, kt\u00f3ry po prostu chce rozmawia\u0107. Codzienna kap\u0142a\u0144ska pos\u0142uga pokazuje mi, \u017ce temat\u00f3w do rozm\u00f3w z ksi\u0119dzem jest coraz wi\u0119cej i dzisiaj \u017caden ksi\u0105dz nie mo\u017ce od nich ucieka\u0107, ale - wprost przeciwnie - podejmowa\u0107 nowe wyzwania. To przekonanie sk\u0142oni\u0142o mnie do pr\u00f3by otwarcia tego\u017c bloga, chocia\u017c okazji do rozm\u00f3w na co dzie\u0144 - w konfesjonale i poza nim - na szcz\u0119\u015bcie nie brakuje. My\u015bl\u0119 jednak, \u017ce ten blog b\u0119dzie jeszcze jednym sposobem i przestrzeni\u0105 nawi\u0105zania kontaktu z lud\u017ami dobrej woli, otwartymi na dialog.","url":"https:\/\/gaudiumetspes-blog.pl\/index.php\/author\/ks-jacek\/"}]}},"jetpack_featured_media_url":"","jetpack_sharing_enabled":true,"_links":{"self":[{"href":"https:\/\/gaudiumetspes-blog.pl\/index.php\/wp-json\/wp\/v2\/posts\/22872","targetHints":{"allow":["GET"]}}],"collection":[{"href":"https:\/\/gaudiumetspes-blog.pl\/index.php\/wp-json\/wp\/v2\/posts"}],"about":[{"href":"https:\/\/gaudiumetspes-blog.pl\/index.php\/wp-json\/wp\/v2\/types\/post"}],"author":[{"embeddable":true,"href":"https:\/\/gaudiumetspes-blog.pl\/index.php\/wp-json\/wp\/v2\/users\/1"}],"replies":[{"embeddable":true,"href":"https:\/\/gaudiumetspes-blog.pl\/index.php\/wp-json\/wp\/v2\/comments?post=22872"}],"version-history":[{"count":1,"href":"https:\/\/gaudiumetspes-blog.pl\/index.php\/wp-json\/wp\/v2\/posts\/22872\/revisions"}],"predecessor-version":[{"id":22873,"href":"https:\/\/gaudiumetspes-blog.pl\/index.php\/wp-json\/wp\/v2\/posts\/22872\/revisions\/22873"}],"wp:attachment":[{"href":"https:\/\/gaudiumetspes-blog.pl\/index.php\/wp-json\/wp\/v2\/media?parent=22872"}],"wp:term":[{"taxonomy":"category","embeddable":true,"href":"https:\/\/gaudiumetspes-blog.pl\/index.php\/wp-json\/wp\/v2\/categories?post=22872"},{"taxonomy":"post_tag","embeddable":true,"href":"https:\/\/gaudiumetspes-blog.pl\/index.php\/wp-json\/wp\/v2\/tags?post=22872"}],"curies":[{"name":"wp","href":"https:\/\/api.w.org\/{rel}","templated":true}]}}