{"id":22874,"date":"2024-09-17T09:30:48","date_gmt":"2024-09-17T07:30:48","guid":{"rendered":"https:\/\/gaudiumetspes-blog.pl\/?p=22874"},"modified":"2024-09-17T09:30:48","modified_gmt":"2024-09-17T07:30:48","slug":"wazni-w-oczach-jezusa","status":"publish","type":"post","link":"https:\/\/gaudiumetspes-blog.pl\/index.php\/2024\/09\/17\/wazni-w-oczach-jezusa\/","title":{"rendered":"Wa\u017cni w oczach Jezusa!"},"content":{"rendered":"<p align=\"justify\"><span style=\"color: #000000;\"><span style=\"font-family: Book Antiqua, serif;\"><span style=\"font-size: large;\">Szcz\u0119\u015b\u0107 Bo\u017ce! Moi Drodzy, w dniu dzisiejszym <b>imieniny prze\u017cywaj\u0105 Kap\u0142ani z naszej Diecezji:<\/b><\/span><\/span><\/span><\/p>\n<p align=\"justify\"><span style=\"color: #000000;\">\u25ba<span style=\"font-family: Book Antiqua, serif;\"><span style=\"font-size: large;\"><b>Ksi\u0105dz Robert Bartosik,<\/b><\/span><\/span><\/span><\/p>\n<p align=\"justify\"><span style=\"color: #000000;\">\u25ba<span style=\"font-family: Book Antiqua, serif;\"><span style=\"font-size: large;\"><b>Ksi\u0105dz Robert J\u0119drych.<\/b><\/span><\/span><\/span><\/p>\n<p align=\"justify\"><span style=\"color: #000000;\"><span style=\"font-family: Book Antiqua, serif;\"><span style=\"font-size: large;\"><b>Niech Im B\u00f3g b\u0142ogos\u0142awi! B\u0119d\u0119 si\u0119 o to dla Nich modli\u0142!<\/b><\/span><\/span><\/span><\/p>\n<p align=\"justify\"><span style=\"color: #000000;\"><span style=\"font-family: Book Antiqua, serif;\"><span style=\"font-size: large;\">A ja dzisiaj po raz kolejny pozdrawiam z Lublina. <\/span><\/span><\/span><\/p>\n<p align=\"justify\"><span style=\"color: #000000;\"><span style=\"font-family: Book Antiqua, serif;\"><span style=\"font-size: large;\">Drodzy moi, wspierajmy naszych Rodak\u00f3w, do\u015bwiadczonych powodzi\u0105. M\u00f3dlmy si\u0119 o rozwi\u0105zanie nabrzmia\u0142ych problem\u00f3w, ale i o m\u0105dro\u015b\u0107 dla rz\u0105dz\u0105cych i tych, kt\u00f3rzy s\u0105 odpowiedzialni za reagowanie w takich sytuacjach. Owszem, bardzo potrzebna jest pomoc materialna ze strony ludzi dobrej woli, ale to nie zmienia prawdy, \u017ce w takiej sytuacji powinny z pomoc\u0105 spieszy\u0107 instytucje pa\u0144stwa polskiego. Polski rz\u0105d. O ile tylko jest polskim. Niestety, jest taki rz\u0105d, jaki sobie Polacy wybrali i jaki \u2013 p\u00f3ki co \u2013 tak wielu Polak\u00f3w popiera. To \u017cadna z\u0142o\u015bliwo\u015b\u0107 i \u017cadne polityczne dywagacje \u2013 po prostu: prawda jest, jaka jest.<\/span><\/span><\/span><\/p>\n<p align=\"justify\"><span style=\"color: #000000;\"><span style=\"font-family: Book Antiqua, serif;\"><span style=\"font-size: large;\">A zmieniaj\u0105c temat: Drodzy moi, ca\u0142y czas \u2013 na ile to mo\u017cliwe \u2013 staramy si\u0119 prowadzi\u0107 i rozwija\u0107 dzia\u0142alno\u015b\u0107 Duszpasterstwa Akademickiego. Tu, na blogu, informuj\u0119 Was o kolejnych naszych dzia\u0142aniach, tak\u017ce tych wakacyjnych. Dzia\u0142alno\u015b\u0107 ta odbywa si\u0119 praktycznie bez \u017cadnego wsparcia finansowego ze strony instytucji naszej Diecezji. Dlatego je\u017celi kto\u015b uwa\u017ca, \u017ce chce i mo\u017ce wesprze\u0107 nasz\u0105 dzia\u0142alno\u015b\u0107, to bardzo zach\u0119cam! Oto numer konta:<\/span><\/span><\/span><\/p>\n<h2 class=\"western\" align=\"justify\"><a name=\"copyURL\"><\/a> <span style=\"font-family: Book Antiqua, serif;\"><span style=\"font-size: large;\"><b><span style=\"color: #000000;\">29 1240 2685 1111 0010 9455 4819<\/span><\/b><\/span><\/span><\/h2>\n<h2 class=\"western\" align=\"justify\"><span style=\"font-family: Book Antiqua, serif;\"><span style=\"font-size: large;\"><b><span style=\"color: #000000;\">z dopiskiem: DAROWIZNA NA CELE KULTU RELIGIJNEGO<\/span><\/b><\/span><\/span><\/h2>\n<p align=\"justify\"><span style=\"font-family: Book Antiqua, serif;\"><span style=\"font-size: medium;\"><span style=\"font-size: large;\"><span style=\"color: #000000;\">Ten numer jest te\u017c na stronie: <\/span><\/span><span style=\"font-size: large;\"><b><a href=\"http:\/\/www.da-siedlce.pl\/\">www.da-siedlce.pl<\/a> <\/b><\/span><span style=\"font-size: large;\">Bardzo dzi\u0119kuj\u0119 tym, kt\u00f3rzy zechc\u0105 nas wesprze\u0107! <\/span><span style=\"font-size: large;\"><b>Ale niech to si\u0119 odbywa w pe\u0142nej wolno\u015bci! <\/b><\/span><span style=\"font-size: large;\">Nikt tego nie musi robi\u0107! I prosz\u0119 mi nie pisa\u0107, \u017ce to nie wypada, \u017ce co\u015b tam\u2026 Je\u017celi kto\u015b uwa\u017ca, \u017ce nie chce si\u0119 w to dzie\u0142o w\u0142\u0105cza\u0107, to niech pominie zupe\u0142nie ten komunikat. Ale prosz\u0119 powstrzyma\u0107 si\u0119 przed wszelkimi z\u0142o\u015bliwymi komentarzami na ten temat!<\/span><\/span><\/span><\/p>\n<p align=\"justify\"><span style=\"color: #000000;\"><span style=\"font-family: Book Antiqua, serif;\"><span style=\"font-size: large;\">A teraz ju\u017c zapraszam do pochylenia si\u0119 nad Bo\u017cym s\u0142owem dzisiejszej liturgii. Oto s\u0142\u00f3wko Ksi\u0119dza Marka na dzi\u015b:<\/span><\/span><\/span><\/p>\n<p align=\"justify\"><span style=\"color: #000000;\"><span style=\"font-family: Book Antiqua, serif;\"><span style=\"font-size: medium;\"><a href=\"https:\/\/www.youtube.com\/c\/CatholicSurgut\"><span style=\"font-size: large;\"><span lang=\"zxx\"><u><b>https:\/\/www.youtube.com\/c\/CatholicSurgut<\/b><\/u><\/span><\/span><\/a><\/span><\/span><\/span><\/p>\n<p align=\"justify\"><span style=\"color: #000000;\"><span style=\"font-family: Book Antiqua, serif;\"><span style=\"font-size: large;\">Zatem, <b>co dzi\u015b m\u00f3wi do mnie Pan? Z jakim osobistym przes\u0142aniem zwraca si\u0119 do mnie dzisiaj?<\/b> Duchu \u015awi\u0119ty, podpowiedz\u2026 <\/span><\/span><\/span><\/p>\n<p align=\"justify\"><span style=\"color: #000000;\"><span style=\"font-family: Book Antiqua, serif;\"><span style=\"font-size: large;\"><b>Niech Was b\u0142ogos\u0142awi B\u00f3g Wszechmog\u0105cy: Ojciec + i Syn, i Duch \u015awi\u0119ty. Amen<\/b><\/span><\/span><\/span><\/p>\n<p align=\"center\"><span style=\"color: #000000;\"><span style=\"font-family: Book Antiqua, serif;\"><span style=\"font-size: large;\">Gaudium et spes! Ks. Jacek<\/span><\/span><\/span><\/p>\n<p align=\"center\">\n<p align=\"center\">\n<p align=\"center\">\n<p align=\"center\">\n<p align=\"center\">\n<p align=\"justify\"><span style=\"color: #000000;\"><span style=\"font-family: Book Antiqua, serif;\"><span style=\"font-size: large;\"><b>Wtorek 24 Tygodnia zwyk\u0142ego, rok II,<\/b><\/span><\/span><\/span><\/p>\n<p align=\"justify\"><span style=\"color: #000000;\"><span style=\"font-family: Book Antiqua, serif;\"><span style=\"font-size: large;\"><b>17 wrze\u015bnia 2024.,<\/b><\/span><\/span><\/span><\/p>\n<p align=\"justify\"><span style=\"color: #000000;\"><span style=\"font-family: Book Antiqua, serif;\"><span style=\"font-size: large;\"><b>do czyta\u0144: 1 Kor 12,12\u201314.27\u201331a; \u0141k 7,11\u201317<\/b><\/span><\/span><\/span><\/p>\n<p align=\"justify\">\n<p align=\"justify\">\n<p align=\"justify\">\n<p align=\"justify\">\n<p align=\"justify\">\n<p align=\"justify\"><span style=\"color: #000000;\"><span style=\"font-family: Book Antiqua, serif;\"><span style=\"font-size: large;\"><b>CZYTANIE Z PIERWSZEGO LISTU \u015aWI\u0118TEGO PAW\u0141A APOSTO\u0141A DO KORYNTIAN:<\/b><\/span><\/span><\/span><\/p>\n<p align=\"justify\"><span style=\"color: #000000;\"><span style=\"font-family: Book Antiqua, serif;\"><span style=\"font-size: large;\"><b>Bracia: Podobnie jak jedno jest cia\u0142o, cho\u0107 si\u0119 sk\u0142ada z wielu cz\u0142onk\u00f3w, a wszystkie cz\u0142onki cia\u0142a, mimo i\u017c s\u0105 liczne, stanowi\u0105 jedno cia\u0142o, tak te\u017c jest i z Chrystusem. Wszyscy\u015bmy bowiem w jednym Duchu zostali ochrzczeni, aby stanowi\u0107 jedno Cia\u0142o: czy to \u017bydzi, czy Grecy, czy to niewolnicy, czy wolni. Wszyscy\u015bmy te\u017c zostali napojeni jednym Duchem. Cia\u0142o bowiem to nie jeden cz\u0142onek, lecz liczne cz\u0142onki.<\/b><\/span><\/span><\/span><\/p>\n<p align=\"justify\"><span style=\"color: #000000;\"><span style=\"font-family: Book Antiqua, serif;\"><span style=\"font-size: large;\"><b>Wy przeto jeste\u015bcie Cia\u0142em Chrystusa i poszczeg\u00f3lnymi cz\u0142onkami. I tak ustanowi\u0142 B\u00f3g w Ko\u015bciele najprz\u00f3d aposto\u0142\u00f3w, po wt\u00f3re prorok\u00f3w, po trzecie nauczycieli, a nast\u0119pnie tych, co maj\u0105 dar czynienia cud\u00f3w, wspierania pomoc\u0105, rz\u0105dzenia oraz przemawiania rozmaitymi j\u0119zykami. Czy\u017c wszyscy s\u0105 aposto\u0142ami? Czy wszyscy prorokuj\u0105? Czy wszyscy s\u0105 nauczycielami? Czy wszyscy maj\u0105 dar czynienia cud\u00f3w? Czy wszyscy posiadaj\u0105 \u0142ask\u0119 uzdrawiania? Czy wszyscy przemawiaj\u0105 j\u0119zykami? Czy wszyscy potrafi\u0105 je t\u0142umaczy\u0107? Lecz wy starajcie si\u0119 o wi\u0119ksze dary.<\/b><\/span><\/span><\/span><\/p>\n<p align=\"justify\">\n<p align=\"justify\">\n<p align=\"justify\">\n<p align=\"justify\">\n<p align=\"justify\">\n<p align=\"justify\"><span style=\"color: #000000;\"><span style=\"font-family: Book Antiqua, serif;\"><span style=\"font-size: large;\"><b>S\u0141OWA EWANGELII WED\u0141UG \u015aWI\u0118TEGO \u0141UKASZA:<\/b><\/span><\/span><\/span><\/p>\n<p align=\"justify\"><span style=\"color: #000000;\"><span style=\"font-family: Book Antiqua, serif;\"><span style=\"font-size: large;\"><b>Jezus uda\u0142 si\u0119 do pewnego miasta, zwanego Nain; a szli z Nim Jego uczniowie i t\u0142um wielki. Gdy zbli\u017cy\u0142 si\u0119 do bramy miejskiej, w\u0142a\u015bnie wynoszono umar\u0142ego, jedynego syna matki, a ta by\u0142a wdow\u0105. Towarzyszy\u0142 jej spory dum z miasta.<\/b><\/span><\/span><\/span><\/p>\n<p align=\"justify\"><span style=\"color: #000000;\"><span style=\"font-family: Book Antiqua, serif;\"><span style=\"font-size: large;\"><b>Na jej widok Pan u\u017cali\u0142 si\u0119 nad ni\u0105 i rzek\u0142 do niej: \u201eNie p\u0142acz\u201d. Potem przyst\u0105pi\u0142, dotkn\u0105\u0142 si\u0119 mar, a ci, kt\u00f3rzy je nie\u015bli, stan\u0119li.<\/b><\/span><\/span><\/span><\/p>\n<p align=\"justify\"><span style=\"color: #000000;\"><span style=\"font-family: Book Antiqua, serif;\"><span style=\"font-size: large;\"><b>I rzek\u0142: \u201eM\u0142odzie\u0144cze, tobie m\u00f3wi\u0119, wsta\u0144\u201d. Zmar\u0142y usiad\u0142 i zacz\u0105\u0142 m\u00f3wi\u0107; i odda\u0142 go jego matce.<\/b><\/span><\/span><\/span><\/p>\n<p align=\"justify\"><span style=\"color: #000000;\"><span style=\"font-family: Book Antiqua, serif;\"><span style=\"font-size: large;\"><b>A wszystkich ogarn\u0105\u0142 strach; wielbili Boga i m\u00f3wili: \u201eWielki prorok powsta\u0142 w\u015br\u00f3d nas i B\u00f3g \u0142askawie nawiedzi\u0142 lud sw\u00f3j\u201d.<\/b><\/span><\/span><\/span><\/p>\n<p align=\"justify\"><span style=\"color: #000000;\"><span style=\"font-family: Book Antiqua, serif;\"><span style=\"font-size: large;\"><b>I rozesz\u0142a si\u0119 ta wie\u015b\u0107 o Nim po ca\u0142ej Judei i po ca\u0142ej okolicznej krainie.<\/b><\/span><\/span><\/span><\/p>\n<p align=\"justify\">\n<p align=\"justify\">\n<p align=\"justify\">\n<p align=\"justify\">\n<p align=\"justify\">\n<p align=\"justify\"><span style=\"color: #000000;\"><span style=\"font-family: Book Antiqua, serif;\"><span style=\"font-size: large;\">Ciekawe rozwa\u017canie o Ko\u015bciele, jako Wsp\u00f3lnocie, ofiaruje nam dzisiaj, w pierwszym czytaniu, z Pierwszego swego Listu do Koryntian, \u015awi\u0119ty Pawe\u0142. Bo t\u0119 duchow\u0105 Wsp\u00f3lnot\u0119 <b>por\u00f3wnuje do ludzkiego organizmu.<\/b> A to nasuwa ju\u017c pierwsze skojarzenie, \u017ce wi\u0119\u017a, jaka zachodzi pomi\u0119dzy poszczeg\u00f3lnymi cz\u0142onkami owej wsp\u00f3lnoty,<b> jest bardzo silna \u2013 o wiele silniejsza, <\/b>ani\u017celi ta, \u0142\u0105cz\u0105ca jak\u0105kolwiek inn\u0105 wsp\u00f3lnot\u0119 ludzi. <\/span><\/span><\/span><\/p>\n<p align=\"justify\"><span style=\"color: #000000;\"><span style=\"font-family: Book Antiqua, serif;\"><span style=\"font-size: large;\">Bo z jakiejkolwiek wsp\u00f3lnoty<b> mo\u017cna sobie w kt\u00f3rym\u015b momencie odej\u015b\u0107, <\/b>je\u015bli tylko uzna si\u0119, \u017ce dalsza w niej obecno\u015b\u0107 nie jest potrzebna, albo nie s\u0142u\u017cy dobru \u2013<b> a wsp\u00f3lnota <\/b><b>i tak<\/b><b> b\u0119dzie dalej istnia\u0142a. <\/b>Mo\u017cna nawet zaryzykowa\u0107 stwierdzenie, \u017ce <b>bez wi\u0119kszego uszczerbku.<\/b> Ot, po prostu, wszyscy<b> z czasem przyzwyczaj\u0105 si\u0119, <\/b>\u017ce kogo\u015b w niej nie ma, ale je\u017celi b\u0119dzie wiadomo, \u017ce on sam nie chcia\u0142 w niej by\u0107, to nikt nie b\u0119dzie ani za bardzo zdziwiony, ani roz\u017calony \u2013 wszyscy<b> uznaj\u0105, \u017ce tak ma by\u0107. <\/b><\/span><\/span><\/span><\/p>\n<p align=\"justify\"><span style=\"color: #000000;\"><span style=\"font-family: Book Antiqua, serif;\"><span style=\"font-size: large;\">Najwy\u017cej, <b>zadania i funkcje, <\/b>jakie ta osoba pe\u0142ni\u0142a we wsp\u00f3lnocie, zostan\u0105 przekazane komu\u015b innemu \u2013 na zasadzie, \u017ce <b>nie ma na \u015bwiecie ludzi niezast\u0105pionych<\/b> (ju\u017c w nie wchodz\u0105c w dywagacje, na ile to stwierdzenie jest prawdziwe). <\/span><\/span><\/span><\/p>\n<p align=\"justify\"><span style=\"color: #000000;\"><span style=\"font-family: Book Antiqua, serif;\"><span style=\"font-size: large;\">Je\u017celi jednak m\u00f3wimy o ludzkim organizmie, to taki <b>brak jednego z cz\u0142onk\u00f3w jest mocno odczuwalny. <\/b>I stanowi rzeczywisty brak. Owszem \u2013 w zale\u017cno\u015bci od tego, o jakim cz\u0142onku m\u00f3wimy \u2013 organizm <b>mo\u017ce <\/b><b>dalej funkcjonowa\u0107, <\/b>ale to funkcjonowanie <b>jest ju\u017c utrudnione, <\/b>kiedy nie ma jednej r\u0119ki, czy jednej nogi, czy jednego oka, albo oboje oczu nie spe\u0142nia swojej funkcji\u2026 <\/span><\/span><\/span><\/p>\n<p align=\"justify\"><span style=\"color: #000000;\"><span style=\"font-family: Book Antiqua, serif;\"><span style=\"font-size: large;\">I w\u0142a\u015bnie w Ko\u015bciele \u2013 zgodnie z nauk\u0105 Paw\u0142a \u2013 mamy do czynienia <b>z tak\u0105 wi\u0119zi\u0105: bardzo mocn\u0105!<\/b> O wiele mocniejsz\u0105, od tej, \u0142\u0105cz\u0105cej jak\u0105kolwiek ludzk\u0105 wsp\u00f3lnot\u0119. To jest prawda pierwsza. <\/span><\/span><\/span><\/p>\n<p align=\"justify\"><span style=\"color: #000000;\"><span style=\"font-family: Book Antiqua, serif;\"><span style=\"font-size: large;\">A druga \u2013 z niej wynikaj\u0105ca \u2013 jest ta, \u017ce <b>ka\u017cdy z cz\u0142onk\u00f3w jest potrzebny, bardzo potrzebny,<\/b> dlatego w\u0142a\u015bnie brak kt\u00f3regokolwiek jest dolegliwie odczuwalny. I tak te\u017c jest w Ko\u015bciele: <b>brak kogokolwiek jest odczuwalny. <\/b>Na pewno \u2013 przez Jezusa, ale i przez tych spo\u015br\u00f3d nas, kt\u00f3rzy <b>staraj\u0105 si\u0119 \u017cy\u0107 g\u0142\u0119boko sprawami Ko\u015bcio\u0142a,<\/b> sprawami wiary: nigdy w\u00f3wczas nie b\u0119dzie dla nas spraw\u0105 oboj\u0119tn\u0105, \u017ce ten, czy \u00f3w, z naszych bliskich,<b> albo jest poza Ko\u015bcio\u0142em,<\/b> bo nigdy do niego nie dotar\u0142, albo<b> ju\u017c z niego odszed\u0142. <\/b>Zawsze b\u0119dziemy to bole\u015bnie odczuwa\u0107. <\/span><\/span><\/span><\/p>\n<p align=\"justify\"><span style=\"color: #000000;\"><span style=\"font-family: Book Antiqua, serif;\"><span style=\"font-size: large;\">W\u0142a\u015bnie dlatego, \u017ce w ramach tego organizmu, jakim jest Ko\u015bci\u00f3\u0142, jeste\u015bmy <b>sobie nawzajem potrzebni i od siebie \u2013 w jaki\u015b spos\u00f3b \u2013 zale\u017cni. <\/b>Nawzajem si\u0119 wspieramy i razem tworzymy owo harmonijne funkcjonowanie organizmu. I to jest prawda druga. <\/span><\/span><\/span><\/p>\n<p align=\"justify\"><span style=\"color: #000000;\"><span style=\"font-family: Book Antiqua, serif;\"><span style=\"font-size: large;\">Trzeci\u0105 za\u015b, p\u0142yn\u0105c\u0105 z dzisiejszego pouczenia Paw\u0142a, jest ta, \u017ce<b> wszyscy jeste\u015bmy inni, r\u00f3\u017cni od siebie nawzajem. <\/b>T\u0119 prawd\u0119 Pawe\u0142 zawar\u0142 w s\u0142owach: <i><b>Wy przeto jeste\u015bcie Cia\u0142em Chrystusa i poszczeg\u00f3lnymi cz\u0142onkami. I tak ustanowi\u0142 B\u00f3g w Ko\u015bciele najprz\u00f3d aposto\u0142\u00f3w, po wt\u00f3re prorok\u00f3w, po trzecie nauczycieli, a nast\u0119pnie tych, co maj\u0105 dar czynienia cud\u00f3w, wspierania pomoc\u0105, rz\u0105dzenia oraz przemawiania rozmaitymi j\u0119zykami. <\/b><\/i><\/span><\/span><\/span><\/p>\n<p align=\"justify\"><span style=\"color: #000000;\"><span style=\"font-family: Book Antiqua, serif;\"><span style=\"font-size: large;\">A jeszcze bardziej w tych: <i><b>Czy\u017c wszyscy s\u0105 aposto\u0142ami? Czy wszyscy prorokuj\u0105? Czy wszyscy s\u0105 nauczycielami? Czy wszyscy maj\u0105 dar czynienia cud\u00f3w? Czy wszyscy posiadaj\u0105 \u0142ask\u0119 uzdrawiania? Czy wszyscy przemawiaj\u0105 j\u0119zykami? Czy wszyscy potrafi\u0105 je t\u0142umaczy\u0107? <\/b><\/i><\/span><\/span><\/span><\/p>\n<p align=\"justify\"><span style=\"color: #000000;\"><span style=\"font-family: Book Antiqua, serif;\"><span style=\"font-size: large;\">Jeste\u015bmy zatem r\u00f3\u017cni \u2013 w tym sensie, \u017ce <b>r\u00f3\u017cne funkcje spe\u0142niamy, <\/b>r\u00f3\u017cne zadania s\u0105 nam powierzone, a w ten spos\u00f3b <b>przyczyniamy si\u0119 do wsp\u00f3lnego dobra. <\/b>I to jest trzeci wniosek, p\u0142yn\u0105cy z dzisiejszego pouczenia Paw\u0142a: <b>jeste\u015bmy inni, r\u00f3\u017cni, r\u00f3\u017cnorodni.<\/b> <\/span><\/span><\/span><\/p>\n<p align=\"justify\"><span style=\"color: #000000;\"><span style=\"font-family: Book Antiqua, serif;\"><span style=\"font-size: large;\">A czwarty to taki, \u017ce <b>bardzo dobrze, \u017ce tak jest \u2013 \u017ce jeste\u015bmy r\u00f3\u017cnorodni.<\/b> W\u0142a\u015bnie owe pytania retoryczne, kt\u00f3re Pawe\u0142 dzisiaj postawi\u0142, zdaj\u0105 si\u0119 na to wskazywa\u0107. W innym miejscu m\u00f3wi to <b>jeszcze wyra\u017aniej i jeszcze bardziej wprost, <\/b>\u017ce r\u0119ka nie jest nog\u0105 \u2013 i odwrotnie \u2013 i \u017ce jedna nie mo\u017ce powiedzie\u0107 drugiej, \u017ce nie jest jej potrzebna. Zatem, Drodzy moi, o takiej wi\u0119zi, spajaj\u0105cej Ko\u015bci\u00f3\u0142, m\u00f3wi dzisiaj Pawe\u0142. <\/span><\/span><\/span><\/p>\n<p align=\"justify\"><span style=\"color: #000000;\"><span style=\"font-family: Book Antiqua, serif;\"><span style=\"font-size: large;\">Warto te\u017c zauwa\u017cy\u0107 ostatnie zdanie dzisiejszego pierwszego czytania: <i><b>Lecz wy starajcie si\u0119 o wi\u0119ksze dary. <\/b><\/i>Dalszy ci\u0105g tego zdania \u2013 nie mamy go dzisiaj w czytaniu \u2013 brzmi: <i><b>a ja wam wska\u017c\u0119 drog\u0119 jeszcze doskonalsz\u0105.<\/b><\/i> I tutaj ju\u017c nast\u0119puje znany nam wszystkim bardzo dobrze \u2013 g\u0142\u00f3wnie z Mszy \u015awi\u0119tych, zwi\u0105zanych z zawieraniem sakramentalnego Ma\u0142\u017ce\u0144stwa \u2013 <b>hymn o mi\u0142o\u015bci.<\/b> <\/span><\/span><\/span><\/p>\n<p align=\"justify\"><span style=\"color: #000000;\"><span style=\"font-family: Book Antiqua, serif;\"><span style=\"font-size: large;\">Warto mie\u0107 na uwadze<b> t\u0119 blisko\u015b\u0107 tre\u015bci: <\/b>czy to dzisiaj, s\u0142uchaj\u0105c o wewn\u0119trznej sp\u00f3jno\u015bci organizmu Ko\u015bcio\u0142a, aby wiedzie\u0107, \u017ce <b>spoiwem tej jedno\u015bci jest mi\u0142o\u015b\u0107;<\/b> czy te\u017c kiedy b\u0119dziemy s\u0142uchali hymnu o mi\u0142o\u015bci \u2013 by\u015bmy wiedzieli, \u017ce zosta\u0142 on napisany <b>w kontek\u015bcie budowania wewn\u0119trznej jedno\u015bci Ko\u015bcio\u0142a,<\/b> a nie ot, tak sobie, \u201enapisa\u0142o si\u0119\u201d go Paw\u0142owi, \u017ceby mo\u017cna by\u0142o poszczeg\u00f3lne wersy umieszcza\u0107 na graj\u0105cych kartkach z \u017cyczeniami. Nie! <\/span><\/span><\/span><\/p>\n<p align=\"justify\"><span style=\"color: #000000;\"><span style=\"font-family: Book Antiqua, serif;\"><span style=\"font-size: large;\">W\u0142a\u015bnie mi\u0142o\u015b\u0107<b> spaja ow\u0105 nierozerwaln\u0105 wi\u0119\u017a,<\/b> \u0142\u0105cz\u0105c\u0105 poszczeg\u00f3lne cz\u0142onki organizmu Ko\u015bcio\u0142a, kt\u00f3ry jest \u2013 wr\u00f3\u0107my do pocz\u0105tku pierwszego czytania \u2013<b> Cia\u0142em Chrystusa! <\/b>To On tu jest ponad wszystkim \u2013 to <b>On tu jest wszystkim!<\/b> <\/span><\/span><\/span><\/p>\n<p align=\"justify\"><span style=\"color: #000000;\"><span style=\"font-family: Book Antiqua, serif;\"><span style=\"font-size: large;\">On, kt\u00f3ry dzisiaj wskrzesza jedynego syna matki \u2013 wdowy z Nain. Jezus <b>u\u017cali<\/b><b>\u0142<\/b><b> si\u0119 nad ni\u0105 \u2013 i wskrzesi\u0142 jej syna.<\/b> To nie znaczy, \u017ce w tym momencie zni\u00f3s\u0142 \u015bmier\u0107 na \u015bwiecie \u2013 nie! Ludzie nadal umierali, odchodzili z tego \u015bwiata, zreszt\u0105 i ten m\u0142ody cz\u0142owiek, i jego matka,<b> tak\u017ce kiedy\u015b potem odeszli.<\/b> Ale w tym momencie, w ten spos\u00f3b, Jezus sam<b> pokaza\u0142 nam, jak zale\u017cy Mu na ka\u017cdym cz\u0142owieku.<\/b> I jak ka\u017cdy z nas jest Mu potrzebny. <\/span><\/span><\/span><\/p>\n<p align=\"justify\"><span style=\"color: #000000;\"><span style=\"font-family: Book Antiqua, serif;\"><span style=\"font-size: large;\">W tym konkretnym przypadku, Jezus z pewno\u015bci\u0105 i to wzi\u0105\u0142 pod uwag\u0119, \u017ce ten m\u0142ody cz\u0142owiek by\u0142 <b>bardzo potrzebny swojej matce, aby si\u0119 ni\u0105 m\u00f3g\u0142 opiekowa\u0107,<\/b> bo w tamtym czasie, w tamtej kulturze, samotna wdowa, pozbawiona jakiejkolwiek m\u0119skiej opieki, <b>skazana by\u0142a na naprawd\u0119 ci\u0119\u017cki los.<\/b> <\/span><\/span><\/span><\/p>\n<p align=\"justify\"><span style=\"color: #000000;\"><span style=\"font-family: Book Antiqua, serif;\"><span style=\"font-size: large;\">Jezus zatem w ten spos\u00f3b \u2013 w kontek\u015bcie pierwszego dzisiejszego czytania \u2013 u\u015bwiadamia nam, kt\u00f3rzy pochylamy si\u0119 nad Bo\u017cym s\u0142owem dzisiejszej liturgii, \u017ce <b>zauwa\u017ca ow\u0105 wa\u017cno\u015b\u0107 ka\u017cdego cz\u0142owieka, <\/b>docenia j\u0105 i zale\u017cy Mu na tym, aby ka\u017cdy spe\u0142nia\u0142 jak najlepiej to swoje zadanie, jakie jest mu powierzone we wsp\u00f3lnocie Ko\u015bcio\u0142a. Poprzez dokonanie naprawd\u0119 mocnego i przekonuj\u0105cego znaku, jakim by\u0142o <b>wskrzeszenie do \u017cycia<\/b> \u2013 i to <b>tego doczesnego \u017cycia, <\/b>kt\u00f3re przecie\u017c jest o wiele mniej wa\u017cne, ni\u017c \u017cycie wieczne \u2013 Jezus podkre\u015bla, \u017ce <b>w Jego oczach wa\u017cne jest to nasze bycie tu i teraz,<\/b> i spe\u0142nianie przez nas zadania, jakie nam powierzy\u0142. <b>Tu i teraz.<\/b> We wsp\u00f3lnocie Ko\u015bcio\u0142a. <\/span><\/span><\/span><\/p>\n<p align=\"justify\"><span style=\"color: #000000;\"><span style=\"font-family: Book Antiqua, serif;\"><span style=\"font-size: large;\">Zale\u017cy Mu, by ka\u017cdy z nas <b>zaanga\u017cowa\u0142 si\u0119 w pe\u0142ni w budowanie tej Wsp\u00f3lnoty, <\/b>aby nikt nie ogl\u0105da\u0142 si\u0119 na drugiego. I nikt nie uwa\u017ca\u0142 si\u0119 za niepotrzebnego, ma\u0142o wa\u017cnego. W oczach Jezusa <b>ka\u017cdy z nas jest jedyny, niepowtarzalny, bardzo potrzebny.<\/b> A w ten spos\u00f3b \u2013 tak\u017ce <b>niezast\u0105piony!<\/b><\/span><\/span><\/span><\/p>\n","protected":false},"excerpt":{"rendered":"<p>Szcz\u0119\u015b\u0107 Bo\u017ce! Moi Drodzy, w dniu dzisiejszym imieniny prze\u017cywaj\u0105 Kap\u0142ani z naszej Diecezji: \u25baKsi\u0105dz Robert Bartosik, \u25baKsi\u0105dz Robert J\u0119drych. Niech Im B\u00f3g b\u0142ogos\u0142awi! B\u0119d\u0119 si\u0119 o to dla Nich modli\u0142! A ja dzisiaj po raz kolejny pozdrawiam z Lublina. Drodzy moi, wspierajmy naszych Rodak\u00f3w, do\u015bwiadczonych powodzi\u0105. M\u00f3dlmy si\u0119 o rozwi\u0105zanie nabrzmia\u0142ych problem\u00f3w, ale i o [&hellip;]<\/p>\n","protected":false},"author":1,"featured_media":0,"comment_status":"open","ping_status":"open","sticky":false,"template":"","format":"standard","meta":{"jetpack_post_was_ever_published":false,"_jetpack_newsletter_access":"","_jetpack_dont_email_post_to_subs":false,"_jetpack_newsletter_tier_id":0,"_jetpack_memberships_contains_paywalled_content":false,"_jetpack_memberships_contains_paid_content":false,"footnotes":""},"categories":[1],"tags":[],"class_list":["post-22874","post","type-post","status-publish","format-standard","hentry","category-bez-kategorii"],"yoast_head":"<!-- This site is optimized with the Yoast SEO plugin v25.1 - https:\/\/yoast.com\/wordpress\/plugins\/seo\/ -->\n<title>Wa\u017cni w oczach Jezusa! - Gaudium Et Spes<\/title>\n<meta name=\"robots\" content=\"index, follow, max-snippet:-1, max-image-preview:large, max-video-preview:-1\" \/>\n<link rel=\"canonical\" href=\"https:\/\/gaudiumetspes-blog.pl\/index.php\/2024\/09\/17\/wazni-w-oczach-jezusa\/\" \/>\n<meta property=\"og:locale\" content=\"pl_PL\" \/>\n<meta property=\"og:type\" content=\"article\" \/>\n<meta property=\"og:title\" content=\"Wa\u017cni w oczach Jezusa! - Gaudium Et Spes\" \/>\n<meta property=\"og:description\" content=\"Szcz\u0119\u015b\u0107 Bo\u017ce! Moi Drodzy, w dniu dzisiejszym imieniny prze\u017cywaj\u0105 Kap\u0142ani z naszej Diecezji: \u25baKsi\u0105dz Robert Bartosik, \u25baKsi\u0105dz Robert J\u0119drych. Niech Im B\u00f3g b\u0142ogos\u0142awi! B\u0119d\u0119 si\u0119 o to dla Nich modli\u0142! A ja dzisiaj po raz kolejny pozdrawiam z Lublina. Drodzy moi, wspierajmy naszych Rodak\u00f3w, do\u015bwiadczonych powodzi\u0105. M\u00f3dlmy si\u0119 o rozwi\u0105zanie nabrzmia\u0142ych problem\u00f3w, ale i o [&hellip;]\" \/>\n<meta property=\"og:url\" content=\"https:\/\/gaudiumetspes-blog.pl\/index.php\/2024\/09\/17\/wazni-w-oczach-jezusa\/\" \/>\n<meta property=\"og:site_name\" content=\"Gaudium Et Spes\" \/>\n<meta property=\"article:published_time\" content=\"2024-09-17T07:30:48+00:00\" \/>\n<meta name=\"author\" content=\"Ks. Jacek\" \/>\n<meta name=\"twitter:card\" content=\"summary_large_image\" \/>\n<meta name=\"twitter:label1\" content=\"Napisane przez\" \/>\n\t<meta name=\"twitter:data1\" content=\"Ks. Jacek\" \/>\n\t<meta name=\"twitter:label2\" content=\"Szacowany czas czytania\" \/>\n\t<meta name=\"twitter:data2\" content=\"10 minut\" \/>\n<script type=\"application\/ld+json\" class=\"yoast-schema-graph\">{\"@context\":\"https:\/\/schema.org\",\"@graph\":[{\"@type\":\"WebPage\",\"@id\":\"https:\/\/gaudiumetspes-blog.pl\/index.php\/2024\/09\/17\/wazni-w-oczach-jezusa\/\",\"url\":\"https:\/\/gaudiumetspes-blog.pl\/index.php\/2024\/09\/17\/wazni-w-oczach-jezusa\/\",\"name\":\"Wa\u017cni w oczach Jezusa! - Gaudium Et Spes\",\"isPartOf\":{\"@id\":\"https:\/\/gaudiumetspes-blog.pl\/#website\"},\"datePublished\":\"2024-09-17T07:30:48+00:00\",\"author\":{\"@id\":\"https:\/\/gaudiumetspes-blog.pl\/#\/schema\/person\/1661982992b752dea8dff0d4ed845a65\"},\"breadcrumb\":{\"@id\":\"https:\/\/gaudiumetspes-blog.pl\/index.php\/2024\/09\/17\/wazni-w-oczach-jezusa\/#breadcrumb\"},\"inLanguage\":\"pl-PL\",\"potentialAction\":[{\"@type\":\"ReadAction\",\"target\":[\"https:\/\/gaudiumetspes-blog.pl\/index.php\/2024\/09\/17\/wazni-w-oczach-jezusa\/\"]}]},{\"@type\":\"BreadcrumbList\",\"@id\":\"https:\/\/gaudiumetspes-blog.pl\/index.php\/2024\/09\/17\/wazni-w-oczach-jezusa\/#breadcrumb\",\"itemListElement\":[{\"@type\":\"ListItem\",\"position\":1,\"name\":\"Strona g\u0142\u00f3wna\",\"item\":\"https:\/\/gaudiumetspes-blog.pl\/\"},{\"@type\":\"ListItem\",\"position\":2,\"name\":\"Wa\u017cni w&nbsp;oczach Jezusa!\"}]},{\"@type\":\"WebSite\",\"@id\":\"https:\/\/gaudiumetspes-blog.pl\/#website\",\"url\":\"https:\/\/gaudiumetspes-blog.pl\/\",\"name\":\"Gaudium Et Spes\",\"description\":\"Blog Ks. Jacka Ja\u015bkowskiego\",\"potentialAction\":[{\"@type\":\"SearchAction\",\"target\":{\"@type\":\"EntryPoint\",\"urlTemplate\":\"https:\/\/gaudiumetspes-blog.pl\/?s={search_term_string}\"},\"query-input\":{\"@type\":\"PropertyValueSpecification\",\"valueRequired\":true,\"valueName\":\"search_term_string\"}}],\"inLanguage\":\"pl-PL\"},{\"@type\":\"Person\",\"@id\":\"https:\/\/gaudiumetspes-blog.pl\/#\/schema\/person\/1661982992b752dea8dff0d4ed845a65\",\"name\":\"Ks. Jacek\",\"image\":{\"@type\":\"ImageObject\",\"inLanguage\":\"pl-PL\",\"@id\":\"https:\/\/gaudiumetspes-blog.pl\/#\/schema\/person\/image\/\",\"url\":\"https:\/\/gaudiumetspes-blog.pl\/wp-content\/uploads\/2019\/07\/avatar-JJ-150x150.jpg\",\"contentUrl\":\"https:\/\/gaudiumetspes-blog.pl\/wp-content\/uploads\/2019\/07\/avatar-JJ-150x150.jpg\",\"caption\":\"Ks. Jacek\"},\"description\":\"Witam serdecznie! K\u0142ania si\u0119 Ks. Jacek Ja\u015bkowski. Nie jestem ani kim\u015b wa\u017cnym, ani kim\u015b znanym. Jestem ksi\u0119dzem, kt\u00f3ry po prostu chce rozmawia\u0107. Codzienna kap\u0142a\u0144ska pos\u0142uga pokazuje mi, \u017ce temat\u00f3w do rozm\u00f3w z ksi\u0119dzem jest coraz wi\u0119cej i dzisiaj \u017caden ksi\u0105dz nie mo\u017ce od nich ucieka\u0107, ale - wprost przeciwnie - podejmowa\u0107 nowe wyzwania. To przekonanie sk\u0142oni\u0142o mnie do pr\u00f3by otwarcia tego\u017c bloga, chocia\u017c okazji do rozm\u00f3w na co dzie\u0144 - w konfesjonale i poza nim - na szcz\u0119\u015bcie nie brakuje. My\u015bl\u0119 jednak, \u017ce ten blog b\u0119dzie jeszcze jednym sposobem i przestrzeni\u0105 nawi\u0105zania kontaktu z lud\u017ami dobrej woli, otwartymi na dialog.\",\"url\":\"https:\/\/gaudiumetspes-blog.pl\/index.php\/author\/ks-jacek\/\"}]}<\/script>\n<!-- \/ Yoast SEO plugin. -->","yoast_head_json":{"title":"Wa\u017cni w oczach Jezusa! - Gaudium Et Spes","robots":{"index":"index","follow":"follow","max-snippet":"max-snippet:-1","max-image-preview":"max-image-preview:large","max-video-preview":"max-video-preview:-1"},"canonical":"https:\/\/gaudiumetspes-blog.pl\/index.php\/2024\/09\/17\/wazni-w-oczach-jezusa\/","og_locale":"pl_PL","og_type":"article","og_title":"Wa\u017cni w oczach Jezusa! - Gaudium Et Spes","og_description":"Szcz\u0119\u015b\u0107 Bo\u017ce! Moi Drodzy, w dniu dzisiejszym imieniny prze\u017cywaj\u0105 Kap\u0142ani z naszej Diecezji: \u25baKsi\u0105dz Robert Bartosik, \u25baKsi\u0105dz Robert J\u0119drych. Niech Im B\u00f3g b\u0142ogos\u0142awi! B\u0119d\u0119 si\u0119 o to dla Nich modli\u0142! A ja dzisiaj po raz kolejny pozdrawiam z Lublina. Drodzy moi, wspierajmy naszych Rodak\u00f3w, do\u015bwiadczonych powodzi\u0105. M\u00f3dlmy si\u0119 o rozwi\u0105zanie nabrzmia\u0142ych problem\u00f3w, ale i o [&hellip;]","og_url":"https:\/\/gaudiumetspes-blog.pl\/index.php\/2024\/09\/17\/wazni-w-oczach-jezusa\/","og_site_name":"Gaudium Et Spes","article_published_time":"2024-09-17T07:30:48+00:00","author":"Ks. Jacek","twitter_card":"summary_large_image","twitter_misc":{"Napisane przez":"Ks. Jacek","Szacowany czas czytania":"10 minut"},"schema":{"@context":"https:\/\/schema.org","@graph":[{"@type":"WebPage","@id":"https:\/\/gaudiumetspes-blog.pl\/index.php\/2024\/09\/17\/wazni-w-oczach-jezusa\/","url":"https:\/\/gaudiumetspes-blog.pl\/index.php\/2024\/09\/17\/wazni-w-oczach-jezusa\/","name":"Wa\u017cni w oczach Jezusa! - Gaudium Et Spes","isPartOf":{"@id":"https:\/\/gaudiumetspes-blog.pl\/#website"},"datePublished":"2024-09-17T07:30:48+00:00","author":{"@id":"https:\/\/gaudiumetspes-blog.pl\/#\/schema\/person\/1661982992b752dea8dff0d4ed845a65"},"breadcrumb":{"@id":"https:\/\/gaudiumetspes-blog.pl\/index.php\/2024\/09\/17\/wazni-w-oczach-jezusa\/#breadcrumb"},"inLanguage":"pl-PL","potentialAction":[{"@type":"ReadAction","target":["https:\/\/gaudiumetspes-blog.pl\/index.php\/2024\/09\/17\/wazni-w-oczach-jezusa\/"]}]},{"@type":"BreadcrumbList","@id":"https:\/\/gaudiumetspes-blog.pl\/index.php\/2024\/09\/17\/wazni-w-oczach-jezusa\/#breadcrumb","itemListElement":[{"@type":"ListItem","position":1,"name":"Strona g\u0142\u00f3wna","item":"https:\/\/gaudiumetspes-blog.pl\/"},{"@type":"ListItem","position":2,"name":"Wa\u017cni w&nbsp;oczach Jezusa!"}]},{"@type":"WebSite","@id":"https:\/\/gaudiumetspes-blog.pl\/#website","url":"https:\/\/gaudiumetspes-blog.pl\/","name":"Gaudium Et Spes","description":"Blog Ks. Jacka Ja\u015bkowskiego","potentialAction":[{"@type":"SearchAction","target":{"@type":"EntryPoint","urlTemplate":"https:\/\/gaudiumetspes-blog.pl\/?s={search_term_string}"},"query-input":{"@type":"PropertyValueSpecification","valueRequired":true,"valueName":"search_term_string"}}],"inLanguage":"pl-PL"},{"@type":"Person","@id":"https:\/\/gaudiumetspes-blog.pl\/#\/schema\/person\/1661982992b752dea8dff0d4ed845a65","name":"Ks. Jacek","image":{"@type":"ImageObject","inLanguage":"pl-PL","@id":"https:\/\/gaudiumetspes-blog.pl\/#\/schema\/person\/image\/","url":"https:\/\/gaudiumetspes-blog.pl\/wp-content\/uploads\/2019\/07\/avatar-JJ-150x150.jpg","contentUrl":"https:\/\/gaudiumetspes-blog.pl\/wp-content\/uploads\/2019\/07\/avatar-JJ-150x150.jpg","caption":"Ks. Jacek"},"description":"Witam serdecznie! K\u0142ania si\u0119 Ks. Jacek Ja\u015bkowski. Nie jestem ani kim\u015b wa\u017cnym, ani kim\u015b znanym. Jestem ksi\u0119dzem, kt\u00f3ry po prostu chce rozmawia\u0107. Codzienna kap\u0142a\u0144ska pos\u0142uga pokazuje mi, \u017ce temat\u00f3w do rozm\u00f3w z ksi\u0119dzem jest coraz wi\u0119cej i dzisiaj \u017caden ksi\u0105dz nie mo\u017ce od nich ucieka\u0107, ale - wprost przeciwnie - podejmowa\u0107 nowe wyzwania. To przekonanie sk\u0142oni\u0142o mnie do pr\u00f3by otwarcia tego\u017c bloga, chocia\u017c okazji do rozm\u00f3w na co dzie\u0144 - w konfesjonale i poza nim - na szcz\u0119\u015bcie nie brakuje. My\u015bl\u0119 jednak, \u017ce ten blog b\u0119dzie jeszcze jednym sposobem i przestrzeni\u0105 nawi\u0105zania kontaktu z lud\u017ami dobrej woli, otwartymi na dialog.","url":"https:\/\/gaudiumetspes-blog.pl\/index.php\/author\/ks-jacek\/"}]}},"jetpack_featured_media_url":"","jetpack_sharing_enabled":true,"_links":{"self":[{"href":"https:\/\/gaudiumetspes-blog.pl\/index.php\/wp-json\/wp\/v2\/posts\/22874","targetHints":{"allow":["GET"]}}],"collection":[{"href":"https:\/\/gaudiumetspes-blog.pl\/index.php\/wp-json\/wp\/v2\/posts"}],"about":[{"href":"https:\/\/gaudiumetspes-blog.pl\/index.php\/wp-json\/wp\/v2\/types\/post"}],"author":[{"embeddable":true,"href":"https:\/\/gaudiumetspes-blog.pl\/index.php\/wp-json\/wp\/v2\/users\/1"}],"replies":[{"embeddable":true,"href":"https:\/\/gaudiumetspes-blog.pl\/index.php\/wp-json\/wp\/v2\/comments?post=22874"}],"version-history":[{"count":1,"href":"https:\/\/gaudiumetspes-blog.pl\/index.php\/wp-json\/wp\/v2\/posts\/22874\/revisions"}],"predecessor-version":[{"id":22875,"href":"https:\/\/gaudiumetspes-blog.pl\/index.php\/wp-json\/wp\/v2\/posts\/22874\/revisions\/22875"}],"wp:attachment":[{"href":"https:\/\/gaudiumetspes-blog.pl\/index.php\/wp-json\/wp\/v2\/media?parent=22874"}],"wp:term":[{"taxonomy":"category","embeddable":true,"href":"https:\/\/gaudiumetspes-blog.pl\/index.php\/wp-json\/wp\/v2\/categories?post=22874"},{"taxonomy":"post_tag","embeddable":true,"href":"https:\/\/gaudiumetspes-blog.pl\/index.php\/wp-json\/wp\/v2\/tags?post=22874"}],"curies":[{"name":"wp","href":"https:\/\/api.w.org\/{rel}","templated":true}]}}