{"id":22913,"date":"2024-09-22T00:23:44","date_gmt":"2024-09-21T22:23:44","guid":{"rendered":"https:\/\/gaudiumetspes-blog.pl\/?p=22913"},"modified":"2024-09-21T22:26:02","modified_gmt":"2024-09-21T20:26:02","slug":"ktorzy-zaprowadzaja-pokoj","status":"publish","type":"post","link":"https:\/\/gaudiumetspes-blog.pl\/index.php\/2024\/09\/22\/ktorzy-zaprowadzaja-pokoj\/","title":{"rendered":"Kt\u00f3rzy zaprowadzaj\u0105 pok\u00f3j&#8230;"},"content":{"rendered":"<p class=\"western\" align=\"justify\"><span style=\"font-family: Book Antiqua, serif;\"><span style=\"font-size: large;\">Niech b\u0119dzie pochwalony Jezus Chrystus! Moi Drodzy,<b> <\/b><b>w pi\u0105tek urodziny prze\u017cywa\u0142 Sebastian Gruszczy\u0144ski, za moich czas\u00f3w \u2013 Lektor w Parafii w Miastkowie Ko\u015bcielnym.<\/b><\/span><\/span><\/p>\n<p class=\"western\" align=\"justify\"><span style=\"font-family: Book Antiqua, serif;\"><span style=\"font-size: large;\"><b>Natomiast wczoraj <\/b><b>rocznic\u0119 zawarcia sakramentalnego Ma\u0142\u017ce\u0144stwa prze\u017cywali Katarzyna i Grzegorz Pa\u0142ysowie, dobrzy i \u017cyczliwi Ludzie z Parafii w Miastkowie Ko\u015bcielnym.<\/b><\/span><\/span><\/p>\n<p class=\"western\" align=\"justify\"><span style=\"font-family: Book Antiqua, serif;\"><span style=\"font-size: large;\"><b>A dzisiaj imieniny prze\u017cywa Ksi\u0105dz Tomasz Oponowicz \u2013 Kap\u0142an z naszej Diecezji.<\/b><\/span><\/span><\/p>\n<p class=\"western\" align=\"justify\"><span style=\"font-family: Book Antiqua, serif;\"><span style=\"font-size: large;\"><b>\u017bycz\u0119 \u015awi\u0119tuj\u0105cym, aby w swoim otoczeniu zaprowadzali Bo\u017cy pok\u00f3j! Zapewniam o modlitwie!<\/b><\/span><\/span><\/p>\n<p class=\"western\" align=\"justify\"><span style=\"font-family: Book Antiqua, serif;\"><span style=\"font-size: large;\">Moi Drodzy, ja dzisiaj zast\u0119puj\u0119 Ksi\u0119dza Leszka Przyby\u0142owicza, Proboszcza Parafii Siemie\u0144, w Dekanacie parczewskim, w naszej Diecezji. Jeszcze nigdy nie by\u0142em w tej Parafii \u2013 to b\u0119dzie pierwsze spotkanie. I co\u015b mi si\u0119 wydaje, \u017ce nie ostatnie. Ksi\u0119dza Leszka zast\u0119powa\u0142em lub wsp\u00f3\u0142pracowa\u0142em z Nim, kiedy \u2013 do niedawna \u2013 by\u0142 Proboszczem Parafii \u015awi\u0119tego Brata Alberta w \u0141ukowie. <\/span><\/span><\/p>\n<p class=\"western\" align=\"justify\"><span style=\"font-family: Book Antiqua, serif;\"><span style=\"font-size: large;\">Natomiast o 17:00 \u2013 planuj\u0119 odprawi\u0107 Msz\u0119 \u015awi\u0119t\u0105 gregoria\u0144sk\u0105, w mojej rodzinnej Parafii.<\/span><\/span><\/p>\n<p class=\"western\" align=\"justify\"><span style=\"font-family: Book Antiqua, serif;\"><span style=\"font-size: large;\">A teraz ju\u017c zapraszam do pochylenia si\u0119 nad Bo\u017cym s\u0142owem dzisiejszej liturgii. Oto s\u0142\u00f3wko Ksi\u0119dza Marka na dzi\u015b:<\/span><\/span><\/p>\n<p class=\"western\" align=\"justify\"><span style=\"font-family: Book Antiqua, serif;\"><span style=\"font-size: medium;\"><a href=\"https:\/\/www.youtube.com\/c\/CatholicSurgut\"><span style=\"font-size: large;\"><span lang=\"zxx\"><u><b>https:\/\/www.youtube.com\/c\/CatholicSurgut<\/b><\/u><\/span><\/span><\/a><\/span><\/span><\/p>\n<p class=\"western\" align=\"justify\"><span style=\"font-family: Book Antiqua, serif;\"><span style=\"font-size: large;\">Zatem, <b>co konkretnie m\u00f3wi do mnie Pan? Z czym zwraca si\u0119 do mnie osobi\u015bcie dzisiaj?<\/b> Duchu \u015awi\u0119ty, tchnij!<\/span><\/span><\/p>\n<p class=\"western\" align=\"justify\"><span style=\"font-family: Book Antiqua, serif;\"><span style=\"font-size: large;\"><b>N<\/b><b>iech Was b\u0142ogos\u0142awi B\u00f3g Wszechmog\u0105cy: Ojciec + i Syn, i Duch \u015awi\u0119ty. Amen<\/b><\/span><\/span><\/p>\n<p class=\"western\" align=\"center\"><span style=\"font-family: Book Antiqua, serif;\"><span style=\"font-size: large;\">Gaudium et spes! Ks. Jacek<\/span><\/span><\/p>\n<p align=\"center\">\n<p align=\"center\">\n<p align=\"center\">\n<p align=\"center\">\n<p align=\"center\">\n<p class=\"western\" align=\"justify\"><span style=\"font-family: Book Antiqua, serif;\"><span style=\"font-size: large;\"><b>25 Niedziela zwyk\u0142a, B,<\/b><\/span><\/span><\/p>\n<p class=\"western\" align=\"justify\"><span style=\"font-family: Book Antiqua, serif;\"><span style=\"font-size: large;\"><b>22 wrze\u015bnia 2024.,<\/b><\/span><\/span><\/p>\n<p class=\"western\" align=\"justify\"><span style=\"font-family: Book Antiqua, serif;\"><span style=\"font-size: large;\"><b>do czyta\u0144: Mdr 2,12.17\u201320; Jk 3,16\u20134, 3; Mk 9,30\u201337<\/b><\/span><\/span><\/p>\n<p align=\"justify\">\n<p align=\"justify\">\n<p align=\"justify\">\n<p align=\"justify\">\n<p align=\"justify\">\n<p class=\"western\" align=\"justify\"><span style=\"font-family: Book Antiqua, serif;\"><span style=\"font-size: large;\"><b>CZYTANIE Z KSI\u0118GI M\u0104DRO\u015aCI:<\/b><\/span><\/span><\/p>\n<p class=\"western\" align=\"justify\"><span style=\"font-family: Book Antiqua, serif;\"><span style=\"font-size: large;\"><b>Bezbo\u017cni m\u00f3wili: Zr\u00f3bmy zasadzk\u0119 na sprawiedliwego, bo nam niewygodny: sprzeciwia si\u0119 naszym sprawom, zarzuca nam \u0142amanie prawa, wypomina nam b\u0142\u0119dy naszych obyczaj\u00f3w. Zobaczmy\u017c, czy prawdziwe s\u0105 jego s\u0142owa, wybadajmy, co b\u0119dzie przy jego zej\u015bciu. <\/b><\/span><\/span><\/p>\n<p class=\"western\" align=\"justify\"><span style=\"font-family: Book Antiqua, serif;\"><span style=\"font-size: large;\"><b>Bo je\u015bli sprawiedliwy jest synem Bo\u017cym, B\u00f3g ujmie si\u0119 za nim i wyrwie go z r\u0119ki przeciwnik\u00f3w. Dotknijmy go obelg\u0105 i katusz\u0105, by pozna\u0107 jego \u0142agodno\u015b\u0107 i do\u015bwiadczy\u0107 jego cierpliwo\u015bci. Zas\u0105d\u017amy go na \u015bmier\u0107 haniebn\u0105, bo \u2013 jak m\u00f3wi\u0142 \u2013 b\u0119dzie ocalony.<\/b><\/span><\/span><\/p>\n<p align=\"justify\">\n<p align=\"justify\">\n<p align=\"justify\">\n<p align=\"justify\">\n<p align=\"justify\">\n<p class=\"western\" align=\"justify\"><span style=\"font-family: Book Antiqua, serif;\"><span style=\"font-size: large;\"><b>CZYTANIE Z LISTU \u015aWI\u0118TEGO JAKUBA APOSTO\u0141A:<\/b><\/span><\/span><\/p>\n<p class=\"western\" align=\"justify\"><span style=\"font-family: Book Antiqua, serif;\"><span style=\"font-size: large;\"><b>Najmilsi: Gdzie zazdro\u015b\u0107 i \u017c\u0105dza sporu, tam te\u017c bez\u0142ad i wszelki wyst\u0119pek. M\u0105dro\u015b\u0107 za\u015b zst\u0119puj\u0105ca z g\u00f3ry jest przede wszystkim czysta, dalej sk\u0142onna do zgody, ust\u0119pliwa, pos\u0142uszna, pe\u0142na mi\u0142osierdzia i dobrych owoc\u00f3w, wolna od wzgl\u0119d\u00f3w ludzkich i ob\u0142udy. Owoc za\u015b sprawiedliwo\u015bci siej\u0105 w pokoju ci, kt\u00f3rzy zaprowadzaj\u0105 pok\u00f3j. <\/b><\/span><\/span><\/p>\n<p class=\"western\" align=\"justify\"><span style=\"font-family: Book Antiqua, serif;\"><span style=\"font-size: large;\"><b>Sk\u0105d si\u0119 bior\u0105 wojny i sk\u0105d k\u0142\u00f3tnie mi\u0119dzy wami? Nie sk\u0105din\u0105d, tylko z waszych \u017c\u0105dz, kt\u00f3re walcz\u0105 w cz\u0142onkach waszych. Po\u017c\u0105dacie, a nie macie, \u017cywicie mordercz\u0105 zazdro\u015b\u0107, a nie mo\u017cecie osi\u0105gn\u0105\u0107. Prowadzicie walki i k\u0142\u00f3tnie, a nic nie posiadacie, gdy\u017c si\u0119 nie modlicie. Modlicie si\u0119, a nie otrzymujecie, bo si\u0119 \u017ale modlicie, staraj\u0105c si\u0119 jedynie o zaspokojenie swych \u017c\u0105dz.<\/b><\/span><\/span><\/p>\n<p align=\"justify\">\n<p align=\"justify\">\n<p align=\"justify\">\n<p align=\"justify\">\n<p align=\"justify\">\n<p class=\"western\" align=\"justify\"><span style=\"font-family: Book Antiqua, serif;\"><span style=\"font-size: large;\"><b>S\u0141OWA EWANGELII WED\u0141UG \u015aWI\u0118TEGO MARKA:<\/b><\/span><\/span><\/p>\n<p class=\"western\" align=\"justify\"><span style=\"font-family: Book Antiqua, serif;\"><span style=\"font-size: large;\"><b>Jezus i Jego uczniowie podr\u00f3\u017cowali przez Galile\u0119, On jednak nie chcia\u0142, \u017ceby kto wiedzia\u0142 o tym. Poucza\u0142 bowiem swoich uczni\u00f3w i m\u00f3wi\u0142 im: \u201eSyn Cz\u0142owieczy b\u0119dzie wydany w r\u0119ce ludzi. Ci Go zabij\u0105, lecz zabity po trzech dniach zmartwychwstanie\u201d. Oni jednak nie rozumieli tych s\u0142\u00f3w, a bali si\u0119 Go pyta\u0107. <\/b><\/span><\/span><\/p>\n<p class=\"western\" align=\"justify\"><span style=\"font-family: Book Antiqua, serif;\"><span style=\"font-size: large;\"><b>Tak przyszli do Kafarnaum. Gdy by\u0142 w domu, zapyta\u0142 ich: \u201eO czym to rozmawiali\u015bcie w drodze?\u201d Lecz oni milczeli, w drodze bowiem posprzeczali si\u0119 mi\u0119dzy sob\u0105 o to, kto z nich jest najwi\u0119kszy. <\/b><\/span><\/span><\/p>\n<p class=\"western\" align=\"justify\"><span style=\"font-family: Book Antiqua, serif;\"><span style=\"font-size: large;\"><b>On usiad\u0142, przywo\u0142a\u0142 Dwunastu i rzek\u0142 do nich: \u201eJe\u015bli kto chce by\u0107 pierwszym, nich b\u0119dzie ostatnim ze wszystkich i s\u0142ug\u0105 wszystkich\u201d.<\/b><\/span><\/span><\/p>\n<p class=\"western\" align=\"justify\"><span style=\"font-family: Book Antiqua, serif;\"><span style=\"font-size: large;\"><b>Potem wzi\u0105\u0142 dziecko; postawi\u0142 je przed nimi i obj\u0105wszy je ramionami, rzek\u0142 do nich: \u201eKto przyjmuje jedno z tych dzieci w imi\u0119 moje, Mnie przyjmuje; a kto Mnie przyjmuje, nie przyjmuje Mnie, lecz Tego, kt\u00f3ry Mnie pos\u0142a\u0142\u201d.<\/b><\/span><\/span><\/p>\n<p align=\"justify\">\n<p align=\"justify\">\n<p align=\"justify\">\n<p align=\"justify\">\n<p align=\"justify\">\n<p class=\"western\" align=\"justify\"><span style=\"font-family: Book Antiqua, serif;\"><span style=\"font-size: large;\">Jak nam dzisiaj, w pierwszym czytaniu, daje wyra\u017anie do zrozumienia Autor Ksi\u0119gi M\u0105dro\u015bci \u2013 i jak to wyra\u017anie pokazuje \u017cyciowe do\u015bwiadczenie \u2013 jedyn\u0105 <b>win\u0105 cz\u0142owieka sprawiedliwego, <\/b>i to tak\u0105 win\u0105, kt\u00f3ra sprawia, \u017ce ca\u0142y \u015bwiat si\u0119 przeciwko niemu obraca, jest to, \u017ce <i><b>sprzeciwia si\u0119<\/b><\/i><i> <\/i><b>[r\u00f3\u017cnym ciemnym i grzesznym]<\/b><i> <\/i><i><b>sprawom, zarzuca <\/b><\/i><b>[\u2026] <\/b><i><b>\u0142amanie prawa <\/b><\/i><b>[tym, kt\u00f3rzy je \u0142ami\u0105],<\/b><i><b> wypomina <\/b><\/i><b>[\u2026] <\/b><i><b> b\u0142\u0119dy <\/b><\/i><b>[\u2026]<\/b><i><b> obyczaj\u00f3w.<\/b><\/i><b> <\/b>Dlatego jedynym sposobem sprzeciwienia si\u0119 jego dzia\u0142aniu z ich strony jest ten: <i><b>Zr\u00f3bmy zasadzk\u0119 na sprawiedliwego, bo nam niewygodny<\/b><\/i><b>. <\/b><\/span><\/span><\/p>\n<p class=\"western\" align=\"justify\"><span style=\"font-family: Book Antiqua, serif;\"><span style=\"font-size: large;\">Czyli \u2013 <b>nie: <\/b>porozmawiajmy z nim,<b> <\/b>przekonajmy go, podyskutujmy z nim na argumenty, spr\u00f3bujmy go przekona\u0107, \u017ceby da\u0142 nam spok\u00f3j\u2026 Nic z tych rzeczy! Po prostu: <i><b>zr\u00f3bmy zasadzk\u0119,<\/b><\/i> \u201euciszmy go\u201d, zabijmy\u2026 Niestety, na takim poziomie i w taki spos\u00f3b rozmawiaj\u0105 i <b>tak reaguj\u0105 ci, kt\u00f3rym brak argument\u00f3w,<\/b> kt\u00f3rzy doskonale wiedz\u0105, \u017ce robi\u0105 \u017ale, <b>ale nie chc\u0105 si\u0119 poprawi\u0107, <\/b>nie chc\u0105 w og\u00f3le przyzna\u0107 si\u0119 do z\u0142a, tylko \u201epoluj\u0105\u201d na tego, kto wypomni im z\u0142o. <\/span><\/span><\/p>\n<p class=\"western\" align=\"justify\"><span style=\"font-family: Book Antiqua, serif;\"><span style=\"font-size: large;\">Bo cz\u0142owiek czyni\u0105cy z\u0142o, albo nie czyni\u0105cy dobra, a widz\u0105cy, \u017ce kto\u015b obok czyni dobro, <b>ma dwa wyj\u015bcia z tej sytuacji, <\/b>z tego \u201ezderzenia\u201d: <b>albo zmiana post\u0119powania na lepsze,<\/b> albo \u2013 i z tym mamy dzisiaj do czynienia \u2013 <b>atak na tego, kto czyni dobrze.<\/b> Zapewne dlatego Autor Ksi\u0119gi M\u0105dro\u015bci takich ludzi <b>nazywa dzisiaj \u00abbezbo\u017cnymi\u00bb.<\/b> <\/span><\/span><\/p>\n<p class=\"western\" align=\"justify\"><span style=\"font-family: Book Antiqua, serif;\"><span style=\"font-size: large;\">To prawda \u2013 s\u0105 to ludzie bezbo\u017cni! Bo kto\u015b, kto wierzy w Boga, modli si\u0119 i chodzi Jego drogami \u2013 kiedy spotka cz\u0142owieka sprawiedliwego i \u015bwi\u0119tego, <b>to chce go na\u015bladowa\u0107,<\/b> chce z nim wsp\u00f3\u0142pracowa\u0107, chce budowa\u0107 si\u0119 jego postaw\u0105. Dla bezbo\u017cnego natomiast taki cz\u0142owiek sprawiedliwy <b>jest wyrzutem sumienia,<\/b> a najprostsz\u0105 drog\u0105 do pozbycia si\u0119 takich wyrzut\u00f3w jest <b>pozbycie si\u0119 cz\u0142owieka, kt\u00f3ry je powoduje.<\/b> Tak jest oczywi\u015bcie wed\u0142ug owych \u00abbezbo\u017cnych\u00bb. <\/span><\/span><\/p>\n<p class=\"western\" align=\"justify\"><span style=\"font-family: Book Antiqua, serif;\"><span style=\"font-size: large;\"><b>Ale tak nie jest naprawd\u0119. <\/b>W rzeczywisto\u015bci bowiem, tak jak cz\u0142owiek <b>nigdy nigdzie nie ucieknie przed samym sob\u0105, <\/b>bo cho\u0107by uciek\u0142 nawet na koniec \u015bwiata, to wsz\u0119dzie siebie samego ze sob\u0105 zabierze, tak <b>wsz\u0119dzie zabierze ze sob\u0105 <\/b><b>swoje<\/b><b> sumieni<\/b><b>e<\/b><b>.<\/b> I jego wyrzuty! One dogoni\u0105 go zawsze. <\/span><\/span><\/p>\n<p class=\"western\" align=\"justify\"><span style=\"font-family: Book Antiqua, serif;\"><span style=\"font-size: large;\">Bo nie jest prawd\u0105, \u017ce wyrzuty sumienia <b>mo\u017cna skutecznie uciszy\u0107. <\/b>Nie jest te\u017c prawd\u0105, \u017ce s\u0105 na \u015bwiecie <b>ludzie bez sumienia.<\/b> Nie, nie ma takich ludzi. Sumienie, czyli \u00f3w g\u0142os Bo\u017cy, kt\u00f3ry rozlega si\u0119 w sercu ka\u017cdego cz\u0142owieka, <b>ma ka\u017cdy. <\/b>Chocia\u017c \u2013 to prawda \u2013 wielu robi <b>bardzo du\u017co, \u017ceby <\/b><b>je<\/b><b> uciszy\u0107. <\/b>I w\u0142a\u015bnie na jednej z wy\u017cszych lokat na li\u015bcie propozycji, jak to zrobi\u0107, czyli jak uciszy\u0107 sumienie, jest <b>uciszenie tego, kto mo\u017ce wzbudza\u0107 wyrzuty sumienia.<\/b> Nawet niekoniecznie tym, co m\u00f3wi. Wystarczy, \u017ce wzbudza je swoj\u0105 konsekwentn\u0105 postaw\u0105. <\/span><\/span><\/p>\n<p class=\"western\" align=\"justify\"><span style=\"font-family: Book Antiqua, serif;\"><span style=\"font-size: large;\">I takim oto Sprawiedliwym, kt\u00f3ry znalaz\u0142 si\u0119 \u201ena celowniku\u201d \u00abbezbo\u017cnych\u00bb, by\u0142 i ci\u0105gle jest \u2013 co oczywiste \u2013 sam Jezus! On sam m\u00f3wi o tym dzisiaj w Ewangelii: <i><b>Syn Cz\u0142owieczy b\u0119dzie wydany w r\u0119ce ludzi. Ci Go zabij\u0105, lecz zabity po trzech dniach zmartwychwstanie. <\/b><\/i>Jezus zapowiada\u0142 to wielokrotnie, co te\u017c wa\u017cne: <b>m\u00f3wi\u0142 to zawsze bardzo otwarcie,<\/b> bardzo wprost i bardzo spokojnie i rzeczowo. To znaczy, oczywi\u015bcie nie mamy nagrania Jego g\u0142osu, <b>ale z kontekstu wynika, <\/b>\u017ce te stwierdzenia, wypowiedzi na ten temat, by\u0142y niejako <b>\u201ewplecione\u201d w ca\u0142y ci\u0105g J<\/b><b>e<\/b><b>go nauczania, <\/b>wi\u0119c m\u00f3wi\u0142 o tym tak, jak m\u00f3wi\u0142 o wszystkim innym. <\/span><\/span><\/p>\n<p class=\"western\" align=\"justify\"><span style=\"font-family: Book Antiqua, serif;\"><span style=\"font-size: large;\">Uwa\u017ca\u0142 to za co\u015b <b>pewnego i oczywistego, <\/b>\u017ce do tego musi doj\u015b\u0107, bo \u2013 po pierwsze \u2013 <b>po to przyszed\u0142 na \u015bwiat,<\/b> aby z\u0142o\u017cy\u0107 swoje \u017cycie w zbawczej Ofierze za grzechy ludzi, ale te\u017c \u2013 po drugie \u2013 wiedzia\u0142, \u017ce <b>w taki spos\u00f3b zareaguj\u0105 owi \u00abbezbo\u017cni\u00bb, <\/b>dla kt\u00f3rych Jego nauczanie, jak i ca\u0142a Jego postawa, by\u0142y bardzo, ale to bardzo niewygodne. <\/span><\/span><\/p>\n<p class=\"western\" align=\"justify\"><span style=\"font-family: Book Antiqua, serif;\"><span style=\"font-size: large;\">A jak na te zapowiedzi zareagowali dzi\u015b Jego najbli\u017csi? S\u0142yszeli\u015bmy w Ewangelii: <i><b>Oni jednak nie rozumieli tych s\u0142\u00f3w, a bali si\u0119 Go pyta\u0107. Tak przyszli do Kafarnaum. Gdy by\u0142 w domu, zapyta\u0142 ich: \u201eO czym to rozmawiali\u015bcie w drodze?\u201d Lecz oni milczeli, w drodze bowiem posprzeczali si\u0119 mi\u0119dzy sob\u0105 o to, kto z nich jest najwi\u0119kszy. <\/b><\/i><\/span><\/span><\/p>\n<p class=\"western\" align=\"justify\"><span style=\"font-family: Book Antiqua, serif;\"><span style=\"font-size: large;\">Drodzy moi, czy widzimy to mocne, <b>wr\u0119cz dramatyczne zderzenie?<\/b> Jezus m\u00f3wi o totalnym darze z siebie, <b>o ca\u0142kowitym po\u015bwieceniu siebie<\/b> dla dobra ludzi \u2013 a wi\u0119c tak\u017ce dla ich dobra \u2013 a oni nic z tego nie rozumiej\u0105 i<b> na wszelki wypadek nie chc\u0105 Go pyta\u0107, <\/b>bo mo\u017ce si\u0119 okaza\u0107, \u017ce powinni rozumie\u0107, a nie rozumiej\u0105; jednak nie zajmuj\u0105 si\u0119 t\u0105 spraw\u0105 d\u0142u\u017cej, bo maj\u0105 tak naprawd\u0119 inny problem. Jaki? W\u0142a\u015bnie: <b>kto z nich jest najwi\u0119kszy?\u2026<\/b> <\/span><\/span><\/p>\n<p class=\"western\" align=\"justify\"><span style=\"font-family: Book Antiqua, serif;\"><span style=\"font-size: large;\">Jeszcze raz zobaczmy owo \u201ezderzenie\u201d: On si\u0119 totalnie uni\u017ca, ca\u0142y si\u0119 im oddaje, a oni patrz\u0105 tylko, <b>jak podkre\u015bli\u0107 swoje w\u0142asne \u201eja\u201d,<\/b> swoj\u0105 pozycj\u0119, swoj\u0105 wyduman\u0105 wielko\u015b\u0107\u2026 To chyba o takich postawach pisa\u0142 dzi\u015b Jakub Aposto\u0142, a co my us\u0142yszeli\u015bmy w drugim czytaniu: <i><b>Gdzie zazdro\u015b\u0107 i \u017c\u0105dza sporu, tam te\u017c bez\u0142ad i wszelki wyst\u0119pek. M\u0105dro\u015b\u0107 za\u015b zst\u0119puj\u0105ca z g\u00f3ry jest przede wszystkim czysta, dalej sk\u0142onna do zgody, ust\u0119pliwa, pos\u0142uszna, pe\u0142na mi\u0142osierdzia i dobrych owoc\u00f3w, wolna od wzgl\u0119d\u00f3w ludzkich i ob\u0142udy. Owoc za\u015b sprawiedliwo\u015bci siej\u0105 w pokoju ci, kt\u00f3rzy zaprowadzaj\u0105 pok\u00f3j. <\/b><\/i><\/span><\/span><\/p>\n<p class=\"western\" align=\"justify\"><span style=\"font-family: Book Antiqua, serif;\"><span style=\"font-size: large;\">Po czym, przechodz\u0105c ju\u017c do konkret\u00f3w, stawia retoryczne pytania: <i><b>Sk\u0105d si\u0119 bior\u0105 wojny i sk\u0105d k\u0142\u00f3tnie mi\u0119dzy wami?<\/b><\/i><b> <\/b>I odpowiada: <i><b>Nie sk\u0105din\u0105d, tylko z waszych \u017c\u0105dz, kt\u00f3re walcz\u0105 w cz\u0142onkach waszych. Po\u017c\u0105dacie, a nie macie, \u017cywicie mordercz\u0105 zazdro\u015b\u0107, a nie mo\u017cecie osi\u0105gn\u0105\u0107. Prowadzicie walki i k\u0142\u00f3tnie, a nic nie posiadacie, gdy\u017c si\u0119 nie modlicie. Modlicie si\u0119, a nie otrzymujecie, bo si\u0119 \u017ale modlicie, staraj\u0105c si\u0119 jedynie o zaspokojenie swych \u017c\u0105dz. <\/b><\/i><\/span><\/span><\/p>\n<p class=\"western\" align=\"justify\"><span style=\"font-family: Book Antiqua, serif;\"><span style=\"font-size: large;\">Widzimy zatem \u2013 przed czym ostrzega mocno Aposto\u0142 \u2013 \u017ce <b>mo\u017cna si\u0119 nawet modli\u0107, a by\u0107 daleko od Boga, <\/b>bo mo\u017cna nie my\u015ble\u0107 w og\u00f3le o Bogu i o nawi\u0105zaniu z Nim duchowej wi\u0119zi, a jedynie <b>o wzmacnianiu wi\u0119zi z samym sob\u0105, <\/b>o budowaniu w\u0142asnego obrazu w sobie, o zachwycaniu si\u0119 samym sob\u0105, <b>o zakochaniu w samym sobie \u201eze wzajemno\u015bci\u0105\u201d.<\/b> Modlitwa za\u015b b\u0119dzie tylko po to, aby \u201eza\u0142atwi\u0107\u201d z Bogiem bie\u017c\u0105ce sprawy, <b>przedstawi\u0107 Mu list\u0119 \u017c\u0105da\u0144 i postulat\u00f3w,<\/b> narzuci\u0107 Mu swoje pogl\u0105dy i przekonania, pod kt\u00f3rymi On si\u0119 ma po prostu podpisa\u0107 i nie robi\u0107 wi\u0119kszych problem\u00f3w\u2026 <\/span><\/span><\/p>\n<p class=\"western\" align=\"justify\"><span style=\"font-family: Book Antiqua, serif;\"><span style=\"font-size: large;\">Je\u017celi tak, to nie ma si\u0119 co dziwi\u0107, \u017ce nawet b\u0119d\u0105c <b>bardzo blisko takiej \u015awiat\u0142o\u015bci,<\/b> jak\u0105 jest Jezus Chrystus, <b>mo\u017cna pozosta\u0107<\/b> <b>w ciemno\u015bciach\u2026 <\/b>Mo\u017ce to zbyt surowa ocena postawy Aposto\u0142\u00f3w, bo w ich przypadku to chyba mo\u017cna m\u00f3wi\u0107 bardziej <b>o jakiej\u015b nieroztropno\u015bci, niefrasobliwo\u015bci,<\/b> ma\u0142ej jeszcze duchowej dojrza\u0142o\u015bci\u2026 Wiemy, \u017ce ostatecznie wszyscy \u2013 poza jednym, zdrajc\u0105 \u2013 <b>oddali <\/b><b>w ko\u0144cu <\/b><b>\u017cycie za Jezusa,<\/b> a Jan, kt\u00f3ry \u017cycia w spos\u00f3b m\u0119cze\u0144ski nie odda\u0142, jednak ca\u0142e swoje d\u0142ugie \u017cycie <b>Jezusowi po\u015bwi\u0119ci\u0142. <\/b>Ale to p\u00f3\u017aniej, ju\u017c po Wniebowst\u0105pieniu Jezusa. Dzisiaj jeszcze s\u0142yszymy, \u017ce s\u0105 <b>na bardzo wczesnym etapie<\/b> swego duchowego rozwoju. Jezus musi im jeszcze t\u0142umaczy\u0107 zupe\u0142nie podstawowe sprawy. <\/span><\/span><\/p>\n<p class=\"western\" align=\"justify\"><span style=\"font-family: Book Antiqua, serif;\"><span style=\"font-size: large;\">Zauwa\u017cmy jednak, \u017ce Jezus mia\u0142 do nich <b>naprawd\u0119 du\u017co cierpliwo\u015bci i mi\u0142o\u015bci. <\/b>Bo tak prawd\u0119 m\u00f3wi\u0105c, to m\u00f3g\u0142 si\u0119 porz\u0105dnie wkurzy\u0107, kiedy stwierdzi\u0142,<b> \u017ce <\/b><b>oto On <\/b><b>zapowiada im swoje totalne po\u015bwi\u0119cenie, <\/b>\u017ce nawet \u017cycie za nich odda, \u017ce tak bardzo ich kocha, i\u017c nie b\u0119dzie si\u0119 dla nich w og\u00f3le oszcz\u0119dza\u0142, a oni \u2013 jak gdyby nigdy nic \u2013 roztrz\u0105saj\u0105, <b>kt\u00f3ry z nich jest najwi\u0119kszy.<\/b> No, przecie\u017c mogli wtedy zebra\u0107 takie gromy, \u017ce d\u0142ugo by si\u0119 nie pozbierali. A jednak, Jezus nie tak ich uczy\u0142. A jak? <\/span><\/span><\/p>\n<p class=\"western\" align=\"justify\"><span style=\"font-family: Book Antiqua, serif;\"><span style=\"font-size: large;\">A w\u0142a\u015bnie tak, \u017ce <i><b>wzi\u0105\u0142 dziecko; postawi\u0142 je przed nimi i obj\u0105wszy je ramionami, rzek\u0142 do nich: \u201eKto przyjmuje jedno z tych dzieci w imi\u0119 moje, Mnie przyjmuje; a kto Mnie przyjmuje, nie przyjmuje Mnie, lecz Tego, kt\u00f3ry Mnie pos\u0142a\u0142\u201d. <\/b><\/i><\/span><\/span><\/p>\n<p class=\"western\" align=\"justify\"><span style=\"font-family: Book Antiqua, serif;\"><span style=\"font-size: large;\">Kto mo\u017ce przyj\u0105\u0107 dziecko? Ten, kto <b>sam stanie si\u0119 jak dziecko. <\/b>Nie w sensie zdziecinnienia, infantylizmu, ale w sensie <b>prostoty serca, otwarto\u015bci serca,<\/b> szczero\u015bci i pokory. Z ca\u0142\u0105 pewno\u015bci\u0105, dobijanie si\u0119 o pierwsze\u0144stwo przed innymi i g\u00f3rowanie nad innymi \u2013 <b>do takich postaw si\u0119 nie zalicza. <\/b>Ani te\u017c <i><b>zazdro\u015b\u0107 i \u017c\u0105dza sporu, <\/b><\/i>czy <i><b>bez\u0142ad i wszelki wyst\u0119pek,<\/b><\/i> przed czym ostrzega \u015awi\u0119ty Jakub w drugim czytaniu. A ju\u017c na pewno <b>nie takie podst\u0119pne i z\u0142o\u015bliwe dzia\u0142anie,<\/b> jakie wobec cz\u0142owieka sprawiedliwego podj\u0119li \u00abbezbo\u017cni\u00bb, o kt\u00f3rych mowa w pierwszym czytaniu. <\/span><\/span><\/p>\n<p class=\"western\" align=\"justify\"><span style=\"font-family: Book Antiqua, serif;\"><span style=\"font-size: large;\">Niestety, Drodzy moi, musimy chyba <b>wszyscy szczerze przyzna\u0107 si\u0119 do tego<\/b> \u2013 pocz\u0105wszy ode mnie, kap\u0142ana \u2013 \u017ce co i raz odzywa si\u0119 w nas taki \u00abbezbo\u017cny\u00bb cz\u0142owiek\u2026 I odzywa si\u0119 w nas <i><b>zazdro\u015b\u0107 i \u017c\u0105dza sporu, <\/b><\/i><b>[\u2026]<\/b><b> <\/b><i><b>bez\u0142ad i wszelki wyst\u0119pek\u2026<\/b><\/i><b> <\/b>I odzywa si\u0119 w nas to <b>pragnienie bycia <\/b><b>za wszelk\u0105 cen\u0119 <\/b><b>kim\u015b wa\u017cnym, <\/b>wa\u017cniejszym od innych. <\/span><\/span><\/p>\n<p class=\"western\" align=\"justify\"><span style=\"font-family: Book Antiqua, serif;\"><span style=\"font-size: large;\">St\u0105d w\u0142a\u015bnie <b>wojny pomi\u0119dzy narodami,<\/b> a pomi\u0119dzy nami \u2013 na naszym lokalnym, rodzinnym lub s\u0105siedzkim podw\u00f3rku \u2013 <b>k\u0142\u00f3tnie, napi\u0119cia, obmowy,<\/b> zazdro\u015b\u0107, czasami wr\u0119cz nienawi\u015b\u0107. A przecie\u017c <b>wszyscy uwa\u017camy si\u0119 za wierz\u0105cych <\/b>\u2013 a jak\u017ce! \u2013 i to pewnie porz\u0105dnie wierz\u0105cych. Wielu z nas chodzi do ko\u015bcio\u0142a, na Msz\u0119 \u015awi\u0119t\u0105, niekt\u00f3rzy nawet codziennie. I \u017ceby wszystko by\u0142o jasne: <b>to bardzo dobrze, \u017ce tak jest! <\/b>Oby\u015bmy wszyscy, ca\u0142\u0105 Parafi\u0105, chodzili na Msz\u0119 \u015awi\u0119t\u0105 codziennie i przyjmowali na ka\u017cdej Mszy \u015awi\u0119tej Komuni\u0119 \u015awi\u0119t\u0105. By\u0142oby naprawd\u0119 wspaniale! <\/span><\/span><\/p>\n<p class=\"western\" align=\"justify\"><span style=\"font-family: Book Antiqua, serif;\"><span style=\"font-size: large;\">Ale <b>za tym musi p\u00f3j\u015b\u0107 \u2013 koniecznie! \u2013 refleksja<\/b> nad tym, czy moje my\u015blenie, moje spojrzenie na Boga, na drugiego cz\u0142owieka, na ca\u0142y otaczaj\u0105cy \u015bwiat, a wreszcie tak\u017ce: na samego siebie \u2013<b> nad\u0105\u017ca za moj\u0105 pobo\u017cno\u015bci\u0105?<\/b> A mo\u017ce lepiej zapyta\u0107, <b>czy to<\/b><b> <\/b><b>idzie<\/b><b> w parze: <\/b>praktyki religijne i codzienna postawa? <b>Modlitwa<\/b> \u2013 i praca nad sob\u0105? <b>S\u0142uchanie Bo\u017cego s\u0142owa<\/b> \u2013 i codzienna zmiana na lepsze swego post\u0119powania? <b>Przyjmowanie Jezusa do serca w Komunii \u015awi\u0119tej <\/b>\u2013 i otwieranie tego swego serca na drugiego cz\u0142owieka?<\/span><\/span><\/p>\n<p class=\"western\" align=\"justify\"><span style=\"font-family: Book Antiqua, serif;\"><span style=\"font-size: large;\"><b>Wpatrywanie si\u0119 w Krzy\u017c Jezusa Chrystusa,<\/b> czynienie tego Znaku na sobie \u2013 i ci\u0105g\u0142e d\u0105\u017cenie do tego, aby <b>jak najwi\u0119cej siebie i z siebie dawa\u0107 ludziom?<\/b> To znaczy, nie ca\u0142ej ludzko\u015bci \u2013 jak to og\u0142aszaj\u0105 tw\u00f3rcy takiej czy innej \u201eorkiestry\u201d \u2013 czyli tak naprawd\u0119 nikomu, ale <b>konkretnemu cz\u0142owiekowi. <\/b>Dok\u0142adnie temu, kt\u00f3rego <b>na co dzie\u0144 mamy w swoim domu,<\/b> w swoim najbli\u017cszym otoczeniu, czy te\u017c temu, kt\u00f3rego ju\u017c jutro spotkamy w pracy, na studiach czy w szkole\u2026 <\/span><\/span><\/p>\n<p class=\"western\" align=\"justify\"><span style=\"font-family: Book Antiqua, serif;\"><span style=\"font-size: large;\">Dobrze, gdyby ten drugi cz\u0142owiek<b> nie musia\u0142 pyta\u0107 nas,<\/b> czy byli\u015bmy w niedziel\u0119 na Mszy \u015awi\u0119tej, czy s\u0142uchali\u015bmy Bo\u017cego s\u0142owa, czy przyj\u0119li\u015bmy Komuni\u0119 \u015awi\u0119ta, czy si\u0119 pomodlili\u015bmy \u2013<b> bo zobaczy to po naszej postawie! <\/b><\/span><\/span><\/p>\n<p class=\"western\" align=\"justify\"><span style=\"font-family: Book Antiqua, serif;\"><span style=\"font-size: large;\">Drodzy moi, odpowiedzmy sobie tak bardzo szczerze \u2013 wszyscy, pocz\u0105wszy ode mnie: <b>Czy tak w\u0142a\u015bnie jest? <\/b>Co inni widz\u0105 po naszej postawie? I nie t\u0142umaczmy si\u0119 w ten spos\u00f3b, \u017ce oni te\u017c nie lepsi. By\u0107 mo\u017ce, <b>ale my dzisiaj pytamy o swoj\u0105 postaw\u0119,<\/b> oni niech si\u0119 martwi\u0105 o swoj\u0105. Na pewno, wiele \u0142atwiej nam innych os\u0105dza\u0107 i <b>innym stawia\u0107 wymagania, ni\u017c sobie. <\/b><\/span><\/span><\/p>\n<p class=\"western\" align=\"justify\"><span style=\"font-family: Book Antiqua, serif;\"><span style=\"font-size: large;\">Dlatego w\u0142a\u015bnie, skoro dzisiaj tutaj spotykamy si\u0119 z Jezusem, s\u0142uchamy Go i zapraszamy do serca w Komunii \u015awi\u0119tej, to pomy\u015blmy tak g\u0142\u0119boko i szczerze, \u017ce <b>On da\u0142 z siebie najwi\u0119cej, jak tylko m\u00f3g\u0142 da\u0107.<\/b> I nie oczekuje od nas niczego, <b>czego sam nie uczyni\u0142by w stopniu du\u017co wi\u0119kszym! <\/b>Dlatego i my nie powinni\u015bmy od innych wymaga\u0107 wi\u0119cej, ni\u017c od samych siebie. <b>To od siebie powinni\u015bmy wymaga\u0107 najwi\u0119cej <\/b>\u2013 nawet, gdyby inni od nas nie wymagali \u2013 jak uczy\u0142 Jan Pawe\u0142 II. <\/span><\/span><\/p>\n<p class=\"western\" align=\"justify\"><span style=\"font-family: Book Antiqua, serif;\"><span style=\"font-size: large;\">I naprawd\u0119, <b>nie musimy <\/b><b>za wszelk\u0105 cen\u0119 zabiega\u0107<\/b> o to, by by\u0107 wa\u017cniejszymi od innych i wy\u017cej sta\u0107 od innych. Je\u017celi <b>Jezus b\u0119dzie w naszym \u017cyciu najwa\u017cniejszy<\/b> i to On b\u0119dzie sta\u0142 na pierwszym miejscu, to znajdzie si\u0119 w tym naszym sercu <b>odpowiednie miejsce dla drugiego cz\u0142owieka, <\/b>a i nam samym <b>nic nie ub\u0119dzie i niczego nie stracimy. <\/b>Naprawd\u0119! <\/span><\/span><\/p>\n<p class=\"western\" align=\"justify\"><span style=\"font-family: Book Antiqua, serif;\"><span style=\"font-size: large;\">Kto\u015b m\u0105dry kiedy\u015b powiedzia\u0142, \u017ce <b>cz\u0142owiek tak naprawd\u0119 jest najwi\u0119kszy wtedy, kiedy kl\u0119czy przed Bogiem.<\/b> Tak, w\u0142a\u015bnie na tym polega\u0142a wielko\u015b\u0107 ludzi prawdziwie wielkich, \u017ce w ich \u017cyciu, w ich sercu, <b>najwi\u0119kszy by\u0142 Jezus.<\/b> Oni sami w og\u00f3le o swoj\u0105 w\u0142asn\u0105 wielko\u015b\u0107 nie zabiegali. Co wi\u0119cej, ze strony otoczenia cz\u0119sto spotyka\u0142o ich \u2013 i ci\u0105gle spotyka \u2013 to, o czym dzisiaj mowa w Bo\u017cym s\u0142owie, czyli <b>ci\u0105g\u0142e k\u0142ody pod nogi<\/b> ze strony r\u00f3\u017cnych \u00abbezbo\u017cnych\u00bb, niesprawiedliwych, pysznych i takich, kt\u00f3rzy sami chc\u0105 by\u0107 najwa\u017cniejszymi i innymi rz\u0105dzi\u0107. <\/span><\/span><\/p>\n<p class=\"western\" align=\"justify\"><span style=\"font-family: Book Antiqua, serif;\"><span style=\"font-size: large;\">W rzeczywisto\u015bci jednak, tacy ludzie <b>zwykle kompromituj\u0105 si\u0119 swoj\u0105 pych\u0105, g\u0142upot\u0105, <\/b>nieraz te\u017c dopuszczaj\u0105 si\u0119 wielu z\u0142ych czyn\u00f3w. A chocia\u017c przez r\u00f3\u017cne <b>niegodziwo\u015bci i przekr\u0119t<\/b><b>y<\/b><b> mo\u017ce i dopchaj\u0105 si\u0119 do w\u0142adzy, <\/b>zdob\u0119d\u0105 znaczn\u0105 fortun\u0119, b\u0119d\u0119 brylowali na salonach i w mediach, to z czasem <b>oka\u017ce si\u0119 ca\u0142a ich ma\u0142o\u015b\u0107, mia\u0142ko\u015b\u0107, nierzadko pod\u0142o\u015b\u0107\u2026<\/b> Tylko szkody narobi\u0105 i wiele \u0142ez ludzkich spowoduj\u0105\u2026 <\/span><\/span><\/p>\n<p class=\"western\" align=\"justify\"><span style=\"font-family: Book Antiqua, serif;\"><span style=\"font-size: large;\">Ludzie prawdziwie wielcy to ci, kt\u00f3rzy kieruj\u0105 si\u0119 s\u0142owami Jakuba Aposto\u0142a z dzisiejszego drugiego czytania: <i><b>M\u0105dro\u015b\u0107 za\u015b zst\u0119puj\u0105ca z g\u00f3ry jest przede wszystkim czysta, dalej sk\u0142onna do zgody, ust\u0119pliwa, pos\u0142uszna, pe\u0142na mi\u0142osierdzia i dobrych owoc\u00f3w, wolna od wzgl\u0119d\u00f3w ludzkich i ob\u0142udy. Owoc za\u015b sprawiedliwo\u015bci siej\u0105 w pokoju ci, kt\u00f3rzy zaprowadzaj\u0105 pok\u00f3j. <\/b><\/i><\/span><\/span><\/p>\n<p class=\"western\" align=\"justify\"><span style=\"font-size: large;\"><span style=\"color: #000000;\"><span style=\"font-family: Book Antiqua, serif;\">Drodzy moi, oto nasze zadanie na dzi\u015b \u2013 i na ten najbli\u017cszy tydzie\u0144, a mo\u017ce i na ca\u0142e \u017cycie: <\/span><\/span><span style=\"color: #000000;\"><span style=\"font-family: Book Antiqua, serif;\"><b>zaprowadza\u0107 Bo\u017cy pok\u00f3j <\/b><\/span><\/span><span style=\"color: #000000;\"><span style=\"font-family: Book Antiqua, serif;\">w swoim domu, w swoim s\u0105siedztwie, w swojej klasie, w swojej szkole, na swoim roku studi<\/span><\/span><span style=\"color: #000000;\"><span style=\"font-family: Book Antiqua, serif;\">\u00f3w<\/span><\/span><span style=\"color: #000000;\"><span style=\"font-family: Book Antiqua, serif;\">, w swojej pracy\u2026 Nie kolejne k\u0142\u00f3tnie, pretensje, zazdro\u015b\u0107 i zawi\u015b\u0107, obmowy i przekle\u0144stwa, podejrzliwo\u015b\u0107 i intrygi \u2013 ale w\u0142a\u015bnie <\/span><\/span><span style=\"color: #000000;\"><span style=\"font-family: Book Antiqua, serif;\"><b>pok\u00f3j. Chrystusowy pok\u00f3j. <\/b><\/span><\/span><span style=\"color: #000000;\"><span style=\"font-family: Book Antiqua, serif;\">Jak to konkretnie i skutecznie zrobi\u0107?\u2026 <\/span><\/span><\/span><\/p>\n<p class=\"western\" align=\"justify\"><span style=\"font-size: large;\"><span style=\"color: #000000;\"><span style=\"font-family: Book Antiqua, serif;\">N<\/span><\/span><span style=\"color: #000000;\"><span style=\"font-family: Book Antiqua, serif;\">a pewno \u2013 <\/span><\/span><span style=\"color: #000000;\"><span style=\"font-family: Book Antiqua, serif;\"><b>dobrze wiemy\u2026<\/b><\/span><\/span><\/span><\/p>\n","protected":false},"excerpt":{"rendered":"<p>Niech b\u0119dzie pochwalony Jezus Chrystus! Moi Drodzy, w pi\u0105tek urodziny prze\u017cywa\u0142 Sebastian Gruszczy\u0144ski, za moich czas\u00f3w \u2013 Lektor w Parafii w Miastkowie Ko\u015bcielnym. Natomiast wczoraj rocznic\u0119 zawarcia sakramentalnego Ma\u0142\u017ce\u0144stwa prze\u017cywali Katarzyna i Grzegorz Pa\u0142ysowie, dobrzy i \u017cyczliwi Ludzie z Parafii w Miastkowie Ko\u015bcielnym. A dzisiaj imieniny prze\u017cywa Ksi\u0105dz Tomasz Oponowicz \u2013 Kap\u0142an z naszej Diecezji. [&hellip;]<\/p>\n","protected":false},"author":1,"featured_media":0,"comment_status":"open","ping_status":"open","sticky":false,"template":"","format":"standard","meta":{"jetpack_post_was_ever_published":false,"_jetpack_newsletter_access":"","_jetpack_dont_email_post_to_subs":false,"_jetpack_newsletter_tier_id":0,"_jetpack_memberships_contains_paywalled_content":false,"_jetpack_memberships_contains_paid_content":false,"footnotes":""},"categories":[1],"tags":[],"class_list":["post-22913","post","type-post","status-publish","format-standard","hentry","category-bez-kategorii"],"yoast_head":"<!-- This site is optimized with the Yoast SEO plugin v25.1 - https:\/\/yoast.com\/wordpress\/plugins\/seo\/ -->\n<title>Kt\u00f3rzy zaprowadzaj\u0105 pok\u00f3j... - Gaudium Et Spes<\/title>\n<meta name=\"robots\" content=\"index, follow, max-snippet:-1, max-image-preview:large, max-video-preview:-1\" \/>\n<link rel=\"canonical\" href=\"https:\/\/gaudiumetspes-blog.pl\/index.php\/2024\/09\/22\/ktorzy-zaprowadzaja-pokoj\/\" \/>\n<meta property=\"og:locale\" content=\"pl_PL\" \/>\n<meta property=\"og:type\" content=\"article\" \/>\n<meta property=\"og:title\" content=\"Kt\u00f3rzy zaprowadzaj\u0105 pok\u00f3j... - Gaudium Et Spes\" \/>\n<meta property=\"og:description\" content=\"Niech b\u0119dzie pochwalony Jezus Chrystus! Moi Drodzy, w pi\u0105tek urodziny prze\u017cywa\u0142 Sebastian Gruszczy\u0144ski, za moich czas\u00f3w \u2013 Lektor w Parafii w Miastkowie Ko\u015bcielnym. Natomiast wczoraj rocznic\u0119 zawarcia sakramentalnego Ma\u0142\u017ce\u0144stwa prze\u017cywali Katarzyna i Grzegorz Pa\u0142ysowie, dobrzy i \u017cyczliwi Ludzie z Parafii w Miastkowie Ko\u015bcielnym. A dzisiaj imieniny prze\u017cywa Ksi\u0105dz Tomasz Oponowicz \u2013 Kap\u0142an z naszej Diecezji. [&hellip;]\" \/>\n<meta property=\"og:url\" content=\"https:\/\/gaudiumetspes-blog.pl\/index.php\/2024\/09\/22\/ktorzy-zaprowadzaja-pokoj\/\" \/>\n<meta property=\"og:site_name\" content=\"Gaudium Et Spes\" \/>\n<meta property=\"article:published_time\" content=\"2024-09-21T22:23:44+00:00\" \/>\n<meta name=\"author\" content=\"Ks. Jacek\" \/>\n<meta name=\"twitter:card\" content=\"summary_large_image\" \/>\n<meta name=\"twitter:label1\" content=\"Napisane przez\" \/>\n\t<meta name=\"twitter:data1\" content=\"Ks. Jacek\" \/>\n\t<meta name=\"twitter:label2\" content=\"Szacowany czas czytania\" \/>\n\t<meta name=\"twitter:data2\" content=\"16 minut\" \/>\n<script type=\"application\/ld+json\" class=\"yoast-schema-graph\">{\"@context\":\"https:\/\/schema.org\",\"@graph\":[{\"@type\":\"WebPage\",\"@id\":\"https:\/\/gaudiumetspes-blog.pl\/index.php\/2024\/09\/22\/ktorzy-zaprowadzaja-pokoj\/\",\"url\":\"https:\/\/gaudiumetspes-blog.pl\/index.php\/2024\/09\/22\/ktorzy-zaprowadzaja-pokoj\/\",\"name\":\"Kt\u00f3rzy zaprowadzaj\u0105 pok\u00f3j... - Gaudium Et Spes\",\"isPartOf\":{\"@id\":\"https:\/\/gaudiumetspes-blog.pl\/#website\"},\"datePublished\":\"2024-09-21T22:23:44+00:00\",\"author\":{\"@id\":\"https:\/\/gaudiumetspes-blog.pl\/#\/schema\/person\/1661982992b752dea8dff0d4ed845a65\"},\"breadcrumb\":{\"@id\":\"https:\/\/gaudiumetspes-blog.pl\/index.php\/2024\/09\/22\/ktorzy-zaprowadzaja-pokoj\/#breadcrumb\"},\"inLanguage\":\"pl-PL\",\"potentialAction\":[{\"@type\":\"ReadAction\",\"target\":[\"https:\/\/gaudiumetspes-blog.pl\/index.php\/2024\/09\/22\/ktorzy-zaprowadzaja-pokoj\/\"]}]},{\"@type\":\"BreadcrumbList\",\"@id\":\"https:\/\/gaudiumetspes-blog.pl\/index.php\/2024\/09\/22\/ktorzy-zaprowadzaja-pokoj\/#breadcrumb\",\"itemListElement\":[{\"@type\":\"ListItem\",\"position\":1,\"name\":\"Strona g\u0142\u00f3wna\",\"item\":\"https:\/\/gaudiumetspes-blog.pl\/\"},{\"@type\":\"ListItem\",\"position\":2,\"name\":\"Kt\u00f3rzy&nbsp;zaprowadzaj\u0105 pok\u00f3j&#8230;\"}]},{\"@type\":\"WebSite\",\"@id\":\"https:\/\/gaudiumetspes-blog.pl\/#website\",\"url\":\"https:\/\/gaudiumetspes-blog.pl\/\",\"name\":\"Gaudium Et Spes\",\"description\":\"Blog Ks. Jacka Ja\u015bkowskiego\",\"potentialAction\":[{\"@type\":\"SearchAction\",\"target\":{\"@type\":\"EntryPoint\",\"urlTemplate\":\"https:\/\/gaudiumetspes-blog.pl\/?s={search_term_string}\"},\"query-input\":{\"@type\":\"PropertyValueSpecification\",\"valueRequired\":true,\"valueName\":\"search_term_string\"}}],\"inLanguage\":\"pl-PL\"},{\"@type\":\"Person\",\"@id\":\"https:\/\/gaudiumetspes-blog.pl\/#\/schema\/person\/1661982992b752dea8dff0d4ed845a65\",\"name\":\"Ks. Jacek\",\"image\":{\"@type\":\"ImageObject\",\"inLanguage\":\"pl-PL\",\"@id\":\"https:\/\/gaudiumetspes-blog.pl\/#\/schema\/person\/image\/\",\"url\":\"https:\/\/gaudiumetspes-blog.pl\/wp-content\/uploads\/2019\/07\/avatar-JJ-150x150.jpg\",\"contentUrl\":\"https:\/\/gaudiumetspes-blog.pl\/wp-content\/uploads\/2019\/07\/avatar-JJ-150x150.jpg\",\"caption\":\"Ks. Jacek\"},\"description\":\"Witam serdecznie! K\u0142ania si\u0119 Ks. Jacek Ja\u015bkowski. Nie jestem ani kim\u015b wa\u017cnym, ani kim\u015b znanym. Jestem ksi\u0119dzem, kt\u00f3ry po prostu chce rozmawia\u0107. Codzienna kap\u0142a\u0144ska pos\u0142uga pokazuje mi, \u017ce temat\u00f3w do rozm\u00f3w z ksi\u0119dzem jest coraz wi\u0119cej i dzisiaj \u017caden ksi\u0105dz nie mo\u017ce od nich ucieka\u0107, ale - wprost przeciwnie - podejmowa\u0107 nowe wyzwania. To przekonanie sk\u0142oni\u0142o mnie do pr\u00f3by otwarcia tego\u017c bloga, chocia\u017c okazji do rozm\u00f3w na co dzie\u0144 - w konfesjonale i poza nim - na szcz\u0119\u015bcie nie brakuje. My\u015bl\u0119 jednak, \u017ce ten blog b\u0119dzie jeszcze jednym sposobem i przestrzeni\u0105 nawi\u0105zania kontaktu z lud\u017ami dobrej woli, otwartymi na dialog.\",\"url\":\"https:\/\/gaudiumetspes-blog.pl\/index.php\/author\/ks-jacek\/\"}]}<\/script>\n<!-- \/ Yoast SEO plugin. -->","yoast_head_json":{"title":"Kt\u00f3rzy zaprowadzaj\u0105 pok\u00f3j... - Gaudium Et Spes","robots":{"index":"index","follow":"follow","max-snippet":"max-snippet:-1","max-image-preview":"max-image-preview:large","max-video-preview":"max-video-preview:-1"},"canonical":"https:\/\/gaudiumetspes-blog.pl\/index.php\/2024\/09\/22\/ktorzy-zaprowadzaja-pokoj\/","og_locale":"pl_PL","og_type":"article","og_title":"Kt\u00f3rzy zaprowadzaj\u0105 pok\u00f3j... - Gaudium Et Spes","og_description":"Niech b\u0119dzie pochwalony Jezus Chrystus! Moi Drodzy, w pi\u0105tek urodziny prze\u017cywa\u0142 Sebastian Gruszczy\u0144ski, za moich czas\u00f3w \u2013 Lektor w Parafii w Miastkowie Ko\u015bcielnym. Natomiast wczoraj rocznic\u0119 zawarcia sakramentalnego Ma\u0142\u017ce\u0144stwa prze\u017cywali Katarzyna i Grzegorz Pa\u0142ysowie, dobrzy i \u017cyczliwi Ludzie z Parafii w Miastkowie Ko\u015bcielnym. A dzisiaj imieniny prze\u017cywa Ksi\u0105dz Tomasz Oponowicz \u2013 Kap\u0142an z naszej Diecezji. [&hellip;]","og_url":"https:\/\/gaudiumetspes-blog.pl\/index.php\/2024\/09\/22\/ktorzy-zaprowadzaja-pokoj\/","og_site_name":"Gaudium Et Spes","article_published_time":"2024-09-21T22:23:44+00:00","author":"Ks. Jacek","twitter_card":"summary_large_image","twitter_misc":{"Napisane przez":"Ks. Jacek","Szacowany czas czytania":"16 minut"},"schema":{"@context":"https:\/\/schema.org","@graph":[{"@type":"WebPage","@id":"https:\/\/gaudiumetspes-blog.pl\/index.php\/2024\/09\/22\/ktorzy-zaprowadzaja-pokoj\/","url":"https:\/\/gaudiumetspes-blog.pl\/index.php\/2024\/09\/22\/ktorzy-zaprowadzaja-pokoj\/","name":"Kt\u00f3rzy zaprowadzaj\u0105 pok\u00f3j... - Gaudium Et Spes","isPartOf":{"@id":"https:\/\/gaudiumetspes-blog.pl\/#website"},"datePublished":"2024-09-21T22:23:44+00:00","author":{"@id":"https:\/\/gaudiumetspes-blog.pl\/#\/schema\/person\/1661982992b752dea8dff0d4ed845a65"},"breadcrumb":{"@id":"https:\/\/gaudiumetspes-blog.pl\/index.php\/2024\/09\/22\/ktorzy-zaprowadzaja-pokoj\/#breadcrumb"},"inLanguage":"pl-PL","potentialAction":[{"@type":"ReadAction","target":["https:\/\/gaudiumetspes-blog.pl\/index.php\/2024\/09\/22\/ktorzy-zaprowadzaja-pokoj\/"]}]},{"@type":"BreadcrumbList","@id":"https:\/\/gaudiumetspes-blog.pl\/index.php\/2024\/09\/22\/ktorzy-zaprowadzaja-pokoj\/#breadcrumb","itemListElement":[{"@type":"ListItem","position":1,"name":"Strona g\u0142\u00f3wna","item":"https:\/\/gaudiumetspes-blog.pl\/"},{"@type":"ListItem","position":2,"name":"Kt\u00f3rzy&nbsp;zaprowadzaj\u0105 pok\u00f3j&#8230;"}]},{"@type":"WebSite","@id":"https:\/\/gaudiumetspes-blog.pl\/#website","url":"https:\/\/gaudiumetspes-blog.pl\/","name":"Gaudium Et Spes","description":"Blog Ks. Jacka Ja\u015bkowskiego","potentialAction":[{"@type":"SearchAction","target":{"@type":"EntryPoint","urlTemplate":"https:\/\/gaudiumetspes-blog.pl\/?s={search_term_string}"},"query-input":{"@type":"PropertyValueSpecification","valueRequired":true,"valueName":"search_term_string"}}],"inLanguage":"pl-PL"},{"@type":"Person","@id":"https:\/\/gaudiumetspes-blog.pl\/#\/schema\/person\/1661982992b752dea8dff0d4ed845a65","name":"Ks. Jacek","image":{"@type":"ImageObject","inLanguage":"pl-PL","@id":"https:\/\/gaudiumetspes-blog.pl\/#\/schema\/person\/image\/","url":"https:\/\/gaudiumetspes-blog.pl\/wp-content\/uploads\/2019\/07\/avatar-JJ-150x150.jpg","contentUrl":"https:\/\/gaudiumetspes-blog.pl\/wp-content\/uploads\/2019\/07\/avatar-JJ-150x150.jpg","caption":"Ks. Jacek"},"description":"Witam serdecznie! K\u0142ania si\u0119 Ks. Jacek Ja\u015bkowski. Nie jestem ani kim\u015b wa\u017cnym, ani kim\u015b znanym. Jestem ksi\u0119dzem, kt\u00f3ry po prostu chce rozmawia\u0107. Codzienna kap\u0142a\u0144ska pos\u0142uga pokazuje mi, \u017ce temat\u00f3w do rozm\u00f3w z ksi\u0119dzem jest coraz wi\u0119cej i dzisiaj \u017caden ksi\u0105dz nie mo\u017ce od nich ucieka\u0107, ale - wprost przeciwnie - podejmowa\u0107 nowe wyzwania. To przekonanie sk\u0142oni\u0142o mnie do pr\u00f3by otwarcia tego\u017c bloga, chocia\u017c okazji do rozm\u00f3w na co dzie\u0144 - w konfesjonale i poza nim - na szcz\u0119\u015bcie nie brakuje. My\u015bl\u0119 jednak, \u017ce ten blog b\u0119dzie jeszcze jednym sposobem i przestrzeni\u0105 nawi\u0105zania kontaktu z lud\u017ami dobrej woli, otwartymi na dialog.","url":"https:\/\/gaudiumetspes-blog.pl\/index.php\/author\/ks-jacek\/"}]}},"jetpack_featured_media_url":"","jetpack_sharing_enabled":true,"_links":{"self":[{"href":"https:\/\/gaudiumetspes-blog.pl\/index.php\/wp-json\/wp\/v2\/posts\/22913","targetHints":{"allow":["GET"]}}],"collection":[{"href":"https:\/\/gaudiumetspes-blog.pl\/index.php\/wp-json\/wp\/v2\/posts"}],"about":[{"href":"https:\/\/gaudiumetspes-blog.pl\/index.php\/wp-json\/wp\/v2\/types\/post"}],"author":[{"embeddable":true,"href":"https:\/\/gaudiumetspes-blog.pl\/index.php\/wp-json\/wp\/v2\/users\/1"}],"replies":[{"embeddable":true,"href":"https:\/\/gaudiumetspes-blog.pl\/index.php\/wp-json\/wp\/v2\/comments?post=22913"}],"version-history":[{"count":1,"href":"https:\/\/gaudiumetspes-blog.pl\/index.php\/wp-json\/wp\/v2\/posts\/22913\/revisions"}],"predecessor-version":[{"id":22914,"href":"https:\/\/gaudiumetspes-blog.pl\/index.php\/wp-json\/wp\/v2\/posts\/22913\/revisions\/22914"}],"wp:attachment":[{"href":"https:\/\/gaudiumetspes-blog.pl\/index.php\/wp-json\/wp\/v2\/media?parent=22913"}],"wp:term":[{"taxonomy":"category","embeddable":true,"href":"https:\/\/gaudiumetspes-blog.pl\/index.php\/wp-json\/wp\/v2\/categories?post=22913"},{"taxonomy":"post_tag","embeddable":true,"href":"https:\/\/gaudiumetspes-blog.pl\/index.php\/wp-json\/wp\/v2\/tags?post=22913"}],"curies":[{"name":"wp","href":"https:\/\/api.w.org\/{rel}","templated":true}]}}