{"id":22967,"date":"2024-10-08T11:09:12","date_gmt":"2024-10-08T09:09:12","guid":{"rendered":"https:\/\/gaudiumetspes-blog.pl\/?p=22967"},"modified":"2024-10-08T11:09:12","modified_gmt":"2024-10-08T09:09:12","slug":"rozwiazania-najprostsze","status":"publish","type":"post","link":"https:\/\/gaudiumetspes-blog.pl\/index.php\/2024\/10\/08\/rozwiazania-najprostsze\/","title":{"rendered":"Rozwi\u0105zania najprostsze&#8230;"},"content":{"rendered":"<p align=\"justify\"><span style=\"color: #000000;\"><span style=\"font-family: Book Antiqua, serif;\"><span style=\"font-size: large;\">Szcz\u0119\u015b\u0107 Bo\u017ce! Drodzy moi, w dniu dzisiejszym urodziny prze\u017cywa Anna Mazur, nale\u017c\u0105ca w swoim czasie do Wsp\u00f3lnoty m\u0142odzie\u017cowej w Wojcieszkowie. Ca\u0142ym sercem \u017cycz\u0119 wszelkiego dobra, zapewniaj\u0105c o modlitwie!<\/span><\/span><\/span><\/p>\n<p align=\"justify\"><span style=\"color: #000000;\"><span style=\"font-family: Book Antiqua, serif;\"><span style=\"font-size: large;\">I znowu p\u00f3\u017ano wysz\u0142o to rozwa\u017canie\u2026 Ale ju\u017c o 8:00 by\u0142em na Uczelni, na spotkaniu ze Studentami pierwszego roku Wydzia\u0142u Nauk Medycznych i Nauk o Zdrowiu, aby zaprosi\u0107 Ich do Duszpasterstwa Akademickiego. Potem jeszcze kilka spotka\u0144 i kilka telefon\u00f3w. Zamieszczam, b\u0119d\u0105c ju\u017c na dy\u017curze duszpasterskim, kt\u00f3ry dzisiaj \u2013 od godziny 10:00 do 15:00 \u2013 mam w gmachu przy ulicy Prusa. <\/span><\/span><\/span><\/p>\n<p align=\"justify\"><span style=\"color: #000000;\"><span style=\"font-family: Book Antiqua, serif;\"><span style=\"font-size: large;\">Natomiast o 18:00 planuj\u0119 odprawi\u0107 Msz\u0119 \u015awi\u0119t\u0105 gregoria\u0144sk\u0105 w mojej rodzinnej Parafii \u2013 Sanktuarium Bo\u017cego Mi\u0142osierdzia w Bia\u0142ej Podlaskiej.<\/span><\/span><\/span><\/p>\n<p align=\"justify\"><span style=\"color: #000000;\"><span style=\"font-family: Book Antiqua, serif;\"><span style=\"font-size: large;\">Dzi\u0119kuj\u0119 Panu naszemu za pi\u0119kne i pe\u0142ne chrze\u015bcija\u0144skiej nadziei prze\u017cycia, zwi\u0105zane z pogrzebem Pani Zofii Polak, Mamy Ksi\u0119dza Andrzeja, Proboszcza Parafii Leopold\u00f3w, mojego pierwszego Superiora w Seminarium. Ogromnie ciesz\u0119 si\u0119, \u017ce w tej uroczysto\u015bci wzi\u0119li udzia\u0142 Lektorzy z Leopoldowa \u2013 Cz\u0142onkowie Wsp\u00f3lnoty SPE SALVI. To pi\u0119kne \u015bwiadectwo blisko\u015bci serca i solidarno\u015bci ze swoim Proboszczem, w tej trudnej chwili.<\/span><\/span><\/span><\/p>\n<p align=\"justify\"><span style=\"color: #000000;\"><span style=\"font-family: Book Antiqua, serif;\"><span style=\"font-size: large;\">Potem za\u015b \u2013 odwiedzi\u0142 mnie Norbert \u0141\u0105czy\u0144ski, kolejny Cz\u0142onek rzeczonej Wsp\u00f3lnoty. Dzi\u0119kuj\u0119 Mu za fantastyczn\u0105 rozmow\u0119!<\/span><\/span><\/span><\/p>\n<p align=\"justify\"><span style=\"color: #000000;\"><span style=\"font-family: Book Antiqua, serif;\"><span style=\"font-size: large;\">A teraz ju\u017c zapraszam do pochylenia si\u0119 nad Bo\u017cym s\u0142owem dzisiejszej liturgii. Oto s\u0142\u00f3wko Ksi\u0119dza Marka na dzi\u015b:<\/span><\/span><\/span><\/p>\n<p align=\"justify\"><span style=\"color: #000000;\"><span style=\"font-family: Book Antiqua, serif;\"><span style=\"font-size: medium;\"><a href=\"https:\/\/www.youtube.com\/c\/CatholicSurgut\"><span style=\"font-size: large;\"><span lang=\"zxx\"><u><b>https:\/\/www.youtube.com\/c\/CatholicSurgut<\/b><\/u><\/span><\/span><\/a><\/span><\/span><\/span><\/p>\n<p align=\"justify\"><span style=\"color: #000000;\"><span style=\"font-family: Book Antiqua, serif;\"><span style=\"font-size: large;\"><span lang=\"zxx\">Zatem, z pomoc\u0105 Ducha \u015awi\u0119tego poszukajmy<\/span> <b>tej jednej, konkretnej my\u015bli, tego konkretnego przes\u0142ania, z jakim Pan dzisiaj do mnie osobi\u015bcie si\u0119 zwraca.<\/b><\/span><\/span><\/span><\/p>\n<p align=\"justify\"><span style=\"color: #000000;\"><span style=\"font-family: Book Antiqua, serif;\"><span style=\"font-size: large;\"><b>Niech Was b\u0142ogos\u0142awi B\u00f3g Wszechmog\u0105cy: Ojciec + i Syn, i Duch \u015awi\u0119ty. Amen<\/b><\/span><\/span><\/span><\/p>\n<p align=\"center\"><span style=\"color: #000000;\"><span style=\"font-family: Book Antiqua, serif;\"><span style=\"font-size: large;\">Gaudium et spes! Ks. Jacek<\/span><\/span><\/span><\/p>\n<p align=\"center\">\n<p align=\"center\">\n<p align=\"center\">\n<p align=\"center\">\n<p align=\"center\">\n<p align=\"justify\"><span style=\"color: #000000;\"><span style=\"font-family: Book Antiqua, serif;\"><span style=\"font-size: large;\"><b>Wtorek 27 Tygodnia zwyk\u0142ego, rok II,<\/b><\/span><\/span><\/span><\/p>\n<p align=\"justify\"><span style=\"color: #000000;\"><span style=\"font-family: Book Antiqua, serif;\"><span style=\"font-size: large;\"><b>8 pa\u017adziernika 2024.,\u00a0<\/b><\/span><\/span><\/span><\/p>\n<p align=\"justify\"><span style=\"color: #000000;\"><span style=\"font-family: Book Antiqua, serif;\"><span style=\"font-size: large;\"><b>do czyta\u0144: Ga 1,13\u201324; \u0141k 10,38\u201342<\/b><\/span><\/span><\/span><\/p>\n<p align=\"justify\">\n<p align=\"justify\">\n<p align=\"justify\">\n<p align=\"justify\">\n<p align=\"justify\">\n<p align=\"justify\"><span style=\"font-family: Book Antiqua, serif;\"><strong><span style=\"color: #000000;\"><span style=\"font-size: large;\"><b>CZYTANIE Z LISTU \u015aWI\u0118TEGO PAW\u0141A APOSTO\u0141A DO GALAT\u00d3W:<\/b><\/span><\/span><\/strong><\/span><\/p>\n<p align=\"justify\"><span style=\"color: #000000;\"><span style=\"font-family: Book Antiqua, serif;\"><span style=\"font-size: large;\"><b>Bracia: S\u0142yszeli\u015bcie o moim post\u0119powaniu ongi\u015b, gdy jeszcze wyznawa\u0142em judaizm, jak z niezwyk\u0142\u0105 gorliwo\u015bci\u0105 zwalcza\u0142em Ko\u015bci\u00f3\u0142 Bo\u017cy i usi\u0142owa\u0142em go zniszczy\u0107, jak w \u017carliwo\u015bci o judaizm przewy\u017csza\u0142em wielu moich r\u00f3wie\u015bnik\u00f3w z mego narodu, jak by\u0142em szczeg\u00f3lnie wielkim zapale\u0144cem w zachowywaniu tradycji moich przodk\u00f3w.<\/b><\/span><\/span><\/span><\/p>\n<p align=\"justify\"><span style=\"color: #000000;\"><span style=\"font-family: Book Antiqua, serif;\"><span style=\"font-size: large;\"><b>Gdy jednak spodoba\u0142o si\u0119 Temu, kt\u00f3ry wybra\u0142 mnie jeszcze w \u0142onie matki mojej i powo\u0142a\u0142 \u0142ask\u0105 swoj\u0105, aby objawi\u0107 Syna swego we mnie, bym Ewangeli\u0119 o Nim g\u0142osi\u0142 poganom, natychmiast, nie radz\u0105c si\u0119 cia\u0142a i krwi ani nie udaj\u0105c si\u0119 do Jerozolimy, do tych, kt\u00f3rzy aposto\u0142ami stali si\u0119 pierwej ni\u017c ja, skierowa\u0142em si\u0119 do Arabii, a p\u00f3\u017aniej znowu wr\u00f3ci\u0142em do Damaszku. Nast\u0119pnie, trzy lata p\u00f3\u017aniej, uda\u0142em si\u0119 do Jerozolimy dla zapoznania si\u0119 z Kefasem, zatrzymuj\u0105c si\u0119 u niego tylko pi\u0119tna\u015bcie dni. Spo\u015br\u00f3d za\u015b innych, kt\u00f3rzy nale\u017c\u0105 do grona aposto\u0142\u00f3w, widzia\u0142em jedynie Jakuba, brata Pa\u0144skiego. A B\u00f3g jest mi \u015bwiadkiem, \u017ce w tym, co tu do was pisz\u0119, nie k\u0142ami\u0119.<\/b><\/span><\/span><\/span><\/p>\n<p align=\"justify\"><span style=\"color: #000000;\"><span style=\"font-family: Book Antiqua, serif;\"><span style=\"font-size: large;\"><b>Potem uda\u0142em si\u0119 do krain Syrii i Cylicji. Ko\u015bcio\u0142om za\u015b chrze\u015bcija\u0144skim w Judei pozostawa\u0142em osobi\u015bcie nie znany. Dociera\u0142a do nich jedynie wie\u015b\u0107: ten, co dawniej nas prze\u015bladowa\u0142, teraz jako Dobr\u0105 Nowin\u0119 g\u0142osi wiar\u0119, kt\u00f3r\u0105 ongi\u015b usi\u0142owa\u0142 wyt\u0119pi\u0107. I wielbili Boga z mego powodu.<\/b><\/span><\/span><\/span><\/p>\n<p align=\"justify\">\n<p align=\"justify\">\n<p align=\"justify\">\n<p align=\"justify\">\n<p align=\"justify\">\n<p align=\"justify\"><span style=\"font-family: Book Antiqua, serif;\"><strong><span style=\"color: #000000;\"><span style=\"font-size: large;\"><b>S\u0141OWA EWANGELII WED\u0141UG \u015aWI\u0118TEGO \u0141UKASZA:<\/b><\/span><\/span><\/strong><\/span><\/p>\n<p align=\"justify\"><span style=\"color: #000000;\"><span style=\"font-family: Book Antiqua, serif;\"><span style=\"font-size: large;\"><b>Jezus przyszed\u0142 do jednej wsi. Tam pewna niewiasta, imieniem Marta, przyj\u0119\u0142a Go do swego domu. Mia\u0142a ona siostr\u0119, imieniem Maria, kt\u00f3ra siad\u0142a u n\u00f3g Pana i przys\u0142uchiwa\u0142a si\u0119 Jego mowie.<\/b><\/span><\/span><\/span><\/p>\n<p align=\"justify\"><span style=\"color: #000000;\"><span style=\"font-family: Book Antiqua, serif;\"><span style=\"font-size: large;\"><b>Natomiast Marta uwija\u0142a si\u0119 ko\u0142o rozmaitych pos\u0142ug. Przyst\u0105pi\u0142a wi\u0119c do Niego i rzek\u0142a: \u201ePanie, czy Ci to oboj\u0119tne, \u017ce moja siostra zostawi\u0142a mnie sam\u0105 przy us\u0142ugiwaniu? Powiedz jej, \u017ceby mi pomog\u0142a\u201d.<\/b><\/span><\/span><\/span><\/p>\n<p align=\"justify\"><span style=\"color: #000000;\"><span style=\"font-family: Book Antiqua, serif;\"><span style=\"font-size: large;\"><b>A Pan jej odpowiedzia\u0142: \u201eMarto, Marto, troszczysz si\u0119 i niepokoisz o wiele, a potrzeba ma\u0142o albo tylko jednego. Maria obra\u0142a najlepsz\u0105 cz\u0105stk\u0119, kt\u00f3rej nie b\u0119dzie pozbawiona\u201d.<\/b><\/span><\/span><\/span><\/p>\n<p align=\"justify\">\n<p align=\"justify\">\n<p align=\"justify\">\n<p align=\"justify\">\n<p align=\"justify\">\n<p align=\"justify\"><span style=\"color: #000000;\"><span style=\"font-family: Book Antiqua, serif;\"><span style=\"font-size: large;\">Chyba nic tak nie przemawia do przekonania tych, kt\u00f3rych chcemy do czego\u015b przekona\u0107, jak <b>si\u0142a w\u0142asnego \u015bwiadectwa. <\/b>Z pewno\u015bci\u0105, o tym my\u015bla\u0142 Pawe\u0142, kiedy pisa\u0142 do Galat\u00f3w te oto s\u0142owa: <i><b>S\u0142yszeli\u015bcie o moim post\u0119powaniu ongi\u015b, gdy jeszcze wyznawa\u0142em judaizm, jak z niezwyk\u0142\u0105 gorliwo\u015bci\u0105 zwalcza\u0142em Ko\u015bci\u00f3\u0142 Bo\u017cy i usi\u0142owa\u0142em go zniszczy\u0107, jak w \u017carliwo\u015bci o judaizm przewy\u017csza\u0142em wielu moich r\u00f3wie\u015bnik\u00f3w z mego narodu, jak by\u0142em szczeg\u00f3lnie wielkim zapale\u0144cem w zachowywaniu tradycji moich przodk\u00f3w. <\/b><\/i><\/span><\/span><\/span><\/p>\n<p align=\"justify\"><span style=\"color: #000000;\"><span style=\"font-family: Book Antiqua, serif;\"><span style=\"font-size: large;\">Z ca\u0142\u0105 pewno\u015bci\u0105, wszyscy o tym s\u0142yszeli \u2013 wszyscy cz\u0142onkowie Wsp\u00f3lnoty m\u0142odego Ko\u015bcio\u0142a \u2013 nie tylko Galaci. <b>Ale c\u00f3\u017c si\u0119 takiego sta\u0142o, <\/b>\u017ce o tym etapie swego \u017cycia Pawe\u0142 m\u00f3g\u0142 pisa\u0107 w czasie przesz\u0142ym, bo teraz ju\u017c by\u0142a inna sytuacja? A w\u0142a\u015bnie to, o czym pisze dalej: <i><b>Gdy jednak spodoba\u0142o si\u0119 Temu, kt\u00f3ry wybra\u0142 mnie jeszcze w \u0142onie matki mojej i powo\u0142a\u0142 \u0142ask\u0105 swoj\u0105, aby objawi\u0107 Syna swego we mnie, bym Ewangeli\u0119 o Nim g\u0142osi\u0142 poganom, natychmiast,<\/b><\/i><b> <\/b><i><b>nie radz\u0105c si\u0119 cia\u0142a i krwi ani nie udaj\u0105c si\u0119 do Jerozolimy, do tych, kt\u00f3rzy aposto\u0142ami stali si\u0119 pierwej ni\u017c ja, skierowa\u0142em si\u0119 do Arabii, a p\u00f3\u017aniej znowu wr\u00f3ci\u0142em do Damaszku.<\/b><\/i><b> <\/b><\/span><\/span><\/span><\/p>\n<p align=\"justify\"><span style=\"color: #000000;\"><span style=\"font-family: Book Antiqua, serif;\"><span style=\"font-size: large;\">Po czym nast\u0119puje dalszy opis owego wst\u0119pnego etapu jego dzia\u0142alno\u015bci. Swoj\u0105 drog\u0105, to my dobrze wiemy, <b>w jaki to spos\u00f3b \u00abspodoba\u0142o si\u0119 Temu, kt\u00f3ry wybra\u0142 Paw\u0142a\u00bb<\/b> \u2013 zakomunikowa\u0107 mu o tym, \u017ce zmieni spos\u00f3b \u017cycia. Wiemy, co wydarzy\u0142o si\u0119 pod bramami Damaszku. Ale wiemy te\u017c, <b>ile po\u017cytku mia\u0142 \u2013 i do dzisiaj ma \u2013 Ko\u015bci\u00f3\u0142 \u015awi\u0119ty <\/b>dzi\u0119ki tej przemianie. <\/span><\/span><\/span><\/p>\n<p align=\"justify\"><span style=\"color: #000000;\"><span style=\"font-family: Book Antiqua, serif;\"><span style=\"font-size: large;\">Natomiast to, co chcemy tu dzisiaj podkre\u015bli\u0107, to <b>fakt szczero\u015bci i otwarto\u015bci Paw\u0142a,<\/b> gdy idzie o ten \u201eprzesz\u0142y\u201d etap jego \u017cycia. <b>On nigdy nie ukrywa\u0142 prawdy o sobie!<\/b> Chocia\u017c naucza\u0142 z wielk\u0105 moc\u0105, nie szcz\u0119dz\u0105c nawet s\u0142\u00f3w surowego upomnienia, kierowanego do uczni\u00f3w, a nawet do samego Piotra Aposto\u0142a \u2013 i to publicznie \u2013 to jednak <b>nigdy nie udawa\u0142, \u017ce jest kim\u015b innym, ni\u017c jest<\/b> i \u017ce zawsze by\u0142 taki idealny! <\/span><\/span><\/span><\/p>\n<p align=\"justify\"><span style=\"color: #000000;\"><span style=\"font-family: Book Antiqua, serif;\"><span style=\"font-size: large;\">Nie, on zawsze podkre\u015bla\u0142 <b>swoj\u0105 s\u0142abo\u015b\u0107 i grzeszno\u015b\u0107 <\/b>\u2013 i przy ka\u017cdej mo\u017cliwej okazji podkre\u015bla\u0142, \u017ce by\u0142 taki czas w jego \u017cyciu, <b>kiedy prze\u015bladowa\u0142 Ko\u015bci\u00f3\u0142 Bo\u017cy; <\/b>kiedy gn\u0119bi\u0142, a wr\u0119cz zabija\u0142 chrze\u015bcijan. Jednak Pan z tej drogi go zawr\u00f3ci\u0142 \u2013 i teraz, dzi\u0119ki temu, Pawe\u0142 <b>mo\u017ce czyni\u0107 tyle dobra. <\/b>Ju\u017c jako Aposto\u0142. <\/span><\/span><\/span><\/p>\n<p align=\"justify\"><span style=\"color: #000000;\"><span style=\"font-family: Book Antiqua, serif;\"><span style=\"font-size: large;\">I chyba mo\u017cemy powiedzie\u0107, \u017ce w\u0142a\u015bnie <b>ta szczero\u015b\u0107 jest jego najwi\u0119kszym atutem<\/b> \u2013 i argumentem potwierdzaj\u0105cym prawdziwo\u015b\u0107 g\u0142oszonej nauki. Paradoksalnie bowiem \u2013 gdyby chcia\u0142 si\u0119 wybiela\u0107 na ka\u017cdym kroku, ukrywa\u0107 swoj\u0105 przesz\u0142o\u015b\u0107 i udawa\u0107 kogo\u015b innego, ni\u017c jest \u2013 <b>tylko straci\u0142by wiarygodno\u015b\u0107.<\/b> Tak, jak wielu obecnych polityk\u00f3w czy celebryt\u00f3w, kt\u00f3rzy maj\u0105 za sob\u0105 <b>\u201eszemran\u0105\u201d przesz\u0142o\u015b\u0107, <\/b>ale z uporem, godnym lepszej sprawy, <b>przekonuj\u0105 \u015bwiat, \u017ce nic takiego nie by\u0142o; <\/b>albo k\u0142ami\u0105 lub wygaduj\u0105 piramidalne bzdury, po czym przekonuj\u0105 \u015bwiat, \u017ce <b>nic takiego nie powiedzieli!<\/b> <\/span><\/span><\/span><\/p>\n<p align=\"justify\"><span style=\"color: #000000;\"><span style=\"font-family: Book Antiqua, serif;\"><span style=\"font-size: large;\">A je\u015bli nawet wszyscy m\u00f3wi\u0105 im prosto w oczy, \u017ce s\u0142yszeli z ich ust to, co s\u0142yszeli, to oni gotowi s\u0105 oczy wr\u0119cz wydrapa\u0107, przekonuj\u0105c,<b> \u017ce nic takiego nie powiedzieli,<\/b> a wszystkim wok\u00f3\u0142 si\u0119 jedynie wydawa\u0142o. I brn\u0105 coraz bardziej \u2013 w g\u0142upot\u0119 i absurd. Tymczasem, <b>gdyby zastosowali \u015brodki najprostsze<\/b> \u2013 osi\u0105gn\u0119liby skutek najlepszy. <\/span><\/span><\/span><\/p>\n<p align=\"justify\"><span style=\"color: #000000;\"><span style=\"font-family: Book Antiqua, serif;\"><span style=\"font-size: large;\">A najprostszym \u015brodkiem w tej sytuacji <b>jest po prostu prawda.<\/b> Przyzna\u0107 si\u0119 do tego, co by\u0142o i kim si\u0119 by\u0142o \u2013 z jednoczesnym pokazaniem, <b>jaka przemiana, dzi\u0119ki Bogu, si\u0119 dokona\u0142a. <\/b>O ile si\u0119 oczywi\u015bcie dokona\u0142a. I nic wi\u0119cej! <\/span><\/span><\/span><\/p>\n<p align=\"justify\"><span style=\"color: #000000;\"><span style=\"font-family: Book Antiqua, serif;\"><span style=\"font-size: large;\">Tak, jak Maria z dzisiejszej Ewangelii, kt\u00f3ra zosta\u0142a pochwalona za to, \u017ce usiad\u0142a u st\u00f3p Jezusa i s\u0142ucha\u0142a Go, kiedy jej siostra <i><b>uwija\u0142a si\u0119 ko\u0142o rozmaitych pos\u0142ug. <\/b><\/i>I to w\u0142a\u015bnie do owej zatroskanej i krz\u0105taj\u0105cej si\u0119 Marty Jezus powiedzia\u0142: <i><b>Marto, Marto, troszczysz si\u0119 i niepokoisz o wiele, a potrzeba ma\u0142o albo tylko jednego. Maria obra\u0142a najlepsz\u0105 cz\u0105stk\u0119, kt\u00f3rej nie b\u0119dzie pozbawiona.<\/b><\/i><b> <\/b><\/span><\/span><\/span><\/p>\n<p align=\"justify\"><span style=\"color: #000000;\"><span style=\"font-family: Book Antiqua, serif;\"><span style=\"font-size: large;\">Z pewno\u015bci\u0105, z ca\u0142\u0105 moc\u0105 mo\u017cemy powiedzie\u0107, \u017ce Jezus <b>nie skrytykowa\u0142 w ten spos\u00f3b zachowania Marty<\/b> \u2013 wszak z jej go\u015bcinno\u015bci korzysta\u0142 i na pewno zasiad\u0142 do sto\u0142u, aby pocz\u0119stowa\u0107 si\u0119 tym w\u0142a\u015bnie, co Marta na tym stole tego dnia postawi\u0142a. <\/span><\/span><\/span><\/p>\n<p align=\"justify\"><span style=\"color: #000000;\"><span style=\"font-family: Book Antiqua, serif;\"><span style=\"font-size: large;\">Natomiast chcia\u0142 i Marcie, i Marii, i ka\u017cdemu i ka\u017cdej z nas jasno powiedzie\u0107, \u017ce w codziennym dzia\u0142aniu \u2013 a ju\u017c szczeg\u00f3lnie: przy rozwi\u0105zywaniu r\u00f3\u017cnych problem\u00f3w \u2013 <b>najlepiej zaczyna\u0107 od rozwi\u0105za\u0144 najprostszych z mo\u017cliwych.<\/b> I \u2013 koniecznie \u2013 takich, <b>w kt\u00f3rych On sam, Jezus, jest obecny<\/b> lub ma co\u015b do powiedzenia. Czyli \u017ceby sobie <b>\u017cycia nie komplikowa\u0107<\/b> nadmiernym \u2013 czy w og\u00f3le: jakimkolwiek \u2013 kombinowaniem, ukrywaniem czegokolwiek, kr\u0119ceniem, manipulowaniem faktami, tylko <b>postawi\u0107 na Jezusa, <\/b>a wraz z Nim i pod Jego kierunkiem: <b>na szczero\u015b\u0107 i bezpo\u015brednio\u015b\u0107.<\/b> Czyli \u2013 <strong>na rozwi\u0105zania najprostsze\u2026<\/strong><\/span><\/span><\/span><\/p>\n","protected":false},"excerpt":{"rendered":"<p>Szcz\u0119\u015b\u0107 Bo\u017ce! Drodzy moi, w dniu dzisiejszym urodziny prze\u017cywa Anna Mazur, nale\u017c\u0105ca w swoim czasie do Wsp\u00f3lnoty m\u0142odzie\u017cowej w Wojcieszkowie. Ca\u0142ym sercem \u017cycz\u0119 wszelkiego dobra, zapewniaj\u0105c o modlitwie! I znowu p\u00f3\u017ano wysz\u0142o to rozwa\u017canie\u2026 Ale ju\u017c o 8:00 by\u0142em na Uczelni, na spotkaniu ze Studentami pierwszego roku Wydzia\u0142u Nauk Medycznych i Nauk o Zdrowiu, aby [&hellip;]<\/p>\n","protected":false},"author":1,"featured_media":0,"comment_status":"open","ping_status":"open","sticky":false,"template":"","format":"standard","meta":{"jetpack_post_was_ever_published":false,"_jetpack_newsletter_access":"","_jetpack_dont_email_post_to_subs":false,"_jetpack_newsletter_tier_id":0,"_jetpack_memberships_contains_paywalled_content":false,"_jetpack_memberships_contains_paid_content":false,"footnotes":""},"categories":[1],"tags":[],"class_list":["post-22967","post","type-post","status-publish","format-standard","hentry","category-bez-kategorii"],"yoast_head":"<!-- This site is optimized with the Yoast SEO plugin v25.1 - https:\/\/yoast.com\/wordpress\/plugins\/seo\/ -->\n<title>Rozwi\u0105zania najprostsze... - Gaudium Et Spes<\/title>\n<meta name=\"robots\" content=\"index, follow, max-snippet:-1, max-image-preview:large, max-video-preview:-1\" \/>\n<link rel=\"canonical\" href=\"https:\/\/gaudiumetspes-blog.pl\/index.php\/2024\/10\/08\/rozwiazania-najprostsze\/\" \/>\n<meta property=\"og:locale\" content=\"pl_PL\" \/>\n<meta property=\"og:type\" content=\"article\" \/>\n<meta property=\"og:title\" content=\"Rozwi\u0105zania najprostsze... - Gaudium Et Spes\" \/>\n<meta property=\"og:description\" content=\"Szcz\u0119\u015b\u0107 Bo\u017ce! Drodzy moi, w dniu dzisiejszym urodziny prze\u017cywa Anna Mazur, nale\u017c\u0105ca w swoim czasie do Wsp\u00f3lnoty m\u0142odzie\u017cowej w Wojcieszkowie. Ca\u0142ym sercem \u017cycz\u0119 wszelkiego dobra, zapewniaj\u0105c o modlitwie! I znowu p\u00f3\u017ano wysz\u0142o to rozwa\u017canie\u2026 Ale ju\u017c o 8:00 by\u0142em na Uczelni, na spotkaniu ze Studentami pierwszego roku Wydzia\u0142u Nauk Medycznych i Nauk o Zdrowiu, aby [&hellip;]\" \/>\n<meta property=\"og:url\" content=\"https:\/\/gaudiumetspes-blog.pl\/index.php\/2024\/10\/08\/rozwiazania-najprostsze\/\" \/>\n<meta property=\"og:site_name\" content=\"Gaudium Et Spes\" \/>\n<meta property=\"article:published_time\" content=\"2024-10-08T09:09:12+00:00\" \/>\n<meta name=\"author\" content=\"Ks. Jacek\" \/>\n<meta name=\"twitter:card\" content=\"summary_large_image\" \/>\n<meta name=\"twitter:label1\" content=\"Napisane przez\" \/>\n\t<meta name=\"twitter:data1\" content=\"Ks. Jacek\" \/>\n\t<meta name=\"twitter:label2\" content=\"Szacowany czas czytania\" \/>\n\t<meta name=\"twitter:data2\" content=\"8 minut\" \/>\n<script type=\"application\/ld+json\" class=\"yoast-schema-graph\">{\"@context\":\"https:\/\/schema.org\",\"@graph\":[{\"@type\":\"WebPage\",\"@id\":\"https:\/\/gaudiumetspes-blog.pl\/index.php\/2024\/10\/08\/rozwiazania-najprostsze\/\",\"url\":\"https:\/\/gaudiumetspes-blog.pl\/index.php\/2024\/10\/08\/rozwiazania-najprostsze\/\",\"name\":\"Rozwi\u0105zania najprostsze... - Gaudium Et Spes\",\"isPartOf\":{\"@id\":\"https:\/\/gaudiumetspes-blog.pl\/#website\"},\"datePublished\":\"2024-10-08T09:09:12+00:00\",\"author\":{\"@id\":\"https:\/\/gaudiumetspes-blog.pl\/#\/schema\/person\/1661982992b752dea8dff0d4ed845a65\"},\"breadcrumb\":{\"@id\":\"https:\/\/gaudiumetspes-blog.pl\/index.php\/2024\/10\/08\/rozwiazania-najprostsze\/#breadcrumb\"},\"inLanguage\":\"pl-PL\",\"potentialAction\":[{\"@type\":\"ReadAction\",\"target\":[\"https:\/\/gaudiumetspes-blog.pl\/index.php\/2024\/10\/08\/rozwiazania-najprostsze\/\"]}]},{\"@type\":\"BreadcrumbList\",\"@id\":\"https:\/\/gaudiumetspes-blog.pl\/index.php\/2024\/10\/08\/rozwiazania-najprostsze\/#breadcrumb\",\"itemListElement\":[{\"@type\":\"ListItem\",\"position\":1,\"name\":\"Strona g\u0142\u00f3wna\",\"item\":\"https:\/\/gaudiumetspes-blog.pl\/\"},{\"@type\":\"ListItem\",\"position\":2,\"name\":\"Rozwi\u0105zania najprostsze&#8230;\"}]},{\"@type\":\"WebSite\",\"@id\":\"https:\/\/gaudiumetspes-blog.pl\/#website\",\"url\":\"https:\/\/gaudiumetspes-blog.pl\/\",\"name\":\"Gaudium Et Spes\",\"description\":\"Blog Ks. Jacka Ja\u015bkowskiego\",\"potentialAction\":[{\"@type\":\"SearchAction\",\"target\":{\"@type\":\"EntryPoint\",\"urlTemplate\":\"https:\/\/gaudiumetspes-blog.pl\/?s={search_term_string}\"},\"query-input\":{\"@type\":\"PropertyValueSpecification\",\"valueRequired\":true,\"valueName\":\"search_term_string\"}}],\"inLanguage\":\"pl-PL\"},{\"@type\":\"Person\",\"@id\":\"https:\/\/gaudiumetspes-blog.pl\/#\/schema\/person\/1661982992b752dea8dff0d4ed845a65\",\"name\":\"Ks. Jacek\",\"image\":{\"@type\":\"ImageObject\",\"inLanguage\":\"pl-PL\",\"@id\":\"https:\/\/gaudiumetspes-blog.pl\/#\/schema\/person\/image\/\",\"url\":\"https:\/\/gaudiumetspes-blog.pl\/wp-content\/uploads\/2019\/07\/avatar-JJ-150x150.jpg\",\"contentUrl\":\"https:\/\/gaudiumetspes-blog.pl\/wp-content\/uploads\/2019\/07\/avatar-JJ-150x150.jpg\",\"caption\":\"Ks. Jacek\"},\"description\":\"Witam serdecznie! K\u0142ania si\u0119 Ks. Jacek Ja\u015bkowski. Nie jestem ani kim\u015b wa\u017cnym, ani kim\u015b znanym. Jestem ksi\u0119dzem, kt\u00f3ry po prostu chce rozmawia\u0107. Codzienna kap\u0142a\u0144ska pos\u0142uga pokazuje mi, \u017ce temat\u00f3w do rozm\u00f3w z ksi\u0119dzem jest coraz wi\u0119cej i dzisiaj \u017caden ksi\u0105dz nie mo\u017ce od nich ucieka\u0107, ale - wprost przeciwnie - podejmowa\u0107 nowe wyzwania. To przekonanie sk\u0142oni\u0142o mnie do pr\u00f3by otwarcia tego\u017c bloga, chocia\u017c okazji do rozm\u00f3w na co dzie\u0144 - w konfesjonale i poza nim - na szcz\u0119\u015bcie nie brakuje. My\u015bl\u0119 jednak, \u017ce ten blog b\u0119dzie jeszcze jednym sposobem i przestrzeni\u0105 nawi\u0105zania kontaktu z lud\u017ami dobrej woli, otwartymi na dialog.\",\"url\":\"https:\/\/gaudiumetspes-blog.pl\/index.php\/author\/ks-jacek\/\"}]}<\/script>\n<!-- \/ Yoast SEO plugin. -->","yoast_head_json":{"title":"Rozwi\u0105zania najprostsze... - Gaudium Et Spes","robots":{"index":"index","follow":"follow","max-snippet":"max-snippet:-1","max-image-preview":"max-image-preview:large","max-video-preview":"max-video-preview:-1"},"canonical":"https:\/\/gaudiumetspes-blog.pl\/index.php\/2024\/10\/08\/rozwiazania-najprostsze\/","og_locale":"pl_PL","og_type":"article","og_title":"Rozwi\u0105zania najprostsze... - Gaudium Et Spes","og_description":"Szcz\u0119\u015b\u0107 Bo\u017ce! Drodzy moi, w dniu dzisiejszym urodziny prze\u017cywa Anna Mazur, nale\u017c\u0105ca w swoim czasie do Wsp\u00f3lnoty m\u0142odzie\u017cowej w Wojcieszkowie. Ca\u0142ym sercem \u017cycz\u0119 wszelkiego dobra, zapewniaj\u0105c o modlitwie! I znowu p\u00f3\u017ano wysz\u0142o to rozwa\u017canie\u2026 Ale ju\u017c o 8:00 by\u0142em na Uczelni, na spotkaniu ze Studentami pierwszego roku Wydzia\u0142u Nauk Medycznych i Nauk o Zdrowiu, aby [&hellip;]","og_url":"https:\/\/gaudiumetspes-blog.pl\/index.php\/2024\/10\/08\/rozwiazania-najprostsze\/","og_site_name":"Gaudium Et Spes","article_published_time":"2024-10-08T09:09:12+00:00","author":"Ks. Jacek","twitter_card":"summary_large_image","twitter_misc":{"Napisane przez":"Ks. Jacek","Szacowany czas czytania":"8 minut"},"schema":{"@context":"https:\/\/schema.org","@graph":[{"@type":"WebPage","@id":"https:\/\/gaudiumetspes-blog.pl\/index.php\/2024\/10\/08\/rozwiazania-najprostsze\/","url":"https:\/\/gaudiumetspes-blog.pl\/index.php\/2024\/10\/08\/rozwiazania-najprostsze\/","name":"Rozwi\u0105zania najprostsze... - Gaudium Et Spes","isPartOf":{"@id":"https:\/\/gaudiumetspes-blog.pl\/#website"},"datePublished":"2024-10-08T09:09:12+00:00","author":{"@id":"https:\/\/gaudiumetspes-blog.pl\/#\/schema\/person\/1661982992b752dea8dff0d4ed845a65"},"breadcrumb":{"@id":"https:\/\/gaudiumetspes-blog.pl\/index.php\/2024\/10\/08\/rozwiazania-najprostsze\/#breadcrumb"},"inLanguage":"pl-PL","potentialAction":[{"@type":"ReadAction","target":["https:\/\/gaudiumetspes-blog.pl\/index.php\/2024\/10\/08\/rozwiazania-najprostsze\/"]}]},{"@type":"BreadcrumbList","@id":"https:\/\/gaudiumetspes-blog.pl\/index.php\/2024\/10\/08\/rozwiazania-najprostsze\/#breadcrumb","itemListElement":[{"@type":"ListItem","position":1,"name":"Strona g\u0142\u00f3wna","item":"https:\/\/gaudiumetspes-blog.pl\/"},{"@type":"ListItem","position":2,"name":"Rozwi\u0105zania najprostsze&#8230;"}]},{"@type":"WebSite","@id":"https:\/\/gaudiumetspes-blog.pl\/#website","url":"https:\/\/gaudiumetspes-blog.pl\/","name":"Gaudium Et Spes","description":"Blog Ks. Jacka Ja\u015bkowskiego","potentialAction":[{"@type":"SearchAction","target":{"@type":"EntryPoint","urlTemplate":"https:\/\/gaudiumetspes-blog.pl\/?s={search_term_string}"},"query-input":{"@type":"PropertyValueSpecification","valueRequired":true,"valueName":"search_term_string"}}],"inLanguage":"pl-PL"},{"@type":"Person","@id":"https:\/\/gaudiumetspes-blog.pl\/#\/schema\/person\/1661982992b752dea8dff0d4ed845a65","name":"Ks. Jacek","image":{"@type":"ImageObject","inLanguage":"pl-PL","@id":"https:\/\/gaudiumetspes-blog.pl\/#\/schema\/person\/image\/","url":"https:\/\/gaudiumetspes-blog.pl\/wp-content\/uploads\/2019\/07\/avatar-JJ-150x150.jpg","contentUrl":"https:\/\/gaudiumetspes-blog.pl\/wp-content\/uploads\/2019\/07\/avatar-JJ-150x150.jpg","caption":"Ks. Jacek"},"description":"Witam serdecznie! K\u0142ania si\u0119 Ks. Jacek Ja\u015bkowski. Nie jestem ani kim\u015b wa\u017cnym, ani kim\u015b znanym. Jestem ksi\u0119dzem, kt\u00f3ry po prostu chce rozmawia\u0107. Codzienna kap\u0142a\u0144ska pos\u0142uga pokazuje mi, \u017ce temat\u00f3w do rozm\u00f3w z ksi\u0119dzem jest coraz wi\u0119cej i dzisiaj \u017caden ksi\u0105dz nie mo\u017ce od nich ucieka\u0107, ale - wprost przeciwnie - podejmowa\u0107 nowe wyzwania. To przekonanie sk\u0142oni\u0142o mnie do pr\u00f3by otwarcia tego\u017c bloga, chocia\u017c okazji do rozm\u00f3w na co dzie\u0144 - w konfesjonale i poza nim - na szcz\u0119\u015bcie nie brakuje. My\u015bl\u0119 jednak, \u017ce ten blog b\u0119dzie jeszcze jednym sposobem i przestrzeni\u0105 nawi\u0105zania kontaktu z lud\u017ami dobrej woli, otwartymi na dialog.","url":"https:\/\/gaudiumetspes-blog.pl\/index.php\/author\/ks-jacek\/"}]}},"jetpack_featured_media_url":"","jetpack_sharing_enabled":true,"_links":{"self":[{"href":"https:\/\/gaudiumetspes-blog.pl\/index.php\/wp-json\/wp\/v2\/posts\/22967","targetHints":{"allow":["GET"]}}],"collection":[{"href":"https:\/\/gaudiumetspes-blog.pl\/index.php\/wp-json\/wp\/v2\/posts"}],"about":[{"href":"https:\/\/gaudiumetspes-blog.pl\/index.php\/wp-json\/wp\/v2\/types\/post"}],"author":[{"embeddable":true,"href":"https:\/\/gaudiumetspes-blog.pl\/index.php\/wp-json\/wp\/v2\/users\/1"}],"replies":[{"embeddable":true,"href":"https:\/\/gaudiumetspes-blog.pl\/index.php\/wp-json\/wp\/v2\/comments?post=22967"}],"version-history":[{"count":1,"href":"https:\/\/gaudiumetspes-blog.pl\/index.php\/wp-json\/wp\/v2\/posts\/22967\/revisions"}],"predecessor-version":[{"id":22968,"href":"https:\/\/gaudiumetspes-blog.pl\/index.php\/wp-json\/wp\/v2\/posts\/22967\/revisions\/22968"}],"wp:attachment":[{"href":"https:\/\/gaudiumetspes-blog.pl\/index.php\/wp-json\/wp\/v2\/media?parent=22967"}],"wp:term":[{"taxonomy":"category","embeddable":true,"href":"https:\/\/gaudiumetspes-blog.pl\/index.php\/wp-json\/wp\/v2\/categories?post=22967"},{"taxonomy":"post_tag","embeddable":true,"href":"https:\/\/gaudiumetspes-blog.pl\/index.php\/wp-json\/wp\/v2\/tags?post=22967"}],"curies":[{"name":"wp","href":"https:\/\/api.w.org\/{rel}","templated":true}]}}