{"id":23039,"date":"2024-10-26T07:45:02","date_gmt":"2024-10-26T05:45:02","guid":{"rendered":"https:\/\/gaudiumetspes-blog.pl\/?p=23039"},"modified":"2024-10-26T07:45:02","modified_gmt":"2024-10-26T05:45:02","slug":"3-d","status":"publish","type":"post","link":"https:\/\/gaudiumetspes-blog.pl\/index.php\/2024\/10\/26\/3-d\/","title":{"rendered":"3 D"},"content":{"rendered":"<p align=\"justify\"><span style=\"color: #000000;\"><span style=\"font-family: Book Antiqua, serif;\"><span style=\"font-size: large;\">Szcz\u0119\u015b\u0107 Bo\u017ce! Moi Drodzy, w dniu wczorajszym <b>rocznic\u0119 zawarcia sakramentalnego Ma\u0142\u017ce\u0144stwa prze\u017cywali Anna i Kamil Nied\u017awiedzcy, a wi\u0119c moja Siostra i m\u00f3j Szwagier. Dzi\u0119kuj\u0105c Im za \u015bwiadectwo pi\u0119knie prze\u017cywanego \u017cycia ma\u0142\u017ce\u0144skiego i rodzinnego, ale te\u017c za tak\u0105 zwyczajn\u0105 przyja\u017a\u0144 i blisko\u015b\u0107, jak nas \u0142\u0105czy, \u017cycz\u0119 Im niez\u0142omno\u015bci i wytrwa\u0142o\u015bci w pod\u0105\u017caniu t\u0105 w\u0142a\u015bnie drog\u0105. <\/b><\/span><\/span><\/span><\/p>\n<p align=\"justify\"><span style=\"color: #000000;\"><span style=\"font-family: Book Antiqua, serif;\"><span style=\"font-size: large;\"><b>Oby zawsze \u2013 z dnia na dzie\u0144 \u2013 stawali si\u0119 coraz bardziej \u015bwi\u0119t\u0105 Rodzin\u0105, na wz\u00f3r tej z Nazaretu, odkrywaj\u0105c coraz bardziej pi\u0119kno i znaczenie ma\u0142\u017ce\u0144skiej przysi\u0119gi, kt\u00f3r\u0105 sobie z\u0142o\u017cyli, a kt\u00f3r\u0105 ka\u017cdego dnia staraj\u0105 si\u0119 realizowa\u0107. Niech pod natchnieniem Ducha \u015awi\u0119tego, odnajduj\u0105 codziennie nowe sposoby wype\u0142nienia tego przyrzeczenia. Niech Im Pan we wszystkim b\u0142ogos\u0142awi! <\/b><\/span><\/span><\/span><\/p>\n<p align=\"justify\"><span style=\"color: #000000;\"><span style=\"font-family: Book Antiqua, serif;\"><span style=\"font-size: large;\"><b>I niech ma w opiece tr\u00f3jk\u0119 Ich wspania\u0142ych Dzieci: Weronik\u0119, Emilk\u0119 i Tomka! Niech swoj\u0105 opiek\u0105 otoczy Ich Matka Bo\u017ca Kode\u0144ska, do kt\u00f3rej tak cz\u0119sto i tak ch\u0119tnie pielgrzymuj\u0105. Tam w\u0142a\u015bnie, w najbli\u017cszy poniedzia\u0142ek, odprawi\u0119 Msz\u0119 \u015awi\u0119t\u0105 w Ich intencji. A o modlitwie pami\u0119tam codziennie!<\/b><\/span><\/span><\/span><\/p>\n<p align=\"justify\"><span style=\"color: #000000;\"><span style=\"font-family: Book Antiqua, serif;\"><span style=\"font-size: large;\"><b>Wczoraj tak\u017ce imieniny prze\u017cywa\u0142a Daria Blok, kt\u00f3ra jako Daria G\u00f3rska nale\u017ca\u0142a \u2013 w swoim czasie \u2013 do Wsp\u00f3lnoty m\u0142odzie\u017cowej w Parafii Tr\u0105bki. Niech Pan udzieli Jej mnogo\u015bci swoich dar\u00f3w. Wspieram modlitw\u0105!<\/b><\/span><\/span><\/span><\/p>\n<p align=\"justify\"><span style=\"color: #000000;\"><span style=\"font-family: Book Antiqua, serif;\"><span style=\"font-size: large;\">Pozdrawiam Was wszystkich z Lublina, gdzie \u2013 podobnie, jak wczoraj \u2013 odprawi\u0119 Msz\u0119 \u015awi\u0119t\u0105 o godzinie 18:00, w Parafii \u015awi\u0119tego Jana Kantego. Potem przejazd do Siedlec.<\/span><\/span><\/span><\/p>\n<p align=\"justify\"><span style=\"color: #000000;\"><span style=\"font-family: Book Antiqua, serif;\"><span style=\"font-size: large;\">Serdecznie dzi\u0119kuj\u0119 Ekipie syberyjskiej za wczorajsze s\u0142\u00f3wko. I za gar\u015b\u0107 informacji, co u Nich. Wspierajmy, Drodzy moi, intensywn\u0105 modlitw\u0105 te rozliczne i energiczne dzia\u0142ania duszpasterskie, jakie Oni tam, z takim rozmachem, codziennie podejmuj\u0105. Niech ten Ich siew S\u0142owa i \u0142aski Bo\u017cej przyniesie przeobfity plon!<\/span><\/span><\/span><\/p>\n<p align=\"justify\"><span style=\"color: #000000;\"><span style=\"font-family: Book Antiqua, serif;\"><span style=\"font-size: large;\">A teraz ju\u017c zapraszam do pochylenia si\u0119 nad Bo\u017cym s\u0142owem dzisiejszej liturgii. Oto s\u0142\u00f3wko Ksi\u0119dza Marka na dzi\u015b:<\/span><\/span><\/span><\/p>\n<p align=\"justify\"><span style=\"color: #000000;\"><span style=\"font-family: Book Antiqua, serif;\"><span style=\"font-size: medium;\"><a href=\"https:\/\/www.youtube.com\/c\/CatholicSurgut\"><span style=\"font-size: large;\"><span lang=\"zxx\"><u><b>https:\/\/www.youtube.com\/c\/CatholicSurgut<\/b><\/u><\/span><\/span><\/a><\/span><\/span><\/span><\/p>\n<p lang=\"zxx\" align=\"justify\"><span style=\"color: #000000;\"><span style=\"font-family: Book Antiqua, serif;\"><span style=\"font-size: large;\">Poni\u017cej za\u015b \u2013 s\u0142\u00f3wko Kacpra! Jak zawsze \u2013 w sobot\u0119, jak zawsze \u2013 mocne i konkretne, a dzisiaj zawieraj\u0105ce do\u015b\u0107 ciekaw\u0105 refleksj\u0119 o mo\u017cliwo\u015bci <span lang=\"pl-PL\">\u201e<\/span>zmarnowania\u201d szansy, danej przez Pana, czy powo\u0142ania, jakim nas wezwa\u0142. Bardzo ciekawa refleksja o Bogu, kt\u00f3ry nie b\u0119dzie czeka\u0142 bez ko\u0144ca, a\u017c cz\u0142owiek sie zdecyduje. Polecam Waszej uwadze. Co o tym s\u0105dzicie? A Kacprowi \u2013 raz jeszcze \u2013 wielkie dzi\u0119ki!<\/span><\/span><\/span><\/p>\n<p align=\"justify\"><span style=\"color: #000000;\"><span style=\"font-family: Book Antiqua, serif;\"><span style=\"font-size: large;\"><span lang=\"zxx\">Zatem, <\/span><span lang=\"zxx\"><b>c<\/b><\/span><b>o dzi\u015b m\u00f3wi do mnie Pan? Z jakim konkretnym przes\u0142aniem zwraca si\u0119 w\u0142a\u015bnie do mnie? <\/b>Duchu \u015awi\u0119ty \u2013 tchnij!<\/span><\/span><\/span><\/p>\n<p align=\"justify\"><span style=\"color: #000000;\"><span style=\"font-family: Book Antiqua, serif;\"><span style=\"font-size: large;\"><b>Niech Was b\u0142ogos\u0142awi B\u00f3g Wszechmog\u0105cy: Ojciec + i Syn, i Duch \u015awi\u0119ty. Amen<\/b><\/span><\/span><\/span><\/p>\n<p align=\"center\"><span style=\"color: #000000;\"><span style=\"font-family: Book Antiqua, serif;\"><span style=\"font-size: large;\">Gaudium et spes! Ks. Jacek<\/span><\/span><\/span><\/p>\n<p align=\"center\">\n<p align=\"center\">\n<p align=\"center\">\n<p align=\"center\">\n<p align=\"center\">\n<p align=\"justify\"><span style=\"color: #000000;\"><span style=\"font-family: Book Antiqua, serif;\"><span style=\"font-size: large;\"><b>Sobota 29 Tygodnia zwyk\u0142ego, rok II,<\/b><\/span><\/span><\/span><\/p>\n<p align=\"justify\"><span style=\"color: #000000;\"><span style=\"font-family: Book Antiqua, serif;\"><span style=\"font-size: large;\"><b>26 pa\u017adziernika 2024.,\u00a0<\/b><\/span><\/span><\/span><\/p>\n<p align=\"justify\"><span style=\"color: #000000;\"><span style=\"font-family: Book Antiqua, serif;\"><span style=\"font-size: large;\"><b>do czyta\u0144: Ef 4,7\u201316; \u0141k 13,1\u20139<\/b><\/span><\/span><\/span><\/p>\n<p align=\"justify\">\n<p align=\"justify\">\n<p align=\"justify\">\n<p align=\"justify\">\n<p align=\"justify\">\n<p align=\"justify\"><span style=\"color: #000000;\"><span style=\"font-family: Book Antiqua, serif;\"><span style=\"font-size: large;\"><b>CZYTANIE Z LISTU \u015aWI\u0118TEGO PAW\u0141A APOSTO\u0141A DO EFEZJAN: <\/b><\/span><\/span><\/span><\/p>\n<p align=\"justify\"><span style=\"color: #000000;\"><span style=\"font-family: Book Antiqua, serif;\"><span style=\"font-size: large;\"><b>Bracia: Ka\u017cdemu z nas zosta\u0142a dana \u0142aska wed\u0142ug miary daru Chrystusowego. <\/b><\/span><\/span><\/span><\/p>\n<p align=\"justify\"><span style=\"color: #000000;\"><span style=\"font-family: Book Antiqua, serif;\"><span style=\"font-size: large;\"><b>Dlatego m\u00f3wi Pismo: \u201eWst\u0105piwszy do g\u00f3ry wzi\u0105\u0142 do niewoli je\u0144c\u00f3w, rozda\u0142 ludziom dary\u201d. S\u0142owo za\u015b \u201ewst\u0105pi\u0142\u201d c\u00f3\u017c oznacza, je\u015bli nie to, \u017ce r\u00f3wnie\u017c zst\u0105pi\u0142 do ni\u017cszych cz\u0119\u015bci ziemi? <\/b><\/span><\/span><\/span><\/p>\n<p align=\"justify\"><span style=\"color: #000000;\"><span style=\"font-family: Book Antiqua, serif;\"><span style=\"font-size: large;\"><b>Ten, kt\u00f3ry zst\u0105pi\u0142, jest i Tym, kt\u00f3ry wst\u0105pi\u0142 ponad wszystkie niebiosa, aby wszystko nape\u0142ni\u0107.<\/b><\/span><\/span><\/span><\/p>\n<p align=\"justify\"><span style=\"color: #000000;\"><span style=\"font-family: Book Antiqua, serif;\"><span style=\"font-size: large;\"><b>I On ustanowi\u0142 jednych aposto\u0142ami, innych prorokami, innych ewangelistami, innych pasterzami i nauczycielami dla przysposobienia \u015bwi\u0119tych do wykonywania pos\u0142ugi, celem budowania Cia\u0142a Chrystusowego, a\u017c dojdziemy wszyscy razem do jedno\u015bci wiary i pe\u0142nego poznania Syna Bo\u017cego, do cz\u0142owieka doskona\u0142ego, do miary wielko\u015bci wed\u0142ug Pe\u0142ni Chrystusa. Chodzi o to, aby\u015bmy ju\u017c nie byli dzie\u0107mi, kt\u00f3rymi miotaj\u0105 fale i porusza ka\u017cdy powiew nauki na skutek oszustwa ze strony ludzi i przebieg\u0142o\u015bci w sprowadzaniu na manowce fa\u0142szu. Natomiast \u017cyj\u0105c prawdziwie w mi\u0142o\u015bci sprawmy, by wszystko ros\u0142o ku Temu, kt\u00f3ry jest G\u0142ow\u0105, ku Chrystusowi. Z Niego ca\u0142e Cia\u0142o, zespalane i utrzymywane w \u0142\u0105czno\u015bci dzi\u0119ki ca\u0142ej wi\u0119zi umacniaj\u0105cej ka\u017cdego z cz\u0142onk\u00f3w stosownie do jego miary, przyczynia sobie wzrostu dla budowania siebie w mi\u0142o\u015bci.<\/b><\/span><\/span><\/span><\/p>\n<p align=\"justify\">\n<p align=\"justify\">\n<p align=\"justify\">\n<p align=\"justify\">\n<p align=\"justify\">\n<p align=\"justify\"><span style=\"color: #000000;\"><span style=\"font-family: Book Antiqua, serif;\"><span style=\"font-size: large;\"><b>S\u0141OWA EWANGELII WED\u0141UG \u015aWI\u0118TEGO \u0141UKASZA:<\/b><\/span><\/span><\/span><\/p>\n<p align=\"justify\"><span style=\"color: #000000;\"><span style=\"font-family: Book Antiqua, serif;\"><span style=\"font-size: large;\"><b>W tym czasie przyszli niekt\u00f3rzy i donie\u015bli Jezusowi o Galilejczykach, kt\u00f3rych krew Pi\u0142at zmiesza\u0142 z krwi\u0105 ich ofiar. Jezus im odpowiedzia\u0142: \u201eCzy\u017c my\u015blicie, \u017ce ci Galilejczycy byli wi\u0119kszymi grzesznikami ni\u017c inni mieszka\u0144cy Galilei, \u017ce to ucierpieli? Bynajmniej, powiadam wam; lecz je\u015bli si\u0119 nie nawr\u00f3cicie, wszyscy podobnie zginiecie. <\/b><\/span><\/span><\/span><\/p>\n<p align=\"justify\"><span style=\"color: #000000;\"><span style=\"font-family: Book Antiqua, serif;\"><span style=\"font-size: large;\"><b>Albo my\u015blicie, \u017ce owych osiemnastu, na kt\u00f3rych zwali\u0142a si\u0119 wie\u017ca w Siloe i zabi\u0142a ich, by\u0142o wi\u0119kszymi winowajcami ni\u017c inni mieszka\u0144cy Jerozolimy? Bynajmniej, powiadam wam; lecz je\u015bli si\u0119 nie nawr\u00f3cicie, wszyscy tak samo zginiecie\u201d.<\/b><\/span><\/span><\/span><\/p>\n<p align=\"justify\"><span style=\"color: #000000;\"><span style=\"font-family: Book Antiqua, serif;\"><span style=\"font-size: large;\"><b>I opowiedzia\u0142 im nast\u0119puj\u0105c\u0105 przypowie\u015b\u0107: \u201ePewien cz\u0142owiek mia\u0142 drzewo figowe zasadzone w swojej winnicy; przyszed\u0142 i szuka\u0142 na nim owoc\u00f3w, ale nie znalaz\u0142. <\/b><\/span><\/span><\/span><\/p>\n<p align=\"justify\"><span style=\"color: #000000;\"><span style=\"font-family: Book Antiqua, serif;\"><span style=\"font-size: large;\"><b>Rzek\u0142 wi\u0119c do ogrodnika: \u00abOto ju\u017c trzy lata, odk\u0105d przychodz\u0119 i szukam owocu na tym drzewie figowym, a nie znajduj\u0119. Wytnij je: po co jeszcze ziemi\u0119 wyja\u0142awia?\u00bb <\/b><\/span><\/span><\/span><\/p>\n<p align=\"justify\"><span style=\"color: #000000;\"><span style=\"font-family: Book Antiqua, serif;\"><span style=\"font-size: large;\"><b>Lecz on mu odpowiedzia\u0142: \u00abPanie, jeszcze na ten rok je pozostaw; ja okopi\u0119 je i ob\u0142o\u017c\u0119 nawozem; mo\u017ce wyda owoc. A je\u015bli nie, w przysz\u0142o\u015bci mo\u017cesz je wyci\u0105\u0107\u00bb\u201d.<\/b><\/span><\/span><\/span><\/p>\n<p align=\"justify\">\n<p align=\"justify\">\n<p align=\"justify\">\n<p align=\"justify\">\n<p align=\"justify\">\n<p align=\"center\"><span style=\"color: #000000;\"><span style=\"font-family: Book Antiqua, serif;\"><span style=\"font-size: large;\"><b>A OTO S\u0141\u00d3WKO KACPRA:<\/b><\/span><\/span><\/span><\/p>\n<p align=\"center\">\n<p align=\"center\">\n<p align=\"center\">\n<p align=\"center\">\n<p align=\"center\">\n<p align=\"justify\"><span style=\"font-family: Book Antiqua, serif;\"><span style=\"font-size: large;\"><span style=\"color: #000000;\">Dzisiejsze czytanie rozpoczyna si\u0119 pi\u0119knym stwierdzeniem, \u017ce ka\u017cdy z nas co\u015b otrzyma\u0142. Czy otrzymali\u015bmy co\u015b, za co musimy zap\u0142aci\u0107? Zdecydowanie nie w tym przypadku. Jest tu mowa o \u0142asce, danej nam od Boga. Czym jest w og\u00f3le \u0142aska? Mo\u017cemy j\u0105 okre\u015bli\u0107 jako potr\u00f3jne D: DAR DARMO DANY. Nikt z nas nie by\u0142by w stanie zas\u0142u\u017cy\u0107 sobie wystarczaj\u0105co na \u0142ask\u0119 Bo\u017ca, dlatego ka\u017cdy z nas otrzymuje j\u0105 za darmo. Co to znaczy jednak, \u017ce ka\u017cdy otrzyma\u0142 wed\u0142ug miary daru Chrystusowego? <\/span><\/span><\/span><\/p>\n<p align=\"justify\"><span style=\"font-family: Book Antiqua, serif;\"><span style=\"font-size: large;\"><span style=\"color: #000000;\">To znaczy, \u017ce mamy wystarczaj\u0105cy pakiet, dany nam od Boga, \u017ceby\u015bmy poradzili sobie w \u017cyciu, aby\u015bmy sprostali zadaniom, kt\u00f3re mamy i \u017ceby\u015bmy z innymi lud\u017ami mogli tworzy\u0107 Ko\u015bci\u00f3\u0142 Chrystusowy. Zjednoczeni w Chrystusie \u2013 stajemy si\u0119 ca\u0142o\u015bci\u0105, niczym jednym cia\u0142em, kt\u00f3rego prawid\u0142owy rozw\u00f3j uwarunkowany jest oparciem o mi\u0142o\u015b\u0107 i prawd\u0119. Naszym celem jest wzrastanie w mi\u0142o\u015bci i jedno\u015b\u0107 w wierze, co przybli\u017ca nas do pe\u0142nego poznania Jezusa.<\/span><\/span><\/span><\/p>\n<p align=\"justify\"><span style=\"font-family: Book Antiqua, serif;\"><span style=\"font-size: large;\"><span style=\"color: #000000;\">W kolejnych zdaniach Pawe\u0142 opisuje pewnego rodzaju charyzmaty, kt\u00f3rymi ka\u017cdy z nas jest obdarzony, a mianowicie: <i><b>I On ustanowi\u0142 jednych aposto\u0142ami, innych prorokami, innych ewangelistami, innych pasterzami i nauczycielami dla przysposobienia \u015bwi\u0119tych do wykonywania pos\u0142ugi, celem budowania Cia\u0142a Chrystusowego. <\/b><\/i><\/span><\/span><\/span><\/p>\n<p align=\"justify\"><span style=\"font-family: Book Antiqua, serif;\"><span style=\"font-size: large;\"><span style=\"color: #000000;\">Zatem, jedni maj\u0105 predyspozycje do bycia wspania\u0142ymi m\u00f3wcami, inni maj\u0105 swego rodzaju m\u0105dro\u015b\u0107 i umiej\u0119tno\u015b\u0107, aby naucza\u0107. Inni jeszcze zostali powo\u0142ani do \u017cycia ma\u0142\u017ce\u0144skiego lub oddali swoje \u017cycie na s\u0142u\u017cb\u0119 Bogu i s\u0105 osobami konsekrowanymi. Czy w tym fragmencie mamy powiedziane, \u017ce Jezus ustanawia tylko specjalnie wybrane osoby? <\/span><\/span><\/span><\/p>\n<p align=\"justify\"><span style=\"font-family: Book Antiqua, serif;\"><span style=\"font-size: large;\"><span style=\"color: #000000;\">No, nie! Ka\u017cdy z nas jest powo\u0142any, aby nie\u015b\u0107 innym Ewangeli\u0119, poniewa\u017c Jezus powiedzia\u0142, aby i\u015b\u0107 na ca\u0142y \u015bwiat i g\u0142osi\u0107 Ewangeli\u0119 wszelkiemu stworzeniu. Rozeznanie danego nam charyzmatu jest szczeg\u00f3lnie wa\u017cne. Jak mamy rozpozna\u0107, do czego zostali\u015bmy powo\u0142ani? <\/span><\/span><\/span><\/p>\n<p align=\"justify\"><span style=\"font-family: Book Antiqua, serif;\"><span style=\"font-size: large;\"><span style=\"color: #000000;\">Na pewno trzeba modli\u0107 si\u0119 i prosi\u0107 Ducha \u015awi\u0119tego, aby nam to objawi\u0142. Poza tym uwa\u017cam, \u017ce trzeba anga\u017cowa\u0107 si\u0119 w jak\u0105\u015b wsp\u00f3lnot\u0119 i by\u0107 cz\u0119\u015bci\u0105 Ko\u015bcio\u0142a Chrystusa. Niestety, ale godzinka w tygodniu na niedzielnej Mszy nie wystarczy. M\u00f3wi\u0119 to jako osoba, kt\u00f3ra kiedy\u015b w\u0142a\u015bnie tak uwa\u017ca\u0142a.<\/span><\/span><\/span><\/p>\n<p align=\"justify\"><span style=\"font-family: Book Antiqua, serif;\"><span style=\"font-size: large;\"><span style=\"color: #000000;\">Dlaczego jest to tak bardzo wa\u017cne? Pawe\u0142 wyja\u015bnia to w kolejnych zdaniach, pisz\u0105c: <i><b>Chodzi o to, aby\u015bmy ju\u017c nie byli dzie\u0107mi, kt\u00f3rymi miotaj\u0105 fale i porusza ka\u017cdy powiew nauki na skutek oszustwa ze strony ludzi i przebieg\u0142o\u015bci w sprowadzaniu na manowce fa\u0142szu.<\/b><\/i><i> <\/i>Jak mamy wzrasta\u0107 w wierze, stawa\u0107 si\u0119 silni i stabilni w wierze, je\u015bli nie mamy obok siebie ludzi, kt\u00f3rzy b\u0119d\u0105 przy nas, gdy upadniemy? <\/span><\/span><\/span><\/p>\n<p align=\"justify\"><span style=\"font-family: Book Antiqua, serif;\"><span style=\"font-size: large;\"><span style=\"color: #000000;\">S\u0142ysz\u0119 od niekt\u00f3rych, \u017ce doceniaj\u0105 mnie za to, i\u017c moja wiara jest stabilna i silna. S\u0142ysz\u0119, \u017ce dobrze jest pos\u0142ucha\u0107 kogo\u015b, kto z tak\u0105 odwag\u0105 i bezkompromisowo\u015bci\u0105, jak ja, \u015bwiadczy o relacji z Bogiem. Czy by\u0142oby to mo\u017cliwe, gdyby nie godziny rozm\u00f3w z bliskimi mi osobami, kiedy upadam i mam ch\u0119\u0107 pozostawi\u0107 to wszystko, co robi\u0119? Czy by\u0142oby to mo\u017cliwe, gdyby nie nieustanny rozw\u00f3j, wzrost i uczenie si\u0119 ka\u017cdego dnia, jak nale\u017cy \u017cy\u0107 z Bogiem? Uwa\u017cam, \u017ce nie. <\/span><\/span><\/span><\/p>\n<p align=\"justify\"><span style=\"font-family: Book Antiqua, serif;\"><span style=\"font-size: large;\"><span style=\"color: #000000;\">I cho\u0107 mam o sobie zgo\u0142a odmienne zdanie \u2013 poniewa\u017c sam patrz\u0119 na innych, du\u017co bardziej uduchowionych ludzi i bardzo podziwiam ich wiar\u0119, niez\u0142omno\u015b\u0107, trwanie przy Panu \u2013 to jednak modl\u0119 si\u0119, \u017cebym i ja kiedy\u015b m\u00f3g\u0142 by\u0107 na tym levelu, co oni. Brakuje mi bardzo du\u017co i cz\u0119sto przepraszam Pana, \u017ce nie potrafi\u0119 wytrwa\u0107 w postanowieniu czy za\u0142o\u017ceniu do ko\u0144ca. Ka\u017cdy z nas zmaga si\u0119 z przeciwno\u015bciami nieprzyjaciela, kt\u00f3ry przychodzi, aby kra\u015b\u0107, niszczy\u0107 i burzy\u0107. Dlatego w\u0142a\u015bnie tak wa\u017cne jest, aby mie\u0107 ludzi, kt\u00f3rzy pomog\u0105 Ci wytrwa\u0107.<\/span><\/span><\/span><\/p>\n<p align=\"justify\"><span style=\"font-family: Book Antiqua, serif;\"><span style=\"font-size: large;\"><span style=\"color: #000000;\">Pozwol\u0119 sobie na jeszcze jeden akapit na temat tego, dlaczego tak wa\u017cne jest, aby by\u0107 we wsp\u00f3lnocie \u2013 jakakolwiek by ona nie by\u0142a. Zobaczmy, Jezus nie za\u0142o\u017cy\u0142 religii, nie poda\u0142 konspektu i nie szuka\u0142 zbioru indywidualno\u015bci, kt\u00f3re b\u0119d\u0105 oddawa\u0142y Mu cze\u015b\u0107 \u2013 tak dla zasady. Ko\u015bci\u00f3\u0142 to cia\u0142o, a g\u0142ow\u0105 jest Chrystus. Tym cia\u0142em jeste\u015bmy my wszyscy jako CA\u0141O\u015a\u0106. Zobaczcie, co Pawe\u0142 pisze na ko\u0144cu dzisiejszego fragmentu: <i><b>Z Niego ca\u0142e Cia\u0142o, zespalane i utrzymywane w \u0142\u0105czno\u015bci dzi\u0119ki ca\u0142ej wi\u0119zi umacniaj\u0105cej ka\u017cdego z cz\u0142onk\u00f3w stosownie do jego miary.<\/b><\/i><i> <\/i>To cia\u0142o ma by\u0107 utrzymane w \u0142\u0105czno\u015bci, ma by\u0107 zwi\u0105zane, ma by\u0107 sp\u00f3jne. Dlaczego tak bardzo chcemy si\u0119 separowa\u0107 i uwa\u017camy, \u017ce wiara to jest co\u015b prywatnego i tylko do w\u0142asnego u\u017cytku w domu?<\/span><\/span><\/span><\/p>\n<p align=\"justify\"><span style=\"font-family: Book Antiqua, serif;\"><span style=\"font-size: large;\"><span style=\"color: #000000;\">A ju\u017c w og\u00f3le nie jestem w stanie zrozumie\u0107, jak osoby, kt\u00f3re w\u0142a\u015bnie s\u0105 duszpasterzami, proboszczami, biskupami czy pe\u0142ni\u0105 jeszcze inn\u0105 funkcj\u0119 \u2013 wr\u0119cz pr\u00f3buj\u0105 odgrodzi\u0107 swoj\u0105 parafi\u0119 od ca\u0142ego \u015bwiata i nie do pomy\u015blenia jest, aby kto\u015b poszed\u0142 do innej parafii czy ko\u015bcio\u0142a. Jak s\u0142ysz\u0119, \u017ce jeden ksi\u0105dz ma za z\u0142e, \u017ce jakie\u015b m\u0142ode osoby p\u00f3jd\u0105 na spotkanie do innego ksi\u0119dza, to je\u017cy mi si\u0119 w\u0142os na g\u0142owie. Sk\u0105d te podzia\u0142y, skoro mamy by\u0107 jedno? <\/span><\/span><\/span><\/p>\n<p align=\"justify\"><span style=\"font-family: Book Antiqua, serif;\"><span style=\"font-size: large;\"><span lang=\"pl-PL\"><span style=\"color: #000000;\">Mo\u017ce dlatego wsp\u00f3lnoty protestanckie maj\u0105 tak wiele i to m\u0142odych os\u00f3b \u2013 i coraz cz\u0119\u015bciej jestem \u015bwiadkiem wydarze\u0144, na kt\u00f3re przychodzi kilka tysi\u0119cy m\u0142odych os\u00f3b (z ca\u0142ego \u015bwiata), \u017ceby wielbi\u0107 Boga. Jako przyk\u0142ad podam ostatnie wydarzenie, <\/span><\/span><span lang=\"pl-PL\">pod tytu\u0142em:<\/span><span lang=\"pl-PL\"> \u201e<\/span><\/span><\/span><span lang=\"pl-PL\">This<\/span> <span lang=\"pl-PL\">is<\/span> <span lang=\"pl-PL\">Our<\/span><span lang=\"pl-PL\"> Time\u201d, na kt\u00f3re przyjecha\u0142o oko\u0142o trzy tysi\u0105ce os\u00f3b, w\u015br\u00f3d kt\u00f3rych by\u0142a reprezentacja ponad <\/span><span lang=\"pl-PL\">trzydziestu<\/span><span lang=\"pl-PL\"> kraj\u00f3w z ca\u0142ego \u015bwiata.<\/span><\/p>\n<p align=\"justify\"><span style=\"font-family: Book Antiqua, serif;\"><span style=\"font-size: large;\"><span lang=\"pl-PL\"><span style=\"color: #000000;\">Wezwanie do bycia jedno oraz do przekazywania innym <\/span><\/span><span lang=\"pl-PL\">D<\/span><span lang=\"pl-PL\">obrej <\/span><span lang=\"pl-PL\">N<\/span><span lang=\"pl-PL\">owiny mamy w dzisiejszej Ewangelii. Jezus pokazuje \u017bydom, \u017ce tak naprawd\u0119 nikt nie jest bez winy i ka\u017cdy zgrzeszy\u0142, i zas\u0142uguje na \u015bmier\u0107. Opowiadaj\u0105c przypowie\u015b\u0107 o winnicy i drzewie figowym, Jezus pokazuje tu bardzo ciekaw\u0105 zale\u017cno\u015b\u0107. Cz\u0119sto interpretujemy t<\/span><span lang=\"pl-PL\">\u0119<\/span><span lang=\"pl-PL\"> przypowie\u015b\u0107 jako <\/span><span lang=\"pl-PL\">m\u00f3wi\u0105c\u0105 o<\/span><span lang=\"pl-PL\"> \u017cyci<\/span><span lang=\"pl-PL\">u<\/span><span lang=\"pl-PL\"> cz\u0142owieka, kt\u00f3ry umiera, nie b\u0119d\u0105c nawr\u00f3conym. Mo\u017cna <\/span><span lang=\"pl-PL\">wi\u0119c<\/span> <span lang=\"pl-PL\">doj\u015b\u0107 do takiej<\/span><span lang=\"pl-PL\"> interpretacji, <\/span><span lang=\"pl-PL\">\u017ce oto<\/span><span lang=\"pl-PL\"> B<\/span><span lang=\"pl-PL\">\u00f3g wr\u0119cz <\/span><span lang=\"pl-PL\">zyha na nasze \u017cycie i ma ochot\u0119 nas zg\u0142adzi\u0107 za to, \u017ce nie jeste\u015bmy nawr\u00f3ceni. Nic bardziej mylnego! <\/span><\/span><\/span><\/p>\n<p align=\"justify\"><span style=\"font-family: Book Antiqua, serif;\"><span style=\"font-size: large;\"><span lang=\"pl-PL\"><span style=\"color: #000000;\">B\u00f3g oczywi\u015bcie, \u017ce czeka na ka\u017cdego z nas i daje nam bardzo wiele szans. Mi <\/span><\/span><span lang=\"pl-PL\">jednak<\/span><span lang=\"pl-PL\"> ten fragment pokazuje jeszcze inny wymiar dzia\u0142ania Boga. Zobaczmy, \u017ce B\u00f3g daje wiele okazji, ale <\/span><span lang=\"pl-PL\">Jego<\/span><span lang=\"pl-PL\"> cierpliwo\u015b\u0107 \u2013 <\/span><span lang=\"pl-PL\">w tym akurat wymiarze i we w\u0142a\u015bciwym rozumieniu tego stwierdzenia \u2013 w p<\/span><span lang=\"pl-PL\">ewnym momencie mo\u017ce si\u0119 sko\u0144czy\u0107. Mamy wiele dar\u00f3w od Boga, wiele charyzmat\u00f3w, ale je\u015bli ich nie wykorzystujemy i nie potrafimy nimi s\u0142u\u017cy\u0107 innym, to B\u00f3g na nasze miejsce postawi kogo\u015b innego, kt\u00f3ry to zrobi. <\/span><\/span><\/span><\/p>\n<p align=\"justify\"><span style=\"font-family: Book Antiqua, serif;\"><span style=\"font-size: large;\"><span lang=\"pl-PL\"><span style=\"color: #000000;\">My\u015bl\u0119, \u017ce dobrze znamy takie sytuacje z naszego \u017cycia, gdy nasz rodzic prosi\u0142 nas o zrobienie czego\u015b po raz pierwszy, drugi, trzeci, a mo\u017ce i kolejny. Wreszcie \u2013 nie m\u00f3wi\u0105c nic \u2013 sam zrobi\u0142 i nawet nic nam nie <\/span><\/span><span lang=\"pl-PL\">powiedzia\u0142<\/span><span lang=\"pl-PL\">. Nast\u0119pnie my, dopiero po d\u0142u\u017cszym czasie, chcemy si\u0119 tym zaj\u0105\u0107 i jakie jest nasze zdziwienie, \u017ce <\/span><span lang=\"pl-PL\">ju\u017c <\/span><span lang=\"pl-PL\">nie mamy nic do roboty, a przed rodzicami jako\u015b tak g\u0142upio. <\/span><span lang=\"pl-PL\">Wyja\u015bnieniem ca\u0142ej sytuacji z ich strony jest<\/span><span lang=\"pl-PL\"> wtedy jedno <\/span><span lang=\"pl-PL\">tylko <\/span><span lang=\"pl-PL\">zdanie: \u201e<\/span><span lang=\"pl-PL\">I<\/span><span lang=\"pl-PL\">le czasu mia\u0142em czeka\u0107? Sam zrobi\u0142em\u201d. My\u015bl\u0119, \u017ce tutaj dzia\u0142a to podobnie. Je\u015bli b\u0119dziemy zwleka\u0107 <\/span><span lang=\"pl-PL\">nazbyt<\/span><span lang=\"pl-PL\"> d\u0142ugo, to droga naszego powo\u0142ania, po kt\u00f3rej id\u0105c, mogliby\u015bmy dotrze\u0107 naprawd\u0119 daleko, zostanie przeznaczona komu\u015b innemu, kto ni\u0105 p\u00f3jdzie.<\/span><\/span><\/span><\/p>\n<p align=\"justify\"><span style=\"font-family: Book Antiqua, serif;\"><span style=\"font-size: large;\"><span lang=\"pl-PL\"><span style=\"color: #000000;\">To, do czego chcia\u0142bym Was dzisiaj zach\u0119ci\u0107, to do takiej szczerej modlitwy i pro\u015bby do Ducha \u015awi\u0119tego, aby objawi\u0142 Wam <\/span><\/span><span lang=\"pl-PL\">W<\/span><span lang=\"pl-PL\">asze powo\u0142anie. Zadanie, kt\u00f3re zosta\u0142o Wam powierzone, ale jeszcze do kt\u00f3rego nie przyst\u0105pili\u015bcie. Zastan\u00f3wcie si\u0119 r\u00f3wnie\u017c, czy mo\u017ce brakuje Wam w \u017cyciu takich os\u00f3b, kt\u00f3re b\u0119d\u0105 Was wspiera\u0142y podczas upadk\u00f3w i zawirowa\u0144 \u017cyciowych. <\/span><\/span><\/span><\/p>\n<p align=\"justify\"><span style=\"font-family: Book Antiqua, serif;\"><span style=\"font-size: large;\"><span style=\"color: #000000;\">Mo\u017ce w Waszej parafii jest jaka\u015b wsp\u00f3lnota albo grupa modlitewna, do kt\u00f3rej warto do\u0142\u0105czy\u0107. Mo\u017ce przy Waszej uczelni dzia\u0142a duszpasterstwo akademickie i warto by\u0107 jego cz\u0119\u015bci\u0105. B\u0105d\u017amy jedno\u015bci\u0105, b\u0105d\u017amy sp\u00f3jnym cia\u0142em Chrystusa. Nie szukajmy podzia\u0142\u00f3w i tego, co nas r\u00f3\u017cni oraz nie zamykajmy si\u0119 na innych ludzi. Z kim chcecie przebywa\u0107 w Niebie?<\/span><\/span><\/span><\/p>\n","protected":false},"excerpt":{"rendered":"<p>Szcz\u0119\u015b\u0107 Bo\u017ce! Moi Drodzy, w dniu wczorajszym rocznic\u0119 zawarcia sakramentalnego Ma\u0142\u017ce\u0144stwa prze\u017cywali Anna i Kamil Nied\u017awiedzcy, a wi\u0119c moja Siostra i m\u00f3j Szwagier. Dzi\u0119kuj\u0105c Im za \u015bwiadectwo pi\u0119knie prze\u017cywanego \u017cycia ma\u0142\u017ce\u0144skiego i rodzinnego, ale te\u017c za tak\u0105 zwyczajn\u0105 przyja\u017a\u0144 i blisko\u015b\u0107, jak nas \u0142\u0105czy, \u017cycz\u0119 Im niez\u0142omno\u015bci i wytrwa\u0142o\u015bci w pod\u0105\u017caniu t\u0105 w\u0142a\u015bnie drog\u0105. Oby [&hellip;]<\/p>\n","protected":false},"author":1,"featured_media":0,"comment_status":"open","ping_status":"open","sticky":false,"template":"","format":"standard","meta":{"jetpack_post_was_ever_published":false,"_jetpack_newsletter_access":"","_jetpack_dont_email_post_to_subs":false,"_jetpack_newsletter_tier_id":0,"_jetpack_memberships_contains_paywalled_content":false,"_jetpack_memberships_contains_paid_content":false,"footnotes":""},"categories":[1],"tags":[],"class_list":["post-23039","post","type-post","status-publish","format-standard","hentry","category-bez-kategorii"],"yoast_head":"<!-- This site is optimized with the Yoast SEO plugin v25.1 - https:\/\/yoast.com\/wordpress\/plugins\/seo\/ -->\n<title>3 D - Gaudium Et Spes<\/title>\n<meta name=\"robots\" content=\"index, follow, max-snippet:-1, max-image-preview:large, max-video-preview:-1\" \/>\n<link rel=\"canonical\" href=\"https:\/\/gaudiumetspes-blog.pl\/index.php\/2024\/10\/26\/3-d\/\" \/>\n<meta property=\"og:locale\" content=\"pl_PL\" \/>\n<meta property=\"og:type\" content=\"article\" \/>\n<meta property=\"og:title\" content=\"3 D - Gaudium Et Spes\" \/>\n<meta property=\"og:description\" content=\"Szcz\u0119\u015b\u0107 Bo\u017ce! Moi Drodzy, w dniu wczorajszym rocznic\u0119 zawarcia sakramentalnego Ma\u0142\u017ce\u0144stwa prze\u017cywali Anna i Kamil Nied\u017awiedzcy, a wi\u0119c moja Siostra i m\u00f3j Szwagier. Dzi\u0119kuj\u0105c Im za \u015bwiadectwo pi\u0119knie prze\u017cywanego \u017cycia ma\u0142\u017ce\u0144skiego i rodzinnego, ale te\u017c za tak\u0105 zwyczajn\u0105 przyja\u017a\u0144 i blisko\u015b\u0107, jak nas \u0142\u0105czy, \u017cycz\u0119 Im niez\u0142omno\u015bci i wytrwa\u0142o\u015bci w pod\u0105\u017caniu t\u0105 w\u0142a\u015bnie drog\u0105. Oby [&hellip;]\" \/>\n<meta property=\"og:url\" content=\"https:\/\/gaudiumetspes-blog.pl\/index.php\/2024\/10\/26\/3-d\/\" \/>\n<meta property=\"og:site_name\" content=\"Gaudium Et Spes\" \/>\n<meta property=\"article:published_time\" content=\"2024-10-26T05:45:02+00:00\" \/>\n<meta name=\"author\" content=\"Ks. Jacek\" \/>\n<meta name=\"twitter:card\" content=\"summary_large_image\" \/>\n<meta name=\"twitter:label1\" content=\"Napisane przez\" \/>\n\t<meta name=\"twitter:data1\" content=\"Ks. Jacek\" \/>\n\t<meta name=\"twitter:label2\" content=\"Szacowany czas czytania\" \/>\n\t<meta name=\"twitter:data2\" content=\"12 minut\" \/>\n<script type=\"application\/ld+json\" class=\"yoast-schema-graph\">{\"@context\":\"https:\/\/schema.org\",\"@graph\":[{\"@type\":\"WebPage\",\"@id\":\"https:\/\/gaudiumetspes-blog.pl\/index.php\/2024\/10\/26\/3-d\/\",\"url\":\"https:\/\/gaudiumetspes-blog.pl\/index.php\/2024\/10\/26\/3-d\/\",\"name\":\"3 D - Gaudium Et Spes\",\"isPartOf\":{\"@id\":\"https:\/\/gaudiumetspes-blog.pl\/#website\"},\"datePublished\":\"2024-10-26T05:45:02+00:00\",\"author\":{\"@id\":\"https:\/\/gaudiumetspes-blog.pl\/#\/schema\/person\/1661982992b752dea8dff0d4ed845a65\"},\"breadcrumb\":{\"@id\":\"https:\/\/gaudiumetspes-blog.pl\/index.php\/2024\/10\/26\/3-d\/#breadcrumb\"},\"inLanguage\":\"pl-PL\",\"potentialAction\":[{\"@type\":\"ReadAction\",\"target\":[\"https:\/\/gaudiumetspes-blog.pl\/index.php\/2024\/10\/26\/3-d\/\"]}]},{\"@type\":\"BreadcrumbList\",\"@id\":\"https:\/\/gaudiumetspes-blog.pl\/index.php\/2024\/10\/26\/3-d\/#breadcrumb\",\"itemListElement\":[{\"@type\":\"ListItem\",\"position\":1,\"name\":\"Strona g\u0142\u00f3wna\",\"item\":\"https:\/\/gaudiumetspes-blog.pl\/\"},{\"@type\":\"ListItem\",\"position\":2,\"name\":\"3 D\"}]},{\"@type\":\"WebSite\",\"@id\":\"https:\/\/gaudiumetspes-blog.pl\/#website\",\"url\":\"https:\/\/gaudiumetspes-blog.pl\/\",\"name\":\"Gaudium Et Spes\",\"description\":\"Blog Ks. Jacka Ja\u015bkowskiego\",\"potentialAction\":[{\"@type\":\"SearchAction\",\"target\":{\"@type\":\"EntryPoint\",\"urlTemplate\":\"https:\/\/gaudiumetspes-blog.pl\/?s={search_term_string}\"},\"query-input\":{\"@type\":\"PropertyValueSpecification\",\"valueRequired\":true,\"valueName\":\"search_term_string\"}}],\"inLanguage\":\"pl-PL\"},{\"@type\":\"Person\",\"@id\":\"https:\/\/gaudiumetspes-blog.pl\/#\/schema\/person\/1661982992b752dea8dff0d4ed845a65\",\"name\":\"Ks. Jacek\",\"image\":{\"@type\":\"ImageObject\",\"inLanguage\":\"pl-PL\",\"@id\":\"https:\/\/gaudiumetspes-blog.pl\/#\/schema\/person\/image\/\",\"url\":\"https:\/\/gaudiumetspes-blog.pl\/wp-content\/uploads\/2019\/07\/avatar-JJ-150x150.jpg\",\"contentUrl\":\"https:\/\/gaudiumetspes-blog.pl\/wp-content\/uploads\/2019\/07\/avatar-JJ-150x150.jpg\",\"caption\":\"Ks. Jacek\"},\"description\":\"Witam serdecznie! K\u0142ania si\u0119 Ks. Jacek Ja\u015bkowski. Nie jestem ani kim\u015b wa\u017cnym, ani kim\u015b znanym. Jestem ksi\u0119dzem, kt\u00f3ry po prostu chce rozmawia\u0107. Codzienna kap\u0142a\u0144ska pos\u0142uga pokazuje mi, \u017ce temat\u00f3w do rozm\u00f3w z ksi\u0119dzem jest coraz wi\u0119cej i dzisiaj \u017caden ksi\u0105dz nie mo\u017ce od nich ucieka\u0107, ale - wprost przeciwnie - podejmowa\u0107 nowe wyzwania. To przekonanie sk\u0142oni\u0142o mnie do pr\u00f3by otwarcia tego\u017c bloga, chocia\u017c okazji do rozm\u00f3w na co dzie\u0144 - w konfesjonale i poza nim - na szcz\u0119\u015bcie nie brakuje. My\u015bl\u0119 jednak, \u017ce ten blog b\u0119dzie jeszcze jednym sposobem i przestrzeni\u0105 nawi\u0105zania kontaktu z lud\u017ami dobrej woli, otwartymi na dialog.\",\"url\":\"https:\/\/gaudiumetspes-blog.pl\/index.php\/author\/ks-jacek\/\"}]}<\/script>\n<!-- \/ Yoast SEO plugin. -->","yoast_head_json":{"title":"3 D - Gaudium Et Spes","robots":{"index":"index","follow":"follow","max-snippet":"max-snippet:-1","max-image-preview":"max-image-preview:large","max-video-preview":"max-video-preview:-1"},"canonical":"https:\/\/gaudiumetspes-blog.pl\/index.php\/2024\/10\/26\/3-d\/","og_locale":"pl_PL","og_type":"article","og_title":"3 D - Gaudium Et Spes","og_description":"Szcz\u0119\u015b\u0107 Bo\u017ce! Moi Drodzy, w dniu wczorajszym rocznic\u0119 zawarcia sakramentalnego Ma\u0142\u017ce\u0144stwa prze\u017cywali Anna i Kamil Nied\u017awiedzcy, a wi\u0119c moja Siostra i m\u00f3j Szwagier. Dzi\u0119kuj\u0105c Im za \u015bwiadectwo pi\u0119knie prze\u017cywanego \u017cycia ma\u0142\u017ce\u0144skiego i rodzinnego, ale te\u017c za tak\u0105 zwyczajn\u0105 przyja\u017a\u0144 i blisko\u015b\u0107, jak nas \u0142\u0105czy, \u017cycz\u0119 Im niez\u0142omno\u015bci i wytrwa\u0142o\u015bci w pod\u0105\u017caniu t\u0105 w\u0142a\u015bnie drog\u0105. Oby [&hellip;]","og_url":"https:\/\/gaudiumetspes-blog.pl\/index.php\/2024\/10\/26\/3-d\/","og_site_name":"Gaudium Et Spes","article_published_time":"2024-10-26T05:45:02+00:00","author":"Ks. Jacek","twitter_card":"summary_large_image","twitter_misc":{"Napisane przez":"Ks. Jacek","Szacowany czas czytania":"12 minut"},"schema":{"@context":"https:\/\/schema.org","@graph":[{"@type":"WebPage","@id":"https:\/\/gaudiumetspes-blog.pl\/index.php\/2024\/10\/26\/3-d\/","url":"https:\/\/gaudiumetspes-blog.pl\/index.php\/2024\/10\/26\/3-d\/","name":"3 D - Gaudium Et Spes","isPartOf":{"@id":"https:\/\/gaudiumetspes-blog.pl\/#website"},"datePublished":"2024-10-26T05:45:02+00:00","author":{"@id":"https:\/\/gaudiumetspes-blog.pl\/#\/schema\/person\/1661982992b752dea8dff0d4ed845a65"},"breadcrumb":{"@id":"https:\/\/gaudiumetspes-blog.pl\/index.php\/2024\/10\/26\/3-d\/#breadcrumb"},"inLanguage":"pl-PL","potentialAction":[{"@type":"ReadAction","target":["https:\/\/gaudiumetspes-blog.pl\/index.php\/2024\/10\/26\/3-d\/"]}]},{"@type":"BreadcrumbList","@id":"https:\/\/gaudiumetspes-blog.pl\/index.php\/2024\/10\/26\/3-d\/#breadcrumb","itemListElement":[{"@type":"ListItem","position":1,"name":"Strona g\u0142\u00f3wna","item":"https:\/\/gaudiumetspes-blog.pl\/"},{"@type":"ListItem","position":2,"name":"3 D"}]},{"@type":"WebSite","@id":"https:\/\/gaudiumetspes-blog.pl\/#website","url":"https:\/\/gaudiumetspes-blog.pl\/","name":"Gaudium Et Spes","description":"Blog Ks. Jacka Ja\u015bkowskiego","potentialAction":[{"@type":"SearchAction","target":{"@type":"EntryPoint","urlTemplate":"https:\/\/gaudiumetspes-blog.pl\/?s={search_term_string}"},"query-input":{"@type":"PropertyValueSpecification","valueRequired":true,"valueName":"search_term_string"}}],"inLanguage":"pl-PL"},{"@type":"Person","@id":"https:\/\/gaudiumetspes-blog.pl\/#\/schema\/person\/1661982992b752dea8dff0d4ed845a65","name":"Ks. Jacek","image":{"@type":"ImageObject","inLanguage":"pl-PL","@id":"https:\/\/gaudiumetspes-blog.pl\/#\/schema\/person\/image\/","url":"https:\/\/gaudiumetspes-blog.pl\/wp-content\/uploads\/2019\/07\/avatar-JJ-150x150.jpg","contentUrl":"https:\/\/gaudiumetspes-blog.pl\/wp-content\/uploads\/2019\/07\/avatar-JJ-150x150.jpg","caption":"Ks. Jacek"},"description":"Witam serdecznie! K\u0142ania si\u0119 Ks. Jacek Ja\u015bkowski. Nie jestem ani kim\u015b wa\u017cnym, ani kim\u015b znanym. Jestem ksi\u0119dzem, kt\u00f3ry po prostu chce rozmawia\u0107. Codzienna kap\u0142a\u0144ska pos\u0142uga pokazuje mi, \u017ce temat\u00f3w do rozm\u00f3w z ksi\u0119dzem jest coraz wi\u0119cej i dzisiaj \u017caden ksi\u0105dz nie mo\u017ce od nich ucieka\u0107, ale - wprost przeciwnie - podejmowa\u0107 nowe wyzwania. To przekonanie sk\u0142oni\u0142o mnie do pr\u00f3by otwarcia tego\u017c bloga, chocia\u017c okazji do rozm\u00f3w na co dzie\u0144 - w konfesjonale i poza nim - na szcz\u0119\u015bcie nie brakuje. My\u015bl\u0119 jednak, \u017ce ten blog b\u0119dzie jeszcze jednym sposobem i przestrzeni\u0105 nawi\u0105zania kontaktu z lud\u017ami dobrej woli, otwartymi na dialog.","url":"https:\/\/gaudiumetspes-blog.pl\/index.php\/author\/ks-jacek\/"}]}},"jetpack_featured_media_url":"","jetpack_sharing_enabled":true,"_links":{"self":[{"href":"https:\/\/gaudiumetspes-blog.pl\/index.php\/wp-json\/wp\/v2\/posts\/23039","targetHints":{"allow":["GET"]}}],"collection":[{"href":"https:\/\/gaudiumetspes-blog.pl\/index.php\/wp-json\/wp\/v2\/posts"}],"about":[{"href":"https:\/\/gaudiumetspes-blog.pl\/index.php\/wp-json\/wp\/v2\/types\/post"}],"author":[{"embeddable":true,"href":"https:\/\/gaudiumetspes-blog.pl\/index.php\/wp-json\/wp\/v2\/users\/1"}],"replies":[{"embeddable":true,"href":"https:\/\/gaudiumetspes-blog.pl\/index.php\/wp-json\/wp\/v2\/comments?post=23039"}],"version-history":[{"count":1,"href":"https:\/\/gaudiumetspes-blog.pl\/index.php\/wp-json\/wp\/v2\/posts\/23039\/revisions"}],"predecessor-version":[{"id":23040,"href":"https:\/\/gaudiumetspes-blog.pl\/index.php\/wp-json\/wp\/v2\/posts\/23039\/revisions\/23040"}],"wp:attachment":[{"href":"https:\/\/gaudiumetspes-blog.pl\/index.php\/wp-json\/wp\/v2\/media?parent=23039"}],"wp:term":[{"taxonomy":"category","embeddable":true,"href":"https:\/\/gaudiumetspes-blog.pl\/index.php\/wp-json\/wp\/v2\/categories?post=23039"},{"taxonomy":"post_tag","embeddable":true,"href":"https:\/\/gaudiumetspes-blog.pl\/index.php\/wp-json\/wp\/v2\/tags?post=23039"}],"curies":[{"name":"wp","href":"https:\/\/api.w.org\/{rel}","templated":true}]}}