{"id":23137,"date":"2024-11-18T08:47:30","date_gmt":"2024-11-18T07:47:30","guid":{"rendered":"https:\/\/gaudiumetspes-blog.pl\/?p=23137"},"modified":"2024-11-18T08:47:30","modified_gmt":"2024-11-18T07:47:30","slug":"panie-zebym-przejrzal-2","status":"publish","type":"post","link":"https:\/\/gaudiumetspes-blog.pl\/index.php\/2024\/11\/18\/panie-zebym-przejrzal-2\/","title":{"rendered":"Panie, \u017cebym przejrza\u0142!"},"content":{"rendered":"<p align=\"justify\"><span style=\"color: #000000;\"><span style=\"font-family: Book Antiqua, serif;\"><span style=\"font-size: large;\">Szcz\u0119\u015b\u0107 Bo\u017ce! Moi Drodzy, w dniu dzisiejszym <b>imieniny prze\u017cywa Ksi\u0105dz Profesor Roman Krawczyk, przez cztery pierwsze lata mojej seminaryjnej formacji: Rektor naszego siedleckiego Seminarium, a do ko\u0144ca pobytu w Seminarium: Wyk\u0142adowca Starego Testamentu; <\/b><b>obecnie za\u015b \u2013 <\/b><b>emerytowany <\/b><b>Wyk\u0142adowca Uniwersytetu w Siedlcach, przy kt\u00f3rym przysz\u0142o mi pe\u0142ni\u0107 pos\u0142ug\u0119 Duszpasterza <\/b><b>A<\/b><b>kademickiego.<\/b><b> <\/b><\/span><\/span><\/span><\/p>\n<p align=\"justify\"><span style=\"color: #000000;\"><span style=\"font-family: Book Antiqua, serif;\"><span style=\"font-size: large;\"><b>Dzi\u0119kuj\u0105c Ksi\u0119dzu Rektorowi za wiele dobra, jakie od Niego otrzyma\u0142em, a szczeg\u00f3lnie za dwa pi\u0119kne gesty, kt\u00f3re wobec mnie uczyni\u0142, a kt\u00f3re pokaza\u0142y mi Go jako <\/b><b>C<\/b><b>z\u0142owieka o naprawd\u0119 wielkiej klasie i wielkim formacie ludzkim i kap\u0142a\u0144skim, \u017cycz\u0119 Bo\u017cego b\u0142ogos\u0142awie\u0144stwa w pos\u0142udze kap\u0142a\u0144skiej i pracy naukowej!<\/b><\/span><\/span><\/span><\/p>\n<p align=\"justify\"><span style=\"color: #000000;\"><span style=\"font-family: Book Antiqua, serif;\"><span style=\"font-size: large;\"><b>Urodziny natomiast prze\u017cywa Magda Martyniuk, nale\u017c\u0105ca w swoim czasie do jednej z m\u0142odzie\u017cowych Wsp\u00f3lnot. <\/b><\/span><\/span><\/span><\/p>\n<p align=\"justify\"><span style=\"color: #000000;\"><span style=\"font-family: Book Antiqua, serif;\"><span style=\"font-size: large;\"><b>Oboje \u015bwi\u0119tuj\u0105cych zapewniam o modlitwie!<\/b><\/span><\/span><\/span><\/p>\n<p align=\"justify\"><span style=\"color: #000000;\"><span style=\"font-family: Book Antiqua, serif;\"><span style=\"font-size: large;\">Drodzy moi, sta\u0142o si\u0119 poniek\u0105d pewn\u0105 tradycj\u0105, \u017ce w poniedzia\u0142ki \u2013 po rozwiezieniu na wszystkie Wydzia\u0142y Uniwersytetu w Siedlcach, do wszystkich Akademik\u00f3w, oraz na Akademi\u0119 MAZOVIA Og\u0142osze\u0144 naszego Duszpasterstwa i umieszczeniu ich w znajduj\u0105cych si\u0119 tam \u201enaszych\u201d gablotach \u2013 wybieram si\u0119 nast\u0119pnie do Kodnia, a potem, na 18:00, przeje\u017cd\u017cam do Bia\u0142ej Podlaskiej, do mojej rodzinnej Parafii, gdzie odprawiam kolejn\u0105 Msz\u0119 \u015awi\u0119t\u0105 gregoria\u0144sk\u0105. Tak te\u017c b\u0119dzie i dzisiaj.<\/span><\/span><\/span><\/p>\n<p align=\"justify\"><span style=\"color: #000000;\"><span style=\"font-family: Book Antiqua, serif;\"><span style=\"font-size: large;\">A to oznacza, \u017ce b\u0119d\u0105c w Kodniu, u Matki \u2013 b\u0119d\u0119 pami\u0119ta\u0142 o Was, Drodzy moi, i o Waszych sprawach. A dzisiaj tak szczeg\u00f3lnie, gdy\u017c to w\u0142a\u015bnie dzisiaj zamierzam w Kodniu odprawi\u0107 zapowiadan\u0105 kilka dni temu Msz\u0119 \u015awi\u0119t\u0105 w intencji naszej blogowej Rodziny \u2013 z okazji czternastej rocznicy powstania naszego bloga. Powierz\u0119 nas opiece i wstawiennictwu Matki Bo\u017cej Kode\u0144skiej, ale te\u017c \u015awi\u0119tych Pierwszych Polskich M\u0119czennik\u00f3w: Benedykta, Jana, Mateusza, Izaaka i Krystyna, kt\u00f3rych \u2013 jak pami\u0119tacie \u2013 og\u0142osi\u0142em Patronami naszego forum. Prosz\u0119 Was, Drodzy moi, o duchow\u0105 \u0142\u0105czno\u015b\u0107 ze mn\u0105!<\/span><\/span><\/span><\/p>\n<p align=\"justify\"><span style=\"color: #000000;\"><span style=\"font-family: Book Antiqua, serif;\"><span style=\"font-size: large;\">Teraz za\u015b ju\u017c zapraszam Wszystkich do ws\u0142uchania si\u0119 w Bo\u017ce s\u0142owo dzisiejszej liturgii. Oto s\u0142\u00f3wko Ksi\u0119dza Marka na dzi\u015b:<\/span><\/span><\/span><\/p>\n<p align=\"justify\"><span style=\"color: #000000;\"><span style=\"font-family: Book Antiqua, serif;\"><span style=\"font-size: medium;\"><a href=\"https:\/\/www.youtube.com\/c\/CatholicSurgut\"><span style=\"font-size: large;\"><span lang=\"zxx\"><u><b>https:\/\/www.youtube.com\/c\/CatholicSurgut<\/b><\/u><\/span><\/span><\/a><\/span><\/span><\/span><\/p>\n<p align=\"justify\"><span style=\"color: #000000;\"><span style=\"font-family: Book Antiqua, serif;\"><span style=\"font-size: large;\">Poni\u017cej za\u015b \u2013 s\u0142\u00f3wko Janka! Jak zwykle \u2013 szczere, serdeczne i oryginalne! No, dzisiaj to mo\u017cna powiedzie\u0107, \u017ce Janek \u201ezaszala\u0142\u201d! Bo por\u00f3wnanie, kt\u00f3rego Janek u\u017cy\u0142, jest zaskakuj\u0105ce! Przyznam, \u017ce zrobi\u0142o na mnie totalne wra\u017cenie! Ale \u2013 sami przeczytajcie, przemy\u015blcie i napiszcie, co Wy na to?<\/span><\/span><\/span><\/p>\n<p align=\"justify\"><span style=\"color: #000000;\"><span style=\"font-family: Book Antiqua, serif;\"><span style=\"font-size: large;\">Zatem, <b>co dzi\u015b m\u00f3wi do mnie Pan? Z jakim konkretnym przes\u0142aniem zwraca si\u0119 w\u0142a\u015bnie dzisiaj \u2013 w\u0142a\u015bnie do mnie?<\/b> Duchu \u015awi\u0119ty, podpowiedz\u2026 <\/span><\/span><\/span><\/p>\n<p align=\"justify\"><span style=\"color: #000000;\"><span style=\"font-family: Book Antiqua, serif;\"><span style=\"font-size: large;\"><b>Niech Was b\u0142ogos\u0142awi B\u00f3g Wszechmog\u0105cy: Ojciec + i Syn, i Duch \u015awi\u0119ty. Amen<\/b><\/span><\/span><\/span><\/p>\n<p align=\"center\"><span style=\"color: #000000;\"><span style=\"font-family: Book Antiqua, serif;\"><span style=\"font-size: large;\">Gaudium et spes! Ks. Jacek<\/span><\/span><\/span><\/p>\n<p align=\"center\">\n<p align=\"center\">\n<p align=\"center\">\n<p align=\"center\">\n<p align=\"center\">\n<p align=\"justify\"><span style=\"color: #000000;\"><span style=\"font-family: Book Antiqua, serif;\"><span style=\"font-size: large;\"><b>Poniedzia\u0142ek 33 Tygodnia zwyk\u0142ego, rok II,<\/b><\/span><\/span><\/span><\/p>\n<p align=\"justify\"><span style=\"color: #000000;\"><span style=\"font-family: Book Antiqua, serif;\"><span style=\"font-size: large;\"><b>Wspomnienie B\u0142. Karoliny K\u00f3zk\u00f3wny, Dziewicy i M\u0119czennicy,<\/b><\/span><\/span><\/span><\/p>\n<p align=\"justify\"><span style=\"color: #000000;\"><span style=\"font-family: Book Antiqua, serif;\"><span style=\"font-size: large;\"><b>18 listopada 2024.,\u00a0<\/b><\/span><\/span><\/span><\/p>\n<p align=\"justify\"><span style=\"color: #000000;\"><span style=\"font-family: Book Antiqua, serif;\"><span style=\"font-size: large;\"><b>do czyta\u0144: Ap 1,1\u20134;2,1\u20135a; \u0141k 18,35\u201343<\/b><\/span><\/span><\/span><\/p>\n<p align=\"justify\">\n<p align=\"justify\">\n<p align=\"justify\">\n<p align=\"justify\">\n<p align=\"justify\">\n<p align=\"justify\"><span style=\"color: #000000;\"><span style=\"font-family: Book Antiqua, serif;\"><span style=\"font-size: large;\"><b>CZYTANIE Z KSI\u0118GI APOKALIPSY \u015aWI\u0118TEGO JANA APOSTO\u0141A:<\/b><\/span><\/span><\/span><\/p>\n<p align=\"justify\"><span style=\"color: #000000;\"><span style=\"font-family: Book Antiqua, serif;\"><span style=\"font-size: large;\"><b>Objawienie Jezusa Chrystusa, kt\u00f3re da\u0142 Mu B\u00f3g, aby ukaza\u0107 swym s\u0142ugom, co musi sta\u0107 si\u0119 niebawem, i wys\u0142awszy swojego anio\u0142a, oznajmi\u0142 przeze\u0144 za pomoc\u0105 znak\u00f3w s\u0142udze swojemu Janowi. Ten po\u015bwiadcza, \u017ce s\u0142owem Bo\u017cym i \u015bwiadectwem Jezusa Chrystusa jest wszystko, co widzia\u0142. B\u0142ogos\u0142awiony, kt\u00f3ry odczytuje i kt\u00f3rzy s\u0142uchaj\u0105 s\u0142\u00f3w Proroctwa, a strzeg\u0105 tego, co w nim napisane, bo chwila jest bliska.<\/b><\/span><\/span><\/span><\/p>\n<p align=\"justify\"><span style=\"color: #000000;\"><span style=\"font-family: Book Antiqua, serif;\"><span style=\"font-size: large;\"><b>Jan do siedmiu Ko\u015bcio\u0142\u00f3w, kt\u00f3re s\u0105 w Azji: \u0141aska wam i pok\u00f3j od tego, Kt\u00f3ry jest, i Kt\u00f3ry by\u0142 i Kt\u00f3ry przychodzi, i od Siedmiu Duch\u00f3w, kt\u00f3re s\u0105 przed Jego tronem.<\/b><\/span><\/span><\/span><\/p>\n<p align=\"justify\"><span style=\"color: #000000;\"><span style=\"font-family: Book Antiqua, serif;\"><span style=\"font-size: large;\"><b>Us\u0142ysza\u0142em Pana m\u00f3wi\u0105cego do mnie: \u201eAnio\u0142owi Ko\u015bcio\u0142a w Efezie napisz: To m\u00f3wi Ten, kt\u00f3ry dzier\u017cy w prawicy swej siedem gwiazd, Ten, kt\u00f3ry si\u0119 przechadza w\u015br\u00f3d siedmiu z\u0142otych \u015bwiecznik\u00f3w: \u00abZnam twoje czyny: trud i twoj\u0105 wytrwa\u0142o\u015b\u0107, i to, \u017ce z\u0142ych nie mo\u017cesz znie\u015b\u0107, i \u017ce pr\u00f3bie podda\u0142e\u015b tych, kt\u00f3rzy zw\u0105 samych siebie aposto\u0142ami, a nimi nie s\u0105, i \u017ce\u015b ich uzna\u0142 za k\u0142amc\u00f3w. Ty masz wytrwa\u0142o\u015b\u0107: i znios\u0142e\u015b wiele dla imienia mego \u2013 niezmordowany.<\/b><\/span><\/span><\/span><\/p>\n<p align=\"justify\"><span style=\"color: #000000;\"><span style=\"font-family: Book Antiqua, serif;\"><span style=\"font-size: large;\"><b>Ale mam przeciw tobie to, \u017ce odst\u0105pi\u0142e\u015b od twej pierwotnej mi\u0142o\u015bci. Pami\u0119taj wi\u0119c, sk\u0105d spad\u0142e\u015b, i nawr\u00f3\u0107 si\u0119, i pierwsze czyny podejmij\u00bb\u201d.<\/b><\/span><\/span><\/span><\/p>\n<p align=\"justify\">\n<p align=\"justify\">\n<p align=\"justify\">\n<p align=\"justify\">\n<p align=\"justify\">\n<p align=\"justify\"><span style=\"color: #000000;\"><span style=\"font-family: Book Antiqua, serif;\"><span style=\"font-size: large;\"><b>S\u0141OWA EWANGELII WED\u0141UG \u015aWI\u0118TEGO \u0141UKASZA:<\/b><\/span><\/span><\/span><\/p>\n<p align=\"justify\"><span style=\"color: #000000;\"><span style=\"font-family: Book Antiqua, serif;\"><span style=\"font-size: large;\"><b>Kiedy Jezus zbli\u017cy\u0142 si\u0119 do Jerycha, jaki\u015b niewidomy siedzia\u0142 przy drodze i \u017cebra\u0142. Gdy us\u0142ysza\u0142, \u017ce t\u0142um przeci\u0105ga, dowiadywa\u0142 si\u0119, co si\u0119 dzieje. Powiedzieli mu, \u017ce Jezus z Nazaretu przechodzi.<\/b><\/span><\/span><\/span><\/p>\n<p align=\"justify\"><span style=\"color: #000000;\"><span style=\"font-family: Book Antiqua, serif;\"><span style=\"font-size: large;\"><b>Wtedy zacz\u0105\u0142 wo\u0142a\u0107: \u201eJezusie, Synu Dawida, ulituj si\u0119 nade mn\u0105!\u201d Ci, co szli na przedzie, nastawali na niego, \u017ceby umilk\u0142. Lecz on jeszcze g\u0142o\u015bniej wo\u0142a\u0142: \u201eJezusie, Synu Dawida, ulituj si\u0119 nade mn\u0105!\u201d<\/b><\/span><\/span><\/span><\/p>\n<p align=\"justify\"><span style=\"color: #000000;\"><span style=\"font-family: Book Antiqua, serif;\"><span style=\"font-size: large;\"><b>Jezus przystan\u0105\u0142 i kaza\u0142 przyprowadzi\u0107 go do siebie.<\/b><\/span><\/span><\/span><\/p>\n<p align=\"justify\"><span style=\"color: #000000;\"><span style=\"font-family: Book Antiqua, serif;\"><span style=\"font-size: large;\"><b>A gdy si\u0119 zbli\u017cy\u0142, zapyta\u0142 go: \u201eCo chcesz, abym ci uczyni\u0142?\u201d<\/b><\/span><\/span><\/span><\/p>\n<p align=\"justify\"><span style=\"color: #000000;\"><span style=\"font-family: Book Antiqua, serif;\"><span style=\"font-size: large;\"><b>Odpowiedzia\u0142: \u201ePanie, \u017cebym przejrza\u0142\u201d.<\/b><\/span><\/span><\/span><\/p>\n<p align=\"justify\"><span style=\"color: #000000;\"><span style=\"font-family: Book Antiqua, serif;\"><span style=\"font-size: large;\"><b>Jezus mu odrzek\u0142: \u201ePrzejrzyj, twoja wiara ci\u0119 uzdrowi\u0142a\u201d.<\/b><\/span><\/span><\/span><\/p>\n<p align=\"justify\"><span style=\"color: #000000;\"><span style=\"font-family: Book Antiqua, serif;\"><span style=\"font-size: large;\"><b>Natychmiast przejrza\u0142 i szed\u0142 za Nim, wielbi\u0105c Boga. Tak\u017ce ca\u0142y lud, kt\u00f3ry to widzia\u0142, odda\u0142 chwa\u0142\u0119 Bogu.<\/b><\/span><\/span><\/span><\/p>\n<p align=\"justify\">\n<p align=\"justify\">\n<p align=\"justify\">\n<p align=\"justify\">\n<p align=\"justify\">\n<p align=\"center\"><span style=\"color: #000000;\"><span style=\"font-family: Book Antiqua, serif;\"><span style=\"font-size: large;\"><b>A OTO S\u0141\u00d3WKO JANKA:<\/b><\/span><\/span><\/span><\/p>\n<p align=\"center\">\n<p align=\"center\">\n<p align=\"center\">\n<p align=\"center\">\n<p align=\"center\">\n<p align=\"justify\"><span style=\"color: #000000;\"><span style=\"font-family: Book Antiqua, serif;\"><span style=\"font-size: medium;\"><span style=\"font-size: large;\">Jeste<\/span><span style=\"font-size: large;\">\u015bmy ju\u017c na samym ko\u0144cu roku liturgicznego. W niedziele b\u0119dziemy obchodzi\u0107 ostatni\u0105 Uroczysto\u015b\u0107 w tym roku liturgicznym, jak\u0105 jest Uroczysto\u015b\u0107 Chrystusa Kr\u00f3la Wszech\u015bwiata! A p\u00f3\u017aniej zostanie tylko czeka\u0107 na rozpocz\u0119cie adwentu \u2013 i nowego roku w Ko\u015bciele.<\/span><\/span><\/span><\/span><\/p>\n<p align=\"justify\"><span style=\"color: #000000;\"><span style=\"font-family: Book Antiqua, serif;\"><span style=\"font-size: large;\">Zobaczmy, \u017ce sam Ko\u015bci\u00f3\u0142 daje znaki, \u017ce rok si\u0119 ko\u0144czy. W ostatnim czasie sporo s\u0142yszeli\u015bmy w Ewangelii o Kr\u00f3lestwie Bo\u017cym. A dzi\u015b rozpoczynamy czytania z ostatniej, ko\u0144cz\u0105cej Pismo \u015awi\u0119te, Ksi\u0119gi Apokalipsy \u015bw. Jana. <\/span><\/span><\/span><\/p>\n<p align=\"justify\"><span style=\"color: #000000;\"><span style=\"font-family: Book Antiqua, serif;\"><span style=\"font-size: large;\">Mo\u017cna zada\u0107 sobie pytanie. Po co to jest nam potrzebne? Po co Ko\u015bci\u00f3\u0142 nam tyle o tym m\u00f3wi? <\/span><\/span><\/span><\/p>\n<p align=\"justify\"><span style=\"color: #000000;\"><span style=\"font-family: Book Antiqua, serif;\"><span style=\"font-size: large;\">Zobaczmy, \u017ce w naszym \u017cyciu \u2013 w tym, co robimy, czego si\u0119 podejmujemy \u2013 nie jest wa\u017cny pocz\u0105tek, ale najwa\u017cniejszy powinien by\u0107 koniec! U jednych ten koniec przychodzi bardzo szybko. A jedni na koniec czekaj\u0105 bardzo d\u0142ugo. Mo\u017cna sobie zada\u0107 pytanie: Dlaczego tak w\u0142a\u015bnie jest? Dlaczego w naszym \u017cyciu, nie ma jakich\u015b proporcji, \u017ce wszyscy maj\u0105 jeden przedzia\u0142 wiekowy na odej\u015bcie z tego \u015bwiata \u2013 na przyk\u0142ad wiek od osiemdziesi\u0119ciu do dziewi\u0119\u0107dziesi\u0119ciu lat? A wiecie dlaczego tego nie ma? \u017bEBY\u015aMY W\u0141A\u015aNIE MY\u015aLELI O \u015aMIERCI! MY\u015aLELI O KO\u0143CU!<\/span><\/span><\/span><\/p>\n<p align=\"justify\"><span style=\"color: #000000;\"><span style=\"font-family: Book Antiqua, serif;\"><span style=\"font-size: large;\">Gdy pisz\u0119 to s\u0142\u00f3wko, nasz\u0142a mnie taka my\u015bl. Nasze \u017cycie powinno by\u0107 jak\u2026 stan b\u0142ogos\u0142awiony u kobiety. A dlaczego? Zobaczcie, \u017ce kobieta, kiedy jest w stanie b\u0142ogos\u0142awionym, wiele si\u0119 bada i zachowuje r\u00f3\u017cne i liczne zalecenia i ograniczenia, aby \u201edonosi\u0107\u201d dziecko. Patrzy czy wszystko jest z nim dobrze\u2026 P\u00f3\u017aniej, wraz z m\u0119\u017cem, kupuj\u0105 ubranka, \u0142\u00f3\u017ceczko, w\u00f3zek. Przygotowuj\u0105 si\u0119 na przyj\u015bcie na \u015bwiat dziecka. A jak wygl\u0105da ostatni etap tego czasu? Kobieta ma przygotowan\u0105 walizk\u0119 i czeka wraz z m\u0119\u017cem na por\u00f3d. <\/span><\/span><\/span><\/p>\n<p align=\"justify\"><span style=\"color: #000000;\"><span style=\"font-family: Book Antiqua, serif;\"><span style=\"font-size: large;\">Tak samo powinno by\u0107 z ka\u017cdym z nas! Takim badaniem powinien by\u0107 rachunek sumienia, przygotowywaniem si\u0119 powinno by\u0107 korzystanie z sakrament\u00f3w \u015bwi\u0119tych oraz \u017cycie w mi\u0142o\u015bci do siebie samego i bli\u017anich, a tym oczekiwaniem powinno by\u0107 \u017cycie w \u0142asce u\u015bwi\u0119caj\u0105cej! <\/span><\/span><\/span><\/p>\n<p align=\"justify\"><span style=\"color: #000000;\"><span style=\"font-family: Book Antiqua, serif;\"><span style=\"font-size: large;\">Nigdy nie wiadomo, kiedy dziecko przyjdzie na \u015bwiat. Tak samo i z nami jest: nigdy nie wiemy kiedy odejdziemy z tego \u015bwiata, czyli narodzimy si\u0119 do \u017cycia wiecznego. Dlatego powinni\u015bmy porzuci\u0107 starego JA i zacz\u0105\u0107 \u017cy\u0107 na nowo! Zobaczmy, \u017ce musimy by\u0107 jak ten niewidomy z dzisiejszej Ewangelii. Krzyczmy z ca\u0142ego serca: <i><b>Jezusie, Synu Dawida, ulituj si\u0119 nade mn\u0105! <\/b><\/i><\/span><\/span><\/span><\/p>\n<p align=\"justify\"><span style=\"color: #000000;\"><span style=\"font-family: Book Antiqua, serif;\"><span style=\"font-size: large;\">I co zrobi\u0142 Jezus? <i><b>Jezus przystan\u0105\u0142 i kaza\u0142 przyprowadzi\u0107 go do siebie. A gdy si\u0119 zbli\u017cy\u0142, zapyta\u0142 go: \u201eCo chcesz, abym ci uczyni\u0142?\u201d Odpowiedzia\u0142: \u201ePanie, \u017cebym przejrza\u0142\u201d. Jezus mu odrzek\u0142: \u201ePrzejrzyj, twoja wiara ci\u0119 uzdrowi\u0142a\u201d.<\/b><\/i><\/span><\/span><\/span><\/p>\n<p align=\"justify\"><span style=\"color: #000000;\"><span style=\"font-family: Book Antiqua, serif;\"><span style=\"font-size: large;\">W\u0142a\u015bnie, <i><b>twoja wiara ci\u0119 uzdrowi\u0142a! <\/b><\/i>Nie Jezus \u2013 sam siebie i niejako na si\u0142\u0119, wbrew samemu cz\u0142owiekowi! Ale wiara, \u017ce to mo\u017ce si\u0119 dokona\u0107 \u2013 w\u0142a\u015bnie przez Jezusa i z Jego pomoc\u0105!<\/span><\/span><\/span><\/p>\n<p align=\"justify\"><span style=\"color: #000000;\"><span style=\"font-family: Book Antiqua, serif;\"><span style=\"font-size: large;\">Sam doskonale wiem, \u017ce trzeba wierzy\u0107! Naprawd\u0119, zaczynam widzie\u0107 to, \u017ce moje modlitwy zostaj\u0105 wys\u0142uchane i B\u00f3g je spe\u0142nia. Tylko trzeba cierpliwie czeka\u0107 i nie ustawa\u0107 w wierze! Tak jak nie usatawa\u0142 ten niewidomy! Ca\u0142y czas krzycza\u0142 do Boga! Modli\u0142 si\u0119 z wiar\u0105 i prosto z serca! Jego \u017cycie si\u0119 odmieni\u0142o. <\/span><\/span><\/span><\/p>\n<p align=\"justify\"><span style=\"color: #000000;\"><span style=\"font-family: Book Antiqua, serif;\"><span style=\"font-size: large;\">A czy Ty chcesz, aby i Twoje \u017cycie si\u0119 odmieni\u0142o? Pami\u0119tajcie: mamy \u017cycie do wygrania! Nie to ziemskie, ale to wieczne! Najwa\u017cniejsze \u017cycie! Dlatego \u017cyjmy na chwa\u0142\u0119 Boga \u2013 i dla rado\u015bci przebywania w Niebie!<\/span><\/span><\/span><\/p>\n","protected":false},"excerpt":{"rendered":"<p>Szcz\u0119\u015b\u0107 Bo\u017ce! Moi Drodzy, w dniu dzisiejszym imieniny prze\u017cywa Ksi\u0105dz Profesor Roman Krawczyk, przez cztery pierwsze lata mojej seminaryjnej formacji: Rektor naszego siedleckiego Seminarium, a do ko\u0144ca pobytu w Seminarium: Wyk\u0142adowca Starego Testamentu; obecnie za\u015b \u2013 emerytowany Wyk\u0142adowca Uniwersytetu w Siedlcach, przy kt\u00f3rym przysz\u0142o mi pe\u0142ni\u0107 pos\u0142ug\u0119 Duszpasterza Akademickiego. Dzi\u0119kuj\u0105c Ksi\u0119dzu Rektorowi za wiele dobra, [&hellip;]<\/p>\n","protected":false},"author":1,"featured_media":0,"comment_status":"open","ping_status":"open","sticky":false,"template":"","format":"standard","meta":{"jetpack_post_was_ever_published":false,"_jetpack_newsletter_access":"","_jetpack_dont_email_post_to_subs":false,"_jetpack_newsletter_tier_id":0,"_jetpack_memberships_contains_paywalled_content":false,"_jetpack_memberships_contains_paid_content":false,"footnotes":""},"categories":[1],"tags":[],"class_list":["post-23137","post","type-post","status-publish","format-standard","hentry","category-bez-kategorii"],"yoast_head":"<!-- This site is optimized with the Yoast SEO plugin v25.1 - https:\/\/yoast.com\/wordpress\/plugins\/seo\/ -->\n<title>Panie, \u017cebym przejrza\u0142! - Gaudium Et Spes<\/title>\n<meta name=\"robots\" content=\"index, follow, max-snippet:-1, max-image-preview:large, max-video-preview:-1\" \/>\n<link rel=\"canonical\" href=\"https:\/\/gaudiumetspes-blog.pl\/index.php\/2024\/11\/18\/panie-zebym-przejrzal-2\/\" \/>\n<meta property=\"og:locale\" content=\"pl_PL\" \/>\n<meta property=\"og:type\" content=\"article\" \/>\n<meta property=\"og:title\" content=\"Panie, \u017cebym przejrza\u0142! - Gaudium Et Spes\" \/>\n<meta property=\"og:description\" content=\"Szcz\u0119\u015b\u0107 Bo\u017ce! Moi Drodzy, w dniu dzisiejszym imieniny prze\u017cywa Ksi\u0105dz Profesor Roman Krawczyk, przez cztery pierwsze lata mojej seminaryjnej formacji: Rektor naszego siedleckiego Seminarium, a do ko\u0144ca pobytu w Seminarium: Wyk\u0142adowca Starego Testamentu; obecnie za\u015b \u2013 emerytowany Wyk\u0142adowca Uniwersytetu w Siedlcach, przy kt\u00f3rym przysz\u0142o mi pe\u0142ni\u0107 pos\u0142ug\u0119 Duszpasterza Akademickiego. Dzi\u0119kuj\u0105c Ksi\u0119dzu Rektorowi za wiele dobra, [&hellip;]\" \/>\n<meta property=\"og:url\" content=\"https:\/\/gaudiumetspes-blog.pl\/index.php\/2024\/11\/18\/panie-zebym-przejrzal-2\/\" \/>\n<meta property=\"og:site_name\" content=\"Gaudium Et Spes\" \/>\n<meta property=\"article:published_time\" content=\"2024-11-18T07:47:30+00:00\" \/>\n<meta name=\"author\" content=\"Ks. Jacek\" \/>\n<meta name=\"twitter:card\" content=\"summary_large_image\" \/>\n<meta name=\"twitter:label1\" content=\"Napisane przez\" \/>\n\t<meta name=\"twitter:data1\" content=\"Ks. Jacek\" \/>\n\t<meta name=\"twitter:label2\" content=\"Szacowany czas czytania\" \/>\n\t<meta name=\"twitter:data2\" content=\"7 minut\" \/>\n<script type=\"application\/ld+json\" class=\"yoast-schema-graph\">{\"@context\":\"https:\/\/schema.org\",\"@graph\":[{\"@type\":\"WebPage\",\"@id\":\"https:\/\/gaudiumetspes-blog.pl\/index.php\/2024\/11\/18\/panie-zebym-przejrzal-2\/\",\"url\":\"https:\/\/gaudiumetspes-blog.pl\/index.php\/2024\/11\/18\/panie-zebym-przejrzal-2\/\",\"name\":\"Panie, \u017cebym przejrza\u0142! - Gaudium Et Spes\",\"isPartOf\":{\"@id\":\"https:\/\/gaudiumetspes-blog.pl\/#website\"},\"datePublished\":\"2024-11-18T07:47:30+00:00\",\"author\":{\"@id\":\"https:\/\/gaudiumetspes-blog.pl\/#\/schema\/person\/1661982992b752dea8dff0d4ed845a65\"},\"breadcrumb\":{\"@id\":\"https:\/\/gaudiumetspes-blog.pl\/index.php\/2024\/11\/18\/panie-zebym-przejrzal-2\/#breadcrumb\"},\"inLanguage\":\"pl-PL\",\"potentialAction\":[{\"@type\":\"ReadAction\",\"target\":[\"https:\/\/gaudiumetspes-blog.pl\/index.php\/2024\/11\/18\/panie-zebym-przejrzal-2\/\"]}]},{\"@type\":\"BreadcrumbList\",\"@id\":\"https:\/\/gaudiumetspes-blog.pl\/index.php\/2024\/11\/18\/panie-zebym-przejrzal-2\/#breadcrumb\",\"itemListElement\":[{\"@type\":\"ListItem\",\"position\":1,\"name\":\"Strona g\u0142\u00f3wna\",\"item\":\"https:\/\/gaudiumetspes-blog.pl\/\"},{\"@type\":\"ListItem\",\"position\":2,\"name\":\"Panie, \u017cebym przejrza\u0142!\"}]},{\"@type\":\"WebSite\",\"@id\":\"https:\/\/gaudiumetspes-blog.pl\/#website\",\"url\":\"https:\/\/gaudiumetspes-blog.pl\/\",\"name\":\"Gaudium Et Spes\",\"description\":\"Blog Ks. Jacka Ja\u015bkowskiego\",\"potentialAction\":[{\"@type\":\"SearchAction\",\"target\":{\"@type\":\"EntryPoint\",\"urlTemplate\":\"https:\/\/gaudiumetspes-blog.pl\/?s={search_term_string}\"},\"query-input\":{\"@type\":\"PropertyValueSpecification\",\"valueRequired\":true,\"valueName\":\"search_term_string\"}}],\"inLanguage\":\"pl-PL\"},{\"@type\":\"Person\",\"@id\":\"https:\/\/gaudiumetspes-blog.pl\/#\/schema\/person\/1661982992b752dea8dff0d4ed845a65\",\"name\":\"Ks. Jacek\",\"image\":{\"@type\":\"ImageObject\",\"inLanguage\":\"pl-PL\",\"@id\":\"https:\/\/gaudiumetspes-blog.pl\/#\/schema\/person\/image\/\",\"url\":\"https:\/\/gaudiumetspes-blog.pl\/wp-content\/uploads\/2019\/07\/avatar-JJ-150x150.jpg\",\"contentUrl\":\"https:\/\/gaudiumetspes-blog.pl\/wp-content\/uploads\/2019\/07\/avatar-JJ-150x150.jpg\",\"caption\":\"Ks. Jacek\"},\"description\":\"Witam serdecznie! K\u0142ania si\u0119 Ks. Jacek Ja\u015bkowski. Nie jestem ani kim\u015b wa\u017cnym, ani kim\u015b znanym. Jestem ksi\u0119dzem, kt\u00f3ry po prostu chce rozmawia\u0107. Codzienna kap\u0142a\u0144ska pos\u0142uga pokazuje mi, \u017ce temat\u00f3w do rozm\u00f3w z ksi\u0119dzem jest coraz wi\u0119cej i dzisiaj \u017caden ksi\u0105dz nie mo\u017ce od nich ucieka\u0107, ale - wprost przeciwnie - podejmowa\u0107 nowe wyzwania. To przekonanie sk\u0142oni\u0142o mnie do pr\u00f3by otwarcia tego\u017c bloga, chocia\u017c okazji do rozm\u00f3w na co dzie\u0144 - w konfesjonale i poza nim - na szcz\u0119\u015bcie nie brakuje. My\u015bl\u0119 jednak, \u017ce ten blog b\u0119dzie jeszcze jednym sposobem i przestrzeni\u0105 nawi\u0105zania kontaktu z lud\u017ami dobrej woli, otwartymi na dialog.\",\"url\":\"https:\/\/gaudiumetspes-blog.pl\/index.php\/author\/ks-jacek\/\"}]}<\/script>\n<!-- \/ Yoast SEO plugin. -->","yoast_head_json":{"title":"Panie, \u017cebym przejrza\u0142! - Gaudium Et Spes","robots":{"index":"index","follow":"follow","max-snippet":"max-snippet:-1","max-image-preview":"max-image-preview:large","max-video-preview":"max-video-preview:-1"},"canonical":"https:\/\/gaudiumetspes-blog.pl\/index.php\/2024\/11\/18\/panie-zebym-przejrzal-2\/","og_locale":"pl_PL","og_type":"article","og_title":"Panie, \u017cebym przejrza\u0142! - Gaudium Et Spes","og_description":"Szcz\u0119\u015b\u0107 Bo\u017ce! Moi Drodzy, w dniu dzisiejszym imieniny prze\u017cywa Ksi\u0105dz Profesor Roman Krawczyk, przez cztery pierwsze lata mojej seminaryjnej formacji: Rektor naszego siedleckiego Seminarium, a do ko\u0144ca pobytu w Seminarium: Wyk\u0142adowca Starego Testamentu; obecnie za\u015b \u2013 emerytowany Wyk\u0142adowca Uniwersytetu w Siedlcach, przy kt\u00f3rym przysz\u0142o mi pe\u0142ni\u0107 pos\u0142ug\u0119 Duszpasterza Akademickiego. Dzi\u0119kuj\u0105c Ksi\u0119dzu Rektorowi za wiele dobra, [&hellip;]","og_url":"https:\/\/gaudiumetspes-blog.pl\/index.php\/2024\/11\/18\/panie-zebym-przejrzal-2\/","og_site_name":"Gaudium Et Spes","article_published_time":"2024-11-18T07:47:30+00:00","author":"Ks. Jacek","twitter_card":"summary_large_image","twitter_misc":{"Napisane przez":"Ks. Jacek","Szacowany czas czytania":"7 minut"},"schema":{"@context":"https:\/\/schema.org","@graph":[{"@type":"WebPage","@id":"https:\/\/gaudiumetspes-blog.pl\/index.php\/2024\/11\/18\/panie-zebym-przejrzal-2\/","url":"https:\/\/gaudiumetspes-blog.pl\/index.php\/2024\/11\/18\/panie-zebym-przejrzal-2\/","name":"Panie, \u017cebym przejrza\u0142! - Gaudium Et Spes","isPartOf":{"@id":"https:\/\/gaudiumetspes-blog.pl\/#website"},"datePublished":"2024-11-18T07:47:30+00:00","author":{"@id":"https:\/\/gaudiumetspes-blog.pl\/#\/schema\/person\/1661982992b752dea8dff0d4ed845a65"},"breadcrumb":{"@id":"https:\/\/gaudiumetspes-blog.pl\/index.php\/2024\/11\/18\/panie-zebym-przejrzal-2\/#breadcrumb"},"inLanguage":"pl-PL","potentialAction":[{"@type":"ReadAction","target":["https:\/\/gaudiumetspes-blog.pl\/index.php\/2024\/11\/18\/panie-zebym-przejrzal-2\/"]}]},{"@type":"BreadcrumbList","@id":"https:\/\/gaudiumetspes-blog.pl\/index.php\/2024\/11\/18\/panie-zebym-przejrzal-2\/#breadcrumb","itemListElement":[{"@type":"ListItem","position":1,"name":"Strona g\u0142\u00f3wna","item":"https:\/\/gaudiumetspes-blog.pl\/"},{"@type":"ListItem","position":2,"name":"Panie, \u017cebym przejrza\u0142!"}]},{"@type":"WebSite","@id":"https:\/\/gaudiumetspes-blog.pl\/#website","url":"https:\/\/gaudiumetspes-blog.pl\/","name":"Gaudium Et Spes","description":"Blog Ks. Jacka Ja\u015bkowskiego","potentialAction":[{"@type":"SearchAction","target":{"@type":"EntryPoint","urlTemplate":"https:\/\/gaudiumetspes-blog.pl\/?s={search_term_string}"},"query-input":{"@type":"PropertyValueSpecification","valueRequired":true,"valueName":"search_term_string"}}],"inLanguage":"pl-PL"},{"@type":"Person","@id":"https:\/\/gaudiumetspes-blog.pl\/#\/schema\/person\/1661982992b752dea8dff0d4ed845a65","name":"Ks. Jacek","image":{"@type":"ImageObject","inLanguage":"pl-PL","@id":"https:\/\/gaudiumetspes-blog.pl\/#\/schema\/person\/image\/","url":"https:\/\/gaudiumetspes-blog.pl\/wp-content\/uploads\/2019\/07\/avatar-JJ-150x150.jpg","contentUrl":"https:\/\/gaudiumetspes-blog.pl\/wp-content\/uploads\/2019\/07\/avatar-JJ-150x150.jpg","caption":"Ks. Jacek"},"description":"Witam serdecznie! K\u0142ania si\u0119 Ks. Jacek Ja\u015bkowski. Nie jestem ani kim\u015b wa\u017cnym, ani kim\u015b znanym. Jestem ksi\u0119dzem, kt\u00f3ry po prostu chce rozmawia\u0107. Codzienna kap\u0142a\u0144ska pos\u0142uga pokazuje mi, \u017ce temat\u00f3w do rozm\u00f3w z ksi\u0119dzem jest coraz wi\u0119cej i dzisiaj \u017caden ksi\u0105dz nie mo\u017ce od nich ucieka\u0107, ale - wprost przeciwnie - podejmowa\u0107 nowe wyzwania. To przekonanie sk\u0142oni\u0142o mnie do pr\u00f3by otwarcia tego\u017c bloga, chocia\u017c okazji do rozm\u00f3w na co dzie\u0144 - w konfesjonale i poza nim - na szcz\u0119\u015bcie nie brakuje. My\u015bl\u0119 jednak, \u017ce ten blog b\u0119dzie jeszcze jednym sposobem i przestrzeni\u0105 nawi\u0105zania kontaktu z lud\u017ami dobrej woli, otwartymi na dialog.","url":"https:\/\/gaudiumetspes-blog.pl\/index.php\/author\/ks-jacek\/"}]}},"jetpack_featured_media_url":"","jetpack_sharing_enabled":true,"_links":{"self":[{"href":"https:\/\/gaudiumetspes-blog.pl\/index.php\/wp-json\/wp\/v2\/posts\/23137","targetHints":{"allow":["GET"]}}],"collection":[{"href":"https:\/\/gaudiumetspes-blog.pl\/index.php\/wp-json\/wp\/v2\/posts"}],"about":[{"href":"https:\/\/gaudiumetspes-blog.pl\/index.php\/wp-json\/wp\/v2\/types\/post"}],"author":[{"embeddable":true,"href":"https:\/\/gaudiumetspes-blog.pl\/index.php\/wp-json\/wp\/v2\/users\/1"}],"replies":[{"embeddable":true,"href":"https:\/\/gaudiumetspes-blog.pl\/index.php\/wp-json\/wp\/v2\/comments?post=23137"}],"version-history":[{"count":1,"href":"https:\/\/gaudiumetspes-blog.pl\/index.php\/wp-json\/wp\/v2\/posts\/23137\/revisions"}],"predecessor-version":[{"id":23138,"href":"https:\/\/gaudiumetspes-blog.pl\/index.php\/wp-json\/wp\/v2\/posts\/23137\/revisions\/23138"}],"wp:attachment":[{"href":"https:\/\/gaudiumetspes-blog.pl\/index.php\/wp-json\/wp\/v2\/media?parent=23137"}],"wp:term":[{"taxonomy":"category","embeddable":true,"href":"https:\/\/gaudiumetspes-blog.pl\/index.php\/wp-json\/wp\/v2\/categories?post=23137"},{"taxonomy":"post_tag","embeddable":true,"href":"https:\/\/gaudiumetspes-blog.pl\/index.php\/wp-json\/wp\/v2\/tags?post=23137"}],"curies":[{"name":"wp","href":"https:\/\/api.w.org\/{rel}","templated":true}]}}