{"id":23144,"date":"2024-11-21T09:17:10","date_gmt":"2024-11-21T08:17:10","guid":{"rendered":"https:\/\/gaudiumetspes-blog.pl\/?p=23144"},"modified":"2024-11-21T09:17:10","modified_gmt":"2024-11-21T08:17:10","slug":"kto-otworzy-ksiege","status":"publish","type":"post","link":"https:\/\/gaudiumetspes-blog.pl\/index.php\/2024\/11\/21\/kto-otworzy-ksiege\/","title":{"rendered":"Kto otworzy Ksi\u0119g\u0119?&#8230;"},"content":{"rendered":"<p align=\"justify\"><span style=\"color: #000000;\"><span style=\"font-family: Book Antiqua, serif;\"><span style=\"font-size: large;\">Szcz\u0119\u015b\u0107 Bo\u017ce! Moi Drodzy, w dniu dzisiejszym <b>imieniny prze\u017cywaj\u0105: <\/b><\/span><\/span><\/span><\/p>\n<p align=\"justify\"><span style=\"color: #000000;\">\u25ba<span style=\"font-family: Book Antiqua, serif;\"><span style=\"font-size: large;\"><b>Ksi\u0105dz Janusz Wolski, Proboszcz Parafii Ducha \u015awi\u0119tego, przy kt\u00f3rej przez jaki\u015b czas funkcjonowa\u0142o nasze Duszpasterstwo Akademickie; a przed wielu laty \u2013 pierwszy Wikariusz mojej rodzinnej Parafii, przygotowuj\u0105cy mnie do Pierwszej Komunii \u015awi\u0119tej; tak\u017ce \u2013 pierwszej Pierwszej Komunii \u015awi\u0119tej w historii naszej Parafii;<\/b><\/span><\/span><\/span><\/p>\n<p align=\"justify\"><span style=\"color: #000000;\">\u25ba<span style=\"font-family: Book Antiqua, serif;\"><span style=\"font-size: large;\"><b>Ksi\u0105dz Janusz Sa\u0142aj, Kap\u0142an mi \u017cyczliwy, w Parafii kt\u00f3rego dwa razy prowadzi\u0142em rekolekcje;<\/b><\/span><\/span><\/span><\/p>\n<p align=\"justify\"><span style=\"color: #000000;\">\u25ba<span style=\"font-family: Book Antiqua, serif;\"><span style=\"font-size: large;\"><b>Janusz Aleksandrowicz \u2013 bardzo porz\u0105dny Cz\u0142owiek, m\u00f3j dobry Znajomy, mieszkaj\u0105cy w okolicach Malborka, kt\u00f3rego ze wzgl\u0119du na prac\u0119 w strukturach wojskowych, ale bardziej jeszcze ze wzgl\u0119du na styl bycia: jasny, konkretny i rzeczowy, zwyk\u0142em nazywa\u0107 Dow\u00f3dc\u0105.<\/b><\/span><\/span><\/span><\/p>\n<p align=\"justify\"><span style=\"color: #000000;\"><span style=\"font-family: Book Antiqua, serif;\"><span style=\"font-size: large;\"><b>Urodziny natomiast prze\u017cywa Sylwia Stys \u2013 Studentka, zaanga\u017cowana w dzia\u0142alno\u015b\u0107 naszego Duszpasterstwa Akademickiego.<\/b><\/span><\/span><\/span><\/p>\n<p align=\"justify\"><span style=\"color: #000000;\"><span style=\"font-family: Book Antiqua, serif;\"><span style=\"font-size: large;\"><b>\u017bycz\u0119 drogim Solenizantom i Jubilatce, aby \u2013 zgodnie z przes\u0142aniem dzisiejszego Bo\u017cego s\u0142owa \u2013 rozpoznawali i brali sobie do serca wszystkie znaki, jakie daje Im Pan! Zapewniam o modlitwie!<\/b><\/span><\/span><\/span><\/p>\n<p align=\"justify\"><span style=\"color: #000000;\"><span style=\"font-family: Book Antiqua, serif;\"><span style=\"font-size: large;\">A ja dzisiaj nie mam dy\u017curu duszpasterskiego na Uczelni \u2013 ze wzgl\u0119du na tak zwany Dzie\u0144 Otwarty, a wi\u0119c dzie\u0144, w kt\u00f3rym Uczelni\u0119 odwiedz\u0105 jej (by\u0107 mo\u017ce) przyszli Studenci. Zanosi si\u0119 na spore zamieszanie! Dlatego ja dzisiaj wyje\u017cd\u017cam z Siedlec i przemieszczam si\u0119 do Lublina, ale nie najprostsz\u0105 drog\u0105. Bo postaram si\u0119 za\u0142atwi\u0107 \u201epo drodze\u201d to i owo. A zacz\u0105\u0142em ten dzie\u0144 o 7:00 \u2013 Msz\u0105 \u015awi\u0119t\u0105 w Katedrze siedleckiej.<\/span><\/span><\/span><\/p>\n<p align=\"justify\"><span style=\"color: #000000;\"><span style=\"font-family: Book Antiqua, serif;\"><span style=\"font-size: large;\">Drodzy moi, zechciejmy dzisiaj towarzyszy\u0107 modlitw\u0105 dw\u00f3m Kap\u0142anom: mojemu Przyjacielowi, Ksi\u0119dzu Mariuszowi Szyszko, kt\u00f3ry dzisiaj rozpoczyna pos\u0142ug\u0119 Proboszcza w Parafii Konstantyn\u00f3w, po zako\u0144czeniu pos\u0142ugi proboszczowskiej w Parafii Brzeziny; a tak\u017ce Ksi\u0119dzu Markowi Bie\u0144kowskiemu, kt\u00f3ry dzisiaj rozpoczyna pos\u0142ug\u0119 Proboszcza Parafii Brzeziny, po zako\u0144czeniu pos\u0142ugi na stanowisku Dyrektora Katolickiego Radia Podlasie. Obu nowym Proboszczom niech Pan b\u0142ogos\u0142awi. <\/span><\/span><\/span><\/p>\n<p align=\"justify\"><span style=\"color: #000000;\"><span style=\"font-family: Book Antiqua, serif;\"><span style=\"font-size: large;\">Niech b\u0142ogos\u0142awi tak\u017ce nowemu Dyrektorowi Katolickiego Radia Podlasie, Ksi\u0119dzu Przemys\u0142awowi \u015awiderskiemu.<\/span><\/span><\/span><\/p>\n<p align=\"justify\"><span style=\"color: #000000;\"><span style=\"font-family: Book Antiqua, serif;\"><span style=\"font-size: large;\">A teraz ju\u017c zapraszam do pochylenia si\u0119 nad Bo\u017cym s\u0142owem dzisiejszej liturgii. Oto s\u0142\u00f3wko Ksi\u0119dza Marka na dzi\u015b:<\/span><\/span><\/span><\/p>\n<p align=\"justify\"><span style=\"color: #000000;\"><span style=\"font-family: Book Antiqua, serif;\"><span style=\"font-size: medium;\"><a href=\"https:\/\/www.youtube.com\/c\/CatholicSurgut\"><span style=\"font-size: large;\"><span lang=\"zxx\"><u><b>https:\/\/www.youtube.com\/c\/CatholicSurgut<\/b><\/u><\/span><\/span><\/a><\/span><\/span><\/span><\/p>\n<p align=\"justify\"><span style=\"color: #000000;\"><span style=\"font-family: Book Antiqua, serif;\"><span style=\"font-size: large;\"><span lang=\"zxx\">Zatem, <\/span><span lang=\"zxx\"><b>c<\/b><\/span><b>o dzi\u015b m\u00f3wi do mnie Pan? Z jakim osobistym przes\u0142aniem zwraca si\u0119 w\u0142a\u015bnie do mnie?<\/b> Duchu \u015awi\u0119ty, b\u0105d\u017a \u015bwiat\u0142em i natchnieniem!<\/span><\/span><\/span><\/p>\n<p align=\"justify\"><span style=\"color: #000000;\"><span style=\"font-family: Book Antiqua, serif;\"><span style=\"font-size: large;\"><b>Niech Was b\u0142ogos\u0142awi B\u00f3g Wszechmog\u0105cy: Ojciec + i Syn, i Duch \u015awi\u0119ty. Amen<\/b><\/span><\/span><\/span><\/p>\n<p align=\"center\"><span style=\"color: #000000;\"><span style=\"font-family: Book Antiqua, serif;\"><span style=\"font-size: large;\">Gaudium et spes! Ks. Jacek<\/span><\/span><\/span><\/p>\n<p align=\"center\">\n<p align=\"center\">\n<p align=\"center\">\n<p align=\"center\">\n<p align=\"center\">\n<p align=\"justify\"><span style=\"color: #000000;\"><span style=\"font-family: Book Antiqua, serif;\"><span style=\"font-size: large;\"><b>Czwartek 33 Tygodnia zwyk\u0142ego, rok II,<\/b><\/span><\/span><\/span><\/p>\n<p align=\"justify\"><span style=\"color: #000000;\"><span style=\"font-family: Book Antiqua, serif;\"><span style=\"font-size: large;\"><b>Wspomnienie Ofiarowania Naj\u015bwi\u0119tszej Maryi Panny,<\/b><\/span><\/span><\/span><\/p>\n<p align=\"justify\"><span style=\"color: #000000;\"><span style=\"font-family: Book Antiqua, serif;\"><span style=\"font-size: large;\"><b>21 listopada 2024.,<\/b><\/span><\/span><\/span><\/p>\n<p align=\"justify\"><span style=\"color: #000000;\"><span style=\"font-family: Book Antiqua, serif;\"><span style=\"font-size: large;\"><b>do czyta\u0144: Ap 5,1\u201310; \u0141k 19,41\u201344<\/b><\/span><\/span><\/span><\/p>\n<p align=\"justify\">\n<p align=\"justify\">\n<p align=\"justify\">\n<p align=\"justify\">\n<p align=\"justify\">\n<p align=\"justify\"><span style=\"color: #000000;\"><span style=\"font-family: Book Antiqua, serif;\"><span style=\"font-size: large;\"><b>CZYTANIE Z KSI\u0118GI APOKALIPSY \u015aWI\u0118TEGO JANA APOSTO\u0141A:<\/b><\/span><\/span><\/span><\/p>\n<p align=\"justify\"><span style=\"color: #000000;\"><span style=\"font-family: Book Antiqua, serif;\"><span style=\"font-size: large;\"><b>Ja, Jan, ujrza\u0142em na prawej r\u0119ce Zasiadaj\u0105cego na tronie ksi\u0119g\u0119 zapisan\u0105 wewn\u0105trz i na odwrocie zapiecz\u0119towan\u0105 na siedem piecz\u0119ci.<\/b><\/span><\/span><\/span><\/p>\n<p align=\"justify\"><span style=\"color: #000000;\"><span style=\"font-family: Book Antiqua, serif;\"><span style=\"font-size: large;\"><b>I ujrza\u0142em pot\u0119\u017cnego anio\u0142a, obwieszczaj\u0105cego g\u0142osem dono\u015bnym: \u201eKto godzien jest otworzy\u0107 ksi\u0119g\u0119 i z\u0142ama\u0107 jej piecz\u0119cie?\u201d A nie m\u00f3g\u0142 nikt na niebie ani na ziemi, ani pod ziemi\u0105 otworzy\u0107 ksi\u0119gi ani na ni\u0105 patrze\u0107. A ja bardzo p\u0142aka\u0142em, \u017ce nikt nie znalaz\u0142 si\u0119 godzien, by ksi\u0119g\u0119 otworzy\u0107 ani na ni\u0105 patrze\u0107.<\/b><\/span><\/span><\/span><\/p>\n<p align=\"justify\"><span style=\"color: #000000;\"><span style=\"font-family: Book Antiqua, serif;\"><span style=\"font-size: large;\"><b>I m\u00f3wi do mnie jeden ze Starc\u00f3w: \u201ePrzesta\u0144 p\u0142aka\u0107: Oto zwyci\u0119\u017cy\u0142 Lew z pokolenia Judy, Odro\u015bl Dawida, by otworzy\u0107 ksi\u0119g\u0119 i siedem jej piecz\u0119ci\u201d.<\/b><\/span><\/span><\/span><\/p>\n<p align=\"justify\"><span style=\"color: #000000;\"><span style=\"font-family: Book Antiqua, serif;\"><span style=\"font-size: large;\"><b>I ujrza\u0142em mi\u0119dzy tronem z czworgiem Zwierz\u0105t a kr\u0119giem Starc\u00f3w stoj\u0105cego Baranka jakby zabitego, a mia\u0142 siedem rog\u00f3w i siedmioro oczu, kt\u00f3rymi jest Siedem Duch\u00f3w Boga wys\u0142anych na ca\u0142\u0105 ziemi\u0119. I poszed\u0142, i z prawicy Zasiadaj\u0105cego na tronie wzi\u0105\u0142 ksi\u0119g\u0119. A kiedy wzi\u0105\u0142 ksi\u0119g\u0119, czworo Zwierz\u0105t i dwudziestu czterech Starc\u00f3w upad\u0142o przed Barankiem, ka\u017cdy maj\u0105c harf\u0119 i z\u0142ote czasze pe\u0142ne kadzide\u0142, kt\u00f3rymi s\u0105 modlitwy \u015bwi\u0119tych. I tak\u0105 now\u0105 pie\u015b\u0144 \u015bpiewaj\u0105: \u201eGodzien jeste\u015b wzi\u0105\u0107 ksi\u0119g\u0119 i jej piecz\u0119cie otworzy\u0107, bo zosta\u0142e\u015b zabity i naby\u0142e\u015b Bogu krwi\u0105 Twoj\u0105 ludzi z ka\u017cdego pokolenia, j\u0119zyka, ludu i narodu i uczyni\u0142e\u015b ich Bogu naszemu kr\u00f3lestwem i kap\u0142anami, a b\u0119d\u0105 kr\u00f3lowa\u0107 na ziemi\u201d.<\/b><\/span><\/span><\/span><\/p>\n<p align=\"justify\">\n<p align=\"justify\">\n<p align=\"justify\">\n<p align=\"justify\">\n<p align=\"justify\">\n<p align=\"justify\"><span style=\"color: #000000;\"><span style=\"font-family: Book Antiqua, serif;\"><span style=\"font-size: large;\"><b>S\u0141OWA EWANGELII WED\u0141UG \u015aWI\u0118TEGO \u0141UKASZA:<\/b><\/span><\/span><\/span><\/p>\n<p align=\"justify\"><span style=\"color: #000000;\"><span style=\"font-family: Book Antiqua, serif;\"><span style=\"font-size: large;\"><b>Gdy Jezus by\u0142 ju\u017c blisko Jerozolimy, na widok miasta zap\u0142aka\u0142 nad nim i rzek\u0142: \u201eO gdyby\u015b i ty pozna\u0142o w ten dzie\u0144 to, co s\u0142u\u017cy pokojowi. Ale teraz zosta\u0142o to zakryte przed twoimi oczami.<\/b><\/span><\/span><\/span><\/p>\n<p align=\"justify\"><span style=\"color: #000000;\"><span style=\"font-family: Book Antiqua, serif;\"><span style=\"font-size: large;\"><b>Bo przyjd\u0105 na ciebie dni, gdy twoi nieprzyjaciele otocz\u0105 ci\u0119 wa\u0142em, oblegn\u0105 ci\u0119 i \u015bcisn\u0105 zewsz\u0105d. Powal\u0105 na ziemi\u0119 ciebie i twoje dzieci z tob\u0105 i nie zostawi\u0105 w tobie kamienia na kamieniu za to, \u017ce\u015b nie rozpozna\u0142o czasu twojego nawiedzenia\u201d.<\/b><\/span><\/span><\/span><\/p>\n<p align=\"justify\">\n<p align=\"justify\">\n<p align=\"justify\">\n<p align=\"justify\">\n<p align=\"justify\">\n<p align=\"justify\"><span style=\"color: #000000;\"><span style=\"font-family: Book Antiqua, serif;\"><span style=\"font-size: large;\">I znowu <b>obraz Ksi\u0119gi\u2026<\/b> Cz\u0119sto pojawia si\u0119 on na kartach Biblii, a w zwi\u0105zku z tym \u2013 tak\u017ce w czytaniach liturgicznych. Tyle, \u017ce w r\u00f3\u017cnych kontekstach. Oto widzimy \u2013 oczami wyobra\u017ani, poruszeniem serca \u2013 i\u017c wspomniana dzisiaj Ksi\u0119ga spoczywa <i><b>na prawej r\u0119ce Zasiadaj\u0105cego na tronie.<\/b><\/i> I wiemy, \u017ce jest ona zapisana od wewn\u0105trz, na zewn\u0105trz za\u015b \u2013 <b>zapiecz\u0119towana.<\/b> W powszechnej opinii komentator\u00f3w biblijnych, Ksi\u0119ga ta zawiera\u0142a <b>opis przysz\u0142ych los\u00f3w \u015bwiata i Ko\u015bcio\u0142a. <\/b><\/span><\/span><\/span><\/p>\n<p align=\"justify\"><span style=\"color: #000000;\"><span style=\"font-family: Book Antiqua, serif;\"><span style=\"font-size: large;\">I od razu prosta, logiczna refleksja ka\u017ce przyj\u0105\u0107 skojarzenie, \u017ce je\u017celi jest ona zapisana \u2013 <b>to kto\u015b musia\u0142 j\u0105 zapisa\u0107.<\/b> I je\u017celi jest zapiecz\u0119towana \u2013 <b>to kto\u015b musia\u0142 j\u0105 zapiecz\u0119towa\u0107. <\/b>A je\u017celi spoczywa ona <i><b>na r\u0119ku Zasiadaj\u0105cego na tronie,<\/b><\/i> to kto tak naprawd\u0119 m\u00f3g\u0142 tego dokona\u0107, je\u017celi nie w\u0142a\u015bnie \u00f3w Zasiadaj\u0105cy? Kto\u015b z \u201esekretariatu niebieskiego\u201d? Kto\u015b z otoczenia owego Zasiadaj\u0105cego? Mo\u017ce kt\u00f3ry\u015b z Anio\u0142\u00f3w? <\/span><\/span><\/span><\/p>\n<p align=\"justify\"><span style=\"color: #000000;\"><span style=\"font-family: Book Antiqua, serif;\"><span style=\"font-size: large;\">Nie, <b>to jest w gestii W\u0142adcy \u015bwiata i wszech\u015bwiata<\/b> postanowi\u0107 odno\u015bnie do przysz\u0142ych czas\u00f3w, czego symbolem jest owych siedem piecz\u0119ci, a wi\u0119c podkre\u015blenie, i\u017c mamy do czynienia<b> z pe\u0142n\u0105 tajemnic\u0105, zastrze\u017con\u0105 tylko Bogu.<\/b> Ale B\u00f3g chce nam j\u0105 objawi\u0107 \u2013 tylko komu mo\u017ce j\u0105 powierzy\u0107? W\u0142a\u015bnie, kto jest w stanie \u2013 by tak to uj\u0105\u0107 \u2013 <b>ud\u017awign\u0105\u0107 jej wielko\u015b\u0107<\/b> i niezmierzono\u015b\u0107? <\/span><\/span><\/span><\/p>\n<p align=\"justify\"><span style=\"color: #000000;\"><span style=\"font-family: Book Antiqua, serif;\"><span style=\"font-size: large;\">Wielki p\u0142acz Aposto\u0142a Jana, spowodowany tym, <i><b>\u017ce nikt nie znalaz\u0142 si\u0119 godzien, by ksi\u0119g\u0119 otworzy\u0107 ani na ni\u0105 patrze\u0107 \u2013<\/b><\/i><b> <\/b>oznacza <b>bezradno\u015b\u0107 <\/b><b>ludzi<\/b> wobec wielko\u015bci Bo\u017cych tajemnic. Nikt z ludzi, <b>o w\u0142asnych si\u0142ach, <\/b>nie jest w stanie nie tylko zg\u0142\u0119bi\u0107 Bo\u017cych zamiar\u00f3w, ale nawet ich pozna\u0107! Je\u017celi B\u00f3g sam tego nie objawi. <\/span><\/span><\/span><\/p>\n<p align=\"justify\"><span style=\"color: #000000;\"><span style=\"font-family: Book Antiqua, serif;\"><span style=\"font-size: large;\"><b>Ale On chce to <\/b><b>objawi\u0107. <\/b>Dlatego oddaje t\u0119 Ksi\u0119g\u0119 Bo\u017cych plan\u00f3w i przeznacze\u0144 <b>w r\u0119ce swojego Syna,<\/b> o czym Autor Ksi\u0119gi Apokalipsy tak pisze: <i><b>I ujrza\u0142em mi\u0119dzy tronem z czworgiem Zwierz\u0105t a kr\u0119giem Starc\u00f3w stoj\u0105cego Baranka jakby zabitego, a mia\u0142 siedem rog\u00f3w i siedmioro oczu, kt\u00f3rymi jest Siedem Duch\u00f3w Boga wys\u0142anych na ca\u0142\u0105 ziemi\u0119. I poszed\u0142, i z prawicy Zasiadaj\u0105cego na tronie wzi\u0105\u0142 ksi\u0119g\u0119. A kiedy wzi\u0105\u0142 ksi\u0119g\u0119, czworo Zwierz\u0105t i dwudziestu czterech Starc\u00f3w upad\u0142o przed Barankiem, ka\u017cdy maj\u0105c harf\u0119 i z\u0142ote czasze pe\u0142ne kadzide\u0142, kt\u00f3rymi s\u0105 modlitwy \u015bwi\u0119tych. I tak\u0105 now\u0105 pie\u015b\u0144 \u015bpiewaj\u0105: \u201eGodzien jeste\u015b wzi\u0105\u0107 ksi\u0119g\u0119 i jej piecz\u0119cie otworzy\u0107, bo zosta\u0142e\u015b zabity i naby\u0142e\u015b Bogu krwi\u0105 Twoj\u0105 ludzi z ka\u017cdego pokolenia, j\u0119zyka, ludu i narodu i uczyni\u0142e\u015b ich Bogu naszemu kr\u00f3lestwem i kap\u0142anami, a b\u0119d\u0105 kr\u00f3lowa\u0107 na ziemi\u201d. <\/b><\/i><\/span><\/span><\/span><\/p>\n<p align=\"justify\"><span style=\"color: #000000;\"><span style=\"font-family: Book Antiqua, serif;\"><span style=\"font-size: large;\">W\u0142a\u015bnie! Jezus Chrystus swoj\u0105 zbawcz\u0105 Ofiar\u0105, <b>otworzy\u0142 przed nami wszystkie bramy Nieba! <\/b>Z\u0142ama\u0142 piecz\u0119cie <b>wszystkich Ksi\u0105g,<\/b> w Niebie zapisanych! Co wi\u0119cej, <b>zapisa\u0142 nasze imiona w Ksi\u0119dze zbawionych<\/b> \u2013 daj\u0105c nam szans\u0119, kt\u00f3rej sami z siebie nie byliby\u015bmy w stanie osi\u0105gn\u0105\u0107. Ale do nas nale\u017cy teraz t\u0119 szans\u0119 wykorzysta\u0107! I <b>nie wykre\u015bli\u0107 siebie samego<\/b> z Ksi\u0119gi zbawionych, do kt\u00f3rej Pan nas zapisa\u0142. I nie <b>zamkn\u0105\u0107 przed sob\u0105 tej Ksi\u0119gi Bo\u017cych Objawie\u0144,<\/b> kt\u00f3r\u0105 \u2013 jak dzisiaj s\u0142yszymy \u2013 \u00abBaranek jakby zabity\u00bb, czyli sk\u0142adaj\u0105cy w Ofierze swoje \u017cycie ludzkie, ale zmartwychwsta\u0142y, dla nas otworzy\u0142. <\/span><\/span><\/span><\/p>\n<p align=\"justify\"><span style=\"color: #000000;\"><span style=\"font-family: Book Antiqua, serif;\"><span style=\"font-size: large;\"><b>To od nas zale\u017cy, <\/b>co zrobimy z tymi niezwyk\u0142ymi darami, kt\u00f3re otrzymali\u015bmy. Jak s\u0142yszymy w Ewangelii, temu zadaniu \u2013 jako pierwszy \u2013 nie sprosta\u0142 ju\u017c nar\u00f3d wybrany! I to w czasie, kiedy \u017cy\u0142 w nim i dzia\u0142a\u0142 sam Bo\u017cy Syn. On sam, Jezus Chrystus, m\u00f3wi o tym dzisiaj w spos\u00f3b niezwykle dramatyczny, o czym s\u0142yszymy w opisie ewangelicznym: <i><b>O gdyby\u015b i ty pozna\u0142o w ten dzie\u0144 to, co s\u0142u\u017cy pokojowi. Ale teraz zosta\u0142o to zakryte przed twoimi oczami. Bo przyjd\u0105 na ciebie dni, gdy twoi nieprzyjaciele otocz\u0105 ci\u0119 wa\u0142em, oblegn\u0105 ci\u0119 i \u015bcisn\u0105 zewsz\u0105d. Powal\u0105 na ziemi\u0119 ciebie i twoje dzieci z tob\u0105 i nie zostawi\u0105 w tobie kamienia na kamieniu za to, \u017ce\u015b nie rozpozna\u0142o czasu twojego nawiedzenia. <\/b><\/i><\/span><\/span><\/span><\/p>\n<p align=\"justify\"><span style=\"color: #000000;\"><span style=\"font-family: Book Antiqua, serif;\"><span style=\"font-size: large;\">Zwr\u00f3\u0107my uwag\u0119, \u017ce m\u00f3wi\u0105c to \u2013 <b>Jezus p\u0142aka\u0142.<\/b> W pierwszym czytaniu z kolei s\u0142yszeli\u015bmy, \u017ce i <b>Aposto\u0142 Jan p\u0142aka\u0142. <\/b>Tylko Aposto\u0142 p\u0142aka\u0142 nad tym, \u017ce nikt z ludzi <b>nie jest w stanie otworzy\u0107<\/b> Ksi\u0119gi i jej odczyta\u0107. Natomiast Jezus, Bo\u017cy Syn, p\u0142aka\u0142 nad tym, \u017ce otwartej przez Niego Ksi\u0119gi <b>nikt nie chce czyta\u0107!<\/b> Kt\u00f3ry p\u0142acz jest bardziej dramatyczny? Czy\u017c nie ten drugi? Bo na ten pierwszy \u2013 Jezus zaradzi\u0142. Ale na ten drugi \u2013 to <b>ju\u017c musi zaradzi\u0107 ka\u017cdy z nas.<\/b> <\/span><\/span><\/span><\/p>\n<p align=\"justify\"><span style=\"color: #000000;\"><span style=\"font-family: Book Antiqua, serif;\"><span style=\"font-size: large;\">Dlatego niech wyra\u017anym potwierdzeniem tego, \u017ce chcemy czyta\u0107 z otwartej dla nas Ksi\u0119gi Bo\u017cego Objawienia b\u0119dzie to, \u017ce <b>cz\u0119sto b\u0119dziemy otwiera\u0107<\/b> t\u0119 w\u0142a\u015bnie Ksi\u0119g\u0119 Objawienia, <b>jak\u0105 jest Pismo \u015awi\u0119te <\/b>\u2013 i czyta\u0107, i bra\u0107 do serca, i zamienia\u0107 s\u0142owo w czyn. Ale te\u017c \u2013 \u017ce b\u0119dziemy <b>odczytywa\u0107 wiele innych znak\u00f3w, <\/b>jakie Pan codziennie nam daje. <\/span><\/span><\/span><\/p>\n<p align=\"justify\"><span style=\"color: #000000;\"><span style=\"font-family: Book Antiqua, serif;\"><span style=\"font-size: large;\">Bo jako chrze\u015bcijanie, a wi\u0119c jako przyjaciele Jezusa Chrystusa \u2013 Jego uczniowie, wyznawcy, na\u015bladowcy i \u015bwiadkowie \u2013 \u017cyjemy w\u0142a\u015bnie<b> w czasie naszego nawiedzenia:<\/b> tak, w czasie nawiedzenia naszych czas\u00f3w i naszego \u017cycia przez bezgraniczn\u0105, zbawcz\u0105 mi\u0142o\u015b\u0107 Jezusa! <b>Oby\u015bmy rozpoznali czas swego nawiedzenia! <\/b><\/span><\/span><\/span><\/p>\n<p align=\"justify\"><span style=\"color: #000000;\"><span style=\"font-family: Book Antiqua, serif;\"><span style=\"font-size: large;\">I niech nam w tym pomo\u017ce Ta, kt\u00f3ra czas swojego nawiedzenia rozpozna\u0142a w spos\u00f3b wr\u0119cz doskona\u0142y i wzorcowy: Naj\u015bwi\u0119tsza Maryja Panna, kt\u00f3r\u0105 wspominamy dzi\u015b w liturgii, w tajemnicy <b>Jej <\/b><b>O<\/b><b>fiarowani<\/b><b>a<\/b><b>.<\/b> O czym dok\u0142adnie m\u00f3wimy?<\/span><\/span><\/span><\/p>\n<p align=\"justify\"><span style=\"color: #000000;\"><span style=\"font-size: large;\"><span style=\"font-family: Book Antiqua, serif;\">Ot<\/span><span style=\"font-family: Book Antiqua, serif;\">\u00f3<\/span><span style=\"font-family: Book Antiqua, serif;\">\u017c<\/span><span style=\"font-family: Book Antiqua, serif;\">,<\/span><span style=\"font-family: Book Antiqua, serif;\"> w<\/span><span style=\"font-family: Book Antiqua, serif;\"> dawnych czasach istnia\u0142 w\u015br\u00f3d \u017byd\u00f3w <\/span><span style=\"font-family: Book Antiqua, serif;\"><b>zwyczaj religijny,<\/b><\/span><span style=\"font-family: Book Antiqua, serif;\"> polegaj\u0105cy na tym, \u017ce dzieci \u2013 nawet jeszcze nie narodzone \u2013 <\/span><span style=\"font-family: Book Antiqua, serif;\"><b>ofiarowano na s\u0142u\u017cb\u0119 Bo\u017c\u0105.<\/b><\/span><span style=\"font-family: Book Antiqua, serif;\"> Dziecko, zanim uko\u0144czy\u0142o pi\u0105ty rok \u017cycia, <\/span><span style=\"font-family: Book Antiqua, serif;\"><b>zabierano do \u015bwi\u0105tyni w Jerozolimie i oddawano kap\u0142anowi, kt\u00f3ry je przestawia\u0142 Panu.<\/b><\/span><span style=\"font-family: Book Antiqua, serif;\"> Zdarza\u0142o si\u0119 czasem, \u017ce dziecko pozostawa\u0142o d\u0142u\u017cej w \u015bwi\u0105tyni, wychowywa\u0142o si\u0119, uczy\u0142o s\u0142u\u017cby dla sanktuarium, pomaga\u0142o wykonywa\u0107 szaty liturgiczne i asystowa\u0142o podczas nabo\u017ce\u0144stw. <\/span><\/span><\/span><\/p>\n<p align=\"justify\"><span style=\"color: #000000;\"><span style=\"font-size: large;\"><span style=\"font-family: Book Antiqua, serif;\">Na temat takiego w\u0142a\u015bnie <\/span><span style=\"font-family: Book Antiqua, serif;\"><b>ofiarowania Maryi nic nie m\u00f3wi\u0105 Ewangelie,<\/b><\/span><span style=\"font-family: Book Antiqua, serif;\"> sporo tre\u015bci zawieraj\u0105 natomiast <\/span><span style=\"font-family: Book Antiqua, serif;\"><b>pisma apokryficzne,<\/b><\/span><span style=\"font-family: Book Antiqua, serif;\"> a wi\u0119c te, kt\u00f3re powstawa\u0142y jednocze\u015bnie z Ewangeliami i <\/span><span style=\"font-family: Book Antiqua, serif;\">L<\/span><span style=\"font-family: Book Antiqua, serif;\">istami apostolskimi, <\/span><span style=\"font-family: Book Antiqua, serif;\"><b>ale nie zosta\u0142y w\u0142\u0105czone do kanonu Pisma \u015awi\u0119tego.<\/b><\/span><\/span><\/span><\/p>\n<p align=\"justify\"><span style=\"color: #000000;\"><span style=\"font-size: large;\"><span style=\"font-family: Book Antiqua, serif;\">I tak chocia\u017cby, napisany oko\u0142o 140 roku po narodzeniu Jezusa utw\u00f3r, zatytu\u0142owany: <\/span><span style=\"font-family: Book Antiqua, serif;\"><b>\u201eProtoewangelia Jakuba\u201d,<\/b><\/span><span style=\"font-family: Book Antiqua, serif;\"> stwierdza, \u017ce rodzicami Maryi byli \u015awi\u0119ty Joachim i \u015awi\u0119ta Anna, i \u017ce stali si\u0119 Jej rodzicami <\/span><span style=\"font-family: Book Antiqua, serif;\"><b>w bardzo p\u00f3\u017anym wieku. <\/b><\/span><span style=\"font-family: Book Antiqua, serif;\">Dlatego przed swoj\u0105 \u015bmierci\u0105<\/span><span style=\"font-family: Book Antiqua, serif;\"><b> oddali Maryj\u0119 na wychowanie i nauk\u0119 do \u015bwi\u0105tyni,<\/b><\/span><span style=\"font-family: Book Antiqua, serif;\"> gdy Maryja mia\u0142a zaledwie trzy lata. Mieli J\u0105 odda\u0107 w\u00f3wczas kap\u0142anowi Zachariaszowi, kt\u00f3ry kilka lat p\u00f3\u017aniej sta\u0142 si\u0119 ojcem \u015awi\u0119tego Jana Chrzciciela. Maryja pozosta\u0142a w \u015bwi\u0105tyni oko\u0142o dwunastu lat. <\/span><\/span><\/span><\/p>\n<p align=\"justify\"><span style=\"color: #000000;\"><span style=\"font-size: large;\"><span style=\"font-family: Book Antiqua, serif;\">Opis ten powtarza inny apokryf, a mianowicie pochodz\u0105ca z VI wieku <\/span><span style=\"font-family: Book Antiqua, serif;\"><b>\u201eKsi\u0119ga Narodzin B\u0142ogos\u0142awionej Maryi i Dzieci\u0119ctwa Zbawiciela\u201d,<\/b><\/span><span style=\"font-family: Book Antiqua, serif;\"> a tak\u017ce pochodz\u0105cy z tego samego czasu apokryf, zatytu\u0142owany: <\/span><span style=\"font-family: Book Antiqua, serif;\"><b>\u201eEwangelia Narodzenia Maryi\u201d.<\/b><\/span><span style=\"font-family: Book Antiqua, serif;\"> R\u00f3wnie\u017c wielu Ojc\u00f3w Ko\u015bcio\u0142a na Wschodzie jest przekonanych, i\u017c taki fakt mia\u0142 miejsce.<\/span><\/span><\/span><\/p>\n<p align=\"justify\"><span style=\"color: #000000;\"><span style=\"font-size: large;\"><span style=\"font-family: Book Antiqua, serif;\">Jednak\u017ce wielu innych autor\u00f3w katolickich <\/span><span style=\"font-family: Book Antiqua, serif;\"><b>w og\u00f3le odrzuca mo\u017cliwo\u015b\u0107 tego, i\u017cby Maryja mog\u0142a przebywa\u0107 w \u015bwi\u0105tyni.<\/b><\/span><span style=\"font-family: Book Antiqua, serif;\"> A uzasadniaj\u0105 to w ten spos\u00f3b, \u017ce nie mamy \u017cadnego potwierdzenia w Pi\u015bmie \u015awi\u0119tym <\/span><span style=\"font-family: Book Antiqua, serif;\"><b>na istnienie przy <\/b><\/span><span style=\"font-family: Book Antiqua, serif;\"><b>\u015b<\/b><\/span><span style=\"font-family: Book Antiqua, serif;\"><b>wi\u0105tyni jakiego\u015b przybytku dla dziewcz\u0105t.<\/b><\/span><span style=\"font-family: Book Antiqua, serif;\"> Wydaje si\u0119 te\u017c rzecz\u0105 nieprawdopodobn\u0105, by mia\u0142y tam by\u0107 dzieci, kt\u00f3rych wychowaniem zajmowa\u0142yby si\u0119 niewiasty \u2013 <\/span><span style=\"font-family: Book Antiqua, serif;\"><b>kobietom bowiem wst\u0119p w obr\u0119b \u015bwi\u0105tyni by\u0142 zakazany. <\/b><\/span><\/span><\/span><\/p>\n<p align=\"justify\"><span style=\"color: #000000;\"><span style=\"font-size: large;\"><span style=\"font-family: Book Antiqua, serif;\">Pomimo jednak tego, \u017ce <\/span><span style=\"font-family: Book Antiqua, serif;\"><b>brak jest jednoznacznych wskaza\u0144 na historyczny fakt ofiarowania Maryi<\/b><\/span><span style=\"font-family: Book Antiqua, serif;\"> i \u017ce jest w tej sprawie tak znaczna rozbie\u017cno\u015b\u0107 zda\u0144, \u015bwi\u0119to to <\/span><span style=\"font-family: Book Antiqua, serif;\"><b>do\u015b\u0107 wcze\u015bnie zacz\u0119to w Ko\u015bciele obchodzi\u0107.<\/b><\/span><span style=\"font-family: Book Antiqua, serif;\"> By\u0107 mo\u017ce, zosta\u0142o to spowodowane tym, \u017ce w Ko\u015bciele wiele \u015bwi\u0105t, dotycz\u0105cych tajemnic \u017cycia Jezusa, <\/span><span style=\"font-family: Book Antiqua, serif;\"><b>obchodzi si\u0119 r\u00f3wnie\u017c \u2013 na zasadzie podobie\u0144stwa \u2013 w odniesieniu do \u017cycia Jego Matki.<\/b><\/span> <\/span><\/span><\/p>\n<p align=\"justify\"><span style=\"color: #000000;\"><span style=\"font-size: large;\"><span style=\"font-family: Book Antiqua, serif;\">I tak oto, skoro obchodzimy uroczy\u015bcie Pocz\u0119cie Jezusa, to obchodzimy te\u017c <\/span><span style=\"font-family: Book Antiqua, serif;\"><b>Pocz\u0119cie Maryi.<\/b><\/span><span style=\"font-family: Book Antiqua, serif;\"> Skoro prze\u017cywamy Narodzenie Jezusa \u2013 to obchodzimy r\u00f3wnie\u017c <\/span><span style=\"font-family: Book Antiqua, serif;\"><b>Narodzenie Maryi.<\/b><\/span><span style=\"font-family: Book Antiqua, serif;\"> I skoro obchodzimy Wniebowst\u0105pienie Jezusa \u2013 to prze\u017cywamy tak\u017ce <\/span><span style=\"font-family: Book Antiqua, serif;\"><b>Wniebowzi\u0119cie Maryi.<\/b><\/span><span style=\"font-family: Book Antiqua, serif;\"> Wydaje si\u0119 zatem naturalne obchodzenie \u2013 obok \u015bwi\u0119ta Ofiarowania Chrystusa \u2013 tak\u017ce \u015bwi\u0119ta <\/span><span style=\"font-family: Book Antiqua, serif;\"><b>Ofiarowania Jego Matki. <\/b><\/span><\/span><\/span><\/p>\n<p align=\"justify\"><span style=\"color: #000000;\"><span style=\"font-size: large;\"><span style=\"font-family: Book Antiqua, serif;\">I w\u0142a\u015bnie dla uczczenia tej tajemnicy obchodzono osobne \u015bwi\u0119to najpierw w Jerozolimie, a mia\u0142o to miejsce prawdopodobnie <\/span><span style=\"font-family: Book Antiqua, serif;\"><b>ju\u017c w VI wieku,<\/b><\/span><span style=\"font-family: Book Antiqua, serif;\"> kiedy to w tym\u017ce mie\u015bcie po\u015bwi\u0119cono ko\u015bci\u00f3\u0142 pod wezwaniem Naj\u015bwi\u0119tszej Maryi Panny. Od VIII wieku obchodzono je ju\u017c na ca\u0142ym Wschodzie, <\/span><span style=\"font-family: Book Antiqua, serif;\"><b>a w 1585 roku Papie\u017c Sykstus V rozszerzy\u0142 je na ca\u0142y Ko\u015bci\u00f3\u0142. <\/b><\/span><\/span><\/span><\/p>\n<p align=\"justify\"><span style=\"color: #000000;\"><span style=\"font-size: large;\"><span style=\"font-family: Book Antiqua, serif;\">Nawet zatem, je\u017celi <\/span><span style=\"font-family: Book Antiqua, serif;\"><b>nie mamy zupe\u0142nej pewno\u015bci co do historycznego faktu ofiarowania Maryi w \u015bwi\u0105tyni,<\/b><\/span><span style=\"font-family: Book Antiqua, serif;\"> nie zmienia to faktu, \u017ce to dzisiejsze wspomnienie ma <\/span><span style=\"font-family: Book Antiqua, serif;\"><b>bardzo g\u0142\u0119bok\u0105 tre\u015b\u0107 teologiczn\u0105, <\/b><\/span><span style=\"font-family: Book Antiqua, serif;\">o du\u017cym znaczeniu dla wzrostu naszej wiary. Oto bowiem Maryja, od momentu, w kt\u00f3rym zosta\u0142a niepokalanie pocz\u0119ta, poprzez swe narodziny i przez ca\u0142e \u017cycie \u2013 <\/span><span style=\"font-family: Book Antiqua, serif;\"><b>by\u0142a oddana Bogu.<\/b><\/span> <\/span><\/span><\/p>\n<p align=\"justify\"><span style=\"color: #000000;\"><span style=\"font-family: Book Antiqua, serif;\"><span style=\"font-size: large;\">Maj\u0105c to w \u015bwiadomo\u015bci i odnosz\u0105c to bezpo\u015brednio do tre\u015bci dzisiejszych czyta\u0144 mszalnych oraz zwi\u0105zanych z nimi naszych refleksji, zapytajmy samych siebie raz jeszcze, jak dbamy o to, a<b>by nasze \u017cycie oddawa\u0107 Bogu, ofiarowa\u0107 Bogu<\/b> \u2013 poczynaj\u0105c od tego, \u017ce zrobimy wszystko, co w naszej mocy, wspartej \u0142ask\u0105 Bo\u017c\u0105, aby <b>rozpozna\u0107 czas swego nawiedzenia\u2026<\/b><\/span><\/span><\/span><\/p>\n","protected":false},"excerpt":{"rendered":"<p>Szcz\u0119\u015b\u0107 Bo\u017ce! Moi Drodzy, w dniu dzisiejszym imieniny prze\u017cywaj\u0105: \u25baKsi\u0105dz Janusz Wolski, Proboszcz Parafii Ducha \u015awi\u0119tego, przy kt\u00f3rej przez jaki\u015b czas funkcjonowa\u0142o nasze Duszpasterstwo Akademickie; a przed wielu laty \u2013 pierwszy Wikariusz mojej rodzinnej Parafii, przygotowuj\u0105cy mnie do Pierwszej Komunii \u015awi\u0119tej; tak\u017ce \u2013 pierwszej Pierwszej Komunii \u015awi\u0119tej w historii naszej Parafii; \u25baKsi\u0105dz Janusz Sa\u0142aj, Kap\u0142an [&hellip;]<\/p>\n","protected":false},"author":1,"featured_media":0,"comment_status":"open","ping_status":"open","sticky":false,"template":"","format":"standard","meta":{"jetpack_post_was_ever_published":false,"_jetpack_newsletter_access":"","_jetpack_dont_email_post_to_subs":false,"_jetpack_newsletter_tier_id":0,"_jetpack_memberships_contains_paywalled_content":false,"_jetpack_memberships_contains_paid_content":false,"footnotes":""},"categories":[1],"tags":[],"class_list":["post-23144","post","type-post","status-publish","format-standard","hentry","category-bez-kategorii"],"yoast_head":"<!-- This site is optimized with the Yoast SEO plugin v25.1 - https:\/\/yoast.com\/wordpress\/plugins\/seo\/ -->\n<title>Kto otworzy Ksi\u0119g\u0119?... - Gaudium Et Spes<\/title>\n<meta name=\"robots\" content=\"index, follow, max-snippet:-1, max-image-preview:large, max-video-preview:-1\" \/>\n<link rel=\"canonical\" href=\"https:\/\/gaudiumetspes-blog.pl\/index.php\/2024\/11\/21\/kto-otworzy-ksiege\/\" \/>\n<meta property=\"og:locale\" content=\"pl_PL\" \/>\n<meta property=\"og:type\" content=\"article\" \/>\n<meta property=\"og:title\" content=\"Kto otworzy Ksi\u0119g\u0119?... - Gaudium Et Spes\" \/>\n<meta property=\"og:description\" content=\"Szcz\u0119\u015b\u0107 Bo\u017ce! Moi Drodzy, w dniu dzisiejszym imieniny prze\u017cywaj\u0105: \u25baKsi\u0105dz Janusz Wolski, Proboszcz Parafii Ducha \u015awi\u0119tego, przy kt\u00f3rej przez jaki\u015b czas funkcjonowa\u0142o nasze Duszpasterstwo Akademickie; a przed wielu laty \u2013 pierwszy Wikariusz mojej rodzinnej Parafii, przygotowuj\u0105cy mnie do Pierwszej Komunii \u015awi\u0119tej; tak\u017ce \u2013 pierwszej Pierwszej Komunii \u015awi\u0119tej w historii naszej Parafii; \u25baKsi\u0105dz Janusz Sa\u0142aj, Kap\u0142an [&hellip;]\" \/>\n<meta property=\"og:url\" content=\"https:\/\/gaudiumetspes-blog.pl\/index.php\/2024\/11\/21\/kto-otworzy-ksiege\/\" \/>\n<meta property=\"og:site_name\" content=\"Gaudium Et Spes\" \/>\n<meta property=\"article:published_time\" content=\"2024-11-21T08:17:10+00:00\" \/>\n<meta name=\"author\" content=\"Ks. Jacek\" \/>\n<meta name=\"twitter:card\" content=\"summary_large_image\" \/>\n<meta name=\"twitter:label1\" content=\"Napisane przez\" \/>\n\t<meta name=\"twitter:data1\" content=\"Ks. Jacek\" \/>\n\t<meta name=\"twitter:label2\" content=\"Szacowany czas czytania\" \/>\n\t<meta name=\"twitter:data2\" content=\"12 minut\" \/>\n<script type=\"application\/ld+json\" class=\"yoast-schema-graph\">{\"@context\":\"https:\/\/schema.org\",\"@graph\":[{\"@type\":\"WebPage\",\"@id\":\"https:\/\/gaudiumetspes-blog.pl\/index.php\/2024\/11\/21\/kto-otworzy-ksiege\/\",\"url\":\"https:\/\/gaudiumetspes-blog.pl\/index.php\/2024\/11\/21\/kto-otworzy-ksiege\/\",\"name\":\"Kto otworzy Ksi\u0119g\u0119?... - Gaudium Et Spes\",\"isPartOf\":{\"@id\":\"https:\/\/gaudiumetspes-blog.pl\/#website\"},\"datePublished\":\"2024-11-21T08:17:10+00:00\",\"author\":{\"@id\":\"https:\/\/gaudiumetspes-blog.pl\/#\/schema\/person\/1661982992b752dea8dff0d4ed845a65\"},\"breadcrumb\":{\"@id\":\"https:\/\/gaudiumetspes-blog.pl\/index.php\/2024\/11\/21\/kto-otworzy-ksiege\/#breadcrumb\"},\"inLanguage\":\"pl-PL\",\"potentialAction\":[{\"@type\":\"ReadAction\",\"target\":[\"https:\/\/gaudiumetspes-blog.pl\/index.php\/2024\/11\/21\/kto-otworzy-ksiege\/\"]}]},{\"@type\":\"BreadcrumbList\",\"@id\":\"https:\/\/gaudiumetspes-blog.pl\/index.php\/2024\/11\/21\/kto-otworzy-ksiege\/#breadcrumb\",\"itemListElement\":[{\"@type\":\"ListItem\",\"position\":1,\"name\":\"Strona g\u0142\u00f3wna\",\"item\":\"https:\/\/gaudiumetspes-blog.pl\/\"},{\"@type\":\"ListItem\",\"position\":2,\"name\":\"Kto otworzy Ksi\u0119g\u0119?&#8230;\"}]},{\"@type\":\"WebSite\",\"@id\":\"https:\/\/gaudiumetspes-blog.pl\/#website\",\"url\":\"https:\/\/gaudiumetspes-blog.pl\/\",\"name\":\"Gaudium Et Spes\",\"description\":\"Blog Ks. Jacka Ja\u015bkowskiego\",\"potentialAction\":[{\"@type\":\"SearchAction\",\"target\":{\"@type\":\"EntryPoint\",\"urlTemplate\":\"https:\/\/gaudiumetspes-blog.pl\/?s={search_term_string}\"},\"query-input\":{\"@type\":\"PropertyValueSpecification\",\"valueRequired\":true,\"valueName\":\"search_term_string\"}}],\"inLanguage\":\"pl-PL\"},{\"@type\":\"Person\",\"@id\":\"https:\/\/gaudiumetspes-blog.pl\/#\/schema\/person\/1661982992b752dea8dff0d4ed845a65\",\"name\":\"Ks. Jacek\",\"image\":{\"@type\":\"ImageObject\",\"inLanguage\":\"pl-PL\",\"@id\":\"https:\/\/gaudiumetspes-blog.pl\/#\/schema\/person\/image\/\",\"url\":\"https:\/\/gaudiumetspes-blog.pl\/wp-content\/uploads\/2019\/07\/avatar-JJ-150x150.jpg\",\"contentUrl\":\"https:\/\/gaudiumetspes-blog.pl\/wp-content\/uploads\/2019\/07\/avatar-JJ-150x150.jpg\",\"caption\":\"Ks. Jacek\"},\"description\":\"Witam serdecznie! K\u0142ania si\u0119 Ks. Jacek Ja\u015bkowski. Nie jestem ani kim\u015b wa\u017cnym, ani kim\u015b znanym. Jestem ksi\u0119dzem, kt\u00f3ry po prostu chce rozmawia\u0107. Codzienna kap\u0142a\u0144ska pos\u0142uga pokazuje mi, \u017ce temat\u00f3w do rozm\u00f3w z ksi\u0119dzem jest coraz wi\u0119cej i dzisiaj \u017caden ksi\u0105dz nie mo\u017ce od nich ucieka\u0107, ale - wprost przeciwnie - podejmowa\u0107 nowe wyzwania. To przekonanie sk\u0142oni\u0142o mnie do pr\u00f3by otwarcia tego\u017c bloga, chocia\u017c okazji do rozm\u00f3w na co dzie\u0144 - w konfesjonale i poza nim - na szcz\u0119\u015bcie nie brakuje. My\u015bl\u0119 jednak, \u017ce ten blog b\u0119dzie jeszcze jednym sposobem i przestrzeni\u0105 nawi\u0105zania kontaktu z lud\u017ami dobrej woli, otwartymi na dialog.\",\"url\":\"https:\/\/gaudiumetspes-blog.pl\/index.php\/author\/ks-jacek\/\"}]}<\/script>\n<!-- \/ Yoast SEO plugin. -->","yoast_head_json":{"title":"Kto otworzy Ksi\u0119g\u0119?... - Gaudium Et Spes","robots":{"index":"index","follow":"follow","max-snippet":"max-snippet:-1","max-image-preview":"max-image-preview:large","max-video-preview":"max-video-preview:-1"},"canonical":"https:\/\/gaudiumetspes-blog.pl\/index.php\/2024\/11\/21\/kto-otworzy-ksiege\/","og_locale":"pl_PL","og_type":"article","og_title":"Kto otworzy Ksi\u0119g\u0119?... - Gaudium Et Spes","og_description":"Szcz\u0119\u015b\u0107 Bo\u017ce! Moi Drodzy, w dniu dzisiejszym imieniny prze\u017cywaj\u0105: \u25baKsi\u0105dz Janusz Wolski, Proboszcz Parafii Ducha \u015awi\u0119tego, przy kt\u00f3rej przez jaki\u015b czas funkcjonowa\u0142o nasze Duszpasterstwo Akademickie; a przed wielu laty \u2013 pierwszy Wikariusz mojej rodzinnej Parafii, przygotowuj\u0105cy mnie do Pierwszej Komunii \u015awi\u0119tej; tak\u017ce \u2013 pierwszej Pierwszej Komunii \u015awi\u0119tej w historii naszej Parafii; \u25baKsi\u0105dz Janusz Sa\u0142aj, Kap\u0142an [&hellip;]","og_url":"https:\/\/gaudiumetspes-blog.pl\/index.php\/2024\/11\/21\/kto-otworzy-ksiege\/","og_site_name":"Gaudium Et Spes","article_published_time":"2024-11-21T08:17:10+00:00","author":"Ks. Jacek","twitter_card":"summary_large_image","twitter_misc":{"Napisane przez":"Ks. Jacek","Szacowany czas czytania":"12 minut"},"schema":{"@context":"https:\/\/schema.org","@graph":[{"@type":"WebPage","@id":"https:\/\/gaudiumetspes-blog.pl\/index.php\/2024\/11\/21\/kto-otworzy-ksiege\/","url":"https:\/\/gaudiumetspes-blog.pl\/index.php\/2024\/11\/21\/kto-otworzy-ksiege\/","name":"Kto otworzy Ksi\u0119g\u0119?... - Gaudium Et Spes","isPartOf":{"@id":"https:\/\/gaudiumetspes-blog.pl\/#website"},"datePublished":"2024-11-21T08:17:10+00:00","author":{"@id":"https:\/\/gaudiumetspes-blog.pl\/#\/schema\/person\/1661982992b752dea8dff0d4ed845a65"},"breadcrumb":{"@id":"https:\/\/gaudiumetspes-blog.pl\/index.php\/2024\/11\/21\/kto-otworzy-ksiege\/#breadcrumb"},"inLanguage":"pl-PL","potentialAction":[{"@type":"ReadAction","target":["https:\/\/gaudiumetspes-blog.pl\/index.php\/2024\/11\/21\/kto-otworzy-ksiege\/"]}]},{"@type":"BreadcrumbList","@id":"https:\/\/gaudiumetspes-blog.pl\/index.php\/2024\/11\/21\/kto-otworzy-ksiege\/#breadcrumb","itemListElement":[{"@type":"ListItem","position":1,"name":"Strona g\u0142\u00f3wna","item":"https:\/\/gaudiumetspes-blog.pl\/"},{"@type":"ListItem","position":2,"name":"Kto otworzy Ksi\u0119g\u0119?&#8230;"}]},{"@type":"WebSite","@id":"https:\/\/gaudiumetspes-blog.pl\/#website","url":"https:\/\/gaudiumetspes-blog.pl\/","name":"Gaudium Et Spes","description":"Blog Ks. Jacka Ja\u015bkowskiego","potentialAction":[{"@type":"SearchAction","target":{"@type":"EntryPoint","urlTemplate":"https:\/\/gaudiumetspes-blog.pl\/?s={search_term_string}"},"query-input":{"@type":"PropertyValueSpecification","valueRequired":true,"valueName":"search_term_string"}}],"inLanguage":"pl-PL"},{"@type":"Person","@id":"https:\/\/gaudiumetspes-blog.pl\/#\/schema\/person\/1661982992b752dea8dff0d4ed845a65","name":"Ks. Jacek","image":{"@type":"ImageObject","inLanguage":"pl-PL","@id":"https:\/\/gaudiumetspes-blog.pl\/#\/schema\/person\/image\/","url":"https:\/\/gaudiumetspes-blog.pl\/wp-content\/uploads\/2019\/07\/avatar-JJ-150x150.jpg","contentUrl":"https:\/\/gaudiumetspes-blog.pl\/wp-content\/uploads\/2019\/07\/avatar-JJ-150x150.jpg","caption":"Ks. Jacek"},"description":"Witam serdecznie! K\u0142ania si\u0119 Ks. Jacek Ja\u015bkowski. Nie jestem ani kim\u015b wa\u017cnym, ani kim\u015b znanym. Jestem ksi\u0119dzem, kt\u00f3ry po prostu chce rozmawia\u0107. Codzienna kap\u0142a\u0144ska pos\u0142uga pokazuje mi, \u017ce temat\u00f3w do rozm\u00f3w z ksi\u0119dzem jest coraz wi\u0119cej i dzisiaj \u017caden ksi\u0105dz nie mo\u017ce od nich ucieka\u0107, ale - wprost przeciwnie - podejmowa\u0107 nowe wyzwania. To przekonanie sk\u0142oni\u0142o mnie do pr\u00f3by otwarcia tego\u017c bloga, chocia\u017c okazji do rozm\u00f3w na co dzie\u0144 - w konfesjonale i poza nim - na szcz\u0119\u015bcie nie brakuje. My\u015bl\u0119 jednak, \u017ce ten blog b\u0119dzie jeszcze jednym sposobem i przestrzeni\u0105 nawi\u0105zania kontaktu z lud\u017ami dobrej woli, otwartymi na dialog.","url":"https:\/\/gaudiumetspes-blog.pl\/index.php\/author\/ks-jacek\/"}]}},"jetpack_featured_media_url":"","jetpack_sharing_enabled":true,"_links":{"self":[{"href":"https:\/\/gaudiumetspes-blog.pl\/index.php\/wp-json\/wp\/v2\/posts\/23144","targetHints":{"allow":["GET"]}}],"collection":[{"href":"https:\/\/gaudiumetspes-blog.pl\/index.php\/wp-json\/wp\/v2\/posts"}],"about":[{"href":"https:\/\/gaudiumetspes-blog.pl\/index.php\/wp-json\/wp\/v2\/types\/post"}],"author":[{"embeddable":true,"href":"https:\/\/gaudiumetspes-blog.pl\/index.php\/wp-json\/wp\/v2\/users\/1"}],"replies":[{"embeddable":true,"href":"https:\/\/gaudiumetspes-blog.pl\/index.php\/wp-json\/wp\/v2\/comments?post=23144"}],"version-history":[{"count":1,"href":"https:\/\/gaudiumetspes-blog.pl\/index.php\/wp-json\/wp\/v2\/posts\/23144\/revisions"}],"predecessor-version":[{"id":23145,"href":"https:\/\/gaudiumetspes-blog.pl\/index.php\/wp-json\/wp\/v2\/posts\/23144\/revisions\/23145"}],"wp:attachment":[{"href":"https:\/\/gaudiumetspes-blog.pl\/index.php\/wp-json\/wp\/v2\/media?parent=23144"}],"wp:term":[{"taxonomy":"category","embeddable":true,"href":"https:\/\/gaudiumetspes-blog.pl\/index.php\/wp-json\/wp\/v2\/categories?post=23144"},{"taxonomy":"post_tag","embeddable":true,"href":"https:\/\/gaudiumetspes-blog.pl\/index.php\/wp-json\/wp\/v2\/tags?post=23144"}],"curies":[{"name":"wp","href":"https:\/\/api.w.org\/{rel}","templated":true}]}}