{"id":23161,"date":"2024-11-28T09:39:50","date_gmt":"2024-11-28T08:39:50","guid":{"rendered":"https:\/\/gaudiumetspes-blog.pl\/?p=23161"},"modified":"2024-11-29T14:38:59","modified_gmt":"2024-11-29T13:38:59","slug":"nabierzcie-ducha-2","status":"publish","type":"post","link":"https:\/\/gaudiumetspes-blog.pl\/index.php\/2024\/11\/28\/nabierzcie-ducha-2\/","title":{"rendered":"Nabierzcie ducha!"},"content":{"rendered":"<p align=\"justify\"><span style=\"color: #000000;\"><span style=\"font-family: Book Antiqua, serif;\"><span style=\"font-size: large;\">Szcz\u0119\u015b\u0107 Bo\u017ce! Moi Drogi, pozdrawiam serdecznie w czwartek, a wi\u0119c w dzie\u0144 dy\u017curu duszpasterskiego w gmachu przy ulicy \u017bytniej, a potem \u2013 przejazd do Lublina.<\/span><\/span><\/span><\/p>\n<p align=\"justify\"><span style=\"color: #000000;\"><span style=\"font-family: Book Antiqua, serif;\"><span style=\"font-size: large;\">Jutro za\u015b \u2013 s\u0142\u00f3wko z Syberii. Wreszcie! Oczekujemy!<\/span><\/span><\/span><\/p>\n<p align=\"justify\"><span style=\"color: #000000;\"><span style=\"font-family: Book Antiqua, serif;\"><span style=\"font-size: medium;\"><span style=\"font-size: large;\">Dlatego ju\u017c dzisiaj zapowiadam, \u017ce <\/span><span style=\"font-size: large;\">jutro, czyli w pi\u0105tek, <\/span><b><span style=\"font-size: large;\">w Katolickim Radiu Podlasie<\/span><\/b><span style=\"font-size: large;\"> odb\u0119dzie si\u0119 kolejna audycja, w <\/span><span style=\"font-size: large;\">formacie<\/span><span style=\"font-size: large;\">: <\/span><b><span style=\"font-size: large;\">GAUDIUM ET SPES.<\/span> <\/b><span style=\"font-size: large;\">Jej tematem b\u0119dzie:<\/span> <b><strong><span style=\"font-size: large;\">ABY NAM SI\u0118 CHCIA\u0141O CHCIE\u0106!<\/span><\/strong><\/b><strong><span style=\"font-size: large;\">, <\/span><\/strong><span style=\"font-size: large;\">a j<\/span><span style=\"font-size: large;\">ej Uczestnikami b\u0119d\u0105: <\/span><b><strong><span style=\"font-size: large;\">Samorz\u0105dowcy i Osoby aktywne spo\u0142ecznie z Bia\u0142ej Podlaskiej. <\/span><\/strong><\/b><span style=\"font-size: large;\">Pe\u0142na lista<\/span> <span style=\"font-size: large;\">temat\u00f3w <\/span><span style=\"font-size: large;\">znajdzie si\u0119<\/span><strong><span style=\"font-size: large;\"> na <\/span><\/strong><b><strong><span style=\"font-size: large;\">fb Duszpasterstwa Akademickiego w Siedlcach. <\/span><\/strong><\/b><\/span><\/span><\/span><\/p>\n<p align=\"justify\"><span style=\"color: #000000;\"><span style=\"font-family: Book Antiqua, serif;\"><span style=\"font-size: medium;\"><span style=\"font-size: large;\">Audycja rozpocznie si\u0119 <\/span><b><strong><span style=\"font-size: large;\">o godz. 21:40 <\/span><\/strong><\/b><span style=\"font-size: large;\">i potrwa <\/span><span style=\"font-size: large;\">do<\/span><b><strong><span style=\"font-size: large;\"> 23:00.<\/span><\/strong><\/b><span style=\"font-size: large;\"> Zach\u0119cam do s\u0142uchania, oraz do \u0142\u0105czno\u015bci z nami \u2013 telefonicznej <\/span><span style=\"font-size: large;\">lub<\/span><span style=\"font-size: large;\"> smsowej<\/span><span style=\"font-size: large;\">, <\/span><b><strong><span style=\"font-size: large;\">bo<\/span><\/strong><\/b> <b><strong><span style=\"font-size: large;\">to<\/span><\/strong><\/b> <b><strong><span style=\"font-size: large;\">bardzo<\/span><\/strong><\/b> <b><strong><span style=\"font-size: large;\">ubogaca<\/span><\/strong><\/b> <b><strong><span style=\"font-size: large;\">audycj\u0119!<\/span><\/strong><\/b><span style=\"font-size: large;\"> Telefon do <\/span><span style=\"font-size: large;\">studia<\/span><span style=\"font-size: large;\"> \u2013<\/span><span style=\"font-size: large;\"> do \u201ewej\u015bcia na \u017cywo\u201d: <\/span><b><strong><span style=\"font-size: large;\">25 \/ 644 65 55; <\/span><\/strong><\/b><span style=\"font-size: large;\">sms<\/span> <span style=\"font-size: large;\">do Radia:<\/span><b> <strong><span style=\"font-size: large;\">509 056 590;<\/span><\/strong><\/b> <span style=\"font-size: large;\">sms do mnie:<\/span> <b><strong><span style=\"font-size: large;\">604 736 981. <\/span><\/strong><\/b><span style=\"font-size: large;\">Mo\u017cna<\/span><span style=\"font-size: large;\"> nas s\u0142ucha\u0107 tak\u017ce w internecie<\/span><span style=\"font-size: large;\">: <\/span><b><strong><a href=\"https:\/\/radiopodlasie.pl\/radio-online\/\"><span style=\"font-size: large;\"><u>https:\/\/radiopodlasie.pl\/radio-online\/<\/u><\/span><\/a><\/strong><\/b> <span style=\"font-size: large;\">lub<\/span><span style=\"font-size: large;\"> ods\u0142ucha\u0107 audycji p\u00f3\u017aniej,<\/span><strong><span style=\"font-size: large;\"> w <\/span><\/strong><b><strong><span style=\"font-size: large;\">\u00abArchiwum d\u017awi\u0119k\u00f3w\u00bb. <\/span><\/strong><\/b><span style=\"font-size: large;\">Powt\u00f3rka audycji na falach Radia \u2013 <\/span><span style=\"font-size: large;\">nast\u0119pnej nocy,<\/span><b><strong><span style=\"font-size: large;\"> oko\u0142o godziny 1:00.<\/span><\/strong><\/b><\/span><\/span><\/span><\/p>\n<p align=\"justify\"><span style=\"color: #000000;\"><span style=\"font-family: Book Antiqua, serif;\"><span style=\"font-size: large;\">A teraz ju\u017c zapraszam do pochylenia si\u0119 nad Bo\u017cym s\u0142owem dzisiejszej liturgii.<b> <\/b>Oto s\u0142\u00f3wko Ksi\u0119dza Marka na dzi\u015b:<\/span><\/span><\/span><\/p>\n<p align=\"justify\"><span style=\"color: #000000;\"><span style=\"font-family: Book Antiqua, serif;\"><span style=\"font-size: medium;\"><a href=\"https:\/\/www.youtube.com\/c\/CatholicSurgut\"><span style=\"font-size: large;\"><span lang=\"zxx\"><u><b>https:\/\/www.youtube.com\/c\/CatholicSurgut<\/b><\/u><\/span><\/span><\/a><\/span><\/span><\/span><\/p>\n<p align=\"justify\"><span style=\"color: #000000;\"><span style=\"font-family: Book Antiqua, serif;\"><span style=\"font-size: large;\"><span lang=\"zxx\">Zatem, <\/span><span lang=\"zxx\"><b>c<\/b><\/span><b>o dzi\u015b m\u00f3wi do mnie Pan? Z jakim konkretnym przes\u0142aniem zwraca si\u0119 w\u0142a\u015bnie do mnie \u2013 osobi\u015bcie?<\/b> Duchu \u015awi\u0119ty, podpowiedz\u2026 <\/span><\/span><\/span><\/p>\n<p align=\"justify\"><span style=\"color: #000000;\"><span style=\"font-family: Book Antiqua, serif;\"><span style=\"font-size: large;\"><b>Niech Was b\u0142ogos\u0142awi B\u00f3g Wszechmog\u0105cy: Ojciec + i Syn, i Duch \u015awi\u0119ty. Amen<\/b><\/span><\/span><\/span><\/p>\n<p align=\"center\"><span style=\"color: #000000;\"><span style=\"font-family: Book Antiqua, serif;\"><span style=\"font-size: large;\">Gaudium et spes! Ks. Jacek<\/span><\/span><\/span><\/p>\n<p align=\"center\">\n<p align=\"center\">\n<p align=\"center\">\n<p align=\"center\">\n<p align=\"center\">\n<p align=\"justify\"><span style=\"color: #000000;\"><span style=\"font-family: Book Antiqua, serif;\"><span style=\"font-size: large;\"><b>Czwartek 34 Tygodnia zwyk\u0142ego, rok II,<\/b><\/span><\/span><\/span><\/p>\n<p align=\"justify\"><span style=\"color: #000000;\"><span style=\"font-family: Book Antiqua, serif;\"><span style=\"font-size: large;\"><b>28 listopada 2024.,\u00a0<\/b><\/span><\/span><\/span><\/p>\n<p align=\"justify\"><span style=\"color: #000000;\"><span style=\"font-family: Book Antiqua, serif;\"><span style=\"font-size: large;\"><b>do czyta\u0144: Ap 18,1\u20132.21\u201323;19,1\u20133.9a; \u0141k 21,20\u201328<\/b><\/span><\/span><\/span><\/p>\n<p align=\"justify\">\n<p align=\"justify\">\n<p align=\"justify\">\n<p align=\"justify\">\n<p align=\"justify\">\n<p align=\"justify\"><span style=\"color: #000000;\"><span style=\"font-family: Book Antiqua, serif;\"><span style=\"font-size: large;\"><b>CZYTANIE Z KSI\u0118GI APOKALIPSY \u015aWI\u0118TEGO JANA APOSTO\u0141A: <\/b><\/span><\/span><\/span><\/p>\n<p align=\"justify\"><span style=\"color: #000000;\"><span style=\"font-family: Book Antiqua, serif;\"><span style=\"font-size: large;\"><b>Ja, Jan, ujrza\u0142em anio\u0142a zst\u0119puj\u0105cego z nieba i maj\u0105cego wielk\u0105 w\u0142adz\u0119, a ziemia od chwa\u0142y jego rozb\u0142ys\u0142a.<\/b><\/span><\/span><\/span><\/p>\n<p align=\"justify\"><span style=\"color: #000000;\"><span style=\"font-family: Book Antiqua, serif;\"><span style=\"font-size: large;\"><b>I g\u0142osem pot\u0119\u017cnym tak zawo\u0142a\u0142: \u201eUpad\u0142, upad\u0142 Babilon \u2013 stolica. I sta\u0142a si\u0119 siedliskiem demon\u00f3w i kryj\u00f3wk\u0105 wszelkiego ducha nieczystego, i kryj\u00f3wk\u0105 wszelkiego ptaka nieczystego i budz\u0105cego odraz\u0119\u201d.<\/b><\/span><\/span><\/span><\/p>\n<p align=\"justify\"><span style=\"color: #000000;\"><span style=\"font-family: Book Antiqua, serif;\"><span style=\"font-size: large;\"><b>I jeden pot\u0119\u017cny anio\u0142 d\u017awign\u0105\u0142 kamie\u0144 wielki jak kamie\u0144 m\u0142y\u0144ski i rzuci\u0142 w morze, m\u00f3wi\u0105c: \u201eTak z rozmachem Babilon, wielka stolica, zostanie rzucona i ju\u017c si\u0119 wcale nie znajdzie. I g\u0142osu harfiarzy, \u015bpiewak\u00f3w, flecist\u00f3w, tr\u0119baczy ju\u017c w tobie si\u0119 nie us\u0142yszy. I \u017caden mistrz jakiejkolwiek sztuki ju\u017c si\u0119 w tobie nie znajdzie. I terkotu \u017caren ju\u017c w tobie nie b\u0119dzie s\u0142ycha\u0107. I \u015bwiat\u0142o lampy ju\u017c w tobie nie rozb\u0142y\u015bnie. I g\u0142osu oblubie\u0144ca i oblubienicy ju\u017c w tobie si\u0119 nie us\u0142yszy: bo kupcy twoi byli mo\u017cnow\u0142adcami na ziemi, bo twymi czarami omamione zosta\u0142y wszystkie narody\u201d. <\/b><\/span><\/span><\/span><\/p>\n<p align=\"justify\"><span style=\"color: #000000;\"><span style=\"font-family: Book Antiqua, serif;\"><span style=\"font-size: large;\"><b>Potem us\u0142ysza\u0142em jak gdyby g\u0142os dono\u015bny wielkiego t\u0142umu w niebie m\u00f3wi\u0105cego: \u201eAlleluja. Zbawienie i chwa\u0142a, i moc nale\u017c\u0105 do Boga naszego, bo wyroki Jego prawdziwe s\u0105 i sprawiedliwe, bo os\u0105dzi\u0142 Wielk\u0105 Nierz\u0105dnic\u0119, co znieprawia\u0142a nierz\u0105dem swym ziemi\u0119, i za\u017c\u0105da\u0142, by ponios\u0142a kar\u0119 za krew swoich s\u0142ug\u201d. I rzekli powt\u00f3rnie: \u201eAlleluja\u201d. A dym jej wznosi si\u0119 na wieki wiek\u00f3w. <\/b><\/span><\/span><\/span><\/p>\n<p align=\"justify\"><span style=\"color: #000000;\"><span style=\"font-family: Book Antiqua, serif;\"><span style=\"font-size: large;\"><b>I m\u00f3wi mi: \u201eNapisz: \u00abB\u0142ogos\u0142awieni, kt\u00f3rzy s\u0105 wezwani na uczt\u0119 God\u00f3w Baranka\u00bb\u201d.<\/b><\/span><\/span><\/span><\/p>\n<p align=\"justify\">\n<p align=\"justify\">\n<p align=\"justify\">\n<p align=\"justify\">\n<p align=\"justify\">\n<p align=\"justify\"><span style=\"color: #000000;\"><span style=\"font-family: Book Antiqua, serif;\"><span style=\"font-size: large;\"><b>S\u0141OWA EWANGELII WED\u0141UG \u015aWI\u0118TEGO \u0141UKASZA: <\/b><\/span><\/span><\/span><\/p>\n<p align=\"justify\"><span style=\"color: #000000;\"><span style=\"font-family: Book Antiqua, serif;\"><span style=\"font-size: large;\"><b>Jezus powiedzia\u0142 do swoich uczni\u00f3w: \u201eSkoro ujrzycie Jerozolim\u0119 otoczon\u0105 przez wojska, wtedy wiedzcie, \u017ce jej spustoszenie jest bliskie. Wtedy ci, kt\u00f3rzy b\u0119d\u0105 w Judei, niech uciekaj\u0105 w g\u00f3ry; ci, kt\u00f3rzy s\u0105 w mie\u015bcie, niech z niego uchodz\u0105, a ci po wsiach, niech do niego nie wchodz\u0105. B\u0119dzie to bowiem czas pomsty, aby si\u0119 spe\u0142ni\u0142o wszystko, co jest napisane.<\/b><\/span><\/span><\/span><\/p>\n<p align=\"justify\"><span style=\"color: #000000;\"><span style=\"font-family: Book Antiqua, serif;\"><span style=\"font-size: large;\"><b>Biada brzemiennym i karmi\u0105cym w owe dni. B\u0119dzie bowiem wielki ucisk na ziemi i gniew na ten nar\u00f3d: jedni polegn\u0105 od miecza, a drugich zap\u0119dz\u0105 w niewol\u0119 mi\u0119dzy wszystkie narody. A Jerozolima b\u0119dzie deptana przez pogan, a\u017c czasy pogan przemin\u0105.<\/b><\/span><\/span><\/span><\/p>\n<p align=\"justify\"><span style=\"color: #000000;\"><span style=\"font-family: Book Antiqua, serif;\"><span style=\"font-size: large;\"><b>B\u0119d\u0105 znaki na s\u0142o\u0144cu, ksi\u0119\u017cycu i gwiazdach, a na ziemi trwoga narod\u00f3w bezradnych wobec szumu morza i jego nawa\u0142nicy. Ludzie mdle\u0107 b\u0119d\u0105 ze strachu w oczekiwaniu wydarze\u0144 zagra\u017caj\u0105cych ziemi. Albowiem moce niebios zostan\u0105 wstrz\u0105\u015bni\u0119te.<\/b><\/span><\/span><\/span><\/p>\n<p align=\"justify\"><span style=\"color: #000000;\"><span style=\"font-family: Book Antiqua, serif;\"><span style=\"font-size: large;\"><b>Wtedy ujrz\u0105 Syna Cz\u0142owieczego, nadchodz\u0105cego w ob\u0142oku z wielk\u0105 moc\u0105 i chwa\u0142\u0105. A gdy si\u0119 to dzia\u0107 zacznie, nabierzcie ducha i podnie\u015bcie g\u0142owy, poniewa\u017c zbli\u017ca si\u0119 wasze odkupienie\u201d.<\/b><\/span><\/span><\/span><\/p>\n<p align=\"justify\">\n<p align=\"justify\">\n<p align=\"justify\">\n<p align=\"justify\">\n<p align=\"justify\">\n<p align=\"justify\"><span style=\"color: #000000;\"><span style=\"font-family: Book Antiqua, serif;\"><span style=\"font-size: large;\">Zapewne zauwa\u017camy, \u017ce oba dzisiejsze czytania mszalne <b>maj\u0105 podobn\u0105 struktur\u0119:<\/b> najpierw obraz z\u0142a, zniszczenia, jakiego\u015b kataklizmu \u2013 a potem zapowied\u017a zwyci\u0119skiego kr\u00f3lowania Bo\u017cego. <\/span><\/span><\/span><\/p>\n<p align=\"justify\"><span style=\"color: #000000;\"><span style=\"font-family: Book Antiqua, serif;\"><span style=\"font-size: large;\">I tak oto, w pierwszym czytaniu, z Ksi\u0119gi Apokalipsy \u015awi\u0119tego Jana Aposto\u0142a, ju\u017c w pierwszych zdaniach s\u0142yszymy pot\u0119\u017cny, tajemniczy g\u0142os Anio\u0142a: <i><b>Upad\u0142, upad\u0142 Babilon \u2013 stolica. I sta\u0142a si\u0119 siedliskiem demon\u00f3w i kryj\u00f3wk\u0105 wszelkiego ducha nieczystego, i kryj\u00f3wk\u0105 wszelkiego ptaka nieczystego i budz\u0105cego odraz\u0119.<\/b><\/i><b> <\/b><\/span><\/span><\/span><\/p>\n<p align=\"justify\"><span style=\"color: #000000;\"><span style=\"font-family: Book Antiqua, serif;\"><span style=\"font-size: large;\">A potem \u2013 obraz jeszcze mocniejszy w swej wymowie, bo oto <i><b>jeden pot\u0119\u017cny anio\u0142 d\u017awign\u0105\u0142 kamie\u0144 wielki jak kamie\u0144 m\u0142y\u0144ski i rzuci\u0142 w morze, m\u00f3wi\u0105c: \u201eTak z rozmachem Babilon, wielka stolica, zostanie rzucona i ju\u017c si\u0119 wcale nie znajdzie. I g\u0142osu harfiarzy, \u015bpiewak\u00f3w, flecist\u00f3w, tr\u0119baczy ju\u017c w tobie si\u0119 nie us\u0142yszy. I \u017caden mistrz jakiejkolwiek sztuki ju\u017c si\u0119 w tobie nie znajdzie. I terkotu \u017caren<\/b><\/i><b> <\/b><i><b>ju\u017c w tobie<\/b><\/i><b> <\/b><i><b>nie b\u0119dzie s\u0142ycha\u0107. I \u015bwiat\u0142o lampy ju\u017c w tobie nie rozb\u0142y\u015bnie. I g\u0142osu oblubie\u0144ca i oblubienicy ju\u017c w tobie si\u0119 nie us\u0142yszy: bo kupcy twoi byli mo\u017cnow\u0142adcami na ziemi, bo twymi czarami omamione zosta\u0142y wszystkie narody\u201d. <\/b><\/i><\/span><\/span><\/span><\/p>\n<p align=\"justify\"><span style=\"color: #000000;\"><span style=\"font-family: Book Antiqua, serif;\"><span style=\"font-size: large;\">Czy jeste\u015bmy w stanie wyobrazi\u0107 to sobie? Oto straszny w swej wymowie <b>obraz upadku<\/b> \u2013 i to takiego \u201ez wielkim hukiem \u2013 z\u0142ego, <b>zdeprawowanego mocarstwa,<\/b> kt\u00f3re niszczy\u0142o ludzi i epatowa\u0142o z\u0142em na prawo i lewo. Jak s\u0142yszymy, mocarstwo to by\u0142o <i><b>siedliskiem demon\u00f3w i kryj\u00f3wk\u0105 wszelkiego ducha nieczystego, i kryj\u00f3wk\u0105 wszelkiego ptaka nieczystego i budz\u0105cego odraz\u0119 <\/b><\/i><b>\u2013<\/b> \u017ceby jeszcze raz wspomnie\u0107 \u00f3w straszny obraz, ukazany na pocz\u0105tku. <\/span><\/span><\/span><\/p>\n<p align=\"justify\"><span style=\"color: #000000;\"><span style=\"font-family: Book Antiqua, serif;\"><span style=\"font-size: large;\">My dobrze wiemy, \u017ce takim mocarstwem w przesz\u0142o\u015bci by\u0142o <b>imperium babilo\u0144skie, <\/b>ale by\u0142o te\u017c <b>imperium rzymskie; <\/b>a potem, na przestrzeni wiek\u00f3w, powstawa\u0142y kolejne, jak chocia\u017cby <b>imperium osma\u0144skie,<\/b> a\u017c po nasze czasy, kt\u00f3re \u2013 chocia\u017cby w dwudziestym wieku \u2013 do\u015bwiadczy\u0142y nieszcz\u0119\u015bcia niszczycielskiego dzia\u0142ania dw\u00f3ch imperi\u00f3w: <b>hitlerowskiego i komunistycznego. <\/b>I wszystkie one upad\u0142y! <\/span><\/span><\/span><\/p>\n<p align=\"justify\"><span style=\"color: #000000;\"><span style=\"font-family: Book Antiqua, serif;\"><span style=\"font-size: large;\">Dzisiaj mamy jeszcze jedno takie imperium \u2013 <b>tak zwan\u0105 uni\u0119 europejsk\u0105<\/b> \u2013 kt\u00f3re chocia\u017c tworzone na zasadach ewangelicznych przez ludzi m\u0105drych i pobo\u017cnych, dzisiaj sta\u0142o si\u0119 <i><b>siedliskiem demon\u00f3w i kryj\u00f3wk\u0105 wszelkiego ducha nieczystego, i kryj\u00f3wk\u0105 wszelkiego ptaka nieczystego i budz\u0105cego odraz\u0119.<\/b><\/i><b> <\/b>Zgorszenie na ka\u017cdym kroku, a do tego dyktatorskie zap\u0119dy rz\u0105dc\u00f3w tego na wskro\u015b z\u0142ego tworu, <b>pycha i g\u0142upota, arogancja i absurd<\/b> \u2013 na ka\u017cdym kroku! Oczywi\u015bcie, z has\u0142ami demokracji, post\u0119pu i nowoczesno\u015bci na ustach! Z ca\u0142\u0105 pewno\u015bci\u0105 \u2013<b> i to imperium z\u0142a upadnie z wielkim hukiem, <\/b>do czego zreszt\u0105 ju\u017c jest na dobrej drodze. Kwestia czasu. Mo\u017ce nawet nied\u0142ugiego. <\/span><\/span><\/span><\/p>\n<p align=\"justify\"><span style=\"color: #000000;\"><span style=\"font-family: Book Antiqua, serif;\"><span style=\"font-size: large;\">A kiedy dokona si\u0119 ju\u017c upadek wszystkich z\u0142ych imperi\u00f3w, w\u00f3wczas<b> zalegnie wielka cisza <\/b>\u2013 ta, o kt\u00f3rej dzi\u015b s\u0142yszymy, \u017ce ju\u017c nie b\u0119dzie s\u0142ycha\u0107 gwaru miasta: <b>z\u0142owroga i smutna cisza, <\/b>kt\u00f3ra zwykle rozpo\u015bciera si\u0119 nad opustosza\u0142ymi miastami i budowlami. A w\u00f3wczas, na gruzach tego i innych imperi\u00f3w \u2013 tak\u017ce <b>tego imperium, kt\u00f3r<\/b><b>ym<\/b><b> jest ca\u0142e z\u0142o \u015bwiata,<\/b> kr\u00f3luj\u0105ce kiedykolwiek gdziekolwiek na \u015bwiecie \u2013 rozlegnie si\u0119 pot\u0119\u017cna pie\u015b\u0144, o czym Autor natchniony tak pisze: <i><b>Potem us\u0142ysza\u0142em jak gdyby g\u0142os dono\u015bny wielkiego t\u0142umu w niebie m\u00f3wi\u0105cego: \u201eAlleluja. Zbawienie i chwa\u0142a, i moc nale\u017c\u0105 do Boga naszego, bo wyroki<\/b><\/i><b> <\/b><i><b>Jego prawdziwe s\u0105 i sprawiedliwe, bo os\u0105dzi\u0142 Wielk\u0105 Nierz\u0105dnic\u0119, co znieprawia\u0142a nierz\u0105dem swym ziemi\u0119, i za\u017c\u0105da\u0142, by ponios\u0142a kar\u0119 za krew swoich s\u0142ug\u201d. I rzekli powt\u00f3rnie: \u201eAlleluja\u201d. A dym jej wznosi si\u0119 na wieki wiek\u00f3w.<\/b><\/i><b> <\/b>I to b\u0119dzie zwyci\u0119stwo ostateczne. <\/span><\/span><\/span><\/p>\n<p align=\"justify\"><span style=\"color: #000000;\"><span style=\"font-family: Book Antiqua, serif;\"><span style=\"font-size: large;\">I bardzo podobn\u0105 wizj\u0119 mamy w Ewangelii. Najpierw zapowied\u017a rzeczy strasznych: <i><b>Skoro ujrzycie Jerozolim\u0119 otoczon\u0105 przez wojska, wtedy wiedzcie, \u017ce jej spustoszenie jest bliskie. Wtedy ci, kt\u00f3rzy b\u0119d\u0105 w Judei, niech uciekaj\u0105 w g\u00f3ry; ci, kt\u00f3rzy s\u0105 w mie\u015bcie, niech z niego uchodz\u0105, a ci po wsiach, niech do niego nie wchodz\u0105. B\u0119dzie to bowiem czas pomsty, aby si\u0119 spe\u0142ni\u0142o wszystko, co jest napisane. <\/b><\/i><\/span><\/span><\/span><\/p>\n<p align=\"justify\"><span style=\"color: #000000;\"><span style=\"font-family: Book Antiqua, serif;\"><span style=\"font-size: large;\">Kolejne obrazy tylko wzmagaj\u0105 strach: <i><b>B\u0119d\u0105 znaki na s\u0142o\u0144cu, ksi\u0119\u017cycu i gwiazdach, a na ziemi trwoga narod\u00f3w bezradnych wobec szumu morza i jego nawa\u0142nicy. Ludzie mdle\u0107 b\u0119d\u0105 ze strachu w oczekiwaniu wydarze\u0144 zagra\u017caj\u0105cych ziemi. Albowiem moce niebios zostan\u0105 wstrz\u0105\u015bni\u0119te. <\/b><\/i><\/span><\/span><\/span><\/p>\n<p align=\"justify\"><span style=\"color: #000000;\"><span style=\"font-family: Book Antiqua, serif;\"><span style=\"font-size: large;\">A jednak my, przyjaciele Jezusa,<b> mamy si\u0119 nie l\u0119ka\u0107! <\/b>Oto bowiem s\u0142yszymy: <i><b>Wtedy ujrz\u0105 Syna Cz\u0142owieczego, nadchodz\u0105cego w ob\u0142oku z wielk\u0105 moc\u0105 i chwa\u0142\u0105. A gdy si\u0119 to dzia\u0107 zacznie, nabierzcie ducha i podnie\u015bcie g\u0142owy, poniewa\u017c zbli\u017ca si\u0119 wasze odkupienie. <\/b><\/i>Czyli \u2013 podobnie, jak w pierwszym czytaniu \u2013 s\u0142yszymy zapowied\u017a <b>zwyci\u0119skiego kr\u00f3lowania Jezusa<\/b> na gruzach tego wszystkiego, co by\u0142o z\u0142e, a co zosta\u0142o ostatecznie pokonane. <\/span><\/span><\/span><\/p>\n<p align=\"justify\"><span style=\"color: #000000;\"><span style=\"font-family: Book Antiqua, serif;\"><span style=\"font-size: large;\">Drodzy moi, jako rzekli\u015bmy, \u017cyjemy na tym \u015bwiecie, kt\u00f3ry \u2013 w ca\u0142o\u015bci \u2013 jawi si\u0119 nam nieraz jako <b>jedno wielkie imperium babilo\u0144skie,<\/b> czy inne, w ka\u017cdym razie: z\u0142e. I mo\u017ce powiemy, i\u017c jest to tak ogromna w rozmiarach rzeczywisto\u015b\u0107, \u017ce <b>c\u00f3\u017c my, biedni, mo\u017cemy z ni\u0105 zrobi\u0107, <\/b>jak mamy j\u0105 niby pokona\u0107?\u2026 <\/span><\/span><\/span><\/p>\n<p align=\"justify\"><span style=\"color: #000000;\"><span style=\"font-family: Book Antiqua, serif;\"><span style=\"font-size: large;\">Jest jednak takie imperium z\u0142a, kt\u00f3re musimy w sobie ci\u0105gle pokonywa\u0107 \u2013 i kt\u00f3re jeste\u015bmy w stanie pokonywa\u0107. To<b> imperium z\u0142a w naszych sercach, w naszych umys\u0142ach,<\/b> w naszym najbli\u017cszym otoczeniu. To jest <b>panowanie grzechu w naszej codziennej rzeczywisto\u015bci. <\/b>Tu mo\u017cemy \u2013 oczywi\u015bcie, z Bo\u017c\u0105 pomoc\u0105! \u2013 co\u015b konkretnie zrobi\u0107. I trzeba nam to zrobi\u0107, trzeba nam to z\u0142o pokonywa\u0107, aby na gruzach tego pokonanego z\u0142a mog\u0142a w ca\u0142ej pe\u0142ni wybrzmie\u0107 wielka pie\u015b\u0144: <i><b>Alleluja. Zbawienie i chwa\u0142a, i moc nale\u017c\u0105 do Boga naszego.<\/b><\/i><b> <\/b><\/span><\/span><\/span><\/p>\n<p align=\"justify\"><span style=\"color: #000000;\"><span style=\"font-family: Book Antiqua, serif;\"><span style=\"font-size: large;\">To jest mo\u017cliwe! <b>To jest wr\u0119cz konieczne! <\/b>Ale za to musimy zabiera\u0107 si\u0119 wci\u0105\u017c od nowa \u2013 ka\u017cdego dnia: pokonywa\u0107 w sobie owo imperium z\u0142a, owo <b>panosz\u0105ce si\u0119 bezczelnie i arogancko panowanie z\u0142a, <\/b>kt\u00f3re nie ma \u017cadnych praw do naszego \u017cycia, a uzurpuje sobie wszelki prawa. Trzeba da\u0107 temu zdecydowan\u0105 odpraw\u0119 \u2013 ka\u017cdego dnia trzeba j\u0105 dawa\u0107, nie zra\u017caj\u0105c si\u0119 przeciwno\u015bciami i niepowodzeniami. <\/span><\/span><\/span><\/p>\n<p align=\"justify\"><span style=\"color: #000000;\"><span style=\"font-family: Book Antiqua, serif;\"><span style=\"font-size: large;\">W duchu s\u0142\u00f3w samego Jezusa z dzisiejszej Ewangelii: <i><b>Nabierzcie ducha i podnie\u015bcie g\u0142owy, poniewa\u017c zbli\u017ca si\u0119 wasze odkupienie!<\/b><\/i><\/span><\/span><\/span><\/p>\n","protected":false},"excerpt":{"rendered":"<p>Szcz\u0119\u015b\u0107 Bo\u017ce! Moi Drogi, pozdrawiam serdecznie w czwartek, a wi\u0119c w dzie\u0144 dy\u017curu duszpasterskiego w gmachu przy ulicy \u017bytniej, a potem \u2013 przejazd do Lublina. Jutro za\u015b \u2013 s\u0142\u00f3wko z Syberii. Wreszcie! Oczekujemy! Dlatego ju\u017c dzisiaj zapowiadam, \u017ce jutro, czyli w pi\u0105tek, w Katolickim Radiu Podlasie odb\u0119dzie si\u0119 kolejna audycja, w formacie: GAUDIUM ET SPES. [&hellip;]<\/p>\n","protected":false},"author":1,"featured_media":0,"comment_status":"open","ping_status":"open","sticky":false,"template":"","format":"standard","meta":{"jetpack_post_was_ever_published":false,"_jetpack_newsletter_access":"","_jetpack_dont_email_post_to_subs":false,"_jetpack_newsletter_tier_id":0,"_jetpack_memberships_contains_paywalled_content":false,"_jetpack_memberships_contains_paid_content":false,"footnotes":""},"categories":[1],"tags":[],"class_list":["post-23161","post","type-post","status-publish","format-standard","hentry","category-bez-kategorii"],"yoast_head":"<!-- This site is optimized with the Yoast SEO plugin v25.1 - https:\/\/yoast.com\/wordpress\/plugins\/seo\/ -->\n<title>Nabierzcie ducha! - Gaudium Et Spes<\/title>\n<meta name=\"robots\" content=\"index, follow, max-snippet:-1, max-image-preview:large, max-video-preview:-1\" \/>\n<link rel=\"canonical\" href=\"https:\/\/gaudiumetspes-blog.pl\/index.php\/2024\/11\/28\/nabierzcie-ducha-2\/\" \/>\n<meta property=\"og:locale\" content=\"pl_PL\" \/>\n<meta property=\"og:type\" content=\"article\" \/>\n<meta property=\"og:title\" content=\"Nabierzcie ducha! - Gaudium Et Spes\" \/>\n<meta property=\"og:description\" content=\"Szcz\u0119\u015b\u0107 Bo\u017ce! Moi Drogi, pozdrawiam serdecznie w czwartek, a wi\u0119c w dzie\u0144 dy\u017curu duszpasterskiego w gmachu przy ulicy \u017bytniej, a potem \u2013 przejazd do Lublina. Jutro za\u015b \u2013 s\u0142\u00f3wko z Syberii. Wreszcie! Oczekujemy! Dlatego ju\u017c dzisiaj zapowiadam, \u017ce jutro, czyli w pi\u0105tek, w Katolickim Radiu Podlasie odb\u0119dzie si\u0119 kolejna audycja, w formacie: GAUDIUM ET SPES. [&hellip;]\" \/>\n<meta property=\"og:url\" content=\"https:\/\/gaudiumetspes-blog.pl\/index.php\/2024\/11\/28\/nabierzcie-ducha-2\/\" \/>\n<meta property=\"og:site_name\" content=\"Gaudium Et Spes\" \/>\n<meta property=\"article:published_time\" content=\"2024-11-28T08:39:50+00:00\" \/>\n<meta property=\"article:modified_time\" content=\"2024-11-29T13:38:59+00:00\" \/>\n<meta name=\"author\" content=\"Ks. Jacek\" \/>\n<meta name=\"twitter:card\" content=\"summary_large_image\" \/>\n<meta name=\"twitter:label1\" content=\"Napisane przez\" \/>\n\t<meta name=\"twitter:data1\" content=\"Ks. Jacek\" \/>\n\t<meta name=\"twitter:label2\" content=\"Szacowany czas czytania\" \/>\n\t<meta name=\"twitter:data2\" content=\"9 minut\" \/>\n<script type=\"application\/ld+json\" class=\"yoast-schema-graph\">{\"@context\":\"https:\/\/schema.org\",\"@graph\":[{\"@type\":\"WebPage\",\"@id\":\"https:\/\/gaudiumetspes-blog.pl\/index.php\/2024\/11\/28\/nabierzcie-ducha-2\/\",\"url\":\"https:\/\/gaudiumetspes-blog.pl\/index.php\/2024\/11\/28\/nabierzcie-ducha-2\/\",\"name\":\"Nabierzcie ducha! - Gaudium Et Spes\",\"isPartOf\":{\"@id\":\"https:\/\/gaudiumetspes-blog.pl\/#website\"},\"datePublished\":\"2024-11-28T08:39:50+00:00\",\"dateModified\":\"2024-11-29T13:38:59+00:00\",\"author\":{\"@id\":\"https:\/\/gaudiumetspes-blog.pl\/#\/schema\/person\/1661982992b752dea8dff0d4ed845a65\"},\"breadcrumb\":{\"@id\":\"https:\/\/gaudiumetspes-blog.pl\/index.php\/2024\/11\/28\/nabierzcie-ducha-2\/#breadcrumb\"},\"inLanguage\":\"pl-PL\",\"potentialAction\":[{\"@type\":\"ReadAction\",\"target\":[\"https:\/\/gaudiumetspes-blog.pl\/index.php\/2024\/11\/28\/nabierzcie-ducha-2\/\"]}]},{\"@type\":\"BreadcrumbList\",\"@id\":\"https:\/\/gaudiumetspes-blog.pl\/index.php\/2024\/11\/28\/nabierzcie-ducha-2\/#breadcrumb\",\"itemListElement\":[{\"@type\":\"ListItem\",\"position\":1,\"name\":\"Strona g\u0142\u00f3wna\",\"item\":\"https:\/\/gaudiumetspes-blog.pl\/\"},{\"@type\":\"ListItem\",\"position\":2,\"name\":\"Nabierzcie ducha!\"}]},{\"@type\":\"WebSite\",\"@id\":\"https:\/\/gaudiumetspes-blog.pl\/#website\",\"url\":\"https:\/\/gaudiumetspes-blog.pl\/\",\"name\":\"Gaudium Et Spes\",\"description\":\"Blog Ks. Jacka Ja\u015bkowskiego\",\"potentialAction\":[{\"@type\":\"SearchAction\",\"target\":{\"@type\":\"EntryPoint\",\"urlTemplate\":\"https:\/\/gaudiumetspes-blog.pl\/?s={search_term_string}\"},\"query-input\":{\"@type\":\"PropertyValueSpecification\",\"valueRequired\":true,\"valueName\":\"search_term_string\"}}],\"inLanguage\":\"pl-PL\"},{\"@type\":\"Person\",\"@id\":\"https:\/\/gaudiumetspes-blog.pl\/#\/schema\/person\/1661982992b752dea8dff0d4ed845a65\",\"name\":\"Ks. Jacek\",\"image\":{\"@type\":\"ImageObject\",\"inLanguage\":\"pl-PL\",\"@id\":\"https:\/\/gaudiumetspes-blog.pl\/#\/schema\/person\/image\/\",\"url\":\"https:\/\/gaudiumetspes-blog.pl\/wp-content\/uploads\/2019\/07\/avatar-JJ-150x150.jpg\",\"contentUrl\":\"https:\/\/gaudiumetspes-blog.pl\/wp-content\/uploads\/2019\/07\/avatar-JJ-150x150.jpg\",\"caption\":\"Ks. Jacek\"},\"description\":\"Witam serdecznie! K\u0142ania si\u0119 Ks. Jacek Ja\u015bkowski. Nie jestem ani kim\u015b wa\u017cnym, ani kim\u015b znanym. Jestem ksi\u0119dzem, kt\u00f3ry po prostu chce rozmawia\u0107. Codzienna kap\u0142a\u0144ska pos\u0142uga pokazuje mi, \u017ce temat\u00f3w do rozm\u00f3w z ksi\u0119dzem jest coraz wi\u0119cej i dzisiaj \u017caden ksi\u0105dz nie mo\u017ce od nich ucieka\u0107, ale - wprost przeciwnie - podejmowa\u0107 nowe wyzwania. To przekonanie sk\u0142oni\u0142o mnie do pr\u00f3by otwarcia tego\u017c bloga, chocia\u017c okazji do rozm\u00f3w na co dzie\u0144 - w konfesjonale i poza nim - na szcz\u0119\u015bcie nie brakuje. My\u015bl\u0119 jednak, \u017ce ten blog b\u0119dzie jeszcze jednym sposobem i przestrzeni\u0105 nawi\u0105zania kontaktu z lud\u017ami dobrej woli, otwartymi na dialog.\",\"url\":\"https:\/\/gaudiumetspes-blog.pl\/index.php\/author\/ks-jacek\/\"}]}<\/script>\n<!-- \/ Yoast SEO plugin. -->","yoast_head_json":{"title":"Nabierzcie ducha! - Gaudium Et Spes","robots":{"index":"index","follow":"follow","max-snippet":"max-snippet:-1","max-image-preview":"max-image-preview:large","max-video-preview":"max-video-preview:-1"},"canonical":"https:\/\/gaudiumetspes-blog.pl\/index.php\/2024\/11\/28\/nabierzcie-ducha-2\/","og_locale":"pl_PL","og_type":"article","og_title":"Nabierzcie ducha! - Gaudium Et Spes","og_description":"Szcz\u0119\u015b\u0107 Bo\u017ce! Moi Drogi, pozdrawiam serdecznie w czwartek, a wi\u0119c w dzie\u0144 dy\u017curu duszpasterskiego w gmachu przy ulicy \u017bytniej, a potem \u2013 przejazd do Lublina. Jutro za\u015b \u2013 s\u0142\u00f3wko z Syberii. Wreszcie! Oczekujemy! Dlatego ju\u017c dzisiaj zapowiadam, \u017ce jutro, czyli w pi\u0105tek, w Katolickim Radiu Podlasie odb\u0119dzie si\u0119 kolejna audycja, w formacie: GAUDIUM ET SPES. [&hellip;]","og_url":"https:\/\/gaudiumetspes-blog.pl\/index.php\/2024\/11\/28\/nabierzcie-ducha-2\/","og_site_name":"Gaudium Et Spes","article_published_time":"2024-11-28T08:39:50+00:00","article_modified_time":"2024-11-29T13:38:59+00:00","author":"Ks. Jacek","twitter_card":"summary_large_image","twitter_misc":{"Napisane przez":"Ks. Jacek","Szacowany czas czytania":"9 minut"},"schema":{"@context":"https:\/\/schema.org","@graph":[{"@type":"WebPage","@id":"https:\/\/gaudiumetspes-blog.pl\/index.php\/2024\/11\/28\/nabierzcie-ducha-2\/","url":"https:\/\/gaudiumetspes-blog.pl\/index.php\/2024\/11\/28\/nabierzcie-ducha-2\/","name":"Nabierzcie ducha! - Gaudium Et Spes","isPartOf":{"@id":"https:\/\/gaudiumetspes-blog.pl\/#website"},"datePublished":"2024-11-28T08:39:50+00:00","dateModified":"2024-11-29T13:38:59+00:00","author":{"@id":"https:\/\/gaudiumetspes-blog.pl\/#\/schema\/person\/1661982992b752dea8dff0d4ed845a65"},"breadcrumb":{"@id":"https:\/\/gaudiumetspes-blog.pl\/index.php\/2024\/11\/28\/nabierzcie-ducha-2\/#breadcrumb"},"inLanguage":"pl-PL","potentialAction":[{"@type":"ReadAction","target":["https:\/\/gaudiumetspes-blog.pl\/index.php\/2024\/11\/28\/nabierzcie-ducha-2\/"]}]},{"@type":"BreadcrumbList","@id":"https:\/\/gaudiumetspes-blog.pl\/index.php\/2024\/11\/28\/nabierzcie-ducha-2\/#breadcrumb","itemListElement":[{"@type":"ListItem","position":1,"name":"Strona g\u0142\u00f3wna","item":"https:\/\/gaudiumetspes-blog.pl\/"},{"@type":"ListItem","position":2,"name":"Nabierzcie ducha!"}]},{"@type":"WebSite","@id":"https:\/\/gaudiumetspes-blog.pl\/#website","url":"https:\/\/gaudiumetspes-blog.pl\/","name":"Gaudium Et Spes","description":"Blog Ks. Jacka Ja\u015bkowskiego","potentialAction":[{"@type":"SearchAction","target":{"@type":"EntryPoint","urlTemplate":"https:\/\/gaudiumetspes-blog.pl\/?s={search_term_string}"},"query-input":{"@type":"PropertyValueSpecification","valueRequired":true,"valueName":"search_term_string"}}],"inLanguage":"pl-PL"},{"@type":"Person","@id":"https:\/\/gaudiumetspes-blog.pl\/#\/schema\/person\/1661982992b752dea8dff0d4ed845a65","name":"Ks. Jacek","image":{"@type":"ImageObject","inLanguage":"pl-PL","@id":"https:\/\/gaudiumetspes-blog.pl\/#\/schema\/person\/image\/","url":"https:\/\/gaudiumetspes-blog.pl\/wp-content\/uploads\/2019\/07\/avatar-JJ-150x150.jpg","contentUrl":"https:\/\/gaudiumetspes-blog.pl\/wp-content\/uploads\/2019\/07\/avatar-JJ-150x150.jpg","caption":"Ks. Jacek"},"description":"Witam serdecznie! K\u0142ania si\u0119 Ks. Jacek Ja\u015bkowski. Nie jestem ani kim\u015b wa\u017cnym, ani kim\u015b znanym. Jestem ksi\u0119dzem, kt\u00f3ry po prostu chce rozmawia\u0107. Codzienna kap\u0142a\u0144ska pos\u0142uga pokazuje mi, \u017ce temat\u00f3w do rozm\u00f3w z ksi\u0119dzem jest coraz wi\u0119cej i dzisiaj \u017caden ksi\u0105dz nie mo\u017ce od nich ucieka\u0107, ale - wprost przeciwnie - podejmowa\u0107 nowe wyzwania. To przekonanie sk\u0142oni\u0142o mnie do pr\u00f3by otwarcia tego\u017c bloga, chocia\u017c okazji do rozm\u00f3w na co dzie\u0144 - w konfesjonale i poza nim - na szcz\u0119\u015bcie nie brakuje. My\u015bl\u0119 jednak, \u017ce ten blog b\u0119dzie jeszcze jednym sposobem i przestrzeni\u0105 nawi\u0105zania kontaktu z lud\u017ami dobrej woli, otwartymi na dialog.","url":"https:\/\/gaudiumetspes-blog.pl\/index.php\/author\/ks-jacek\/"}]}},"jetpack_featured_media_url":"","jetpack_sharing_enabled":true,"_links":{"self":[{"href":"https:\/\/gaudiumetspes-blog.pl\/index.php\/wp-json\/wp\/v2\/posts\/23161","targetHints":{"allow":["GET"]}}],"collection":[{"href":"https:\/\/gaudiumetspes-blog.pl\/index.php\/wp-json\/wp\/v2\/posts"}],"about":[{"href":"https:\/\/gaudiumetspes-blog.pl\/index.php\/wp-json\/wp\/v2\/types\/post"}],"author":[{"embeddable":true,"href":"https:\/\/gaudiumetspes-blog.pl\/index.php\/wp-json\/wp\/v2\/users\/1"}],"replies":[{"embeddable":true,"href":"https:\/\/gaudiumetspes-blog.pl\/index.php\/wp-json\/wp\/v2\/comments?post=23161"}],"version-history":[{"count":3,"href":"https:\/\/gaudiumetspes-blog.pl\/index.php\/wp-json\/wp\/v2\/posts\/23161\/revisions"}],"predecessor-version":[{"id":23169,"href":"https:\/\/gaudiumetspes-blog.pl\/index.php\/wp-json\/wp\/v2\/posts\/23161\/revisions\/23169"}],"wp:attachment":[{"href":"https:\/\/gaudiumetspes-blog.pl\/index.php\/wp-json\/wp\/v2\/media?parent=23161"}],"wp:term":[{"taxonomy":"category","embeddable":true,"href":"https:\/\/gaudiumetspes-blog.pl\/index.php\/wp-json\/wp\/v2\/categories?post=23161"},{"taxonomy":"post_tag","embeddable":true,"href":"https:\/\/gaudiumetspes-blog.pl\/index.php\/wp-json\/wp\/v2\/tags?post=23161"}],"curies":[{"name":"wp","href":"https:\/\/api.w.org\/{rel}","templated":true}]}}