{"id":23256,"date":"2024-12-29T09:26:29","date_gmt":"2024-12-29T08:26:29","guid":{"rendered":"https:\/\/gaudiumetspes-blog.pl\/?p=23256"},"modified":"2024-12-29T09:26:29","modified_gmt":"2024-12-29T08:26:29","slug":"rodzina-w-cieniu-swiatyni","status":"publish","type":"post","link":"https:\/\/gaudiumetspes-blog.pl\/index.php\/2024\/12\/29\/rodzina-w-cieniu-swiatyni\/","title":{"rendered":"Rodzina &#8211; w cieniu \u015bwi\u0105tyni!"},"content":{"rendered":"<p align=\"justify\"><span style=\"color: #000000;\"><span style=\"font-family: Book Antiqua, serif;\"><span style=\"font-size: large;\">Szcz\u0119\u015b\u0107 Bo\u017ce! Moi Drodzy, w dniu dzisiejszym <b>imieniny prze\u017cywa Dawid B\u0142aszczak, \u017cyczliwy mi Cz\u0142owiek z Bia\u0142ej Podlaskiej. \u017bycz\u0119 Solenizanto<\/b><b>wi<\/b><b>, \u017ceby <\/b><b>zawsze \u2013 we w\u0142a\u015bciwym tego s\u0142owa rozumieniu \u2013 zna<\/b><b>\u0142<\/b><b> Jezusa <\/b><b>i odwa\u017cnie o Nim \u015bwiadczy\u0142<\/b><b>! Zapewniam o modlitwie!<\/b><\/span><\/span><\/span><\/p>\n<p align=\"justify\"><span style=\"color: #000000;\"><span style=\"font-family: Book Antiqua, serif;\"><span style=\"font-size: large;\">I pozdrawiam Was, Drodzy moi, serdecznie z Siedlec, gdzie pozosta\u0142em dzisiaj, nie wyje\u017cd\u017caj\u0105c na \u017cadn\u0105 Parafi\u0119, poniewa\u017c o 12:00 rozpocznie si\u0119 <b>Spotkanie op\u0142atkowe FORMACJI \u00abSPE SALVI\u00bb \u2013<\/b> ci\u0105gle powstaj\u0105cej i rozwijaj\u0105cej si\u0119, duchowo dojrzewaj\u0105cej Wsp\u00f3lnocie Ludzi m\u0142odych, s\u0142u\u017c\u0105cych Bogu w liturgii i poszukuj\u0105cych Go w codzienno\u015bci. Bardzo si\u0119 ciesz\u0119 z tego spotkania i oczekuj\u0119 na swoich Go\u015bci. Obiecuj\u0119 pami\u0119\u0107 w modlitwie o Wszystkich nam bliskich, czyli tak\u017ce o Was, moi Drodzy!<\/span><\/span><\/span><\/p>\n<p align=\"justify\"><span style=\"color: #000000;\"><span style=\"font-family: Book Antiqua, serif;\"><span style=\"font-size: large;\">A oto dzisiaj dzisiaj swoje \u015bwi\u0119to maj\u0105 nasze Rodziny \u2013 wszak dzisiaj w liturgii tak szczeg\u00f3lnie wspominamy \u015awi\u0119t\u0105 Rodzin\u0119. Dlatego zapraszam do refleksji nad kondycj\u0105 duchow\u0105 naszych Rodzin. I nad Bo\u017cym s\u0142owem, dzisiaj do nas skierowanym. Oto s\u0142\u00f3wko Ksi\u0119dza Marka na dzi\u015b:<\/span><\/span><\/span><\/p>\n<p align=\"justify\"><span style=\"color: #000000;\"><span style=\"font-family: Book Antiqua, serif;\"><span style=\"font-size: medium;\"><a href=\"https:\/\/www.youtube.com\/c\/CatholicSurgut\"><span style=\"font-size: large;\"><span lang=\"zxx\"><u><b>https:\/\/www.youtube.com\/c\/CatholicSurgut<\/b><\/u><\/span><\/span><\/a><\/span><\/span><\/span><\/p>\n<p align=\"justify\"><span style=\"color: #000000;\"><span style=\"font-family: Book Antiqua, serif;\"><span style=\"font-size: large;\"><span lang=\"zxx\">Zatem, <\/span><span lang=\"zxx\"><b>co dzi\u015b m\u00f3wi do mnie osobi\u015bcie Pan \u2013 do mnie i do mojej Rodziny? Z jakim konkretnym i bardzo indywidualnym przes\u0142aniem zwraca sie do mnie i do moich Bliskich?<\/b><\/span><span lang=\"zxx\"> Duchu \u015awi\u0119ty, podpowiedz&#8230;<\/span><\/span><\/span><\/span><\/p>\n<p align=\"justify\"><span style=\"color: #000000;\"><span style=\"font-family: Book Antiqua, serif;\"><span style=\"font-size: large;\"><b>Niech Was b\u0142ogos\u0142awi B\u00f3g Wszechmog\u0105cy: Ojciec + i Syn, i Duch \u015awi\u0119ty. Amen<\/b><\/span><\/span><\/span><\/p>\n<p align=\"center\"><span style=\"color: #000000;\"><span style=\"font-family: Book Antiqua, serif;\"><span style=\"font-size: large;\">Gaudium et spes! Ks. Jacek<\/span><\/span><\/span><\/p>\n<p align=\"center\">\n<p align=\"center\">\n<p align=\"center\">\n<p align=\"center\">\n<p align=\"center\">\n<p align=\"justify\"><span style=\"color: #000000;\"><span style=\"font-family: Book Antiqua, serif;\"><span style=\"font-size: large;\"><b>Niedziela \u015awi\u0119tej Rodziny, C,<\/b><\/span><\/span><\/span><\/p>\n<p align=\"justify\"><span style=\"color: #000000;\"><span style=\"font-family: Book Antiqua, serif;\"><span style=\"font-size: large;\"><b>29 grudnia 2024.,\u00a0<\/b><\/span><\/span><\/span><\/p>\n<p align=\"justify\"><span style=\"color: #000000;\"><span style=\"font-size: large;\"><span style=\"font-family: Book Antiqua, serif;\"><b>do czyta\u0144: <\/b><\/span><span style=\"font-family: Book Antiqua, serif;\"><b>1 Sm 1,20\u201322.24\u201328<\/b><\/span><span style=\"font-family: Book Antiqua, serif;\"><b>; <\/b><\/span><span style=\"font-family: Book Antiqua, serif;\"><b>1 J 3,1\u20132.21\u201324<\/b><\/span><span style=\"font-family: Book Antiqua, serif;\"><b>; <\/b><\/span><span style=\"font-family: Book Antiqua, serif;\"><b>\u0141k 2,41\u201352<\/b><\/span><\/span><\/span><\/p>\n<p align=\"justify\">\n<p align=\"justify\">\n<p align=\"justify\">\n<p align=\"justify\">\n<p align=\"justify\">\n<p align=\"justify\"><span style=\"color: #000000;\"><span style=\"font-family: Book Antiqua, serif;\"><span style=\"font-size: large;\"><b>CZYTANIE Z PIERWSZEJ KSI\u0118GI SAMUELA:<\/b><\/span><\/span><\/span><\/p>\n<p align=\"justify\"><span style=\"color: #000000;\"><span style=\"font-family: Book Antiqua, serif;\"><span style=\"font-size: large;\"><b>Anna pocz\u0119\u0142a i po up\u0142ywie dni urodzi\u0142a syna, i nazwa\u0142a go imieniem Samuel, poniewa\u017c m\u00f3wi\u0142a: \u201eUprosi\u0142am go u Pana\u201d.<\/b><\/span><\/span><\/span><\/p>\n<p align=\"justify\"><span style=\"color: #000000;\"><span style=\"font-family: Book Antiqua, serif;\"><span style=\"font-size: large;\"><b>Elkana uda\u0142 si\u0119 z ca\u0142\u0105 rodzin\u0105, by z\u0142o\u017cy\u0107 Panu doroczn\u0105 ofiar\u0119 i wype\u0142ni\u0107 \u015blub. Anna za\u015b nie posz\u0142a, lecz o\u015bwiadczy\u0142a swemu m\u0119\u017cowi: \u201eGdy ch\u0142opiec b\u0119dzie odstawiony od piersi, zaprowadz\u0119 go, \u017ceby ukaza\u0142 si\u0119 przed Panem i aby tam pozosta\u0142 na zawsze\u201d.<\/b><\/span><\/span><\/span><\/p>\n<p align=\"justify\"><span style=\"color: #000000;\"><span style=\"font-family: Book Antiqua, serif;\"><span style=\"font-size: large;\"><b>Gdy Anna odstawi\u0142a Samuela od piersi, wzi\u0119\u0142a go z sob\u0105 w drog\u0119, zabieraj\u0105c r\u00f3wnie\u017c trzyletniego cielca, jedn\u0105 ef\u0119 m\u0105ki i buk\u0142ak wina. Przyprowadzi\u0142a go do domu Pana, do Szilo. Ch\u0142opiec by\u0142 jeszcze ma\u0142y.<\/b><\/span><\/span><\/span><\/p>\n<p align=\"justify\"><span style=\"color: #000000;\"><span style=\"font-family: Book Antiqua, serif;\"><span style=\"font-size: large;\"><b>Zabili cielca i poprowadzili ch\u0142opca przed Helego. Powiedzia\u0142a ona w\u00f3wczas: \u201ePozw\u00f3l, panie m\u00f3j! Na twoje \u017cycie! To ja jestem ow\u0105 kobiet\u0105, kt\u00f3ra sta\u0142a tu przed tob\u0105 i modli\u0142a si\u0119 do Pana. O tego ch\u0142opca si\u0119 modli\u0142am, i Pan spe\u0142ni\u0142 moj\u0105 pro\u015bb\u0119, kt\u00f3r\u0105 do Niego zanosi\u0142am. Oto ja oddaj\u0119 go Panu. Na wszystkie dni, jak d\u0142ugo b\u0119dzie \u017cy\u0142, zostaje oddany na w\u0142asno\u015b\u0107 Panu\u201d.<\/b><\/span><\/span><\/span><\/p>\n<p align=\"justify\"><span style=\"color: #000000;\"><span style=\"font-family: Book Antiqua, serif;\"><span style=\"font-size: large;\"><b>I oddali tam pok\u0142on Panu.<\/b><\/span><\/span><\/span><\/p>\n<p align=\"justify\">\n<p align=\"justify\">\n<p align=\"justify\">\n<p align=\"justify\">\n<p align=\"justify\">\n<p align=\"justify\"><span style=\"color: #000000;\"><span style=\"font-family: Book Antiqua, serif;\"><span style=\"font-size: large;\"><b>CZYTANIE Z PIERWSZEGO LISTU \u015aWI\u0118TEGO JANA APOSTO\u0141A:<\/b><\/span><\/span><\/span><\/p>\n<p align=\"justify\"><span style=\"color: #000000;\"><span style=\"font-family: Book Antiqua, serif;\"><span style=\"font-size: large;\"><b>Najmilsi: Popatrzcie, jak\u0105 mi\u0142o\u015bci\u0105 obdarzy\u0142 nas Ojciec: zostali\u015bmy nazwani dzie\u0107mi Bo\u017cymi, i rzeczywi\u015bcie nimi jeste\u015bmy. \u015awiat za\u015b dlatego nas nie zna, \u017ce nie pozna\u0142 Jego. Umi\u0142owani, obecnie jeste\u015bmy dzie\u0107mi Bo\u017cymi, ale jeszcze si\u0119 nie ujawni\u0142o, czym b\u0119dziemy. Wiemy, \u017ce gdy si\u0119 On objawi, b\u0119dziemy do Niego podobni, bo ujrzymy Go takim, jakim jest.<\/b><\/span><\/span><\/span><\/p>\n<p align=\"justify\"><span style=\"color: #000000;\"><span style=\"font-family: Book Antiqua, serif;\"><span style=\"font-size: large;\"><b>Umi\u0142owani, je\u015bli serce nas nie oskar\u017ca, mamy ufno\u015b\u0107 wobec Boga, i o co prosi\u0107 b\u0119dziemy, otrzymamy od Niego, poniewa\u017c zachowujemy Jego przykazania i czynimy to, co si\u0119 Jemu podoba.<\/b><\/span><\/span><\/span><\/p>\n<p align=\"justify\"><span style=\"color: #000000;\"><span style=\"font-family: Book Antiqua, serif;\"><span style=\"font-size: large;\"><b>Przykazanie Jego za\u015b jest takie, aby\u015bmy wierzyli w imi\u0119 Jezusa Chrystusa, Jego Syna, i mi\u0142owali si\u0119 wzajemnie tak, jak nam nakaza\u0142. Kto wype\u0142nia Jego przykazania, trwa w Bogu, a B\u00f3g w nim; a to, \u017ce trwa On w nas, poznajemy po Duchu, kt\u00f3rego nam da\u0142.<\/b><\/span><\/span><\/span><\/p>\n<p align=\"justify\">\n<p align=\"justify\">\n<p align=\"justify\">\n<p align=\"justify\">\n<p align=\"justify\">\n<p align=\"justify\"><span style=\"color: #000000;\"><span style=\"font-family: Book Antiqua, serif;\"><span style=\"font-size: large;\"><b>S\u0141OWA EWANGELII WED\u0141UG \u015aWI\u0118TEGO \u0141UKASZA:<\/b><\/span><\/span><\/span><\/p>\n<p align=\"justify\"><span style=\"color: #000000;\"><span style=\"font-family: Book Antiqua, serif;\"><span style=\"font-size: large;\"><b>Rodzice Jezusa chodzili co roku do Jerozolimy na \u015awi\u0119to Paschy. Gdy mia\u0142 lat dwana\u015bcie, udali si\u0119 tam zwyczajem \u015bwi\u0105tecznym. Kiedy wracali po sko\u0144czonych uroczysto\u015bciach, zosta\u0142 Jezus w Jerozolimie, a tego nie zauwa\u017cyli Jego Rodzice. Przypuszczaj\u0105c, \u017ce jest w towarzystwie p\u0105tnik\u00f3w, uszli dzie\u0144 drogi i szukali Go w\u015br\u00f3d krewnych i znajomych. Gdy Go nie znale\u017ali, wr\u00f3cili do Jerozolimy, szukaj\u0105c Go. <\/b><\/span><\/span><\/span><\/p>\n<p align=\"justify\"><span style=\"color: #000000;\"><span style=\"font-family: Book Antiqua, serif;\"><span style=\"font-size: large;\"><b>Dopiero po trzech dniach odnale\u017ali Go w \u015bwi\u0105tyni, gdzie siedzia\u0142 mi\u0119dzy nauczycielami, przys\u0142uchiwa\u0142 si\u0119 im i zadawa\u0142 pytania. Wszyscy za\u015b, kt\u00f3rzy Go s\u0142uchali, byli zdumieni bystro\u015bci\u0105 Jego umys\u0142u i odpowiedziami. <\/b><\/span><\/span><\/span><\/p>\n<p align=\"justify\"><span style=\"color: #000000;\"><span style=\"font-family: Book Antiqua, serif;\"><span style=\"font-size: large;\"><b>Na ten widok zdziwili si\u0119 bardzo, a Jego Matka rzek\u0142a do Niego: \u201eSynu, czemu\u015b nam to uczyni\u0142? Oto ojciec Tw\u00f3j i Ja z b\u00f3lem serca szukali\u015bmy Ciebie\u201d. <\/b><\/span><\/span><\/span><\/p>\n<p align=\"justify\"><span style=\"color: #000000;\"><span style=\"font-family: Book Antiqua, serif;\"><span style=\"font-size: large;\"><b>Lecz On Im odpowiedzia\u0142: \u201eCzemu\u015bcie Mnie szukali? Czy nie wiedzieli\u015bcie, \u017ce powinienem by\u0107 w tym, co nale\u017cy do mego Ojca?\u201d <\/b><\/span><\/span><\/span><\/p>\n<p align=\"justify\"><span style=\"color: #000000;\"><span style=\"font-family: Book Antiqua, serif;\"><span style=\"font-size: large;\"><b>Oni jednak nie zrozumieli tego, co Im powiedzia\u0142. <\/b><\/span><\/span><\/span><\/p>\n<p align=\"justify\"><span style=\"color: #000000;\"><span style=\"font-family: Book Antiqua, serif;\"><span style=\"font-size: large;\"><b>Potem poszed\u0142 z Nimi i wr\u00f3ci\u0142 do Nazaretu; i by\u0142 Im poddany. A Matka Jego chowa\u0142a wiernie wszystkie te wspomnienia w swym sercu. <\/b><\/span><\/span><\/span><\/p>\n<p align=\"justify\"><span style=\"color: #000000;\"><span style=\"font-family: Book Antiqua, serif;\"><span style=\"font-size: large;\"><b>Jezus za\u015b czyni\u0142 post\u0119py w m\u0105dro\u015bci, w latach i w \u0142asce u Boga i u ludzi.<\/b><\/span><\/span><\/span><\/p>\n<p align=\"justify\">\n<p align=\"justify\">\n<p align=\"justify\">\n<p align=\"justify\">\n<p align=\"justify\">\n<p align=\"justify\"><span style=\"color: #000000;\"><span style=\"font-family: Book Antiqua, serif;\"><span style=\"font-size: large;\">Kiedy uwa\u017cnie s\u0142uchamy dzisiejszego pierwszego czytania oraz czytania ewangelicznego, to z pewno\u015bci\u0105 <b>zauwa\u017camy pewne podobie\u0144stwa. <\/b>Bo w jednym i drugim tek\u015bcie mamy do czynienia<b> z rodzin\u0105 <\/b>\u2013 i w jednym i w drugim tek\u015bcie mamy do czynienia <b>ze \u015bwi\u0105tyni\u0105,<\/b> w kt\u00f3rej <b>zatrzymali si\u0119 synowie<\/b> jednej, jak i drugiej rodziny. I to w spos\u00f3b dobrowolny, a nawet ch\u0119tny: Samuel zosta\u0142 za zgod\u0105 swojej matki, <b>a Jezus zosta\u0142 sam \u2013 wbrew swoim Rodzicom,<\/b> albo mo\u017ce lepiej: <b>bez <\/b><b>I<\/b><b>ch wiedzy<\/b> i ku ich zaskoczeniu. Bo gdyby wcze\u015bniej powiedzia\u0142, \u017ce co\u015b takiego planuje, to pewnie ci nie sprzeciwialiby si\u0119 temu, a tak \u2013 szukali go trzy dni. <\/span><\/span><\/span><\/p>\n<p align=\"justify\"><span style=\"color: #000000;\"><span style=\"font-family: Book Antiqua, serif;\"><span style=\"font-size: large;\">Mo\u017cna zatem powiedzie\u0107, \u017ce w jednym i drugim tek\u015bcie owa<b> droga do \u015bwi\u0105tyni <\/b>wygl\u0105da\u0142a \u2013 w przypadku jednej i drugiej rodziny, a szczeg\u00f3lnie: w przypadku obu syn\u00f3w \u2013 zupe\u0142nie inaczej, natomiast sam fakt, i\u017c \u017cycie obu rodzin wyra\u017anie kszta\u0142towa\u0142o si\u0119 i przebiega\u0142o <b>w pobli\u017cu \u015bwi\u0105tyni Pa\u0144skiej,<\/b> naprawd\u0119 daje do my\u015blenia. W przypadku Anny i Elkany \u2013 ale i w przypadku Maryi i J\u00f3zefa \u2013 <b>\u015bwi\u0105tynia stanowi\u0142a integraln\u0105 cz\u0119\u015b\u0107 ich \u017cycia. <\/b><\/span><\/span><\/span><\/p>\n<p align=\"justify\"><span style=\"color: #000000;\"><span style=\"font-family: Book Antiqua, serif;\"><span style=\"font-size: large;\">To przecie\u017c tam Anna wyp\u0142akiwa\u0142a morze \u0142ez przed Bogiem, prosz\u0105c o potomka. Tam te\u017c Maryja i J\u00f3zef pielgrzymowali co roku <i><b>na \u015awi\u0119to Paschy,<\/b><\/i><b> <\/b>a<b> <\/b><i><b>g<\/b><\/i><i><b>dy<\/b><\/i><b> <\/b><b>[Jezus ju\u017c] <\/b><i><b>mia\u0142 lat dwana\u015bcie, udali si\u0119 tam zwyczajem \u015bwi\u0105tecznym<\/b><\/i><b> <\/b>razem z Nim. Tak wi\u0119c, \u015bwi\u0105tynia Pa\u0144ska by\u0142a <b>celem pielgrzymowania,<\/b> by\u0142a te\u017c \u2013 w pewnym sensie \u2013 prawdziwym <b>centrum \u017cycia obu rodzin. <\/b>Bo i z rado\u015bciami, ale i ze smutkami, ale i z obawami, ale i z nadziejami, ale te\u017c z tym wszystkim, co wa\u017cne i wielkie, jak te\u017c tym, co codzienne i zwyczajne \u2013<b> w\u0119drowa\u0142o si\u0119 tam, aby to wszystko odda\u0107 Panu!<\/b> Aby siebie samego odda\u0107 Panu! <\/span><\/span><\/span><\/p>\n<p align=\"justify\"><span style=\"color: #000000;\"><span style=\"font-family: Book Antiqua, serif;\"><span style=\"font-size: large;\">Zreszt\u0105, jeste\u015bmy dzisiaj \u015bwiadkami sytuacji \u2013 opisanej w pierwszym czytaniu \u2013 w kt\u00f3rej to <b>Anna przyprowadza ma\u0142ego jeszcze syna<\/b> i zostawia go tam ju\u017c na zawsze. To bardzo dziwna (przyznajmy, przynajmniej z naszej perspektywy patrz\u0105c) sytuacja, w kt\u00f3rej matka <b>najpierw wyp\u0142akuje oczy i szturmuje Niebo, <\/b>b\u0142agaj\u0105c o potomka, po czym \u2013 kiedy go ju\u017c otrzymuje \u2013 po prostu oddaje go, oddala od siebie, po\u015bwi\u0119ca go na s\u0142u\u017cb\u0119 w \u015bwi\u0105tyni. Co zreszt\u0105 <b>obieca\u0142a Bogu, <\/b>kiedy jeszcze o niego prosi\u0142a. <\/span><\/span><\/span><\/p>\n<p align=\"justify\"><span style=\"color: #000000;\"><span style=\"font-family: Book Antiqua, serif;\"><span style=\"font-size: large;\">Mo\u017cna by zapyta\u0107:<b> to po co jej ten syn, <\/b>dlaczego tak go pragn\u0119\u0142a, skoro zaraz si\u0119 go pozby\u0142a? Ale w\u0142a\u015bnie \u2013 czy si\u0119 go pozby\u0142a? Czy go straci\u0142a? A mo\u017ce \u2013 <b>tym bardziej zyska\u0142a? Na nowo zyska\u0142a?<\/b> Kiedy sta\u0142 si\u0119 Bo\u017c\u0105 w\u0142asno\u015bci\u0105 \u2013 mo\u017ce w\u0142a\u015bnie wtedy przyczyni\u0142 si\u0119 <b>do najwi\u0119kszego duchowego dobra<\/b> swojej rodziny? <\/span><\/span><\/span><\/p>\n<p align=\"justify\"><span style=\"color: #000000;\"><span style=\"font-family: Book Antiqua, serif;\"><span style=\"font-size: large;\">Owszem, to s\u0105 trudne sprawy i trzeba je w\u0142a\u015bciwie rozumie\u0107. Dzisiaj decyzji o oddaniu si\u0119 na s\u0142u\u017cb\u0119 Bo\u017c\u0105 \u2013 czy to w kap\u0142a\u0144stwie, czy w \u017cyciu zakonnym \u2013 <b>oczekuje si\u0119 jednak od ludzi doros\u0142ych, <\/b>pe\u0142noletnich, \u015bwiadomych swoich decyzji, a nie dzieci. Ale czy\u017c nie m\u00f3wi si\u0119 nawet w takich sytuacjach, \u017ce to <b>rodzice oddali syna na s\u0142u\u017cb\u0119 Bogu?\u2026<\/b> Nawet, je\u015bli to nie oni za niego, a on sam za siebie podj\u0105\u0142 t\u0119 decyzj\u0119 \u2013 zreszt\u0105, nie mo\u017ce by\u0107 inaczej! \u2013 to jednak <b>poprzez wychowanie go,<\/b> ukszta\u0142towanie w nim odpowiedniej postawy, a przede wszystkim ducha wiary; poprzez doprowadzenie go do Boga i nauczenie modlitwy, <b>przyczynili si\u0119 do podj\u0119cia przez niego<\/b> takiej, a nie innej decyzji. <\/span><\/span><\/span><\/p>\n<p align=\"justify\"><span style=\"color: #000000;\"><span style=\"font-family: Book Antiqua, serif;\"><span style=\"font-size: large;\">I na pewno<b> m\u0105drzy i \u015bwi\u0119ci rodzice, <\/b>kt\u00f3rych dziecko podj\u0119\u0142o s\u0142u\u017cb\u0119 kap\u0142a\u0144sk\u0105 i zakonn\u0105, nie maj\u0105 poczucia <b>jakiej<\/b><b>kolwiek<\/b><b> straty czy pora\u017cki, <\/b>bo wiedz\u0105, \u017ce oddanie si\u0119 na s\u0142u\u017cb\u0119 Bogu jeszcze bardziej <b>otwiera t<\/b><b>akiego<\/b><b> cz\u0142owieka na innych ludzi. <\/b>Bo B\u00f3g nie jest zaborczy,<b> nie zniewala cz\u0142owieka,<\/b> nie przyw\u0142aszcza go sobie w spos\u00f3b bezwzgl\u0119dny i zamykaj\u0105cy na innych. Bliski kontakt z Bogiem, zjednoczenie si\u0119 z Nim, oddanie si\u0119 na s\u0142u\u017cb\u0119 Bogu \u2013 jeszcze bardziej otwiera takiego cz\u0142owieka na innych ludzi, <b>czyni go darem dla innych ludzi! <\/b><\/span><\/span><\/span><\/p>\n<p align=\"justify\"><span style=\"color: #000000;\"><span style=\"font-family: Book Antiqua, serif;\"><span style=\"font-size: large;\">Ale tak si\u0119 dzieje nie tylko w przypadku os\u00f3b, oddaj\u0105cych si\u0119 na wy\u0142\u0105czn\u0105 s\u0142u\u017cb\u0119 Bogu. Tak si\u0119 dzieje<b> w og\u00f3le w rodzinach, kt\u00f3re zwi\u0105\u017c\u0105 swe \u017cycie z Bogiem,<\/b> ze \u015bwi\u0105tyni\u0105, z Sakramentami, z modlitw\u0105, z lektur\u0105 Pisma \u015awi\u0119tego. Z pewno\u015bci\u0105, to wszystko nie uczyni z ich codziennego \u017cycia <b>i z ich domu klasztoru,<\/b> w kt\u00f3rym tylko modlitwy od rana do nocy b\u0119d\u0105 wznoszone <b>i \u015bpiew gregoria\u0144ski b\u0119dzie s\u0142ycha\u0107, <\/b>a w powietrzu unosi\u0142 si\u0119 b\u0119dzie zapach kadzide\u0142 wonnych! Owszem, <b>muzyki gregoria\u0144skiej warto s\u0142ucha\u0107,<\/b> bo sama w sobie jest pi\u0119kna, podobnie jak i kadzide\u0142ko mo\u017cna sobie zapali\u0107, ale \u017cycie rodziny w zwyczajnym domu jest\u2026 <b>zwyczajnym \u017cyciem rodzinnym. <\/b>Nie jest klasztorem. <\/span><\/span><\/span><\/p>\n<p align=\"justify\"><span style=\"color: #000000;\"><span style=\"font-family: Book Antiqua, serif;\"><span style=\"font-size: large;\"><b>Jest Ko\u015bcio\u0142em <\/b>\u2013 owszem \u2013 ale domowym, czyli wsp\u00f3lnot\u0105 ludzi zjednoczonych wok\u00f3\u0142 Boga, zjednoczonych z Bogiem: takich, kt\u00f3rzy <b>tego\u017c<\/b> <b>Boga zapraszaj\u0105, aby by\u0142 nie Go\u015bciem, ale Domownikiem<\/b> w\u015br\u00f3d nich, ale kt\u00f3rzy te\u017c ch\u0119tnie <b>kieruj\u0105 swoje kroki do Jego \u015bwi\u0105tyni,<\/b> aby tak\u017ce t\u0119 \u015bwi\u0105tyni\u0119, we w\u0142a\u015bciwym rozumieniu tego s\u0142owa, czyni\u0107 swoim domem. Wtedy \u017cycie takiej rodziny staje si\u0119 naprawd\u0119 <b>pi\u0119kne i sensowne, owocne i duchowo bogate<\/b> \u2013 chocia\u017c, tak po ludzku, nie zawsze \u0142atwe. A niekiedy, to nawet bardzo trudne, jak bardzo trudne by\u0142o nieraz \u017cycie \u015awi\u0119tej Rodziny Nazareta\u0144skiej. <\/span><\/span><\/span><\/p>\n<p align=\"justify\"><span style=\"color: #000000;\"><span style=\"font-family: Book Antiqua, serif;\"><span style=\"font-size: large;\">Jednak, je\u017celi dokonuje si\u0119 ono<b> w cieniu Bo\u017cej \u015bwi\u0105tyni <\/b>\u2013 a mo\u017ce lepiej powiedzie\u0107: <b>w blasku \u015bwi\u0105tyni <\/b>\u2013 i w pe\u0142nej jedno\u015bci z Bogiem, w\u00f3wczas nawet to, co trudne, <b>nie stanowi dla <\/b><b>niej<\/b><b> \u017cadnego zagro\u017cenia. <\/b>Wprost przeciwnie: mo\u017ce stanowi\u0107 <b>czynnik wzmacniaj\u0105cy<\/b> wewn\u0119trzne wi\u0119zi i wewn\u0119trzn\u0105 jedno\u015b\u0107. Je\u015bli tylko ta wi\u0119\u017a i ta jedno\u015b\u0107 <b>jest zawarta z Bogiem! <\/b><\/span><\/span><\/span><\/p>\n<p align=\"justify\"><span style=\"color: #000000;\"><span style=\"font-family: Book Antiqua, serif;\"><span style=\"font-size: large;\">I to w\u0142a\u015bnie w tym kontek\u015bcie przyjmujemy s\u0142owa pouczenia \u015awi\u0119tego Jana Aposto\u0142a, z jego Pierwszego Listu, z dzisiejszego drugiego czytania: <i><b>Popatrzcie, jak\u0105 mi\u0142o\u015bci\u0105 obdarzy\u0142 nas Ojciec: zostali\u015bmy nazwani dzie\u0107mi Bo\u017cymi, i rzeczywi\u015bcie nimi jeste\u015bmy. \u015awiat za\u015b dlatego nas nie zna, \u017ce nie pozna\u0142 Jego. Umi\u0142owani, obecnie jeste\u015bmy dzie\u0107mi Bo\u017cymi, ale jeszcze si\u0119 nie ujawni\u0142o, czym b\u0119dziemy. Wiemy, \u017ce gdy si\u0119 <\/b><\/i><i><b>On <\/b><\/i><i><b>objawi, b\u0119dziemy do Niego podobni, bo ujrzymy Go takim, jakim jest. <\/b><\/i><\/span><\/span><\/span><\/p>\n<p align=\"justify\"><span style=\"color: #000000;\"><span style=\"font-family: Book Antiqua, serif;\"><span style=\"font-size: large;\">W dobie tak <b>wielkiego i zmasowanego ataku na rodzin\u0119, <\/b>w dobie <b>mobilizacji wszystkich mo\u017cliwych si\u0142 diabelskich przeciwko rodzinie<\/b> \u2013 jedynym sposobem obronienia si\u0119 przed tym, ale te\u017c i wyj\u015bcia z defensywy ku duchowej ofensywie, a wi\u0119c ku <b>pi\u0119knemu \u017cyciu rodzinnemu i \u015bwiadczeniu o tym <\/b>wobec wszystkich, jest <b>zjednoczenie si\u0119 naszych rodzin z Bogiem<\/b>. Ale takie stuprocentowe! Oparcie codziennego \u017cycia i funkcjonowania rodzin tylko na Bogu. <\/span><\/span><\/span><\/p>\n<p align=\"justify\"><span style=\"color: #000000;\"><span style=\"font-family: Book Antiqua, serif;\"><span style=\"font-size: large;\">W cieniu Jego \u015bwi\u0105tyni \u2013<b> i w samej \u015bwi\u0105tyni,<\/b> do kt\u00f3rej nasze rodziny b\u0119d\u0105 pod\u0105\u017ca\u0142y nie tylko raz do roku, ale <b>przynajmniej raz na tydzie\u0144,<\/b> w Dzie\u0144 Pa\u0144ski, a najlepiej jeszcze cz\u0119\u015bciej. Aby\u015bmy tam w\u0142a\u015bnie, w \u015bwi\u0105tyni, na nowo u\u015bwiadamiali sobie,<i><b> jak\u0105 mi\u0142o\u015bci\u0105 obdarzy\u0142 nas Ojciec<\/b><\/i> i \u017ce <i><b>jeste\u015bmy dzie\u0107mi Bo\u017cymi.<\/b><\/i> Jeste\u015bmy w jednej wielkiej rodzinie: <b>rodzinie dzieci Bo\u017cych! <\/b>A wtedy diabe\u0142 \u2013 cho\u0107by i na g\u0142owie stan\u0105\u0142 i ca\u0142y sw\u00f3j diabelski impet zaanga\u017cowa\u0142 \u2013 <b>niczego nie osi\u0105gnie. Przegra z kretesem! <\/b>Nie zagrozi naszym rodzinom!<\/span><\/span><\/span><\/p>\n<p align=\"justify\"><span style=\"color: #000000;\"><span style=\"font-family: Book Antiqua, serif;\"><span style=\"font-size: large;\">Je\u015bli tylko b\u0119d\u0105 one \u2013 Bogiem silne! <\/span><\/span><\/span><\/p>\n","protected":false},"excerpt":{"rendered":"<p>Szcz\u0119\u015b\u0107 Bo\u017ce! Moi Drodzy, w dniu dzisiejszym imieniny prze\u017cywa Dawid B\u0142aszczak, \u017cyczliwy mi Cz\u0142owiek z Bia\u0142ej Podlaskiej. \u017bycz\u0119 Solenizantowi, \u017ceby zawsze \u2013 we w\u0142a\u015bciwym tego s\u0142owa rozumieniu \u2013 zna\u0142 Jezusa i odwa\u017cnie o Nim \u015bwiadczy\u0142! Zapewniam o modlitwie! I pozdrawiam Was, Drodzy moi, serdecznie z Siedlec, gdzie pozosta\u0142em dzisiaj, nie wyje\u017cd\u017caj\u0105c na \u017cadn\u0105 Parafi\u0119, poniewa\u017c [&hellip;]<\/p>\n","protected":false},"author":1,"featured_media":0,"comment_status":"open","ping_status":"open","sticky":false,"template":"","format":"standard","meta":{"jetpack_post_was_ever_published":false,"_jetpack_newsletter_access":"","_jetpack_dont_email_post_to_subs":false,"_jetpack_newsletter_tier_id":0,"_jetpack_memberships_contains_paywalled_content":false,"_jetpack_memberships_contains_paid_content":false,"footnotes":""},"categories":[1],"tags":[],"class_list":["post-23256","post","type-post","status-publish","format-standard","hentry","category-bez-kategorii"],"yoast_head":"<!-- This site is optimized with the Yoast SEO plugin v25.1 - https:\/\/yoast.com\/wordpress\/plugins\/seo\/ -->\n<title>Rodzina - w cieniu \u015bwi\u0105tyni! - Gaudium Et Spes<\/title>\n<meta name=\"robots\" content=\"index, follow, max-snippet:-1, max-image-preview:large, max-video-preview:-1\" \/>\n<link rel=\"canonical\" href=\"https:\/\/gaudiumetspes-blog.pl\/index.php\/2024\/12\/29\/rodzina-w-cieniu-swiatyni\/\" \/>\n<meta property=\"og:locale\" content=\"pl_PL\" \/>\n<meta property=\"og:type\" content=\"article\" \/>\n<meta property=\"og:title\" content=\"Rodzina - w cieniu \u015bwi\u0105tyni! - Gaudium Et Spes\" \/>\n<meta property=\"og:description\" content=\"Szcz\u0119\u015b\u0107 Bo\u017ce! Moi Drodzy, w dniu dzisiejszym imieniny prze\u017cywa Dawid B\u0142aszczak, \u017cyczliwy mi Cz\u0142owiek z Bia\u0142ej Podlaskiej. \u017bycz\u0119 Solenizantowi, \u017ceby zawsze \u2013 we w\u0142a\u015bciwym tego s\u0142owa rozumieniu \u2013 zna\u0142 Jezusa i odwa\u017cnie o Nim \u015bwiadczy\u0142! Zapewniam o modlitwie! I pozdrawiam Was, Drodzy moi, serdecznie z Siedlec, gdzie pozosta\u0142em dzisiaj, nie wyje\u017cd\u017caj\u0105c na \u017cadn\u0105 Parafi\u0119, poniewa\u017c [&hellip;]\" \/>\n<meta property=\"og:url\" content=\"https:\/\/gaudiumetspes-blog.pl\/index.php\/2024\/12\/29\/rodzina-w-cieniu-swiatyni\/\" \/>\n<meta property=\"og:site_name\" content=\"Gaudium Et Spes\" \/>\n<meta property=\"article:published_time\" content=\"2024-12-29T08:26:29+00:00\" \/>\n<meta name=\"author\" content=\"Ks. Jacek\" \/>\n<meta name=\"twitter:card\" content=\"summary_large_image\" \/>\n<meta name=\"twitter:label1\" content=\"Napisane przez\" \/>\n\t<meta name=\"twitter:data1\" content=\"Ks. Jacek\" \/>\n\t<meta name=\"twitter:label2\" content=\"Szacowany czas czytania\" \/>\n\t<meta name=\"twitter:data2\" content=\"11 minut\" \/>\n<script type=\"application\/ld+json\" class=\"yoast-schema-graph\">{\"@context\":\"https:\/\/schema.org\",\"@graph\":[{\"@type\":\"WebPage\",\"@id\":\"https:\/\/gaudiumetspes-blog.pl\/index.php\/2024\/12\/29\/rodzina-w-cieniu-swiatyni\/\",\"url\":\"https:\/\/gaudiumetspes-blog.pl\/index.php\/2024\/12\/29\/rodzina-w-cieniu-swiatyni\/\",\"name\":\"Rodzina - w cieniu \u015bwi\u0105tyni! - Gaudium Et Spes\",\"isPartOf\":{\"@id\":\"https:\/\/gaudiumetspes-blog.pl\/#website\"},\"datePublished\":\"2024-12-29T08:26:29+00:00\",\"author\":{\"@id\":\"https:\/\/gaudiumetspes-blog.pl\/#\/schema\/person\/1661982992b752dea8dff0d4ed845a65\"},\"breadcrumb\":{\"@id\":\"https:\/\/gaudiumetspes-blog.pl\/index.php\/2024\/12\/29\/rodzina-w-cieniu-swiatyni\/#breadcrumb\"},\"inLanguage\":\"pl-PL\",\"potentialAction\":[{\"@type\":\"ReadAction\",\"target\":[\"https:\/\/gaudiumetspes-blog.pl\/index.php\/2024\/12\/29\/rodzina-w-cieniu-swiatyni\/\"]}]},{\"@type\":\"BreadcrumbList\",\"@id\":\"https:\/\/gaudiumetspes-blog.pl\/index.php\/2024\/12\/29\/rodzina-w-cieniu-swiatyni\/#breadcrumb\",\"itemListElement\":[{\"@type\":\"ListItem\",\"position\":1,\"name\":\"Strona g\u0142\u00f3wna\",\"item\":\"https:\/\/gaudiumetspes-blog.pl\/\"},{\"@type\":\"ListItem\",\"position\":2,\"name\":\"Rodzina &#8211; w&nbsp;cieniu \u015bwi\u0105tyni!\"}]},{\"@type\":\"WebSite\",\"@id\":\"https:\/\/gaudiumetspes-blog.pl\/#website\",\"url\":\"https:\/\/gaudiumetspes-blog.pl\/\",\"name\":\"Gaudium Et Spes\",\"description\":\"Blog Ks. Jacka Ja\u015bkowskiego\",\"potentialAction\":[{\"@type\":\"SearchAction\",\"target\":{\"@type\":\"EntryPoint\",\"urlTemplate\":\"https:\/\/gaudiumetspes-blog.pl\/?s={search_term_string}\"},\"query-input\":{\"@type\":\"PropertyValueSpecification\",\"valueRequired\":true,\"valueName\":\"search_term_string\"}}],\"inLanguage\":\"pl-PL\"},{\"@type\":\"Person\",\"@id\":\"https:\/\/gaudiumetspes-blog.pl\/#\/schema\/person\/1661982992b752dea8dff0d4ed845a65\",\"name\":\"Ks. Jacek\",\"image\":{\"@type\":\"ImageObject\",\"inLanguage\":\"pl-PL\",\"@id\":\"https:\/\/gaudiumetspes-blog.pl\/#\/schema\/person\/image\/\",\"url\":\"https:\/\/gaudiumetspes-blog.pl\/wp-content\/uploads\/2019\/07\/avatar-JJ-150x150.jpg\",\"contentUrl\":\"https:\/\/gaudiumetspes-blog.pl\/wp-content\/uploads\/2019\/07\/avatar-JJ-150x150.jpg\",\"caption\":\"Ks. Jacek\"},\"description\":\"Witam serdecznie! K\u0142ania si\u0119 Ks. Jacek Ja\u015bkowski. Nie jestem ani kim\u015b wa\u017cnym, ani kim\u015b znanym. Jestem ksi\u0119dzem, kt\u00f3ry po prostu chce rozmawia\u0107. Codzienna kap\u0142a\u0144ska pos\u0142uga pokazuje mi, \u017ce temat\u00f3w do rozm\u00f3w z ksi\u0119dzem jest coraz wi\u0119cej i dzisiaj \u017caden ksi\u0105dz nie mo\u017ce od nich ucieka\u0107, ale - wprost przeciwnie - podejmowa\u0107 nowe wyzwania. To przekonanie sk\u0142oni\u0142o mnie do pr\u00f3by otwarcia tego\u017c bloga, chocia\u017c okazji do rozm\u00f3w na co dzie\u0144 - w konfesjonale i poza nim - na szcz\u0119\u015bcie nie brakuje. My\u015bl\u0119 jednak, \u017ce ten blog b\u0119dzie jeszcze jednym sposobem i przestrzeni\u0105 nawi\u0105zania kontaktu z lud\u017ami dobrej woli, otwartymi na dialog.\",\"url\":\"https:\/\/gaudiumetspes-blog.pl\/index.php\/author\/ks-jacek\/\"}]}<\/script>\n<!-- \/ Yoast SEO plugin. -->","yoast_head_json":{"title":"Rodzina - w cieniu \u015bwi\u0105tyni! - Gaudium Et Spes","robots":{"index":"index","follow":"follow","max-snippet":"max-snippet:-1","max-image-preview":"max-image-preview:large","max-video-preview":"max-video-preview:-1"},"canonical":"https:\/\/gaudiumetspes-blog.pl\/index.php\/2024\/12\/29\/rodzina-w-cieniu-swiatyni\/","og_locale":"pl_PL","og_type":"article","og_title":"Rodzina - w cieniu \u015bwi\u0105tyni! - Gaudium Et Spes","og_description":"Szcz\u0119\u015b\u0107 Bo\u017ce! Moi Drodzy, w dniu dzisiejszym imieniny prze\u017cywa Dawid B\u0142aszczak, \u017cyczliwy mi Cz\u0142owiek z Bia\u0142ej Podlaskiej. \u017bycz\u0119 Solenizantowi, \u017ceby zawsze \u2013 we w\u0142a\u015bciwym tego s\u0142owa rozumieniu \u2013 zna\u0142 Jezusa i odwa\u017cnie o Nim \u015bwiadczy\u0142! Zapewniam o modlitwie! I pozdrawiam Was, Drodzy moi, serdecznie z Siedlec, gdzie pozosta\u0142em dzisiaj, nie wyje\u017cd\u017caj\u0105c na \u017cadn\u0105 Parafi\u0119, poniewa\u017c [&hellip;]","og_url":"https:\/\/gaudiumetspes-blog.pl\/index.php\/2024\/12\/29\/rodzina-w-cieniu-swiatyni\/","og_site_name":"Gaudium Et Spes","article_published_time":"2024-12-29T08:26:29+00:00","author":"Ks. Jacek","twitter_card":"summary_large_image","twitter_misc":{"Napisane przez":"Ks. Jacek","Szacowany czas czytania":"11 minut"},"schema":{"@context":"https:\/\/schema.org","@graph":[{"@type":"WebPage","@id":"https:\/\/gaudiumetspes-blog.pl\/index.php\/2024\/12\/29\/rodzina-w-cieniu-swiatyni\/","url":"https:\/\/gaudiumetspes-blog.pl\/index.php\/2024\/12\/29\/rodzina-w-cieniu-swiatyni\/","name":"Rodzina - w cieniu \u015bwi\u0105tyni! - Gaudium Et Spes","isPartOf":{"@id":"https:\/\/gaudiumetspes-blog.pl\/#website"},"datePublished":"2024-12-29T08:26:29+00:00","author":{"@id":"https:\/\/gaudiumetspes-blog.pl\/#\/schema\/person\/1661982992b752dea8dff0d4ed845a65"},"breadcrumb":{"@id":"https:\/\/gaudiumetspes-blog.pl\/index.php\/2024\/12\/29\/rodzina-w-cieniu-swiatyni\/#breadcrumb"},"inLanguage":"pl-PL","potentialAction":[{"@type":"ReadAction","target":["https:\/\/gaudiumetspes-blog.pl\/index.php\/2024\/12\/29\/rodzina-w-cieniu-swiatyni\/"]}]},{"@type":"BreadcrumbList","@id":"https:\/\/gaudiumetspes-blog.pl\/index.php\/2024\/12\/29\/rodzina-w-cieniu-swiatyni\/#breadcrumb","itemListElement":[{"@type":"ListItem","position":1,"name":"Strona g\u0142\u00f3wna","item":"https:\/\/gaudiumetspes-blog.pl\/"},{"@type":"ListItem","position":2,"name":"Rodzina &#8211; w&nbsp;cieniu \u015bwi\u0105tyni!"}]},{"@type":"WebSite","@id":"https:\/\/gaudiumetspes-blog.pl\/#website","url":"https:\/\/gaudiumetspes-blog.pl\/","name":"Gaudium Et Spes","description":"Blog Ks. Jacka Ja\u015bkowskiego","potentialAction":[{"@type":"SearchAction","target":{"@type":"EntryPoint","urlTemplate":"https:\/\/gaudiumetspes-blog.pl\/?s={search_term_string}"},"query-input":{"@type":"PropertyValueSpecification","valueRequired":true,"valueName":"search_term_string"}}],"inLanguage":"pl-PL"},{"@type":"Person","@id":"https:\/\/gaudiumetspes-blog.pl\/#\/schema\/person\/1661982992b752dea8dff0d4ed845a65","name":"Ks. Jacek","image":{"@type":"ImageObject","inLanguage":"pl-PL","@id":"https:\/\/gaudiumetspes-blog.pl\/#\/schema\/person\/image\/","url":"https:\/\/gaudiumetspes-blog.pl\/wp-content\/uploads\/2019\/07\/avatar-JJ-150x150.jpg","contentUrl":"https:\/\/gaudiumetspes-blog.pl\/wp-content\/uploads\/2019\/07\/avatar-JJ-150x150.jpg","caption":"Ks. Jacek"},"description":"Witam serdecznie! K\u0142ania si\u0119 Ks. Jacek Ja\u015bkowski. Nie jestem ani kim\u015b wa\u017cnym, ani kim\u015b znanym. Jestem ksi\u0119dzem, kt\u00f3ry po prostu chce rozmawia\u0107. Codzienna kap\u0142a\u0144ska pos\u0142uga pokazuje mi, \u017ce temat\u00f3w do rozm\u00f3w z ksi\u0119dzem jest coraz wi\u0119cej i dzisiaj \u017caden ksi\u0105dz nie mo\u017ce od nich ucieka\u0107, ale - wprost przeciwnie - podejmowa\u0107 nowe wyzwania. To przekonanie sk\u0142oni\u0142o mnie do pr\u00f3by otwarcia tego\u017c bloga, chocia\u017c okazji do rozm\u00f3w na co dzie\u0144 - w konfesjonale i poza nim - na szcz\u0119\u015bcie nie brakuje. My\u015bl\u0119 jednak, \u017ce ten blog b\u0119dzie jeszcze jednym sposobem i przestrzeni\u0105 nawi\u0105zania kontaktu z lud\u017ami dobrej woli, otwartymi na dialog.","url":"https:\/\/gaudiumetspes-blog.pl\/index.php\/author\/ks-jacek\/"}]}},"jetpack_featured_media_url":"","jetpack_sharing_enabled":true,"_links":{"self":[{"href":"https:\/\/gaudiumetspes-blog.pl\/index.php\/wp-json\/wp\/v2\/posts\/23256","targetHints":{"allow":["GET"]}}],"collection":[{"href":"https:\/\/gaudiumetspes-blog.pl\/index.php\/wp-json\/wp\/v2\/posts"}],"about":[{"href":"https:\/\/gaudiumetspes-blog.pl\/index.php\/wp-json\/wp\/v2\/types\/post"}],"author":[{"embeddable":true,"href":"https:\/\/gaudiumetspes-blog.pl\/index.php\/wp-json\/wp\/v2\/users\/1"}],"replies":[{"embeddable":true,"href":"https:\/\/gaudiumetspes-blog.pl\/index.php\/wp-json\/wp\/v2\/comments?post=23256"}],"version-history":[{"count":1,"href":"https:\/\/gaudiumetspes-blog.pl\/index.php\/wp-json\/wp\/v2\/posts\/23256\/revisions"}],"predecessor-version":[{"id":23257,"href":"https:\/\/gaudiumetspes-blog.pl\/index.php\/wp-json\/wp\/v2\/posts\/23256\/revisions\/23257"}],"wp:attachment":[{"href":"https:\/\/gaudiumetspes-blog.pl\/index.php\/wp-json\/wp\/v2\/media?parent=23256"}],"wp:term":[{"taxonomy":"category","embeddable":true,"href":"https:\/\/gaudiumetspes-blog.pl\/index.php\/wp-json\/wp\/v2\/categories?post=23256"},{"taxonomy":"post_tag","embeddable":true,"href":"https:\/\/gaudiumetspes-blog.pl\/index.php\/wp-json\/wp\/v2\/tags?post=23256"}],"curies":[{"name":"wp","href":"https:\/\/api.w.org\/{rel}","templated":true}]}}