{"id":23350,"date":"2025-01-16T09:21:22","date_gmt":"2025-01-16T08:21:22","guid":{"rendered":"https:\/\/gaudiumetspes-blog.pl\/?p=23350"},"modified":"2025-01-16T09:43:58","modified_gmt":"2025-01-16T08:43:58","slug":"jestesmy-uczestnikami-chrystusa-3","status":"publish","type":"post","link":"https:\/\/gaudiumetspes-blog.pl\/index.php\/2025\/01\/16\/jestesmy-uczestnikami-chrystusa-3\/","title":{"rendered":"Jak przekszta\u0142ci\u0107 si\u0119 w Chrystusa&#8230;"},"content":{"rendered":"<p align=\"justify\"><span style=\"color: #000000;\"><span style=\"font-family: Book Antiqua, serif;\"><span style=\"font-size: large;\">Szcz\u0119\u015b\u0107 Bo\u017ce! Moi Drodzy, w dniu dzisiejszym <b>imieniny prze\u017cywaj\u0105:<\/b><\/span><\/span><\/span><\/p>\n<p align=\"justify\"><span style=\"color: #000000;\">\u25ba<span style=\"font-family: Book Antiqua, serif;\"><span style=\"font-size: large;\"><b>W\u0142odzimierz Olender \u2013 bardzo mi bliski Cz\u0142owiek z Celestynowa;<\/b><\/span><\/span><\/span><\/p>\n<p align=\"justify\"><span style=\"color: #000000;\">\u25ba<span style=\"font-family: Book Antiqua, serif;\"><span style=\"font-size: large;\"><b>Ojciec W\u0142odzimierz Jamrocha \u2013 Oblat, pos\u0142uguj\u0105cy w swoim czasie w Kodniu;<\/b><\/span><\/span><\/span><\/p>\n<p align=\"justify\"><span style=\"color: #000000;\">\u25ba<span style=\"font-family: Book Antiqua, serif;\"><span style=\"font-size: large;\"><b>Ksi\u0105dz W\u0142odzimierz W\u0105sowski \u2013 Proboszcz Parafii Tr\u0105bki, gdzie przez kilka lat by\u0142em rezydentem.<\/b><\/span><\/span><\/span><\/p>\n<p align=\"justify\"><span style=\"color: #000000;\"><span style=\"font-family: Book Antiqua, serif;\"><span style=\"font-size: large;\"><b>A Pan W\u0142odzimierz Olender dzisiaj prze\u017cywa tak\u017ce swoje urodziny!<\/b><\/span><\/span><\/span><\/p>\n<p align=\"justify\"><span style=\"color: #000000;\"><span style=\"font-family: Book Antiqua, serif;\"><span style=\"font-size: large;\"><b>Wszystkim \u015bwi\u0119tuj\u0105cym \u017cycz\u0119, aby w ca\u0142ej pe\u0142ni stali si\u0119 \u00abuczestnikami Jezusa Chrystusa\u00bb, o czym dzisiaj mowa w Bo\u017cym s\u0142owie i w rozwa\u017caniu. Zapewniam o modlitwie.<\/b><\/span><\/span><\/span><\/p>\n<p align=\"justify\"><span style=\"color: #000000;\"><span style=\"font-family: Book Antiqua, serif;\"><span style=\"font-size: large;\">Tymczasem, wybieram si\u0119 na dy\u017cur przy ulicy \u017bytniej, potem Msza \u015awi\u0119ta w Grabowie Szlacheckim, a potem jad\u0119 do Lublina, a tam spotkam si\u0119 z dwoma Szymonami \u2013 Wiceliderami FORMACJI \u00abSPE SALVI\u00bb. Taki dzie\u0144 zapowiada si\u0119 dzisiaj!<\/span><\/span><\/span><\/p>\n<p align=\"justify\"><span style=\"color: #000000;\"><span style=\"font-family: Book Antiqua, serif;\"><span style=\"font-size: large;\">A jutro zapowiada si\u0119 \u2013 a wr\u0119cz mamy obiecane \u2013 s\u0142\u00f3wko z Syberii!<\/span><\/span><\/span><\/p>\n<p align=\"justify\"><span style=\"color: #000000;\"><span style=\"font-family: Book Antiqua, serif;\"><span style=\"font-size: large;\">Teraz za\u015b ju\u017c zapraszam do pochylenia si\u0119 nad Bo\u017cym s\u0142owem dzisiejszej liturgii. Oto s\u0142\u00f3wko Ksi\u0119dza Marka na dzi\u015b:<\/span><\/span><\/span><\/p>\n<p align=\"justify\"><span style=\"color: #000000;\"><span style=\"font-family: Book Antiqua, serif;\"><span style=\"font-size: medium;\"><a href=\"https:\/\/www.youtube.com\/c\/CatholicSurgut\"><span style=\"font-size: large;\"><span lang=\"zxx\"><u><b>https:\/\/www.youtube.com\/c\/CatholicSurgut<\/b><\/u><\/span><\/span><\/a> <\/span><\/span><\/span><\/p>\n<p align=\"justify\"><span style=\"color: #000000;\"><span style=\"font-family: Book Antiqua, serif;\"><span style=\"font-size: large;\">Zatem, <b>c<\/b><b>o konkretnie m\u00f3wi dzi\u015b do mnie Pan? Z jakim przes\u0142aniem zwraca si\u0119 do mnie osobi\u015bcie \u2013 w\u0142a\u015bnie do mnie, w\u0142a\u015bnie dzisiaj?<\/b> Duchu \u015awi\u0119ty \u2013 wska\u017c, podpowiedz, natchnij\u2026<\/span><\/span><\/span><\/p>\n<p align=\"justify\"><span style=\"color: #000000;\"><span style=\"font-family: Book Antiqua, serif;\"><span style=\"font-size: large;\"><b>Niech Was b\u0142ogos\u0142awi B\u00f3g Wszechmog\u0105cy: Ojciec + i Syn, i Duch \u015awi\u0119ty. Amen<\/b><\/span><\/span><\/span><\/p>\n<p align=\"center\"><span style=\"color: #000000;\"><span style=\"font-family: Book Antiqua, serif;\"><span style=\"font-size: large;\">Gaudium et spes! Ks. Jacek<\/span><\/span><\/span><\/p>\n<p align=\"center\">\n<p align=\"center\">\n<p align=\"center\">\n<p align=\"center\">\n<p align=\"center\">\n<p align=\"justify\"><span style=\"color: #000000;\"><span style=\"font-family: Book Antiqua, serif;\"><span style=\"font-size: large;\"><b>Czwartek 1 Tygodnia zwyk\u0142ego, rok I,<\/b><\/span><\/span><\/span><\/p>\n<p align=\"justify\"><span style=\"color: #000000;\"><span style=\"font-family: Book Antiqua, serif;\"><span style=\"font-size: large;\"><b>16 stycznia 2025.,\u00a0<\/b><\/span><\/span><\/span><\/p>\n<p align=\"justify\"><span style=\"color: #000000;\"><span style=\"font-family: Book Antiqua, serif;\"><span style=\"font-size: large;\"><b>do czyta\u0144: Hbr 3,7\u201314; Mk 1,40\u201345<\/b><\/span><\/span><\/span><\/p>\n<p align=\"justify\">\n<p align=\"justify\">\n<p align=\"justify\">\n<p align=\"justify\">\n<p align=\"justify\">\n<p align=\"justify\"><span style=\"color: #000000;\"><span style=\"font-family: Book Antiqua, serif;\"><span style=\"font-size: large;\"><b>CZYTANIE Z LISTU DO HEBRAJCZYK\u00d3W:<\/b><\/span><\/span><\/span><\/p>\n<p align=\"justify\"><span style=\"color: #000000;\"><span style=\"font-family: Book Antiqua, serif;\"><span style=\"font-size: large;\"><b>Bracia: Post\u0119pujcie, jak m\u00f3wi Duch \u015awi\u0119ty: \u201eDzi\u015b, je\u015bli g\u0142os Jego us\u0142yszycie, nie zatwardzajcie serc waszych jak w buncie, jak w dzie\u0144 kuszenia na pustyni, gdzie kusili Mnie ojcowie wasi przez wystawianie na pr\u00f3b\u0119, chocia\u017c widzieli dzie\u0142a moje przez czterdzie\u015bci lat. Gniewa\u0142em si\u0119 przeto na to pokolenie i powiedzia\u0142em: \u00abZawsze b\u0142\u0105dz\u0105 w sercu, oni za\u015b nie poznali dr\u00f3g moich\u00bb; tote\u017c przysi\u0105g\u0142em w gniewie moim: \u00abNie wejd\u0105 do mego odpoczynku\u00bb\u201d.<\/b><\/span><\/span><\/span><\/p>\n<p align=\"justify\"><span style=\"color: #000000;\"><span style=\"font-family: Book Antiqua, serif;\"><span style=\"font-size: large;\"><b>Uwa\u017cajcie, bracia, aby nie by\u0142o w kim\u015b z was przewrotnego serca niewiary, kt\u00f3rej skutkiem jest odst\u0105pienie od Boga \u017cywego, lecz zach\u0119cajcie si\u0119 wzajemnie ka\u017cdego dnia, p\u00f3ki trwa to, co \u201edzi\u015b\u201d si\u0119 zwie, aby \u017caden z was nie uleg\u0142 zatwardzia\u0142o\u015bci przez oszustwo grzechu.<\/b><\/span><\/span><\/span><\/p>\n<p align=\"justify\"><span style=\"color: #000000;\"><span style=\"font-family: Book Antiqua, serif;\"><span style=\"font-size: large;\"><b>Jeste\u015bmy bowiem uczestnikami Chrystusa, je\u015bli pierwotn\u0105 nadziej\u0119 do ko\u0144ca zachowamy siln\u0105.<\/b><\/span><\/span><\/span><\/p>\n<p align=\"justify\">\n<p align=\"justify\">\n<p align=\"justify\">\n<p align=\"justify\">\n<p align=\"justify\">\n<p align=\"justify\"><span style=\"color: #000000;\"><span style=\"font-family: Book Antiqua, serif;\"><span style=\"font-size: large;\"><b>S\u0141OWA EWANGELII WED\u0141UG \u015aWI\u0118TEGO MARKA:<\/b><\/span><\/span><\/span><\/p>\n<p align=\"justify\"><span style=\"color: #000000;\"><span style=\"font-family: Book Antiqua, serif;\"><span style=\"font-size: large;\"><b>Tr\u0119dowaty przyszed\u0142 do Jezusa i upadaj\u0105c na kolana, prosi\u0142 Go: \u201eJe\u015bli chcesz, mo\u017cesz mnie oczy\u015bci\u0107\u201d. Zdj\u0119ty lito\u015bci\u0105, wyci\u0105gn\u0105\u0142 r\u0119k\u0119, dotkn\u0105\u0142 go i rzek\u0142 do niego: \u201eChc\u0119, b\u0105d\u017a oczyszczony\u201d. Natychmiast tr\u0105d go opu\u015bci\u0142 i zosta\u0142 oczyszczony.<\/b><\/span><\/span><\/span><\/p>\n<p align=\"justify\"><span style=\"color: #000000;\"><span style=\"font-family: Book Antiqua, serif;\"><span style=\"font-size: large;\"><b>Jezus surowo mu przykaza\u0142 i zaraz go odprawi\u0142, m\u00f3wi\u0105c mu: \u201eUwa\u017caj, nikomu nic nie m\u00f3w, ale id\u017a, poka\u017c si\u0119 kap\u0142anowi i z\u0142\u00f3\u017c za swe oczyszczenie ofiar\u0119, kt\u00f3r\u0105 przepisa\u0142 Moj\u017cesz, na \u015bwiadectwo dla nich\u201d.<\/b><\/span><\/span><\/span><\/p>\n<p align=\"justify\"><span style=\"color: #000000;\"><span style=\"font-family: Book Antiqua, serif;\"><span style=\"font-size: large;\"><b>Lecz on po wyj\u015bciu zacz\u0105\u0142 wiele opowiada\u0107 i rozg\u0142asza\u0107 to, co zasz\u0142o, tak \u017ce Jezus nie m\u00f3g\u0142 ju\u017c jawnie wej\u015b\u0107 do miasta, lecz przebywa\u0142 w miejscach pustynnych. A ludzie zewsz\u0105d schodzili si\u0119 do Niego.<\/b><\/span><\/span><\/span><\/p>\n<p align=\"justify\">\n<p align=\"justify\">\n<p align=\"justify\">\n<p align=\"justify\">\n<p align=\"justify\">\n<p align=\"justify\"><span style=\"color: #000000;\"><span style=\"font-family: Book Antiqua, serif;\"><span style=\"font-size: large;\">W ostatnich dniach us\u0142yszeli\u015bmy \u2013 w pierwszym czytaniu \u2013 takie stwierdzenie, i\u017c Jezus sta\u0142 si\u0119 <b>\u00abuczestnikiem cia\u0142a i krwi\u00bb.<\/b> To \u2013 jak wiemy \u2013 oznacza, \u017ce <b>sta\u0142 si\u0119 po prostu cz\u0142owiekiem.<\/b> Bo przyj\u0105\u0142 ludzkie cia\u0142o w spos\u00f3b fizyczny, sta\u0142 si\u0119 widzialny i dotykalny, <b>podzieli\u0142 z cz\u0142owiekiem jego los<\/b> we wszystkim. A w\u0142a\u015bnie to oznacza stwierdzenie, i\u017c sta\u0142 si\u0119 \u00abuczestnikiem cia\u0142a i krwi\u00bb. A oto dzisiaj, w pierwszym czytaniu, s\u0142yszymy: <i><b>Jeste\u015bmy bowiem uczestnikami Chrystusa. <\/b><\/i><\/span><\/span><\/span><\/p>\n<p align=\"justify\"><span style=\"color: #000000;\"><span style=\"font-family: Book Antiqua, serif;\"><span style=\"font-size: large;\">Ciekawe okre\u015blenie \u2013 i bardzo ciekawe ca\u0142e zestawienie: Jezus staje si\u0119 <b>\u00abuczestnikiem cia\u0142a i krwi\u00bb,<\/b> a my stajemy si\u0119 <i><b>uczestnikami Chrystusa.<\/b><\/i><b> <\/b>Czyli \u2013 wchodzimy w bardzo blisk\u0105 z Nim relacj\u0119, upodabniamy si\u0119 do Niego, a mo\u017ce nawet zaryzykujmy stwierdzenie, i\u017c <b>stajemy si\u0119 Nim samym. <\/b>Chyba mo\u017cemy tak powiedzie\u0107, skoro bowiem o ka\u017cdym ksi\u0119dzu m\u00f3wi si\u0119, \u017ce jest to <b>alter Christus <\/b>\u2013<b> drugi Chrystus,<\/b> bo w osobie Jezusa Chrystusa i w Jego imieniu sprawuje naj\u015bwi\u0119tsze czynno\u015bci, to dlaczego <b>o ka\u017cdym z chrze\u015bcijan<\/b><b>i<\/b><b>nie <\/b><b>nie <\/b><b>mo\u017cna tego powiedzie\u0107,<\/b> skoro wszyscy jeste\u015bmy tak\u017ce cz\u0142onkami kap\u0142a\u0144stwa powszechnego?\u2026<\/span><\/span><\/span><\/p>\n<p align=\"justify\"><span style=\"color: #000000;\"><span style=\"font-family: Book Antiqua, serif;\"><span style=\"font-size: large;\">Tak zatem: upodabniamy si\u0119 do Chrystusa, zbli\u017camy si\u0119 do Chrystusa, jednoczymy si\u0119 z Chrystusem \u2013 to wszystko zawiera si\u0119 w stwierdzeniu, i\u017c stajemy si\u0119 <i><b>uczestnikami Chrystusa.<\/b><\/i> A w jaki spos\u00f3b si\u0119 nimi stajemy? <\/span><\/span><\/span><\/p>\n<p align=\"justify\"><span style=\"color: #000000;\"><span style=\"font-family: Book Antiqua, serif;\"><span style=\"font-size: large;\">O tym m\u00f3wi nam dzisiaj Autor Listu do Hebrajczyk\u00f3w, zach\u0119caj\u0105c najpierw: <i><b>Post\u0119pujcie, jak m\u00f3wi Duch \u015awi\u0119ty: \u201eDzi\u015b, je\u015bli g\u0142os Jego us\u0142yszycie, nie zatwardzajcie serc waszych jak w buncie<\/b><\/i><b>. <\/b>Potem przestrzega:<i> <b>Uwa\u017cajcie, bracia, aby nie by\u0142o w kim\u015b z was przewrotnego serca niewiary, kt\u00f3rej skutkiem jest odst\u0105pienie od Boga \u017cywego, lecz zach\u0119cajcie si\u0119 wzajemnie ka\u017cdego dnia, p\u00f3ki trwa to, co \u201edzi\u015b\u201d si\u0119 zwie, aby \u017caden z was nie uleg\u0142 zatwardzia\u0142o\u015bci przez oszustwo grzechu. <\/b><\/i>I wreszcie, ju\u017c w zako\u0144czeniu pierwszego czytania stwierdza: <i><b>Jeste\u015bmy bowiem uczestnikami Chrystusa, je\u015bli pierwotn\u0105 nadziej\u0119 do ko\u0144ca zachowamy siln\u0105. <\/b><\/i><\/span><\/span><\/span><\/p>\n<p align=\"justify\"><span style=\"color: #000000;\"><span style=\"font-family: Book Antiqua, serif;\"><span style=\"font-size: large;\">Zatem: unika\u0107 grzechu, nie zatwardza\u0107 i nie zamyka\u0107 swego serca, nie dopu\u015bci\u0107 do tego, by ukszta\u0142towa\u0142o si\u0119 w nas <b>\u00abprzewrotne serce niewiary\u00bb \u2013<\/b> jak ciekawie wypowiada si\u0119 Autor biblijny. A potem jeszcze podpowiada, aby wierz\u0105cy nawzajem si\u0119 wspierali i zach\u0119cali do wiary, do dobra; ale tak\u017ce: aby wszyscy <b>wykorzystali ten czas, jaki ma<\/b><b>j\u0105<\/b> \u2013 owo <i><b>dzi\u015b,<\/b><\/i> wskazane w pierwszym czytaniu. A na ko\u0144cu \u2013 zach\u0119ca do <b>z\u0142o\u017cenia nadziei <\/b><b>w Bogu. <\/b>Dok\u0142adnie m\u00f3wi o <b>\u00abzachowaniu silnej nadziei\u00bb! <\/b><\/span><\/span><\/span><\/p>\n<p align=\"justify\"><span style=\"color: #000000;\"><span style=\"font-family: Book Antiqua, serif;\"><span style=\"font-size: large;\">W ten spos\u00f3b cz\u0142owiek staje si\u0119<b> \u00abuczestnikiem Chrystusa\u00bb.<\/b> Czyli \u2013 by tak to uj\u0105\u0107 \u2013 <b>przekszta\u0142ca si\u0119 w Chrystusa.<\/b> Nie odbywa si\u0119 to z dnia na dzie\u0144 \u2013 to jest proces. Jest to konsekwentne trwanie w okre\u015blonej postawie \u2013 wobec Jezusa i wobec drugiego cz\u0142owieka. \u017beby si\u0119 to sta\u0142o \u2013 \u017ceby cz\u0142owiek m\u00f3g\u0142 si\u0119 sta\u0107 drugim Chrystusem \u2013 ma <b>pozwoli\u0107 dzia\u0142a\u0107 Chrystusowi w swoim \u017cyciu<\/b> i zda\u0107 si\u0119 ca\u0142kowicie na Niego, okazuj\u0105c Mu maksymalne zaufanie. <\/span><\/span><\/span><\/p>\n<p align=\"justify\"><span style=\"color: #000000;\"><span style=\"font-family: Book Antiqua, serif;\"><span style=\"font-size: large;\">Tak, jak tr\u0119dowaty z dzisiejszej Ewangelii. Przynajmniej <b>w pierwszej cz\u0119\u015bci opisanej dzisiaj historii. <\/b>A czemu tylko w pierwszej? Czemu nie mo\u017cemy go tak ca\u0142kowicie i we wszystkim na\u015bladowa\u0107? <\/span><\/span><\/span><\/p>\n<p align=\"justify\"><span style=\"color: #000000;\"><span style=\"font-family: Book Antiqua, serif;\"><span style=\"font-size: large;\">Zobaczmy! Kiedy zwr\u00f3ci\u0142 si\u0119 do Jezusa z pro\u015bb\u0105 o uzdrowienie, to naprawd\u0119 <b>pokaza\u0142 niezwyk\u0142\u0105 klas\u0119,<\/b> niezwyk\u0142\u0105 pokor\u0119 i totalne zaufanie Jezusowi. Bo prosz\u0105c o uzdrowienie, nie nalega\u0142 nachalnie, nie wyk\u0142\u00f3ca\u0142 si\u0119, nie wrzeszcza\u0142 na ca\u0142\u0105 okolic\u0119, tylko powiedzia\u0142 do Jezusa: <i><b>Je\u015bli chcesz, mo\u017cesz mnie oczy\u015bci\u0107.<\/b><\/i><b> <\/b>Jezus m\u00f3g\u0142 przecie\u017c<b> nie chcie\u0107 <\/b>\u2013 na przyk\u0142ad: <b>w tym momencie<\/b> \u2013 tego zrobi\u0107, bo mo\u017ce <b>widzia\u0142by wi\u0119kszy sens i wi\u0119ksze dobro<\/b> dla chorego zrobi\u0107 to p\u00f3\u017aniej. <\/span><\/span><\/span><\/p>\n<p align=\"justify\"><span style=\"color: #000000;\"><span style=\"font-family: Book Antiqua, serif;\"><span style=\"font-size: large;\">Ale Jezus <b>chcia\u0142 to zrobi\u0107 od razu \u2013<\/b> i tak si\u0119 w\u0142a\u015bnie sta\u0142o. Ufno\u015b\u0107 tr\u0119dowatego \u2013 je\u015bli tak mo\u017cna powiedzie\u0107 \u2013 zosta\u0142a nagrodzona. Z wielk\u0105 pokor\u0105 zwr\u00f3ci\u0142 si\u0119 do Jezusa \u2013<b> i zosta\u0142 wys\u0142uchany.<\/b> I w tym aspekcie jego postawy mo\u017cemy i nawet powinni\u015bmy go na\u015bladowa\u0107. <\/span><\/span><\/span><\/p>\n<p align=\"justify\"><span style=\"color: #000000;\"><span style=\"font-family: Book Antiqua, serif;\"><span style=\"font-size: large;\">Ale potem Jezus zwr\u00f3ci\u0142 si\u0119 do niego z bardzo konkretn\u0105 pro\u015bb\u0105. I c\u00f3\u017c? Przypomnijmy sobie: <i><b>Jezus surowo mu przykaza\u0142 i zaraz go odprawi\u0142, m\u00f3wi\u0105c mu: \u201eUwa\u017caj, nikomu nic nie m\u00f3w, ale id\u017a, poka\u017c si\u0119 kap\u0142anowi i z\u0142\u00f3\u017c za swe oczyszczenie ofiar\u0119, kt\u00f3r\u0105 przepisa\u0142 Moj\u017cesz, na \u015bwiadectwo dla nich\u201d. Lecz on po wyj\u015bciu zacz\u0105\u0142 wiele opowiada\u0107 i rozg\u0142asza\u0107 to, co zasz\u0142o, tak \u017ce Jezus nie<\/b><\/i><b> <\/b><i><b>m\u00f3g\u0142 ju\u017c jawnie wej\u015b\u0107 do miasta, lecz przebywa\u0142 w miejscach pustynnych. A ludzie zewsz\u0105d schodzili si\u0119 do Niego. <\/b><\/i><\/span><\/span><\/span><\/p>\n<p align=\"justify\"><span style=\"color: #000000;\"><span style=\"font-family: Book Antiqua, serif;\"><span style=\"font-size: large;\">Jezusowi bardzo zale\u017ca\u0142o, aby <b>na tym etapie jeszcze nie rozg\u0142asza\u0107<\/b> na prawo i lewo o Jego Boskiej mocy, bo Jego plan zak\u0142ada\u0142 <b>stopniowe odkrywanie<\/b> tak zwanej \u201etajemnicy mesja\u0144skiej\u201d. A ponadto, Jezusowi zawsze zale\u017ca\u0142o, \u017ceby ludzie <b>nie koncentrowali uwagi na samych cudach jako takich, <\/b>ale aby te cuda, te znaki, przyczynia\u0142y si\u0119 do wzrostu i pog\u0142\u0119bienia ich wiary. <\/span><\/span><\/span><\/p>\n<p align=\"justify\"><span style=\"color: #000000;\"><span style=\"font-family: Book Antiqua, serif;\"><span style=\"font-size: large;\">Niestety \u2013 jak s\u0142yszymy \u2013 tr\u0119dowaty, ju\u017c uzdrowiony, <b>nie pos\u0142ucha\u0142 Jezusa!<\/b> Nie spe\u0142ni\u0142 Jego wyra\u017anej pro\u015bby, zrobi\u0142 po swojemu. Owszem, <b>mo\u017cemy go usprawiedliwia\u0107,<\/b> \u017ce chcia\u0142 dobrze, \u017ce tak wielki entuzjazm wr\u0119cz go rozsadza\u0142 z powodu tego, co si\u0119 sta\u0142o, i\u017c nie m\u00f3g\u0142 si\u0119 powstrzyma\u0107. I z pewno\u015bci\u0105 by\u0142a to prawda. Ale <b>czy zmienia to cokolwiek<\/b> w ocenie jego post\u0119powania? <\/span><\/span><\/span><\/p>\n<p align=\"justify\"><span style=\"color: #000000;\"><span style=\"font-family: Book Antiqua, serif;\"><span style=\"font-size: large;\">Nie, niestety nie zmienia: w tym momencie <b>cz\u0142owiek \u00f3w Jezusowi nie zaufa\u0142!<\/b> Nie uwierzy\u0142, \u017ce to naprawd\u0119 istotna sprawa dla Jezusa \u2013 a je\u017celi dla Jezusa, to jest to <b>w og\u00f3le bardzo wa\u017cna sprawa<\/b> \u2013 by teraz tego cudu nie rozg\u0142asza\u0107. Nawet, je\u017celi sam uzdrowiony nie wiedzia\u0142, dlaczego tego nie nale\u017cy rozg\u0142asza\u0107, <b>to powinien zaufa\u0107 Jezusowi, \u017ce On wie<\/b> i \u017ce tak naprawd\u0119 w tym momencie b\u0119dzie lepiej. <\/span><\/span><\/span><\/p>\n<p align=\"justify\"><span style=\"color: #000000;\"><span style=\"font-family: Book Antiqua, serif;\"><span style=\"font-size: large;\"><b>Niestety, nie zaufa\u0142. <\/b>Oczywi\u015bcie, nie pope\u0142ni\u0142 jakiego\u015b przest\u0119pstwa, nie spowodowa\u0142 jakiej\u015b wielkiej szkody, z pewno\u015bci\u0105 \u2013 \u017ceby to jeszcze raz powt\u00f3rzy\u0107 \u2013 nie mia\u0142 z\u0142ej woli. <b>Ale jednak nie pos\u0142ucha\u0142 Jezusa. Nie zaufa\u0142 do ko\u0144ca.<\/b> Kiedy jemu zale\u017ca\u0142o na \u0142asce ze strony Jezusa, to potrafi\u0142 by\u0107 pokornym i ufnym. <b>Kiedy Jezusowi jednak zale\u017ca\u0142o<\/b> na czym\u015b z jego strony, to ju\u017c tak dobrze nie by\u0142o. <\/span><\/span><\/span><\/p>\n<p align=\"justify\"><span style=\"color: #000000;\"><span style=\"font-family: Book Antiqua, serif;\"><span style=\"font-size: large;\">\u017beby za\u015b nawi\u0105za\u0142a si\u0119 <b>nasza pe\u0142na wsp\u00f3lnota z Jezusem<\/b> i by\u015bmy mogli sta\u0107 si\u0119 \u2013 stawa\u0107 si\u0119 stopniowo, ale jednak konkretnie \u2013<b> \u00abuczestnikami Jezusa Chrystusa\u00bb,<\/b> to musimy Mu <b>w pe\u0142ni zaufa\u0107<\/b> w ka\u017cdej \u017cyciowej sytuacji i <b>zda\u0107 si\u0119 na Niego we wszystkim! <\/b><\/span><\/span><\/span><\/p>\n","protected":false},"excerpt":{"rendered":"<p>Szcz\u0119\u015b\u0107 Bo\u017ce! Moi Drodzy, w dniu dzisiejszym imieniny prze\u017cywaj\u0105: \u25baW\u0142odzimierz Olender \u2013 bardzo mi bliski Cz\u0142owiek z Celestynowa; \u25baOjciec W\u0142odzimierz Jamrocha \u2013 Oblat, pos\u0142uguj\u0105cy w swoim czasie w Kodniu; \u25baKsi\u0105dz W\u0142odzimierz W\u0105sowski \u2013 Proboszcz Parafii Tr\u0105bki, gdzie przez kilka lat by\u0142em rezydentem. A Pan W\u0142odzimierz Olender dzisiaj prze\u017cywa tak\u017ce swoje urodziny! Wszystkim \u015bwi\u0119tuj\u0105cym \u017cycz\u0119, aby [&hellip;]<\/p>\n","protected":false},"author":1,"featured_media":0,"comment_status":"open","ping_status":"open","sticky":false,"template":"","format":"standard","meta":{"jetpack_post_was_ever_published":false,"_jetpack_newsletter_access":"","_jetpack_dont_email_post_to_subs":false,"_jetpack_newsletter_tier_id":0,"_jetpack_memberships_contains_paywalled_content":false,"_jetpack_memberships_contains_paid_content":false,"footnotes":""},"categories":[1],"tags":[],"class_list":["post-23350","post","type-post","status-publish","format-standard","hentry","category-bez-kategorii"],"yoast_head":"<!-- This site is optimized with the Yoast SEO plugin v25.1 - https:\/\/yoast.com\/wordpress\/plugins\/seo\/ -->\n<title>Jak przekszta\u0142ci\u0107 si\u0119 w Chrystusa... - Gaudium Et Spes<\/title>\n<meta name=\"robots\" content=\"index, follow, max-snippet:-1, max-image-preview:large, max-video-preview:-1\" \/>\n<link rel=\"canonical\" href=\"https:\/\/gaudiumetspes-blog.pl\/index.php\/2025\/01\/16\/jestesmy-uczestnikami-chrystusa-3\/\" \/>\n<meta property=\"og:locale\" content=\"pl_PL\" \/>\n<meta property=\"og:type\" content=\"article\" \/>\n<meta property=\"og:title\" content=\"Jak przekszta\u0142ci\u0107 si\u0119 w Chrystusa... - Gaudium Et Spes\" \/>\n<meta property=\"og:description\" content=\"Szcz\u0119\u015b\u0107 Bo\u017ce! Moi Drodzy, w dniu dzisiejszym imieniny prze\u017cywaj\u0105: \u25baW\u0142odzimierz Olender \u2013 bardzo mi bliski Cz\u0142owiek z Celestynowa; \u25baOjciec W\u0142odzimierz Jamrocha \u2013 Oblat, pos\u0142uguj\u0105cy w swoim czasie w Kodniu; \u25baKsi\u0105dz W\u0142odzimierz W\u0105sowski \u2013 Proboszcz Parafii Tr\u0105bki, gdzie przez kilka lat by\u0142em rezydentem. A Pan W\u0142odzimierz Olender dzisiaj prze\u017cywa tak\u017ce swoje urodziny! Wszystkim \u015bwi\u0119tuj\u0105cym \u017cycz\u0119, aby [&hellip;]\" \/>\n<meta property=\"og:url\" content=\"https:\/\/gaudiumetspes-blog.pl\/index.php\/2025\/01\/16\/jestesmy-uczestnikami-chrystusa-3\/\" \/>\n<meta property=\"og:site_name\" content=\"Gaudium Et Spes\" \/>\n<meta property=\"article:published_time\" content=\"2025-01-16T08:21:22+00:00\" \/>\n<meta property=\"article:modified_time\" content=\"2025-01-16T08:43:58+00:00\" \/>\n<meta name=\"author\" content=\"Ks. Jacek\" \/>\n<meta name=\"twitter:card\" content=\"summary_large_image\" \/>\n<meta name=\"twitter:label1\" content=\"Napisane przez\" \/>\n\t<meta name=\"twitter:data1\" content=\"Ks. Jacek\" \/>\n\t<meta name=\"twitter:label2\" content=\"Szacowany czas czytania\" \/>\n\t<meta name=\"twitter:data2\" content=\"8 minut\" \/>\n<script type=\"application\/ld+json\" class=\"yoast-schema-graph\">{\"@context\":\"https:\/\/schema.org\",\"@graph\":[{\"@type\":\"WebPage\",\"@id\":\"https:\/\/gaudiumetspes-blog.pl\/index.php\/2025\/01\/16\/jestesmy-uczestnikami-chrystusa-3\/\",\"url\":\"https:\/\/gaudiumetspes-blog.pl\/index.php\/2025\/01\/16\/jestesmy-uczestnikami-chrystusa-3\/\",\"name\":\"Jak przekszta\u0142ci\u0107 si\u0119 w Chrystusa... - Gaudium Et Spes\",\"isPartOf\":{\"@id\":\"https:\/\/gaudiumetspes-blog.pl\/#website\"},\"datePublished\":\"2025-01-16T08:21:22+00:00\",\"dateModified\":\"2025-01-16T08:43:58+00:00\",\"author\":{\"@id\":\"https:\/\/gaudiumetspes-blog.pl\/#\/schema\/person\/1661982992b752dea8dff0d4ed845a65\"},\"breadcrumb\":{\"@id\":\"https:\/\/gaudiumetspes-blog.pl\/index.php\/2025\/01\/16\/jestesmy-uczestnikami-chrystusa-3\/#breadcrumb\"},\"inLanguage\":\"pl-PL\",\"potentialAction\":[{\"@type\":\"ReadAction\",\"target\":[\"https:\/\/gaudiumetspes-blog.pl\/index.php\/2025\/01\/16\/jestesmy-uczestnikami-chrystusa-3\/\"]}]},{\"@type\":\"BreadcrumbList\",\"@id\":\"https:\/\/gaudiumetspes-blog.pl\/index.php\/2025\/01\/16\/jestesmy-uczestnikami-chrystusa-3\/#breadcrumb\",\"itemListElement\":[{\"@type\":\"ListItem\",\"position\":1,\"name\":\"Strona g\u0142\u00f3wna\",\"item\":\"https:\/\/gaudiumetspes-blog.pl\/\"},{\"@type\":\"ListItem\",\"position\":2,\"name\":\"Jak przekszta\u0142ci\u0107 si\u0119 w&nbsp;Chrystusa&#8230;\"}]},{\"@type\":\"WebSite\",\"@id\":\"https:\/\/gaudiumetspes-blog.pl\/#website\",\"url\":\"https:\/\/gaudiumetspes-blog.pl\/\",\"name\":\"Gaudium Et Spes\",\"description\":\"Blog Ks. Jacka Ja\u015bkowskiego\",\"potentialAction\":[{\"@type\":\"SearchAction\",\"target\":{\"@type\":\"EntryPoint\",\"urlTemplate\":\"https:\/\/gaudiumetspes-blog.pl\/?s={search_term_string}\"},\"query-input\":{\"@type\":\"PropertyValueSpecification\",\"valueRequired\":true,\"valueName\":\"search_term_string\"}}],\"inLanguage\":\"pl-PL\"},{\"@type\":\"Person\",\"@id\":\"https:\/\/gaudiumetspes-blog.pl\/#\/schema\/person\/1661982992b752dea8dff0d4ed845a65\",\"name\":\"Ks. Jacek\",\"image\":{\"@type\":\"ImageObject\",\"inLanguage\":\"pl-PL\",\"@id\":\"https:\/\/gaudiumetspes-blog.pl\/#\/schema\/person\/image\/\",\"url\":\"https:\/\/gaudiumetspes-blog.pl\/wp-content\/uploads\/2019\/07\/avatar-JJ-150x150.jpg\",\"contentUrl\":\"https:\/\/gaudiumetspes-blog.pl\/wp-content\/uploads\/2019\/07\/avatar-JJ-150x150.jpg\",\"caption\":\"Ks. Jacek\"},\"description\":\"Witam serdecznie! K\u0142ania si\u0119 Ks. Jacek Ja\u015bkowski. Nie jestem ani kim\u015b wa\u017cnym, ani kim\u015b znanym. Jestem ksi\u0119dzem, kt\u00f3ry po prostu chce rozmawia\u0107. Codzienna kap\u0142a\u0144ska pos\u0142uga pokazuje mi, \u017ce temat\u00f3w do rozm\u00f3w z ksi\u0119dzem jest coraz wi\u0119cej i dzisiaj \u017caden ksi\u0105dz nie mo\u017ce od nich ucieka\u0107, ale - wprost przeciwnie - podejmowa\u0107 nowe wyzwania. To przekonanie sk\u0142oni\u0142o mnie do pr\u00f3by otwarcia tego\u017c bloga, chocia\u017c okazji do rozm\u00f3w na co dzie\u0144 - w konfesjonale i poza nim - na szcz\u0119\u015bcie nie brakuje. My\u015bl\u0119 jednak, \u017ce ten blog b\u0119dzie jeszcze jednym sposobem i przestrzeni\u0105 nawi\u0105zania kontaktu z lud\u017ami dobrej woli, otwartymi na dialog.\",\"url\":\"https:\/\/gaudiumetspes-blog.pl\/index.php\/author\/ks-jacek\/\"}]}<\/script>\n<!-- \/ Yoast SEO plugin. -->","yoast_head_json":{"title":"Jak przekszta\u0142ci\u0107 si\u0119 w Chrystusa... - Gaudium Et Spes","robots":{"index":"index","follow":"follow","max-snippet":"max-snippet:-1","max-image-preview":"max-image-preview:large","max-video-preview":"max-video-preview:-1"},"canonical":"https:\/\/gaudiumetspes-blog.pl\/index.php\/2025\/01\/16\/jestesmy-uczestnikami-chrystusa-3\/","og_locale":"pl_PL","og_type":"article","og_title":"Jak przekszta\u0142ci\u0107 si\u0119 w Chrystusa... - Gaudium Et Spes","og_description":"Szcz\u0119\u015b\u0107 Bo\u017ce! Moi Drodzy, w dniu dzisiejszym imieniny prze\u017cywaj\u0105: \u25baW\u0142odzimierz Olender \u2013 bardzo mi bliski Cz\u0142owiek z Celestynowa; \u25baOjciec W\u0142odzimierz Jamrocha \u2013 Oblat, pos\u0142uguj\u0105cy w swoim czasie w Kodniu; \u25baKsi\u0105dz W\u0142odzimierz W\u0105sowski \u2013 Proboszcz Parafii Tr\u0105bki, gdzie przez kilka lat by\u0142em rezydentem. A Pan W\u0142odzimierz Olender dzisiaj prze\u017cywa tak\u017ce swoje urodziny! Wszystkim \u015bwi\u0119tuj\u0105cym \u017cycz\u0119, aby [&hellip;]","og_url":"https:\/\/gaudiumetspes-blog.pl\/index.php\/2025\/01\/16\/jestesmy-uczestnikami-chrystusa-3\/","og_site_name":"Gaudium Et Spes","article_published_time":"2025-01-16T08:21:22+00:00","article_modified_time":"2025-01-16T08:43:58+00:00","author":"Ks. Jacek","twitter_card":"summary_large_image","twitter_misc":{"Napisane przez":"Ks. Jacek","Szacowany czas czytania":"8 minut"},"schema":{"@context":"https:\/\/schema.org","@graph":[{"@type":"WebPage","@id":"https:\/\/gaudiumetspes-blog.pl\/index.php\/2025\/01\/16\/jestesmy-uczestnikami-chrystusa-3\/","url":"https:\/\/gaudiumetspes-blog.pl\/index.php\/2025\/01\/16\/jestesmy-uczestnikami-chrystusa-3\/","name":"Jak przekszta\u0142ci\u0107 si\u0119 w Chrystusa... - Gaudium Et Spes","isPartOf":{"@id":"https:\/\/gaudiumetspes-blog.pl\/#website"},"datePublished":"2025-01-16T08:21:22+00:00","dateModified":"2025-01-16T08:43:58+00:00","author":{"@id":"https:\/\/gaudiumetspes-blog.pl\/#\/schema\/person\/1661982992b752dea8dff0d4ed845a65"},"breadcrumb":{"@id":"https:\/\/gaudiumetspes-blog.pl\/index.php\/2025\/01\/16\/jestesmy-uczestnikami-chrystusa-3\/#breadcrumb"},"inLanguage":"pl-PL","potentialAction":[{"@type":"ReadAction","target":["https:\/\/gaudiumetspes-blog.pl\/index.php\/2025\/01\/16\/jestesmy-uczestnikami-chrystusa-3\/"]}]},{"@type":"BreadcrumbList","@id":"https:\/\/gaudiumetspes-blog.pl\/index.php\/2025\/01\/16\/jestesmy-uczestnikami-chrystusa-3\/#breadcrumb","itemListElement":[{"@type":"ListItem","position":1,"name":"Strona g\u0142\u00f3wna","item":"https:\/\/gaudiumetspes-blog.pl\/"},{"@type":"ListItem","position":2,"name":"Jak przekszta\u0142ci\u0107 si\u0119 w&nbsp;Chrystusa&#8230;"}]},{"@type":"WebSite","@id":"https:\/\/gaudiumetspes-blog.pl\/#website","url":"https:\/\/gaudiumetspes-blog.pl\/","name":"Gaudium Et Spes","description":"Blog Ks. Jacka Ja\u015bkowskiego","potentialAction":[{"@type":"SearchAction","target":{"@type":"EntryPoint","urlTemplate":"https:\/\/gaudiumetspes-blog.pl\/?s={search_term_string}"},"query-input":{"@type":"PropertyValueSpecification","valueRequired":true,"valueName":"search_term_string"}}],"inLanguage":"pl-PL"},{"@type":"Person","@id":"https:\/\/gaudiumetspes-blog.pl\/#\/schema\/person\/1661982992b752dea8dff0d4ed845a65","name":"Ks. Jacek","image":{"@type":"ImageObject","inLanguage":"pl-PL","@id":"https:\/\/gaudiumetspes-blog.pl\/#\/schema\/person\/image\/","url":"https:\/\/gaudiumetspes-blog.pl\/wp-content\/uploads\/2019\/07\/avatar-JJ-150x150.jpg","contentUrl":"https:\/\/gaudiumetspes-blog.pl\/wp-content\/uploads\/2019\/07\/avatar-JJ-150x150.jpg","caption":"Ks. Jacek"},"description":"Witam serdecznie! K\u0142ania si\u0119 Ks. Jacek Ja\u015bkowski. Nie jestem ani kim\u015b wa\u017cnym, ani kim\u015b znanym. Jestem ksi\u0119dzem, kt\u00f3ry po prostu chce rozmawia\u0107. Codzienna kap\u0142a\u0144ska pos\u0142uga pokazuje mi, \u017ce temat\u00f3w do rozm\u00f3w z ksi\u0119dzem jest coraz wi\u0119cej i dzisiaj \u017caden ksi\u0105dz nie mo\u017ce od nich ucieka\u0107, ale - wprost przeciwnie - podejmowa\u0107 nowe wyzwania. To przekonanie sk\u0142oni\u0142o mnie do pr\u00f3by otwarcia tego\u017c bloga, chocia\u017c okazji do rozm\u00f3w na co dzie\u0144 - w konfesjonale i poza nim - na szcz\u0119\u015bcie nie brakuje. My\u015bl\u0119 jednak, \u017ce ten blog b\u0119dzie jeszcze jednym sposobem i przestrzeni\u0105 nawi\u0105zania kontaktu z lud\u017ami dobrej woli, otwartymi na dialog.","url":"https:\/\/gaudiumetspes-blog.pl\/index.php\/author\/ks-jacek\/"}]}},"jetpack_featured_media_url":"","jetpack_sharing_enabled":true,"_links":{"self":[{"href":"https:\/\/gaudiumetspes-blog.pl\/index.php\/wp-json\/wp\/v2\/posts\/23350","targetHints":{"allow":["GET"]}}],"collection":[{"href":"https:\/\/gaudiumetspes-blog.pl\/index.php\/wp-json\/wp\/v2\/posts"}],"about":[{"href":"https:\/\/gaudiumetspes-blog.pl\/index.php\/wp-json\/wp\/v2\/types\/post"}],"author":[{"embeddable":true,"href":"https:\/\/gaudiumetspes-blog.pl\/index.php\/wp-json\/wp\/v2\/users\/1"}],"replies":[{"embeddable":true,"href":"https:\/\/gaudiumetspes-blog.pl\/index.php\/wp-json\/wp\/v2\/comments?post=23350"}],"version-history":[{"count":3,"href":"https:\/\/gaudiumetspes-blog.pl\/index.php\/wp-json\/wp\/v2\/posts\/23350\/revisions"}],"predecessor-version":[{"id":23353,"href":"https:\/\/gaudiumetspes-blog.pl\/index.php\/wp-json\/wp\/v2\/posts\/23350\/revisions\/23353"}],"wp:attachment":[{"href":"https:\/\/gaudiumetspes-blog.pl\/index.php\/wp-json\/wp\/v2\/media?parent=23350"}],"wp:term":[{"taxonomy":"category","embeddable":true,"href":"https:\/\/gaudiumetspes-blog.pl\/index.php\/wp-json\/wp\/v2\/categories?post=23350"},{"taxonomy":"post_tag","embeddable":true,"href":"https:\/\/gaudiumetspes-blog.pl\/index.php\/wp-json\/wp\/v2\/tags?post=23350"}],"curies":[{"name":"wp","href":"https:\/\/api.w.org\/{rel}","templated":true}]}}