{"id":23496,"date":"2025-02-15T02:31:49","date_gmt":"2025-02-15T01:31:49","guid":{"rendered":"https:\/\/gaudiumetspes-blog.pl\/?p=23496"},"modified":"2025-02-15T02:31:49","modified_gmt":"2025-02-15T01:31:49","slug":"gdzie-jestes","status":"publish","type":"post","link":"https:\/\/gaudiumetspes-blog.pl\/index.php\/2025\/02\/15\/gdzie-jestes\/","title":{"rendered":"Gdzie jeste\u015b?"},"content":{"rendered":"<p align=\"justify\"><span style=\"color: #000000;\"><span style=\"font-family: Book Antiqua, serif;\"><span style=\"font-size: large;\">Szcz\u0119\u015b\u0107 Bo\u017ce, w dniu dzisiejszym <b>urodziny prze\u017cywa Ksi\u0105dz Kanonik Stanis\u0142aw S\u0142awi\u0144ski, Proboszcz Parafii w Ciepielowie, w Diecezji radomskiej. Od <\/b><b>wielu<\/b><b> lat go\u015bci On tam Pielgrzym\u00f3w, w\u0119druj\u0105cych z naszej Diecezji na Jasn\u0105 G\u00f3r\u0119, a tak\u017ce M\u0142odzie\u017c, z kt\u00f3r\u0105 w swoim czasie pielgrzymowa\u0142em na Jasn\u0105 G\u00f3r\u0119 rowerowo. Przez jaki\u015b czas pomaga\u0142em duszpastersko w <\/b><b>tej Parafii<\/b><b>. Dzi\u0119kuj\u0105c za <\/b><b>nasz\u0105<\/b><b> wsp\u00f3\u0142prac\u0119 i za ogromn\u0105 \u017cyczliwo\u015b\u0107 <\/b><b>Jubilata <\/b><b>\u2013 \u017cycz\u0119 ogromu \u0142ask Bo\u017cych. I zapewniam o modlitwie.<\/b><\/span><\/span><\/span><\/p>\n<p align=\"justify\"><span style=\"color: #000000;\"><span style=\"font-family: Book Antiqua, serif;\"><span style=\"font-size: large;\">Drodzy moi, bardzo dzi\u0119kuj\u0119 Wszystkim, kt\u00f3rzy byli z nami wczoraj na wieczornej audycji. Oto jej zapis:<\/span><\/span><\/span><\/p>\n<p align=\"justify\"><span style=\"color: #000000;\"><span style=\"font-family: Book Antiqua, serif;\"><span style=\"font-size: medium;\"><span style=\"font-size: large;\"><b><a href=\"https:\/\/archiwum.radiopodlasie.pl\/NEW\/2025\/02\/14\/dentysta-tez-czlowiek-kontynuacja-audycji-z-3-stycznia-2025\/\">https:\/\/archiwum.radiopodlasie.pl\/NEW\/2025\/02\/14\/dentysta-tez-czlowiek-kontynuacja-audycji-z-3-stycznia-2025\/<\/a> <\/b><\/span><\/span><\/span><\/span><\/p>\n<p align=\"justify\"><span style=\"color: #000000;\"><span style=\"font-family: Book Antiqua, serif;\"><span style=\"font-size: large;\">Niech Pan b\u0119dzie uwielbiony w tym dziele \u2013 i w tym wszystkim, co wczorajsi Rozm\u00f3wcy robi\u0105 na co dzie\u0144!<\/span><\/span><\/span><\/p>\n<p align=\"justify\"><span style=\"color: #000000;\"><span style=\"font-family: Book Antiqua, serif;\"><span style=\"font-size: large;\">Dzi\u0119kuje tak\u017ce Ksi\u0119dzu Markowi i Ekipie syberyjskiej za wczorajsze s\u0142\u00f3wko! Niech Pan b\u0142ogos\u0142awi Im w pos\u0142udze na Syberii i pomna\u017ca jej owoce! Wspieramy modlitw\u0105!<\/span><\/span><\/span><\/p>\n<p align=\"justify\"><span style=\"color: #000000;\"><span style=\"font-family: Book Antiqua, serif;\"><span style=\"font-size: large;\">A ja pozdrawiam z Siedlec, sk\u0105d jednak dzisiaj wyrusz\u0119 do Szklarskiej Por\u0119by. Mia\u0142em jecha\u0107 w gronie kilku Os\u00f3b \u2013 ostatecznie wysz\u0142o, \u017ce jad\u0119 sam. Na miejscu, zamelduj\u0119 si\u0119 najpierw w willi MARANT, gdzie przez tydzie\u0144 b\u0119d\u0119 mieszka\u0142, a potem w Parafii, u Ksi\u0119dza Kanonika Bogus\u0142awa Sawaryna, Proboszcza miejscowej Parafii \u2013 bardzo mi osobi\u015bcie i tym, z kt\u00f3rymi przyje\u017cd\u017ca\u0142em przez wszystkie lata przyje\u017cd\u017cania, \u017cyczliwego Cz\u0142owieka \u2013 aby zaproponowa\u0107 pomoc duszpastersk\u0105 przez najbli\u017cszy tydzie\u0144. Wst\u0119pnie ju\u017c dogadali\u015bmy telefonicznie to i owo. <\/span><\/span><\/span><\/p>\n<p align=\"justify\"><span style=\"color: #000000;\"><span style=\"font-family: Book Antiqua, serif;\"><span style=\"font-size: large;\">Ciesz\u0119 si\u0119 z tych spotka\u0144, ale te\u017c z mo\u017cliwo\u015bci spotkania z Panem naszym na moich ulubionych szlakach! Nastawiam si\u0119 \u2013 w trakcie w\u0119dr\u00f3wek \u2013 na g\u0142\u0119bokie przemy\u015blenia i modlitw\u0119. B\u0119d\u0119 o Was pami\u0119ta\u0142 w modlitwie!<\/span><\/span><\/span><\/p>\n<p align=\"justify\"><span style=\"color: #000000;\"><span style=\"font-family: Book Antiqua, serif;\"><span style=\"font-size: large;\">A teraz za\u015b ju\u017c zapraszam do pochylenia si\u0119 nad Bo\u017cym s\u0142owem.<b> <\/b>Oto s\u0142\u00f3wko Ksi\u0119dza Marka na dzi\u015b<\/span><\/span><\/span><\/p>\n<p align=\"justify\"><span style=\"color: #000000;\"><span style=\"font-family: Book Antiqua, serif;\"><span style=\"font-size: medium;\"><a href=\"https:\/\/www.youtube.com\/c\/CatholicSurgut\"><span style=\"font-size: large;\"><span lang=\"zxx\"><u><b>https:\/\/www.youtube.com\/c\/CatholicSurgut<\/b><\/u><\/span><\/span><\/a> <\/span><\/span><\/span><\/p>\n<p align=\"justify\"><span style=\"color: #000000;\"><span style=\"font-family: Book Antiqua, serif;\"><span style=\"font-size: large;\">A poni\u017cej s\u0142\u00f3wko Kacpra. Jednak zanim \u2013 to najpierw niespodzianka:<\/span><\/span><\/span><\/p>\n<p align=\"left\"><a href=\"https:\/\/www.youtube.com\/@kacpergrandczech\"><span style=\"font-family: Book Antiqua, serif;\"><span style=\"font-size: large;\"><b>https:\/\/www.youtube.com\/@kacpergrandczech<\/b><\/span><\/span><\/a><\/p>\n<p align=\"justify\"><span style=\"font-family: Book Antiqua, serif;\"><span style=\"font-size: large;\">I c\u00f3\u017c Wy na to? Bo ja jestem <b>pod GIGANTYCZNYM WRA\u017bENIEM! I ogromnie wdzi\u0119czny Kacprowi za t\u0119 inicjatyw\u0119! <\/b>Jest to naprawd\u0119 bardzo dobry pomys\u0142 \u2013 chocia\u017c jednocze\u015bnie jest to kolejne wyzwanie i zadanie, jakie na siebie bierze. Ale warto! Naprawd\u0119 \u2013 warto po\u015bwi\u0119ci\u0107 si\u0119 dla sprawy Bo\u017cej! Ogromnie licz\u0119 na b\u0142ogos\u0142awione owoce tej inicjatywy, o kt\u00f3re te\u017c b\u0119d\u0119 si\u0119 serdecznie modli\u0142!<\/span><\/span><\/p>\n<p align=\"justify\"><span style=\"font-family: Book Antiqua, serif;\"><span style=\"font-size: large;\">Zatem, <b>c<\/b><span style=\"color: #000000;\"><b>o Pan konkretnie dzi\u015b do mnie m\u00f3wi?<\/b><\/span><span style=\"color: #000000;\"> Duchu \u015awi\u0119ty, pom\u00f3\u017c mi to odkry\u0107!<\/span><\/span><\/span><\/p>\n<p align=\"justify\"><span style=\"color: #000000;\"><span style=\"font-family: Book Antiqua, serif;\"><span style=\"font-size: large;\"><b>Niech Was b\u0142ogos\u0142awi B\u00f3g Wszechmog\u0105cy: Ojciec + i Syn, i Duch \u015awi\u0119ty. Amen<\/b><\/span><\/span><\/span><\/p>\n<p align=\"center\"><span style=\"color: #000000;\"><span style=\"font-family: Book Antiqua, serif;\"><span style=\"font-size: large;\">Gaudium et spes! Ks. Jacek<\/span><\/span><\/span><\/p>\n<p align=\"center\">\n<p align=\"center\">\n<p align=\"center\">\n<p align=\"center\">\n<p align=\"center\">\n<p align=\"justify\"><span style=\"color: #000000;\"><span style=\"font-family: Book Antiqua, serif;\"><span style=\"font-size: large;\"><b>Sobota 5 Tygodnia zwyk\u0142ego, rok I,<\/b><\/span><\/span><\/span><\/p>\n<p align=\"justify\"><span style=\"color: #000000;\"><span style=\"font-family: Book Antiqua, serif;\"><span style=\"font-size: large;\"><b>15 lutego 2025.,\u00a0<\/b><\/span><\/span><\/span><\/p>\n<p align=\"justify\"><span style=\"color: #000000;\"><span style=\"font-family: Book Antiqua, serif;\"><span style=\"font-size: large;\"><b>do czyta\u0144: Rdz 3,9\u201324; Mk 8,1\u201310<\/b><\/span><\/span><\/span><\/p>\n<p align=\"justify\">\n<p align=\"justify\">\n<p align=\"justify\">\n<p align=\"justify\">\n<p align=\"justify\">\n<p align=\"justify\"><span style=\"font-family: Book Antiqua, serif;\"><strong><span style=\"color: #000000;\"><span style=\"font-size: large;\"><b>CZYTANIE Z KSI\u0118GO RODZAJU:<\/b><\/span><\/span><\/strong><\/span><\/p>\n<p align=\"justify\"><span style=\"font-family: Book Antiqua, serif;\"><strong><span style=\"color: #000000;\"><span style=\"font-size: large;\"><b>Pan B\u00f3g zawo\u0142a\u0142 Adama i zapyta\u0142 go: \u201eGdzie jeste\u015b?\u201d<\/b><\/span><\/span><\/strong><\/span><\/p>\n<p align=\"justify\"><span style=\"color: #000000;\"><span style=\"font-family: Book Antiqua, serif;\"><span style=\"font-size: large;\"><b>On odpowiedzia\u0142: \u201eUs\u0142ysza\u0142em Tw\u00f3j g\u0142os w ogrodzie, przestraszy\u0142em si\u0119, bo jestem nagi, i ukry\u0142em si\u0119\u201d.<\/b><\/span><\/span><\/span><\/p>\n<p align=\"justify\"><span style=\"color: #000000;\"><span style=\"font-family: Book Antiqua, serif;\"><span style=\"font-size: large;\"><b>Rzek\u0142 B\u00f3g: \u201eKt\u00f3\u017c ci powiedzia\u0142, \u017ce jeste\u015b nagi? Czy mo\u017ce zjad\u0142e\u015b z drzewa, z kt\u00f3rego ci zakaza\u0142em je\u015b\u0107?\u201d<\/b><\/span><\/span><\/span><\/p>\n<p align=\"justify\"><span style=\"color: #000000;\"><span style=\"font-family: Book Antiqua, serif;\"><span style=\"font-size: large;\"><b>M\u0119\u017cczyzna odpowiedzia\u0142: \u201eNiewiasta, kt\u00f3r\u0105 postawi\u0142e\u015b przy mnie, da\u0142a mi owoc z tego drzewa i zjad\u0142em\u201d.<\/b><\/span><\/span><\/span><\/p>\n<p align=\"justify\"><span style=\"color: #000000;\"><span style=\"font-family: Book Antiqua, serif;\"><span style=\"font-size: large;\"><b>Wtedy Pan B\u00f3g rzek\u0142 do niewiasty: \u201eDlaczego to uczyni\u0142a\u015b?\u201d<\/b><\/span><\/span><\/span><\/p>\n<p align=\"justify\"><span style=\"color: #000000;\"><span style=\"font-family: Book Antiqua, serif;\"><span style=\"font-size: large;\"><b>Niewiasta odpowiedzia\u0142a: \u201eW\u0105\u017c mnie zwi\u00f3d\u0142 i zjad\u0142am\u201d.<\/b><\/span><\/span><\/span><\/p>\n<p align=\"justify\"><span style=\"color: #000000;\"><span style=\"font-family: Book Antiqua, serif;\"><span style=\"font-size: large;\"><b>Wtedy Pan B\u00f3g rzek\u0142 do w\u0119\u017ca: \u201ePoniewa\u017c to uczyni\u0142e\u015b, b\u0105d\u017a przekl\u0119ty w\u015br\u00f3d wszystkich zwierz\u0105t domowych i polnych; na brzuchu b\u0119dziesz si\u0119 czo\u0142ga\u0142 i proch b\u0119dziesz jad\u0142 po wszystkie dni twego istnienia. Wprowadzam nieprzyja\u017a\u0144 mi\u0119dzy ciebie a niewiast\u0119, pomi\u0119dzy potomstwo twoje a potomstwo jej: ono zmia\u017cd\u017cy ci g\u0142ow\u0119, a ty zmia\u017cd\u017cysz mu pi\u0119t\u0119\u201d.<\/b><\/span><\/span><\/span><\/p>\n<p align=\"justify\"><span style=\"color: #000000;\"><span style=\"font-family: Book Antiqua, serif;\"><span style=\"font-size: large;\"><b>Do niewiasty powiedzia\u0142: \u201eObarcz\u0119 ci\u0119 niezmiernie wielkim trudem twej brzemienno\u015bci, w b\u00f3lu b\u0119dziesz rodzi\u0142a dzieci, ku twemu m\u0119\u017cowi b\u0119dziesz kierowa\u0142a swe pragnienia, on za\u015b b\u0119dzie panowa\u0142 nad tob\u0105\u201d.<\/b><\/span><\/span><\/span><\/p>\n<p align=\"justify\"><span style=\"color: #000000;\"><span style=\"font-family: Book Antiqua, serif;\"><span style=\"font-size: large;\"><b>Do m\u0119\u017cczyzny za\u015b B\u00f3g rzek\u0142: \u201ePoniewa\u017c pos\u0142ucha\u0142e\u015b swej \u017cony i zjad\u0142e\u015b z drzewa, co do kt\u00f3rego da\u0142em ci rozkaz w s\u0142owach: <\/b><b>\u00ab<\/b><b>Nie b\u0119dziesz z niego je\u015b\u0107<\/b><b>\u00bb<\/b><b>, przekl\u0119ta niech b\u0119dzie ziemia z twego powodu: w trudzie b\u0119dziesz zdobywa\u0142 od niej po\u017cywienie dla siebie po wszystkie dni twego \u017cycia. Cier\u0144 i oset b\u0119dzie ci ona rodzi\u0142a, a przecie\u017c pokarmem twym s\u0105 p\u0142ody roli. W pocie wi\u0119c oblicza twego b\u0119dziesz musia\u0142 zdobywa\u0107 po\u017cywienie, p\u00f3ki nie wr\u00f3cisz do ziemi, z kt\u00f3rej zosta\u0142e\u015b wzi\u0119ty; bo prochem jeste\u015b i w proch si\u0119 obr\u00f3cisz.\u201d<\/b><\/span><\/span><\/span><\/p>\n<p align=\"justify\"><span style=\"color: #000000;\"><span style=\"font-family: Book Antiqua, serif;\"><span style=\"font-size: large;\"><b>M\u0119\u017cczyzna da\u0142 swej \u017conie imi\u0119 Ewa, bo ona sta\u0142a si\u0119 matk\u0105 wszystkich \u017cyj\u0105cych.<\/b><\/span><\/span><\/span><\/p>\n<p align=\"justify\"><span style=\"color: #000000;\"><span style=\"font-family: Book Antiqua, serif;\"><span style=\"font-size: large;\"><b>Pan B\u00f3g sporz\u0105dzi\u0142 dla m\u0119\u017cczyzny i dla jego \u017cony odzienie ze sk\u00f3r i przyodzia\u0142 ich. Po czym Pan B\u00f3g rzek\u0142: \u201eOto cz\u0142owiek sta\u0142 si\u0119 taki jak My: zna dobro i z\u0142o; niechaj teraz nie wyci\u0105gnie przypadkiem r\u0119ki, aby zerwa\u0107 owoc tak\u017ce z drzewa \u017cycia, zje\u015b\u0107 go i \u017cy\u0107 na wieki\u201d.<\/b><\/span><\/span><\/span><\/p>\n<p align=\"justify\"><span style=\"color: #000000;\"><span style=\"font-family: Book Antiqua, serif;\"><span style=\"font-size: large;\"><b>Dlatego Pan B\u00f3g wydali\u0142 go z ogrodu Eden, aby uprawia\u0142 t\u0119 ziemi\u0119, z kt\u00f3rej zosta\u0142 wzi\u0119ty. Wygnawszy za\u015b cz\u0142owieka, B\u00f3g postawi\u0142 przed ogrodem Eden cherub\u00f3w i po\u0142yskuj\u0105ce ostrze miecza, aby strzec drogi do drzewa \u017cycia.<\/b><\/span><\/span><\/span><\/p>\n<p align=\"justify\">\n<p align=\"justify\">\n<p align=\"justify\">\n<p align=\"justify\">\n<p align=\"justify\">\n<p align=\"justify\"><span style=\"font-family: Book Antiqua, serif;\"><strong><span style=\"color: #000000;\"><span style=\"font-size: large;\"><b>S\u0141OWA EWANGELII WED\u0141UG \u015aWI\u0118TEGO MARKA:<\/b><\/span><\/span><\/strong><\/span><\/p>\n<p align=\"justify\"><span style=\"font-family: Book Antiqua, serif;\"><strong><span style=\"color: #000000;\"><span style=\"font-size: large;\"><b>Gdy znowu wielki t\u0142um by\u0142 z Jezusem i nie mieli co je\u015b\u0107, przywo\u0142a\u0142 do siebie uczni\u00f3w i rzek\u0142 im: \u201e\u017bal mi tego t\u0142umu, bo ju\u017c trzy dni trwaj\u0105 przy Mnie, a nie maj\u0105 co je\u015b\u0107. A je\u015bli ich puszcz\u0119 zg\u0142odnia\u0142ych do domu, zas\u0142abn\u0105 w drodze; bo niekt\u00f3rzy z nich przyszli z daleka\u201d.<\/b><\/span><\/span><\/strong><\/span><\/p>\n<p align=\"justify\"><span style=\"color: #000000;\"><span style=\"font-family: Book Antiqua, serif;\"><span style=\"font-size: large;\"><b>Odpowiedzieli uczniowie: \u201eSk\u0105d tu na pustkowiu b\u0119dzie m\u00f3g\u0142 kto\u015b nakarmi\u0107 ich chlebem?\u201d<\/b><\/span><\/span><\/span><\/p>\n<p align=\"justify\"><span style=\"color: #000000;\"><span style=\"font-family: Book Antiqua, serif;\"><span style=\"font-size: large;\"><b>Zapyta\u0142 ich: \u201eIle macie chleb\u00f3w?\u201d<\/b><\/span><\/span><\/span><\/p>\n<p align=\"justify\"><span style=\"color: #000000;\"><span style=\"font-family: Book Antiqua, serif;\"><span style=\"font-size: large;\"><b>Odpowiedzieli: \u201eSiedem\u201d.<\/b><\/span><\/span><\/span><\/p>\n<p align=\"justify\"><span style=\"color: #000000;\"><span style=\"font-family: Book Antiqua, serif;\"><span style=\"font-size: large;\"><b>I poleci\u0142 ludowi usi\u0105\u015b\u0107 na ziemi. A wzi\u0105wszy te siedem chleb\u00f3w, odm\u00f3wi\u0142 dzi\u0119kczynienie, po\u0142ama\u0142 i dawa\u0142 uczniom, aby je rozdzielali. I rozdali t\u0142umowi. Mieli te\u017c kilka rybek. I nad tymi odm\u00f3wi\u0142 b\u0142ogos\u0142awie\u0144stwo i poleci\u0142 je rozda\u0107.<\/b><\/span><\/span><\/span><\/p>\n<p align=\"justify\"><span style=\"color: #000000;\"><span style=\"font-family: Book Antiqua, serif;\"><span style=\"font-size: large;\"><b>Jedli do syto\u015bci, a pozosta\u0142ych u\u0142omk\u00f3w zebrali siedem kosz\u00f3w. By\u0142o za\u015b oko\u0142o czterech tysi\u0119cy ludzi. Potem ich odprawi\u0142.<\/b><\/span><\/span><\/span><\/p>\n<p align=\"justify\"><span style=\"color: #000000;\"><span style=\"font-family: Book Antiqua, serif;\"><span style=\"font-size: large;\"><b>Zaraz te\u017c wsiad\u0142 z uczniami do \u0142odzi i przyby\u0142 w okolice Dalmanuty.<\/b><\/span><\/span><\/span><\/p>\n<p align=\"justify\">\n<p align=\"justify\">\n<p align=\"justify\">\n<p align=\"justify\">\n<p align=\"justify\">\n<p align=\"center\"><span style=\"color: #000000;\"><span style=\"font-family: Book Antiqua, serif;\"><span style=\"font-size: medium;\"><strong><span style=\"font-size: large;\"><b>A OTO S\u0141\u00d3WKO KACPRA:<\/b><\/span><\/strong><\/span><\/span><\/span><\/p>\n<p align=\"center\">\n<p align=\"center\">\n<p align=\"center\">\n<p align=\"center\">\n<p align=\"center\">\n<p align=\"justify\"><span style=\"color: #000000;\"><span style=\"font-family: Book Antiqua, serif;\"><span style=\"font-size: medium;\"><span style=\"font-size: large;\">Przypomnijmy sobie dni naszej m\u0142odo\u015bci. Zapewne mieli\u015bmy <\/span><span style=\"font-size: large;\">takie <\/span><span style=\"font-size: large;\">dni, <\/span><span style=\"font-size: large;\">kiedy<\/span> <span style=\"font-size: large;\">to <\/span><span style=\"font-size: large;\">wychodzili\u015bmy na dw\u00f3r, bawi\u0105c si\u0119 z innymi dzieciakami. By\u0142y pewnie te\u017c dni, gdy mieli\u015bmy wr\u00f3ci\u0107 wcze\u015bniej i nasi rodzice zaczynali si\u0119 martwi\u0107, gdzie jeste\u015bmy. Czy w takiej sytuacji kochaj\u0105cy rodzic potrafi\u0142by po prostu p\u00f3j\u015b\u0107 spa\u0107, nie maj\u0105c pewno\u015bci, \u017ce dziecko jest bezpieczne w domu? Przypomina mi si\u0119, jak wielokrotnie czyja\u015b mama lub tato wychodzi\u0142 na balkon lub wygl\u0105da\u0142 przez okno i krzycza\u0142 na osiedle, <\/span><span style=\"font-size: large;\">wo\u0142aj\u0105c<\/span><span style=\"font-size: large;\"> nas po imieniu i <\/span><span style=\"font-size: large;\">ka\u017c\u0105c wraca\u0107<\/span><span style=\"font-size: large;\"> do domu na obiad lub po prostu dlatego, \u017ce nasz czas na dworze si\u0119 ko\u0144czy\u0142.<\/span><\/span><\/span><\/span><\/p>\n<p align=\"justify\"><span style=\"color: #000000;\"><span style=\"font-family: Book Antiqua, serif;\"><span style=\"font-size: large;\">W dzisiejszym fragmencie z Ksi\u0119gi Rodzaju mamy podobny obraz \u2013 z tym, \u017ce kontekst jest zupe\u0142nie inny. Oto B\u00f3g, jak kochaj\u0105cy rodzic, przechadza si\u0119 po ogrodzie w lekkim powiewie wiatru. Te por\u00f3wnanie ukazuje nam Boga jako osob\u0119, kt\u00f3ra nie wpada \u201ez rozp\u0119du\u201d i nie zaczyna rzuca\u0107 oskar\u017cenia wobec pierwszych ludzi i ich grzechu. Przychodzi \u0142agodnie, spokojnie i wo\u0142a cz\u0142owieka po imieniu: <i><b>Gdzie jeste\u015b?<\/b><\/i> <\/span><\/span><\/span><\/p>\n<p align=\"justify\"><span style=\"color: #000000;\"><span style=\"font-family: Book Antiqua, serif;\"><span style=\"font-size: large;\">Ile razy w naszym \u017cyciu mieli\u015bmy tak\u0105 sytuacj\u0119, \u017ce B\u00f3g nas wo\u0142a po imieniu, a my nieustannie pr\u00f3bujemy przed Nim si\u0119 ukry\u0107? Ile razy jest tak, \u017ce mamy szans\u0119 stan\u0105\u0107 w prawdzie przed Bogiem, a odwracamy wzrok i udajemy, \u017ce nas nie ma\u2026 <\/span><\/span><\/span><\/p>\n<p align=\"justify\"><span style=\"color: #000000;\"><span style=\"font-family: Book Antiqua, serif;\"><span style=\"font-size: large;\">Po wezwaniu ze strony Boga, pierwsi ludzie zaczynaj\u0105 si\u0119 t\u0142umaczy\u0107, \u017ce przestraszyli si\u0119, zl\u0119kli, poniewa\u017c us\u0142yszeli Boga. To oczywiste, \u017ce je\u015bli do naszego pokoju czy mieszkania przychodz\u0105 rodzice, a my wygl\u0105damy na przestraszonych lub zdezorientowanych, to pada pytanie: \u201eCo przeskroba\u0142e\u015b?\u201d. B\u00f3g doskonale wie, co ludzie zrobili i daje im mo\u017cliwo\u015b\u0107 pokutowania za sw\u00f3j czyn. Zobaczmy, \u017ce B\u00f3g \u2013 zadaj\u0105c kolejne pytania \u2013 daje okazj\u0119 do skruchy i przyznania si\u0119 do b\u0142\u0119du. Dopiero, gdy widzi, \u017ce dalsza rozmowa zapewne przysporzy ludziom kolejnych grzech\u00f3w \u2013 na przyk\u0142ad: k\u0142amstwa \u2013 to pyta wprost. <\/span><\/span><\/span><\/p>\n<p align=\"justify\"><span style=\"color: #000000;\"><span style=\"font-family: Book Antiqua, serif;\"><span style=\"font-size: large;\">Natomiast cz\u0142owiek ju\u017c od samego pocz\u0105tku zaczyna zwala\u0107 win\u0119 na kogo\u015b innego: Adam na Ew\u0119, Ewa na w\u0119\u017ca. Mija kilka tysi\u0119cy lat, a my nadal twardo idziemy w zaparte i lubimy powiedzie\u0107, \u017ce kto\u015b jest odrobin\u0119 bardziej winny, ni\u017c my sami. Tak ci\u0119\u017cko nam przyzna\u0107 si\u0119 do b\u0142\u0119du, przeprosi\u0107 i spr\u00f3bowa\u0107 naprawi\u0107 to, co zepsuli\u015bmy.<\/span><\/span><\/span><\/p>\n<p align=\"justify\"><span style=\"color: #000000;\"><span style=\"font-family: Book Antiqua, serif;\"><span style=\"font-size: large;\">Kiedy\u015b zastanawia\u0142em si\u0119, po co w og\u00f3le w tym ogrodzie by\u0142o to drzewo. Wystarczy\u0142oby, \u017ceby B\u00f3g ukry\u0142 jako\u015b ten element, a zapewne zamiast na ziemi \u2013 byliby\u015bmy nadal w niebie. Us\u0142ysza\u0142em jednak, \u017ce drzewo symbolizuje wyb\u00f3r. Gdyby B\u00f3g stworzy\u0142 wspania\u0142y utopijny \u015bwiat i nie by\u0142oby mo\u017cliwo\u015bci przeciwstawienia si\u0119 Bogu \u2013 czyli grzeszenia \u2013 to mia\u0142by stadko zwierz\u0105tek, pupilk\u00f3w, ale nie wolnych ludzi, kt\u00f3rzy s\u0105 tam z w\u0142asnego wyboru. <\/span><\/span><\/span><\/p>\n<p align=\"justify\"><span style=\"color: #000000;\"><span style=\"font-family: Book Antiqua, serif;\"><span style=\"font-size: large;\">Jak przeczytamy pierwsze dwa rozdzia\u0142y Ksi\u0119gi Rodzaju, to zobaczymy, \u017ce B\u00f3g stworzy\u0142 wspania\u0142y \u015bwiat i da\u0142 cz\u0142owiekowi wszystko. Chcia\u0142, aby cz\u0142owiek panowa\u0142 nad \u015bwiatem, zwierz\u0119tami i ro\u015blinami. i czyni\u0142 sobie ziemi\u0119 poddan\u0105. B\u00f3g nie stworzy\u0142 cz\u0142owieka, aby ten tylko i wy\u0142\u0105cznie Boga uwielbia\u0142, wychwala\u0142, poniewa\u017c naszemu Panu nie zale\u017cy na samym uwielbieniu i czci. <\/span><\/span><\/span><\/p>\n<p align=\"justify\"><span style=\"color: #000000;\"><span style=\"font-family: Book Antiqua, serif;\"><span style=\"font-size: large;\">Cz\u0142owiek jednak za namow\u0105 nieprzyjaciela wybiera grzech i jego konsekwencje, o kt\u00f3rych B\u00f3g go uprzedzi\u0142. Dlaczego szatan zacz\u0105\u0142 mie\u0107 na ziemi jakiekolwiek znaczenie i w\u0142adz\u0119? Poniewa\u017c cz\u0142owiek \u2013 ka\u017cdym kolejnym grzechem \u2013 oddawa\u0142 cz\u0119\u015b\u0107 w\u0142adzy i autorytetu nieprzyjacielowi. Dlatego w Ksi\u0119dze Rodzaju mamy w\u0119\u017ca a w Apokalipsie \u2013 ogromnego smoka i besti\u0119. Ludzie grzesz\u0105c, wybieraj\u0105c pych\u0119, pokus\u0119 \u2013 oddaj\u0105 coraz wi\u0119cej w\u0142adzy nad sob\u0105 nieprzyjacielowi. <\/span><\/span><\/span><\/p>\n<p align=\"justify\"><span style=\"color: #000000;\"><span style=\"font-family: Book Antiqua, serif;\"><span style=\"font-size: large;\">B\u00f3g jednak szuka ludzi \u2013 pomimo ich upadk\u00f3w. Nie pragnie ich zguby i ju\u017c wtedy zapowiada odkupienie naszych grzech\u00f3w przez Jezusa Chrystusa. Gdyby\u015bmy tylko rozumieli, pojmowali, jak\u0105 mi\u0142o\u015bci\u0105 B\u00f3g nas obdarzy\u0142 jako ludzi \u2013 \u017ce od razu po grzechu ma przygotowany plan odkupienia naszych win. Nie chce z nas rezygnowa\u0107 i pragnie nas mie\u0107 przy sobie.<\/span><\/span><\/span><\/p>\n<p align=\"justify\"><span style=\"color: #000000;\"><span style=\"font-family: Book Antiqua, serif;\"><span style=\"font-size: large;\">Jezus, b\u0119d\u0105c na ziemi, wielokrotnie do\u015bwiadcza\u0142 n\u0119dzy, zagubienia i rozterek ludzkich. Sam by\u0142 przecie\u017c cz\u0142owiekiem i odczuwa\u0142 emocje, potrzeby fizjologiczne \u2013 jak ka\u017cdy z nas. By\u0142 i jest jednak naszym Stw\u00f3rc\u0105 i zna nas na wskro\u015b. B\u0119d\u0105c po\u015br\u00f3d nas, wiele razy na pewno do\u015bwiadcza\u0142 tego, \u017ce przeszywa\u0142o go uczucie zlitowania si\u0119 nad u\u0142omno\u015bci\u0105 ludzk\u0105 oraz konsekwencjami pierwszego grzechu. Jezus nie przyszed\u0142 tylko aby naucza\u0107. Nie przyszed\u0142 tylko wykona\u0107 misj\u0119 czy polecone zadanie. <\/span><\/span><\/span><\/p>\n<p align=\"justify\"><span style=\"color: #000000;\"><span style=\"font-family: Book Antiqua, serif;\"><span style=\"font-size: large;\">On przede wszystkim by\u0142 z tymi lud\u017ami. To, co w\u0142a\u015bnie do mnie coraz mocniej dociera, to my\u015bl, \u017ce Jezus \u2013 nie mog\u0105c zaprosi\u0107 nas do raju \u2013 zszed\u0142 na ziemi\u0119, \u017ceby przebywa\u0107 z nami. Powiedzmy sobie to zdanie na g\u0142os, powoli. B\u00f3g, kt\u00f3ry nas stworzy\u0142, tak bardzo za nami t\u0119skni\u0142 i tak bardzo nas kocha\u0142, \u017ce zszed\u0142 na ziemi\u0119, aby przebywa\u0107 z nami.<\/span><\/span><\/span><\/p>\n<p align=\"justify\"><span style=\"color: #000000;\"><span style=\"font-family: Book Antiqua, serif;\"><span style=\"font-size: large;\">B\u0119d\u0105c w szkole podstawowej, gimnazjum czy liceum, uwielbia\u0142em czyta\u0107 mitologi\u0119. Oczywi\u015bcie, najbardziej znana mi by\u0142a mitologia grecka, egipska oraz rzymska. Lubi\u0142em r\u00f3wnie\u017c mitologi\u0119 nordyck\u0105, s\u0142owia\u0144sk\u0105 czy japo\u0144sk\u0105. Lubi\u0142em czyta\u0107 o r\u00f3\u017cnych b\u00f3stwach, mocach, osobach czy \u017cywio\u0142ach. W \u017cadnym wierzeniu, religii, wyznaniu \u2013 nie znalaz\u0142em boga, kt\u00f3ry tak bardzo kocha\u0142by ludzi, jak Jezus, B\u00f3g Ojciec i Duch \u015awi\u0119ty. Jezus siada z t\u0142umami ludzi, odmawia b\u0142ogos\u0142awie\u0144stwo i rozdaje pokarm, aby nakarmi\u0107 ludzi. I to nakarmi\u0107 nie tylko swoim nauczaniem, ale r\u00f3wnie\u017c dba o dobre samopoczucie tych os\u00f3b.<\/span><\/span><\/span><\/p>\n<p align=\"justify\"><span style=\"color: #000000;\"><span style=\"font-family: Book Antiqua, serif;\"><span style=\"font-size: large;\">Otrzymujemy od naszego Stw\u00f3rcy tak wiele ka\u017cdego dnia. Nieraz \u0142api\u0119 si\u0119 na tym, \u017ce zaczynam narzeka\u0107 na rzeczy, kt\u00f3re mi si\u0119 nie podobaj\u0105. Za chwil\u0119 jednak wracam my\u015blami do tego, co otrzymuj\u0119 i pojawia mi si\u0119 w sercu \u017cal za te narzekanie, jak r\u00f3wnie\u017c ogromna wdzi\u0119czno\u015b\u0107, \u017ce mam tak ogromne b\u0142ogos\u0142awie\u0144stwo. To, \u017ce Pan da\u0142 mi mo\u017cliwo\u015b\u0107 dzielenia si\u0119 tym komentarzem z Wami, jest niesamowitym wydarzeniem. Jeszcze kilka lat temu zupe\u0142nie bym w to nie uwierzy\u0142. <\/span><\/span><\/span><\/p>\n<p align=\"justify\"><span style=\"color: #000000;\"><span style=\"font-family: Book Antiqua, serif;\"><span style=\"font-size: large;\">Teraz nie do\u015b\u0107, \u017ce dziel\u0119 si\u0119 moim komentarzem do Bo\u017cego S\u0142owa, to oficjalnie wystartowa\u0142 kana\u0142 w serwisie \u2013 YouTube, na kt\u00f3rym r\u00f3wnie\u017c w formie video dziel\u0119 si\u0119 do\u015bwiadczeniem \u017cycia z Bogiem. Je\u015bli kto\u015b chce pos\u0142ucha\u0107, to serdecznie zapraszam:<\/span><\/span><\/span><\/p>\n<p align=\"left\"><span style=\"color: #000000;\"><span style=\"font-family: Book Antiqua, serif;\"><span style=\"font-size: medium;\"><a href=\"https:\/\/www.youtube.com\/@kacpergrandczech\"><span style=\"font-size: large;\"><b>https:\/\/www.youtube.com\/@kacpergrandczech<\/b><\/span><\/a><\/span><\/span><\/span><\/p>\n<p align=\"justify\"><span style=\"color: #000000;\"><span style=\"font-family: Book Antiqua, serif;\"><span style=\"font-size: large;\">Zach\u0119cam dzisiaj do pochylenia si\u0119 nad tym obrazem kochaj\u0105cego Ojca, kt\u00f3ry przechadza si\u0119 w lekkim powiewie wiatru i pyta w\u0142a\u015bnie Ciebie: <i><b>Gdzie jeste\u015b?<\/b><\/i> Co Mu odpowiesz? Jeste\u015b gotowy rzuci\u0107 Mu si\u0119 w ramiona, czy mo\u017ce ukrywasz si\u0119 w nadziei, \u017ce Ciebie nie dostrze\u017ce \u2013 zupe\u0142nie jak nauczyciel, kt\u00f3ry szuka kogo\u015b do odpowiedzi przy tablicy. Je\u015bli jest to ta druga opcja, to mo\u017ce warto w\u0142a\u015bnie dzisiaj, w\u0142a\u015bnie teraz \u2013 wyzna\u0107 Bogu, co Ci\u0119 dr\u0119czy, co Ci\u0119 boli. On to wie, ale chce to us\u0142ysze\u0107 od Ciebie. Je\u015bli szczerze powiesz Mu, co u Ciebie, b\u0119dzie to idealna sytuacja do rozpocz\u0119cia rozmowy z kochaj\u0105cym Ojcem. <\/span><\/span><\/span><\/p>\n<p align=\"justify\"><span style=\"color: #000000;\"><span style=\"font-family: Book Antiqua, serif;\"><span style=\"font-size: large;\">Nie uciekaj, nie chowaj si\u0119, rozmawiaj \u2013 i daj sobie pom\u00f3c!<\/span><\/span><\/span><\/p>\n","protected":false},"excerpt":{"rendered":"<p>Szcz\u0119\u015b\u0107 Bo\u017ce, w dniu dzisiejszym urodziny prze\u017cywa Ksi\u0105dz Kanonik Stanis\u0142aw S\u0142awi\u0144ski, Proboszcz Parafii w Ciepielowie, w Diecezji radomskiej. Od wielu lat go\u015bci On tam Pielgrzym\u00f3w, w\u0119druj\u0105cych z naszej Diecezji na Jasn\u0105 G\u00f3r\u0119, a tak\u017ce M\u0142odzie\u017c, z kt\u00f3r\u0105 w swoim czasie pielgrzymowa\u0142em na Jasn\u0105 G\u00f3r\u0119 rowerowo. Przez jaki\u015b czas pomaga\u0142em duszpastersko w tej Parafii. Dzi\u0119kuj\u0105c za [&hellip;]<\/p>\n","protected":false},"author":1,"featured_media":0,"comment_status":"open","ping_status":"open","sticky":false,"template":"","format":"standard","meta":{"jetpack_post_was_ever_published":false,"_jetpack_newsletter_access":"","_jetpack_dont_email_post_to_subs":false,"_jetpack_newsletter_tier_id":0,"_jetpack_memberships_contains_paywalled_content":false,"_jetpack_memberships_contains_paid_content":false,"footnotes":""},"categories":[1],"tags":[],"class_list":["post-23496","post","type-post","status-publish","format-standard","hentry","category-bez-kategorii"],"yoast_head":"<!-- This site is optimized with the Yoast SEO plugin v25.1 - https:\/\/yoast.com\/wordpress\/plugins\/seo\/ -->\n<title>Gdzie jeste\u015b? - Gaudium Et Spes<\/title>\n<meta name=\"robots\" content=\"index, follow, max-snippet:-1, max-image-preview:large, max-video-preview:-1\" \/>\n<link rel=\"canonical\" href=\"https:\/\/gaudiumetspes-blog.pl\/index.php\/2025\/02\/15\/gdzie-jestes\/\" \/>\n<meta property=\"og:locale\" content=\"pl_PL\" \/>\n<meta property=\"og:type\" content=\"article\" \/>\n<meta property=\"og:title\" content=\"Gdzie jeste\u015b? - Gaudium Et Spes\" \/>\n<meta property=\"og:description\" content=\"Szcz\u0119\u015b\u0107 Bo\u017ce, w dniu dzisiejszym urodziny prze\u017cywa Ksi\u0105dz Kanonik Stanis\u0142aw S\u0142awi\u0144ski, Proboszcz Parafii w Ciepielowie, w Diecezji radomskiej. Od wielu lat go\u015bci On tam Pielgrzym\u00f3w, w\u0119druj\u0105cych z naszej Diecezji na Jasn\u0105 G\u00f3r\u0119, a tak\u017ce M\u0142odzie\u017c, z kt\u00f3r\u0105 w swoim czasie pielgrzymowa\u0142em na Jasn\u0105 G\u00f3r\u0119 rowerowo. Przez jaki\u015b czas pomaga\u0142em duszpastersko w tej Parafii. Dzi\u0119kuj\u0105c za [&hellip;]\" \/>\n<meta property=\"og:url\" content=\"https:\/\/gaudiumetspes-blog.pl\/index.php\/2025\/02\/15\/gdzie-jestes\/\" \/>\n<meta property=\"og:site_name\" content=\"Gaudium Et Spes\" \/>\n<meta property=\"article:published_time\" content=\"2025-02-15T01:31:49+00:00\" \/>\n<meta name=\"author\" content=\"Ks. Jacek\" \/>\n<meta name=\"twitter:card\" content=\"summary_large_image\" \/>\n<meta name=\"twitter:label1\" content=\"Napisane przez\" \/>\n\t<meta name=\"twitter:data1\" content=\"Ks. Jacek\" \/>\n\t<meta name=\"twitter:label2\" content=\"Szacowany czas czytania\" \/>\n\t<meta name=\"twitter:data2\" content=\"12 minut\" \/>\n<script type=\"application\/ld+json\" class=\"yoast-schema-graph\">{\"@context\":\"https:\/\/schema.org\",\"@graph\":[{\"@type\":\"WebPage\",\"@id\":\"https:\/\/gaudiumetspes-blog.pl\/index.php\/2025\/02\/15\/gdzie-jestes\/\",\"url\":\"https:\/\/gaudiumetspes-blog.pl\/index.php\/2025\/02\/15\/gdzie-jestes\/\",\"name\":\"Gdzie jeste\u015b? - Gaudium Et Spes\",\"isPartOf\":{\"@id\":\"https:\/\/gaudiumetspes-blog.pl\/#website\"},\"datePublished\":\"2025-02-15T01:31:49+00:00\",\"author\":{\"@id\":\"https:\/\/gaudiumetspes-blog.pl\/#\/schema\/person\/1661982992b752dea8dff0d4ed845a65\"},\"breadcrumb\":{\"@id\":\"https:\/\/gaudiumetspes-blog.pl\/index.php\/2025\/02\/15\/gdzie-jestes\/#breadcrumb\"},\"inLanguage\":\"pl-PL\",\"potentialAction\":[{\"@type\":\"ReadAction\",\"target\":[\"https:\/\/gaudiumetspes-blog.pl\/index.php\/2025\/02\/15\/gdzie-jestes\/\"]}]},{\"@type\":\"BreadcrumbList\",\"@id\":\"https:\/\/gaudiumetspes-blog.pl\/index.php\/2025\/02\/15\/gdzie-jestes\/#breadcrumb\",\"itemListElement\":[{\"@type\":\"ListItem\",\"position\":1,\"name\":\"Strona g\u0142\u00f3wna\",\"item\":\"https:\/\/gaudiumetspes-blog.pl\/\"},{\"@type\":\"ListItem\",\"position\":2,\"name\":\"Gdzie jeste\u015b?\"}]},{\"@type\":\"WebSite\",\"@id\":\"https:\/\/gaudiumetspes-blog.pl\/#website\",\"url\":\"https:\/\/gaudiumetspes-blog.pl\/\",\"name\":\"Gaudium Et Spes\",\"description\":\"Blog Ks. Jacka Ja\u015bkowskiego\",\"potentialAction\":[{\"@type\":\"SearchAction\",\"target\":{\"@type\":\"EntryPoint\",\"urlTemplate\":\"https:\/\/gaudiumetspes-blog.pl\/?s={search_term_string}\"},\"query-input\":{\"@type\":\"PropertyValueSpecification\",\"valueRequired\":true,\"valueName\":\"search_term_string\"}}],\"inLanguage\":\"pl-PL\"},{\"@type\":\"Person\",\"@id\":\"https:\/\/gaudiumetspes-blog.pl\/#\/schema\/person\/1661982992b752dea8dff0d4ed845a65\",\"name\":\"Ks. Jacek\",\"image\":{\"@type\":\"ImageObject\",\"inLanguage\":\"pl-PL\",\"@id\":\"https:\/\/gaudiumetspes-blog.pl\/#\/schema\/person\/image\/\",\"url\":\"https:\/\/gaudiumetspes-blog.pl\/wp-content\/uploads\/2019\/07\/avatar-JJ-150x150.jpg\",\"contentUrl\":\"https:\/\/gaudiumetspes-blog.pl\/wp-content\/uploads\/2019\/07\/avatar-JJ-150x150.jpg\",\"caption\":\"Ks. Jacek\"},\"description\":\"Witam serdecznie! K\u0142ania si\u0119 Ks. Jacek Ja\u015bkowski. Nie jestem ani kim\u015b wa\u017cnym, ani kim\u015b znanym. Jestem ksi\u0119dzem, kt\u00f3ry po prostu chce rozmawia\u0107. Codzienna kap\u0142a\u0144ska pos\u0142uga pokazuje mi, \u017ce temat\u00f3w do rozm\u00f3w z ksi\u0119dzem jest coraz wi\u0119cej i dzisiaj \u017caden ksi\u0105dz nie mo\u017ce od nich ucieka\u0107, ale - wprost przeciwnie - podejmowa\u0107 nowe wyzwania. To przekonanie sk\u0142oni\u0142o mnie do pr\u00f3by otwarcia tego\u017c bloga, chocia\u017c okazji do rozm\u00f3w na co dzie\u0144 - w konfesjonale i poza nim - na szcz\u0119\u015bcie nie brakuje. My\u015bl\u0119 jednak, \u017ce ten blog b\u0119dzie jeszcze jednym sposobem i przestrzeni\u0105 nawi\u0105zania kontaktu z lud\u017ami dobrej woli, otwartymi na dialog.\",\"url\":\"https:\/\/gaudiumetspes-blog.pl\/index.php\/author\/ks-jacek\/\"}]}<\/script>\n<!-- \/ Yoast SEO plugin. -->","yoast_head_json":{"title":"Gdzie jeste\u015b? - Gaudium Et Spes","robots":{"index":"index","follow":"follow","max-snippet":"max-snippet:-1","max-image-preview":"max-image-preview:large","max-video-preview":"max-video-preview:-1"},"canonical":"https:\/\/gaudiumetspes-blog.pl\/index.php\/2025\/02\/15\/gdzie-jestes\/","og_locale":"pl_PL","og_type":"article","og_title":"Gdzie jeste\u015b? - Gaudium Et Spes","og_description":"Szcz\u0119\u015b\u0107 Bo\u017ce, w dniu dzisiejszym urodziny prze\u017cywa Ksi\u0105dz Kanonik Stanis\u0142aw S\u0142awi\u0144ski, Proboszcz Parafii w Ciepielowie, w Diecezji radomskiej. Od wielu lat go\u015bci On tam Pielgrzym\u00f3w, w\u0119druj\u0105cych z naszej Diecezji na Jasn\u0105 G\u00f3r\u0119, a tak\u017ce M\u0142odzie\u017c, z kt\u00f3r\u0105 w swoim czasie pielgrzymowa\u0142em na Jasn\u0105 G\u00f3r\u0119 rowerowo. Przez jaki\u015b czas pomaga\u0142em duszpastersko w tej Parafii. Dzi\u0119kuj\u0105c za [&hellip;]","og_url":"https:\/\/gaudiumetspes-blog.pl\/index.php\/2025\/02\/15\/gdzie-jestes\/","og_site_name":"Gaudium Et Spes","article_published_time":"2025-02-15T01:31:49+00:00","author":"Ks. Jacek","twitter_card":"summary_large_image","twitter_misc":{"Napisane przez":"Ks. Jacek","Szacowany czas czytania":"12 minut"},"schema":{"@context":"https:\/\/schema.org","@graph":[{"@type":"WebPage","@id":"https:\/\/gaudiumetspes-blog.pl\/index.php\/2025\/02\/15\/gdzie-jestes\/","url":"https:\/\/gaudiumetspes-blog.pl\/index.php\/2025\/02\/15\/gdzie-jestes\/","name":"Gdzie jeste\u015b? - Gaudium Et Spes","isPartOf":{"@id":"https:\/\/gaudiumetspes-blog.pl\/#website"},"datePublished":"2025-02-15T01:31:49+00:00","author":{"@id":"https:\/\/gaudiumetspes-blog.pl\/#\/schema\/person\/1661982992b752dea8dff0d4ed845a65"},"breadcrumb":{"@id":"https:\/\/gaudiumetspes-blog.pl\/index.php\/2025\/02\/15\/gdzie-jestes\/#breadcrumb"},"inLanguage":"pl-PL","potentialAction":[{"@type":"ReadAction","target":["https:\/\/gaudiumetspes-blog.pl\/index.php\/2025\/02\/15\/gdzie-jestes\/"]}]},{"@type":"BreadcrumbList","@id":"https:\/\/gaudiumetspes-blog.pl\/index.php\/2025\/02\/15\/gdzie-jestes\/#breadcrumb","itemListElement":[{"@type":"ListItem","position":1,"name":"Strona g\u0142\u00f3wna","item":"https:\/\/gaudiumetspes-blog.pl\/"},{"@type":"ListItem","position":2,"name":"Gdzie jeste\u015b?"}]},{"@type":"WebSite","@id":"https:\/\/gaudiumetspes-blog.pl\/#website","url":"https:\/\/gaudiumetspes-blog.pl\/","name":"Gaudium Et Spes","description":"Blog Ks. Jacka Ja\u015bkowskiego","potentialAction":[{"@type":"SearchAction","target":{"@type":"EntryPoint","urlTemplate":"https:\/\/gaudiumetspes-blog.pl\/?s={search_term_string}"},"query-input":{"@type":"PropertyValueSpecification","valueRequired":true,"valueName":"search_term_string"}}],"inLanguage":"pl-PL"},{"@type":"Person","@id":"https:\/\/gaudiumetspes-blog.pl\/#\/schema\/person\/1661982992b752dea8dff0d4ed845a65","name":"Ks. Jacek","image":{"@type":"ImageObject","inLanguage":"pl-PL","@id":"https:\/\/gaudiumetspes-blog.pl\/#\/schema\/person\/image\/","url":"https:\/\/gaudiumetspes-blog.pl\/wp-content\/uploads\/2019\/07\/avatar-JJ-150x150.jpg","contentUrl":"https:\/\/gaudiumetspes-blog.pl\/wp-content\/uploads\/2019\/07\/avatar-JJ-150x150.jpg","caption":"Ks. Jacek"},"description":"Witam serdecznie! K\u0142ania si\u0119 Ks. Jacek Ja\u015bkowski. Nie jestem ani kim\u015b wa\u017cnym, ani kim\u015b znanym. Jestem ksi\u0119dzem, kt\u00f3ry po prostu chce rozmawia\u0107. Codzienna kap\u0142a\u0144ska pos\u0142uga pokazuje mi, \u017ce temat\u00f3w do rozm\u00f3w z ksi\u0119dzem jest coraz wi\u0119cej i dzisiaj \u017caden ksi\u0105dz nie mo\u017ce od nich ucieka\u0107, ale - wprost przeciwnie - podejmowa\u0107 nowe wyzwania. To przekonanie sk\u0142oni\u0142o mnie do pr\u00f3by otwarcia tego\u017c bloga, chocia\u017c okazji do rozm\u00f3w na co dzie\u0144 - w konfesjonale i poza nim - na szcz\u0119\u015bcie nie brakuje. My\u015bl\u0119 jednak, \u017ce ten blog b\u0119dzie jeszcze jednym sposobem i przestrzeni\u0105 nawi\u0105zania kontaktu z lud\u017ami dobrej woli, otwartymi na dialog.","url":"https:\/\/gaudiumetspes-blog.pl\/index.php\/author\/ks-jacek\/"}]}},"jetpack_featured_media_url":"","jetpack_sharing_enabled":true,"_links":{"self":[{"href":"https:\/\/gaudiumetspes-blog.pl\/index.php\/wp-json\/wp\/v2\/posts\/23496","targetHints":{"allow":["GET"]}}],"collection":[{"href":"https:\/\/gaudiumetspes-blog.pl\/index.php\/wp-json\/wp\/v2\/posts"}],"about":[{"href":"https:\/\/gaudiumetspes-blog.pl\/index.php\/wp-json\/wp\/v2\/types\/post"}],"author":[{"embeddable":true,"href":"https:\/\/gaudiumetspes-blog.pl\/index.php\/wp-json\/wp\/v2\/users\/1"}],"replies":[{"embeddable":true,"href":"https:\/\/gaudiumetspes-blog.pl\/index.php\/wp-json\/wp\/v2\/comments?post=23496"}],"version-history":[{"count":1,"href":"https:\/\/gaudiumetspes-blog.pl\/index.php\/wp-json\/wp\/v2\/posts\/23496\/revisions"}],"predecessor-version":[{"id":23497,"href":"https:\/\/gaudiumetspes-blog.pl\/index.php\/wp-json\/wp\/v2\/posts\/23496\/revisions\/23497"}],"wp:attachment":[{"href":"https:\/\/gaudiumetspes-blog.pl\/index.php\/wp-json\/wp\/v2\/media?parent=23496"}],"wp:term":[{"taxonomy":"category","embeddable":true,"href":"https:\/\/gaudiumetspes-blog.pl\/index.php\/wp-json\/wp\/v2\/categories?post=23496"},{"taxonomy":"post_tag","embeddable":true,"href":"https:\/\/gaudiumetspes-blog.pl\/index.php\/wp-json\/wp\/v2\/tags?post=23496"}],"curies":[{"name":"wp","href":"https:\/\/api.w.org\/{rel}","templated":true}]}}