{"id":23520,"date":"2025-02-25T08:19:30","date_gmt":"2025-02-25T07:19:30","guid":{"rendered":"https:\/\/gaudiumetspes-blog.pl\/?p=23520"},"modified":"2025-02-25T08:19:30","modified_gmt":"2025-02-25T07:19:30","slug":"jesli-ktos-chce-byc-pierwszym","status":"publish","type":"post","link":"https:\/\/gaudiumetspes-blog.pl\/index.php\/2025\/02\/25\/jesli-ktos-chce-byc-pierwszym\/","title":{"rendered":"Je\u015bli kto\u015b chce by\u0107 pierwszym&#8230;"},"content":{"rendered":"<p align=\"justify\"><span style=\"color: #000000;\"><span style=\"font-family: Book Antiqua, serif;\"><span style=\"font-size: large;\">Szcz\u0119\u015b\u0107 Bo\u017ce! Moi Drodzy, pozdrawiam z Siedlec, gdzie od 10:00 do 15:00 mam dy\u017cur duszpasterski na Wydzia\u0142ach, w gmachu przy ulicy Prusa. Potem modlitwa i praca na miejscu.<\/span><\/span><\/span><\/p>\n<p align=\"justify\"><span style=\"color: #000000;\"><span style=\"font-family: Book Antiqua, serif;\"><span style=\"font-size: large;\">Teraz za\u015b ju\u017c zapraszam do pochylenia si\u0119 nad Bo\u017cym s\u0142owem dzisiejszej liturgii. Oto s\u0142\u00f3wko Ksi\u0119dza Marka na dzi\u015b:<\/span><\/span><\/span><\/p>\n<p align=\"justify\"><span style=\"color: #000000;\"><span style=\"font-family: Book Antiqua, serif;\"><span style=\"font-size: medium;\"><a href=\"https:\/\/www.youtube.com\/c\/CatholicSurgut\"><span style=\"font-size: large;\"><span lang=\"zxx\"><u><b>https:\/\/www.youtube.com\/c\/CatholicSurgut<\/b><\/u><\/span><\/span><\/a><\/span><\/span><\/span><\/p>\n<p align=\"justify\"><span style=\"color: #000000;\"><span style=\"font-family: Book Antiqua, serif;\"><span style=\"font-size: large;\">Poni\u017cej za\u015b \u2013 jak co wtorek \u2013 s\u0142\u00f3wko Gabrysia. Bardzo Mu za to dzi\u0119kuj\u0119! Jak widzimy, Gabry\u015b stara si\u0119 odnosi\u0107 do konkretnych zda\u0144 i stwierdze\u0144. To bardzo dobra praktyka, bo pokazuje nam, \u017ce powinni\u015bmy naprawd\u0119 mocno i konkretnie, dok\u0142adnie i wiernie \u2013 trzyma\u0107 Bo\u017cego s\u0142owa! I w rozwa\u017caniach \u2013 i w codziennym post\u0119powaniu. Bardzo dzi\u0119kuj\u0119 Gabrysiowi! Niech Pan b\u0119dzie uwielbiony w Jego g\u0142\u0119bokiej wierze i pi\u0119knej, chrze\u015bcija\u0144skiej postawie!<\/span><\/span><\/span><\/p>\n<p align=\"justify\"><span style=\"color: #000000;\"><span style=\"font-family: Book Antiqua, serif;\"><span style=\"font-size: large;\">Zatem, <b>co dzi\u015b m\u00f3wi do mnie Pan? Z jakim bardzo konkretnym przes\u0142aniem zwraca si\u0119 do mnie \u2013 osobi\u015bcie?<\/b> Duchu \u015awi\u0119ty, pom\u00f3\u017c odkry\u0107!<\/span><\/span><\/span><\/p>\n<p align=\"justify\"><span style=\"color: #000000;\"><span style=\"font-family: Book Antiqua, serif;\"><span style=\"font-size: large;\"><b>Niech Was b\u0142ogos\u0142awi B\u00f3g Wszechmog\u0105cy: Ojciec + i Syn, i Duch \u015awi\u0119ty. Amen<\/b><\/span><\/span><\/span><\/p>\n<p align=\"center\"><span style=\"color: #000000;\"><span style=\"font-family: Book Antiqua, serif;\"><span style=\"font-size: large;\">Gaudium et spes! Ks. Jacek<\/span><\/span><\/span><\/p>\n<p align=\"center\">\n<p align=\"center\">\n<p align=\"center\">\n<p align=\"center\">\n<p align=\"center\">\n<p align=\"justify\"><span style=\"color: #000000;\"><span style=\"font-family: Book Antiqua, serif;\"><span style=\"font-size: large;\"><b>Wtorek 7 Tygodnia zwyk\u0142ego, rok I,<\/b><\/span><\/span><\/span><\/p>\n<p align=\"justify\"><span style=\"color: #000000;\"><span style=\"font-family: Book Antiqua, serif;\"><span style=\"font-size: large;\"><b>25 lutego 2025.,\u00a0<\/b><\/span><\/span><\/span><\/p>\n<p align=\"justify\"><span style=\"color: #000000;\"><span style=\"font-family: Book Antiqua, serif;\"><span style=\"font-size: large;\"><b>do czyta\u0144: Syr 2,1\u201311; Mk 9,30\u201337<\/b><\/span><\/span><\/span><\/p>\n<p align=\"justify\">\n<p align=\"justify\">\n<p align=\"justify\">\n<p align=\"justify\">\n<p align=\"justify\">\n<p align=\"justify\"><span style=\"color: #000000;\"><span style=\"font-family: Book Antiqua, serif;\"><span style=\"font-size: large;\"><b>CZYTANIE Z KSI\u0118GI SYRACYDESA: <\/b><\/span><\/span><\/span><\/p>\n<p align=\"justify\"><span style=\"color: #000000;\"><span style=\"font-family: Book Antiqua, serif;\"><span style=\"font-size: large;\"><b>Synu, je\u017celi masz zamiar s\u0142u\u017cy\u0107 Panu, przygotuj sw\u0105 dusz\u0119 na do\u015bwiadczenie. <\/b><\/span><\/span><\/span><\/p>\n<p align=\"justify\"><span style=\"color: #000000;\"><span style=\"font-family: Book Antiqua, serif;\"><span style=\"font-size: large;\"><b>Zachowaj spok\u00f3j serca i b\u0105d\u017a cierpliwy, a nie tra\u0107 r\u00f3wnowagi w czasie utrapienia. Przylgnij do Niego, a nie odst\u0119puj, aby\u015b by\u0142 wywy\u017cszony w ostatnim twym dniu. <\/b><\/span><\/span><\/span><\/p>\n<p align=\"justify\"><span style=\"color: #000000;\"><span style=\"font-family: Book Antiqua, serif;\"><span style=\"font-size: large;\"><b>Przyjmij wszystko, co przyjdzie na ciebie, a w zmiennych losach utrapie\u0144 b\u0105d\u017a wytrzyma\u0142y. Bo w ogniu do\u015bwiadcza si\u0119 z\u0142oto, a ludzi mi\u0142ych Bogu w piecu utrapienia. <\/b><\/span><\/span><\/span><\/p>\n<p align=\"justify\"><span style=\"color: #000000;\"><span style=\"font-family: Book Antiqua, serif;\"><span style=\"font-size: large;\"><b>B\u0105d\u017a Mu wierny, a On zajmie si\u0119 tob\u0105, prostuj swe drogi i Jemu zaufaj. <\/b><\/span><\/span><\/span><\/p>\n<p align=\"justify\"><span style=\"color: #000000;\"><span style=\"font-family: Book Antiqua, serif;\"><span style=\"font-size: large;\"><b>Kt\u00f3rzy boicie si\u0119 Pana, oczekujcie Jego zmi\u0142owania, nie zbaczajcie z drogi, aby\u015bcie nie upadli. Kt\u00f3rzy boicie si\u0119 Pana, zawierzcie Mu, a nie przepadnie wasza zap\u0142ata. <\/b><\/span><\/span><\/span><\/p>\n<p align=\"justify\"><span style=\"color: #000000;\"><span style=\"font-family: Book Antiqua, serif;\"><span style=\"font-size: large;\"><b>Kt\u00f3rzy boicie si\u0119 Pana, spodziewajcie si\u0119 dobra, wiecznego wesela i zmi\u0142owania. <\/b><\/span><\/span><\/span><\/p>\n<p align=\"justify\"><span style=\"color: #000000;\"><span style=\"font-family: Book Antiqua, serif;\"><span style=\"font-size: large;\"><b>Popatrzcie na dawne pokolenia i zobaczcie: kt\u00f3\u017c zaufa\u0142 Panu, a zosta\u0142 zawstydzony? Albo kt\u00f3\u017c trwa\u0142 w boja\u017ani Pa\u0144skiej i by\u0142 opuszczony? Albo kt\u00f3\u017c wzywa\u0142 Go, a On nim wzgardzi\u0142? <\/b><\/span><\/span><\/span><\/p>\n<p align=\"justify\"><span style=\"color: #000000;\"><span style=\"font-family: Book Antiqua, serif;\"><span style=\"font-size: large;\"><b>Dlatego \u017ce Pan jest lito\u015bciwy i mi\u0142osierny, odpuszcza grzechy i zbawia w czasie utrapienia.<\/b><\/span><\/span><\/span><\/p>\n<p align=\"justify\">\n<p align=\"justify\">\n<p align=\"justify\">\n<p align=\"justify\">\n<p align=\"justify\">\n<p align=\"justify\"><span style=\"color: #000000;\"><span style=\"font-family: Book Antiqua, serif;\"><span style=\"font-size: large;\"><b>S\u0141OWA EWANGELII WED\u0141UG \u015aWI\u0118TEGO MARKA:<\/b><\/span><\/span><\/span><\/p>\n<p align=\"justify\"><span style=\"color: #000000;\"><span style=\"font-family: Book Antiqua, serif;\"><span style=\"font-size: large;\"><b>Jezus i uczniowie Jego podr\u00f3\u017cowali przez Galile\u0119, On jednak nie chcia\u0142, \u017ceby kto wiedzia\u0142 o tym. Poucza\u0142 bowiem swoich uczni\u00f3w i m\u00f3wi\u0142 im: \u201eSyn Cz\u0142owieczy b\u0119dzie wydany w r\u0119ce ludzi. Ci Go zabij\u0105, lecz zabity po trzech dniach zmartwychwstanie\u201d. Oni jednak nie rozumieli tych s\u0142\u00f3w, a bali si\u0119 Go pyta\u0107. <\/b><\/span><\/span><\/span><\/p>\n<p align=\"justify\"><span style=\"color: #000000;\"><span style=\"font-family: Book Antiqua, serif;\"><span style=\"font-size: large;\"><b>Tak przyszli do Kafarnaum. Gdy by\u0142 w domu, zapyta\u0142 ich: \u201eO czym to rozprawiali\u015bcie w drodze?\u201d Lecz oni milczeli, w drodze bowiem posprzeczali si\u0119 mi\u0119dzy sob\u0105 o to, kto z nich jest najwi\u0119kszy. <\/b><\/span><\/span><\/span><\/p>\n<p align=\"justify\"><span style=\"color: #000000;\"><span style=\"font-family: Book Antiqua, serif;\"><span style=\"font-size: large;\"><b>On usiad\u0142, przywo\u0142a\u0142 Dwunastu i rzek\u0142 do nich: \u201eJe\u015bli kto chce by\u0107 pierwszym, niech b\u0119dzie ostatnim ze wszystkich i s\u0142ug\u0105 wszystkich\u201d. Potem wzi\u0105\u0142 dziecko, postawi\u0142 je przed nimi i obj\u0105wszy je ramionami, rzek\u0142 do nich: \u201eKto przyjmuje jedno z tych dzieci w imi\u0119 moje, Mnie przyjmuje; a kto Mnie przyjmuje, nie przyjmuje Mnie, lecz Tego, kt\u00f3ry Mnie pos\u0142a\u0142\u201d.<\/b><\/span><\/span><\/span><\/p>\n<p align=\"justify\">\n<p align=\"justify\">\n<p align=\"justify\">\n<p align=\"justify\">\n<p align=\"justify\">\n<p align=\"center\"><span style=\"color: #000000;\"><span style=\"font-family: Book Antiqua, serif;\"><span style=\"font-size: large;\"><b>A OTO S\u0141\u00d3WKO GABRYSIA:<\/b><\/span><\/span><\/span><\/p>\n<p align=\"center\">\n<p align=\"center\">\n<p align=\"center\">\n<p align=\"center\">\n<p align=\"center\">\n<p align=\"justify\"><span style=\"color: #000000;\"><span style=\"font-family: Book Antiqua, serif;\"><span style=\"font-size: large;\">Pierwsze czytanie, z M\u0105dro\u015bci Syracha, pi\u0119knie m\u00f3wi nam o przygotowaniu (zachowaniu), kt\u00f3re nale\u017cy poczyni\u0107, by dobrze s\u0142u\u017cy\u0107 Panu. To niejako wskaz\u00f3wka dla ksi\u0119\u017cy, s\u0142u\u017cby o\u0142tarza, ale i tak\u017ce dla ka\u017cdego z nas. Dlaczego? A mianowicie dlatego, \u017ce nie trzeba by\u0107 ksi\u0119dzem, ministrantem czy lektorem, \u017ceby m\u00f3c s\u0142u\u017cy\u0107 Panu. Ca\u0142e nasze \u017cycie mo\u017cemy kierowa\u0107 tak, aby by\u0142o ci\u0105g\u0142ym pos\u0142ugiwaniem Panu, a kluczem do tego \u2013 moim zdaniem \u2013 jest okazywanie mi\u0142o\u015bci drugiemu cz\u0142owiekowi, ale tak po Bo\u017cemu\u2026 <\/span><\/span><\/span><\/p>\n<p align=\"justify\"><span style=\"color: #000000;\"><span style=\"font-family: Book Antiqua, serif;\"><span style=\"font-size: large;\"><i><b>Zachowaj spok\u00f3j serca i b\u0105d\u017a cierpliwy, a nie tra\u0107 r\u00f3wnowagi w czasie utrapienia! Przylgnij do Niego i nie odst\u0119puj, aby\u015b by\u0142 wywy\u017cszony w twoim dniu ostatnim.<\/b><\/i> <\/span><\/span><\/span><\/p>\n<p align=\"justify\"><span style=\"color: #000000;\"><span style=\"font-family: Book Antiqua, serif;\"><span style=\"font-size: large;\">Spok\u00f3j serca i cierpliwo\u015b\u0107 \u2013 dwie cechy, pewnie dla niekt\u00f3rych trudne do zachowania\u2026 Dla mnie samego nieraz zachowanie spokoju serca i cierpliwo\u015bci bywa\u0142o trudne, nigdy nie lubi\u0142em czeka\u0107. Jednak gdy przylgn\u0105\u0142em bardziej do Jezusa, zacz\u0105\u0142em Mu bardziej ufa\u0107, zacz\u0105\u0142em dba\u0107 o regularn\u0105 spowied\u017a, wtedy sta\u0142o si\u0119 to prostsze, ni\u017c my\u015bla\u0142em. Zaufanie w Panu, budowanie z Nim szczerej i g\u0142\u0119bokiej relacji, jest kluczem do zachowania spokoju serca i zwi\u0119kszenia cierpliwo\u015bci.<\/span><\/span><\/span><\/p>\n<p align=\"justify\"><span style=\"color: #000000;\"><span style=\"font-family: Book Antiqua, serif;\"><span style=\"font-size: large;\"><i><b>Przyjmij wszystko, co przyjdzie na ciebie, a w zmiennych losach poni\u017cenia b\u0105d\u017a wytrzyma\u0142y! Bo w ogniu pr\u00f3buje si\u0119 z\u0142oto, a ludzi mi\u0142ych Bogu \u2013 w piecu poni\u017cenia.<\/b><\/i> Mamy by\u0107 wytrzymali w czasach pr\u00f3by, poni\u017cenia, <i><b>bo w ogniu pr\u00f3buje si\u0119 z\u0142oto.<\/b><\/i> Jeste\u015bmy z\u0142otem Boga, Jego skarbem, synami, o kt\u00f3rych Pan chce zadba\u0107 najlepiej, jak tylko si\u0119 da. Jednak w tej niezmiernej mi\u0142o\u015bci do nas, Pan nie oddziela nas od cierpienia wielkim murem, poniewa\u017c wtedy niejako nasza wolna wola zosta\u0142aby zachwiana. Sami nieraz wybieramy drogi, na kt\u00f3rych przychodzi nam cierpie\u0107, lecz nie zawsze cierpienie jest z\u0142em, czasem cierpienie \u2013 ci\u0119\u017cszy czas w \u017cyciu \u2013 prowadzi do wi\u0119kszego szcz\u0119\u015bcia, a czasami wskazuje w\u0142a\u015bciwe miejsce na ziemi, w kt\u00f3rym by\u0107 powinni\u015bmy.<\/span><\/span><\/span><\/p>\n<p align=\"justify\"><span style=\"color: #000000;\"><span style=\"font-family: Book Antiqua, serif;\"><span style=\"font-size: large;\"><i><b>B\u0105d\u017a Mu wierny, a On zajmie si\u0119 tob\u0105, prostuj swe drogi i Jemu zaufaj! <\/b><\/i><\/span><\/span><\/span><\/p>\n<p align=\"justify\"><span style=\"color: #000000;\"><span style=\"font-family: Book Antiqua, serif;\"><span style=\"font-size: large;\">Kto jest wierny Panu, ma Pana w sobie, a dla Pana nie ma nic niemo\u017cliwego. Prostuj swe drogi, to znaczy nie wpadaj w te same grzechy, naprawiaj wszystko, przez co wpadasz w zam\u0119t, niepok\u00f3j, buduj \u017cycie na S\u0142owie i przestrzegaj Jego praw. Trudne to zadanie w czasach pokus i tak wielkiego p\u0119du za wszystkim, ale nie jest to nie do wykonania. Budujmy swoj\u0105 si\u0142\u0119 modlitw\u0105 i zaufaniem do Pana, pog\u0142\u0119bianiem i umacnianiem relacji z Nim.<\/span><\/span><\/span><\/p>\n<p align=\"center\"><span style=\"color: #000000;\"><span style=\"font-family: Book Antiqua, serif;\"><span style=\"font-size: large;\"><b>*********************<\/b><\/span><\/span><\/span><\/p>\n<p align=\"justify\"><span style=\"color: #000000;\"><span style=\"font-family: Book Antiqua, serif;\"><span style=\"font-size: large;\">Ewangelia natomiast ju\u017c na wst\u0119pie zapowiada m\u0119k\u0119 i \u015bmier\u0107 Pana Jezusa. P\u00f3\u017aniej pi\u0119knie jest powiedziane:<\/span><\/span><\/span><\/p>\n<p align=\"justify\"><span style=\"color: #000000;\"><span style=\"font-family: Book Antiqua, serif;\"><span style=\"font-size: large;\"><i><b>Je\u015bli kto\u015b chce by\u0107 pierwszym, niech b\u0119dzie ostatnim ze wszystkich i s\u0142ug\u0105 wszystkich.<\/b><\/i><\/span><\/span><\/span><\/p>\n<p align=\"justify\"><span style=\"color: #000000;\"><span style=\"font-family: Book Antiqua, serif;\"><span style=\"font-size: large;\">Jezus takim by\u0142 \u2013 mimo, \u017ce jest Bogiem. Na ziemi sta\u0142 si\u0119 niejako s\u0142ug\u0105 dla wszystkich ludzi, kt\u00f3rych napotka\u0142, uzdrawia\u0142 ich, naucza\u0142, czyni\u0142 im wszelkiego rodzaju cuda, ale jednak nie wszyscy poznali, \u017ce On jest Bogiem. Dziwne i a\u017c szokuj\u0105ce jest to, \u017ce \u00f3wcze\u015bni ludzie nie poznali po tak wielkich cudach, jakie dokonywa\u0142 (mi\u0119dzy innymi wskrzeszenia), \u017ce Jezus jest Bogiem. Jezus stawia\u0142 czo\u0142a niedowiarstwu, szczeg\u00f3lnie w\u015br\u00f3d uczni\u00f3w. <\/span><\/span><\/span><\/p>\n<p align=\"justify\"><span style=\"color: #000000;\"><span style=\"font-family: Book Antiqua, serif;\"><span style=\"font-size: large;\">My te\u017c stawajmy na przeciw niedowiarstwu i m\u00f3wmy o Jezusie, b\u0105d\u017amy jak aposto\u0142owie. Ka\u017cdy z nas, chrze\u015bcijan, ma niejako misj\u0119 apostolsk\u0105, je\u017celi tylko zechce. A rozumiem przez to misj\u0119 g\u0142oszenia S\u0142owa Bo\u017cego, a nawet sam\u0105 rozmow\u0119 o Bogu, bo to wszystko zbli\u017ca nas do Boga jeszcze bardziej, ni\u017c teraz jeste\u015bmy.<\/span><\/span><\/span><\/p>\n","protected":false},"excerpt":{"rendered":"<p>Szcz\u0119\u015b\u0107 Bo\u017ce! Moi Drodzy, pozdrawiam z Siedlec, gdzie od 10:00 do 15:00 mam dy\u017cur duszpasterski na Wydzia\u0142ach, w gmachu przy ulicy Prusa. Potem modlitwa i praca na miejscu. Teraz za\u015b ju\u017c zapraszam do pochylenia si\u0119 nad Bo\u017cym s\u0142owem dzisiejszej liturgii. Oto s\u0142\u00f3wko Ksi\u0119dza Marka na dzi\u015b: https:\/\/www.youtube.com\/c\/CatholicSurgut Poni\u017cej za\u015b \u2013 jak co wtorek \u2013 s\u0142\u00f3wko [&hellip;]<\/p>\n","protected":false},"author":1,"featured_media":0,"comment_status":"open","ping_status":"open","sticky":false,"template":"","format":"standard","meta":{"jetpack_post_was_ever_published":false,"_jetpack_newsletter_access":"","_jetpack_dont_email_post_to_subs":false,"_jetpack_newsletter_tier_id":0,"_jetpack_memberships_contains_paywalled_content":false,"_jetpack_memberships_contains_paid_content":false,"footnotes":""},"categories":[1],"tags":[],"class_list":["post-23520","post","type-post","status-publish","format-standard","hentry","category-bez-kategorii"],"yoast_head":"<!-- This site is optimized with the Yoast SEO plugin v25.1 - https:\/\/yoast.com\/wordpress\/plugins\/seo\/ -->\n<title>Je\u015bli kto\u015b chce by\u0107 pierwszym... - Gaudium Et Spes<\/title>\n<meta name=\"robots\" content=\"index, follow, max-snippet:-1, max-image-preview:large, max-video-preview:-1\" \/>\n<link rel=\"canonical\" href=\"https:\/\/gaudiumetspes-blog.pl\/index.php\/2025\/02\/25\/jesli-ktos-chce-byc-pierwszym\/\" \/>\n<meta property=\"og:locale\" content=\"pl_PL\" \/>\n<meta property=\"og:type\" content=\"article\" \/>\n<meta property=\"og:title\" content=\"Je\u015bli kto\u015b chce by\u0107 pierwszym... - Gaudium Et Spes\" \/>\n<meta property=\"og:description\" content=\"Szcz\u0119\u015b\u0107 Bo\u017ce! Moi Drodzy, pozdrawiam z Siedlec, gdzie od 10:00 do 15:00 mam dy\u017cur duszpasterski na Wydzia\u0142ach, w gmachu przy ulicy Prusa. Potem modlitwa i praca na miejscu. Teraz za\u015b ju\u017c zapraszam do pochylenia si\u0119 nad Bo\u017cym s\u0142owem dzisiejszej liturgii. Oto s\u0142\u00f3wko Ksi\u0119dza Marka na dzi\u015b: https:\/\/www.youtube.com\/c\/CatholicSurgut Poni\u017cej za\u015b \u2013 jak co wtorek \u2013 s\u0142\u00f3wko [&hellip;]\" \/>\n<meta property=\"og:url\" content=\"https:\/\/gaudiumetspes-blog.pl\/index.php\/2025\/02\/25\/jesli-ktos-chce-byc-pierwszym\/\" \/>\n<meta property=\"og:site_name\" content=\"Gaudium Et Spes\" \/>\n<meta property=\"article:published_time\" content=\"2025-02-25T07:19:30+00:00\" \/>\n<meta name=\"author\" content=\"Ks. Jacek\" \/>\n<meta name=\"twitter:card\" content=\"summary_large_image\" \/>\n<meta name=\"twitter:label1\" content=\"Napisane przez\" \/>\n\t<meta name=\"twitter:data1\" content=\"Ks. Jacek\" \/>\n\t<meta name=\"twitter:label2\" content=\"Szacowany czas czytania\" \/>\n\t<meta name=\"twitter:data2\" content=\"6 minut\" \/>\n<script type=\"application\/ld+json\" class=\"yoast-schema-graph\">{\"@context\":\"https:\/\/schema.org\",\"@graph\":[{\"@type\":\"WebPage\",\"@id\":\"https:\/\/gaudiumetspes-blog.pl\/index.php\/2025\/02\/25\/jesli-ktos-chce-byc-pierwszym\/\",\"url\":\"https:\/\/gaudiumetspes-blog.pl\/index.php\/2025\/02\/25\/jesli-ktos-chce-byc-pierwszym\/\",\"name\":\"Je\u015bli kto\u015b chce by\u0107 pierwszym... - Gaudium Et Spes\",\"isPartOf\":{\"@id\":\"https:\/\/gaudiumetspes-blog.pl\/#website\"},\"datePublished\":\"2025-02-25T07:19:30+00:00\",\"author\":{\"@id\":\"https:\/\/gaudiumetspes-blog.pl\/#\/schema\/person\/1661982992b752dea8dff0d4ed845a65\"},\"breadcrumb\":{\"@id\":\"https:\/\/gaudiumetspes-blog.pl\/index.php\/2025\/02\/25\/jesli-ktos-chce-byc-pierwszym\/#breadcrumb\"},\"inLanguage\":\"pl-PL\",\"potentialAction\":[{\"@type\":\"ReadAction\",\"target\":[\"https:\/\/gaudiumetspes-blog.pl\/index.php\/2025\/02\/25\/jesli-ktos-chce-byc-pierwszym\/\"]}]},{\"@type\":\"BreadcrumbList\",\"@id\":\"https:\/\/gaudiumetspes-blog.pl\/index.php\/2025\/02\/25\/jesli-ktos-chce-byc-pierwszym\/#breadcrumb\",\"itemListElement\":[{\"@type\":\"ListItem\",\"position\":1,\"name\":\"Strona g\u0142\u00f3wna\",\"item\":\"https:\/\/gaudiumetspes-blog.pl\/\"},{\"@type\":\"ListItem\",\"position\":2,\"name\":\"Je\u015bli kto\u015b chce by\u0107 pierwszym&#8230;\"}]},{\"@type\":\"WebSite\",\"@id\":\"https:\/\/gaudiumetspes-blog.pl\/#website\",\"url\":\"https:\/\/gaudiumetspes-blog.pl\/\",\"name\":\"Gaudium Et Spes\",\"description\":\"Blog Ks. Jacka Ja\u015bkowskiego\",\"potentialAction\":[{\"@type\":\"SearchAction\",\"target\":{\"@type\":\"EntryPoint\",\"urlTemplate\":\"https:\/\/gaudiumetspes-blog.pl\/?s={search_term_string}\"},\"query-input\":{\"@type\":\"PropertyValueSpecification\",\"valueRequired\":true,\"valueName\":\"search_term_string\"}}],\"inLanguage\":\"pl-PL\"},{\"@type\":\"Person\",\"@id\":\"https:\/\/gaudiumetspes-blog.pl\/#\/schema\/person\/1661982992b752dea8dff0d4ed845a65\",\"name\":\"Ks. Jacek\",\"image\":{\"@type\":\"ImageObject\",\"inLanguage\":\"pl-PL\",\"@id\":\"https:\/\/gaudiumetspes-blog.pl\/#\/schema\/person\/image\/\",\"url\":\"https:\/\/gaudiumetspes-blog.pl\/wp-content\/uploads\/2019\/07\/avatar-JJ-150x150.jpg\",\"contentUrl\":\"https:\/\/gaudiumetspes-blog.pl\/wp-content\/uploads\/2019\/07\/avatar-JJ-150x150.jpg\",\"caption\":\"Ks. Jacek\"},\"description\":\"Witam serdecznie! K\u0142ania si\u0119 Ks. Jacek Ja\u015bkowski. Nie jestem ani kim\u015b wa\u017cnym, ani kim\u015b znanym. Jestem ksi\u0119dzem, kt\u00f3ry po prostu chce rozmawia\u0107. Codzienna kap\u0142a\u0144ska pos\u0142uga pokazuje mi, \u017ce temat\u00f3w do rozm\u00f3w z ksi\u0119dzem jest coraz wi\u0119cej i dzisiaj \u017caden ksi\u0105dz nie mo\u017ce od nich ucieka\u0107, ale - wprost przeciwnie - podejmowa\u0107 nowe wyzwania. To przekonanie sk\u0142oni\u0142o mnie do pr\u00f3by otwarcia tego\u017c bloga, chocia\u017c okazji do rozm\u00f3w na co dzie\u0144 - w konfesjonale i poza nim - na szcz\u0119\u015bcie nie brakuje. My\u015bl\u0119 jednak, \u017ce ten blog b\u0119dzie jeszcze jednym sposobem i przestrzeni\u0105 nawi\u0105zania kontaktu z lud\u017ami dobrej woli, otwartymi na dialog.\",\"url\":\"https:\/\/gaudiumetspes-blog.pl\/index.php\/author\/ks-jacek\/\"}]}<\/script>\n<!-- \/ Yoast SEO plugin. -->","yoast_head_json":{"title":"Je\u015bli kto\u015b chce by\u0107 pierwszym... - Gaudium Et Spes","robots":{"index":"index","follow":"follow","max-snippet":"max-snippet:-1","max-image-preview":"max-image-preview:large","max-video-preview":"max-video-preview:-1"},"canonical":"https:\/\/gaudiumetspes-blog.pl\/index.php\/2025\/02\/25\/jesli-ktos-chce-byc-pierwszym\/","og_locale":"pl_PL","og_type":"article","og_title":"Je\u015bli kto\u015b chce by\u0107 pierwszym... - Gaudium Et Spes","og_description":"Szcz\u0119\u015b\u0107 Bo\u017ce! Moi Drodzy, pozdrawiam z Siedlec, gdzie od 10:00 do 15:00 mam dy\u017cur duszpasterski na Wydzia\u0142ach, w gmachu przy ulicy Prusa. Potem modlitwa i praca na miejscu. Teraz za\u015b ju\u017c zapraszam do pochylenia si\u0119 nad Bo\u017cym s\u0142owem dzisiejszej liturgii. Oto s\u0142\u00f3wko Ksi\u0119dza Marka na dzi\u015b: https:\/\/www.youtube.com\/c\/CatholicSurgut Poni\u017cej za\u015b \u2013 jak co wtorek \u2013 s\u0142\u00f3wko [&hellip;]","og_url":"https:\/\/gaudiumetspes-blog.pl\/index.php\/2025\/02\/25\/jesli-ktos-chce-byc-pierwszym\/","og_site_name":"Gaudium Et Spes","article_published_time":"2025-02-25T07:19:30+00:00","author":"Ks. Jacek","twitter_card":"summary_large_image","twitter_misc":{"Napisane przez":"Ks. Jacek","Szacowany czas czytania":"6 minut"},"schema":{"@context":"https:\/\/schema.org","@graph":[{"@type":"WebPage","@id":"https:\/\/gaudiumetspes-blog.pl\/index.php\/2025\/02\/25\/jesli-ktos-chce-byc-pierwszym\/","url":"https:\/\/gaudiumetspes-blog.pl\/index.php\/2025\/02\/25\/jesli-ktos-chce-byc-pierwszym\/","name":"Je\u015bli kto\u015b chce by\u0107 pierwszym... - Gaudium Et Spes","isPartOf":{"@id":"https:\/\/gaudiumetspes-blog.pl\/#website"},"datePublished":"2025-02-25T07:19:30+00:00","author":{"@id":"https:\/\/gaudiumetspes-blog.pl\/#\/schema\/person\/1661982992b752dea8dff0d4ed845a65"},"breadcrumb":{"@id":"https:\/\/gaudiumetspes-blog.pl\/index.php\/2025\/02\/25\/jesli-ktos-chce-byc-pierwszym\/#breadcrumb"},"inLanguage":"pl-PL","potentialAction":[{"@type":"ReadAction","target":["https:\/\/gaudiumetspes-blog.pl\/index.php\/2025\/02\/25\/jesli-ktos-chce-byc-pierwszym\/"]}]},{"@type":"BreadcrumbList","@id":"https:\/\/gaudiumetspes-blog.pl\/index.php\/2025\/02\/25\/jesli-ktos-chce-byc-pierwszym\/#breadcrumb","itemListElement":[{"@type":"ListItem","position":1,"name":"Strona g\u0142\u00f3wna","item":"https:\/\/gaudiumetspes-blog.pl\/"},{"@type":"ListItem","position":2,"name":"Je\u015bli kto\u015b chce by\u0107 pierwszym&#8230;"}]},{"@type":"WebSite","@id":"https:\/\/gaudiumetspes-blog.pl\/#website","url":"https:\/\/gaudiumetspes-blog.pl\/","name":"Gaudium Et Spes","description":"Blog Ks. Jacka Ja\u015bkowskiego","potentialAction":[{"@type":"SearchAction","target":{"@type":"EntryPoint","urlTemplate":"https:\/\/gaudiumetspes-blog.pl\/?s={search_term_string}"},"query-input":{"@type":"PropertyValueSpecification","valueRequired":true,"valueName":"search_term_string"}}],"inLanguage":"pl-PL"},{"@type":"Person","@id":"https:\/\/gaudiumetspes-blog.pl\/#\/schema\/person\/1661982992b752dea8dff0d4ed845a65","name":"Ks. Jacek","image":{"@type":"ImageObject","inLanguage":"pl-PL","@id":"https:\/\/gaudiumetspes-blog.pl\/#\/schema\/person\/image\/","url":"https:\/\/gaudiumetspes-blog.pl\/wp-content\/uploads\/2019\/07\/avatar-JJ-150x150.jpg","contentUrl":"https:\/\/gaudiumetspes-blog.pl\/wp-content\/uploads\/2019\/07\/avatar-JJ-150x150.jpg","caption":"Ks. Jacek"},"description":"Witam serdecznie! K\u0142ania si\u0119 Ks. Jacek Ja\u015bkowski. Nie jestem ani kim\u015b wa\u017cnym, ani kim\u015b znanym. Jestem ksi\u0119dzem, kt\u00f3ry po prostu chce rozmawia\u0107. Codzienna kap\u0142a\u0144ska pos\u0142uga pokazuje mi, \u017ce temat\u00f3w do rozm\u00f3w z ksi\u0119dzem jest coraz wi\u0119cej i dzisiaj \u017caden ksi\u0105dz nie mo\u017ce od nich ucieka\u0107, ale - wprost przeciwnie - podejmowa\u0107 nowe wyzwania. To przekonanie sk\u0142oni\u0142o mnie do pr\u00f3by otwarcia tego\u017c bloga, chocia\u017c okazji do rozm\u00f3w na co dzie\u0144 - w konfesjonale i poza nim - na szcz\u0119\u015bcie nie brakuje. My\u015bl\u0119 jednak, \u017ce ten blog b\u0119dzie jeszcze jednym sposobem i przestrzeni\u0105 nawi\u0105zania kontaktu z lud\u017ami dobrej woli, otwartymi na dialog.","url":"https:\/\/gaudiumetspes-blog.pl\/index.php\/author\/ks-jacek\/"}]}},"jetpack_featured_media_url":"","jetpack_sharing_enabled":true,"_links":{"self":[{"href":"https:\/\/gaudiumetspes-blog.pl\/index.php\/wp-json\/wp\/v2\/posts\/23520","targetHints":{"allow":["GET"]}}],"collection":[{"href":"https:\/\/gaudiumetspes-blog.pl\/index.php\/wp-json\/wp\/v2\/posts"}],"about":[{"href":"https:\/\/gaudiumetspes-blog.pl\/index.php\/wp-json\/wp\/v2\/types\/post"}],"author":[{"embeddable":true,"href":"https:\/\/gaudiumetspes-blog.pl\/index.php\/wp-json\/wp\/v2\/users\/1"}],"replies":[{"embeddable":true,"href":"https:\/\/gaudiumetspes-blog.pl\/index.php\/wp-json\/wp\/v2\/comments?post=23520"}],"version-history":[{"count":1,"href":"https:\/\/gaudiumetspes-blog.pl\/index.php\/wp-json\/wp\/v2\/posts\/23520\/revisions"}],"predecessor-version":[{"id":23521,"href":"https:\/\/gaudiumetspes-blog.pl\/index.php\/wp-json\/wp\/v2\/posts\/23520\/revisions\/23521"}],"wp:attachment":[{"href":"https:\/\/gaudiumetspes-blog.pl\/index.php\/wp-json\/wp\/v2\/media?parent=23520"}],"wp:term":[{"taxonomy":"category","embeddable":true,"href":"https:\/\/gaudiumetspes-blog.pl\/index.php\/wp-json\/wp\/v2\/categories?post=23520"},{"taxonomy":"post_tag","embeddable":true,"href":"https:\/\/gaudiumetspes-blog.pl\/index.php\/wp-json\/wp\/v2\/tags?post=23520"}],"curies":[{"name":"wp","href":"https:\/\/api.w.org\/{rel}","templated":true}]}}