{"id":23554,"date":"2025-03-11T08:19:35","date_gmt":"2025-03-11T07:19:35","guid":{"rendered":"https:\/\/gaudiumetspes-blog.pl\/?p=23554"},"modified":"2025-03-11T08:19:35","modified_gmt":"2025-03-11T07:19:35","slug":"jesli-przebaczycie","status":"publish","type":"post","link":"https:\/\/gaudiumetspes-blog.pl\/index.php\/2025\/03\/11\/jesli-przebaczycie\/","title":{"rendered":"Je\u015bli przebaczycie&#8230;"},"content":{"rendered":"<p align=\"justify\"><span style=\"color: #000000;\"><span style=\"font-family: Book Antiqua, serif;\"><span style=\"font-size: large;\">Szcz\u0119\u015b\u0107 Bo\u017ce! Moi Drodzy, w dniu dzisiejszym <b>urodziny prze\u017cywa Micha\u0142 S\u0119torek, nale\u017c\u0105cy w swoim czasie do jednej z m\u0142odzie\u017cowych Wsp\u00f3lnot, kt\u00f3re prowadzi\u0142em. Niech Pan Mu we wszystkim b\u0142ogos\u0142awi i przez \u017cycie prowadzi! Zapewniam o modlitwie!<\/b><\/span><\/span><\/span><\/p>\n<p align=\"justify\"><span style=\"color: #000000;\"><span style=\"font-family: Book Antiqua, serif;\"><span style=\"font-size: large;\">A ja dzisiaj mam \u2013 jak co wtorek \u2013 dy\u017cur duszpasterski na Wydzia\u0142ach, mieszcz\u0105cych si\u0119 w gmachu przy ulicy Prusa, a o 19:00 planujemy spotkanie Grupy teatralnej, czyli tej grupy studenckiej \u2013 i nie tylko studenckiej \u2013 z kt\u00f3r\u0105 robi\u0142em przedstawienie PREZYDENT przy okazji Op\u0142atka uniwersyteckiego. Podsumujemy tamto przedstawienie i zaplanujemy nast\u0119pne. O ile w og\u00f3le do spotkania dojdzie. P\u00f3ki co, jest planowane, ale raz ju\u017c by\u0142o planowane i w ostatniej chwili \u201esi\u0119 odwo\u0142a\u0142o\u201d\u2026 Mo\u017ce dzisiaj jednak si\u0119 uda.<\/span><\/span><\/span><\/p>\n<p align=\"justify\"><span style=\"color: #000000;\"><span style=\"font-family: Book Antiqua, serif;\"><span style=\"font-size: large;\">Bardzo si\u0119 ciesz\u0119, \u017ce wczoraj wieczorem Marek dotar\u0142 do mnie na nocleg \u2013 w ramach swoich woja\u017cy po okolicy \u2013 bo by\u0142a okazja bardzo ciekawie, g\u0142\u0119boko i szeroko, obgada\u0107 wiele spraw. Dzisiaj Jego najazd na Warszaw\u0119!<\/span><\/span><\/span><\/p>\n<p align=\"justify\"><span style=\"color: #000000;\"><span style=\"font-family: Book Antiqua, serif;\"><span style=\"font-size: large;\">Ja za\u015b zapraszam do pochylenia si\u0119 nad Bo\u017cym s\u0142owem dzisiejszej liturgii. Oto s\u0142\u00f3wko Ksi\u0119dza Marka na dzi\u015b:<\/span><\/span><\/span><\/p>\n<p align=\"justify\"><span style=\"color: #000000;\"><span style=\"font-family: Book Antiqua, serif;\"><span style=\"font-size: medium;\"><a href=\"https:\/\/www.youtube.com\/c\/CatholicSurgut\"><span style=\"font-size: large;\"><span lang=\"zxx\"><u><b>https:\/\/www.youtube.com\/c\/CatholicSurgut<\/b><\/u><\/span><\/span><\/a><\/span><\/span><\/span><\/p>\n<p align=\"justify\"><span style=\"color: #000000;\"><span style=\"font-family: Book Antiqua, serif;\"><span style=\"font-size: large;\">Poni\u017cej za\u015b \u2013 s\u0142\u00f3wko Gabrysia. Bardzo Mu dzi\u0119kuj\u0119 za rzetelno\u015b\u0107, szczero\u015b\u0107 i zaanga\u017cowanie serca i talent\u00f3w w g\u0142oszenie s\u0142owa Bo\u017cego! I za wierno\u015b\u0107 podj\u0119temu zobowi\u0105zaniu. Cieszy mnie te\u017c odwa\u017cne wchodzenie w g\u0142\u0105b rozwa\u017canego S\u0142owa i poszukiwanie jego najr\u00f3\u017cniejszych i najg\u0142\u0119bszych sens\u00f3w, co wyra\u017anie widzimy w ka\u017cdym rozwa\u017caniu Gabrysia, tak\u017ce tym dzisiejszym. Niech Pan b\u0119dzie uwielbiony w tym dziele!<\/span><\/span><\/span><\/p>\n<p align=\"justify\"><span style=\"color: #000000;\"><span style=\"font-family: Book Antiqua, serif;\"><span style=\"font-size: large;\">Zatem, <b>co dzi\u015b m\u00f3wi do mnie Pan? Z jakim konkretnym przes\u0142aniem si\u0119 zwraca? <\/b>Duchu \u015awi\u0119ty, podpowiedz\u2026 <\/span><\/span><\/span><\/p>\n<p align=\"justify\"><span style=\"color: #000000;\"><span style=\"font-family: Book Antiqua, serif;\"><span style=\"font-size: large;\"><b>Niech Was b\u0142ogos\u0142awi B\u00f3g Wszechmog\u0105cy: Ojciec + i Syn, i Duch \u015awi\u0119ty. Amen<\/b><\/span><\/span><\/span><\/p>\n<p align=\"center\"><span style=\"color: #000000;\"><span style=\"font-family: Book Antiqua, serif;\"><span style=\"font-size: large;\">Gaudium et spes! Ks. Jacek<\/span><\/span><\/span><\/p>\n<p align=\"center\">\n<p align=\"center\">\n<p align=\"center\">\n<p align=\"center\">\n<p align=\"center\">\n<p align=\"justify\"><span style=\"color: #000000;\"><span style=\"font-family: Book Antiqua, serif;\"><span style=\"font-size: large;\"><b>Wtorek 1 Tygodnia Wielkiego Postu, <\/b><\/span><\/span><\/span><\/p>\n<p align=\"justify\"><span style=\"color: #000000;\"><span style=\"font-family: Book Antiqua, serif;\"><span style=\"font-size: large;\"><b>11 marca 2025.,\u00a0<\/b><\/span><\/span><\/span><\/p>\n<p align=\"justify\"><span style=\"color: #000000;\"><span style=\"font-family: Book Antiqua, serif;\"><span style=\"font-size: large;\"><b>do czyta\u0144: Iz 55,10\u201311; Mt 6,7\u201315<\/b><\/span><\/span><\/span><\/p>\n<p align=\"justify\">\n<p align=\"justify\">\n<p align=\"justify\">\n<p align=\"justify\">\n<p align=\"justify\">\n<p align=\"justify\"><span style=\"color: #000000;\"><span style=\"font-family: Book Antiqua, serif;\"><span style=\"font-size: large;\"><b>CZYTANIE Z KSI\u0118GI PROROKA IZAJASZA: <\/b><\/span><\/span><\/span><\/p>\n<p align=\"justify\"><span style=\"color: #000000;\"><span style=\"font-family: Book Antiqua, serif;\"><span style=\"font-size: large;\"><b>To m\u00f3wi Pan B\u00f3g: \u201ePodobnie jak ulewa i \u015bnieg spadaj\u0105 z nieba i tam nie powracaj\u0105, dop\u00f3ki nie nawodni\u0105 ziemi, nie u\u017cy\u017ani\u0105 jej i nie zapewni\u0105 urodzaju, tak i\u017c wydaje nasienie dla siewcy i chleb dla jedz\u0105cego, tak s\u0142owo, kt\u00f3re wychodzi z ust moich: nie wraca do Mnie bezowocnie, zanim wpierw nie dokona tego, co chcia\u0142em, i nie spe\u0142ni pomy\u015blnie swego pos\u0142annictwa\u201d.<\/b><\/span><\/span><\/span><\/p>\n<p align=\"justify\">\n<p align=\"justify\">\n<p align=\"justify\">\n<p align=\"justify\">\n<p align=\"justify\">\n<p align=\"justify\"><span style=\"color: #000000;\"><span style=\"font-family: Book Antiqua, serif;\"><span style=\"font-size: large;\"><b>S\u0141OWA EWANGELII WED\u0141UG \u015aWI\u0118TEGO MATEUSZA: <\/b><\/span><\/span><\/span><\/p>\n<p align=\"justify\"><span style=\"color: #000000;\"><span style=\"font-family: Book Antiqua, serif;\"><span style=\"font-size: large;\"><b>Jezus powiedzia\u0142 do swoich uczni\u00f3w: \u201eNa modlitwie nie b\u0105d\u017acie gadatliwi jak poganie. Oni my\u015bl\u0105, \u017ce przez wzgl\u0105d na swe wielom\u00f3wstwo b\u0119d\u0105 wys\u0142uchani. Nie b\u0105d\u017acie podobni do nich. Albowiem wie Ojciec wasz, czego wam potrzeba, wpierw zanim Go poprosicie. <\/b><\/span><\/span><\/span><\/p>\n<p align=\"justify\"><span style=\"color: #000000;\"><span style=\"font-family: Book Antiqua, serif;\"><span style=\"font-size: large;\"><b>Wy zatem tak si\u0119 m\u00f3dlcie: <\/b><\/span><\/span><\/span><\/p>\n<p align=\"justify\"><span style=\"color: #000000;\"><span style=\"font-family: Book Antiqua, serif;\"><span style=\"font-size: large;\"><b>Ojcze nasz, kt\u00f3ry\u015b jest w niebie: \u015bwi\u0119\u0107 si\u0119 imi\u0119 Twoje, przyjd\u017a kr\u00f3lestwo Twoje, b\u0105d\u017a wola Twoja jako w niebie, tak i na ziemi. Chleba naszego powszedniego daj nam dzisiaj; i odpu\u015b\u0107 nam nasze winy, jako i my odpuszczamy naszym winowajcom; i nie dopu\u015b\u0107, aby\u015bmy ulegli pokusie, ale nas zbaw ode z\u0142ego. <\/b><\/span><\/span><\/span><\/p>\n<p align=\"justify\"><span style=\"color: #000000;\"><span style=\"font-family: Book Antiqua, serif;\"><span style=\"font-size: large;\"><b>Je\u015bli bowiem przebaczycie ludziom ich przewinienia, i wam przebaczy Ojciec wasz niebieski. Lecz je\u015bli nie przebaczycie ludziom, i Ojciec wasz nie przebaczy wam waszych przewinie\u0144\u201d.<\/b><\/span><\/span><\/span><\/p>\n<p align=\"justify\">\n<p align=\"justify\">\n<p align=\"justify\">\n<p align=\"justify\">\n<p align=\"justify\">\n<p align=\"center\"><span style=\"color: #000000;\"><span style=\"font-family: Book Antiqua, serif;\"><span style=\"font-size: large;\"><b>A <\/b><b>OTO S\u0141\u00d3WKO GABRYSIA:<\/b><\/span><\/span><\/span><\/p>\n<p align=\"center\">\n<p align=\"center\">\n<p align=\"center\">\n<p align=\"center\">\n<p align=\"center\">\n<p align=\"justify\"><span style=\"color: #000000;\"><span style=\"font-family: Book Antiqua, serif;\"><span style=\"font-size: large;\">Pierwsze czytanie w dzisiejszej liturgii s\u0142owa jest ciekawe, poniewa\u017c niejako w dos\u0142ownym rozumieniu tego, co us\u0142yszeli\u015bmy, mo\u017cna doj\u015b\u0107 do wniosku, \u017ce mimo i\u017c cz\u0142owiek ma dan\u0105 sobie przez Boga woln\u0105 wol\u0119, to S\u0142owa Pana, adresowane wprost do tego\u017c cz\u0142owieka, i tak zawsze spe\u0142ni\u0105 swoje zadanie i dopiero po jego wykonaniu wr\u00f3c\u0105 do Boga. I to nie wr\u00f3c\u0105 w postaci s\u0142\u00f3w, ale owoc\u00f3w. Owoc\u00f3w, to znaczy wszystkiego tego, co powsta\u0142o przez nasze wybory, kt\u00f3re podejmujemy, poruszani tym s\u0142owem.<\/span><\/span><\/span><\/p>\n<p align=\"justify\"><span style=\"color: #000000;\"><span style=\"font-family: Book Antiqua, serif;\"><span style=\"font-size: large;\">Moim zdaniem, jest to tak ciekawe, \u017ce plan Bo\u017cy, kt\u00f3ry zosta\u0142 dla nas przygotowany, ZAWSZE si\u0119 spe\u0142ni. Uwa\u017cam, \u017ce nie ma przed tym ucieczki \u2013 i to niewa\u017cne, jak bardzo kto\u015b jest wierz\u0105cy. Stopie\u0144 wiary w Boga nie oznacza tego, \u017ce nagle \u2013 ot, tak \u2013 B\u00f3g przestaje by\u0107 Panem i Stw\u00f3rc\u0105 wszystkich ludzi. Wracaj\u0105c do tematu, to plan Bo\u017cy zawsze si\u0119 spe\u0142ni, a wersji spe\u0142nienia Bo\u017cych plan\u00f3w my\u015bl\u0119, \u017ce jest mn\u00f3stwo \u2013 jedna b\u0105d\u017a wi\u0119cej wersji na ka\u017cdy nasz wyb\u00f3r, kt\u00f3ry podejmiemy. Tylko, niestety, nie ka\u017cdy nasz wyb\u00f3r mo\u017ce okaza\u0107 si\u0119 dobry, bo nie wszystko, w co \u201ewchodzimy\u201d, jest podpowiadane przez Boga. Mamy bowiem na swojej drodze zwodziciela, kt\u00f3ry pr\u00f3buje nam spe\u0142nianie tego Bo\u017cego planu utrudnia\u0107.<\/span><\/span><\/span><\/p>\n<p align=\"justify\"><span style=\"color: #000000;\"><span style=\"font-family: Book Antiqua, serif;\"><span style=\"font-size: large;\">Nasze \u017cycie to ci\u0105g\u0142e wybory i ich konsekwencje, wybieramy jedynie wariant spe\u0142nienia si\u0119 Bo\u017cego planu wobec nas, bo bez Boga jeste\u015bmy po prostu s\u0142abi i nieporadni, jak okr\u0119t bez \u017cagli albo rower bez \u0142a\u0144cucha. Razem z Bogiem mamy wszystko w zasi\u0119gu r\u0119ki, tylko trzeba dobrze z tego korzysta\u0107.<\/span><\/span><\/span><\/p>\n<p align=\"center\"><span style=\"color: #000000;\"><span style=\"font-family: Book Antiqua, serif;\"><span style=\"font-size: large;\"><b>********************<\/b><\/span><\/span><\/span><\/p>\n<p align=\"justify\"><span style=\"color: #000000;\"><span style=\"font-family: Book Antiqua, serif;\"><span style=\"font-size: large;\">W tym kontek\u015bcie, Ewangelia cz\u0119sto m\u00f3wi o uczynkach mi\u0142osierdzia wzgl\u0119dem drugiego cz\u0142owieka. I to te\u017c jest ciekawe, \u017ce m\u00f3wi o tych \u00abnajmniejszych\u00bb, ale temat mo\u017cemy poszerzy\u0107 o ka\u017cdego z nas. W ka\u017cdym z nas jest Chrystus i nasze uczynki wzgl\u0119dem drugiego cz\u0142owieka s\u0105 tak jakby uczynkami wzgl\u0119dem Jego samego. To tak samo, jak w rodzinie, rodzice broni\u0105 dzieci i krzywdy dziecka odczuwaj\u0105 tak, jakby ich to spotka\u0142o, lub w podobnym stopniu. To bardzo wa\u017cny temat w Wielkim Po\u015bcie.<\/span><\/span><\/span><\/p>\n<p align=\"justify\"><span style=\"color: #000000;\"><span style=\"font-family: Book Antiqua, serif;\"><span style=\"font-size: large;\">A jednym z wa\u017cniejszych uczynk\u00f3w \u2013 postaw \u2013 wobec drugiego cz\u0142owieka, o czym dzi\u015b wyra\u017anie mowa, to przebaczenie. Przebaczenie, kt\u00f3re w niekt\u00f3rych sytuacjach jest trudne, ale jak\u017ce mo\u017ce temu drugiemu cz\u0142owiekowi pom\u00f3c. Jak bowiem m\u00f3wi Pan, je\u015bli przebaczamy tym, kt\u00f3rzy nam zawinili, to i Ojciec nam przebaczy, a je\u017celi nie b\u0119dziemy w og\u00f3le ch\u0119tni do przebaczenia i tego nie uczynimy \u2013 to i Pan nam nie przebaczy. Pan odmierzy nam tak\u0105 miar\u0105, jak\u0105 my odmierzamy drugiemu cz\u0142owiekowi. <\/span><\/span><\/span><\/p>\n<p align=\"justify\"><span style=\"color: #000000;\"><span style=\"font-family: Book Antiqua, serif;\"><span style=\"font-size: large;\">Przebaczenie, moim zdaniem, jest jedn\u0105 z rzeczy, kt\u00f3re pobudzaj\u0105 w sercu t\u0119 rado\u015b\u0107, lekko\u015b\u0107 \u2013 to zar\u00f3wno w sercu osoby, kt\u00f3ra przebacza, jak i w sercu tej, kt\u00f3rej zosta\u0142o przebaczone.<\/span><\/span><\/span><\/p>\n<p align=\"justify\"><span style=\"color: #000000;\"><span style=\"font-family: Book Antiqua, serif;\"><span style=\"font-size: large;\">Duchu \u015awi\u0119ty, przyjd\u017a!<\/span><\/span><\/span><\/p>\n","protected":false},"excerpt":{"rendered":"<p>Szcz\u0119\u015b\u0107 Bo\u017ce! Moi Drodzy, w dniu dzisiejszym urodziny prze\u017cywa Micha\u0142 S\u0119torek, nale\u017c\u0105cy w swoim czasie do jednej z m\u0142odzie\u017cowych Wsp\u00f3lnot, kt\u00f3re prowadzi\u0142em. Niech Pan Mu we wszystkim b\u0142ogos\u0142awi i przez \u017cycie prowadzi! Zapewniam o modlitwie! A ja dzisiaj mam \u2013 jak co wtorek \u2013 dy\u017cur duszpasterski na Wydzia\u0142ach, mieszcz\u0105cych si\u0119 w gmachu przy ulicy Prusa, [&hellip;]<\/p>\n","protected":false},"author":1,"featured_media":0,"comment_status":"open","ping_status":"open","sticky":false,"template":"","format":"standard","meta":{"jetpack_post_was_ever_published":false,"_jetpack_newsletter_access":"","_jetpack_dont_email_post_to_subs":false,"_jetpack_newsletter_tier_id":0,"_jetpack_memberships_contains_paywalled_content":false,"_jetpack_memberships_contains_paid_content":false,"footnotes":""},"categories":[1],"tags":[],"class_list":["post-23554","post","type-post","status-publish","format-standard","hentry","category-bez-kategorii"],"yoast_head":"<!-- This site is optimized with the Yoast SEO plugin v25.1 - https:\/\/yoast.com\/wordpress\/plugins\/seo\/ -->\n<title>Je\u015bli przebaczycie... - Gaudium Et Spes<\/title>\n<meta name=\"robots\" content=\"index, follow, max-snippet:-1, max-image-preview:large, max-video-preview:-1\" \/>\n<link rel=\"canonical\" href=\"https:\/\/gaudiumetspes-blog.pl\/index.php\/2025\/03\/11\/jesli-przebaczycie\/\" \/>\n<meta property=\"og:locale\" content=\"pl_PL\" \/>\n<meta property=\"og:type\" content=\"article\" \/>\n<meta property=\"og:title\" content=\"Je\u015bli przebaczycie... - Gaudium Et Spes\" \/>\n<meta property=\"og:description\" content=\"Szcz\u0119\u015b\u0107 Bo\u017ce! Moi Drodzy, w dniu dzisiejszym urodziny prze\u017cywa Micha\u0142 S\u0119torek, nale\u017c\u0105cy w swoim czasie do jednej z m\u0142odzie\u017cowych Wsp\u00f3lnot, kt\u00f3re prowadzi\u0142em. Niech Pan Mu we wszystkim b\u0142ogos\u0142awi i przez \u017cycie prowadzi! Zapewniam o modlitwie! A ja dzisiaj mam \u2013 jak co wtorek \u2013 dy\u017cur duszpasterski na Wydzia\u0142ach, mieszcz\u0105cych si\u0119 w gmachu przy ulicy Prusa, [&hellip;]\" \/>\n<meta property=\"og:url\" content=\"https:\/\/gaudiumetspes-blog.pl\/index.php\/2025\/03\/11\/jesli-przebaczycie\/\" \/>\n<meta property=\"og:site_name\" content=\"Gaudium Et Spes\" \/>\n<meta property=\"article:published_time\" content=\"2025-03-11T07:19:35+00:00\" \/>\n<meta name=\"author\" content=\"Ks. Jacek\" \/>\n<meta name=\"twitter:card\" content=\"summary_large_image\" \/>\n<meta name=\"twitter:label1\" content=\"Napisane przez\" \/>\n\t<meta name=\"twitter:data1\" content=\"Ks. Jacek\" \/>\n\t<meta name=\"twitter:label2\" content=\"Szacowany czas czytania\" \/>\n\t<meta name=\"twitter:data2\" content=\"5 minut\" \/>\n<script type=\"application\/ld+json\" class=\"yoast-schema-graph\">{\"@context\":\"https:\/\/schema.org\",\"@graph\":[{\"@type\":\"WebPage\",\"@id\":\"https:\/\/gaudiumetspes-blog.pl\/index.php\/2025\/03\/11\/jesli-przebaczycie\/\",\"url\":\"https:\/\/gaudiumetspes-blog.pl\/index.php\/2025\/03\/11\/jesli-przebaczycie\/\",\"name\":\"Je\u015bli przebaczycie... - Gaudium Et Spes\",\"isPartOf\":{\"@id\":\"https:\/\/gaudiumetspes-blog.pl\/#website\"},\"datePublished\":\"2025-03-11T07:19:35+00:00\",\"author\":{\"@id\":\"https:\/\/gaudiumetspes-blog.pl\/#\/schema\/person\/1661982992b752dea8dff0d4ed845a65\"},\"breadcrumb\":{\"@id\":\"https:\/\/gaudiumetspes-blog.pl\/index.php\/2025\/03\/11\/jesli-przebaczycie\/#breadcrumb\"},\"inLanguage\":\"pl-PL\",\"potentialAction\":[{\"@type\":\"ReadAction\",\"target\":[\"https:\/\/gaudiumetspes-blog.pl\/index.php\/2025\/03\/11\/jesli-przebaczycie\/\"]}]},{\"@type\":\"BreadcrumbList\",\"@id\":\"https:\/\/gaudiumetspes-blog.pl\/index.php\/2025\/03\/11\/jesli-przebaczycie\/#breadcrumb\",\"itemListElement\":[{\"@type\":\"ListItem\",\"position\":1,\"name\":\"Strona g\u0142\u00f3wna\",\"item\":\"https:\/\/gaudiumetspes-blog.pl\/\"},{\"@type\":\"ListItem\",\"position\":2,\"name\":\"Je\u015bli przebaczycie&#8230;\"}]},{\"@type\":\"WebSite\",\"@id\":\"https:\/\/gaudiumetspes-blog.pl\/#website\",\"url\":\"https:\/\/gaudiumetspes-blog.pl\/\",\"name\":\"Gaudium Et Spes\",\"description\":\"Blog Ks. Jacka Ja\u015bkowskiego\",\"potentialAction\":[{\"@type\":\"SearchAction\",\"target\":{\"@type\":\"EntryPoint\",\"urlTemplate\":\"https:\/\/gaudiumetspes-blog.pl\/?s={search_term_string}\"},\"query-input\":{\"@type\":\"PropertyValueSpecification\",\"valueRequired\":true,\"valueName\":\"search_term_string\"}}],\"inLanguage\":\"pl-PL\"},{\"@type\":\"Person\",\"@id\":\"https:\/\/gaudiumetspes-blog.pl\/#\/schema\/person\/1661982992b752dea8dff0d4ed845a65\",\"name\":\"Ks. Jacek\",\"image\":{\"@type\":\"ImageObject\",\"inLanguage\":\"pl-PL\",\"@id\":\"https:\/\/gaudiumetspes-blog.pl\/#\/schema\/person\/image\/\",\"url\":\"https:\/\/gaudiumetspes-blog.pl\/wp-content\/uploads\/2019\/07\/avatar-JJ-150x150.jpg\",\"contentUrl\":\"https:\/\/gaudiumetspes-blog.pl\/wp-content\/uploads\/2019\/07\/avatar-JJ-150x150.jpg\",\"caption\":\"Ks. Jacek\"},\"description\":\"Witam serdecznie! K\u0142ania si\u0119 Ks. Jacek Ja\u015bkowski. Nie jestem ani kim\u015b wa\u017cnym, ani kim\u015b znanym. Jestem ksi\u0119dzem, kt\u00f3ry po prostu chce rozmawia\u0107. Codzienna kap\u0142a\u0144ska pos\u0142uga pokazuje mi, \u017ce temat\u00f3w do rozm\u00f3w z ksi\u0119dzem jest coraz wi\u0119cej i dzisiaj \u017caden ksi\u0105dz nie mo\u017ce od nich ucieka\u0107, ale - wprost przeciwnie - podejmowa\u0107 nowe wyzwania. To przekonanie sk\u0142oni\u0142o mnie do pr\u00f3by otwarcia tego\u017c bloga, chocia\u017c okazji do rozm\u00f3w na co dzie\u0144 - w konfesjonale i poza nim - na szcz\u0119\u015bcie nie brakuje. My\u015bl\u0119 jednak, \u017ce ten blog b\u0119dzie jeszcze jednym sposobem i przestrzeni\u0105 nawi\u0105zania kontaktu z lud\u017ami dobrej woli, otwartymi na dialog.\",\"url\":\"https:\/\/gaudiumetspes-blog.pl\/index.php\/author\/ks-jacek\/\"}]}<\/script>\n<!-- \/ Yoast SEO plugin. -->","yoast_head_json":{"title":"Je\u015bli przebaczycie... - Gaudium Et Spes","robots":{"index":"index","follow":"follow","max-snippet":"max-snippet:-1","max-image-preview":"max-image-preview:large","max-video-preview":"max-video-preview:-1"},"canonical":"https:\/\/gaudiumetspes-blog.pl\/index.php\/2025\/03\/11\/jesli-przebaczycie\/","og_locale":"pl_PL","og_type":"article","og_title":"Je\u015bli przebaczycie... - Gaudium Et Spes","og_description":"Szcz\u0119\u015b\u0107 Bo\u017ce! Moi Drodzy, w dniu dzisiejszym urodziny prze\u017cywa Micha\u0142 S\u0119torek, nale\u017c\u0105cy w swoim czasie do jednej z m\u0142odzie\u017cowych Wsp\u00f3lnot, kt\u00f3re prowadzi\u0142em. Niech Pan Mu we wszystkim b\u0142ogos\u0142awi i przez \u017cycie prowadzi! Zapewniam o modlitwie! A ja dzisiaj mam \u2013 jak co wtorek \u2013 dy\u017cur duszpasterski na Wydzia\u0142ach, mieszcz\u0105cych si\u0119 w gmachu przy ulicy Prusa, [&hellip;]","og_url":"https:\/\/gaudiumetspes-blog.pl\/index.php\/2025\/03\/11\/jesli-przebaczycie\/","og_site_name":"Gaudium Et Spes","article_published_time":"2025-03-11T07:19:35+00:00","author":"Ks. Jacek","twitter_card":"summary_large_image","twitter_misc":{"Napisane przez":"Ks. Jacek","Szacowany czas czytania":"5 minut"},"schema":{"@context":"https:\/\/schema.org","@graph":[{"@type":"WebPage","@id":"https:\/\/gaudiumetspes-blog.pl\/index.php\/2025\/03\/11\/jesli-przebaczycie\/","url":"https:\/\/gaudiumetspes-blog.pl\/index.php\/2025\/03\/11\/jesli-przebaczycie\/","name":"Je\u015bli przebaczycie... - Gaudium Et Spes","isPartOf":{"@id":"https:\/\/gaudiumetspes-blog.pl\/#website"},"datePublished":"2025-03-11T07:19:35+00:00","author":{"@id":"https:\/\/gaudiumetspes-blog.pl\/#\/schema\/person\/1661982992b752dea8dff0d4ed845a65"},"breadcrumb":{"@id":"https:\/\/gaudiumetspes-blog.pl\/index.php\/2025\/03\/11\/jesli-przebaczycie\/#breadcrumb"},"inLanguage":"pl-PL","potentialAction":[{"@type":"ReadAction","target":["https:\/\/gaudiumetspes-blog.pl\/index.php\/2025\/03\/11\/jesli-przebaczycie\/"]}]},{"@type":"BreadcrumbList","@id":"https:\/\/gaudiumetspes-blog.pl\/index.php\/2025\/03\/11\/jesli-przebaczycie\/#breadcrumb","itemListElement":[{"@type":"ListItem","position":1,"name":"Strona g\u0142\u00f3wna","item":"https:\/\/gaudiumetspes-blog.pl\/"},{"@type":"ListItem","position":2,"name":"Je\u015bli przebaczycie&#8230;"}]},{"@type":"WebSite","@id":"https:\/\/gaudiumetspes-blog.pl\/#website","url":"https:\/\/gaudiumetspes-blog.pl\/","name":"Gaudium Et Spes","description":"Blog Ks. Jacka Ja\u015bkowskiego","potentialAction":[{"@type":"SearchAction","target":{"@type":"EntryPoint","urlTemplate":"https:\/\/gaudiumetspes-blog.pl\/?s={search_term_string}"},"query-input":{"@type":"PropertyValueSpecification","valueRequired":true,"valueName":"search_term_string"}}],"inLanguage":"pl-PL"},{"@type":"Person","@id":"https:\/\/gaudiumetspes-blog.pl\/#\/schema\/person\/1661982992b752dea8dff0d4ed845a65","name":"Ks. Jacek","image":{"@type":"ImageObject","inLanguage":"pl-PL","@id":"https:\/\/gaudiumetspes-blog.pl\/#\/schema\/person\/image\/","url":"https:\/\/gaudiumetspes-blog.pl\/wp-content\/uploads\/2019\/07\/avatar-JJ-150x150.jpg","contentUrl":"https:\/\/gaudiumetspes-blog.pl\/wp-content\/uploads\/2019\/07\/avatar-JJ-150x150.jpg","caption":"Ks. Jacek"},"description":"Witam serdecznie! K\u0142ania si\u0119 Ks. Jacek Ja\u015bkowski. Nie jestem ani kim\u015b wa\u017cnym, ani kim\u015b znanym. Jestem ksi\u0119dzem, kt\u00f3ry po prostu chce rozmawia\u0107. Codzienna kap\u0142a\u0144ska pos\u0142uga pokazuje mi, \u017ce temat\u00f3w do rozm\u00f3w z ksi\u0119dzem jest coraz wi\u0119cej i dzisiaj \u017caden ksi\u0105dz nie mo\u017ce od nich ucieka\u0107, ale - wprost przeciwnie - podejmowa\u0107 nowe wyzwania. To przekonanie sk\u0142oni\u0142o mnie do pr\u00f3by otwarcia tego\u017c bloga, chocia\u017c okazji do rozm\u00f3w na co dzie\u0144 - w konfesjonale i poza nim - na szcz\u0119\u015bcie nie brakuje. My\u015bl\u0119 jednak, \u017ce ten blog b\u0119dzie jeszcze jednym sposobem i przestrzeni\u0105 nawi\u0105zania kontaktu z lud\u017ami dobrej woli, otwartymi na dialog.","url":"https:\/\/gaudiumetspes-blog.pl\/index.php\/author\/ks-jacek\/"}]}},"jetpack_featured_media_url":"","jetpack_sharing_enabled":true,"_links":{"self":[{"href":"https:\/\/gaudiumetspes-blog.pl\/index.php\/wp-json\/wp\/v2\/posts\/23554","targetHints":{"allow":["GET"]}}],"collection":[{"href":"https:\/\/gaudiumetspes-blog.pl\/index.php\/wp-json\/wp\/v2\/posts"}],"about":[{"href":"https:\/\/gaudiumetspes-blog.pl\/index.php\/wp-json\/wp\/v2\/types\/post"}],"author":[{"embeddable":true,"href":"https:\/\/gaudiumetspes-blog.pl\/index.php\/wp-json\/wp\/v2\/users\/1"}],"replies":[{"embeddable":true,"href":"https:\/\/gaudiumetspes-blog.pl\/index.php\/wp-json\/wp\/v2\/comments?post=23554"}],"version-history":[{"count":1,"href":"https:\/\/gaudiumetspes-blog.pl\/index.php\/wp-json\/wp\/v2\/posts\/23554\/revisions"}],"predecessor-version":[{"id":23555,"href":"https:\/\/gaudiumetspes-blog.pl\/index.php\/wp-json\/wp\/v2\/posts\/23554\/revisions\/23555"}],"wp:attachment":[{"href":"https:\/\/gaudiumetspes-blog.pl\/index.php\/wp-json\/wp\/v2\/media?parent=23554"}],"wp:term":[{"taxonomy":"category","embeddable":true,"href":"https:\/\/gaudiumetspes-blog.pl\/index.php\/wp-json\/wp\/v2\/categories?post=23554"},{"taxonomy":"post_tag","embeddable":true,"href":"https:\/\/gaudiumetspes-blog.pl\/index.php\/wp-json\/wp\/v2\/tags?post=23554"}],"curies":[{"name":"wp","href":"https:\/\/api.w.org\/{rel}","templated":true}]}}