{"id":23561,"date":"2025-03-14T08:06:48","date_gmt":"2025-03-14T07:06:48","guid":{"rendered":"https:\/\/gaudiumetspes-blog.pl\/?p=23561"},"modified":"2025-03-14T08:06:48","modified_gmt":"2025-03-14T07:06:48","slug":"co-bylo-a-nie-jest","status":"publish","type":"post","link":"https:\/\/gaudiumetspes-blog.pl\/index.php\/2025\/03\/14\/co-bylo-a-nie-jest\/","title":{"rendered":"Co by\u0142o, a nie jest&#8230;"},"content":{"rendered":"<p align=\"justify\"><span style=\"color: #000000;\"><span style=\"font-family: Book Antiqua, serif;\"><span style=\"font-size: large;\">Szcz\u0119\u015b\u0107 Bo\u017ce! Drodzy moi, w dniu dzisiejszym<b> urodziny prze\u017cywa Magister in\u017cynier \u0141ukasz Doma\u0144ski \u2013 Doktorant na Wydziale Rolniczym Uniwersytetu w Siedlcach. Dzi\u0119kuj\u0119 Jubilatowi za wspieranie naszego Duszpasterstwa \u2013 szczeg\u00f3lnie za przygotowywanie plakat\u00f3w z \u017cyczeniami Duszpasterstwa, albo zaproszeniami na rekolekcje i inne spotkania \u2013 oraz za \u017cyczliwo\u015b\u0107 i otwarto\u015b\u0107 serca! Niech Pan we wszystkim b\u0142ogos\u0142awi! Zapewniam o modlitwie!<\/b><\/span><\/span><\/span><\/p>\n<p align=\"justify\"><span style=\"color: #000000;\"><span style=\"font-family: Book Antiqua, serif;\"><span style=\"font-size: large;\">Ja pozdrawiam Was z Lublina, sk\u0105d przejad\u0119 \u2013 nie najkr\u00f3tsz\u0105 drog\u0105 \u2013 do Siedlec, gdzie za\u0142atwi\u0119 kilka spraw i po koniecznych przygotowaniach przejad\u0119 do Kodnia. Bo tam w\u0142a\u015bnie dzisiaj wieczorem rozpocznie si\u0119 spotkanie FORMACJI \u00abSPE SALVI\u00bb, w trakcie kt\u00f3rego nast\u0105pi podpisanie przez Wszystkich \u2013 wypracowanej po wielu tygodniach prac i ustale\u0144 \u2013 REGU\u0141Y. <\/span><\/span><\/span><\/p>\n<p align=\"justify\"><span style=\"color: #000000;\"><span style=\"font-family: Book Antiqua, serif;\"><span style=\"font-size: large;\">Dzisiaj te\u017c wieczorem odb\u0119dzie si\u0119 kolejna audycja w formacie: TY\u015a NASZ\u0104 KR\u00d3LOW\u0104, prowadzona przez Ojc\u00f3w Oblat\u00f3w z Kodnia. Pocz\u0105tek o godzinie 21:40.<\/span><\/span><\/span><\/p>\n<p align=\"justify\"><span style=\"color: #000000;\"><span style=\"font-family: Book Antiqua, serif;\"><span style=\"font-size: large;\">Co si\u0119 za\u015b tyczy audycji moich pi\u0105tkowych, to \u2013 po ostatnich rozmowach z Przedstawicielami Radia \u2013 raczej wszystko zostanie tak, jak by\u0142o. No, mo\u017ce z drobnymi korektami, na kt\u00f3re si\u0119 wst\u0119pnie zgodzi\u0142em. Ale przy pozostawieniu bez zmian g\u0142\u00f3wnego kursu, jakim nasze audycje id\u0105 ju\u017c od pi\u0119ciu lat. Co prawda, nie ma jeszcze ostatecznego potwierdzenia, ale raczej tak b\u0119dzie, jak jest.<\/span><\/span><\/span><\/p>\n<p align=\"justify\"><span style=\"color: #000000;\"><span style=\"font-family: Book Antiqua, serif;\"><span style=\"font-size: large;\">Tymczasem, zapraszam do zg\u0142\u0119bienia dzisiejszego S\u0142owa. Oto s\u0142\u00f3wko Ksi\u0119dza Marka na dzi\u015b:<\/span><\/span><\/span><\/p>\n<p align=\"justify\"><span style=\"color: #000000;\"><span style=\"font-family: Book Antiqua, serif;\"><span style=\"font-size: medium;\"><a href=\"https:\/\/www.youtube.com\/c\/CatholicSurgut\"><span style=\"font-size: large;\"><span lang=\"zxx\"><u><b>https:\/\/www.youtube.com\/c\/CatholicSurgut<\/b><\/u><\/span><\/span><\/a><\/span><\/span><\/span><\/p>\n<p align=\"justify\"><span style=\"color: #000000;\"><span style=\"font-family: Book Antiqua, serif;\"><span style=\"font-size: large;\">Zatem, <b>c<\/b><b>o Pan m\u00f3wi w nim do mnie?\u2026 <\/b>Duchu \u015awi\u0119ty,\u2026 <\/span><\/span><\/span><\/p>\n<p align=\"justify\"><span style=\"color: #000000;\"><span style=\"font-family: Book Antiqua, serif;\"><span style=\"font-size: large;\"><b>Niech Was b\u0142ogos\u0142awi B\u00f3g Wszechmog\u0105cy: Ojciec + i Syn, i Duch \u015awi\u0119ty. Amen<\/b><\/span><\/span><\/span><\/p>\n<p align=\"center\"><span style=\"color: #000000;\"><span style=\"font-family: Book Antiqua, serif;\"><span style=\"font-size: large;\">Gaudium et spes! Ks. Jacek<\/span><\/span><\/span><\/p>\n<p align=\"center\">\n<p align=\"center\">\n<p align=\"center\">\n<p align=\"center\">\n<p align=\"center\">\n<p align=\"justify\"><span style=\"color: #000000;\"><span style=\"font-family: Book Antiqua, serif;\"><span style=\"font-size: large;\"><b>Pi\u0105tek 1 Tygodnia Wielkiego Postu,<\/b><\/span><\/span><\/span><\/p>\n<p align=\"justify\"><span style=\"color: #000000;\"><span style=\"font-family: Book Antiqua, serif;\"><span style=\"font-size: large;\"><b>14 marca 2025.,\u00a0<\/b><\/span><\/span><\/span><\/p>\n<p align=\"justify\"><span style=\"color: #000000;\"><span style=\"font-family: Book Antiqua, serif;\"><span style=\"font-size: large;\"><b>do czyta\u0144: Ez 18,21\u201328; Mt 5,20\u201326<\/b><\/span><\/span><\/span><\/p>\n<p align=\"justify\">\n<p align=\"justify\">\n<p align=\"justify\">\n<p align=\"justify\">\n<p align=\"justify\">\n<p align=\"justify\"><span style=\"color: #000000;\"><span style=\"font-family: Book Antiqua, serif;\"><span style=\"font-size: large;\"><b>CZYTANIE Z KSI\u0118GI PROROKA EZECHIELA: <\/b><\/span><\/span><\/span><\/p>\n<p align=\"justify\"><span style=\"color: #000000;\"><span style=\"font-family: Book Antiqua, serif;\"><span style=\"font-size: large;\"><b>To m\u00f3wi Pan B\u00f3g: \u201eJe\u015bliby wyst\u0119pny porzuci\u0142 wszystkie swoje grzechy, kt\u00f3re pope\u0142nia\u0142, a strzeg\u0142 wszystkich moich ustaw i post\u0119powa\u0142by wed\u0142ug prawa i sprawiedliwo\u015bci, \u017cy\u0107 b\u0119dzie, a nie umrze: nie b\u0119d\u0105 mu poczytane wszystkie grzechy, jakie pope\u0142ni\u0142, lecz b\u0119dzie \u017cy\u0142 dzi\u0119ki sprawiedliwo\u015bci, z jak\u0105 post\u0119powa\u0142. Czy\u017c ma mi zale\u017ce\u0107 na \u015bmierci wyst\u0119pnego, m\u00f3wi Pan B\u00f3g, a nie raczej na tym, by si\u0119 nawr\u00f3ci\u0142 i \u017cy\u0142? <\/b><\/span><\/span><\/span><\/p>\n<p align=\"justify\"><span style=\"color: #000000;\"><span style=\"font-family: Book Antiqua, serif;\"><span style=\"font-size: large;\"><b>A gdyby sprawiedliwy odst\u0105pi\u0142 od swej sprawiedliwo\u015bci i pope\u0142nia\u0142 z\u0142o, na\u015bladuj\u0105c wszystkie obrzydliwo\u015bci, kt\u00f3rym si\u0119 oddaje wyst\u0119pny, czy taki b\u0119dzie \u017cy\u0142? \u017baden z wykonanych czyn\u00f3w sprawiedliwych nie b\u0119dzie mu poczytany, ale umrze z powodu nieprawo\u015bci, kt\u00f3rej si\u0119 dopuszcza\u0142, i grzechu, kt\u00f3ry pope\u0142ni\u0142. <\/b><\/span><\/span><\/span><\/p>\n<p align=\"justify\"><span style=\"color: #000000;\"><span style=\"font-family: Book Antiqua, serif;\"><span style=\"font-size: large;\"><b>Wy m\u00f3wicie: \u00abSpos\u00f3b post\u0119powania Pana nie jest s\u0142uszny\u00bb. S\u0142uchaj jednak\u017ce, domu Izraela: Czy m\u00f3j spos\u00f3b post\u0119powania jest nies\u0142uszny, czy raczej wasze post\u0119powanie jest przewrotne? <\/b><\/span><\/span><\/span><\/p>\n<p align=\"justify\"><span style=\"color: #000000;\"><span style=\"font-family: Book Antiqua, serif;\"><span style=\"font-size: large;\"><b>Je\u015bli sprawiedliwy odst\u0105pi\u0142 od sprawiedliwo\u015bci, dopuszcza\u0142 si\u0119 grzechu i umar\u0142, to umar\u0142 z powodu grzech\u00f3w, kt\u00f3re pope\u0142ni\u0142. A je\u015bli bezbo\u017cny odst\u0105pi od bezbo\u017cno\u015bci, kt\u00f3rej si\u0119 oddawa\u0142, i post\u0119puje wed\u0142ug prawa i sprawiedliwo\u015bci, to zachowa dusz\u0119 swoj\u0105 przy \u017cyciu. Zastanowi\u0142 si\u0119 i odst\u0105pi\u0142 od wszystkich swoich grzech\u00f3w, kt\u00f3re pope\u0142ni\u0142, i dlatego na pewno \u017cy\u0107 b\u0119dzie, a nie umrze\u201d.<\/b><\/span><\/span><\/span><\/p>\n<p align=\"justify\">\n<p align=\"justify\">\n<p align=\"justify\">\n<p align=\"justify\">\n<p align=\"justify\">\n<p align=\"justify\"><span style=\"color: #000000;\"><span style=\"font-family: Book Antiqua, serif;\"><span style=\"font-size: large;\"><b>S\u0141OWA EWANGELII WED\u0141UG \u015aWI\u0118TEGO MATEUSZA: <\/b><\/span><\/span><\/span><\/p>\n<p align=\"justify\"><span style=\"color: #000000;\"><span style=\"font-family: Book Antiqua, serif;\"><span style=\"font-size: large;\"><b>Jezus powiedzia\u0142 do swoich uczni\u00f3w: \u201eJe\u015bli wasza sprawiedliwo\u015b\u0107 nie b\u0119dzie wi\u0119ksza ni\u017c uczonych w Pi\u015bmie i faryzeusz\u00f3w, nie wejdziecie do Kr\u00f3lestwa niebieskiego. <\/b><\/span><\/span><\/span><\/p>\n<p align=\"justify\"><span style=\"color: #000000;\"><span style=\"font-family: Book Antiqua, serif;\"><span style=\"font-size: large;\"><b>S\u0142yszeli\u015bcie, \u017ce powiedziano przodkom: \u00abNie zabijaj\u00bb; a kto by si\u0119 dopu\u015bci\u0142 zab\u00f3jstwa, podlega s\u0105dowi. A Ja wam powiadam: Ka\u017cdy, kto si\u0119 gniewa na swego brata, podlega s\u0105dowi. A kto by rzek\u0142 swemu bratu: \u00abRaka\u00bb, podlega Wysokiej Radzie. A kto by mu rzek\u0142: \u00abBezbo\u017cniku\u00bb, podlega karze piek\u0142a ognistego.<\/b><\/span><\/span><\/span><\/p>\n<p align=\"justify\"><span style=\"color: #000000;\"><span style=\"font-family: Book Antiqua, serif;\"><span style=\"font-size: large;\"><b>Je\u015bli wi\u0119c przyniesiesz dar sw\u00f3j przed o\u0142tarz i tam wspomnisz, \u017ce brat tw\u00f3j ma co\u015b przeciw tobie, zostaw tam dar sw\u00f3j przed o\u0142tarzem, a najpierw id\u017a i pojednaj si\u0119 z bratem swoim. Potem przyjd\u017a i ofiaruj dar sw\u00f3j. <\/b><\/span><\/span><\/span><\/p>\n<p align=\"justify\"><span style=\"color: #000000;\"><span style=\"font-family: Book Antiqua, serif;\"><span style=\"font-size: large;\"><b>Pog\u00f3d\u017a si\u0119 ze swoim przeciwnikiem szybko, dop\u00f3ki jeste\u015b z nim w drodze, by ci\u0119 przeciwnik nie poda\u0142 s\u0119dziemu, a s\u0119dzia dozorcy, i aby nie wtr\u0105cono ci\u0119 do wi\u0119zienia. Zaprawd\u0119 powiadam ci: nie wyjdziesz stamt\u0105d, a\u017c zwr\u00f3cisz ostatni grosz\u201d.<\/b><\/span><\/span><\/span><\/p>\n<p align=\"justify\">\n<p align=\"justify\">\n<p align=\"justify\">\n<p align=\"justify\">\n<p align=\"justify\">\n<p align=\"justify\"><span style=\"color: #000000;\"><span style=\"font-family: Book Antiqua, serif;\"><span style=\"font-size: large;\">Naprawd\u0119 <b>bardzo wa\u017cne przes\u0142anie<\/b> p\u0142ynie do nas z pierwszego czytania. Bardzo wa\u017cne, bo dotyczy \u2013 i to bezpo\u015brednio \u2013 tak\u017ce nas, a nie tylko \u00f3wczesnych adresat\u00f3w wypowiedzi Proroka Ezechiela. A m\u00f3wimy <b>o ocenie post\u0119powania cz\u0142owieka<\/b> \u2013 tej ocenie ostatecznej. Dokonuje si\u0119 ona bowiem <b>wed\u0142ug Bo\u017cej logiki i wed\u0142ug Bo\u017cych kryteri\u00f3w,<\/b> a nie wed\u0142ug ludzkiego mniemania. <\/span><\/span><\/span><\/p>\n<p align=\"justify\"><span style=\"color: #000000;\"><span style=\"font-family: Book Antiqua, serif;\"><span style=\"font-size: large;\">I dlatego to B\u00f3g jasno i jednoznacznie \u2013 jak s\u0142yszymy \u2013 stwierdza: <i><b>Je\u015bliby wyst\u0119pny porzuci\u0142 wszystkie swoje grzechy, kt\u00f3re pope\u0142nia\u0142, a strzeg\u0142 wszystkich moich ustaw i post\u0119powa\u0142by wed\u0142ug prawa i sprawiedliwo\u015bci, \u017cy\u0107 b\u0119dzie, a nie umrze: nie b\u0119d\u0105 mu poczytane wszystkie grzechy, jakie pope\u0142ni\u0142, lecz b\u0119dzie \u017cy\u0142 dzi\u0119ki sprawiedliwo\u015bci, z jak\u0105 post\u0119powa\u0142. <\/b><\/i>Dlaczego tak si\u0119 dzieje? <\/span><\/span><\/span><\/p>\n<p align=\"justify\"><span style=\"color: #000000;\"><span style=\"font-family: Book Antiqua, serif;\"><span style=\"font-size: large;\">To tak\u017ce s\u0142yszymy, w dalszej wypowiedzi Boga: <i><b>Czy\u017c ma mi zale\u017ce\u0107 na \u015bmierci wyst\u0119pnego, m\u00f3wi Pan B\u00f3g, a nie raczej na tym, by si\u0119 nawr\u00f3ci\u0142 i \u017cy\u0142?<\/b><\/i><b> <\/b><\/span><\/span><\/span><\/p>\n<p align=\"justify\"><span style=\"color: #000000;\"><span style=\"font-family: Book Antiqua, serif;\"><span style=\"font-size: large;\">Niestety, ta zasada \u2013 logicznie i konsekwentnie \u2013 dzia\u0142a \u201ew drug\u0105 stron\u0119\u201d: <i><b>A gdyby sprawiedliwy odst\u0105pi\u0142 od swej sprawiedliwo\u015bci i pope\u0142nia\u0142 z\u0142o, na\u015bladuj\u0105c wszystkie<\/b><\/i><b> <\/b><i><b>obrzydliwo\u015bci, kt\u00f3rym si\u0119 oddaje wyst\u0119pny, czy taki b\u0119dzie \u017cy\u0142? \u017baden z wykonanych czyn\u00f3w sprawiedliwych nie b\u0119dzie mu poczytany, ale umrze z powodu nieprawo\u015bci, kt\u00f3rej si\u0119 dopuszcza\u0142, i grzechu, kt\u00f3ry pope\u0142ni\u0142. <\/b><\/i><\/span><\/span><\/span><\/p>\n<p align=\"justify\"><span style=\"color: #000000;\"><span style=\"font-family: Book Antiqua, serif;\"><span style=\"font-size: large;\">I tutaj zapewne wielu z nas <b>mo\u017ce si\u0119 co najmniej zdziwi\u0107<\/b> \u2013 o ile wr\u0119cz nie oburzy\u0107 \u2013 \u017ce to niesprawiedliwa zasada, \u017ce zbyt surowa, \u017ce nielogiczna. Bo przecie\u017c je\u017celi \u00f3w oceniany tu cz\u0142owiek przez ca\u0142e \u017cycie zrobi\u0142 naprawd\u0119 wiele dobra, ale pod koniec <b>co\u015b mu si\u0119 tam w g\u0142owie poprzestawia\u0142o<\/b> i zmieni\u0142 si\u0119 faktycznie na gorsze, to znaczy, \u017ce ju\u017c <b>nic z tego wcze\u015bniejszego dobra <\/b>nie b\u0119dzie mu liczone? <\/span><\/span><\/span><\/p>\n<p align=\"justify\"><span style=\"color: #000000;\"><span style=\"font-family: Book Antiqua, serif;\"><span style=\"font-size: large;\">Jak s\u0142yszymy, tak\u017ce za czas\u00f3w Proroka Ezechiela takie stanowisko Boga wywo\u0142ywa\u0142o negatywn\u0105 ocen\u0119, na co zreszt\u0105 sam B\u00f3g reaguje w s\u0142owach: <i><b>Wy m\u00f3wicie: \u00abSpos\u00f3b post\u0119powania Pana nie jest s\u0142uszny\u00bb. S\u0142uchaj jednak\u017ce, domu Izraela: Czy m\u00f3j spos\u00f3b post\u0119powania jest nies\u0142uszny, czy raczej wasze post\u0119powanie jest przewrotne? <\/b><\/i><\/span><\/span><\/span><\/p>\n<p align=\"justify\"><span style=\"color: #000000;\"><span style=\"font-family: Book Antiqua, serif;\"><span style=\"font-size: large;\">I \u201eupiera si\u0119 przy swoim\u201d, tak do tego\u017c swego stanowiska przekonuj\u0105c: <i><b>Je\u015bli sprawiedliwy odst\u0105pi\u0142 od sprawiedliwo\u015bci, dopuszcza\u0142 si\u0119 grzechu i umar\u0142, to umar\u0142 z powodu grzech\u00f3w, kt\u00f3re pope\u0142ni\u0142. A je\u015bli bezbo\u017cny odst\u0105pi od bezbo\u017cno\u015bci, kt\u00f3rej si\u0119 oddawa\u0142, i post\u0119puje wed\u0142ug prawa i sprawiedliwo\u015bci, to zachowa dusz\u0119 swoj\u0105 przy \u017cyciu. Zastanowi\u0142 si\u0119 i odst\u0105pi\u0142 od wszystkich swoich grzech\u00f3w, kt\u00f3re pope\u0142ni\u0142, i dlatego na pewno \u017cy\u0107 b\u0119dzie, a nie umrze.<\/b><\/i><\/span><\/span><\/span><\/p>\n<p align=\"justify\"><span style=\"color: #000000;\"><span style=\"font-family: Book Antiqua, serif;\"><span style=\"font-size: large;\">Czy takie stanowisko Boga wydaje si\u0119 nam logiczne? Chyba trudno odm\u00f3wi\u0107 mu racji, chocia\u017c dla nas, ludzi \u2013 je\u015bli si\u0119 uwzgl\u0119dni nasze tak ch\u0119tne uleganie r\u00f3\u017cnym s\u0142abo\u015bciom i grzechom \u2013 jest to <b>bardzo trudne do przyj\u0119cia. <\/b>Ale mo\u017ce jednak <b>mobilizuj\u0105ce<\/b> \u2013 aby stara\u0107 si\u0119 <b>trwa\u0107 w dobru<\/b> i do tego\u017c dobra ci\u0105gle powraca\u0107!<\/span><\/span><\/span><\/p>\n<p align=\"justify\"><span style=\"color: #000000;\"><span style=\"font-family: Book Antiqua, serif;\"><span style=\"font-size: large;\">Natomiast na pewno <b>trzeba nam o tej zasadzie pami\u0119ta\u0107 <\/b>\u2013 zasadzie, kt\u00f3r\u0105 najkr\u00f3cej mo\u017cna okre\u015bli\u0107 w ten oto spos\u00f3b, \u017ce <b>\u015bmier\u0107, kiedy przychodzi, \u201epiecz\u0119tuje\u201d na wieczno\u015b\u0107 taki stan duchowy cz\u0142owieka, w jakim go zastaje. <\/b>Je\u017celi zatem zastaje go na etapie b\u0105d\u017a to sta\u0142ej blisko\u015bci i jedno\u015bci z Bogiem \u2013 a m\u00f3wimy tu konkretnie<b> o stanie \u0142aski u\u015bwi\u0119caj\u0105cej \u2013<\/b> b\u0105d\u017a na etapie <b>powracania<\/b> <b>do Boga<\/b> z bezdro\u017cy grzechu, b\u0105d\u017a to wreszcie na etapie <b>szczerego<\/b> <b>poszukiwania Boga, <\/b>stawiania pyta\u0144 Bogu i o Boga, mo\u017ce nawet niejakiego buntowania si\u0119, ale z intencj\u0105 odnalezienia prawdy i Prawdy, w\u00f3wczas \u015bmier\u0107 jest <b>przej\u015bciem do szcz\u0119\u015bliwej wieczno\u015bci.<\/b> Mo\u017ce jeszcze b\u0119dzie potrzebny etap czy\u015b\u0107ca, ale to ju\u017c jest jednak droga do Nieba. <\/span><\/span><\/span><\/p>\n<p align=\"justify\"><span style=\"color: #000000;\"><span style=\"font-family: Book Antiqua, serif;\"><span style=\"font-size: large;\">Je\u017celi jednak \u015bmier\u0107 zastanie cz\u0142owieka <b>w momencie, kiedy jest on do Boga odwr\u00f3cony plecami,<\/b> albo wprost na kursie \u201eod Boga\u201d \u2013 do siebie, do \u015bwiata, dok\u0105dkolwiek \u2013 to niestety taki cz\u0142owiek <b>\u201el\u0105duje\u201d w piekle! <\/b>I trzeba nam o tym, Drodzy moi, pami\u0119ta\u0107 \u2013 i trzeba innym przypomina\u0107! A szczeg\u00f3lnie tym, kt\u00f3rzy <b>ci\u0105gle jeszcze \u201emaj\u0105 czas\u201d, <\/b>\u017ceby si\u0119 wyspowiada\u0107, \u017ceby przyj\u015b\u0107 na Msz\u0119 \u015awi\u0119t\u0105, \u017ceby przyj\u015b\u0107 na rekolekcje \u2013 po prostu: \u017ceby si\u0119 nawr\u00f3ci\u0107 do Boga! Mo\u017ce si\u0119 okaza\u0107, \u017ce tego czasu nie b\u0119dzie\u2026 <\/span><\/span><\/span><\/p>\n<p align=\"justify\"><span style=\"color: #000000;\"><span style=\"font-family: Book Antiqua, serif;\"><span style=\"font-size: large;\">I nie w tym rzecz, \u017ceby tu <b>straszy\u0107 Bo\u017cym S\u0105dem<\/b> i \u017ceby cz\u0142owiek <b>pod wp\u0142ywem tego strachu <\/b>szed\u0142 \u2013 jak na skazanie \u2013 do tej \u201enieszcz\u0119snej\u201d Spowiedzi, \u017ceby si\u0119 ju\u017c nikt wi\u0119cej do niego nie czepia\u0142. To nie w tym rzecz! Tu sprawa <b>tak naprawd\u0119 rozgrywa si\u0119 o wolno\u015b\u0107 cz\u0142owieka,<\/b> w imi\u0119 to kt\u00f3rej mo\u017ce on dokonywa\u0107 wolnych wybor\u00f3w, za kt\u00f3re jednak <b>ponosi pe\u0142n\u0105 odpowiedzialno\u015b\u0107.<\/b> Czy \u2013 widz\u0105c spraw\u0119 w ten spos\u00f3b \u2013 tak\u017ce powt\u00f3rzymy za adresatami dzisiejszego pierwszego czytania: <i><b>Spos\u00f3b post\u0119powania Pana nie jest s\u0142uszny<\/b><\/i> ?\u2026 <\/span><\/span><\/span><\/p>\n<p align=\"justify\"><span style=\"color: #000000;\"><span style=\"font-family: Book Antiqua, serif;\"><span style=\"font-size: large;\">Je\u017celi tak, to warto z uwag\u0105 ws\u0142ucha\u0107 si\u0119 w s\u0142owa Jezusa z dzisiejszej Ewangelii \u2013 s\u0142owa, jakie skierowa\u0142 On do swoich uczni\u00f3w, a wi\u0119c tak\u017ce do nas: <b>J<\/b><i><b>e\u015bli wasza sprawiedliwo\u015b\u0107 nie b\u0119dzie wi\u0119ksza ni\u017c uczonych w Pi\u015bmie i faryzeusz\u00f3w, nie wejdziecie do Kr\u00f3lestwa niebieskiego. <\/b><\/i><\/span><\/span><\/span><\/p>\n<p align=\"justify\"><span style=\"color: #000000;\"><span style=\"font-family: Book Antiqua, serif;\"><span style=\"font-size: large;\">Po czym tak to rozwija:<i> <\/i><i><b>S\u0142yszeli\u015bcie, \u017ce powiedziano przodkom: \u00abNie zabijaj\u00bb; a kto by si\u0119 dopu\u015bci\u0142 zab\u00f3jstwa, podlega s\u0105dowi. A Ja wam powiadam: Ka\u017cdy, kto si\u0119 gniewa na swego brata, podlega s\u0105dowi. A kto by rzek\u0142 swemu bratu: \u00abRaka\u00bb, podlega Wysokiej Radzie. A kto by mu rzek\u0142: \u00abBezbo\u017cniku\u00bb, podlega karze piek\u0142a ognistego. <\/b><\/i><\/span><\/span><\/span><\/p>\n<p align=\"justify\"><span style=\"color: #000000;\"><span style=\"font-family: Book Antiqua, serif;\"><span style=\"font-size: large;\">Z tego za\u015b wyp\u0142ywa bardzo logiczna konsekwencja: <i><b>Je\u015bli wi\u0119c przyniesiesz dar sw\u00f3j przed o\u0142tarz i tam wspomnisz, \u017ce brat tw\u00f3j ma co\u015b przeciw tobie, zostaw tam dar sw\u00f3j przed o\u0142tarzem, a najpierw id\u017a i pojednaj si\u0119 z bratem swoim. Potem przyjd\u017a i ofiaruj<\/b><\/i><b> <\/b><i><b>dar sw\u00f3j. <\/b><\/i><\/span><\/span><\/span><\/p>\n<p align=\"justify\"><span style=\"color: #000000;\"><span style=\"font-family: Book Antiqua, serif;\"><span style=\"font-size: large;\">Co nam to wszystko m\u00f3wi, Drodzy moi? A to, \u017ce w naszych relacjach z Bogiem <b>ma miejsce pewna dynamika. <\/b>I dlatego wa\u017cnym dla Boga jest <b>ten stan, w jakim serce <\/b><b>cz\u0142owieka <\/b><b>jest teraz.<\/b> Co by\u0142o, to by\u0142o. C\u00f3\u017c z tego, \u017ce kiedy\u015b by\u0142o dobrze i kiedy\u015b cz\u0142owiek \u00f3w by\u0142 mo\u017ce nawet bardzo blisko Boga, by\u0142 bardzo porz\u0105dny \u2013<b> je\u017celi teraz jest bardzo daleko<\/b> i nawet nie stara si\u0119 do tego\u017c Boga zwr\u00f3ci\u0107. Stare polskie porzekad\u0142o ujmuje to w s\u0142owach: <b>\u201eCo by\u0142o, a nie jest \u2013 nie pisze si\u0119 w rejestr\u201d. <\/b>W\u0142a\u015bnie! <\/span><\/span><\/span><\/p>\n<p align=\"justify\"><span style=\"color: #000000;\"><span style=\"font-family: Book Antiqua, serif;\"><span style=\"font-size: large;\">Dlatego tak wa\u017cna jest w naszym \u017cyciu owa <b>duchowa dynamika! <\/b>W sprawach wiary i naszych relacji z Bogiem \u2013 tak samo zreszt\u0105, jak i w relacjach z cz\u0142owiekiem \u2013 <b>nie ma stagnacji! <\/b>Nie ma jakiego\u015b constans \u2013 stanu sta\u0142ego! Bo nawet, je\u017celi m\u00f3wimy, <b>\u017ce kto\u015b jest sta\u0142y<\/b> w swoich pogl\u0105dach i trwa w wierze, trwa w chrze\u015bcija\u0144skiej postawie i w my\u015bleniu po Bo\u017cemu, to przecie\u017c dobrze wiemy, \u017ce <b>owa sta\u0142o\u015b\u0107 i owo trwanie \u2013 polega w\u0142a\u015bnie na na dynamice: <\/b>na sta\u0142ym, codziennym,<b> kroczeniu do Boga,<\/b> albo powracaniu do Niego. <\/span><\/span><\/span><\/p>\n<p align=\"justify\"><span style=\"color: #000000;\"><span style=\"font-family: Book Antiqua, serif;\"><span style=\"font-size: large;\">Wszak ka\u017cdego dnia \u2013 a nawet w ka\u017cdej kolejnej godzinie, a nawet w ka\u017cdej kolejnej minucie \u2013 <b>dokonujemy jakich\u015b wybor\u00f3w moralnych,<\/b> mamy jakie\u015b <b>my\u015bli, <\/b>wypowiadamy jakie\u015b <b>s\u0142owa, <\/b>dokonujemy <b>jakich\u015b czyn\u00f3w.<\/b> Przecie\u017c nie jeste\u015bmy kawa\u0142kami drewna lub \u017celaza, albo soplami lodu. Jeste\u015bmy <b>\u017cywymi, wolnymi i my\u015bl\u0105cymi lud\u017ami, <\/b>podejmuj\u0105cymi ci\u0105gle na nowo takie to a takie dzia\u0142ania, takie to a takie decyzje. A ka\u017cda z takich decyzji jest <b>albo \u201ena plus\u201d, albo \u201ena minus\u201d,<\/b> gdy idzie o nasze relacje z Bogiem. <\/span><\/span><\/span><\/p>\n<p align=\"justify\"><span style=\"color: #000000;\"><span style=\"font-family: Book Antiqua, serif;\"><span style=\"font-size: large;\">I dlatego tak wa\u017cna jest owa dynamika, tak wa\u017cny jest ten \u201ekurs na Boga\u201d. I dlatego <b>tak bardzo potrzebny jest Wielki Post,<\/b> aby\u015bmy w tym czasie mogli odpowiednio przekierowa\u0107 swoje \u017cycie \u2013 swoje my\u015blenie\u2026 <\/span><\/span><\/span><\/p>\n","protected":false},"excerpt":{"rendered":"<p>Szcz\u0119\u015b\u0107 Bo\u017ce! Drodzy moi, w dniu dzisiejszym urodziny prze\u017cywa Magister in\u017cynier \u0141ukasz Doma\u0144ski \u2013 Doktorant na Wydziale Rolniczym Uniwersytetu w Siedlcach. Dzi\u0119kuj\u0119 Jubilatowi za wspieranie naszego Duszpasterstwa \u2013 szczeg\u00f3lnie za przygotowywanie plakat\u00f3w z \u017cyczeniami Duszpasterstwa, albo zaproszeniami na rekolekcje i inne spotkania \u2013 oraz za \u017cyczliwo\u015b\u0107 i otwarto\u015b\u0107 serca! Niech Pan we wszystkim b\u0142ogos\u0142awi! Zapewniam [&hellip;]<\/p>\n","protected":false},"author":1,"featured_media":0,"comment_status":"open","ping_status":"open","sticky":false,"template":"","format":"standard","meta":{"jetpack_post_was_ever_published":false,"_jetpack_newsletter_access":"","_jetpack_dont_email_post_to_subs":false,"_jetpack_newsletter_tier_id":0,"_jetpack_memberships_contains_paywalled_content":false,"_jetpack_memberships_contains_paid_content":false,"footnotes":""},"categories":[1],"tags":[],"class_list":["post-23561","post","type-post","status-publish","format-standard","hentry","category-bez-kategorii"],"yoast_head":"<!-- This site is optimized with the Yoast SEO plugin v25.1 - https:\/\/yoast.com\/wordpress\/plugins\/seo\/ -->\n<title>Co by\u0142o, a nie jest... - Gaudium Et Spes<\/title>\n<meta name=\"robots\" content=\"index, follow, max-snippet:-1, max-image-preview:large, max-video-preview:-1\" \/>\n<link rel=\"canonical\" href=\"https:\/\/gaudiumetspes-blog.pl\/index.php\/2025\/03\/14\/co-bylo-a-nie-jest\/\" \/>\n<meta property=\"og:locale\" content=\"pl_PL\" \/>\n<meta property=\"og:type\" content=\"article\" \/>\n<meta property=\"og:title\" content=\"Co by\u0142o, a nie jest... - Gaudium Et Spes\" \/>\n<meta property=\"og:description\" content=\"Szcz\u0119\u015b\u0107 Bo\u017ce! Drodzy moi, w dniu dzisiejszym urodziny prze\u017cywa Magister in\u017cynier \u0141ukasz Doma\u0144ski \u2013 Doktorant na Wydziale Rolniczym Uniwersytetu w Siedlcach. Dzi\u0119kuj\u0119 Jubilatowi za wspieranie naszego Duszpasterstwa \u2013 szczeg\u00f3lnie za przygotowywanie plakat\u00f3w z \u017cyczeniami Duszpasterstwa, albo zaproszeniami na rekolekcje i inne spotkania \u2013 oraz za \u017cyczliwo\u015b\u0107 i otwarto\u015b\u0107 serca! Niech Pan we wszystkim b\u0142ogos\u0142awi! Zapewniam [&hellip;]\" \/>\n<meta property=\"og:url\" content=\"https:\/\/gaudiumetspes-blog.pl\/index.php\/2025\/03\/14\/co-bylo-a-nie-jest\/\" \/>\n<meta property=\"og:site_name\" content=\"Gaudium Et Spes\" \/>\n<meta property=\"article:published_time\" content=\"2025-03-14T07:06:48+00:00\" \/>\n<meta name=\"author\" content=\"Ks. Jacek\" \/>\n<meta name=\"twitter:card\" content=\"summary_large_image\" \/>\n<meta name=\"twitter:label1\" content=\"Napisane przez\" \/>\n\t<meta name=\"twitter:data1\" content=\"Ks. Jacek\" \/>\n\t<meta name=\"twitter:label2\" content=\"Szacowany czas czytania\" \/>\n\t<meta name=\"twitter:data2\" content=\"10 minut\" \/>\n<script type=\"application\/ld+json\" class=\"yoast-schema-graph\">{\"@context\":\"https:\/\/schema.org\",\"@graph\":[{\"@type\":\"WebPage\",\"@id\":\"https:\/\/gaudiumetspes-blog.pl\/index.php\/2025\/03\/14\/co-bylo-a-nie-jest\/\",\"url\":\"https:\/\/gaudiumetspes-blog.pl\/index.php\/2025\/03\/14\/co-bylo-a-nie-jest\/\",\"name\":\"Co by\u0142o, a nie jest... - Gaudium Et Spes\",\"isPartOf\":{\"@id\":\"https:\/\/gaudiumetspes-blog.pl\/#website\"},\"datePublished\":\"2025-03-14T07:06:48+00:00\",\"author\":{\"@id\":\"https:\/\/gaudiumetspes-blog.pl\/#\/schema\/person\/1661982992b752dea8dff0d4ed845a65\"},\"breadcrumb\":{\"@id\":\"https:\/\/gaudiumetspes-blog.pl\/index.php\/2025\/03\/14\/co-bylo-a-nie-jest\/#breadcrumb\"},\"inLanguage\":\"pl-PL\",\"potentialAction\":[{\"@type\":\"ReadAction\",\"target\":[\"https:\/\/gaudiumetspes-blog.pl\/index.php\/2025\/03\/14\/co-bylo-a-nie-jest\/\"]}]},{\"@type\":\"BreadcrumbList\",\"@id\":\"https:\/\/gaudiumetspes-blog.pl\/index.php\/2025\/03\/14\/co-bylo-a-nie-jest\/#breadcrumb\",\"itemListElement\":[{\"@type\":\"ListItem\",\"position\":1,\"name\":\"Strona g\u0142\u00f3wna\",\"item\":\"https:\/\/gaudiumetspes-blog.pl\/\"},{\"@type\":\"ListItem\",\"position\":2,\"name\":\"Co by\u0142o, a&nbsp;nie&nbsp;jest&#8230;\"}]},{\"@type\":\"WebSite\",\"@id\":\"https:\/\/gaudiumetspes-blog.pl\/#website\",\"url\":\"https:\/\/gaudiumetspes-blog.pl\/\",\"name\":\"Gaudium Et Spes\",\"description\":\"Blog Ks. Jacka Ja\u015bkowskiego\",\"potentialAction\":[{\"@type\":\"SearchAction\",\"target\":{\"@type\":\"EntryPoint\",\"urlTemplate\":\"https:\/\/gaudiumetspes-blog.pl\/?s={search_term_string}\"},\"query-input\":{\"@type\":\"PropertyValueSpecification\",\"valueRequired\":true,\"valueName\":\"search_term_string\"}}],\"inLanguage\":\"pl-PL\"},{\"@type\":\"Person\",\"@id\":\"https:\/\/gaudiumetspes-blog.pl\/#\/schema\/person\/1661982992b752dea8dff0d4ed845a65\",\"name\":\"Ks. Jacek\",\"image\":{\"@type\":\"ImageObject\",\"inLanguage\":\"pl-PL\",\"@id\":\"https:\/\/gaudiumetspes-blog.pl\/#\/schema\/person\/image\/\",\"url\":\"https:\/\/gaudiumetspes-blog.pl\/wp-content\/uploads\/2019\/07\/avatar-JJ-150x150.jpg\",\"contentUrl\":\"https:\/\/gaudiumetspes-blog.pl\/wp-content\/uploads\/2019\/07\/avatar-JJ-150x150.jpg\",\"caption\":\"Ks. Jacek\"},\"description\":\"Witam serdecznie! K\u0142ania si\u0119 Ks. Jacek Ja\u015bkowski. Nie jestem ani kim\u015b wa\u017cnym, ani kim\u015b znanym. Jestem ksi\u0119dzem, kt\u00f3ry po prostu chce rozmawia\u0107. Codzienna kap\u0142a\u0144ska pos\u0142uga pokazuje mi, \u017ce temat\u00f3w do rozm\u00f3w z ksi\u0119dzem jest coraz wi\u0119cej i dzisiaj \u017caden ksi\u0105dz nie mo\u017ce od nich ucieka\u0107, ale - wprost przeciwnie - podejmowa\u0107 nowe wyzwania. To przekonanie sk\u0142oni\u0142o mnie do pr\u00f3by otwarcia tego\u017c bloga, chocia\u017c okazji do rozm\u00f3w na co dzie\u0144 - w konfesjonale i poza nim - na szcz\u0119\u015bcie nie brakuje. My\u015bl\u0119 jednak, \u017ce ten blog b\u0119dzie jeszcze jednym sposobem i przestrzeni\u0105 nawi\u0105zania kontaktu z lud\u017ami dobrej woli, otwartymi na dialog.\",\"url\":\"https:\/\/gaudiumetspes-blog.pl\/index.php\/author\/ks-jacek\/\"}]}<\/script>\n<!-- \/ Yoast SEO plugin. -->","yoast_head_json":{"title":"Co by\u0142o, a nie jest... - Gaudium Et Spes","robots":{"index":"index","follow":"follow","max-snippet":"max-snippet:-1","max-image-preview":"max-image-preview:large","max-video-preview":"max-video-preview:-1"},"canonical":"https:\/\/gaudiumetspes-blog.pl\/index.php\/2025\/03\/14\/co-bylo-a-nie-jest\/","og_locale":"pl_PL","og_type":"article","og_title":"Co by\u0142o, a nie jest... - Gaudium Et Spes","og_description":"Szcz\u0119\u015b\u0107 Bo\u017ce! Drodzy moi, w dniu dzisiejszym urodziny prze\u017cywa Magister in\u017cynier \u0141ukasz Doma\u0144ski \u2013 Doktorant na Wydziale Rolniczym Uniwersytetu w Siedlcach. Dzi\u0119kuj\u0119 Jubilatowi za wspieranie naszego Duszpasterstwa \u2013 szczeg\u00f3lnie za przygotowywanie plakat\u00f3w z \u017cyczeniami Duszpasterstwa, albo zaproszeniami na rekolekcje i inne spotkania \u2013 oraz za \u017cyczliwo\u015b\u0107 i otwarto\u015b\u0107 serca! Niech Pan we wszystkim b\u0142ogos\u0142awi! Zapewniam [&hellip;]","og_url":"https:\/\/gaudiumetspes-blog.pl\/index.php\/2025\/03\/14\/co-bylo-a-nie-jest\/","og_site_name":"Gaudium Et Spes","article_published_time":"2025-03-14T07:06:48+00:00","author":"Ks. Jacek","twitter_card":"summary_large_image","twitter_misc":{"Napisane przez":"Ks. Jacek","Szacowany czas czytania":"10 minut"},"schema":{"@context":"https:\/\/schema.org","@graph":[{"@type":"WebPage","@id":"https:\/\/gaudiumetspes-blog.pl\/index.php\/2025\/03\/14\/co-bylo-a-nie-jest\/","url":"https:\/\/gaudiumetspes-blog.pl\/index.php\/2025\/03\/14\/co-bylo-a-nie-jest\/","name":"Co by\u0142o, a nie jest... - Gaudium Et Spes","isPartOf":{"@id":"https:\/\/gaudiumetspes-blog.pl\/#website"},"datePublished":"2025-03-14T07:06:48+00:00","author":{"@id":"https:\/\/gaudiumetspes-blog.pl\/#\/schema\/person\/1661982992b752dea8dff0d4ed845a65"},"breadcrumb":{"@id":"https:\/\/gaudiumetspes-blog.pl\/index.php\/2025\/03\/14\/co-bylo-a-nie-jest\/#breadcrumb"},"inLanguage":"pl-PL","potentialAction":[{"@type":"ReadAction","target":["https:\/\/gaudiumetspes-blog.pl\/index.php\/2025\/03\/14\/co-bylo-a-nie-jest\/"]}]},{"@type":"BreadcrumbList","@id":"https:\/\/gaudiumetspes-blog.pl\/index.php\/2025\/03\/14\/co-bylo-a-nie-jest\/#breadcrumb","itemListElement":[{"@type":"ListItem","position":1,"name":"Strona g\u0142\u00f3wna","item":"https:\/\/gaudiumetspes-blog.pl\/"},{"@type":"ListItem","position":2,"name":"Co by\u0142o, a&nbsp;nie&nbsp;jest&#8230;"}]},{"@type":"WebSite","@id":"https:\/\/gaudiumetspes-blog.pl\/#website","url":"https:\/\/gaudiumetspes-blog.pl\/","name":"Gaudium Et Spes","description":"Blog Ks. Jacka Ja\u015bkowskiego","potentialAction":[{"@type":"SearchAction","target":{"@type":"EntryPoint","urlTemplate":"https:\/\/gaudiumetspes-blog.pl\/?s={search_term_string}"},"query-input":{"@type":"PropertyValueSpecification","valueRequired":true,"valueName":"search_term_string"}}],"inLanguage":"pl-PL"},{"@type":"Person","@id":"https:\/\/gaudiumetspes-blog.pl\/#\/schema\/person\/1661982992b752dea8dff0d4ed845a65","name":"Ks. Jacek","image":{"@type":"ImageObject","inLanguage":"pl-PL","@id":"https:\/\/gaudiumetspes-blog.pl\/#\/schema\/person\/image\/","url":"https:\/\/gaudiumetspes-blog.pl\/wp-content\/uploads\/2019\/07\/avatar-JJ-150x150.jpg","contentUrl":"https:\/\/gaudiumetspes-blog.pl\/wp-content\/uploads\/2019\/07\/avatar-JJ-150x150.jpg","caption":"Ks. Jacek"},"description":"Witam serdecznie! K\u0142ania si\u0119 Ks. Jacek Ja\u015bkowski. Nie jestem ani kim\u015b wa\u017cnym, ani kim\u015b znanym. Jestem ksi\u0119dzem, kt\u00f3ry po prostu chce rozmawia\u0107. Codzienna kap\u0142a\u0144ska pos\u0142uga pokazuje mi, \u017ce temat\u00f3w do rozm\u00f3w z ksi\u0119dzem jest coraz wi\u0119cej i dzisiaj \u017caden ksi\u0105dz nie mo\u017ce od nich ucieka\u0107, ale - wprost przeciwnie - podejmowa\u0107 nowe wyzwania. To przekonanie sk\u0142oni\u0142o mnie do pr\u00f3by otwarcia tego\u017c bloga, chocia\u017c okazji do rozm\u00f3w na co dzie\u0144 - w konfesjonale i poza nim - na szcz\u0119\u015bcie nie brakuje. My\u015bl\u0119 jednak, \u017ce ten blog b\u0119dzie jeszcze jednym sposobem i przestrzeni\u0105 nawi\u0105zania kontaktu z lud\u017ami dobrej woli, otwartymi na dialog.","url":"https:\/\/gaudiumetspes-blog.pl\/index.php\/author\/ks-jacek\/"}]}},"jetpack_featured_media_url":"","jetpack_sharing_enabled":true,"_links":{"self":[{"href":"https:\/\/gaudiumetspes-blog.pl\/index.php\/wp-json\/wp\/v2\/posts\/23561","targetHints":{"allow":["GET"]}}],"collection":[{"href":"https:\/\/gaudiumetspes-blog.pl\/index.php\/wp-json\/wp\/v2\/posts"}],"about":[{"href":"https:\/\/gaudiumetspes-blog.pl\/index.php\/wp-json\/wp\/v2\/types\/post"}],"author":[{"embeddable":true,"href":"https:\/\/gaudiumetspes-blog.pl\/index.php\/wp-json\/wp\/v2\/users\/1"}],"replies":[{"embeddable":true,"href":"https:\/\/gaudiumetspes-blog.pl\/index.php\/wp-json\/wp\/v2\/comments?post=23561"}],"version-history":[{"count":1,"href":"https:\/\/gaudiumetspes-blog.pl\/index.php\/wp-json\/wp\/v2\/posts\/23561\/revisions"}],"predecessor-version":[{"id":23562,"href":"https:\/\/gaudiumetspes-blog.pl\/index.php\/wp-json\/wp\/v2\/posts\/23561\/revisions\/23562"}],"wp:attachment":[{"href":"https:\/\/gaudiumetspes-blog.pl\/index.php\/wp-json\/wp\/v2\/media?parent=23561"}],"wp:term":[{"taxonomy":"category","embeddable":true,"href":"https:\/\/gaudiumetspes-blog.pl\/index.php\/wp-json\/wp\/v2\/categories?post=23561"},{"taxonomy":"post_tag","embeddable":true,"href":"https:\/\/gaudiumetspes-blog.pl\/index.php\/wp-json\/wp\/v2\/tags?post=23561"}],"curies":[{"name":"wp","href":"https:\/\/api.w.org\/{rel}","templated":true}]}}