{"id":23563,"date":"2025-03-15T07:20:13","date_gmt":"2025-03-15T06:20:13","guid":{"rendered":"https:\/\/gaudiumetspes-blog.pl\/?p=23563"},"modified":"2025-03-15T07:20:13","modified_gmt":"2025-03-15T06:20:13","slug":"ze-wzajemnoscia","status":"publish","type":"post","link":"https:\/\/gaudiumetspes-blog.pl\/index.php\/2025\/03\/15\/ze-wzajemnoscia\/","title":{"rendered":"Ze wzajemno\u015bci\u0105?&#8230;"},"content":{"rendered":"<p align=\"justify\"><span style=\"color: #000000;\"><span style=\"font-family: Book Antiqua, serif;\"><span style=\"font-size: large;\">Szcz\u0119\u015b\u0107 Bo\u017ce! Drodzy moi, pozdrawiam Was z Kodnia, gdzie od wczorajszego wieczoru trwa spotkanie modlitewno \u2013 integracyjno \u2013 kulinarno \u2013 i takie tam r\u00f3\u017cne FORMACJI \u00abSPE SALVI\u00bb, czyli Grupy m\u0142odych Ludzi, zaanga\u017cowanych w r\u00f3\u017cne formy w dzia\u0142alno\u015b\u0107 liturgiczn\u0105, czyli jako Lektorzy czy jako Organista, a kt\u00f3rych pozna\u0142em przy r\u00f3\u017cnych okazjach, zw\u0142aszcza na rekolekcjach w ich Parafiach oraz na audycjach, a kt\u00f3rych w Wielki Czwartek roku ubieg\u0142ego zaprosi\u0142em na wsp\u00f3lne spotkanie. Od tamtego czasu pr\u00f3bujemy tworzy\u0107 co\u015b razem, cho\u0107 nie jest to \u0142atwe, bo Ch\u0142opaki s\u0105 z r\u00f3\u017cnych strony Diecezji. <\/span><\/span><\/span><\/p>\n<p align=\"justify\"><span style=\"color: #000000;\"><span style=\"font-family: Book Antiqua, serif;\"><span style=\"font-size: large;\">Ta inicjatywa wpisuje si\u0119 w moj\u0105 dzia\u0142alno\u015b\u0107 w Duszpasterstwie Akademickim, jako promowanie idei tego\u017c Duszpasterstwa po ca\u0142ej Diecezji, na co mam zielone \u015bwiat\u0142o Ksi\u0119dza Biskupa. <\/span><\/span><\/span><\/p>\n<p align=\"justify\"><span style=\"color: #000000;\"><span style=\"font-family: Book Antiqua, serif;\"><span style=\"font-size: large;\">By\u0142o wszystkich na pocz\u0105tku dziewi\u0119tnastu, teraz jest trzynastu. Jak dla mnie, mo\u017ce by\u0107 pi\u0119ciu \u2013 a mo\u017ce by\u0107 pi\u0119ciuset. Chcia\u0142bym, jednak, aby byli ci, kt\u00f3rym naprawd\u0119 na tym zale\u017cy, a nie ci, kt\u00f3rzy gdzie\u015b tam przypadkiem si\u0119 za\u0142apali i teraz nie za bardzo \u201ewypada\u201d im zrezygnowa\u0107. <\/span><\/span><\/span><\/p>\n<p align=\"justify\"><span style=\"color: #000000;\"><span style=\"font-family: Book Antiqua, serif;\"><span style=\"font-size: large;\">Dzisiaj zamierzamy podpisa\u0107 REGU\u0141\u0118, kt\u00f3r\u0105 wsp\u00f3lnie opracowali\u015bmy i przedyskutowali\u015bmy, bior\u0105c pod uwag\u0119 dotychczasowe do\u015bwiadczenia z funkcjonowania FORMACJI. Nieustannie powierzamy t\u0119 inicjatyw\u0119 Matce Bo\u017cej Kode\u0144skiej, kt\u00f3r\u0105 uczynili\u015bmy nasz\u0105 Patronk\u0105, a jej Sanktuarium w Kodniu \u2013 duchow\u0105 Stolic\u0105 naszej FORMACJI.<\/span><\/span><\/span><\/p>\n<p align=\"justify\"><span style=\"color: #000000;\"><span style=\"font-family: Book Antiqua, serif;\"><span style=\"font-size: large;\">Jest niejaka nadzieja, \u017ce w ci\u0105gu dnia odwiedzi nas Ksi\u0105dz Marek.<\/span><\/span><\/span><\/p>\n<p align=\"justify\"><span style=\"color: #000000;\"><span style=\"font-family: Book Antiqua, serif;\"><span style=\"font-size: large;\">A teraz ju\u017c zapraszam do pochylenia si\u0119 nad Bo\u017cym s\u0142owem dzisiejszej liturgii. Oto s\u0142\u00f3wko Ksi\u0119dza Marka na dzi\u015b:<\/span><\/span><\/span><\/p>\n<p align=\"justify\"><span style=\"color: #000000;\"><span style=\"font-family: Book Antiqua, serif;\"><span style=\"font-size: medium;\"><a href=\"https:\/\/www.youtube.com\/c\/CatholicSurgut\"><span style=\"font-size: large;\"><b>https:\/\/www.youtube.com\/c\/CatholicSurgut<\/b><\/span><\/a><\/span><\/span><\/span><\/p>\n<p align=\"justify\"><span style=\"color: #000000;\"><span style=\"font-family: Book Antiqua, serif;\"><span style=\"font-size: large;\">Poni\u017cej za\u015b \u2013 s\u0142\u00f3wko Kacpra, kt\u00f3remu serdecznie dzi\u0119kuj\u0119 za jego przygotowanie i podzielenie si\u0119 z nami, jak w ka\u017cd\u0105 sobot\u0119. Dzi\u0119ki za prosty, ale przekonuj\u0105cy przekaz \u2013 i za ten trafny przyk\u0142ad z zasad ruchu drogowego. Wszak Bo\u017ce Prawo to w\u0142a\u015bnie kodeks drogowy w naszym podr\u00f3\u017cowaniu do Nieba!<\/span><\/span><\/span><\/p>\n<p align=\"justify\"><span style=\"color: #000000;\"><span style=\"font-family: Book Antiqua, serif;\"><span style=\"font-size: large;\">Zach\u0119cam do tego, by s\u0142\u00f3wko Kacpra nie tylko przeczyta\u0107, ale i go w skupieniu pos\u0142ucha\u0107:<\/span><\/span><\/span><\/p>\n<p align=\"left\"><span style=\"color: #000000;\"><span style=\"font-family: Book Antiqua, serif;\"><span style=\"font-size: medium;\"><a href=\"https:\/\/www.youtube.com\/@kacpergrandczech\"><span style=\"font-size: large;\"><span lang=\"zxx\"><u><b>https:\/\/www.youtube.com\/@kacpergrandczech<\/b><\/u><\/span><\/span><\/a><b> <\/b><\/span><\/span><\/span><\/p>\n<p align=\"justify\"><span style=\"color: #000000;\"><span style=\"font-family: Book Antiqua, serif;\"><span style=\"font-size: large;\">Zatem, jakie jest to <b>jedno, jedyne przes\u0142anie, z jakim Pan konkretnie do mnie dzisiaj si\u0119 zwraca. <\/b>Niech Duch \u015awi\u0119ty b\u0119dzie naszym \u015bwiat\u0142em i natchnieniem!<\/span><\/span><\/span><\/p>\n<p align=\"justify\"><span style=\"color: #000000;\"><span style=\"font-family: Book Antiqua, serif;\"><span style=\"font-size: large;\"><b>Niech Was b\u0142ogos\u0142awi B\u00f3g Wszechmog\u0105cy: Ojciec + i Syn, i Duch \u015awi\u0119ty. Amen<\/b><\/span><\/span><\/span><\/p>\n<p align=\"center\"><span style=\"color: #000000;\"><span style=\"font-family: Book Antiqua, serif;\"><span style=\"font-size: large;\">Gaudium et spes! Ks. Jacek<\/span><\/span><\/span><\/p>\n<p align=\"center\">\n<p align=\"center\">\n<p align=\"center\">\n<p align=\"center\">\n<p align=\"center\">\n<p align=\"justify\"><span style=\"color: #000000;\"><span style=\"font-family: Book Antiqua, serif;\"><span style=\"font-size: large;\"><b>Sobota 1 Tygodnia Wielkiego Postu,<\/b><\/span><\/span><\/span><\/p>\n<p align=\"justify\"><span style=\"color: #000000;\"><span style=\"font-family: Book Antiqua, serif;\"><span style=\"font-size: large;\"><b>15 marca 2025.,\u00a0<\/b><\/span><\/span><\/span><\/p>\n<p align=\"justify\"><span style=\"color: #000000;\"><span style=\"font-family: Book Antiqua, serif;\"><span style=\"font-size: large;\"><b>do czyta\u0144: Pwt 26,16\u201319; Mt 5,43\u201348<\/b><\/span><\/span><\/span><\/p>\n<p align=\"justify\">\n<p align=\"justify\">\n<p align=\"justify\">\n<p align=\"justify\">\n<p align=\"justify\">\n<p align=\"justify\"><span style=\"color: #000000;\"><span style=\"font-family: Book Antiqua, serif;\"><span style=\"font-size: large;\"><b>CZYTANIE Z KSI\u0118GI POWT\u00d3RZONEGO PRAWA: <\/b><\/span><\/span><\/span><\/p>\n<p align=\"justify\"><span style=\"color: #000000;\"><span style=\"font-family: Book Antiqua, serif;\"><span style=\"font-size: large;\"><b>Moj\u017cesz powiedzia\u0142 do ludu: \u201eDzi\u015b tw\u00f3j Pan B\u00f3g rozkazuje ci wykona\u0107 te prawa i nakazy. Strze\u017c ich, pe\u0142nij z ca\u0142ego swego serca i z ca\u0142ej duszy. <\/b><\/span><\/span><\/span><\/p>\n<p align=\"justify\"><span style=\"color: #000000;\"><span style=\"font-family: Book Antiqua, serif;\"><span style=\"font-size: large;\"><b>Dzi\u015b uzyska\u0142e\u015b to, \u017ce Pan ci rzek\u0142, i\u017c b\u0119dzie dla ciebie Bogiem, o ile ty b\u0119dziesz chodzi\u0142 Jego drogami, strzeg\u0142 Jego nakaz\u00f3w, praw i rozporz\u0105dze\u0144 i s\u0142ucha\u0142 Jego g\u0142osu. <\/b><\/span><\/span><\/span><\/p>\n<p align=\"justify\"><span style=\"color: #000000;\"><span style=\"font-family: Book Antiqua, serif;\"><span style=\"font-size: large;\"><b>A Pan uzyska\u0142 to, \u017ce\u015b ty dzi\u015b obieca\u0142 by\u0107 dla Niego ludem wybranym, jak ci powiedzia\u0142, je\u015bli zachowasz Jego przykazania. On ci\u0119 wtedy wywy\u017cszy we czci, s\u0142awie i wspania\u0142o\u015bci ponad wszystkie narody, kt\u00f3re uczyni\u0142, jak sam powiedzia\u0142\u201d.<\/b><\/span><\/span><\/span><\/p>\n<p align=\"justify\">\n<p align=\"justify\">\n<p align=\"justify\">\n<p align=\"justify\">\n<p align=\"justify\">\n<p align=\"justify\"><span style=\"color: #000000;\"><span style=\"font-family: Book Antiqua, serif;\"><span style=\"font-size: large;\"><b>S\u0141OWA EWANGELII WED\u0141UG \u015aWI\u0118TEGO MATEUSZA: <\/b><\/span><\/span><\/span><\/p>\n<p align=\"justify\"><span style=\"color: #000000;\"><span style=\"font-family: Book Antiqua, serif;\"><span style=\"font-size: large;\"><b>Jezus powiedzia\u0142 do swoich uczni\u00f3w: \u201eS\u0142yszeli\u015bcie, \u017ce powiedziano: \u00abB\u0119dziesz mi\u0142owa\u0142 swego bli\u017aniego, a nieprzyjaciela swego b\u0119dziesz nienawidzi\u0142\u00bb. <\/b><\/span><\/span><\/span><\/p>\n<p align=\"justify\"><span style=\"color: #000000;\"><span style=\"font-family: Book Antiqua, serif;\"><span style=\"font-size: large;\"><b>A Ja wam powiadam: Mi\u0142ujcie waszych nieprzyjaci\u00f3\u0142 i m\u00f3dlcie si\u0119 za tych, kt\u00f3rzy was prze\u015bladuj\u0105; tak b\u0119dziecie synami Ojca waszego, kt\u00f3ry jest w niebie; poniewa\u017c On sprawia, \u017ce s\u0142o\u0144ce Jego wschodzi nad z\u0142ymi i nad dobrymi, i On zsy\u0142a deszcz na sprawiedliwych i niesprawiedliwych. <\/b><\/span><\/span><\/span><\/p>\n<p align=\"justify\"><span style=\"color: #000000;\"><span style=\"font-family: Book Antiqua, serif;\"><span style=\"font-size: large;\"><b>Je\u015bli bowiem mi\u0142ujecie tych, kt\u00f3rzy was mi\u0142uj\u0105, c\u00f3\u017c za nagrod\u0119 mie\u0107 b\u0119dziecie? Czy\u017c i celnicy tego nie czyni\u0105? I je\u015bli pozdrawiacie tylko swych braci, c\u00f3\u017c szczeg\u00f3lnego czynicie? Czy\u017c i poganie tego nie czyni\u0105? <\/b><\/span><\/span><\/span><\/p>\n<p align=\"justify\"><span style=\"color: #000000;\"><span style=\"font-family: Book Antiqua, serif;\"><span style=\"font-size: large;\"><b>B\u0105d\u017acie wi\u0119c wy doskonali, jak doskona\u0142y jest wasz Ojciec niebieski\u201d.<\/b><\/span><\/span><\/span><\/p>\n<p align=\"justify\">\n<p align=\"justify\">\n<p align=\"justify\">\n<p align=\"justify\">\n<p align=\"justify\">\n<p align=\"center\"><span style=\"color: #000000;\"><span style=\"font-family: Book Antiqua, serif;\"><span style=\"font-size: large;\"><b>A OTO S\u0141\u00d3WKO KACPRA:<\/b><\/span><\/span><\/span><\/p>\n<p align=\"center\">\n<p align=\"center\">\n<p align=\"center\">\n<p align=\"center\">\n<p align=\"center\">\n<p align=\"justify\"><span style=\"font-family: Book Antiqua, serif;\"><span style=\"font-size: large;\"><span style=\"color: #000000;\"><span lang=\"pl-PL\">Drodzy, za nami pierwszy tydzie\u0144 Wielkiego Postu. Jest to oczywi\u015bcie czas naszych wewn\u0119trznych duchowych rekolekcji. Przynajmniej tak powinno by\u0107. Cz\u0119\u015b\u0107 os\u00f3b robi sobie postanowienia, kt\u00f3re pr\u00f3buje dotrzyma\u0107. Musimy pami\u0119ta\u0107, \u017ce takie postanowienia maj\u0105 przede wszystkim nas zbli\u017cy\u0107 do Boga. <\/span><\/span><\/span><\/span><\/p>\n<p align=\"justify\"><span style=\"font-family: Book Antiqua, serif;\"><span style=\"font-size: large;\"><span style=\"color: #000000;\"><span lang=\"pl-PL\">Kiedy\u015b sam wielokrotnie odmawia\u0142em sobie s\u0142odyczy, serialu, pogrania w gry czy s\u0142uchania muzyki. Postanowienia <\/span><span lang=\"pl-PL\">te, o ile <\/span><span lang=\"pl-PL\">same w sobie by\u0142y sensowne, poniewa\u017c przyczynia\u0142y si\u0119 do poszanowania mojego zdrowia, to <\/span><span lang=\"pl-PL\">jednak jako takie<\/span><span lang=\"pl-PL\"> nie zbli\u017ca\u0142y mnie do Boga. By\u0142 to pewnego rodzaju trening dla wolnej woli. <\/span><\/span><\/span><\/span><\/p>\n<p align=\"justify\"><span style=\"font-family: Book Antiqua, serif;\"><span style=\"font-size: large;\"><span style=\"color: #000000;\"><span lang=\"pl-PL\">To jest m\u00f3j trzeci Wielki Post po nawr\u00f3ceniu, gdy zadaj\u0119 sobie pytanie \u2013 co mog\u0119 zrobi\u0107, aby ten czas zbli\u017cy\u0142 mnie do Boga? Jakie postanowienia, umartwienia spowoduj\u0105, \u017ce b\u0119d\u0119 po\u015bwi\u0119ca\u0142 wi\u0119cej czasu na t\u0105 wspania\u0142\u0105 relacj\u0119. Dlaczego o tym wspominam i jaki ma to zwi\u0105zek z dzisiejszym czytaniem oraz Ewangeli\u0105?<\/span><\/span><\/span><\/span><\/p>\n<p align=\"justify\"><span style=\"font-family: Book Antiqua, serif;\"><span style=\"font-size: large;\"><span style=\"color: #000000;\"><span lang=\"pl-PL\">Jeden z najwi\u0119kszych i najbardziej znanych prorok\u00f3w Starego Testamentu, czyli Moj\u017cesz, przekazuje Izraelitom nast\u0119puj\u0105ce s\u0142owa: <\/span><span lang=\"pl-PL\"><i><b>Dzi\u015b tw\u00f3j Pan, B\u00f3g, rozkazuje ci wykona\u0107 te prawa i nakazy. Strze\u017c ich, pe\u0142nij z ca\u0142ego swego serca i z ca\u0142ej duszy. Dzi\u015b uzyska\u0142e\u015b to, \u017ce Pan ci powiedzia\u0142, i\u017c b\u0119dzie dla ciebie Bogiem, o ile ty b\u0119dziesz chodzi\u0142 Jego drogami, strzeg\u0142 Jego nakaz\u00f3w, praw i rozporz\u0105dze\u0144 i s\u0142ucha\u0142 Jego g\u0142osu.<\/b><\/i><\/span><i> <\/i><span lang=\"pl-PL\">Dlaczego to jest tak wa\u017cne i istotne? <\/span><\/span><\/span><\/span><\/p>\n<p align=\"justify\"><span style=\"font-family: Book Antiqua, serif;\"><span style=\"font-size: large;\"><span style=\"color: #000000;\"><span lang=\"pl-PL\">Przytocz\u0119 przyk\u0142ad <\/span><span lang=\"pl-PL\">z <\/span><span lang=\"pl-PL\">zasad ruchu drogowego. Je\u017cd\u017c\u0119 samochodem, motocyklem i rocznie robi\u0119 wiele kilometr\u00f3w. Bywam za granic\u0105 i je\u017cd\u017c\u0119 po drogach <\/span><span lang=\"pl-PL\">e<\/span><span lang=\"pl-PL\">uropejskich. Niezale\u017cnie, w jakim kraju jestem, <\/span><span lang=\"pl-PL\">to widz\u0119, \u017ce wsz\u0119dzie<\/span><span lang=\"pl-PL\"> panuj\u0105 p<\/span><span lang=\"pl-PL\">odobne <\/span><span lang=\"pl-PL\">zasady ruchu drogowego, kt\u00f3re si\u0119 nie zmieniaj\u0105. Znaki, nawet je\u015bli maj\u0105 inn\u0105 szat\u0119 graficzn\u0105, oznaczaj\u0105 to samo. Zasady te s\u0105 po to, \u017ceby\u015bmy poruszaj\u0105c si\u0119 po drogach, nie stanowili zagro\u017cenia dla siebie oraz innych. Czy kto\u015b narzeka, \u017ce przy drodze stoj\u0105 znaki i co\u015b nakazuj\u0105 lub zabraniaj\u0105? Pomijaj\u0105c wyj\u0105tki, kt\u00f3re potwierdzaj\u0105 regu\u0142\u0119, to zak\u0142adam, \u017ce nie. <\/span><\/span><\/span><\/span><\/p>\n<p align=\"justify\"><span style=\"font-family: Book Antiqua, serif;\"><span style=\"font-size: large;\"><span style=\"color: #000000;\"><span lang=\"pl-PL\">Tak samo jest z zasadami i prawami, kt\u00f3re otrzymali\u015bmy od Boga. Obowi\u0105zuj\u0105 one ka\u017cdego na ca\u0142ym \u015bwiecie i s\u0105 po to, \u017ceby\u015bmy mieli \u017cycie \u2013 i to \u017cycie w obfito\u015bci. Czy mo\u017cemy si\u0119 zbuntowa\u0107 i z tego zrezygnowa\u0107? Oczywi\u015bcie, w ka\u017cdym momencie. Czy warto to zrobi\u0107? Sprawd\u017amy co m\u00f3wi sam B\u00f3g: <\/span><span lang=\"pl-PL\"><i><b>A Pan uzyska\u0142 to, \u017ce\u015b ty dzi\u015b obieca\u0142 by\u0107 dla Niego ludem wybranym, jak ci powiedzia\u0142, je\u015bli zachowasz Jego przykazania. On ci\u0119 wtedy wywy\u017cszy we czci, s\u0142awie i wspania\u0142o\u015bci ponad wszystkie narody, kt\u00f3re uczyni\u0142, jak sam powiedzia\u0142. <\/b><\/i><\/span><\/span><\/span><\/span><\/p>\n<p align=\"justify\"><span style=\"font-family: Book Antiqua, serif;\"><span style=\"font-size: large;\"><span style=\"color: #000000;\"><span lang=\"pl-PL\">Je\u015bli b\u0119dziemy przestrzegali zasad i regu\u0142, kt\u00f3re s\u0142u\u017c\u0105 <\/span><span lang=\"pl-PL\">tak naprawd\u0119 <\/span><span lang=\"pl-PL\">nam <\/span><span lang=\"pl-PL\">samym,<\/span><span lang=\"pl-PL\"> to B\u00f3g nas wywy\u017cszy, otrzymamy s\u0142aw\u0119 i cze\u015b\u0107 ponad wszystkie narody, czyli ponad wszystkich, kt\u00f3rzy si\u0119 zbuntuj\u0105 i b\u0119d\u0105 z daleka od Boga. To nie my zostali\u015bmy stworzeni dla przestrzegania regu\u0142, lecz regu\u0142y zosta\u0142y nam dane, \u017ceby\u015bmy nie zgin\u0119li.<\/span><\/span><\/span><\/span><\/p>\n<p align=\"justify\"><span style=\"font-family: Book Antiqua, serif;\"><span style=\"font-size: large;\"><span style=\"color: #000000;\"><span lang=\"pl-PL\">Stary Testament by\u0142 czasem prawa. Nowy Testament jest czasem nowego przymierza, opartego na mi\u0142o\u015bci. Ca\u0142e prawo i wszyscy prorocy s\u0105 w Jezusie, kt\u00f3ry wype\u0142ni\u0142 wszystko to, czego \u017caden cz\u0142owiek nie by\u0142by w stanie wype\u0142ni\u0107. Jezus zawiesza nam poprzeczk\u0119 wysoko, poniewa\u017c m\u00f3wi, \u017ce czasy kodeksu Hammurabiego, czyli \u201eoko za oko i z\u0105b za z\u0105b\u2019, si\u0119 sko\u0144czy\u0142y. Teraz jeste\u015bmy powo\u0142ani do b\u0142ogos\u0142awienia nie tylko tym, kt\u00f3rzy s\u0105 z nami, ale r\u00f3wnie\u017c tym, kt\u00f3rzy s\u0105 przeciwko nam. <\/span><\/span><\/span><\/span><\/p>\n<p align=\"justify\"><span style=\"font-family: Book Antiqua, serif;\"><span style=\"font-size: large;\"><span style=\"color: #000000;\"><span lang=\"pl-PL\">Nasz B\u00f3g jest oczywi\u015bcie niedo\u015bcignionym wzorem, natomiast zobaczmy na prost\u0105 zale\u017cno\u015b\u0107 przytoczon\u0105 przez Jezusa. Dop\u00f3ki \u017cyjemy na tym \u015bwiecie, mamy czas i mo\u017cliwo\u015b\u0107, aby powr\u00f3ci\u0107 do Boga. Nawet, je\u015bli odchodzimy od Boga, post\u0119pujemy wed\u0142ug naszych pragnie\u0144 i stawiamy siebie wy\u017cej, ni\u017c nasz Stw\u00f3rca, to nie odp\u0142aca nam B\u00f3g t\u0105 sam\u0105 monet\u0105. Jezus m\u00f3wi, \u017ce <\/span><span lang=\"pl-PL\"><i><b>On sprawia, \u017ce s\u0142o\u0144ce Jego wschodzi nad z\u0142ymi i nad dobrymi, i On zsy\u0142a deszcz na<\/b><\/i><\/span><i> <\/i><span lang=\"pl-PL\"><i><b>sprawiedliwych i niesprawiedliwych.<\/b><\/i><\/span><\/span><\/span><\/span><\/p>\n<p align=\"justify\"><span style=\"font-family: Book Antiqua, serif;\"><span style=\"font-size: large;\"><span style=\"color: #000000;\"><span lang=\"pl-PL\">Niestety, cz\u0119sto spotykam si\u0119 z stwierdzeniem, \u017ce kto\u015b traktuje kogo\u015b \u201eze wzajemno\u015bci\u0105\u201d. Je\u015bli ta osoba jest w porz\u0105dku, to relacja jest odpowiednia. Je\u015bli kto\u015b pope\u0142ni jaki\u015b b\u0142\u0105d albo zrobi co\u015b, co si\u0119 nie podoba, to relacja si\u0119 ko\u0144czy. Tak \u0142atwo przychodzi nam ocenianie innych os\u00f3b, os\u0105d i stawianie si\u0119 w roli s\u0119dziego i wykonawcy wyroku. Z g\u00f3ry zak\u0142adamy, \u017ce wiemy, czym kto\u015b si\u0119 kierowa\u0142, podejmuj\u0105c decyzje. Tak \u0142atwo przychodzi nam przeklinanie kogo\u015b, wyzywanie i \u017cyczenie wszystkiego, co najgorsze. Cieszymy si\u0119 tylko z tymi, kt\u00f3rzy nam dobrze \u017cycz\u0105, a \u201enaskakujemy\u201d na tych, kt\u00f3rych nie lubimy. <\/span><\/span><\/span><\/span><\/p>\n<p align=\"justify\"><span style=\"font-family: Book Antiqua, serif;\"><span style=\"font-size: large;\"><span style=\"color: #000000;\"><span lang=\"pl-PL\">Zobaczmy, co <\/span><span lang=\"pl-PL\">o tym wszystkim <\/span><span lang=\"pl-PL\">m\u00f3wi Jezus: <\/span><span lang=\"pl-PL\"><i><b>Je\u015bli bowiem mi\u0142ujecie tych, kt\u00f3rzy was mi\u0142uj\u0105, c\u00f3\u017c za nagrod\u0119 mie\u0107 b\u0119dziecie? Czy\u017c i celnicy tego nie czyni\u0105? I je\u015bli pozdrawiacie tylko swych braci, c\u00f3\u017c szczeg\u00f3lnego czynicie? Czy\u017c i poganie tego nie czyni\u0105?<\/b><\/i><\/span><i> <\/i><\/span><\/span><\/span><\/p>\n<p align=\"justify\"><span style=\"font-family: Book Antiqua, serif;\"><span style=\"font-size: large;\"><span lang=\"pl-PL\"><span style=\"color: #000000;\">Jaka w tym zas\u0142uga i jaka w tym rado\u015b\u0107, \u017ceby mie\u0107 relacje i pomaga\u0107 tylko tym, kt\u00f3rzy nam dobrze \u017cycz\u0105. Nie twierdz\u0119, \u017ce mamy udawa\u0107, \u017ce nic si\u0119 nie dzieje, je\u015bli kto\u015b nas rani. Chodzi o to, \u017ceby nikogo nie skre\u015bla\u0107 i je\u015bli jest szansa na pojednanie, to tego nie odrzuca\u0107.<\/span><\/span><\/span><\/span><\/p>\n<p align=\"justify\"><span style=\"font-family: Book Antiqua, serif;\"><span style=\"font-size: large;\"><span lang=\"pl-PL\"><span style=\"color: #000000;\">Drodzy, w ten kolejny tydzie\u0144 Wielkiego Postu zach\u0119cam, aby\u015bmy <\/span><\/span><span lang=\"pl-PL\">u<\/span><span lang=\"pl-PL\">czynili cho\u0107by jedn\u0105 ma\u0142\u0105 rzecz, kt\u00f3ra faktycznie przybli\u017cy nas do Boga. Ja na ten przyk\u0142ad, postanowi\u0142em ka\u017cdego dnia dzieli\u0107 si\u0119 Ewangeli\u0105 na swoich <\/span><\/span><\/span><span lang=\"pl-PL\">Social<\/span><span lang=\"pl-PL\"> Media. Mam nadziej\u0119, \u017ce to pomo\u017ce komu\u015b trafi\u0107 do Boga i zobaczy, \u017ce \u017cycie z Panem jest o wiele prostsze. <\/span><\/p>\n<p align=\"justify\"><span style=\"font-family: Book Antiqua, serif;\"><span style=\"font-size: large;\"><span lang=\"pl-PL\"><span style=\"color: #000000;\">Nie zamykajmy si\u0119 na bli\u017aniego i nie odrzucajmy kogo\u015b tylko dlatego, \u017ce go nie lubimy. Przytocz\u0119 wypowied\u017a samego Mistrza jako zach\u0119t\u0119 na kolejne dni tego czasu wewn\u0119trznych rekolekcji: <\/span><\/span><strong><span lang=\"pl-PL\"><i>B\u0105d\u017acie wi\u0119c wy doskonali, jak doskona\u0142y jest wasz Ojciec niebieski.<\/i><\/span><\/strong><\/span><\/span><\/p>\n","protected":false},"excerpt":{"rendered":"<p>Szcz\u0119\u015b\u0107 Bo\u017ce! Drodzy moi, pozdrawiam Was z Kodnia, gdzie od wczorajszego wieczoru trwa spotkanie modlitewno \u2013 integracyjno \u2013 kulinarno \u2013 i takie tam r\u00f3\u017cne FORMACJI \u00abSPE SALVI\u00bb, czyli Grupy m\u0142odych Ludzi, zaanga\u017cowanych w r\u00f3\u017cne formy w dzia\u0142alno\u015b\u0107 liturgiczn\u0105, czyli jako Lektorzy czy jako Organista, a kt\u00f3rych pozna\u0142em przy r\u00f3\u017cnych okazjach, zw\u0142aszcza na rekolekcjach w ich [&hellip;]<\/p>\n","protected":false},"author":1,"featured_media":0,"comment_status":"open","ping_status":"open","sticky":false,"template":"","format":"standard","meta":{"jetpack_post_was_ever_published":false,"_jetpack_newsletter_access":"","_jetpack_dont_email_post_to_subs":false,"_jetpack_newsletter_tier_id":0,"_jetpack_memberships_contains_paywalled_content":false,"_jetpack_memberships_contains_paid_content":false,"footnotes":""},"categories":[1],"tags":[],"class_list":["post-23563","post","type-post","status-publish","format-standard","hentry","category-bez-kategorii"],"yoast_head":"<!-- This site is optimized with the Yoast SEO plugin v25.1 - https:\/\/yoast.com\/wordpress\/plugins\/seo\/ -->\n<title>Ze wzajemno\u015bci\u0105?... - Gaudium Et Spes<\/title>\n<meta name=\"robots\" content=\"index, follow, max-snippet:-1, max-image-preview:large, max-video-preview:-1\" \/>\n<link rel=\"canonical\" href=\"https:\/\/gaudiumetspes-blog.pl\/index.php\/2025\/03\/15\/ze-wzajemnoscia\/\" \/>\n<meta property=\"og:locale\" content=\"pl_PL\" \/>\n<meta property=\"og:type\" content=\"article\" \/>\n<meta property=\"og:title\" content=\"Ze wzajemno\u015bci\u0105?... - Gaudium Et Spes\" \/>\n<meta property=\"og:description\" content=\"Szcz\u0119\u015b\u0107 Bo\u017ce! Drodzy moi, pozdrawiam Was z Kodnia, gdzie od wczorajszego wieczoru trwa spotkanie modlitewno \u2013 integracyjno \u2013 kulinarno \u2013 i takie tam r\u00f3\u017cne FORMACJI \u00abSPE SALVI\u00bb, czyli Grupy m\u0142odych Ludzi, zaanga\u017cowanych w r\u00f3\u017cne formy w dzia\u0142alno\u015b\u0107 liturgiczn\u0105, czyli jako Lektorzy czy jako Organista, a kt\u00f3rych pozna\u0142em przy r\u00f3\u017cnych okazjach, zw\u0142aszcza na rekolekcjach w ich [&hellip;]\" \/>\n<meta property=\"og:url\" content=\"https:\/\/gaudiumetspes-blog.pl\/index.php\/2025\/03\/15\/ze-wzajemnoscia\/\" \/>\n<meta property=\"og:site_name\" content=\"Gaudium Et Spes\" \/>\n<meta property=\"article:published_time\" content=\"2025-03-15T06:20:13+00:00\" \/>\n<meta name=\"author\" content=\"Ks. Jacek\" \/>\n<meta name=\"twitter:card\" content=\"summary_large_image\" \/>\n<meta name=\"twitter:label1\" content=\"Napisane przez\" \/>\n\t<meta name=\"twitter:data1\" content=\"Ks. Jacek\" \/>\n\t<meta name=\"twitter:label2\" content=\"Szacowany czas czytania\" \/>\n\t<meta name=\"twitter:data2\" content=\"9 minut\" \/>\n<script type=\"application\/ld+json\" class=\"yoast-schema-graph\">{\"@context\":\"https:\/\/schema.org\",\"@graph\":[{\"@type\":\"WebPage\",\"@id\":\"https:\/\/gaudiumetspes-blog.pl\/index.php\/2025\/03\/15\/ze-wzajemnoscia\/\",\"url\":\"https:\/\/gaudiumetspes-blog.pl\/index.php\/2025\/03\/15\/ze-wzajemnoscia\/\",\"name\":\"Ze wzajemno\u015bci\u0105?... - Gaudium Et Spes\",\"isPartOf\":{\"@id\":\"https:\/\/gaudiumetspes-blog.pl\/#website\"},\"datePublished\":\"2025-03-15T06:20:13+00:00\",\"author\":{\"@id\":\"https:\/\/gaudiumetspes-blog.pl\/#\/schema\/person\/1661982992b752dea8dff0d4ed845a65\"},\"breadcrumb\":{\"@id\":\"https:\/\/gaudiumetspes-blog.pl\/index.php\/2025\/03\/15\/ze-wzajemnoscia\/#breadcrumb\"},\"inLanguage\":\"pl-PL\",\"potentialAction\":[{\"@type\":\"ReadAction\",\"target\":[\"https:\/\/gaudiumetspes-blog.pl\/index.php\/2025\/03\/15\/ze-wzajemnoscia\/\"]}]},{\"@type\":\"BreadcrumbList\",\"@id\":\"https:\/\/gaudiumetspes-blog.pl\/index.php\/2025\/03\/15\/ze-wzajemnoscia\/#breadcrumb\",\"itemListElement\":[{\"@type\":\"ListItem\",\"position\":1,\"name\":\"Strona g\u0142\u00f3wna\",\"item\":\"https:\/\/gaudiumetspes-blog.pl\/\"},{\"@type\":\"ListItem\",\"position\":2,\"name\":\"Ze&nbsp;wzajemno\u015bci\u0105?&#8230;\"}]},{\"@type\":\"WebSite\",\"@id\":\"https:\/\/gaudiumetspes-blog.pl\/#website\",\"url\":\"https:\/\/gaudiumetspes-blog.pl\/\",\"name\":\"Gaudium Et Spes\",\"description\":\"Blog Ks. Jacka Ja\u015bkowskiego\",\"potentialAction\":[{\"@type\":\"SearchAction\",\"target\":{\"@type\":\"EntryPoint\",\"urlTemplate\":\"https:\/\/gaudiumetspes-blog.pl\/?s={search_term_string}\"},\"query-input\":{\"@type\":\"PropertyValueSpecification\",\"valueRequired\":true,\"valueName\":\"search_term_string\"}}],\"inLanguage\":\"pl-PL\"},{\"@type\":\"Person\",\"@id\":\"https:\/\/gaudiumetspes-blog.pl\/#\/schema\/person\/1661982992b752dea8dff0d4ed845a65\",\"name\":\"Ks. Jacek\",\"image\":{\"@type\":\"ImageObject\",\"inLanguage\":\"pl-PL\",\"@id\":\"https:\/\/gaudiumetspes-blog.pl\/#\/schema\/person\/image\/\",\"url\":\"https:\/\/gaudiumetspes-blog.pl\/wp-content\/uploads\/2019\/07\/avatar-JJ-150x150.jpg\",\"contentUrl\":\"https:\/\/gaudiumetspes-blog.pl\/wp-content\/uploads\/2019\/07\/avatar-JJ-150x150.jpg\",\"caption\":\"Ks. Jacek\"},\"description\":\"Witam serdecznie! K\u0142ania si\u0119 Ks. Jacek Ja\u015bkowski. Nie jestem ani kim\u015b wa\u017cnym, ani kim\u015b znanym. Jestem ksi\u0119dzem, kt\u00f3ry po prostu chce rozmawia\u0107. Codzienna kap\u0142a\u0144ska pos\u0142uga pokazuje mi, \u017ce temat\u00f3w do rozm\u00f3w z ksi\u0119dzem jest coraz wi\u0119cej i dzisiaj \u017caden ksi\u0105dz nie mo\u017ce od nich ucieka\u0107, ale - wprost przeciwnie - podejmowa\u0107 nowe wyzwania. To przekonanie sk\u0142oni\u0142o mnie do pr\u00f3by otwarcia tego\u017c bloga, chocia\u017c okazji do rozm\u00f3w na co dzie\u0144 - w konfesjonale i poza nim - na szcz\u0119\u015bcie nie brakuje. My\u015bl\u0119 jednak, \u017ce ten blog b\u0119dzie jeszcze jednym sposobem i przestrzeni\u0105 nawi\u0105zania kontaktu z lud\u017ami dobrej woli, otwartymi na dialog.\",\"url\":\"https:\/\/gaudiumetspes-blog.pl\/index.php\/author\/ks-jacek\/\"}]}<\/script>\n<!-- \/ Yoast SEO plugin. -->","yoast_head_json":{"title":"Ze wzajemno\u015bci\u0105?... - Gaudium Et Spes","robots":{"index":"index","follow":"follow","max-snippet":"max-snippet:-1","max-image-preview":"max-image-preview:large","max-video-preview":"max-video-preview:-1"},"canonical":"https:\/\/gaudiumetspes-blog.pl\/index.php\/2025\/03\/15\/ze-wzajemnoscia\/","og_locale":"pl_PL","og_type":"article","og_title":"Ze wzajemno\u015bci\u0105?... - Gaudium Et Spes","og_description":"Szcz\u0119\u015b\u0107 Bo\u017ce! Drodzy moi, pozdrawiam Was z Kodnia, gdzie od wczorajszego wieczoru trwa spotkanie modlitewno \u2013 integracyjno \u2013 kulinarno \u2013 i takie tam r\u00f3\u017cne FORMACJI \u00abSPE SALVI\u00bb, czyli Grupy m\u0142odych Ludzi, zaanga\u017cowanych w r\u00f3\u017cne formy w dzia\u0142alno\u015b\u0107 liturgiczn\u0105, czyli jako Lektorzy czy jako Organista, a kt\u00f3rych pozna\u0142em przy r\u00f3\u017cnych okazjach, zw\u0142aszcza na rekolekcjach w ich [&hellip;]","og_url":"https:\/\/gaudiumetspes-blog.pl\/index.php\/2025\/03\/15\/ze-wzajemnoscia\/","og_site_name":"Gaudium Et Spes","article_published_time":"2025-03-15T06:20:13+00:00","author":"Ks. Jacek","twitter_card":"summary_large_image","twitter_misc":{"Napisane przez":"Ks. Jacek","Szacowany czas czytania":"9 minut"},"schema":{"@context":"https:\/\/schema.org","@graph":[{"@type":"WebPage","@id":"https:\/\/gaudiumetspes-blog.pl\/index.php\/2025\/03\/15\/ze-wzajemnoscia\/","url":"https:\/\/gaudiumetspes-blog.pl\/index.php\/2025\/03\/15\/ze-wzajemnoscia\/","name":"Ze wzajemno\u015bci\u0105?... - Gaudium Et Spes","isPartOf":{"@id":"https:\/\/gaudiumetspes-blog.pl\/#website"},"datePublished":"2025-03-15T06:20:13+00:00","author":{"@id":"https:\/\/gaudiumetspes-blog.pl\/#\/schema\/person\/1661982992b752dea8dff0d4ed845a65"},"breadcrumb":{"@id":"https:\/\/gaudiumetspes-blog.pl\/index.php\/2025\/03\/15\/ze-wzajemnoscia\/#breadcrumb"},"inLanguage":"pl-PL","potentialAction":[{"@type":"ReadAction","target":["https:\/\/gaudiumetspes-blog.pl\/index.php\/2025\/03\/15\/ze-wzajemnoscia\/"]}]},{"@type":"BreadcrumbList","@id":"https:\/\/gaudiumetspes-blog.pl\/index.php\/2025\/03\/15\/ze-wzajemnoscia\/#breadcrumb","itemListElement":[{"@type":"ListItem","position":1,"name":"Strona g\u0142\u00f3wna","item":"https:\/\/gaudiumetspes-blog.pl\/"},{"@type":"ListItem","position":2,"name":"Ze&nbsp;wzajemno\u015bci\u0105?&#8230;"}]},{"@type":"WebSite","@id":"https:\/\/gaudiumetspes-blog.pl\/#website","url":"https:\/\/gaudiumetspes-blog.pl\/","name":"Gaudium Et Spes","description":"Blog Ks. Jacka Ja\u015bkowskiego","potentialAction":[{"@type":"SearchAction","target":{"@type":"EntryPoint","urlTemplate":"https:\/\/gaudiumetspes-blog.pl\/?s={search_term_string}"},"query-input":{"@type":"PropertyValueSpecification","valueRequired":true,"valueName":"search_term_string"}}],"inLanguage":"pl-PL"},{"@type":"Person","@id":"https:\/\/gaudiumetspes-blog.pl\/#\/schema\/person\/1661982992b752dea8dff0d4ed845a65","name":"Ks. Jacek","image":{"@type":"ImageObject","inLanguage":"pl-PL","@id":"https:\/\/gaudiumetspes-blog.pl\/#\/schema\/person\/image\/","url":"https:\/\/gaudiumetspes-blog.pl\/wp-content\/uploads\/2019\/07\/avatar-JJ-150x150.jpg","contentUrl":"https:\/\/gaudiumetspes-blog.pl\/wp-content\/uploads\/2019\/07\/avatar-JJ-150x150.jpg","caption":"Ks. Jacek"},"description":"Witam serdecznie! K\u0142ania si\u0119 Ks. Jacek Ja\u015bkowski. Nie jestem ani kim\u015b wa\u017cnym, ani kim\u015b znanym. Jestem ksi\u0119dzem, kt\u00f3ry po prostu chce rozmawia\u0107. Codzienna kap\u0142a\u0144ska pos\u0142uga pokazuje mi, \u017ce temat\u00f3w do rozm\u00f3w z ksi\u0119dzem jest coraz wi\u0119cej i dzisiaj \u017caden ksi\u0105dz nie mo\u017ce od nich ucieka\u0107, ale - wprost przeciwnie - podejmowa\u0107 nowe wyzwania. To przekonanie sk\u0142oni\u0142o mnie do pr\u00f3by otwarcia tego\u017c bloga, chocia\u017c okazji do rozm\u00f3w na co dzie\u0144 - w konfesjonale i poza nim - na szcz\u0119\u015bcie nie brakuje. My\u015bl\u0119 jednak, \u017ce ten blog b\u0119dzie jeszcze jednym sposobem i przestrzeni\u0105 nawi\u0105zania kontaktu z lud\u017ami dobrej woli, otwartymi na dialog.","url":"https:\/\/gaudiumetspes-blog.pl\/index.php\/author\/ks-jacek\/"}]}},"jetpack_featured_media_url":"","jetpack_sharing_enabled":true,"_links":{"self":[{"href":"https:\/\/gaudiumetspes-blog.pl\/index.php\/wp-json\/wp\/v2\/posts\/23563","targetHints":{"allow":["GET"]}}],"collection":[{"href":"https:\/\/gaudiumetspes-blog.pl\/index.php\/wp-json\/wp\/v2\/posts"}],"about":[{"href":"https:\/\/gaudiumetspes-blog.pl\/index.php\/wp-json\/wp\/v2\/types\/post"}],"author":[{"embeddable":true,"href":"https:\/\/gaudiumetspes-blog.pl\/index.php\/wp-json\/wp\/v2\/users\/1"}],"replies":[{"embeddable":true,"href":"https:\/\/gaudiumetspes-blog.pl\/index.php\/wp-json\/wp\/v2\/comments?post=23563"}],"version-history":[{"count":1,"href":"https:\/\/gaudiumetspes-blog.pl\/index.php\/wp-json\/wp\/v2\/posts\/23563\/revisions"}],"predecessor-version":[{"id":23564,"href":"https:\/\/gaudiumetspes-blog.pl\/index.php\/wp-json\/wp\/v2\/posts\/23563\/revisions\/23564"}],"wp:attachment":[{"href":"https:\/\/gaudiumetspes-blog.pl\/index.php\/wp-json\/wp\/v2\/media?parent=23563"}],"wp:term":[{"taxonomy":"category","embeddable":true,"href":"https:\/\/gaudiumetspes-blog.pl\/index.php\/wp-json\/wp\/v2\/categories?post=23563"},{"taxonomy":"post_tag","embeddable":true,"href":"https:\/\/gaudiumetspes-blog.pl\/index.php\/wp-json\/wp\/v2\/tags?post=23563"}],"curies":[{"name":"wp","href":"https:\/\/api.w.org\/{rel}","templated":true}]}}