{"id":23571,"date":"2025-03-18T01:34:06","date_gmt":"2025-03-18T00:34:06","guid":{"rendered":"https:\/\/gaudiumetspes-blog.pl\/?p=23571"},"modified":"2025-03-18T01:34:06","modified_gmt":"2025-03-18T00:34:06","slug":"mowia-ale-sami-nie-czynia","status":"publish","type":"post","link":"https:\/\/gaudiumetspes-blog.pl\/index.php\/2025\/03\/18\/mowia-ale-sami-nie-czynia\/","title":{"rendered":"M\u00f3wi\u0105, ale sami nie czyni\u0105!"},"content":{"rendered":"<p align=\"justify\"><span style=\"color: #000000;\"><span style=\"font-family: Book Antiqua, serif;\"><span style=\"font-size: large;\">Szcz\u0119\u015b\u0107 Bo\u017ce! Moi Drodzy, w dniu dzisiejszym <b>urodziny prze\u017cywa Siostra Joanna Andruszczyszyna, pe\u0142ni\u0105ca pos\u0142ug\u0119 zakonn\u0105 w Parafii w Surgucie, na Syberii. \u017bycz\u0119 Bo\u017cego b\u0142ogos\u0142awie\u0144stwa!<\/b><\/span><\/span><\/span><\/p>\n<p align=\"justify\"><span style=\"color: #000000;\"><span style=\"font-family: Book Antiqua, serif;\"><span style=\"font-size: large;\"><b>Wczoraj natomiast imieniny obchodzi\u0142 Ksi\u0105dz Zbigniew Knop ze Zgromadzenia Ksi\u0119\u017cy Misjonarzy \u015awi\u0119tego Wincentego a Paulo, z kt\u00f3rym znamy si\u0119 ze wsp\u00f3lnej dzia\u0142alno\u015bci w Krajowym Duszpasterstwie Niewidomych i Niedowidz\u0105cych. Niech Pan obdarza swoimi natchnieniami i potrzebnymi si\u0142ami do prowadzenia tak intensywnej dzia\u0142alno\u015bci misjonarskiej w wielu Parafiach \u2013 w kraju i poza jego granicami.<\/b><\/span><\/span><\/span><\/p>\n<p align=\"justify\"><span style=\"color: #000000;\"><span style=\"font-family: Book Antiqua, serif;\"><span style=\"font-size: large;\"><b>Oboje \u015bwi\u0119tuj\u0105cych zapewniam o modlitwie!<\/b><\/span><\/span><\/span><\/p>\n<p align=\"justify\"><span style=\"color: #000000;\"><span style=\"font-family: Book Antiqua, serif;\"><span style=\"font-size: large;\">A ja dzisiaj wyruszam \u2013 wraz z Ksi\u0119dzem Markiem \u2013 z Siedlec do Elbl\u0105ga, sk\u0105d Ksi\u0105dz Marek autobusem kursowym pojedzie do Kaliningradu. A dalej \u2013 ju\u017c samolotem \u2013 do Moskwy i do Surgutu. Zechciejmy modlitw\u0105 wspiera\u0107 ca\u0142\u0105 t\u0119 podr\u00f3\u017c!<\/span><\/span><\/span><\/p>\n<p align=\"justify\"><span style=\"color: #000000;\"><span style=\"font-size: large;\"><span style=\"font-family: Book Antiqua, serif;\">Drodzy moi, o audycji wczorajszej wspomn\u0119 jutro. <\/span><span style=\"font-family: Book Antiqua, serif;\">Tymczasem, zapraszam do pochylenia si\u0119 nad Bo\u017cym s\u0142owem dzisiejszej liturgii. <\/span><span style=\"font-family: Book Antiqua, serif;\">Oto s\u0142\u00f3wko Ksi\u0119dza Marka na dzi\u015b:<\/span><\/span><\/span><\/p>\n<p align=\"justify\"><span style=\"color: #000000;\"><span style=\"font-family: Book Antiqua, serif;\"><span style=\"font-size: medium;\"><a href=\"https:\/\/www.youtube.com\/c\/CatholicSurgut\"><span style=\"font-size: large;\"><b>https:\/\/www.youtube.com\/c\/CatholicSurgut<\/b><\/span><\/a><\/span><\/span><\/span><\/p>\n<p align=\"justify\"><span style=\"color: #000000;\"><span style=\"font-size: large;\"><span style=\"font-family: Book Antiqua, serif;\">P<\/span><span style=\"font-family: Book Antiqua, serif;\">oni\u017cej za\u015b s\u0142\u00f3wko Gabrysia, kt\u00f3remu serdecznie dzi\u0119kuj\u0119 za jego przygotowanie i podzielenie si\u0119 z nami swoim prze\u017cywaniem wiary! Niech Pan b\u0119dzie uwielbiony w tym \u015bwiadectwie!<\/span><\/span><\/span><\/p>\n<p align=\"justify\"><span style=\"color: #000000;\"><span style=\"font-size: large;\"><span style=\"font-family: Book Antiqua, serif;\">Zastan\u00f3wmy si\u0119 zatem, j<\/span><span style=\"font-family: Book Antiqua, serif;\">akie jest to<\/span> <span style=\"font-family: Book Antiqua, serif;\"><b>jedno, konkretne przes\u0142anie, z jakim Pan dzisiaj do mnie si\u0119 zwraca?<\/b><\/span> <span style=\"font-family: Book Antiqua, serif;\">Duchu \u015awi\u0119ty, pom\u00f3\u017c je o<\/span><span style=\"font-family: Book Antiqua, serif;\">dkry\u0107 \u2013 i zrealizowa\u0107 w konkrecie dzisiejszego dnia. <\/span><\/span><\/span><\/p>\n<p align=\"justify\"><span style=\"color: #000000;\"><span style=\"font-family: Book Antiqua, serif;\"><span style=\"font-size: large;\"><b>Niech Was b\u0142ogos\u0142awi B\u00f3g Wszechmog\u0105cy: Ojciec + i Syn, i Duch \u015awi\u0119ty. Amen<\/b><\/span><\/span><\/span><\/p>\n<p align=\"center\"><span style=\"color: #000000;\"><span style=\"font-size: large;\"><span style=\"font-family: Book Antiqua, serif;\">Gau<\/span><span style=\"font-family: Book Antiqua, serif;\">dium et spes! Ks. Jacek<\/span><\/span><\/span><\/p>\n<p align=\"center\">\n<p align=\"center\">\n<p align=\"center\">\n<p align=\"center\">\n<p align=\"center\">\n<p align=\"justify\"><span style=\"color: #000000;\"><span style=\"font-family: Book Antiqua, serif;\"><span style=\"font-size: large;\"><b>Wtorek 2 Tygodnia Wielkiego Postu,<\/b><\/span><\/span><\/span><\/p>\n<p align=\"justify\"><span style=\"color: #000000;\"><span style=\"font-family: Book Antiqua, serif;\"><span style=\"font-size: large;\"><b>18 marca 2025.,\u00a0<\/b><\/span><\/span><\/span><\/p>\n<p align=\"justify\"><span style=\"color: #000000;\"><span style=\"font-family: Book Antiqua, serif;\"><span style=\"font-size: large;\"><b>do czyta\u0144: Iz 1,10.16\u201320; Mt 23,1\u201312<\/b><\/span><\/span><\/span><\/p>\n<p align=\"justify\">\n<p align=\"justify\">\n<p align=\"justify\">\n<p align=\"justify\">\n<p align=\"justify\">\n<p align=\"justify\"><span style=\"color: #000000;\"><span style=\"font-family: Book Antiqua, serif;\"><span style=\"font-size: large;\"><b>CZYTANIE Z KSI\u0118GI PROROKA IZAJASZA: <\/b><\/span><\/span><\/span><\/p>\n<p align=\"justify\"><span style=\"color: #000000;\"><span style=\"font-family: Book Antiqua, serif;\"><span style=\"font-size: large;\"><b>S\u0142uchajcie s\u0142owa Pana, wodzowie sodomscy, daj pos\u0142uch prawu naszego Boga, ludu Gomory: <\/b><\/span><\/span><\/span><\/p>\n<p align=\"justify\"><span style=\"color: #000000;\">\u201e<span style=\"font-family: Book Antiqua, serif;\"><span style=\"font-size: large;\"><b>Obmyjcie si\u0119, b\u0105d\u017acie czy\u015bci. Usu\u0144cie z\u0142o uczynk\u00f3w waszych sprzed moich oczu. Przesta\u0144cie czyni\u0107 z\u0142o. Zaprawiajcie si\u0119 w dobrem. Troszczcie si\u0119 o sprawiedliwo\u015b\u0107, wspomagajcie uci\u015bnionego, oddajcie s\u0142uszno\u015b\u0107 sierocie, stawajcie w obronie wdowy. <\/b><\/span><\/span><\/span><\/p>\n<p align=\"justify\"><span style=\"color: #000000;\"><span style=\"font-family: Book Antiqua, serif;\"><span style=\"font-size: large;\"><b>Chod\u017acie i sp\u00f3r ze Mn\u0105 wied\u017acie, m\u00f3wi Pan. Cho\u0107by wasze grzechy by\u0142y jak szkar\u0142at, jak \u015bnieg wybielej\u0105; cho\u0107by czerwone by\u0142y jak purpura, stan\u0105 si\u0119 jak we\u0142na. <\/b><\/span><\/span><\/span><\/p>\n<p align=\"justify\"><span style=\"color: #000000;\"><span style=\"font-family: Book Antiqua, serif;\"><span style=\"font-size: large;\"><b>Je\u017celi b\u0119dziecie ulegli i pos\u0142uszni, d\u00f3br ziemskich b\u0119dziecie za\u017cywa\u0107. Ale je\u015bli si\u0119 zatniecie w oporze, miecz was wyt\u0119pi. Albowiem usta Pana to wyrzek\u0142y\u201d.<\/b><\/span><\/span><\/span><\/p>\n<p align=\"justify\">\n<p align=\"justify\">\n<p align=\"justify\">\n<p align=\"justify\">\n<p align=\"justify\">\n<p align=\"justify\"><span style=\"color: #000000;\"><span style=\"font-family: Book Antiqua, serif;\"><span style=\"font-size: large;\"><b>S\u0141OWA EWANGELII WED\u0141UG \u015aWI\u0118TEGO MATEUSZA: <\/b><\/span><\/span><\/span><\/p>\n<p align=\"justify\"><span style=\"color: #000000;\"><span style=\"font-family: Book Antiqua, serif;\"><span style=\"font-size: large;\"><b>Jezus przem\u00f3wi\u0142 do t\u0142um\u00f3w i do swych uczni\u00f3w tymi s\u0142owami: \u201eNa katedrze Moj\u017cesza zasiedli uczeni w Pi\u015bmie i faryzeusze. Czy\u0144cie wi\u0119c i zachowujcie wszystko, co wam polec\u0105, lecz uczynk\u00f3w ich nie na\u015bladujcie. M\u00f3wi\u0105 bowiem, ale sami nie czyni\u0105. Wi\u0105\u017c\u0105 ci\u0119\u017cary wielkie i nie do uniesienia i k\u0142ad\u0105 je ludziom na ramiona, lecz sami palcem ruszy\u0107 ich nie chc\u0105. <\/b><\/span><\/span><\/span><\/p>\n<p align=\"justify\"><span style=\"color: #000000;\"><span style=\"font-family: Book Antiqua, serif;\"><span style=\"font-size: large;\"><b>Wszystkie swe uczynki spe\u0142niaj\u0105 w tym celu, \u017ceby si\u0119 ludziom pokaza\u0107. Rozszerzaj\u0105 swoje filakterie i wyd\u0142u\u017caj\u0105 fr\u0119dzle u p\u0142aszcz\u00f3w. Lubi\u0105 zaszczytne miejsce na ucztach i pierwsze krzes\u0142a w synagogach. Chc\u0105, by ich pozdrawiano na rynkach i \u017ceby ludzie nazywali ich Rabbi. <\/b><\/span><\/span><\/span><\/p>\n<p align=\"justify\"><span style=\"color: #000000;\"><span style=\"font-family: Book Antiqua, serif;\"><span style=\"font-size: large;\"><b>Wy za\u015b nie pozwalajcie nazywa\u0107 si\u0119 Rabbi, albowiem jeden jest wasz Nauczyciel, a wy wszyscy bra\u0107mi jeste\u015bcie. Nikogo te\u017c na ziemi nie nazywajcie waszym ojcem; jeden bowiem jest Ojciec wasz, Ten, kt\u00f3ry jest w niebie. Nie chciejcie r\u00f3wnie\u017c, \u017ceby was nazywano mistrzami, bo tylko jeden jest wasz Mistrz, Chrystus. <\/b><\/span><\/span><\/span><\/p>\n<p align=\"justify\"><span style=\"color: #000000;\"><span style=\"font-family: Book Antiqua, serif;\"><span style=\"font-size: large;\"><b>Najwi\u0119kszy z was niech b\u0119dzie waszym s\u0142ug\u0105. Kto si\u0119 wywy\u017csza, b\u0119dzie poni\u017cony, a kto si\u0119 poni\u017ca, b\u0119dzie wywy\u017cszony\u201d.<\/b><\/span><\/span><\/span><\/p>\n<p align=\"justify\">\n<p align=\"justify\">\n<p align=\"justify\">\n<p align=\"justify\">\n<p align=\"justify\">\n<p align=\"center\"><span style=\"color: #000000;\"><span style=\"font-family: Book Antiqua, serif;\"><span style=\"font-size: large;\"><b>A OTO S\u0141\u00d3WKO GABRYSIA:<\/b><\/span><\/span><\/span><\/p>\n<p align=\"center\">\n<p align=\"center\">\n<p align=\"center\">\n<p align=\"center\">\n<p align=\"center\">\n<p align=\"justify\"><span style=\"color: #000000;\"><span style=\"font-family: Book Antiqua, serif;\"><span style=\"font-size: large;\">Pierwsze czytanie, jak i ewangelia, m\u00f3wi nam o w\u0142a\u015bciwych uczynkach i nale\u017cytym post\u0119powaniu, jakie powinno nas, chrze\u015bcijan, charakteryzowa\u0107. Skupmy si\u0119 na pocz\u0105tku na pierwszym czytaniu. <\/span><\/span><\/span><\/p>\n<p align=\"justify\"><span style=\"color: #000000;\"><span style=\"font-family: Book Antiqua, serif;\"><span style=\"font-size: large;\">Akurat tutaj te s\u0142owa s\u0105 adresowane do lud\u00f3w Sodomy i Gomory, ale r\u00f3wnie\u017c i do ka\u017cdego cz\u0142owieka dzisiejszych czas\u00f3w. S\u0142uchanie s\u0142owa Pa\u0144skiego i przestrzeganie Bo\u017cych Praw s\u0105 wa\u017cnymi elementami na drodze do zbawienia, a w\u0142a\u015bciwie jednymi z najwa\u017cniejszych. Dlaczego? Mianowicie dlatego, \u017ce bez tego jakby zapieramy si\u0119 Boga samego! Oczywi\u015bcie, nie mam na my\u015bli tutaj, \u017ce ka\u017cdy, kto si\u0119 potknie i zdarzy si\u0119 mu z\u0142ama\u0107 Bo\u017ce prawo \u2013 od razu b\u0119dzie \u201esma\u017cy\u0142 si\u0119 w piekle\u201d, tak to nie dzia\u0142a. Chodzi o ca\u0142kowite odrzucenie i zaparcie si\u0119 s\u0142owa Pana i Jego praw, kt\u00f3re \u2013 zgodnie z zapowiedzi\u0105: <i><b>Ale je\u015bli si\u0119 zatniecie w oporze, miecz was wyt\u0119<\/b><\/i><i><b>pi<\/b><\/i><i><b>. Albowiem usta Pa\u0144skie to wyrzek\u0142y.<\/b><\/i><\/span><\/span><\/span><\/p>\n<p align=\"justify\"><span style=\"color: #000000;\"><span style=\"font-family: Book Antiqua, serif;\"><span style=\"font-size: large;\">Ca\u0142kowite odej\u015bcie, zaparcie si\u0119 Pana naszego Jezusa Chrystusa, jakby likwiduje wszelkie blokady dla z\u0142ego. Wygl\u0105da to mniej wi\u0119cej tak, jakby\u015bmy otworzyli wszystkie drzwi na o\u015bcie\u017c przed z\u0142odziejem, zaprosili go do \u015brodka i pozwolili si\u0119 okra\u015b\u0107. Tylko ten akurat z\u0142odziej nie zabierze nam \u017cadnych kosztowno\u015bci, tylko obraz Boga sprzed oczu, zwodz\u0105c nas i kusz\u0105c, namawiaj\u0105c do z\u0142ego. Bez tarczy i ca\u0142ej Bo\u017cej zbroi, jak\u0105 daje nam wiara, my\u015bl\u0119, \u017ce ci\u0119\u017cko jest si\u0119 broni\u0107 przed atakami z\u0142ego. A ten przeciwnik uderza subtelnie, tak \u017ceby cz\u0142owiek nie rozezna\u0142, \u017ce staje si\u0119 zniewalany w z\u0142ym post\u0119powaniu.<\/span><\/span><\/span><\/p>\n<p align=\"justify\"><span style=\"color: #000000;\"><span style=\"font-family: Book Antiqua, serif;\"><span style=\"font-size: large;\">A Pan, jak kochaj\u0105cy Ojciec m\u00f3wi, \u017ce ka\u017cde nasze grzechy wybielaj\u0105, nie b\u0119d\u0105 czerwone, a bia\u0142e \u2013 co znaczy, \u017ce dost\u0105pimy oczyszczenia ze wszystkich grzech\u00f3w. S\u0142owa wielkiego podziwu dla Bo\u017cej mi\u0142o\u015bci do cz\u0142owieka. Jednak co jest do tego oczyszczenia potrzebne? Jeden zdecydowany ruch, odrzucenie wszelkiego przywi\u0105zania do grzechu (wi\u0105\u017ce si\u0119 z tym spowied\u017a itd. ) jednak wszystko to jest w tym jednym zdecydowanym kroku! Kt\u00f3ry nie jest zwykle prosty\u2026<\/span><\/span><\/span><\/p>\n<p align=\"justify\"><span style=\"color: #000000;\"><span style=\"font-family: Book Antiqua, serif;\"><span style=\"font-size: large;\">Korzystajmy z \u0142aski Bo\u017cej, z mo\u017cliwo\u015bci zbli\u017cania si\u0119 do Niego i pojednania z Nim! Jest to pi\u0119kny czyn, a jak\u017ce pomocny dla naszych dusz.<\/span><\/span><\/span><\/p>\n<p align=\"center\"><span style=\"color: #000000;\"><span style=\"font-family: Book Antiqua, serif;\"><span style=\"font-size: large;\"><b>*************************<\/b><\/span><\/span><\/span><\/p>\n<p align=\"justify\"><span style=\"color: #000000;\"><span style=\"font-family: Book Antiqua, serif;\"><span style=\"font-size: large;\">Ewangelia natomiast przedstawia smutny, lecz prawdziwy obraz \u2013 obraz zachowania faryzeusz\u00f3w. Daje te\u017c wa\u017cn\u0105 wskaz\u00f3wk\u0119, aby nic nie robi\u0107 na pokaz \u2013 jedynie po to, by si\u0119 tylko ludziom pokaza\u0107 \u2013 m\u00f3wi\u0105c przy tym wielkie s\u0142owa, podczas gdy czyny s\u0105 nieadekwatne do s\u0142\u00f3w.<\/span><\/span><\/span><\/p>\n<p align=\"justify\"><span style=\"color: #000000;\"><span style=\"font-family: Book Antiqua, serif;\"><span style=\"font-size: large;\"><i><b>Najwi\u0119kszy z was niech b\u0119dzie waszym s\u0142ug\u0105. Kto si\u0119 wywy\u017csza, b\u0119dzie poni\u017cony, a kto si\u0119 poni\u017ca, b\u0119dzie wywy\u017cszony.<\/b><\/i> Pi\u0119knie zosta\u0142o to napisane. Zobaczymy, je\u017celi mamy kr\u00f3la, kt\u00f3ry w og\u00f3le nie s\u0142ucha g\u0142osu ludu, jest g\u0142uchy na wo\u0142ania, na pro\u015bby itp. to w ich opiniach b\u0119dzie sta\u0142 bardzo nisko, jego reputacja znacz\u0105co spadnie itd. A je\u017celi kr\u00f3l \u00f3w b\u0119dzie dla ludu oddany i nie b\u0119dzie g\u0142uchy na jego wo\u0142ania, wtedy stanie si\u0119 tym \u201enajwi\u0119kszym\u201d. A je\u017celi nie, czyli je\u017celi b\u0119dziemy mieli do czynienia z sytuacj\u0105 przed chwil\u0105 opisan\u0105, to mimo piastowanego urz\u0119du taki kr\u00f3l b\u0119dzie najmniejszy. <\/span><\/span><\/span><\/p>\n<p align=\"justify\"><span style=\"color: #000000;\"><span style=\"font-family: Book Antiqua, serif;\"><span style=\"font-size: large;\">To, co czynimy drugiemu cz\u0142owiekowi, jest traktowane tak, jakby\u015bmy to Bogu samemu robili. Dlatego \u201es\u0142u\u017cenie\u201d drugiemu cz\u0142owiekowi jest \u201es\u0142u\u017ceniem\u201d Bogu samemu! Co czyni nas wi\u0119kszymi, coraz wi\u0119kszymi duchowo, bo przez uczynki nasza wiara nie jest jest ju\u017c wiar\u0105 jedynie deklarowan\u0105, czyli tak naprawd\u0119 martw\u0105!<\/span><\/span><\/span><\/p>\n<p align=\"justify\"><span style=\"color: #000000;\"><span style=\"font-family: Book Antiqua, serif;\"><span style=\"font-size: large;\">Uczeni w Pi\u015bmie g\u0142osili s\u0142owo i Bo\u017ce prawo. Pi\u0119kne powo\u0142anie, cel jeszcze pi\u0119kniejszy \u2013 zbawienie bli\u017anich. To prawda. Czy jednak potwierdzali to czynami?\u2026 <\/span><\/span><\/span><\/p>\n<p align=\"justify\"><span style=\"color: #000000;\"><span style=\"font-family: Book Antiqua, serif;\"><span style=\"font-size: large;\">Dobrze jest sta\u0107 po stronie prawa i s\u0142owa Bo\u017cego. Trwajmy w czysto\u015bci serca! Nie ulegajmy z\u0142ym podszeptom!<\/span><\/span><\/span><\/p>\n<p align=\"justify\"><span style=\"color: #000000;\"><span style=\"font-family: Book Antiqua, serif;\"><span style=\"font-size: large;\">Niech Duch \u015awi\u0119ty nas prowadzi! Amen!<\/span><\/span><\/span><\/p>\n","protected":false},"excerpt":{"rendered":"<p>Szcz\u0119\u015b\u0107 Bo\u017ce! Moi Drodzy, w dniu dzisiejszym urodziny prze\u017cywa Siostra Joanna Andruszczyszyna, pe\u0142ni\u0105ca pos\u0142ug\u0119 zakonn\u0105 w Parafii w Surgucie, na Syberii. \u017bycz\u0119 Bo\u017cego b\u0142ogos\u0142awie\u0144stwa! Wczoraj natomiast imieniny obchodzi\u0142 Ksi\u0105dz Zbigniew Knop ze Zgromadzenia Ksi\u0119\u017cy Misjonarzy \u015awi\u0119tego Wincentego a Paulo, z kt\u00f3rym znamy si\u0119 ze wsp\u00f3lnej dzia\u0142alno\u015bci w Krajowym Duszpasterstwie Niewidomych i Niedowidz\u0105cych. Niech Pan obdarza [&hellip;]<\/p>\n","protected":false},"author":1,"featured_media":0,"comment_status":"open","ping_status":"open","sticky":false,"template":"","format":"standard","meta":{"jetpack_post_was_ever_published":false,"_jetpack_newsletter_access":"","_jetpack_dont_email_post_to_subs":false,"_jetpack_newsletter_tier_id":0,"_jetpack_memberships_contains_paywalled_content":false,"_jetpack_memberships_contains_paid_content":false,"footnotes":""},"categories":[1],"tags":[],"class_list":["post-23571","post","type-post","status-publish","format-standard","hentry","category-bez-kategorii"],"yoast_head":"<!-- This site is optimized with the Yoast SEO plugin v25.1 - https:\/\/yoast.com\/wordpress\/plugins\/seo\/ -->\n<title>M\u00f3wi\u0105, ale sami nie czyni\u0105! - Gaudium Et Spes<\/title>\n<meta name=\"robots\" content=\"index, follow, max-snippet:-1, max-image-preview:large, max-video-preview:-1\" \/>\n<link rel=\"canonical\" href=\"https:\/\/gaudiumetspes-blog.pl\/index.php\/2025\/03\/18\/mowia-ale-sami-nie-czynia\/\" \/>\n<meta property=\"og:locale\" content=\"pl_PL\" \/>\n<meta property=\"og:type\" content=\"article\" \/>\n<meta property=\"og:title\" content=\"M\u00f3wi\u0105, ale sami nie czyni\u0105! - Gaudium Et Spes\" \/>\n<meta property=\"og:description\" content=\"Szcz\u0119\u015b\u0107 Bo\u017ce! Moi Drodzy, w dniu dzisiejszym urodziny prze\u017cywa Siostra Joanna Andruszczyszyna, pe\u0142ni\u0105ca pos\u0142ug\u0119 zakonn\u0105 w Parafii w Surgucie, na Syberii. \u017bycz\u0119 Bo\u017cego b\u0142ogos\u0142awie\u0144stwa! Wczoraj natomiast imieniny obchodzi\u0142 Ksi\u0105dz Zbigniew Knop ze Zgromadzenia Ksi\u0119\u017cy Misjonarzy \u015awi\u0119tego Wincentego a Paulo, z kt\u00f3rym znamy si\u0119 ze wsp\u00f3lnej dzia\u0142alno\u015bci w Krajowym Duszpasterstwie Niewidomych i Niedowidz\u0105cych. Niech Pan obdarza [&hellip;]\" \/>\n<meta property=\"og:url\" content=\"https:\/\/gaudiumetspes-blog.pl\/index.php\/2025\/03\/18\/mowia-ale-sami-nie-czynia\/\" \/>\n<meta property=\"og:site_name\" content=\"Gaudium Et Spes\" \/>\n<meta property=\"article:published_time\" content=\"2025-03-18T00:34:06+00:00\" \/>\n<meta name=\"author\" content=\"Ks. Jacek\" \/>\n<meta name=\"twitter:card\" content=\"summary_large_image\" \/>\n<meta name=\"twitter:label1\" content=\"Napisane przez\" \/>\n\t<meta name=\"twitter:data1\" content=\"Ks. Jacek\" \/>\n\t<meta name=\"twitter:label2\" content=\"Szacowany czas czytania\" \/>\n\t<meta name=\"twitter:data2\" content=\"6 minut\" \/>\n<script type=\"application\/ld+json\" class=\"yoast-schema-graph\">{\"@context\":\"https:\/\/schema.org\",\"@graph\":[{\"@type\":\"WebPage\",\"@id\":\"https:\/\/gaudiumetspes-blog.pl\/index.php\/2025\/03\/18\/mowia-ale-sami-nie-czynia\/\",\"url\":\"https:\/\/gaudiumetspes-blog.pl\/index.php\/2025\/03\/18\/mowia-ale-sami-nie-czynia\/\",\"name\":\"M\u00f3wi\u0105, ale sami nie czyni\u0105! - Gaudium Et Spes\",\"isPartOf\":{\"@id\":\"https:\/\/gaudiumetspes-blog.pl\/#website\"},\"datePublished\":\"2025-03-18T00:34:06+00:00\",\"author\":{\"@id\":\"https:\/\/gaudiumetspes-blog.pl\/#\/schema\/person\/1661982992b752dea8dff0d4ed845a65\"},\"breadcrumb\":{\"@id\":\"https:\/\/gaudiumetspes-blog.pl\/index.php\/2025\/03\/18\/mowia-ale-sami-nie-czynia\/#breadcrumb\"},\"inLanguage\":\"pl-PL\",\"potentialAction\":[{\"@type\":\"ReadAction\",\"target\":[\"https:\/\/gaudiumetspes-blog.pl\/index.php\/2025\/03\/18\/mowia-ale-sami-nie-czynia\/\"]}]},{\"@type\":\"BreadcrumbList\",\"@id\":\"https:\/\/gaudiumetspes-blog.pl\/index.php\/2025\/03\/18\/mowia-ale-sami-nie-czynia\/#breadcrumb\",\"itemListElement\":[{\"@type\":\"ListItem\",\"position\":1,\"name\":\"Strona g\u0142\u00f3wna\",\"item\":\"https:\/\/gaudiumetspes-blog.pl\/\"},{\"@type\":\"ListItem\",\"position\":2,\"name\":\"M\u00f3wi\u0105, ale&nbsp;sami nie&nbsp;czyni\u0105!\"}]},{\"@type\":\"WebSite\",\"@id\":\"https:\/\/gaudiumetspes-blog.pl\/#website\",\"url\":\"https:\/\/gaudiumetspes-blog.pl\/\",\"name\":\"Gaudium Et Spes\",\"description\":\"Blog Ks. Jacka Ja\u015bkowskiego\",\"potentialAction\":[{\"@type\":\"SearchAction\",\"target\":{\"@type\":\"EntryPoint\",\"urlTemplate\":\"https:\/\/gaudiumetspes-blog.pl\/?s={search_term_string}\"},\"query-input\":{\"@type\":\"PropertyValueSpecification\",\"valueRequired\":true,\"valueName\":\"search_term_string\"}}],\"inLanguage\":\"pl-PL\"},{\"@type\":\"Person\",\"@id\":\"https:\/\/gaudiumetspes-blog.pl\/#\/schema\/person\/1661982992b752dea8dff0d4ed845a65\",\"name\":\"Ks. Jacek\",\"image\":{\"@type\":\"ImageObject\",\"inLanguage\":\"pl-PL\",\"@id\":\"https:\/\/gaudiumetspes-blog.pl\/#\/schema\/person\/image\/\",\"url\":\"https:\/\/gaudiumetspes-blog.pl\/wp-content\/uploads\/2019\/07\/avatar-JJ-150x150.jpg\",\"contentUrl\":\"https:\/\/gaudiumetspes-blog.pl\/wp-content\/uploads\/2019\/07\/avatar-JJ-150x150.jpg\",\"caption\":\"Ks. Jacek\"},\"description\":\"Witam serdecznie! K\u0142ania si\u0119 Ks. Jacek Ja\u015bkowski. Nie jestem ani kim\u015b wa\u017cnym, ani kim\u015b znanym. Jestem ksi\u0119dzem, kt\u00f3ry po prostu chce rozmawia\u0107. Codzienna kap\u0142a\u0144ska pos\u0142uga pokazuje mi, \u017ce temat\u00f3w do rozm\u00f3w z ksi\u0119dzem jest coraz wi\u0119cej i dzisiaj \u017caden ksi\u0105dz nie mo\u017ce od nich ucieka\u0107, ale - wprost przeciwnie - podejmowa\u0107 nowe wyzwania. To przekonanie sk\u0142oni\u0142o mnie do pr\u00f3by otwarcia tego\u017c bloga, chocia\u017c okazji do rozm\u00f3w na co dzie\u0144 - w konfesjonale i poza nim - na szcz\u0119\u015bcie nie brakuje. My\u015bl\u0119 jednak, \u017ce ten blog b\u0119dzie jeszcze jednym sposobem i przestrzeni\u0105 nawi\u0105zania kontaktu z lud\u017ami dobrej woli, otwartymi na dialog.\",\"url\":\"https:\/\/gaudiumetspes-blog.pl\/index.php\/author\/ks-jacek\/\"}]}<\/script>\n<!-- \/ Yoast SEO plugin. -->","yoast_head_json":{"title":"M\u00f3wi\u0105, ale sami nie czyni\u0105! - Gaudium Et Spes","robots":{"index":"index","follow":"follow","max-snippet":"max-snippet:-1","max-image-preview":"max-image-preview:large","max-video-preview":"max-video-preview:-1"},"canonical":"https:\/\/gaudiumetspes-blog.pl\/index.php\/2025\/03\/18\/mowia-ale-sami-nie-czynia\/","og_locale":"pl_PL","og_type":"article","og_title":"M\u00f3wi\u0105, ale sami nie czyni\u0105! - Gaudium Et Spes","og_description":"Szcz\u0119\u015b\u0107 Bo\u017ce! Moi Drodzy, w dniu dzisiejszym urodziny prze\u017cywa Siostra Joanna Andruszczyszyna, pe\u0142ni\u0105ca pos\u0142ug\u0119 zakonn\u0105 w Parafii w Surgucie, na Syberii. \u017bycz\u0119 Bo\u017cego b\u0142ogos\u0142awie\u0144stwa! Wczoraj natomiast imieniny obchodzi\u0142 Ksi\u0105dz Zbigniew Knop ze Zgromadzenia Ksi\u0119\u017cy Misjonarzy \u015awi\u0119tego Wincentego a Paulo, z kt\u00f3rym znamy si\u0119 ze wsp\u00f3lnej dzia\u0142alno\u015bci w Krajowym Duszpasterstwie Niewidomych i Niedowidz\u0105cych. Niech Pan obdarza [&hellip;]","og_url":"https:\/\/gaudiumetspes-blog.pl\/index.php\/2025\/03\/18\/mowia-ale-sami-nie-czynia\/","og_site_name":"Gaudium Et Spes","article_published_time":"2025-03-18T00:34:06+00:00","author":"Ks. Jacek","twitter_card":"summary_large_image","twitter_misc":{"Napisane przez":"Ks. Jacek","Szacowany czas czytania":"6 minut"},"schema":{"@context":"https:\/\/schema.org","@graph":[{"@type":"WebPage","@id":"https:\/\/gaudiumetspes-blog.pl\/index.php\/2025\/03\/18\/mowia-ale-sami-nie-czynia\/","url":"https:\/\/gaudiumetspes-blog.pl\/index.php\/2025\/03\/18\/mowia-ale-sami-nie-czynia\/","name":"M\u00f3wi\u0105, ale sami nie czyni\u0105! - Gaudium Et Spes","isPartOf":{"@id":"https:\/\/gaudiumetspes-blog.pl\/#website"},"datePublished":"2025-03-18T00:34:06+00:00","author":{"@id":"https:\/\/gaudiumetspes-blog.pl\/#\/schema\/person\/1661982992b752dea8dff0d4ed845a65"},"breadcrumb":{"@id":"https:\/\/gaudiumetspes-blog.pl\/index.php\/2025\/03\/18\/mowia-ale-sami-nie-czynia\/#breadcrumb"},"inLanguage":"pl-PL","potentialAction":[{"@type":"ReadAction","target":["https:\/\/gaudiumetspes-blog.pl\/index.php\/2025\/03\/18\/mowia-ale-sami-nie-czynia\/"]}]},{"@type":"BreadcrumbList","@id":"https:\/\/gaudiumetspes-blog.pl\/index.php\/2025\/03\/18\/mowia-ale-sami-nie-czynia\/#breadcrumb","itemListElement":[{"@type":"ListItem","position":1,"name":"Strona g\u0142\u00f3wna","item":"https:\/\/gaudiumetspes-blog.pl\/"},{"@type":"ListItem","position":2,"name":"M\u00f3wi\u0105, ale&nbsp;sami nie&nbsp;czyni\u0105!"}]},{"@type":"WebSite","@id":"https:\/\/gaudiumetspes-blog.pl\/#website","url":"https:\/\/gaudiumetspes-blog.pl\/","name":"Gaudium Et Spes","description":"Blog Ks. Jacka Ja\u015bkowskiego","potentialAction":[{"@type":"SearchAction","target":{"@type":"EntryPoint","urlTemplate":"https:\/\/gaudiumetspes-blog.pl\/?s={search_term_string}"},"query-input":{"@type":"PropertyValueSpecification","valueRequired":true,"valueName":"search_term_string"}}],"inLanguage":"pl-PL"},{"@type":"Person","@id":"https:\/\/gaudiumetspes-blog.pl\/#\/schema\/person\/1661982992b752dea8dff0d4ed845a65","name":"Ks. Jacek","image":{"@type":"ImageObject","inLanguage":"pl-PL","@id":"https:\/\/gaudiumetspes-blog.pl\/#\/schema\/person\/image\/","url":"https:\/\/gaudiumetspes-blog.pl\/wp-content\/uploads\/2019\/07\/avatar-JJ-150x150.jpg","contentUrl":"https:\/\/gaudiumetspes-blog.pl\/wp-content\/uploads\/2019\/07\/avatar-JJ-150x150.jpg","caption":"Ks. Jacek"},"description":"Witam serdecznie! K\u0142ania si\u0119 Ks. Jacek Ja\u015bkowski. Nie jestem ani kim\u015b wa\u017cnym, ani kim\u015b znanym. Jestem ksi\u0119dzem, kt\u00f3ry po prostu chce rozmawia\u0107. Codzienna kap\u0142a\u0144ska pos\u0142uga pokazuje mi, \u017ce temat\u00f3w do rozm\u00f3w z ksi\u0119dzem jest coraz wi\u0119cej i dzisiaj \u017caden ksi\u0105dz nie mo\u017ce od nich ucieka\u0107, ale - wprost przeciwnie - podejmowa\u0107 nowe wyzwania. To przekonanie sk\u0142oni\u0142o mnie do pr\u00f3by otwarcia tego\u017c bloga, chocia\u017c okazji do rozm\u00f3w na co dzie\u0144 - w konfesjonale i poza nim - na szcz\u0119\u015bcie nie brakuje. My\u015bl\u0119 jednak, \u017ce ten blog b\u0119dzie jeszcze jednym sposobem i przestrzeni\u0105 nawi\u0105zania kontaktu z lud\u017ami dobrej woli, otwartymi na dialog.","url":"https:\/\/gaudiumetspes-blog.pl\/index.php\/author\/ks-jacek\/"}]}},"jetpack_featured_media_url":"","jetpack_sharing_enabled":true,"_links":{"self":[{"href":"https:\/\/gaudiumetspes-blog.pl\/index.php\/wp-json\/wp\/v2\/posts\/23571","targetHints":{"allow":["GET"]}}],"collection":[{"href":"https:\/\/gaudiumetspes-blog.pl\/index.php\/wp-json\/wp\/v2\/posts"}],"about":[{"href":"https:\/\/gaudiumetspes-blog.pl\/index.php\/wp-json\/wp\/v2\/types\/post"}],"author":[{"embeddable":true,"href":"https:\/\/gaudiumetspes-blog.pl\/index.php\/wp-json\/wp\/v2\/users\/1"}],"replies":[{"embeddable":true,"href":"https:\/\/gaudiumetspes-blog.pl\/index.php\/wp-json\/wp\/v2\/comments?post=23571"}],"version-history":[{"count":1,"href":"https:\/\/gaudiumetspes-blog.pl\/index.php\/wp-json\/wp\/v2\/posts\/23571\/revisions"}],"predecessor-version":[{"id":23572,"href":"https:\/\/gaudiumetspes-blog.pl\/index.php\/wp-json\/wp\/v2\/posts\/23571\/revisions\/23572"}],"wp:attachment":[{"href":"https:\/\/gaudiumetspes-blog.pl\/index.php\/wp-json\/wp\/v2\/media?parent=23571"}],"wp:term":[{"taxonomy":"category","embeddable":true,"href":"https:\/\/gaudiumetspes-blog.pl\/index.php\/wp-json\/wp\/v2\/categories?post=23571"},{"taxonomy":"post_tag","embeddable":true,"href":"https:\/\/gaudiumetspes-blog.pl\/index.php\/wp-json\/wp\/v2\/tags?post=23571"}],"curies":[{"name":"wp","href":"https:\/\/api.w.org\/{rel}","templated":true}]}}