{"id":23586,"date":"2025-03-25T08:42:07","date_gmt":"2025-03-25T07:42:07","guid":{"rendered":"https:\/\/gaudiumetspes-blog.pl\/?p=23586"},"modified":"2025-03-25T08:42:07","modified_gmt":"2025-03-25T07:42:07","slug":"pan-sam-da-wam-znak-3","status":"publish","type":"post","link":"https:\/\/gaudiumetspes-blog.pl\/index.php\/2025\/03\/25\/pan-sam-da-wam-znak-3\/","title":{"rendered":"Pan sam da wam znak!"},"content":{"rendered":"<p align=\"justify\"><span style=\"color: #000000;\"><span style=\"font-family: Book Antiqua, serif;\"><span style=\"font-size: large;\">Niech b\u0119dzie pochwalony Jezus Chrystus! Drodzy moi, w dniu dzisiejszym <b>urodziny prze\u017cywa Kacper Czech \u2013 Cz\u0142owiek mi bardzo bliski, \u201eodnaleziony\u201d po latach Ministrant mojej rodzinnej Parafii, a obecnie M\u0105\u017c Katarzyny, Cz\u0142owiek niezwykle aktywnie zaanga\u017cowany w \u017cycie Ko\u015bcio\u0142a, Autor rozwa\u017ca\u0144 sobotnich na naszym forum. <\/b><b>Z ca\u0142ego serca<\/b><b> \u017cycz\u0119, aby Jego zwi\u0105zanie z Jezusem <\/b><b>i z Jego Ko\u015bcio\u0142em<\/b><b> z dnia na dzie\u0144 by\u0142o coraz mocniejsze! I aby by\u0142 dla nas wszystkich tak odwa\u017cnym i wyrazistym \u015awiadkiem Jezusa, jakim jest dzisiaj! Zar\u00f3wno w tym wszystkim, co robi, jak i w tym, co pisze. Niech Mu Pan we wszystkim obficie b\u0142ogos\u0142awi! O to codziennie si\u0119 dla Niego modl\u0119.<\/b><\/span><\/span><\/span><\/p>\n<p align=\"justify\"><span style=\"color: #000000;\"><span style=\"font-family: Book Antiqua, serif;\"><span style=\"font-size: large;\">A u mnie dzisiaj \u2013 dy\u017cur na Wydzia\u0142ach przy ulicy Prusa 14, a potem czas na w\u0142asn\u0105 prac\u0119 i modlitw\u0119. Nie ukrywam, \u017ce w\u0142a\u015bnie z tego powodu lubi\u0119 wtorki. Prosz\u0119 mnie dobrze zrozumie\u0107: ja naprawd\u0119 lubi\u0119 spotyka\u0107 si\u0119 z lud\u017ami, podejmowa\u0107 r\u00f3\u017cne wsp\u00f3lne dzia\u0142ania, przyjmowa\u0107 ludzi u siebie lub udawa\u0107 si\u0119 na r\u00f3\u017cne spotkania. Ale dobrze jest mie\u0107 takie popo\u0142udnie, kiedy si\u0119 wraca do siebie ze \u015bwiadomo\u015bci\u0105, \u017ce ma si\u0119 w\u0142asny pok\u00f3j z biurkiem, a bezpo\u015brednio nad swoim mieszkaniem: Kaplic\u0119 \u2013 i \u017ce to popo\u0142udnie i wiecz\u00f3r dokona si\u0119 w tych dw\u00f3ch miejscach. Nie ma zaplanowanych spotka\u0144, mo\u017cna wi\u0119c odda\u0107 si\u0119 r\u00f3\u017cnym zaj\u0119ciom, cz\u0119sto odk\u0142adanym na p\u00f3\u017aniej z powodu takich zaj\u0119\u0107, kt\u00f3re trzeba zrobi\u0107 \u201ena wczoraj\u201d. <\/span><\/span><\/span><\/p>\n<p align=\"justify\"><span style=\"color: #000000;\"><span style=\"font-family: Book Antiqua, serif;\"><span style=\"font-size: large;\">Wiem sk\u0105din\u0105d, \u017ce podobnie patrzy\u0142 na wtorki Jan Pawe\u0142 II. Jest nawet ksi\u0105\u017cka wspomnieniowa, temu w\u0142a\u015bnie po\u015bwi\u0119cona, autorstwa Arcybiskupa Mieczys\u0142awa Mokrzyckiego i Dziennikarki pewnej fatalnej stacji telewizyjnej, zatytu\u0142owana: \u201eNajbardziej lubi\u0142 wtorki\u201d. Jan Pawe\u0142 II lubi\u0142 je z tego samego powodu: \u017ce to by\u0142 dzie\u0144 dla Niego, dla Jego zaj\u0119\u0107 osobistych i modlitwy, kiedy nie mia\u0142 umawianych spotka\u0144. Co nie znaczy, \u017ce nie chcia\u0142 si\u0119 spotyka\u0107 z lud\u017ami, bo dobrze wiemy, jak by\u0142o. <\/span><\/span><\/span><\/p>\n<p align=\"justify\"><span style=\"color: #000000;\"><span style=\"font-family: Book Antiqua, serif;\"><span style=\"font-size: large;\">Ja tak\u017ce odbior\u0119 dzisiaj ka\u017cdy telefon i przyjm\u0119 ka\u017cdego Go\u015bcia, kt\u00f3ry przyb\u0119dzie. Ale jak nikogo nie b\u0119dzie, to ju\u017c wiem, czym si\u0119 zaj\u0105\u0107. Takie oto wtorkowe dumki\u2026 <\/span><\/span><\/span><\/p>\n<p align=\"justify\"><span style=\"color: #000000;\"><span style=\"font-family: Book Antiqua, serif;\"><span style=\"font-size: large;\">Zapraszam zatem do pochylenia si\u0119 nad Bo\u017cym s\u0142owem dzisiejszej liturgii. Oto s\u0142\u00f3wko Ksi\u0119dza Marka na dzi\u015b:<\/span><\/span><\/span><\/p>\n<p align=\"justify\"><span style=\"color: #000000;\"><span style=\"font-family: Book Antiqua, serif;\"><span style=\"font-size: medium;\"><a href=\"https:\/\/www.youtube.com\/c\/CatholicSurgut\"><span style=\"font-size: large;\"><span lang=\"zxx\"><u><b>https:\/\/www.youtube.com\/c\/CatholicSurgut<\/b><\/u><\/span><\/span><\/a><\/span><\/span><\/span><\/p>\n<p align=\"justify\"><span style=\"color: #000000;\"><span style=\"font-family: Book Antiqua, serif;\"><span style=\"font-size: large;\"><span lang=\"zxx\">P<\/span><span lang=\"zxx\">oni\u017cej za\u015b \u2013 s\u0142\u00f3wko Gabrysia, za kt\u00f3re serdecznie dzi\u0119kuj\u0119! Jak co wtorek, Gabry\u015b dzieli si\u0119 z nami swoim szczerym i g\u0142\u0119bokim prze\u017cywaniem wiary, co jednak wyra\u017ca w spos\u00f3b naprawd\u0119 prosty i zrozumia\u0142y. Wielkie dzi\u0119ki za to s\u0142owo \u2013 i za \u015bwiadectwo! Niech Pan b\u0119dzie uwielbiony w tym dziele!<\/span><\/span><\/span><\/span><\/p>\n<p align=\"justify\"><span style=\"color: #000000;\"><span style=\"font-family: Book Antiqua, serif;\"><span style=\"font-size: large;\"><span lang=\"zxx\">Zatem, jakie jest to <\/span><b>jedno i jedyne przes\u0142ani<\/b><b>e<\/b><b>, z jakim Pan konkretnie do mnie si\u0119 zwraca. <\/b>Duchu \u015awi\u0119ty, podpowiedz\u2026<\/span><\/span><\/span><\/p>\n<p align=\"justify\"><span style=\"color: #000000;\"><span style=\"font-family: Book Antiqua, serif;\"><span style=\"font-size: large;\"><b>Niech Was b\u0142ogos\u0142awi B\u00f3g Wszechmog\u0105cy: Ojciec + i Syn, i Duch \u015awi\u0119ty. Amen<\/b><\/span><\/span><\/span><\/p>\n<p align=\"center\"><span style=\"color: #000000;\"><span style=\"font-family: Book Antiqua, serif;\"><span style=\"font-size: large;\">Gaudium et spes! Ks. Jacek<\/span><\/span><\/span><\/p>\n<p align=\"center\">\n<p align=\"center\">\n<p align=\"center\">\n<p align=\"center\">\n<p align=\"center\">\n<p align=\"justify\"><span style=\"color: #000000;\"><span style=\"font-family: Book Antiqua, serif;\"><span style=\"font-size: large;\"><b>Uroczysto\u015b\u0107 Zwiastowania Pa\u0144skiego,<\/b><\/span><\/span><\/span><\/p>\n<p align=\"justify\"><span style=\"color: #000000;\"><span style=\"font-family: Book Antiqua, serif;\"><span style=\"font-size: large;\"><b>25 marca 2025.,\u00a0<\/b><\/span><\/span><\/span><\/p>\n<p align=\"justify\"><span style=\"color: #000000;\"><span style=\"font-family: Book Antiqua, serif;\"><span style=\"font-size: large;\"><b>do czyta\u0144 z t. VI Lekcjonarza: Iz 7,10\u201314; Hbr 10,4\u201310; \u0141k 1,26\u201338<\/b><\/span><\/span><\/span><\/p>\n<p align=\"justify\">\n<p align=\"justify\">\n<p align=\"justify\">\n<p align=\"justify\">\n<p align=\"justify\">\n<p align=\"justify\"><span style=\"color: #000000;\"><span style=\"font-family: Book Antiqua, serif;\"><span style=\"font-size: large;\"><b>CZYTANIE Z KSI\u0118GI PROROKA IZAJASZA:<\/b><\/span><\/span><\/span><\/p>\n<p align=\"justify\"><span style=\"color: #000000;\"><span style=\"font-family: Book Antiqua, serif;\"><span style=\"font-size: large;\"><b>Pan przem\u00f3wi\u0142 do Achaza tymi s\u0142owami: \u201ePro\u015b dla siebie o znak od Pana, Boga twego, czy to g\u0142\u0119boko w Otch\u0142ani, czy to wysoko w g\u00f3rze\u201d.<\/b><\/span><\/span><\/span><\/p>\n<p align=\"justify\"><span style=\"color: #000000;\"><span style=\"font-family: Book Antiqua, serif;\"><span style=\"font-size: large;\"><b>Lecz Achaz odpowiedzia\u0142: \u201eNie b\u0119d\u0119 prosi\u0142 i nie b\u0119d\u0119 wystawia\u0142 Pana na pr\u00f3b\u0119\u201d.<\/b><\/span><\/span><\/span><\/p>\n<p align=\"justify\"><span style=\"color: #000000;\"><span style=\"font-family: Book Antiqua, serif;\"><span style=\"font-size: large;\"><b>Wtedy rzek\u0142 Izajasz: \u201eS\u0142uchajcie wi\u0119c, domu Dawidowy: Czy\u017c ma\u0142o wam naprzykrza\u0107 si\u0119 ludziom, i\u017c naprzykrzacie si\u0119 tak\u017ce mojemu Bogu? Dlatego Pan sam da wam znak: Oto Panna pocznie i porodzi syna, i nazwie go imieniem Emmanuel, albowiem B\u00f3g z nami\u201d.<\/b><\/span><\/span><\/span><\/p>\n<p align=\"justify\">\n<p align=\"justify\">\n<p align=\"justify\">\n<p align=\"justify\">\n<p align=\"justify\">\n<p align=\"justify\"><span style=\"color: #000000;\"><span style=\"font-family: Book Antiqua, serif;\"><span style=\"font-size: large;\"><b>CZYTANIE Z LISTU DO HEBRAJCZYK\u00d3W:<\/b><\/span><\/span><\/span><\/p>\n<p align=\"justify\"><span style=\"color: #000000;\"><span style=\"font-family: Book Antiqua, serif;\"><span style=\"font-size: large;\"><b>Bracia: Niemo\u017cliwe jest to, aby krew cielc\u00f3w i koz\u0142\u00f3w usuwa\u0142a grzechy. Przeto Chrystus przychodz\u0105c na \u015bwiat, m\u00f3wi: \u201eOfiary ani daru nie chcia\u0142e\u015b, ale\u015b Mi utworzy\u0142 cia\u0142o; ca\u0142opalenia i ofiary za grzech nie podoba\u0142y si\u0119 Tobie. Wtedy rzek\u0142em: \u00abOto id\u0119, w zwoju ksi\u0119gi napisano o Mnie, abym spe\u0142nia\u0142 wol\u0119 Twoj\u0105, Bo\u017ce\u00bb\u201d.<\/b><\/span><\/span><\/span><\/p>\n<p align=\"justify\"><span style=\"color: #000000;\"><span style=\"font-family: Book Antiqua, serif;\"><span style=\"font-size: large;\"><b>Wy\u017cej powiedzia\u0142: \u201eOfiar, dar\u00f3w, ca\u0142opale\u0144 i ofiar za grzechy nie chcia\u0142e\u015b, i nie podoba\u0142y si\u0119 Tobie\u201d, cho\u0107 sk\u0142ada si\u0119 je na podstawie Prawa. Nast\u0119pnie powiedzia\u0142: \u201eOto id\u0119, abym spe\u0142nia\u0142 wol\u0119 Twoj\u0105\u201d. Usuwa jedn\u0105 ofiar\u0119, aby ustanowi\u0107 inn\u0105. Na mocy tej woli u\u015bwi\u0119ceni jeste\u015bmy przez ofiar\u0119 cia\u0142a Jezusa Chrystusa raz na zawsze.<\/b><\/span><\/span><\/span><\/p>\n<p align=\"justify\">\n<p align=\"justify\">\n<p align=\"justify\">\n<p align=\"justify\">\n<p align=\"justify\">\n<p align=\"justify\"><span style=\"color: #000000;\"><span style=\"font-family: Book Antiqua, serif;\"><span style=\"font-size: large;\"><b>S\u0141OWA EWANGELII WED\u0141UG \u015aWI\u0118TEGO \u0141UKASZA:<\/b><\/span><\/span><\/span><\/p>\n<p align=\"justify\"><span style=\"color: #000000;\"><span style=\"font-family: Book Antiqua, serif;\"><span style=\"font-size: large;\"><b>B\u00f3g pos\u0142a\u0142 anio\u0142a Gabriela do miasta w Galilei, zwanego Nazaret, do Dziewicy po\u015blubionej m\u0119\u017cowi, imieniem J\u00f3zef, z rodu Dawida; a Dziewicy by\u0142o na imi\u0119 Maryja.<\/b><\/span><\/span><\/span><\/p>\n<p align=\"justify\"><span style=\"color: #000000;\"><span style=\"font-family: Book Antiqua, serif;\"><span style=\"font-size: large;\"><b>Anio\u0142 wszed\u0142 do Niej i rzek\u0142: \u201eB\u0105d\u017a pozdrowiona, pe\u0142na \u0142aski, Pan z Tob\u0105, b\u0142ogos\u0142awiona jeste\u015b mi\u0119dzy niewiastami\u201d.<\/b><\/span><\/span><\/span><\/p>\n<p align=\"justify\"><span style=\"color: #000000;\"><span style=\"font-family: Book Antiqua, serif;\"><span style=\"font-size: large;\"><b>Ona zmiesza\u0142a si\u0119 na te s\u0142owa i rozwa\u017ca\u0142a, co mia\u0142oby znaczy\u0107 to pozdrowienie.<\/b><\/span><\/span><\/span><\/p>\n<p align=\"justify\"><span style=\"color: #000000;\"><span style=\"font-family: Book Antiqua, serif;\"><span style=\"font-size: large;\"><b>Lecz Anio\u0142 rzek\u0142 do Niej: \u201eNie b\u00f3j si\u0119, Maryjo, znalaz\u0142a\u015b bowiem \u0142ask\u0119 u Boga. Oto poczniesz i porodzisz Syna, kt\u00f3remu nadasz imi\u0119 Jezus. B\u0119dzie On wielki i b\u0119dzie nazwany Synem Najwy\u017cszego, a Pan B\u00f3g da Mu tron Jego praojca, Dawida. B\u0119dzie panowa\u0142 nad domem Jakuba na wieki, a Jego panowaniu nie b\u0119dzie ko\u0144ca\u201d.<\/b><\/span><\/span><\/span><\/p>\n<p align=\"justify\"><span style=\"color: #000000;\"><span style=\"font-family: Book Antiqua, serif;\"><span style=\"font-size: large;\"><b>Na to Maryja rzek\u0142a do Anio\u0142a: \u201eJak\u017ce si\u0119 to stanie, skoro nie znam m\u0119\u017ca?\u201d<\/b><\/span><\/span><\/span><\/p>\n<p align=\"justify\"><span style=\"color: #000000;\"><span style=\"font-family: Book Antiqua, serif;\"><span style=\"font-size: large;\"><b>Anio\u0142 Jej odpowiedzia\u0142: \u201eDuch \u015awi\u0119ty zst\u0105pi na Ciebie i moc Najwy\u017cszego os\u0142oni Ci\u0119. Dlatego te\u017c \u015awi\u0119te, kt\u00f3re si\u0119 narodzi, b\u0119dzie nazwane Synem Bo\u017cym. A oto r\u00f3wnie\u017c krewna Twoja, El\u017cbieta, pocz\u0119\u0142a w swej staro\u015bci syna, i jest ju\u017c w sz\u00f3stym miesi\u0105cu ta, kt\u00f3ra uchodzi za niep\u0142odn\u0105. Dla Boga bowiem nie ma nic niemo\u017cliwego\u201d.<\/b><\/span><\/span><\/span><\/p>\n<p align=\"justify\"><span style=\"color: #000000;\"><span style=\"font-family: Book Antiqua, serif;\"><span style=\"font-size: large;\"><b>Na to rzek\u0142a Maryja: \u201eOto ja s\u0142u\u017cebnica Pa\u0144ska, niech mi si\u0119 stanie wed\u0142ug twego s\u0142owa\u201d. Wtedy odszed\u0142 od Niej Anio\u0142.<\/b><\/span><\/span><\/span><\/p>\n<p align=\"justify\">\n<p align=\"justify\">\n<p align=\"justify\">\n<p align=\"justify\">\n<p align=\"justify\">\n<p align=\"center\"><span style=\"color: #000000;\"><span style=\"font-family: Book Antiqua, serif;\"><span style=\"font-size: large;\"><b>A OTO S\u0141\u00d3WKO GABRYSIA:<\/b><\/span><\/span><\/span><\/p>\n<p align=\"center\">\n<p align=\"center\">\n<p align=\"center\">\n<p align=\"center\">\n<p align=\"center\">\n<p align=\"justify\"><span style=\"color: #000000;\"><span style=\"font-family: Book Antiqua, serif;\"><span style=\"font-size: large;\">Pierwsze czytanie jest zwiastunem Narodzenia Pana naszego Jezusa Chrystusa. Izajasz og\u0142asza \u00abdomowi Dawidowemu\u00bb co B\u00f3g planuje \u2013 przyj\u015bcie swojego Syna.\u00a0<\/span><\/span><\/span><\/p>\n<p align=\"justify\"><span style=\"color: #000000;\"><span style=\"font-family: Book Antiqua, serif;\"><span style=\"font-size: large;\">Z drugiej strony Achaz i jego zastanawiaj\u0105ca postawa: stanowczo bowiem powiedzia\u0142 on, \u017ce nie b\u0119dzie prosi\u0142 i wystawia\u0142 Pana na pr\u00f3b\u0119. Chocia\u017c z jego strony by\u0142a to pozorna pokora, to jednak te jego s\u0142owa powinny nas pobudzi\u0107 do my\u015blenia. Jak cz\u0119sto my wystawiamy Boga na pr\u00f3b\u0119 \u2013 ogarni\u0119ci w\u0105tpliwo\u015bciami co do Jego dzia\u0142ania w naszej codzienno\u015bci?\u2026 <\/span><\/span><\/span><\/p>\n<p align=\"justify\"><span style=\"color: #000000;\"><span style=\"font-family: Book Antiqua, serif;\"><span style=\"font-size: large;\">Boga nie mo\u017cna wystawia\u0107 na pr\u00f3b\u0119, wymagaj\u0105c od Niego po\u015bwiadczenia tego, \u017ce jest Bogiem. W Boga wystarczy wierzy\u0107, prawdziwie wierzy\u0107, a wtedy w naszej codzienno\u015bci b\u0119dziemy dostawa\u0107 mn\u00f3stwo dowod\u00f3w na to, \u017ce <i><b>Jestem, kt\u00f3ry jestem<\/b><\/i> ( Wj 3,14) To nasz Pan, jedyny B\u00f3g.<\/span><\/span><\/span><\/p>\n<p align=\"center\"><span style=\"color: #000000;\"><span style=\"font-family: Book Antiqua, serif;\"><span style=\"font-size: large;\"><b>***********************<\/b><\/span><\/span><\/span><\/p>\n<p align=\"justify\"><span style=\"color: #000000;\"><span style=\"font-family: Book Antiqua, serif;\"><span style=\"font-size: large;\">Drugie czytanie jest jakby zapowiedzi\u0105 Jezusowej ofiary za nasze grzechy. Doskona\u0142ej ofiary. Wybija si\u0119 tutaj na pierwszy plan to, \u017ce Jezus idzie spe\u0142nia\u0107 wol\u0119 Ojca. Jezusowe pos\u0142usze\u0144stwo wzgl\u0119dem planu Boga Ojca jest godne podziwu! Jezus ju\u017c od pocz\u0105tku wiedzia\u0142 co go czeka, zna\u0142 ca\u0142y plan, jaki ma si\u0119 wype\u0142ni\u0107, a poniewa\u017c jest On w pe\u0142nej jedno\u015bci z Ojcem i Duchem, wi\u0119c nie mog\u0142o by\u0107 inaczej.<\/span><\/span><\/span><\/p>\n<p align=\"justify\"><span style=\"color: #000000;\"><span style=\"font-family: Book Antiqua, serif;\"><span style=\"font-size: large;\">Wielka mi\u0142o\u015b\u0107, jak\u0105 nas B\u00f3g obdarzy\u0142 i obdarza sprawi\u0142a, \u017ce pos\u0142a\u0142 do nas swojego Syna, aby nas zbawi\u0107. To w pe\u0142ni dobrowolne i zdecydowane dzia\u0142anie jedno\u015bci Boga Ojca, Jezusa i Ducha \u015awi\u0119tego.<\/span><\/span><\/span><\/p>\n<p align=\"justify\"><span style=\"color: #000000;\"><span style=\"font-family: Book Antiqua, serif;\"><span style=\"font-size: large;\">Uwielbiajmy Pana za to, \u017ce daje nam codziennie poznawa\u0107 siebie przez Syna.<\/span><\/span><\/span><\/p>\n<p align=\"justify\"><span style=\"color: #000000;\"><span style=\"font-family: Book Antiqua, serif;\"><span style=\"font-size: large;\">Takie pytanie mi si\u0119 nasuwa: Czy my jeste\u015bmy gotowi tak samo, z oddaniem i odwag\u0105 powiedzie\u0107 Bogu: <i><b>Oto id\u0119, abym spe\u0142nia\u0142 wol\u0119 Twoj\u0105<\/b><\/i> \u2013 i wytrwa\u0107 w tym spe\u0142nianiu woli Bo\u017cej?<\/span><\/span><\/span><\/p>\n<p align=\"center\"><span style=\"color: #000000;\"><span style=\"font-family: Book Antiqua, serif;\"><span style=\"font-size: large;\"><b>************************<\/b><\/span><\/span><\/span><\/p>\n<p align=\"justify\"><span style=\"color: #000000;\"><span style=\"font-family: Book Antiqua, serif;\"><span style=\"font-size: large;\">Ewangelia natomiast opisuje przebieg zwiastowania. Pi\u0119kny tekst, jeden z moich ulubionych, bo zwiastuj\u0119 rado\u015b\u0107 wielk\u0105 i nasze zbawienie przez Jezusa, \u015bwiate\u0142ko w ciemnym \u015bwiecie.<\/span><\/span><\/span><\/p>\n<p align=\"justify\"><span style=\"color: #000000;\"><span style=\"font-family: Book Antiqua, serif;\"><span style=\"font-size: large;\">Maryja dost\u0105pi\u0142a wielkiego zaszczytu i \u0142aski od Pana. By\u0107 matk\u0105 Syna Bo\u017cego \u2013 to brzmi jak wielkie zadanie i takim te\u017c by\u0142o. Maryja towarzyszy\u0142a swemu Synowi a\u017c po \u015bmier\u0107 krzy\u017cow\u0105 i jest z Nim ci\u0105gle w raju.<\/span><\/span><\/span><\/p>\n<p align=\"justify\"><span style=\"color: #000000;\"><span style=\"font-family: Book Antiqua, serif;\"><span style=\"font-size: large;\"><i><b>Na to rzek\u0142a Maryja: \u00abOto ja s\u0142u\u017cebnica Pa\u0144ska, niech mi si\u0119 stanie wed\u0142ug s\u0142owa twego\u00bb.<\/b><\/i> Pi\u0119kne postanowienie, podj\u0119cie decyzji, oddanie si\u0119 s\u0142owu Bo\u017cemu \u2013 bez cienia w\u0105tpliwo\u015bci, z pe\u0142nym zaufaniem. Czy my na zadania, dawane nam przez Boga, jeste\u015bmy gotowi odpowiada\u0107 w ten sam spos\u00f3b?<\/span><\/span><\/span><\/p>\n<p align=\"justify\"><span style=\"color: #000000;\"><span style=\"font-family: Book Antiqua, serif;\"><span style=\"font-size: large;\">Wiara, mi\u0142o\u015b\u0107, oddanie i pe\u0142ne zaufanie do Boga \u2013 to wszystko posiada Maryja, a \u015bwiadectwem tego jest Jej <i><b>FIAT \u2013 <\/b><\/i><i><b>niech <\/b><\/i><i><b>mi <\/b><\/i><i><b>si\u0119 stanie!<\/b><\/i><\/span><\/span><\/span><\/p>\n<p align=\"center\"><span style=\"color: #000000;\"><span style=\"font-family: Book Antiqua, serif;\"><span style=\"font-size: large;\"><b>***********************<\/b><\/span><\/span><\/span><\/p>\n<p align=\"justify\"><span style=\"color: #000000;\"><span style=\"font-family: Book Antiqua, serif;\"><span style=\"font-size: large;\">Nasze \u017cycie jest nieraz takim sprawdzianem naszego FIAT, czy jeste\u015bmy w stanie to powiedzie\u0107 Panu, czy wolimy raczej nie podejmowa\u0107 \u017cadnego dzia\u0142ania, postanowienia i czeka\u0107 na to, by wszystko samo si\u0119 sta\u0142o.<\/span><\/span><\/span><\/p>\n<p align=\"justify\"><span style=\"color: #000000;\"><span style=\"font-family: Book Antiqua, serif;\"><span style=\"font-size: large;\">Pi\u0119kna liturgia s\u0142owa, kt\u00f3ra jest niejako po\u0142\u0105czeniem zapowiedzi radosnego wydarzenia \u2013 narodzenia, oraz tak po ludzku smutnego: m\u0119ki i \u015bmierci Pana Jezusa. Pokazuje oddanie i wielk\u0105 mi\u0142o\u015b\u0107 naszego Boga do nas. Kochajmy Pana tak, jak On nas \u2013 i uwielbiajmy Go w naszej codzienno\u015bci!<\/span><\/span><\/span><\/p>\n<p align=\"justify\"><span style=\"color: #000000;\"><span style=\"font-family: Book Antiqua, serif;\"><span style=\"font-size: large;\">Niech Duch \u015awi\u0119ty nas prowadzi!<\/span><\/span><\/span><\/p>\n","protected":false},"excerpt":{"rendered":"<p>Niech b\u0119dzie pochwalony Jezus Chrystus! Drodzy moi, w dniu dzisiejszym urodziny prze\u017cywa Kacper Czech \u2013 Cz\u0142owiek mi bardzo bliski, \u201eodnaleziony\u201d po latach Ministrant mojej rodzinnej Parafii, a obecnie M\u0105\u017c Katarzyny, Cz\u0142owiek niezwykle aktywnie zaanga\u017cowany w \u017cycie Ko\u015bcio\u0142a, Autor rozwa\u017ca\u0144 sobotnich na naszym forum. Z ca\u0142ego serca \u017cycz\u0119, aby Jego zwi\u0105zanie z Jezusem i z Jego [&hellip;]<\/p>\n","protected":false},"author":1,"featured_media":0,"comment_status":"open","ping_status":"open","sticky":false,"template":"","format":"standard","meta":{"jetpack_post_was_ever_published":false,"_jetpack_newsletter_access":"","_jetpack_dont_email_post_to_subs":false,"_jetpack_newsletter_tier_id":0,"_jetpack_memberships_contains_paywalled_content":false,"_jetpack_memberships_contains_paid_content":false,"footnotes":""},"categories":[1],"tags":[],"class_list":["post-23586","post","type-post","status-publish","format-standard","hentry","category-bez-kategorii"],"yoast_head":"<!-- This site is optimized with the Yoast SEO plugin v25.1 - https:\/\/yoast.com\/wordpress\/plugins\/seo\/ -->\n<title>Pan sam da wam znak! - Gaudium Et Spes<\/title>\n<meta name=\"robots\" content=\"index, follow, max-snippet:-1, max-image-preview:large, max-video-preview:-1\" \/>\n<link rel=\"canonical\" href=\"https:\/\/gaudiumetspes-blog.pl\/index.php\/2025\/03\/25\/pan-sam-da-wam-znak-3\/\" \/>\n<meta property=\"og:locale\" content=\"pl_PL\" \/>\n<meta property=\"og:type\" content=\"article\" \/>\n<meta property=\"og:title\" content=\"Pan sam da wam znak! - Gaudium Et Spes\" \/>\n<meta property=\"og:description\" content=\"Niech b\u0119dzie pochwalony Jezus Chrystus! Drodzy moi, w dniu dzisiejszym urodziny prze\u017cywa Kacper Czech \u2013 Cz\u0142owiek mi bardzo bliski, \u201eodnaleziony\u201d po latach Ministrant mojej rodzinnej Parafii, a obecnie M\u0105\u017c Katarzyny, Cz\u0142owiek niezwykle aktywnie zaanga\u017cowany w \u017cycie Ko\u015bcio\u0142a, Autor rozwa\u017ca\u0144 sobotnich na naszym forum. Z ca\u0142ego serca \u017cycz\u0119, aby Jego zwi\u0105zanie z Jezusem i z Jego [&hellip;]\" \/>\n<meta property=\"og:url\" content=\"https:\/\/gaudiumetspes-blog.pl\/index.php\/2025\/03\/25\/pan-sam-da-wam-znak-3\/\" \/>\n<meta property=\"og:site_name\" content=\"Gaudium Et Spes\" \/>\n<meta property=\"article:published_time\" content=\"2025-03-25T07:42:07+00:00\" \/>\n<meta name=\"author\" content=\"Ks. Jacek\" \/>\n<meta name=\"twitter:card\" content=\"summary_large_image\" \/>\n<meta name=\"twitter:label1\" content=\"Napisane przez\" \/>\n\t<meta name=\"twitter:data1\" content=\"Ks. Jacek\" \/>\n\t<meta name=\"twitter:label2\" content=\"Szacowany czas czytania\" \/>\n\t<meta name=\"twitter:data2\" content=\"8 minut\" \/>\n<script type=\"application\/ld+json\" class=\"yoast-schema-graph\">{\"@context\":\"https:\/\/schema.org\",\"@graph\":[{\"@type\":\"WebPage\",\"@id\":\"https:\/\/gaudiumetspes-blog.pl\/index.php\/2025\/03\/25\/pan-sam-da-wam-znak-3\/\",\"url\":\"https:\/\/gaudiumetspes-blog.pl\/index.php\/2025\/03\/25\/pan-sam-da-wam-znak-3\/\",\"name\":\"Pan sam da wam znak! - Gaudium Et Spes\",\"isPartOf\":{\"@id\":\"https:\/\/gaudiumetspes-blog.pl\/#website\"},\"datePublished\":\"2025-03-25T07:42:07+00:00\",\"author\":{\"@id\":\"https:\/\/gaudiumetspes-blog.pl\/#\/schema\/person\/1661982992b752dea8dff0d4ed845a65\"},\"breadcrumb\":{\"@id\":\"https:\/\/gaudiumetspes-blog.pl\/index.php\/2025\/03\/25\/pan-sam-da-wam-znak-3\/#breadcrumb\"},\"inLanguage\":\"pl-PL\",\"potentialAction\":[{\"@type\":\"ReadAction\",\"target\":[\"https:\/\/gaudiumetspes-blog.pl\/index.php\/2025\/03\/25\/pan-sam-da-wam-znak-3\/\"]}]},{\"@type\":\"BreadcrumbList\",\"@id\":\"https:\/\/gaudiumetspes-blog.pl\/index.php\/2025\/03\/25\/pan-sam-da-wam-znak-3\/#breadcrumb\",\"itemListElement\":[{\"@type\":\"ListItem\",\"position\":1,\"name\":\"Strona g\u0142\u00f3wna\",\"item\":\"https:\/\/gaudiumetspes-blog.pl\/\"},{\"@type\":\"ListItem\",\"position\":2,\"name\":\"Pan sam da wam znak!\"}]},{\"@type\":\"WebSite\",\"@id\":\"https:\/\/gaudiumetspes-blog.pl\/#website\",\"url\":\"https:\/\/gaudiumetspes-blog.pl\/\",\"name\":\"Gaudium Et Spes\",\"description\":\"Blog Ks. Jacka Ja\u015bkowskiego\",\"potentialAction\":[{\"@type\":\"SearchAction\",\"target\":{\"@type\":\"EntryPoint\",\"urlTemplate\":\"https:\/\/gaudiumetspes-blog.pl\/?s={search_term_string}\"},\"query-input\":{\"@type\":\"PropertyValueSpecification\",\"valueRequired\":true,\"valueName\":\"search_term_string\"}}],\"inLanguage\":\"pl-PL\"},{\"@type\":\"Person\",\"@id\":\"https:\/\/gaudiumetspes-blog.pl\/#\/schema\/person\/1661982992b752dea8dff0d4ed845a65\",\"name\":\"Ks. Jacek\",\"image\":{\"@type\":\"ImageObject\",\"inLanguage\":\"pl-PL\",\"@id\":\"https:\/\/gaudiumetspes-blog.pl\/#\/schema\/person\/image\/\",\"url\":\"https:\/\/gaudiumetspes-blog.pl\/wp-content\/uploads\/2019\/07\/avatar-JJ-150x150.jpg\",\"contentUrl\":\"https:\/\/gaudiumetspes-blog.pl\/wp-content\/uploads\/2019\/07\/avatar-JJ-150x150.jpg\",\"caption\":\"Ks. Jacek\"},\"description\":\"Witam serdecznie! K\u0142ania si\u0119 Ks. Jacek Ja\u015bkowski. Nie jestem ani kim\u015b wa\u017cnym, ani kim\u015b znanym. Jestem ksi\u0119dzem, kt\u00f3ry po prostu chce rozmawia\u0107. Codzienna kap\u0142a\u0144ska pos\u0142uga pokazuje mi, \u017ce temat\u00f3w do rozm\u00f3w z ksi\u0119dzem jest coraz wi\u0119cej i dzisiaj \u017caden ksi\u0105dz nie mo\u017ce od nich ucieka\u0107, ale - wprost przeciwnie - podejmowa\u0107 nowe wyzwania. To przekonanie sk\u0142oni\u0142o mnie do pr\u00f3by otwarcia tego\u017c bloga, chocia\u017c okazji do rozm\u00f3w na co dzie\u0144 - w konfesjonale i poza nim - na szcz\u0119\u015bcie nie brakuje. My\u015bl\u0119 jednak, \u017ce ten blog b\u0119dzie jeszcze jednym sposobem i przestrzeni\u0105 nawi\u0105zania kontaktu z lud\u017ami dobrej woli, otwartymi na dialog.\",\"url\":\"https:\/\/gaudiumetspes-blog.pl\/index.php\/author\/ks-jacek\/\"}]}<\/script>\n<!-- \/ Yoast SEO plugin. -->","yoast_head_json":{"title":"Pan sam da wam znak! - Gaudium Et Spes","robots":{"index":"index","follow":"follow","max-snippet":"max-snippet:-1","max-image-preview":"max-image-preview:large","max-video-preview":"max-video-preview:-1"},"canonical":"https:\/\/gaudiumetspes-blog.pl\/index.php\/2025\/03\/25\/pan-sam-da-wam-znak-3\/","og_locale":"pl_PL","og_type":"article","og_title":"Pan sam da wam znak! - Gaudium Et Spes","og_description":"Niech b\u0119dzie pochwalony Jezus Chrystus! Drodzy moi, w dniu dzisiejszym urodziny prze\u017cywa Kacper Czech \u2013 Cz\u0142owiek mi bardzo bliski, \u201eodnaleziony\u201d po latach Ministrant mojej rodzinnej Parafii, a obecnie M\u0105\u017c Katarzyny, Cz\u0142owiek niezwykle aktywnie zaanga\u017cowany w \u017cycie Ko\u015bcio\u0142a, Autor rozwa\u017ca\u0144 sobotnich na naszym forum. Z ca\u0142ego serca \u017cycz\u0119, aby Jego zwi\u0105zanie z Jezusem i z Jego [&hellip;]","og_url":"https:\/\/gaudiumetspes-blog.pl\/index.php\/2025\/03\/25\/pan-sam-da-wam-znak-3\/","og_site_name":"Gaudium Et Spes","article_published_time":"2025-03-25T07:42:07+00:00","author":"Ks. Jacek","twitter_card":"summary_large_image","twitter_misc":{"Napisane przez":"Ks. Jacek","Szacowany czas czytania":"8 minut"},"schema":{"@context":"https:\/\/schema.org","@graph":[{"@type":"WebPage","@id":"https:\/\/gaudiumetspes-blog.pl\/index.php\/2025\/03\/25\/pan-sam-da-wam-znak-3\/","url":"https:\/\/gaudiumetspes-blog.pl\/index.php\/2025\/03\/25\/pan-sam-da-wam-znak-3\/","name":"Pan sam da wam znak! - Gaudium Et Spes","isPartOf":{"@id":"https:\/\/gaudiumetspes-blog.pl\/#website"},"datePublished":"2025-03-25T07:42:07+00:00","author":{"@id":"https:\/\/gaudiumetspes-blog.pl\/#\/schema\/person\/1661982992b752dea8dff0d4ed845a65"},"breadcrumb":{"@id":"https:\/\/gaudiumetspes-blog.pl\/index.php\/2025\/03\/25\/pan-sam-da-wam-znak-3\/#breadcrumb"},"inLanguage":"pl-PL","potentialAction":[{"@type":"ReadAction","target":["https:\/\/gaudiumetspes-blog.pl\/index.php\/2025\/03\/25\/pan-sam-da-wam-znak-3\/"]}]},{"@type":"BreadcrumbList","@id":"https:\/\/gaudiumetspes-blog.pl\/index.php\/2025\/03\/25\/pan-sam-da-wam-znak-3\/#breadcrumb","itemListElement":[{"@type":"ListItem","position":1,"name":"Strona g\u0142\u00f3wna","item":"https:\/\/gaudiumetspes-blog.pl\/"},{"@type":"ListItem","position":2,"name":"Pan sam da wam znak!"}]},{"@type":"WebSite","@id":"https:\/\/gaudiumetspes-blog.pl\/#website","url":"https:\/\/gaudiumetspes-blog.pl\/","name":"Gaudium Et Spes","description":"Blog Ks. Jacka Ja\u015bkowskiego","potentialAction":[{"@type":"SearchAction","target":{"@type":"EntryPoint","urlTemplate":"https:\/\/gaudiumetspes-blog.pl\/?s={search_term_string}"},"query-input":{"@type":"PropertyValueSpecification","valueRequired":true,"valueName":"search_term_string"}}],"inLanguage":"pl-PL"},{"@type":"Person","@id":"https:\/\/gaudiumetspes-blog.pl\/#\/schema\/person\/1661982992b752dea8dff0d4ed845a65","name":"Ks. Jacek","image":{"@type":"ImageObject","inLanguage":"pl-PL","@id":"https:\/\/gaudiumetspes-blog.pl\/#\/schema\/person\/image\/","url":"https:\/\/gaudiumetspes-blog.pl\/wp-content\/uploads\/2019\/07\/avatar-JJ-150x150.jpg","contentUrl":"https:\/\/gaudiumetspes-blog.pl\/wp-content\/uploads\/2019\/07\/avatar-JJ-150x150.jpg","caption":"Ks. Jacek"},"description":"Witam serdecznie! K\u0142ania si\u0119 Ks. Jacek Ja\u015bkowski. Nie jestem ani kim\u015b wa\u017cnym, ani kim\u015b znanym. Jestem ksi\u0119dzem, kt\u00f3ry po prostu chce rozmawia\u0107. Codzienna kap\u0142a\u0144ska pos\u0142uga pokazuje mi, \u017ce temat\u00f3w do rozm\u00f3w z ksi\u0119dzem jest coraz wi\u0119cej i dzisiaj \u017caden ksi\u0105dz nie mo\u017ce od nich ucieka\u0107, ale - wprost przeciwnie - podejmowa\u0107 nowe wyzwania. To przekonanie sk\u0142oni\u0142o mnie do pr\u00f3by otwarcia tego\u017c bloga, chocia\u017c okazji do rozm\u00f3w na co dzie\u0144 - w konfesjonale i poza nim - na szcz\u0119\u015bcie nie brakuje. My\u015bl\u0119 jednak, \u017ce ten blog b\u0119dzie jeszcze jednym sposobem i przestrzeni\u0105 nawi\u0105zania kontaktu z lud\u017ami dobrej woli, otwartymi na dialog.","url":"https:\/\/gaudiumetspes-blog.pl\/index.php\/author\/ks-jacek\/"}]}},"jetpack_featured_media_url":"","jetpack_sharing_enabled":true,"_links":{"self":[{"href":"https:\/\/gaudiumetspes-blog.pl\/index.php\/wp-json\/wp\/v2\/posts\/23586","targetHints":{"allow":["GET"]}}],"collection":[{"href":"https:\/\/gaudiumetspes-blog.pl\/index.php\/wp-json\/wp\/v2\/posts"}],"about":[{"href":"https:\/\/gaudiumetspes-blog.pl\/index.php\/wp-json\/wp\/v2\/types\/post"}],"author":[{"embeddable":true,"href":"https:\/\/gaudiumetspes-blog.pl\/index.php\/wp-json\/wp\/v2\/users\/1"}],"replies":[{"embeddable":true,"href":"https:\/\/gaudiumetspes-blog.pl\/index.php\/wp-json\/wp\/v2\/comments?post=23586"}],"version-history":[{"count":1,"href":"https:\/\/gaudiumetspes-blog.pl\/index.php\/wp-json\/wp\/v2\/posts\/23586\/revisions"}],"predecessor-version":[{"id":23587,"href":"https:\/\/gaudiumetspes-blog.pl\/index.php\/wp-json\/wp\/v2\/posts\/23586\/revisions\/23587"}],"wp:attachment":[{"href":"https:\/\/gaudiumetspes-blog.pl\/index.php\/wp-json\/wp\/v2\/media?parent=23586"}],"wp:term":[{"taxonomy":"category","embeddable":true,"href":"https:\/\/gaudiumetspes-blog.pl\/index.php\/wp-json\/wp\/v2\/categories?post=23586"},{"taxonomy":"post_tag","embeddable":true,"href":"https:\/\/gaudiumetspes-blog.pl\/index.php\/wp-json\/wp\/v2\/tags?post=23586"}],"curies":[{"name":"wp","href":"https:\/\/api.w.org\/{rel}","templated":true}]}}