{"id":23588,"date":"2025-03-26T09:08:47","date_gmt":"2025-03-26T08:08:47","guid":{"rendered":"https:\/\/gaudiumetspes-blog.pl\/?p=23588"},"modified":"2025-03-26T09:08:47","modified_gmt":"2025-03-26T08:08:47","slug":"wypelnic-przykazania-miloscia","status":"publish","type":"post","link":"https:\/\/gaudiumetspes-blog.pl\/index.php\/2025\/03\/26\/wypelnic-przykazania-miloscia\/","title":{"rendered":"Wype\u0142ni\u0107 przykazania &#8211; mi\u0142o\u015bci\u0105!"},"content":{"rendered":"<p align=\"justify\"><span style=\"color: #000000;\"><span style=\"font-family: Book Antiqua, serif;\"><span style=\"font-size: large;\">Szcz\u0119\u015b\u0107 Bo\u017ce! Moi Drodzy, dzisiaj nie wybieram si\u0119 na dy\u017cur duszpasterski, na Wydziale Nauk \u015acis\u0142ych i Przyrodniczych, przy ulicy 3 Maja, poniewa\u017c o 10:00, w gmachu Seminarium, odb\u0119dzie si\u0119 okresowe spotkanie formacyjno \u2013 duszpasterskie Ksi\u0119\u017cy z Diecezji. B\u0119dzie wsp\u00f3lna modlitwa, konferencja Ojca Duchownego, obiad i kawa \u2013 to mocne punkty tego spotkania. <\/span><\/span><\/span><\/p>\n<p align=\"justify\"><span style=\"color: #000000;\"><span style=\"font-family: Book Antiqua, serif;\"><span style=\"font-size: large;\">Niestety, b\u0119d\u0105 te\u017c przem\u00f3wienia Kurialist\u00f3w \u2013 to najs\u0142abszy punkt tego spotkania. W najlepszym bowiem wariancie oznacza on strat\u0119 czasu, ale zwykle na tym wariancie si\u0119 nie ko\u0144czy, a ma miejsce wariant ostrzejszy, czyli irytacja Uczestnik\u00f3w, prowadz\u0105ca niejednokrotnie do wypowiadania niecenzuralnych s\u0142\u00f3w! Ale c\u00f3\u017c, tak\u017ce takimi trudnymi drogami prowadzi nas Pan\u2026 Jak czytamy w Dziejach Apostolskich: przez wiele ucisk\u00f3w trzeba nam wej\u015b\u0107 do Kr\u00f3lestwa niebieskiego.<\/span><\/span><\/span><\/p>\n<p align=\"justify\"><span style=\"color: #000000;\"><span style=\"font-family: Book Antiqua, serif;\"><span style=\"font-size: large;\">Natomiast potem, o 17:00, spotkanie w Duszpasterstwie tworz\u0105cej si\u0119 wsp\u00f3lnoty studenckiej i rozmowa na wybrany temat, po czym Msza \u015awi\u0119ta o godzinie 19:00 w intencji \u015arodowiska Akademickiego, Duszpasterstwa Akademickiego i M\u0142odzie\u017cy w Ko\u015bciele, po kt\u00f3rej: adoracja Naj\u015bwi\u0119tszego Sakramentu, w g\u0142\u0119bokiej ciszy, do godziny 21:00. Zapraszam! Albo do uczestnictwa osobistego, albo do duchowej \u0142\u0105czno\u015bci.<\/span><\/span><\/span><\/p>\n<p align=\"justify\"><span style=\"color: #000000;\"><span style=\"font-family: Book Antiqua, serif;\"><span style=\"font-size: large;\">Teraz natomiast zapraszam do pochylenia si\u0119 nad Bo\u017cym s\u0142owem dzisiejszej liturgii. Oto s\u0142\u00f3wko Ksi\u0119dza Marka na dzi\u015b:<\/span><\/span><\/span><\/p>\n<p align=\"justify\"><span style=\"color: #000000;\"><span style=\"font-family: Book Antiqua, serif;\"><span style=\"font-size: medium;\"><a href=\"https:\/\/www.youtube.com\/c\/CatholicSurgut\"><span style=\"font-size: large;\"><b>https:\/\/www.youtube.com\/c\/CatholicSurgut<\/b><\/span><\/a> <\/span><\/span><\/span><\/p>\n<p align=\"justify\"><span style=\"color: #000000;\"><span style=\"font-family: Book Antiqua, serif;\"><span style=\"font-size: large;\">Zatem,<b> <\/b><b>z <\/b><b>jakim przes\u0142aniem <\/b><b>Pan<\/b><b> zwraca <\/b><b>si\u0119 dzi\u015b do mnie<\/b><b>?<\/b> <b>Kt\u00f3re konkretnie zdanie najmocniej mnie dotyka?<\/b> Duchu \u015awi\u0119ty, przyjd\u017a i rozja\u015bnij nasze serca i umys\u0142y!<\/span><\/span><\/span><\/p>\n<p align=\"justify\"><span style=\"color: #000000;\"><span style=\"font-family: Book Antiqua, serif;\"><span style=\"font-size: large;\"><b>Niech Was b\u0142ogos\u0142awi B\u00f3g Wszechmog\u0105cy: Ojciec + i Syn, i Duch \u015awi\u0119ty. Amen<\/b><\/span><\/span><\/span><\/p>\n<p align=\"center\"><span style=\"color: #000000;\"><span style=\"font-family: Book Antiqua, serif;\"><span style=\"font-size: large;\">Gaudium et spes! Ks. Jacek<\/span><\/span><\/span><\/p>\n<p align=\"center\">\n<p align=\"center\">\n<p align=\"center\">\n<p align=\"center\">\n<p align=\"center\">\n<p align=\"justify\"><span style=\"color: #000000;\"><span style=\"font-family: Book Antiqua, serif;\"><span style=\"font-size: large;\"><b>\u015aroda 3 Tygodnia Wielkiego Postu,<\/b><\/span><\/span><\/span><\/p>\n<p align=\"justify\"><span style=\"color: #000000;\"><span style=\"font-family: Book Antiqua, serif;\"><span style=\"font-size: large;\"><b>26 marca 2025.,\u00a0<\/b><\/span><\/span><\/span><\/p>\n<p align=\"justify\"><span style=\"color: #000000;\"><span style=\"font-family: Book Antiqua, serif;\"><span style=\"font-size: large;\"><b>do czyta\u0144: Pwt 4,1.5\u20139; Mt 5,17\u201319<\/b><\/span><\/span><\/span><\/p>\n<p align=\"justify\">\n<p align=\"justify\">\n<p align=\"justify\">\n<p align=\"justify\">\n<p align=\"justify\">\n<p align=\"justify\"><span style=\"color: #000000;\"><span style=\"font-family: Book Antiqua, serif;\"><span style=\"font-size: large;\"><b>CZYTANIE Z KSI\u0118GI POWT\u00d3RZONEGO PRAWA: <\/b><\/span><\/span><\/span><\/p>\n<p align=\"justify\"><span style=\"color: #000000;\"><span style=\"font-family: Book Antiqua, serif;\"><span style=\"font-size: large;\"><b>Moj\u017cesz przem\u00f3wi\u0142 do ludu, m\u00f3wi\u0105c: \u201eA teraz, Izraelu, s\u0142uchaj praw i nakaz\u00f3w, kt\u00f3re ucz\u0119 was wype\u0142nia\u0107, aby\u015bcie \u017cyli i doszli do posiadania ziemi, kt\u00f3r\u0105 wam daje Pan, B\u00f3g waszych ojc\u00f3w.<\/b><\/span><\/span><\/span><\/p>\n<p align=\"justify\"><span style=\"color: #000000;\"><span style=\"font-family: Book Antiqua, serif;\"><span style=\"font-size: large;\"><b>Patrzcie, naucza\u0142em was praw i nakaz\u00f3w, jak mi rozkaza\u0142 czyni\u0107 B\u00f3g m\u00f3j, Pan, aby\u015bcie je wype\u0142niali w ziemi, do kt\u00f3rej idziecie, by obj\u0105\u0107 j\u0105 w posiadanie. Strze\u017ccie ich i wype\u0142niajcie je, bo one s\u0105 wasz\u0105 m\u0105dro\u015bci\u0105 i umiej\u0119tno\u015bci\u0105 w oczach narod\u00f3w, kt\u00f3re, us\u0142yszawszy o tych prawach, powiedz\u0105: \u00abZ pewno\u015bci\u0105 ten wielki nar\u00f3d to lud m\u0105dry i rozumny\u00bb.<\/b><\/span><\/span><\/span><\/p>\n<p align=\"justify\"><span style=\"color: #000000;\"><span style=\"font-family: Book Antiqua, serif;\"><span style=\"font-size: large;\"><b>Bo kt\u00f3ry\u017c nar\u00f3d wielki ma bog\u00f3w tak bliskich, jak B\u00f3g nasz, Pan, ilekro\u0107 Go prosimy? Kt\u00f3ry\u017c nar\u00f3d wielki ma prawa i nakazy tak sprawiedliwe, jak ca\u0142e to Prawo, kt\u00f3re ja wam dzi\u015b nadaj\u0119?<\/b><\/span><\/span><\/span><\/p>\n<p align=\"justify\"><span style=\"color: #000000;\"><span style=\"font-family: Book Antiqua, serif;\"><span style=\"font-size: large;\"><b>Tylko si\u0119 strze\u017c bardzo i pilnuj swej duszy, by\u015b nie zapomnia\u0142 o tych rzeczach, kt\u00f3re widzia\u0142y twe oczy: by z twego serca nie usz\u0142y po wszystkie dni twego \u017cycia, ale ucz ich swych syn\u00f3w i wnuk\u00f3w\u201d.<\/b><\/span><\/span><\/span><\/p>\n<p align=\"justify\">\n<p align=\"justify\">\n<p align=\"justify\">\n<p align=\"justify\">\n<p align=\"justify\">\n<p align=\"justify\"><span style=\"color: #000000;\"><span style=\"font-family: Book Antiqua, serif;\"><span style=\"font-size: large;\"><b>S\u0141OWA EWANGELII WED\u0141UG \u015aWI\u0118TEGO MATEUSZA: <\/b><\/span><\/span><\/span><\/p>\n<p align=\"justify\"><span style=\"color: #000000;\"><span style=\"font-family: Book Antiqua, serif;\"><span style=\"font-size: large;\"><b>Jezus powiedzia\u0142 do swoich uczni\u00f3w: \u201eNie s\u0105d\u017acie, \u017ce przyszed\u0142em znie\u015b\u0107 Prawo albo Prorok\u00f3w. Nie przyszed\u0142em znie\u015b\u0107, ale wype\u0142ni\u0107. Zaprawd\u0119 bowiem powiadam wam: Dop\u00f3ki niebo i ziemia nie przemin\u0105, ani jedna jota, ani jedna kreska nie zmieni si\u0119 w Prawie, a\u017c si\u0119 wszystko spe\u0142ni. <\/b><\/span><\/span><\/span><\/p>\n<p align=\"justify\"><span style=\"color: #000000;\"><span style=\"font-family: Book Antiqua, serif;\"><span style=\"font-size: large;\"><b>Ktokolwiek wi\u0119c zni\u00f3s\u0142by jedno z tych przykaza\u0144, cho\u0107by najmniejsze, i uczy\u0142by tak ludzi, ten b\u0119dzie najmniejszy w kr\u00f3lestwie niebieskim. A kto je wype\u0142nia i uczy wype\u0142nia\u0107, ten b\u0119dzie wielki w kr\u00f3lestwie niebieskim\u201d.<\/b><\/span><\/span><\/span><\/p>\n<p align=\"justify\">\n<p align=\"justify\">\n<p align=\"justify\">\n<p align=\"justify\">\n<p align=\"justify\">\n<p align=\"justify\"><span style=\"color: #000000;\"><span style=\"font-family: Book Antiqua, serif;\"><span style=\"font-size: large;\">Zawsze, ilekro\u0107 s\u0142ucham tej przemowy Moj\u017cesza, jak\u0105 dzi\u015b wyg\u0142osi\u0142 on do swego ludu, mocno zastanawiaj\u0105 mnie s\u0142owa: <i><b>Strze\u017ccie ich i wype\u0142niajcie je, bo one s\u0105 wasz\u0105 m\u0105dro\u015bci\u0105 i umiej\u0119tno\u015bci\u0105 w oczach narod\u00f3w, kt\u00f3re, us\u0142yszawszy o tych prawach, powiedz\u0105: \u00abZ pewno\u015bci\u0105 ten wielki nar\u00f3d to lud m\u0105dry i rozumny\u00bb.<\/b><\/i><b> <\/b>I mo\u017ce jeszcze nast\u0119pne: <i><b>Bo kt\u00f3ry\u017c nar\u00f3d wielki ma bog\u00f3w tak bliskich, jak B\u00f3g nasz, Pan, ilekro\u0107 Go prosimy? Kt\u00f3ry\u017c nar\u00f3d wielki ma prawa i nakazy tak sprawiedliwe, jak ca\u0142e to Prawo, kt\u00f3re ja wam dzi\u015b nadaj\u0119? <\/b><\/i><\/span><\/span><\/span><\/p>\n<p align=\"justify\"><span style=\"color: #000000;\"><span style=\"font-family: Book Antiqua, serif;\"><span style=\"font-size: large;\">Ot\u00f3\u017c, zastanawia mnie to stwierdzenie, \u017ce nar\u00f3d jest wielki, m\u0105dry i rozumny, <b>bo ma m\u0105dre prawa, <\/b>nadane przez samego Boga. Moja w\u0105tpliwo\u015b\u0107 jest taka: <b>czy samo posiadanie praw jest recept\u0105 na m\u0105dro\u015b\u0107?<\/b> I na rozumno\u015b\u0107? I na zdrowy rozs\u0105dek? <\/span><\/span><\/span><\/p>\n<p align=\"justify\"><span style=\"color: #000000;\"><span style=\"font-family: Book Antiqua, serif;\"><span style=\"font-size: large;\">Jako\u015b tak samorzutnie nasuwaj\u0105 si\u0119 r\u00f3\u017cne skojarzenia, w tym tak\u017ce te, dotycz\u0105ce <b>naszego, polskiego narodu, <\/b>a tutaj mo\u017cna wr\u0119cz chyba m\u00f3wi\u0107<b> o totalnym zaprzeczeniu<\/b> temu\u017c stwierdzeniu! Przecie\u017c my, jako nar\u00f3d, mamy<b> nie tylko Prawo Bo\u017ce,<\/b> kt\u00f3rego uczeni jeste\u015bmy \u2013 jako nar\u00f3d ochrzczony \u2013 od ponad tysi\u0105ca lat. <\/span><\/span><\/span><\/p>\n<p align=\"justify\"><span style=\"color: #000000;\"><span style=\"font-family: Book Antiqua, serif;\"><span style=\"font-size: large;\">Ale mamy te\u017c bardzo wiele,<b> niezwykle jasnych i konkretnych wskaza\u0144,<\/b> kierowanych <b>bezpo\u015brednio do nas, Polak\u00f3w,<\/b> przez<b> Jana Paw\u0142a II,<\/b> przez <b>Prymasa Tysi\u0105clecia, Stefana Kardyna\u0142a Wyszy\u0144skiego;<\/b> przez <b>Ksi\u0119dza Jerzego Popie\u0142uszk\u0119,<\/b> przez tylu <b>o<\/b><b>jc\u00f3w i <\/b><b>n<\/b><b>auczycieli Narodu, <\/b>m\u00f3wi\u0105cych i pisz\u0105cych na przestrzeni wiek\u00f3w \u2013 w tym tak\u017ce: tak wielu trze\u017awo patrz\u0105cych na nasze narodowe dzieje i postawy <b>poet\u00f3w i pisarzy<\/b> \u2013 i c\u00f3\u017c? Co z tego konkretnie wynika? <\/span><\/span><\/span><\/p>\n<p align=\"justify\"><span style=\"color: #000000;\"><span style=\"font-family: Book Antiqua, serif;\"><span style=\"font-size: large;\">Czy mo\u017cna o nas, Polakach, powiedzie\u0107: <i><b>Z pewno\u015bci\u0105 ten wielki nar\u00f3d to lud m\u0105dry i rozumny<\/b><\/i><b> ? <\/b>Naprawd\u0119? Czy nasze <b>wybory polityczne,<\/b> dokonywane w prze\u0142omowych momentach dziej\u00f3w, czy te<b> wybory spo\u0142eczne, <\/b>dokonywane na bie\u017c\u0105co; czy wreszcie <b>wybory moralne, <\/b>dokonywane na co dzie\u0144 \u2013 potwierdzaj\u0105 to, \u017ce\u015bmy ludem m\u0105drym i rozumnym? Oj, wydaje si\u0119, \u017ce nikt m\u0105dry i rozumny tego nie potwierdzi\u2026 <\/span><\/span><\/span><\/p>\n<p align=\"justify\"><span style=\"color: #000000;\"><span style=\"font-family: Book Antiqua, serif;\"><span style=\"font-size: large;\">Tak\u017ce ostatni czas, kiedy to nar\u00f3d w wi\u0119kszo\u015bci milczy, <b>patrz\u0105c biernie, ospale i oboj\u0119tnie na bandytyzm,<\/b> dokonywany przez aktualn\u0105 w\u0142adz\u0119 \u2013 bandytyzm prowadz\u0105cy ju\u017c <b>do ofiar \u015bmiertelnych, <\/b>a wyra\u017caj\u0105cy si\u0119 w totalnym (totalitarnym), bezczelnym \u0142amaniu wszelkich praw Boskich i ludzkich \u2013 zdaje si\u0119 potwierdza\u0107, \u017ce<b> samo posiadanie<\/b> nawet najwi\u0119kszego bogactwa duchowego i intelektualnego, kt\u00f3re podarowa\u0142 nam Pan i pomno\u017cyli wielcy nasi Poprzednicy, <b>nic nie znaczy!<\/b><\/span><\/span><\/span><\/p>\n<p align=\"justify\"><span style=\"color: #000000;\"><span style=\"font-family: Book Antiqua, serif;\"><span style=\"font-size: large;\">Moj\u017cesz te\u017c o tym wiedzia\u0142 \u2013 w odniesieniu do swego narodu \u2013 dlatego m\u00f3wi dzi\u015b: <i><b>A teraz, Izraelu, s\u0142uchaj praw i nakaz\u00f3w, kt\u00f3re ucz\u0119 was wype\u0142nia\u0107, aby\u015bcie \u017cyli i doszli do posiadania ziemi, kt\u00f3r\u0105 wam daje Pan, B\u00f3g waszych ojc\u00f3w. <\/b><\/i><i><b>Patrzcie, naucza\u0142em was praw i nakaz\u00f3w, jak mi rozkaza\u0142 czyni\u0107 B\u00f3g m\u00f3j, Pan, aby\u015bcie je wype\u0142niali w ziemi, do kt\u00f3rej idziecie, by obj\u0105\u0107 j\u0105 w posiadanie.<\/b><\/i><b> <\/b>I jeszcze dodaje: <i><b>Tylko si\u0119 strze\u017c bardzo i pilnuj swej duszy, by\u015b nie zapomnia\u0142 o tych rzeczach, kt\u00f3re widzia\u0142y twe oczy: by z twego serca nie usz\u0142y po wszystkie dni twego \u017cycia, ale ucz ich swych syn\u00f3w i wnuk\u00f3w.<\/b><\/i><b> <\/b>Ot\u00f3\u017c, w\u0142a\u015bnie! <\/span><\/span><\/span><\/p>\n<p align=\"justify\"><span style=\"color: #000000;\"><span style=\"font-family: Book Antiqua, serif;\"><span style=\"font-size: large;\">To te\u017c jest bardzo wa\u017cny element ca\u0142ej tej uk\u0142adanki: zna\u0107 Prawo Bo\u017ce, przestrzega\u0107 go \u2013 <b>pami\u0119taj\u0105c przy tym o dobrodziejstwach,<\/b> kt\u00f3rych Pan do tej pory udzieli\u0142 tak ca\u0142emu narodowi, jak i ka\u017cdej i ka\u017cdemu z nas. Pami\u0119ta\u0107 o tym, <b>do jakiego dobra prowadzi<\/b> w\u0142a\u015bnie przestrzeganie tych\u017ce m\u0105drych praw, kt\u00f3re da\u0142 Pan. <\/span><\/span><\/span><\/p>\n<p align=\"justify\"><span style=\"color: #000000;\"><span style=\"font-family: Book Antiqua, serif;\"><span style=\"font-size: large;\">Po tej linii idzie dzisiejsze pouczenie Jezusa, kt\u00f3re us\u0142yszeli\u015bmy w czytaniu ewangelicznym: <i><b>Nie s\u0105d\u017acie, \u017ce przyszed\u0142em<\/b><\/i><b> <\/b><i><b>znie\u015b\u0107<\/b><\/i><b> <\/b><i><b>Prawo albo Prorok\u00f3w. Nie przyszed\u0142em znie\u015b\u0107, ale wype\u0142ni\u0107. Zaprawd\u0119 bowiem powiadam wam: Dop\u00f3ki niebo i ziemia nie przemin\u0105, ani jedna jota, ani jedna kreska nie zmieni si\u0119 w Prawie, a\u017c si\u0119 wszystko spe\u0142ni.<\/b><\/i><b> <\/b><\/span><\/span><\/span><\/p>\n<p align=\"justify\"><span style=\"color: #000000;\"><span style=\"font-family: Book Antiqua, serif;\"><span style=\"font-size: large;\">Mo\u017ce nas to troch\u0119 dziwi, wszak wiemy dobrze, \u017ce <b>instytucje i przepisy Starego Testamentu<\/b> w wi\u0119kszo\u015bci <b>nie obowi\u0105zuj\u0105 nas,<\/b> wychowanych w blaskach Nowego Testamentu. Tak, to prawda, ale Jezus m\u00f3wi nam, \u017ce On przyszed\u0142 wype\u0142ni\u0107 te przepisy starotestamentalne <b>swoim \u017cyciem, <\/b>wype\u0142ni\u0107 je <b>swoj\u0105 mi\u0142o\u015bci\u0105, <\/b>przypomnie\u0107 ich <b>pierwsze i zasadnicze znaczenie i rozumienie! <\/b>To rozumienie, to znaczenie, kt\u00f3re <b>przy\u015bwieca\u0142o Bogu, kiedy je ustanawia\u0142, <\/b>a zanim zosta\u0142y przez ludzi tak poprzeinaczane i dowolnie zinterpretowane, \u017ce osi\u0105gn\u0119\u0142y kszta\u0142ty w\u0142a\u015bciwie karykaturalne. <\/span><\/span><\/span><\/p>\n<p align=\"justify\"><span style=\"color: #000000;\"><span style=\"font-family: Book Antiqua, serif;\"><span style=\"font-size: large;\">W tym sensie \u2013 czyli je\u015bli idzie o ich pierwotny zamys\u0142 \u2013 one si\u0119 <b>nie zmieni\u0142y ani \u00abna jot\u0119\u00bb, ani \u00abna kresk\u0119\u00bb.<\/b> W nich wszystkich chodzi o doprowadzenie cz\u0142owieka <b>do pe\u0142nej jedno\u015bci z Bogiem,<\/b> a finalnie: <b>do zbawienia. <\/b>Ale stanie si\u0119 to w\u00f3wczas, kiedy te przepisy m\u0105dre i rozumne <b>nie b\u0119d\u0105 tylko zapisem na papierze,<\/b> paragrafami w kodeksach, stronicami z poz\u0142acanych ksi\u0119gach, inskrypcjami na mosi\u0119\u017cnych tablicach \u2013 <b>ale programem \u017cycia.<\/b> Drogowskazami na drogach \u017cycia. <\/span><\/span><\/span><\/p>\n<p align=\"justify\"><span style=\"color: #000000;\"><span style=\"font-family: Book Antiqua, serif;\"><span style=\"font-size: large;\">Tylko takie ich traktowanie sprawi, \u017ce o naszym Narodzie b\u0119dzie mo\u017cna powiedzie\u0107: <i><b>Z pewno\u015bci\u0105 ten wielki nar\u00f3d to lud m\u0105dry i rozumny.<\/b><\/i><b> <\/b>I tylko wtedy o ka\u017cdym z nas mo\u017cna b\u0119dzie powiedzie\u0107: <b>to cz\u0142owiek m\u0105dry i rozumny.<\/b> Bo ma sw\u00f3j kodeks drogowy, kt\u00f3rym si\u0119 kieruje na drogach swojego \u017cycia, a tym kodeksem drogowym jest <b>Chrystusowy <\/b><b>kodeks moralny,<\/b> dlatego chodzi tylko prostymi drogami, nie b\u0142\u0105dzi \u2013 i innych nie sprowadza na bezdro\u017ca. M\u00f3wi to, co m\u0105dre \u2013 <b>i wie, co m\u00f3wi. <\/b>M\u00f3wi to, co my\u015bli, ale przede wszystkim: <b>my\u015bli, co m\u00f3wi. <\/b>I post\u0119puje tak, <b>jak my\u015bli i m\u00f3wi.<\/b> Nawet, je\u017celi si\u0119 to wielu z jego otoczenia nie podoba, to dla niego najwa\u017cniejszym jest, by podoba\u0142o si\u0119 to Bogu. Bo to <b>Jego prawami si\u0119 kieruje,<\/b> a nie s\u0142upkami sonda\u017cowymi, czy zmiennymi kaprysami w\u0142asnymi lub os\u00f3b z otoczenia. <\/span><\/span><\/span><\/p>\n<p align=\"justify\"><span style=\"color: #000000;\"><span style=\"font-family: Book Antiqua, serif;\"><span style=\"font-size: large;\">Dlatego tak wa\u017cnym jest, aby zapisane na kartach Pisma \u015awi\u0119tego przepisy Dekalogu czy zasady ewangelicznej nauki Jezusa Chrystusa ka\u017cdy z nas <b>wype\u0142ni\u0142<\/b> \u2013 <b>mi\u0142o\u015bci\u0105.<\/b> I z mi\u0142o\u015bci\u0105\u2026<\/span><\/span><\/span><\/p>\n","protected":false},"excerpt":{"rendered":"<p>Szcz\u0119\u015b\u0107 Bo\u017ce! Moi Drodzy, dzisiaj nie wybieram si\u0119 na dy\u017cur duszpasterski, na Wydziale Nauk \u015acis\u0142ych i Przyrodniczych, przy ulicy 3 Maja, poniewa\u017c o 10:00, w gmachu Seminarium, odb\u0119dzie si\u0119 okresowe spotkanie formacyjno \u2013 duszpasterskie Ksi\u0119\u017cy z Diecezji. B\u0119dzie wsp\u00f3lna modlitwa, konferencja Ojca Duchownego, obiad i kawa \u2013 to mocne punkty tego spotkania. Niestety, b\u0119d\u0105 te\u017c [&hellip;]<\/p>\n","protected":false},"author":1,"featured_media":0,"comment_status":"open","ping_status":"open","sticky":false,"template":"","format":"standard","meta":{"jetpack_post_was_ever_published":false,"_jetpack_newsletter_access":"","_jetpack_dont_email_post_to_subs":false,"_jetpack_newsletter_tier_id":0,"_jetpack_memberships_contains_paywalled_content":false,"_jetpack_memberships_contains_paid_content":false,"footnotes":""},"categories":[1],"tags":[],"class_list":["post-23588","post","type-post","status-publish","format-standard","hentry","category-bez-kategorii"],"yoast_head":"<!-- This site is optimized with the Yoast SEO plugin v25.1 - https:\/\/yoast.com\/wordpress\/plugins\/seo\/ -->\n<title>Wype\u0142ni\u0107 przykazania - mi\u0142o\u015bci\u0105! - Gaudium Et Spes<\/title>\n<meta name=\"robots\" content=\"index, follow, max-snippet:-1, max-image-preview:large, max-video-preview:-1\" \/>\n<link rel=\"canonical\" href=\"https:\/\/gaudiumetspes-blog.pl\/index.php\/2025\/03\/26\/wypelnic-przykazania-miloscia\/\" \/>\n<meta property=\"og:locale\" content=\"pl_PL\" \/>\n<meta property=\"og:type\" content=\"article\" \/>\n<meta property=\"og:title\" content=\"Wype\u0142ni\u0107 przykazania - mi\u0142o\u015bci\u0105! - Gaudium Et Spes\" \/>\n<meta property=\"og:description\" content=\"Szcz\u0119\u015b\u0107 Bo\u017ce! Moi Drodzy, dzisiaj nie wybieram si\u0119 na dy\u017cur duszpasterski, na Wydziale Nauk \u015acis\u0142ych i Przyrodniczych, przy ulicy 3 Maja, poniewa\u017c o 10:00, w gmachu Seminarium, odb\u0119dzie si\u0119 okresowe spotkanie formacyjno \u2013 duszpasterskie Ksi\u0119\u017cy z Diecezji. B\u0119dzie wsp\u00f3lna modlitwa, konferencja Ojca Duchownego, obiad i kawa \u2013 to mocne punkty tego spotkania. Niestety, b\u0119d\u0105 te\u017c [&hellip;]\" \/>\n<meta property=\"og:url\" content=\"https:\/\/gaudiumetspes-blog.pl\/index.php\/2025\/03\/26\/wypelnic-przykazania-miloscia\/\" \/>\n<meta property=\"og:site_name\" content=\"Gaudium Et Spes\" \/>\n<meta property=\"article:published_time\" content=\"2025-03-26T08:08:47+00:00\" \/>\n<meta name=\"author\" content=\"Ks. Jacek\" \/>\n<meta name=\"twitter:card\" content=\"summary_large_image\" \/>\n<meta name=\"twitter:label1\" content=\"Napisane przez\" \/>\n\t<meta name=\"twitter:data1\" content=\"Ks. Jacek\" \/>\n\t<meta name=\"twitter:label2\" content=\"Szacowany czas czytania\" \/>\n\t<meta name=\"twitter:data2\" content=\"8 minut\" \/>\n<script type=\"application\/ld+json\" class=\"yoast-schema-graph\">{\"@context\":\"https:\/\/schema.org\",\"@graph\":[{\"@type\":\"WebPage\",\"@id\":\"https:\/\/gaudiumetspes-blog.pl\/index.php\/2025\/03\/26\/wypelnic-przykazania-miloscia\/\",\"url\":\"https:\/\/gaudiumetspes-blog.pl\/index.php\/2025\/03\/26\/wypelnic-przykazania-miloscia\/\",\"name\":\"Wype\u0142ni\u0107 przykazania - mi\u0142o\u015bci\u0105! - Gaudium Et Spes\",\"isPartOf\":{\"@id\":\"https:\/\/gaudiumetspes-blog.pl\/#website\"},\"datePublished\":\"2025-03-26T08:08:47+00:00\",\"author\":{\"@id\":\"https:\/\/gaudiumetspes-blog.pl\/#\/schema\/person\/1661982992b752dea8dff0d4ed845a65\"},\"breadcrumb\":{\"@id\":\"https:\/\/gaudiumetspes-blog.pl\/index.php\/2025\/03\/26\/wypelnic-przykazania-miloscia\/#breadcrumb\"},\"inLanguage\":\"pl-PL\",\"potentialAction\":[{\"@type\":\"ReadAction\",\"target\":[\"https:\/\/gaudiumetspes-blog.pl\/index.php\/2025\/03\/26\/wypelnic-przykazania-miloscia\/\"]}]},{\"@type\":\"BreadcrumbList\",\"@id\":\"https:\/\/gaudiumetspes-blog.pl\/index.php\/2025\/03\/26\/wypelnic-przykazania-miloscia\/#breadcrumb\",\"itemListElement\":[{\"@type\":\"ListItem\",\"position\":1,\"name\":\"Strona g\u0142\u00f3wna\",\"item\":\"https:\/\/gaudiumetspes-blog.pl\/\"},{\"@type\":\"ListItem\",\"position\":2,\"name\":\"Wype\u0142ni\u0107 przykazania &#8211; mi\u0142o\u015bci\u0105!\"}]},{\"@type\":\"WebSite\",\"@id\":\"https:\/\/gaudiumetspes-blog.pl\/#website\",\"url\":\"https:\/\/gaudiumetspes-blog.pl\/\",\"name\":\"Gaudium Et Spes\",\"description\":\"Blog Ks. Jacka Ja\u015bkowskiego\",\"potentialAction\":[{\"@type\":\"SearchAction\",\"target\":{\"@type\":\"EntryPoint\",\"urlTemplate\":\"https:\/\/gaudiumetspes-blog.pl\/?s={search_term_string}\"},\"query-input\":{\"@type\":\"PropertyValueSpecification\",\"valueRequired\":true,\"valueName\":\"search_term_string\"}}],\"inLanguage\":\"pl-PL\"},{\"@type\":\"Person\",\"@id\":\"https:\/\/gaudiumetspes-blog.pl\/#\/schema\/person\/1661982992b752dea8dff0d4ed845a65\",\"name\":\"Ks. Jacek\",\"image\":{\"@type\":\"ImageObject\",\"inLanguage\":\"pl-PL\",\"@id\":\"https:\/\/gaudiumetspes-blog.pl\/#\/schema\/person\/image\/\",\"url\":\"https:\/\/gaudiumetspes-blog.pl\/wp-content\/uploads\/2019\/07\/avatar-JJ-150x150.jpg\",\"contentUrl\":\"https:\/\/gaudiumetspes-blog.pl\/wp-content\/uploads\/2019\/07\/avatar-JJ-150x150.jpg\",\"caption\":\"Ks. Jacek\"},\"description\":\"Witam serdecznie! K\u0142ania si\u0119 Ks. Jacek Ja\u015bkowski. Nie jestem ani kim\u015b wa\u017cnym, ani kim\u015b znanym. Jestem ksi\u0119dzem, kt\u00f3ry po prostu chce rozmawia\u0107. Codzienna kap\u0142a\u0144ska pos\u0142uga pokazuje mi, \u017ce temat\u00f3w do rozm\u00f3w z ksi\u0119dzem jest coraz wi\u0119cej i dzisiaj \u017caden ksi\u0105dz nie mo\u017ce od nich ucieka\u0107, ale - wprost przeciwnie - podejmowa\u0107 nowe wyzwania. To przekonanie sk\u0142oni\u0142o mnie do pr\u00f3by otwarcia tego\u017c bloga, chocia\u017c okazji do rozm\u00f3w na co dzie\u0144 - w konfesjonale i poza nim - na szcz\u0119\u015bcie nie brakuje. My\u015bl\u0119 jednak, \u017ce ten blog b\u0119dzie jeszcze jednym sposobem i przestrzeni\u0105 nawi\u0105zania kontaktu z lud\u017ami dobrej woli, otwartymi na dialog.\",\"url\":\"https:\/\/gaudiumetspes-blog.pl\/index.php\/author\/ks-jacek\/\"}]}<\/script>\n<!-- \/ Yoast SEO plugin. -->","yoast_head_json":{"title":"Wype\u0142ni\u0107 przykazania - mi\u0142o\u015bci\u0105! - Gaudium Et Spes","robots":{"index":"index","follow":"follow","max-snippet":"max-snippet:-1","max-image-preview":"max-image-preview:large","max-video-preview":"max-video-preview:-1"},"canonical":"https:\/\/gaudiumetspes-blog.pl\/index.php\/2025\/03\/26\/wypelnic-przykazania-miloscia\/","og_locale":"pl_PL","og_type":"article","og_title":"Wype\u0142ni\u0107 przykazania - mi\u0142o\u015bci\u0105! - Gaudium Et Spes","og_description":"Szcz\u0119\u015b\u0107 Bo\u017ce! Moi Drodzy, dzisiaj nie wybieram si\u0119 na dy\u017cur duszpasterski, na Wydziale Nauk \u015acis\u0142ych i Przyrodniczych, przy ulicy 3 Maja, poniewa\u017c o 10:00, w gmachu Seminarium, odb\u0119dzie si\u0119 okresowe spotkanie formacyjno \u2013 duszpasterskie Ksi\u0119\u017cy z Diecezji. B\u0119dzie wsp\u00f3lna modlitwa, konferencja Ojca Duchownego, obiad i kawa \u2013 to mocne punkty tego spotkania. Niestety, b\u0119d\u0105 te\u017c [&hellip;]","og_url":"https:\/\/gaudiumetspes-blog.pl\/index.php\/2025\/03\/26\/wypelnic-przykazania-miloscia\/","og_site_name":"Gaudium Et Spes","article_published_time":"2025-03-26T08:08:47+00:00","author":"Ks. Jacek","twitter_card":"summary_large_image","twitter_misc":{"Napisane przez":"Ks. Jacek","Szacowany czas czytania":"8 minut"},"schema":{"@context":"https:\/\/schema.org","@graph":[{"@type":"WebPage","@id":"https:\/\/gaudiumetspes-blog.pl\/index.php\/2025\/03\/26\/wypelnic-przykazania-miloscia\/","url":"https:\/\/gaudiumetspes-blog.pl\/index.php\/2025\/03\/26\/wypelnic-przykazania-miloscia\/","name":"Wype\u0142ni\u0107 przykazania - mi\u0142o\u015bci\u0105! - Gaudium Et Spes","isPartOf":{"@id":"https:\/\/gaudiumetspes-blog.pl\/#website"},"datePublished":"2025-03-26T08:08:47+00:00","author":{"@id":"https:\/\/gaudiumetspes-blog.pl\/#\/schema\/person\/1661982992b752dea8dff0d4ed845a65"},"breadcrumb":{"@id":"https:\/\/gaudiumetspes-blog.pl\/index.php\/2025\/03\/26\/wypelnic-przykazania-miloscia\/#breadcrumb"},"inLanguage":"pl-PL","potentialAction":[{"@type":"ReadAction","target":["https:\/\/gaudiumetspes-blog.pl\/index.php\/2025\/03\/26\/wypelnic-przykazania-miloscia\/"]}]},{"@type":"BreadcrumbList","@id":"https:\/\/gaudiumetspes-blog.pl\/index.php\/2025\/03\/26\/wypelnic-przykazania-miloscia\/#breadcrumb","itemListElement":[{"@type":"ListItem","position":1,"name":"Strona g\u0142\u00f3wna","item":"https:\/\/gaudiumetspes-blog.pl\/"},{"@type":"ListItem","position":2,"name":"Wype\u0142ni\u0107 przykazania &#8211; mi\u0142o\u015bci\u0105!"}]},{"@type":"WebSite","@id":"https:\/\/gaudiumetspes-blog.pl\/#website","url":"https:\/\/gaudiumetspes-blog.pl\/","name":"Gaudium Et Spes","description":"Blog Ks. Jacka Ja\u015bkowskiego","potentialAction":[{"@type":"SearchAction","target":{"@type":"EntryPoint","urlTemplate":"https:\/\/gaudiumetspes-blog.pl\/?s={search_term_string}"},"query-input":{"@type":"PropertyValueSpecification","valueRequired":true,"valueName":"search_term_string"}}],"inLanguage":"pl-PL"},{"@type":"Person","@id":"https:\/\/gaudiumetspes-blog.pl\/#\/schema\/person\/1661982992b752dea8dff0d4ed845a65","name":"Ks. Jacek","image":{"@type":"ImageObject","inLanguage":"pl-PL","@id":"https:\/\/gaudiumetspes-blog.pl\/#\/schema\/person\/image\/","url":"https:\/\/gaudiumetspes-blog.pl\/wp-content\/uploads\/2019\/07\/avatar-JJ-150x150.jpg","contentUrl":"https:\/\/gaudiumetspes-blog.pl\/wp-content\/uploads\/2019\/07\/avatar-JJ-150x150.jpg","caption":"Ks. Jacek"},"description":"Witam serdecznie! K\u0142ania si\u0119 Ks. Jacek Ja\u015bkowski. Nie jestem ani kim\u015b wa\u017cnym, ani kim\u015b znanym. Jestem ksi\u0119dzem, kt\u00f3ry po prostu chce rozmawia\u0107. Codzienna kap\u0142a\u0144ska pos\u0142uga pokazuje mi, \u017ce temat\u00f3w do rozm\u00f3w z ksi\u0119dzem jest coraz wi\u0119cej i dzisiaj \u017caden ksi\u0105dz nie mo\u017ce od nich ucieka\u0107, ale - wprost przeciwnie - podejmowa\u0107 nowe wyzwania. To przekonanie sk\u0142oni\u0142o mnie do pr\u00f3by otwarcia tego\u017c bloga, chocia\u017c okazji do rozm\u00f3w na co dzie\u0144 - w konfesjonale i poza nim - na szcz\u0119\u015bcie nie brakuje. My\u015bl\u0119 jednak, \u017ce ten blog b\u0119dzie jeszcze jednym sposobem i przestrzeni\u0105 nawi\u0105zania kontaktu z lud\u017ami dobrej woli, otwartymi na dialog.","url":"https:\/\/gaudiumetspes-blog.pl\/index.php\/author\/ks-jacek\/"}]}},"jetpack_featured_media_url":"","jetpack_sharing_enabled":true,"_links":{"self":[{"href":"https:\/\/gaudiumetspes-blog.pl\/index.php\/wp-json\/wp\/v2\/posts\/23588","targetHints":{"allow":["GET"]}}],"collection":[{"href":"https:\/\/gaudiumetspes-blog.pl\/index.php\/wp-json\/wp\/v2\/posts"}],"about":[{"href":"https:\/\/gaudiumetspes-blog.pl\/index.php\/wp-json\/wp\/v2\/types\/post"}],"author":[{"embeddable":true,"href":"https:\/\/gaudiumetspes-blog.pl\/index.php\/wp-json\/wp\/v2\/users\/1"}],"replies":[{"embeddable":true,"href":"https:\/\/gaudiumetspes-blog.pl\/index.php\/wp-json\/wp\/v2\/comments?post=23588"}],"version-history":[{"count":1,"href":"https:\/\/gaudiumetspes-blog.pl\/index.php\/wp-json\/wp\/v2\/posts\/23588\/revisions"}],"predecessor-version":[{"id":23589,"href":"https:\/\/gaudiumetspes-blog.pl\/index.php\/wp-json\/wp\/v2\/posts\/23588\/revisions\/23589"}],"wp:attachment":[{"href":"https:\/\/gaudiumetspes-blog.pl\/index.php\/wp-json\/wp\/v2\/media?parent=23588"}],"wp:term":[{"taxonomy":"category","embeddable":true,"href":"https:\/\/gaudiumetspes-blog.pl\/index.php\/wp-json\/wp\/v2\/categories?post=23588"},{"taxonomy":"post_tag","embeddable":true,"href":"https:\/\/gaudiumetspes-blog.pl\/index.php\/wp-json\/wp\/v2\/tags?post=23588"}],"curies":[{"name":"wp","href":"https:\/\/api.w.org\/{rel}","templated":true}]}}