{"id":23642,"date":"2025-04-10T08:51:55","date_gmt":"2025-04-10T06:51:55","guid":{"rendered":"https:\/\/gaudiumetspes-blog.pl\/?p=23642"},"modified":"2025-04-10T08:51:55","modified_gmt":"2025-04-10T06:51:55","slug":"odwazmy-sie-uwierzyc","status":"publish","type":"post","link":"https:\/\/gaudiumetspes-blog.pl\/index.php\/2025\/04\/10\/odwazmy-sie-uwierzyc\/","title":{"rendered":"Odwa\u017cmy si\u0119 &#8211; uwierzy\u0107!"},"content":{"rendered":"<p align=\"justify\"><span style=\"color: #000000;\"><span style=\"font-family: Book Antiqua, serif;\"><span style=\"font-size: large;\">Szcz\u0119\u015b\u0107 Bo\u017ce! Moi Drodzy, <b>w dniu <\/b><b>dzisiejszym<\/b><b> <\/b><b>urodziny prze\u017cywa Weronika Kowalska, nale\u017c\u0105ca w swoim czasie <\/b><b>do Wsp\u00f3lnoty m\u0142odzie\u017cowej w Tr\u0105bkach.<\/b><\/span><\/span><\/span><\/p>\n<p align=\"justify\"><span style=\"color: #000000;\"><span style=\"font-family: Book Antiqua, serif;\"><span style=\"font-size: large;\"><b>Imieniny natomiast prze\u017cywa Micha\u0142 Pie\u0144kowski, tak\u017ce zaanga\u017cowany w dzia\u0142alno\u015b\u0107 m\u0142odzie\u017cow\u0105 w tamtym czasie.<\/b><\/span><\/span><\/span><\/p>\n<p align=\"justify\"><span style=\"color: #000000;\"><span style=\"font-family: Book Antiqua, serif;\"><span style=\"font-size: large;\"><b>\u017bycz\u0119 Obojgu \u2013 jak o tym dzisiaj s\u0142yszymy w Bo\u017cym s\u0142owie \u2013 wiary na wz\u00f3r wiary Abrahama!. O tak\u0105 b\u0119d\u0119 si\u0119 dla Nich modli\u0142!<\/b><\/span><\/span><\/span><\/p>\n<p align=\"justify\"><span style=\"color: #000000;\"><span style=\"font-family: Book Antiqua, serif;\"><span style=\"font-size: large;\">Dzisiaj tak\u017ce mamy rocznic\u0119 zbrodni smole\u0144skiej, jaka mia\u0142a miejsce pi\u0119tna\u015bcie lat temu. W kontek\u015bcie tego, co aktualnie dzieje si\u0119 w naszej Ojczy\u017anie \u2013 a konkretnie: jak Polacy ma\u0142o rozumiej\u0105 i ma\u0142o ucz\u0105 si\u0119 z takich wydarze\u0144 \u2013 prosz\u0119 o wielk\u0105 modlitw\u0119 za Polsk\u0119! A dok\u0142adniej: za Polak\u00f3w! O odnow\u0119 my\u015blenia Polak\u00f3w. O pog\u0142\u0119bienie ich wiary i duchowej, tak\u017ce intelektualnej formacji. O to, by Polacy wreszcie przebudzili si\u0119 i przep\u0119dzili od w\u0142adzy bandyt\u00f3w! <\/span><\/span><\/span><\/p>\n<p align=\"justify\"><span style=\"color: #000000;\"><span style=\"font-family: Book Antiqua, serif;\"><span style=\"font-size: large;\">Co si\u0119 z nami, Polakami, dzieje? Co z t\u0105 nasz\u0105 \u2013 g\u0142oszon\u0105 i s\u0142awion\u0105 przez wieki \u2013 m\u0105dro\u015bci\u0105 narodu? M\u00f3dlmy si\u0119 o przebudzenie Polak\u00f3w! I m\u00f3dlmy si\u0119 o ludzi sumienia, ludzi wielkich duchem, tak w Ko\u015bciele, jak i w polityce!<\/span><\/span><\/span><\/p>\n<p align=\"justify\"><span style=\"color: #000000;\"><span style=\"font-family: Book Antiqua, serif;\"><span style=\"font-size: large;\">Drodzy moi, na wszelki wypadek ju\u017c dzisiaj informuj\u0119 o jutrzejszej audycji, prowadzonej przez Ojc\u00f3w Oblat\u00f3w, w ramach formatu: TY\u015a NASZ\u0104 KR\u00d3LOW\u0104:<\/span><\/span><\/span><\/p>\n<p align=\"justify\"><span style=\"color: #000000;\"><span style=\"font-family: Book Antiqua, serif;\"><span style=\"font-size: medium;\"><b><strong><a href=\"https:\/\/podlasie24.pl\/na-antenie-radia\/tys-nasza-krolowa-za-kulisami-sanktuarium-codzienne-zycie-w-kodeniu-zapowiedz-audycji-20250409151850\"><span style=\"font-size: large;\">https:\/\/podlasie24.pl\/na-antenie-radia\/tys-nasza-krolowa-za-kulisami-sanktuarium-codzienne-zycie-w-kodeniu-zapowiedz-audycji-20250409151850<\/span><\/a><\/strong> <\/b><\/span><\/span><\/span><\/p>\n<p align=\"justify\"><span style=\"color: #000000;\"><span style=\"font-family: Book Antiqua, serif;\"><span style=\"font-size: large;\">A ja zaraz wyruszam na dy\u017cur do gmachu przy ulicy \u017bytniej. Potem, o 16:00, Spowied\u017a Os\u00f3b nies\u0142ysz\u0105cych \u2013 przez pos\u0142ug\u0119 Ksi\u0119dza Jacka Nazaruka, kt\u00f3ry zna j\u0119zyk migowy. Potem prawdopodobnie odprawi\u0119 Msz\u0119 \u015awi\u0119t\u0105 w intencji Duszpasterstwa Nies\u0142ysz\u0105cych \u2013 o ile Osoby przyby\u0142e b\u0119d\u0105 chcia\u0142y na niej zosta\u0107. Natomiast o 19:00 \u2013 Msza \u015awi\u0119ta Duszpasterstwa Akademickiego \u2013 na specjaln\u0105 pro\u015bb\u0119 Grupy Pracownik\u00f3w Uniwersytetu.<\/span><\/span><\/span><\/p>\n<p align=\"justify\"><span style=\"font-family: Book Antiqua, serif;\"><span style=\"font-size: large;\"><span style=\"color: #000000;\">Teraz za\u015b zapraszam do pochylenia si\u0119 nad Bo\u017cym s\u0142owem <\/span>dzisiejszej liturgii. Oto s\u0142\u00f3wko Ksi\u0119dza Marka na dzi\u015b:<\/span><\/span><\/p>\n<p align=\"justify\"><span style=\"color: #000000;\"><span style=\"font-family: Book Antiqua, serif;\"><span style=\"font-size: medium;\"><a href=\"https:\/\/www.youtube.com\/c\/CatholicSurgut\"><span style=\"font-size: large;\"><b>https:\/\/www.youtube.com\/c\/CatholicSurgut<\/b><\/span><\/a><b> <\/b><\/span><\/span><\/span><\/p>\n<p align=\"justify\"><span style=\"font-family: Book Antiqua, serif;\"><span style=\"font-size: large;\"><span style=\"color: #000000;\">Zatem, <\/span><b>c<\/b><b>o konkretnie m\u00f3wi dzi\u015b do mnie Pan? Z jakim przes\u0142aniem si\u0119 zwraca?<\/b> Duchu \u015awi\u0119ty, rozja\u015bnij umys\u0142y i serca!<\/span><\/span><\/p>\n<p align=\"justify\"><span style=\"color: #000000;\"><span style=\"font-family: Book Antiqua, serif;\"><span style=\"font-size: large;\"><b>Niech Was b\u0142ogos\u0142awi B\u00f3g Wszechmog\u0105cy: Ojciec + i Syn, i Duch \u015awi\u0119ty. Amen<\/b><\/span><\/span><\/span><\/p>\n<p align=\"center\"><span style=\"color: #000000;\"><span style=\"font-family: Book Antiqua, serif;\"><span style=\"font-size: large;\">Gaudium et spes! Ks. Jacek<\/span><\/span><\/span><\/p>\n<p align=\"center\">\n<p align=\"center\">\n<p align=\"center\">\n<p align=\"center\">\n<p align=\"center\">\n<p align=\"justify\"><span style=\"color: #000000;\"><span style=\"font-family: Book Antiqua, serif;\"><span style=\"font-size: large;\"><b>Czwartek 5 Tygodnia Wielkiego Postu,<\/b><\/span><\/span><\/span><\/p>\n<p align=\"justify\"><span style=\"color: #000000;\"><span style=\"font-family: Book Antiqua, serif;\"><span style=\"font-size: large;\"><b>10 kwietnia 2025.,\u00a0<\/b><\/span><\/span><\/span><\/p>\n<p align=\"justify\"><span style=\"color: #000000;\"><span style=\"font-family: Book Antiqua, serif;\"><span style=\"font-size: large;\"><b>do czyta\u0144: Rdz 17,3\u20139; J 8,51\u201359<\/b><\/span><\/span><\/span><\/p>\n<p align=\"justify\">\n<p align=\"justify\">\n<p align=\"justify\">\n<p align=\"justify\">\n<p align=\"justify\">\n<p align=\"justify\"><span style=\"color: #000000;\"><span style=\"font-family: Book Antiqua, serif;\"><span style=\"font-size: large;\"><b>CZYTANIE Z KSI\u0118GI RODZAJU:<\/b><\/span><\/span><\/span><\/p>\n<p align=\"justify\"><span style=\"color: #000000;\"><span style=\"font-family: Book Antiqua, serif;\"><span style=\"font-size: large;\"><b>Abram pad\u0142 na oblicze, a B\u00f3g tak do niego m\u00f3wi\u0142:<\/b><\/span><\/span><\/span><\/p>\n<p align=\"justify\"><span style=\"color: #000000;\">\u201e<span style=\"font-family: Book Antiqua, serif;\"><span style=\"font-size: large;\"><b>Oto moje przymierze z tob\u0105: staniesz si\u0119 ojcem mn\u00f3stwa narod\u00f3w. Nie b\u0119dziesz wi\u0119c odt\u0105d nazywa\u0142 si\u0119 Abram, lecz imi\u0119 twoje b\u0119dzie Abraham, bo uczyni\u0119 ciebie ojcem mn\u00f3stwa narod\u00f3w. Sprawi\u0119, \u017ce b\u0119dziesz niezmiernie p\u0142odny, tak \u017ce staniesz si\u0119 ojcem narod\u00f3w i pochodzi\u0107 b\u0119d\u0105 od ciebie kr\u00f3lowie.<\/b><\/span><\/span><\/span><\/p>\n<p align=\"justify\"><span style=\"color: #000000;\"><span style=\"font-family: Book Antiqua, serif;\"><span style=\"font-size: large;\"><b>Przymierze moje, kt\u00f3re zawieram pomi\u0119dzy tob\u0105 a Mn\u0105 oraz twoim potomstwem, b\u0119dzie trwa\u0142o z pokolenia w pokolenie jako przymierze wieczne, abym by\u0142 Bogiem twoim, a potem twego potomstwa. I oddaj\u0119 tobie i twym przysz\u0142ym potomkom kraj, w kt\u00f3rym przebywasz, ca\u0142y kraj Kanaan, jako w\u0142asno\u015b\u0107 na wieki, i b\u0119d\u0119 ich Bogiem\u201d.<\/b><\/span><\/span><\/span><\/p>\n<p align=\"justify\"><span style=\"color: #000000;\"><span style=\"font-family: Book Antiqua, serif;\"><span style=\"font-size: large;\"><b>Potem B\u00f3g rzek\u0142 do Abrahama: \u201eTy za\u015b, a po tobie twoje potomstwo przez wszystkie pokolenia, zachowujcie przymierze ze Mn\u0105\u201d.<\/b><\/span><\/span><\/span><\/p>\n<p align=\"justify\">\n<p align=\"justify\">\n<p align=\"justify\">\n<p align=\"justify\">\n<p align=\"justify\">\n<p align=\"justify\"><span style=\"color: #000000;\"><span style=\"font-family: Book Antiqua, serif;\"><span style=\"font-size: large;\"><b>S\u0141OWA EWANGELII WED\u0141UG \u015aWI\u0118TEGO JANA:<\/b><\/span><\/span><\/span><\/p>\n<p align=\"justify\"><span style=\"color: #000000;\"><span style=\"font-family: Book Antiqua, serif;\"><span style=\"font-size: large;\"><b>Jezus powiedzia\u0142 do \u017byd\u00f3w: \u201eZaprawd\u0119, zaprawd\u0119 powiadam wam: Je\u015bli kto zachowa moj\u0105 nauk\u0119, nie zazna \u015bmierci na wieki\u201d.<\/b><\/span><\/span><\/span><\/p>\n<p align=\"justify\"><span style=\"color: #000000;\"><span style=\"font-family: Book Antiqua, serif;\"><span style=\"font-size: large;\"><b>Rzekli do Niego \u017bydzi: \u201eTeraz wiemy, \u017ce jeste\u015b op\u0119tany. Abraham umar\u0142 i prorocy, a Ty m\u00f3wisz: \u00abJe\u015bli kto zachowa moj\u0105 nauk\u0119, ten \u015bmierci nie zazna na wieki\u00bb. Czy Ty jeste\u015b wi\u0119kszy od ojca naszego Abrahama, kt\u00f3ry przecie\u017c umar\u0142? I prorocy pomarli. Kim Ty siebie czynisz?\u201d<\/b><\/span><\/span><\/span><\/p>\n<p align=\"justify\"><span style=\"color: #000000;\"><span style=\"font-family: Book Antiqua, serif;\"><span style=\"font-size: large;\"><b>Odpowiedzia\u0142 Jezus: \u201eJe\u017celi Ja sam siebie otaczam chwa\u0142\u0105, chwa\u0142a moja jest niczym. Ale jest Ojciec m\u00f3j, kt\u00f3ry Mnie chwa\u0142\u0105 otacza, o kt\u00f3rym wy m\u00f3wicie: \u00abJest naszym Bogiem\u00bb, ale wy Go nie znacie. Ja Go jednak znam. Gdybym powiedzia\u0142, \u017ce Go nie znam, by\u0142bym podobnie jak wy k\u0142amc\u0105. Ale Ja Go znam i s\u0142owo Jego zachowuj\u0119. Abraham, ojciec wasz, rozradowa\u0142 si\u0119 z tego, \u017ce ujrza\u0142 m\u00f3j dzie\u0144, ujrza\u0142 go i ucieszy\u0142 si\u0119\u201d.<\/b><\/span><\/span><\/span><\/p>\n<p align=\"justify\"><span style=\"color: #000000;\"><span style=\"font-family: Book Antiqua, serif;\"><span style=\"font-size: large;\"><b>Na to rzekli do Niego \u017bydzi: \u201ePi\u0119\u0107dziesi\u0119ciu lat jeszcze nie masz, a Abrahama widzia\u0142e\u015b?\u201d<\/b><\/span><\/span><\/span><\/p>\n<p align=\"justify\"><span style=\"color: #000000;\"><span style=\"font-family: Book Antiqua, serif;\"><span style=\"font-size: large;\"><b>Rzek\u0142 do nich Jezus: \u201eZaprawd\u0119, zaprawd\u0119 powiadam wam: Zanim Abraham sta\u0142 si\u0119, Ja jestem\u201d.<\/b><\/span><\/span><\/span><\/p>\n<p align=\"justify\"><span style=\"color: #000000;\"><span style=\"font-family: Book Antiqua, serif;\"><span style=\"font-size: large;\"><b>Porwali wi\u0119c kamienie, aby je rzuci\u0107 na Niego. Jezus jednak ukry\u0142 si\u0119 i wyszed\u0142 ze \u015bwi\u0105tyni.<\/b><\/span><\/span><\/span><\/p>\n<p align=\"justify\">\n<p align=\"justify\">\n<p align=\"justify\">\n<p align=\"justify\">\n<p align=\"justify\">\n<p align=\"justify\"><span style=\"color: #000000;\"><span style=\"font-family: Book Antiqua, serif;\"><span style=\"font-size: large;\">Du\u017co dzisiaj o Abrahamie \u2013 w liturgii S\u0142owa. Ale trudno si\u0119 dziwi\u0107, \u017ce w\u0142a\u015bnie w Wielkim Po\u015bcie, a ju\u017c szczeg\u00f3lnie w jego ko\u0144c\u00f3wce, otrzymujemy<b> taki przyk\u0142ad \u017cywej wiary, <\/b>jaki nam daje ten absolutnie wyj\u0105tkowy cz\u0142owiek. <\/span><\/span><\/span><\/p>\n<p align=\"justify\"><span style=\"color: #000000;\"><span style=\"font-family: Book Antiqua, serif;\"><span style=\"font-size: large;\">W pierwszym czytaniu s\u0142yszymy, \u017ce B\u00f3g wychodzi do niego z propozycj\u0105 przymierza, jakie chce z nim zawrze\u0107: <i><b>Oto moje przymierze z tob\u0105: staniesz si\u0119 ojcem mn\u00f3stwa narod\u00f3w. Nie b\u0119dziesz wi\u0119c odt\u0105d nazywa\u0142 si\u0119 Abram, lecz imi\u0119 twoje b\u0119dzie Abraham, bo uczyni\u0119 ciebie ojcem mn\u00f3stwa narod\u00f3w. Sprawi\u0119, \u017ce b\u0119dziesz niezmiernie p\u0142odny, tak \u017ce staniesz si\u0119 ojcem narod\u00f3w i pochodzi\u0107 b\u0119d\u0105 od ciebie kr\u00f3lowie. <\/b><\/i><\/span><\/span><\/span><\/p>\n<p align=\"justify\"><span style=\"color: #000000;\"><span style=\"font-family: Book Antiqua, serif;\"><span style=\"font-size: large;\">Na czym za\u015b to przymierze ma polega\u0107? S\u0142yszymy w dalszych zdaniach: <i><b>Przymierze moje, kt\u00f3re zawieram pomi\u0119dzy tob\u0105 a Mn\u0105 oraz twoim potomstwem, b\u0119dzie trwa\u0142o z pokolenia w pokolenie jako przymierze wieczne, abym by\u0142 Bogiem twoim, a<\/b><\/i><b> <\/b><i><b>potem<\/b><\/i><b> <\/b><i><b>twego potomstwa. I oddaj\u0119 tobie i twym przysz\u0142ym potomkom kraj, w kt\u00f3rym przebywasz, ca\u0142y kraj Kanaan, jako w\u0142asno\u015b\u0107 na wieki, i b\u0119d\u0119 ich Bogiem. <\/b><\/i><\/span><\/span><\/span><\/p>\n<p align=\"justify\"><span style=\"color: #000000;\"><span style=\"font-family: Book Antiqua, serif;\"><span style=\"font-size: large;\">Jak wiemy z przekazu biblijnego, <b>Abraham uwierzy\u0142 Bogu<\/b> i poszed\u0142 na ten proponowany uk\u0142ad. Odda\u0142 si\u0119 Bogu bezgranicznie, zaufa\u0142 Mu, okaza\u0142 <b>totalne, wr\u0119cz heroiczne pos\u0142usze\u0144stwo! <\/b>I wygra\u0142! Wygra\u0142 to \u017cycie doczesne, wygra\u0142 to \u017cycie wieczne \u2013 i w jakim\u015b sensie: <b>wygra\u0142 wiar\u0119 swego narodu,<\/b> bo by\u0142 dla niego <b>wzorem i zach\u0119t\u0105. <\/b>A mo\u017cemy nawet powiedzie\u0107, \u017ce<b> jest do dzi\u015b!<\/b> I nie tylko dla narodu \u017cydowskiego, <b>ale i dla nas chrze\u015bcijan <\/b>\u2013 Abraham jest <b>ojcem wiary. <\/b>Jest niedo\u015bcignionym wzorem wiary! <\/span><\/span><\/span><\/p>\n<p align=\"justify\"><span style=\"color: #000000;\"><span style=\"font-family: Book Antiqua, serif;\"><span style=\"font-size: large;\">Jak s\u0142yszymy nawet w dzisiejszej Ewangelii, dla \u017byd\u00f3w Abraham by\u0142 <b>punktem odniesienia, niekwestionowanym autorytetem. <\/b>Podobnie zreszt\u0105, jak p\u00f3\u017aniej Moj\u017cesz. Pomimo tego, \u017ce kiedy w\u0142a\u015bnie Moj\u017cesz prowadzi\u0142 ich przez pustyni\u0119 do ziemi obiecanej \u2013 w\u0142a\u015bnie tej, obiecanej dzisiaj Abrahamowi i jego potomkom \u2013 to <b>oni uprzykrzali mu \u017cycie<\/b> swoim buntowaniem si\u0119 przeciwko Bogu i przeciwko jemu samemu; pomimo tego, \u017ce <b>kilkakro\u0107 prosi\u0142 <\/b><b>on<\/b><b> Boga, by zwolni\u0142 go<\/b> z tego obowi\u0105zku prowadzenia tak opornego ludu. <\/span><\/span><\/span><\/p>\n<p align=\"justify\"><span style=\"color: #000000;\"><span style=\"font-family: Book Antiqua, serif;\"><span style=\"font-size: large;\">Po latach <b>okaza\u0142o si\u0119, \u017ce jest <\/b><b>on dla nich wielkim autorytetem!<\/b> Podobnie, jak w\u0142a\u015bnie Abraham, na kt\u00f3rego tak lubili si\u0119 powo\u0142ywa\u0107, kt\u00f3rego uwa\u017cali za swojego duchowego ojca, tylko szkoda, \u017ce nie na\u015bladowali go w jego wierze i pos\u0142usze\u0144stwu Bogu. <\/span><\/span><\/span><\/p>\n<p align=\"justify\"><span style=\"color: #000000;\"><span style=\"font-family: Book Antiqua, serif;\"><span style=\"font-size: large;\">St\u0105d dzisiaj taki, a nie inny, przebieg ich rozmowy z Jezusem. Jak bowiem s\u0142yszymy: <i><b>Rzekli do Niego \u017bydzi: \u201eTeraz wiemy, \u017ce jeste\u015b op\u0119tany. Abraham umar\u0142 i prorocy, a Ty m\u00f3wisz: \u00abJe\u015bli kto zachowa moj\u0105 nauk\u0119, ten \u015bmierci nie zazna na wieki\u00bb. Czy Ty jeste\u015b wi\u0119kszy od ojca naszego Abrahama, kt\u00f3ry przecie\u017c umar\u0142? I prorocy pomarli. Kim Ty siebie czynisz?\u201d<\/b><\/i> <\/span><\/span><\/span><\/p>\n<p align=\"justify\"><span style=\"color: #000000;\"><span style=\"font-family: Book Antiqua, serif;\"><span style=\"font-size: large;\">Jak dalej s\u0142yszymy, Jezus \u2013 mi\u0119dzy innymi \u2013 tak odpowiedzia\u0142:<i><b> \u201eAbraham, ojciec wasz, rozradowa\u0142 si\u0119 z tego, \u017ce ujrza\u0142 m\u00f3j dzie\u0144, ujrza\u0142 go i ucieszy\u0142 si\u0119\u201d. <\/b><\/i><i><b>Na to rzekli do Niego \u017bydzi: \u201ePi\u0119\u0107dziesi\u0119ciu lat jeszcze nie masz, a Abrahama widzia\u0142e\u015b?\u201d <\/b><\/i><i><b>Rzek\u0142 do nich Jezus: \u201eZaprawd\u0119, zaprawd\u0119 powiadam wam: Zanim Abraham sta\u0142 si\u0119, Ja jestem\u201d. <\/b><\/i><\/span><\/span><\/span><\/p>\n<p align=\"justify\"><span style=\"color: #000000;\"><span style=\"font-family: Book Antiqua, serif;\"><span style=\"font-size: large;\">Owo: <i><b>JA JESTEM,<\/b><\/i> wypowiedziane w tym momencie, nie jest tylko informacj\u0105, <b>\u017ce Jezus po prostu tu i teraz jest obecny, <\/b>\u017ce \u017cyje tu i teraz, ale jest wyra\u017ane imi\u0119 Boga <b>JAHWE<\/b> <b>\u2013 JESTEM, KT\u00d3RY JESTEM!<\/b> I tak zrozumieli to \u017bydzi, skoro \u2013 jak s\u0142yszymy w ostatnim zdaniu dzisiejszej Ewangelii \u2013 <i><b>p<\/b><\/i><i><b>orwali<\/b><\/i><b> <\/b><b>[\u2026]<\/b><b> <\/b><i><b>kamienie, aby je rzuci\u0107 na Niego. Jezus jednak ukry\u0142 si\u0119 i wyszed\u0142 ze \u015bwi\u0105tyni. <\/b><\/i><\/span><\/span><\/span><\/p>\n<p align=\"justify\"><span style=\"color: #000000;\"><span style=\"font-family: Book Antiqua, serif;\"><span style=\"font-size: large;\">Tak, bo jeszcze nie nadesz\u0142a tak zwana <b>\u00abJego godzina\u00bb,<\/b> czyli ten czas, kt\u00f3ry On sam wybra\u0142, <b>aby<\/b> <b>z\u0142o\u017cy\u0107 Ofiar\u0119 zbawcz\u0105 za zbawienie \u015bwiata.<\/b> Dop\u00f3ki ta \u00abgodzina\u00bb nie nadesz\u0142a, to <b>nikt nic nie by\u0142 w stanie Mu <\/b><b>nic <\/b><b>zrobi\u0107.<\/b> Zatem, to On, Jezus Chrystus, Bo\u017cy Syn, <b>by\u0142 Panem sytuacji \u2013 od pocz\u0105tku do ko\u0144ca. <\/b><\/span><\/span><\/span><\/p>\n<p align=\"justify\"><span style=\"color: #000000;\"><span style=\"font-family: Book Antiqua, serif;\"><span style=\"font-size: large;\">I dlatego ten <b>\u00abJego dzie\u0144\u00bb<\/b> \u2013 jak go sam okre\u015bli\u0142 \u2013 czyli czas Jego pojawienia si\u0119 na \u015bwiecie, kt\u00f3ry to Abraham mia\u0142 ujrze\u0107 i ucieszy\u0107 si\u0119 (jak s\u0142yszymy w Ewangelii), to <b>taki szczeg\u00f3lny czas w historii \u015bwiata!<\/b> Dlatego w\u0142a\u015bnie Abraham, widz\u0105c go w jaki\u015b proroczy spos\u00f3b,<b> ucieszy\u0142 si\u0119,<\/b> bo jako cz\u0142owiek najg\u0142\u0119bszej wiary i najpe\u0142niejszego zjednoczenia z Bogiem, doskonale <b>wiedzia\u0142, \u017ce to czas wielkiej \u0142aski dla \u015bwiata.<\/b> <\/span><\/span><\/span><\/p>\n<p align=\"justify\"><span style=\"color: #000000;\"><span style=\"font-family: Book Antiqua, serif;\"><span style=\"font-size: large;\">A przecie\u017c \u017cy\u0142 <b>tak wiele wiek\u00f3w przed<\/b> <b>tym w\u0142a\u015bnie dniem<\/b> \u2013 czy tymi dniami, tym czasem \u2013 kiedy Jezus \u017cy\u0142 na \u015bwiecie. Jednak ta odleg\u0142o\u015b\u0107 czasowa <b>nie przeszkodzi\u0142a <\/b><b>m<\/b><b>u, <\/b>\u017ceby ju\u017c za swego \u017cycia cieszy\u0107 si\u0119 z przyj\u015bcia na \u015bwiat Bo\u017cego Syna. <\/span><\/span><\/span><\/p>\n<p align=\"justify\"><span style=\"color: #000000;\"><span style=\"font-family: Book Antiqua, serif;\"><span style=\"font-size: large;\">A oto dzisiaj s\u0142yszymy o ludziach, kt\u00f3rzy <b>stoj\u0105 przy samym Jezusie,<\/b> kt\u00f3rzy Go widz\u0105 i s\u0142ysz\u0105, kt\u00f3rzy Go wr\u0119cz dotykaj\u0105 \u2013 <b>a nadal nie wierz\u0105!<\/b> Co wi\u0119cej, Jezus w spos\u00f3b <b>najbardziej jasny i dos\u0142owny t\u0142umaczy im,<\/b> \u017ce jest Bo\u017cym Synem, \u017ce jest Bogiem wcielonym. M\u00f3wi wprost:<i> <\/i><i><b>Zanim Abraham sta\u0142 si\u0119, JA JESTEM! <\/b><\/i>Stosuje do siebie<b> imi\u0119 Boga! <\/b>Ju\u017c nie m\u00f3wi w przypowie\u015bciach, nie u\u017cywa por\u00f3wna\u0144 i metafor \u2013 m\u00f3wi to, co m\u00f3wi, <b>zupe\u0142nie otwartym tekstem! <\/b>I co?<\/span><\/span><\/span><\/p>\n<p align=\"justify\"><span style=\"color: #000000;\"><span style=\"font-family: Book Antiqua, serif;\"><span style=\"font-size: large;\"><b>I nic. Bunt! Kamienie w r\u0119ku! <\/b>A tak naprawd\u0119 \u2013 <b>kamienne serca, <\/b>zamkni\u0119te na wiar\u0119, zamkni\u0119te na Boga. I tylko \u201ewycieranie sobie buzi\u201d Abrahamem czy Moj\u017ceszem, kiedy si\u0119 w nawet najmniejszym stopniu <b>nie czerpie wzoru z ich postawy, <\/b>kiedy si\u0119 nie ufa Bogu i nie wierzy si\u0119 Jego s\u0142owu. Kiedy si\u0119 <b>lekcewa\u017cy Jego propozycje i zaproszenia<\/b> do jedno\u015bci i wsp\u00f3\u0142pracy. <\/span><\/span><\/span><\/p>\n<p align=\"justify\"><span style=\"color: #000000;\"><span style=\"font-family: Book Antiqua, serif;\"><span style=\"font-size: large;\">Drodzy moi, niech ta nauka, p\u0142yn\u0105ca do nas z us\u0142yszanych przed chwil\u0105 czyta\u0144, naprawd\u0119 poruszy nasze serca \u2013 i u\u015bwiadomi nam, \u017ce wiara jest zawsze, ale to zawsze, <b>bardzo osobist\u0105 decyzj\u0105 i wyborem ka\u017cdego cz\u0142owieka! <\/b>Bo mo\u017cna zobaczy\u0107 nawet tysi\u0105c zast\u0119p\u00f3w anielskich i us\u0142ysze\u0107 gromy z Nieba, a i tak <b>zablokowa\u0107 <\/b><b>si\u0119 wewn\u0119trznie<\/b><b> \u2013 i nie uwierzy\u0107.<\/b> A mo\u017cna w\u0142a\u015bnie uwierzy\u0107 \u2013 nawet nie czekaj\u0105c na jakie\u015b szczeg\u00f3lne znaki \u2013 <b>i<\/b><b> potem dopiero przekona\u0107 si\u0119, \u017ce to ma sens, <\/b>bo wiara taki sens \u017cyciu nadaje. Tylko trzeba uwierzy\u0107, <b>odwa\u017cy\u0107 si\u0119 uwierzy\u0107, <\/b>zaufa\u0107 Jezusowi! <\/span><\/span><\/span><\/p>\n<p align=\"justify\"><span style=\"color: #000000;\"><span style=\"font-family: Book Antiqua, serif;\"><span style=\"font-size: large;\">I dopu\u015bci\u0107 do siebie takie przekonanie, \u017ce je\u017celi On m\u00f3wi:<b> JA JESTEM \u2013 <\/b>to nie k\u0142amie. Bo to znaczy, \u017ce <b>On jest w naszym \u017cyciu<\/b> \u2013 ale te\u017c: \u017ce<b> jest Bogiem, <\/b>Synem Bo\u017cym, <b>JESTEM, KT\u00d3RY JESTEM.<\/b> Naprawd\u0119, nie oszukuje nas \u2013 ani w tym, ani w niczym innym, co do nas m\u00f3wi i co w naszym \u017cyciu chce uczyni\u0107. <\/span><\/span><\/span><\/p>\n<p align=\"justify\"><span style=\"color: #000000;\"><span style=\"font-family: Book Antiqua, serif;\"><span style=\"font-size: large;\"><b>Odwa\u017cmy si\u0119 zaufa\u0107, <\/b>wej\u015b\u0107 w bliskie relacje z Jezusem \u2013 poprzez <b>regularne \u017cycie sakramentalne,<\/b> czyli Msz\u0119 \u015awi\u0119t\u0105 w ka\u017cd\u0105 niedziel\u0119, Spowied\u017a nie rzadziej, jak co miesi\u0105c; sta\u0142\u0105 Komuni\u0119 \u015awi\u0119t\u0105; ale te\u017c modlitw\u0119, ale te\u017c lektur\u0119 Pisma \u015awi\u0119tego \u2013<b> a<\/b><b>by<\/b><b> przekon<\/b><b>a\u0107<\/b><b> si\u0119, \u017ce to ma sens, <\/b>bo \u017cycie stanie si\u0119 zupe\u0142nie inne, ni\u017c dotychczas. <\/span><\/span><\/span><\/p>\n<p align=\"justify\"><span style=\"color: #000000;\"><span style=\"font-family: Book Antiqua, serif;\"><span style=\"font-size: large;\">Ale <b>trzeba si\u0119 odwa\u017cy\u0107!<\/b> Trzeba zaufa\u0107! Trzeba \u2013 uwierzy\u0107\u2026<\/span><\/span><\/span><\/p>\n","protected":false},"excerpt":{"rendered":"<p>Szcz\u0119\u015b\u0107 Bo\u017ce! Moi Drodzy, w dniu dzisiejszym urodziny prze\u017cywa Weronika Kowalska, nale\u017c\u0105ca w swoim czasie do Wsp\u00f3lnoty m\u0142odzie\u017cowej w Tr\u0105bkach. Imieniny natomiast prze\u017cywa Micha\u0142 Pie\u0144kowski, tak\u017ce zaanga\u017cowany w dzia\u0142alno\u015b\u0107 m\u0142odzie\u017cow\u0105 w tamtym czasie. \u017bycz\u0119 Obojgu \u2013 jak o tym dzisiaj s\u0142yszymy w Bo\u017cym s\u0142owie \u2013 wiary na wz\u00f3r wiary Abrahama!. O tak\u0105 b\u0119d\u0119 si\u0119 dla [&hellip;]<\/p>\n","protected":false},"author":1,"featured_media":0,"comment_status":"open","ping_status":"open","sticky":false,"template":"","format":"standard","meta":{"jetpack_post_was_ever_published":false,"_jetpack_newsletter_access":"","_jetpack_dont_email_post_to_subs":false,"_jetpack_newsletter_tier_id":0,"_jetpack_memberships_contains_paywalled_content":false,"_jetpack_memberships_contains_paid_content":false,"footnotes":""},"categories":[1],"tags":[],"class_list":["post-23642","post","type-post","status-publish","format-standard","hentry","category-bez-kategorii"],"yoast_head":"<!-- This site is optimized with the Yoast SEO plugin v25.1 - https:\/\/yoast.com\/wordpress\/plugins\/seo\/ -->\n<title>Odwa\u017cmy si\u0119 - uwierzy\u0107! - Gaudium Et Spes<\/title>\n<meta name=\"robots\" content=\"index, follow, max-snippet:-1, max-image-preview:large, max-video-preview:-1\" \/>\n<link rel=\"canonical\" href=\"https:\/\/gaudiumetspes-blog.pl\/index.php\/2025\/04\/10\/odwazmy-sie-uwierzyc\/\" \/>\n<meta property=\"og:locale\" content=\"pl_PL\" \/>\n<meta property=\"og:type\" content=\"article\" \/>\n<meta property=\"og:title\" content=\"Odwa\u017cmy si\u0119 - uwierzy\u0107! - Gaudium Et Spes\" \/>\n<meta property=\"og:description\" content=\"Szcz\u0119\u015b\u0107 Bo\u017ce! Moi Drodzy, w dniu dzisiejszym urodziny prze\u017cywa Weronika Kowalska, nale\u017c\u0105ca w swoim czasie do Wsp\u00f3lnoty m\u0142odzie\u017cowej w Tr\u0105bkach. Imieniny natomiast prze\u017cywa Micha\u0142 Pie\u0144kowski, tak\u017ce zaanga\u017cowany w dzia\u0142alno\u015b\u0107 m\u0142odzie\u017cow\u0105 w tamtym czasie. \u017bycz\u0119 Obojgu \u2013 jak o tym dzisiaj s\u0142yszymy w Bo\u017cym s\u0142owie \u2013 wiary na wz\u00f3r wiary Abrahama!. O tak\u0105 b\u0119d\u0119 si\u0119 dla [&hellip;]\" \/>\n<meta property=\"og:url\" content=\"https:\/\/gaudiumetspes-blog.pl\/index.php\/2025\/04\/10\/odwazmy-sie-uwierzyc\/\" \/>\n<meta property=\"og:site_name\" content=\"Gaudium Et Spes\" \/>\n<meta property=\"article:published_time\" content=\"2025-04-10T06:51:55+00:00\" \/>\n<meta name=\"author\" content=\"Ks. Jacek\" \/>\n<meta name=\"twitter:card\" content=\"summary_large_image\" \/>\n<meta name=\"twitter:label1\" content=\"Napisane przez\" \/>\n\t<meta name=\"twitter:data1\" content=\"Ks. Jacek\" \/>\n\t<meta name=\"twitter:label2\" content=\"Szacowany czas czytania\" \/>\n\t<meta name=\"twitter:data2\" content=\"10 minut\" \/>\n<script type=\"application\/ld+json\" class=\"yoast-schema-graph\">{\"@context\":\"https:\/\/schema.org\",\"@graph\":[{\"@type\":\"WebPage\",\"@id\":\"https:\/\/gaudiumetspes-blog.pl\/index.php\/2025\/04\/10\/odwazmy-sie-uwierzyc\/\",\"url\":\"https:\/\/gaudiumetspes-blog.pl\/index.php\/2025\/04\/10\/odwazmy-sie-uwierzyc\/\",\"name\":\"Odwa\u017cmy si\u0119 - uwierzy\u0107! - Gaudium Et Spes\",\"isPartOf\":{\"@id\":\"https:\/\/gaudiumetspes-blog.pl\/#website\"},\"datePublished\":\"2025-04-10T06:51:55+00:00\",\"author\":{\"@id\":\"https:\/\/gaudiumetspes-blog.pl\/#\/schema\/person\/1661982992b752dea8dff0d4ed845a65\"},\"breadcrumb\":{\"@id\":\"https:\/\/gaudiumetspes-blog.pl\/index.php\/2025\/04\/10\/odwazmy-sie-uwierzyc\/#breadcrumb\"},\"inLanguage\":\"pl-PL\",\"potentialAction\":[{\"@type\":\"ReadAction\",\"target\":[\"https:\/\/gaudiumetspes-blog.pl\/index.php\/2025\/04\/10\/odwazmy-sie-uwierzyc\/\"]}]},{\"@type\":\"BreadcrumbList\",\"@id\":\"https:\/\/gaudiumetspes-blog.pl\/index.php\/2025\/04\/10\/odwazmy-sie-uwierzyc\/#breadcrumb\",\"itemListElement\":[{\"@type\":\"ListItem\",\"position\":1,\"name\":\"Strona g\u0142\u00f3wna\",\"item\":\"https:\/\/gaudiumetspes-blog.pl\/\"},{\"@type\":\"ListItem\",\"position\":2,\"name\":\"Odwa\u017cmy si\u0119 &#8211; uwierzy\u0107!\"}]},{\"@type\":\"WebSite\",\"@id\":\"https:\/\/gaudiumetspes-blog.pl\/#website\",\"url\":\"https:\/\/gaudiumetspes-blog.pl\/\",\"name\":\"Gaudium Et Spes\",\"description\":\"Blog Ks. Jacka Ja\u015bkowskiego\",\"potentialAction\":[{\"@type\":\"SearchAction\",\"target\":{\"@type\":\"EntryPoint\",\"urlTemplate\":\"https:\/\/gaudiumetspes-blog.pl\/?s={search_term_string}\"},\"query-input\":{\"@type\":\"PropertyValueSpecification\",\"valueRequired\":true,\"valueName\":\"search_term_string\"}}],\"inLanguage\":\"pl-PL\"},{\"@type\":\"Person\",\"@id\":\"https:\/\/gaudiumetspes-blog.pl\/#\/schema\/person\/1661982992b752dea8dff0d4ed845a65\",\"name\":\"Ks. Jacek\",\"image\":{\"@type\":\"ImageObject\",\"inLanguage\":\"pl-PL\",\"@id\":\"https:\/\/gaudiumetspes-blog.pl\/#\/schema\/person\/image\/\",\"url\":\"https:\/\/gaudiumetspes-blog.pl\/wp-content\/uploads\/2019\/07\/avatar-JJ-150x150.jpg\",\"contentUrl\":\"https:\/\/gaudiumetspes-blog.pl\/wp-content\/uploads\/2019\/07\/avatar-JJ-150x150.jpg\",\"caption\":\"Ks. Jacek\"},\"description\":\"Witam serdecznie! K\u0142ania si\u0119 Ks. Jacek Ja\u015bkowski. Nie jestem ani kim\u015b wa\u017cnym, ani kim\u015b znanym. Jestem ksi\u0119dzem, kt\u00f3ry po prostu chce rozmawia\u0107. Codzienna kap\u0142a\u0144ska pos\u0142uga pokazuje mi, \u017ce temat\u00f3w do rozm\u00f3w z ksi\u0119dzem jest coraz wi\u0119cej i dzisiaj \u017caden ksi\u0105dz nie mo\u017ce od nich ucieka\u0107, ale - wprost przeciwnie - podejmowa\u0107 nowe wyzwania. To przekonanie sk\u0142oni\u0142o mnie do pr\u00f3by otwarcia tego\u017c bloga, chocia\u017c okazji do rozm\u00f3w na co dzie\u0144 - w konfesjonale i poza nim - na szcz\u0119\u015bcie nie brakuje. My\u015bl\u0119 jednak, \u017ce ten blog b\u0119dzie jeszcze jednym sposobem i przestrzeni\u0105 nawi\u0105zania kontaktu z lud\u017ami dobrej woli, otwartymi na dialog.\",\"url\":\"https:\/\/gaudiumetspes-blog.pl\/index.php\/author\/ks-jacek\/\"}]}<\/script>\n<!-- \/ Yoast SEO plugin. -->","yoast_head_json":{"title":"Odwa\u017cmy si\u0119 - uwierzy\u0107! - Gaudium Et Spes","robots":{"index":"index","follow":"follow","max-snippet":"max-snippet:-1","max-image-preview":"max-image-preview:large","max-video-preview":"max-video-preview:-1"},"canonical":"https:\/\/gaudiumetspes-blog.pl\/index.php\/2025\/04\/10\/odwazmy-sie-uwierzyc\/","og_locale":"pl_PL","og_type":"article","og_title":"Odwa\u017cmy si\u0119 - uwierzy\u0107! - Gaudium Et Spes","og_description":"Szcz\u0119\u015b\u0107 Bo\u017ce! Moi Drodzy, w dniu dzisiejszym urodziny prze\u017cywa Weronika Kowalska, nale\u017c\u0105ca w swoim czasie do Wsp\u00f3lnoty m\u0142odzie\u017cowej w Tr\u0105bkach. Imieniny natomiast prze\u017cywa Micha\u0142 Pie\u0144kowski, tak\u017ce zaanga\u017cowany w dzia\u0142alno\u015b\u0107 m\u0142odzie\u017cow\u0105 w tamtym czasie. \u017bycz\u0119 Obojgu \u2013 jak o tym dzisiaj s\u0142yszymy w Bo\u017cym s\u0142owie \u2013 wiary na wz\u00f3r wiary Abrahama!. O tak\u0105 b\u0119d\u0119 si\u0119 dla [&hellip;]","og_url":"https:\/\/gaudiumetspes-blog.pl\/index.php\/2025\/04\/10\/odwazmy-sie-uwierzyc\/","og_site_name":"Gaudium Et Spes","article_published_time":"2025-04-10T06:51:55+00:00","author":"Ks. Jacek","twitter_card":"summary_large_image","twitter_misc":{"Napisane przez":"Ks. Jacek","Szacowany czas czytania":"10 minut"},"schema":{"@context":"https:\/\/schema.org","@graph":[{"@type":"WebPage","@id":"https:\/\/gaudiumetspes-blog.pl\/index.php\/2025\/04\/10\/odwazmy-sie-uwierzyc\/","url":"https:\/\/gaudiumetspes-blog.pl\/index.php\/2025\/04\/10\/odwazmy-sie-uwierzyc\/","name":"Odwa\u017cmy si\u0119 - uwierzy\u0107! - Gaudium Et Spes","isPartOf":{"@id":"https:\/\/gaudiumetspes-blog.pl\/#website"},"datePublished":"2025-04-10T06:51:55+00:00","author":{"@id":"https:\/\/gaudiumetspes-blog.pl\/#\/schema\/person\/1661982992b752dea8dff0d4ed845a65"},"breadcrumb":{"@id":"https:\/\/gaudiumetspes-blog.pl\/index.php\/2025\/04\/10\/odwazmy-sie-uwierzyc\/#breadcrumb"},"inLanguage":"pl-PL","potentialAction":[{"@type":"ReadAction","target":["https:\/\/gaudiumetspes-blog.pl\/index.php\/2025\/04\/10\/odwazmy-sie-uwierzyc\/"]}]},{"@type":"BreadcrumbList","@id":"https:\/\/gaudiumetspes-blog.pl\/index.php\/2025\/04\/10\/odwazmy-sie-uwierzyc\/#breadcrumb","itemListElement":[{"@type":"ListItem","position":1,"name":"Strona g\u0142\u00f3wna","item":"https:\/\/gaudiumetspes-blog.pl\/"},{"@type":"ListItem","position":2,"name":"Odwa\u017cmy si\u0119 &#8211; uwierzy\u0107!"}]},{"@type":"WebSite","@id":"https:\/\/gaudiumetspes-blog.pl\/#website","url":"https:\/\/gaudiumetspes-blog.pl\/","name":"Gaudium Et Spes","description":"Blog Ks. Jacka Ja\u015bkowskiego","potentialAction":[{"@type":"SearchAction","target":{"@type":"EntryPoint","urlTemplate":"https:\/\/gaudiumetspes-blog.pl\/?s={search_term_string}"},"query-input":{"@type":"PropertyValueSpecification","valueRequired":true,"valueName":"search_term_string"}}],"inLanguage":"pl-PL"},{"@type":"Person","@id":"https:\/\/gaudiumetspes-blog.pl\/#\/schema\/person\/1661982992b752dea8dff0d4ed845a65","name":"Ks. Jacek","image":{"@type":"ImageObject","inLanguage":"pl-PL","@id":"https:\/\/gaudiumetspes-blog.pl\/#\/schema\/person\/image\/","url":"https:\/\/gaudiumetspes-blog.pl\/wp-content\/uploads\/2019\/07\/avatar-JJ-150x150.jpg","contentUrl":"https:\/\/gaudiumetspes-blog.pl\/wp-content\/uploads\/2019\/07\/avatar-JJ-150x150.jpg","caption":"Ks. Jacek"},"description":"Witam serdecznie! K\u0142ania si\u0119 Ks. Jacek Ja\u015bkowski. Nie jestem ani kim\u015b wa\u017cnym, ani kim\u015b znanym. Jestem ksi\u0119dzem, kt\u00f3ry po prostu chce rozmawia\u0107. Codzienna kap\u0142a\u0144ska pos\u0142uga pokazuje mi, \u017ce temat\u00f3w do rozm\u00f3w z ksi\u0119dzem jest coraz wi\u0119cej i dzisiaj \u017caden ksi\u0105dz nie mo\u017ce od nich ucieka\u0107, ale - wprost przeciwnie - podejmowa\u0107 nowe wyzwania. To przekonanie sk\u0142oni\u0142o mnie do pr\u00f3by otwarcia tego\u017c bloga, chocia\u017c okazji do rozm\u00f3w na co dzie\u0144 - w konfesjonale i poza nim - na szcz\u0119\u015bcie nie brakuje. My\u015bl\u0119 jednak, \u017ce ten blog b\u0119dzie jeszcze jednym sposobem i przestrzeni\u0105 nawi\u0105zania kontaktu z lud\u017ami dobrej woli, otwartymi na dialog.","url":"https:\/\/gaudiumetspes-blog.pl\/index.php\/author\/ks-jacek\/"}]}},"jetpack_featured_media_url":"","jetpack_sharing_enabled":true,"_links":{"self":[{"href":"https:\/\/gaudiumetspes-blog.pl\/index.php\/wp-json\/wp\/v2\/posts\/23642","targetHints":{"allow":["GET"]}}],"collection":[{"href":"https:\/\/gaudiumetspes-blog.pl\/index.php\/wp-json\/wp\/v2\/posts"}],"about":[{"href":"https:\/\/gaudiumetspes-blog.pl\/index.php\/wp-json\/wp\/v2\/types\/post"}],"author":[{"embeddable":true,"href":"https:\/\/gaudiumetspes-blog.pl\/index.php\/wp-json\/wp\/v2\/users\/1"}],"replies":[{"embeddable":true,"href":"https:\/\/gaudiumetspes-blog.pl\/index.php\/wp-json\/wp\/v2\/comments?post=23642"}],"version-history":[{"count":1,"href":"https:\/\/gaudiumetspes-blog.pl\/index.php\/wp-json\/wp\/v2\/posts\/23642\/revisions"}],"predecessor-version":[{"id":23643,"href":"https:\/\/gaudiumetspes-blog.pl\/index.php\/wp-json\/wp\/v2\/posts\/23642\/revisions\/23643"}],"wp:attachment":[{"href":"https:\/\/gaudiumetspes-blog.pl\/index.php\/wp-json\/wp\/v2\/media?parent=23642"}],"wp:term":[{"taxonomy":"category","embeddable":true,"href":"https:\/\/gaudiumetspes-blog.pl\/index.php\/wp-json\/wp\/v2\/categories?post=23642"},{"taxonomy":"post_tag","embeddable":true,"href":"https:\/\/gaudiumetspes-blog.pl\/index.php\/wp-json\/wp\/v2\/tags?post=23642"}],"curies":[{"name":"wp","href":"https:\/\/api.w.org\/{rel}","templated":true}]}}