{"id":23711,"date":"2025-04-22T08:25:36","date_gmt":"2025-04-22T06:25:36","guid":{"rendered":"https:\/\/gaudiumetspes-blog.pl\/?p=23711"},"modified":"2025-04-22T08:25:36","modified_gmt":"2025-04-22T06:25:36","slug":"ujrzala-dwoch-aniolow","status":"publish","type":"post","link":"https:\/\/gaudiumetspes-blog.pl\/index.php\/2025\/04\/22\/ujrzala-dwoch-aniolow\/","title":{"rendered":"Ujrza\u0142a dw\u00f3ch anio\u0142\u00f3w&#8230;"},"content":{"rendered":"<p align=\"justify\"><span style=\"color: #000000;\"><span style=\"font-family: Book Antiqua, serif;\"><span style=\"font-size: large;\">Szcz\u0119\u015b\u0107 Bo\u017ce! Moi Drodzy, jak ju\u017c wszyscy wiemy, <b>wczoraj o godzinie 7:35 nasz Pan odwo\u0142a\u0142 z tego \u015bwiata do Domu Ojca \u2013 Papie\u017ca Franciszka. Dzi\u0119kuj\u0105c za Pontyfikat tego Papie\u017ca, pro\u015bmy o rado\u015b\u0107 \u017cycia wiecznego dla Niego!<\/b><\/span><\/span><\/span><\/p>\n<p align=\"justify\"><span style=\"color: #000000;\"><span style=\"font-family: Book Antiqua, serif;\"><span style=\"font-size: large;\"><b>Jednocze\u015bnie m\u00f3dlmy si\u0119 o wyb\u00f3r takiego kolejnego Sternika \u0141odzi Ko\u015bcio\u0142a \u015awi\u0119tego, kt\u00f3ry we\u017amie \u00f3w ster mocno w swoje r\u0119ce i wsparty \u0142ask\u0105 z Nieba, o kt\u00f3r\u0105 Ko\u015bci\u00f3\u0142 b\u0119dzie si\u0119 dla Niego codziennie modli\u0142, przeprowadzi \u0141\u00f3d\u017a Piotrow\u0105 przez wzburzone, bardzo wzburzone fale dzisiejszego \u015bwiata! I chaosu, kt\u00f3ry szczeg\u00f3lnie ostatnio si\u0119 wzm\u00f3g\u0142 w Ko\u015bciele. M\u00f3dlmy si\u0119 bardzo, ale to bardzo gorliwie, o nowego \u015bwi\u0119tego Papie\u017ca!<\/b><\/span><\/span><\/span><\/p>\n<p align=\"justify\"><span style=\"color: #000000;\"><span style=\"font-family: Book Antiqua, serif;\"><span style=\"font-size: large;\">A oto kilka artyku\u0142\u00f3w, zawieraj\u0105cych wa\u017cne informacje, zwi\u0105zane z wczorajszym odej\u015bciem Papie\u017ca Franciszka:<\/span><\/span><\/span><\/p>\n<p align=\"justify\"><span style=\"color: #000000;\"><span style=\"font-family: Book Antiqua, serif;\"><span style=\"font-size: medium;\"><span style=\"font-size: large;\"><b><a href=\"https:\/\/www.ekai.pl\/testament-franciszka-z-wiara-spogladam-ku-zyciu-wiecznemu\/\">https:\/\/www.ekai.pl\/testament-franciszka-z-wiara-spogladam-ku-zyciu-wiecznemu\/<\/a> <\/b><\/span><\/span><\/span><\/span><\/p>\n<p align=\"justify\"><span style=\"color: #000000;\"><span style=\"font-family: Book Antiqua, serif;\"><span style=\"font-size: medium;\"><span style=\"font-size: large;\"><b><a href=\"https:\/\/www.ekai.pl\/watykan-podal-oficjalna-przyczyne-smierci-papieza-franciszka\/\">https:\/\/www.ekai.pl\/watykan-podal-oficjalna-przyczyne-smierci-papieza-franciszka\/<\/a> <\/b><\/span><\/span><\/span><\/span><\/p>\n<p align=\"justify\"><span style=\"color: #000000;\"><span style=\"font-family: Book Antiqua, serif;\"><span style=\"font-size: medium;\"><span style=\"font-size: large;\"><b><a href=\"https:\/\/www.ekai.pl\/pogrzeb-papieza-zmiany-wprowadzone-przez-franciszka\/\">https:\/\/www.ekai.pl\/pogrzeb-papieza-zmiany-wprowadzone-przez-franciszka\/<\/a> <\/b><\/span><\/span><\/span><\/span><\/p>\n<p align=\"justify\"><span style=\"color: #000000;\"><span style=\"font-family: Book Antiqua, serif;\"><span style=\"font-size: medium;\"><span style=\"font-size: large;\"><b><a href=\"https:\/\/wpolityce.pl\/kosciol\/727325-kto-po-smierci-papieza-zarzadza-sprawami-kosciola\">https:\/\/wpolityce.pl\/kosciol\/727325-kto-po-smierci-papieza-zarzadza-sprawami-kosciola<\/a> <\/b><\/span><\/span><\/span><\/span><\/p>\n<p align=\"justify\"><span style=\"color: #000000;\"><span style=\"font-family: Book Antiqua, serif;\"><span style=\"font-size: medium;\"><span style=\"font-size: large;\"><b><a href=\"https:\/\/wpolityce.pl\/kosciol\/727322-cialo-papieza-franciszka-zostalo-zlozone-do-trumny\">https:\/\/wpolityce.pl\/kosciol\/727322-cialo-papieza-franciszka-zostalo-zlozone-do-trumny<\/a> <\/b><\/span><\/span><\/span><\/span><\/p>\n<p align=\"justify\"><span style=\"color: #000000;\"><span style=\"font-family: Book Antiqua, serif;\"><span style=\"font-size: large;\">A ja od wczorajszego wieczoru jestem w Lublinie i b\u0119d\u0119 tu do jutra rana. O 18:00 planuj\u0119 odprawi\u0107 Msz\u0119 \u015awi\u0119t\u0105 w Parafii \u015awi\u0119tego Jana Kantego w Lublinie.<\/span><\/span><\/span><\/p>\n<p align=\"justify\"><span style=\"color: #000000;\"><span style=\"font-family: Book Antiqua, serif;\"><span style=\"font-size: large;\">Teraz za\u015b ju\u017c zapraszam do pochylenia si\u0119 nad Bo\u017cym s\u0142owem dzisiejszej liturgii. Oto s\u0142\u00f3wko Ksi\u0119dza Marka na dzi\u015b:<\/span><\/span><\/span><\/p>\n<p align=\"justify\"><span style=\"color: #000000;\"><span style=\"font-family: Book Antiqua, serif;\"><span style=\"font-size: medium;\"><a href=\"https:\/\/www.youtube.com\/c\/CatholicSurgut\"><span style=\"font-size: large;\"><span lang=\"zxx\"><u><b>https:\/\/www.youtube.com\/c\/CatholicSurgut<\/b><\/u><\/span><\/span><\/a><\/span><\/span><\/span><\/p>\n<p align=\"justify\"><span style=\"color: #000000;\"><span style=\"font-family: Book Antiqua, serif;\"><span style=\"font-size: large;\">Poni\u017cej za\u015b \u2013 s\u0142\u00f3wko Gabrysia, za kt\u00f3re bardzo, ale to bardzo serdecznie dzi\u0119kuj\u0119! Za to, \u017ce pomimo \u201erozlu\u017anienia\u201d \u015bwi\u0105tecznego, Gabry\u015b jednak wywi\u0105za\u0142 si\u0119 ze swojego zadania! Niech Pan b\u0119dzie uwielbiony w ca\u0142ym zaanga\u017cowaniu Gabrysia na naszym forum!<\/span><\/span><\/span><\/p>\n<p align=\"justify\"><span style=\"color: #000000;\"><span style=\"font-family: Book Antiqua, serif;\"><span style=\"font-size: large;\">Zatem, <b>co konkretnie m\u00f3wi dzi\u015b do mnie Pan? <\/b>Niech Duch \u015awi\u0119ty tchnie i prowadzi!<\/span><\/span><\/span><\/p>\n<p align=\"justify\"><span style=\"color: #000000;\"><span style=\"font-family: Book Antiqua, serif;\"><span style=\"font-size: large;\"><b>Niech Was b\u0142ogos\u0142awi B\u00f3g Wszechmog\u0105cy: Ojciec + i Syn, i Duch \u015awi\u0119ty. Amen<\/b><\/span><\/span><\/span><\/p>\n<p align=\"center\"><span style=\"color: #000000;\"><span style=\"font-family: Book Antiqua, serif;\"><span style=\"font-size: large;\">Gaudium et spes! Ks. Jacek<\/span><\/span><\/span><\/p>\n<p align=\"center\">\n<p align=\"center\">\n<p align=\"center\">\n<p align=\"center\">\n<p align=\"center\">\n<p align=\"justify\"><span style=\"color: #000000;\"><span style=\"font-family: Book Antiqua, serif;\"><span style=\"font-size: large;\"><b>Wtorek Oktawy Wielkanocy,<\/b><\/span><\/span><\/span><\/p>\n<p align=\"justify\"><span style=\"color: #000000;\"><span style=\"font-family: Book Antiqua, serif;\"><span style=\"font-size: large;\"><b>22 kwietnia 2025.,\u00a0<\/b><\/span><\/span><\/span><\/p>\n<p align=\"justify\"><span style=\"color: #000000;\"><span style=\"font-family: Book Antiqua, serif;\"><span style=\"font-size: large;\"><b>do czyta\u0144: Dz 2,36\u201341; J 20,11\u201318<\/b><\/span><\/span><\/span><\/p>\n<p align=\"justify\">\n<p align=\"justify\">\n<p align=\"justify\">\n<p align=\"justify\">\n<p align=\"justify\">\n<p align=\"justify\"><span style=\"color: #000000;\"><span style=\"font-family: Book Antiqua, serif;\"><span style=\"font-size: large;\"><b>CZYTANIE Z DZIEJ\u00d3W APOSTOLSKICH:<\/b><\/span><\/span><\/span><\/p>\n<p align=\"justify\"><span style=\"color: #000000;\"><span style=\"font-family: Book Antiqua, serif;\"><span style=\"font-size: large;\"><b>W dniu Pi\u0119\u0107dziesi\u0105tnicy Piotr m\u00f3wi\u0142 do \u017byd\u00f3w: <\/b><\/span><\/span><\/span><\/p>\n<p align=\"justify\"><span style=\"color: #000000;\">\u201e<span style=\"font-family: Book Antiqua, serif;\"><span style=\"font-size: large;\"><b>Niech ca\u0142y dom Izraela wie z niewzruszon\u0105 pewno\u015bci\u0105, \u017ce tego Jezusa, kt\u00f3rego wy\u015bcie ukrzy\u017cowali, uczyni\u0142 B\u00f3g i Panem, i Mesjaszem\u201d. <\/b><\/span><\/span><\/span><\/p>\n<p align=\"justify\"><span style=\"color: #000000;\"><span style=\"font-family: Book Antiqua, serif;\"><span style=\"font-size: large;\"><b>Gdy to us\u0142yszeli, przej\u0119li si\u0119 do g\u0142\u0119bi serca i zapytali Piotra i pozosta\u0142ych Aposto\u0142\u00f3w: \u201eC\u00f3\u017c mamy czyni\u0107, bracia?\u201d Powiedzia\u0142 do nich Piotr: \u201eNawr\u00f3\u0107cie si\u0119 i niech ka\u017cdy z was ochrzci si\u0119 w imi\u0119 Jezusa Chrystusa na odpuszczenie grzech\u00f3w waszych, a we\u017amiecie w darze Ducha \u015awi\u0119tego. Bo dla was jest obietnica i dla dzieci waszych, i dla wszystkich, kt\u00f3rzy s\u0105 daleko, a kt\u00f3rych powo\u0142a Pan B\u00f3g nasz\u201d. <\/b><\/span><\/span><\/span><\/p>\n<p align=\"justify\"><span style=\"color: #000000;\"><span style=\"font-family: Book Antiqua, serif;\"><span style=\"font-size: large;\"><b>W wielu te\u017c innych s\u0142owach dawa\u0142 \u015bwiadectwo i napomina\u0142: \u201eRatujcie si\u0119 spo\u015br\u00f3d tego przewrotnego pokolenia\u201d. <\/b><\/span><\/span><\/span><\/p>\n<p align=\"justify\"><span style=\"color: #000000;\"><span style=\"font-family: Book Antiqua, serif;\"><span style=\"font-size: large;\"><b>Ci wi\u0119c, kt\u00f3rzy przyj\u0119li jego nauk\u0119, zostali ochrzczeni. I przy\u0142\u0105czy\u0142o si\u0119 owego dnia oko\u0142o trzech tysi\u0119cy dusz.<\/b><\/span><\/span><\/span><\/p>\n<p align=\"justify\">\n<p align=\"justify\">\n<p align=\"justify\">\n<p align=\"justify\">\n<p align=\"justify\">\n<p align=\"justify\"><span style=\"color: #000000;\"><span style=\"font-family: Book Antiqua, serif;\"><span style=\"font-size: large;\"><b>S\u0141OWA EWANGELII WED\u0141UG \u015aWI\u0118TEGO JANA: <\/b><\/span><\/span><\/span><\/p>\n<p align=\"justify\"><span style=\"color: #000000;\"><span style=\"font-family: Book Antiqua, serif;\"><span style=\"font-size: large;\"><b>Maria Magdalena sta\u0142a przed grobem p\u0142acz\u0105c. A kiedy tak p\u0142aka\u0142a, nachyli\u0142a si\u0119 do grobu i ujrza\u0142a dw\u00f3ch anio\u0142\u00f3w w bieli siedz\u0105cych, jednego przy g\u0142owie, a drugiego przy nogach, w miejscu, gdzie le\u017ca\u0142o cia\u0142o Jezusa. <\/b><\/span><\/span><\/span><\/p>\n<p align=\"justify\"><span style=\"color: #000000;\"><span style=\"font-family: Book Antiqua, serif;\"><span style=\"font-size: large;\"><b>I rzekli do niej: \u201eNiewiasto, czemu p\u0142aczesz?\u201d <\/b><\/span><\/span><\/span><\/p>\n<p align=\"justify\"><span style=\"color: #000000;\"><span style=\"font-family: Book Antiqua, serif;\"><span style=\"font-size: large;\"><b>Odpowiedzia\u0142a im: \u201eZabrano Pana mego i nie wiem, gdzie Go po\u0142o\u017cono\u201d. <\/b><\/span><\/span><\/span><\/p>\n<p align=\"justify\"><span style=\"color: #000000;\"><span style=\"font-family: Book Antiqua, serif;\"><span style=\"font-size: large;\"><b>Gdy to powiedzia\u0142a, odwr\u00f3ci\u0142a si\u0119 i ujrza\u0142a stoj\u0105cego Jezusa, ale nie wiedzia\u0142a, \u017ce to Jezus. <\/b><\/span><\/span><\/span><\/p>\n<p align=\"justify\"><span style=\"color: #000000;\"><span style=\"font-family: Book Antiqua, serif;\"><span style=\"font-size: large;\"><b>Rzek\u0142 do niej Jezus: \u201eNiewiasto, czemu p\u0142aczesz? Kogo szukasz?\u201d <\/b><\/span><\/span><\/span><\/p>\n<p align=\"justify\"><span style=\"color: #000000;\"><span style=\"font-family: Book Antiqua, serif;\"><span style=\"font-size: large;\"><b>Ona za\u015b s\u0105dz\u0105c, \u017ce to jest ogrodnik, powiedzia\u0142a do Niego: \u201ePanie, je\u015bli ty Go przenios\u0142e\u015b, powiedz mi, gdzie Go po\u0142o\u017cy\u0142e\u015b, a ja Go wezm\u0119\u201d. <\/b><\/span><\/span><\/span><\/p>\n<p align=\"justify\"><span style=\"color: #000000;\"><span style=\"font-family: Book Antiqua, serif;\"><span style=\"font-size: large;\"><b>Jezus rzek\u0142 do niej: \u201eMario!\u201d A ona obr\u00f3ciwszy si\u0119 powiedzia\u0142a do Niego po hebrajsku: \u201eRabbuni\u201d, to znaczy: Nauczycielu. <\/b><\/span><\/span><\/span><\/p>\n<p align=\"justify\"><span style=\"color: #000000;\"><span style=\"font-family: Book Antiqua, serif;\"><span style=\"font-size: large;\"><b>Rzek\u0142 do niej Jezus: \u201eNie zatrzymuj Mnie, jeszcze bowiem nie wst\u0105pi\u0142em do Ojca. Natomiast udaj si\u0119 do moich braci i powiedz im: \u00abWst\u0119puj\u0119 do Ojca mego i Ojca waszego oraz do Boga mego i Boga waszego\u00bb\u201d. <\/b><\/span><\/span><\/span><\/p>\n<p align=\"justify\"><span style=\"color: #000000;\"><span style=\"font-family: Book Antiqua, serif;\"><span style=\"font-size: large;\"><b>Posz\u0142a Maria Magdalena oznajmiaj\u0105c uczniom: \u201eWidzia\u0142am Pana i to mi powiedzia\u0142\u201d.<\/b><\/span><\/span><\/span><\/p>\n<p align=\"justify\">\n<p align=\"justify\">\n<p align=\"justify\">\n<p align=\"justify\">\n<p align=\"justify\">\n<p align=\"center\"><span style=\"color: #000000;\"><span style=\"font-family: Book Antiqua, serif;\"><span style=\"font-size: large;\"><b>A OTO S\u0141\u00d3WKO GABRYSIA:<\/b><\/span><\/span><\/span><\/p>\n<p align=\"center\">\n<p align=\"center\">\n<p align=\"center\">\n<p align=\"center\">\n<p align=\"center\">\n<p align=\"justify\"><span style=\"color: #000000;\"><span style=\"font-family: Book Antiqua, serif;\"><span style=\"font-size: large;\">Dzisiejsza Ewangelia g\u0142osi rado\u015b\u0107 wielk\u0105 ze zmartwychwstania Pana naszego Jezusa Chrystusa, kiedy to zap\u0142akana Maria my\u015bla\u0142a, \u017ce cia\u0142o Jezusa zosta\u0142o skradzione, a On tak naprawd\u0119 zmartwychwsta\u0142! W swoim smutku nie pozna\u0142a Go od razu, dopiero jak zawo\u0142a\u0142 j\u0105 po imieniu, to zorientowa\u0142a si\u0119, z kim rozmawia. <\/span><\/span><\/span><\/p>\n<p align=\"justify\"><span style=\"color: #000000;\"><span style=\"font-family: Book Antiqua, serif;\"><span style=\"font-size: large;\">Zobaczmy, Drodzy, jak cz\u0119sto my w smutkach, swoich rodzinnych i osobistych tragediach, zapominamy o tym, \u017ce Pan nasz zmartwychwsta\u0142! Dlatego zwracamy si\u0119 do Niego z pretensjami: Czemu tyle cierpienia? Sk\u0105d tyle b\u00f3lu? Dlaczego umar\u0142 (umar\u0142a)? Dlaczego wojna? <\/span><\/span><\/span><\/p>\n<p align=\"justify\"><span style=\"color: #000000;\"><span style=\"font-family: Book Antiqua, serif;\"><span style=\"font-size: large;\">A Pan nie jest winny z\u0142u na \u015bwiecie \u2013 jedynym winowajc\u0105 z\u0142a na \u015bwiecie jest cz\u0142owiek, kt\u00f3ry uleg\u0142 pokusom diab\u0142a. Cz\u0142owiek, kt\u00f3ry zrobi\u0142 \u2013 nie\u015bwiadomie b\u0105d\u017a \u015bwiadomie \u2013 furtk\u0119 w swoim sercu dla z\u0142ego, bo taki kto\u015b \u0142atwo czyni z\u0142o, szukaj\u0105c p\u00f3\u017aniej usprawiedliwienia dla swoich czyn\u00f3w.\u00a0<\/span><\/span><\/span><\/p>\n<p align=\"justify\"><span style=\"color: #000000;\"><span style=\"font-family: Book Antiqua, serif;\"><span style=\"font-size: large;\">Nie tra\u0107my wi\u0119c wiary, nadziei i ufno\u015bci w Panu \u2013 w obliczu wszystkich kryzys\u00f3w, kt\u00f3re nas dotykaj\u0105. Jak to m\u00f3wi\u0105, po ka\u017cdej burzy wschodzi s\u0142o\u0144ce, a tym wschodz\u0105cym S\u0142o\u0144cem niech b\u0119dzie dla nas zawsze zmartwychwsta\u0142y Jezus Chrystus.<\/span><\/span><\/span><\/p>\n<p align=\"justify\"><span style=\"color: #000000;\"><span style=\"font-family: Book Antiqua, serif;\"><span style=\"font-size: large;\">Niech anio\u0142owie, kt\u00f3rych spotykamy na naszej drodze, b\u0119d\u0105 dla nas zawsze zwiastunami dobrych nowin \u2013 tak, jak ci, kt\u00f3rzy powiedzieli Marii o zmartwychwstaniu. My te\u017c b\u0105d\u017amy takimi anio\u0142ami, g\u0142osz\u0105cymi zmartwychwstanie innym. Trwajmy w tej rado\u015bci ze zmartwychwstania \u2013 nie tylko przez okres Wielkanocy, ale zawsze!<\/span><\/span><\/span><\/p>\n<p align=\"justify\"><span style=\"color: #000000;\"><span style=\"font-family: Book Antiqua, serif;\"><span style=\"font-size: large;\">Chrystus zmartwychwsta\u0142! Prawdziwie zmartwychwsta\u0142! Alleluja!<\/span><\/span><\/span><\/p>\n","protected":false},"excerpt":{"rendered":"<p>Szcz\u0119\u015b\u0107 Bo\u017ce! Moi Drodzy, jak ju\u017c wszyscy wiemy, wczoraj o godzinie 7:35 nasz Pan odwo\u0142a\u0142 z tego \u015bwiata do Domu Ojca \u2013 Papie\u017ca Franciszka. Dzi\u0119kuj\u0105c za Pontyfikat tego Papie\u017ca, pro\u015bmy o rado\u015b\u0107 \u017cycia wiecznego dla Niego! Jednocze\u015bnie m\u00f3dlmy si\u0119 o wyb\u00f3r takiego kolejnego Sternika \u0141odzi Ko\u015bcio\u0142a \u015awi\u0119tego, kt\u00f3ry we\u017amie \u00f3w ster mocno w swoje r\u0119ce [&hellip;]<\/p>\n","protected":false},"author":1,"featured_media":0,"comment_status":"open","ping_status":"open","sticky":false,"template":"","format":"standard","meta":{"jetpack_post_was_ever_published":false,"_jetpack_newsletter_access":"","_jetpack_dont_email_post_to_subs":false,"_jetpack_newsletter_tier_id":0,"_jetpack_memberships_contains_paywalled_content":false,"_jetpack_memberships_contains_paid_content":false,"footnotes":""},"categories":[1],"tags":[],"class_list":["post-23711","post","type-post","status-publish","format-standard","hentry","category-bez-kategorii"],"yoast_head":"<!-- This site is optimized with the Yoast SEO plugin v25.1 - https:\/\/yoast.com\/wordpress\/plugins\/seo\/ -->\n<title>Ujrza\u0142a dw\u00f3ch anio\u0142\u00f3w... - Gaudium Et Spes<\/title>\n<meta name=\"robots\" content=\"index, follow, max-snippet:-1, max-image-preview:large, max-video-preview:-1\" \/>\n<link rel=\"canonical\" href=\"https:\/\/gaudiumetspes-blog.pl\/index.php\/2025\/04\/22\/ujrzala-dwoch-aniolow\/\" \/>\n<meta property=\"og:locale\" content=\"pl_PL\" \/>\n<meta property=\"og:type\" content=\"article\" \/>\n<meta property=\"og:title\" content=\"Ujrza\u0142a dw\u00f3ch anio\u0142\u00f3w... - Gaudium Et Spes\" \/>\n<meta property=\"og:description\" content=\"Szcz\u0119\u015b\u0107 Bo\u017ce! Moi Drodzy, jak ju\u017c wszyscy wiemy, wczoraj o godzinie 7:35 nasz Pan odwo\u0142a\u0142 z tego \u015bwiata do Domu Ojca \u2013 Papie\u017ca Franciszka. Dzi\u0119kuj\u0105c za Pontyfikat tego Papie\u017ca, pro\u015bmy o rado\u015b\u0107 \u017cycia wiecznego dla Niego! Jednocze\u015bnie m\u00f3dlmy si\u0119 o wyb\u00f3r takiego kolejnego Sternika \u0141odzi Ko\u015bcio\u0142a \u015awi\u0119tego, kt\u00f3ry we\u017amie \u00f3w ster mocno w swoje r\u0119ce [&hellip;]\" \/>\n<meta property=\"og:url\" content=\"https:\/\/gaudiumetspes-blog.pl\/index.php\/2025\/04\/22\/ujrzala-dwoch-aniolow\/\" \/>\n<meta property=\"og:site_name\" content=\"Gaudium Et Spes\" \/>\n<meta property=\"article:published_time\" content=\"2025-04-22T06:25:36+00:00\" \/>\n<meta name=\"author\" content=\"Ks. Jacek\" \/>\n<meta name=\"twitter:card\" content=\"summary_large_image\" \/>\n<meta name=\"twitter:label1\" content=\"Napisane przez\" \/>\n\t<meta name=\"twitter:data1\" content=\"Ks. Jacek\" \/>\n\t<meta name=\"twitter:label2\" content=\"Szacowany czas czytania\" \/>\n\t<meta name=\"twitter:data2\" content=\"5 minut\" \/>\n<script type=\"application\/ld+json\" class=\"yoast-schema-graph\">{\"@context\":\"https:\/\/schema.org\",\"@graph\":[{\"@type\":\"WebPage\",\"@id\":\"https:\/\/gaudiumetspes-blog.pl\/index.php\/2025\/04\/22\/ujrzala-dwoch-aniolow\/\",\"url\":\"https:\/\/gaudiumetspes-blog.pl\/index.php\/2025\/04\/22\/ujrzala-dwoch-aniolow\/\",\"name\":\"Ujrza\u0142a dw\u00f3ch anio\u0142\u00f3w... - Gaudium Et Spes\",\"isPartOf\":{\"@id\":\"https:\/\/gaudiumetspes-blog.pl\/#website\"},\"datePublished\":\"2025-04-22T06:25:36+00:00\",\"author\":{\"@id\":\"https:\/\/gaudiumetspes-blog.pl\/#\/schema\/person\/1661982992b752dea8dff0d4ed845a65\"},\"breadcrumb\":{\"@id\":\"https:\/\/gaudiumetspes-blog.pl\/index.php\/2025\/04\/22\/ujrzala-dwoch-aniolow\/#breadcrumb\"},\"inLanguage\":\"pl-PL\",\"potentialAction\":[{\"@type\":\"ReadAction\",\"target\":[\"https:\/\/gaudiumetspes-blog.pl\/index.php\/2025\/04\/22\/ujrzala-dwoch-aniolow\/\"]}]},{\"@type\":\"BreadcrumbList\",\"@id\":\"https:\/\/gaudiumetspes-blog.pl\/index.php\/2025\/04\/22\/ujrzala-dwoch-aniolow\/#breadcrumb\",\"itemListElement\":[{\"@type\":\"ListItem\",\"position\":1,\"name\":\"Strona g\u0142\u00f3wna\",\"item\":\"https:\/\/gaudiumetspes-blog.pl\/\"},{\"@type\":\"ListItem\",\"position\":2,\"name\":\"Ujrza\u0142a dw\u00f3ch anio\u0142\u00f3w&#8230;\"}]},{\"@type\":\"WebSite\",\"@id\":\"https:\/\/gaudiumetspes-blog.pl\/#website\",\"url\":\"https:\/\/gaudiumetspes-blog.pl\/\",\"name\":\"Gaudium Et Spes\",\"description\":\"Blog Ks. Jacka Ja\u015bkowskiego\",\"potentialAction\":[{\"@type\":\"SearchAction\",\"target\":{\"@type\":\"EntryPoint\",\"urlTemplate\":\"https:\/\/gaudiumetspes-blog.pl\/?s={search_term_string}\"},\"query-input\":{\"@type\":\"PropertyValueSpecification\",\"valueRequired\":true,\"valueName\":\"search_term_string\"}}],\"inLanguage\":\"pl-PL\"},{\"@type\":\"Person\",\"@id\":\"https:\/\/gaudiumetspes-blog.pl\/#\/schema\/person\/1661982992b752dea8dff0d4ed845a65\",\"name\":\"Ks. Jacek\",\"image\":{\"@type\":\"ImageObject\",\"inLanguage\":\"pl-PL\",\"@id\":\"https:\/\/gaudiumetspes-blog.pl\/#\/schema\/person\/image\/\",\"url\":\"https:\/\/gaudiumetspes-blog.pl\/wp-content\/uploads\/2019\/07\/avatar-JJ-150x150.jpg\",\"contentUrl\":\"https:\/\/gaudiumetspes-blog.pl\/wp-content\/uploads\/2019\/07\/avatar-JJ-150x150.jpg\",\"caption\":\"Ks. Jacek\"},\"description\":\"Witam serdecznie! K\u0142ania si\u0119 Ks. Jacek Ja\u015bkowski. Nie jestem ani kim\u015b wa\u017cnym, ani kim\u015b znanym. Jestem ksi\u0119dzem, kt\u00f3ry po prostu chce rozmawia\u0107. Codzienna kap\u0142a\u0144ska pos\u0142uga pokazuje mi, \u017ce temat\u00f3w do rozm\u00f3w z ksi\u0119dzem jest coraz wi\u0119cej i dzisiaj \u017caden ksi\u0105dz nie mo\u017ce od nich ucieka\u0107, ale - wprost przeciwnie - podejmowa\u0107 nowe wyzwania. To przekonanie sk\u0142oni\u0142o mnie do pr\u00f3by otwarcia tego\u017c bloga, chocia\u017c okazji do rozm\u00f3w na co dzie\u0144 - w konfesjonale i poza nim - na szcz\u0119\u015bcie nie brakuje. My\u015bl\u0119 jednak, \u017ce ten blog b\u0119dzie jeszcze jednym sposobem i przestrzeni\u0105 nawi\u0105zania kontaktu z lud\u017ami dobrej woli, otwartymi na dialog.\",\"url\":\"https:\/\/gaudiumetspes-blog.pl\/index.php\/author\/ks-jacek\/\"}]}<\/script>\n<!-- \/ Yoast SEO plugin. -->","yoast_head_json":{"title":"Ujrza\u0142a dw\u00f3ch anio\u0142\u00f3w... - Gaudium Et Spes","robots":{"index":"index","follow":"follow","max-snippet":"max-snippet:-1","max-image-preview":"max-image-preview:large","max-video-preview":"max-video-preview:-1"},"canonical":"https:\/\/gaudiumetspes-blog.pl\/index.php\/2025\/04\/22\/ujrzala-dwoch-aniolow\/","og_locale":"pl_PL","og_type":"article","og_title":"Ujrza\u0142a dw\u00f3ch anio\u0142\u00f3w... - Gaudium Et Spes","og_description":"Szcz\u0119\u015b\u0107 Bo\u017ce! Moi Drodzy, jak ju\u017c wszyscy wiemy, wczoraj o godzinie 7:35 nasz Pan odwo\u0142a\u0142 z tego \u015bwiata do Domu Ojca \u2013 Papie\u017ca Franciszka. Dzi\u0119kuj\u0105c za Pontyfikat tego Papie\u017ca, pro\u015bmy o rado\u015b\u0107 \u017cycia wiecznego dla Niego! Jednocze\u015bnie m\u00f3dlmy si\u0119 o wyb\u00f3r takiego kolejnego Sternika \u0141odzi Ko\u015bcio\u0142a \u015awi\u0119tego, kt\u00f3ry we\u017amie \u00f3w ster mocno w swoje r\u0119ce [&hellip;]","og_url":"https:\/\/gaudiumetspes-blog.pl\/index.php\/2025\/04\/22\/ujrzala-dwoch-aniolow\/","og_site_name":"Gaudium Et Spes","article_published_time":"2025-04-22T06:25:36+00:00","author":"Ks. Jacek","twitter_card":"summary_large_image","twitter_misc":{"Napisane przez":"Ks. Jacek","Szacowany czas czytania":"5 minut"},"schema":{"@context":"https:\/\/schema.org","@graph":[{"@type":"WebPage","@id":"https:\/\/gaudiumetspes-blog.pl\/index.php\/2025\/04\/22\/ujrzala-dwoch-aniolow\/","url":"https:\/\/gaudiumetspes-blog.pl\/index.php\/2025\/04\/22\/ujrzala-dwoch-aniolow\/","name":"Ujrza\u0142a dw\u00f3ch anio\u0142\u00f3w... - Gaudium Et Spes","isPartOf":{"@id":"https:\/\/gaudiumetspes-blog.pl\/#website"},"datePublished":"2025-04-22T06:25:36+00:00","author":{"@id":"https:\/\/gaudiumetspes-blog.pl\/#\/schema\/person\/1661982992b752dea8dff0d4ed845a65"},"breadcrumb":{"@id":"https:\/\/gaudiumetspes-blog.pl\/index.php\/2025\/04\/22\/ujrzala-dwoch-aniolow\/#breadcrumb"},"inLanguage":"pl-PL","potentialAction":[{"@type":"ReadAction","target":["https:\/\/gaudiumetspes-blog.pl\/index.php\/2025\/04\/22\/ujrzala-dwoch-aniolow\/"]}]},{"@type":"BreadcrumbList","@id":"https:\/\/gaudiumetspes-blog.pl\/index.php\/2025\/04\/22\/ujrzala-dwoch-aniolow\/#breadcrumb","itemListElement":[{"@type":"ListItem","position":1,"name":"Strona g\u0142\u00f3wna","item":"https:\/\/gaudiumetspes-blog.pl\/"},{"@type":"ListItem","position":2,"name":"Ujrza\u0142a dw\u00f3ch anio\u0142\u00f3w&#8230;"}]},{"@type":"WebSite","@id":"https:\/\/gaudiumetspes-blog.pl\/#website","url":"https:\/\/gaudiumetspes-blog.pl\/","name":"Gaudium Et Spes","description":"Blog Ks. Jacka Ja\u015bkowskiego","potentialAction":[{"@type":"SearchAction","target":{"@type":"EntryPoint","urlTemplate":"https:\/\/gaudiumetspes-blog.pl\/?s={search_term_string}"},"query-input":{"@type":"PropertyValueSpecification","valueRequired":true,"valueName":"search_term_string"}}],"inLanguage":"pl-PL"},{"@type":"Person","@id":"https:\/\/gaudiumetspes-blog.pl\/#\/schema\/person\/1661982992b752dea8dff0d4ed845a65","name":"Ks. Jacek","image":{"@type":"ImageObject","inLanguage":"pl-PL","@id":"https:\/\/gaudiumetspes-blog.pl\/#\/schema\/person\/image\/","url":"https:\/\/gaudiumetspes-blog.pl\/wp-content\/uploads\/2019\/07\/avatar-JJ-150x150.jpg","contentUrl":"https:\/\/gaudiumetspes-blog.pl\/wp-content\/uploads\/2019\/07\/avatar-JJ-150x150.jpg","caption":"Ks. Jacek"},"description":"Witam serdecznie! K\u0142ania si\u0119 Ks. Jacek Ja\u015bkowski. Nie jestem ani kim\u015b wa\u017cnym, ani kim\u015b znanym. Jestem ksi\u0119dzem, kt\u00f3ry po prostu chce rozmawia\u0107. Codzienna kap\u0142a\u0144ska pos\u0142uga pokazuje mi, \u017ce temat\u00f3w do rozm\u00f3w z ksi\u0119dzem jest coraz wi\u0119cej i dzisiaj \u017caden ksi\u0105dz nie mo\u017ce od nich ucieka\u0107, ale - wprost przeciwnie - podejmowa\u0107 nowe wyzwania. To przekonanie sk\u0142oni\u0142o mnie do pr\u00f3by otwarcia tego\u017c bloga, chocia\u017c okazji do rozm\u00f3w na co dzie\u0144 - w konfesjonale i poza nim - na szcz\u0119\u015bcie nie brakuje. My\u015bl\u0119 jednak, \u017ce ten blog b\u0119dzie jeszcze jednym sposobem i przestrzeni\u0105 nawi\u0105zania kontaktu z lud\u017ami dobrej woli, otwartymi na dialog.","url":"https:\/\/gaudiumetspes-blog.pl\/index.php\/author\/ks-jacek\/"}]}},"jetpack_featured_media_url":"","jetpack_sharing_enabled":true,"_links":{"self":[{"href":"https:\/\/gaudiumetspes-blog.pl\/index.php\/wp-json\/wp\/v2\/posts\/23711","targetHints":{"allow":["GET"]}}],"collection":[{"href":"https:\/\/gaudiumetspes-blog.pl\/index.php\/wp-json\/wp\/v2\/posts"}],"about":[{"href":"https:\/\/gaudiumetspes-blog.pl\/index.php\/wp-json\/wp\/v2\/types\/post"}],"author":[{"embeddable":true,"href":"https:\/\/gaudiumetspes-blog.pl\/index.php\/wp-json\/wp\/v2\/users\/1"}],"replies":[{"embeddable":true,"href":"https:\/\/gaudiumetspes-blog.pl\/index.php\/wp-json\/wp\/v2\/comments?post=23711"}],"version-history":[{"count":1,"href":"https:\/\/gaudiumetspes-blog.pl\/index.php\/wp-json\/wp\/v2\/posts\/23711\/revisions"}],"predecessor-version":[{"id":23712,"href":"https:\/\/gaudiumetspes-blog.pl\/index.php\/wp-json\/wp\/v2\/posts\/23711\/revisions\/23712"}],"wp:attachment":[{"href":"https:\/\/gaudiumetspes-blog.pl\/index.php\/wp-json\/wp\/v2\/media?parent=23711"}],"wp:term":[{"taxonomy":"category","embeddable":true,"href":"https:\/\/gaudiumetspes-blog.pl\/index.php\/wp-json\/wp\/v2\/categories?post=23711"},{"taxonomy":"post_tag","embeddable":true,"href":"https:\/\/gaudiumetspes-blog.pl\/index.php\/wp-json\/wp\/v2\/tags?post=23711"}],"curies":[{"name":"wp","href":"https:\/\/api.w.org\/{rel}","templated":true}]}}