{"id":23744,"date":"2025-05-07T09:10:21","date_gmt":"2025-05-07T07:10:21","guid":{"rendered":"https:\/\/gaudiumetspes-blog.pl\/?p=23744"},"modified":"2025-05-07T09:10:21","modified_gmt":"2025-05-07T07:10:21","slug":"a-jednak-mozna","status":"publish","type":"post","link":"https:\/\/gaudiumetspes-blog.pl\/index.php\/2025\/05\/07\/a-jednak-mozna\/","title":{"rendered":"A jednak &#8211; mo\u017cna!"},"content":{"rendered":"<p align=\"justify\"><span style=\"color: #000000;\"><span style=\"font-family: Book Antiqua, serif;\"><span style=\"font-size: large;\">Szcz\u0119\u015b\u0107 Bo\u017ce! Moi Drodzy, <b>w dniu dzisiejszym <\/b><b>rozpoczyna si\u0119 KONKLAWE.<\/b> W obliczu r\u00f3\u017cnych medialnych spekulacji i \u201ejedynie s\u0142usznych\u201d opinii bardzo serdecznie zach\u0119cam do spokojnej lektury \u2013 najlepiej w ca\u0142o\u015bci, albo wybranych fragment\u00f3w tego oto dokumentu Jana Paw\u0142a II:<\/span><\/span><\/span><\/p>\n<p align=\"justify\"><span style=\"color: #000000;\"><span style=\"font-family: Book Antiqua, serif;\"><span style=\"font-size: medium;\"><span style=\"font-size: large;\"><b><a href=\"https:\/\/opoka.org.pl\/biblioteka\/W\/WP\/jan_pawel_ii\/konstytucje\/universi_dominici_22021996.html\">https:\/\/opoka.org.pl\/biblioteka\/W\/WP\/jan_pawel_ii\/konstytucje\/universi_dominici_22021996.html<\/a> <\/b><\/span><\/span><\/span><\/span><\/p>\n<p align=\"justify\"><span style=\"color: #000000;\"><span style=\"font-family: Book Antiqua, serif;\"><span style=\"font-size: large;\">Jest to Konstytucja apostolska Jana Paw\u0142a II, reguluj\u0105ca ca\u0142o\u015bciowo przebieg samego KONKLAWE, przygotowania do niego i wszystko, co po nim. Wydaje mi si\u0119, \u017ce j\u0119zyk tego dokumentu nie powinien nikomu sprawi\u0107 trudno\u015bci, gdy\u017c jest bardzo konkretny i powiedzieliby\u015bmy taki\u2026 roboczy, praktyczny. To nie jest jaka\u015b wielka teologia. Zach\u0119cam do lektury!<\/span><\/span><\/span><\/p>\n<p align=\"justify\"><span style=\"color: #000000;\"><span style=\"font-family: Book Antiqua, serif;\"><span style=\"font-size: large;\">Ale przede wszystkim \u2013<b> prosz\u0119, ale to bardzo, bardzo serdecznie, o modlitw\u0119 w intencji wyboru katolickiego Papie\u017ca dla \u015awi\u0119tego Ko\u015bcio\u0142a Rzymskokatolickiego! Ja za chwil\u0119 odprawi\u0119 Msz\u0119 \u015awi\u0119t\u0105 w tej intencji i b\u0119d\u0119 si\u0119 modli\u0142 a\u017c do momentu wyboru nowego Ojca \u015awi\u0119tego. A potem \u2013 za Niego. Po\u0142\u0105czmy si\u0119 w tej modlitwie!<\/b><\/span><\/span><\/span><\/p>\n<p align=\"justify\"><span style=\"color: #000000;\"><span style=\"font-family: Book Antiqua, serif;\"><span style=\"font-size: large;\">Na dzisiaj za\u015b \u2013 zach\u0119cam do obejrzenia w TELEWIZJI TRWAM \u2013 transmisji ze Mszy \u015awi\u0119tej, rozpoczynaj\u0105cej KONKLAWE, o godzinie 10:00, a potem o 16:30, z rozpocz\u0119cia ju\u017c samych wybor\u00f3w, w Kaplicy Syksty\u0144skiej.<\/span><\/span><\/span><\/p>\n<p align=\"justify\"><span style=\"color: #000000;\"><span style=\"font-family: Book Antiqua, serif;\"><span style=\"font-size: large;\">A u nas dzisiaj \u2013 jak to w \u015brod\u0119 \u2013 o 17:00, spotkanie BANDY \u201eCZARNEGO\u201d. A o 19:00 Msza \u015awi\u0119ta w intencji \u015arodowiska Akademickiego, Duszpasterstwa Akademickiego i M\u0142odzie\u017cy w Ko\u015bciele. Po niej za\u015b \u2013 wystawienie Naj\u015bwi\u0119tszego Sakramentu, nabo\u017ce\u0144stwo majowe i adoracja w ciszy, do godziny 21:00. Serdecznie zapraszam!<\/span><\/span><\/span><\/p>\n<p align=\"justify\"><span style=\"color: #000000;\"><span style=\"font-family: Book Antiqua, serif;\"><span style=\"font-size: large;\">A teraz ju\u017c zapraszam do pochylenia si\u0119 nad Bo\u017cym s\u0142owem dzisiejszej liturgii. Oto s\u0142\u00f3wko Ksi\u0119dza Marka na dzi\u015b:<\/span><\/span><\/span><\/p>\n<p align=\"justify\"><span style=\"color: #000000;\"><span style=\"font-family: Book Antiqua, serif;\"><span style=\"font-size: medium;\"><a href=\"https:\/\/www.youtube.com\/c\/CatholicSurgut\"><span style=\"font-size: large;\"><b>https:\/\/www.youtube.com\/c\/CatholicSurgut<\/b><\/span><\/a><\/span><\/span><\/span><\/p>\n<p align=\"justify\"><span style=\"color: #000000;\"><span style=\"font-family: Book Antiqua, serif;\"><span style=\"font-size: large;\">Zatem, <b>z<\/b><b> jakim konkretnie przes\u0142aniem Pan do mnie <\/b><b>dzisiaj<\/b><b> si\u0119 zwraca?<\/b> Duchu \u015awi\u0119ty, pom\u00f3\u017c to odkry\u0107!<\/span><\/span><\/span><\/p>\n<p align=\"justify\"><span style=\"color: #000000;\"><span style=\"font-family: Book Antiqua, serif;\"><span style=\"font-size: large;\"><b>Niech Was b\u0142ogos\u0142awi B\u00f3g Wszechmog\u0105cy: Ojciec + i Syn, i Duch \u015awi\u0119ty. Amen<\/b><\/span><\/span><\/span><\/p>\n<p align=\"center\"><span style=\"color: #000000;\"><span style=\"font-family: Book Antiqua, serif;\"><span style=\"font-size: large;\">Gaudium et spes! Ks. Jacek<\/span><\/span><\/span><\/p>\n<p align=\"center\">\n<p align=\"center\">\n<p align=\"center\">\n<p align=\"center\">\n<p align=\"center\">\n<p align=\"justify\"><span style=\"color: #000000;\"><span style=\"font-family: Book Antiqua, serif;\"><span style=\"font-size: large;\"><b>\u015aroda 3 Tygodnia Wielkanocy,<\/b><\/span><\/span><\/span><\/p>\n<p align=\"justify\"><span style=\"color: #000000;\"><span style=\"font-family: Book Antiqua, serif;\"><span style=\"font-size: large;\"><b>7 maja 2025.,\u00a0<\/b><\/span><\/span><\/span><\/p>\n<p align=\"justify\"><span style=\"color: #000000;\"><span style=\"font-family: Book Antiqua, serif;\"><span style=\"font-size: large;\"><b>do czyta\u0144: Dz 8,1b\u20138; J 6,35\u201340<\/b><\/span><\/span><\/span><\/p>\n<p align=\"justify\">\n<p align=\"justify\">\n<p align=\"justify\">\n<p align=\"justify\">\n<p align=\"justify\">\n<p align=\"justify\"><span style=\"color: #000000;\"><span style=\"font-family: Book Antiqua, serif;\"><span style=\"font-size: large;\"><b>CZYTANIE Z DZIEJ\u00d3W APOSTOLSKICH:<\/b><\/span><\/span><\/span><\/p>\n<p align=\"justify\"><span style=\"color: #000000;\"><span style=\"font-family: Book Antiqua, serif;\"><span style=\"font-size: large;\"><b>Po \u015bmierci Szczepana wybuch\u0142o wielkie prze\u015bladowanie w Ko\u015bciele jerozolimskim. Wszyscy, z wyj\u0105tkiem aposto\u0142\u00f3w, rozproszyli si\u0119 po okolicach Judei i Samarii. <\/b><\/span><\/span><\/span><\/p>\n<p align=\"justify\"><span style=\"color: #000000;\"><span style=\"font-family: Book Antiqua, serif;\"><span style=\"font-size: large;\"><b>Szczepana za\u015b pochowali ludzie pobo\u017cni z wielkim \u017calem. <\/b><\/span><\/span><\/span><\/p>\n<p align=\"justify\"><span style=\"color: #000000;\"><span style=\"font-family: Book Antiqua, serif;\"><span style=\"font-size: large;\"><b>A Szawe\u0142 niszczy\u0142 Ko\u015bci\u00f3\u0142, wchodz\u0105c do dom\u00f3w porywa\u0142 m\u0119\u017cczyzn i kobiety i wtr\u0105ca\u0142 do wi\u0119zienia. <\/b><\/span><\/span><\/span><\/p>\n<p align=\"justify\"><span style=\"color: #000000;\"><span style=\"font-family: Book Antiqua, serif;\"><span style=\"font-size: large;\"><b>Ci, kt\u00f3rzy si\u0119 rozproszyli, g\u0142osili w drodze s\u0142owo. <\/b><\/span><\/span><\/span><\/p>\n<p align=\"justify\"><span style=\"color: #000000;\"><span style=\"font-family: Book Antiqua, serif;\"><span style=\"font-size: large;\"><b>Filip przyby\u0142 do miasta Samarii i g\u0142osi\u0142 im Chrystusa. T\u0142umy s\u0142ucha\u0142y z uwag\u0105 i skupieniem s\u0142\u00f3w Filipa, poniewa\u017c widzia\u0142y znaki, kt\u00f3re czyni\u0142. Z wielu bowiem op\u0119tanych wychodzi\u0142y z wielkim krzykiem duchy nieczyste, wielu te\u017c sparali\u017cowanych i chromych zosta\u0142o uzdrowionych. Wielka rado\u015b\u0107 zapanowa\u0142a w tym mie\u015bcie.<\/b><\/span><\/span><\/span><\/p>\n<p align=\"justify\">\n<p align=\"justify\">\n<p align=\"justify\">\n<p align=\"justify\">\n<p align=\"justify\">\n<p align=\"justify\"><span style=\"color: #000000;\"><span style=\"font-family: Book Antiqua, serif;\"><span style=\"font-size: large;\"><b>S\u0141OWA EWANGELII WED\u0141UG \u015aWI\u0118TEGO JANA: <\/b><\/span><\/span><\/span><\/p>\n<p align=\"justify\"><span style=\"color: #000000;\"><span style=\"font-family: Book Antiqua, serif;\"><span style=\"font-size: large;\"><b>Jezus powiedzia\u0142 do ludu: \u201eJam jest chleb \u017cycia. Kto do Mnie przychodzi, nie b\u0119dzie \u0142akn\u0105\u0142; a kto we Mnie wierzy, nigdy pragn\u0105\u0107 nie b\u0119dzie. Powiedzia\u0142em wam jednak: Widzieli\u015bcie Mnie, a przecie\u017c nie wierzycie. Wszystko, co Mi daje Ojciec, do Mnie przyjdzie, a tego, kt\u00f3ry do Mnie przychodzi, precz nie odrzuc\u0119, poniewa\u017c z nieba zst\u0105pi\u0142em nie po to, aby czyni\u0107 swoj\u0105 wol\u0119, ale wol\u0119 Tego, kt\u00f3ry Mnie pos\u0142a\u0142. <\/b><\/span><\/span><\/span><\/p>\n<p align=\"justify\"><span style=\"color: #000000;\"><span style=\"font-family: Book Antiqua, serif;\"><span style=\"font-size: large;\"><b>Jest wol\u0105 Tego, kt\u00f3ry Mnie pos\u0142a\u0142, abym ze wszystkiego, co Mi da\u0142, niczego nie straci\u0142, ale \u017cebym to wskrzesi\u0142 w dniu ostatecznym. To bowiem jest wol\u0105 Ojca mego, aby ka\u017cdy, kto widzi Syna i wierzy w Niego, mia\u0142 \u017cycie wieczne. A Ja go wskrzesz\u0119 w dniu ostatecznym\u201d.<\/b><\/span><\/span><\/span><\/p>\n<p align=\"justify\">\n<p align=\"justify\">\n<p align=\"justify\">\n<p align=\"justify\">\n<p align=\"justify\">\n<p align=\"justify\"><span style=\"color: #000000;\"><span style=\"font-family: Book Antiqua, serif;\"><span style=\"font-size: large;\">Jak s\u0142yszymy w pierwszym czytaniu, <i><b>p<\/b><\/i><i><b>o \u015bmierci Szczepana wybuch\u0142o wielkie prze\u015bladowanie w Ko\u015bciele jerozolimskim. Wszyscy, z wyj\u0105tkiem aposto\u0142\u00f3w, rozproszyli si\u0119 po okolicach Judei i Samarii.<\/b><\/i><b> <\/b>Aposto\u0142owie zostali, \u017ceby dalej prowadzi\u0107 to wielkie dzie\u0142o Ko\u015bcio\u0142a \u2013 a mo\u017ce po prostu go strzec, <b>przeprowadzi\u0107 przez ten najtrudniejszy czas <\/b>\u2013 a inni rozproszyli si\u0119. Jak dowiadujemy si\u0119 z nast\u0119pnych stwierdze\u0144 \u2013 <i><b>c<\/b><\/i><i><b>i, kt\u00f3rzy si\u0119 rozproszyli, g\u0142osili w drodze s\u0142owo. <\/b><\/i><i><b>Filip przyby\u0142 do miasta Samarii i g\u0142osi\u0142 im Chrystusa.<\/b><\/i><b> <\/b><\/span><\/span><\/span><\/p>\n<p align=\"justify\"><span style=\"color: #000000;\"><span style=\"font-family: Book Antiqua, serif;\"><span style=\"font-size: large;\">Zatem \u2013 je\u015bli tak mo\u017cna powiedzie\u0107 \u2013 <b>nie zmarnowali tej sytuacji.<\/b> Nawet, je\u017celi owo rozproszenie by\u0142o wynikiem zwyk\u0142ego ludzkiego strachu, obawy o \u017cycie, l\u0119ku przed prze\u015bladowaniami\u2026 Prawd\u0119 m\u00f3wi\u0105c, to chyba <b>nie powinno nas to a\u017c tak bardzo dziwi\u0107.<\/b> Sk\u0105din\u0105d wiem \u2013 s\u0142ysza\u0142em to w jakiej\u015b wypowiedzi, w mediach wolnych i niezale\u017cnych \u2013 \u017ce <b>po brutalnym morderstwie Ksi\u0119dza Jerzego Popie\u0142uszki <\/b>w szeregach \u00f3wczesnej \u201eSolidarno\u015bci\u201d, ale te\u017c w sercach wielu ludzi, <b>wida\u0107 by\u0142o przestrach\u2026<\/b> Nawet mniej os\u00f3b zacz\u0119\u0142o przychodzi\u0107 na spotkania, anga\u017cowa\u0107 si\u0119 w \u00f3wczesn\u0105 konspiracyjn\u0105 dzia\u0142alno\u015b\u0107. <\/span><\/span><\/span><\/p>\n<p align=\"justify\"><span style=\"color: #000000;\"><span style=\"font-family: Book Antiqua, serif;\"><span style=\"font-size: large;\">I znowu \u2013<b> czy\u017c mo\u017cna si\u0119 temu dziwi\u0107? <\/b>A jak my by\u015bmy zareagowali? Owszem, mo\u017cemy m\u00f3wi\u0107 <b>o heroizmie, ale czy mo\u017cemy domaga\u0107 si\u0119 go od wszystkich? <\/b>Dlatego pewnie nie dziwimy si\u0119 a\u017c tak bardzo \u2013 a nawet w og\u00f3le nie dziwimy si\u0119 \u2013 tym, kt\u00f3rzy po brutalnym zabiciu Szczepana <i><b>rozproszyli si\u0119 po okolicach Judei i Samarii<\/b><\/i><b>. <\/b>Natomiast doceniamy to, \u017ce <i><b>c<\/b><\/i><i><b>i, kt\u00f3rzy si\u0119 rozproszyli, g\u0142osili w drodze s\u0142owo. <\/b><\/i><i><b>Filip przyby\u0142 do miasta Samarii i g\u0142osi\u0142 im Chrystusa. <\/b><\/i>Czyli \u2013 nie zmarnowali tej sytuacji. Albo inaczej: nawet w tak trudnej sytuacji<b> zachowali klas\u0119 i styl.<\/b> I jednak \u2013 powiedzmy to sobie szczerze \u2013<b> odwag\u0119! <\/b><\/span><\/span><\/span><\/p>\n<p align=\"justify\"><span style=\"color: #000000;\"><span style=\"font-family: Book Antiqua, serif;\"><span style=\"font-size: large;\">Bo nawet je\u017celi opu\u015bcili Jerozolim\u0119 lub jej okolice, to czy\u017c tam, gdzie przebywali, <b>mogli si\u0119 czu\u0107 w pe\u0142ni bezpiecznie?<\/b> Na pewno nie. A jednak \u2013 <b>nie za\u0142amali si\u0119, nie zrezygnowali, <\/b>nie poddali tak do ko\u0144ca strachowi, ale w\u0142a\u015bnie t\u0119 trudn\u0105 sytuacj\u0119 postanowili wykorzysta\u0107 do g\u0142oszenia Bo\u017cego s\u0142owa. Pomimo wszystko! I c\u00f3\u017c si\u0119 okaza\u0142o? <\/span><\/span><\/span><\/p>\n<p align=\"justify\"><span style=\"color: #000000;\"><span style=\"font-family: Book Antiqua, serif;\"><span style=\"font-size: large;\">Widzimy to dok\u0142adnie na przyk\u0142adzie dzia\u0142alno\u015bci Filipa: <i><b>Filip przyby\u0142 do miasta Samarii i g\u0142osi\u0142 im Chrystusa. T\u0142umy s\u0142ucha\u0142y z uwag\u0105 i skupieniem s\u0142\u00f3w Filipa, poniewa\u017c widzia\u0142y znaki, kt\u00f3re czyni\u0142. Z wielu bowiem op\u0119tanych wychodzi\u0142y z wielkim krzykiem duchy nieczyste, wielu te\u017c sparali\u017cowanych i chromych zosta\u0142o uzdrowionych. Wielka rado\u015b\u0107 zapanowa\u0142a w tym mie\u015bcie. <\/b><\/i><\/span><\/span><\/span><\/p>\n<p align=\"justify\"><span style=\"color: #000000;\"><span style=\"font-family: Book Antiqua, serif;\"><span style=\"font-size: large;\">Zatem, wielki strach \u2013 <b>przemieni\u0142 si\u0119 w wielk\u0105 rado\u015b\u0107!<\/b> Dlaczego? Bo <b>Pan sam wspar\u0142 <\/b>dzia\u0142alno\u015b\u0107 Filipa, potwierdzaj\u0105c jego s\u0142owa wieloma spektakularnymi znakami! A to sta\u0142o si\u0119 dla wszystkich bardzo czytelnym potwierdzeniem tego, \u017ce ca\u0142e dzie\u0142o, jakim by\u0142 powstaj\u0105cy i rozwijaj\u0105cy si\u0119 Ko\u015bci\u00f3\u0142, a tak\u017ce dzie\u0142o g\u0142oszenia Bo\u017cego s\u0142owa, <b>nie upad\u0142o. <\/b>Wprost przeciwnie, w ogniu tych wszystkich prze\u015bladowa\u0144 <b>wr\u0119cz wzmocni\u0142o si\u0119, nabra\u0142o nowej mocy!<\/b> A widomym tego znakiem by\u0142o to, \u017ce w ludzkich sercach <b>przestrach zamieni\u0142 si\u0119 w rado\u015b\u0107!<\/b> Czemu tak si\u0119 jednak sta\u0142o? <\/span><\/span><\/span><\/p>\n<p align=\"justify\"><span style=\"color: #000000;\"><span style=\"font-family: Book Antiqua, serif;\"><span style=\"font-size: large;\">Owszem, sprawi\u0142a to <b>interwencja Jezusa, <\/b>kt\u00f3ry sam dokonywa\u0142 wielkich dzie\u0142 \u2013 poprzez dzia\u0142alno\u015b\u0107 Filipa i zapewne tak\u017ce innych, rozproszonych w\u00f3wczas chrze\u015bcijan. Ale w\u0142a\u015bnie wielkie znaczenie w tym wszystkim mia\u0142o owo <b>zaanga\u017cowanie chrze\u015bcijan.<\/b> To, \u017ce oni <b>jednak chcieli dzia\u0142a\u0107, nie wycofali si\u0119, <\/b>nie schowali si\u0119 gdzie\u015b w ciemny k\u0105t, ale robili to, co w danym momencie da\u0142o si\u0119 zrobi\u0107. A w\u00f3wczas okaza\u0142o si\u0119,<b> \u017ce da\u0142o si\u0119 bardzo du\u017co! <\/b><\/span><\/span><\/span><\/p>\n<p align=\"justify\"><span style=\"color: #000000;\"><span style=\"font-family: Book Antiqua, serif;\"><span style=\"font-size: large;\">I w tym kontek\u015bcie us\u0142yszmy raz jeszcze s\u0142owa Jezusa z dzisiejszej Ewangelii:<i> <\/i><i><b>Jam jest chleb \u017cycia. Kto do Mnie przychodzi, nie b\u0119dzie \u0142akn\u0105\u0142; a kto we Mnie wierzy, nigdy pragn\u0105\u0107 nie b\u0119dzie. Powiedzia\u0142em wam jednak: Widzieli\u015bcie Mnie, a przecie\u017c<\/b><\/i><b> <\/b><i><b>nie<\/b><\/i><b> <\/b><i><b>wierzycie<\/b><\/i><b>. <\/b><i><b>Wszystko, co Mi daje Ojciec, do Mnie przyjdzie, a tego, kt\u00f3ry do Mnie przychodzi, precz nie odrzuc\u0119, poniewa\u017c z nieba zst\u0105pi\u0142em nie po to, aby czyni\u0107 swoj\u0105 wol\u0119, ale wol\u0119 Tego, kt\u00f3ry Mnie pos\u0142a\u0142. <\/b><\/i>Czy zauwa\u017camy istot\u0119 problemu? <\/span><\/span><\/span><\/p>\n<p align=\"justify\"><span style=\"color: #000000;\"><span style=\"font-family: Book Antiqua, serif;\"><span style=\"font-size: large;\">Jezus staje si\u0119 dla nas chlebem. Podaje nam ten Chleb do spo\u017cycia. <b>Ale to my mamy wyci\u0105gn\u0105\u0107 po <\/b><b>N<\/b><b>iego r\u0119k\u0119. <\/b>To my mamy <b>przyj\u015b\u0107 do Jezusa.<\/b> To jest ta cz\u0119\u015b\u0107 ca\u0142ej pracy, kt\u00f3rej <b>za nas nikt nie wykona \u2013 nawet Jezus! <\/b>To my mamy widz\u0105c \u2013 uwierzy\u0107, \u017ceby Jezus nie musia\u0142 m\u00f3wi\u0107 o nas: <i><b>Widzieli\u015bcie Mnie, a przecie\u017c nie wierzycie. <\/b><\/i><\/span><\/span><\/span><\/p>\n<p align=\"justify\"><span style=\"color: #000000;\"><span style=\"font-family: Book Antiqua, serif;\"><span style=\"font-size: large;\">Bo Jezus <b>nie chce straci\u0107 nikogo <\/b>spo\u015br\u00f3d tych, kt\u00f3rzy do Niego przyjd\u0105. Ale w\u0142a\u015bnie \u2013 <b>przyjd\u0105 do Niego.<\/b> Bo On nikogo nie zmusi do przyj\u015bcia do siebie. Nie b\u0119dzie nikogo uszcz\u0119\u015bliwia\u0142 na si\u0142\u0119. <b>Nie po to da\u0142 ka\u017cdej i ka\u017cdemu z nas osobist\u0105 wolno\u015b\u0107! <\/b>Nawet, je\u017celi widzi, jak my t\u0119 wolno\u015b\u0107 marnotrawimy\u2026 Jak obracamy j\u0105 przeciwko samym sobie\u2026 <\/span><\/span><\/span><\/p>\n<p align=\"justify\"><span style=\"color: #000000;\"><span style=\"font-family: Book Antiqua, serif;\"><span style=\"font-size: large;\">A m\u00f3wi dzi\u015b jeszcze: <i><b>Jest wol\u0105 Tego, kt\u00f3ry Mnie pos\u0142a\u0142, abym ze wszystkiego, co Mi da\u0142, niczego nie straci\u0142, ale \u017cebym to wskrzesi\u0142 w dniu ostatecznym. To bowiem jest wol\u0105 Ojca mego, aby ka\u017cdy, kto widzi Syna i wierzy w Niego, mia\u0142 \u017cycie wieczne. A Ja go wskrzesz\u0119 w dniu ostatecznym. <\/b><\/i><\/span><\/span><\/span><\/p>\n<p align=\"justify\"><span style=\"color: #000000;\"><span style=\"font-family: Book Antiqua, serif;\"><span style=\"font-size: large;\">W\u0142a\u015bnie, jest wol\u0105 Ojca, aby mia\u0142 \u017cycie wieczne ka\u017cdy \u2013 ale ka\u017cdy, <i><b>kto widzi Syna i wierzy w Niego.<\/b><\/i><b> <\/b>Jest wi\u0119c potrzebny <b>\u00f3w akt wolnego wyboru, akceptacji, <\/b>\u015bwiadomego przyj\u0119cia Bo\u017cych dar\u00f3w. A je\u017celi m\u00f3wimy o \u015bwiadomym przyj\u0119ciu, to niejako automatycznie mamy na my\u015bli tak\u017ce <b>\u015bwiadome podj\u0119cie wsp\u00f3\u0142pracy z tym darem,<\/b> rozwijanie tego daru w sobie, w swoim \u017cyciu \u2013 i swoim \u017cyciem! <\/span><\/span><\/span><\/p>\n<p align=\"justify\"><span style=\"color: #000000;\"><span style=\"font-family: Book Antiqua, serif;\"><span style=\"font-size: large;\">A z takiej wsp\u00f3\u0142pracy z cz\u0142owieka z Jezusem i Jego wszechmoc\u0105, Jego \u0142ask\u0105 \u2013<b> mo\u017ce wynikn\u0105\u0107 tylko dobro! <\/b>I na tak\u0105 wsp\u00f3\u0142prac\u0119 \u2013 m\u00f3wi\u0105c tak czysto po ludzku \u2013 nie ma mocnych! Nie ma takich przeciwno\u015bci, takich trudnych okoliczno\u015bci, takich prze\u015bladowa\u0144, kt\u00f3re mog\u0142yby zniszczy\u0107 tak budowane dzie\u0142o! <b>Dlatego Ko\u015bci\u00f3\u0142 trwa i przetrwa \u2013 mimo rozlicznych zawirowa\u0144 \u2013 bo Chrystus jest w Nim obecny i dzia\u0142a! <\/b>Ale te\u017c \u2013 co jest r\u00f3wnie wa\u017cne, a wr\u0119cz nieodzowne \u2013 <b>s\u0105 i ci, kt\u00f3rzy wierz\u0105 w <\/b><b>Jezusa Chrystusa<\/b><b>, <\/b>przychodz\u0105 do Niego, odpowiadaj\u0105 pozytywnie na Jego zaproszenia, podejmuj\u0105 z Nim wsp\u00f3\u0142prac\u0119, buduj\u0105 z Nim prawdziw\u0105 jedno\u015b\u0107! <\/span><\/span><\/span><\/p>\n<p align=\"justify\"><span style=\"color: #000000;\"><span style=\"font-family: Book Antiqua, serif;\"><span style=\"font-size: large;\"><b>A na to nie ma mocnych \u2013 <\/b>oczywi\u015bcie, je\u015bli idzie o tych \u201epo drugiej stronie\u201d mocy. Nie ma mocnych! Bo wszystkie z\u0142e zap\u0119dy zostan\u0105 zwyci\u0119\u017cone<b> moc\u0105 Jezusa, po\u0142\u0105czon\u0105 z siln\u0105 wiar\u0105 cz\u0142owieka!<\/b><\/span><\/span><\/span><\/p>\n","protected":false},"excerpt":{"rendered":"<p>Szcz\u0119\u015b\u0107 Bo\u017ce! Moi Drodzy, w dniu dzisiejszym rozpoczyna si\u0119 KONKLAWE. W obliczu r\u00f3\u017cnych medialnych spekulacji i \u201ejedynie s\u0142usznych\u201d opinii bardzo serdecznie zach\u0119cam do spokojnej lektury \u2013 najlepiej w ca\u0142o\u015bci, albo wybranych fragment\u00f3w tego oto dokumentu Jana Paw\u0142a II: https:\/\/opoka.org.pl\/biblioteka\/W\/WP\/jan_pawel_ii\/konstytucje\/universi_dominici_22021996.html Jest to Konstytucja apostolska Jana Paw\u0142a II, reguluj\u0105ca ca\u0142o\u015bciowo przebieg samego KONKLAWE, przygotowania do niego i [&hellip;]<\/p>\n","protected":false},"author":1,"featured_media":0,"comment_status":"open","ping_status":"open","sticky":false,"template":"","format":"standard","meta":{"jetpack_post_was_ever_published":false,"_jetpack_newsletter_access":"","_jetpack_dont_email_post_to_subs":false,"_jetpack_newsletter_tier_id":0,"_jetpack_memberships_contains_paywalled_content":false,"_jetpack_memberships_contains_paid_content":false,"footnotes":""},"categories":[1],"tags":[],"class_list":["post-23744","post","type-post","status-publish","format-standard","hentry","category-bez-kategorii"],"yoast_head":"<!-- This site is optimized with the Yoast SEO plugin v25.1 - https:\/\/yoast.com\/wordpress\/plugins\/seo\/ -->\n<title>A jednak - mo\u017cna! - Gaudium Et Spes<\/title>\n<meta name=\"robots\" content=\"index, follow, max-snippet:-1, max-image-preview:large, max-video-preview:-1\" \/>\n<link rel=\"canonical\" href=\"https:\/\/gaudiumetspes-blog.pl\/index.php\/2025\/05\/07\/a-jednak-mozna\/\" \/>\n<meta property=\"og:locale\" content=\"pl_PL\" \/>\n<meta property=\"og:type\" content=\"article\" \/>\n<meta property=\"og:title\" content=\"A jednak - mo\u017cna! - Gaudium Et Spes\" \/>\n<meta property=\"og:description\" content=\"Szcz\u0119\u015b\u0107 Bo\u017ce! Moi Drodzy, w dniu dzisiejszym rozpoczyna si\u0119 KONKLAWE. W obliczu r\u00f3\u017cnych medialnych spekulacji i \u201ejedynie s\u0142usznych\u201d opinii bardzo serdecznie zach\u0119cam do spokojnej lektury \u2013 najlepiej w ca\u0142o\u015bci, albo wybranych fragment\u00f3w tego oto dokumentu Jana Paw\u0142a II: https:\/\/opoka.org.pl\/biblioteka\/W\/WP\/jan_pawel_ii\/konstytucje\/universi_dominici_22021996.html Jest to Konstytucja apostolska Jana Paw\u0142a II, reguluj\u0105ca ca\u0142o\u015bciowo przebieg samego KONKLAWE, przygotowania do niego i [&hellip;]\" \/>\n<meta property=\"og:url\" content=\"https:\/\/gaudiumetspes-blog.pl\/index.php\/2025\/05\/07\/a-jednak-mozna\/\" \/>\n<meta property=\"og:site_name\" content=\"Gaudium Et Spes\" \/>\n<meta property=\"article:published_time\" content=\"2025-05-07T07:10:21+00:00\" \/>\n<meta name=\"author\" content=\"Ks. Jacek\" \/>\n<meta name=\"twitter:card\" content=\"summary_large_image\" \/>\n<meta name=\"twitter:label1\" content=\"Napisane przez\" \/>\n\t<meta name=\"twitter:data1\" content=\"Ks. Jacek\" \/>\n\t<meta name=\"twitter:label2\" content=\"Szacowany czas czytania\" \/>\n\t<meta name=\"twitter:data2\" content=\"9 minut\" \/>\n<script type=\"application\/ld+json\" class=\"yoast-schema-graph\">{\"@context\":\"https:\/\/schema.org\",\"@graph\":[{\"@type\":\"WebPage\",\"@id\":\"https:\/\/gaudiumetspes-blog.pl\/index.php\/2025\/05\/07\/a-jednak-mozna\/\",\"url\":\"https:\/\/gaudiumetspes-blog.pl\/index.php\/2025\/05\/07\/a-jednak-mozna\/\",\"name\":\"A jednak - mo\u017cna! - Gaudium Et Spes\",\"isPartOf\":{\"@id\":\"https:\/\/gaudiumetspes-blog.pl\/#website\"},\"datePublished\":\"2025-05-07T07:10:21+00:00\",\"author\":{\"@id\":\"https:\/\/gaudiumetspes-blog.pl\/#\/schema\/person\/1661982992b752dea8dff0d4ed845a65\"},\"breadcrumb\":{\"@id\":\"https:\/\/gaudiumetspes-blog.pl\/index.php\/2025\/05\/07\/a-jednak-mozna\/#breadcrumb\"},\"inLanguage\":\"pl-PL\",\"potentialAction\":[{\"@type\":\"ReadAction\",\"target\":[\"https:\/\/gaudiumetspes-blog.pl\/index.php\/2025\/05\/07\/a-jednak-mozna\/\"]}]},{\"@type\":\"BreadcrumbList\",\"@id\":\"https:\/\/gaudiumetspes-blog.pl\/index.php\/2025\/05\/07\/a-jednak-mozna\/#breadcrumb\",\"itemListElement\":[{\"@type\":\"ListItem\",\"position\":1,\"name\":\"Strona g\u0142\u00f3wna\",\"item\":\"https:\/\/gaudiumetspes-blog.pl\/\"},{\"@type\":\"ListItem\",\"position\":2,\"name\":\"A jednak &#8211; mo\u017cna!\"}]},{\"@type\":\"WebSite\",\"@id\":\"https:\/\/gaudiumetspes-blog.pl\/#website\",\"url\":\"https:\/\/gaudiumetspes-blog.pl\/\",\"name\":\"Gaudium Et Spes\",\"description\":\"Blog Ks. Jacka Ja\u015bkowskiego\",\"potentialAction\":[{\"@type\":\"SearchAction\",\"target\":{\"@type\":\"EntryPoint\",\"urlTemplate\":\"https:\/\/gaudiumetspes-blog.pl\/?s={search_term_string}\"},\"query-input\":{\"@type\":\"PropertyValueSpecification\",\"valueRequired\":true,\"valueName\":\"search_term_string\"}}],\"inLanguage\":\"pl-PL\"},{\"@type\":\"Person\",\"@id\":\"https:\/\/gaudiumetspes-blog.pl\/#\/schema\/person\/1661982992b752dea8dff0d4ed845a65\",\"name\":\"Ks. Jacek\",\"image\":{\"@type\":\"ImageObject\",\"inLanguage\":\"pl-PL\",\"@id\":\"https:\/\/gaudiumetspes-blog.pl\/#\/schema\/person\/image\/\",\"url\":\"https:\/\/gaudiumetspes-blog.pl\/wp-content\/uploads\/2019\/07\/avatar-JJ-150x150.jpg\",\"contentUrl\":\"https:\/\/gaudiumetspes-blog.pl\/wp-content\/uploads\/2019\/07\/avatar-JJ-150x150.jpg\",\"caption\":\"Ks. Jacek\"},\"description\":\"Witam serdecznie! K\u0142ania si\u0119 Ks. Jacek Ja\u015bkowski. Nie jestem ani kim\u015b wa\u017cnym, ani kim\u015b znanym. Jestem ksi\u0119dzem, kt\u00f3ry po prostu chce rozmawia\u0107. Codzienna kap\u0142a\u0144ska pos\u0142uga pokazuje mi, \u017ce temat\u00f3w do rozm\u00f3w z ksi\u0119dzem jest coraz wi\u0119cej i dzisiaj \u017caden ksi\u0105dz nie mo\u017ce od nich ucieka\u0107, ale - wprost przeciwnie - podejmowa\u0107 nowe wyzwania. To przekonanie sk\u0142oni\u0142o mnie do pr\u00f3by otwarcia tego\u017c bloga, chocia\u017c okazji do rozm\u00f3w na co dzie\u0144 - w konfesjonale i poza nim - na szcz\u0119\u015bcie nie brakuje. My\u015bl\u0119 jednak, \u017ce ten blog b\u0119dzie jeszcze jednym sposobem i przestrzeni\u0105 nawi\u0105zania kontaktu z lud\u017ami dobrej woli, otwartymi na dialog.\",\"url\":\"https:\/\/gaudiumetspes-blog.pl\/index.php\/author\/ks-jacek\/\"}]}<\/script>\n<!-- \/ Yoast SEO plugin. -->","yoast_head_json":{"title":"A jednak - mo\u017cna! - Gaudium Et Spes","robots":{"index":"index","follow":"follow","max-snippet":"max-snippet:-1","max-image-preview":"max-image-preview:large","max-video-preview":"max-video-preview:-1"},"canonical":"https:\/\/gaudiumetspes-blog.pl\/index.php\/2025\/05\/07\/a-jednak-mozna\/","og_locale":"pl_PL","og_type":"article","og_title":"A jednak - mo\u017cna! - Gaudium Et Spes","og_description":"Szcz\u0119\u015b\u0107 Bo\u017ce! Moi Drodzy, w dniu dzisiejszym rozpoczyna si\u0119 KONKLAWE. W obliczu r\u00f3\u017cnych medialnych spekulacji i \u201ejedynie s\u0142usznych\u201d opinii bardzo serdecznie zach\u0119cam do spokojnej lektury \u2013 najlepiej w ca\u0142o\u015bci, albo wybranych fragment\u00f3w tego oto dokumentu Jana Paw\u0142a II: https:\/\/opoka.org.pl\/biblioteka\/W\/WP\/jan_pawel_ii\/konstytucje\/universi_dominici_22021996.html Jest to Konstytucja apostolska Jana Paw\u0142a II, reguluj\u0105ca ca\u0142o\u015bciowo przebieg samego KONKLAWE, przygotowania do niego i [&hellip;]","og_url":"https:\/\/gaudiumetspes-blog.pl\/index.php\/2025\/05\/07\/a-jednak-mozna\/","og_site_name":"Gaudium Et Spes","article_published_time":"2025-05-07T07:10:21+00:00","author":"Ks. Jacek","twitter_card":"summary_large_image","twitter_misc":{"Napisane przez":"Ks. Jacek","Szacowany czas czytania":"9 minut"},"schema":{"@context":"https:\/\/schema.org","@graph":[{"@type":"WebPage","@id":"https:\/\/gaudiumetspes-blog.pl\/index.php\/2025\/05\/07\/a-jednak-mozna\/","url":"https:\/\/gaudiumetspes-blog.pl\/index.php\/2025\/05\/07\/a-jednak-mozna\/","name":"A jednak - mo\u017cna! - Gaudium Et Spes","isPartOf":{"@id":"https:\/\/gaudiumetspes-blog.pl\/#website"},"datePublished":"2025-05-07T07:10:21+00:00","author":{"@id":"https:\/\/gaudiumetspes-blog.pl\/#\/schema\/person\/1661982992b752dea8dff0d4ed845a65"},"breadcrumb":{"@id":"https:\/\/gaudiumetspes-blog.pl\/index.php\/2025\/05\/07\/a-jednak-mozna\/#breadcrumb"},"inLanguage":"pl-PL","potentialAction":[{"@type":"ReadAction","target":["https:\/\/gaudiumetspes-blog.pl\/index.php\/2025\/05\/07\/a-jednak-mozna\/"]}]},{"@type":"BreadcrumbList","@id":"https:\/\/gaudiumetspes-blog.pl\/index.php\/2025\/05\/07\/a-jednak-mozna\/#breadcrumb","itemListElement":[{"@type":"ListItem","position":1,"name":"Strona g\u0142\u00f3wna","item":"https:\/\/gaudiumetspes-blog.pl\/"},{"@type":"ListItem","position":2,"name":"A jednak &#8211; mo\u017cna!"}]},{"@type":"WebSite","@id":"https:\/\/gaudiumetspes-blog.pl\/#website","url":"https:\/\/gaudiumetspes-blog.pl\/","name":"Gaudium Et Spes","description":"Blog Ks. Jacka Ja\u015bkowskiego","potentialAction":[{"@type":"SearchAction","target":{"@type":"EntryPoint","urlTemplate":"https:\/\/gaudiumetspes-blog.pl\/?s={search_term_string}"},"query-input":{"@type":"PropertyValueSpecification","valueRequired":true,"valueName":"search_term_string"}}],"inLanguage":"pl-PL"},{"@type":"Person","@id":"https:\/\/gaudiumetspes-blog.pl\/#\/schema\/person\/1661982992b752dea8dff0d4ed845a65","name":"Ks. Jacek","image":{"@type":"ImageObject","inLanguage":"pl-PL","@id":"https:\/\/gaudiumetspes-blog.pl\/#\/schema\/person\/image\/","url":"https:\/\/gaudiumetspes-blog.pl\/wp-content\/uploads\/2019\/07\/avatar-JJ-150x150.jpg","contentUrl":"https:\/\/gaudiumetspes-blog.pl\/wp-content\/uploads\/2019\/07\/avatar-JJ-150x150.jpg","caption":"Ks. Jacek"},"description":"Witam serdecznie! K\u0142ania si\u0119 Ks. Jacek Ja\u015bkowski. Nie jestem ani kim\u015b wa\u017cnym, ani kim\u015b znanym. Jestem ksi\u0119dzem, kt\u00f3ry po prostu chce rozmawia\u0107. Codzienna kap\u0142a\u0144ska pos\u0142uga pokazuje mi, \u017ce temat\u00f3w do rozm\u00f3w z ksi\u0119dzem jest coraz wi\u0119cej i dzisiaj \u017caden ksi\u0105dz nie mo\u017ce od nich ucieka\u0107, ale - wprost przeciwnie - podejmowa\u0107 nowe wyzwania. To przekonanie sk\u0142oni\u0142o mnie do pr\u00f3by otwarcia tego\u017c bloga, chocia\u017c okazji do rozm\u00f3w na co dzie\u0144 - w konfesjonale i poza nim - na szcz\u0119\u015bcie nie brakuje. My\u015bl\u0119 jednak, \u017ce ten blog b\u0119dzie jeszcze jednym sposobem i przestrzeni\u0105 nawi\u0105zania kontaktu z lud\u017ami dobrej woli, otwartymi na dialog.","url":"https:\/\/gaudiumetspes-blog.pl\/index.php\/author\/ks-jacek\/"}]}},"jetpack_featured_media_url":"","jetpack_sharing_enabled":true,"_links":{"self":[{"href":"https:\/\/gaudiumetspes-blog.pl\/index.php\/wp-json\/wp\/v2\/posts\/23744","targetHints":{"allow":["GET"]}}],"collection":[{"href":"https:\/\/gaudiumetspes-blog.pl\/index.php\/wp-json\/wp\/v2\/posts"}],"about":[{"href":"https:\/\/gaudiumetspes-blog.pl\/index.php\/wp-json\/wp\/v2\/types\/post"}],"author":[{"embeddable":true,"href":"https:\/\/gaudiumetspes-blog.pl\/index.php\/wp-json\/wp\/v2\/users\/1"}],"replies":[{"embeddable":true,"href":"https:\/\/gaudiumetspes-blog.pl\/index.php\/wp-json\/wp\/v2\/comments?post=23744"}],"version-history":[{"count":1,"href":"https:\/\/gaudiumetspes-blog.pl\/index.php\/wp-json\/wp\/v2\/posts\/23744\/revisions"}],"predecessor-version":[{"id":23745,"href":"https:\/\/gaudiumetspes-blog.pl\/index.php\/wp-json\/wp\/v2\/posts\/23744\/revisions\/23745"}],"wp:attachment":[{"href":"https:\/\/gaudiumetspes-blog.pl\/index.php\/wp-json\/wp\/v2\/media?parent=23744"}],"wp:term":[{"taxonomy":"category","embeddable":true,"href":"https:\/\/gaudiumetspes-blog.pl\/index.php\/wp-json\/wp\/v2\/categories?post=23744"},{"taxonomy":"post_tag","embeddable":true,"href":"https:\/\/gaudiumetspes-blog.pl\/index.php\/wp-json\/wp\/v2\/tags?post=23744"}],"curies":[{"name":"wp","href":"https:\/\/api.w.org\/{rel}","templated":true}]}}