{"id":23780,"date":"2025-05-11T10:18:17","date_gmt":"2025-05-11T08:18:17","guid":{"rendered":"https:\/\/gaudiumetspes-blog.pl\/?p=23780"},"modified":"2025-05-11T10:18:17","modified_gmt":"2025-05-11T08:18:17","slug":"osobisty-dar-pasterza","status":"publish","type":"post","link":"https:\/\/gaudiumetspes-blog.pl\/index.php\/2025\/05\/11\/osobisty-dar-pasterza\/","title":{"rendered":"Osobisty dar pasterza&#8230;"},"content":{"rendered":"<p align=\"justify\"><span style=\"color: #000000;\"><span style=\"font-family: Book Antiqua, serif;\"><span style=\"font-size: large;\">Niech b\u0119dzie pochwalony Jezus Chrystus! Moi Drodzy, pozdrawiam Was ze Szklarskiej Por\u0119by, bo od rana jestem w akcji duszpasterskiej i parafialnej. O r\u00f3\u017cnych sprawach napisz\u0119 jutro, teraz natomiast polecam Waszej uwadze s\u0142\u00f3wko Ksi\u0119dza Marka na dzi\u015b:<\/span><\/span><\/span><\/p>\n<p align=\"justify\"><span style=\"color: #000000;\"><span style=\"font-family: Book Antiqua, serif;\"><span style=\"font-size: medium;\"><a href=\"https:\/\/www.youtube.com\/c\/CatholicSurgut\"><span style=\"font-size: large;\"><span lang=\"zxx\"><u><b>https:\/\/www.youtube.com\/c\/CatholicSurgut<\/b><\/u><\/span><\/span><\/a><\/span><\/span><\/span><\/p>\n<p align=\"justify\"><span style=\"color: #000000;\"><span style=\"font-family: Book Antiqua, serif;\"><span style=\"font-size: large;\">I moje te\u017c polecam uwadze! Co Pan m\u00f3wi do mnie osobi\u015bcie? Duchu \u015awi\u0119ty, tchnij!<\/span><\/span><\/span><\/p>\n<p align=\"justify\"><span style=\"color: #000000;\"><span style=\"font-family: Book Antiqua, serif;\"><span style=\"font-size: large;\"><b>N<\/b><b>iech Was b\u0142ogos\u0142awi B\u00f3g Wszechmog\u0105cy: Ojciec + i Syn, i Duch \u015awi\u0119ty. Amen<\/b><\/span><\/span><\/span><\/p>\n<p align=\"center\"><span style=\"color: #000000;\"><span style=\"font-family: Book Antiqua, serif;\"><span style=\"font-size: large;\">Gaudium et spes! Ks. Jacek<\/span><\/span><\/span><\/p>\n<p align=\"center\">\n<p align=\"center\">\n<p align=\"center\">\n<p align=\"center\">\n<p align=\"center\">\n<p align=\"justify\"><span style=\"color: #000000;\"><span style=\"font-family: Book Antiqua, serif;\"><span style=\"font-size: large;\"><b>4 Niedziela Wielkanocy, C,<\/b><\/span><\/span><\/span><\/p>\n<p align=\"justify\"><span style=\"color: #000000;\"><span style=\"font-family: Book Antiqua, serif;\"><span style=\"font-size: large;\"><b>11 maja 2025.,\u00a0<\/b><\/span><\/span><\/span><\/p>\n<p align=\"justify\"><span style=\"color: #000000;\"><span style=\"font-family: Book Antiqua, serif;\"><span style=\"font-size: large;\"><b>do czyta\u0144: Dz 13,14,43\u201352; Ap 7,9.14b\u201317; J 10,27\u201330<\/b><\/span><\/span><\/span><\/p>\n<p align=\"justify\">\n<p align=\"justify\">\n<p align=\"justify\">\n<p align=\"justify\">\n<p align=\"justify\">\n<p align=\"justify\"><span style=\"color: #000000;\"><span style=\"font-family: Book Antiqua, serif;\"><span style=\"font-size: large;\"><b>CZYTANIE Z DZIEJ\u00d3W APOSTOLSKICH:<\/b><\/span><\/span><\/span><\/p>\n<p align=\"justify\"><span style=\"color: #000000;\"><span style=\"font-family: Book Antiqua, serif;\"><span style=\"font-size: large;\"><b>W owym czasie Pawe\u0142 i Barnaba przeszed\u0142szy przez Perge, dotarli do Antiochii Pizydyjskiej, weszli w dzie\u0144 sobotni do synagogi i usiedli. <\/b><\/span><\/span><\/span><\/p>\n<p align=\"justify\"><span style=\"color: #000000;\"><span style=\"font-family: Book Antiqua, serif;\"><span style=\"font-size: large;\"><b>A wielu \u017byd\u00f3w i pobo\u017cnych prozelit\u00f3w towarzyszy\u0142o Paw\u0142owi i Barnabie, kt\u00f3rzy w rozmowie starali si\u0119 zach\u0119ci\u0107 ich do wytrwania w \u0142asce Boga. <\/b><\/span><\/span><\/span><\/p>\n<p align=\"justify\"><span style=\"color: #000000;\"><span style=\"font-family: Book Antiqua, serif;\"><span style=\"font-size: large;\"><b>W nast\u0119pny szabat zebra\u0142o si\u0119 niemal ca\u0142e miasto, aby s\u0142ucha\u0107 s\u0142owa Bo\u017cego. Gdy \u017bydzi zobaczyli t\u0142umy, ogarn\u0119\u0142a ich zazdro\u015b\u0107, i blu\u017ani\u0105c sprzeciwiali si\u0119 temu, co m\u00f3wi\u0142 Pawe\u0142. <\/b><\/span><\/span><\/span><\/p>\n<p align=\"justify\"><span style=\"color: #000000;\"><span style=\"font-family: Book Antiqua, serif;\"><span style=\"font-size: large;\"><b>Wtedy Pawe\u0142 i Barnaba powiedzieli odwa\u017cnie: \u201eNale\u017ca\u0142o g\u0142osi\u0107 s\u0142owo Bo\u017ce najpierw wam. Skoro jednak odrzucacie je i sami uznajecie si\u0119 za niegodnych \u017cycia wiecznego, zwracamy si\u0119 do pogan. Tak bowiem nakaza\u0142 nam Pan: \u00abUstanowi\u0142em ci\u0119 \u015bwiat\u0142o\u015bci\u0105 dla pogan, aby\u015b by\u0142 zbawieniem a\u017c po kra\u0144ce ziemi\u00bb\u201d. <\/b><\/span><\/span><\/span><\/p>\n<p align=\"justify\"><span style=\"color: #000000;\"><span style=\"font-family: Book Antiqua, serif;\"><span style=\"font-size: large;\"><b>Poganie s\u0142ysz\u0105c to radowali si\u0119 i uwielbiali s\u0142owo Pa\u0144skie, a wszyscy, przeznaczeni do \u017cycia wiecznego, uwierzyli. S\u0142owo Pa\u0144skie rozszerza\u0142o si\u0119 po ca\u0142ym kraju. <\/b><\/span><\/span><\/span><\/p>\n<p align=\"justify\"><span style=\"color: #000000;\"><span style=\"font-family: Book Antiqua, serif;\"><span style=\"font-size: large;\"><b>Ale \u017bydzi podburzyli pobo\u017cne a wp\u0142ywowe kobiety i znaczniejszych obywateli, wywo\u0142ali prze\u015bladowanie Paw\u0142a i Barnaby i wyrzucili ich ze swych granic. A oni otrz\u0105sn\u0105wszy na nich py\u0142 z n\u00f3g, przyszli do Ikonium, a uczni\u00f3w nape\u0142nia\u0142o wesele i Duch \u015awi\u0119ty.<\/b><\/span><\/span><\/span><\/p>\n<p align=\"justify\">\n<p align=\"justify\">\n<p align=\"justify\">\n<p align=\"justify\">\n<p align=\"justify\">\n<p align=\"justify\"><span style=\"color: #000000;\"><span style=\"font-family: Book Antiqua, serif;\"><span style=\"font-size: large;\"><b>CZYTANIE Z KSI\u0118GI APOKALIPSY \u015aWI\u0118TEGO JANA APOSTO\u0141A:<\/b><\/span><\/span><\/span><\/p>\n<p align=\"justify\"><span style=\"color: #000000;\"><span style=\"font-family: Book Antiqua, serif;\"><span style=\"font-size: large;\"><b>Ja, Jan, ujrza\u0142em wielki t\u0142um, kt\u00f3rego nie m\u00f3g\u0142 nikt policzy\u0107, z ka\u017cdego narodu i wszystkich pokole\u0144, lud\u00f3w i j\u0119zyk\u00f3w, stoj\u0105cych przed tronem i Barankiem. Odziani s\u0105 w bia\u0142e szaty, a w r\u0119ku ich palmy. <\/b><\/span><\/span><\/span><\/p>\n<p align=\"justify\"><span style=\"color: #000000;\"><span style=\"font-family: Book Antiqua, serif;\"><span style=\"font-size: large;\"><b>I rzek\u0142 do mnie jeden ze starc\u00f3w: \u201eTo ci, kt\u00f3rzy przychodz\u0105 z wielkiego ucisku i op\u0142ukali swe szaty, i w krwi Baranka je wybielili. Dlatego s\u0105 przed tronem Boga i w Jego \u015awi\u0105tyni cze\u015b\u0107 Mu oddaj\u0105 we dnie i w nocy. A Siedz\u0105cy na tronie rozci\u0105gnie nad nimi namiot. Nie b\u0119d\u0105 ju\u017c \u0142akn\u0105\u0107 ani nie b\u0119d\u0105 ju\u017c pragn\u0105\u0107, i nie porazi ich s\u0142o\u0144ce ani \u017caden upa\u0142, bo pa\u015b\u0107 ich b\u0119dzie Baranek, kt\u00f3ry jest w po\u015brodku tronu, i poprowadzi ich do \u017ar\u00f3de\u0142 w\u00f3d \u017cycia: i ka\u017cd\u0105 \u0142z\u0119 otrze B\u00f3g z ich oczu.\u201d<\/b><\/span><\/span><\/span><\/p>\n<p align=\"justify\">\n<p align=\"justify\">\n<p align=\"justify\">\n<p align=\"justify\">\n<p align=\"justify\">\n<p align=\"justify\"><span style=\"color: #000000;\"><span style=\"font-family: Book Antiqua, serif;\"><span style=\"font-size: large;\"><b>S\u0141OWA EWANGELII WED\u0141UG \u015aWI\u0118TEGO JANA: <\/b><\/span><\/span><\/span><\/p>\n<p align=\"justify\"><span style=\"color: #000000;\"><span style=\"font-family: Book Antiqua, serif;\"><span style=\"font-size: large;\"><b>Jezus powiedzia\u0142: \u201eMoje owce s\u0142uchaj\u0105 mego g\u0142osu, a Ja znam je. Id\u0105 one za Mn\u0105 i Ja daj\u0119 im \u017cycie wieczne. Nie zgin\u0105 one na wieki i nikt nie wyrwie ich z mojej r\u0119ki. Ojciec m\u00f3j, kt\u00f3ry Mi je da\u0142, jest wi\u0119kszy od wszystkich. I nikt nie mo\u017ce ich wyrwa\u0107 z r\u0119ki mego Ojca. Ja i Ojciec jedno jeste\u015bmy\u201d.<\/b><\/span><\/span><\/span><\/p>\n<p align=\"justify\">\n<p align=\"justify\">\n<p align=\"justify\">\n<p align=\"justify\">\n<p align=\"justify\">\n<p align=\"justify\"><span style=\"color: #000000;\"><span style=\"font-family: Book Antiqua, serif;\"><span style=\"font-size: large;\">W Ewangelii dzisiejszej s\u0142yszymy s\u0142owa samego Jezusa: <i><b>Moje owce s\u0142uchaj\u0105 mego g\u0142osu, a Ja znam je. Id\u0105 one za Mn\u0105 i Ja daj\u0119 im \u017cycie wieczne. Nie zgin\u0105 one na wieki i nikt nie wyrwie ich z mojej r\u0119ki. Ojciec m\u00f3j, kt\u00f3ry Mi je da\u0142, jest wi\u0119kszy od wszystkich. I nikt nie mo\u017ce ich wyrwa\u0107 z r\u0119ki mego Ojca. Ja i Ojciec jedno jeste\u015bmy. <\/b><\/i><\/span><\/span><\/span><\/p>\n<p align=\"justify\"><span style=\"color: #000000;\"><span style=\"font-family: Book Antiqua, serif;\"><span style=\"font-size: large;\">Jawi si\u0119 zatem przed naszymi oczyma <b>obraz dobrego Pasterza, <\/b>kt\u00f3ry idzie na czele swoich owiec, a one post\u0119puj\u0105 za Nim, bo znaj\u0105 Jego g\u0142os, zatem <b>czuj\u0105 si\u0119 przy Nim pewnie i bezpiecznie,<\/b> nie musz\u0105 si\u0119 bowiem obawia\u0107 o to, \u017ce wyprowadzi je On na jakie\u015b bezdro\u017ca, a w\u0142a\u015bnie <b>poprowadzi prost\u0105 drog\u0105.<\/b> <\/span><\/span><\/span><\/p>\n<p align=\"justify\"><span style=\"color: #000000;\"><span style=\"font-family: Book Antiqua, serif;\"><span style=\"font-size: large;\">Jak jednak w tym kontek\u015bcie, rozumie\u0107 s\u0142owa Aposto\u0142a Paw\u0142a, wypowiedziane w synagodze w Antiochii Pizydyskiej, co us\u0142yszeli\u015bmy w pierwszym dzisiejszym czytaniu: <i><b>Nale\u017ca\u0142o g\u0142osi\u0107 s\u0142owo Bo\u017ce najpierw wam. Skoro jednak odrzucacie je i sami uznajecie si\u0119 za niegodnych \u017cycia wiecznego, zwracamy si\u0119 do pogan. Tak bowiem nakaza\u0142 nam Pan: \u00abUstanowi\u0142em ci\u0119 \u015bwiat\u0142o\u015bci\u0105 dla pogan, aby\u015b by\u0142 zbawieniem a\u017c po kra\u0144ce ziemi\u00bb<\/b><\/i><b> ? <\/b><\/span><\/span><\/span><\/p>\n<p align=\"justify\"><span style=\"color: #000000;\"><span style=\"font-family: Book Antiqua, serif;\"><span style=\"font-size: large;\">By\u0142y to s\u0142owa, skierowane<b> do \u017byd\u00f3w, do kt\u00f3rych \u2013 jako pierwszych \u2013 zosta\u0142a skierowana Dobra Nowina<\/b> o zbawieniu, przyniesiona przez Jezusa i kt\u00f3rzy w\u0142a\u015bnie, przyj\u0105wszy t\u0119 Nowin\u0119, <b>mieli j\u0105 zanie\u015b\u0107 do innych lud\u00f3w i narod\u00f3w,<\/b> nazwanych tutaj <b>poganami. <\/b><\/span><\/span><\/span><\/p>\n<p align=\"justify\"><span style=\"color: #000000;\"><span style=\"font-family: Book Antiqua, serif;\"><span style=\"font-size: large;\">Ca\u0142y czas u\u015bwiadamiamy sobie i przypominamy, \u017ce w biblijnym rozumieniu, <b>poganin to nie jaki\u015b \u2013 jak zwyk\u0142o si\u0119 potocznie uwa\u017ca\u0107 \u2013 <\/b><b>przekl\u0119ty heretyk,<\/b> wytykany palcami przez \u201epobo\u017cnych\u201d wiernych (to s\u0142owo: \u201epobo\u017cnych\u201d nale\u017ca\u0142oby w takiej sytuacji uj\u0105\u0107 w pi\u0119\u0107 cudzys\u0142ow\u00f3w), ale to wszyscy ci, kt\u00f3rzy <b>nie byli wyznawcami Boga Jahwe, nie byli wyznawcami judaizmu.<\/b> To w\u0142a\u015bnie do nich mieli zanie\u015b\u0107 Dobr\u0105 Nowin\u0119 Jezusa i o Jezusie cz\u0142onkowie narodu wybranego, <b>kt\u00f3rzy t\u0119 Nowin\u0119 jako pierwsi przyj\u0119li. <\/b><\/span><\/span><\/span><\/p>\n<p align=\"justify\"><span style=\"color: #000000;\"><span style=\"font-family: Book Antiqua, serif;\"><span style=\"font-size: large;\">Ale oto okaza\u0142o si\u0119 \u2013 i us\u0142yszeli\u015bmy to z ust Paw\u0142a \u2013 <b>\u017ce nie przyj\u0119li\u2026 I co w takiej sytuacji? <\/b>W\u0142a\u015bnie, czy w takiej sytuacji mo\u017cna m\u00f3wi\u0107 o tym, <b>\u017ce zosta<\/b><b>j\u0105<\/b><b> oni odrzuceni? <\/b>Czy dla Jezusa i dla Aposto\u0142\u00f3w <b>s\u0105 ju\u017c oni totalnie przekre\u015bleni?<\/b> Przecie\u017c Jezus m\u00f3wi dzi\u015b wyra\u017anie, \u017ce <b>nikt nie wyrwie Mu spod opieki \u017cadnej owcy.<\/b> Czy\u017cby zatem Pawe\u0142 odwa\u017cy\u0142 si\u0119<b> jednak post\u0105pi\u0107 inaczej i jednak wyrwa\u0107<\/b> ca\u0142e rzesze cz\u0142onk\u00f3w narodu wybranego z r\u0119ki Jezusa i skaza\u0107 ich niejako na pot\u0119pienie? <\/span><\/span><\/span><\/p>\n<p align=\"justify\"><span style=\"color: #000000;\"><span style=\"font-family: Book Antiqua, serif;\"><span style=\"font-size: large;\"><b>Chyba jednak nie.<\/b> Bo wystarczy uwa\u017cne wczytanie si\u0119 chocia\u017cby w te s\u0142owa, kt\u00f3re tu sobie zacytowali\u015bmy, aby jasno u\u015bwiadomi\u0107 sobie, \u017ce przyczyna ca\u0142ej tej trudnej sytuacji, o kt\u00f3rej tu sobie m\u00f3wimy,<b> nie le\u017cy po stronie Jezusa. I nie le\u017cy po stronie Paw\u0142a, ani Barnaby, ani \u017cadnego z Aposto\u0142\u00f3w.<\/b> Wszyscy oni bowiem \u2013 tak sam Jezus, jak i Aposto\u0142owie, post\u0119puj\u0105cy wed\u0142ug Jego wzoru \u2013 <b>oddawali swoje \u017cycie w codziennej pos\u0142udze<\/b> dla dobra swych owiec, a na koniec <b>oddali to \u017cycie tak definitywnie,<\/b> w formie m\u0119cze\u0144skiej. <\/span><\/span><\/span><\/p>\n<p align=\"justify\"><span style=\"color: #000000;\"><span style=\"font-family: Book Antiqua, serif;\"><span style=\"font-size: large;\">I mo\u017cna z ca\u0142\u0105 pewno\u015bci\u0105 powiedzie\u0107, \u017ce t<b>en trud nie poszed\u0142 na marne, <\/b>to po\u015bwi\u0119cenie nie by\u0142o bezowocne, bo <b>cho\u0107 tyle <\/b><b>problem\u00f3w<\/b><b> i zawirowa\u0144 mia\u0142o miejsce<\/b> w Chrystusowym Ko\u015bciele i ci\u0105gle ma miejsce \u2013 a obecnie to jakby jeszcze wi\u0119cej, ni\u017c kiedykolwiek \u2013 to jednak <b>istnieje on od ponad dw\u00f3ch tysi\u0119cy lat!<\/b> I nic nie wskazuje na to, \u017ceby mia\u0142 si\u0119 w najbli\u017cszym czasie rozpa\u015b\u0107! <\/span><\/span><\/span><\/p>\n<p align=\"justify\"><span style=\"color: #000000;\"><span style=\"font-family: Book Antiqua, serif;\"><span style=\"font-size: large;\">Chocia\u017c bowiem w Europie \u2013 w tym tak\u017ce, niestety, w naszej Ojczy\u017anie \u2013 <b>wydaje si\u0119 on s\u0142abn\u0105\u0107 i kurczy\u0107,<\/b> to jednak <b>w wielu krajach misyjnych rozwija si\u0119 bujnie! <\/b>Tak, powiedzmy to sobie jasno i uczciwie, \u017ce tak\u017ce z tego powodu \u2013 a mo\u017ce: przede wszystkim z tego powodu \u2013 <b>\u017ce chrze\u015bcijanie s\u0105 tam prze\u015bladowani wyj\u0105tkowo brutalni<\/b><b>e<\/b> i krew ich jest obficie przelewana! Na oczach \u2013 i przy milczeniu \u2013 ca\u0142ego tego rzekomo demokratycznego i cywilizowanego \u015bwiata! A przecie\u017c od pocz\u0105tku istnienia Ko\u015bcio\u0142a powtarzano, \u017ce <b>krew m\u0119czennik\u00f3w jest posiewem chrze\u015bcijan. <\/b><\/span><\/span><\/span><\/p>\n<p align=\"justify\"><span style=\"color: #000000;\"><span style=\"font-family: Book Antiqua, serif;\"><span style=\"font-size: large;\">Zatem, tam Ko\u015bci\u00f3\u0142 si\u0119 rozwija, a i w krajach Europy zachodniej <b>coraz cz\u0119\u015bciej s\u0142yszymy <\/b>o pierwszych, mo\u017ce jeszcze nie\u015bmia\u0142ych, ale jednak bardzo wyra\u017anych oznakach <b>odradzania si\u0119 wiary katolickiej w sercach ludzi. <\/b>Tak\u017ce \u2013 to szczeg\u00f3lnie pocieszaj\u0105ce \u2013 <b>w sercach m\u0142odych ludzi! <\/b>Mo\u017cna zatem powiedzie\u0107, \u017ce trud i po\u015bwi\u0119cenie samego Jezusa i wszystkich, kt\u00f3rzy \u2013 id\u0105c Jego \u015bladami \u2013 oddali si\u0119 dla dobra Ko\u015bcio\u0142a, <b>nie poszed\u0142 na marne. <\/b><\/span><\/span><\/span><\/p>\n<p align=\"justify\"><span style=\"color: #000000;\"><span style=\"font-family: Book Antiqua, serif;\"><span style=\"font-size: large;\">Przynajmniej, w odniesieniu do wielu ludzi, kt\u00f3rzy w Ko\u015bciele wytrwali, kt\u00f3rzy w wierze \u017cyli i w niej umarli, daj\u0105c \u015bwiadectwo innym. I dzisiaj s\u0105<b> uczestnikami rado\u015bci wiecznej,<\/b> o kt\u00f3rej pisze Aposto\u0142 Jan, w swojej Apokalipsie, a my us\u0142yszeli\u015bmy to w drugim czytaniu:<i> <\/i><i><b>To ci, kt\u00f3rzy przychodz\u0105 z wielkiego ucisku i op\u0142ukali swe szaty, i w krwi Baranka je wybielili. Dlatego s\u0105 przed tronem Boga i w Jego \u015awi\u0105tyni cze\u015b\u0107 Mu oddaj\u0105 we dnie i w nocy. A Siedz\u0105cy na tronie rozci\u0105gnie nad nimi namiot. Nie b\u0119d\u0105 ju\u017c \u0142akn\u0105\u0107 ani nie b\u0119d\u0105 ju\u017c pragn\u0105\u0107, i nie porazi ich s\u0142o\u0144ce ani \u017caden upa\u0142, bo pa\u015b\u0107 ich b\u0119dzie Baranek, kt\u00f3ry jest w po\u015brodku tronu, i poprowadzi ich do \u017ar\u00f3de\u0142 w\u00f3d \u017cycia: i ka\u017cd\u0105 \u0142z\u0119 otrze B\u00f3g z ich oczu\u2026<\/b><\/i><\/span><\/span><\/span><\/p>\n<p align=\"justify\"><span style=\"color: #000000;\"><span style=\"font-family: Book Antiqua, serif;\"><span style=\"font-size: large;\">Ale czy <b>o wszystkich<\/b> mo\u017cemy to powiedzie\u0107? Czy wszyscy, do kt\u00f3rych zosta\u0142o skierowane s\u0142owo Bo\u017ce, kt\u00f3rych dobry Pasterz zawo\u0142a\u0142 po imieniu i zaprosi\u0142, by za Nim poszli \u2013 <b>rzeczywi\u015bcie poszli? <\/b>Czy ten <b>trud i po\u015bwi\u0119cenie<\/b> Dobrego Pasterza, czyli Jezusa, i wszystkich pasterzy, dzia\u0142aj\u0105cych w Jego imi\u0119, <b>nie okaza\u0142 si\u0119 jednak daremny<\/b> w odniesieniu do niekt\u00f3rych ludzi? A mo\u017ce nawet wielu? <\/span><\/span><\/span><\/p>\n<p align=\"justify\"><span style=\"color: #000000;\"><span style=\"font-family: Book Antiqua, serif;\"><span style=\"font-size: large;\">Oj, niestety, wiemy, \u017ce <b>tak by\u0142o i ci\u0105gle jest. <\/b>Wielu ludzi za nic sobie bierze to zaproszenie do wiary i do blisko\u015bci z Jezusem, jakie jest do nich kierowane. <b>Dlaczego tak jest? <\/b>Czy\u017cby s\u0142owo, jakie s\u0142ysz\u0105, <b>by\u0142o za ma\u0142o wyraziste? <\/b>Czy mo\u017ce <b>nie przemawia <\/b><b>ju\u017c <\/b><b>do nich<\/b> tak s\u0142owo, jak i \u015bwiadectwo samego Jezusa, Dobrego Pasterza? <b>Mo\u017ce tak jest. <\/b>Ale je\u017celi rzeczywi\u015bcie tak jest, to koniecznie trzeba postawi\u0107 sobie pytanie: <b>dlaczego tak jest?<\/b> Czy\u017cby to, co Jezus m\u00f3wi, <b>nagle okaza\u0142o si\u0119 dzi\u015b ju\u017c tak przestarza\u0142e, <\/b>\u017ce z \u017cadnej strony nie da si\u0119 tego zastosowa\u0107 do wsp\u00f3\u0142czesnych reali\u00f3w? <\/span><\/span><\/span><\/p>\n<p align=\"justify\"><span style=\"color: #000000;\"><span style=\"font-family: Book Antiqua, serif;\"><span style=\"font-size: large;\">A mo\u017ce to ci, kt\u00f3rzy w imi\u0119 Jezusa g\u0142osz\u0105 S\u0142owo i s\u0105 dla ludzi pasterzami \u2013<b> nie przekazuj\u0105 Jego s\u0142owa jasno i konkretnie, <\/b>mo\u017ce za ma\u0142o odwa\u017cnie, mo\u017ce za ma\u0142o przekonuj\u0105co? <b>A mo\u017ce<\/b> <b>wr\u0119cz fa\u0142szuj\u0105 obraz Jezusa<\/b> swoistym anty\u015bwiadectwem, jakie daj\u0105 swoim \u017cyciem? Trzeba nam, <b>pasterzom \u2013 duszpasterzom \u2013<\/b> takie pytania sobie odwa\u017cnie stawia\u0107 i szczerze na nie odpowiada\u0107! <b>I wyci\u0105ga\u0107 konkretne wnioski!<\/b> <\/span><\/span><\/span><\/p>\n<p align=\"justify\"><span style=\"color: #000000;\"><span style=\"font-family: Book Antiqua, serif;\"><span style=\"font-size: large;\">A dodajmy tutaj koniecznie, \u017ce <b>nie tylko duchowni pasterze<\/b> maj\u0105 te pytania sobie stawia\u0107. Wszak w Sakramencie Chrztu \u015awi\u0119tego <b>wszyscy zostali\u015bmy w\u0142\u0105czeni do potr\u00f3jnej misji Jezusa Chrystusa: <\/b>misji kap\u0142a\u0144skiej, misji prorockiej i misji <b>kr\u00f3lewskiej, czyli<\/b> <b>pasterskiej <\/b>\u2013 i w\u0142a\u015bnie przynale\u017cno\u015b\u0107 do tej ostatniej nak\u0142ada na nas obowi\u0105zek podj\u0119cia <b>odpowiedzialno\u015bci za zbawienie swoje i innych.<\/b> Czyli tak\u017ce obowi\u0105zek dawania innym <b>dobrego przyk\u0142adu,<\/b> ale te\u017c obowi\u0105zek <b>g\u0142oszenia innym Bo\u017cego s\u0142owa \u2013<\/b> oczywi\u015bcie, nie w formie kaza\u0144 i katechez, ale <b>poprzez zwyk\u0142\u0105 rozmow\u0119<\/b> i u\u017cywanie owej chrze\u015bcija\u0144skiej argumentacji do tego, by przekona\u0107 innych do wiary. Czasami tak\u017ce \u2013 cho\u0107 to chyba najtrudniejsze \u2013 <b>przez braterskie upomnienie! <\/b><\/span><\/span><\/span><\/p>\n<p align=\"justify\"><span style=\"color: #000000;\"><span style=\"font-family: Book Antiqua, serif;\"><span style=\"font-size: large;\">I tutaj ju\u017c mamy realizacj\u0119 <b>misji prorockiej. <\/b>Ale te\u017c <b>misji kap\u0142a\u0144skiej, <\/b>kt\u00f3ra w sensie \u015bcis\u0142ym <b>oznacza sk\u0142adanie Bogu ofiary \u2013<\/b> ze swego serca, ze swego \u017cycia \u2013 bo w\u0142a\u015bnie sk\u0142adanie ofiary Bogu jest <b>pierwszym i podstawowym zadaniem kap\u0142ana. <\/b>Ka\u017cdego kap\u0142ana \u2013 w ka\u017cdej religii. A w tym konkretnym kontek\u015bcie, o kt\u00f3rym teraz m\u00f3wimy, oznacza to <b>po\u015bwi\u0119cenie si\u0119 dla dobra tego drugiego, <\/b>oznacza <b>bezwarunkow\u0105 mi\u0142o\u015b\u0107, <\/b>okazan\u0105 temu drugiemu, kt\u00f3ra to mi\u0142o\u015b\u0107 i kt\u00f3re to po\u015bwi\u0119cenie b\u0119d\u0105 <b>pierwszym i najbardziej przekonuj\u0105cym argumentem<\/b> za tym, \u017ceby uwierzy\u0107 g\u0142oszonym przez nas s\u0142owom, naszym zach\u0119tom i argumentom. <\/span><\/span><\/span><\/p>\n<p align=\"justify\"><span style=\"color: #000000;\"><span style=\"font-family: Book Antiqua, serif;\"><span style=\"font-size: large;\">Tak, <b>ka\u017cdy pasterz musi si\u0119 po\u015bwi\u0119ci\u0107 dla swoich owiec!<\/b> Ka\u017cdy, kto chce dobra drugiego cz\u0142owieka, musi si\u0119 dla niego po\u015bwi\u0119ci\u0107 \u2013 <b>nie ma innej drogi, <\/b>innego sposobu. <b>Nie ma \u0142atwego sposobu na bycie dobrym pasterzem!<\/b> A nawet powiedzmy jeszcze mocniej: <b>nie ma bezbolesnego sposobu <\/b>na bycie dobrym pasterzem! Im szybciej to sobie u\u015bwiadomi\u0105 pasterze tak duchowni, jak i \u015bwieccy \u2013 czyli my wszyscy, w odniesieniu do siebie nawzajem \u2013 <b>tym szybciej nasza pos\u0142uga zacznie przynosi\u0107 owoce.<\/b> <\/span><\/span><\/span><\/p>\n<p align=\"justify\"><span style=\"color: #000000;\"><span style=\"font-family: Book Antiqua, serif;\"><span style=\"font-size: large;\">Nie da si\u0119 by\u0107 dobrym pasterzem <b>bez po\u015bwi\u0119cenia, bez trudu, bez cierpienia!<\/b> Powiedzmy to sobie bardzo wyra\u017anie! Je\u017celi siejemy ziarno s\u0142owa w sercach innych \u2013 oboj\u0119tnie, w jaki spos\u00f3b, w jakiej formie i w czyich sercach \u2013 to musimy pami\u0119ta\u0107, \u017ce<b> to poletko trzeba podlewa\u0107. <\/b>Niekiedy \u2013 niestety, chocia\u017c oby nie by\u0142o to konieczne \u2013 <b>w\u0142asn\u0105 krwi\u0105. <\/b>O wiele cz\u0119\u015bciej \u2013 i tego chyba nie da si\u0119 zupe\u0142nie unikn\u0105\u0107 \u2013 <b>w\u0142asnymi \u0142zami.<\/b> Tak, \u0142zami b\u00f3lu, rozczarowania, jakiego\u015b rozgoryczenia, \u017ce oto tyle si\u0119 staram, a tu ci\u0105gle nic. Tak\u017ce \u2013 <b>zroszone w\u0142asnym potem, <\/b>kt\u00f3ry nieraz trzeba wyla\u0107, trudz\u0105c si\u0119 dla innych. <\/span><\/span><\/span><\/p>\n<p align=\"justify\"><span style=\"color: #000000;\"><span style=\"font-family: Book Antiqua, serif;\"><span style=\"font-size: large;\">Zawsze natomiast to poletko trzeba podlewa\u0107 i wzmacnia\u0107 <b>modlitw\u0105<\/b> <b>za tych, za zbawienie kt\u00f3rych jeste\u015bmy przed Bogiem odpowiedzialni. <\/b>I bardzo wa\u017cnym jest, aby tej swojej pos\u0142ugi dobrego pasterza \u2013 czy to duchownego, czy \u015bwieckiego \u2013 <b>nie wi\u0105za\u0107 z oczekiwaniem korzy\u015bci, wdzi\u0119czno\u015bci<\/b> czy nawet <b>zobaczenia owoc\u00f3w<\/b> swojego po\u015bwi\u0119cenia. To bardzo trudne, co tu sobie m\u00f3wimy, ale nasze po\u015bwiecenie <b>musi by\u0107 bezwarunkowe. My mamy sia\u0107 \u2013 a B\u00f3g da wzrost!<\/b> <\/span><\/span><\/span><\/p>\n<p align=\"justify\"><span style=\"color: #000000;\"><span style=\"font-family: Book Antiqua, serif;\"><span style=\"font-size: large;\">On cz\u0119sto pozwoli zobaczy\u0107 owoce naszego po\u015bwi\u0119cenia \u2013 nierzadko ze strony os\u00f3b, od kt\u00f3rych by\u015bmy si\u0119 najmniej tego spodziewali\u2026 Natomiast <b>nie od tego powinni\u015bmy uzale\u017cnia\u0107<\/b> nasze zaanga\u017cowanie i po\u015bwi\u0119cenie! Ono musi by\u0107 <b>absolutnie czystym darem serca, bezwarunkowym i bezinteresownym.<\/b> <\/span><\/span><\/span><\/p>\n<p align=\"justify\"><span style=\"color: #000000;\"><span style=\"font-family: Book Antiqua, serif;\"><span style=\"font-size: large;\">Natomiast na tych, kt\u00f3rzy s\u0105 adresatami naszego po\u015bwi\u0119cenia \u2013 czyli tak\u017ce na ka\u017cdym z nas, bo i my jeste\u015bmy adresatami czyjego\u015b po\u015bwi\u0119cenia \u2013 ci\u0105\u017cy <b>odpowiedzialno\u015b\u0107 za to, by przyj\u0105\u0107 owo po\u015bwi\u0119cenie, <\/b>by p\u00f3j\u015b\u0107 za g\u0142osem pasterzy\u2026 Przede wszystkim \u2013 za g\u0142osem Dobrego Pasterza, Jezusa Chrystusa. Bo i Jezus Chrystus, i ka\u017cdy pasterz, podejmuj\u0105cy t\u0119 pos\u0142ug\u0119 w Jego imieniu,<b> nie wykona tej cz\u0119\u015bci pracy, jaka do nas nale\u017cy,<\/b> czyli nie otworzy na si\u0142\u0119 naszego umys\u0142u i serca. Nie w\u0142o\u017cy nam \u2013 przepraszam za ten kolokwializm \u2013 tego <b>Bo\u017cego s\u0142owa \u0142opat\u0105 do g\u0142owy.<\/b> Nie rozbije jakim\u015b kilofem skorupy naszego serca. <b>Nie poprowadzi za sob\u0105 na si\u0142\u0119, <\/b>na jakim\u015b postronku. <\/span><\/span><\/span><\/p>\n<p align=\"justify\"><span style=\"color: #000000;\"><span style=\"font-family: Book Antiqua, serif;\"><span style=\"font-size: large;\">To jest ta cz\u0119\u015b\u0107 pracy, jak\u0105 musi wykona\u0107 ten, do kt\u00f3rego Bo\u017ce s\u0142owo \u2013 i w og\u00f3le: dobre s\u0142owo, i ca\u0142e po\u015bwiecenie dobrego pasterza \u2013 jest adresowane. To jest <b>odpowiedzialno\u015b\u0107, wynikaj\u0105ca z naszej wolno\u015bci! <\/b>Nikt nas nie mo\u017ce do niczego zmusi\u0107 \u2013 tak\u017ce do niczego dobrego.<b> My musimy to \u015bwiadomie przyj\u0105<\/b><b>\u0107 <\/b>\u2013 pami\u0119taj\u0105c, \u017ce za przyj\u0119cie lub nieprzyj\u0119cie tego daru, jako ludzie wolni, <b>ponosimy te\u017c przed Bogiem odpowiedzialno\u015b\u0107! <\/b><\/span><\/span><\/span><\/p>\n<p align=\"justify\"><span style=\"color: #000000;\"><span style=\"font-family: Book Antiqua, serif;\"><span style=\"font-size: large;\">Warto o tym pami\u0119ta\u0107 codziennie, bo mo\u017ce si\u0119 okaza\u0107, \u017ce <b>kiedy\u015b zabraknie nam <\/b>tego, czy owego kap\u0142ana czy innego cz\u0142owieka, kt\u00f3remu tak zale\u017ca\u0142o na nas, i ju\u017c nie us\u0142yszymy jego dobrego s\u0142owa. A mo\u017ce okaza\u0107 si\u0119, \u017ce <b>widz\u0105c z naszej strony brak odzewu <\/b>\u2013 ci, kt\u00f3rym na nas zale\u017cy i kt\u00f3rzy si\u0119 dla nas po\u015bwi\u0119caj\u0105, <b>uznaj\u0105, \u017ce to ju\u017c nie ma sensu<\/b> i zwr\u00f3c\u0105 si\u0119 do innych, kt\u00f3rzy zechc\u0105 przyj\u0105\u0107 dar ich po\u015bwi\u0119cenia. Dok\u0142adnie tak, jak dzisiaj zrobili to Pawe\u0142 i Barnaba. <\/span><\/span><\/span><\/p>\n<p align=\"justify\"><span style=\"color: #000000;\"><span style=\"font-family: Book Antiqua, serif;\"><span style=\"font-size: large;\">Drodzy moi, jak zatem widzimy, <b>realizacja misji pasterskiej poci\u0105ga za sob\u0105 powa\u017cn\u0105 odpowiedzialno\u015b\u0107<\/b> \u2013 i po stronie tych, kt\u00f3rzy j\u0105 spe\u0142niaj\u0105, i po stronie adresat\u00f3w. A poniewa\u017c <b>wszyscy jeste\u015bmy jednymi i drugimi,<\/b> bo jeste\u015bmy pasterzami dla siebie nawzajem, to musimy bardzo stara\u0107 si\u0119 o to \u2013 a przede wszystkim: modli\u0107 si\u0119 o to \u2013 aby\u015bmy byli dla siebie nawzajem <b>pasterzami dobrymi! <\/b>Na wz\u00f3r Jezusa, Dobrego Pasterza. <\/span><\/span><\/span><\/p>\n<p align=\"justify\"><span style=\"color: #000000;\"><span style=\"font-family: Book Antiqua, serif;\"><span style=\"font-size: large;\">Niech w realizacji tej misji i w jej przyjmowaniu, tak\u017ce w jej coraz wi\u0119kszym rozumieniu, pomog\u0105 nam dobrze znane s\u0142owa modlitwy, przypisywanej \u015awi\u0119temu Franciszkowi z Asy\u017cu:<\/span><\/span><\/span><\/p>\n<p align=\"justify\"><span style=\"color: #000000;\">\u201e<span style=\"font-family: Book Antiqua, serif;\"><span style=\"font-size: large;\">O Panie, uczy\u0144 z nas <b>narz\u0119dzia Twojego pokoju,<\/b><\/span><\/span><\/span><\/p>\n<p align=\"justify\"><span style=\"color: #000000;\"><span style=\"font-family: Book Antiqua, serif;\"><span style=\"font-size: large;\">aby\u015bmy <b>siali mi\u0142o\u015b\u0107, <\/b>tam gdzie panuje nienawi\u015b\u0107;<\/span><\/span><\/span><\/p>\n<p align=\"justify\"><span style=\"color: #000000;\"><span style=\"font-family: Book Antiqua, serif;\"><span style=\"font-size: large;\"><b>wybaczenie,<\/b> tam gdzie panuje krzywda;<\/span><\/span><\/span><\/p>\n<p align=\"justify\"><span style=\"color: #000000;\"><span style=\"font-family: Book Antiqua, serif;\"><span style=\"font-size: large;\"><b>jedno\u015b\u0107, <\/b>tam gdzie panuje roz\u0142am;<\/span><\/span><\/span><\/p>\n<p align=\"justify\"><span style=\"color: #000000;\"><span style=\"font-family: Book Antiqua, serif;\"><span style=\"font-size: large;\"><b>prawd\u0119,<\/b> tam gdzie panuje b\u0142\u0105d;<\/span><\/span><\/span><\/p>\n<p align=\"justify\"><span style=\"color: #000000;\"><span style=\"font-family: Book Antiqua, serif;\"><span style=\"font-size: large;\"><b>wiar\u0119, <\/b>tam gdzie panuje zw\u0105tpienie;<\/span><\/span><\/span><\/p>\n<p align=\"justify\"><span style=\"color: #000000;\"><span style=\"font-family: Book Antiqua, serif;\"><span style=\"font-size: large;\"><b>nadziej\u0119,<\/b> tam gdzie panuje rozpacz;<\/span><\/span><\/span><\/p>\n<p align=\"justify\"><span style=\"color: #000000;\"><span style=\"font-family: Book Antiqua, serif;\"><span style=\"font-size: large;\"><b>\u015bwiat\u0142o, <\/b>tam gdzie panuje mrok;<\/span><\/span><\/span><\/p>\n<p align=\"justify\"><span style=\"color: #000000;\"><span style=\"font-family: Book Antiqua, serif;\"><span style=\"font-size: large;\"><b>rado\u015b\u0107,<\/b> tam gdzie panuje smutek.<\/span><\/span><\/span><\/p>\n<p><span style=\"color: #000000;\"><span style=\"font-family: Book Antiqua, serif;\"><span style=\"font-size: large;\">Spraw, aby\u015bmy mogli <b>nie tyle szuka\u0107 pociechy,<\/b><br \/>\nco pociech\u0119 dawa\u0107;<br \/>\n<b>nie tyle szuka\u0107 zrozumienia,<\/b> co rozumie\u0107;<br \/>\n<b>nie tyle szuka\u0107 mi\u0142o\u015bci,<\/b> co kocha\u0107;<br \/>\nalbowiem daj\u0105c \u2013 <b>otrzymujemy,<\/b><br \/>\nwybaczaj\u0105c \u2013 <b>zyskujemy przebaczenie,<\/b><br \/>\na umieraj\u0105c, <b>rodzimy si\u0119 do wiecznego \u017cycia\u201d\u2026<\/b><\/span><\/span><\/span><\/p>\n","protected":false},"excerpt":{"rendered":"<p>Niech b\u0119dzie pochwalony Jezus Chrystus! Moi Drodzy, pozdrawiam Was ze Szklarskiej Por\u0119by, bo od rana jestem w akcji duszpasterskiej i parafialnej. O r\u00f3\u017cnych sprawach napisz\u0119 jutro, teraz natomiast polecam Waszej uwadze s\u0142\u00f3wko Ksi\u0119dza Marka na dzi\u015b: https:\/\/www.youtube.com\/c\/CatholicSurgut I moje te\u017c polecam uwadze! Co Pan m\u00f3wi do mnie osobi\u015bcie? Duchu \u015awi\u0119ty, tchnij! Niech Was b\u0142ogos\u0142awi B\u00f3g [&hellip;]<\/p>\n","protected":false},"author":1,"featured_media":0,"comment_status":"open","ping_status":"open","sticky":false,"template":"","format":"standard","meta":{"jetpack_post_was_ever_published":false,"_jetpack_newsletter_access":"","_jetpack_dont_email_post_to_subs":false,"_jetpack_newsletter_tier_id":0,"_jetpack_memberships_contains_paywalled_content":false,"_jetpack_memberships_contains_paid_content":false,"footnotes":""},"categories":[1],"tags":[],"class_list":["post-23780","post","type-post","status-publish","format-standard","hentry","category-bez-kategorii"],"yoast_head":"<!-- This site is optimized with the Yoast SEO plugin v25.1 - https:\/\/yoast.com\/wordpress\/plugins\/seo\/ -->\n<title>Osobisty dar pasterza... - Gaudium Et Spes<\/title>\n<meta name=\"robots\" content=\"index, follow, max-snippet:-1, max-image-preview:large, max-video-preview:-1\" \/>\n<link rel=\"canonical\" href=\"https:\/\/gaudiumetspes-blog.pl\/index.php\/2025\/05\/11\/osobisty-dar-pasterza\/\" \/>\n<meta property=\"og:locale\" content=\"pl_PL\" \/>\n<meta property=\"og:type\" content=\"article\" \/>\n<meta property=\"og:title\" content=\"Osobisty dar pasterza... - Gaudium Et Spes\" \/>\n<meta property=\"og:description\" content=\"Niech b\u0119dzie pochwalony Jezus Chrystus! Moi Drodzy, pozdrawiam Was ze Szklarskiej Por\u0119by, bo od rana jestem w akcji duszpasterskiej i parafialnej. O r\u00f3\u017cnych sprawach napisz\u0119 jutro, teraz natomiast polecam Waszej uwadze s\u0142\u00f3wko Ksi\u0119dza Marka na dzi\u015b: https:\/\/www.youtube.com\/c\/CatholicSurgut I moje te\u017c polecam uwadze! Co Pan m\u00f3wi do mnie osobi\u015bcie? Duchu \u015awi\u0119ty, tchnij! Niech Was b\u0142ogos\u0142awi B\u00f3g [&hellip;]\" \/>\n<meta property=\"og:url\" content=\"https:\/\/gaudiumetspes-blog.pl\/index.php\/2025\/05\/11\/osobisty-dar-pasterza\/\" \/>\n<meta property=\"og:site_name\" content=\"Gaudium Et Spes\" \/>\n<meta property=\"article:published_time\" content=\"2025-05-11T08:18:17+00:00\" \/>\n<meta name=\"author\" content=\"Ks. Jacek\" \/>\n<meta name=\"twitter:card\" content=\"summary_large_image\" \/>\n<meta name=\"twitter:label1\" content=\"Napisane przez\" \/>\n\t<meta name=\"twitter:data1\" content=\"Ks. Jacek\" \/>\n\t<meta name=\"twitter:label2\" content=\"Szacowany czas czytania\" \/>\n\t<meta name=\"twitter:data2\" content=\"14 minut\" \/>\n<script type=\"application\/ld+json\" class=\"yoast-schema-graph\">{\"@context\":\"https:\/\/schema.org\",\"@graph\":[{\"@type\":\"WebPage\",\"@id\":\"https:\/\/gaudiumetspes-blog.pl\/index.php\/2025\/05\/11\/osobisty-dar-pasterza\/\",\"url\":\"https:\/\/gaudiumetspes-blog.pl\/index.php\/2025\/05\/11\/osobisty-dar-pasterza\/\",\"name\":\"Osobisty dar pasterza... - Gaudium Et Spes\",\"isPartOf\":{\"@id\":\"https:\/\/gaudiumetspes-blog.pl\/#website\"},\"datePublished\":\"2025-05-11T08:18:17+00:00\",\"author\":{\"@id\":\"https:\/\/gaudiumetspes-blog.pl\/#\/schema\/person\/1661982992b752dea8dff0d4ed845a65\"},\"breadcrumb\":{\"@id\":\"https:\/\/gaudiumetspes-blog.pl\/index.php\/2025\/05\/11\/osobisty-dar-pasterza\/#breadcrumb\"},\"inLanguage\":\"pl-PL\",\"potentialAction\":[{\"@type\":\"ReadAction\",\"target\":[\"https:\/\/gaudiumetspes-blog.pl\/index.php\/2025\/05\/11\/osobisty-dar-pasterza\/\"]}]},{\"@type\":\"BreadcrumbList\",\"@id\":\"https:\/\/gaudiumetspes-blog.pl\/index.php\/2025\/05\/11\/osobisty-dar-pasterza\/#breadcrumb\",\"itemListElement\":[{\"@type\":\"ListItem\",\"position\":1,\"name\":\"Strona g\u0142\u00f3wna\",\"item\":\"https:\/\/gaudiumetspes-blog.pl\/\"},{\"@type\":\"ListItem\",\"position\":2,\"name\":\"Osobisty dar pasterza&#8230;\"}]},{\"@type\":\"WebSite\",\"@id\":\"https:\/\/gaudiumetspes-blog.pl\/#website\",\"url\":\"https:\/\/gaudiumetspes-blog.pl\/\",\"name\":\"Gaudium Et Spes\",\"description\":\"Blog Ks. Jacka Ja\u015bkowskiego\",\"potentialAction\":[{\"@type\":\"SearchAction\",\"target\":{\"@type\":\"EntryPoint\",\"urlTemplate\":\"https:\/\/gaudiumetspes-blog.pl\/?s={search_term_string}\"},\"query-input\":{\"@type\":\"PropertyValueSpecification\",\"valueRequired\":true,\"valueName\":\"search_term_string\"}}],\"inLanguage\":\"pl-PL\"},{\"@type\":\"Person\",\"@id\":\"https:\/\/gaudiumetspes-blog.pl\/#\/schema\/person\/1661982992b752dea8dff0d4ed845a65\",\"name\":\"Ks. Jacek\",\"image\":{\"@type\":\"ImageObject\",\"inLanguage\":\"pl-PL\",\"@id\":\"https:\/\/gaudiumetspes-blog.pl\/#\/schema\/person\/image\/\",\"url\":\"https:\/\/gaudiumetspes-blog.pl\/wp-content\/uploads\/2019\/07\/avatar-JJ-150x150.jpg\",\"contentUrl\":\"https:\/\/gaudiumetspes-blog.pl\/wp-content\/uploads\/2019\/07\/avatar-JJ-150x150.jpg\",\"caption\":\"Ks. Jacek\"},\"description\":\"Witam serdecznie! K\u0142ania si\u0119 Ks. Jacek Ja\u015bkowski. Nie jestem ani kim\u015b wa\u017cnym, ani kim\u015b znanym. Jestem ksi\u0119dzem, kt\u00f3ry po prostu chce rozmawia\u0107. Codzienna kap\u0142a\u0144ska pos\u0142uga pokazuje mi, \u017ce temat\u00f3w do rozm\u00f3w z ksi\u0119dzem jest coraz wi\u0119cej i dzisiaj \u017caden ksi\u0105dz nie mo\u017ce od nich ucieka\u0107, ale - wprost przeciwnie - podejmowa\u0107 nowe wyzwania. To przekonanie sk\u0142oni\u0142o mnie do pr\u00f3by otwarcia tego\u017c bloga, chocia\u017c okazji do rozm\u00f3w na co dzie\u0144 - w konfesjonale i poza nim - na szcz\u0119\u015bcie nie brakuje. My\u015bl\u0119 jednak, \u017ce ten blog b\u0119dzie jeszcze jednym sposobem i przestrzeni\u0105 nawi\u0105zania kontaktu z lud\u017ami dobrej woli, otwartymi na dialog.\",\"url\":\"https:\/\/gaudiumetspes-blog.pl\/index.php\/author\/ks-jacek\/\"}]}<\/script>\n<!-- \/ Yoast SEO plugin. -->","yoast_head_json":{"title":"Osobisty dar pasterza... - Gaudium Et Spes","robots":{"index":"index","follow":"follow","max-snippet":"max-snippet:-1","max-image-preview":"max-image-preview:large","max-video-preview":"max-video-preview:-1"},"canonical":"https:\/\/gaudiumetspes-blog.pl\/index.php\/2025\/05\/11\/osobisty-dar-pasterza\/","og_locale":"pl_PL","og_type":"article","og_title":"Osobisty dar pasterza... - Gaudium Et Spes","og_description":"Niech b\u0119dzie pochwalony Jezus Chrystus! Moi Drodzy, pozdrawiam Was ze Szklarskiej Por\u0119by, bo od rana jestem w akcji duszpasterskiej i parafialnej. O r\u00f3\u017cnych sprawach napisz\u0119 jutro, teraz natomiast polecam Waszej uwadze s\u0142\u00f3wko Ksi\u0119dza Marka na dzi\u015b: https:\/\/www.youtube.com\/c\/CatholicSurgut I moje te\u017c polecam uwadze! Co Pan m\u00f3wi do mnie osobi\u015bcie? Duchu \u015awi\u0119ty, tchnij! Niech Was b\u0142ogos\u0142awi B\u00f3g [&hellip;]","og_url":"https:\/\/gaudiumetspes-blog.pl\/index.php\/2025\/05\/11\/osobisty-dar-pasterza\/","og_site_name":"Gaudium Et Spes","article_published_time":"2025-05-11T08:18:17+00:00","author":"Ks. Jacek","twitter_card":"summary_large_image","twitter_misc":{"Napisane przez":"Ks. Jacek","Szacowany czas czytania":"14 minut"},"schema":{"@context":"https:\/\/schema.org","@graph":[{"@type":"WebPage","@id":"https:\/\/gaudiumetspes-blog.pl\/index.php\/2025\/05\/11\/osobisty-dar-pasterza\/","url":"https:\/\/gaudiumetspes-blog.pl\/index.php\/2025\/05\/11\/osobisty-dar-pasterza\/","name":"Osobisty dar pasterza... - Gaudium Et Spes","isPartOf":{"@id":"https:\/\/gaudiumetspes-blog.pl\/#website"},"datePublished":"2025-05-11T08:18:17+00:00","author":{"@id":"https:\/\/gaudiumetspes-blog.pl\/#\/schema\/person\/1661982992b752dea8dff0d4ed845a65"},"breadcrumb":{"@id":"https:\/\/gaudiumetspes-blog.pl\/index.php\/2025\/05\/11\/osobisty-dar-pasterza\/#breadcrumb"},"inLanguage":"pl-PL","potentialAction":[{"@type":"ReadAction","target":["https:\/\/gaudiumetspes-blog.pl\/index.php\/2025\/05\/11\/osobisty-dar-pasterza\/"]}]},{"@type":"BreadcrumbList","@id":"https:\/\/gaudiumetspes-blog.pl\/index.php\/2025\/05\/11\/osobisty-dar-pasterza\/#breadcrumb","itemListElement":[{"@type":"ListItem","position":1,"name":"Strona g\u0142\u00f3wna","item":"https:\/\/gaudiumetspes-blog.pl\/"},{"@type":"ListItem","position":2,"name":"Osobisty dar pasterza&#8230;"}]},{"@type":"WebSite","@id":"https:\/\/gaudiumetspes-blog.pl\/#website","url":"https:\/\/gaudiumetspes-blog.pl\/","name":"Gaudium Et Spes","description":"Blog Ks. Jacka Ja\u015bkowskiego","potentialAction":[{"@type":"SearchAction","target":{"@type":"EntryPoint","urlTemplate":"https:\/\/gaudiumetspes-blog.pl\/?s={search_term_string}"},"query-input":{"@type":"PropertyValueSpecification","valueRequired":true,"valueName":"search_term_string"}}],"inLanguage":"pl-PL"},{"@type":"Person","@id":"https:\/\/gaudiumetspes-blog.pl\/#\/schema\/person\/1661982992b752dea8dff0d4ed845a65","name":"Ks. Jacek","image":{"@type":"ImageObject","inLanguage":"pl-PL","@id":"https:\/\/gaudiumetspes-blog.pl\/#\/schema\/person\/image\/","url":"https:\/\/gaudiumetspes-blog.pl\/wp-content\/uploads\/2019\/07\/avatar-JJ-150x150.jpg","contentUrl":"https:\/\/gaudiumetspes-blog.pl\/wp-content\/uploads\/2019\/07\/avatar-JJ-150x150.jpg","caption":"Ks. Jacek"},"description":"Witam serdecznie! K\u0142ania si\u0119 Ks. Jacek Ja\u015bkowski. Nie jestem ani kim\u015b wa\u017cnym, ani kim\u015b znanym. Jestem ksi\u0119dzem, kt\u00f3ry po prostu chce rozmawia\u0107. Codzienna kap\u0142a\u0144ska pos\u0142uga pokazuje mi, \u017ce temat\u00f3w do rozm\u00f3w z ksi\u0119dzem jest coraz wi\u0119cej i dzisiaj \u017caden ksi\u0105dz nie mo\u017ce od nich ucieka\u0107, ale - wprost przeciwnie - podejmowa\u0107 nowe wyzwania. To przekonanie sk\u0142oni\u0142o mnie do pr\u00f3by otwarcia tego\u017c bloga, chocia\u017c okazji do rozm\u00f3w na co dzie\u0144 - w konfesjonale i poza nim - na szcz\u0119\u015bcie nie brakuje. My\u015bl\u0119 jednak, \u017ce ten blog b\u0119dzie jeszcze jednym sposobem i przestrzeni\u0105 nawi\u0105zania kontaktu z lud\u017ami dobrej woli, otwartymi na dialog.","url":"https:\/\/gaudiumetspes-blog.pl\/index.php\/author\/ks-jacek\/"}]}},"jetpack_featured_media_url":"","jetpack_sharing_enabled":true,"_links":{"self":[{"href":"https:\/\/gaudiumetspes-blog.pl\/index.php\/wp-json\/wp\/v2\/posts\/23780","targetHints":{"allow":["GET"]}}],"collection":[{"href":"https:\/\/gaudiumetspes-blog.pl\/index.php\/wp-json\/wp\/v2\/posts"}],"about":[{"href":"https:\/\/gaudiumetspes-blog.pl\/index.php\/wp-json\/wp\/v2\/types\/post"}],"author":[{"embeddable":true,"href":"https:\/\/gaudiumetspes-blog.pl\/index.php\/wp-json\/wp\/v2\/users\/1"}],"replies":[{"embeddable":true,"href":"https:\/\/gaudiumetspes-blog.pl\/index.php\/wp-json\/wp\/v2\/comments?post=23780"}],"version-history":[{"count":1,"href":"https:\/\/gaudiumetspes-blog.pl\/index.php\/wp-json\/wp\/v2\/posts\/23780\/revisions"}],"predecessor-version":[{"id":23781,"href":"https:\/\/gaudiumetspes-blog.pl\/index.php\/wp-json\/wp\/v2\/posts\/23780\/revisions\/23781"}],"wp:attachment":[{"href":"https:\/\/gaudiumetspes-blog.pl\/index.php\/wp-json\/wp\/v2\/media?parent=23780"}],"wp:term":[{"taxonomy":"category","embeddable":true,"href":"https:\/\/gaudiumetspes-blog.pl\/index.php\/wp-json\/wp\/v2\/categories?post=23780"},{"taxonomy":"post_tag","embeddable":true,"href":"https:\/\/gaudiumetspes-blog.pl\/index.php\/wp-json\/wp\/v2\/tags?post=23780"}],"curies":[{"name":"wp","href":"https:\/\/api.w.org\/{rel}","templated":true}]}}