{"id":23782,"date":"2025-05-12T08:55:14","date_gmt":"2025-05-12T06:55:14","guid":{"rendered":"https:\/\/gaudiumetspes-blog.pl\/?p=23782"},"modified":"2025-05-12T08:55:14","modified_gmt":"2025-05-12T06:55:14","slug":"rozbojnicy-czy-pasterze","status":"publish","type":"post","link":"https:\/\/gaudiumetspes-blog.pl\/index.php\/2025\/05\/12\/rozbojnicy-czy-pasterze\/","title":{"rendered":"Rozb\u00f3jnicy &#8211; czy pasterze?"},"content":{"rendered":"<p align=\"justify\"><span style=\"color: #000000;\"><span style=\"font-family: Book Antiqua, serif;\"><span style=\"font-size: large;\">Szcz\u0119\u015b\u0107 Bo\u017ce, w dniu wczorajszym <b>urodziny prze\u017cywa Jerzy Beczek, m\u00f3j by\u0142y Ucze\u0144 z pierwszych lat kap\u0142a\u0144stwa, z pierwszej Szko\u0142y, w kt\u00f3rej uczy\u0142em. <\/b><\/span><\/span><\/span><\/p>\n<p align=\"justify\"><span style=\"color: #000000;\"><span style=\"font-family: Book Antiqua, serif;\"><span style=\"font-size: large;\"><b>Dzisiaj natomiast<\/b><b> <\/b><b>urodziny prze\u017cywa Zofia Pa\u0142ysa, Studentka, a jednocze\u015bnie bardzo \u017cyczliwa <\/b><b>mi <\/b><b>Osoba z Parafii w Miastkowie. <\/b><\/span><\/span><\/span><\/p>\n<p align=\"justify\"><span style=\"color: #000000;\"><span style=\"font-family: Book Antiqua, serif;\"><span style=\"font-size: large;\"><b>\u017b<\/b><b>ycz\u0119 Obojgu Bo\u017cej opieki i b\u0142ogos\u0142awie\u0144stwa \u2013 o co te\u017c b\u0119d\u0119 si\u0119 dla Nich modli\u0142!<\/b><\/span><\/span><\/span><\/p>\n<p align=\"justify\"><span style=\"color: #000000;\"><span style=\"font-family: Book Antiqua, serif;\"><span style=\"font-size: large;\">Tymczasem \u2013 pozdrawiam Was ze Szklarskiej Por\u0119by. Ogromnie ciesz\u0119 si\u0119 z pi\u0119knej atmosfery, jaka panuje tutaj, w Parafii, a szczeg\u00f3lnie w ko\u015bciele i na plebanii, co jest ewidentnie owocem wieloletniej pos\u0142ugi Proboszcza tej Parafii, Ksi\u0119dza Kanonika Bogus\u0142awa Sawaryna, niezwyk\u0142ego Cz\u0142owieka i bardzo oddanego Kap\u0142ana, otwartego na wszystkich ludzi \u2013 zar\u00f3wno wierz\u0105cych, jak i niewierz\u0105cych, my\u015bl\u0105cych tak, czy inaczej. <\/span><\/span><\/span><\/p>\n<p align=\"justify\"><span style=\"color: #000000;\"><span style=\"font-family: Book Antiqua, serif;\"><span style=\"font-size: large;\">Ksi\u0105dz Dziekan w ka\u017cdym cz\u0142owieku widzi po prostu cz\u0142owieka, z kt\u00f3rym trzeba porozmawia\u0107, a je\u015bli jest taka konieczno\u015b\u0107, to i pom\u00f3c. Wczoraj chocia\u017cby, po pierwszej Mszy \u015awi\u0119tej, osobi\u015bcie odwi\u00f3z\u0142 do domu starsz\u0105 Pani, poruszaj\u0105c\u0105 si\u0119 o kulach, kt\u00f3r\u0105 kto\u015b przywi\u00f3z\u0142 na Msz\u0119 \u015awi\u0119t\u0105, ale ju\u017c nie m\u00f3g\u0142 odwie\u017a\u0107. Zrobi\u0142 to wi\u0119c sam Ksi\u0105dz Dziekan \u2013 po tym, jak sam si\u0119 zorientowa\u0142, \u017ce jest taka potrzeba. <\/span><\/span><\/span><\/p>\n<p align=\"justify\"><span style=\"color: #000000;\"><span style=\"font-family: Book Antiqua, serif;\"><span style=\"font-size: large;\">I takich pi\u0119knych gest\u00f3w z Jego strony mo\u017cna by wskazywa\u0107 bardzo wiele. Widz\u0105 to Parafianie i przybywaj\u0105cy do Szklarskiej Tury\u015bci, dlatego tak ch\u0119tnie garn\u0105 si\u0119 i do ko\u015bcio\u0142a, i do rozmowy osobistej z Ksi\u0119dzem Dziekanem. Ja tak\u017ce jestem w\u015br\u00f3d nich. <\/span><\/span><\/span><\/p>\n<p align=\"justify\"><span style=\"color: #000000;\"><span style=\"font-family: Book Antiqua, serif;\"><span style=\"font-size: large;\">A przy ka\u017cdej okazji, ko\u0144cz\u0105c Msz\u0119 \u015awi\u0119t\u0105, powtarzam, \u017ce tak\u017ce po to tu przyje\u017cd\u017cam od dwudziestu sze\u015bciu lat, aby podzi\u0119kowa\u0107 Ksi\u0119dzu Dziekanowi \u2013 w imieniu przybywaj\u0105cych do Szklarskiej \u2013 za ostatnie zdanie og\u0142osze\u0144, kt\u00f3re od dwudziestu sze\u015bciu lat brzmi tak samo, a kt\u00f3rym jest serdeczne powitanie wszystkich przybywaj\u0105cych, podzi\u0119kowanie za obecno\u015b\u0107 i \u015bwiadectwo wiary, wyra\u017cone przez wsp\u00f3ln\u0105 modlitw\u0119, a wreszcie: \u017cyczenie dobrego pobytu i owocnego odpoczynku. I w\u0142a\u015bnie za to og\u0142oszenie ja za ka\u017cdym razem publicznie dzi\u0119kuj\u0119!<\/span><\/span><\/span><\/p>\n<p align=\"justify\"><span style=\"color: #000000;\"><span style=\"font-family: Book Antiqua, serif;\"><span style=\"font-size: large;\">Ciesz\u0119 si\u0119 tak\u017ce z wczorajszych pi\u0119knych rozm\u00f3w z kilkoma Osobami, kt\u00f3re przysz\u0142y do zakrystii, aby podzi\u0119kowa\u0107 za wczorajsz\u0105 homili\u0119 i podzieli\u0107 si\u0119 swoimi przemy\u015bleniami w sprawach, o kt\u00f3rych m\u00f3wi\u0142em.<\/span><\/span><\/span><\/p>\n<p align=\"justify\"><span style=\"color: #000000;\"><span style=\"font-family: Book Antiqua, serif;\"><span style=\"font-size: large;\">A wreszcie: bardzo dzi\u0119kuj\u0119 Pani Teresie Stobi\u0144skiej, u kt\u00f3rej zaczyna\u0142em moj\u0105 przygod\u0119 ze Szklarsk\u0105, a tak\u017ce Pa\u0144stwu Jolancie i Tomaszowi Drzyzgom, u kt\u00f3rych obecnie zatrzymuj\u0119 si\u0119, gdy przyje\u017cd\u017cam z innymi Osobami \u2013 za wczorajsze powitanie i rozmowy. Co prawda, mieszkam obecnie na plebanii, ale u Pa\u0144stwa Drzyzg\u00f3w zawsze s\u0105 otarte drzwi, b\u0119d\u0105ce znakiem szeroko otwartego serca. Dzi\u0119kuj\u0119 za wczorajsze spotkania i rozmowy!<\/span><\/span><\/span><\/p>\n<p align=\"justify\"><span style=\"color: #000000;\"><span style=\"font-family: Book Antiqua, serif;\"><span style=\"font-size: large;\">Niech B\u00f3g b\u0119dzie uwielbiony w tym wielkim dobru, jakie si\u0119 tu na co dzie\u0144 dokonuje, a kt\u00f3rego ja w tych dniach do\u015bwiadczam! Niech b\u0119dzie uwielbiony w tej otwarto\u015bci serc dobrych ludzi!<\/span><\/span><\/span><\/p>\n<p align=\"justify\"><span style=\"color: #000000;\"><span style=\"font-family: Book Antiqua, serif;\"><span style=\"font-size: large;\">Zapewniam o mojej modlitwie za Was! A dzisiaj Ksi\u0105dz Dziekan ma jakie\u015b plany na wsp\u00f3lny wyjazd gdzie\u015b tu, w okolicy, ale szczeg\u00f3\u0142\u00f3w nie znam. Jutro poinformuj\u0119.<\/span><\/span><\/span><\/p>\n<p align=\"justify\"><span style=\"color: #000000;\"><span style=\"font-family: Book Antiqua, serif;\"><span style=\"font-size: large;\">Teraz za\u015b ju\u017c zapraszam do pochylenia si\u0119 nad Bo\u017cym s\u0142owem dzisiejszej liturgii. Oto s\u0142\u00f3wko Ksi\u0119dza Marka na dzi\u015b:<\/span><\/span><\/span><\/p>\n<p align=\"justify\"><span style=\"color: #000000;\"><span style=\"font-family: Book Antiqua, serif;\"><span style=\"font-size: medium;\"><a href=\"https:\/\/www.youtube.com\/c\/CatholicSurgut\"><span style=\"font-size: large;\"><b>https:\/\/www.youtube.com\/c\/CatholicSurgut<\/b><\/span><\/a><\/span><\/span><\/span><\/p>\n<p align=\"justify\"><span style=\"color: #000000;\"><span style=\"font-family: Book Antiqua, serif;\"><span style=\"font-size: large;\">Zatem, <b>co Pan konkretnie do mnie <\/b><b>dzi\u015b <\/b><b>m\u00f3wi?<\/b> Duchu \u015awi\u0119ty, pom\u00f3\u017c!<\/span><\/span><\/span><\/p>\n<p align=\"justify\"><span style=\"color: #000000;\"><span style=\"font-family: Book Antiqua, serif;\"><span style=\"font-size: large;\"><b>Niech Was b\u0142ogos\u0142awi B\u00f3g Wszechmog\u0105cy: Ojciec + i Syn, i Duch \u015awi\u0119ty. Amen<\/b><\/span><\/span><\/span><\/p>\n<p align=\"center\"><span style=\"color: #000000;\"><span style=\"font-family: Book Antiqua, serif;\"><span style=\"font-size: large;\">Gaudium et spes! Ks. Jacek<\/span><\/span><\/span><\/p>\n<p align=\"center\">\n<p align=\"center\">\n<p align=\"center\">\n<p align=\"center\">\n<p align=\"center\">\n<p align=\"justify\"><span style=\"color: #000000;\"><span style=\"font-family: Book Antiqua, serif;\"><span style=\"font-size: large;\"><b>Poniedzia\u0142ek 4 Tygodnia Wielkanocnego, C,<\/b><\/span><\/span><\/span><\/p>\n<p align=\"justify\"><span style=\"color: #000000;\"><span style=\"font-family: Book Antiqua, serif;\"><span style=\"font-size: large;\"><b>12 maja 2025.,\u00a0<\/b><\/span><\/span><\/span><\/p>\n<p align=\"justify\"><span style=\"color: #000000;\"><span style=\"font-family: Book Antiqua, serif;\"><span style=\"font-size: large;\"><b>do czyta\u0144: Dz 11,1\u201318; J 10,1\u201310<\/b><\/span><\/span><\/span><\/p>\n<p align=\"justify\">\n<p align=\"justify\">\n<p align=\"justify\">\n<p align=\"justify\">\n<p align=\"justify\">\n<p align=\"justify\"><span style=\"color: #000000;\"><span style=\"font-family: Book Antiqua, serif;\"><span style=\"font-size: large;\"><b>CZYTANIE Z DZIEJ\u00d3W APOSTOLSKICH: <\/b><\/span><\/span><\/span><\/p>\n<p align=\"justify\"><span style=\"color: #000000;\"><span style=\"font-family: Book Antiqua, serif;\"><span style=\"font-size: large;\"><b>Aposto\u0142owie i bracia, przebywaj\u0105cy w Judei, dowiedzieli si\u0119, \u017ce r\u00f3wnie\u017c poganie przyj\u0119li S\u0142owo Bo\u017ce. Kiedy Piotr przyby\u0142 do Jerozolimy, ci, kt\u00f3rzy byli pochodzenia \u017cydowskiego, robili mu wym\u00f3wki, m\u00f3wi\u0105c: \u201eWszed\u0142e\u015b do ludzi nieobrzezanych i jad\u0142e\u015b z nimi?\u201d <\/b><\/span><\/span><\/span><\/p>\n<p align=\"justify\"><span style=\"color: #000000;\"><span style=\"font-family: Book Antiqua, serif;\"><span style=\"font-size: large;\"><b>Piotr wi\u0119c zacz\u0105\u0142 wyja\u015bnia\u0107 im po kolei, m\u00f3wi\u0105c: \u201eModli\u0142em si\u0119 w mie\u015bcie Jafie i w zachwyceniu ujrza\u0142em jaki\u015b spuszczaj\u0105cy si\u0119 przedmiot, podobny do wielkiego p\u0142\u00f3tna czterema ko\u0144cami opadaj\u0105cego z nieba, kt\u00f3ry dotar\u0142 a\u017c do mnie. Przygl\u0105daj\u0105c mu si\u0119 uwa\u017cnie, zobaczy\u0142em czworono\u017cne zwierz\u0119ta domowe i dzikie, p\u0142azy i gady. <\/b><\/span><\/span><\/span><\/p>\n<p align=\"justify\"><span style=\"color: #000000;\"><span style=\"font-family: Book Antiqua, serif;\"><span style=\"font-size: large;\"><b>Us\u0142ysza\u0142em te\u017c g\u0142os, kt\u00f3ry m\u00f3wi\u0142 do mnie: \u00abZabijaj, Piotrze, i jedz!\u00bb Odpowiedzia\u0142em: \u00abO nie, Panie, bo nigdy nie wzi\u0105\u0142em do ust niczego ska\u017conego lub nieczystego\u00bb. Ale g\u0142os z nieba odezwa\u0142 si\u0119 po raz drugi: \u00abNie nazywaj nieczystym tego, co B\u00f3g oczy\u015bci\u0142\u00bb. Powt\u00f3rzy\u0142o si\u0119 to trzy razy i wszystko zosta\u0142o wzi\u0119te znowu do nieba. <\/b><\/span><\/span><\/span><\/p>\n<p align=\"justify\"><span style=\"color: #000000;\"><span style=\"font-family: Book Antiqua, serif;\"><span style=\"font-size: large;\"><b>Zaraz potem trzech ludzi, wys\u0142anych do mnie z Cezarei, stan\u0119\u0142o przed domem, w kt\u00f3rym mieszkali\u015bmy. A Duch powiedzia\u0142 mi, abym bez wahania poszed\u0142 z nimi. Razem ze mn\u0105 posz\u0142o te\u017c tych sze\u015bciu braci. Przybyli\u015bmy do domu owego cz\u0142owieka. On nam opowiedzia\u0142, jak zobaczy\u0142 anio\u0142a, kt\u00f3ry zjawi\u0142 si\u0119 w jego domu i rzek\u0142: \u00abPo\u015blij do Jafy i sprowad\u017a Szymona, zwanego Piotrem. On ci\u0119 pouczy, jak zbawisz siebie i ca\u0142y sw\u00f3j dom\u00bb. <\/b><\/span><\/span><\/span><\/p>\n<p align=\"justify\"><span style=\"color: #000000;\"><span style=\"font-family: Book Antiqua, serif;\"><span style=\"font-size: large;\"><b>Kiedy zacz\u0105\u0142em m\u00f3wi\u0107, Duch \u015awi\u0119ty zst\u0105pi\u0142 na nich, jak na nas na pocz\u0105tku. Przypomnia\u0142em sobie wtedy s\u0142owa, kt\u00f3re wypowiedzia\u0142 Pan: \u00abJan chrzci\u0142 wod\u0105, wy za\u015b ochrzczeni b\u0119dziecie Duchem \u015awi\u0119tym\u00bb. Je\u017celi wi\u0119c B\u00f3g udzieli\u0142 im tego samego daru, co nam, kt\u00f3rzy\u015bmy uwierzyli w Pana Jezusa Chrystusa, to jak\u017ce\u017c ja mog\u0142em sprzeciwia\u0107 si\u0119 Bogu?\u201d <\/b><\/span><\/span><\/span><\/p>\n<p align=\"justify\"><span style=\"color: #000000;\"><span style=\"font-family: Book Antiqua, serif;\"><span style=\"font-size: large;\"><b>Gdy to us\u0142yszeli, zamilkli. Wielbili Boga i m\u00f3wili: \u201eA wi\u0119c i poganom udzieli\u0142 B\u00f3g \u0142aski nawr\u00f3cenia, aby \u017cyli\u201d.<\/b><\/span><\/span><\/span><\/p>\n<p align=\"justify\">\n<p align=\"justify\">\n<p align=\"justify\">\n<p align=\"justify\">\n<p align=\"justify\">\n<p align=\"justify\"><span style=\"color: #000000;\"><span style=\"font-family: Book Antiqua, serif;\"><span style=\"font-size: large;\"><b>S\u0141OWA EWANGELII WED\u0141UG \u015aWI\u0118TEGO JANA: <\/b><\/span><\/span><\/span><\/p>\n<p align=\"justify\"><span style=\"color: #000000;\"><span style=\"font-family: Book Antiqua, serif;\"><span style=\"font-size: large;\"><b>Jezus powiedzia\u0142: \u201eZaprawd\u0119, zaprawd\u0119 powiadam wam: Kto nie wchodzi do owczarni przez bram\u0119, ale wdziera si\u0119 inn\u0105 drog\u0105, ten jest z\u0142odziejem i rozb\u00f3jnikiem. Kto jednak wchodzi przez bram\u0119, jest pasterzem owiec. Temu otwiera od\u017awierny, a owce s\u0142uchaj\u0105 jego g\u0142osu; wo\u0142a on swoje owce po imieniu i wyprowadza je. A kiedy wszystkie wyprowadzi, staje na ich czele, a owce post\u0119puj\u0105 za nim, poniewa\u017c g\u0142os jego znaj\u0105. Natomiast za obcym nie p\u00f3jd\u0105, lecz b\u0119d\u0105 ucieka\u0107 od niego, bo nie znaj\u0105 g\u0142osu obcych\u201d.<\/b><\/span><\/span><\/span><\/p>\n<p align=\"justify\"><span style=\"color: #000000;\"><span style=\"font-family: Book Antiqua, serif;\"><span style=\"font-size: large;\"><b>T\u0119 przypowie\u015b\u0107 opowiedzia\u0142 im Jezus, lecz oni nie poj\u0119li znaczenia tego, co im m\u00f3wi\u0142. <\/b><\/span><\/span><\/span><\/p>\n<p align=\"justify\"><span style=\"color: #000000;\"><span style=\"font-family: Book Antiqua, serif;\"><span style=\"font-size: large;\"><b>Powt\u00f3rnie wi\u0119c powiedzia\u0142 do nich Jezus: \u201eZaprawd\u0119, zaprawd\u0119 powiadam wam: Ja jestem bram\u0105 owiec. Wszyscy, kt\u00f3rzy przyszli przede Mn\u0105, s\u0105 z\u0142odziejami i rozb\u00f3jnikami, a nie pos\u0142ucha\u0142y ich owce. Ja jestem bram\u0105. Je\u017celi kto\u015b wejdzie przeze Mnie, b\u0119dzie zbawiony &#8211; wejdzie i wyjdzie, i znajdzie pasz\u0119. Z\u0142odziej przychodzi tylko po to, aby kra\u015b\u0107, zabija\u0107 i niszczy\u0107. Ja przyszed\u0142em po to, aby owce mia\u0142y \u017cycie i mia\u0142y je w obfito\u015bci\u201d.<\/b><\/span><\/span><\/span><\/p>\n<p align=\"justify\">\n<p align=\"justify\">\n<p align=\"justify\">\n<p align=\"justify\">\n<p align=\"justify\">\n<p align=\"justify\"><span style=\"color: #000000;\"><span style=\"font-size: large;\"><span style=\"font-family: Book Antiqua, serif;\">Po wczorajszej <\/span><span style=\"font-family: Book Antiqua, serif;\"><b>Niedzieli Dobrego Pasterza<\/b><\/span><span style=\"font-family: Book Antiqua, serif;\"> \u2013 jak nazywamy Czwart\u0105 Niedziel\u0119 Wielkanocy, a to ze wzgl\u0119du na czytan\u0105 tego dnia Ewangeli\u0119 w\u0142a\u015bnie <\/span><span style=\"font-family: Book Antiqua, serif;\"><b>o Jezusie jako Dobrym Pasterzu <\/b><\/span><span style=\"font-family: Book Antiqua, serif;\">\u2013 tak\u017ce dzisiaj pozostajemy w tej tematyce. Bo dzisiaj tak\u017ce odczytujemy fragment tej d<\/span><span style=\"font-family: Book Antiqua, serif;\">o\u015b\u0107 d\u0142ugiej<\/span><span style=\"font-family: Book Antiqua, serif;\"> przemowy Jezusa Chrystusa, kt\u00f3ry pos\u0142uguj\u0105c si\u0119 <\/span><span style=\"font-family: Book Antiqua, serif;\"><b>obrazem pasterza, <\/b><\/span><span style=\"font-family: Book Antiqua, serif;\">prowadz\u0105cego za sob\u0105 stado owiec <\/span><span style=\"font-family: Book Antiqua, serif;\"><b>i opiekuj\u0105cego si\u0119 nim <\/b><\/span><span style=\"font-family: Book Antiqua, serif;\">ze szczerym zaanga\u017cowanie<\/span><span style=\"font-family: Book Antiqua, serif;\">m \u2013 obrazem tak przecie\u017c dobrze znanym \u00f3wczesnym s\u0142uchaczom, poniewa\u017c widzieli go na co dzie\u0144 \u2013 m\u00f3wi<\/span><span style=\"font-family: Book Antiqua, serif;\"><b> o swojej, pe\u0142nej mi\u0142o\u015bci i zatroskania, opiece nad nami,<\/b><\/span><span style=\"font-family: Book Antiqua, serif;\"> nad ka\u017cd\u0105 i ka\u017cdym z nas, Jego uczniami i wyznawcami, Jego przyjaci\u00f3\u0142mi i na\u015bladowcami!<\/span><span style=\"font-family: Book Antiqua, serif;\"><b> Jemu naprawd\u0119 zale\u017cy na ka\u017cdej i ka\u017cdym z nas! <\/b><\/span><\/span><\/span><\/p>\n<p align=\"justify\"><span style=\"color: #000000;\"><span style=\"font-size: large;\"><span style=\"font-family: Book Antiqua, serif;\">Jednak dzisiaj otrzymujemy do odczytania i rozwa\u017cenia t\u0119 cz\u0119\u015b\u0107 nauki o Dobrym Pasterzu, w kt\u00f3rej Jezus wi\u0119kszy akcent k\u0142adzie <\/span><span style=\"font-family: Book Antiqua, serif;\"><b>n<\/b><\/span><span style=\"font-family: Book Antiqua, serif;\"><b>ie tyle na siebie,<\/b><\/span><span style=\"font-family: Book Antiqua, serif;\"> jako Tego, kt\u00f3ry jest rzeczywi\u015bcie Dobrym Pasterzem, ile bardziej <\/span><span style=\"font-family: Book Antiqua, serif;\"><b>na tych, kt\u00f3rzy nimi nie s\u0105. <\/b><\/span><span style=\"font-family: Book Antiqua, serif;\">M\u00f3wi bowiem: <\/span><span style=\"font-family: Book Antiqua, serif;\"><i><b>Kto nie wchodzi do owczarni przez bram\u0119, ale wdziera si\u0119 inn\u0105 drog\u0105, ten jest z\u0142odziejem i rozb\u00f3jnikiem. Kto jednak wchodzi przez bram\u0119, jest pasterzem owiec. Temu otwiera od\u017awierny, a owce s\u0142uchaj\u0105 jego g\u0142osu; wo\u0142a on swoje owce po imieniu i wyprowadza je. A kiedy wszystkie wyprowadzi, staje na ich czele, a owce post\u0119puj\u0105 za nim, poniewa\u017c g\u0142os jego znaj\u0105. Natomiast za obcym nie p\u00f3jd\u0105, lecz b\u0119d\u0105 ucieka\u0107 od niego, bo nie znaj\u0105 g\u0142osu obcych. <\/b><\/i><\/span><\/span><\/span><\/p>\n<p align=\"justify\"><span style=\"color: #000000;\"><span style=\"font-size: large;\"><span style=\"font-family: Book Antiqua, serif;\">A poniewa\u017c \u2013 jak s\u0142yszymy dalej \u2013 <\/span><span style=\"font-family: Book Antiqua, serif;\"><i><b>oni<\/b><\/i><\/span><b> <\/b><span style=\"font-family: Book Antiqua, serif;\">[czyli s\u0142uchacze]<\/span><i><b> <\/b><\/i><span style=\"font-family: Book Antiqua, serif;\"><i><b>nie poj\u0119li znaczenia tego, co im m\u00f3wi\u0142,<\/b><\/i><\/span><b> <\/b><span style=\"font-family: Book Antiqua, serif;\">przeto Jezus t\u0142umaczy\u0142 dalej: <\/span><span style=\"font-family: Book Antiqua, serif;\"><i><b>Zaprawd\u0119, zaprawd\u0119 powiadam wam: Ja jestem bram\u0105 owiec. Wszyscy, kt\u00f3rzy przyszli przede Mn\u0105, s\u0105 z\u0142odziejami i rozb\u00f3jnikami, a nie pos\u0142ucha\u0142y ich owce. Ja jestem bram\u0105. Je\u017celi kto\u015b wejdzie przeze Mnie, b\u0119dzie zbawiony &#8211; wejdzie i wyjdzie, i znajdzie pasz\u0119. Z\u0142odziej przychodzi tylko po to, aby kra\u015b\u0107, zabija\u0107 i niszczy\u0107. Ja przyszed\u0142em po to, aby owce mia\u0142y \u017cycie i mia\u0142y je w obfito\u015bci.<\/b><\/i><\/span><b> <\/b><\/span><\/span><\/p>\n<p align=\"justify\"><span style=\"color: #000000;\"><span style=\"font-size: large;\"><span style=\"font-family: Book Antiqua, serif;\">Czy s\u0142yszymy dobrze te s\u0142owa? Czy <\/span><span style=\"font-family: Book Antiqua, serif;\">wyczuwamy ten <\/span><span style=\"font-family: Book Antiqua, serif;\"><b>ton Jezusowej wypowiedzi<\/b><\/span><span style=\"font-family: Book Antiqua, serif;\"> \u2013 ten <\/span><span style=\"font-family: Book Antiqua, serif;\"><b>ostry ton, <\/b><\/span><span style=\"font-family: Book Antiqua, serif;\">w kt\u00f3rym wszelkiej ma\u015bci <\/span><span style=\"font-family: Book Antiqua, serif;\"><b>uzurpatorzy, udaj\u0105cy pasterzy,<\/b><\/span><span style=\"font-family: Book Antiqua, serif;\"> a tak naprawd\u0119 tylko wykorzys<\/span><span style=\"font-family: Book Antiqua, serif;\">tuj\u0105cy<\/span><span style=\"font-family: Book Antiqua, serif;\"> owce, nazwani s\u0105 <\/span><span style=\"font-family: Book Antiqua, serif;\"><b>z\u0142odziejami i rozb\u00f3jnikami?<\/b><\/span><span style=\"font-family: Book Antiqua, serif;\"> I to a\u017c dwa razy \u2013 w tak kr\u00f3tkim fragmencie. Drodzy moi, c<\/span><span style=\"font-family: Book Antiqua, serif;\">o<\/span><span style=\"font-family: Book Antiqua, serif;\"> nam to daje do my\u015blenia? <\/span><\/span><\/span><\/p>\n<p align=\"justify\"><span style=\"color: #000000;\"><span style=\"font-size: large;\"><span style=\"font-family: Book Antiqua, serif;\">Po pierwsze <\/span><span style=\"font-family: Book Antiqua, serif;\">z pewno\u015bci\u0105<\/span><span style=\"font-family: Book Antiqua, serif;\"> to, \u017ce<\/span><span style=\"font-family: Book Antiqua, serif;\"><b> Jezus jest tak <\/b><\/span><span style=\"font-family: Book Antiqua, serif;\"><b>bardzo<\/b><\/span><span style=\"font-family: Book Antiqua, serif;\"><b> radykalny w ocenie<\/b><\/span><span style=\"font-family: Book Antiqua, serif;\"> tych, kt\u00f3rzy tymi dobrymi pasterzami nie s\u0105 i stosuje <\/span><span style=\"font-family: Book Antiqua, serif;\"><b>tak wyra<\/b><\/span><span style=\"font-family: Book Antiqua, serif;\"><b>ziste<\/b><\/span><span style=\"font-family: Book Antiqua, serif;\"><b> rozr\u00f3\u017cnienie,<\/b><\/span> <span style=\"font-family: Book Antiqua, serif;\">dobitnie i<\/span><span style=\"font-family: Book Antiqua, serif;\"> jasno wskazuj\u0105c, \u017ce ci, kt\u00f3rzy nie s\u0105 w pe\u0142nej jedno\u015bci z Nim \u2013<\/span><span style=\"font-family: Book Antiqua, serif;\"><b> nie s\u0105 \u017cadnymi pasterzami<\/b><\/span><span style=\"font-family: Book Antiqua, serif;\"> i koniec, kropka. Po drugie za\u015b \u2013 warto zwr\u00f3ci\u0107 uwag\u0119 na <\/span><span style=\"font-family: Book Antiqua, serif;\"><b>bardzo<\/b><\/span> <span style=\"font-family: Book Antiqua, serif;\"><b>ostre okre\u015blenia, <\/b><\/span><span style=\"font-family: Book Antiqua, serif;\">kt\u00f3rych Jezus u\u017cywa. A przy tym, m\u00f3wi to tak <\/span><span style=\"font-family: Book Antiqua, serif;\"><b>zwyczajnie i raczej spokojnie<\/b><\/span><span style=\"font-family: Book Antiqua, serif;\"> \u2013 nic w opisie ewangelicznym nie wskazuje na to, by targa\u0142y Nim w tym momencie jakie\u015b emocje. On tak po prostu i zwyczajnie m\u00f3wi: <\/span><span style=\"font-family: Book Antiqua, serif;\"><i><b>Kto nie wchodzi do owczarni przez bram\u0119, ale wdziera si\u0119 inn\u0105 drog\u0105, ten jest z\u0142odziejem i rozb\u00f3jnikiem.<\/b><\/i><\/span><b> <\/b><span style=\"font-family: Book Antiqua, serif;\">Czy te\u017c:<\/span><i> <\/i><span style=\"font-family: Book Antiqua, serif;\"><i><b>Wszyscy, kt\u00f3rzy przyszli przede Mn\u0105, s\u0105 z\u0142odziejami i rozb\u00f3jnikami, a nie pos\u0142ucha\u0142y ich owce.<\/b><\/i><\/span><b> <\/b><\/span><\/span><\/p>\n<p align=\"justify\"><span style=\"color: #000000;\"><span style=\"font-size: large;\"><span style=\"font-family: Book Antiqua, serif;\">Warto o tym pami\u0119ta\u0107, zw\u0142aszcza w sytuacji, w kt\u00f3rej chocia\u017cby ten czy inny <\/span><span style=\"font-family: Book Antiqua, serif;\"><b>ksi\u0105dz, w swojej homilii, u\u017cyje podobnych mocnych okre\u015ble\u0144<\/b><\/span><span style=\"font-family: Book Antiqua, serif;\"> \u2013 na przyk\u0142ad: nazywaj\u0105c po imieniu <\/span><span style=\"font-family: Book Antiqua, serif;\"><b>bandyckie dzia\u0142ania w\u0142adzy, <\/b><\/span><span style=\"font-family: Book Antiqua, serif;\">torturuj\u0105cej wi\u0119\u017ani\u00f3w politycznych i dokonuj\u0105cej ca\u0142ego bezmiaru innych bezece\u0144stw, a ze strony odbiorc\u00f3w s\u0142yszy, <\/span><span style=\"font-family: Book Antiqua, serif;\"><b>\u017ce to za ostro, \u017ce to politykowanie,<\/b><\/span><span style=\"font-family: Book Antiqua, serif;\"> \u017ce tak nie wypada, \u017ce to mo\u017ce zrazi\u0107 s\u0142uchaczy, czy tym podobne\u2026 Warto wtedy przypomnie\u0107 sobie te okre\u015blenia, kt\u00f3rych Jezus u\u017cy\u0142 dzisiaj: <\/span><span style=\"font-family: Book Antiqua, serif;\"><b>z\u0142odzieje i rozb\u00f3jnicy!<\/b><\/span><span style=\"font-family: Book Antiqua, serif;\"> Nie: <\/span><span style=\"font-family: Book Antiqua, serif;\"><b>podobni<\/b><\/span><span style=\"font-family: Book Antiqua, serif;\"> do z\u0142odziei i rozb\u00f3jnik\u00f3w; albo: <\/span><span style=\"font-family: Book Antiqua, serif;\"><b>jakby<\/b><\/span> <span style=\"font-family: Book Antiqua, serif;\">z\u0142odzieje i rozb\u00f3jnicy. Nie! Jasno i wprost: <\/span><span style=\"font-family: Book Antiqua, serif;\"><i><b>Kto nie wchodzi do owczarni przez bram\u0119, ale wdziera si\u0119 inn\u0105 drog\u0105, ten jest z\u0142odziejem i rozb\u00f3jnikiem. <\/b><\/i><\/span><span style=\"font-family: Book Antiqua, serif;\">I tyle w temacie. <\/span><\/span><\/span><\/p>\n<p align=\"justify\"><span style=\"color: #000000;\"><span style=\"font-size: large;\"><span style=\"font-family: Book Antiqua, serif;\">Jezus <\/span><span style=\"font-family: Book Antiqua, serif;\"><b>nie bawi si\u0119 w \u017cadne konwenanse<\/b><\/span><span style=\"font-family: Book Antiqua, serif;\"> i nie uprawia jakie\u015b dyplomacji, czy nie ubiera w jakie\u015b dobrane i wyg\u0142adzone s\u0142owa spraw, kt\u00f3re trzeba nazwa\u0107 jasno i dobitnie. <\/span><span style=\"font-family: Book Antiqua, serif;\"><b>I nie chodzi tu o wulgarno\u015b\u0107,<\/b><\/span><span style=\"font-family: Book Antiqua, serif;\"> nie chodzi te\u017c o popisywanie si\u0119 swoj\u0105 oryginalno\u015bci\u0105 w doborze odpowiednio mocnych s\u0142\u00f3w. Nie, na pewno Jezus nie tak\u0105 motywacj\u0105 si\u0119 kieruje. A jak\u0105? <\/span><\/span><\/span><\/p>\n<p align=\"justify\"><span style=\"color: #000000;\"><span style=\"font-size: large;\"><span style=\"font-family: Book Antiqua, serif;\">To oczywiste: <\/span><span style=\"font-family: Book Antiqua, serif;\"><b>mi\u0142o\u015bci\u0105 do swoich. <\/b><\/span><span style=\"font-family: Book Antiqua, serif;\">Dlatego tak jasno i bez ogr\u00f3dek wskazuje nam, swoim owcom, za kim mamy p\u00f3j\u015b\u0107. A za kim absolutnie nie powinni\u015bmy i\u015b\u0107. <\/span><span style=\"font-family: Book Antiqua, serif;\"><b>Za kim zatem mamy i\u015b\u0107? <\/b><\/span><span style=\"font-family: Book Antiqua, serif;\">Za Nim samym i za tymi, kt\u00f3rzy prowadz\u0105 nas w Jego imieniu i z Jego upowa\u017cnienia? <\/span><span style=\"font-family: Book Antiqua, serif;\"><b>A za kim nie <\/b><\/span><span style=\"font-family: Book Antiqua, serif;\"><b>powinni\u015bmy<\/b><\/span><span style=\"font-family: Book Antiqua, serif;\"><b> i\u015b\u0107 \u2013 <\/b><\/span><span style=\"font-family: Book Antiqua, serif;\"><b>a wr\u0119cz nie wolno nam i\u015b\u0107?<\/b><\/span><span style=\"font-family: Book Antiqua, serif;\"> Za wszystkimi pozosta\u0142ymi. <\/span><\/span><\/span><\/p>\n<p align=\"justify\"><span style=\"color: #000000;\"><span style=\"font-size: large;\"><span style=\"font-family: Book Antiqua, serif;\">O tak\u0105 w\u0142a\u015bnie postaw\u0119 dzisiaj Niebo upomnia\u0142o si\u0119 <\/span><span style=\"font-family: Book Antiqua, serif;\">bardzo wyra\u017anie <\/span><span style=\"font-family: Book Antiqua, serif;\">\u2013 jak o tym s\u0142yszymy w pierwszym czytaniu \u2013 kieruj\u0105c do pewnego cz\u0142owieka, o kt\u00f3rym nic wi\u0119cej dzisiaj <\/span><span style=\"font-family: Book Antiqua, serif;\">si\u0119 dzisiaj nie dowiadujemy<\/span><span style=\"font-family: Book Antiqua, serif;\">, te oto s\u0142owa: <\/span><span style=\"font-family: Book Antiqua, serif;\"><i><b>Po\u015blij do Jafy i sprowad\u017a Szymona, zwanego Piotrem. On ci\u0119 pouczy, jak zbawisz siebie i ca\u0142y sw\u00f3j dom.<\/b><\/i><\/span><b> <\/b><span style=\"font-family: Book Antiqua, serif;\">W\u0142a\u015bnie:<\/span><span style=\"font-family: Book Antiqua, serif;\"><b> \u201epo\u015blij do Aposto\u0142a, do Pasterza Ko\u015bcio\u0142a,<\/b><\/span><span style=\"font-family: Book Antiqua, serif;\"> do pierwszego Papie\u017ca\u201d. Czemu tak? Czy\u017c <\/span><span style=\"font-family: Book Antiqua, serif;\"><b>Pan sam nie m\u00f3g\u0142 wskaza\u0107 owemu cz\u0142owiekowi,<\/b><\/span><span style=\"font-family: Book Antiqua, serif;\"> co ma robi\u0107? M\u00f3g\u0142. Ale <\/span><span style=\"font-family: Book Antiqua, serif;\">Pan <\/span><span style=\"font-family: Book Antiqua, serif;\"><b>chcia\u0142 <\/b><\/span><span style=\"font-family: Book Antiqua, serif;\"><b>nam wszystkim <\/b><\/span><span style=\"font-family: Book Antiqua, serif;\"><b>pokaza\u0107, <\/b><\/span><span style=\"font-family: Book Antiqua, serif;\">\u017ce w\u0142\u0105cza do swego dzie\u0142a tych, kt\u00f3rzy maj\u0105 <\/span><span style=\"font-family: Book Antiqua, serif;\">by\u0107 dla Ko\u015bcio\u0142a pasterzami \u2013 razem z Nim i w Jego imieniu. <\/span><span style=\"font-family: Book Antiqua, serif;\"><b>Kt\u00f3rzy nie b\u0119d\u0105 z\u0142odziejami i rozb\u00f3jnikami, <\/b><\/span><span style=\"font-family: Book Antiqua, serif;\">ale w\u0142a\u015bnie pasterzami.<\/span><\/span><\/span><\/p>\n<p align=\"justify\"><span style=\"color: #000000;\"> <span style=\"font-size: large;\"><span style=\"font-family: Book Antiqua, serif;\">M\u00f3dlmy si\u0119 zatem, Drodzy moi, <\/span><\/span><\/span><span style=\"font-family: Book Antiqua, serif;\"><b>o \u015bwiat\u0142o Ducha \u015awi\u0119tego,<\/b><\/span><span style=\"font-family: Book Antiqua, serif;\"> by\u015bmy umieli <\/span><span style=\"font-family: Book Antiqua, serif;\"><b>odr\u00f3\u017cni\u0107 prawdziwych pasterzy, <\/b><\/span><span style=\"font-family: Book Antiqua, serif;\">przewodnik\u00f3w i nauczycieli, za kt\u00f3rymi powinni\u015bmy p\u00f3j\u015b\u0107, <\/span><span style=\"font-family: Book Antiqua, serif;\"><b>od z\u0142odziei i rozb\u00f3jnik\u00f3w, <\/b><\/span><span style=\"font-family: Book Antiqua, serif;\">bandyt\u00f3w i k\u0142amc\u00f3w, kt\u00f3rym naprawd\u0119 nie wolno nam zaufa\u0107, ani ich s\u0142ucha\u0107! M\u00f3dlmy si\u0119 o t\u0119 <\/span><span style=\"font-family: Book Antiqua, serif;\"><b>m\u0105dro\u015b\u0107 rozeznania i w\u0142a\u015bciwego wyboru, <\/b><\/span><span style=\"font-family: Book Antiqua, serif;\">kt\u00f3rej chyba nam, katolikom obecnego czasu \u2013 ale te\u017c: nam, Polakom obecnego czasu \u2013<\/span><span style=\"font-family: Book Antiqua, serif;\"><b> jako\u015b wyra\u017anie brakuje.<\/b><\/span><\/p>\n<p align=\"justify\"><span style=\"color: #000000;\"><span style=\"font-size: large;\"><span style=\"font-family: Book Antiqua, serif;\">M\u00f3dlmy si\u0119 te\u017c o to, <\/span><span style=\"font-family: Book Antiqua, serif;\"><b>by Pan nam dawa\u0142 zawsze takich pasterzy<\/b><\/span><span style=\"font-family: Book Antiqua, serif;\"> \u2013 zar\u00f3wno duchownych, jak i \u015bwieckich. Ale te\u017c \u2013 aby ci\u0105gle nam przypomina\u0142, \u017ce to my wszyscy, ka\u017cda i ka\u017cdy z nas, <\/span><span style=\"font-family: Book Antiqua, serif;\"><b>mamy by\u0107 dla siebie nawzajem<\/b><\/span><span style=\"font-family: Book Antiqua, serif;\"> nie z\u0142odziejami i rozb\u00f3jnikami, <\/span><span style=\"font-family: Book Antiqua, serif;\"><b>ale dobrymi pasterzami!<\/b><\/span><\/span><\/span><\/p>\n","protected":false},"excerpt":{"rendered":"<p>Szcz\u0119\u015b\u0107 Bo\u017ce, w dniu wczorajszym urodziny prze\u017cywa Jerzy Beczek, m\u00f3j by\u0142y Ucze\u0144 z pierwszych lat kap\u0142a\u0144stwa, z pierwszej Szko\u0142y, w kt\u00f3rej uczy\u0142em. Dzisiaj natomiast urodziny prze\u017cywa Zofia Pa\u0142ysa, Studentka, a jednocze\u015bnie bardzo \u017cyczliwa mi Osoba z Parafii w Miastkowie. \u017bycz\u0119 Obojgu Bo\u017cej opieki i b\u0142ogos\u0142awie\u0144stwa \u2013 o co te\u017c b\u0119d\u0119 si\u0119 dla Nich modli\u0142! Tymczasem [&hellip;]<\/p>\n","protected":false},"author":1,"featured_media":0,"comment_status":"open","ping_status":"open","sticky":false,"template":"","format":"standard","meta":{"jetpack_post_was_ever_published":false,"_jetpack_newsletter_access":"","_jetpack_dont_email_post_to_subs":false,"_jetpack_newsletter_tier_id":0,"_jetpack_memberships_contains_paywalled_content":false,"_jetpack_memberships_contains_paid_content":false,"footnotes":""},"categories":[1],"tags":[],"class_list":["post-23782","post","type-post","status-publish","format-standard","hentry","category-bez-kategorii"],"yoast_head":"<!-- This site is optimized with the Yoast SEO plugin v25.1 - https:\/\/yoast.com\/wordpress\/plugins\/seo\/ -->\n<title>Rozb\u00f3jnicy - czy pasterze? - Gaudium Et Spes<\/title>\n<meta name=\"robots\" content=\"index, follow, max-snippet:-1, max-image-preview:large, max-video-preview:-1\" \/>\n<link rel=\"canonical\" href=\"https:\/\/gaudiumetspes-blog.pl\/index.php\/2025\/05\/12\/rozbojnicy-czy-pasterze\/\" \/>\n<meta property=\"og:locale\" content=\"pl_PL\" \/>\n<meta property=\"og:type\" content=\"article\" \/>\n<meta property=\"og:title\" content=\"Rozb\u00f3jnicy - czy pasterze? - Gaudium Et Spes\" \/>\n<meta property=\"og:description\" content=\"Szcz\u0119\u015b\u0107 Bo\u017ce, w dniu wczorajszym urodziny prze\u017cywa Jerzy Beczek, m\u00f3j by\u0142y Ucze\u0144 z pierwszych lat kap\u0142a\u0144stwa, z pierwszej Szko\u0142y, w kt\u00f3rej uczy\u0142em. Dzisiaj natomiast urodziny prze\u017cywa Zofia Pa\u0142ysa, Studentka, a jednocze\u015bnie bardzo \u017cyczliwa mi Osoba z Parafii w Miastkowie. \u017bycz\u0119 Obojgu Bo\u017cej opieki i b\u0142ogos\u0142awie\u0144stwa \u2013 o co te\u017c b\u0119d\u0119 si\u0119 dla Nich modli\u0142! Tymczasem [&hellip;]\" \/>\n<meta property=\"og:url\" content=\"https:\/\/gaudiumetspes-blog.pl\/index.php\/2025\/05\/12\/rozbojnicy-czy-pasterze\/\" \/>\n<meta property=\"og:site_name\" content=\"Gaudium Et Spes\" \/>\n<meta property=\"article:published_time\" content=\"2025-05-12T06:55:14+00:00\" \/>\n<meta name=\"author\" content=\"Ks. Jacek\" \/>\n<meta name=\"twitter:card\" content=\"summary_large_image\" \/>\n<meta name=\"twitter:label1\" content=\"Napisane przez\" \/>\n\t<meta name=\"twitter:data1\" content=\"Ks. Jacek\" \/>\n\t<meta name=\"twitter:label2\" content=\"Szacowany czas czytania\" \/>\n\t<meta name=\"twitter:data2\" content=\"12 minut\" \/>\n<script type=\"application\/ld+json\" class=\"yoast-schema-graph\">{\"@context\":\"https:\/\/schema.org\",\"@graph\":[{\"@type\":\"WebPage\",\"@id\":\"https:\/\/gaudiumetspes-blog.pl\/index.php\/2025\/05\/12\/rozbojnicy-czy-pasterze\/\",\"url\":\"https:\/\/gaudiumetspes-blog.pl\/index.php\/2025\/05\/12\/rozbojnicy-czy-pasterze\/\",\"name\":\"Rozb\u00f3jnicy - czy pasterze? - Gaudium Et Spes\",\"isPartOf\":{\"@id\":\"https:\/\/gaudiumetspes-blog.pl\/#website\"},\"datePublished\":\"2025-05-12T06:55:14+00:00\",\"author\":{\"@id\":\"https:\/\/gaudiumetspes-blog.pl\/#\/schema\/person\/1661982992b752dea8dff0d4ed845a65\"},\"breadcrumb\":{\"@id\":\"https:\/\/gaudiumetspes-blog.pl\/index.php\/2025\/05\/12\/rozbojnicy-czy-pasterze\/#breadcrumb\"},\"inLanguage\":\"pl-PL\",\"potentialAction\":[{\"@type\":\"ReadAction\",\"target\":[\"https:\/\/gaudiumetspes-blog.pl\/index.php\/2025\/05\/12\/rozbojnicy-czy-pasterze\/\"]}]},{\"@type\":\"BreadcrumbList\",\"@id\":\"https:\/\/gaudiumetspes-blog.pl\/index.php\/2025\/05\/12\/rozbojnicy-czy-pasterze\/#breadcrumb\",\"itemListElement\":[{\"@type\":\"ListItem\",\"position\":1,\"name\":\"Strona g\u0142\u00f3wna\",\"item\":\"https:\/\/gaudiumetspes-blog.pl\/\"},{\"@type\":\"ListItem\",\"position\":2,\"name\":\"Rozb\u00f3jnicy &#8211; czy&nbsp;pasterze?\"}]},{\"@type\":\"WebSite\",\"@id\":\"https:\/\/gaudiumetspes-blog.pl\/#website\",\"url\":\"https:\/\/gaudiumetspes-blog.pl\/\",\"name\":\"Gaudium Et Spes\",\"description\":\"Blog Ks. Jacka Ja\u015bkowskiego\",\"potentialAction\":[{\"@type\":\"SearchAction\",\"target\":{\"@type\":\"EntryPoint\",\"urlTemplate\":\"https:\/\/gaudiumetspes-blog.pl\/?s={search_term_string}\"},\"query-input\":{\"@type\":\"PropertyValueSpecification\",\"valueRequired\":true,\"valueName\":\"search_term_string\"}}],\"inLanguage\":\"pl-PL\"},{\"@type\":\"Person\",\"@id\":\"https:\/\/gaudiumetspes-blog.pl\/#\/schema\/person\/1661982992b752dea8dff0d4ed845a65\",\"name\":\"Ks. Jacek\",\"image\":{\"@type\":\"ImageObject\",\"inLanguage\":\"pl-PL\",\"@id\":\"https:\/\/gaudiumetspes-blog.pl\/#\/schema\/person\/image\/\",\"url\":\"https:\/\/gaudiumetspes-blog.pl\/wp-content\/uploads\/2019\/07\/avatar-JJ-150x150.jpg\",\"contentUrl\":\"https:\/\/gaudiumetspes-blog.pl\/wp-content\/uploads\/2019\/07\/avatar-JJ-150x150.jpg\",\"caption\":\"Ks. Jacek\"},\"description\":\"Witam serdecznie! K\u0142ania si\u0119 Ks. Jacek Ja\u015bkowski. Nie jestem ani kim\u015b wa\u017cnym, ani kim\u015b znanym. Jestem ksi\u0119dzem, kt\u00f3ry po prostu chce rozmawia\u0107. Codzienna kap\u0142a\u0144ska pos\u0142uga pokazuje mi, \u017ce temat\u00f3w do rozm\u00f3w z ksi\u0119dzem jest coraz wi\u0119cej i dzisiaj \u017caden ksi\u0105dz nie mo\u017ce od nich ucieka\u0107, ale - wprost przeciwnie - podejmowa\u0107 nowe wyzwania. To przekonanie sk\u0142oni\u0142o mnie do pr\u00f3by otwarcia tego\u017c bloga, chocia\u017c okazji do rozm\u00f3w na co dzie\u0144 - w konfesjonale i poza nim - na szcz\u0119\u015bcie nie brakuje. My\u015bl\u0119 jednak, \u017ce ten blog b\u0119dzie jeszcze jednym sposobem i przestrzeni\u0105 nawi\u0105zania kontaktu z lud\u017ami dobrej woli, otwartymi na dialog.\",\"url\":\"https:\/\/gaudiumetspes-blog.pl\/index.php\/author\/ks-jacek\/\"}]}<\/script>\n<!-- \/ Yoast SEO plugin. -->","yoast_head_json":{"title":"Rozb\u00f3jnicy - czy pasterze? - Gaudium Et Spes","robots":{"index":"index","follow":"follow","max-snippet":"max-snippet:-1","max-image-preview":"max-image-preview:large","max-video-preview":"max-video-preview:-1"},"canonical":"https:\/\/gaudiumetspes-blog.pl\/index.php\/2025\/05\/12\/rozbojnicy-czy-pasterze\/","og_locale":"pl_PL","og_type":"article","og_title":"Rozb\u00f3jnicy - czy pasterze? - Gaudium Et Spes","og_description":"Szcz\u0119\u015b\u0107 Bo\u017ce, w dniu wczorajszym urodziny prze\u017cywa Jerzy Beczek, m\u00f3j by\u0142y Ucze\u0144 z pierwszych lat kap\u0142a\u0144stwa, z pierwszej Szko\u0142y, w kt\u00f3rej uczy\u0142em. Dzisiaj natomiast urodziny prze\u017cywa Zofia Pa\u0142ysa, Studentka, a jednocze\u015bnie bardzo \u017cyczliwa mi Osoba z Parafii w Miastkowie. \u017bycz\u0119 Obojgu Bo\u017cej opieki i b\u0142ogos\u0142awie\u0144stwa \u2013 o co te\u017c b\u0119d\u0119 si\u0119 dla Nich modli\u0142! Tymczasem [&hellip;]","og_url":"https:\/\/gaudiumetspes-blog.pl\/index.php\/2025\/05\/12\/rozbojnicy-czy-pasterze\/","og_site_name":"Gaudium Et Spes","article_published_time":"2025-05-12T06:55:14+00:00","author":"Ks. Jacek","twitter_card":"summary_large_image","twitter_misc":{"Napisane przez":"Ks. Jacek","Szacowany czas czytania":"12 minut"},"schema":{"@context":"https:\/\/schema.org","@graph":[{"@type":"WebPage","@id":"https:\/\/gaudiumetspes-blog.pl\/index.php\/2025\/05\/12\/rozbojnicy-czy-pasterze\/","url":"https:\/\/gaudiumetspes-blog.pl\/index.php\/2025\/05\/12\/rozbojnicy-czy-pasterze\/","name":"Rozb\u00f3jnicy - czy pasterze? - Gaudium Et Spes","isPartOf":{"@id":"https:\/\/gaudiumetspes-blog.pl\/#website"},"datePublished":"2025-05-12T06:55:14+00:00","author":{"@id":"https:\/\/gaudiumetspes-blog.pl\/#\/schema\/person\/1661982992b752dea8dff0d4ed845a65"},"breadcrumb":{"@id":"https:\/\/gaudiumetspes-blog.pl\/index.php\/2025\/05\/12\/rozbojnicy-czy-pasterze\/#breadcrumb"},"inLanguage":"pl-PL","potentialAction":[{"@type":"ReadAction","target":["https:\/\/gaudiumetspes-blog.pl\/index.php\/2025\/05\/12\/rozbojnicy-czy-pasterze\/"]}]},{"@type":"BreadcrumbList","@id":"https:\/\/gaudiumetspes-blog.pl\/index.php\/2025\/05\/12\/rozbojnicy-czy-pasterze\/#breadcrumb","itemListElement":[{"@type":"ListItem","position":1,"name":"Strona g\u0142\u00f3wna","item":"https:\/\/gaudiumetspes-blog.pl\/"},{"@type":"ListItem","position":2,"name":"Rozb\u00f3jnicy &#8211; czy&nbsp;pasterze?"}]},{"@type":"WebSite","@id":"https:\/\/gaudiumetspes-blog.pl\/#website","url":"https:\/\/gaudiumetspes-blog.pl\/","name":"Gaudium Et Spes","description":"Blog Ks. Jacka Ja\u015bkowskiego","potentialAction":[{"@type":"SearchAction","target":{"@type":"EntryPoint","urlTemplate":"https:\/\/gaudiumetspes-blog.pl\/?s={search_term_string}"},"query-input":{"@type":"PropertyValueSpecification","valueRequired":true,"valueName":"search_term_string"}}],"inLanguage":"pl-PL"},{"@type":"Person","@id":"https:\/\/gaudiumetspes-blog.pl\/#\/schema\/person\/1661982992b752dea8dff0d4ed845a65","name":"Ks. Jacek","image":{"@type":"ImageObject","inLanguage":"pl-PL","@id":"https:\/\/gaudiumetspes-blog.pl\/#\/schema\/person\/image\/","url":"https:\/\/gaudiumetspes-blog.pl\/wp-content\/uploads\/2019\/07\/avatar-JJ-150x150.jpg","contentUrl":"https:\/\/gaudiumetspes-blog.pl\/wp-content\/uploads\/2019\/07\/avatar-JJ-150x150.jpg","caption":"Ks. Jacek"},"description":"Witam serdecznie! K\u0142ania si\u0119 Ks. Jacek Ja\u015bkowski. Nie jestem ani kim\u015b wa\u017cnym, ani kim\u015b znanym. Jestem ksi\u0119dzem, kt\u00f3ry po prostu chce rozmawia\u0107. Codzienna kap\u0142a\u0144ska pos\u0142uga pokazuje mi, \u017ce temat\u00f3w do rozm\u00f3w z ksi\u0119dzem jest coraz wi\u0119cej i dzisiaj \u017caden ksi\u0105dz nie mo\u017ce od nich ucieka\u0107, ale - wprost przeciwnie - podejmowa\u0107 nowe wyzwania. To przekonanie sk\u0142oni\u0142o mnie do pr\u00f3by otwarcia tego\u017c bloga, chocia\u017c okazji do rozm\u00f3w na co dzie\u0144 - w konfesjonale i poza nim - na szcz\u0119\u015bcie nie brakuje. My\u015bl\u0119 jednak, \u017ce ten blog b\u0119dzie jeszcze jednym sposobem i przestrzeni\u0105 nawi\u0105zania kontaktu z lud\u017ami dobrej woli, otwartymi na dialog.","url":"https:\/\/gaudiumetspes-blog.pl\/index.php\/author\/ks-jacek\/"}]}},"jetpack_featured_media_url":"","jetpack_sharing_enabled":true,"_links":{"self":[{"href":"https:\/\/gaudiumetspes-blog.pl\/index.php\/wp-json\/wp\/v2\/posts\/23782","targetHints":{"allow":["GET"]}}],"collection":[{"href":"https:\/\/gaudiumetspes-blog.pl\/index.php\/wp-json\/wp\/v2\/posts"}],"about":[{"href":"https:\/\/gaudiumetspes-blog.pl\/index.php\/wp-json\/wp\/v2\/types\/post"}],"author":[{"embeddable":true,"href":"https:\/\/gaudiumetspes-blog.pl\/index.php\/wp-json\/wp\/v2\/users\/1"}],"replies":[{"embeddable":true,"href":"https:\/\/gaudiumetspes-blog.pl\/index.php\/wp-json\/wp\/v2\/comments?post=23782"}],"version-history":[{"count":1,"href":"https:\/\/gaudiumetspes-blog.pl\/index.php\/wp-json\/wp\/v2\/posts\/23782\/revisions"}],"predecessor-version":[{"id":23783,"href":"https:\/\/gaudiumetspes-blog.pl\/index.php\/wp-json\/wp\/v2\/posts\/23782\/revisions\/23783"}],"wp:attachment":[{"href":"https:\/\/gaudiumetspes-blog.pl\/index.php\/wp-json\/wp\/v2\/media?parent=23782"}],"wp:term":[{"taxonomy":"category","embeddable":true,"href":"https:\/\/gaudiumetspes-blog.pl\/index.php\/wp-json\/wp\/v2\/categories?post=23782"},{"taxonomy":"post_tag","embeddable":true,"href":"https:\/\/gaudiumetspes-blog.pl\/index.php\/wp-json\/wp\/v2\/tags?post=23782"}],"curies":[{"name":"wp","href":"https:\/\/api.w.org\/{rel}","templated":true}]}}