{"id":23784,"date":"2025-05-13T09:39:43","date_gmt":"2025-05-13T07:39:43","guid":{"rendered":"https:\/\/gaudiumetspes-blog.pl\/?p=23784"},"modified":"2025-05-13T09:39:43","modified_gmt":"2025-05-13T07:39:43","slug":"czy-jestem-chrzescijaninem-wierzacym","status":"publish","type":"post","link":"https:\/\/gaudiumetspes-blog.pl\/index.php\/2025\/05\/13\/czy-jestem-chrzescijaninem-wierzacym\/","title":{"rendered":"Czy jestem chrze\u015bcijaninem&#8230; wierz\u0105cym?"},"content":{"rendered":"<p align=\"justify\"><span style=\"color: #000000;\"><span style=\"font-family: Book Antiqua, serif;\"><span style=\"font-size: large;\">Szcz\u0119\u015b\u0107 Bo\u017ce! Moi Drodzy, w dniu dzisiejszym <b>imieniny prze\u017cywa Ksi\u0105dz Robert Furman, bliski mi Kap\u0142an z Diecezji <\/b><b>w<\/b><b>arszawsko \u2013 <\/b><b>p<\/b><b>raskiej.<\/b><\/span><\/span><\/span><\/p>\n<p align=\"justify\"><span style=\"color: #000000;\"><span style=\"font-family: Book Antiqua, serif;\"><span style=\"font-size: large;\"><b>Urodziny natomiast prze\u017cywa Beata Warpas, nale\u017c\u0105ca w swoim czasie do jednej z m\u0142odzie\u017cowych Wsp\u00f3lnot.<\/b><\/span><\/span><\/span><\/p>\n<p align=\"justify\"><span style=\"color: #000000;\"><span style=\"font-family: Book Antiqua, serif;\"><span style=\"font-size: large;\"><b>\u017bycz\u0119 \u015awi\u0119tuj\u0105cym \u0142ask z Nieba! I zapewniam o modlitwie \u2013 przez wstawiennictwo Matki Bo\u017cej Fatimskiej.<\/b><\/span><\/span><\/span><\/p>\n<p align=\"justify\"><span style=\"color: #000000;\"><span style=\"font-family: Book Antiqua, serif;\"><span style=\"font-size: large;\">A takie w\u0142a\u015bnie wspomnienie liturgia Ko\u015bcio\u0142a dzisiaj dopuszcza, dlatego ch\u0119tnie z tej mo\u017cliwo\u015bci korzystam \u2013 jak co roku zreszt\u0105. Zach\u0119cam do uczestnictwa w nabo\u017ce\u0144stwie fatimskim, odprawianych w naszych Parafiach.<\/span><\/span><\/span><\/p>\n<p align=\"justify\"><span style=\"color: #000000;\"><span style=\"font-family: Book Antiqua, serif;\"><span style=\"font-size: large;\">Drodzy moi, pozdrawiam Was ze Szklarskiej Por\u0119by! Wczoraj z Ksi\u0119dzem Dziekanem objechali\u015bmy okolice Szklarskiej i sam\u0105 Szklarsk\u0105, czyli drogi, kt\u00f3re \u2013 przynajmniej oficjalnie \u2013 dobrze znam, a oto wczoraj Ksi\u0105dz Dziekan przewi\u00f3z\u0142 mnie takimi drogami i pokaza\u0142 takie zak\u0105tki, o kt\u00f3rych poj\u0119cia nie mia\u0142em. Dzisiaj znowu co\u015b Ksi\u0105dz Dziekan zaplanowa\u0142, ale to kolejna niespodzianka.<\/span><\/span><\/span><\/p>\n<p align=\"justify\"><span style=\"color: #000000;\"><span style=\"font-family: Book Antiqua, serif;\"><span style=\"font-size: large;\">Bardzo dzi\u0119kuj\u0119 Ksi\u0119dzu Dziekanowi za ten wsp\u00f3lny czas, a szczeg\u00f3lnie za nasze g\u0142\u0119bokie rozmowy \u2013 na tematy kap\u0142a\u0144skie, i nie tylko. Wychodzi na to, \u017ce ten trzydniowy pobyt w Szklarskiej to b\u0119d\u0105 takie szybkie i niespodziewane rekolekcje dla mnie. Jeszcze o tym d\u0142u\u017cej napisz\u0119 w najbli\u017cszych dniach, ju\u017c po powrocie.<\/span><\/span><\/span><\/p>\n<p align=\"justify\"><span style=\"color: #000000;\"><span style=\"font-family: Book Antiqua, serif;\"><span style=\"font-size: large;\">Tymczasem, zapewniam o mojej sta\u0142ej pami\u0119ci o Was w modlitwie. I ju\u017c zapraszam do pochylenia si\u0119 nad Bo\u017cym s\u0142owem dzisiejszej liturgii. Oto s\u0142\u00f3wko Ksi\u0119dza Marka na dzi\u015b:<\/span><\/span><\/span><\/p>\n<p align=\"justify\"><span style=\"color: #000000;\"><span style=\"font-family: Book Antiqua, serif;\"><span style=\"font-size: medium;\"><a href=\"https:\/\/www.youtube.com\/c\/CatholicSurgut\"><span style=\"font-size: large;\"><b>https:\/\/www.youtube.com\/c\/CatholicSurgut<\/b><\/span><\/a><\/span><\/span><\/span><\/p>\n<p align=\"justify\"><span style=\"color: #000000;\"><span style=\"font-family: Book Antiqua, serif;\"><span style=\"font-size: large;\">Zatem, <b>co Pan konkretnie do mnie m\u00f3wi?<\/b> Niech Duch \u015awi\u0119ty b\u0119dzie naszym \u015bwiat\u0142em i natchnieniem!<\/span><\/span><\/span><\/p>\n<p align=\"justify\"><span style=\"color: #000000;\"><span style=\"font-family: Book Antiqua, serif;\"><span style=\"font-size: large;\"><b>Niech Was b\u0142ogos\u0142awi B\u00f3g Wszechmog\u0105cy: Ojciec + i Syn, i Duch \u015awi\u0119ty. Amen<\/b><\/span><\/span><\/span><\/p>\n<p align=\"center\"><span style=\"color: #000000;\"><span style=\"font-family: Book Antiqua, serif;\"><span style=\"font-size: large;\">Gaudium et spes! Ks. Jacek<\/span><\/span><\/span><\/p>\n<p align=\"center\">\n<p align=\"center\">\n<p align=\"center\">\n<p align=\"center\">\n<p align=\"center\">\n<p align=\"justify\"><span style=\"color: #000000;\"><span style=\"font-family: Book Antiqua, serif;\"><span style=\"font-size: large;\"><b>Wtorek 4 Tygodnia Wielkanocnego,<\/b><\/span><\/span><\/span><\/p>\n<p align=\"justify\"><span style=\"color: #000000;\"><span style=\"font-family: Book Antiqua, serif;\"><span style=\"font-size: large;\"><b>Wspomnienie Naj\u015bwi\u0119tszej Maryi Panny Fatimskiej,<\/b><\/span><\/span><\/span><\/p>\n<p align=\"justify\"><span style=\"color: #000000;\"><span style=\"font-family: Book Antiqua, serif;\"><span style=\"font-size: large;\"><b>13 maja 2025.,\u00a0<\/b><\/span><\/span><\/span><\/p>\n<p align=\"justify\"><span style=\"color: #000000;\"><span style=\"font-family: Book Antiqua, serif;\"><span style=\"font-size: large;\"><b>do czyta\u0144: Dz 11,19\u201326; J 10,22\u201330<\/b><\/span><\/span><\/span><\/p>\n<p align=\"justify\">\n<p align=\"justify\">\n<p align=\"justify\">\n<p align=\"justify\">\n<p align=\"justify\">\n<p align=\"justify\"><span style=\"color: #000000;\"><span style=\"font-family: Book Antiqua, serif;\"><span style=\"font-size: large;\"><b>CZYTANIE Z DZIEJ\u00d3W APOSTOLSKICH:<\/b><\/span><\/span><\/span><\/p>\n<p align=\"justify\"><span style=\"color: #000000;\"><span style=\"font-family: Book Antiqua, serif;\"><span style=\"font-size: large;\"><b>Ci, kt\u00f3rych rozproszy\u0142o prze\u015bladowanie, jakie wybuch\u0142o z powodu Szczepana, dotarli a\u017c do Fenicji, na Cypr i do Antiochii, g\u0142osz\u0105c s\u0142owo samym tylko \u017bydom. Niekt\u00f3rzy z nich pochodzili z Cypru i z Cyreny. Oni to po przybyciu do Antiochii przemawiali te\u017c do Grek\u00f3w i opowiadali Dobr\u0105 Nowin\u0119 o Panu Jezusie. A r\u0119ka Pa\u0144ska by\u0142a z nimi, bo wielka liczba uwierzy\u0142a i nawr\u00f3ci\u0142a si\u0119 do Pana.<\/b><\/span><\/span><\/span><\/p>\n<p align=\"justify\"><span style=\"color: #000000;\"><span style=\"font-family: Book Antiqua, serif;\"><span style=\"font-size: large;\"><b>Wie\u015b\u0107 o tym dosz\u0142a do uszu Ko\u015bcio\u0142a w Jerozolimie. Wys\u0142ano do Antiochii Barnab\u0119. Gdy on przyby\u0142 i zobaczy\u0142 dzia\u0142anie \u0142aski Bo\u017cej, ucieszy\u0142 si\u0119 i zach\u0119ca\u0142 wszystkich, aby ca\u0142ym sercem wytrwali przy Panu; by\u0142 bowiem cz\u0142owiekiem dobrym i pe\u0142nym Ducha \u015awi\u0119tego i wiary. Pozyskano wtedy wielk\u0105 liczb\u0119 dla Pana.<\/b><\/span><\/span><\/span><\/p>\n<p align=\"justify\"><span style=\"color: #000000;\"><span style=\"font-family: Book Antiqua, serif;\"><span style=\"font-size: large;\"><b>Barnaba uda\u0142 si\u0119 te\u017c do Tarsu, aby odszuka\u0107 Paw\u0142a. A gdy znalaz\u0142, przyprowadzi\u0142 go do Antiochii i przez ca\u0142y rok pracowali razem w Ko\u015bciele, nauczaj\u0105c wielk\u0105 rzesz\u0119 ludzi. W Antiochii te\u017c po raz pierwszy nazwano uczni\u00f3w chrze\u015bcijanami.<\/b><\/span><\/span><\/span><\/p>\n<p align=\"justify\">\n<p align=\"justify\">\n<p align=\"justify\">\n<p align=\"justify\">\n<p align=\"justify\">\n<p align=\"justify\"><span style=\"color: #000000;\"><span style=\"font-family: Book Antiqua, serif;\"><span style=\"font-size: large;\"><b>S\u0141OWA EWANGELII WED\u0141UG \u015aWI\u0118TEGO JANA:<\/b><\/span><\/span><\/span><\/p>\n<p align=\"justify\"><span style=\"color: #000000;\"><span style=\"font-family: Book Antiqua, serif;\"><span style=\"font-size: large;\"><b>Obchodzono w Jerozolimie uroczysto\u015b\u0107 Po\u015bwi\u0119cenia \u015awi\u0105tyni. By\u0142o to w zimie. Jezus przechadza\u0142 si\u0119 w \u015bwi\u0105tyni, w portyku Salomona. <\/b><\/span><\/span><\/span><\/p>\n<p align=\"justify\"><span style=\"color: #000000;\"><span style=\"font-family: Book Antiqua, serif;\"><span style=\"font-size: large;\"><b>Otoczyli Go \u017bydzi i m\u00f3wili do Niego: \u201eDok\u0105d b\u0119dziesz nas trzyma\u0142 w niepewno\u015bci? Je\u015bli Ty jeste\u015b Mesjaszem, powiedz nam otwarcie\u201d.<\/b><\/span><\/span><\/span><\/p>\n<p align=\"justify\"><span style=\"color: #000000;\"><span style=\"font-family: Book Antiqua, serif;\"><span style=\"font-size: large;\"><b>Rzek\u0142 do nich Jezus: \u201ePowiedzia\u0142em wam, a nie wierzycie. Czyny, kt\u00f3rych dokonuj\u0119 w imi\u0119 mojego Ojca, \u015bwiadcz\u0105 o Mnie. Ale wy nie wierzycie, bo nie jeste\u015bcie z moich owiec.<\/b><\/span><\/span><\/span><\/p>\n<p align=\"justify\"><span style=\"color: #000000;\"><span style=\"font-family: Book Antiqua, serif;\"><span style=\"font-size: large;\"><b>Moje owce s\u0142uchaj\u0105 mojego g\u0142osu, a Ja znam je. Id\u0105 one za Mn\u0105 i Ja daj\u0119 im \u017cycie wieczne. Nie zgin\u0105 one na wieki i nikt nie wyrwie ich z mojej r\u0119ki. <\/b><\/span><\/span><\/span><\/p>\n<p align=\"justify\"><span style=\"color: #000000;\"><span style=\"font-family: Book Antiqua, serif;\"><span style=\"font-size: large;\"><b>Ojciec m\u00f3j, kt\u00f3ry Mi je da\u0142, jest wi\u0119kszy od wszystkich. I nikt nie mo\u017ce ich wyrwa\u0107 z r\u0119ki mego Ojca. Ja i Ojciec jedno jeste\u015bmy\u201d.<\/b><\/span><\/span><\/span><\/p>\n<p align=\"justify\">\n<p align=\"justify\">\n<p align=\"justify\">\n<p align=\"justify\">\n<p align=\"justify\">\n<p align=\"justify\"><span style=\"color: #000000;\"><span style=\"font-family: Book Antiqua, serif;\"><span style=\"font-size: large;\">Zawsze, ilekro\u0107 czytam ten fragment Dziej\u00f3w Apostolskich, kt\u00f3ry mamy w dzisiejszym pierwszym czytaniu, to najbardziej porusza mnie \u2013 a na pewno: najbardziej <b>zwraca uwag\u0119 i zapada w pami\u0119\u0107<\/b> \u2013 ostatnie jego zdanie: <i><b>W Antiochii te\u017c po raz pierwszy nazwano uczni\u00f3w chrze\u015bcijanami. <\/b><\/i><\/span><\/span><\/span><\/p>\n<p align=\"justify\"><span style=\"color: #000000;\"><span style=\"font-family: Book Antiqua, serif;\"><span style=\"font-size: large;\">Wcze\u015bniej s\u0142yszymy wiele innych, przepi\u0119knych zda\u0144, m\u00f3wi\u0105cych o niesamowitym entuzjazmie tych, kt\u00f3rych nazwano chrze\u015bcijanami, jak chocia\u017cby: <i><b>Oni to po przybyciu do Antiochii przemawiali te\u017c do Grek\u00f3w i opowiadali Dobr\u0105 Nowin\u0119 o Panu Jezusie. A r\u0119ka Pa\u0144ska by\u0142a z nimi, bo wielka liczba uwierzy\u0142a i nawr\u00f3ci\u0142a si\u0119 do Pana.<\/b><\/i><b> <\/b>Czy te\u017c: <i><b>Pozyskano wtedy wielk\u0105 liczb\u0119 dla Pana. <\/b><\/i>Albo: <i><b>Przez ca\u0142y rok pracowali razem w Ko\u015bciele, nauczaj\u0105c wielk\u0105 rzesz\u0119 ludzi.<\/b><\/i><i> <\/i><\/span><\/span><\/span><\/p>\n<p align=\"justify\"><span style=\"color: #000000;\"><span style=\"font-family: Book Antiqua, serif;\"><span style=\"font-size: large;\">I mo\u017cna tylko powiedzie\u0107:<b> to w\u0142a\u015bnie tych nazwano chrze\u015bcijanami!<\/b> A musia\u0142o to by\u0107 na tyle znacz\u0105cym i wa\u017cnym wydarzeniem, \u017ce Autor Dziej\u00f3w Apostolskich <b>zwr\u00f3ci\u0142 na to uwag\u0119 i zapisa\u0142 w swoim dziele.<\/b> Bo \u2013 by\u0107 mo\u017ce \u2013 to okre\u015blenie ju\u017c gdzie\u015b tam kiedy\u015b chodzi\u0142o w obiegu, ale tutaj na tyle wyra\u017anie musia\u0142 kto\u015b je wypowiedzie\u0107, <b>na tyle wyra\u017anie musia\u0142o ono wybrzmie\u0107,<\/b> \u017ce fakt tego wyra\u017anego wypowiedzenia zosta\u0142 a\u017c opisany w Ksi\u0119dze! <\/span><\/span><\/span><\/p>\n<p align=\"justify\"><span style=\"color: #000000;\"><span style=\"font-family: Book Antiqua, serif;\"><span style=\"font-size: large;\">Bo \u2013 szczerze m\u00f3wi\u0105c \u2013 trudno na to uwagi nie zwr\u00f3ci\u0107. Zw\u0142aszcza, je\u015bli m\u00f3wimy o okre\u015bleniu, <b>wr\u0119cz o imieniu, <\/b>kt\u00f3re tak wielu ludzi na przestrzeni wszystkich wiek\u00f3w istnienia Ko\u015bcio\u0142a <b>tak wiele kosztowa\u0142o \u2013 cz\u0119sto cierpienie, a nawet \u017cycie\u2026<\/b> Trudno zatem nie zauwa\u017cy\u0107 tego momentu, kiedy zosta\u0142o wypowiedziane po raz pierwszy. Dlatego zauwa\u017cy\u0142 ja Autor biblijny, zauwa\u017camy to stwierdzenie tak\u017ce i my.<\/span><\/span><\/span><\/p>\n<p align=\"justify\"><span style=\"color: #000000;\"><span style=\"font-family: Book Antiqua, serif;\"><span style=\"font-size: large;\">A w tym kontek\u015bcie <b>przypomina mi si\u0119 wydarzenie <\/b>z moich czas\u00f3w licealnych, kiedy to \u2013 przez ostatnie dwa lata przed matur\u0105 \u2013 <b>s\u0142u\u017cy\u0142em do Mszy \u015awi\u0119tej u Ojc\u00f3w Kapucyn\u00f3w,<\/b> w Bia\u0142ej Podlaskiej, w ko\u015bciele \u015awi\u0119tego Antoniego. I zdarzy\u0142o si\u0119 jednego dnia \u2013 a musia\u0142 to by\u0107 na pewno wtorek Czwartego Tygodnia Wielkanocnego \u2013 \u017ce by\u0142em na Mszy \u015awi\u0119tej rano, <b>ale te\u017c przyjecha\u0142em wieczorem.<\/b> <\/span><\/span><\/span><\/p>\n<p align=\"justify\"><span style=\"color: #000000;\"><span style=\"font-family: Book Antiqua, serif;\"><span style=\"font-size: large;\">I kiedy zsiad\u0142em z roweru, od razu spotka\u0142em <b>Ojca Profesora Mariana Cygana, <\/b>niezwyk\u0142ego Cz\u0142owieka, obecnie ju\u017c \u017cyj\u0105cego u Pana, a b\u0119d\u0105cego dla mnie naprawd\u0119 ogromnym autorytetem \u2013 z kt\u00f3rym zawsze prowadzi\u0142em d\u0142ugie rozmowy na r\u00f3\u017cne tematy. I oto Ojciec Profesor tamtego wieczoru sk\u0105d\u015b nagle pojawi\u0142 si\u0119 i niespodziewanie postawi\u0142 pytanie: \u201eJacku, <b>czy pami\u0119tasz o czym by\u0142o dzisiejsze pierwsze czytanie? <\/b>Bo chyba b\u0119d\u0119 musia\u0142 na Mszy \u015awi\u0119tej powiedzie\u0107 kilka s\u0142\u00f3w\u201d\u2026 <\/span><\/span><\/span><\/p>\n<p align=\"justify\"><span style=\"color: #000000;\"><span style=\"font-family: Book Antiqua, serif;\"><span style=\"font-size: large;\">By\u0142em bardzo zaskoczony tym pytaniem, zw\u0142aszcza \u017ce \u2013 m\u00f3wi\u0105c szczerze \u2013 <b>cz\u0119sto nie pami\u0119ta\u0142em i dzi\u015b nie pami\u0119tam tego, co czyta\u0142em, <\/b><b>nawet przy ambonie<\/b><b>\u2026<\/b> No, niestety, taka ludzka s\u0142abo\u015b\u0107 i niedbalstwo\u2026 Ale tamtego dnia od razu przypomnia\u0142o mi si\u0119 to w\u0142a\u015bnie zdanie zdanie, o kt\u00f3rym tu sobie dzi\u015b m\u00f3wimy. Ojciec Profesor wyra\u017anie ucieszy\u0142 si\u0119, jak to us\u0142ysza\u0142 \u2013 i potem faktycznie, <b>na tym w\u0142a\u015bnie zdaniu opar\u0142 <\/b>swoje kr\u00f3tkie, ale jak zawsze g\u0142\u0119bokie i tre\u015bciwe rozwa\u017canie. <\/span><\/span><\/span><\/p>\n<p align=\"justify\"><span style=\"color: #000000;\"><span style=\"font-family: Book Antiqua, serif;\"><span style=\"font-size: large;\">Zatem, to wa\u017cne, \u017ce uczni\u00f3w wtedy <b>nazwano chrze\u015bcijanami!<\/b> Tamtych uczni\u00f3w, <b>kt\u00f3rzy ziemi\u0105 trz\u0119\u015bli,<\/b> kt\u00f3rzy tysi\u0105cami prowadzili ludzi do Jezusa! <b>A kogo dzi\u015b okre\u015bla si\u0119 mianem chrze\u015bcijan<\/b> \u2013 ludzi Chrystusowych, Jego przyjaci\u00f3\u0142, wyznawc\u00f3w, na\u015bladowc\u00f3w, uczni\u00f3w? No, w\u0142a\u015bnie, czy tych wszystkich, u\u017cytych tu okre\u015ble\u0144, <b>naprawd\u0119 mo\u017cna u\u017cy\u0107 <\/b>w odniesieniu do dzisiejszych chrze\u015bcijan? Czy samo bycie w Ko\u015bciele, bycie ochrzczonym, chodzenie na Msz\u0119 \u015awi\u0119t\u0105 i spe\u0142nianie religijnych praktyk \u2013<b> wystarczy, aby uzna\u0107 kogo\u015b za chrze\u015bcijanina?<\/b> <\/span><\/span><\/span><\/p>\n<p align=\"justify\"><span style=\"color: #000000;\"><span style=\"font-family: Book Antiqua, serif;\"><span style=\"font-size: large;\">Nominalnie \u2013 tak. Ale czy <b>tak\u2026 z serca, tak szczerze?\u2026<\/b> Mo\u017ce za formalnego cz\u0142onka Ko\u015bcio\u0142a Katolickiego, mo\u017ce za cz\u0142owieka ochrzczonego, co potwierdzaj\u0105 kancelaryjne za\u015bwiadczenia \u2013 to tak, <b>ale czy za chrze\u015bcijanina?<\/b> Bo chyba jako\u015b tak intuicyjnie temu okre\u015bleniu nadajemy wi\u0119ksze i g\u0142\u0119bsze znaczenie, ni\u017c tylko formalne czy zwyczajowe\u2026<\/span><\/span><\/span><\/p>\n<p align=\"justify\"><span style=\"color: #000000;\"><span style=\"font-family: Book Antiqua, serif;\"><span style=\"font-size: large;\">Mo\u017ce bowiem zdarza si\u0119 nieraz i tak, \u017ce my \u2013 wsp\u00f3\u0142cze\u015bni chrze\u015bcijanie \u2013 stawiamy Jezusowi to pytanie, kt\u00f3re dzisiaj postawili Mu \u017bydzi: <i><b>Dok\u0105d b\u0119dziesz nas trzyma\u0142 w niepewno\u015bci? Je\u015bli Ty jeste\u015b Mesjaszem, powiedz nam otwarcie! <\/b><\/i>Jezus im wtedy odpowiedzia\u0142: <i><b>Powiedzia\u0142em wam, a nie wierzycie. Czyny, kt\u00f3rych dokonuj\u0119 w imi\u0119 mojego Ojca, \u015bwiadcz\u0105 o Mnie. Ale wy nie wierzycie, bo nie jeste\u015bcie z moich owiec. <\/b><\/i><i><b>Moje owce s\u0142uchaj\u0105 mojego g\u0142osu, a Ja znam je. Id\u0105 one za Mn\u0105 i Ja daj\u0119 im \u017cycie wieczne. Nie zgin\u0105 one na wieki i nikt nie wyrwie ich z mojej r\u0119ki. <\/b><\/i><\/span><\/span><\/span><\/p>\n<p align=\"justify\"><span style=\"color: #000000;\"><span style=\"font-family: Book Antiqua, serif;\"><span style=\"font-size: large;\">Czy i nam musi tak powiedzie\u0107? Bo mo\u017ce i my tak\u017ce, chocia\u017c jeste\u015bmy katolikami \u2013 i to nawet systematycznie praktykuj\u0105cymi \u2013 <b>nie do ko\u0144ca jeste\u015bmy chrze\u015bcijanami? <\/b>Oczywi\u015bcie, w tym najg\u0142\u0119bszym i najprawdziwszym tego s\u0142owa znaczeniu. Mo\u017ce i nam <b>Jezus ju\u017c da\u0142 tyle znak\u00f3w<\/b> swojej obecno\u015bci i swojego dzia\u0142ania, tyle dowod\u00f3w swojej mi\u0142o\u015bci, a my ci\u0105gle, gdzie\u015b tam w g\u0142\u0119bi serca, pytamy: <b>\u201eCzy to na pewno Ty? <\/b>A dlaczego nie zrobi\u0142e\u015b tak, jak ja chc\u0119? Czemu nie spe\u0142ni\u0142e\u015b tej czy tamtej mojej pro\u015bby? Czemu nie wys\u0142ucha\u0142e\u015b tej czy tamtej mojej modlitwy? <b>A czy w og\u00f3le warto w Ciebie wierzy\u0107?\u201d\u2026<\/b><\/span><\/span><\/span><\/p>\n<p align=\"justify\"><span style=\"color: #000000;\"><span style=\"font-family: Book Antiqua, serif;\"><span style=\"font-size: large;\">W\u0142a\u015bnie! <b>Warto \u2013 czy nie warto? <\/b>Warto by\u0107 chrze\u015bcijaninem \u2013 czy nie warto? Mo\u017ce si\u0119 to dzisiaj ju\u017c zupe\u0142nie nie op\u0142aca?\u2026 <\/span><\/span><\/span><\/p>\n<p align=\"justify\"><span style=\"color: #000000;\"><span style=\"font-family: Book Antiqua, serif;\"><span style=\"font-size: large;\">Jakim zatem chrze\u015bcijaninem jestem? <b>Prawdziwym \u2013 czyli wierz\u0105cym?<\/b> Czy tylko formalnym, tradycyjnym, nominalnym?\u2026 Co to dla mnie \u2013 osobi\u015bcie i konkretnie \u2013 znaczy, \u017ce jestem chrze\u015bcijaninem? <b>Jaki obraz chrze\u015bcijanina<\/b> i w og\u00f3le chrze\u015bcija\u0144stwa jawi si\u0119 przed obliczem cz\u0142owieka \u2013 szczeg\u00f3lnie niewierz\u0105cego \u2013 <b>kiedy us\u0142yszy moje imi\u0119 i nazwisko?\u2026 <\/b><\/span><\/span><\/span><\/p>\n<p align=\"justify\"><span style=\"color: #000000;\"><span style=\"font-family: Book Antiqua, serif;\"><span style=\"font-size: large;\">I w\u0142a\u015bnie po to, aby pom\u00f3c w odpowiedzi na te pytania, ale te\u017c <b>w ukszta\u0142towaniu w\u0142a\u015bciwej chrze\u015bcija\u0144skiej postawy<\/b> w \u017cyciu ludzi, Matka Naj\u015bwi\u0119tsza nawiedzi\u0142a ten ziemski pad\u00f3\u0142 w portugalskiej miejscowo\u015bci Fatima. Dzisiaj wspominamy liturgiczne wspomnienie tego wydarzenia.<\/span><\/span><\/span><\/p>\n<p align=\"justify\"><span style=\"color: #000000;\"><span style=\"font-family: Book Antiqua, serif;\"><span style=\"font-size: medium;\"><span style=\"font-size: large;\">Oto<\/span> <strong><span style=\"font-size: large;\"><b>13 maja 1917 roku, <\/b><\/span><\/strong><strong><span style=\"font-size: large;\">\u0141ucja <\/span><\/strong><strong><span style=\"font-size: large;\">dos Santos <\/span><\/strong><strong><span style=\"font-size: large;\">(<\/span><\/strong><strong><span style=\"font-size: large;\">maj\u0105ca dziesi\u0119<\/span><\/strong><strong><span style=\"font-size: large;\">\u0107<\/span><\/strong><strong><span style=\"font-size: large;\"> lat), Franciszek <\/span><\/strong><strong><span style=\"font-size: large;\">Marto<\/span><\/strong><strong><span style=\"font-size: large;\"> (<\/span><\/strong><strong><span style=\"font-size: large;\">maj\u0105cy dziewi\u0119<\/span><\/strong><strong><span style=\"font-size: large;\">\u0107<\/span><\/strong><strong><span style=\"font-size: large;\"> lat) i Hiacynta <\/span><\/strong><strong><span style=\"font-size: large;\">Marto<\/span><\/strong><strong><span style=\"font-size: large;\"> (<\/span><\/strong><strong><span style=\"font-size: large;\">maj\u0105ca<\/span><\/strong><strong><span style=\"font-size: large;\"> lat <\/span><\/strong><strong><span style=\"font-size: large;\">siedem<\/span><\/strong><strong><span style=\"font-size: large;\">) <\/span><\/strong><span style=\"font-size: large;\">pa<\/span><span style=\"font-size: large;\">\u015bli<\/span><span style=\"font-size: large;\"> stado w Cova Da Iria, w <\/span><span style=\"font-size: large;\">P<\/span><span style=\"font-size: large;\">arafii Fatima. <\/span><span style=\"font-size: large;\">Oko\u0142o po\u0142udnia, po odm\u00f3wieniu R\u00f3\u017ca\u0144ca,<\/span><span style=\"font-size: large;\"> jak to czyni<\/span><span style=\"font-size: large;\">li<\/span><span style=\"font-size: large;\"> zazwyczaj, wraca<\/span><span style=\"font-size: large;\">li<\/span><span style=\"font-size: large;\"> do swoich zabaw.<\/span><strong><span style=\"font-size: large;\"> Nagle <\/span><\/strong><strong><span style=\"font-size: large;\">zobaczyli<\/span><\/strong> <strong><span style=\"font-size: large;\"><b>b\u0142ysk \u015bwiat\u0142a, <\/b><\/span><\/strong><strong><span style=\"font-size: large;\">podobny do b\u0142yskawicy. <\/span><\/strong><span style=\"font-size: large;\">Chc<\/span><span style=\"font-size: large;\">ieli<\/span><span style=\"font-size: large;\"> odej\u015b\u0107, lecz druga b\u0142yskawica roz\u015bwietl<\/span><span style=\"font-size: large;\">i\u0142a<\/span><span style=\"font-size: large;\"> miejsce, w kt\u00f3rym si\u0119 znajd<\/span><span style=\"font-size: large;\">owali<\/span><span style=\"font-size: large;\">. A po chwili spostrzeg<\/span><span style=\"font-size: large;\">li<\/span><span style=\"font-size: large;\"> na szczycie m\u0142odego, zielonego d\u0119bu <\/span><strong><span style=\"font-size: large;\"><b>\u201ePani\u0105 ja\u015bniej\u0105ca mocniej, ni\u017c s\u0142o\u0144ce\u201d.<\/b><\/span><\/strong><span style=\"font-size: large;\"> W r\u0119kach trzyma<\/span><span style=\"font-size: large;\">\u0142a<\/span><span style=\"font-size: large;\"> bia\u0142y r\u00f3\u017caniec. <\/span><\/span><\/span><\/span><\/p>\n<p align=\"justify\"><span style=\"color: #000000;\"><span style=\"font-family: Book Antiqua, serif;\"><span style=\"font-size: large;\">Pani <\/span><\/span><\/span><span style=\"color: #000000;\"><span style=\"font-family: Book Antiqua, serif;\"><span style=\"font-size: large;\">powiedzia\u0142a<\/span><\/span><\/span><span style=\"color: #000000;\"><span style=\"font-family: Book Antiqua, serif;\"><span style=\"font-size: large;\"> do trojga pastuszk\u00f3w: <\/span><\/span><\/span><strong><span style=\"color: #000000;\"><span style=\"font-family: Book Antiqua, serif;\"><span style=\"font-size: large;\"><b>\u201eNie b\u00f3jcie si\u0119, przychodz\u0119 z Nieba\u2026<\/b><\/span><\/span><\/span><\/strong><span style=\"color: #000000;\"><span style=\"font-family: Book Antiqua, serif;\"><span style=\"font-size: large;\"> Przysz\u0142am prosi\u0107 <\/span><\/span><\/span><span style=\"color: #000000;\"><span style=\"font-family: Book Antiqua, serif;\"><span style=\"font-size: large;\">W<\/span><\/span><\/span><span style=\"color: #000000;\"><span style=\"font-family: Book Antiqua, serif;\"><span style=\"font-size: large;\">as o to, aby\u015bcie przychodzili tutaj<\/span><\/span><\/span><span style=\"color: #000000;\"><span style=\"font-family: Book Antiqua, serif;\"><span style=\"font-size: large;\"> ka\u017cdego trzynastego, <\/span><\/span><\/span><span style=\"color: #000000;\"><span style=\"font-family: Book Antiqua, serif;\"><span style=\"font-size: large;\">przez kolejn<\/span><\/span><\/span><span style=\"color: #000000;\"><span style=\"font-family: Book Antiqua, serif;\"><span style=\"font-size: large;\">ych <\/span><\/span><\/span><span style=\"color: #000000;\"><span style=\"font-family: Book Antiqua, serif;\"><span style=\"font-size: large;\">sze\u015b\u0107<\/span><\/span><\/span><span style=\"color: #000000;\"><span style=\"font-family: Book Antiqua, serif;\"><span style=\"font-size: large;\"> miesi\u0119cy,<\/span><\/span><\/span><span style=\"color: #000000;\"><span style=\"font-family: Book Antiqua, serif;\"><span style=\"font-size: large;\"> o tej samej godzinie.<\/span><\/span><\/span><strong><span style=\"color: #000000;\"><span style=\"font-family: Book Antiqua, serif;\"><span style=\"font-size: large;\"> P\u00f3\u017aniej powiem <\/span><\/span><\/span><\/strong><strong><span style=\"color: #000000;\"><span style=\"font-family: Book Antiqua, serif;\"><span style=\"font-size: large;\">W<\/span><\/span><\/span><\/strong><strong><span style=\"color: #000000;\"><span style=\"font-family: Book Antiqua, serif;\"><span style=\"font-size: large;\">am, kim jestem i czego oczekuj\u0119. Wy p\u00f3jdziecie do Nieba. <\/span><\/span><\/span><\/strong><span style=\"color: #000000;\"><span style=\"font-family: Book Antiqua, serif;\"><span style=\"font-size: large;\">Ofiarujcie si\u0119 Bogu,<\/span><\/span><\/span><span style=\"color: #000000;\"><span style=\"font-family: Book Antiqua, serif;\"><span style=\"font-size: large;\"> wyra\u017acie zgod\u0119 na wszystkie cierpienia, jakimi zechc<\/span><\/span><\/span><span style=\"color: #000000;\"><span style=\"font-family: Book Antiqua, serif;\"><span style=\"font-size: large;\">e<\/span><\/span><\/span><span style=\"color: #000000;\"><span style=\"font-family: Book Antiqua, serif;\"><span style=\"font-size: large;\"> was do\u015bwiadczy\u0107, jako zado\u015b\u0107uczynienie za grzechy, kt\u00f3rymi jest zniewa\u017cany i jako przeb\u0142aganie za nawr\u00f3cenie grzesznik\u00f3w. <\/span><\/span><\/span><strong><span style=\"color: #000000;\"><span style=\"font-family: Book Antiqua, serif;\"><span style=\"font-size: large;\">Du\u017co wycierpicie, ale <\/span><\/span><\/span><span style=\"color: #000000;\"><span style=\"font-family: Book Antiqua, serif;\"><span style=\"font-size: large;\">\u0142aska Bo\u017ca b\u0119dzie waszym wsparciem.<\/span><\/span><\/span><\/strong><span style=\"color: #000000;\"><span style=\"font-family: Book Antiqua, serif;\"><span style=\"font-size: large;\">Odmawiajcie codziennie R\u00f3\u017caniec<\/span><\/span><\/span><span style=\"color: #000000;\"><span style=\"font-family: Book Antiqua, serif;\"><span style=\"font-size: large;\"> za pok\u00f3j dla \u015bwiata i koniec wojny\u201d.<\/span><\/span><\/span><\/p>\n<p align=\"justify\"><strong><span style=\"color: #000000;\"><span style=\"font-family: Book Antiqua, serif;\"><span style=\"font-size: large;\">Przez kolejnych <\/span><\/span><\/span><\/strong><strong><span style=\"color: #000000;\"><span style=\"font-family: Book Antiqua, serif;\"><span style=\"font-size: large;\">pi\u0119\u0107<\/span><\/span><\/span><\/strong><strong><span style=\"color: #000000;\"><span style=\"font-family: Book Antiqua, serif;\"><span style=\"font-size: large;\"> miesi\u0119cy Pani stawia<\/span><\/span><\/span><\/strong><strong><span style=\"color: #000000;\"><span style=\"font-family: Book Antiqua, serif;\"><span style=\"font-size: large;\">\u0142a<\/span><\/span><\/span><\/strong><strong><span style=\"color: #000000;\"><span style=\"font-family: Book Antiqua, serif;\"><span style=\"font-size: large;\"> si\u0119 na um\u00f3wione spotkania. <\/span><\/span><\/span><\/strong><span style=\"color: #000000;\"><span style=\"font-family: Book Antiqua, serif;\"><span style=\"font-size: large;\">13 czerwca wyjawi<\/span><\/span><\/span><span style=\"color: #000000;\"><span style=\"font-family: Book Antiqua, serif;\"><span style=\"font-size: large;\">\u0142a<\/span><\/span><\/span><span style=\"color: #000000;\"><span style=\"font-family: Book Antiqua, serif;\"><span style=\"font-size: large;\"> im, <\/span><\/span><\/span><span style=\"color: #000000;\"><span style=\"font-family: Book Antiqua, serif;\"><span style=\"font-size: large;\">\u017c<\/span><\/span><\/span><span style=\"color: #000000;\"><span style=\"font-family: Book Antiqua, serif;\"><span style=\"font-size: large;\">e <\/span><\/span><\/span><span style=\"color: #000000;\"><span style=\"font-family: Book Antiqua, serif;\"><span style=\"font-size: large;\">Franciszek i Hiacynta niebawem odejd\u0105 do Nieba,<\/span><\/span><\/span><span style=\"color: #000000;\"><span style=\"font-family: Book Antiqua, serif;\"><span style=\"font-size: large;\"> natomiast<\/span><\/span><\/span><strong><span style=\"color: #000000;\"><span style=\"font-family: Book Antiqua, serif;\"><span style=\"font-size: large;\"> \u0141ucja pozostanie jeszcze przez jaki\u015b czas na ziemi, <\/span><\/span><\/span><\/strong><span style=\"color: #000000;\"><span style=\"font-family: Book Antiqua, serif;\"><span style=\"font-size: large;\">gdy\u017c Jezus pragnie pos\u0142u\u017cy\u0107 si\u0119 ni\u0105, aby przy jej pomocy ludzie poznali i pokochali Maryj\u0119. <\/span><\/span><\/span><span style=\"color: #000000;\"><span style=\"font-family: Book Antiqua, serif;\"><span style=\"font-size: large;\">Powiedzia\u0142a im:<\/span><\/span><\/span> <strong><span style=\"color: #000000;\"><span style=\"font-family: Book Antiqua, serif;\"><span style=\"font-size: large;\">\u201eOn chce, aby \u015bwiat obdarza\u0142 <\/span><\/span><\/span><\/strong><strong><span style=\"color: #000000;\"><span style=\"font-family: Book Antiqua, serif;\"><span style=\"font-size: large;\"><b>nabo\u017ce\u0144stwem moje Niepokalane Serce.<\/b><\/span><\/span><\/span><\/strong><span style=\"color: #000000;\"><span style=\"font-family: Book Antiqua, serif;\"><span style=\"font-size: large;\"> Tym, kt\u00f3rzy <\/span><\/span><\/span><span style=\"color: #000000;\"><span style=\"font-family: Book Antiqua, serif;\"><span style=\"font-size: large;\">z wiar\u0105 to przyjm\u0105, obiecuj\u0119 zbawienie\u201d. <\/span><\/span><\/span><\/p>\n<p align=\"justify\"><span style=\"color: #000000;\"><span style=\"font-family: Book Antiqua, serif;\"><span style=\"font-size: large;\">13 lipca Pani prosi<\/span><\/span><\/span><span style=\"color: #000000;\"><span style=\"font-family: Book Antiqua, serif;\"><span style=\"font-size: large;\">\u0142a<\/span><\/span><\/span><span style=\"color: #000000;\"><span style=\"font-family: Book Antiqua, serif;\"><span style=\"font-size: large;\"> dzieci o kontynuowanie codziennego odmawiania R\u00f3\u017ca\u0144ca. \u201ePo\u015bwi\u0119cajcie si\u0119 i cz\u0119sto powtarzajcie:<\/span><\/span><\/span><strong><span style=\"color: #000000;\"><span style=\"font-family: Book Antiqua, serif;\"><span style=\"font-size: large;\"> O Jezu, to z mi\u0142o\u015bci do Ciebie, za nawr\u00f3cenie grzesznik\u00f3w i zado\u015b\u0107uczynienie za grzechy przeciwko Niepokalanemu Sercu Maryi\u2026\u201d.<\/span><\/span><\/span><\/strong><span style=\"color: #000000;\"><span style=\"font-family: Book Antiqua, serif;\"><span style=\"font-size: large;\"> Zapowi<\/span><\/span><\/span><span style=\"color: #000000;\"><span style=\"font-family: Book Antiqua, serif;\"><span style=\"font-size: large;\">edzia\u0142a<\/span><\/span><\/span><span style=\"color: #000000;\"><span style=\"font-family: Book Antiqua, serif;\"><span style=\"font-size: large;\"> te\u017c: <\/span><\/span><\/span><span style=\"color: #000000;\"><span style=\"font-family: Book Antiqua, serif;\"><span style=\"font-size: large;\">\u201eWojna sko\u0144czy si\u0119. Jednak je\u015bli ludzie nadal b\u0119d\u0105 zniewa\u017ca\u0107 Boga, <\/span><\/span><\/span><strong><span style=\"color: #000000;\"><span style=\"font-family: Book Antiqua, serif;\"><span style=\"font-size: large;\"><b>zacznie si\u0119 druga, jeszcze gorsza.<\/b><\/span><\/span><\/span><\/strong><span style=\"color: #000000;\"><span style=\"font-family: Book Antiqua, serif;\"><span style=\"font-size: large;\"> Aby jej zapobiec, przyjd\u0119 poprosi\u0107<\/span><\/span><\/span><strong><span style=\"color: #000000;\"><span style=\"font-family: Book Antiqua, serif;\"><span style=\"font-size: large;\"> o <\/span><\/span><\/span><\/strong><strong><span style=\"color: #000000;\"><span style=\"font-family: Book Antiqua, serif;\"><span style=\"font-size: large;\"><b>po\u015bwi\u0119cenie Rosji mojemu Niepokalanemu Sercu <\/b><\/span><\/span><\/span><\/strong><strong><span style=\"color: #000000;\"><span style=\"font-family: Book Antiqua, serif;\"><span style=\"font-size: large;\">oraz o przyjmowanie zado\u015b\u0107czyni\u0105cej Komunii \u015awi\u0119tej w pierwsze soboty miesi\u0105ca. <\/span><\/span><\/span><\/strong><span style=\"color: #000000;\"><span style=\"font-family: Book Antiqua, serif;\"><span style=\"font-size: large;\">Je\u015bli moje pro\u015bby zostan\u0105 wys\u0142uchane, <\/span><\/span><\/span><span style=\"color: #000000;\"><span style=\"font-family: Book Antiqua, serif;\"><span style=\"font-size: large;\">Rosja nawr\u00f3ci si\u0119. <\/span><\/span><\/span><span style=\"color: #000000;\"><span style=\"font-family: Book Antiqua, serif;\"><span style=\"font-size: large;\">W przeciwnym razie, jej b\u0142\u0119dy rozprzestrzeni\u0105 si\u0119 po \u015bwiecie, wywo\u0142uj\u0105c wojny i prze\u015bladowania Ko\u015bcio\u0142<\/span><\/span><\/span><span style=\"color: #000000;\"><span style=\"font-family: Book Antiqua, serif;\"><span style=\"font-size: large;\">a.<\/span><\/span><\/span><\/p>\n<p align=\"justify\"><span style=\"color: #000000;\"><span style=\"font-family: Book Antiqua, serif;\"><span style=\"font-size: large;\">Ojciec \u015awi\u0119ty du\u017co wycierpi, wiele narod\u00f3w zostanie unicestwionych. <\/span><\/span><\/span><strong><span style=\"color: #000000;\"><span style=\"font-family: Book Antiqua, serif;\"><span style=\"font-size: large;\"><b>Na ko\u0144cu moje Niepokalane Serce zatriumfuje.<\/b><\/span><\/span><\/span><\/strong><strong><span style=\"color: #000000;\"><span style=\"font-family: Book Antiqua, serif;\"><span style=\"font-size: large;\"> Ojciec \u015awi\u0119ty dokona po\u015bwiecenia Rosji, kt\u00f3ra nawr\u00f3ci si\u0119\u2026\u201d. <\/span><\/span><\/span><\/strong><span style=\"color: #000000;\"><span style=\"font-family: Book Antiqua, serif;\"><span style=\"font-size: large;\">Ponadto, wszystkim tym, kt\u00f3rzy wierz\u0105 w objawienia, Pani obiec<\/span><\/span><\/span><span style=\"color: #000000;\"><span style=\"font-family: Book Antiqua, serif;\"><span style=\"font-size: large;\">a\u0142a<\/span><\/span><\/span><span style=\"color: #000000;\"><span style=\"font-family: Book Antiqua, serif;\"><span style=\"font-size: large;\"> cud, kt\u00f3ry <\/span><\/span><\/span><span style=\"color: #000000;\"><span style=\"font-family: Book Antiqua, serif;\"><span style=\"font-size: large;\">mia\u0142 si\u0119 <\/span><\/span><\/span><span style=\"color: #000000;\"><span style=\"font-family: Book Antiqua, serif;\"><span style=\"font-size: large;\">wydarzy<\/span><\/span><\/span><span style=\"color: #000000;\"><span style=\"font-family: Book Antiqua, serif;\"><span style=\"font-size: large;\">\u0107<\/span><\/span><\/span><span style=\"color: #000000;\"><span style=\"font-family: Book Antiqua, serif;\"><span style=\"font-size: large;\"> 13 pa\u017adziernika.<\/span><\/span><\/span><strong><span style=\"color: #000000;\"><span style=\"font-family: Book Antiqua, serif;\"><span style=\"font-size: large;\"> Ka\u017cde z objawie\u0144 trwa<\/span><\/span><\/span><\/strong><strong><span style=\"color: #000000;\"><span style=\"font-family: Book Antiqua, serif;\"><span style=\"font-size: large;\">\u0142o<\/span><\/span><\/span><\/strong><strong><span style=\"color: #000000;\"><span style=\"font-family: Book Antiqua, serif;\"><span style=\"font-size: large;\"> kwadrans <\/span><\/span><\/span><\/strong><span style=\"color: #000000;\"><span style=\"font-family: Book Antiqua, serif;\"><span style=\"font-size: large;\">i przyci\u0105ga<\/span><\/span><\/span><span style=\"color: #000000;\"><span style=\"font-family: Book Antiqua, serif;\"><span style=\"font-size: large;\">\u0142o<\/span><\/span><\/span><span style=\"color: #000000;\"><span style=\"font-family: Book Antiqua, serif;\"><span style=\"font-size: large;\"> coraz wi\u0119ksze t\u0142umy \u015bwiadk\u00f3w.<\/span><\/span><\/span><\/p>\n<p align=\"justify\"><span style=\"color: #000000;\"><span style=\"font-family: Book Antiqua, serif;\"><span style=\"font-size: large;\">I w\u0142a\u015bnie 13 pa\u017adziernika, p<\/span><\/span><\/span><span style=\"color: #000000;\"><span style=\"font-family: Book Antiqua, serif;\"><span style=\"font-size: large;\">odczas sz\u00f3stego objawienia,<\/span><\/span><\/span><strong><span style=\"color: #000000;\"><span style=\"font-family: Book Antiqua, serif;\"><span style=\"font-size: large;\"> wydarzy\u0142 si\u0119 wielki <\/span><\/span><\/span><\/strong><strong><span style=\"color: #000000;\"><span style=\"font-family: Book Antiqua, serif;\"><span style=\"font-size: large;\"><b>cud s\u0142oneczny, nazwany \u201eta\u0144cem s\u0142o\u0144ca\u201d,<\/b><\/span><\/span><\/span><\/strong><span style=\"color: #000000;\"><span style=\"font-family: Book Antiqua, serif;\"><span style=\"font-size: large;\"> ogl\u0105dany przez <\/span><\/span><\/span><span style=\"color: #000000;\"><span style=\"font-family: Book Antiqua, serif;\"><span style=\"font-size: large;\">siedemdziesi\u0105t tysi\u0119cy<\/span><\/span><\/span><span style=\"color: #000000;\"><span style=\"font-family: Book Antiqua, serif;\"><span style=\"font-size: large;\"> \u015bwiadk\u00f3w. Zosta\u0142 opisany przez \u00f3wczesne gazety nast\u0119puj\u0105co:<\/span><\/span><\/span><strong><span style=\"color: #000000;\"><span style=\"font-family: Book Antiqua, serif;\"><span style=\"font-size: large;\"> \u201eS\u0142o\u0144ce jest podobne do matowej, srebrnej blaszki <\/span><\/span><\/span><\/strong><span style=\"color: #000000;\"><span style=\"font-family: Book Antiqua, serif;\"><span style=\"font-size: large;\">i mo\u017cna patrze\u0107 na nie bez najmniejszego trudu. <\/span><\/span><\/span><span style=\"color: #000000;\"><span style=\"font-family: Book Antiqua, serif;\"><span style=\"font-size: large;\">Nie razi w oczy, nie o\u015blepia.<\/span><\/span><\/span><span style=\"color: #000000;\"><span style=\"font-family: Book Antiqua, serif;\"><span style=\"font-size: large;\"> Mo\u017cna by powiedzie\u0107, \u017ce to za\u0107mienie.<\/span><\/span><\/span><strong><span style=\"color: #000000;\"><span style=\"font-family: Book Antiqua, serif;\"><span style=\"font-size: large;\"> S\u0142o\u0144ce zadr\u017ca\u0142o, wykona\u0142o gwa\u0142towne ruchy, <\/span><\/span><\/span><\/strong><span style=\"color: #000000;\"><span style=\"font-family: Book Antiqua, serif;\"><span style=\"font-size: large;\">jakich nigdy dotychczas nie obserwowano, wykraczaj\u0105ce poza wszelkie prawa kosmiczne\u2026 <\/span><\/span><\/span><strong><span style=\"color: #000000;\"><span style=\"font-family: Book Antiqua, serif;\"><span style=\"font-size: large;\"><b>S\u0142o\u0144ce \u00abta\u0144czy\u0142o\u00bb\u2026\u201d. <\/b><\/span><\/span><\/span><\/strong><\/p>\n<p align=\"justify\"><span style=\"color: #000000;\"><span style=\"font-family: Book Antiqua, serif;\"><span style=\"font-size: large;\">Zjawiska tego nie zarejestrowa\u0142o \u017cadne obserwatorium astronomiczne \u2013 w zwi\u0105zku z tym, nie mo\u017cna go nazwa\u0107 naturalnym \u2013 a jednak<\/span><\/span><\/span><strong><span style=\"color: #000000;\"><span style=\"font-family: Book Antiqua, serif;\"><span style=\"font-size: large;\"> zosta\u0142o <\/span><\/span><\/span><\/strong><strong><span style=\"color: #000000;\"><span style=\"font-family: Book Antiqua, serif;\"><span style=\"font-size: large;\"><b>zaobserwowane przez tysi\u0105ce os\u00f3b: wierz\u0105cych i niewierz\u0105cych,<\/b><\/span><\/span><\/span><\/strong><span style=\"color: #000000;\"><span style=\"font-family: Book Antiqua, serif;\"><span style=\"font-size: large;\"> dziennikarzy oraz przez ludzi, kt\u00f3rzy znajdowali si\u0119 w odleg\u0142o\u015bci wielu kilometr\u00f3w, co dowodzi<\/span><\/span><\/span><span style=\"color: #000000;\"><span style=\"font-family: Book Antiqua, serif;\"><span style=\"font-size: large;\">\u0142o<\/span><\/span><\/span><span style=\"color: #000000;\"><span style=\"font-family: Book Antiqua, serif;\"><span style=\"font-size: large;\">, \u017ce nie by\u0142o to zbiorowe przywidzenie. <\/span><\/span><\/span><\/p>\n<p align=\"justify\"><span style=\"color: #000000;\"><span style=\"font-family: Book Antiqua, serif;\"><span style=\"font-size: large;\">Przed tym cudem Maryja powiedzia\u0142a: <\/span><\/span><\/span><strong><span style=\"color: #000000;\"><span style=\"font-family: Book Antiqua, serif;\"><span style=\"font-size: large;\"><b>\u201eJa jestem Pani\u0105 R\u00f3\u017ca\u0144ca \u015awi\u0119tego.<\/b><\/span><\/span><\/span><\/strong><span style=\"color: #000000;\"><span style=\"font-family: Book Antiqua, serif;\"><span style=\"font-size: large;\"> Chc\u0119, aby w tym miejscu wzniesiono na moj\u0105 cze\u015b\u0107 kaplic\u0119; aby nie zaprzestano codziennego odmawiania R\u00f3\u017ca\u0144ca;<\/span><\/span><\/span><strong><span style=\"color: #000000;\"><span style=\"font-family: Book Antiqua, serif;\"><span style=\"font-size: large;\"> aby <\/span><\/span><\/span><\/strong><strong><span style=\"color: #000000;\"><span style=\"font-family: Book Antiqua, serif;\"><span style=\"font-size: large;\"><b>nie zniewa\u017cano ju\u017c Boga, <\/b><\/span><\/span><\/span><\/strong><strong><span style=\"color: #000000;\"><span style=\"font-family: Book Antiqua, serif;\"><span style=\"font-size: large;\">naszego Pana\u2026\u201d. <\/span><\/span><\/span><\/strong><span style=\"color: #000000;\"><span style=\"font-family: Book Antiqua, serif;\"><span style=\"font-size: large;\">W czasie tego objawienia, u boku Matki Bo\u017cej stal <\/span><\/span><\/span><span style=\"color: #000000;\"><span style=\"font-family: Book Antiqua, serif;\"><span style=\"font-size: large;\">\u015a<\/span><\/span><\/span><span style=\"color: #000000;\"><span style=\"font-family: Book Antiqua, serif;\"><span style=\"font-size: large;\">wi\u0119ty J\u00f3zef i Dzieci\u0105tko Jezus. <\/span><\/span><\/span><\/p>\n<p align=\"justify\"><span style=\"color: #000000;\"><span style=\"font-family: Book Antiqua, serif;\"><span style=\"font-size: large;\">Franciszek zmar\u0142 w dwa lata p\u00f3\u017aniej, <\/span><\/span><\/span><span style=\"color: #000000;\"><span style=\"font-family: Book Antiqua, serif;\"><span style=\"font-size: large;\"><b>4 kwietnia 1919 r<\/b><\/span><\/span><\/span><span style=\"color: #000000;\"><span style=\"font-family: Book Antiqua, serif;\"><span style=\"font-size: large;\"><b>oku<\/b><\/span><\/span><\/span><span style=\"color: #000000;\"><span style=\"font-family: Book Antiqua, serif;\"><span style=\"font-size: large;\"><b>,<\/b><\/span><\/span><\/span><span style=\"color: #000000;\"><span style=\"font-family: Book Antiqua, serif;\"><span style=\"font-size: large;\"> a jego siostra Hiacynta \u2013 <\/span><\/span><\/span><span style=\"color: #000000;\"><span style=\"font-family: Book Antiqua, serif;\"><span style=\"font-size: large;\"><b>20 lutego 1920 r<\/b><\/span><\/span><\/span><span style=\"color: #000000;\"><span style=\"font-family: Book Antiqua, serif;\"><span style=\"font-size: large;\"><b>oku<\/b><\/span><\/span><\/span><span style=\"color: #000000;\"><span style=\"font-family: Book Antiqua, serif;\"><span style=\"font-size: large;\"><b>.<\/b><\/span><\/span><\/span> <span style=\"color: #000000;\"><span style=\"font-family: Book Antiqua, serif;\"><span style=\"font-size: large;\">Natomiast \u0141ucji Naj\u015bwi\u0119tsza Panna ukaza\u0142a si\u0119 jeszcze w roku 1925, 1926 i 1929, aby prosi\u0107 j\u0105 o obchodzenie <\/span><\/span><\/span><span style=\"color: #000000;\"><span style=\"font-family: Book Antiqua, serif;\"><span style=\"font-size: large;\">pierwszych sob\u00f3t miesi\u0105ca<\/span><\/span><\/span><span style=\"color: #000000;\"><span style=\"font-family: Book Antiqua, serif;\"><span style=\"font-size: large;\"> \u2013 poprzez odmawianie R\u00f3\u017ca\u0144ca, Spowied\u017a i Komuni\u0119 \u015awi\u0119t\u0105<\/span><\/span><\/span><strong><span style=\"color: #000000;\"><span style=\"font-family: Book Antiqua, serif;\"><span style=\"font-size: large;\"> w intencji naprawienia zniewag wyrz\u0105dzonych Niepokalanemu Sercu Maryi. <\/span><\/span><\/span><\/strong><span style=\"color: #000000;\"><span style=\"font-family: Book Antiqua, serif;\"><span style=\"font-size: large;\">\u0141ucja prze\u017cy\u0142a <\/span><\/span><\/span><span style=\"color: #000000;\"><span style=\"font-family: Book Antiqua, serif;\"><span style=\"font-size: large;\"><b>dziewi\u0119\u0107dziesi\u0105t osiem<\/b><\/span><\/span><\/span><span style=\"color: #000000;\"><span style=\"font-family: Book Antiqua, serif;\"><span style=\"font-size: large;\"><b> lat i zmar\u0142a 1<\/b><\/span><\/span><\/span><span style=\"color: #000000;\"><span style=\"font-family: Book Antiqua, serif;\"><span style=\"font-size: large;\"><b>3<\/b><\/span><\/span><\/span><span style=\"color: #000000;\"><span style=\"font-family: Book Antiqua, serif;\"><span style=\"font-size: large;\"><b> lutego 2005 r<\/b><\/span><\/span><\/span><span style=\"color: #000000;\"><span style=\"font-family: Book Antiqua, serif;\"><span style=\"font-size: large;\"><b>oku<\/b><\/span><\/span><\/span><span style=\"color: #000000;\"><span style=\"font-family: Book Antiqua, serif;\"><span style=\"font-size: large;\"><b>,<\/b><\/span><\/span><\/span><span style=\"color: #000000;\"><span style=\"font-family: Book Antiqua, serif;\"><span style=\"font-size: large;\"> w klasztorze w Coimbrze.<\/span><\/span><\/span><\/p>\n<p align=\"justify\"><span style=\"color: #000000;\"><span style=\"font-size: large;\"><span style=\"font-family: Book Antiqua, serif;\">P<\/span><span style=\"font-family: Book Antiqua, serif;\">odziwiamy <\/span><span style=\"font-family: Book Antiqua, serif;\"><b>szczer\u0105 wiar\u0119 tr\u00f3jki ma\u0142ych Dzieci,<\/b><\/span><span style=\"font-family: Book Antiqua, serif;\"> kt\u00f3re tak bezgranicznie zaufa\u0142y <\/span><span style=\"font-family: Book Antiqua, serif;\">objawiaj\u0105cej si\u0119 Im <\/span><span style=\"font-family: Book Antiqua, serif;\">Pi\u0119knej Pani, a przez Ni\u0105 \u2013 <\/span><span style=\"font-family: Book Antiqua, serif;\"><b>samemu Bogu,<\/b><\/span> <span style=\"font-family: Book Antiqua, serif;\">a jednocze\u015bnie ws\u0142uchuj\u0105c si\u0119 w Bo\u017ce s\u0142owo dzisiejszej liturgii, raz jeszcze zapytajmy o swoj\u0105 wiar\u0119 \u2013 o swoj\u0105 chrze\u015bcija\u0144sk\u0105 wiar\u0119? Czy jestem <\/span><span style=\"font-family: Book Antiqua, serif;\"><b>prawdziwym, czyli wierz\u0105cym chrze\u015bcijaninem?\u2026<\/b><\/span><\/span><\/span><\/p>\n","protected":false},"excerpt":{"rendered":"<p>Szcz\u0119\u015b\u0107 Bo\u017ce! Moi Drodzy, w dniu dzisiejszym imieniny prze\u017cywa Ksi\u0105dz Robert Furman, bliski mi Kap\u0142an z Diecezji warszawsko \u2013 praskiej. Urodziny natomiast prze\u017cywa Beata Warpas, nale\u017c\u0105ca w swoim czasie do jednej z m\u0142odzie\u017cowych Wsp\u00f3lnot. \u017bycz\u0119 \u015awi\u0119tuj\u0105cym \u0142ask z Nieba! I zapewniam o modlitwie \u2013 przez wstawiennictwo Matki Bo\u017cej Fatimskiej. A takie w\u0142a\u015bnie wspomnienie liturgia Ko\u015bcio\u0142a [&hellip;]<\/p>\n","protected":false},"author":1,"featured_media":0,"comment_status":"open","ping_status":"open","sticky":false,"template":"","format":"standard","meta":{"jetpack_post_was_ever_published":false,"_jetpack_newsletter_access":"","_jetpack_dont_email_post_to_subs":false,"_jetpack_newsletter_tier_id":0,"_jetpack_memberships_contains_paywalled_content":false,"_jetpack_memberships_contains_paid_content":false,"footnotes":""},"categories":[1],"tags":[],"class_list":["post-23784","post","type-post","status-publish","format-standard","hentry","category-bez-kategorii"],"yoast_head":"<!-- This site is optimized with the Yoast SEO plugin v25.1 - https:\/\/yoast.com\/wordpress\/plugins\/seo\/ -->\n<title>Czy jestem chrze\u015bcijaninem... wierz\u0105cym? - Gaudium Et Spes<\/title>\n<meta name=\"robots\" content=\"index, follow, max-snippet:-1, max-image-preview:large, max-video-preview:-1\" \/>\n<link rel=\"canonical\" href=\"https:\/\/gaudiumetspes-blog.pl\/index.php\/2025\/05\/13\/czy-jestem-chrzescijaninem-wierzacym\/\" \/>\n<meta property=\"og:locale\" content=\"pl_PL\" \/>\n<meta property=\"og:type\" content=\"article\" \/>\n<meta property=\"og:title\" content=\"Czy jestem chrze\u015bcijaninem... wierz\u0105cym? - Gaudium Et Spes\" \/>\n<meta property=\"og:description\" content=\"Szcz\u0119\u015b\u0107 Bo\u017ce! Moi Drodzy, w dniu dzisiejszym imieniny prze\u017cywa Ksi\u0105dz Robert Furman, bliski mi Kap\u0142an z Diecezji warszawsko \u2013 praskiej. Urodziny natomiast prze\u017cywa Beata Warpas, nale\u017c\u0105ca w swoim czasie do jednej z m\u0142odzie\u017cowych Wsp\u00f3lnot. \u017bycz\u0119 \u015awi\u0119tuj\u0105cym \u0142ask z Nieba! I zapewniam o modlitwie \u2013 przez wstawiennictwo Matki Bo\u017cej Fatimskiej. A takie w\u0142a\u015bnie wspomnienie liturgia Ko\u015bcio\u0142a [&hellip;]\" \/>\n<meta property=\"og:url\" content=\"https:\/\/gaudiumetspes-blog.pl\/index.php\/2025\/05\/13\/czy-jestem-chrzescijaninem-wierzacym\/\" \/>\n<meta property=\"og:site_name\" content=\"Gaudium Et Spes\" \/>\n<meta property=\"article:published_time\" content=\"2025-05-13T07:39:43+00:00\" \/>\n<meta name=\"author\" content=\"Ks. Jacek\" \/>\n<meta name=\"twitter:card\" content=\"summary_large_image\" \/>\n<meta name=\"twitter:label1\" content=\"Napisane przez\" \/>\n\t<meta name=\"twitter:data1\" content=\"Ks. Jacek\" \/>\n\t<meta name=\"twitter:label2\" content=\"Szacowany czas czytania\" \/>\n\t<meta name=\"twitter:data2\" content=\"13 minut\" \/>\n<script type=\"application\/ld+json\" class=\"yoast-schema-graph\">{\"@context\":\"https:\/\/schema.org\",\"@graph\":[{\"@type\":\"WebPage\",\"@id\":\"https:\/\/gaudiumetspes-blog.pl\/index.php\/2025\/05\/13\/czy-jestem-chrzescijaninem-wierzacym\/\",\"url\":\"https:\/\/gaudiumetspes-blog.pl\/index.php\/2025\/05\/13\/czy-jestem-chrzescijaninem-wierzacym\/\",\"name\":\"Czy jestem chrze\u015bcijaninem... wierz\u0105cym? - Gaudium Et Spes\",\"isPartOf\":{\"@id\":\"https:\/\/gaudiumetspes-blog.pl\/#website\"},\"datePublished\":\"2025-05-13T07:39:43+00:00\",\"author\":{\"@id\":\"https:\/\/gaudiumetspes-blog.pl\/#\/schema\/person\/1661982992b752dea8dff0d4ed845a65\"},\"breadcrumb\":{\"@id\":\"https:\/\/gaudiumetspes-blog.pl\/index.php\/2025\/05\/13\/czy-jestem-chrzescijaninem-wierzacym\/#breadcrumb\"},\"inLanguage\":\"pl-PL\",\"potentialAction\":[{\"@type\":\"ReadAction\",\"target\":[\"https:\/\/gaudiumetspes-blog.pl\/index.php\/2025\/05\/13\/czy-jestem-chrzescijaninem-wierzacym\/\"]}]},{\"@type\":\"BreadcrumbList\",\"@id\":\"https:\/\/gaudiumetspes-blog.pl\/index.php\/2025\/05\/13\/czy-jestem-chrzescijaninem-wierzacym\/#breadcrumb\",\"itemListElement\":[{\"@type\":\"ListItem\",\"position\":1,\"name\":\"Strona g\u0142\u00f3wna\",\"item\":\"https:\/\/gaudiumetspes-blog.pl\/\"},{\"@type\":\"ListItem\",\"position\":2,\"name\":\"Czy jestem chrze\u015bcijaninem&#8230; wierz\u0105cym?\"}]},{\"@type\":\"WebSite\",\"@id\":\"https:\/\/gaudiumetspes-blog.pl\/#website\",\"url\":\"https:\/\/gaudiumetspes-blog.pl\/\",\"name\":\"Gaudium Et Spes\",\"description\":\"Blog Ks. Jacka Ja\u015bkowskiego\",\"potentialAction\":[{\"@type\":\"SearchAction\",\"target\":{\"@type\":\"EntryPoint\",\"urlTemplate\":\"https:\/\/gaudiumetspes-blog.pl\/?s={search_term_string}\"},\"query-input\":{\"@type\":\"PropertyValueSpecification\",\"valueRequired\":true,\"valueName\":\"search_term_string\"}}],\"inLanguage\":\"pl-PL\"},{\"@type\":\"Person\",\"@id\":\"https:\/\/gaudiumetspes-blog.pl\/#\/schema\/person\/1661982992b752dea8dff0d4ed845a65\",\"name\":\"Ks. Jacek\",\"image\":{\"@type\":\"ImageObject\",\"inLanguage\":\"pl-PL\",\"@id\":\"https:\/\/gaudiumetspes-blog.pl\/#\/schema\/person\/image\/\",\"url\":\"https:\/\/gaudiumetspes-blog.pl\/wp-content\/uploads\/2019\/07\/avatar-JJ-150x150.jpg\",\"contentUrl\":\"https:\/\/gaudiumetspes-blog.pl\/wp-content\/uploads\/2019\/07\/avatar-JJ-150x150.jpg\",\"caption\":\"Ks. Jacek\"},\"description\":\"Witam serdecznie! K\u0142ania si\u0119 Ks. Jacek Ja\u015bkowski. Nie jestem ani kim\u015b wa\u017cnym, ani kim\u015b znanym. Jestem ksi\u0119dzem, kt\u00f3ry po prostu chce rozmawia\u0107. Codzienna kap\u0142a\u0144ska pos\u0142uga pokazuje mi, \u017ce temat\u00f3w do rozm\u00f3w z ksi\u0119dzem jest coraz wi\u0119cej i dzisiaj \u017caden ksi\u0105dz nie mo\u017ce od nich ucieka\u0107, ale - wprost przeciwnie - podejmowa\u0107 nowe wyzwania. To przekonanie sk\u0142oni\u0142o mnie do pr\u00f3by otwarcia tego\u017c bloga, chocia\u017c okazji do rozm\u00f3w na co dzie\u0144 - w konfesjonale i poza nim - na szcz\u0119\u015bcie nie brakuje. My\u015bl\u0119 jednak, \u017ce ten blog b\u0119dzie jeszcze jednym sposobem i przestrzeni\u0105 nawi\u0105zania kontaktu z lud\u017ami dobrej woli, otwartymi na dialog.\",\"url\":\"https:\/\/gaudiumetspes-blog.pl\/index.php\/author\/ks-jacek\/\"}]}<\/script>\n<!-- \/ Yoast SEO plugin. -->","yoast_head_json":{"title":"Czy jestem chrze\u015bcijaninem... wierz\u0105cym? - Gaudium Et Spes","robots":{"index":"index","follow":"follow","max-snippet":"max-snippet:-1","max-image-preview":"max-image-preview:large","max-video-preview":"max-video-preview:-1"},"canonical":"https:\/\/gaudiumetspes-blog.pl\/index.php\/2025\/05\/13\/czy-jestem-chrzescijaninem-wierzacym\/","og_locale":"pl_PL","og_type":"article","og_title":"Czy jestem chrze\u015bcijaninem... wierz\u0105cym? - Gaudium Et Spes","og_description":"Szcz\u0119\u015b\u0107 Bo\u017ce! Moi Drodzy, w dniu dzisiejszym imieniny prze\u017cywa Ksi\u0105dz Robert Furman, bliski mi Kap\u0142an z Diecezji warszawsko \u2013 praskiej. Urodziny natomiast prze\u017cywa Beata Warpas, nale\u017c\u0105ca w swoim czasie do jednej z m\u0142odzie\u017cowych Wsp\u00f3lnot. \u017bycz\u0119 \u015awi\u0119tuj\u0105cym \u0142ask z Nieba! I zapewniam o modlitwie \u2013 przez wstawiennictwo Matki Bo\u017cej Fatimskiej. A takie w\u0142a\u015bnie wspomnienie liturgia Ko\u015bcio\u0142a [&hellip;]","og_url":"https:\/\/gaudiumetspes-blog.pl\/index.php\/2025\/05\/13\/czy-jestem-chrzescijaninem-wierzacym\/","og_site_name":"Gaudium Et Spes","article_published_time":"2025-05-13T07:39:43+00:00","author":"Ks. Jacek","twitter_card":"summary_large_image","twitter_misc":{"Napisane przez":"Ks. Jacek","Szacowany czas czytania":"13 minut"},"schema":{"@context":"https:\/\/schema.org","@graph":[{"@type":"WebPage","@id":"https:\/\/gaudiumetspes-blog.pl\/index.php\/2025\/05\/13\/czy-jestem-chrzescijaninem-wierzacym\/","url":"https:\/\/gaudiumetspes-blog.pl\/index.php\/2025\/05\/13\/czy-jestem-chrzescijaninem-wierzacym\/","name":"Czy jestem chrze\u015bcijaninem... wierz\u0105cym? - Gaudium Et Spes","isPartOf":{"@id":"https:\/\/gaudiumetspes-blog.pl\/#website"},"datePublished":"2025-05-13T07:39:43+00:00","author":{"@id":"https:\/\/gaudiumetspes-blog.pl\/#\/schema\/person\/1661982992b752dea8dff0d4ed845a65"},"breadcrumb":{"@id":"https:\/\/gaudiumetspes-blog.pl\/index.php\/2025\/05\/13\/czy-jestem-chrzescijaninem-wierzacym\/#breadcrumb"},"inLanguage":"pl-PL","potentialAction":[{"@type":"ReadAction","target":["https:\/\/gaudiumetspes-blog.pl\/index.php\/2025\/05\/13\/czy-jestem-chrzescijaninem-wierzacym\/"]}]},{"@type":"BreadcrumbList","@id":"https:\/\/gaudiumetspes-blog.pl\/index.php\/2025\/05\/13\/czy-jestem-chrzescijaninem-wierzacym\/#breadcrumb","itemListElement":[{"@type":"ListItem","position":1,"name":"Strona g\u0142\u00f3wna","item":"https:\/\/gaudiumetspes-blog.pl\/"},{"@type":"ListItem","position":2,"name":"Czy jestem chrze\u015bcijaninem&#8230; wierz\u0105cym?"}]},{"@type":"WebSite","@id":"https:\/\/gaudiumetspes-blog.pl\/#website","url":"https:\/\/gaudiumetspes-blog.pl\/","name":"Gaudium Et Spes","description":"Blog Ks. Jacka Ja\u015bkowskiego","potentialAction":[{"@type":"SearchAction","target":{"@type":"EntryPoint","urlTemplate":"https:\/\/gaudiumetspes-blog.pl\/?s={search_term_string}"},"query-input":{"@type":"PropertyValueSpecification","valueRequired":true,"valueName":"search_term_string"}}],"inLanguage":"pl-PL"},{"@type":"Person","@id":"https:\/\/gaudiumetspes-blog.pl\/#\/schema\/person\/1661982992b752dea8dff0d4ed845a65","name":"Ks. Jacek","image":{"@type":"ImageObject","inLanguage":"pl-PL","@id":"https:\/\/gaudiumetspes-blog.pl\/#\/schema\/person\/image\/","url":"https:\/\/gaudiumetspes-blog.pl\/wp-content\/uploads\/2019\/07\/avatar-JJ-150x150.jpg","contentUrl":"https:\/\/gaudiumetspes-blog.pl\/wp-content\/uploads\/2019\/07\/avatar-JJ-150x150.jpg","caption":"Ks. Jacek"},"description":"Witam serdecznie! K\u0142ania si\u0119 Ks. Jacek Ja\u015bkowski. Nie jestem ani kim\u015b wa\u017cnym, ani kim\u015b znanym. Jestem ksi\u0119dzem, kt\u00f3ry po prostu chce rozmawia\u0107. Codzienna kap\u0142a\u0144ska pos\u0142uga pokazuje mi, \u017ce temat\u00f3w do rozm\u00f3w z ksi\u0119dzem jest coraz wi\u0119cej i dzisiaj \u017caden ksi\u0105dz nie mo\u017ce od nich ucieka\u0107, ale - wprost przeciwnie - podejmowa\u0107 nowe wyzwania. To przekonanie sk\u0142oni\u0142o mnie do pr\u00f3by otwarcia tego\u017c bloga, chocia\u017c okazji do rozm\u00f3w na co dzie\u0144 - w konfesjonale i poza nim - na szcz\u0119\u015bcie nie brakuje. My\u015bl\u0119 jednak, \u017ce ten blog b\u0119dzie jeszcze jednym sposobem i przestrzeni\u0105 nawi\u0105zania kontaktu z lud\u017ami dobrej woli, otwartymi na dialog.","url":"https:\/\/gaudiumetspes-blog.pl\/index.php\/author\/ks-jacek\/"}]}},"jetpack_featured_media_url":"","jetpack_sharing_enabled":true,"_links":{"self":[{"href":"https:\/\/gaudiumetspes-blog.pl\/index.php\/wp-json\/wp\/v2\/posts\/23784","targetHints":{"allow":["GET"]}}],"collection":[{"href":"https:\/\/gaudiumetspes-blog.pl\/index.php\/wp-json\/wp\/v2\/posts"}],"about":[{"href":"https:\/\/gaudiumetspes-blog.pl\/index.php\/wp-json\/wp\/v2\/types\/post"}],"author":[{"embeddable":true,"href":"https:\/\/gaudiumetspes-blog.pl\/index.php\/wp-json\/wp\/v2\/users\/1"}],"replies":[{"embeddable":true,"href":"https:\/\/gaudiumetspes-blog.pl\/index.php\/wp-json\/wp\/v2\/comments?post=23784"}],"version-history":[{"count":1,"href":"https:\/\/gaudiumetspes-blog.pl\/index.php\/wp-json\/wp\/v2\/posts\/23784\/revisions"}],"predecessor-version":[{"id":23785,"href":"https:\/\/gaudiumetspes-blog.pl\/index.php\/wp-json\/wp\/v2\/posts\/23784\/revisions\/23785"}],"wp:attachment":[{"href":"https:\/\/gaudiumetspes-blog.pl\/index.php\/wp-json\/wp\/v2\/media?parent=23784"}],"wp:term":[{"taxonomy":"category","embeddable":true,"href":"https:\/\/gaudiumetspes-blog.pl\/index.php\/wp-json\/wp\/v2\/categories?post=23784"},{"taxonomy":"post_tag","embeddable":true,"href":"https:\/\/gaudiumetspes-blog.pl\/index.php\/wp-json\/wp\/v2\/tags?post=23784"}],"curies":[{"name":"wp","href":"https:\/\/api.w.org\/{rel}","templated":true}]}}