{"id":23786,"date":"2025-05-14T06:24:21","date_gmt":"2025-05-14T04:24:21","guid":{"rendered":"https:\/\/gaudiumetspes-blog.pl\/?p=23786"},"modified":"2025-05-14T06:24:21","modified_gmt":"2025-05-14T04:24:21","slug":"to-wam-przykazuje","status":"publish","type":"post","link":"https:\/\/gaudiumetspes-blog.pl\/index.php\/2025\/05\/14\/to-wam-przykazuje\/","title":{"rendered":"To wam przykazuj\u0119!"},"content":{"rendered":"<p align=\"justify\"><span style=\"color: #000000;\"><span style=\"font-family: Book Antiqua, serif;\"><span style=\"font-size: large;\">Szcz\u0119\u015b\u0107 Bo\u017ce! Moi Drodzy, w dniu dzisiejszym <b>urodziny prze\u017cywa m\u00f3j Chrze\u015bniak i jednocze\u015bnie Brat cioteczny, Piotr Oleszczuk, <\/b><b>kt\u00f3remu \u017cycz\u0119, aby ka\u017cdego dnia <\/b><b>swoje \u017cycie i sw\u00f3j los powierza\u0142 Bogu!<\/b><\/span><\/span><\/span><\/p>\n<p align=\"justify\"><span style=\"color: #000000;\"><span style=\"font-family: Book Antiqua, serif;\"><span style=\"font-size: large;\"><b>Imieniny <\/b><b>natomiast <\/b><b>prze\u017cywaj\u0105: <\/b><\/span><\/span><\/span><\/p>\n<p align=\"justify\"><span style=\"color: #000000;\">\u25ba<span style=\"font-family: Book Antiqua, serif;\"><span style=\"font-size: large;\"><b>Maciej Przybysz, m\u00f3j \u201eChrze\u015bniak\u201d z Bierzmowania i by\u0142y Lektor w Parafii w Tr\u0105bkach; <\/b><\/span><\/span><\/span><\/p>\n<p align=\"justify\"><span style=\"color: #000000;\">\u25ba<span style=\"font-family: Book Antiqua, serif;\"><span style=\"font-size: large;\"><b>Ksi\u0105dz Maciej Mi\u0119tek, z kt\u00f3rym wsp\u00f3\u0142pracowa\u0142em w Parafii Ojca Pio w Warszawie; <\/b><\/span><\/span><\/span><\/p>\n<p align=\"justify\"><span style=\"color: #000000;\">\u25ba<span style=\"font-family: Book Antiqua, serif;\"><span style=\"font-size: large;\"><b>Ksi\u0105dz Maciej Majek \u2013 Ojciec Duchowny Seminarium siedleckiego;<\/b><\/span><\/span><\/span><\/p>\n<p align=\"justify\"><span style=\"color: #000000;\">\u25ba<span style=\"font-family: Book Antiqua, serif;\"><span style=\"font-size: large;\"><b>Maciej Mucha &#8211; m\u00f3j by\u0142y Ucze\u0144 <\/b><b>w \u017belechowie<\/b><b>;<\/b><\/span><\/span><\/span><\/p>\n<p align=\"justify\"><span style=\"color: #000000;\">\u25ba<span style=\"font-family: Book Antiqua, serif;\"><span style=\"font-size: large;\"><b>Maciej Dziak \u2013 Lektor w Miastkowie i m\u00f3j by\u0142y Ucze\u0144 w miastkowskim Gimnazjum,<\/b><\/span><\/span><\/span><\/p>\n<p align=\"justify\"><span style=\"color: #000000;\">\u25ba<span style=\"font-family: Book Antiqua, serif;\"><span style=\"font-size: large;\"><b>Maciej Popowski \u2013 \u017cyczliwy m\u0142ody Cz\u0142owiek, pracownik S\u0142u\u017cb mundurowych, kt\u00f3ry pojawia si\u0119 niekiedy na naszych Mszach \u015awi\u0119tych w Duszpasterstwie Akademickim.<\/b><\/span><\/span><\/span><\/p>\n<p align=\"justify\"><span style=\"color: #000000;\"><span style=\"font-family: Book Antiqua, serif;\"><span style=\"font-size: large;\"><b>\u017bycz\u0119 Wszystkim \u015bwi\u0119tuj\u0105cym, by <\/b><b>tak, jak dzisiejszy Patron, <\/b><b>zawsze wi\u0105zali sw\u00f3j los z Jezusem i Jemu go powierzali. <\/b><b>Zapewniam o modlitwie!<\/b><\/span><\/span><\/span><\/p>\n<p align=\"justify\"><span style=\"color: #000000;\"><span style=\"font-family: Book Antiqua, serif;\"><span style=\"font-size: large;\">A ja pozdrawiam Was ze Szklarskiej, sk\u0105d rano, po wsp\u00f3lnym \u015bniadaniu z Ksi\u0119dzem Dziekanem i Alumnem Miko\u0142ajem, przebywaj\u0105cym tu na praktyce, rusz\u0119 w drog\u0119 do Siedlec. <\/span><\/span><\/span><\/p>\n<p align=\"justify\"><span style=\"color: #000000;\"><span style=\"font-family: Book Antiqua, serif;\"><span style=\"font-size: large;\">Panu naszemu dzi\u0119kuj\u0119 za ten pi\u0119kny czas, kt\u00f3ry okaza\u0142 si\u0119 \u2013 zupe\u0142nie niespodziewanie \u2013 ma\u0142ymi rekolekcjami. Bo by\u0142a adoracja Naj\u015bwi\u0119tszego Sakramentu w Kaplicy domowej i w ko\u015bciele, by\u0142 czas na osobist\u0105 refleksj\u0119, ale te\u017c \u2013 co bardzo wa\u017cne i dla mnie ubogacaj\u0105ce \u2013 by\u0142y niezwykle g\u0142\u0119bokie i rzeczowe rozmowy o kap\u0142a\u0144stwie i o pos\u0142udze duszpasterskiej, i o problemach Ko\u015bcio\u0142a, Ojczyzny i \u015bwiata; i wreszcie o wszystkim innym, prowadzone z Ksi\u0119dzem Dziekanem Bogus\u0142awem Sawarynem, kt\u00f3remu dzi\u0119kuj\u0119 za ogromn\u0105 \u017cyczliwo\u015b\u0107 i go\u015bcinno\u015b\u0107! I za dwie wycieczki po okolicy, kiedy mogli\u015bmy bardzo wiele rozm\u00f3w przeprowadzi\u0107. <\/span><\/span><\/span><\/p>\n<p align=\"justify\"><span style=\"color: #000000;\"><span style=\"font-family: Book Antiqua, serif;\"><span style=\"font-size: large;\">We wdzi\u0119cznej modlitwie b\u0119d\u0119 o Ksi\u0119dzu Dziekanie pami\u0119ta\u0142. I o ca\u0142ej Parafii, jak te\u017c o obecnych tu Turystach, dzi\u0119kuj\u0105c Wszystkim za \u017cyczliwo\u015b\u0107, kt\u00f3rej do\u015bwiadczam tu zawsze, a do\u015bwiadczy\u0142em jej tak\u017ce teraz, szczeg\u00f3lnie w niedziel\u0119. O Nich wszystkich \u2013 i o Was wszystkich \u2013 b\u0119d\u0119 pami\u0119ta\u0142 chocia\u017cby w czasie drogi, bo to dobry czas na modlitw\u0119.<\/span><\/span><\/span><\/p>\n<p align=\"justify\"><span style=\"color: #000000;\"><span style=\"font-family: Book Antiqua, serif;\"><span style=\"font-size: large;\">Ale te\u017c w trakcie adoracji wieczornej, kt\u00f3ra \u2013 jak w ka\u017cd\u0105 \u015brod\u0119 \u2013 odb\u0119dzie si\u0119 w naszym Duszpasterstwie po Mszy \u015awi\u0119tej wieczornej. Ta z kolei, o 19:00 \u2013 w intencji \u015arodowiska Akademickiego, Duszpasterstwa Akademickiego i M\u0142odzie\u017cy w Ko\u015bciele. Zapraszam \u2013 do osobistego uczestnictwa lub duchowej \u0142\u0105czno\u015bci!<\/span><\/span><\/span><\/p>\n<p align=\"justify\"><span style=\"color: #000000;\"><span style=\"font-family: Book Antiqua, serif;\"><span style=\"font-size: large;\">Drodzy moi, polecam Waszej uwadze ciekawy \u2013 moim zdaniem \u2013 artyku\u0142, na kt\u00f3ry natrafi\u0142em ostatnio:<\/span><\/span><\/span><\/p>\n<p align=\"justify\"><span style=\"color: #000000;\"><span style=\"font-family: Book Antiqua, serif;\"><span style=\"font-size: medium;\"><span style=\"font-size: large;\"><b><a href=\"https:\/\/fronda.pl\/a\/Ks-prof-Robert-Skrzypczak-dla-Frondy-Tego-spodziewam-sie-po-pontyfikacie-Leona-XIV,243420.html\">https:\/\/fronda.pl\/a\/Ks-prof-Robert-Skrzypczak-dla-Frondy-Tego-spodziewam-sie-po-pontyfikacie-Leona-XIV,243420.html<\/a> <\/b><\/span><\/span><\/span><\/span><\/p>\n<p align=\"justify\"><span style=\"color: #000000;\"><span style=\"font-family: Book Antiqua, serif;\"><span style=\"font-size: large;\">Podzielcie si\u0119 swoimi refleksjami \u2013 po tych pierwszych dniach pos\u0142ugi nowego Papie\u017ca.<\/span><\/span><\/span><\/p>\n<p align=\"justify\"><span style=\"color: #000000;\"><span style=\"font-family: Book Antiqua, serif;\"><span style=\"font-size: medium;\"><span style=\"font-size: large;\">I ju\u017c <\/span><span style=\"font-size: large;\">zapraszam do pochylenia si\u0119 nad Bo\u017cym s\u0142owem. <\/span><span style=\"font-size: large;\">Oto s\u0142\u00f3wko Ksi\u0119dza Marka na dzi\u015b:<\/span><\/span><\/span><\/span><\/p>\n<p align=\"justify\"><span style=\"color: #000000;\"><span style=\"font-family: Book Antiqua, serif;\"><span style=\"font-size: medium;\"><strong><a href=\"https:\/\/www.youtube.com\/c\/CatholicSurgut\"><span style=\"font-size: large;\"><b>https:\/\/www.youtube.com\/c\/CatholicSurgut<\/b><\/span><\/a><\/strong><\/span><\/span><\/span><\/p>\n<p align=\"justify\"><span style=\"color: #000000;\"><span style=\"font-family: Book Antiqua, serif;\"><span style=\"font-size: medium;\"><span style=\"font-size: large;\">Poni\u017cej za\u015b \u2013 s\u0142\u00f3wko Gabrysia, zamiast wczorajszego. Bardzo dzi\u0119kuj\u0119 za wierno\u015b\u0107 w realizacji podj\u0119tego zobowi\u0105zania. <\/span><\/span><\/span><\/span><\/p>\n<p align=\"justify\"><span style=\"color: #000000;\"><span style=\"font-family: Book Antiqua, serif;\"><span style=\"font-size: medium;\"><span style=\"font-size: large;\">Zatem, <\/span><strong><span style=\"font-size: large;\"><b>c<\/b><\/span><\/strong><strong><span style=\"font-size: large;\"><b>o Pan konkretnie do mnie m\u00f3wi? <\/b><\/span><\/strong><span style=\"font-size: large;\">Duchu \u015awi\u0119ty, jak dzisiaj wskaza\u0142e\u015b na Macieja, tak ka\u017cdej i ka\u017cdemu z nas wska\u017c, co do nas m\u00f3wisz i czego od nas oczekujesz!<\/span><\/span><\/span><\/span><\/p>\n<p align=\"justify\"><span style=\"color: #000000;\"><span style=\"font-family: Book Antiqua, serif;\"><span style=\"font-size: medium;\"><strong><span style=\"font-size: large;\"><b>Niech Was b\u0142ogos\u0142awi B\u00f3g Wszechmog\u0105cy: Ojciec + i Syn, i Duch \u015awi\u0119ty. Amen<\/b><\/span><\/strong><\/span><\/span><\/span><\/p>\n<p align=\"center\"><span style=\"color: #000000;\"><span style=\"font-family: Book Antiqua, serif;\"><span style=\"font-size: large;\">Gaudium et spes! Ks. Jacek<\/span><\/span><\/span><\/p>\n<p align=\"center\">\n<p align=\"center\">\n<p align=\"center\">\n<p align=\"center\">\n<p align=\"center\">\n<p align=\"justify\"><span style=\"color: #000000;\"><span style=\"font-family: Book Antiqua, serif;\"><span style=\"font-size: large;\"><b>\u015awi\u0119to \u015aw. Macieja Aposto\u0142a,<\/b><\/span><\/span><\/span><\/p>\n<p align=\"justify\"><span style=\"color: #000000;\"><span style=\"font-family: Book Antiqua, serif;\"><span style=\"font-size: large;\"><b>14 maja 2025.,\u00a0<\/b><\/span><\/span><\/span><\/p>\n<p align=\"justify\"><span style=\"color: #000000;\"><span style=\"font-family: Book Antiqua, serif;\"><span style=\"font-size: large;\"><b>do czyta\u0144 z t. VI Lekcjonarza: Dz 1,15\u201317.20\u201326; J 15,9\u201317<\/b><\/span><\/span><\/span><\/p>\n<p align=\"justify\">\n<p align=\"justify\">\n<p align=\"justify\">\n<p align=\"justify\">\n<p align=\"justify\">\n<p align=\"justify\"><span style=\"color: #000000;\"><span style=\"font-family: Book Antiqua, serif;\"><span style=\"font-size: large;\"><b>CZYTANIE Z DZIEJ\u00d3W APOSTOLSKICH: <\/b><\/span><\/span><\/span><\/p>\n<p align=\"justify\"><span style=\"color: #000000;\"><span style=\"font-family: Book Antiqua, serif;\"><span style=\"font-size: large;\"><b>Piotr w obecno\u015bci braci, a zebra\u0142o si\u0119 razem oko\u0142o stu dwudziestu os\u00f3b, tak przem\u00f3wi\u0142: \u201eBracia, musia\u0142o si\u0119 wype\u0142ni\u0107 s\u0142owo Pisma, kt\u00f3re Duch \u015awi\u0119ty zapowiedzia\u0142 przez usta Dawida o Judaszu. On to wskaza\u0142 drog\u0119 tym, kt\u00f3rzy pojmali Jezusa, bo on zalicza\u0142 si\u0119 do nas i mia\u0142 udzia\u0142 w naszym pos\u0142ugiwaniu. <\/b><\/span><\/span><\/span><\/p>\n<p align=\"justify\"><span style=\"color: #000000;\"><span style=\"font-family: Book Antiqua, serif;\"><span style=\"font-size: large;\"><b>Napisano bowiem w Ksi\u0119dze Psalm\u00f3w: \u00abNiech opustoszeje dom jego i niech nikt w nim nie mieszka. A urz\u0105d jego niech inny obejmie\u00bb.<\/b><\/span><\/span><\/span><\/p>\n<p align=\"justify\"><span style=\"color: #000000;\"><span style=\"font-family: Book Antiqua, serif;\"><span style=\"font-size: large;\"><b>Trzeba wi\u0119c, aby jeden z tych, kt\u00f3rzy towarzyszyli nam przez ca\u0142y czas, kiedy Pan Jezus przebywa\u0142 z nami, pocz\u0105wszy od chrztu Janowego a\u017c do dnia, w kt\u00f3rym zosta\u0142 wzi\u0119ty od nas do nieba, sta\u0142 si\u0119 razem z nami \u015bwiadkiem Jego zmartwychwstania\u201d. <\/b><\/span><\/span><\/span><\/p>\n<p align=\"justify\"><span style=\"color: #000000;\"><span style=\"font-family: Book Antiqua, serif;\"><span style=\"font-size: large;\"><b>Postawiono dw\u00f3ch: J\u00f3zefa, zwanego Barsab\u0105, z przydomkiem Justus, i Macieja. <\/b><\/span><\/span><\/span><\/p>\n<p align=\"justify\"><span style=\"color: #000000;\"><span style=\"font-family: Book Antiqua, serif;\"><span style=\"font-size: large;\"><b>I tak si\u0119 pomodlili: \u201eTy, Panie, znasz serca wszystkich, wska\u017c z tych dw\u00f3ch jednego, kt\u00f3rego wybra\u0142e\u015b, by zaj\u0105\u0142 miejsce w tym pos\u0142ugiwaniu i w apostolstwie, kt\u00f3remu sprzeniewierzy\u0142 si\u0119 Judasz, aby p\u00f3j\u015b\u0107 swoj\u0105 drog\u0105\u201d. <\/b><\/span><\/span><\/span><\/p>\n<p align=\"justify\"><span style=\"color: #000000;\"><span style=\"font-family: Book Antiqua, serif;\"><span style=\"font-size: large;\"><b>I dali im losy, a los pad\u0142 na Macieja. I zosta\u0142 do\u0142\u0105czony do jedenastu aposto\u0142\u00f3w.<\/b><\/span><\/span><\/span><\/p>\n<p align=\"justify\">\n<p align=\"justify\">\n<p align=\"justify\">\n<p align=\"justify\">\n<p align=\"justify\">\n<p align=\"justify\"><span style=\"color: #000000;\"><span style=\"font-family: Book Antiqua, serif;\"><span style=\"font-size: large;\"><b>S\u0141OWA EWANGELII WED\u0141UG \u015aWI\u0118TEGO JANA: <\/b><\/span><\/span><\/span><\/p>\n<p align=\"justify\"><span style=\"color: #000000;\"><span style=\"font-family: Book Antiqua, serif;\"><span style=\"font-size: large;\"><b>Jezus powiedzia\u0142 do swoich uczni\u00f3w: \u201eJak Mnie umi\u0142owa\u0142 Ojciec, tak i Ja was umi\u0142owa\u0142em. Trwajcie w mi\u0142o\u015bci mojej. Je\u015bli b\u0119dziecie zachowywa\u0107 moje przykazania, b\u0119dziecie trwa\u0107 w mi\u0142o\u015bci mojej, tak jak Ja zachowa\u0142em przykazania Ojca mego i trwam w Jego mi\u0142o\u015bci. To wam powiedzia\u0142em, aby rado\u015b\u0107 moja w was by\u0142a i aby rado\u015b\u0107 wasza by\u0142a pe\u0142na. <\/b><\/span><\/span><\/span><\/p>\n<p align=\"justify\"><span style=\"color: #000000;\"><span style=\"font-family: Book Antiqua, serif;\"><span style=\"font-size: large;\"><b>To jest moje przykazanie, aby\u015bcie si\u0119 wzajemnie mi\u0142owali, tak jak Ja was umi\u0142owa\u0142em. Nikt nie ma wi\u0119kszej mi\u0142o\u015bci od tej, gdy kto \u017cycie swoje oddaje za przyjaci\u00f3\u0142 swoich. Wy jeste\u015bcie przyjaci\u00f3\u0142mi moimi, je\u017celi czynicie to, co wam przykazuj\u0119. <\/b><\/span><\/span><\/span><\/p>\n<p align=\"justify\"><span style=\"color: #000000;\"><span style=\"font-family: Book Antiqua, serif;\"><span style=\"font-size: large;\"><b>Ju\u017c was nie nazywam s\u0142ugami, bo s\u0142uga nie wie, co czyni pan jego, ale nazwa\u0142em was przyjaci\u00f3\u0142mi, albowiem oznajmi\u0142em wam wszystko, co us\u0142ysza\u0142em od Ojca mego. Nie wy\u015bcie Mnie wybrali, ale Ja was wybra\u0142em i przeznaczy\u0142em was na to, aby\u015bcie szli i owoc przynosili i by owoc wasz trwa\u0142, aby wszystko da\u0142 wam Ojciec, o cokolwiek Go poprosicie w imi\u0119 moje. To wam przykazuj\u0119, aby\u015bcie si\u0119 wzajemnie mi\u0142owali\u201d.<\/b><\/span><\/span><\/span><\/p>\n<p align=\"justify\">\n<p align=\"justify\">\n<p align=\"justify\">\n<p align=\"justify\">\n<p align=\"justify\">\n<p align=\"center\"><span style=\"color: #000000;\"><span style=\"font-family: Book Antiqua, serif;\"><span style=\"font-size: large;\"><b>A OTO S\u0141\u00d3WKO GABRYSIA:<\/b><\/span><\/span><\/span><\/p>\n<p align=\"center\">\n<p align=\"center\">\n<p align=\"center\">\n<p align=\"center\">\n<p align=\"center\">\n<p align=\"justify\"><span style=\"color: #000000;\"><span style=\"font-family: Book Antiqua, serif;\"><span style=\"font-size: large;\">Pierwsze czytanie, z Dziej\u00f3w Apostolskich, opisuje wyb\u00f3r spo\u015br\u00f3d braci osoby, kt\u00f3ra zacznie pe\u0142ni\u0107 obowi\u0105zki po Judaszu. Los pad\u0142 na Macieja i do\u0142\u0105czy\u0142 do Jedenastu.<\/span><\/span><\/span><\/p>\n<p align=\"justify\"><span style=\"color: #000000;\"><span style=\"font-family: Book Antiqua, serif;\"><span style=\"font-size: large;\">Plan Bo\u017cy jest tak doskona\u0142y, \u017ce nie mo\u017ce w nim brakowa\u0107 \u201eelement\u00f3w\u201d, nie mo\u017ce by\u0107 \u201epustych miejsc\u201d, dlatego nawet je\u017celi jedna cz\u0119\u015b\u0107 zawodzi, psuje si\u0119, wypada, to Pan B\u00f3g ma przygotowany \u201eplan B\u201d. B\u00f3g zawsze ma spos\u00f3b, by wszystko dzia\u0142a\u0142o tak, jak ma dzia\u0142a\u0107. Wype\u0142ni\u0142 miejsce po Judaszu.<\/span><\/span><\/span><\/p>\n<p align=\"justify\"><span style=\"color: #000000;\"><span style=\"font-family: Book Antiqua, serif;\"><span style=\"font-size: large;\">Mo\u017cliwe, \u017ce i z nami tak jest, \u017ce gdy odchodzimy od Boga, zdradzamy Go, to pewne \u201efurtki\u201d si\u0119 przed nami zamykaj\u0105, a inne si\u0119 otwieraj\u0105, je\u017celi p\u00f3\u017aniej wracamy do Pana.<\/span><\/span><\/span><\/p>\n<p align=\"justify\"><span style=\"color: #000000;\"><span style=\"font-family: Book Antiqua, serif;\"><span style=\"font-size: large;\">A jeszcze inne s\u0105 otwarte na o\u015bcie\u017c ca\u0142y czas \u2013 i wida\u0107 przez nie wszystko, co \u0142atwe, prowadz\u0105ce na skr\u00f3ty i nic nie wymagaj\u0105ce, ale te furtki donik\u0105d nie prowadz\u0105, bo zazwyczaj droga na \u0142atwizn\u0119, na skr\u00f3ty, usiana ulotnymi, z\u0142udnymi przyjemno\u015bciami \u2013 to w\u0142a\u015bnie droga donik\u0105d, do pozornego szcz\u0119\u015bcia. Mo\u017ce to by\u0107 co prawda atrakcyjna droga dla niekt\u00f3rych, poniewa\u017c nie wymaga wiele, a daje przyjemno\u015bci, ale gdy taka przyjemno\u015b\u0107 ju\u017c uleci, to zn\u00f3w si\u0119 pragnie tego \u0142atwego \u201eszcz\u0119\u015bcia\u201d \u2013 i tak w k\u00f3\u0142ko! A\u017c uro\u015bnie to do zniewolenia i takim sposobem, mimo, \u017ce furtka jest szeroko otwarta ca\u0142y czas, to taka zniewolona osoba nie mo\u017ce lub nie chce nawet z niej wychodzi\u0107. Tak na to patrz\u0119\u2026<\/span><\/span><\/span><\/p>\n<p align=\"center\"><span style=\"color: #000000;\"><span style=\"font-family: Book Antiqua, serif;\"><span style=\"font-size: large;\"><b>***********************<\/b><\/span><\/span><\/span><\/p>\n<p align=\"justify\"><span style=\"color: #000000;\"><span style=\"font-family: Book Antiqua, serif;\"><span style=\"font-size: large;\">W Ewangelii natomiast Jezus daje uczniom przykazanie mi\u0142o\u015bci \u2013 przykazuje im to, by si\u0119 wzajemnie mi\u0142owali tak, jak On umi\u0142owa\u0142 ich.<\/span><\/span><\/span><\/p>\n<p align=\"justify\"><span style=\"color: #000000;\"><span style=\"font-family: Book Antiqua, serif;\"><span style=\"font-size: large;\">Trwanie w mi\u0142o\u015bci opiera si\u0119 \u2013 mi\u0119dzy innymi \u2013 na trwaniu w przestrzeganiu Bo\u017cych przykaza\u0144. Najwi\u0119ksze z nich, to przykazanie mi\u0142o\u015bci \u2013 pi\u0119kne przykazanie! Mog\u0119 chyba pokusi\u0107 si\u0119 o stwierdzenie, \u017ce pe\u0142ni funkcj\u0119 jednego ze swojego rodzaju filar\u00f3w naszej wiary. Z mi\u0142o\u015bci dokona\u0142o si\u0119 ca\u0142e dzie\u0142o zbawienia i my r\u00f3wnie\u017c z mi\u0142o\u015bci mo\u017cemy tego zbawienia dost\u0105pi\u0107, d\u0105\u017cy\u0107 do niego, poniewa\u017c Pan podarowa\u0142 nam wszelkie do tego potrzebne narz\u0119dzia i wskaz\u00f3wki.<\/span><\/span><\/span><\/p>\n<p align=\"justify\"><span style=\"color: #000000;\"><span style=\"font-family: Book Antiqua, serif;\"><span style=\"font-size: large;\"><i><b>Nie wy Mnie wybrali\u015bcie, ale Ja was wybra\u0142em i przeznaczy\u0142em was na to, aby\u015bcie szli i owoc przynosili, i by owoc wasz trwa\u0142 \u2013 aby Ojciec da\u0142 wam wszystko, o cokolwiek Go poprosicie w imi\u0119 moje. To wam przykazuj\u0119, aby\u015bcie si\u0119 wzajemnie mi\u0142owali.<\/b><\/i><\/span><\/span><\/span><\/p>\n<p align=\"justify\"><span style=\"color: #000000;\"><span style=\"font-family: Book Antiqua, serif;\"><span style=\"font-size: large;\">Jezus wybiera, powo\u0142uje ka\u017cdego w okre\u015blony przez siebie spos\u00f3b \u2013 i do okre\u015blonego zadania. Aposto\u0142\u00f3w pos\u0142a\u0142 by \u00abszli za Nim\u00bb Jego drog\u0105. My\u015bl\u0119, \u017ce w zasadzie ka\u017cdy chrze\u015bcijanin mo\u017ce pe\u0142ni\u0107 misje apostolsk\u0105, aby ta Bo\u017ca mi\u0142o\u015b\u0107, by imi\u0119 JEZUS by\u0142o znane w ka\u017cdym domu, \u017ceby sia\u0107 \u00abziarno\u00bb (s\u0142owo) na \u00abgleb\u0119\u00bb (ludzi), a ono ju\u017c dalej zacznie pracowa\u0107 samo i porusza\u0107 innych do dzia\u0142ania.<\/span><\/span><\/span><\/p>\n<p align=\"center\"><span style=\"color: #000000;\"><span style=\"font-family: Book Antiqua, serif;\"><span style=\"font-size: large;\"><b>***********************<\/b><\/span><\/span><\/span><\/p>\n<p align=\"justify\"><span style=\"color: #000000;\"><span style=\"font-family: Book Antiqua, serif;\"><span style=\"font-size: large;\"><i><b>To wam przykazuj\u0119, aby\u015bcie si\u0119 wzajemnie mi\u0142owali! <\/b><\/i>\ud83d\udd4a\ufe0f<\/span><\/span><\/span><\/p>\n","protected":false},"excerpt":{"rendered":"<p>Szcz\u0119\u015b\u0107 Bo\u017ce! Moi Drodzy, w dniu dzisiejszym urodziny prze\u017cywa m\u00f3j Chrze\u015bniak i jednocze\u015bnie Brat cioteczny, Piotr Oleszczuk, kt\u00f3remu \u017cycz\u0119, aby ka\u017cdego dnia swoje \u017cycie i sw\u00f3j los powierza\u0142 Bogu! Imieniny natomiast prze\u017cywaj\u0105: \u25baMaciej Przybysz, m\u00f3j \u201eChrze\u015bniak\u201d z Bierzmowania i by\u0142y Lektor w Parafii w Tr\u0105bkach; \u25baKsi\u0105dz Maciej Mi\u0119tek, z kt\u00f3rym wsp\u00f3\u0142pracowa\u0142em w Parafii Ojca Pio [&hellip;]<\/p>\n","protected":false},"author":1,"featured_media":0,"comment_status":"open","ping_status":"open","sticky":false,"template":"","format":"standard","meta":{"jetpack_post_was_ever_published":false,"_jetpack_newsletter_access":"","_jetpack_dont_email_post_to_subs":false,"_jetpack_newsletter_tier_id":0,"_jetpack_memberships_contains_paywalled_content":false,"_jetpack_memberships_contains_paid_content":false,"footnotes":""},"categories":[1],"tags":[],"class_list":["post-23786","post","type-post","status-publish","format-standard","hentry","category-bez-kategorii"],"yoast_head":"<!-- This site is optimized with the Yoast SEO plugin v25.1 - https:\/\/yoast.com\/wordpress\/plugins\/seo\/ -->\n<title>To wam przykazuj\u0119! - Gaudium Et Spes<\/title>\n<meta name=\"robots\" content=\"index, follow, max-snippet:-1, max-image-preview:large, max-video-preview:-1\" \/>\n<link rel=\"canonical\" href=\"https:\/\/gaudiumetspes-blog.pl\/index.php\/2025\/05\/14\/to-wam-przykazuje\/\" \/>\n<meta property=\"og:locale\" content=\"pl_PL\" \/>\n<meta property=\"og:type\" content=\"article\" \/>\n<meta property=\"og:title\" content=\"To wam przykazuj\u0119! - Gaudium Et Spes\" \/>\n<meta property=\"og:description\" content=\"Szcz\u0119\u015b\u0107 Bo\u017ce! Moi Drodzy, w dniu dzisiejszym urodziny prze\u017cywa m\u00f3j Chrze\u015bniak i jednocze\u015bnie Brat cioteczny, Piotr Oleszczuk, kt\u00f3remu \u017cycz\u0119, aby ka\u017cdego dnia swoje \u017cycie i sw\u00f3j los powierza\u0142 Bogu! Imieniny natomiast prze\u017cywaj\u0105: \u25baMaciej Przybysz, m\u00f3j \u201eChrze\u015bniak\u201d z Bierzmowania i by\u0142y Lektor w Parafii w Tr\u0105bkach; \u25baKsi\u0105dz Maciej Mi\u0119tek, z kt\u00f3rym wsp\u00f3\u0142pracowa\u0142em w Parafii Ojca Pio [&hellip;]\" \/>\n<meta property=\"og:url\" content=\"https:\/\/gaudiumetspes-blog.pl\/index.php\/2025\/05\/14\/to-wam-przykazuje\/\" \/>\n<meta property=\"og:site_name\" content=\"Gaudium Et Spes\" \/>\n<meta property=\"article:published_time\" content=\"2025-05-14T04:24:21+00:00\" \/>\n<meta name=\"author\" content=\"Ks. Jacek\" \/>\n<meta name=\"twitter:card\" content=\"summary_large_image\" \/>\n<meta name=\"twitter:label1\" content=\"Napisane przez\" \/>\n\t<meta name=\"twitter:data1\" content=\"Ks. Jacek\" \/>\n\t<meta name=\"twitter:label2\" content=\"Szacowany czas czytania\" \/>\n\t<meta name=\"twitter:data2\" content=\"8 minut\" \/>\n<script type=\"application\/ld+json\" class=\"yoast-schema-graph\">{\"@context\":\"https:\/\/schema.org\",\"@graph\":[{\"@type\":\"WebPage\",\"@id\":\"https:\/\/gaudiumetspes-blog.pl\/index.php\/2025\/05\/14\/to-wam-przykazuje\/\",\"url\":\"https:\/\/gaudiumetspes-blog.pl\/index.php\/2025\/05\/14\/to-wam-przykazuje\/\",\"name\":\"To wam przykazuj\u0119! - Gaudium Et Spes\",\"isPartOf\":{\"@id\":\"https:\/\/gaudiumetspes-blog.pl\/#website\"},\"datePublished\":\"2025-05-14T04:24:21+00:00\",\"author\":{\"@id\":\"https:\/\/gaudiumetspes-blog.pl\/#\/schema\/person\/1661982992b752dea8dff0d4ed845a65\"},\"breadcrumb\":{\"@id\":\"https:\/\/gaudiumetspes-blog.pl\/index.php\/2025\/05\/14\/to-wam-przykazuje\/#breadcrumb\"},\"inLanguage\":\"pl-PL\",\"potentialAction\":[{\"@type\":\"ReadAction\",\"target\":[\"https:\/\/gaudiumetspes-blog.pl\/index.php\/2025\/05\/14\/to-wam-przykazuje\/\"]}]},{\"@type\":\"BreadcrumbList\",\"@id\":\"https:\/\/gaudiumetspes-blog.pl\/index.php\/2025\/05\/14\/to-wam-przykazuje\/#breadcrumb\",\"itemListElement\":[{\"@type\":\"ListItem\",\"position\":1,\"name\":\"Strona g\u0142\u00f3wna\",\"item\":\"https:\/\/gaudiumetspes-blog.pl\/\"},{\"@type\":\"ListItem\",\"position\":2,\"name\":\"To wam przykazuj\u0119!\"}]},{\"@type\":\"WebSite\",\"@id\":\"https:\/\/gaudiumetspes-blog.pl\/#website\",\"url\":\"https:\/\/gaudiumetspes-blog.pl\/\",\"name\":\"Gaudium Et Spes\",\"description\":\"Blog Ks. Jacka Ja\u015bkowskiego\",\"potentialAction\":[{\"@type\":\"SearchAction\",\"target\":{\"@type\":\"EntryPoint\",\"urlTemplate\":\"https:\/\/gaudiumetspes-blog.pl\/?s={search_term_string}\"},\"query-input\":{\"@type\":\"PropertyValueSpecification\",\"valueRequired\":true,\"valueName\":\"search_term_string\"}}],\"inLanguage\":\"pl-PL\"},{\"@type\":\"Person\",\"@id\":\"https:\/\/gaudiumetspes-blog.pl\/#\/schema\/person\/1661982992b752dea8dff0d4ed845a65\",\"name\":\"Ks. Jacek\",\"image\":{\"@type\":\"ImageObject\",\"inLanguage\":\"pl-PL\",\"@id\":\"https:\/\/gaudiumetspes-blog.pl\/#\/schema\/person\/image\/\",\"url\":\"https:\/\/gaudiumetspes-blog.pl\/wp-content\/uploads\/2019\/07\/avatar-JJ-150x150.jpg\",\"contentUrl\":\"https:\/\/gaudiumetspes-blog.pl\/wp-content\/uploads\/2019\/07\/avatar-JJ-150x150.jpg\",\"caption\":\"Ks. Jacek\"},\"description\":\"Witam serdecznie! K\u0142ania si\u0119 Ks. Jacek Ja\u015bkowski. Nie jestem ani kim\u015b wa\u017cnym, ani kim\u015b znanym. Jestem ksi\u0119dzem, kt\u00f3ry po prostu chce rozmawia\u0107. Codzienna kap\u0142a\u0144ska pos\u0142uga pokazuje mi, \u017ce temat\u00f3w do rozm\u00f3w z ksi\u0119dzem jest coraz wi\u0119cej i dzisiaj \u017caden ksi\u0105dz nie mo\u017ce od nich ucieka\u0107, ale - wprost przeciwnie - podejmowa\u0107 nowe wyzwania. To przekonanie sk\u0142oni\u0142o mnie do pr\u00f3by otwarcia tego\u017c bloga, chocia\u017c okazji do rozm\u00f3w na co dzie\u0144 - w konfesjonale i poza nim - na szcz\u0119\u015bcie nie brakuje. My\u015bl\u0119 jednak, \u017ce ten blog b\u0119dzie jeszcze jednym sposobem i przestrzeni\u0105 nawi\u0105zania kontaktu z lud\u017ami dobrej woli, otwartymi na dialog.\",\"url\":\"https:\/\/gaudiumetspes-blog.pl\/index.php\/author\/ks-jacek\/\"}]}<\/script>\n<!-- \/ Yoast SEO plugin. -->","yoast_head_json":{"title":"To wam przykazuj\u0119! - Gaudium Et Spes","robots":{"index":"index","follow":"follow","max-snippet":"max-snippet:-1","max-image-preview":"max-image-preview:large","max-video-preview":"max-video-preview:-1"},"canonical":"https:\/\/gaudiumetspes-blog.pl\/index.php\/2025\/05\/14\/to-wam-przykazuje\/","og_locale":"pl_PL","og_type":"article","og_title":"To wam przykazuj\u0119! - Gaudium Et Spes","og_description":"Szcz\u0119\u015b\u0107 Bo\u017ce! Moi Drodzy, w dniu dzisiejszym urodziny prze\u017cywa m\u00f3j Chrze\u015bniak i jednocze\u015bnie Brat cioteczny, Piotr Oleszczuk, kt\u00f3remu \u017cycz\u0119, aby ka\u017cdego dnia swoje \u017cycie i sw\u00f3j los powierza\u0142 Bogu! Imieniny natomiast prze\u017cywaj\u0105: \u25baMaciej Przybysz, m\u00f3j \u201eChrze\u015bniak\u201d z Bierzmowania i by\u0142y Lektor w Parafii w Tr\u0105bkach; \u25baKsi\u0105dz Maciej Mi\u0119tek, z kt\u00f3rym wsp\u00f3\u0142pracowa\u0142em w Parafii Ojca Pio [&hellip;]","og_url":"https:\/\/gaudiumetspes-blog.pl\/index.php\/2025\/05\/14\/to-wam-przykazuje\/","og_site_name":"Gaudium Et Spes","article_published_time":"2025-05-14T04:24:21+00:00","author":"Ks. Jacek","twitter_card":"summary_large_image","twitter_misc":{"Napisane przez":"Ks. Jacek","Szacowany czas czytania":"8 minut"},"schema":{"@context":"https:\/\/schema.org","@graph":[{"@type":"WebPage","@id":"https:\/\/gaudiumetspes-blog.pl\/index.php\/2025\/05\/14\/to-wam-przykazuje\/","url":"https:\/\/gaudiumetspes-blog.pl\/index.php\/2025\/05\/14\/to-wam-przykazuje\/","name":"To wam przykazuj\u0119! - Gaudium Et Spes","isPartOf":{"@id":"https:\/\/gaudiumetspes-blog.pl\/#website"},"datePublished":"2025-05-14T04:24:21+00:00","author":{"@id":"https:\/\/gaudiumetspes-blog.pl\/#\/schema\/person\/1661982992b752dea8dff0d4ed845a65"},"breadcrumb":{"@id":"https:\/\/gaudiumetspes-blog.pl\/index.php\/2025\/05\/14\/to-wam-przykazuje\/#breadcrumb"},"inLanguage":"pl-PL","potentialAction":[{"@type":"ReadAction","target":["https:\/\/gaudiumetspes-blog.pl\/index.php\/2025\/05\/14\/to-wam-przykazuje\/"]}]},{"@type":"BreadcrumbList","@id":"https:\/\/gaudiumetspes-blog.pl\/index.php\/2025\/05\/14\/to-wam-przykazuje\/#breadcrumb","itemListElement":[{"@type":"ListItem","position":1,"name":"Strona g\u0142\u00f3wna","item":"https:\/\/gaudiumetspes-blog.pl\/"},{"@type":"ListItem","position":2,"name":"To wam przykazuj\u0119!"}]},{"@type":"WebSite","@id":"https:\/\/gaudiumetspes-blog.pl\/#website","url":"https:\/\/gaudiumetspes-blog.pl\/","name":"Gaudium Et Spes","description":"Blog Ks. Jacka Ja\u015bkowskiego","potentialAction":[{"@type":"SearchAction","target":{"@type":"EntryPoint","urlTemplate":"https:\/\/gaudiumetspes-blog.pl\/?s={search_term_string}"},"query-input":{"@type":"PropertyValueSpecification","valueRequired":true,"valueName":"search_term_string"}}],"inLanguage":"pl-PL"},{"@type":"Person","@id":"https:\/\/gaudiumetspes-blog.pl\/#\/schema\/person\/1661982992b752dea8dff0d4ed845a65","name":"Ks. Jacek","image":{"@type":"ImageObject","inLanguage":"pl-PL","@id":"https:\/\/gaudiumetspes-blog.pl\/#\/schema\/person\/image\/","url":"https:\/\/gaudiumetspes-blog.pl\/wp-content\/uploads\/2019\/07\/avatar-JJ-150x150.jpg","contentUrl":"https:\/\/gaudiumetspes-blog.pl\/wp-content\/uploads\/2019\/07\/avatar-JJ-150x150.jpg","caption":"Ks. Jacek"},"description":"Witam serdecznie! K\u0142ania si\u0119 Ks. Jacek Ja\u015bkowski. Nie jestem ani kim\u015b wa\u017cnym, ani kim\u015b znanym. Jestem ksi\u0119dzem, kt\u00f3ry po prostu chce rozmawia\u0107. Codzienna kap\u0142a\u0144ska pos\u0142uga pokazuje mi, \u017ce temat\u00f3w do rozm\u00f3w z ksi\u0119dzem jest coraz wi\u0119cej i dzisiaj \u017caden ksi\u0105dz nie mo\u017ce od nich ucieka\u0107, ale - wprost przeciwnie - podejmowa\u0107 nowe wyzwania. To przekonanie sk\u0142oni\u0142o mnie do pr\u00f3by otwarcia tego\u017c bloga, chocia\u017c okazji do rozm\u00f3w na co dzie\u0144 - w konfesjonale i poza nim - na szcz\u0119\u015bcie nie brakuje. My\u015bl\u0119 jednak, \u017ce ten blog b\u0119dzie jeszcze jednym sposobem i przestrzeni\u0105 nawi\u0105zania kontaktu z lud\u017ami dobrej woli, otwartymi na dialog.","url":"https:\/\/gaudiumetspes-blog.pl\/index.php\/author\/ks-jacek\/"}]}},"jetpack_featured_media_url":"","jetpack_sharing_enabled":true,"_links":{"self":[{"href":"https:\/\/gaudiumetspes-blog.pl\/index.php\/wp-json\/wp\/v2\/posts\/23786","targetHints":{"allow":["GET"]}}],"collection":[{"href":"https:\/\/gaudiumetspes-blog.pl\/index.php\/wp-json\/wp\/v2\/posts"}],"about":[{"href":"https:\/\/gaudiumetspes-blog.pl\/index.php\/wp-json\/wp\/v2\/types\/post"}],"author":[{"embeddable":true,"href":"https:\/\/gaudiumetspes-blog.pl\/index.php\/wp-json\/wp\/v2\/users\/1"}],"replies":[{"embeddable":true,"href":"https:\/\/gaudiumetspes-blog.pl\/index.php\/wp-json\/wp\/v2\/comments?post=23786"}],"version-history":[{"count":1,"href":"https:\/\/gaudiumetspes-blog.pl\/index.php\/wp-json\/wp\/v2\/posts\/23786\/revisions"}],"predecessor-version":[{"id":23787,"href":"https:\/\/gaudiumetspes-blog.pl\/index.php\/wp-json\/wp\/v2\/posts\/23786\/revisions\/23787"}],"wp:attachment":[{"href":"https:\/\/gaudiumetspes-blog.pl\/index.php\/wp-json\/wp\/v2\/media?parent=23786"}],"wp:term":[{"taxonomy":"category","embeddable":true,"href":"https:\/\/gaudiumetspes-blog.pl\/index.php\/wp-json\/wp\/v2\/categories?post=23786"},{"taxonomy":"post_tag","embeddable":true,"href":"https:\/\/gaudiumetspes-blog.pl\/index.php\/wp-json\/wp\/v2\/tags?post=23786"}],"curies":[{"name":"wp","href":"https:\/\/api.w.org\/{rel}","templated":true}]}}