{"id":23788,"date":"2025-05-15T08:15:30","date_gmt":"2025-05-15T06:15:30","guid":{"rendered":"https:\/\/gaudiumetspes-blog.pl\/?p=23788"},"modified":"2025-05-15T08:15:30","modified_gmt":"2025-05-15T06:15:30","slug":"potrzeba-dobrego-slowa","status":"publish","type":"post","link":"https:\/\/gaudiumetspes-blog.pl\/index.php\/2025\/05\/15\/potrzeba-dobrego-slowa\/","title":{"rendered":"Potrzeba dobrego s\u0142owa!"},"content":{"rendered":"<p align=\"justify\"><span style=\"color: #000000;\"><span style=\"font-family: Book Antiqua, serif;\"><span style=\"font-size: large;\">Szcz\u0119\u015b\u0107 Bo\u017ce! Moi Drodzy, w dniu dzisiejszym <b>dwudziest\u0105 <\/b><b>sz\u00f3st\u0105<\/b> <b>rocznic\u0119 <\/b><b>\u015a<\/b><b>wi\u0119ce\u0144 kap\u0142a\u0144skich prze\u017cywa m\u00f3j <\/b><b>dobry Kolega od wielu lat<\/b><b> \u2013 Ksi\u0105dz Mariusz Szyszko. \u017bycz\u0119 Mu nieustannego <\/b><b>i stale<\/b><b> wzrastaj\u0105cego zapa\u0142u do pe\u0142nienia duszpasterskiej pos\u0142ugi, szczeg\u00f3lnie \u2013 <\/b><b>pos\u0142ugi<\/b><b> <\/b><b>P<\/b><b>roboszcza <\/b><b>Parafii <\/b><b>Konstantyn\u00f3w<\/b><b>! Dzi\u0119kuj\u0105c za \u017cyczliwo\u015b\u0107 i pomoc \u2013 wspieram modlitw\u0105!<\/b><\/span><\/span><\/span><\/p>\n<p align=\"justify\"><span style=\"color: #000000;\"><span style=\"font-family: Book Antiqua, serif;\"><span style=\"font-size: large;\"><b>A wraz z<\/b><b> Ksi\u0119dzem Mariuszem \u2013<\/b><b> <\/b><b>rocznic\u0119 <\/b><b>t\u0119 <\/b><b>prze\u017cywaj\u0105 Jego Koledzy kursowi, <\/b><b>a w\u015br\u00f3d nich kilku<\/b><b>, z kt\u00f3rymi mam przyjemno\u015b\u0107 spotyka\u0107 si\u0119 i wsp\u00f3\u0142pracowa\u0107:<\/b><\/span><\/span><\/span><\/p>\n<p align=\"justify\"><span style=\"color: #000000;\">\u25ba<span style=\"font-family: Book Antiqua, serif;\"><span style=\"font-size: large;\"><b>Ksi<\/b><b>\u0105dz<\/b><b> Wojciech Bazan \u2013 Prefekt Zespo\u0142u Szk\u00f3\u0142 Katolickich w Bia\u0142ej Podlaskiej <\/b><b>i Proboszcz Parafii Komarno<\/b><b>, prowadz\u0105c<\/b><b>y w swoim czasie<\/b><b> Rekolekcje w naszym <\/b><b>Duszpasterstwie, <\/b><b>a <\/b><b>tak\u017ce<\/b><b> Og\u00f3lnopolskie Rekolekcje dla Ksi\u0119\u017cy \u2013 Duszpasterzy Os\u00f3b Niewidomych i Niedowidz\u0105cych;<\/b><\/span><\/span><\/span><\/p>\n<p align=\"justify\"><span style=\"color: #000000;\">\u25ba<span style=\"font-family: Book Antiqua, serif;\"><span style=\"font-size: large;\"><b>Ksi<\/b><b>\u0105dz<\/b><b> Mariusz Zaniewicz \u2013 <\/b><b>Proboszcz i Dziekan w Parczewie<\/b><b>;<\/b><\/span><\/span><\/span><\/p>\n<p align=\"justify\"><span style=\"color: #000000;\">\u25ba<span style=\"font-family: Book Antiqua, serif;\"><span style=\"font-size: large;\"><b>K<\/b><b>si\u0105dz Tomasz Ma\u0142ki\u0144ski \u2013 by\u0142y Duszpasterz Akademicki, obecnie: Proboszcz Parafii Brzozowica;<\/b><\/span><\/span><\/span><\/p>\n<p align=\"justify\"><span style=\"color: #000000;\">\u25ba<span style=\"font-family: Book Antiqua, serif;\"><span style=\"font-size: large;\"><b>Ksi\u0105dz Adam Pietrusik \u2013 Proboszcz Parafii Poizd\u00f3w, gdzie co i raz pomagam duszpastersko;<\/b><\/span><\/span><\/span><\/p>\n<p align=\"justify\"><span style=\"color: #000000;\">\u25ba<span style=\"font-family: Book Antiqua, serif;\"><span style=\"font-size: large;\"><b>Ksi\u0105dz Jaros\u0142aw R\u0119kawek \u2013 Dyrektor Domu Ksi\u0119\u017cy Emeryt\u00f3w, dok\u0105d <\/b><b>aktualnie <\/b><b>zes\u0142ano nasze Duszpasterstwo;<\/b><\/span><\/span><\/span><\/p>\n<p align=\"justify\"><span style=\"color: #000000;\">\u25ba<span style=\"font-family: Book Antiqua, serif;\"><span style=\"font-size: large;\"><b>Ksi\u0105dz Krzysztof Doma\u0144ski \u2013 by\u0142y Dyrektor <\/b><b>e<\/b><b>konomiczny <\/b><b>Seminarium siedleckiego, a obecnie: Proboszcz Parafii Kotu\u0144;<\/b><\/span><\/span><\/span><\/p>\n<p align=\"justify\"><span style=\"color: #000000;\">\u25ba<span style=\"font-family: Book Antiqua, serif;\"><span style=\"font-size: large;\"><b>K<\/b><b>si\u0105dz Doktor Adam Kulik \u2013 <\/b><b>Proboszcz mojej rodzinnej Parafii <\/b><b>i Kustosz Sanktuarium Mi\u0142osierdzia Bo\u017cego w Bia\u0142ej Podlaskiej;<\/b><\/span><\/span><\/span><\/p>\n<p align=\"justify\"><span style=\"color: #000000;\">\u25ba<span style=\"font-family: Book Antiqua, serif;\"><span style=\"font-size: large;\"><b>Ksi\u0105dz Zbigniew Komoszka \u2013 Proboszcz jednej z Parafii w Diecezji siedleckiej;<\/b><\/span><\/span><\/span><\/p>\n<p align=\"justify\"><span style=\"color: #000000;\">\u25ba<span style=\"font-family: Book Antiqua, serif;\"><span style=\"font-size: large;\"><b>Ksi\u0105dz Jaros\u0142aw Sawiuk \u2013 jak wy\u017cej;<\/b><\/span><\/span><\/span><\/p>\n<p align=\"justify\"><span style=\"color: #000000;\">\u25ba<span style=\"font-family: Book Antiqua, serif;\"><span style=\"font-size: large;\"><b>Ksi\u0105dz Marcin Todorski \u2013 jak wy\u017cej.<\/b><\/span><\/span><\/span><\/p>\n<p align=\"justify\"><span style=\"color: #000000;\"><span style=\"font-family: Book Antiqua, serif;\"><span style=\"font-size: large;\"><b>Tak\u017ce Im wszystkim \u017cycz\u0119 gorliwo\u015bci, zapa\u0142u i wytrwa\u0142o\u015bci do pe\u0142nienia pos\u0142ugi.<\/b><\/span><\/span><\/span><\/p>\n<p align=\"justify\"><span style=\"color: #000000;\"><span style=\"font-family: Book Antiqua, serif;\"><span style=\"font-size: large;\"><b>Imieniny natomiast prze\u017cywaj\u0105 dzi\u015b:<\/b><\/span><\/span><\/span><\/p>\n<p align=\"justify\"><span style=\"color: #000000;\">\u25ba<span style=\"font-family: Book Antiqua, serif;\"><span style=\"font-size: large;\"><b>Zofia Pa\u0142ysa \u2013 m\u0105dra i dobra m\u0142oda Osoba z Parafii w Miastkowie, Studentka KUL;<\/b><\/span><\/span><\/span><\/p>\n<p align=\"justify\"><span style=\"color: #000000;\">\u25ba<span style=\"font-family: Book Antiqua, serif;\"><span style=\"font-size: large;\"><b>Zofia Olender \u2013 C\u00f3rka mojego by\u0142ego Lektora z Celestynowa, Szymona, i Jego \u017bony, Magdy;<\/b><\/span><\/span><\/span><\/p>\n<p align=\"justify\"><span style=\"color: #000000;\">\u25ba<span style=\"font-family: Book Antiqua, serif;\"><span style=\"font-size: large;\"><b>Zofia Czapska \u2013 T\u0142umacz przysi\u0119g\u0142y j\u0119zyka rosyjskiego z Siedlec.<\/b><\/span><\/span><\/span><\/p>\n<p align=\"justify\"><span style=\"color: #000000;\"><span style=\"font-family: Book Antiqua, serif;\"><span style=\"font-size: large;\"><b>\u017bycz\u0119 Solenizantkom nieustannego wzrastania w Bo\u017cej m\u0105dro\u015bci \u2013 zgodnie ze znaczeniem Ich imienia. Wspieram modlitw\u0105!<\/b><\/span><\/span><\/span><\/p>\n<p align=\"justify\"><span style=\"color: #000000;\"><span style=\"font-family: Book Antiqua, serif;\"><span style=\"font-size: large;\">A ja pozdrawiam Was z Siedlec, gdzie dzisiaj, od 10:00 do 15:00, b\u0119d\u0119 mia\u0142 dy\u017cur duszpasterski w gmachu przy ulicy \u017bytniej. <\/span><\/span><\/span><\/p>\n<p align=\"justify\"><span style=\"color: #000000;\"><span style=\"font-family: Book Antiqua, serif;\"><span style=\"font-size: large;\">Potem, o 17:00, zast\u0105pi\u0119 Ksi\u0119dza Tomasza Ma\u0142ki\u0144skiego, jednego z dzisiejszych Jubilat\u00f3w, w Jego pos\u0142udze w Parafii Brzozowica, aby On m\u00f3g\u0142 si\u0119 uda\u0107 na wsp\u00f3lne \u015bwi\u0119towanie. <\/span><\/span><\/span><\/p>\n<p align=\"justify\"><span style=\"color: #000000;\"><span style=\"font-family: Book Antiqua, serif;\"><span style=\"font-size: large;\">A o 19:00, w naszym Duszpasterstwie \u2013 Msza \u015awi\u0119ta w intencji zmar\u0142ego przed pi\u0119cioma laty Pana Profesora Michaela A\u0142ani, pochodz\u0105cego z Gruzji, a pracuj\u0105cego przez wiele lat na siedleckim Uniwersytecie. Msz\u0119 \u015awi\u0119t\u0105 zam\u00f3wili \u2013 i b\u0119d\u0105 na niej \u2013 Jego Uczniowie, czyli Pracownicy Instytutu Matematyki.<\/span><\/span><\/span><\/p>\n<p align=\"justify\"><span style=\"color: #000000;\"><span style=\"font-family: Book Antiqua, serif;\"><span style=\"font-size: medium;\"><span style=\"font-size: large;\">Jutro natomiast, <\/span><span style=\"font-size: large;\">czyli w pi\u0105tek \u2013 <\/span><span style=\"font-size: large;\">pod opiek\u0105<\/span> <span style=\"font-size: large;\">nasze<\/span><span style=\"font-size: large;\">go<\/span><span style=\"font-size: large;\"> Duszpasterstw<\/span><span style=\"font-size: large;\">a<\/span><span style=\"font-size: large;\"> \u2013 <\/span><span style=\"font-size: large;\">odb\u0119dzie si\u0119<\/span><span style=\"font-size: large;\"> audycj<\/span><span style=\"font-size: large;\">a<\/span><span style=\"font-size: large;\"> w Katolickim Radiu Podlasie, <\/span><span style=\"font-size: large;\">w ramach <\/span><span style=\"font-size: large;\">formatu<\/span><span style=\"font-size: large;\">: <\/span><strong><span style=\"font-size: large;\"><b>GAUDIUM ET SPES,<\/b><\/span><\/strong> <span style=\"font-size: large;\">w cyklu:<\/span><b> <\/b><strong><span style=\"font-size: large;\"><b>TA DZISIEJSZA M\u0141ODZIE\u017b<\/b><\/span><\/strong><strong><span style=\"font-size: large;\"><b>.<\/b><\/span><\/strong> <strong><span style=\"font-size: large;\"><strong>Jej tematem b\u0119dzie:<\/strong> <\/span><\/strong><strong><span style=\"font-size: large;\"><b>ODDZIA\u0141 KSM W PARCZEWIE,<\/b><\/span><\/strong> <span style=\"font-size: large;\">a Uczestnikami <\/span><span style=\"font-size: large;\">b\u0119d\u0105: <\/span><strong><span style=\"font-size: large;\"><b>Asystent i Cz\u0142onkowie Oddzia\u0142u.<\/b><\/span><\/strong> <span style=\"font-size: large;\">Pe\u0142na lista Uczestnik\u00f3w i temat\u00f3w <\/span><span style=\"font-size: large;\">znajdzie si\u0119<\/span> <strong><span style=\"font-size: large;\"><b>na<\/b><\/span><\/strong> <strong><span style=\"font-size: large;\"><b>stronie<\/b><\/span><\/strong> <strong><span style=\"font-size: large;\"><b>i<\/b><\/span><\/strong> <strong><span style=\"font-size: large;\"><b>na<\/b><\/span><\/strong> <strong><span style=\"font-size: large;\"><b>fb<\/b><\/span><\/strong> <strong><span style=\"font-size: large;\"><b>Duszpasterstwa Akademickiego w Siedlcach.<\/b><\/span><\/strong> <span style=\"font-size: large;\">Zach\u0119cam do s\u0142uchania i \u0142\u0105czno\u015bci z nami \u2013 telefonicznej lub <\/span><span style=\"font-size: large;\">smsowej, <\/span><strong><span style=\"font-size: large;\"><b>bo to bardzo ubogaca audycj\u0119!<\/b><\/span><\/strong><span style=\"font-size: large;\"> Pocz\u0105tek <\/span><strong><span style=\"font-size: large;\"><b>o godz. 21:40<\/b><\/span><\/strong><strong><span style=\"font-size: large;\"> \u2013<\/span><\/strong><span style=\"font-size: large;\"> zako\u0144czenie <\/span><strong><span style=\"font-size: large;\"><b>o 23:00.<\/b><\/span><\/strong><span style=\"font-size: large;\"> Mo\u017cna<\/span><span style=\"font-size: large;\"> nas s\u0142ucha\u0107 tak\u017ce w internecie<\/span><span style=\"font-size: large;\">: <\/span><strong><span style=\"font-size: large;\"><u><b><a href=\"https:\/\/radiopodlasie.pl\/radio-online\/\">https:\/\/radiopodlasie.pl\/radio-online\/<\/a>,<\/b><\/u><\/span><\/strong> <span style=\"font-size: large;\">lub<\/span><span style=\"font-size: large;\"> ods\u0142ucha\u0107 audycji p\u00f3\u017aniej,<\/span><strong><span style=\"font-size: large;\"> w <\/span><\/strong><strong><span style=\"font-size: large;\"><b>\u00abArchiwum d\u017awi\u0119k\u00f3w\u00bb. <\/b><\/span><\/strong><span style=\"font-size: large;\">Powt\u00f3rka audycji na falach Radia<\/span><strong><span style=\"font-size: large;\"> \u2013 <\/span><\/strong><strong><span style=\"font-size: large;\"><b>nast\u0119pnej nocy, oko\u0142o godziny 1:00.<\/b><\/span><\/strong><\/span><\/span><\/span><\/p>\n<p align=\"justify\"><span style=\"color: #000000;\"><span style=\"font-family: Book Antiqua, serif;\"><span style=\"font-size: large;\">Teraz natomiast pochylmy si\u0119 nad S\u0142owem, jakie Pan kieruje do nas dzisiaj. <b>Co konkretnie m\u00f3wi osobi\u015bcie do mnie? Z jakim przes\u0142aniem w\u0142a\u015bnie do mnie si\u0119 zwraca?<\/b> Duchu \u015awi\u0119ty \u2013 tchnij! <\/span><\/span><\/span><\/p>\n<p align=\"justify\"><span style=\"color: #000000;\"><span style=\"font-family: Book Antiqua, serif;\"><span style=\"font-size: large;\"><b>Niech Was b\u0142ogos\u0142awi B\u00f3g Wszechmog\u0105cy: Ojciec + i Syn, i Duch \u015awi\u0119ty. Amen<\/b><\/span><\/span><\/span><\/p>\n<p align=\"center\"><span style=\"color: #000000;\"><span style=\"font-family: Book Antiqua, serif;\"><span style=\"font-size: large;\">Gaudium et spes! Ks. Jacek<\/span><\/span><\/span><\/p>\n<p align=\"center\">\n<p align=\"center\">\n<p align=\"center\">\n<p align=\"center\">\n<p align=\"center\">\n<p align=\"justify\"><span style=\"color: #000000;\"><span style=\"font-family: Book Antiqua, serif;\"><span style=\"font-size: large;\"><b>Czwartek 4 Tygodnia Wielkanocy,<\/b><\/span><\/span><\/span><\/p>\n<p align=\"justify\"><span style=\"color: #000000;\"><span style=\"font-family: Book Antiqua, serif;\"><span style=\"font-size: large;\"><b>15 maja 2025.,\u00a0<\/b><\/span><\/span><\/span><\/p>\n<p align=\"justify\"><span style=\"color: #000000;\"><span style=\"font-family: Book Antiqua, serif;\"><span style=\"font-size: large;\"><b>do czyta\u0144: Dz 13,13\u201325; J 13,16\u201320<\/b><\/span><\/span><\/span><\/p>\n<p align=\"justify\">\n<p align=\"justify\">\n<p align=\"justify\">\n<p align=\"justify\">\n<p align=\"justify\">\n<p align=\"justify\"><span style=\"color: #000000;\"><span style=\"font-family: Book Antiqua, serif;\"><span style=\"font-size: large;\"><b>CZYTANIE Z DZIEJ\u00d3W APOSTOLSKICH:<\/b><\/span><\/span><\/span><\/p>\n<p align=\"justify\"><span style=\"color: #000000;\"><span style=\"font-family: Book Antiqua, serif;\"><span style=\"font-size: large;\"><b>Odp\u0142yn\u0105wszy z Pafos, Pawe\u0142 i jego towarzysze przybyli do Perge w Pamfilii, a Jan wr\u00f3ci\u0142 do Jerozolimy, od\u0142\u0105czywszy si\u0119 od nich. <\/b><\/span><\/span><\/span><\/p>\n<p align=\"justify\"><span style=\"color: #000000;\"><span style=\"font-family: Book Antiqua, serif;\"><span style=\"font-size: large;\"><b>Oni za\u015b przeszli przez Perge, dotarli do Antiochii Pizydyjskiej, weszli w dzie\u0144 sobotni do synagogi i usiedli. Po odczytaniu Prawa i Prorok\u00f3w prze\u0142o\u017ceni synagogi pos\u0142ali do nich i powiedzieli: \u201ePrzem\u00f3wcie, bracia, je\u017celi macie jakie\u015b s\u0142owo zach\u0119ty dla ludu\u201d.<\/b><\/span><\/span><\/span><\/p>\n<p align=\"justify\"><span style=\"color: #000000;\"><span style=\"font-family: Book Antiqua, serif;\"><span style=\"font-size: large;\"><b>Wsta\u0142 wi\u0119c Pawe\u0142 i skin\u0105wszy r\u0119k\u0105, przem\u00f3wi\u0142: <\/b><\/span><\/span><\/span><\/p>\n<p align=\"justify\"><span style=\"color: #000000;\">\u201e<span style=\"font-family: Book Antiqua, serif;\"><span style=\"font-size: large;\"><b>S\u0142uchajcie, Izraelici, i wy, kt\u00f3rzy boicie si\u0119 Boga! B\u00f3g tego ludu izraelskiego wybra\u0142 ojc\u00f3w naszych i wywy\u017cszy\u0142 lud na obczy\u017anie w ziemi egipskiej i wyprowadzi\u0142 go z niej mocnym ramieniem. Mniej wi\u0119cej przez czterdzie\u015bci lat znosi\u0142 cierpliwie ich obyczaje na pustyni. I wyt\u0119piwszy siedem szczep\u00f3w w ziemi Kanaan, odda\u0142 im ziemi\u0119 ich w dziedzictwo, mniej wi\u0119cej po czterystu pi\u0119\u0107dziesi\u0119ciu latach. I potem da\u0142 im s\u0119dzi\u00f3w a\u017c do proroka Samuela.<\/b><\/span><\/span><\/span><\/p>\n<p align=\"justify\"><span style=\"color: #000000;\"><span style=\"font-family: Book Antiqua, serif;\"><span style=\"font-size: large;\"><b>P\u00f3\u017aniej poprosili o kr\u00f3la, i da\u0142 im B\u00f3g na lat czterdzie\u015bci Saula, syna Kisza z pokolenia Beniamina. Gdy za\u015b jego odrzuci\u0142, powo\u0142a\u0142 na ich kr\u00f3la Dawida, o kt\u00f3rym te\u017c da\u0142 \u015bwiadectwo w s\u0142owach: \u00abZnalaz\u0142em Dawida, syna Jessego, cz\u0142owieka po mojej my\u015bli, kt\u00f3ry we wszystkim wype\u0142ni moj\u0105 wol\u0119\u00bb.<\/b><\/span><\/span><\/span><\/p>\n<p align=\"justify\"><span style=\"color: #000000;\"><span style=\"font-family: Book Antiqua, serif;\"><span style=\"font-size: large;\"><b>Z jego to potomstwa, stosownie do obietnicy, wyprowadzi\u0142 B\u00f3g Izraelowi Zbawiciela Jezusa. Przed Jego przyj\u015bciem Jan g\u0142osi\u0142 chrzest nawr\u00f3cenia ca\u0142emu ludowi izraelskiemu. A pod koniec swojej dzia\u0142alno\u015bci Jan m\u00f3wi\u0142: \u00abJa nie jestem tym, za kogo mnie uwa\u017cacie. Po mnie przyjdzie Ten, kt\u00f3remu nie jestem godny rozwi\u0105za\u0107 sanda\u0142\u00f3w na nogach\u00bb\u201d.<\/b><\/span><\/span><\/span><\/p>\n<p align=\"justify\">\n<p align=\"justify\">\n<p align=\"justify\">\n<p align=\"justify\">\n<p align=\"justify\">\n<p align=\"justify\"><span style=\"color: #000000;\"><span style=\"font-family: Book Antiqua, serif;\"><span style=\"font-size: large;\"><b>S\u0141OWA EWANGELII WED\u0141UG \u015aWI\u0118TEGO JANA:<\/b><\/span><\/span><\/span><\/p>\n<p align=\"justify\"><span style=\"color: #000000;\"><span style=\"font-family: Book Antiqua, serif;\"><span style=\"font-size: large;\"><b>Kiedy Jezus umy\u0142 uczniom nogi, powiedzia\u0142 im: \u201eZaprawd\u0119, zaprawd\u0119 powiadam wam: S\u0142uga nie jest wi\u0119kszy od swego pana ani wys\u0142annik od tego, kt\u00f3ry go pos\u0142a\u0142. Wiedz\u0105c to b\u0119dziecie b\u0142ogos\u0142awieni, gdy wed\u0142ug tego b\u0119dziecie post\u0119powa\u0107. <\/b><\/span><\/span><\/span><\/p>\n<p align=\"justify\"><span style=\"color: #000000;\"><span style=\"font-family: Book Antiqua, serif;\"><span style=\"font-size: large;\"><b>Nie m\u00f3wi\u0119 o was wszystkich. Ja wiem, kt\u00f3rych wybra\u0142em; lecz potrzeba, aby si\u0119 wype\u0142ni\u0142o Pismo: \u00abKto ze Mn\u0105 spo\u017cywa chleb, ten podni\u00f3s\u0142 na Mnie swoj\u0105 pi\u0119t\u0119\u00bb. Ju\u017c teraz, zanim si\u0119 to stanie, m\u00f3wi\u0119 wam, aby\u015bcie, gdy si\u0119 stanie, uwierzyli, \u017ce Ja jestem.<\/b><\/span><\/span><\/span><\/p>\n<p align=\"justify\"><span style=\"color: #000000;\"><span style=\"font-family: Book Antiqua, serif;\"><span style=\"font-size: large;\"><b>Zaprawd\u0119, zaprawd\u0119 powiadam wam: Kto przyjmuje tego, kt\u00f3rego Ja po\u015bl\u0119, Mnie przyjmuje. A kto Mnie przyjmuje, przyjmuje Tego, kt\u00f3ry Mnie pos\u0142a\u0142\u201d.<\/b><\/span><\/span><\/span><\/p>\n<p align=\"justify\">\n<p align=\"justify\">\n<p align=\"justify\">\n<p align=\"justify\">\n<p align=\"justify\">\n<p align=\"justify\"><span style=\"color: #000000;\"><span style=\"font-size: large;\"><span style=\"font-family: Book Antiqua, serif;\">S<\/span><span style=\"font-family: Book Antiqua, serif;\">\u0142uchaj\u0105c dzisiejszego pierwszego czytania, z pewno\u015bci\u0105 jako\u015b tak od razu kierujemy nasz\u0105 uwag\u0119 <\/span><span style=\"font-family: Book Antiqua, serif;\"><b>na to, co powiedzia\u0142 Pawe\u0142.<\/b><\/span><span style=\"font-family: Book Antiqua, serif;\"> A on wyst\u0105pi\u0142 w d\u0142u\u017cszym wywodzie, ukazuj\u0105c <\/span><span style=\"font-family: Book Antiqua, serif;\"><b>wielkie dzie\u0142a Bo\u017ce, <\/b><\/span><span style=\"font-family: Book Antiqua, serif;\">dokonane w historii narodu wybranego. Najpierw <\/span><span style=\"font-family: Book Antiqua, serif;\">m\u00f3wi\u0142<\/span><span style=\"font-family: Book Antiqua, serif;\"> o <\/span><span style=\"font-family: Book Antiqua, serif;\"><b>wywy\u017cszeniu ludu izraelskiego<\/b><\/span><span style=\"font-family: Book Antiqua, serif;\"> na tej obcej ziemi. Raczej <\/span><span style=\"font-family: Book Antiqua, serif;\">chodzi\u0142o mu<\/span> <span style=\"font-family: Book Antiqua, serif;\"><b>o t<\/b><\/span><span style=\"font-family: Book Antiqua, serif;\"><b>o<\/b><\/span><span style=\"font-family: Book Antiqua, serif;\"><b> drugi<\/b><\/span><span style=\"font-family: Book Antiqua, serif;\"><b>e<\/b><\/span><span style=\"font-family: Book Antiqua, serif;\"><b> wywy\u017cszeni<\/b><\/span><span style=\"font-family: Book Antiqua, serif;\"><b>e<\/b><\/span><span style=\"font-family: Book Antiqua, serif;\"><b>, czyli t<\/b><\/span><span style=\"font-family: Book Antiqua, serif;\"><b>o<\/b><\/span><span style=\"font-family: Book Antiqua, serif;\"><b> ostateczn<\/b><\/span><span style=\"font-family: Book Antiqua, serif;\"><b>e<\/b><\/span><span style=\"font-family: Book Antiqua, serif;\"><b>,<\/b><\/span><span style=\"font-family: Book Antiqua, serif;\"> zwi\u0105zan<\/span><span style=\"font-family: Book Antiqua, serif;\">e<\/span><span style=\"font-family: Book Antiqua, serif;\"> z wyj\u015bciem z Egiptu. <\/span><\/span><\/span><\/p>\n<p align=\"justify\"><span style=\"color: #000000;\"><span style=\"font-size: large;\"><span style=\"font-family: Book Antiqua, serif;\">Wiemy bowiem, \u017ce <\/span><span style=\"font-family: Book Antiqua, serif;\"><b>samo zamieszkanie Izraelit\u00f3w w Egipcie,<\/b><\/span><span style=\"font-family: Book Antiqua, serif;\"> za czas\u00f3w i na jego zaproszenie J\u00f3zefa, <\/span><span style=\"font-family: Book Antiqua, serif;\">syna Jakuba<\/span><span style=\"font-family: Book Antiqua, serif;\">, <\/span><span style=\"font-family: Book Antiqua, serif;\">te\u017c <\/span><span style=\"font-family: Book Antiqua, serif;\">by\u0142o wielkim wywy\u017cszeniem tego\u017c ludu. Ono jednak zamieni\u0142o si\u0119 z czasem <\/span><span style=\"font-family: Book Antiqua, serif;\"><b>w bardzo uci\u0105\u017cliw\u0105 niewol\u0119, <\/b><\/span><span style=\"font-family: Book Antiqua, serif;\">trwaj\u0105c\u0105 ponad czterysta trzydzie\u015bci lat. <\/span><span style=\"font-family: Book Antiqua, serif;\">I to w\u0142a\u015bnie z tej niewoli zostali oni <\/span><span style=\"font-family: Book Antiqua, serif;\"><b>wyprowadzeni przez Moj\u017cesza, <\/b><\/span><span style=\"font-family: Book Antiqua, serif;\">co jednak nie odbywa\u0142o si\u0119 bezkolizyjnie, skoro Pawe\u0142 tak o tym m\u00f3wi\u0142: <\/span><span style=\"font-family: Book Antiqua, serif;\"><i><b>Mniej wi\u0119cej przez czterdzie\u015bci lat znosi\u0142 cierpliwie ich obyczaje na pustyni. <\/b><\/i><\/span><\/span><\/span><\/p>\n<p align=\"justify\"><span style=\"color: #000000;\"><span style=\"font-size: large;\"><span style=\"font-family: Book Antiqua, serif;\">A ca\u0142e to rozwa\u017canie wydarze\u0144 historycznych mia\u0142o ostatecznie doprowadzi\u0107 do takiego oto wniosku: <\/span><span style=\"font-family: Book Antiqua, serif;\"><i><b>Z jego to <\/b><\/i><\/span><span style=\"font-family: Book Antiqua, serif;\"><b>[czyli Dawida] <\/b><\/span><span style=\"font-family: Book Antiqua, serif;\"><i><b>potomstwa, stosownie do obietnicy, wyprowadzi\u0142 B\u00f3g Izraelowi Zbawiciela Jezusa. Przed Jego przyj\u015bciem Jan g\u0142osi\u0142 chrzest nawr\u00f3cenia ca\u0142emu ludowi izraelskiemu. A pod koniec swojej dzia\u0142alno\u015bci Jan m\u00f3wi\u0142: \u00abJa nie jestem tym, za kogo mnie uwa\u017cacie. Po mnie przyjdzie Ten, kt\u00f3remu nie jestem godny rozwi\u0105za\u0107 sanda\u0142\u00f3w na nogach\u00bb.<\/b><\/i><\/span><b> <\/b><\/span><\/span><\/p>\n<p align=\"justify\"><span style=\"color: #000000;\"><span style=\"font-size: large;\"><span style=\"font-family: Book Antiqua, serif;\">I to jest przekaz w miar\u0119 jasny: <\/span><span style=\"font-family: Book Antiqua, serif;\"><b>historia zbawienia, wpisana w histori\u0119 narodu wybranego \u2013 <\/b><\/span><span style=\"font-family: Book Antiqua, serif;\"><b>i<\/b><\/span><span style=\"font-family: Book Antiqua, serif;\"><b> odwr<\/b><\/span><span style=\"font-family: Book Antiqua, serif;\"><b>otnie.<\/b><\/span><span style=\"font-family: Book Antiqua, serif;\"> I w\u0142a\u015bnie w t\u0119 histori\u0119 wpisan<\/span><span style=\"font-family: Book Antiqua, serif;\">a<\/span><span style=\"font-family: Book Antiqua, serif;\"> zosta\u0142<\/span><span style=\"font-family: Book Antiqua, serif;\">a<\/span> <span style=\"font-family: Book Antiqua, serif;\"><b>Osoba <\/b><\/span><span style=\"font-family: Book Antiqua, serif;\"><b>oraz<\/b><\/span><span style=\"font-family: Book Antiqua, serif;\"><b> dzie\u0142o Jezusa Chrystusa. <\/b><\/span><span style=\"font-family: Book Antiqua, serif;\">O tym <\/span><span style=\"font-family: Book Antiqua, serif;\">to<\/span><span style=\"font-family: Book Antiqua, serif;\"> dzisiaj m\u00f3wi\u0142 w synagodze \u015awi\u0119ty Pawe\u0142, a <\/span><span style=\"font-family: Book Antiqua, serif;\">t<\/span><span style=\"font-family: Book Antiqua, serif;\">o zwr\u00f3ci\u0142o z pewno\u015bci\u0105 nasz\u0105 uwag\u0119 w pierwszej kolejno\u015bci \u2013 mo\u017ce nawet z tego powodu, \u017ce <\/span><span style=\"font-family: Book Antiqua, serif;\"><b>obj\u0119to\u015bciowo ten przekaz jest bardzo wyra\u017any,<\/b><\/span><span style=\"font-family: Book Antiqua, serif;\"> wszak stanowi wi\u0119kszo\u015b\u0107 odczytanego tekstu. <\/span><\/span><\/span><\/p>\n<p align=\"justify\"><span style=\"color: #000000;\"><span style=\"font-size: large;\"><span style=\"font-family: Book Antiqua, serif;\">Dlatego zapewne <\/span><span style=\"font-family: Book Antiqua, serif;\"><b>umyka naszej uwadze<\/b><\/span><span style=\"font-family: Book Antiqua, serif;\"> zdanie wcze\u015bniejsze, wypowiedziane przez prze\u0142o\u017conych synagogi, a skierowane do Aposto\u0142\u00f3w: <\/span><span style=\"font-family: Book Antiqua, serif;\"><i><b>Przem\u00f3wcie, bracia, je\u017celi macie jakie\u015b s\u0142owo zach\u0119ty dla ludu. <\/b><\/i><\/span><span style=\"font-family: Book Antiqua, serif;\">Takie ma\u0142o znacz\u0105ce zdanie \u2013 tak si\u0119 przynajmniej <\/span><span style=\"font-family: Book Antiqua, serif;\">mo\u017ce <\/span><span style=\"font-family: Book Antiqua, serif;\">wyda<\/span><span style=\"font-family: Book Antiqua, serif;\">wa\u0107<\/span><span style=\"font-family: Book Antiqua, serif;\"> \u2013 ale ono tak naprawd\u0119 <\/span><span style=\"font-family: Book Antiqua, serif;\"><b>ma tu znaczenie kluczowe, <\/b><\/span><span style=\"font-family: Book Antiqua, serif;\">wszak ca\u0142a wypowied\u017a Paw\u0142a by\u0142a realizacj\u0105 tej pro\u015bby. By\u0142a owym <\/span><span style=\"font-family: Book Antiqua, serif;\"><b>\u00abs\u0142owem zach\u0119ty\u00bb, <\/b><\/span><span style=\"font-family: Book Antiqua, serif;\">o kt\u00f3r\u0105 prosili prze\u0142o\u017ceni synagogi. <\/span><span style=\"font-family: Book Antiqua, serif;\"><b>Zach\u0119ty do czego? <\/b><\/span><\/span><\/span><\/p>\n<p align=\"justify\"><span style=\"color: #000000;\"><span style=\"font-size: large;\"><span style=\"font-family: Book Antiqua, serif;\">Do dobrego \u017cycia, do nadziei \u2013 takiej, powiedzieliby\u015bmy, <\/span><span style=\"font-family: Book Antiqua, serif;\"><b>og\u00f3lnej zach\u0119ty, <\/b><\/span><span style=\"font-family: Book Antiqua, serif;\">rozumianej jako <\/span><span style=\"font-family: Book Antiqua, serif;\"><b>s\u0142owo wsparcia, pocieszenia, podtrzymania na duchu.<\/b><\/span><span style=\"font-family: Book Antiqua, serif;\"> To mo\u017ce wydawa\u0107 si\u0119 nam dziwne, \u017ce <\/span><span style=\"font-family: Book Antiqua, serif;\"><b>\u017cydowscy prze\u0142o\u017ceni synagogi poprosili<\/b><\/span><span style=\"font-family: Book Antiqua, serif;\"> o s\u0142owo zach\u0119ty uczni\u00f3w Jezusa Chrystusa. <\/span><span style=\"font-family: Book Antiqua, serif;\">O<\/span><span style=\"font-family: Book Antiqua, serif;\">kaza\u0142o si\u0119 <\/span><span style=\"font-family: Book Antiqua, serif;\">jednak<\/span><span style=\"font-family: Book Antiqua, serif;\">, \u017ce naprawd\u0119 <\/span><span style=\"font-family: Book Antiqua, serif;\"><b>ta potrzeba by\u0142a wielka,<\/b><\/span><span style=\"font-family: Book Antiqua, serif;\"> skoro Pawe\u0142 wyst\u0105pi\u0142 w naprawd\u0119 bardzo d\u0142ugim wywodzie \u2013 o wiele d\u0142u\u017cszym, ni\u017c to, co <\/span><span style=\"font-family: Book Antiqua, serif;\">dzi\u015b s\u0142yszymy, bo to zaledwie fragment \u2013<\/span><span style=\"font-family: Book Antiqua, serif;\"><b> i spotka\u0142o si\u0119 to z serdecznym przyj\u0119ciem! <\/b><\/span><span style=\"font-family: Book Antiqua, serif;\">A w nast\u0119pny szabat \u2013 jak czytamy w Ksi\u0119dze Dziej\u00f3w Apostolskich \u2013 <\/span><span style=\"font-family: Book Antiqua, serif;\"><b>przysz\u0142o ju\u017c niemal ca\u0142e miasto!<\/b><\/span> <\/span><\/span><\/p>\n<p align=\"justify\"><span style=\"color: #000000;\"><span style=\"font-size: large;\"><span style=\"font-family: Book Antiqua, serif;\">Wtedy jednak \u017cydowska elita ju\u017c nie wytrzyma\u0142a i wzbudzi\u0142a prze\u015bladowanie Aposto\u0142\u00f3w. <\/span><span style=\"font-family: Book Antiqua, serif;\"><b>Ludzie <\/b><\/span><span style=\"font-family: Book Antiqua, serif;\"><b>natomiast<\/b><\/span><span style=\"font-family: Book Antiqua, serif;\"><b> potrzebowali tego s\u0142owa zach\u0119ty, <\/b><\/span><span style=\"font-family: Book Antiqua, serif;\">o kt\u00f3re prosili dzi\u015b prze\u0142o\u017ceni synagogi, a kt\u00f3re Pawe\u0142 podarowa\u0142 im w ca\u0142ej obfito\u015bci. <\/span><span style=\"font-family: Book Antiqua, serif;\"><b>Bo ludzie na to w\u0142a\u015bnie czekali!<\/b><\/span><span style=\"font-family: Book Antiqua, serif;\"> Na co? <\/span><\/span><\/span><\/p>\n<p align=\"justify\"><span style=\"color: #000000;\"><span style=\"font-size: large;\"><span style=\"font-family: Book Antiqua, serif;\">Na <\/span><span style=\"font-family: Book Antiqua, serif;\"><b>s\u0142owo o Jezusie Chrystusie! <\/b><\/span><span style=\"font-family: Book Antiqua, serif;\">Na s\u0142owo \u015bwiadectwa<\/span><span style=\"font-family: Book Antiqua, serif;\"><b> o<\/b><\/span> <span style=\"font-family: Book Antiqua, serif;\"><b>wielkich dzie\u0142ach, jakich B\u00f3g dokona\u0142 <\/b><\/span><span style=\"font-family: Book Antiqua, serif;\">w historii narodu, a ostatecznie i w ca\u0142ej pe\u0142ni dokona\u0142 ich przez swego Syna! Tego potrzebowali ludzie <\/span><span style=\"font-family: Book Antiqua, serif;\"><b>dwa tysi\u0105ce lat temu, <\/b><\/span><span style=\"font-family: Book Antiqua, serif;\">tego ludzie potrzebowali <\/span><span style=\"font-family: Book Antiqua, serif;\"><b>przez te ca\u0142e dwa tysi\u0105ce lat <\/b><\/span><span style=\"font-family: Book Antiqua, serif;\">\u2013 i tego ludzie <\/span><span style=\"font-family: Book Antiqua, serif;\"><b>potrzebuj\u0105 dzisiaj: <\/b><\/span><span style=\"font-family: Book Antiqua, serif;\">dobrego s\u0142owa, czyli <\/span><span style=\"font-family: Book Antiqua, serif;\"><b>s\u0142owa Jezusa i s\u0142owa o Jezusie!<\/b><\/span><span style=\"font-family: Book Antiqua, serif;\"> \u015awiadectwa o Jego \u017cyciu i dzia\u0142aniu \u2013 w naszym \u017cyciu i w naszym dzia\u0142aniu! <\/span><\/span><\/span><\/p>\n<p align=\"justify\"><span style=\"color: #000000;\"><span style=\"font-size: large;\"><span style=\"font-family: Book Antiqua, serif;\">A On dzisiaj \u2013 jak s\u0142yszymy w Ewangelii \u2013 po obmyciu swoim uczniom n\u00f3g, czyli po wykonaniu czynno\u015bci, zarezerwowanej \u00f3wcze\u015bnie niewolnikom, <\/span><span style=\"font-family: Book Antiqua, serif;\"><b>zapowiedzia\u0142 zdrad\u0119,<\/b><\/span><span style=\"font-family: Book Antiqua, serif;\"> jaka spotka Go ze strony jednego z uczni\u00f3w. Powiedzia\u0142: <\/span><span style=\"font-family: Book Antiqua, serif;\"><i><b>P<\/b><\/i><\/span><span style=\"font-family: Book Antiqua, serif;\"><i><b>otrzeba, aby si\u0119 wype\u0142ni\u0142o Pismo: \u00abKto ze Mn\u0105 spo\u017cywa chleb, ten podni\u00f3s\u0142 na Mnie swoj\u0105 pi\u0119t\u0119\u00bb. Ju\u017c teraz, zanim si\u0119 to stanie, m\u00f3wi\u0119 wam, aby\u015bcie, gdy si\u0119 stanie, uwierzyli, \u017ce Ja jestem.<\/b><\/i><\/span><b> <\/b><\/span><\/span><\/p>\n<p align=\"justify\"><span style=\"color: #000000;\"><span style=\"font-size: large;\"><span style=\"font-family: Book Antiqua, serif;\">Czyli, \u017ce <\/span><span style=\"font-family: Book Antiqua, serif;\"><b>wie o tym, \u017ce si\u0119 to stanie<\/b><\/span><span style=\"font-family: Book Antiqua, serif;\"> i ju\u017c teraz to zapowiada, ale to nie zmienia faktu, \u017ce On jest <\/span><span style=\"font-family: Book Antiqua, serif;\">i pozostanie <\/span><span style=\"font-family: Book Antiqua, serif;\">Bogiem, bo tyle tu znacz\u0105 te s\u0142owa: <\/span><span style=\"font-family: Book Antiqua, serif;\"><b>JA JESTEM.<\/b><\/span><span style=\"font-family: Book Antiqua, serif;\"> Czyli \u017ce nawet zdrada, czy nast\u0119puj\u0105ca potem M\u0119ka i \u015amier\u0107, <\/span><span style=\"font-family: Book Antiqua, serif;\"><b>nie b\u0119d\u0105 w stanie zmieni\u0107 ani przykry\u0107 tego faktu, <\/b><\/span><span style=\"font-family: Book Antiqua, serif;\">\u017ce Jezus Chrystus jest Synem Bo\u017cym, Bogiem Wcielonym, W\u0142adc\u0105 \u015bwiata i wszech\u015bwiata. <\/span><span style=\"font-family: Book Antiqua, serif;\">A przecie\u017c dopiero co umy\u0142 uczniom nogi! <\/span><\/span><\/span><\/p>\n<p align=\"justify\"><span style=\"color: #000000;\"><span style=\"font-size: large;\"><span style=\"font-family: Book Antiqua, serif;\">I w\u0142a\u015bnie w kontek\u015bcie tego stwierdzi\u0142: <\/span><span style=\"font-family: Book Antiqua, serif;\"><i><b>S\u0142uga nie jest wi\u0119kszy od swego pana ani wys\u0142annik od tego, kt\u00f3ry go pos\u0142a\u0142. Wiedz\u0105c to b\u0119dziecie b\u0142ogos\u0142awieni, gdy wed\u0142ug tego b\u0119dziecie post\u0119powa\u0107. <\/b><\/i><\/span><span style=\"font-family: Book Antiqua, serif;\">Oraz: <\/span><span style=\"font-family: Book Antiqua, serif;\"><i><b>Kto przyjmuje tego, kt\u00f3rego Ja po\u015bl\u0119, Mnie przyjmuje. A kto Mnie przyjmuje, przyjmuje Tego, kt\u00f3ry Mnie pos\u0142a\u0142.<\/b><\/i><\/span><b> <\/b><\/span><\/span><\/p>\n<p align=\"justify\"><span style=\"color: #000000;\"><span style=\"font-size: large;\"><span style=\"font-family: Book Antiqua, serif;\">W\u0142a\u015bnie, <\/span><span style=\"font-family: Book Antiqua, serif;\"><b>On jako Pan \u2013 jest jednocze\u015bnie S\u0142ug\u0105. <\/b><\/span><span style=\"font-family: Book Antiqua, serif;\">Dlatego i Jego uczniowie <\/span><span style=\"font-family: Book Antiqua, serif;\"><b>maj\u0105 by\u0107 s\u0142ugami <\/b><\/span><span style=\"font-family: Book Antiqua, serif;\">tych, do kt\u00f3rych On ich po\u015ble. W ten spos\u00f3b bowiem <\/span><span style=\"font-family: Book Antiqua, serif;\"><b>b\u0119d\u0105 te\u017c Jego znakami w\u015br\u00f3d ludzi. <\/b><\/span><span style=\"font-family: Book Antiqua, serif;\">A ka\u017cdy, kto ich przyjmie \u2013 <\/span><span style=\"font-family: Book Antiqua, serif;\"><b>przyjmie samego Jezusa oraz Ojca, <\/b><\/span><span style=\"font-family: Book Antiqua, serif;\">kt\u00f3ry Syna swego pos\u0142a\u0142 na \u015bwiat. I takiej <\/span><span style=\"font-family: Book Antiqua, serif;\">to <\/span><span style=\"font-family: Book Antiqua, serif;\">postawy <\/span><span style=\"font-family: Book Antiqua, serif;\"><b>Jezus dzisiaj oczekuje od nas, <\/b><\/span><span style=\"font-family: Book Antiqua, serif;\"><b>swoich uczni\u00f3w<\/b><\/span><span style=\"font-family: Book Antiqua, serif;\"><b>:<\/b><\/span><span style=\"font-family: Book Antiqua, serif;\"> aby\u015bmy dobrym s\u0142owem, ale nade wszystko czynem, nasz\u0105 codzienn\u0105 postaw\u0105, <\/span><span style=\"font-family: Book Antiqua, serif;\"><b>\u015bwiadczyli o <\/b><\/span><span style=\"font-family: Book Antiqua, serif;\"><b>Nim \u2013 o<\/b><\/span><span style=\"font-family: Book Antiqua, serif;\"><b> Jezusie!<\/b><\/span><span style=\"font-family: Book Antiqua, serif;\"> I aby to by\u0142o owym<\/span><span style=\"font-family: Book Antiqua, serif;\"><b> \u00abs\u0142owem zach\u0119ty\u00bb, z kt\u00f3rym wyjdziemy do ludzi, <\/b><\/span><span style=\"font-family: Book Antiqua, serif;\">a kt\u00f3rego oni dzisiaj tak bardzo potrzebuj\u0105! <\/span><\/span><\/span><\/p>\n<p align=\"justify\"><span style=\"color: #000000;\"><span style=\"font-size: large;\"><span style=\"font-family: Book Antiqua, serif;\">Drodzy moi, <\/span><span style=\"font-family: Book Antiqua, serif;\"><b>nie \u017ca\u0142ujmy ludziom tego dobrego s\u0142owa! <\/b><\/span><span style=\"font-family: Book Antiqua, serif;\">Nie \u017ca\u0142ujmy go <\/span><span style=\"font-family: Book Antiqua, serif;\"><b>sobie nawzajem! <\/b><\/span><span style=\"font-family: Book Antiqua, serif;\">Podtrzymujmy si\u0119 nawzajem na duchu \u2013 pokazuj\u0105c sobie nawzajem, <\/span><span style=\"font-family: Book Antiqua, serif;\"><b>jak wielkich dzie\u0142 Jezus dokonuje<\/b><\/span><span style=\"font-family: Book Antiqua, serif;\"> w naszym \u017cyciu! Dostrze\u017cmy te dzie\u0142a, podzi\u0119kujmy za nie Jezusowi \u2013<\/span><span style=\"font-family: Book Antiqua, serif;\"><b> i m\u00f3wmy o nich wszystkim dooko\u0142a! <\/b><\/span><span style=\"font-family: Book Antiqua, serif;\">Bo dzisiaj dobre s\u0142owo \u2013 s\u0142owo Jezusa i s\u0142owo o Jezusie \u2013 to <\/span><span style=\"font-family: Book Antiqua, serif;\"><b>lekarstwo na wszystkie bol\u0105czki \u015bwiata! <\/b><\/span><span style=\"font-family: Book Antiqua, serif;\">I na nasze osobiste, duchowe bol\u0105czki\u2026 A poniewa\u017c tych bol\u0105czek nie brakuje, <\/span><span style=\"font-family: Book Antiqua, serif;\"><b>przeto i lekarstwa du\u017co potrzeba. <\/b><\/span><\/span><\/span><\/p>\n<p align=\"justify\"><span style=\"color: #000000;\"><span style=\"font-size: large;\"><span style=\"font-family: Book Antiqua, serif;\">Nie \u017ca\u0142ujmy go wi\u0119c sobie nawzajem\u2026<\/span><\/span><\/span><\/p>\n","protected":false},"excerpt":{"rendered":"<p>Szcz\u0119\u015b\u0107 Bo\u017ce! Moi Drodzy, w dniu dzisiejszym dwudziest\u0105 sz\u00f3st\u0105 rocznic\u0119 \u015awi\u0119ce\u0144 kap\u0142a\u0144skich prze\u017cywa m\u00f3j dobry Kolega od wielu lat \u2013 Ksi\u0105dz Mariusz Szyszko. \u017bycz\u0119 Mu nieustannego i stale wzrastaj\u0105cego zapa\u0142u do pe\u0142nienia duszpasterskiej pos\u0142ugi, szczeg\u00f3lnie \u2013 pos\u0142ugi Proboszcza Parafii Konstantyn\u00f3w! Dzi\u0119kuj\u0105c za \u017cyczliwo\u015b\u0107 i pomoc \u2013 wspieram modlitw\u0105! A wraz z Ksi\u0119dzem Mariuszem \u2013 rocznic\u0119 [&hellip;]<\/p>\n","protected":false},"author":1,"featured_media":0,"comment_status":"open","ping_status":"open","sticky":false,"template":"","format":"standard","meta":{"jetpack_post_was_ever_published":false,"_jetpack_newsletter_access":"","_jetpack_dont_email_post_to_subs":false,"_jetpack_newsletter_tier_id":0,"_jetpack_memberships_contains_paywalled_content":false,"_jetpack_memberships_contains_paid_content":false,"footnotes":""},"categories":[1],"tags":[],"class_list":["post-23788","post","type-post","status-publish","format-standard","hentry","category-bez-kategorii"],"yoast_head":"<!-- This site is optimized with the Yoast SEO plugin v25.1 - https:\/\/yoast.com\/wordpress\/plugins\/seo\/ -->\n<title>Potrzeba dobrego s\u0142owa! - Gaudium Et Spes<\/title>\n<meta name=\"robots\" content=\"index, follow, max-snippet:-1, max-image-preview:large, max-video-preview:-1\" \/>\n<link rel=\"canonical\" href=\"https:\/\/gaudiumetspes-blog.pl\/index.php\/2025\/05\/15\/potrzeba-dobrego-slowa\/\" \/>\n<meta property=\"og:locale\" content=\"pl_PL\" \/>\n<meta property=\"og:type\" content=\"article\" \/>\n<meta property=\"og:title\" content=\"Potrzeba dobrego s\u0142owa! - Gaudium Et Spes\" \/>\n<meta property=\"og:description\" content=\"Szcz\u0119\u015b\u0107 Bo\u017ce! Moi Drodzy, w dniu dzisiejszym dwudziest\u0105 sz\u00f3st\u0105 rocznic\u0119 \u015awi\u0119ce\u0144 kap\u0142a\u0144skich prze\u017cywa m\u00f3j dobry Kolega od wielu lat \u2013 Ksi\u0105dz Mariusz Szyszko. \u017bycz\u0119 Mu nieustannego i stale wzrastaj\u0105cego zapa\u0142u do pe\u0142nienia duszpasterskiej pos\u0142ugi, szczeg\u00f3lnie \u2013 pos\u0142ugi Proboszcza Parafii Konstantyn\u00f3w! Dzi\u0119kuj\u0105c za \u017cyczliwo\u015b\u0107 i pomoc \u2013 wspieram modlitw\u0105! A wraz z Ksi\u0119dzem Mariuszem \u2013 rocznic\u0119 [&hellip;]\" \/>\n<meta property=\"og:url\" content=\"https:\/\/gaudiumetspes-blog.pl\/index.php\/2025\/05\/15\/potrzeba-dobrego-slowa\/\" \/>\n<meta property=\"og:site_name\" content=\"Gaudium Et Spes\" \/>\n<meta property=\"article:published_time\" content=\"2025-05-15T06:15:30+00:00\" \/>\n<meta name=\"author\" content=\"Ks. Jacek\" \/>\n<meta name=\"twitter:card\" content=\"summary_large_image\" \/>\n<meta name=\"twitter:label1\" content=\"Napisane przez\" \/>\n\t<meta name=\"twitter:data1\" content=\"Ks. Jacek\" \/>\n\t<meta name=\"twitter:label2\" content=\"Szacowany czas czytania\" \/>\n\t<meta name=\"twitter:data2\" content=\"11 minut\" \/>\n<script type=\"application\/ld+json\" class=\"yoast-schema-graph\">{\"@context\":\"https:\/\/schema.org\",\"@graph\":[{\"@type\":\"WebPage\",\"@id\":\"https:\/\/gaudiumetspes-blog.pl\/index.php\/2025\/05\/15\/potrzeba-dobrego-slowa\/\",\"url\":\"https:\/\/gaudiumetspes-blog.pl\/index.php\/2025\/05\/15\/potrzeba-dobrego-slowa\/\",\"name\":\"Potrzeba dobrego s\u0142owa! - Gaudium Et Spes\",\"isPartOf\":{\"@id\":\"https:\/\/gaudiumetspes-blog.pl\/#website\"},\"datePublished\":\"2025-05-15T06:15:30+00:00\",\"author\":{\"@id\":\"https:\/\/gaudiumetspes-blog.pl\/#\/schema\/person\/1661982992b752dea8dff0d4ed845a65\"},\"breadcrumb\":{\"@id\":\"https:\/\/gaudiumetspes-blog.pl\/index.php\/2025\/05\/15\/potrzeba-dobrego-slowa\/#breadcrumb\"},\"inLanguage\":\"pl-PL\",\"potentialAction\":[{\"@type\":\"ReadAction\",\"target\":[\"https:\/\/gaudiumetspes-blog.pl\/index.php\/2025\/05\/15\/potrzeba-dobrego-slowa\/\"]}]},{\"@type\":\"BreadcrumbList\",\"@id\":\"https:\/\/gaudiumetspes-blog.pl\/index.php\/2025\/05\/15\/potrzeba-dobrego-slowa\/#breadcrumb\",\"itemListElement\":[{\"@type\":\"ListItem\",\"position\":1,\"name\":\"Strona g\u0142\u00f3wna\",\"item\":\"https:\/\/gaudiumetspes-blog.pl\/\"},{\"@type\":\"ListItem\",\"position\":2,\"name\":\"Potrzeba dobrego s\u0142owa!\"}]},{\"@type\":\"WebSite\",\"@id\":\"https:\/\/gaudiumetspes-blog.pl\/#website\",\"url\":\"https:\/\/gaudiumetspes-blog.pl\/\",\"name\":\"Gaudium Et Spes\",\"description\":\"Blog Ks. Jacka Ja\u015bkowskiego\",\"potentialAction\":[{\"@type\":\"SearchAction\",\"target\":{\"@type\":\"EntryPoint\",\"urlTemplate\":\"https:\/\/gaudiumetspes-blog.pl\/?s={search_term_string}\"},\"query-input\":{\"@type\":\"PropertyValueSpecification\",\"valueRequired\":true,\"valueName\":\"search_term_string\"}}],\"inLanguage\":\"pl-PL\"},{\"@type\":\"Person\",\"@id\":\"https:\/\/gaudiumetspes-blog.pl\/#\/schema\/person\/1661982992b752dea8dff0d4ed845a65\",\"name\":\"Ks. Jacek\",\"image\":{\"@type\":\"ImageObject\",\"inLanguage\":\"pl-PL\",\"@id\":\"https:\/\/gaudiumetspes-blog.pl\/#\/schema\/person\/image\/\",\"url\":\"https:\/\/gaudiumetspes-blog.pl\/wp-content\/uploads\/2019\/07\/avatar-JJ-150x150.jpg\",\"contentUrl\":\"https:\/\/gaudiumetspes-blog.pl\/wp-content\/uploads\/2019\/07\/avatar-JJ-150x150.jpg\",\"caption\":\"Ks. Jacek\"},\"description\":\"Witam serdecznie! K\u0142ania si\u0119 Ks. Jacek Ja\u015bkowski. Nie jestem ani kim\u015b wa\u017cnym, ani kim\u015b znanym. Jestem ksi\u0119dzem, kt\u00f3ry po prostu chce rozmawia\u0107. Codzienna kap\u0142a\u0144ska pos\u0142uga pokazuje mi, \u017ce temat\u00f3w do rozm\u00f3w z ksi\u0119dzem jest coraz wi\u0119cej i dzisiaj \u017caden ksi\u0105dz nie mo\u017ce od nich ucieka\u0107, ale - wprost przeciwnie - podejmowa\u0107 nowe wyzwania. To przekonanie sk\u0142oni\u0142o mnie do pr\u00f3by otwarcia tego\u017c bloga, chocia\u017c okazji do rozm\u00f3w na co dzie\u0144 - w konfesjonale i poza nim - na szcz\u0119\u015bcie nie brakuje. My\u015bl\u0119 jednak, \u017ce ten blog b\u0119dzie jeszcze jednym sposobem i przestrzeni\u0105 nawi\u0105zania kontaktu z lud\u017ami dobrej woli, otwartymi na dialog.\",\"url\":\"https:\/\/gaudiumetspes-blog.pl\/index.php\/author\/ks-jacek\/\"}]}<\/script>\n<!-- \/ Yoast SEO plugin. -->","yoast_head_json":{"title":"Potrzeba dobrego s\u0142owa! - Gaudium Et Spes","robots":{"index":"index","follow":"follow","max-snippet":"max-snippet:-1","max-image-preview":"max-image-preview:large","max-video-preview":"max-video-preview:-1"},"canonical":"https:\/\/gaudiumetspes-blog.pl\/index.php\/2025\/05\/15\/potrzeba-dobrego-slowa\/","og_locale":"pl_PL","og_type":"article","og_title":"Potrzeba dobrego s\u0142owa! - Gaudium Et Spes","og_description":"Szcz\u0119\u015b\u0107 Bo\u017ce! Moi Drodzy, w dniu dzisiejszym dwudziest\u0105 sz\u00f3st\u0105 rocznic\u0119 \u015awi\u0119ce\u0144 kap\u0142a\u0144skich prze\u017cywa m\u00f3j dobry Kolega od wielu lat \u2013 Ksi\u0105dz Mariusz Szyszko. \u017bycz\u0119 Mu nieustannego i stale wzrastaj\u0105cego zapa\u0142u do pe\u0142nienia duszpasterskiej pos\u0142ugi, szczeg\u00f3lnie \u2013 pos\u0142ugi Proboszcza Parafii Konstantyn\u00f3w! Dzi\u0119kuj\u0105c za \u017cyczliwo\u015b\u0107 i pomoc \u2013 wspieram modlitw\u0105! A wraz z Ksi\u0119dzem Mariuszem \u2013 rocznic\u0119 [&hellip;]","og_url":"https:\/\/gaudiumetspes-blog.pl\/index.php\/2025\/05\/15\/potrzeba-dobrego-slowa\/","og_site_name":"Gaudium Et Spes","article_published_time":"2025-05-15T06:15:30+00:00","author":"Ks. Jacek","twitter_card":"summary_large_image","twitter_misc":{"Napisane przez":"Ks. Jacek","Szacowany czas czytania":"11 minut"},"schema":{"@context":"https:\/\/schema.org","@graph":[{"@type":"WebPage","@id":"https:\/\/gaudiumetspes-blog.pl\/index.php\/2025\/05\/15\/potrzeba-dobrego-slowa\/","url":"https:\/\/gaudiumetspes-blog.pl\/index.php\/2025\/05\/15\/potrzeba-dobrego-slowa\/","name":"Potrzeba dobrego s\u0142owa! - Gaudium Et Spes","isPartOf":{"@id":"https:\/\/gaudiumetspes-blog.pl\/#website"},"datePublished":"2025-05-15T06:15:30+00:00","author":{"@id":"https:\/\/gaudiumetspes-blog.pl\/#\/schema\/person\/1661982992b752dea8dff0d4ed845a65"},"breadcrumb":{"@id":"https:\/\/gaudiumetspes-blog.pl\/index.php\/2025\/05\/15\/potrzeba-dobrego-slowa\/#breadcrumb"},"inLanguage":"pl-PL","potentialAction":[{"@type":"ReadAction","target":["https:\/\/gaudiumetspes-blog.pl\/index.php\/2025\/05\/15\/potrzeba-dobrego-slowa\/"]}]},{"@type":"BreadcrumbList","@id":"https:\/\/gaudiumetspes-blog.pl\/index.php\/2025\/05\/15\/potrzeba-dobrego-slowa\/#breadcrumb","itemListElement":[{"@type":"ListItem","position":1,"name":"Strona g\u0142\u00f3wna","item":"https:\/\/gaudiumetspes-blog.pl\/"},{"@type":"ListItem","position":2,"name":"Potrzeba dobrego s\u0142owa!"}]},{"@type":"WebSite","@id":"https:\/\/gaudiumetspes-blog.pl\/#website","url":"https:\/\/gaudiumetspes-blog.pl\/","name":"Gaudium Et Spes","description":"Blog Ks. Jacka Ja\u015bkowskiego","potentialAction":[{"@type":"SearchAction","target":{"@type":"EntryPoint","urlTemplate":"https:\/\/gaudiumetspes-blog.pl\/?s={search_term_string}"},"query-input":{"@type":"PropertyValueSpecification","valueRequired":true,"valueName":"search_term_string"}}],"inLanguage":"pl-PL"},{"@type":"Person","@id":"https:\/\/gaudiumetspes-blog.pl\/#\/schema\/person\/1661982992b752dea8dff0d4ed845a65","name":"Ks. Jacek","image":{"@type":"ImageObject","inLanguage":"pl-PL","@id":"https:\/\/gaudiumetspes-blog.pl\/#\/schema\/person\/image\/","url":"https:\/\/gaudiumetspes-blog.pl\/wp-content\/uploads\/2019\/07\/avatar-JJ-150x150.jpg","contentUrl":"https:\/\/gaudiumetspes-blog.pl\/wp-content\/uploads\/2019\/07\/avatar-JJ-150x150.jpg","caption":"Ks. Jacek"},"description":"Witam serdecznie! K\u0142ania si\u0119 Ks. Jacek Ja\u015bkowski. Nie jestem ani kim\u015b wa\u017cnym, ani kim\u015b znanym. Jestem ksi\u0119dzem, kt\u00f3ry po prostu chce rozmawia\u0107. Codzienna kap\u0142a\u0144ska pos\u0142uga pokazuje mi, \u017ce temat\u00f3w do rozm\u00f3w z ksi\u0119dzem jest coraz wi\u0119cej i dzisiaj \u017caden ksi\u0105dz nie mo\u017ce od nich ucieka\u0107, ale - wprost przeciwnie - podejmowa\u0107 nowe wyzwania. To przekonanie sk\u0142oni\u0142o mnie do pr\u00f3by otwarcia tego\u017c bloga, chocia\u017c okazji do rozm\u00f3w na co dzie\u0144 - w konfesjonale i poza nim - na szcz\u0119\u015bcie nie brakuje. My\u015bl\u0119 jednak, \u017ce ten blog b\u0119dzie jeszcze jednym sposobem i przestrzeni\u0105 nawi\u0105zania kontaktu z lud\u017ami dobrej woli, otwartymi na dialog.","url":"https:\/\/gaudiumetspes-blog.pl\/index.php\/author\/ks-jacek\/"}]}},"jetpack_featured_media_url":"","jetpack_sharing_enabled":true,"_links":{"self":[{"href":"https:\/\/gaudiumetspes-blog.pl\/index.php\/wp-json\/wp\/v2\/posts\/23788","targetHints":{"allow":["GET"]}}],"collection":[{"href":"https:\/\/gaudiumetspes-blog.pl\/index.php\/wp-json\/wp\/v2\/posts"}],"about":[{"href":"https:\/\/gaudiumetspes-blog.pl\/index.php\/wp-json\/wp\/v2\/types\/post"}],"author":[{"embeddable":true,"href":"https:\/\/gaudiumetspes-blog.pl\/index.php\/wp-json\/wp\/v2\/users\/1"}],"replies":[{"embeddable":true,"href":"https:\/\/gaudiumetspes-blog.pl\/index.php\/wp-json\/wp\/v2\/comments?post=23788"}],"version-history":[{"count":1,"href":"https:\/\/gaudiumetspes-blog.pl\/index.php\/wp-json\/wp\/v2\/posts\/23788\/revisions"}],"predecessor-version":[{"id":23789,"href":"https:\/\/gaudiumetspes-blog.pl\/index.php\/wp-json\/wp\/v2\/posts\/23788\/revisions\/23789"}],"wp:attachment":[{"href":"https:\/\/gaudiumetspes-blog.pl\/index.php\/wp-json\/wp\/v2\/media?parent=23788"}],"wp:term":[{"taxonomy":"category","embeddable":true,"href":"https:\/\/gaudiumetspes-blog.pl\/index.php\/wp-json\/wp\/v2\/categories?post=23788"},{"taxonomy":"post_tag","embeddable":true,"href":"https:\/\/gaudiumetspes-blog.pl\/index.php\/wp-json\/wp\/v2\/tags?post=23788"}],"curies":[{"name":"wp","href":"https:\/\/api.w.org\/{rel}","templated":true}]}}