{"id":23790,"date":"2025-05-16T09:17:40","date_gmt":"2025-05-16T07:17:40","guid":{"rendered":"https:\/\/gaudiumetspes-blog.pl\/?p=23790"},"modified":"2025-05-16T09:18:06","modified_gmt":"2025-05-16T07:18:06","slug":"podnies-oczy-i-zyj","status":"publish","type":"post","link":"https:\/\/gaudiumetspes-blog.pl\/index.php\/2025\/05\/16\/podnies-oczy-i-zyj\/","title":{"rendered":"Podnie\u015b oczy i \u017cyj!"},"content":{"rendered":"<p>Chrystus Zmartwychwsta\u0142!<span class=\"Apple-converted-space\">\u00a0<\/span><\/p>\n<p>&nbsp;<\/p>\n<p>Pozdrawiam serdecznie z Syberii, z Surgutu.<span class=\"Apple-converted-space\">\u00a0<\/span><\/p>\n<p>&nbsp;<\/p>\n<p>Dzi\u015b w Polsce obchodzone jest \u015bwi\u0119to \u015bw. Andrzeja Boboli. Zapraszam do wsp\u00f3lnego rozmy\u015blania nad S\u0142owem Bo\u017cym. Dzi\u015b rozmy\u015blanie napisa\u0142 ks. Pawe\u0142, a ni\u017cej znajdziecie s\u0142\u00f3wko gadane. Jednak s\u0142\u00f3wko gadane jest do czyta\u0144 z dnia, poniewa\u017c u nas nie ma dzi\u015b \u015bwi\u0119ta.<span class=\"Apple-converted-space\">\u00a0<\/span><\/p>\n<p>\u017byczymy wszystkim dobrego, b\u0142ogos\u0142awionego dnia.<span class=\"Apple-converted-space\">\u00a0<\/span><\/p>\n<p>&nbsp;<\/p>\n<p>(Ap 12,10-12a)<br \/>\nJa, Jan, us\u0142ysza\u0142em dono\u015bny g\u0142os m\u00f3wi\u0105cy w niebie: \u201eTeraz nasta\u0142o zbawienie, pot\u0119ga i kr\u00f3lowanie Boga naszego i w\u0142adza Jego Pomaza\u0144ca, bo str\u0105cony zosta\u0142 oskar\u017cyciel naszych braci, kt\u00f3ry dniem i noc\u0105 oskar\u017ca ich przed naszym Bogiem. A oni zwyci\u0119\u017cyli dzi\u0119ki krwi Baranka i dzi\u0119ki s\u0142owu swojego \u015bwiadectwa i nie umi\u0142owali \u017cycia a\u017c do \u015bmierci. Dlatego radujcie si\u0119, niebiosa oraz ich mieszka\u0144cy\u201d.<\/p>\n<p>&nbsp;<\/p>\n<p>(Ps 34,2-3.4-5.6-7.8-9)<br \/>\nREFREN: Od wszelkiej trwogi Pan B\u00f3g mnie wyzwoli\u0142<\/p>\n<p>B\u0119d\u0119 b\u0142ogos\u0142awi\u0142 Pana po wieczne czasy,<br \/>\nJego chwa\u0142a b\u0119dzie zawsze na moich ustach.<br \/>\nDusza moja chlubi si\u0119 Panem,<br \/>\nniech s\u0142ysz\u0105 to pokorni i niech si\u0119 wesel\u0105.<\/p>\n<p>Wys\u0142awiajcie ze mn\u0105 Pana,<br \/>\nwsp\u00f3lnie wywy\u017cszajmy Jego imi\u0119.<br \/>\nSzuka\u0142em pomocy u Pana, a On mnie wys\u0142ucha\u0142<br \/>\ni wyzwoli\u0142 od wszelkiej trwogi.<\/p>\n<p>Sp\u00f3jrzcie na Niego, a rozpromienicie si\u0119 rado\u015bci\u0105,<br \/>\noblicza wasze nie zap\u0142on\u0105 wstydem.<br \/>\nOto zawo\u0142a\u0142 biedak i Pan go us\u0142ysza\u0142,<br \/>\ni uwolni\u0142 od wszelkiego ucisku.<\/p>\n<p>Anio\u0142 Pa\u0144ski otacza sza\u0144cem bogobojnych,<br \/>\naby ich ocali\u0107.<br \/>\nSkosztujcie i zobaczcie, jak Pan jest dobry,<br \/>\nszcz\u0119\u015bliwy cz\u0142owiek, kt\u00f3ry znajduje w Nim ucieczk\u0119.<\/p>\n<p>&nbsp;<\/p>\n<p>(J 17,20-26)<br \/>\nW czasie ostatniej wieczerzy Jezus, podni\u00f3s\u0142szy oczy ku niebu, modli\u0142 si\u0119 tymi s\u0142owami: \u201eOjcze \u015awi\u0119ty, prosz\u0119 nie tylko za nimi, ale i za tymi, kt\u00f3rzy dzi\u0119ki ich s\u0142owu b\u0119d\u0105 wierzy\u0107 we Mnie, aby wszyscy stanowili jedno, jak Ty, Ojcze, we Mnie, a Ja w Tobie, aby i oni stanowili jedno w Nas, aby \u015bwiat uwierzy\u0142, \u017ce\u015b Ty Mnie pos\u0142a\u0142. I tak\u017ce chwa\u0142\u0119, kt\u00f3r\u0105 Mi da\u0142e\u015b, przekaza\u0142em im, aby stanowili jedno, tak jak My jedno stanowimy. Ja w nich, a Ty we Mnie. Oby si\u0119 tak zespolili w jedno, aby \u015bwiat pozna\u0142, \u017ce\u015b Ty Mnie pos\u0142a\u0142 i \u017ce\u015b Ty ich umi\u0142owa\u0142 tak, jak Mnie umi\u0142owa\u0142e\u015b. Ojcze, chc\u0119, aby tak\u017ce ci, kt\u00f3rych Mi da\u0142e\u015b, byli ze Mn\u0105 tam, gdzie Ja jestem, aby widzieli chwa\u0142\u0119 moj\u0105, kt\u00f3r\u0105 Mi da\u0142e\u015b, bo umi\u0142owa\u0142e\u015b Mnie przed za\u0142o\u017ceniem \u015bwiata. Ojcze sprawiedliwy! \u015awiat Ciebie nie pozna\u0142, lecz Ja Ciebie pozna\u0142em i oni poznali, \u017ce\u015b Ty Mnie pos\u0142a\u0142. Objawi\u0142em im Twoje imi\u0119 i nadal b\u0119d\u0119 objawia\u0142, aby mi\u0142o\u015b\u0107, kt\u00f3r\u0105 Ty Mnie umi\u0142owa\u0142e\u015b, w nich by\u0142a i Ja w nich\u201d.<\/p>\n<p>&nbsp;<\/p>\n<p><img loading=\"lazy\" decoding=\"async\" class=\"size-medium wp-image-23792 alignright\" src=\"https:\/\/gaudiumetspes-blog.pl\/wp-content\/uploads\/2025\/05\/WhatsApp-Image-2025-05-15-at-22.10.18-300x288.jpeg\" alt=\"\" width=\"300\" height=\"288\" srcset=\"https:\/\/gaudiumetspes-blog.pl\/wp-content\/uploads\/2025\/05\/WhatsApp-Image-2025-05-15-at-22.10.18-300x288.jpeg 300w, https:\/\/gaudiumetspes-blog.pl\/wp-content\/uploads\/2025\/05\/WhatsApp-Image-2025-05-15-at-22.10.18-720x692.jpeg 720w, https:\/\/gaudiumetspes-blog.pl\/wp-content\/uploads\/2025\/05\/WhatsApp-Image-2025-05-15-at-22.10.18-580x557.jpeg 580w, https:\/\/gaudiumetspes-blog.pl\/wp-content\/uploads\/2025\/05\/WhatsApp-Image-2025-05-15-at-22.10.18-320x307.jpeg 320w, https:\/\/gaudiumetspes-blog.pl\/wp-content\/uploads\/2025\/05\/WhatsApp-Image-2025-05-15-at-22.10.18.jpeg 735w\" sizes=\"auto, (max-width: 300px) 100vw, 300px\" \/>\u201eW czasie ostatniej wieczerzy Jezus, podni\u00f3s\u0142szy oczy ku niebu, modli\u0142 si\u0119 (\u2026)\u201d. Ostatnia Wieczerza to jednocze\u015bnie pierwsza Msza \u015aw. Jedno wydarzenie a tak wiele skojarze\u0144 i tre\u015bci. Jezus spo\u017cywa sw\u00f3j ostatni posi\u0142ek z przyjaci\u00f3\u0142mi w atmosferze skupienia, napi\u0119cia, podnios\u0142o\u015bci. Wprowadza swoich uczni\u00f3w w wydarzenie, kt\u00f3re zmieni nie tylko ich \u017cycie ale b\u0119dzie mia\u0142o wp\u0142yw na \u017cycie wszystkich ludzi wszystkich wiek\u00f3w. Jezus wie co Go czeka. Ta Wieczerza jest umocnieniem na drog\u0119 kt\u00f3ra jest przed Nim. I w\u0142a\u015bnie w tym momencie Jezus modli si\u0119 w taki spos\u00f3b \u017ce podnosi oczy ku niebu.<span class=\"Apple-converted-space\">\u00a0<\/span><\/p>\n<p>Cz\u0119sto widz\u0119 ludzi kt\u00f3rzy siedz\u0105 na \u0142awce w parku, przy kawie w restauracji, w domu przy stole, w metrze czy autobusie, albo id\u0105 przed siebie i wszyscy s\u0105 do siebie podobni w jednym \u2013 maj\u0105 g\u0142owy pochylone do do\u0142u i wpatruj\u0105 si\u0119 w ekran telefonu. Tam zawsze jest kolorowo, co\u015b si\u0119 dzieje, szybko mo\u017cna zmieni\u0107 swoj\u0105 rzeczywisto\u015b\u0107 i bardzo \u0142atwo to zrobi\u0107 jednym ruchem palca po ekranie. Niestety, taka postawa cia\u0142a powoduje nie tylko d\u0142ugotrwa\u0142e problemy zdrowotne ale odci\u0119cie si\u0119 od rzeczywisto\u015bci kt\u00f3ra nas otacza. Ludzie przestaj\u0105 patrze\u0107 sobie w oczy i zwraca\u0107 uwag\u0119 na otaczaj\u0105cy ich \u015bwiat. S\u0105 jak \u201ezombie\u201d \u2013 niby \u017cyj\u0105 a s\u0105 jakby martwi. Szukaj\u0105 \u017cycia w \u015bwiecie wirtualnym.<span class=\"Apple-converted-space\">\u00a0<\/span><\/p>\n<p>&nbsp;<\/p>\n<p>Jezus m\u00f3wi \u017ce On jest \u017byciem. Dlatego gdy zwraca swoje oczy ku niebu to pokazuje nam kierunek. Nie tylko chodzi o to \u017ceby podnie\u015b\u0107 g\u0142ow\u0119 do g\u00f3ry i zobaczy\u0107 pi\u0119kno \u015bwiata kt\u00f3ry nas otacza i ludzi kt\u00f3rzy s\u0105 obok nas. Chodzi o to \u017ceby zobaczy\u0107 dok\u0105d id\u0119 i czy to ja decyduj\u0119 o kierunku i sposobie mojego w\u0119drowania przez \u017cycie. U\u017cywaj\u0105c nawigacji w telefonie nigdy nie mo\u017cemy zapomnie\u0107 o samodzielnym my\u015bleniu. \u017badna sztuczna inteligencja nie zast\u0105pi zdrowego rozs\u0105dku i spojrzenia z mi\u0142o\u015bci\u0105 na siebie i drugiego cz\u0142owieka. Spojrze\u0107 w niebo to zobaczy\u0107 Ojca kt\u00f3ry nas kocha i czeka na nas. To pami\u0119ta\u0107 \u017ce nie jeste\u015bmy sami i \u017ce B\u00f3g troszczy si\u0119 o nas.<span class=\"Apple-converted-space\">\u00a0<\/span><\/p>\n<p>&nbsp;<\/p>\n<p>Wiara w S\u0142owo Boga daje nam pewno\u015b\u0107 na \u017cycie wieczne i trwanie w jedno\u015bci z Bogiem. Dzi\u0119ki S\u0142owu Bo\u017cemu wiemy jaki jest cel i sens naszego \u017cycia. Wiemy \u017ce S\u0142owo jest \u015bwiat\u0142em na drodze naszego \u017cycia i pokazuje w\u0142a\u015bciwy kierunek. Nie pozw\u00f3lmy aby troski dnia codziennego przes\u0142oni\u0142y nam to co najwa\u017cniejsze. Jedno\u015bci z Bogiem uczymy si\u0119 ca\u0142e \u017cycie przez rozwa\u017canie Jego S\u0142owa karmienie si\u0119 Jego Cia\u0142em w Eucharystii. Dzi\u0119ki temu uczymy si\u0119 tak\u017ce tego \u017ce nie jeste\u015bmy sami. \u017be jeste\u015bmy bra\u0107mi i siostrami w Jezusie.<span class=\"Apple-converted-space\">\u00a0<\/span><\/p>\n<p>&nbsp;<\/p>\n<p>Podnie\u015b oczy i sp\u00f3jrz \u2013 przed Tob\u0105 nowy dzie\u0144, kt\u00f3ry jest darem Boga. Przed Tob\u0105 kolejny cz\u0142owiek kt\u00f3ry jest darem Boga. Ty jeste\u015b darem Boga dla innych. Amen.<\/p>\n<p>&nbsp;<\/p>\n<p>Ks. Pawe\u0142 Czelu\u015bci\u0144ski, Surgut <span class=\"Apple-converted-space\">\u00a0<\/span><\/p>\n<p>&nbsp;<\/p>\n<p><iframe loading=\"lazy\" title=\"S\u0142\u00f3wko z Syberii - 16.05.2025 Pl\" width=\"720\" height=\"405\" src=\"https:\/\/www.youtube.com\/embed\/rQhRfh6wFVw?feature=oembed\" frameborder=\"0\" allow=\"accelerometer; autoplay; clipboard-write; encrypted-media; gyroscope; picture-in-picture; web-share\" referrerpolicy=\"strict-origin-when-cross-origin\" allowfullscreen><\/iframe><\/p>\n","protected":false},"excerpt":{"rendered":"<p>Chrystus Zmartwychwsta\u0142!\u00a0 &nbsp; Pozdrawiam serdecznie z Syberii, z Surgutu.\u00a0 &nbsp; Dzi\u015b w Polsce obchodzone jest \u015bwi\u0119to \u015bw. Andrzeja Boboli. Zapraszam do wsp\u00f3lnego rozmy\u015blania nad S\u0142owem Bo\u017cym. Dzi\u015b rozmy\u015blanie napisa\u0142 ks. Pawe\u0142, a ni\u017cej znajdziecie s\u0142\u00f3wko gadane. Jednak s\u0142\u00f3wko gadane jest do czyta\u0144 z dnia, poniewa\u017c u nas nie ma dzi\u015b \u015bwi\u0119ta.\u00a0 \u017byczymy wszystkim dobrego, b\u0142ogos\u0142awionego [&hellip;]<\/p>\n","protected":false},"author":3,"featured_media":0,"comment_status":"open","ping_status":"open","sticky":false,"template":"","format":"standard","meta":{"jetpack_post_was_ever_published":false,"_jetpack_newsletter_access":"","_jetpack_dont_email_post_to_subs":false,"_jetpack_newsletter_tier_id":0,"_jetpack_memberships_contains_paywalled_content":false,"_jetpack_memberships_contains_paid_content":false,"footnotes":""},"categories":[1],"tags":[],"class_list":["post-23790","post","type-post","status-publish","format-standard","hentry","category-bez-kategorii"],"yoast_head":"<!-- This site is optimized with the Yoast SEO plugin v25.1 - https:\/\/yoast.com\/wordpress\/plugins\/seo\/ -->\n<title>Podnie\u015b oczy i \u017cyj! - Gaudium Et Spes<\/title>\n<meta name=\"robots\" content=\"index, follow, max-snippet:-1, max-image-preview:large, max-video-preview:-1\" \/>\n<link rel=\"canonical\" href=\"https:\/\/gaudiumetspes-blog.pl\/index.php\/2025\/05\/16\/podnies-oczy-i-zyj\/\" \/>\n<meta property=\"og:locale\" content=\"pl_PL\" \/>\n<meta property=\"og:type\" content=\"article\" \/>\n<meta property=\"og:title\" content=\"Podnie\u015b oczy i \u017cyj! - Gaudium Et Spes\" \/>\n<meta property=\"og:description\" content=\"Chrystus Zmartwychwsta\u0142!\u00a0 &nbsp; Pozdrawiam serdecznie z Syberii, z Surgutu.\u00a0 &nbsp; Dzi\u015b w Polsce obchodzone jest \u015bwi\u0119to \u015bw. Andrzeja Boboli. Zapraszam do wsp\u00f3lnego rozmy\u015blania nad S\u0142owem Bo\u017cym. Dzi\u015b rozmy\u015blanie napisa\u0142 ks. Pawe\u0142, a ni\u017cej znajdziecie s\u0142\u00f3wko gadane. Jednak s\u0142\u00f3wko gadane jest do czyta\u0144 z dnia, poniewa\u017c u nas nie ma dzi\u015b \u015bwi\u0119ta.\u00a0 \u017byczymy wszystkim dobrego, b\u0142ogos\u0142awionego [&hellip;]\" \/>\n<meta property=\"og:url\" content=\"https:\/\/gaudiumetspes-blog.pl\/index.php\/2025\/05\/16\/podnies-oczy-i-zyj\/\" \/>\n<meta property=\"og:site_name\" content=\"Gaudium Et Spes\" \/>\n<meta property=\"article:published_time\" content=\"2025-05-16T07:17:40+00:00\" \/>\n<meta property=\"article:modified_time\" content=\"2025-05-16T07:18:06+00:00\" \/>\n<meta property=\"og:image\" content=\"https:\/\/gaudiumetspes-blog.pl\/wp-content\/uploads\/2025\/05\/WhatsApp-Image-2025-05-15-at-22.10.18-300x288.jpeg\" \/>\n<meta name=\"author\" content=\"Ks. Marek\" \/>\n<meta name=\"twitter:card\" content=\"summary_large_image\" \/>\n<meta name=\"twitter:label1\" content=\"Napisane przez\" \/>\n\t<meta name=\"twitter:data1\" content=\"Ks. Marek\" \/>\n\t<meta name=\"twitter:label2\" content=\"Szacowany czas czytania\" \/>\n\t<meta name=\"twitter:data2\" content=\"5 minut\" \/>\n<script type=\"application\/ld+json\" class=\"yoast-schema-graph\">{\"@context\":\"https:\/\/schema.org\",\"@graph\":[{\"@type\":\"WebPage\",\"@id\":\"https:\/\/gaudiumetspes-blog.pl\/index.php\/2025\/05\/16\/podnies-oczy-i-zyj\/\",\"url\":\"https:\/\/gaudiumetspes-blog.pl\/index.php\/2025\/05\/16\/podnies-oczy-i-zyj\/\",\"name\":\"Podnie\u015b oczy i \u017cyj! - Gaudium Et Spes\",\"isPartOf\":{\"@id\":\"https:\/\/gaudiumetspes-blog.pl\/#website\"},\"primaryImageOfPage\":{\"@id\":\"https:\/\/gaudiumetspes-blog.pl\/index.php\/2025\/05\/16\/podnies-oczy-i-zyj\/#primaryimage\"},\"image\":{\"@id\":\"https:\/\/gaudiumetspes-blog.pl\/index.php\/2025\/05\/16\/podnies-oczy-i-zyj\/#primaryimage\"},\"thumbnailUrl\":\"https:\/\/gaudiumetspes-blog.pl\/wp-content\/uploads\/2025\/05\/WhatsApp-Image-2025-05-15-at-22.10.18-300x288.jpeg\",\"datePublished\":\"2025-05-16T07:17:40+00:00\",\"dateModified\":\"2025-05-16T07:18:06+00:00\",\"author\":{\"@id\":\"https:\/\/gaudiumetspes-blog.pl\/#\/schema\/person\/12bc173d67dadb67c1c90d9c6c34c643\"},\"breadcrumb\":{\"@id\":\"https:\/\/gaudiumetspes-blog.pl\/index.php\/2025\/05\/16\/podnies-oczy-i-zyj\/#breadcrumb\"},\"inLanguage\":\"pl-PL\",\"potentialAction\":[{\"@type\":\"ReadAction\",\"target\":[\"https:\/\/gaudiumetspes-blog.pl\/index.php\/2025\/05\/16\/podnies-oczy-i-zyj\/\"]}]},{\"@type\":\"ImageObject\",\"inLanguage\":\"pl-PL\",\"@id\":\"https:\/\/gaudiumetspes-blog.pl\/index.php\/2025\/05\/16\/podnies-oczy-i-zyj\/#primaryimage\",\"url\":\"https:\/\/gaudiumetspes-blog.pl\/wp-content\/uploads\/2025\/05\/WhatsApp-Image-2025-05-15-at-22.10.18.jpeg\",\"contentUrl\":\"https:\/\/gaudiumetspes-blog.pl\/wp-content\/uploads\/2025\/05\/WhatsApp-Image-2025-05-15-at-22.10.18.jpeg\",\"width\":735,\"height\":706},{\"@type\":\"BreadcrumbList\",\"@id\":\"https:\/\/gaudiumetspes-blog.pl\/index.php\/2025\/05\/16\/podnies-oczy-i-zyj\/#breadcrumb\",\"itemListElement\":[{\"@type\":\"ListItem\",\"position\":1,\"name\":\"Strona g\u0142\u00f3wna\",\"item\":\"https:\/\/gaudiumetspes-blog.pl\/\"},{\"@type\":\"ListItem\",\"position\":2,\"name\":\"Podnie\u015b oczy i \u017cyj!\"}]},{\"@type\":\"WebSite\",\"@id\":\"https:\/\/gaudiumetspes-blog.pl\/#website\",\"url\":\"https:\/\/gaudiumetspes-blog.pl\/\",\"name\":\"Gaudium Et Spes\",\"description\":\"Blog Ks. Jacka Ja\u015bkowskiego\",\"potentialAction\":[{\"@type\":\"SearchAction\",\"target\":{\"@type\":\"EntryPoint\",\"urlTemplate\":\"https:\/\/gaudiumetspes-blog.pl\/?s={search_term_string}\"},\"query-input\":{\"@type\":\"PropertyValueSpecification\",\"valueRequired\":true,\"valueName\":\"search_term_string\"}}],\"inLanguage\":\"pl-PL\"},{\"@type\":\"Person\",\"@id\":\"https:\/\/gaudiumetspes-blog.pl\/#\/schema\/person\/12bc173d67dadb67c1c90d9c6c34c643\",\"name\":\"Ks. Marek\",\"image\":{\"@type\":\"ImageObject\",\"inLanguage\":\"pl-PL\",\"@id\":\"https:\/\/gaudiumetspes-blog.pl\/#\/schema\/person\/image\/\",\"url\":\"https:\/\/gaudiumetspes-blog.pl\/wp-content\/uploads\/2019\/08\/73914d81-03a2-41a3-a2c0-9e0651fc6189-150x150.jpg\",\"contentUrl\":\"https:\/\/gaudiumetspes-blog.pl\/wp-content\/uploads\/2019\/08\/73914d81-03a2-41a3-a2c0-9e0651fc6189-150x150.jpg\",\"caption\":\"Ks. Marek\"},\"description\":\"Nazywam si\u0119 Ks. Marek Ja\u015bkowski i jestem Proboszczem Parafii \u015aw. J\u00f3zefa Robotnika w Surgucie i Parafii \u015aw. Paw\u0142a Aposto\u0142a w Nojabrsku. Moja Parafia to p\u00f3\u0142nocna cz\u0119\u015b\u0107 zachodniej Syberii \u2013 mo\u017cna powiedzie\u0107, \u017ce terytorialnie to prawie po\u0142owa Diecezji nowosybirskiej, jej p\u00f3\u0142nocna cz\u0119\u015b\u0107. Nasz Biskup okre\u015bli\u0142 kiedy\u015b, \u017ce jest to terytorialnie najwi\u0119ksza Parafia na \u015bwiecie! Terytorium Parafii jest czterokrotnie wi\u0119ksze od terytorium Polski! Przez kilka lat by\u0142em jedynym rzymskokatolickim ksi\u0119dzem na tym terytorium, od wrze\u015bnia 2019 roku pos\u0142ug\u0119 podejmuje Wsp\u00f3\u0142pracownik, Ks. Pawe\u0142 Czelu\u015bci\u0144ski. W Parafii pos\u0142uguj\u0105 tak\u017ce dwie Siostry od Anio\u0142\u00f3w, S. Joann i S. Teresa. Terytorium naszej Parafii to Chanty-Mansyjski Autonomiczny Okr\u0119g i Jamalsko-Nieniecki Autonomiczny Okr\u0119g. Jest to terytorium, kt\u00f3re s\u0142ynie z wydobycia ropy i gazu. Wi\u0119kszo\u015b\u0107 ropy, wydobywanej w Rosji \u2013 wydobywa si\u0119 z terenu mojej Parafii. W zwi\u0105zku z tym, w ostatnich kilku dziesi\u0119cioleciach, przyby\u0142o mn\u00f3stwo ludzi w poszukiwaniu pracy. Na tym terenie jest kilkana\u015bcie, a mo\u017ce i kilkadziesi\u0105t \u2013 cz\u0119sto nowych miast, w kt\u00f3rych osiedlaj\u0105 si\u0119 owi przyje\u017cd\u017caj\u0105cy ludzie. Odwiedzamy miasta: Jugorsk i Sowiecki, oddalone 650 km od Surgutu; Uraj \u2013 730 km; Niaga\u0144 \u2013 600 km; Chanty-Mansyjsk \u2013 300 km. To kierunek po\u0142udniowo \u2013 zachodni. Natomiast na p\u00f3\u0142nocy odwiedzamy Nojabrsk \u2013 320 km i Koga\u0142ym \u2013 190 km, Gubkinskij \u2013 500 km; Tarko-Sale \u2013 600 km; Nowyj Urengoj \u2013 760 km. Je\u017adzimy te\u017c do Tiumenii, \u017ceby stamt\u0105d polecie\u0107 samolotem do Salechardu, na ko\u0142o podbiegunowe \u2013 ponad 1100 km w prostej linii \u2013 \u017ceby i tam odwiedzi\u0107 naszych Parafian, kt\u00f3rzy cz\u0119sto bior\u0105 urlop w pracy, aby spotka\u0107 si\u0119 z nami, uczestniczy\u0107 we Mszy \u015awi\u0119tej i w katechizacji. Do Salechardu nie ma drogi, mo\u017cna dotrze\u0107 tylko samolotem, albo (latem) statkiem. Wymienione miasta to tylko niekt\u00f3re z miejsc, kt\u00f3re odwiedzamy. W ca\u0142ej naszej Parafii mamy jeden ko\u015bci\u00f3\u0142 \u2013 w Surgucie \u2013 i jedn\u0105 kaplic\u0119, w Nojabrsku, w jednym z blok\u00f3w. W innych miejscach spotykamy si\u0119 w mieszkaniach Parafian. Ludzie jednak cz\u0119sto kr\u0119puj\u0105 si\u0119 przychodzi\u0107 do kogo\u015b, do domu. A Parafia najbardziej rozwija si\u0119 tam, gdzie jest \u015bwi\u0105tynia. Ostatnio kupili\u015bmy dom na kaplic\u0119 w Koga\u0142ymie. Konieczny jest tam jednak gruntowny remont, kt\u00f3ry aktualnie prowadzimy. Nast\u0119pnym miejscem oczekuj\u0105cym na swoj\u0105 \u015bwi\u0105tyni\u0119 - kaplic\u0119 jest Chanty-Mansyjsk. Dramatycznie potrzeba tu ksi\u0119\u017cy! \u017beby kr\u00f3lestwo Bo\u017ce mog\u0142o wzrasta\u0107 w sercach ludzi, musz\u0105 mie\u0107 oni cz\u0119stszy dost\u0119p do Sakrament\u00f3w. Na terenie naszej Parafii mieszka jakie\u015b 2,5 miliona ludzi, w samym Surgucie \u2013 350 tysi\u0119cy. A tylko dw\u00f3ch Ksi\u0119\u017cy i dwie Siostry. Prosimy Was zatem o dwojak\u0105 pomoc: Modlitwa \u2013 to najwa\u017cniejsze! Prosz\u0119 Was, pom\u00f3dlcie si\u0119 za nasz\u0105 Parafi\u0119 przynajmniej dziesi\u0105tkiem R\u00f3\u017ca\u0144ca, a potem pom\u00f3dlcie si\u0119 przez wstawiennictwo naszych \u015awi\u0119tych Patron\u00f3w: Matki Bo\u017cej Fatimskiej, \u015aw. J\u00f3zefa Robotnika, \u015aw. Paw\u0142a Aposto\u0142a, \u015aw. Jana Paw\u0142a II, Micha\u0142a Archanio\u0142a i Anio\u0142\u00f3w Str\u00f3\u017c\u00f3w. Ofiara \u2013 materialna pomoc tak\u017ce jest nam niezmiernie potrzebna ze wzgl\u0119du na budow\u0119 domu parafialnego w Surgucie, remont domu na kaplic\u0119 w Koga\u0142ymie, oraz organizowanie spotka\u0144 wsp\u00f3lnot i miejsc modlitwy w wielu innych miastach. Wszystkim Darczy\u0144com z serca dzi\u0119kujemy i obiecujemy modlitw\u0119! Niech Was b\u0142ogos\u0142awi B\u00f3g Wszechmog\u0105cy: Ojciec + i Syn, i Duch \u015awi\u0119ty. Amen o.marek@mail.ru www.catholicsurgut.ru Dane do przelewu: Marek Ja\u015bkowski ul. K\u0105pielowa 19\/2 21-500 Bia\u0142a Podlaska Nr konta: 50 1020 5558 1111 1548 2400 0027\",\"url\":\"https:\/\/gaudiumetspes-blog.pl\/index.php\/author\/ks-marek\/\"}]}<\/script>\n<!-- \/ Yoast SEO plugin. -->","yoast_head_json":{"title":"Podnie\u015b oczy i \u017cyj! - Gaudium Et Spes","robots":{"index":"index","follow":"follow","max-snippet":"max-snippet:-1","max-image-preview":"max-image-preview:large","max-video-preview":"max-video-preview:-1"},"canonical":"https:\/\/gaudiumetspes-blog.pl\/index.php\/2025\/05\/16\/podnies-oczy-i-zyj\/","og_locale":"pl_PL","og_type":"article","og_title":"Podnie\u015b oczy i \u017cyj! - Gaudium Et Spes","og_description":"Chrystus Zmartwychwsta\u0142!\u00a0 &nbsp; Pozdrawiam serdecznie z Syberii, z Surgutu.\u00a0 &nbsp; Dzi\u015b w Polsce obchodzone jest \u015bwi\u0119to \u015bw. Andrzeja Boboli. Zapraszam do wsp\u00f3lnego rozmy\u015blania nad S\u0142owem Bo\u017cym. Dzi\u015b rozmy\u015blanie napisa\u0142 ks. Pawe\u0142, a ni\u017cej znajdziecie s\u0142\u00f3wko gadane. Jednak s\u0142\u00f3wko gadane jest do czyta\u0144 z dnia, poniewa\u017c u nas nie ma dzi\u015b \u015bwi\u0119ta.\u00a0 \u017byczymy wszystkim dobrego, b\u0142ogos\u0142awionego [&hellip;]","og_url":"https:\/\/gaudiumetspes-blog.pl\/index.php\/2025\/05\/16\/podnies-oczy-i-zyj\/","og_site_name":"Gaudium Et Spes","article_published_time":"2025-05-16T07:17:40+00:00","article_modified_time":"2025-05-16T07:18:06+00:00","og_image":[{"url":"https:\/\/gaudiumetspes-blog.pl\/wp-content\/uploads\/2025\/05\/WhatsApp-Image-2025-05-15-at-22.10.18-300x288.jpeg","type":"","width":"","height":""}],"author":"Ks. Marek","twitter_card":"summary_large_image","twitter_misc":{"Napisane przez":"Ks. Marek","Szacowany czas czytania":"5 minut"},"schema":{"@context":"https:\/\/schema.org","@graph":[{"@type":"WebPage","@id":"https:\/\/gaudiumetspes-blog.pl\/index.php\/2025\/05\/16\/podnies-oczy-i-zyj\/","url":"https:\/\/gaudiumetspes-blog.pl\/index.php\/2025\/05\/16\/podnies-oczy-i-zyj\/","name":"Podnie\u015b oczy i \u017cyj! - Gaudium Et Spes","isPartOf":{"@id":"https:\/\/gaudiumetspes-blog.pl\/#website"},"primaryImageOfPage":{"@id":"https:\/\/gaudiumetspes-blog.pl\/index.php\/2025\/05\/16\/podnies-oczy-i-zyj\/#primaryimage"},"image":{"@id":"https:\/\/gaudiumetspes-blog.pl\/index.php\/2025\/05\/16\/podnies-oczy-i-zyj\/#primaryimage"},"thumbnailUrl":"https:\/\/gaudiumetspes-blog.pl\/wp-content\/uploads\/2025\/05\/WhatsApp-Image-2025-05-15-at-22.10.18-300x288.jpeg","datePublished":"2025-05-16T07:17:40+00:00","dateModified":"2025-05-16T07:18:06+00:00","author":{"@id":"https:\/\/gaudiumetspes-blog.pl\/#\/schema\/person\/12bc173d67dadb67c1c90d9c6c34c643"},"breadcrumb":{"@id":"https:\/\/gaudiumetspes-blog.pl\/index.php\/2025\/05\/16\/podnies-oczy-i-zyj\/#breadcrumb"},"inLanguage":"pl-PL","potentialAction":[{"@type":"ReadAction","target":["https:\/\/gaudiumetspes-blog.pl\/index.php\/2025\/05\/16\/podnies-oczy-i-zyj\/"]}]},{"@type":"ImageObject","inLanguage":"pl-PL","@id":"https:\/\/gaudiumetspes-blog.pl\/index.php\/2025\/05\/16\/podnies-oczy-i-zyj\/#primaryimage","url":"https:\/\/gaudiumetspes-blog.pl\/wp-content\/uploads\/2025\/05\/WhatsApp-Image-2025-05-15-at-22.10.18.jpeg","contentUrl":"https:\/\/gaudiumetspes-blog.pl\/wp-content\/uploads\/2025\/05\/WhatsApp-Image-2025-05-15-at-22.10.18.jpeg","width":735,"height":706},{"@type":"BreadcrumbList","@id":"https:\/\/gaudiumetspes-blog.pl\/index.php\/2025\/05\/16\/podnies-oczy-i-zyj\/#breadcrumb","itemListElement":[{"@type":"ListItem","position":1,"name":"Strona g\u0142\u00f3wna","item":"https:\/\/gaudiumetspes-blog.pl\/"},{"@type":"ListItem","position":2,"name":"Podnie\u015b oczy i \u017cyj!"}]},{"@type":"WebSite","@id":"https:\/\/gaudiumetspes-blog.pl\/#website","url":"https:\/\/gaudiumetspes-blog.pl\/","name":"Gaudium Et Spes","description":"Blog Ks. Jacka Ja\u015bkowskiego","potentialAction":[{"@type":"SearchAction","target":{"@type":"EntryPoint","urlTemplate":"https:\/\/gaudiumetspes-blog.pl\/?s={search_term_string}"},"query-input":{"@type":"PropertyValueSpecification","valueRequired":true,"valueName":"search_term_string"}}],"inLanguage":"pl-PL"},{"@type":"Person","@id":"https:\/\/gaudiumetspes-blog.pl\/#\/schema\/person\/12bc173d67dadb67c1c90d9c6c34c643","name":"Ks. Marek","image":{"@type":"ImageObject","inLanguage":"pl-PL","@id":"https:\/\/gaudiumetspes-blog.pl\/#\/schema\/person\/image\/","url":"https:\/\/gaudiumetspes-blog.pl\/wp-content\/uploads\/2019\/08\/73914d81-03a2-41a3-a2c0-9e0651fc6189-150x150.jpg","contentUrl":"https:\/\/gaudiumetspes-blog.pl\/wp-content\/uploads\/2019\/08\/73914d81-03a2-41a3-a2c0-9e0651fc6189-150x150.jpg","caption":"Ks. Marek"},"description":"Nazywam si\u0119 Ks. Marek Ja\u015bkowski i jestem Proboszczem Parafii \u015aw. J\u00f3zefa Robotnika w Surgucie i Parafii \u015aw. Paw\u0142a Aposto\u0142a w Nojabrsku. Moja Parafia to p\u00f3\u0142nocna cz\u0119\u015b\u0107 zachodniej Syberii \u2013 mo\u017cna powiedzie\u0107, \u017ce terytorialnie to prawie po\u0142owa Diecezji nowosybirskiej, jej p\u00f3\u0142nocna cz\u0119\u015b\u0107. Nasz Biskup okre\u015bli\u0142 kiedy\u015b, \u017ce jest to terytorialnie najwi\u0119ksza Parafia na \u015bwiecie! Terytorium Parafii jest czterokrotnie wi\u0119ksze od terytorium Polski! Przez kilka lat by\u0142em jedynym rzymskokatolickim ksi\u0119dzem na tym terytorium, od wrze\u015bnia 2019 roku pos\u0142ug\u0119 podejmuje Wsp\u00f3\u0142pracownik, Ks. Pawe\u0142 Czelu\u015bci\u0144ski. W Parafii pos\u0142uguj\u0105 tak\u017ce dwie Siostry od Anio\u0142\u00f3w, S. Joann i S. Teresa. Terytorium naszej Parafii to Chanty-Mansyjski Autonomiczny Okr\u0119g i Jamalsko-Nieniecki Autonomiczny Okr\u0119g. Jest to terytorium, kt\u00f3re s\u0142ynie z wydobycia ropy i gazu. Wi\u0119kszo\u015b\u0107 ropy, wydobywanej w Rosji \u2013 wydobywa si\u0119 z terenu mojej Parafii. W zwi\u0105zku z tym, w ostatnich kilku dziesi\u0119cioleciach, przyby\u0142o mn\u00f3stwo ludzi w poszukiwaniu pracy. Na tym terenie jest kilkana\u015bcie, a mo\u017ce i kilkadziesi\u0105t \u2013 cz\u0119sto nowych miast, w kt\u00f3rych osiedlaj\u0105 si\u0119 owi przyje\u017cd\u017caj\u0105cy ludzie. Odwiedzamy miasta: Jugorsk i Sowiecki, oddalone 650 km od Surgutu; Uraj \u2013 730 km; Niaga\u0144 \u2013 600 km; Chanty-Mansyjsk \u2013 300 km. To kierunek po\u0142udniowo \u2013 zachodni. Natomiast na p\u00f3\u0142nocy odwiedzamy Nojabrsk \u2013 320 km i Koga\u0142ym \u2013 190 km, Gubkinskij \u2013 500 km; Tarko-Sale \u2013 600 km; Nowyj Urengoj \u2013 760 km. Je\u017adzimy te\u017c do Tiumenii, \u017ceby stamt\u0105d polecie\u0107 samolotem do Salechardu, na ko\u0142o podbiegunowe \u2013 ponad 1100 km w prostej linii \u2013 \u017ceby i tam odwiedzi\u0107 naszych Parafian, kt\u00f3rzy cz\u0119sto bior\u0105 urlop w pracy, aby spotka\u0107 si\u0119 z nami, uczestniczy\u0107 we Mszy \u015awi\u0119tej i w katechizacji. Do Salechardu nie ma drogi, mo\u017cna dotrze\u0107 tylko samolotem, albo (latem) statkiem. Wymienione miasta to tylko niekt\u00f3re z miejsc, kt\u00f3re odwiedzamy. W ca\u0142ej naszej Parafii mamy jeden ko\u015bci\u00f3\u0142 \u2013 w Surgucie \u2013 i jedn\u0105 kaplic\u0119, w Nojabrsku, w jednym z blok\u00f3w. W innych miejscach spotykamy si\u0119 w mieszkaniach Parafian. Ludzie jednak cz\u0119sto kr\u0119puj\u0105 si\u0119 przychodzi\u0107 do kogo\u015b, do domu. A Parafia najbardziej rozwija si\u0119 tam, gdzie jest \u015bwi\u0105tynia. Ostatnio kupili\u015bmy dom na kaplic\u0119 w Koga\u0142ymie. Konieczny jest tam jednak gruntowny remont, kt\u00f3ry aktualnie prowadzimy. Nast\u0119pnym miejscem oczekuj\u0105cym na swoj\u0105 \u015bwi\u0105tyni\u0119 - kaplic\u0119 jest Chanty-Mansyjsk. Dramatycznie potrzeba tu ksi\u0119\u017cy! \u017beby kr\u00f3lestwo Bo\u017ce mog\u0142o wzrasta\u0107 w sercach ludzi, musz\u0105 mie\u0107 oni cz\u0119stszy dost\u0119p do Sakrament\u00f3w. Na terenie naszej Parafii mieszka jakie\u015b 2,5 miliona ludzi, w samym Surgucie \u2013 350 tysi\u0119cy. A tylko dw\u00f3ch Ksi\u0119\u017cy i dwie Siostry. Prosimy Was zatem o dwojak\u0105 pomoc: Modlitwa \u2013 to najwa\u017cniejsze! Prosz\u0119 Was, pom\u00f3dlcie si\u0119 za nasz\u0105 Parafi\u0119 przynajmniej dziesi\u0105tkiem R\u00f3\u017ca\u0144ca, a potem pom\u00f3dlcie si\u0119 przez wstawiennictwo naszych \u015awi\u0119tych Patron\u00f3w: Matki Bo\u017cej Fatimskiej, \u015aw. J\u00f3zefa Robotnika, \u015aw. Paw\u0142a Aposto\u0142a, \u015aw. Jana Paw\u0142a II, Micha\u0142a Archanio\u0142a i Anio\u0142\u00f3w Str\u00f3\u017c\u00f3w. Ofiara \u2013 materialna pomoc tak\u017ce jest nam niezmiernie potrzebna ze wzgl\u0119du na budow\u0119 domu parafialnego w Surgucie, remont domu na kaplic\u0119 w Koga\u0142ymie, oraz organizowanie spotka\u0144 wsp\u00f3lnot i miejsc modlitwy w wielu innych miastach. Wszystkim Darczy\u0144com z serca dzi\u0119kujemy i obiecujemy modlitw\u0119! Niech Was b\u0142ogos\u0142awi B\u00f3g Wszechmog\u0105cy: Ojciec + i Syn, i Duch \u015awi\u0119ty. Amen o.marek@mail.ru www.catholicsurgut.ru Dane do przelewu: Marek Ja\u015bkowski ul. K\u0105pielowa 19\/2 21-500 Bia\u0142a Podlaska Nr konta: 50 1020 5558 1111 1548 2400 0027","url":"https:\/\/gaudiumetspes-blog.pl\/index.php\/author\/ks-marek\/"}]}},"jetpack_featured_media_url":"","jetpack_sharing_enabled":true,"_links":{"self":[{"href":"https:\/\/gaudiumetspes-blog.pl\/index.php\/wp-json\/wp\/v2\/posts\/23790","targetHints":{"allow":["GET"]}}],"collection":[{"href":"https:\/\/gaudiumetspes-blog.pl\/index.php\/wp-json\/wp\/v2\/posts"}],"about":[{"href":"https:\/\/gaudiumetspes-blog.pl\/index.php\/wp-json\/wp\/v2\/types\/post"}],"author":[{"embeddable":true,"href":"https:\/\/gaudiumetspes-blog.pl\/index.php\/wp-json\/wp\/v2\/users\/3"}],"replies":[{"embeddable":true,"href":"https:\/\/gaudiumetspes-blog.pl\/index.php\/wp-json\/wp\/v2\/comments?post=23790"}],"version-history":[{"count":2,"href":"https:\/\/gaudiumetspes-blog.pl\/index.php\/wp-json\/wp\/v2\/posts\/23790\/revisions"}],"predecessor-version":[{"id":23794,"href":"https:\/\/gaudiumetspes-blog.pl\/index.php\/wp-json\/wp\/v2\/posts\/23790\/revisions\/23794"}],"wp:attachment":[{"href":"https:\/\/gaudiumetspes-blog.pl\/index.php\/wp-json\/wp\/v2\/media?parent=23790"}],"wp:term":[{"taxonomy":"category","embeddable":true,"href":"https:\/\/gaudiumetspes-blog.pl\/index.php\/wp-json\/wp\/v2\/categories?post=23790"},{"taxonomy":"post_tag","embeddable":true,"href":"https:\/\/gaudiumetspes-blog.pl\/index.php\/wp-json\/wp\/v2\/tags?post=23790"}],"curies":[{"name":"wp","href":"https:\/\/api.w.org\/{rel}","templated":true}]}}