{"id":23796,"date":"2025-05-17T09:46:36","date_gmt":"2025-05-17T07:46:36","guid":{"rendered":"https:\/\/gaudiumetspes-blog.pl\/?p=23796"},"modified":"2025-05-19T08:53:44","modified_gmt":"2025-05-19T06:53:44","slug":"wierzcie-i-ze-ja-jeste","status":"publish","type":"post","link":"https:\/\/gaudiumetspes-blog.pl\/index.php\/2025\/05\/17\/wierzcie-i-ze-ja-jeste\/","title":{"rendered":"Wierzcie Mi, \u017ce Ja jestem!"},"content":{"rendered":"<p align=\"justify\"><span style=\"color: #000000;\"><span style=\"font-family: Book Antiqua, serif;\"><span style=\"font-size: large;\">Szcz\u0119\u015b\u0107 Bo\u017ce! Moi Drodzy, <b>w dniu <\/b><b>wczorajszym<\/b><b> imieniny prze\u017cywa<\/b><b>li<\/b><b>:<\/b><\/span><\/span><\/span><\/p>\n<p align=\"justify\"><span style=\"color: #000000;\">\u25ba<span style=\"font-family: Book Antiqua, serif;\"><span style=\"font-size: large;\"><b>Arcybiskup Andrzej Dzi\u0119ga \u2013 przed laty Dziekan Wydzia\u0142u Prawa, Prawa Kanonicznego i Administracji KUL, a w tym czasie: m\u00f3j Profesor i Promotor drugiej mojej pracy magisterskiej, z prawa kanonicznego;<\/b><\/span><\/span><\/span><\/p>\n<p align=\"justify\"><span style=\"color: #000000;\">\u25ba<span style=\"font-family: Book Antiqua, serif;\"><span style=\"font-size: large;\"><b>Ksi\u0105dz Andrzej Polak, kt\u00f3ry jako starszy Kolega wprowadza\u0142 mnie w arkana \u017cycia seminaryjnego, obecnie: Proboszcz Parafii w Leopoldowie;<\/b><\/span><\/span><\/span><\/p>\n<p align=\"justify\"><span style=\"color: #000000;\">\u25ba<span style=\"font-family: Book Antiqua, serif;\"><span style=\"font-size: large;\"><b>Ksi\u0105dz Andrzej Szpura \u2013 Kolega z jednego liceum i z jednej miejscowo\u015bci; tak\u017ce: wczorajszy Jubilat;<\/b><\/span><\/span><\/span><\/p>\n<p align=\"justify\"><span style=\"color: #000000;\">\u25ba<span style=\"font-family: Book Antiqua, serif;\"><span style=\"font-size: large;\"><b>Ksi\u0105dz Andrzej Witkowski \u2013 by\u0142y Proboszcz mojej rodzinnej Parafii.<\/b><\/span><\/span><\/span><\/p>\n<p align=\"justify\"><span style=\"color: #000000;\"><span style=\"font-family: Book Antiqua, serif;\"><span style=\"font-size: large;\"><b>Rocznic\u0119 zawarcia sakramentalnego Ma\u0142\u017ce\u0144stwa prze\u017cywali natomiast Pa\u0144stwo Marta i Dawid B\u0142aszczakowie, tak\u017ce z Bia\u0142ej Podlaskiej.<\/b><\/span><\/span><\/span><\/p>\n<p align=\"justify\"><span style=\"color: #000000;\"><span style=\"font-family: Book Antiqua, serif;\"><span style=\"font-size: large;\"><b>Urodziny za\u015b prze\u017cywa\u0142 Grzegorz Pa\u0142yska, nale\u017c\u0105cy w swoim czasie do Wsp\u00f3lnoty m\u0142odzie\u017cowej w Tr\u0105bkach.<\/b><\/span><\/span><\/span><\/p>\n<p align=\"justify\"><span style=\"color: #000000;\"><span style=\"font-family: Book Antiqua, serif;\"><span style=\"font-size: large;\"><b>Urodziny prze\u017cywa\u0142 dzisiaj tak\u017ce Prezydent Polski, Andrzej Duda.<\/b><\/span><\/span><\/span><\/p>\n<p align=\"justify\"><span style=\"color: #000000;\"><span style=\"font-size: large;\"><span style=\"font-family: Book Antiqua, serif;\"><b>Natomiast <\/b><\/span><span style=\"font-family: Book Antiqua, serif;\"><b>w dniu dzisiejszym<\/b><\/span><b> <\/b><span style=\"font-family: Book Antiqua, serif;\"><b>imieniny prze\u017cywaj\u0105:<\/b><\/span><\/span><\/span><\/p>\n<p align=\"justify\"><span style=\"color: #000000;\">\u25ba<span style=\"font-family: Book Antiqua, serif;\"><span style=\"font-size: large;\"><b>Weronika Kowalska \u2013 nale\u017c\u0105ca w swoim czasie do Wsp\u00f3lnoty m\u0142odzie\u017cowej w Tr\u0105bkach;<\/b><\/span><\/span><\/span><\/p>\n<p align=\"justify\"><span style=\"color: #000000;\">\u25ba<span style=\"font-family: Book Antiqua, serif;\"><span style=\"font-size: large;\"><b>Weronika Bernaciak \u2013 moja by\u0142a Uczennica w Liceum Lelewela w \u017belechowie.<\/b><\/span><\/span><\/span><\/p>\n<p align=\"justify\"><span style=\"color: #000000;\"><span style=\"font-family: Book Antiqua, serif;\"><span style=\"font-size: large;\"><b>Rocznic\u0119 \u015awi\u0119ce\u0144 kap\u0142a\u0144skich natomiast prze\u017cywaj\u0105:<\/b><\/span><\/span><\/span><\/p>\n<p align=\"justify\"><span style=\"color: #000000;\">\u25ba<span style=\"font-family: Book Antiqua, serif;\"><span style=\"font-size: large;\"><b>Ksi\u0105dz Micha\u0142 Dziedzic \u2013 pochodz\u0105cy z mojej Parafii, wy\u015bwi\u0119cony w Diecezji warszawsko \u2013 praskiej, Duszpasterz M\u0142odzie\u017cy tej w\u0142a\u015bnie Diecezji;<\/b><\/span><\/span><\/span><\/p>\n<p align=\"justify\"><span style=\"color: #000000;\">\u25ba<span style=\"font-family: Book Antiqua, serif;\"><span style=\"font-size: large;\"><b>Ksi\u0105dz Pawe\u0142 Czelu\u015bci\u0144ski \u2013 Kolega kursowy Ksi\u0119dza Micha\u0142a, te\u017c pochodz\u0105cy z naszej Diecezji, a dok\u0142adnie z Siedlec, a obecnie: Wikariusz w Parafii w Surgucie.<\/b><\/span><\/span><\/span><\/p>\n<p align=\"justify\"><span style=\"color: #000000;\"><span style=\"font-family: Book Antiqua, serif;\"><span style=\"font-size: large;\"><b>Wszystkim \u015bwi\u0119tuj\u0105cym \u017cycz\u0119 Bo\u017cej opieki i wszelkich dobrych natchnie\u0144. Zapewniam o modlitwie!<\/b><\/span><\/span><\/span><\/p>\n<p align=\"justify\"><span style=\"color: #000000;\"><span style=\"font-family: Book Antiqua, serif;\"><span style=\"font-size: large;\">Drodzy moi, z ca\u0142ego serca dzi\u0119kuj\u0119 Ekipie syberyskiej za wczorajsze s\u0142\u00f3wko z Syberii! Ksi\u0119dzu Markowi za zorganizowanie ca\u0142o\u015bci i s\u0142\u00f3wko m\u00f3wione, a Ksi\u0119dzu Paw\u0142owi \u2013 dzisiejszemu Jubilatowi \u2013 za s\u0142\u00f3wko pisane, zawieraj\u0105ce naprawd\u0119 ciekawe refleksje, daj\u0105ce g\u0142\u0119boko do my\u015blenia\u2026 Wielkie dzi\u0119ki! Modlitw\u0105 wspierajmy pos\u0142ug\u0119 duszpastersk\u0105 w Parafii Surgut i na ca\u0142ej Syberii.<\/span><\/span><\/span><\/p>\n<p align=\"justify\"><span style=\"color: #000000;\"><span style=\"font-family: Book Antiqua, serif;\"><span style=\"font-size: large;\">Dzi\u0119kuj\u0119 r\u00f3wnie\u017c Wszystkim, kt\u00f3rzy byli z nami na wczorajszej audycji wieczornej w Katolickim Radiu Podlasie \u2013 i to po obu stronach mikrofonu:<\/span><\/span><\/span><\/p>\n<p align=\"justify\"><span style=\"color: #000000;\"><span style=\"font-family: Book Antiqua, serif;\"><span style=\"font-size: medium;\"><strong><a href=\"http:\/\/archiwum.radiopodlasie.pl\/NEW\/2025\/05\/16\/oddzial-ksm-w-parafii-pw-sw-jana-chrzciciela-w-parczewie\/\"><span style=\"font-size: large;\">http:\/\/archiwum.radiopodlasie.pl\/NEW\/2025\/05\/16\/oddzial-ksm-w-parafii-pw-sw-jana-chrzciciela-w-parczewie\/<\/span><\/a><\/strong><\/span><\/span><\/span><\/p>\n<p align=\"justify\"><span style=\"color: #000000;\"><span style=\"font-family: Book Antiqua, serif;\"><span style=\"font-size: large;\">Zach\u0119cam do ods\u0142uchania \u2013 je\u017celi kto\u015b nie m\u00f3g\u0142 by\u0107 z nami wczoraj. Niech chwa\u0142a Pana ja\u015bnieje w ca\u0142ym dziele naszych audycji!<\/span><\/span><\/span><\/p>\n<p align=\"justify\"><span style=\"color: #000000;\"><span style=\"font-family: Book Antiqua, serif;\"><span style=\"font-size: large;\">A ja dzisiaj, o 12:00, odprawi\u0119 Msz\u0119 \u015awi\u0119t\u0105 dla \u2013 i w intencji \u2013 Duszpasterstwa Niewidomych i Niedowidz\u0105cych, kt\u00f3re tak\u017ce mam pod opiek\u0105. Po niej za\u015b \u2013 spotkanie przy herbacie.<\/span><\/span><\/span><\/p>\n<p align=\"justify\"><span style=\"color: #000000;\"><span style=\"font-family: Book Antiqua, serif;\"><span style=\"font-size: large;\">Natomiast o 17:40, w Leopoldowie, odprawi\u0119 Msz\u0119 \u015awi\u0119t\u0105 w intencji Proboszcza tej\u017ce Parafii, Ksi\u0119dza Andrzeja Polaka, z okazji wczorajszych imienin. Przyznaj\u0119, \u017ce jest to dla mnie podw\u00f3jna rado\u015b\u0107: po pierwsze, z tego powodu, \u017ce b\u0119d\u0119 m\u00f3g\u0142 pomodli\u0107 si\u0119 \u2013 i to ze wsp\u00f3lnot\u0105 Wiernych \u2013 w intencji Cz\u0142owieka, kt\u00f3remu naprawd\u0119 wiele zawdzi\u0119czam, szczeg\u00f3lnie na pocz\u0105tku mojej seminaryjnej formacji; a po drugie dlatego, \u017ce dokona si\u0119 to na pro\u015bb\u0119 Filipa Dawidka, Lektora tej\u017ce Parafii, Za\u0142o\u017cyciela i Prezesa Parafialnego Oddzia\u0142u KSM, Cz\u0142onka FORMACJI \u00abSPE SALVI\u00bb, a tak prywatnie: Cz\u0142owieka bardzo, ale to bardzo mi bliskiego! A On z kolei \u2013 zebra\u0142 i przekaza\u0142 mi pragnienia wielu Parafian. <\/span><\/span><\/span><\/p>\n<p align=\"justify\"><span style=\"color: #000000;\"><span style=\"font-family: Book Antiqua, serif;\"><span style=\"font-size: large;\">Jestem ogromnie zbudowany tak\u0105 postaw\u0105 Parafian, tak w\u0142a\u015bnie wspieraj\u0105cych swego Proboszcza, poprzez chocia\u017cby szukanie Ksi\u0119dza, kt\u00f3ry odprawi Msz\u0119 \u015awi\u0119t\u0105 w Jego intencji, w dniu imienin. Rozwin\u0119 ten w\u0105tek w Leopoldowie, na Mszy \u015awi\u0119tej, w homilii. Ale Filipowi najserdeczniej dzi\u0119kuj\u0119 za wielkie \u015bwiadectwo wiary i ogromnego szacunku do pos\u0142ugi kap\u0142a\u0144skiej swego Proboszcza. <\/span><\/span><\/span><\/p>\n<p align=\"justify\"><span style=\"color: #000000;\"><span style=\"font-family: Book Antiqua, serif;\"><span style=\"font-size: large;\">I niech mi tu kto\u015b powie co\u015b o kryzysie Ko\u015bcio\u0142a, o kryzysie M\u0142odzie\u017cy w Ko\u015bciele i o antyklerykalizmie!<\/span><\/span><\/span><\/p>\n<p align=\"justify\"><span style=\"color: #000000;\"><span style=\"font-family: Book Antiqua, serif;\"><span style=\"font-size: large;\">A teraz ju\u017c zapraszam do ws\u0142uchania si\u0119 w Bo\u017ce s\u0142owo dzisiejszej liturgii. Oto s\u0142\u00f3wko Ksi\u0119dza Marka na dzi\u015b:<\/span><\/span><\/span><\/p>\n<p align=\"justify\"><span style=\"color: #000000;\"><span style=\"font-family: Book Antiqua, serif;\"><span style=\"font-size: medium;\"><a href=\"https:\/\/www.youtube.com\/c\/CatholicSurgut\"><span style=\"font-size: large;\"><b>https:\/\/www.youtube.com\/c\/CatholicSurgut<\/b><\/span><\/a><\/span><\/span><\/span><\/p>\n<p align=\"justify\"><span style=\"color: #000000;\"><span style=\"font-family: Book Antiqua, serif;\"><span style=\"font-size: large;\">Skorzystajmy tak\u017ce z pomocy, jak\u0105 oferuje nam Kacper swoim rozwa\u017caniem. Jak w ka\u017cd\u0105 sobot\u0119! I jak za ka\u017cdym razem \u2013 jest o czym pomy\u015ble\u0107. Mnie szczeg\u00f3lnie poruszy\u0142 w\u0105tek zazdro\u015bci, jaka mo\u017ce opanowa\u0107 \u2013 oby nie, ale tak mo\u017ce by\u0107 \u2013 serce i umys\u0142 g\u0142osiciela Bo\u017cego s\u0142owa, duszpasterza lub lidera wsp\u00f3lnoty. Inne w\u0105tki te\u017c daj\u0105 do my\u015blenia. <\/span><\/span><\/span><\/p>\n<p align=\"justify\"><span style=\"color: #000000;\"><span style=\"font-family: Book Antiqua, serif;\"><span style=\"font-size: large;\">Bardzo dzi\u0119kuj\u0119 Kacprowi za to, \u017ce tak jasno i konkretnie je porusza, ale te\u017c za to, \u017ce tak odwa\u017cnie dzieli si\u0119 z nami swoim osobistym do\u015bwiadczeniem, nie omijaj\u0105c trudno\u015bci, z kt\u00f3rymi sobie radzi \u2013 raz lepiej, a raz gorzej. To wielka szczero\u015b\u0107 \u2013 ale i wielki szacunek i znak zaufania do nas, Czytelnik\u00f3w.<\/span><\/span><\/span><\/p>\n<p align=\"justify\"><span style=\"color: #000000;\"><span style=\"font-family: Book Antiqua, serif;\"><span style=\"font-size: large;\">Jak zawsze, tak i dzisiaj zach\u0119cam do tego, by s\u0142\u00f3wko Kacpra nie tylko przeczyta\u0107, ale i go w skupieniu pos\u0142ucha\u0107:<\/span><\/span><\/span><\/p>\n<p align=\"justify\"><span style=\"color: #000000;\"><span style=\"font-family: Book Antiqua, serif;\"><span style=\"font-size: medium;\"><a href=\"https:\/\/www.youtube.com\/@kacpergrandczech\"><span style=\"font-size: large;\"><span lang=\"zxx\"><u><b>https:\/\/www.youtube.com\/@kacpergrandczech<\/b><\/u><\/span><\/span><\/a><b> <\/b><\/span><\/span><\/span><\/p>\n<p align=\"justify\"><span style=\"color: #000000;\"><span style=\"font-family: Book Antiqua, serif;\"><span style=\"font-size: large;\">Zatem, <b>co Pan dzisiaj do mnie konkretnie m\u00f3wi? Z jakim osobistym przes\u0142aniem zwraca si\u0119 do mnie?<\/b> Duchu \u015awi\u0119ty, przyjd\u017a ze swoj\u0105 moc\u0105 i \u015bwiat\u0142em, pom\u00f3\u017c zg\u0142\u0119bi\u0107 S\u0142owa tre\u015b\u0107!<\/span><\/span><\/span><\/p>\n<p align=\"justify\"><span style=\"color: #000000;\"><span style=\"font-family: Book Antiqua, serif;\"><span style=\"font-size: large;\"><b>Niech Was b\u0142ogos\u0142awi B\u00f3g Wszechmog\u0105cy: Ojciec + i Syn, i Duch \u015awi\u0119ty. Amen<\/b><\/span><\/span><\/span><\/p>\n<p align=\"center\"><span style=\"color: #000000;\"><span style=\"font-family: Book Antiqua, serif;\"><span style=\"font-size: large;\">Gaudium et spes! Ks. Jacek<\/span><\/span><\/span><\/p>\n<p align=\"center\">\n<p align=\"center\">\n<p align=\"center\">\n<p align=\"center\">\n<p align=\"center\">\n<p align=\"justify\"><span style=\"color: #000000;\"><span style=\"font-family: Book Antiqua, serif;\"><span style=\"font-size: large;\"><b>Sobota 4 Tygodnia Wielkanocy,<\/b><\/span><\/span><\/span><\/p>\n<p align=\"justify\"><span style=\"color: #000000;\"><span style=\"font-family: Book Antiqua, serif;\"><span style=\"font-size: large;\"><b>17 maja 2025.,<\/b><\/span><\/span><\/span><\/p>\n<p align=\"justify\"><span style=\"color: #000000;\"><span style=\"font-family: Book Antiqua, serif;\"><span style=\"font-size: large;\"><b>do czyta\u0144: Dz 13,44\u201352; J 14,7\u201314<\/b><\/span><\/span><\/span><\/p>\n<p align=\"justify\">\n<p align=\"justify\">\n<p align=\"justify\">\n<p align=\"justify\">\n<p align=\"justify\">\n<p align=\"justify\"><span style=\"color: #000000;\"><span style=\"font-family: Book Antiqua, serif;\"><span style=\"font-size: large;\"><b>CZYTANIE Z DZIEJ\u00d3W APOSTOLSKICH:<\/b><\/span><\/span><\/span><\/p>\n<p align=\"justify\"><span style=\"color: #000000;\"><span style=\"font-family: Book Antiqua, serif;\"><span style=\"font-size: large;\"><b>W nast\u0119pny szabat po kazaniu Paw\u0142a w synagodze w Antiochii Pizydyjskiej zebra\u0142o si\u0119 niemal ca\u0142e miasto, aby s\u0142ucha\u0107 s\u0142owa Bo\u017cego. Gdy \u017bydzi zobaczyli t\u0142umy, ogarn\u0119\u0142a ich zazdro\u015b\u0107, i blu\u017ani\u0105c sprzeciwiali si\u0119 temu, co m\u00f3wi\u0142 Pawe\u0142. <\/b><\/span><\/span><\/span><\/p>\n<p align=\"justify\"><span style=\"color: #000000;\"><span style=\"font-family: Book Antiqua, serif;\"><span style=\"font-size: large;\"><b>Wtedy Pawe\u0142 i Barnaba powiedzieli odwa\u017cnie: \u201eNale\u017ca\u0142o g\u0142osi\u0107 s\u0142owo Bo\u017ce najpierw wam. Skoro jednak odrzucacie je i sami uznajecie si\u0119 za niegodnych \u017cycia wiecznego, zwracamy si\u0119 do pogan. Tak bowiem nakaza\u0142 nam Pan: \u00abUstanowi\u0142em ci\u0119 \u015bwiat\u0142o\u015bci\u0105 dla pogan, aby\u015b by\u0142 zbawieniem a\u017c po kra\u0144ce ziemi\u00bb\u201d. <\/b><\/span><\/span><\/span><\/p>\n<p align=\"justify\"><span style=\"color: #000000;\"><span style=\"font-family: Book Antiqua, serif;\"><span style=\"font-size: large;\"><b>Poganie s\u0142ysz\u0105c to radowali si\u0119 i uwielbiali s\u0142owo Pa\u0144skie, a wszyscy, przeznaczeni do \u017cycia wiecznego, uwierzyli. S\u0142owo Pa\u0144skie rozszerza\u0142o si\u0119 po ca\u0142ym kraju. <\/b><\/span><\/span><\/span><\/p>\n<p align=\"justify\"><span style=\"color: #000000;\"><span style=\"font-family: Book Antiqua, serif;\"><span style=\"font-size: large;\"><b>Ale \u017bydzi podburzyli pobo\u017cne a wp\u0142ywowe kobiety i znaczniejszych obywateli, wzniecili prze\u015bladowanie Paw\u0142a i Barnaby i wyrzucili ich ze swych granic. A oni otrz\u0105sn\u0105wszy na nich py\u0142 z n\u00f3g, przyszli do Ikonium, a uczni\u00f3w nape\u0142nia\u0142o wesele i Duch \u015awi\u0119ty.<\/b><\/span><\/span><\/span><\/p>\n<p align=\"justify\">\n<p align=\"justify\">\n<p align=\"justify\">\n<p align=\"justify\">\n<p align=\"justify\">\n<p align=\"justify\"><span style=\"color: #000000;\"><span style=\"font-family: Book Antiqua, serif;\"><span style=\"font-size: large;\"><b>S\u0141OWA EWANGELII WED\u0141UG \u015aWI\u0118TEGO JANA: <\/b><\/span><\/span><\/span><\/p>\n<p align=\"justify\"><span style=\"color: #000000;\"><span style=\"font-family: Book Antiqua, serif;\"><span style=\"font-size: large;\"><b>Jezus powiedzia\u0142 do swoich uczni\u00f3w: \u201eGdyby\u015bcie Mnie poznali, znaliby\u015bcie i mojego Ojca. Ale teraz ju\u017c Go znacie i zobaczyli\u015bcie\u201d. <\/b><\/span><\/span><\/span><\/p>\n<p align=\"justify\"><span style=\"color: #000000;\"><span style=\"font-family: Book Antiqua, serif;\"><span style=\"font-size: large;\"><b>Rzek\u0142 do Niego Filip: \u201ePanie, poka\u017c nam Ojca, a to nam wystarczy\u201d. <\/b><\/span><\/span><\/span><\/p>\n<p align=\"justify\"><span style=\"color: #000000;\"><span style=\"font-family: Book Antiqua, serif;\"><span style=\"font-size: large;\"><b>Odpowiedzia\u0142 mu Jezus: \u201eFilipie, tak d\u0142ugo jestem z wami, a jeszcze Mnie nie pozna\u0142e\u015b? Kto Mnie zobaczy\u0142, zobaczy\u0142 tak\u017ce i Ojca. Dlaczego wi\u0119c m\u00f3wisz: \u00abPoka\u017c nam Ojca\u00bb? Czy nie wierzysz, \u017ce Ja jestem w Ojcu, a Ojciec we Mnie? S\u0142\u00f3w tych, kt\u00f3re wam m\u00f3wi\u0119, nie wypowiadam od siebie. Ojciec, kt\u00f3ry trwa we Mnie, On sam dokonuje tych dzie\u0142. Wierzcie Mi, \u017ce Ja jestem w Ojcu, a Ojciec we Mnie. Je\u017celi za\u015b nie, wierzcie przynajmniej ze wzgl\u0119du na same dzie\u0142a. <\/b><\/span><\/span><\/span><\/p>\n<p align=\"justify\"><span style=\"color: #000000;\"><span style=\"font-family: Book Antiqua, serif;\"><span style=\"font-size: large;\"><b>Zaprawd\u0119, zaprawd\u0119 powiadam wam: Kto we Mnie wierzy, b\u0119dzie tak\u017ce dokonywa\u0142 tych dzie\u0142, kt\u00f3rych Ja dokonuj\u0119, owszem i wi\u0119ksze od tych uczyni, bo Ja id\u0119 do Ojca. A o cokolwiek prosi\u0107 b\u0119dziecie w imi\u0119 moje, to uczyni\u0119, aby Ojciec by\u0142 otoczony chwa\u0142\u0105 w Synu. O cokolwiek prosi\u0107 Mnie b\u0119dziecie w imi\u0119 moje, Ja to spe\u0142ni\u0119\u201d.<\/b><\/span><\/span><\/span><\/p>\n<p align=\"justify\">\n<p align=\"justify\">\n<p align=\"justify\">\n<p align=\"justify\">\n<p align=\"justify\">\n<p align=\"center\"><span style=\"color: #000000;\"><span style=\"font-family: Book Antiqua, serif;\"><span style=\"font-size: large;\"><b>A OTO S\u0141\u00d3WKO KACPRA:<\/b><\/span><\/span><\/span><\/p>\n<p align=\"center\">\n<p align=\"center\">\n<p align=\"center\">\n<p align=\"center\">\n<p align=\"center\">\n<p align=\"justify\"><span style=\"font-family: Book Antiqua, serif;\"><span style=\"font-size: large;\"><span style=\"color: #000000;\"><span lang=\"pl-PL\">Dzisiejsze fragmenty <\/span><span lang=\"pl-PL\">biblijne<\/span><span lang=\"pl-PL\"> pi\u0119knie weryfikuj\u0105, to jakimi <\/span><span lang=\"pl-PL\">c<\/span><span lang=\"pl-PL\">hrze\u015bcijanami jeste\u015bmy. Uwa\u017cnie czytaj\u0105c fragment z Dziej\u00f3w Apostolskich oraz Ewangeli\u0119 w<\/span><span lang=\"pl-PL\">ed\u0142ug<\/span><span lang=\"pl-PL\"> \u015aw<\/span><span lang=\"pl-PL\">i\u0119tego<\/span><span lang=\"pl-PL\"> Jana \u2013 mo\u017cemy dokona\u0107 pewnego rachunku sumienia naszej relacji z Bogiem oraz postawy, jak\u0105 przyjmujemy wobec S\u0142owa Bo\u017cego. <\/span><\/span><\/span><\/span><\/p>\n<p align=\"justify\"><span style=\"font-family: Book Antiqua, serif;\"><span style=\"font-size: large;\"><span style=\"color: #000000;\"><span lang=\"pl-PL\">Zdarzenia, opisane w powy\u017cszych czytaniach, <\/span><span lang=\"pl-PL\">mia\u0142y miejsce dwa tysi\u0105ce lat temu<\/span><span lang=\"pl-PL\">, ale s\u0105 tak bardzo uniwersalne, ponadczasowe i aktualne ka\u017cdego dnia. Nasuwa mi si\u0119 taki wniosek, \u017ce przez <\/span><span lang=\"pl-PL\">wszystkie <\/span><span lang=\"pl-PL\">wieki historii ludzko\u015bci nasze zachowania, \u017c\u0105dze, nami\u0119tno\u015bci \u2013 <\/span><span lang=\"pl-PL\">nic a nic si\u0119 nie zmieni\u0142y! <\/span><span lang=\"pl-PL\">Technologia si\u0119 rozwija; wiedza, nauka, medycyna, ideologie <\/span><span lang=\"pl-PL\">te\u017c, <\/span><span lang=\"pl-PL\">natomiast my, jako ludzie, kierujemy si\u0119 bardzo podobnym sposobem my\u015blenia. Czy chocia\u017cby to nie jest jednym z wielu przyk\u0142ad\u00f3w na to, \u017ce \u015bwiat duchowy naprawd\u0119 istnieje i tak realnie odciska pi\u0119tno na nas, ludzi?<\/span><\/span><\/span><\/span><\/p>\n<p align=\"justify\"><span style=\"font-family: Book Antiqua, serif;\"><span style=\"font-size: large;\"><span style=\"color: #000000;\"><span lang=\"pl-PL\">Zobaczmy, \u017ce bardzo wiele os\u00f3b zebra\u0142o si\u0119, aby s\u0142ucha\u0107 S\u0142owa Bo\u017cego. W pierwszej kolejno\u015bci, jak m\u00f3wi Pawe\u0142, Ewangelia by\u0142a kierowana do \u017byd\u00f3w. Nie chcieli jednak oni s\u0142ucha\u0107 trudnej prawdy o tym, \u017ce ich nar\u00f3d zabi\u0142 Zbawiciela. Nie chcieli s\u0142ucha\u0107 trudnych s\u0142\u00f3w o tym, \u017ce droga do <\/span><span lang=\"pl-PL\">z<\/span><span lang=\"pl-PL\">bawienia jest zgo\u0142a inna, ni\u017c im si\u0119 wydaje. Czytaj\u0105c Stary Testament, <\/span><span lang=\"pl-PL\">do\u015b\u0107 cz\u0119sto niestety przekonujemy si\u0119, \u017ce <\/span><span lang=\"pl-PL\">nar\u00f3d wybrany co chwil\u0119 odchodzi<\/span><span lang=\"pl-PL\">\u0142<\/span><span lang=\"pl-PL\"> od Boga albo wr\u0119cz Mu si\u0119 przeciwstawia<\/span><span lang=\"pl-PL\">\u0142<\/span><span lang=\"pl-PL\">. <\/span><\/span><\/span><\/span><\/p>\n<p align=\"justify\"><span style=\"font-family: Book Antiqua, serif;\"><span style=\"font-size: large;\"><span style=\"color: #000000;\"><span lang=\"pl-PL\">Dzi\u015b w<\/span><span lang=\"pl-PL\">idzimy, \u017ce podczas nauczania Paw\u0142a <\/span><span lang=\"pl-PL\">i<\/span><span lang=\"pl-PL\"> Barnaby niekt\u00f3rych s\u0142uchaczy ogrania ogromna zazdro\u015b\u0107. Zdajemy sobie spraw\u0119, \u017ce uczucie to na pewno nie pochodzi od Boga. Czy i dzisiaj nie jest tak w\u015br\u00f3d os\u00f3b duchownych, lider\u00f3w wsp\u00f3lnot i innych os\u00f3b odpowiedzialnych za <\/span><span lang=\"pl-PL\">e<\/span><span lang=\"pl-PL\">wangelizacj\u0119? <\/span><\/span><\/span><\/span><\/p>\n<p align=\"justify\"><span style=\"font-family: Book Antiqua, serif;\"><span style=\"font-size: large;\"><span style=\"color: #000000;\"><span lang=\"pl-PL\">Na samym pocz\u0105tku mojego nawr\u00f3cenia mia\u0142em taki bardzo romantyczny obraz tego, \u017ce b\u0119d\u0105c nawr\u00f3conym <\/span><span lang=\"pl-PL\">c<\/span><span lang=\"pl-PL\">hrze\u015bcijaninem, <\/span><span lang=\"pl-PL\">k<\/span><span lang=\"pl-PL\">atolikiem, mog\u0119 liczy\u0107 na wsparcie innych os\u00f3b z mojego \u015brodowiska. Przecie\u017c to normalne, \u017ce wszyscy bracia i siostry w Chrystusie powinni si\u0119 wspiera\u0107, prawda? Zacz\u0105\u0142em jednak zdawa\u0107 sobie spraw\u0119 \u2013 po rozmowie z ksi\u0119\u017cmi, liderami, ewangelizatorami \u2013 \u017ce istnieje co\u015b takiego jak zazdro\u015b\u0107 o to, <\/span><span lang=\"pl-PL\">\u017ce<\/span><span lang=\"pl-PL\"> ludzie wol\u0105 i\u015b\u0107 s\u0142ucha\u0107 Ewangelii od kogo\u015b innego. <\/span><\/span><\/span><\/span><\/p>\n<p align=\"justify\"><span style=\"font-family: Book Antiqua, serif;\"><span style=\"font-size: large;\"><span style=\"color: #000000;\"><span lang=\"pl-PL\">W rozmow<\/span><span lang=\"pl-PL\">ach tych<\/span><span lang=\"pl-PL\"> pada\u0142y zdania, \u017ce czasami jeden ksi\u0105dz nie chce, by wierni poszli na <\/span><span lang=\"pl-PL\">M<\/span><span lang=\"pl-PL\">sz\u0119 czy do ko\u015bcio\u0142a do drugiego ksi\u0119dza, bo \u2013 cytuj\u0119 \u2013 \u201eukradnie mi wiernych\u201d. To samo tyczy si\u0119 wsp\u00f3lnot i innych grup, zrzeszaj\u0105cych osoby wierz\u0105ce w Jezusa. Mo\u017ce mam ca\u0142y czas romantyczne i nieco naiwne podej\u015bcie, ale totalnie nie umiem tego zrozumie\u0107, jak mo\u017cna w og\u00f3le u\u017cywa\u0107 takich argument\u00f3w?! <\/span><\/span><\/span><\/span><\/p>\n<p align=\"justify\"><span style=\"font-family: Book Antiqua, serif;\"><span style=\"font-size: large;\"><span style=\"color: #000000;\"><span lang=\"pl-PL\">Oczywi\u015bcie, wiemy, \u017ce jak nie wiadomo o co chodzi, to chodzi o pieni\u0105dze i wp\u0142ywy z ofiar obecnych os\u00f3b, ale czy naprawd\u0119 tym powinni\u015bmy si\u0119 kierowa\u0107, buduj\u0105c Ko\u015bci\u00f3\u0142 Chrystusa? Czy przychodzimy s\u0142ucha\u0107 S\u0142owa Bo\u017cego i wed\u0142ug niego \u017cy\u0107, czy tworzymy jakie\u015b organizacje i zale\u017cy nam na zarobku, dobrach rzeczowych, b\u0105d\u017a innych przyziemnych rzeczach? <\/span><\/span><\/span><\/span><\/p>\n<p align=\"justify\"><span style=\"font-family: Book Antiqua, serif;\"><span style=\"font-size: large;\"><span style=\"color: #000000;\"><span lang=\"pl-PL\">Moim marzeniem jest to, aby wszyscy wierz\u0105cy w Chrystusa pomagali sobie, byli dla siebie pomocni i otwarci. Takiego Ko\u015bcio\u0142a pragn\u0119 i nie tylko w\u015br\u00f3d <\/span><span lang=\"pl-PL\">k<\/span><span lang=\"pl-PL\">atolik\u00f3w, ale wszystkich <\/span><span lang=\"pl-PL\">c<\/span><span lang=\"pl-PL\">hrze\u015bcijan. Dlaczego chcemy ludzi ogranicza\u0107 i zmusza\u0107 do jakiej\u015b przynale\u017cno\u015bci do grupy, <\/span><span lang=\"pl-PL\">K<\/span><span lang=\"pl-PL\">o\u015bcio\u0142a, parafii, skoro g\u0142o\u015bno krzyczymy o tym, \u017ce nasza wiara opiera si\u0119 w\u0142a\u015bnie na wolno\u015bci wyboru \u2013 w oparciu o przykazanie mi\u0142o\u015bci?<\/span><\/span><\/span><\/span><\/p>\n<p align=\"justify\"><span style=\"font-family: Book Antiqua, serif;\"><span style=\"font-size: large;\"><span style=\"color: #000000;\"><span lang=\"pl-PL\">Dlatego na pocz\u0105tku tego wpisu powiedzia\u0142em, \u017ce tym fragmentem mo\u017cemy zweryfikowa\u0107 nasz\u0105 postaw\u0119. Mo\u017cemy zachowa\u0107 si\u0119, jak zazdro\u015bni \u017bydzi i liczy\u0107 tylko na to, \u017ce b\u0119dzie tak, <\/span><span lang=\"pl-PL\">JAK<\/span><span lang=\"pl-PL\"> MY <\/span><span lang=\"pl-PL\">CHCEMY,<\/span><span lang=\"pl-PL\"> a mo\u017cemy by\u0107 jak <\/span><span lang=\"pl-PL\">c<\/span><span lang=\"pl-PL\">i pokorni poganie, co ciesz\u0105 si\u0119 s\u0142ysz\u0105c, \u017ce <\/span><span lang=\"pl-PL\">z<\/span><span lang=\"pl-PL\">bawienie jest r\u00f3wnie\u017c dla nich dost\u0119pne. <\/span><\/span><\/span><\/span><\/p>\n<p align=\"justify\"><span style=\"font-family: Book Antiqua, serif;\"><span style=\"font-size: large;\"><span style=\"color: #000000;\"><span lang=\"pl-PL\">W moim przek\u0142adzie Biblii \u201e<\/span><span lang=\"pl-PL\">P<\/span><span lang=\"pl-PL\">ierwszego <\/span><span lang=\"pl-PL\">K<\/span><span lang=\"pl-PL\">o\u015bcio\u0142a\u201d jest takie zdanie: <\/span><span lang=\"pl-PL\"><i><b>Uwierzyli <\/b><\/i><\/span><span lang=\"pl-PL\"><i><b>c<\/b><\/i><\/span><span lang=\"pl-PL\"><i><b>i, kt\u00f3rzy byli gotowi do \u017cycia wiecznego<\/b><\/i><\/span><span lang=\"pl-PL\">. Moim zdaniem ten przek\u0142ad odrobin\u0119 lepiej oddaje kontekst, <\/span><span lang=\"pl-PL\">od tego tradycyjnego.<\/span><span lang=\"pl-PL\"> Osoby, kt\u00f3re przyjmuj\u0105 Chrystusa do swojego \u017cycia \u2013 i to jest dla nich najwa\u017cniejsze \u2013 w\u0142a\u015bnie s\u0105 gotowi do \u017cycia wiecznego. Takim <\/span><span lang=\"pl-PL\">c<\/span><span lang=\"pl-PL\">hrze\u015bcijaninem chc<\/span><span lang=\"pl-PL\">\u0119<\/span><span lang=\"pl-PL\"> by\u0107, w takim Ko\u015bciele chc\u0119 wzrasta\u0107.<\/span><\/span><\/span><\/span><\/p>\n<p align=\"justify\"><span style=\"font-family: Book Antiqua, serif;\"><span style=\"font-size: large;\"><span style=\"color: #000000;\"><span lang=\"pl-PL\">Bo c<\/span><span lang=\"pl-PL\">zy<\/span><span lang=\"pl-PL\">\u017c<\/span><span lang=\"pl-PL\"> sama znajomo\u015b\u0107 Pisma \u015awi\u0119tego, czytanie lub s\u0142uchanie, wystarczy? Zdecydowanie nie. Wielokrotnie pisz\u0119 o relacji z Bogiem i uwa\u017cam, \u017ce to jest \u201epodstawa podstaw\u201d \u2013 jak to mawia\u0142 m\u00f3j wyk\u0142adowca na uczelni wojskowej. Jezus do swoich uczni\u00f3w m\u00f3wi dzisiaj takie zdanie: <\/span><span lang=\"pl-PL\"><i><b>Gdyby\u015bcie Mnie poznali, znaliby\u015bcie i mojego Ojca. Ale teraz ju\u017c Go znacie i zobaczyli\u015bcie. <\/b><\/i><\/span><\/span><\/span><\/span><\/p>\n<p align=\"justify\"><span style=\"font-family: Book Antiqua, serif;\"><span style=\"font-size: large;\"><span style=\"color: #000000;\"><span lang=\"pl-PL\">Widzimy, \u017ce Jezus objawia nam to, jaki jest B\u00f3g Ojciec. To w\u0142a\u015bnie poznaj\u0105c natur\u0119 Boga \u2013 poprzez poznawanie Go \u2013 budujemy relacj\u0119. Cz\u0119sto m\u00f3wimy o tym, jak wa\u017cne jest, aby ta relacja by\u0142a trwa\u0142a, gor\u0105ca \u2013 i to jest prawda. Jest to wa\u017cne jeszcze z jednego powodu: je\u015bli znamy g\u0142os naszego <\/span><span lang=\"pl-PL\">P<\/span><span lang=\"pl-PL\">asterza i wiemy, jaki jest, to nie nabierzemy si\u0119 na g\u0142os nieprzyjaciela, kt\u00f3ry chce tylko kra\u015b\u0107, niszczy\u0107 i zabija\u0107. <\/span><\/span><\/span><\/span><\/p>\n<p align=\"justify\"><span style=\"font-family: Book Antiqua, serif;\"><span style=\"font-size: large;\"><span style=\"color: #000000;\"><span lang=\"pl-PL\">Ostatnio mia\u0142em bardzo owocn\u0105 rozmow\u0119 z moim przyjacielem Piotrem, na sali kinowej. Wybrali\u015bmy si\u0119 na film o superbohaterach i zacz\u0119li\u015bmy temat o potencjalnej ilo\u015bci os\u00f3b zbawionych. Jezus m\u00f3wi w Ewangelii, \u017ce w\u0105ska jest droga, prowadz\u0105ca do <\/span><span lang=\"pl-PL\">z<\/span><span lang=\"pl-PL\">bawienia. Znaczy to tyle, \u017ce nie wystarczy niedzielna msza czy nabo\u017ce\u0144stwo i kr\u00f3tka modlitwa rano czy wieczorem. Bez relacji z Bogiem jest to tylko i wy\u0142\u0105cznie nasza pobo\u017cno\u015b\u0107. <\/span><\/span><\/span><\/span><\/p>\n<p align=\"justify\"><span style=\"font-family: Book Antiqua, serif;\"><span style=\"font-size: large;\"><span style=\"color: #000000;\">Wa\u017cniejsze jest to, jakimi jeste\u015bmy lud\u017ami, czym si\u0119 w \u017cyciu kierujemy i jak wype\u0142niamy to, o co nas prosi\u0142 Jezus. Je\u015bli tego nie wiemy, to znaczy, \u017ce wypada zacz\u0105\u0107 poznawa\u0107 naszego Pana, czytaj\u0105c S\u0142owo Bo\u017ce, zapraszaj\u0105c Go do swojej codzienno\u015bci i rozmawiaj\u0105c z Nim, jak z najlepszym powiernikiem, przyjacielem. Rekomendowa\u0142em to wielu osobom i dostaj\u0119 informacj\u0119 zwrotn\u0105, \u017ce to naprawd\u0119 zmienia ludziom \u017cycie. Szczeg\u00f3lnie cieszy, jak widz\u0119, \u017ce kto\u015b bliski mojemu sercu zmienia swoje \u017cycie i otwarcie m\u00f3wi, \u017ce wierzy w opiek\u0119 Jezusa swoim \u017cyciu.<\/span><\/span><\/span><\/p>\n<p align=\"justify\"><span style=\"font-family: Book Antiqua, serif;\"><span style=\"font-size: large;\"><span style=\"color: #000000;\">Drodzy, zach\u0119cam, aby\u015bmy jeszcze raz dzisiaj \u2013 zdanie po zdaniu \u2013 przeczytali przytoczone fragmenty i odpowiedzieli sobie na pytanie, jak obecnie wygl\u0105da moje \u017cycie z Bogiem i we wsp\u00f3lnocie, a jak naprawd\u0119 powinno ono wygl\u0105da\u0107? My\u015bl\u0119, \u017ce w mniejszym lub wi\u0119kszym stopniu ka\u017cdy z nas ma co\u015b, co mo\u017ce poprawi\u0107, zmieni\u0107. <\/span><\/span><\/span><\/p>\n<p align=\"justify\"><span style=\"font-family: Book Antiqua, serif;\"><span style=\"font-size: large;\"><span style=\"color: #000000;\">Ja na przyk\u0142ad chc\u0119 jeszcze bardziej oddawa\u0107 swoje \u017cycie Bogu i wierzy\u0107, \u017ce to On naprawd\u0119 ma nad nim kontrol\u0119. Generalnie to wiem, ale czasami pr\u00f3buj\u0119 co\u015b przyspieszy\u0107 tak po ludzku i efekty s\u0105\u2026r\u00f3\u017cne. <\/span><\/span><\/span><\/p>\n<p align=\"justify\"><span style=\"font-family: Book Antiqua, serif;\"><span style=\"font-size: large;\"><span style=\"color: #000000;\">Uwierzmy Panu, p\u00f3jd\u017amy za Jego s\u0142owem i b\u0105d\u017amy gotowi do \u017cycia wiecznego!<\/span><\/span><\/span><\/p>\n","protected":false},"excerpt":{"rendered":"<p>Szcz\u0119\u015b\u0107 Bo\u017ce! Moi Drodzy, w dniu wczorajszym imieniny prze\u017cywali: \u25baArcybiskup Andrzej Dzi\u0119ga \u2013 przed laty Dziekan Wydzia\u0142u Prawa, Prawa Kanonicznego i Administracji KUL, a w tym czasie: m\u00f3j Profesor i Promotor drugiej mojej pracy magisterskiej, z prawa kanonicznego; \u25baKsi\u0105dz Andrzej Polak, kt\u00f3ry jako starszy Kolega wprowadza\u0142 mnie w arkana \u017cycia seminaryjnego, obecnie: Proboszcz Parafii w [&hellip;]<\/p>\n","protected":false},"author":1,"featured_media":0,"comment_status":"open","ping_status":"open","sticky":false,"template":"","format":"standard","meta":{"jetpack_post_was_ever_published":false,"_jetpack_newsletter_access":"","_jetpack_dont_email_post_to_subs":false,"_jetpack_newsletter_tier_id":0,"_jetpack_memberships_contains_paywalled_content":false,"_jetpack_memberships_contains_paid_content":false,"footnotes":""},"categories":[1],"tags":[],"class_list":["post-23796","post","type-post","status-publish","format-standard","hentry","category-bez-kategorii"],"yoast_head":"<!-- This site is optimized with the Yoast SEO plugin v25.1 - https:\/\/yoast.com\/wordpress\/plugins\/seo\/ -->\n<title>Wierzcie Mi, \u017ce Ja jestem! - Gaudium Et Spes<\/title>\n<meta name=\"robots\" content=\"index, follow, max-snippet:-1, max-image-preview:large, max-video-preview:-1\" \/>\n<link rel=\"canonical\" href=\"https:\/\/gaudiumetspes-blog.pl\/index.php\/2025\/05\/17\/wierzcie-i-ze-ja-jeste\/\" \/>\n<meta property=\"og:locale\" content=\"pl_PL\" \/>\n<meta property=\"og:type\" content=\"article\" \/>\n<meta property=\"og:title\" content=\"Wierzcie Mi, \u017ce Ja jestem! - Gaudium Et Spes\" \/>\n<meta property=\"og:description\" content=\"Szcz\u0119\u015b\u0107 Bo\u017ce! Moi Drodzy, w dniu wczorajszym imieniny prze\u017cywali: \u25baArcybiskup Andrzej Dzi\u0119ga \u2013 przed laty Dziekan Wydzia\u0142u Prawa, Prawa Kanonicznego i Administracji KUL, a w tym czasie: m\u00f3j Profesor i Promotor drugiej mojej pracy magisterskiej, z prawa kanonicznego; \u25baKsi\u0105dz Andrzej Polak, kt\u00f3ry jako starszy Kolega wprowadza\u0142 mnie w arkana \u017cycia seminaryjnego, obecnie: Proboszcz Parafii w [&hellip;]\" \/>\n<meta property=\"og:url\" content=\"https:\/\/gaudiumetspes-blog.pl\/index.php\/2025\/05\/17\/wierzcie-i-ze-ja-jeste\/\" \/>\n<meta property=\"og:site_name\" content=\"Gaudium Et Spes\" \/>\n<meta property=\"article:published_time\" content=\"2025-05-17T07:46:36+00:00\" \/>\n<meta property=\"article:modified_time\" content=\"2025-05-19T06:53:44+00:00\" \/>\n<meta name=\"author\" content=\"Ks. Jacek\" \/>\n<meta name=\"twitter:card\" content=\"summary_large_image\" \/>\n<meta name=\"twitter:label1\" content=\"Napisane przez\" \/>\n\t<meta name=\"twitter:data1\" content=\"Ks. Jacek\" \/>\n\t<meta name=\"twitter:label2\" content=\"Szacowany czas czytania\" \/>\n\t<meta name=\"twitter:data2\" content=\"12 minut\" \/>\n<script type=\"application\/ld+json\" class=\"yoast-schema-graph\">{\"@context\":\"https:\/\/schema.org\",\"@graph\":[{\"@type\":\"WebPage\",\"@id\":\"https:\/\/gaudiumetspes-blog.pl\/index.php\/2025\/05\/17\/wierzcie-i-ze-ja-jeste\/\",\"url\":\"https:\/\/gaudiumetspes-blog.pl\/index.php\/2025\/05\/17\/wierzcie-i-ze-ja-jeste\/\",\"name\":\"Wierzcie Mi, \u017ce Ja jestem! - Gaudium Et Spes\",\"isPartOf\":{\"@id\":\"https:\/\/gaudiumetspes-blog.pl\/#website\"},\"datePublished\":\"2025-05-17T07:46:36+00:00\",\"dateModified\":\"2025-05-19T06:53:44+00:00\",\"author\":{\"@id\":\"https:\/\/gaudiumetspes-blog.pl\/#\/schema\/person\/1661982992b752dea8dff0d4ed845a65\"},\"breadcrumb\":{\"@id\":\"https:\/\/gaudiumetspes-blog.pl\/index.php\/2025\/05\/17\/wierzcie-i-ze-ja-jeste\/#breadcrumb\"},\"inLanguage\":\"pl-PL\",\"potentialAction\":[{\"@type\":\"ReadAction\",\"target\":[\"https:\/\/gaudiumetspes-blog.pl\/index.php\/2025\/05\/17\/wierzcie-i-ze-ja-jeste\/\"]}]},{\"@type\":\"BreadcrumbList\",\"@id\":\"https:\/\/gaudiumetspes-blog.pl\/index.php\/2025\/05\/17\/wierzcie-i-ze-ja-jeste\/#breadcrumb\",\"itemListElement\":[{\"@type\":\"ListItem\",\"position\":1,\"name\":\"Strona g\u0142\u00f3wna\",\"item\":\"https:\/\/gaudiumetspes-blog.pl\/\"},{\"@type\":\"ListItem\",\"position\":2,\"name\":\"Wierzcie Mi, \u017ce&nbsp;Ja jestem!\"}]},{\"@type\":\"WebSite\",\"@id\":\"https:\/\/gaudiumetspes-blog.pl\/#website\",\"url\":\"https:\/\/gaudiumetspes-blog.pl\/\",\"name\":\"Gaudium Et Spes\",\"description\":\"Blog Ks. Jacka Ja\u015bkowskiego\",\"potentialAction\":[{\"@type\":\"SearchAction\",\"target\":{\"@type\":\"EntryPoint\",\"urlTemplate\":\"https:\/\/gaudiumetspes-blog.pl\/?s={search_term_string}\"},\"query-input\":{\"@type\":\"PropertyValueSpecification\",\"valueRequired\":true,\"valueName\":\"search_term_string\"}}],\"inLanguage\":\"pl-PL\"},{\"@type\":\"Person\",\"@id\":\"https:\/\/gaudiumetspes-blog.pl\/#\/schema\/person\/1661982992b752dea8dff0d4ed845a65\",\"name\":\"Ks. Jacek\",\"image\":{\"@type\":\"ImageObject\",\"inLanguage\":\"pl-PL\",\"@id\":\"https:\/\/gaudiumetspes-blog.pl\/#\/schema\/person\/image\/\",\"url\":\"https:\/\/gaudiumetspes-blog.pl\/wp-content\/uploads\/2019\/07\/avatar-JJ-150x150.jpg\",\"contentUrl\":\"https:\/\/gaudiumetspes-blog.pl\/wp-content\/uploads\/2019\/07\/avatar-JJ-150x150.jpg\",\"caption\":\"Ks. Jacek\"},\"description\":\"Witam serdecznie! K\u0142ania si\u0119 Ks. Jacek Ja\u015bkowski. Nie jestem ani kim\u015b wa\u017cnym, ani kim\u015b znanym. Jestem ksi\u0119dzem, kt\u00f3ry po prostu chce rozmawia\u0107. Codzienna kap\u0142a\u0144ska pos\u0142uga pokazuje mi, \u017ce temat\u00f3w do rozm\u00f3w z ksi\u0119dzem jest coraz wi\u0119cej i dzisiaj \u017caden ksi\u0105dz nie mo\u017ce od nich ucieka\u0107, ale - wprost przeciwnie - podejmowa\u0107 nowe wyzwania. To przekonanie sk\u0142oni\u0142o mnie do pr\u00f3by otwarcia tego\u017c bloga, chocia\u017c okazji do rozm\u00f3w na co dzie\u0144 - w konfesjonale i poza nim - na szcz\u0119\u015bcie nie brakuje. My\u015bl\u0119 jednak, \u017ce ten blog b\u0119dzie jeszcze jednym sposobem i przestrzeni\u0105 nawi\u0105zania kontaktu z lud\u017ami dobrej woli, otwartymi na dialog.\",\"url\":\"https:\/\/gaudiumetspes-blog.pl\/index.php\/author\/ks-jacek\/\"}]}<\/script>\n<!-- \/ Yoast SEO plugin. -->","yoast_head_json":{"title":"Wierzcie Mi, \u017ce Ja jestem! - Gaudium Et Spes","robots":{"index":"index","follow":"follow","max-snippet":"max-snippet:-1","max-image-preview":"max-image-preview:large","max-video-preview":"max-video-preview:-1"},"canonical":"https:\/\/gaudiumetspes-blog.pl\/index.php\/2025\/05\/17\/wierzcie-i-ze-ja-jeste\/","og_locale":"pl_PL","og_type":"article","og_title":"Wierzcie Mi, \u017ce Ja jestem! - Gaudium Et Spes","og_description":"Szcz\u0119\u015b\u0107 Bo\u017ce! Moi Drodzy, w dniu wczorajszym imieniny prze\u017cywali: \u25baArcybiskup Andrzej Dzi\u0119ga \u2013 przed laty Dziekan Wydzia\u0142u Prawa, Prawa Kanonicznego i Administracji KUL, a w tym czasie: m\u00f3j Profesor i Promotor drugiej mojej pracy magisterskiej, z prawa kanonicznego; \u25baKsi\u0105dz Andrzej Polak, kt\u00f3ry jako starszy Kolega wprowadza\u0142 mnie w arkana \u017cycia seminaryjnego, obecnie: Proboszcz Parafii w [&hellip;]","og_url":"https:\/\/gaudiumetspes-blog.pl\/index.php\/2025\/05\/17\/wierzcie-i-ze-ja-jeste\/","og_site_name":"Gaudium Et Spes","article_published_time":"2025-05-17T07:46:36+00:00","article_modified_time":"2025-05-19T06:53:44+00:00","author":"Ks. Jacek","twitter_card":"summary_large_image","twitter_misc":{"Napisane przez":"Ks. Jacek","Szacowany czas czytania":"12 minut"},"schema":{"@context":"https:\/\/schema.org","@graph":[{"@type":"WebPage","@id":"https:\/\/gaudiumetspes-blog.pl\/index.php\/2025\/05\/17\/wierzcie-i-ze-ja-jeste\/","url":"https:\/\/gaudiumetspes-blog.pl\/index.php\/2025\/05\/17\/wierzcie-i-ze-ja-jeste\/","name":"Wierzcie Mi, \u017ce Ja jestem! - Gaudium Et Spes","isPartOf":{"@id":"https:\/\/gaudiumetspes-blog.pl\/#website"},"datePublished":"2025-05-17T07:46:36+00:00","dateModified":"2025-05-19T06:53:44+00:00","author":{"@id":"https:\/\/gaudiumetspes-blog.pl\/#\/schema\/person\/1661982992b752dea8dff0d4ed845a65"},"breadcrumb":{"@id":"https:\/\/gaudiumetspes-blog.pl\/index.php\/2025\/05\/17\/wierzcie-i-ze-ja-jeste\/#breadcrumb"},"inLanguage":"pl-PL","potentialAction":[{"@type":"ReadAction","target":["https:\/\/gaudiumetspes-blog.pl\/index.php\/2025\/05\/17\/wierzcie-i-ze-ja-jeste\/"]}]},{"@type":"BreadcrumbList","@id":"https:\/\/gaudiumetspes-blog.pl\/index.php\/2025\/05\/17\/wierzcie-i-ze-ja-jeste\/#breadcrumb","itemListElement":[{"@type":"ListItem","position":1,"name":"Strona g\u0142\u00f3wna","item":"https:\/\/gaudiumetspes-blog.pl\/"},{"@type":"ListItem","position":2,"name":"Wierzcie Mi, \u017ce&nbsp;Ja jestem!"}]},{"@type":"WebSite","@id":"https:\/\/gaudiumetspes-blog.pl\/#website","url":"https:\/\/gaudiumetspes-blog.pl\/","name":"Gaudium Et Spes","description":"Blog Ks. Jacka Ja\u015bkowskiego","potentialAction":[{"@type":"SearchAction","target":{"@type":"EntryPoint","urlTemplate":"https:\/\/gaudiumetspes-blog.pl\/?s={search_term_string}"},"query-input":{"@type":"PropertyValueSpecification","valueRequired":true,"valueName":"search_term_string"}}],"inLanguage":"pl-PL"},{"@type":"Person","@id":"https:\/\/gaudiumetspes-blog.pl\/#\/schema\/person\/1661982992b752dea8dff0d4ed845a65","name":"Ks. Jacek","image":{"@type":"ImageObject","inLanguage":"pl-PL","@id":"https:\/\/gaudiumetspes-blog.pl\/#\/schema\/person\/image\/","url":"https:\/\/gaudiumetspes-blog.pl\/wp-content\/uploads\/2019\/07\/avatar-JJ-150x150.jpg","contentUrl":"https:\/\/gaudiumetspes-blog.pl\/wp-content\/uploads\/2019\/07\/avatar-JJ-150x150.jpg","caption":"Ks. Jacek"},"description":"Witam serdecznie! K\u0142ania si\u0119 Ks. Jacek Ja\u015bkowski. Nie jestem ani kim\u015b wa\u017cnym, ani kim\u015b znanym. Jestem ksi\u0119dzem, kt\u00f3ry po prostu chce rozmawia\u0107. Codzienna kap\u0142a\u0144ska pos\u0142uga pokazuje mi, \u017ce temat\u00f3w do rozm\u00f3w z ksi\u0119dzem jest coraz wi\u0119cej i dzisiaj \u017caden ksi\u0105dz nie mo\u017ce od nich ucieka\u0107, ale - wprost przeciwnie - podejmowa\u0107 nowe wyzwania. To przekonanie sk\u0142oni\u0142o mnie do pr\u00f3by otwarcia tego\u017c bloga, chocia\u017c okazji do rozm\u00f3w na co dzie\u0144 - w konfesjonale i poza nim - na szcz\u0119\u015bcie nie brakuje. My\u015bl\u0119 jednak, \u017ce ten blog b\u0119dzie jeszcze jednym sposobem i przestrzeni\u0105 nawi\u0105zania kontaktu z lud\u017ami dobrej woli, otwartymi na dialog.","url":"https:\/\/gaudiumetspes-blog.pl\/index.php\/author\/ks-jacek\/"}]}},"jetpack_featured_media_url":"","jetpack_sharing_enabled":true,"_links":{"self":[{"href":"https:\/\/gaudiumetspes-blog.pl\/index.php\/wp-json\/wp\/v2\/posts\/23796","targetHints":{"allow":["GET"]}}],"collection":[{"href":"https:\/\/gaudiumetspes-blog.pl\/index.php\/wp-json\/wp\/v2\/posts"}],"about":[{"href":"https:\/\/gaudiumetspes-blog.pl\/index.php\/wp-json\/wp\/v2\/types\/post"}],"author":[{"embeddable":true,"href":"https:\/\/gaudiumetspes-blog.pl\/index.php\/wp-json\/wp\/v2\/users\/1"}],"replies":[{"embeddable":true,"href":"https:\/\/gaudiumetspes-blog.pl\/index.php\/wp-json\/wp\/v2\/comments?post=23796"}],"version-history":[{"count":3,"href":"https:\/\/gaudiumetspes-blog.pl\/index.php\/wp-json\/wp\/v2\/posts\/23796\/revisions"}],"predecessor-version":[{"id":23803,"href":"https:\/\/gaudiumetspes-blog.pl\/index.php\/wp-json\/wp\/v2\/posts\/23796\/revisions\/23803"}],"wp:attachment":[{"href":"https:\/\/gaudiumetspes-blog.pl\/index.php\/wp-json\/wp\/v2\/media?parent=23796"}],"wp:term":[{"taxonomy":"category","embeddable":true,"href":"https:\/\/gaudiumetspes-blog.pl\/index.php\/wp-json\/wp\/v2\/categories?post=23796"},{"taxonomy":"post_tag","embeddable":true,"href":"https:\/\/gaudiumetspes-blog.pl\/index.php\/wp-json\/wp\/v2\/tags?post=23796"}],"curies":[{"name":"wp","href":"https:\/\/api.w.org\/{rel}","templated":true}]}}