{"id":23798,"date":"2025-05-18T07:13:36","date_gmt":"2025-05-18T05:13:36","guid":{"rendered":"https:\/\/gaudiumetspes-blog.pl\/?p=23798"},"modified":"2025-05-18T19:23:47","modified_gmt":"2025-05-18T17:23:47","slug":"oto-czynie-wszystko-nowe-2","status":"publish","type":"post","link":"https:\/\/gaudiumetspes-blog.pl\/index.php\/2025\/05\/18\/oto-czynie-wszystko-nowe-2\/","title":{"rendered":"Oto czyni\u0119 wszystko nowe!"},"content":{"rendered":"<p align=\"justify\"><span style=\"color: #000000;\"><span style=\"font-family: Book Antiqua, serif;\"><span style=\"font-size: large;\">Niech b\u0119dzie pochwalony Jezus Chrystus! Drodzy moi, w dniu dzisiejszym <b>urodziny prze\u017cywa Rafa\u0142 R\u0119kawek, imieniny natomiast prze\u017cywa Aleksandra Szcze\u015bniak \u2013 oboje nale\u017c\u0105cy w swoim czasie do m\u0142odzie\u017cowych Wsp\u00f3lnot. \u017bycz\u0119 Im Bo\u017cej opieki na ka\u017cdy dzie\u0144 i wszelkich dar\u00f3w z Nieba \u2013 o co te\u017c b\u0119d\u0119 si\u0119 dla Nich modli\u0107.<\/b><\/span><\/span><\/span><\/p>\n<p align=\"justify\"><span style=\"color: #000000;\"><span style=\"font-family: Book Antiqua, serif;\"><span style=\"font-size: large;\"><b>Ziemskie urodziny w Niebie prze\u017cywa \u015awi\u0119ty Jan Pawe\u0142 II. Pom\u00f3dlmy si\u0119 dzi\u015b \u2013 przez Jego wstawiennictwo \u2013 we wszelkich, wa\u017cnych dla nas sprawach.<\/b><\/span><\/span><\/span><\/p>\n<p align=\"justify\"><span style=\"color: #000000;\"><span style=\"font-family: Book Antiqua, serif;\"><span style=\"font-size: large;\">Dzisiaj \u2013 szczeg\u00f3lnie w intencji naszej Ojczyzny. Bo dzsiaj wybory prezydenckie. Wszystkich, ca\u0142ym sercem zach\u0119cam do wzi\u0119cia w nich udzia\u0142u. O ich wymiarze moralnym wspominam dzisiaj w rozwa\u017caniu. A je\u015bli idzie o ten wymiar praktyczny, to dosta\u0142em od kilku Os\u00f3b \u2013 drog\u0105 internetow\u0105 \u2013 przestrog\u0119, aby zabra\u0107 do lokalu wyborczego, opr\u00f3cz dowodu osobistego, tak\u017ce sw\u00f3j d\u0142ugopis. Bo ten, kt\u00f3ry tam b\u0119dzie, mo\u017ce dawa\u0107 zapis \u201eznikaj\u0105cy\u201d. Nie wiem, czy tak mo\u017ce by\u0107, ale wiem na pewno, \u017ce obecna w\u0142adza nie cofnie si\u0119 przed niczym, aby zaszkodzi\u0107 drugiej stronie. Raz jeszcze zach\u0119cam \u2013 id\u017amy na wybory! I m\u00f3dlmy si\u0119 za Polsk\u0119!<\/span><\/span><\/span><\/p>\n<p align=\"justify\"><span style=\"color: #000000;\"><span style=\"font-family: Book Antiqua, serif;\"><span style=\"font-size: large;\">A ja dzisiaj wyruszam do Parafii D\u0105bie, gdzie b\u0119d\u0119 duszpastersko pomaga\u0142, potem jad\u0119 do Bia\u0142ej Podlaskiej, do Domu rodzinnego, w\u0142a\u015bnie na wybory, a o 20:00, w Duszpasterstwie, Msza \u015awi\u0119ta i nabo\u017ce\u0144stwo majowe.<\/span><\/span><\/span><\/p>\n<p align=\"justify\"><span style=\"color: #000000;\"><span style=\"font-family: Book Antiqua, serif;\"><span style=\"font-size: large;\">Teraz za\u015b ju\u017c zapraszam do pochylenia si\u0119 nad Bo\u017cym s\u0142owem dzisiejszej liturgii. Oto s\u0142\u00f3wko Ksi\u0119dza Marka na dzi\u015b: <\/span><\/span><\/span><\/p>\n<p align=\"justify\"><span style=\"color: #000000;\"><span style=\"font-family: Book Antiqua, serif;\"><span style=\"font-size: medium;\"><a href=\"https:\/\/www.youtube.com\/c\/CatholicSurgut\"><span style=\"font-size: large;\"><b>https:\/\/www.youtube.com\/c\/CatholicSurgut<\/b><\/span><\/a><\/span><\/span><\/span><\/p>\n<p align=\"justify\"><span style=\"color: #000000;\"><span style=\"font-family: Book Antiqua, serif;\"><span style=\"font-size: large;\">Zatem, <b>co konkretnie m\u00f3wi do mnie dzi\u015b Pan? Z jakim osobistym przes\u0142aniem zwraca si\u0119 w\u0142a\u015bnie do mnie?<\/b> Duchu \u015awi\u0119ty, podpowiedz\u2026<\/span><\/span><\/span><\/p>\n<p align=\"justify\"><span style=\"color: #000000;\"><span style=\"font-family: Book Antiqua, serif;\"><span style=\"font-size: large;\"><b>N<\/b><b>iech Was b\u0142ogos\u0142awi B\u00f3g Wszechmog\u0105cy: Ojciec + i Syn, i Duch \u015awi\u0119ty. Amen<\/b><\/span><\/span><\/span><\/p>\n<p align=\"center\"><span style=\"color: #000000;\"><span style=\"font-family: Book Antiqua, serif;\"><span style=\"font-size: large;\">Gaudium et spes! Ks. Jacek<\/span><\/span><\/span><\/p>\n<p align=\"center\">\n<p align=\"center\">\n<p align=\"center\">\n<p align=\"center\">\n<p align=\"center\">\n<p align=\"justify\"><span style=\"color: #000000;\"><span style=\"font-family: Book Antiqua, serif;\"><span style=\"font-size: large;\"><b>5 Niedziela Wielkanocy, C,<\/b><\/span><\/span><\/span><\/p>\n<p align=\"justify\"><span style=\"color: #000000;\"><span style=\"font-family: Book Antiqua, serif;\"><span style=\"font-size: large;\"><b>18 maja 2025.,\u00a0<\/b><\/span><\/span><\/span><\/p>\n<p align=\"justify\"><span style=\"color: #000000;\"><span style=\"font-family: Book Antiqua, serif;\"><span style=\"font-size: large;\"><b>do czyta\u0144: Dz 14,21\u201327; Ap 21,1\u20135a; J 13,31\u201333a.34\u201335<\/b><\/span><\/span><\/span><\/p>\n<p align=\"justify\">\n<p align=\"justify\">\n<p align=\"justify\">\n<p align=\"justify\">\n<p align=\"justify\">\n<p align=\"justify\"><span style=\"color: #000000;\"><span style=\"font-family: Book Antiqua, serif;\"><span style=\"font-size: large;\"><b>CZYTANIE Z DZIEJ\u00d3W APOSTOLSKICH: <\/b><\/span><\/span><\/span><\/p>\n<p align=\"justify\"><span style=\"color: #000000;\"><span style=\"font-family: Book Antiqua, serif;\"><span style=\"font-size: large;\"><b>Pawe\u0142 i Barnaba wr\u00f3cili do Listry, do Ikonium i do Antiochii, umacniaj\u0105c dusze uczni\u00f3w, zach\u0119caj\u0105c do wytrwania w wierze, bo przez wiele ucisk\u00f3w trzeba nam wej\u015b\u0107 do kr\u00f3lestwa Bo\u017cego. Kiedy w ka\u017cdym Ko\u015bciele w\u015br\u00f3d modlitw i post\u00f3w ustanowili im starszych, polecili ich Panu, w kt\u00f3rego uwierzyli. <\/b><\/span><\/span><\/span><\/p>\n<p align=\"justify\"><span style=\"color: #000000;\"><span style=\"font-family: Book Antiqua, serif;\"><span style=\"font-size: large;\"><b>Potem przeszli przez Pizydi\u0119 i przybyli do Pamfilii. Nauczali w Perge, zeszli do Attalii, st\u0105d odp\u0142yn\u0119li do Antiochii, gdzie za \u0142ask\u0105 Bo\u017c\u0105 zostali przeznaczeni do dzie\u0142a, kt\u00f3re wykonali. <\/b><\/span><\/span><\/span><\/p>\n<p align=\"justify\"><span style=\"color: #000000;\"><span style=\"font-family: Book Antiqua, serif;\"><span style=\"font-size: large;\"><b>Kiedy przybyli i zebrali miejscowy Ko\u015bci\u00f3\u0142, opowiedzieli, jak wiele B\u00f3g przez nich zdzia\u0142a\u0142 i jak otworzy\u0142 poganom podwoje wiary.<\/b><\/span><\/span><\/span><\/p>\n<p align=\"justify\">\n<p align=\"justify\">\n<p align=\"justify\">\n<p align=\"justify\">\n<p align=\"justify\">\n<p align=\"justify\"><span style=\"color: #000000;\"><span style=\"font-family: Book Antiqua, serif;\"><span style=\"font-size: large;\"><b>CZYTANIE Z KSI\u0118GI APOKALIPSY \u015aWI\u0118TEGO JANA APOSTO\u0141A: <\/b><\/span><\/span><\/span><\/p>\n<p align=\"justify\"><span style=\"color: #000000;\"><span style=\"font-family: Book Antiqua, serif;\"><span style=\"font-size: large;\"><b>Ja, Jan, ujrza\u0142em niebo nowe i ziemi\u0119 now\u0105, bo pierwsze niebo i pierwsza ziemia przemin\u0119\u0142y i morza ju\u017c nie ma. <\/b><\/span><\/span><\/span><\/p>\n<p align=\"justify\"><span style=\"color: #000000;\"><span style=\"font-family: Book Antiqua, serif;\"><span style=\"font-size: large;\"><b>I Miasto \u015awi\u0119te \u2013 Jeruzalem Nowe ujrza\u0142em zst\u0119puj\u0105ce z nieba od Boga, przystrojone jak oblubienica zdobna w klejnoty dla swojego m\u0119\u017ca. I us\u0142ysza\u0142em dono\u015bny g\u0142os m\u00f3wi\u0105cy od tronu: \u201eOto przybytek Boga z lud\u017ami: i zamieszka wraz z nimi, i b\u0119d\u0105 oni Jego ludem, a On b\u0119dzie \u00abBogiem z nimi\u00bb. I otrze z ich oczu wszelk\u0105 \u0142z\u0119, a \u015bmierci ju\u017c odt\u0105d nie b\u0119dzie. Ani \u017ca\u0142oby, ni krzyku, ni trudu ju\u017c odt\u0105d nie b\u0119dzie, bo pierwsze rzeczy przemin\u0119\u0142y\u201d. <\/b><\/span><\/span><\/span><\/p>\n<p align=\"justify\"><span style=\"color: #000000;\"><span style=\"font-family: Book Antiqua, serif;\"><span style=\"font-size: large;\"><b>I rzek\u0142 Siedz\u0105cy na tronie: \u201eOto czyni\u0119 wszystko nowe\u201d.<\/b><\/span><\/span><\/span><\/p>\n<p align=\"justify\">\n<p align=\"justify\">\n<p align=\"justify\">\n<p align=\"justify\">\n<p align=\"justify\">\n<p align=\"justify\"><span style=\"color: #000000;\"><span style=\"font-family: Book Antiqua, serif;\"><span style=\"font-size: large;\"><b>S\u0141OWA EWANGELII WED\u0141UG \u015aWI\u0118TEGO JANA: <\/b><\/span><\/span><\/span><\/p>\n<p align=\"justify\"><span style=\"color: #000000;\"><span style=\"font-family: Book Antiqua, serif;\"><span style=\"font-size: large;\"><b>Po wyj\u015bciu Judasza z wieczernika Jezus powiedzia\u0142: \u201eSyn Cz\u0142owieczy zosta\u0142 teraz uwielbiony, a w Nim zosta\u0142 B\u00f3g uwielbiony. Je\u017celi B\u00f3g zosta\u0142 w Nim uwielbiony, to B\u00f3g uwielbi Go tak\u017ce w sobie samym, i zaraz Go uwielbi. <\/b><\/span><\/span><\/span><\/p>\n<p align=\"justify\"><span style=\"color: #000000;\"><span style=\"font-family: Book Antiqua, serif;\"><span style=\"font-size: large;\"><b>Dzieci, jeszcze kr\u00f3tko jestem z wami. B\u0119dziecie Mnie szuka\u0107, ale jak to \u017bydom powiedzia\u0142em, tak i teraz wam m\u00f3wi\u0119, dok\u0105d Ja id\u0119, wy p\u00f3j\u015b\u0107 nie mo\u017cecie. Daj\u0119 wam przykazanie nowe, aby\u015bcie si\u0119 wzajemnie mi\u0142owali tak, jak Ja was umi\u0142owa\u0142em; \u017ceby\u015bcie i wy tak si\u0119 mi\u0142owali wzajemnie. Po tym wszyscy poznaj\u0105, \u017ce\u015bcie uczniami moimi, je\u015bli b\u0119dziecie si\u0119 wzajemnie mi\u0142owali\u201d.<\/b><\/span><\/span><\/span><\/p>\n<p align=\"justify\">\n<p align=\"justify\">\n<p align=\"justify\">\n<p align=\"justify\">\n<p align=\"justify\">\n<p align=\"justify\"><span style=\"color: #000000;\"><span style=\"font-family: Book Antiqua, serif;\"><span style=\"font-size: large;\">Kiedy s\u0142uchamy pierwszego dzisiejszego czytania, z ca\u0142\u0105 pewno\u015bci\u0105 mo\u017cemy stwierdzi\u0107, \u017ce mamy do czynienia ze swoistym <b>sprawozdaniem z dzia\u0142alno\u015bci misyjnej Paw\u0142a i Barnaby.<\/b> Spr\u00f3bujmy chocia\u017cby dok\u0142adnie policzy\u0107 miejscowo\u015bci, kt\u00f3re oni odwiedzili, a o kt\u00f3rych dzi\u015b mowa. Wyrysuje si\u0119 nam w\u00f3wczas na mapie <b>bardzo d\u0142ugi i r\u00f3\u017cnorodny szlak misyjny. <\/b><\/span><\/span><\/span><\/p>\n<p align=\"justify\"><span style=\"color: #000000;\"><span style=\"font-family: Book Antiqua, serif;\"><span style=\"font-size: large;\">A przy okazji, dowiemy si\u0119 <b>o ustanowieniu nowych pasterzy<\/b> dla m\u0142odego Ko\u015bcio\u0142a, kt\u00f3rych wtedy nazywano <b>\u00abstarszymi\u00bb.<\/b> Hierarchia bowiem, jak\u0105 znamy obecnie, jeszcze si\u0119 tak konkretnie i ostatecznie nie ukszta\u0142towa\u0142a. <\/span><\/span><\/span><\/p>\n<p align=\"justify\"><span style=\"color: #000000;\"><span style=\"font-family: Book Antiqua, serif;\"><span style=\"font-size: large;\">Jednak na jeszcze baczniejsz\u0105 uwag\u0119 zas\u0142uguj\u0105 zdania, zawieraj\u0105ce refleksje samego Autora Ksi\u0119gi, a b\u0119d\u0105ce jakby wtr\u0105ceniem, jakby dopowiedzeniem, a na pewno \u2013 <b>cennym komentarzem<\/b> do owego odwiedzania kolejnych miejscowo\u015bci. I tak oto s\u0142yszymy: <i><b>Pawe\u0142 i Barnaba wr\u00f3cili do Listry, do Ikonium i do Antiochii, umacniaj\u0105c dusze uczni\u00f3w, zach\u0119caj\u0105c do wytrwania w wierze, bo przez wiele ucisk\u00f3w trzeba nam wej\u015b\u0107 do kr\u00f3lestwa Bo\u017cego.<\/b><\/i><b> <\/b>Czy te\u017c: <i><b>Z<\/b><\/i><i><b>a \u0142ask\u0105 Bo\u017c\u0105 zostali przeznaczeni do dzie\u0142a, kt\u00f3re wykonali.<\/b><\/i><b> <\/b>Czy wreszcie: <i><b>Kiedy przybyli i zebrali miejscowy Ko\u015bci\u00f3\u0142, opowiedzieli, jak wiele B\u00f3g przez nich zdzia\u0142a\u0142 i jak otworzy\u0142 poganom podwoje wiary. <\/b><\/i><\/span><\/span><\/span><\/p>\n<p align=\"justify\"><span style=\"color: #000000;\"><span style=\"font-family: Book Antiqua, serif;\"><span style=\"font-size: large;\">Wszystkie te zdania \u2013 w kontek\u015bcie owej listy miejscowo\u015bci, odwiedzonych przez Aposto\u0142\u00f3w \u2013 oddaj\u0105 <b>prawd\u0119 o dynamice m\u0142odego Ko\u015bcio\u0142a, <\/b>ale te\u017c o pewnym <b>bardzo specyficznym duchu, <\/b>jaki go o\u017cywia\u0142. To w\u0142a\u015bnie w tym duchu Aposto\u0142owie <b>umacniali dusze uczni\u00f3w, <\/b>czy <b>zach\u0119cali do wy<\/b><b>trwania w wierze.<\/b> I w\u0142a\u015bnie po to pod\u0105\u017cali do tych kolejnych miejscowo\u015bci. I po to, aby opowiada\u0107 wszystkim po kolei, <b>\u00abjak wiele B\u00f3g przez nich dzia\u0142a i jak otwiera przed kolejnymi lud\u017ami podwoje wiary\u00bb.<\/b> <\/span><\/span><\/span><\/p>\n<p align=\"justify\"><span style=\"color: #000000;\"><span style=\"font-family: Book Antiqua, serif;\"><span style=\"font-size: large;\">A w tym wszystkim trzeba te\u017c pami\u0119ta\u0107, \u017ce <i><b>przez wiele ucisk\u00f3w trzeba nam wej\u015b\u0107 do kr\u00f3lestwa Bo\u017cego. <\/b><\/i>Oznacza to \u2013 ni mniej, ni wi\u0119cej \u2013 \u017ce owo odwiedzanie przez Aposto\u0142\u00f3w kolejnych miejscowo\u015bci i zanoszenie im Dobrej Nowiny <b>to nie wycieczka<\/b> <b>krajoznawcza,<\/b> nie jaka\u015b fajna i mi\u0142a rozrywka, ale <b>dzie\u0142o na wskro\u015b apostolskie, <\/b>kt\u00f3re \u2013 w\u0142a\u015bnie dlatego \u2013 wi\u0105\u017ce si\u0119 <b>z niema\u0142ym po\u015bwi\u0119ceniem. <\/b>Zw\u0142aszcza, je\u015bli we\u017amie si\u0119 pod uwag\u0119 skal\u0119 prze\u015bladowa\u0144 i najr\u00f3\u017cniejszego typu trudno\u015bci, na jakie Aposto\u0142owie \u2013 w zwi\u0105zku ze swoj\u0105 misj\u0105 \u2013 byli nara\u017ceni. <\/span><\/span><\/span><\/p>\n<p align=\"justify\"><span style=\"color: #000000;\"><span style=\"font-family: Book Antiqua, serif;\"><span style=\"font-size: large;\">Jednak\u017ce to wszystko dzia\u0142o si\u0119 \u2013 je\u015bli tak mo\u017cna powiedzie\u0107 \u2013 <b>w mocy i obecno\u015bci Jezusa. <\/b>Chocia\u017c fizycznie nie by\u0142o Go ju\u017c w\u015br\u00f3d Aposto\u0142\u00f3w, to jednak z ca\u0142\u0105 pewno\u015bci\u0105 spe\u0142nia\u0142a si\u0119 ta zapowied\u017a, kt\u00f3r\u0105 wypowiedzia\u0142 On dzisiaj w Ewangelii: <i><b>Syn Cz\u0142owieczy zosta\u0142 teraz uwielbiony, a w Nim zosta\u0142 B\u00f3g uwielbiony. Je\u017celi B\u00f3g zosta\u0142 w Nim uwielbiony, to B\u00f3g uwielbi Go tak\u017ce w sobie samym, i zaraz Go uwielbi. <\/b><\/i><i><b>Dzieci, jeszcze kr\u00f3tko jestem z wami. B\u0119dziecie Mnie szuka\u0107, ale jak to \u017bydom powiedzia\u0142em, tak i teraz wam m\u00f3wi\u0119, dok\u0105d Ja id\u0119, wy p\u00f3j\u015b\u0107 nie mo\u017cecie.<\/b><\/i><b> <\/b><\/span><\/span><\/span><\/p>\n<p align=\"justify\"><span style=\"color: #000000;\"><span style=\"font-family: Book Antiqua, serif;\"><span style=\"font-size: large;\">Powiedzia\u0142 to w Wieczerniku \u2013 jak s\u0142yszymy: <i><b>po wyj\u015bciu Judasza, <\/b><\/i>czyli kiedy ju\u017c \u00f3w zdrajca, zdemaskowany przez Jezusa, poszed\u0142 realizowa\u0107 sw\u00f3j zbrodniczy plan \u2013 a zatem w momencie <b>naprawd\u0119 kulminacyjnym i szczeg\u00f3lnym: <\/b>tu\u017c przed z\u0142o\u017ceniem Ofiary zbawczej za zbawienie cz\u0142owieka. <\/span><\/span><\/span><\/p>\n<p align=\"justify\"><span style=\"color: #000000;\"><span style=\"font-family: Book Antiqua, serif;\"><span style=\"font-size: large;\">I faktycznie, Aposto\u0142owie wtedy jeszcze <b>nie poszli tam, dok\u0105d On poszed\u0142,<\/b> natomiast id\u0105c tam, dok\u0105d ich posy\u0142a\u0142 przez swego Ducha, nie\u015bli t\u0119 oto nauk\u0119, wypowiedzian\u0105 przez Jezusa tak\u017ce w dzisiejszej Ewangelii: <i><b>Daj\u0119 wam przykazanie nowe, aby\u015bcie si\u0119 wzajemnie mi\u0142owali tak, jak Ja was umi\u0142owa\u0142em; \u017ceby\u015bcie i wy tak si\u0119 mi\u0142owali wzajemnie. Po tym wszyscy poznaj\u0105, \u017ce\u015bcie uczniami moimi, je\u015bli b\u0119dziecie si\u0119 wzajemnie mi\u0142owali. <\/b><\/i><\/span><\/span><\/span><\/p>\n<p align=\"justify\"><span style=\"color: #000000;\"><span style=\"font-family: Book Antiqua, serif;\"><span style=\"font-size: large;\">Rzeczywi\u015bcie, <b>dynamika,<\/b> z jak\u0105 Dobra Nowina wtedy rozprzestrzenia\u0142a si\u0119 po \u015bwiecie i ten <b>niezwykle bujny wzrost wiary w sercach ludzi <\/b>\u2013 wzrost wiary, objawiaj\u0105cy si\u0119 chocia\u017cby tym, \u017ce ca\u0142e rzesze ludzi, liczonych wr\u0119cz w tysi\u0105ce, nawraca\u0142y si\u0119 i przyjmowa\u0142y Chrzest \u2013 by\u0142o czym\u015b imponuj\u0105cym! A by\u0142o to <b>wynikiem samego g\u0142oszonego S\u0142owa, <\/b>kt\u00f3re tak w\u0142a\u015bnie <b>skutecznie <\/b><b>dzia\u0142a\u0142o w sercach ludzi<\/b> swoj\u0105 wewn\u0119trzn\u0105 moc\u0105 \u2013 czyli moc\u0105 Jezusa \u2013 ale dzia\u0142o si\u0119 to r\u00f3wnie\u017c dlatego, \u017ce wszyscy, do kt\u00f3rych to s\u0142owo by\u0142o kierowane, widzieli bardzo wyra\u017anie, <b>\u017ce ci, kt\u00f3rzy je g\u0142osz\u0105, \u017cyj\u0105 tak, jak g\u0142osz\u0105.<\/b> Oni nie tylko powtarzaj\u0105 s\u0142owa Jezusa o tym, \u017ce trzeba si\u0119 wzajemnie mi\u0142owa\u0107, <b>ale oni si\u0119 naprawd\u0119 wzajemnie mi\u0142owali! <\/b><\/span><\/span><\/span><\/p>\n<p align=\"justify\"><span style=\"color: #000000;\"><span style=\"font-family: Book Antiqua, serif;\"><span style=\"font-size: large;\">I to by\u0142o wida\u0107! Ich wzajemne relacje, ich wsp\u00f3\u0142praca w realizacji zada\u0144 apostolskich, ich \u2013 tak\u017ce \u2013 <b>wsp\u00f3lne znoszenie cierpie\u0144 i pokonywanie trudno\u015bci, <\/b>musia\u0142o zwr\u00f3ci\u0107 uwag\u0119 ich \u00f3wczesnych s\u0142uchaczy. Wszak w\u0142a\u015bnie o pierwszych chrze\u015bcijanach mawia\u0142o si\u0119 powszechnie: <b>\u201ePatrzcie, jak oni si\u0119 mi\u0142uj\u0105!\u201d<\/b> To zdanie zanotowa\u0142 \u017cyj\u0105cy w II wieku, w Afryce p\u00f3\u0142nocnej, <b>\u0142aci\u0144ski teolog chrze\u015bcija\u0144ski, Tertulian, <\/b>w swoim dziele<b> \u201eApologetyk\u201d. <\/b><\/span><\/span><\/span><\/p>\n<p align=\"justify\"><span style=\"color: #000000;\"><span style=\"font-family: Book Antiqua, serif;\"><span style=\"font-size: large;\">Czy takie zdanie mo\u017cna z ca\u0142ym przekonaniem powiedzie\u0107 <b>o dzisiejszych chrze\u015bcijanach \u2013 czyli o nas?<\/b> Czy takie zdanie mo\u017cna powiedzie\u0107<b> o dzisiejszych g\u0142osicielach Ewangelii \u2013 czyli tak\u017ce o nas, <\/b>zar\u00f3wno duchownych, jak i \u015bwieckich, wszak w Sakramencie Chrztu \u015awi\u0119tego wszyscy zostali\u015bmy <b>w\u0142\u0105czeni do prorockiej misji Chrystusa, <\/b>a wi\u0119c zobowi\u0105zani do tego, by s\u0142owem i przyk\u0142adem \u017cycia \u015bwiadczy\u0107 o swojej wierze wobec ca\u0142ego \u015bwiata! I czy w\u0142a\u015bnie ten \u015bwiat mo\u017ce powiedzie\u0107, \u017ce<b> takie \u015bwiadectwo z naszej strony otrzymuje?<\/b> <\/span><\/span><\/span><\/p>\n<p align=\"justify\"><span style=\"color: #000000;\"><span style=\"font-family: Book Antiqua, serif;\"><span style=\"font-size: large;\">I czy jest to \u015bwiadectwo <b>jedynie s\u0142\u00f3w, czy jednak tak\u017ce czyn\u00f3w,<\/b> \u015bwiadectwo postawy? Czy jest to <b>\u015bwiadectwo wzajemnej mi\u0142o\u015bci <\/b>\u2013 w naszych rodzinach, w naszych s\u0105siedztwach, w naszych spo\u0142eczno\u015bciach lokalnych, a tak\u017ce w miejscach nauki, studiowania, pracy?\u2026 Jak my si\u0119, Drodzy moi, <b>nawzajem do siebie odnosimy,<\/b> co my <b>do siebie<\/b> m\u00f3wimy, co my<b> o sobie<\/b> m\u00f3wimy, jak sobie nawzajem pomagamy \u2013 o ile w og\u00f3le sobie pomagamy \u2013 w znoszeniu trud\u00f3w codzienno\u015bci?\u2026 <\/span><\/span><\/span><\/p>\n<p align=\"justify\"><span style=\"color: #000000;\"><span style=\"font-family: Book Antiqua, serif;\"><span style=\"font-size: large;\">A mo\u017ce rzucamy sobie nawzajem <b>k\u0142ody pod nogi?\u2026<\/b> A mo\u017ce ok\u0142adamy si\u0119 nawzajem<b> krzywdz\u0105cymi opiniami, <\/b><b>os\u0105dami,<\/b><b> <\/b>a nawet przekle\u0144stwami, z\u0142orzeczeniami?\u2026 Drodzy moi, czy to s\u0105 zjawiska<b> naprawd\u0119 zupe\u0142nie nieobecne<\/b> we wzajemnych relacjach nas \u2013 chrze\u015bcijan, katolik\u00f3w? Dobrze wiemy, jak jest! <\/span><\/span><\/span><\/p>\n<p align=\"justify\"><span style=\"color: #000000;\"><span style=\"font-family: Book Antiqua, serif;\"><span style=\"font-size: large;\">A tymczasem, Aposto\u0142 Jan, w swojej apokaliptycznej wizji, zobaczy\u0142 dzi\u015b taki oto obraz: <i><b>Ja, Jan, ujrza\u0142em niebo nowe i ziemi\u0119 now\u0105, bo pierwsze niebo i pierwsza ziemia przemin\u0119\u0142y i morza ju\u017c nie ma. I Miasto \u015awi\u0119te \u2013 Jeruzalem Nowe ujrza\u0142em zst\u0119puj\u0105ce z nieba od Boga, przystrojone jak oblubienica zdobna w klejnoty dla swojego m\u0119\u017ca. I us\u0142ysza\u0142em dono\u015bny g\u0142os m\u00f3wi\u0105cy od tronu: \u201eOto przybytek Boga z lud\u017ami: i zamieszka wraz z nimi, i b\u0119d\u0105 oni Jego ludem, a On b\u0119dzie \u00abBogiem z nimi\u00bb. I otrze z ich oczu wszelk\u0105 \u0142z\u0119,<\/b><\/i><b> <\/b><i><b>a \u015bmierci ju\u017c odt\u0105d nie b\u0119dzie. Ani \u017ca\u0142oby, ni krzyku, ni trudu ju\u017c odt\u0105d nie b\u0119dzie, bo pierwsze rzeczy przemin\u0119\u0142y\u201d. <\/b><\/i><\/span><\/span><\/span><\/p>\n<p align=\"justify\"><span style=\"color: #000000;\"><span style=\"font-family: Book Antiqua, serif;\"><span style=\"font-size: large;\">I to ostatnie zdanie, ko\u0144cz\u0105ce \u00f3w opis \u2013 zdanie nios\u0105ce jaki\u015b ogromy \u0142adunek optymizmu i rado\u015bci: <i><b>I rzek\u0142 Siedz\u0105cy na tronie: \u201eOto czyni\u0119 wszystko nowe\u201d. <\/b><\/i><\/span><\/span><\/span><\/p>\n<p align=\"justify\"><span style=\"color: #000000;\"><span style=\"font-family: Book Antiqua, serif;\"><span style=\"font-size: large;\">Nie mamy w\u0105tpliwo\u015bci, \u017ce mowa tu o tym Mie\u015bcie \u015awi\u0119tym \u2013 Jeruzalem Nowym, <b>kt\u00f3rym jest Niebo, miejsce wiecznej rado\u015bci<\/b> i niesko\u0144czonej szcz\u0119\u015bliwo\u015bci. Ono <b>czeka na nas <\/b>tam, po drugiej stronie \u017cycia. Ale z ca\u0142ego dzisiejszego przekazu biblijnego p\u0142ynie do nas bardzo jasne wskazanie, \u017ce <b>my nie mo\u017cemy czeka\u0107 na to Niebo a\u017c do tego momentu,<\/b> kiedy znajdziemy si\u0119 po owej drugiej stronie \u017cycia \u2013 bo nigdy nie wiemy, kiedy ten moment nast\u0105pi \u2013 ale mamy to Niebo <b>zaprowadza\u0107 ju\u017c teraz. TU I TERAZ. <\/b>W tym naszym<b> TU I TERAZ, <\/b>w jakim dzi\u015b \u017cyjemy,<b> do kt\u00f3rego powr\u00f3cimy dzisiaj,<\/b> po tej Mszy \u015awi\u0119tej, <b>a tak\u017ce jutro,<\/b> kiedy p\u00f3jdziemy znowu do szko\u0142y, do pracy i na uczelni\u0119. <\/span><\/span><\/span><\/p>\n<p align=\"justify\"><span style=\"color: #000000;\"><span style=\"font-family: Book Antiqua, serif;\"><span style=\"font-size: large;\">Drodzy moi, te kolejne etapy naszego \u017cycia; te miejsca, do kt\u00f3rych powr\u00f3cimy \u2013 pocz\u0105wszy od naszych dom\u00f3w rodzinnych \u2013 to s\u0105 dla nas w\u0142a\u015bnie <b>owe miasta, do kt\u00f3rych mamy dociera\u0107 <\/b>tak, jak Pawe\u0142 i Barnaba, docierali z Dobr\u0105 Nowin\u0105 o Jezusie Chrystusie! I to tam w\u0142a\u015bnie \u2013<b> tym w\u0142a\u015bnie ludziom, kt\u00f3rych tam spotkamy,<\/b> pocz\u0105wszy od naszych rodzin, a wi\u0119c od Os\u00f3b nam najbli\u017cszych \u2013 mamy <b>da\u0107 \u015bwiadectwo prawdziwej mi\u0142o\u015bci. <\/b><\/span><\/span><\/span><\/p>\n<p align=\"justify\"><span style=\"color: #000000;\"><span style=\"font-family: Book Antiqua, serif;\"><span style=\"font-size: large;\">My wszyscy, wierz\u0105cy w Jezusa Chrystusa, mamy da\u0107 dzisiejszemu \u015bwiatu, tak bardzo sk\u0142\u00f3conemu i totalnie pogubionemu, <b>\u015bwiadectwo prawdziwie chrze\u015bcija\u0144skiej postawy!<\/b> Bo powiedzmy to sobie bardzo szczerze, Drodzy moi, \u017ce je\u017celi dzisiaj <b>widzimy tyle zamieszania<\/b> w \u017cyciu rodzinnym, spo\u0142ecznym, szkolnym, uczelnianym i zawodowym \u2013 tak\u017ce w naszej Ojczy\u017anie, tak\u017ce w Ko\u015bciele \u2013 to w\u0142a\u015bnie dlatego, \u017ce <b>nasza postawa nie jest czytelnym \u015bwiadectwem naszej wiary!<\/b> <\/span><\/span><\/span><\/p>\n<p align=\"justify\"><span style=\"color: #000000;\"><span style=\"font-family: Book Antiqua, serif;\"><span style=\"font-size: large;\">Je\u017celi m\u00f3wimy, \u017ce <b>nauka Jezusa nie mo\u017ce w tak wielu przypadkach przebi\u0107 <\/b><b>si\u0119 <\/b>do serc i umys\u0142\u00f3w ludzi, to tak\u017ce dlatego \u2013 a mo\u017ce przede wszystkim dlatego \u2013 \u017ce <b>ludzie nie s\u0105 do niej przekonani,<\/b> gdy\u017c <b>nie widz\u0105 jej realizacji<\/b> <b>w naszej postawie. <\/b>Tak\u017ce \u2013 niestety! \u2013 w postawie nas, ksi\u0119\u017cy. Mo\u017ce s\u0142ysz\u0105 nasze s\u0142owa, ale nie zawsze widz\u0105 czyny. <\/span><\/span><\/span><\/p>\n<p align=\"justify\"><span style=\"color: #000000;\"><span style=\"font-family: Book Antiqua, serif;\"><span style=\"font-size: large;\">I dlatego tak wa\u017cnym jest, aby\u015bmy <b>docieraj\u0105c <\/b><b>do owych miast, <\/b>o kt\u00f3rych mowa w pierwszym czytaniu \u2013 czyli do \u015brodowisk, w kt\u00f3rych \u017cyjemy i do kt\u00f3rych dzi\u015b, jutro, czy w najbli\u017cszym czasie dotrzemy \u2013 <b>zanie\u015bli tam Jezusa! <\/b>Aby\u015bmy Go<b> pokazali nasz\u0105 postaw\u0105! <\/b>Aby\u015bmy <b>czynili now\u0105 t\u0119 ziemi\u0119, na kt\u00f3rej \u017cyjemy!<\/b> Te \u015brodowiska, w kt\u00f3rych \u017cyjemy \u2013 aby\u015bmy czynili je \u00abziemi\u0105 now\u0105\u00bb, aby\u015bmy <b>czynili je coraz bardziej Niebem, <\/b>coraz bardziej podobnymi do Nieba, <b>a nie podobnymi do piek\u0142a,<\/b> z czym niestety tak\u017ce nierzadko mamy do czynienia. <\/span><\/span><\/span><\/p>\n<p align=\"justify\"><span style=\"color: #000000;\"><span style=\"font-family: Book Antiqua, serif;\"><span style=\"font-size: large;\"><i><b>Oto czyni\u0119 wszystko nowe! <\/b><\/i>Oby ka\u017cdy z nas m\u00f3g\u0142 to powt\u00f3rzy\u0107, podejmuj\u0105c kolejne dzia\u0142ania i spotykaj\u0105c si\u0119 z lud\u017ami, buduj\u0105c z nimi codzienne relacje. <\/span><\/span><\/span><\/p>\n<p align=\"justify\"><span style=\"color: #000000;\"><span style=\"font-family: Book Antiqua, serif;\"><span style=\"font-size: large;\"><i><b>Oto czyni\u0119 wszystko nowe! <\/b><\/i>Oby m\u00f3g\u0142 to powiedzie\u0107 ka\u017cdy z nas, podejmuj\u0105c nasze codzienne zadania i obowi\u0105zki w rodzinie, w s\u0105siedztwie, w szkole, na uczelni i w pracy. Oby\u015bmy<b> z t\u0105 motywacj\u0105 i w tym celu<\/b> te obowi\u0105zki podejmowali. Ale do tego potrzeba raz jeszcze us\u0142yszenia i wype\u0142nienia tych w\u0142a\u015bnie s\u0142\u00f3w: <i><b>Daj\u0119 wam przykazanie nowe, aby\u015bcie si\u0119 wzajemnie mi\u0142owali tak, jak Ja was umi\u0142owa\u0142em; \u017ceby\u015bcie i wy tak si\u0119 mi\u0142owali wzajemnie. Po tym wszyscy poznaj\u0105, \u017ce\u015bcie uczniami moimi, je\u015bli b\u0119dziecie si\u0119 wzajemnie mi\u0142owali!<\/b><\/i><\/span><\/span><\/span><\/p>\n<p align=\"justify\"><span style=\"color: #000000;\"><span style=\"font-family: Book Antiqua, serif;\"><span style=\"font-size: large;\">I wreszcie:<i><b> Oto czyni\u0119 wszystko nowe!<\/b><\/i><i><b> <\/b><\/i>\u2013 oby ka\u017cdy z nas m\u00f3g\u0142 to powiedzie\u0107 i t\u0105 motywacj\u0105 kierowa\u0142 si\u0119, <b>dokonuj\u0105c dzisiaj wyboru, jakiego mamy dokona\u0107 w naszej Ojczy\u017anie! <\/b>Oby ta motywacja jak najja\u015bniej nam przy\u015bwieca\u0142a \u2013 w tym Bo\u017cym, ewangelicznym rozumieniu tych s\u0142\u00f3w: <i><b>Oto czyni\u0119 wszystko nowe!<\/b><\/i><\/span><\/span><\/span><\/p>\n","protected":false},"excerpt":{"rendered":"<p>Niech b\u0119dzie pochwalony Jezus Chrystus! Drodzy moi, w dniu dzisiejszym urodziny prze\u017cywa Rafa\u0142 R\u0119kawek, imieniny natomiast prze\u017cywa Aleksandra Szcze\u015bniak \u2013 oboje nale\u017c\u0105cy w swoim czasie do m\u0142odzie\u017cowych Wsp\u00f3lnot. \u017bycz\u0119 Im Bo\u017cej opieki na ka\u017cdy dzie\u0144 i wszelkich dar\u00f3w z Nieba \u2013 o co te\u017c b\u0119d\u0119 si\u0119 dla Nich modli\u0107. Ziemskie urodziny w Niebie prze\u017cywa \u015awi\u0119ty [&hellip;]<\/p>\n","protected":false},"author":1,"featured_media":0,"comment_status":"open","ping_status":"open","sticky":false,"template":"","format":"standard","meta":{"jetpack_post_was_ever_published":false,"_jetpack_newsletter_access":"","_jetpack_dont_email_post_to_subs":false,"_jetpack_newsletter_tier_id":0,"_jetpack_memberships_contains_paywalled_content":false,"_jetpack_memberships_contains_paid_content":false,"footnotes":""},"categories":[1],"tags":[],"class_list":["post-23798","post","type-post","status-publish","format-standard","hentry","category-bez-kategorii"],"yoast_head":"<!-- This site is optimized with the Yoast SEO plugin v25.1 - https:\/\/yoast.com\/wordpress\/plugins\/seo\/ -->\n<title>Oto czyni\u0119 wszystko nowe! - Gaudium Et Spes<\/title>\n<meta name=\"robots\" content=\"index, follow, max-snippet:-1, max-image-preview:large, max-video-preview:-1\" \/>\n<link rel=\"canonical\" href=\"https:\/\/gaudiumetspes-blog.pl\/index.php\/2025\/05\/18\/oto-czynie-wszystko-nowe-2\/\" \/>\n<meta property=\"og:locale\" content=\"pl_PL\" \/>\n<meta property=\"og:type\" content=\"article\" \/>\n<meta property=\"og:title\" content=\"Oto czyni\u0119 wszystko nowe! - Gaudium Et Spes\" \/>\n<meta property=\"og:description\" content=\"Niech b\u0119dzie pochwalony Jezus Chrystus! Drodzy moi, w dniu dzisiejszym urodziny prze\u017cywa Rafa\u0142 R\u0119kawek, imieniny natomiast prze\u017cywa Aleksandra Szcze\u015bniak \u2013 oboje nale\u017c\u0105cy w swoim czasie do m\u0142odzie\u017cowych Wsp\u00f3lnot. \u017bycz\u0119 Im Bo\u017cej opieki na ka\u017cdy dzie\u0144 i wszelkich dar\u00f3w z Nieba \u2013 o co te\u017c b\u0119d\u0119 si\u0119 dla Nich modli\u0107. Ziemskie urodziny w Niebie prze\u017cywa \u015awi\u0119ty [&hellip;]\" \/>\n<meta property=\"og:url\" content=\"https:\/\/gaudiumetspes-blog.pl\/index.php\/2025\/05\/18\/oto-czynie-wszystko-nowe-2\/\" \/>\n<meta property=\"og:site_name\" content=\"Gaudium Et Spes\" \/>\n<meta property=\"article:published_time\" content=\"2025-05-18T05:13:36+00:00\" \/>\n<meta property=\"article:modified_time\" content=\"2025-05-18T17:23:47+00:00\" \/>\n<meta name=\"author\" content=\"Ks. Jacek\" \/>\n<meta name=\"twitter:card\" content=\"summary_large_image\" \/>\n<meta name=\"twitter:label1\" content=\"Napisane przez\" \/>\n\t<meta name=\"twitter:data1\" content=\"Ks. Jacek\" \/>\n\t<meta name=\"twitter:label2\" content=\"Szacowany czas czytania\" \/>\n\t<meta name=\"twitter:data2\" content=\"13 minut\" \/>\n<script type=\"application\/ld+json\" class=\"yoast-schema-graph\">{\"@context\":\"https:\/\/schema.org\",\"@graph\":[{\"@type\":\"WebPage\",\"@id\":\"https:\/\/gaudiumetspes-blog.pl\/index.php\/2025\/05\/18\/oto-czynie-wszystko-nowe-2\/\",\"url\":\"https:\/\/gaudiumetspes-blog.pl\/index.php\/2025\/05\/18\/oto-czynie-wszystko-nowe-2\/\",\"name\":\"Oto czyni\u0119 wszystko nowe! - Gaudium Et Spes\",\"isPartOf\":{\"@id\":\"https:\/\/gaudiumetspes-blog.pl\/#website\"},\"datePublished\":\"2025-05-18T05:13:36+00:00\",\"dateModified\":\"2025-05-18T17:23:47+00:00\",\"author\":{\"@id\":\"https:\/\/gaudiumetspes-blog.pl\/#\/schema\/person\/1661982992b752dea8dff0d4ed845a65\"},\"breadcrumb\":{\"@id\":\"https:\/\/gaudiumetspes-blog.pl\/index.php\/2025\/05\/18\/oto-czynie-wszystko-nowe-2\/#breadcrumb\"},\"inLanguage\":\"pl-PL\",\"potentialAction\":[{\"@type\":\"ReadAction\",\"target\":[\"https:\/\/gaudiumetspes-blog.pl\/index.php\/2025\/05\/18\/oto-czynie-wszystko-nowe-2\/\"]}]},{\"@type\":\"BreadcrumbList\",\"@id\":\"https:\/\/gaudiumetspes-blog.pl\/index.php\/2025\/05\/18\/oto-czynie-wszystko-nowe-2\/#breadcrumb\",\"itemListElement\":[{\"@type\":\"ListItem\",\"position\":1,\"name\":\"Strona g\u0142\u00f3wna\",\"item\":\"https:\/\/gaudiumetspes-blog.pl\/\"},{\"@type\":\"ListItem\",\"position\":2,\"name\":\"Oto czyni\u0119 wszystko nowe!\"}]},{\"@type\":\"WebSite\",\"@id\":\"https:\/\/gaudiumetspes-blog.pl\/#website\",\"url\":\"https:\/\/gaudiumetspes-blog.pl\/\",\"name\":\"Gaudium Et Spes\",\"description\":\"Blog Ks. Jacka Ja\u015bkowskiego\",\"potentialAction\":[{\"@type\":\"SearchAction\",\"target\":{\"@type\":\"EntryPoint\",\"urlTemplate\":\"https:\/\/gaudiumetspes-blog.pl\/?s={search_term_string}\"},\"query-input\":{\"@type\":\"PropertyValueSpecification\",\"valueRequired\":true,\"valueName\":\"search_term_string\"}}],\"inLanguage\":\"pl-PL\"},{\"@type\":\"Person\",\"@id\":\"https:\/\/gaudiumetspes-blog.pl\/#\/schema\/person\/1661982992b752dea8dff0d4ed845a65\",\"name\":\"Ks. Jacek\",\"image\":{\"@type\":\"ImageObject\",\"inLanguage\":\"pl-PL\",\"@id\":\"https:\/\/gaudiumetspes-blog.pl\/#\/schema\/person\/image\/\",\"url\":\"https:\/\/gaudiumetspes-blog.pl\/wp-content\/uploads\/2019\/07\/avatar-JJ-150x150.jpg\",\"contentUrl\":\"https:\/\/gaudiumetspes-blog.pl\/wp-content\/uploads\/2019\/07\/avatar-JJ-150x150.jpg\",\"caption\":\"Ks. Jacek\"},\"description\":\"Witam serdecznie! K\u0142ania si\u0119 Ks. Jacek Ja\u015bkowski. Nie jestem ani kim\u015b wa\u017cnym, ani kim\u015b znanym. Jestem ksi\u0119dzem, kt\u00f3ry po prostu chce rozmawia\u0107. Codzienna kap\u0142a\u0144ska pos\u0142uga pokazuje mi, \u017ce temat\u00f3w do rozm\u00f3w z ksi\u0119dzem jest coraz wi\u0119cej i dzisiaj \u017caden ksi\u0105dz nie mo\u017ce od nich ucieka\u0107, ale - wprost przeciwnie - podejmowa\u0107 nowe wyzwania. To przekonanie sk\u0142oni\u0142o mnie do pr\u00f3by otwarcia tego\u017c bloga, chocia\u017c okazji do rozm\u00f3w na co dzie\u0144 - w konfesjonale i poza nim - na szcz\u0119\u015bcie nie brakuje. My\u015bl\u0119 jednak, \u017ce ten blog b\u0119dzie jeszcze jednym sposobem i przestrzeni\u0105 nawi\u0105zania kontaktu z lud\u017ami dobrej woli, otwartymi na dialog.\",\"url\":\"https:\/\/gaudiumetspes-blog.pl\/index.php\/author\/ks-jacek\/\"}]}<\/script>\n<!-- \/ Yoast SEO plugin. -->","yoast_head_json":{"title":"Oto czyni\u0119 wszystko nowe! - Gaudium Et Spes","robots":{"index":"index","follow":"follow","max-snippet":"max-snippet:-1","max-image-preview":"max-image-preview:large","max-video-preview":"max-video-preview:-1"},"canonical":"https:\/\/gaudiumetspes-blog.pl\/index.php\/2025\/05\/18\/oto-czynie-wszystko-nowe-2\/","og_locale":"pl_PL","og_type":"article","og_title":"Oto czyni\u0119 wszystko nowe! - Gaudium Et Spes","og_description":"Niech b\u0119dzie pochwalony Jezus Chrystus! Drodzy moi, w dniu dzisiejszym urodziny prze\u017cywa Rafa\u0142 R\u0119kawek, imieniny natomiast prze\u017cywa Aleksandra Szcze\u015bniak \u2013 oboje nale\u017c\u0105cy w swoim czasie do m\u0142odzie\u017cowych Wsp\u00f3lnot. \u017bycz\u0119 Im Bo\u017cej opieki na ka\u017cdy dzie\u0144 i wszelkich dar\u00f3w z Nieba \u2013 o co te\u017c b\u0119d\u0119 si\u0119 dla Nich modli\u0107. Ziemskie urodziny w Niebie prze\u017cywa \u015awi\u0119ty [&hellip;]","og_url":"https:\/\/gaudiumetspes-blog.pl\/index.php\/2025\/05\/18\/oto-czynie-wszystko-nowe-2\/","og_site_name":"Gaudium Et Spes","article_published_time":"2025-05-18T05:13:36+00:00","article_modified_time":"2025-05-18T17:23:47+00:00","author":"Ks. Jacek","twitter_card":"summary_large_image","twitter_misc":{"Napisane przez":"Ks. Jacek","Szacowany czas czytania":"13 minut"},"schema":{"@context":"https:\/\/schema.org","@graph":[{"@type":"WebPage","@id":"https:\/\/gaudiumetspes-blog.pl\/index.php\/2025\/05\/18\/oto-czynie-wszystko-nowe-2\/","url":"https:\/\/gaudiumetspes-blog.pl\/index.php\/2025\/05\/18\/oto-czynie-wszystko-nowe-2\/","name":"Oto czyni\u0119 wszystko nowe! - Gaudium Et Spes","isPartOf":{"@id":"https:\/\/gaudiumetspes-blog.pl\/#website"},"datePublished":"2025-05-18T05:13:36+00:00","dateModified":"2025-05-18T17:23:47+00:00","author":{"@id":"https:\/\/gaudiumetspes-blog.pl\/#\/schema\/person\/1661982992b752dea8dff0d4ed845a65"},"breadcrumb":{"@id":"https:\/\/gaudiumetspes-blog.pl\/index.php\/2025\/05\/18\/oto-czynie-wszystko-nowe-2\/#breadcrumb"},"inLanguage":"pl-PL","potentialAction":[{"@type":"ReadAction","target":["https:\/\/gaudiumetspes-blog.pl\/index.php\/2025\/05\/18\/oto-czynie-wszystko-nowe-2\/"]}]},{"@type":"BreadcrumbList","@id":"https:\/\/gaudiumetspes-blog.pl\/index.php\/2025\/05\/18\/oto-czynie-wszystko-nowe-2\/#breadcrumb","itemListElement":[{"@type":"ListItem","position":1,"name":"Strona g\u0142\u00f3wna","item":"https:\/\/gaudiumetspes-blog.pl\/"},{"@type":"ListItem","position":2,"name":"Oto czyni\u0119 wszystko nowe!"}]},{"@type":"WebSite","@id":"https:\/\/gaudiumetspes-blog.pl\/#website","url":"https:\/\/gaudiumetspes-blog.pl\/","name":"Gaudium Et Spes","description":"Blog Ks. Jacka Ja\u015bkowskiego","potentialAction":[{"@type":"SearchAction","target":{"@type":"EntryPoint","urlTemplate":"https:\/\/gaudiumetspes-blog.pl\/?s={search_term_string}"},"query-input":{"@type":"PropertyValueSpecification","valueRequired":true,"valueName":"search_term_string"}}],"inLanguage":"pl-PL"},{"@type":"Person","@id":"https:\/\/gaudiumetspes-blog.pl\/#\/schema\/person\/1661982992b752dea8dff0d4ed845a65","name":"Ks. Jacek","image":{"@type":"ImageObject","inLanguage":"pl-PL","@id":"https:\/\/gaudiumetspes-blog.pl\/#\/schema\/person\/image\/","url":"https:\/\/gaudiumetspes-blog.pl\/wp-content\/uploads\/2019\/07\/avatar-JJ-150x150.jpg","contentUrl":"https:\/\/gaudiumetspes-blog.pl\/wp-content\/uploads\/2019\/07\/avatar-JJ-150x150.jpg","caption":"Ks. Jacek"},"description":"Witam serdecznie! K\u0142ania si\u0119 Ks. Jacek Ja\u015bkowski. Nie jestem ani kim\u015b wa\u017cnym, ani kim\u015b znanym. Jestem ksi\u0119dzem, kt\u00f3ry po prostu chce rozmawia\u0107. Codzienna kap\u0142a\u0144ska pos\u0142uga pokazuje mi, \u017ce temat\u00f3w do rozm\u00f3w z ksi\u0119dzem jest coraz wi\u0119cej i dzisiaj \u017caden ksi\u0105dz nie mo\u017ce od nich ucieka\u0107, ale - wprost przeciwnie - podejmowa\u0107 nowe wyzwania. To przekonanie sk\u0142oni\u0142o mnie do pr\u00f3by otwarcia tego\u017c bloga, chocia\u017c okazji do rozm\u00f3w na co dzie\u0144 - w konfesjonale i poza nim - na szcz\u0119\u015bcie nie brakuje. My\u015bl\u0119 jednak, \u017ce ten blog b\u0119dzie jeszcze jednym sposobem i przestrzeni\u0105 nawi\u0105zania kontaktu z lud\u017ami dobrej woli, otwartymi na dialog.","url":"https:\/\/gaudiumetspes-blog.pl\/index.php\/author\/ks-jacek\/"}]}},"jetpack_featured_media_url":"","jetpack_sharing_enabled":true,"_links":{"self":[{"href":"https:\/\/gaudiumetspes-blog.pl\/index.php\/wp-json\/wp\/v2\/posts\/23798","targetHints":{"allow":["GET"]}}],"collection":[{"href":"https:\/\/gaudiumetspes-blog.pl\/index.php\/wp-json\/wp\/v2\/posts"}],"about":[{"href":"https:\/\/gaudiumetspes-blog.pl\/index.php\/wp-json\/wp\/v2\/types\/post"}],"author":[{"embeddable":true,"href":"https:\/\/gaudiumetspes-blog.pl\/index.php\/wp-json\/wp\/v2\/users\/1"}],"replies":[{"embeddable":true,"href":"https:\/\/gaudiumetspes-blog.pl\/index.php\/wp-json\/wp\/v2\/comments?post=23798"}],"version-history":[{"count":3,"href":"https:\/\/gaudiumetspes-blog.pl\/index.php\/wp-json\/wp\/v2\/posts\/23798\/revisions"}],"predecessor-version":[{"id":23801,"href":"https:\/\/gaudiumetspes-blog.pl\/index.php\/wp-json\/wp\/v2\/posts\/23798\/revisions\/23801"}],"wp:attachment":[{"href":"https:\/\/gaudiumetspes-blog.pl\/index.php\/wp-json\/wp\/v2\/media?parent=23798"}],"wp:term":[{"taxonomy":"category","embeddable":true,"href":"https:\/\/gaudiumetspes-blog.pl\/index.php\/wp-json\/wp\/v2\/categories?post=23798"},{"taxonomy":"post_tag","embeddable":true,"href":"https:\/\/gaudiumetspes-blog.pl\/index.php\/wp-json\/wp\/v2\/tags?post=23798"}],"curies":[{"name":"wp","href":"https:\/\/api.w.org\/{rel}","templated":true}]}}