{"id":23804,"date":"2025-05-19T09:55:40","date_gmt":"2025-05-19T07:55:40","guid":{"rendered":"https:\/\/gaudiumetspes-blog.pl\/?p=23804"},"modified":"2025-05-19T09:56:59","modified_gmt":"2025-05-19T07:56:59","slug":"23804","status":"publish","type":"post","link":"https:\/\/gaudiumetspes-blog.pl\/index.php\/2025\/05\/19\/23804\/","title":{"rendered":"Spojrza\u0142 na niego uwa\u017cnie&#8230;"},"content":{"rendered":"<p align=\"justify\"><span style=\"color: #000000;\"><span style=\"font-family: Book Antiqua, serif;\"><span style=\"font-size: large;\">Szcz\u0119\u015b\u0107 Bo\u017ce! Drodzy moi, w dniu dzisiejszym kalendarz liturgiczny przywo\u0142uj wspomnienie dowolne B\u0142ogos\u0142awionej Siostry El\u017cbiety R\u00f3\u017cy Czackiej \u2013 Niewidomej Matki Niewidomych. By\u0142a ona beatyfikowana razem z Prymasem Wyszy\u0144skim. Z racji pe\u0142nienia pos\u0142ugi Duszpasterza Niewidomych i Niedowidz\u0105cych w naszej Diecezji \u2013 w po\u0142\u0105czeniu z pos\u0142ug\u0105 Duszpasterza Akademickiego \u2013szczeg\u00f3ln\u0105 modlitw\u0105 dzisiaj otaczam w\u0142a\u015bnie te Osoby. Przez wstawiennictwo naszej Patronki.<\/span><\/span><\/span><\/p>\n<p align=\"justify\"><span style=\"color: #000000;\"><span style=\"font-family: Book Antiqua, serif;\"><span style=\"font-size: large;\">Drodzy moi, z op\u00f3\u017anieniem zamieszczam s\u0142\u00f3wko, bo co\u015b dzieje si\u0119 na blogu \u2013 jakie\u015b zawirowania techniczne. Dzi\u0119kuj\u0119 Piotrowi Strze\u017cyszowi \u2013 przez jaki\u015b czas Autorowi rozwa\u017ca\u0144 na naszym blogu \u2013 za zwr\u00f3cenie uwagi, \u017ce nie otwiera si\u0119 rozwa\u017canie sobotnie. Ju\u017c si\u0119 otwiera, ale widz\u0119, \u017ce nie otwieraj\u0105 si\u0119 wszystkie zak\u0142adki na g\u00f3rze strony. Zaraz b\u0119d\u0119 interweniowa\u0142. Je\u017celi kto\u015b nie m\u00f3g\u0142 odczyta\u0107 rozwa\u017cania Kacpra z soboty, niech teraz odczyta.<\/span><\/span><\/span><\/p>\n<p align=\"justify\"><span style=\"color: #000000;\"><span style=\"font-family: Book Antiqua, serif;\"><span style=\"font-size: large;\">Ja dzisiaj jestem na miejscu, w Siedlcach, za\u0142atwiaj\u0105c sprawy bie\u017c\u0105ce. A po po\u0142udniu planuj\u0119 spotkanie z Cz\u0142onkiem FORMACJI \u00abSPE SALVI\u00bb, Norbertem \u0141\u0105czy\u0144skim, i wsp\u00f3ln\u0105 Msz\u0119 \u015awi\u0119t\u0105, modlitw\u0119 i rozmow\u0119. Bardzo ciesz\u0119 si\u0119 z tego spotkania!<\/span><\/span><\/span><\/p>\n<p align=\"justify\"><span style=\"color: #000000;\"><span style=\"font-family: Book Antiqua, serif;\"><span style=\"font-size: large;\">Teraz za\u015b ju\u017c zapraszam do pochylenia si\u0119 nad Bo\u017cym s\u0142owem dzisiejszej liturgii. Oto s\u0142\u00f3wko Ksi\u0119dza Marka na dzi\u015b:<\/span><\/span><\/span><\/p>\n<p align=\"justify\"><span style=\"color: #000000;\"><span style=\"font-family: Book Antiqua, serif;\"><span style=\"font-size: medium;\"><a href=\"https:\/\/www.youtube.com\/c\/CatholicSurgut\"><span style=\"font-size: large;\"><span lang=\"zxx\"><u><b>https:\/\/www.youtube.com\/c\/CatholicSurgut<\/b><\/u><\/span><\/span><\/a><\/span><\/span><\/span><\/p>\n<p align=\"justify\"><span style=\"color: #000000;\"><span style=\"font-family: Book Antiqua, serif;\"><span style=\"font-size: large;\"><span lang=\"zxx\">Poni\u017cej s\u0142\u00f3wko Gabrysia, kt\u00f3remu serdecznie dzi\u0119kuj\u0119 za wierno\u015b\u0107 podj\u0119temu zobowi\u0105zaniu. I za oryginalne przemy\u015blenia! A przede wszystkim \u2013 za \u015bwiadectwo wiary, kt\u00f3rym jest ka\u017cde rozwa\u017canie. <\/span><\/span><\/span><\/span><\/p>\n<p align=\"justify\"><span style=\"color: #000000;\"><span style=\"font-family: Book Antiqua, serif;\"><span style=\"font-size: large;\"><span lang=\"zxx\">Zatem, <\/span><span lang=\"zxx\"><b>jakie jest to <\/b><\/span><b>jedno, jedyne, konkretne przes\u0142anie, z jakim Pan dzisiaj do ka\u017cdej i ka\u017cdego z nas si\u0119 zwraca. <\/b>Duchu \u015awi\u0119ty, szczeg\u00f3lnie dzisiaj mocno Ci\u0119 prosimy: tchnij i prowad\u017a!<\/span><\/span><\/span><\/p>\n<p align=\"justify\"><span style=\"color: #000000;\"><span style=\"font-family: Book Antiqua, serif;\"><span style=\"font-size: large;\"><b>Niech Was b\u0142ogos\u0142awi B\u00f3g Wszechmog\u0105cy: Ojciec + i Syn, i Duch \u015awi\u0119ty. Amen<\/b><\/span><\/span><\/span><\/p>\n<p align=\"center\"><span style=\"color: #000000;\"><span style=\"font-family: Book Antiqua, serif;\"><span style=\"font-size: large;\">Gaudium et spes! Ks. Jacek<\/span><\/span><\/span><\/p>\n<p align=\"center\">\n<p align=\"center\">\n<p align=\"center\">\n<p align=\"center\">\n<p align=\"center\">\n<p align=\"justify\"><span style=\"color: #000000;\"><span style=\"font-family: Book Antiqua, serif;\"><span style=\"font-size: large;\"><b>Poniedzia\u0142ek 5 Tygodnia Wielkanocy,<\/b><\/span><\/span><\/span><\/p>\n<p align=\"justify\"><span style=\"color: #000000;\"><span style=\"font-family: Book Antiqua, serif;\"><span style=\"font-size: large;\"><b>19 maja 2025.,\u00a0<\/b><\/span><\/span><\/span><\/p>\n<p align=\"justify\"><span style=\"color: #000000;\"><span style=\"font-family: Book Antiqua, serif;\"><span style=\"font-size: large;\"><b>do czyta\u0144: Dz 14,5\u201318; J 14,21\u201326<\/b><\/span><\/span><\/span><\/p>\n<p align=\"justify\">\n<p align=\"justify\">\n<p align=\"justify\">\n<p align=\"justify\">\n<p align=\"justify\">\n<p align=\"justify\"><span style=\"color: #000000;\"><span style=\"font-family: Book Antiqua, serif;\"><span style=\"font-size: large;\"><b>CZYTANIE Z DZIEJ\u00d3W APOSTOLSKICH: <\/b><\/span><\/span><\/span><\/p>\n<p align=\"justify\"><span style=\"color: #000000;\"><span style=\"font-family: Book Antiqua, serif;\"><span style=\"font-size: large;\"><b>Gdy Pawe\u0142 i Barnaba dowiedzieli si\u0119 w Ikonium, \u017ce poganie i \u017bydzi wraz ze swymi w\u0142adzami zamierzaj\u0105 ich zniewa\u017cy\u0107 i ukamienowa\u0107, uciekli do miast Likaonii: do Listry i Derbe oraz w ich okolice, i tam g\u0142osili Ewangeli\u0119. <\/b><\/span><\/span><\/span><\/p>\n<p align=\"justify\"><span style=\"color: #000000;\"><span style=\"font-family: Book Antiqua, serif;\"><span style=\"font-size: large;\"><b>W Listrze mieszka\u0142 pewien cz\u0142owiek o bezw\u0142adnych nogach, kaleka od urodzenia, kt\u00f3ry nigdy nie chodzi\u0142. S\u0142ucha\u0142 on przem\u00f3wienia Paw\u0142a; ten spojrza\u0142 na niego uwa\u017cnie i widz\u0105c, \u017ce ma wiar\u0119 potrzebn\u0105 do uzdrowienia, zawo\u0142a\u0142 g\u0142o\u015bno: \u201eSta\u0144 prosto na nogach!\u201d A on zerwa\u0142 si\u0119 i zacz\u0105\u0142 chodzi\u0107. <\/b><\/span><\/span><\/span><\/p>\n<p align=\"justify\"><span style=\"color: #000000;\"><span style=\"font-family: Book Antiqua, serif;\"><span style=\"font-size: large;\"><b>Na widok tego, co uczyni\u0142 Pawe\u0142, t\u0142umy zacz\u0119\u0142y wo\u0142a\u0107 po likao\u0144sku: \u201eBogowie przybrali posta\u0107 ludzi i zst\u0105pili do nas!\u201d Barnab\u0119 nazywali Zeusem, a Paw\u0142a Hermesem, gdy\u017c g\u0142\u00f3wnie on przemawia\u0142. A kap\u0142an Zeusa, kt\u00f3ry mia\u0142 \u015bwi\u0105tyni\u0119 przed miastem, przywi\u00f3d\u0142 przed bram\u0119 wo\u0142y i przyni\u00f3s\u0142 wie\u0144ce i chcia\u0142 razem z t\u0142umem z\u0142o\u017cy\u0107 ofiar\u0119. <\/b><\/span><\/span><\/span><\/p>\n<p align=\"justify\"><span style=\"color: #000000;\"><span style=\"font-family: Book Antiqua, serif;\"><span style=\"font-size: large;\"><b>Na wie\u015b\u0107 o tym aposto\u0142owie Barnaba i Pawe\u0142 rozdarli swe szaty i rzucili si\u0119 w t\u0142um, krzycz\u0105c: \u201eLudzie, dlaczego to robicie! My tak\u017ce jeste\u015bmy lud\u017ami, podobnie jak wy podlegamy cierpieniom. Nauczamy was, aby\u015bcie odwr\u00f3cili si\u0119 od tych marno\u015bci do Boga \u017cywego, kt\u00f3ry stworzy\u0142 niebo i ziemi\u0119, i morze, i wszystko, co w nich si\u0119 znajduje. Pozwoli\u0142 On w dawnych czasach, \u017ce ka\u017cdy nar\u00f3d chodzi\u0142 w\u0142asnymi drogami, ale nie przestawa\u0142 dawa\u0107 o sobie \u015bwiadectwa czyni\u0105c dobrze. Zsy\u0142a\u0142 wam deszcz z nieba i urodzajne lata, karmi\u0142 was i rado\u015bci\u0105 nape\u0142nia\u0142 wasze serca\u201d. <\/b><\/span><\/span><\/span><\/p>\n<p align=\"justify\"><span style=\"color: #000000;\"><span style=\"font-family: Book Antiqua, serif;\"><span style=\"font-size: large;\"><b>Tymi s\u0142owami ledwie powstrzymali t\u0142umy od z\u0142o\u017cenia im ofiary.<\/b><\/span><\/span><\/span><\/p>\n<p align=\"justify\">\n<p align=\"justify\">\n<p align=\"justify\">\n<p align=\"justify\">\n<p align=\"justify\">\n<p align=\"justify\"><span style=\"color: #000000;\"><span style=\"font-family: Book Antiqua, serif;\"><span style=\"font-size: large;\"><b>S\u0141OWA EWANGELII WED\u0141UG \u015aWI\u0118TEGO JANA: <\/b><\/span><\/span><\/span><\/p>\n<p align=\"justify\"><span style=\"color: #000000;\"><span style=\"font-family: Book Antiqua, serif;\"><span style=\"font-size: large;\"><b>Jezus powiedzia\u0142 do swoich uczni\u00f3w: \u201eKto ma przykazania moje i zachowuje je, ten Mnie mi\u0142uje. Kto za\u015b Mnie mi\u0142uje, ten b\u0119dzie umi\u0142owany przez Ojca mego, a r\u00f3wnie\u017c Ja b\u0119d\u0119 go mi\u0142owa\u0142 i objawi\u0119 mu siebie\u201d. <\/b><\/span><\/span><\/span><\/p>\n<p align=\"justify\"><span style=\"color: #000000;\"><span style=\"font-family: Book Antiqua, serif;\"><span style=\"font-size: large;\"><b>Rzek\u0142 do Niego Juda, ale nie Iskariota: \u201ePanie, c\u00f3\u017c si\u0119 sta\u0142o, \u017ce nam si\u0119 masz objawi\u0107, a nie \u015bwiatu?\u201d <\/b><\/span><\/span><\/span><\/p>\n<p align=\"justify\"><span style=\"color: #000000;\"><span style=\"font-family: Book Antiqua, serif;\"><span style=\"font-size: large;\"><b>W odpowiedzi rzek\u0142 do niego Jezus: \u201eJe\u015bli mnie kto mi\u0142uje, b\u0119dzie zachowywa\u0142 moj\u0105 nauk\u0119, a Ojciec m\u00f3j umi\u0142uje go, i przyjdziemy do niego, i b\u0119dziemy w nim przebywa\u0107. Kto Mnie nie mi\u0142uje, ten nie zachowuje s\u0142\u00f3w moich. A nauka, kt\u00f3r\u0105 s\u0142yszycie, nie jest moja, ale Tego, kt\u00f3ry Mnie pos\u0142a\u0142, Ojca. <\/b><\/span><\/span><\/span><\/p>\n<p align=\"justify\"><span style=\"color: #000000;\"><span style=\"font-family: Book Antiqua, serif;\"><span style=\"font-size: large;\"><b>To wam powiedzia\u0142em przebywaj\u0105c w\u015br\u00f3d was. A Pocieszyciel, Duch \u015awi\u0119ty, kt\u00f3rego Ojciec po\u015ble w moim imieniu, On was wszystkiego nauczy i przypomni wam wszystko, co Ja wam powiedzia\u0142em\u201d.<\/b><\/span><\/span><\/span><\/p>\n<p align=\"justify\">\n<p align=\"justify\">\n<p align=\"justify\">\n<p align=\"justify\">\n<p align=\"justify\">\n<p align=\"center\"><span style=\"color: #000000;\"><span style=\"font-family: Book Antiqua, serif;\"><span style=\"font-size: large;\"><b>A OTO S\u0141\u00d3WKO GABRYSIA:<\/b><\/span><\/span><\/span><\/p>\n<p align=\"center\">\n<p align=\"center\">\n<p align=\"center\">\n<p align=\"center\">\n<p align=\"center\">\n<p align=\"justify\"><span style=\"color: #000000;\"><span style=\"font-family: Book Antiqua, serif;\"><span style=\"font-size: large;\">Pierwsze czytanie, z Dziej\u00f3w Apostolskich, pokazuje to, jak nam, ludziom wierz\u0105cym, czasem mo\u017ce si\u0119 zdarzy\u0107, \u017ce pochopnie co\u015b lub kogo\u015b ocenimy, nadamy czemu\u015b b\u0105d\u017a komu\u015b rang\u0119 wy\u017csz\u0105, ni\u017c w rzeczywisto\u015bci to co\u015b lub kto\u015b posiada. \u0141atwo przy tym sugerujemy si\u0119 tym, co dzieje si\u0119 za po\u015brednictwem tej\u017ce rzeczy lub osoby.<\/span><\/span><\/span><\/p>\n<p align=\"justify\"><span style=\"color: #000000;\"><span style=\"font-family: Book Antiqua, serif;\"><span style=\"font-size: large;\">Jest te\u017c przedstawiona druga postawa \u2013 postawa Paw\u0142a. Nie oceni\u0142 on pochopnie cz\u0142owieka, kt\u00f3rego z mocy nadanej mu przez Boga uzdrowi\u0142, tylko \u2013 tak jak jest napisane \u2013 <i><b>ten spojrza\u0142 na niego uwa\u017cnie i widz\u0105c, \u017ce ma wiar\u0119 potrzebn\u0105 do uzdrowienia\u2026<\/b><\/i> Spojrza\u0142 na tego cz\u0142owieka, UWA\u017bNIE spojrza\u0142 i pozna\u0142, \u017ce ten cz\u0142owiek ma wiar\u0119 potrzebn\u0105 do uzdrowienia, czyli wiar\u0119 prawdziw\u0105, szczer\u0105\u2026<\/span><\/span><\/span><\/p>\n<p align=\"justify\"><span style=\"color: #000000;\"><span style=\"font-family: Book Antiqua, serif;\"><span style=\"font-size: large;\">Oczywi\u015bcie postawa Paw\u0142a jest lepsza \u2013 to uwa\u017cne przyjrzenie si\u0119 w tym przypadku cz\u0142owiekowi. W odniesieniu do nas, mo\u017ce to oznacza\u0107 te wszystkie \u017cyciowe sytuacje, w kt\u00f3rych musimy podj\u0105\u0107 cz\u0119sto jak\u0105\u015b nie\u0142atw\u0105 decyzj\u0119. Mo\u017cna te\u017c to rozumie\u0107 dla nas jako wskaz\u00f3wk\u0119, jak rozpoznawa\u0107 ludzi \u2013 ludzi wiary.<\/span><\/span><\/span><\/p>\n<p align=\"justify\"><span style=\"color: #000000;\"><span style=\"font-family: Book Antiqua, serif;\"><span style=\"font-size: large;\">Ludzie bowiem, kt\u00f3rych dzisiaj spotkali aposto\u0142owie, pochopnie oceniwszy ich, nadali im miano bog\u00f3w i chcieli sk\u0142ada\u0107 ofiary\u2026 Aposto\u0142owie natomiast czynili to, co czyni\u0142 Jezus, a wi\u0119c uzdrawiali z \u201ezewn\u0105trz i wewn\u0105trz\u201d ludzi \u2013 w imi\u0119 Jezusa w\u0142a\u015bnie. Czy tamci ludzie mogli tak pomy\u015ble\u0107, uzna\u0107 ich za bog\u00f3w? <\/span><\/span><\/span><\/p>\n<p align=\"justify\"><span style=\"color: #000000;\"><span style=\"font-family: Book Antiqua, serif;\"><span style=\"font-size: large;\">Je\u017celi pierwszy raz do nich przemawiali aposto\u0142owie, to uwa\u017cam, \u017ce mogli tak uzna\u0107 i pomy\u015ble\u0107, ale jednak \u2013 moim zdaniem \u2013 powinni \u00abprzyjrze\u0107 si\u0119 im uwa\u017cnie\u00bb, tak jak zrobi\u0142 to Pawe\u0142 przed uzdrowieniem cz\u0142owieka, a wtedy unikn\u0119liby tej b\u0142\u0119dnej oceny\u2026<\/span><\/span><\/span><\/p>\n<p align=\"center\"><span style=\"color: #000000;\"><span style=\"font-family: Book Antiqua, serif;\"><span style=\"font-size: large;\"><b>**********************<\/b><\/span><\/span><\/span><\/p>\n<p align=\"justify\"><span style=\"color: #000000;\"><span style=\"font-family: Book Antiqua, serif;\"><span style=\"font-size: large;\">Ewangelia natomiast skupia si\u0119 na mi\u0142o\u015bci. Jezus m\u00f3wi jasno, \u017ce kto ma i zachowuje przykazania, ten mi\u0142uje Boga i Syna Bo\u017cego, a B\u00f3g i Syn w jedno\u015bci \u2013 mi\u0142uj\u0105 tego\u017c cz\u0142owieka i przyjd\u0105 do niego, i mieszkanie u niego uczyni\u0105.<\/span><\/span><\/span><\/p>\n<p align=\"justify\"><span style=\"color: #000000;\"><span style=\"font-family: Book Antiqua, serif;\"><span style=\"font-size: large;\">My\u015bl\u0119, \u017ce nie trzeba tu nic wi\u0119cej dodawa\u0107, opr\u00f3cz jednego fragmentu z Ewangelii, z poprzedniego mojego s\u0142\u00f3wka, a mianowicie: <i><b>To jest moje przykazanie, aby\u015bcie si\u0119 wzajemnie mi\u0142owali, tak jak Ja was umi\u0142owa\u0142em.<\/b><\/i><\/span><\/span><\/span><\/p>\n<p align=\"justify\"><span style=\"color: #000000;\"><span style=\"font-family: Book Antiqua, serif;\"><span style=\"font-size: large;\">Mo\u017ce warto sobie zada\u0107 pytania:<\/span><\/span><\/span><\/p>\n<p align=\"justify\"><span style=\"color: #000000;\"><span style=\"font-family: Book Antiqua, serif;\"><span style=\"font-size: large;\">* Czy Jezusowe mi\u0142owanie drugiego cz\u0142owieka jest dla nas trudne \u2013 a mo\u017ce jest \u0142atwe?<\/span><\/span><\/span><\/p>\n<p align=\"justify\"><span style=\"color: #000000;\"><span style=\"font-family: Book Antiqua, serif;\"><span style=\"font-size: large;\">* Je\u017celi za\u015b \u0142atwe, to po czym pozna\u0107, \u017ce mi\u0142owanie w \u201estylu\u201d w jakim mi\u0142ujemy, jest mi\u0142owaniem Jezusowym?<\/span><\/span><\/span><\/p>\n<p align=\"center\"><span style=\"color: #000000;\"><span style=\"font-family: Book Antiqua, serif;\"><span style=\"font-size: large;\"><b>**********************<\/b><\/span><\/span><\/span><\/p>\n<p align=\"justify\"><span style=\"color: #000000;\"><span style=\"font-family: Book Antiqua, serif;\"><span style=\"font-size: large;\">Oceniajmy ten \u015bwiat i wszystko, co si\u0119 w nim dzieje, na wz\u00f3r Paw\u0142a, uwa\u017cnie si\u0119 przygl\u0105daj\u0105c i nie oceniaj\u0105c pochopnie!<\/span><\/span><\/span><\/p>\n<p align=\"justify\"><span style=\"color: #000000;\"><span style=\"font-family: Book Antiqua, serif;\"><span style=\"font-size: large;\">Wszystkiego dobrego na ten poniedzia\u0142ek!<\/span><\/span><\/span><\/p>\n","protected":false},"excerpt":{"rendered":"<p>Szcz\u0119\u015b\u0107 Bo\u017ce! Drodzy moi, w dniu dzisiejszym kalendarz liturgiczny przywo\u0142uj wspomnienie dowolne B\u0142ogos\u0142awionej Siostry El\u017cbiety R\u00f3\u017cy Czackiej \u2013 Niewidomej Matki Niewidomych. By\u0142a ona beatyfikowana razem z Prymasem Wyszy\u0144skim. Z racji pe\u0142nienia pos\u0142ugi Duszpasterza Niewidomych i Niedowidz\u0105cych w naszej Diecezji \u2013 w po\u0142\u0105czeniu z pos\u0142ug\u0105 Duszpasterza Akademickiego \u2013szczeg\u00f3ln\u0105 modlitw\u0105 dzisiaj otaczam w\u0142a\u015bnie te Osoby. Przez wstawiennictwo [&hellip;]<\/p>\n","protected":false},"author":1,"featured_media":0,"comment_status":"open","ping_status":"open","sticky":false,"template":"","format":"standard","meta":{"jetpack_post_was_ever_published":false,"_jetpack_newsletter_access":"","_jetpack_dont_email_post_to_subs":false,"_jetpack_newsletter_tier_id":0,"_jetpack_memberships_contains_paywalled_content":false,"_jetpack_memberships_contains_paid_content":false,"footnotes":""},"categories":[1],"tags":[],"class_list":["post-23804","post","type-post","status-publish","format-standard","hentry","category-bez-kategorii"],"yoast_head":"<!-- This site is optimized with the Yoast SEO plugin v25.1 - https:\/\/yoast.com\/wordpress\/plugins\/seo\/ -->\n<title>Spojrza\u0142 na niego uwa\u017cnie... - Gaudium Et Spes<\/title>\n<meta name=\"robots\" content=\"index, follow, max-snippet:-1, max-image-preview:large, max-video-preview:-1\" \/>\n<link rel=\"canonical\" href=\"https:\/\/gaudiumetspes-blog.pl\/index.php\/2025\/05\/19\/23804\/\" \/>\n<meta property=\"og:locale\" content=\"pl_PL\" \/>\n<meta property=\"og:type\" content=\"article\" \/>\n<meta property=\"og:title\" content=\"Spojrza\u0142 na niego uwa\u017cnie... - Gaudium Et Spes\" \/>\n<meta property=\"og:description\" content=\"Szcz\u0119\u015b\u0107 Bo\u017ce! Drodzy moi, w dniu dzisiejszym kalendarz liturgiczny przywo\u0142uj wspomnienie dowolne B\u0142ogos\u0142awionej Siostry El\u017cbiety R\u00f3\u017cy Czackiej \u2013 Niewidomej Matki Niewidomych. By\u0142a ona beatyfikowana razem z Prymasem Wyszy\u0144skim. Z racji pe\u0142nienia pos\u0142ugi Duszpasterza Niewidomych i Niedowidz\u0105cych w naszej Diecezji \u2013 w po\u0142\u0105czeniu z pos\u0142ug\u0105 Duszpasterza Akademickiego \u2013szczeg\u00f3ln\u0105 modlitw\u0105 dzisiaj otaczam w\u0142a\u015bnie te Osoby. Przez wstawiennictwo [&hellip;]\" \/>\n<meta property=\"og:url\" content=\"https:\/\/gaudiumetspes-blog.pl\/index.php\/2025\/05\/19\/23804\/\" \/>\n<meta property=\"og:site_name\" content=\"Gaudium Et Spes\" \/>\n<meta property=\"article:published_time\" content=\"2025-05-19T07:55:40+00:00\" \/>\n<meta property=\"article:modified_time\" content=\"2025-05-19T07:56:59+00:00\" \/>\n<meta name=\"author\" content=\"Ks. Jacek\" \/>\n<meta name=\"twitter:card\" content=\"summary_large_image\" \/>\n<meta name=\"twitter:label1\" content=\"Napisane przez\" \/>\n\t<meta name=\"twitter:data1\" content=\"Ks. Jacek\" \/>\n\t<meta name=\"twitter:label2\" content=\"Szacowany czas czytania\" \/>\n\t<meta name=\"twitter:data2\" content=\"6 minut\" \/>\n<script type=\"application\/ld+json\" class=\"yoast-schema-graph\">{\"@context\":\"https:\/\/schema.org\",\"@graph\":[{\"@type\":\"WebPage\",\"@id\":\"https:\/\/gaudiumetspes-blog.pl\/index.php\/2025\/05\/19\/23804\/\",\"url\":\"https:\/\/gaudiumetspes-blog.pl\/index.php\/2025\/05\/19\/23804\/\",\"name\":\"Spojrza\u0142 na niego uwa\u017cnie... - Gaudium Et Spes\",\"isPartOf\":{\"@id\":\"https:\/\/gaudiumetspes-blog.pl\/#website\"},\"datePublished\":\"2025-05-19T07:55:40+00:00\",\"dateModified\":\"2025-05-19T07:56:59+00:00\",\"author\":{\"@id\":\"https:\/\/gaudiumetspes-blog.pl\/#\/schema\/person\/1661982992b752dea8dff0d4ed845a65\"},\"breadcrumb\":{\"@id\":\"https:\/\/gaudiumetspes-blog.pl\/index.php\/2025\/05\/19\/23804\/#breadcrumb\"},\"inLanguage\":\"pl-PL\",\"potentialAction\":[{\"@type\":\"ReadAction\",\"target\":[\"https:\/\/gaudiumetspes-blog.pl\/index.php\/2025\/05\/19\/23804\/\"]}]},{\"@type\":\"BreadcrumbList\",\"@id\":\"https:\/\/gaudiumetspes-blog.pl\/index.php\/2025\/05\/19\/23804\/#breadcrumb\",\"itemListElement\":[{\"@type\":\"ListItem\",\"position\":1,\"name\":\"Strona g\u0142\u00f3wna\",\"item\":\"https:\/\/gaudiumetspes-blog.pl\/\"},{\"@type\":\"ListItem\",\"position\":2,\"name\":\"Spojrza\u0142 na&nbsp;niego uwa\u017cnie&#8230;\"}]},{\"@type\":\"WebSite\",\"@id\":\"https:\/\/gaudiumetspes-blog.pl\/#website\",\"url\":\"https:\/\/gaudiumetspes-blog.pl\/\",\"name\":\"Gaudium Et Spes\",\"description\":\"Blog Ks. Jacka Ja\u015bkowskiego\",\"potentialAction\":[{\"@type\":\"SearchAction\",\"target\":{\"@type\":\"EntryPoint\",\"urlTemplate\":\"https:\/\/gaudiumetspes-blog.pl\/?s={search_term_string}\"},\"query-input\":{\"@type\":\"PropertyValueSpecification\",\"valueRequired\":true,\"valueName\":\"search_term_string\"}}],\"inLanguage\":\"pl-PL\"},{\"@type\":\"Person\",\"@id\":\"https:\/\/gaudiumetspes-blog.pl\/#\/schema\/person\/1661982992b752dea8dff0d4ed845a65\",\"name\":\"Ks. Jacek\",\"image\":{\"@type\":\"ImageObject\",\"inLanguage\":\"pl-PL\",\"@id\":\"https:\/\/gaudiumetspes-blog.pl\/#\/schema\/person\/image\/\",\"url\":\"https:\/\/gaudiumetspes-blog.pl\/wp-content\/uploads\/2019\/07\/avatar-JJ-150x150.jpg\",\"contentUrl\":\"https:\/\/gaudiumetspes-blog.pl\/wp-content\/uploads\/2019\/07\/avatar-JJ-150x150.jpg\",\"caption\":\"Ks. Jacek\"},\"description\":\"Witam serdecznie! K\u0142ania si\u0119 Ks. Jacek Ja\u015bkowski. Nie jestem ani kim\u015b wa\u017cnym, ani kim\u015b znanym. Jestem ksi\u0119dzem, kt\u00f3ry po prostu chce rozmawia\u0107. Codzienna kap\u0142a\u0144ska pos\u0142uga pokazuje mi, \u017ce temat\u00f3w do rozm\u00f3w z ksi\u0119dzem jest coraz wi\u0119cej i dzisiaj \u017caden ksi\u0105dz nie mo\u017ce od nich ucieka\u0107, ale - wprost przeciwnie - podejmowa\u0107 nowe wyzwania. To przekonanie sk\u0142oni\u0142o mnie do pr\u00f3by otwarcia tego\u017c bloga, chocia\u017c okazji do rozm\u00f3w na co dzie\u0144 - w konfesjonale i poza nim - na szcz\u0119\u015bcie nie brakuje. My\u015bl\u0119 jednak, \u017ce ten blog b\u0119dzie jeszcze jednym sposobem i przestrzeni\u0105 nawi\u0105zania kontaktu z lud\u017ami dobrej woli, otwartymi na dialog.\",\"url\":\"https:\/\/gaudiumetspes-blog.pl\/index.php\/author\/ks-jacek\/\"}]}<\/script>\n<!-- \/ Yoast SEO plugin. -->","yoast_head_json":{"title":"Spojrza\u0142 na niego uwa\u017cnie... - Gaudium Et Spes","robots":{"index":"index","follow":"follow","max-snippet":"max-snippet:-1","max-image-preview":"max-image-preview:large","max-video-preview":"max-video-preview:-1"},"canonical":"https:\/\/gaudiumetspes-blog.pl\/index.php\/2025\/05\/19\/23804\/","og_locale":"pl_PL","og_type":"article","og_title":"Spojrza\u0142 na niego uwa\u017cnie... - Gaudium Et Spes","og_description":"Szcz\u0119\u015b\u0107 Bo\u017ce! Drodzy moi, w dniu dzisiejszym kalendarz liturgiczny przywo\u0142uj wspomnienie dowolne B\u0142ogos\u0142awionej Siostry El\u017cbiety R\u00f3\u017cy Czackiej \u2013 Niewidomej Matki Niewidomych. By\u0142a ona beatyfikowana razem z Prymasem Wyszy\u0144skim. Z racji pe\u0142nienia pos\u0142ugi Duszpasterza Niewidomych i Niedowidz\u0105cych w naszej Diecezji \u2013 w po\u0142\u0105czeniu z pos\u0142ug\u0105 Duszpasterza Akademickiego \u2013szczeg\u00f3ln\u0105 modlitw\u0105 dzisiaj otaczam w\u0142a\u015bnie te Osoby. Przez wstawiennictwo [&hellip;]","og_url":"https:\/\/gaudiumetspes-blog.pl\/index.php\/2025\/05\/19\/23804\/","og_site_name":"Gaudium Et Spes","article_published_time":"2025-05-19T07:55:40+00:00","article_modified_time":"2025-05-19T07:56:59+00:00","author":"Ks. Jacek","twitter_card":"summary_large_image","twitter_misc":{"Napisane przez":"Ks. Jacek","Szacowany czas czytania":"6 minut"},"schema":{"@context":"https:\/\/schema.org","@graph":[{"@type":"WebPage","@id":"https:\/\/gaudiumetspes-blog.pl\/index.php\/2025\/05\/19\/23804\/","url":"https:\/\/gaudiumetspes-blog.pl\/index.php\/2025\/05\/19\/23804\/","name":"Spojrza\u0142 na niego uwa\u017cnie... - Gaudium Et Spes","isPartOf":{"@id":"https:\/\/gaudiumetspes-blog.pl\/#website"},"datePublished":"2025-05-19T07:55:40+00:00","dateModified":"2025-05-19T07:56:59+00:00","author":{"@id":"https:\/\/gaudiumetspes-blog.pl\/#\/schema\/person\/1661982992b752dea8dff0d4ed845a65"},"breadcrumb":{"@id":"https:\/\/gaudiumetspes-blog.pl\/index.php\/2025\/05\/19\/23804\/#breadcrumb"},"inLanguage":"pl-PL","potentialAction":[{"@type":"ReadAction","target":["https:\/\/gaudiumetspes-blog.pl\/index.php\/2025\/05\/19\/23804\/"]}]},{"@type":"BreadcrumbList","@id":"https:\/\/gaudiumetspes-blog.pl\/index.php\/2025\/05\/19\/23804\/#breadcrumb","itemListElement":[{"@type":"ListItem","position":1,"name":"Strona g\u0142\u00f3wna","item":"https:\/\/gaudiumetspes-blog.pl\/"},{"@type":"ListItem","position":2,"name":"Spojrza\u0142 na&nbsp;niego uwa\u017cnie&#8230;"}]},{"@type":"WebSite","@id":"https:\/\/gaudiumetspes-blog.pl\/#website","url":"https:\/\/gaudiumetspes-blog.pl\/","name":"Gaudium Et Spes","description":"Blog Ks. Jacka Ja\u015bkowskiego","potentialAction":[{"@type":"SearchAction","target":{"@type":"EntryPoint","urlTemplate":"https:\/\/gaudiumetspes-blog.pl\/?s={search_term_string}"},"query-input":{"@type":"PropertyValueSpecification","valueRequired":true,"valueName":"search_term_string"}}],"inLanguage":"pl-PL"},{"@type":"Person","@id":"https:\/\/gaudiumetspes-blog.pl\/#\/schema\/person\/1661982992b752dea8dff0d4ed845a65","name":"Ks. Jacek","image":{"@type":"ImageObject","inLanguage":"pl-PL","@id":"https:\/\/gaudiumetspes-blog.pl\/#\/schema\/person\/image\/","url":"https:\/\/gaudiumetspes-blog.pl\/wp-content\/uploads\/2019\/07\/avatar-JJ-150x150.jpg","contentUrl":"https:\/\/gaudiumetspes-blog.pl\/wp-content\/uploads\/2019\/07\/avatar-JJ-150x150.jpg","caption":"Ks. Jacek"},"description":"Witam serdecznie! K\u0142ania si\u0119 Ks. Jacek Ja\u015bkowski. Nie jestem ani kim\u015b wa\u017cnym, ani kim\u015b znanym. Jestem ksi\u0119dzem, kt\u00f3ry po prostu chce rozmawia\u0107. Codzienna kap\u0142a\u0144ska pos\u0142uga pokazuje mi, \u017ce temat\u00f3w do rozm\u00f3w z ksi\u0119dzem jest coraz wi\u0119cej i dzisiaj \u017caden ksi\u0105dz nie mo\u017ce od nich ucieka\u0107, ale - wprost przeciwnie - podejmowa\u0107 nowe wyzwania. To przekonanie sk\u0142oni\u0142o mnie do pr\u00f3by otwarcia tego\u017c bloga, chocia\u017c okazji do rozm\u00f3w na co dzie\u0144 - w konfesjonale i poza nim - na szcz\u0119\u015bcie nie brakuje. My\u015bl\u0119 jednak, \u017ce ten blog b\u0119dzie jeszcze jednym sposobem i przestrzeni\u0105 nawi\u0105zania kontaktu z lud\u017ami dobrej woli, otwartymi na dialog.","url":"https:\/\/gaudiumetspes-blog.pl\/index.php\/author\/ks-jacek\/"}]}},"jetpack_featured_media_url":"","jetpack_sharing_enabled":true,"_links":{"self":[{"href":"https:\/\/gaudiumetspes-blog.pl\/index.php\/wp-json\/wp\/v2\/posts\/23804","targetHints":{"allow":["GET"]}}],"collection":[{"href":"https:\/\/gaudiumetspes-blog.pl\/index.php\/wp-json\/wp\/v2\/posts"}],"about":[{"href":"https:\/\/gaudiumetspes-blog.pl\/index.php\/wp-json\/wp\/v2\/types\/post"}],"author":[{"embeddable":true,"href":"https:\/\/gaudiumetspes-blog.pl\/index.php\/wp-json\/wp\/v2\/users\/1"}],"replies":[{"embeddable":true,"href":"https:\/\/gaudiumetspes-blog.pl\/index.php\/wp-json\/wp\/v2\/comments?post=23804"}],"version-history":[{"count":2,"href":"https:\/\/gaudiumetspes-blog.pl\/index.php\/wp-json\/wp\/v2\/posts\/23804\/revisions"}],"predecessor-version":[{"id":23806,"href":"https:\/\/gaudiumetspes-blog.pl\/index.php\/wp-json\/wp\/v2\/posts\/23804\/revisions\/23806"}],"wp:attachment":[{"href":"https:\/\/gaudiumetspes-blog.pl\/index.php\/wp-json\/wp\/v2\/media?parent=23804"}],"wp:term":[{"taxonomy":"category","embeddable":true,"href":"https:\/\/gaudiumetspes-blog.pl\/index.php\/wp-json\/wp\/v2\/categories?post=23804"},{"taxonomy":"post_tag","embeddable":true,"href":"https:\/\/gaudiumetspes-blog.pl\/index.php\/wp-json\/wp\/v2\/tags?post=23804"}],"curies":[{"name":"wp","href":"https:\/\/api.w.org\/{rel}","templated":true}]}}