{"id":23808,"date":"2025-05-20T09:18:12","date_gmt":"2025-05-20T07:18:12","guid":{"rendered":"https:\/\/gaudiumetspes-blog.pl\/?p=23808"},"modified":"2025-05-20T09:18:12","modified_gmt":"2025-05-20T07:18:12","slug":"pax-vobis","status":"publish","type":"post","link":"https:\/\/gaudiumetspes-blog.pl\/index.php\/2025\/05\/20\/pax-vobis\/","title":{"rendered":"Pax Vobis!"},"content":{"rendered":"<p align=\"justify\"><span style=\"color: #000000;\"><span style=\"font-family: Book Antiqua, serif;\"><span style=\"font-size: large;\">Szcz\u0119\u015b\u0107 Bo\u017ce! Moi Drodzy, <b>w dniu dzisiejszym <\/b><b>urodziny prze\u017cywa Magdalena Balok, z kt\u00f3r\u0105 mia\u0142em przyjemno\u015b\u0107 pozna\u0107 si\u0119 przez to forum i znajomo\u015b\u0107 t\u0119 utrzymywa\u0107 ju\u017c od kilku lat. Dzi\u0119kuj\u0105c Jubilatce za szczero\u015b\u0107 i autentyzm, a tak\u017ce otwarte serce w codziennym trudzie poszukiwania sensu i celu \u017cycia w Jezusie \u2013 \u017cycz\u0119 utrzymania tego kursu! I zapewniam o modlitwie!<\/b><\/span><\/span><\/span><\/p>\n<p align=\"justify\"><span style=\"color: #000000;\"><span style=\"font-family: Book Antiqua, serif;\"><span style=\"font-size: large;\">A oto dzisiaj pozdrawiam Was z Siedlec, gdzie zamierzam popracowa\u0107 na miejscu, bo nie udaj\u0119 si\u0119 na dy\u017cur duszpasterski przy ulicy Prusa, poniewa\u017c dzisiaj Rektor Uniwersytetu w Siedlcach ustanowi\u0142 tak zwane \u201egodziny rektorskie\u201d, gdy\u017c organizuje spotkanie dla wszystkich Pracownik\u00f3w Uczelni, w trakcie kt\u00f3rego b\u0119dzie t\u0142umaczy\u0142 ostatnie wydarzenia, tak mocno nag\u0142o\u015bnione medialnie, a tak mocno uderzaj\u0105ce w dobre imi\u0119 Uczelni, szczeg\u00f3lnie za\u015b \u2013 tak wielu Wyk\u0142adowc\u00f3w i Pracownik\u00f3w, kt\u00f3rzy z t\u0105 Uczelni\u0105 zwi\u0105zali swe \u017cycie, kt\u00f3rzy jej po\u015bwi\u0119cili najpi\u0119kniejsze lata \u017cycia, oddaj\u0105c serce swojej pracy, a oto teraz dowiaduj\u0105 si\u0119, \u017ce s\u0105 na jakiej\u015b przekl\u0119tej uczelni, wytykanej palcami przez ca\u0142\u0105 Polsk\u0119. <\/span><\/span><\/span><\/p>\n<p align=\"justify\"><span style=\"color: #000000;\"><span style=\"font-family: Book Antiqua, serif;\"><span style=\"font-size: large;\">I to w\u0142a\u015bnie w ich obronie \u2013 jak Duszpasterz Akademicki \u2013 <b>wystosowa\u0142em APEL, kt\u00f3ry <\/b><b>wyg\u0142osi\u0142em w audycji radiowej i zamie\u015bci\u0142em na stronie i na fb naszego Duszpasterstwa Akademickiego. Zamieszczam go dzisiaj, pod rozwa\u017caniem.<\/b><\/span><\/span><\/span><\/p>\n<p align=\"justify\"><span style=\"color: #000000;\"><span style=\"font-family: Book Antiqua, serif;\"><span style=\"font-size: large;\">A czyni\u0119 to w dniach dorocznego \u015awi\u0119ta Uniwersytetu, na obchody kt\u00f3rego z\u0142o\u017cy si\u0119 dzisiejsza Msza \u015awi\u0119ta w Katedrze, w intencji Spo\u0142eczno\u015bci Akademickiej, oraz uroczysto\u015b\u0107 na auli \u2013 jutro, o 11:00. Niestety, wielu Pracownik\u00f3w Uczelni nie wybiera si\u0119 na te obchody\u2026 Ja namawiam Ich, \u017ceby chocia\u017c przyszli na Msz\u0119 \u015awi\u0119t\u0105.<\/span><\/span><\/span><\/p>\n<p align=\"justify\"><span style=\"color: #000000;\"><span style=\"font-family: Book Antiqua, serif;\"><span style=\"font-size: large;\">Ze swej strony prosz\u0119 Was, Drodzy moi, o modlitw\u0119 o zwyci\u0119stwo prawdy w ca\u0142ej tej sprawie \u2013 i o \u015bwiat\u0142o Ducha \u015awi\u0119tego dla mnie, w pe\u0142nieniu pos\u0142ugi Duszpasterza Akademickiego.<\/span><\/span><\/span><\/p>\n<p align=\"justify\"><span style=\"color: #000000;\"><span style=\"font-family: Book Antiqua, serif;\"><span style=\"font-size: large;\">A zmieniaj\u0105c temat, to bardzo zach\u0119cam do prze\u017cycia raz jeszcze wspania\u0142ej Inauguracji Pontyfikatu Ojca \u015awi\u0119tego Leona XIV \u2013 zw\u0142aszcza, je\u015bli kto\u015b jej nie ogl\u0105da\u0142:<\/span><\/span><\/span><\/p>\n<p align=\"justify\"><span style=\"color: #000000;\"><span style=\"font-family: Book Antiqua, serif;\"><span style=\"font-size: medium;\"><b><span style=\"font-size: large;\"><a href=\"https:\/\/tv-trwam.pl\/film\/vod.183829-msza-swieta-na-rozpoczecie-pontyfikatu\">https:\/\/tv-trwam.pl\/film\/vod.183829-msza-swieta-na-rozpoczecie-pontyfikatu<\/a> <\/span><\/b><\/span><\/span><\/span><\/p>\n<p align=\"justify\"><span style=\"color: #000000;\"><span style=\"font-family: Book Antiqua, serif;\"><span style=\"font-size: large;\">M\u00f3dlmy si\u0119 za Ojca \u015awi\u0119tego! I za Ko\u015bci\u00f3\u0142!<\/span><\/span><\/span><\/p>\n<p align=\"justify\"><span style=\"color: #000000;\"><span style=\"font-family: Book Antiqua, serif;\"><span style=\"font-size: large;\">Teraz za\u015b ju\u017c zapraszam zatem do pochylenia si\u0119 nad Bo\u017cym s\u0142owem dzisiejszej liturgii. Oto s\u0142\u00f3wko Ksi\u0119dza Marka na dzi\u015b:<\/span><\/span><\/span><\/p>\n<p align=\"justify\"><span style=\"color: #000000;\"><span style=\"font-family: Book Antiqua, serif;\"><span style=\"font-size: medium;\"><a href=\"https:\/\/www.youtube.com\/c\/CatholicSurgut\"><span style=\"font-size: large;\"><b>https:\/\/www.youtube.com\/c\/CatholicSurgut<\/b><\/span><\/a><\/span><\/span><\/span><\/p>\n<p align=\"justify\"><span style=\"color: #000000;\"><span style=\"font-family: Book Antiqua, serif;\"><span style=\"font-size: large;\">Duchu \u015awi\u0119ty, o\u015bwie\u0107 nasze umys\u0142y i serca, aby\u015bmy <b>odczytali to jedyne, konkretne przes\u0142anie,<\/b> z jakim Pan dzi\u015b do ka\u017cdej i ka\u017cdego z nas osobi\u015bcie si\u0119 zwraca.<\/span><\/span><\/span><\/p>\n<p align=\"justify\"><span style=\"color: #000000;\"><span style=\"font-family: Book Antiqua, serif;\"><span style=\"font-size: large;\"><b>Niech Was b\u0142ogos\u0142awi B\u00f3g Wszechmog\u0105cy: Ojciec + i Syn, i Duch \u015awi\u0119ty. Amen<\/b><\/span><\/span><\/span><\/p>\n<p align=\"center\"><span style=\"color: #000000;\"><span style=\"font-family: Book Antiqua, serif;\"><span style=\"font-size: large;\">Gaudium et spes! Ks. Jacek<\/span><\/span><\/span><\/p>\n<p align=\"center\">\n<p align=\"center\">\n<p align=\"center\">\n<p align=\"center\">\n<p align=\"center\">\n<p align=\"justify\"><span style=\"color: #000000;\"><span style=\"font-family: Book Antiqua, serif;\"><span style=\"font-size: large;\"><b>Wtorek 5 Tygodnia Wielkanocy,<\/b><\/span><\/span><\/span><\/p>\n<p align=\"justify\"><span style=\"color: #000000;\"><span style=\"font-family: Book Antiqua, serif;\"><span style=\"font-size: large;\"><b>20 maja 2025.,\u00a0<\/b><\/span><\/span><\/span><\/p>\n<p align=\"justify\"><span style=\"color: #000000;\"><span style=\"font-family: Book Antiqua, serif;\"><span style=\"font-size: large;\"><b>do czyta\u0144: Dz 14,19\u201328; J 14,27\u201331a<\/b><\/span><\/span><\/span><\/p>\n<p align=\"justify\">\n<p align=\"justify\">\n<p align=\"justify\">\n<p align=\"justify\">\n<p align=\"justify\">\n<p align=\"justify\"><span style=\"color: #000000;\"><span style=\"font-family: Book Antiqua, serif;\"><span style=\"font-size: large;\"><b>CZYTANIE Z DZIEJ\u00d3W APOSTOLSKICH: <\/b><\/span><\/span><\/span><\/p>\n<p align=\"justify\"><span style=\"color: #000000;\"><span style=\"font-family: Book Antiqua, serif;\"><span style=\"font-size: large;\"><b>Do Listry nadeszli \u017bydzi z Antiochii i z Ikonium. Podburzyli t\u0142um, ukamienowali Paw\u0142a i wywlekli go za miasto, s\u0105dz\u0105c, \u017ce nie \u017cyje. Kiedy go jednak otoczyli uczniowie, podni\u00f3s\u0142 si\u0119 i wszed\u0142 do miasta, a nast\u0119pnego dnia uda\u0142 si\u0119 razem z Barnab\u0105 do Derbe. <\/b><\/span><\/span><\/span><\/p>\n<p align=\"justify\"><span style=\"color: #000000;\"><span style=\"font-family: Book Antiqua, serif;\"><span style=\"font-size: large;\"><b>W tym mie\u015bcie g\u0142osili Ewangeli\u0119 i pozyskali wielu uczni\u00f3w, po czym wr\u00f3cili do Listry, do Ikonium i do Antiochii, umacniaj\u0105c dusze uczni\u00f3w, zach\u0119caj\u0105c do wytrwania w wierze, bo przez wiele ucisk\u00f3w trzeba nam wej\u015b\u0107 do kr\u00f3lestwa Bo\u017cego. Kiedy w ka\u017cdym Ko\u015bciele w\u015br\u00f3d modlitw i post\u00f3w ustanowili im starszych, polecili ich Panu, w kt\u00f3rego uwierzyli. <\/b><\/span><\/span><\/span><\/p>\n<p align=\"justify\"><span style=\"color: #000000;\"><span style=\"font-family: Book Antiqua, serif;\"><span style=\"font-size: large;\"><b>Potem przeszli przez Pizydi\u0119 i przybyli do Pamfilii. Nauczali w Perge, zeszli do Attalii, a st\u0105d odp\u0142yn\u0119li do Antiochii, gdzie za \u0142ask\u0105 Bo\u017c\u0105 zostali przeznaczeni do dzie\u0142a, kt\u00f3re wykonali. <\/b><\/span><\/span><\/span><\/p>\n<p align=\"justify\"><span style=\"color: #000000;\"><span style=\"font-family: Book Antiqua, serif;\"><span style=\"font-size: large;\"><b>Kiedy przybyli i zebrali Ko\u015bci\u00f3\u0142, opowiedzieli, jak wiele B\u00f3g przez nich zdzia\u0142a\u0142 i jak otworzy\u0142 poganom podwoje wiary. I do\u015b\u0107 d\u0142ugi czas sp\u0119dzili w\u015br\u00f3d uczni\u00f3w.<\/b><\/span><\/span><\/span><\/p>\n<p align=\"justify\">\n<p align=\"justify\">\n<p align=\"justify\">\n<p align=\"justify\">\n<p align=\"justify\">\n<p align=\"justify\"><span style=\"color: #000000;\"><span style=\"font-family: Book Antiqua, serif;\"><span style=\"font-size: large;\"><b>S\u0141OWA EWANGELII WED\u0141UG \u015aWI\u0118TEGO JANA: <\/b><\/span><\/span><\/span><\/p>\n<p align=\"justify\"><span style=\"color: #000000;\"><span style=\"font-family: Book Antiqua, serif;\"><span style=\"font-size: large;\"><b>Jezus powiedzia\u0142 do swoich uczni\u00f3w: \u201ePok\u00f3j zostawiam wam, pok\u00f3j m\u00f3j daj\u0119 wam. Nie tak jak daje \u015bwiat, Ja wam daj\u0119. Niech si\u0119 nie trwo\u017cy serce wasze ani si\u0119 nie l\u0119ka. S\u0142yszeli\u015bcie, \u017ce wam powiedzia\u0142em: Odchodz\u0119 i przyjd\u0119 zn\u00f3w do was. Gdyby\u015bcie Mnie mi\u0142owali, rozradowaliby\u015bcie si\u0119, \u017ce id\u0119 do Ojca, bo Ojciec wi\u0119kszy jest ode Mnie. <\/b><\/span><\/span><\/span><\/p>\n<p align=\"justify\"><span style=\"color: #000000;\"><span style=\"font-family: Book Antiqua, serif;\"><span style=\"font-size: large;\"><b>A teraz powiedzia\u0142em wam o tym, zanim to nast\u0105pi, aby\u015bcie uwierzyli, gdy si\u0119 to stanie. Ju\u017c nie b\u0119d\u0119 z wami wiele m\u00f3wi\u0142, nadchodzi bowiem w\u0142adca tego \u015bwiata. Nie ma on jednak nic swego we Mnie. Ale niech \u015bwiat si\u0119 dowie, \u017ce Ja mi\u0142uj\u0119 Ojca i \u017ce tak czyni\u0119, jak Mi Ojciec nakaza\u0142\u201d.<\/b><\/span><\/span><\/span><\/p>\n<p align=\"justify\">\n<p align=\"justify\">\n<p align=\"justify\">\n<p align=\"justify\">\n<p align=\"justify\">\n<p align=\"justify\"><span style=\"color: #000000;\"><span style=\"font-family: Book Antiqua, serif;\"><span style=\"font-size: large;\">Kiedy s\u0142uchamy s\u0142\u00f3w Jezusa, zapisanych w dzisiejszej Ewangelii: <i><b>Pok\u00f3j zostawiam wam, pok\u00f3j m\u00f3j daj\u0119 wam. Nie tak jak daje \u015bwiat, Ja wam daj\u0119. Niech si\u0119 nie trwo\u017cy serce wasze ani si\u0119 nie l\u0119ka \u2013 <\/b><\/i>to mo\u017ce zastanawiamy si\u0119, <b>na czym ma \u00f3w pok\u00f3j polega\u0107, <\/b>skoro jest tak mocny, \u017ce uczniowie maj\u0105 si\u0119 wyzby\u0107 wszelkiego l\u0119ku.<b> I czym r\u00f3\u017cni <\/b><b>si\u0119<\/b><b> <\/b>od tego pokoju, kt\u00f3ry daje \u015bwiat?\u2026 <\/span><\/span><\/span><\/p>\n<p align=\"justify\"><span style=\"color: #000000;\"><span style=\"font-family: Book Antiqua, serif;\"><span style=\"font-size: large;\">Tak szczerze m\u00f3wi\u0105c, to nale\u017ca\u0142oby si\u0119 zastanowi\u0107 i szczerze odpowiedzie\u0107 na pytanie, <b>czy \u015bwiat w og\u00f3le jakikolwiek pok\u00f3j tak naprawd\u0119 daje?<\/b> Bo o tym pokoju \u2013 to prawda \u2013 <b>du\u017co m\u00f3wi.<\/b> I odmienia to s\u0142owo przez wszystkie przypadki! I ci\u0105gle s\u0142yszymy o \u201erozmowach pokojowych\u201d, o \u201edzia\u0142aniach pokojowych\u201d, nawet o pokojowej Nagrodzie Nobla. <\/span><\/span><\/span><\/p>\n<p align=\"justify\"><span style=\"color: #000000;\"><span style=\"font-family: Book Antiqua, serif;\"><span style=\"font-size: large;\">A tymczasem widzimy i przekonujemy si\u0119 na ka\u017cdym kroku, \u017ce<b> im wi\u0119cej tej gadaniny o pokoju, tym mniej tego pokoju, <\/b>a ju\u017c na pewno <b>tego pokoju prawdziwego, pokoju sprawiedliwego,<\/b> opartego na zasadach ewangelicznych, a nie na dominacji jednej strony konfliktu, kt\u00f3ra jest na tyle silna, albo na tyle wspierana r\u00f3\u017cnego rodzaju stronnictwami, a przede wszystkim du\u017cymi pieni\u0119dzmi, \u017ce mo\u017ce \u00f3w pok\u00f3j drugiej stronie <b>narzuci\u0107 na swoich warunkach.<\/b> Tylko \u2013 czy to jest prawdziwy pok\u00f3j? <\/span><\/span><\/span><\/p>\n<p align=\"justify\"><span style=\"color: #000000;\"><span style=\"font-family: Book Antiqua, serif;\"><span style=\"font-size: large;\">A je\u017celi tak \u2013 lub nie \u2013 to jaki pok\u00f3j mogliby\u015bmy <b>uwa\u017ca\u0107 za ten prawdziwy? <\/b>Wydaje si\u0119, \u017ce konkretne wskazanie w tej kwestii otrzymujemy w pierwszym czytaniu \u2013 i to ju\u017c w jego pierwszym akapicie, w opisie sytuacji, w jakiej znale\u017ali si\u0119 Aposto\u0142owie, na szlaku swojej misyjnej pos\u0142ugi. Ot\u00f3\u017c \u2013 jak s\u0142yszymy \u2013 <b>d<\/b><b>o <\/b><i><b>Listry nadeszli \u017bydzi z Antiochii i z Ikonium. Podburzyli t\u0142um, ukamienowali Paw\u0142a i wywlekli go za miasto, s\u0105dz\u0105c, \u017ce nie \u017cyje.<\/b><\/i><b> <\/b>Sytuacja \u2013 powiedzieliby\u015bmy \u2013 dramatyczna i w jakim\u015b sensie ostateczna, bo w ko\u0144cu prze\u015bladowcy <b>naprawd\u0119 chcieli zabi\u0107 Paw\u0142a<\/b> i nawet byli przekonani, \u017ce si\u0119 im to uda\u0142o, dlatego odst\u0105pili od niego.<\/span><\/span><\/span><\/p>\n<p align=\"justify\"><span style=\"color: #000000;\"><span style=\"font-family: Book Antiqua, serif;\"><span style=\"font-size: large;\">Ale jednak im si\u0119 to nie uda\u0142o, a w\u00f3wczas \u2013 jak dalej s\u0142yszymy \u2013 <i><b>k<\/b><\/i><i><b>iedy go jednak otoczyli uczniowie, podni\u00f3s\u0142 si\u0119 i wszed\u0142 do miasta, a nast\u0119pnego dnia uda\u0142 si\u0119 razem z Barnab\u0105 do Derbe. <\/b><\/i><i><b>W tym mie\u015bcie g\u0142osili Ewangeli\u0119 i pozyskali wielu uczni\u00f3w, po czym wr\u00f3cili do Listry, do Ikonium i do Antiochii, umacniaj\u0105c dusze uczni\u00f3w, zach\u0119caj\u0105c do wytrwania w wierze, bo przez wiele ucisk\u00f3w trzeba nam wej\u015b\u0107 do kr\u00f3lestwa Bo\u017cego. Kiedy w ka\u017cdym Ko\u015bciele w\u015br\u00f3d modlitw i post\u00f3w ustanowili im starszych, polecili ich Panu, w kt\u00f3rego uwierzyli. Potem przeszli przez Pizydi\u0119 i przybyli do Pamfilii. Nauczali w Perge, zeszli do Attalii, a st\u0105d odp\u0142yn\u0119li do Antiochii, gdzie za \u0142ask\u0105 Bo\u017c\u0105 zostali przeznaczeni do dzie\u0142a, kt\u00f3re wykonali. <\/b><\/i><i><b>Kiedy przybyli i zebrali Ko\u015bci\u00f3\u0142, opowiedzieli, jak wiele B\u00f3g przez nich zdzia\u0142a\u0142 i jak otworzy\u0142 poganom podwoje wiary. I do\u015b\u0107 d\u0142ugi czas sp\u0119dzili w\u015br\u00f3d uczni\u00f3w. <\/b><\/i><\/span><\/span><\/span><\/p>\n<p align=\"justify\"><span style=\"color: #000000;\"><span style=\"font-family: Book Antiqua, serif;\"><span style=\"font-size: large;\">Nie mog\u0142em si\u0119 powstrzyma\u0107 przed tym, \u017ceby zacytowa\u0107 ca\u0142o\u015b\u0107 pierwszego czytania. Bo nie wiedzia\u0142em, kt\u00f3ry fragment wy\u0142\u0105czy\u0107 \u2013 oto bowiem okaza\u0142o si\u0119, \u017ce ten niemal\u017ce zabity, ukamienowany Pawe\u0142, <b>powsta\u0142 prawie \u017ce z martwych<\/b> i w najbli\u017cszym czasie po tym cierpieniu, jakie go spotka\u0142o, <b>dokona\u0142 jeszcze tak bardzo wiele<\/b> dla Kr\u00f3lestwa niebieskiego! Do tak wielu miast dotar\u0142 z Dobr\u0105 Nowin\u0105 o Chrystusie! <\/span><\/span><\/span><\/p>\n<p align=\"justify\"><span style=\"color: #000000;\"><span style=\"font-family: Book Antiqua, serif;\"><span style=\"font-size: large;\">Mo\u017ce to jest w\u0142a\u015bnie \u00f3w <b>prawdziwy pok\u00f3j,<\/b> kt\u00f3ry na tyle mocno ogarnia serce cz\u0142owieka, \u017ce \u017cadne przeciwno\u015bci, \u017cadne k\u0142ody pod nogi, <b>\u017cadne kamienie, rzucane w niego \u2013<\/b> oboj\u0119tnie, czy te materialne, fizyczne, czy te moralne, duchowe, psychiczne \u2013 <b>nie s\u0105 w stanie tak naprawd\u0119 cz\u0142owieka pokona\u0107, <\/b>bo on ma tak mocny pok\u00f3j w swoim sercu, \u017ce zawsze powstanie, aby i\u015b\u0107 dalej i na przek\u00f3r wszystkim i wszystkiemu g\u0142osi\u0107 s\u0142owo Bo\u017ce! <\/span><\/span><\/span><\/p>\n<p align=\"justify\"><span style=\"color: #000000;\"><span style=\"font-family: Book Antiqua, serif;\"><span style=\"font-size: large;\">A je\u015bli zapytaliby\u015bmy <b>o \u017ar\u00f3d\u0142a tego pokoju, <\/b>to z pewno\u015bci\u0105 warto zwr\u00f3ci\u0107 uwag\u0119 na kolejne s\u0142owa, wypowiedziane przez Jezusa w dzisiejszej Ewangelii: <i><b>Niech si\u0119 nie trwo\u017cy serce wasze ani si\u0119 nie l\u0119ka. S\u0142yszeli\u015bcie, \u017ce wam powiedzia\u0142em: Odchodz\u0119 i przyjd\u0119 zn\u00f3w do was. Gdyby\u015bcie<\/b><\/i><b> <\/b><i><b>Mnie mi\u0142owali, rozradowaliby\u015bcie si\u0119, \u017ce id\u0119 do Ojca, bo Ojciec wi\u0119kszy jest ode Mnie. <\/b><\/i><i><b>A teraz powiedzia\u0142em wam o tym, zanim to nast\u0105pi, aby\u015bcie uwierzyli, gdy si\u0119 to stanie. <\/b><\/i><\/span><\/span><\/span><\/p>\n<p align=\"justify\"><span style=\"color: #000000;\"><span style=\"font-family: Book Antiqua, serif;\"><span style=\"font-size: large;\">Tak, Jezus b\u0119d\u0105c u Ojca, jednocze\u015bnie <b>b\u0119dzie nadal prowadzi\u0142 sw\u00f3j Ko\u015bci\u00f3\u0142 \u2013 przez swego Ducha!<\/b> I to On sam b\u0119dzie nape\u0142nia\u0142 serca swoich uczni\u00f3w<b> prawdziwym pokojem,<\/b> a ich umys\u0142y \u2013 <b>niegasn\u0105cym \u015bwiat\u0142em! <\/b>Aby wbrew temu, co wygaduje i wyprawia w\u0142adca tego \u015bwiata \u2013 jak dzisiaj Jezus nazwa\u0142 szatana \u2013 <b>oni pozostali niez\u0142omni, <\/b>rado\u015bni i pe\u0142ni nadziei. Wbrew wszystkim i wszystkiemu!<\/span><\/span><\/span><\/p>\n<p align=\"justify\"><span style=\"color: #000000;\"><span style=\"font-family: Book Antiqua, serif;\"><span style=\"font-size: large;\">I to jest, Drodzy moi, <b>propozycja i zaproszenie, skierowane do nas <\/b><b>przez samego Jezusa,<\/b> aby\u015bmy przyj\u0119li dar Jego pokoju! Aby\u015bmy <b>ju\u017c nie szukali innego pokoju<\/b> \u2013 tego, kt\u00f3ry daje \u015bwiat. Bo tyle razy ju\u017c chyba wszyscy przekonali\u015bmy si\u0119, \u017ce <b>\u201ebez Boga ani do proga\u201d <\/b>\u2013 jak g\u0142osi ludowa m\u0105dro\u015b\u0107. Tyle razy przekonali\u015bmy si\u0119, \u017ce \u017caden polityk, \u017caden gwiazdor \u2013 tak\u017ce \u017caden psycholog czy terapeuta \u2013 <b>nie jest w stanie zapewni\u0107 nikomu prawdziwego pokoju w sercu!<\/b> <\/span><\/span><\/span><\/p>\n<p align=\"justify\"><span style=\"color: #000000;\"><span style=\"font-family: Book Antiqua, serif;\"><span style=\"font-size: large;\">A to \u0142atwo zweryfikowa\u0107, je\u015bli uzna si\u0119, \u017ce oznakami tego pokoju prawdziwego s\u0105 \u2013 mi\u0119dzy innymi \u2013 <b>spok\u00f3j sumienia, rado\u015b\u0107 \u017cycia i \u015bwiadomo\u015b\u0107 jego sensu.<\/b> I w\u0142a\u015bnie tego nie jest w stanie da\u0107 ten, kto oferuje pok\u00f3j, dzia\u0142aj\u0105c jednak <b>wbrew Bogu lub cho\u0107by poza Bogiem. Naprawd\u0119, <\/b><b>tak si\u0119 <\/b><b>nie da!<\/b> I czas, \u017ceby\u015bmy w to wszyscy \u2013 naprawd\u0119 wszyscy, pocz\u0105wszy ode mnie \u2013 <b>jeszcze raz uwierzyli!<\/b> Jeszcze raz, na nowo, ale tym razem ju\u017c tak na sto procent! <\/span><\/span><\/span><\/p>\n<p align=\"justify\"><span style=\"color: #000000;\"><span style=\"font-family: Book Antiqua, serif;\"><span style=\"font-size: large;\">Aby nie by\u0142o w nas cho\u0107by cienia pokusy, aby szuka\u0107 ratunku i wsparcia w rozwi\u0105zywaniu swoich \u017cyciowych dylemat\u00f3w i codziennych problem\u00f3w \u2013 <b>poza Jezusem! To zupe\u0142nie bez sensu! I bez skutku.<\/b> <\/span><\/span><\/span><\/p>\n<p align=\"justify\"><span style=\"color: #000000;\"><span style=\"font-family: Book Antiqua, serif;\"><span style=\"font-size: large;\">Bo \u2013 powiedzmy raz jeszcze \u2013 <i><b>w\u0142adca tego \u015bwiata<\/b><\/i> i jego podw\u0142adni codziennie pokazuj\u0105 nam, jakim to pokojem nas racz\u0105. A Jezus nieustannie powtarza i szczerze stara si\u0119 z tym dotrze\u0107 do naszych serc i umys\u0142\u00f3w: <i><b>Pok\u00f3j zostawiam wam, pok\u00f3j m\u00f3j daj\u0119 wam. Nie tak jak daje \u015bwiat, Ja wam daj\u0119. Niech si\u0119 nie trwo\u017cy serce wasze ani<\/b><\/i><b> <\/b><i><b>si\u0119 nie l\u0119ka. <\/b><\/i><\/span><\/span><\/span><\/p>\n<p align=\"justify\"><span style=\"color: #000000;\"><span style=\"font-family: Book Antiqua, serif;\"><span style=\"font-size: large;\">Wierzysz w to? A ja \u2013 wierz\u0119?\u2026<\/span><\/span><\/span><\/p>\n<p align=\"justify\">\n<p align=\"justify\">\n<p align=\"justify\">\n<p align=\"justify\">\n<p align=\"justify\">\n<p align=\"center\"><span style=\"color: #000000;\"><span style=\"font-family: Book Antiqua, serif;\"><span style=\"font-size: large;\"><b>***************************<\/b><\/span><\/span><\/span><\/p>\n<p align=\"center\">\n<p align=\"center\">\n<p align=\"center\">\n<p align=\"center\">\n<p align=\"center\">\n<p align=\"center\"><span style=\"font-family: Book Antiqua, serif;\"><strong><span style=\"color: #000000;\"><span style=\"font-size: large;\"><b>APEL DUSZPASTERZA AKADEMICKIEGO<\/b><\/span><\/span><\/strong><\/span><\/p>\n<p align=\"center\"><span style=\"font-family: Book Antiqua, serif;\"><strong><span style=\"color: #000000;\"><span style=\"font-size: large;\"><b>W OBRONIE DOBREGO IMIENIA UNIWERSYTETU W SIEDLCACH<\/b><\/span><\/span><\/strong><\/span><\/p>\n<p align=\"center\">\n<p align=\"center\">\n<p align=\"center\">\n<p align=\"center\">\n<p align=\"center\">\n<p align=\"justify\"><span style=\"font-family: Book Antiqua, serif;\"><strong><span style=\"color: #000000;\"><span style=\"font-size: large;\">W obliczu doniesie\u0144 medialnych, dotycz\u0105cych sytuacji na Uniwersytecie w Siedlcach, a rozpowszechnionych ju\u017c w\u0142a\u015bciwie w ca\u0142ej Polsce, jako Duszpasterz Akademicki w Siedlcach, serdecznie prosz\u0119 Wszystkich o umiar w ferowaniu wyrok\u00f3w i <\/span><\/span><\/strong><strong><span style=\"color: #000000;\"><span style=\"font-size: large;\">powstrzymanie si\u0119 od <\/span><\/span><\/strong><strong><span style=\"color: #000000;\"><span style=\"font-size: large;\">powielani<\/span><\/span><\/strong><strong><span style=\"color: #000000;\"><span style=\"font-size: large;\">a<\/span><\/span><\/strong><strong><span style=\"color: #000000;\"><span style=\"font-size: large;\"> obiegowych, <\/span><\/span><\/strong><strong><span style=\"color: #000000;\"><span style=\"font-size: large;\">niesprawdzonych<\/span><\/span><\/strong><strong><span style=\"color: #000000;\"><span style=\"font-size: large;\"> opinii. <\/span><\/span><\/strong><\/span><\/p>\n<p align=\"justify\"><span style=\"font-family: Book Antiqua, serif;\"><strong><span style=\"color: #000000;\"><span style=\"font-size: large;\">Z pewno\u015bci\u0105 sprawa, b\u0119d\u0105ca przedmiotem owych doniesie\u0144, wymaga dog\u0142\u0119bnego wyja\u015bnienia \u2013 z zachowaniem wszelkich procedur prawnych. Prawda \u2013 jaka by ona nie by\u0142a <\/span><\/span><\/strong><strong><span style=\"color: #000000;\"><span style=\"font-size: large;\">i <\/span><\/span><\/strong><strong><span style=\"color: #000000;\"><span style=\"font-size: large;\">kogo <\/span><\/span><\/strong><strong><span style=\"color: #000000;\"><span style=\"font-size: large;\">by nie dotyczy\u0142a<\/span><\/span><\/strong><strong><span style=\"color: #000000;\"><span style=\"font-size: large;\"> \u2013 powinna by\u0107 <\/span><\/span><\/strong><strong><span style=\"color: #000000;\"><span style=\"font-size: large;\">bezwzgl\u0119dnie <\/span><\/span><\/strong><strong><span style=\"color: #000000;\"><span style=\"font-size: large;\">ujawniona. Natomiast zwracam uwag\u0119, \u017ce Uniwersytet w Siedlcach to pi\u0119\u0107 tysi\u0119cy Student\u00f3w i <\/span><\/span><\/strong><strong><span style=\"color: #000000;\"><span style=\"font-size: large;\">o\u015bmiuset<\/span><\/span><\/strong><strong><span style=\"color: #000000;\"><span style=\"font-size: large;\"> Pracownik\u00f3w \u2013 <\/span><\/span><\/strong><strong><span style=\"color: #000000;\"><span style=\"font-size: large;\">na r\u00f3\u017cnych stanowiskach: dydaktycznych, administracyjnych i innych.<\/span><\/span><\/strong><\/span><\/p>\n<p align=\"justify\"><span style=\"font-family: Book Antiqua, serif;\"><strong><span style=\"color: #000000;\"><span style=\"font-size: large;\">Wielu z <\/span><\/span><\/strong><strong><span style=\"color: #000000;\"><span style=\"font-size: large;\">Pracownik\u00f3w<\/span><\/span><\/strong> <strong><span style=\"color: #000000;\"><span style=\"font-size: large;\">znam osobi\u015bcie, z wieloma jestem po imieniu. I przygl\u0105dam si\u0119 ich ofiarnej pracy, jak nie szcz\u0119dz\u0105c po\u015bwi\u0119cenia, zaanga\u017cowania, czasu wolnego i czasu na sen \u2013 tak\u017ce, niekiedy (cho\u0107 tego nie pochwalam) <\/span><\/span><\/strong><strong><span style=\"color: #000000;\"><span style=\"font-size: large;\">czasu dla rodziny<\/span><\/span><\/strong><strong><span style=\"color: #000000;\"><span style=\"font-size: large;\"> \u2013 <\/span><\/span><\/strong><strong><span style=\"color: #000000;\"><span style=\"font-size: large;\">oddaj\u0105 si\u0119<\/span><\/span><\/strong><strong><span style=\"color: #000000;\"><span style=\"font-size: large;\"> tej Uczelni, anga\u017cuj\u0105c si\u0119 w prac\u0119 z M\u0142odzie\u017c\u0105, czy te\u017c w prac\u0119 administracyjn\u0105, <\/span><\/span><\/strong><strong><span style=\"color: #000000;\"><span style=\"font-size: large;\">lub te\u017c<\/span><\/span><\/strong><strong><span style=\"color: #000000;\"><span style=\"font-size: large;\"> w obs\u0142udze. Wszyscy ci, o kt\u00f3rych tu my\u015bl\u0119 \u2013 a mog\u0119 o tym za\u015bwiadczy\u0107 z najg\u0142\u0119bszym przekonaniem, <\/span><\/span><\/strong><strong><span style=\"color: #000000;\"><span style=\"font-size: large;\">bo widz\u0119 to na co dzie\u0144<\/span><\/span><\/strong><strong><span style=\"color: #000000;\"><span style=\"font-size: large;\"> \u2013 wk\u0142adaj\u0105 w sw\u0105 prac\u0119 ca\u0142e serce, wykonuj\u0105c j\u0105 z pasj\u0105 i inicjatyw\u0105. <\/span><\/span><\/strong><\/span><\/p>\n<p align=\"justify\"><span style=\"font-family: Book Antiqua, serif;\"><strong><span style=\"color: #000000;\"><span style=\"font-size: large;\">I oto dzisiaj wielu z nich przychodzi do mnie na dy\u017cury, czy na Msze \u015awi\u0119te do Duszpasterstwa, by ze \u0142zami w oczach, z obaw\u0105 w sercu <\/span><\/span><\/strong><strong><span style=\"color: #000000;\"><span style=\"font-size: large;\">i<\/span><\/span><\/strong><strong><span style=\"color: #000000;\"><span style=\"font-size: large;\"> z poczuciem rozgoryczenia, postawi\u0107 pytanie: \u201eCo z nami teraz b\u0119dzie? Co b\u0119dzie z nasz\u0105 Uczelni\u0105? Skoro ju\u017c ca\u0142a Polska wytyka nas palcami; <\/span><\/span><\/strong><strong><span style=\"color: #000000;\"><span style=\"font-size: large;\">skoro <\/span><\/span><\/strong><strong><span style=\"color: #000000;\"><span style=\"font-size: large;\">rodzice ju\u017c zapowiadaj\u0105, \u017ce swoich dzieci na t\u0119 Uczelni\u0119 nie puszcz\u0105, a tak\u017ce przedstawiciele innych uczelni czy instytucji wycofuj\u0105 si\u0119 z zaplanowanych wcze\u015bniej <\/span><\/span><\/strong><strong><span style=\"color: #000000;\"><span style=\"font-size: large;\">wsp\u00f3lnych <\/span><\/span><\/strong><strong><span style=\"color: #000000;\"><span style=\"font-size: large;\">inicjatyw?\u201d Wielu z tych moich Rozm\u00f3wc\u00f3w ju\u017c po kilkadziesi\u0105t la<\/span><\/span><\/strong><strong><span style=\"color: #000000;\"><span style=\"font-size: large;\">t<\/span><\/span><\/strong><strong><span style=\"color: #000000;\"><span style=\"font-size: large;\"> ofiarnie pracuje na tej Uczelni i dzisiaj wszyscy oni pytaj\u0105, dlatego po tylu latach <\/span><\/span><\/strong><strong><span style=\"color: #000000;\"><span style=\"font-size: large;\">uczciwej <\/span><\/span><\/strong><strong><span style=\"color: #000000;\"><span style=\"font-size: large;\">pracy musz\u0105 znosi\u0107 takie krzywdz\u0105ce opinie? <\/span><\/span><\/strong><\/span><\/p>\n<p align=\"justify\"><span style=\"font-family: Book Antiqua, serif;\"><strong><span style=\"color: #000000;\"><span style=\"font-size: large;\">Ze swej strony, jako Duszpasterz Akademicki, za\u015bwiadczam, \u017ce od sze\u015bciu lat, w ci\u0105gu kt\u00f3rych pe\u0142ni\u0119 swoj\u0105 pos\u0142ug\u0119, spotyka\u0142em si\u0119 <\/span><\/span><\/strong><strong><span style=\"color: #000000;\"><span style=\"font-size: large;\">na Uniwersytecie w Siedlcach <\/span><\/span><\/strong><strong><span style=\"color: #000000;\"><span style=\"font-size: large;\">\u2013 i nadal spotykam \u2013 z \u017cyczliwo\u015bci\u0105 i otwarto\u015bci\u0105 na wsp\u00f3\u0142prac\u0119, i na moje inicjatywy. <\/span><\/span><\/strong><strong><span style=\"color: #000000;\"><span style=\"font-size: large;\">Nigdy nie spotka\u0142em si\u0119 z \u017cadnym \u2013 podkre\u015blam: z \u017cadnym! \u2013 afrontem. <\/span><\/span><\/strong><\/span><\/p>\n<p align=\"justify\"><span style=\"font-family: Book Antiqua, serif;\"><strong><span style=\"color: #000000;\"><span style=\"font-size: large;\">Dlatego bardzo prosz\u0119 Wszystkich, kt\u00f3rzy sytuacj\u0119 na <\/span><\/span><\/strong><strong><span style=\"color: #000000;\"><span style=\"font-size: large;\">tej Uczelni<\/span><\/span><\/strong><strong><span style=\"color: #000000;\"><span style=\"font-size: large;\"> tak \u017cywo komentuj\u0105 \u2013 o zachowanie zdrowego rozs\u0105dku, umiaru i obiektywizmu. Warto sobie postawi\u0107 pytanie, czy sam chcia\u0142bym by\u0107 w ten spos\u00f3b <\/span><\/span><\/strong><strong><span style=\"color: #000000;\"><span style=\"font-size: large;\">po<\/span><\/span><\/strong><strong><span style=\"color: #000000;\"><span style=\"font-size: large;\">traktowanym \u2013 wiedz\u0105c, \u017ce nic z\u0142ego nie zrobi\u0142em, a wr\u0119cz po\u015bwi\u0119ca\u0142em si\u0119 ofiarnie dla wsp\u00f3lnego dobra. <\/span><\/span><\/strong><\/span><\/p>\n<p align=\"justify\"><span style=\"font-family: Book Antiqua, serif;\"><strong><span style=\"color: #000000;\"><span style=\"font-size: large;\">Bior\u0105c to wszystko pod uwag\u0119<\/span><\/span><\/strong><strong><span style=\"color: #000000;\"><span style=\"font-size: large;\">, jako Duszpasterz Akademicki \u2013 <\/span><\/span><\/strong><strong><span style=\"color: #000000;\"><span style=\"font-size: large;\">w imi\u0119 prawdy \u2013 <\/span><\/span><\/strong><strong><span style=\"color: #000000;\"><span style=\"font-size: large;\">staj\u0119 dzi\u015b w obronie dobrego imienia Uniwersytetu w Siedl<\/span><\/span><\/strong><strong><span style=\"color: #000000;\"><span style=\"font-size: large;\">c<\/span><\/span><\/strong><strong><span style=\"color: #000000;\"><span style=\"font-size: large;\">ach! <\/span><\/span><\/strong><\/span><\/p>\n<p align=\"justify\"><span style=\"color: #000000;\"><span style=\"font-family: Book Antiqua, serif;\"><span style=\"font-size: medium;\"><strong><span style=\"font-size: large;\">A oto zapis audycji w Katolickim Radiu Podlasie, w ramach formatu AKADEMICKIE GAUDEAMUS, w trakcie kt\u00f3rej APEL zosta\u0142 wyg\u0142oszony \u2013 <\/span><\/strong><strong><span style=\"font-size: large;\">pocz\u0105tek w minucie 8:24:<\/span><\/strong><\/span><\/span><\/span><\/p>\n<p align=\"justify\"><span style=\"color: #000000;\"><span style=\"font-family: Book Antiqua, serif;\"><span style=\"font-size: medium;\"><strong><a href=\"http:\/\/archiwum.radiopodlasie.pl\/NEW\/2025\/05\/09\/akademia-nauk-stosowanych-mazovia-budownictwo-nauka-praktyka-perspektywy\/\"><span style=\"font-size: large;\">http:\/\/archiwum.radiopodlasie.pl\/NEW\/2025\/05\/09\/akademia-nauk-stosowanych-mazovia-budownictwo-nauka-praktyka-perspektywy\/<\/span><\/a><\/strong><b> <\/b><\/span><\/span><\/span><\/p>\n<p align=\"right\"><span style=\"color: #000000;\"><span style=\"font-family: Book Antiqua, serif;\"><span style=\"font-size: large;\">Ks. dr Jacek Ja\u015bkowski<\/span><\/span><\/span><\/p>\n<p align=\"right\"><span style=\"color: #000000;\"><span style=\"font-family: Book Antiqua, serif;\"><span style=\"font-size: large;\">Duszpasterz Akademicki<\/span><\/span><\/span><\/p>\n<p align=\"right\"><span style=\"color: #000000;\"><span style=\"font-family: Book Antiqua, serif;\"><span style=\"font-size: large;\">w Siedlcach<\/span><\/span><\/span><\/p>\n","protected":false},"excerpt":{"rendered":"<p>Szcz\u0119\u015b\u0107 Bo\u017ce! Moi Drodzy, w dniu dzisiejszym urodziny prze\u017cywa Magdalena Balok, z kt\u00f3r\u0105 mia\u0142em przyjemno\u015b\u0107 pozna\u0107 si\u0119 przez to forum i znajomo\u015b\u0107 t\u0119 utrzymywa\u0107 ju\u017c od kilku lat. Dzi\u0119kuj\u0105c Jubilatce za szczero\u015b\u0107 i autentyzm, a tak\u017ce otwarte serce w codziennym trudzie poszukiwania sensu i celu \u017cycia w Jezusie \u2013 \u017cycz\u0119 utrzymania tego kursu! I zapewniam [&hellip;]<\/p>\n","protected":false},"author":1,"featured_media":0,"comment_status":"open","ping_status":"open","sticky":false,"template":"","format":"standard","meta":{"jetpack_post_was_ever_published":false,"_jetpack_newsletter_access":"","_jetpack_dont_email_post_to_subs":false,"_jetpack_newsletter_tier_id":0,"_jetpack_memberships_contains_paywalled_content":false,"_jetpack_memberships_contains_paid_content":false,"footnotes":""},"categories":[1],"tags":[],"class_list":["post-23808","post","type-post","status-publish","format-standard","hentry","category-bez-kategorii"],"yoast_head":"<!-- This site is optimized with the Yoast SEO plugin v25.1 - https:\/\/yoast.com\/wordpress\/plugins\/seo\/ -->\n<title>Pax Vobis! - Gaudium Et Spes<\/title>\n<meta name=\"robots\" content=\"index, follow, max-snippet:-1, max-image-preview:large, max-video-preview:-1\" \/>\n<link rel=\"canonical\" href=\"https:\/\/gaudiumetspes-blog.pl\/index.php\/2025\/05\/20\/pax-vobis\/\" \/>\n<meta property=\"og:locale\" content=\"pl_PL\" \/>\n<meta property=\"og:type\" content=\"article\" \/>\n<meta property=\"og:title\" content=\"Pax Vobis! - Gaudium Et Spes\" \/>\n<meta property=\"og:description\" content=\"Szcz\u0119\u015b\u0107 Bo\u017ce! Moi Drodzy, w dniu dzisiejszym urodziny prze\u017cywa Magdalena Balok, z kt\u00f3r\u0105 mia\u0142em przyjemno\u015b\u0107 pozna\u0107 si\u0119 przez to forum i znajomo\u015b\u0107 t\u0119 utrzymywa\u0107 ju\u017c od kilku lat. Dzi\u0119kuj\u0105c Jubilatce za szczero\u015b\u0107 i autentyzm, a tak\u017ce otwarte serce w codziennym trudzie poszukiwania sensu i celu \u017cycia w Jezusie \u2013 \u017cycz\u0119 utrzymania tego kursu! I zapewniam [&hellip;]\" \/>\n<meta property=\"og:url\" content=\"https:\/\/gaudiumetspes-blog.pl\/index.php\/2025\/05\/20\/pax-vobis\/\" \/>\n<meta property=\"og:site_name\" content=\"Gaudium Et Spes\" \/>\n<meta property=\"article:published_time\" content=\"2025-05-20T07:18:12+00:00\" \/>\n<meta name=\"author\" content=\"Ks. Jacek\" \/>\n<meta name=\"twitter:card\" content=\"summary_large_image\" \/>\n<meta name=\"twitter:label1\" content=\"Napisane przez\" \/>\n\t<meta name=\"twitter:data1\" content=\"Ks. Jacek\" \/>\n\t<meta name=\"twitter:label2\" content=\"Szacowany czas czytania\" \/>\n\t<meta name=\"twitter:data2\" content=\"12 minut\" \/>\n<script type=\"application\/ld+json\" class=\"yoast-schema-graph\">{\"@context\":\"https:\/\/schema.org\",\"@graph\":[{\"@type\":\"WebPage\",\"@id\":\"https:\/\/gaudiumetspes-blog.pl\/index.php\/2025\/05\/20\/pax-vobis\/\",\"url\":\"https:\/\/gaudiumetspes-blog.pl\/index.php\/2025\/05\/20\/pax-vobis\/\",\"name\":\"Pax Vobis! - Gaudium Et Spes\",\"isPartOf\":{\"@id\":\"https:\/\/gaudiumetspes-blog.pl\/#website\"},\"datePublished\":\"2025-05-20T07:18:12+00:00\",\"author\":{\"@id\":\"https:\/\/gaudiumetspes-blog.pl\/#\/schema\/person\/1661982992b752dea8dff0d4ed845a65\"},\"breadcrumb\":{\"@id\":\"https:\/\/gaudiumetspes-blog.pl\/index.php\/2025\/05\/20\/pax-vobis\/#breadcrumb\"},\"inLanguage\":\"pl-PL\",\"potentialAction\":[{\"@type\":\"ReadAction\",\"target\":[\"https:\/\/gaudiumetspes-blog.pl\/index.php\/2025\/05\/20\/pax-vobis\/\"]}]},{\"@type\":\"BreadcrumbList\",\"@id\":\"https:\/\/gaudiumetspes-blog.pl\/index.php\/2025\/05\/20\/pax-vobis\/#breadcrumb\",\"itemListElement\":[{\"@type\":\"ListItem\",\"position\":1,\"name\":\"Strona g\u0142\u00f3wna\",\"item\":\"https:\/\/gaudiumetspes-blog.pl\/\"},{\"@type\":\"ListItem\",\"position\":2,\"name\":\"Pax Vobis!\"}]},{\"@type\":\"WebSite\",\"@id\":\"https:\/\/gaudiumetspes-blog.pl\/#website\",\"url\":\"https:\/\/gaudiumetspes-blog.pl\/\",\"name\":\"Gaudium Et Spes\",\"description\":\"Blog Ks. Jacka Ja\u015bkowskiego\",\"potentialAction\":[{\"@type\":\"SearchAction\",\"target\":{\"@type\":\"EntryPoint\",\"urlTemplate\":\"https:\/\/gaudiumetspes-blog.pl\/?s={search_term_string}\"},\"query-input\":{\"@type\":\"PropertyValueSpecification\",\"valueRequired\":true,\"valueName\":\"search_term_string\"}}],\"inLanguage\":\"pl-PL\"},{\"@type\":\"Person\",\"@id\":\"https:\/\/gaudiumetspes-blog.pl\/#\/schema\/person\/1661982992b752dea8dff0d4ed845a65\",\"name\":\"Ks. Jacek\",\"image\":{\"@type\":\"ImageObject\",\"inLanguage\":\"pl-PL\",\"@id\":\"https:\/\/gaudiumetspes-blog.pl\/#\/schema\/person\/image\/\",\"url\":\"https:\/\/gaudiumetspes-blog.pl\/wp-content\/uploads\/2019\/07\/avatar-JJ-150x150.jpg\",\"contentUrl\":\"https:\/\/gaudiumetspes-blog.pl\/wp-content\/uploads\/2019\/07\/avatar-JJ-150x150.jpg\",\"caption\":\"Ks. Jacek\"},\"description\":\"Witam serdecznie! K\u0142ania si\u0119 Ks. Jacek Ja\u015bkowski. Nie jestem ani kim\u015b wa\u017cnym, ani kim\u015b znanym. Jestem ksi\u0119dzem, kt\u00f3ry po prostu chce rozmawia\u0107. Codzienna kap\u0142a\u0144ska pos\u0142uga pokazuje mi, \u017ce temat\u00f3w do rozm\u00f3w z ksi\u0119dzem jest coraz wi\u0119cej i dzisiaj \u017caden ksi\u0105dz nie mo\u017ce od nich ucieka\u0107, ale - wprost przeciwnie - podejmowa\u0107 nowe wyzwania. To przekonanie sk\u0142oni\u0142o mnie do pr\u00f3by otwarcia tego\u017c bloga, chocia\u017c okazji do rozm\u00f3w na co dzie\u0144 - w konfesjonale i poza nim - na szcz\u0119\u015bcie nie brakuje. My\u015bl\u0119 jednak, \u017ce ten blog b\u0119dzie jeszcze jednym sposobem i przestrzeni\u0105 nawi\u0105zania kontaktu z lud\u017ami dobrej woli, otwartymi na dialog.\",\"url\":\"https:\/\/gaudiumetspes-blog.pl\/index.php\/author\/ks-jacek\/\"}]}<\/script>\n<!-- \/ Yoast SEO plugin. -->","yoast_head_json":{"title":"Pax Vobis! - Gaudium Et Spes","robots":{"index":"index","follow":"follow","max-snippet":"max-snippet:-1","max-image-preview":"max-image-preview:large","max-video-preview":"max-video-preview:-1"},"canonical":"https:\/\/gaudiumetspes-blog.pl\/index.php\/2025\/05\/20\/pax-vobis\/","og_locale":"pl_PL","og_type":"article","og_title":"Pax Vobis! - Gaudium Et Spes","og_description":"Szcz\u0119\u015b\u0107 Bo\u017ce! Moi Drodzy, w dniu dzisiejszym urodziny prze\u017cywa Magdalena Balok, z kt\u00f3r\u0105 mia\u0142em przyjemno\u015b\u0107 pozna\u0107 si\u0119 przez to forum i znajomo\u015b\u0107 t\u0119 utrzymywa\u0107 ju\u017c od kilku lat. Dzi\u0119kuj\u0105c Jubilatce za szczero\u015b\u0107 i autentyzm, a tak\u017ce otwarte serce w codziennym trudzie poszukiwania sensu i celu \u017cycia w Jezusie \u2013 \u017cycz\u0119 utrzymania tego kursu! I zapewniam [&hellip;]","og_url":"https:\/\/gaudiumetspes-blog.pl\/index.php\/2025\/05\/20\/pax-vobis\/","og_site_name":"Gaudium Et Spes","article_published_time":"2025-05-20T07:18:12+00:00","author":"Ks. Jacek","twitter_card":"summary_large_image","twitter_misc":{"Napisane przez":"Ks. Jacek","Szacowany czas czytania":"12 minut"},"schema":{"@context":"https:\/\/schema.org","@graph":[{"@type":"WebPage","@id":"https:\/\/gaudiumetspes-blog.pl\/index.php\/2025\/05\/20\/pax-vobis\/","url":"https:\/\/gaudiumetspes-blog.pl\/index.php\/2025\/05\/20\/pax-vobis\/","name":"Pax Vobis! - Gaudium Et Spes","isPartOf":{"@id":"https:\/\/gaudiumetspes-blog.pl\/#website"},"datePublished":"2025-05-20T07:18:12+00:00","author":{"@id":"https:\/\/gaudiumetspes-blog.pl\/#\/schema\/person\/1661982992b752dea8dff0d4ed845a65"},"breadcrumb":{"@id":"https:\/\/gaudiumetspes-blog.pl\/index.php\/2025\/05\/20\/pax-vobis\/#breadcrumb"},"inLanguage":"pl-PL","potentialAction":[{"@type":"ReadAction","target":["https:\/\/gaudiumetspes-blog.pl\/index.php\/2025\/05\/20\/pax-vobis\/"]}]},{"@type":"BreadcrumbList","@id":"https:\/\/gaudiumetspes-blog.pl\/index.php\/2025\/05\/20\/pax-vobis\/#breadcrumb","itemListElement":[{"@type":"ListItem","position":1,"name":"Strona g\u0142\u00f3wna","item":"https:\/\/gaudiumetspes-blog.pl\/"},{"@type":"ListItem","position":2,"name":"Pax Vobis!"}]},{"@type":"WebSite","@id":"https:\/\/gaudiumetspes-blog.pl\/#website","url":"https:\/\/gaudiumetspes-blog.pl\/","name":"Gaudium Et Spes","description":"Blog Ks. Jacka Ja\u015bkowskiego","potentialAction":[{"@type":"SearchAction","target":{"@type":"EntryPoint","urlTemplate":"https:\/\/gaudiumetspes-blog.pl\/?s={search_term_string}"},"query-input":{"@type":"PropertyValueSpecification","valueRequired":true,"valueName":"search_term_string"}}],"inLanguage":"pl-PL"},{"@type":"Person","@id":"https:\/\/gaudiumetspes-blog.pl\/#\/schema\/person\/1661982992b752dea8dff0d4ed845a65","name":"Ks. Jacek","image":{"@type":"ImageObject","inLanguage":"pl-PL","@id":"https:\/\/gaudiumetspes-blog.pl\/#\/schema\/person\/image\/","url":"https:\/\/gaudiumetspes-blog.pl\/wp-content\/uploads\/2019\/07\/avatar-JJ-150x150.jpg","contentUrl":"https:\/\/gaudiumetspes-blog.pl\/wp-content\/uploads\/2019\/07\/avatar-JJ-150x150.jpg","caption":"Ks. Jacek"},"description":"Witam serdecznie! K\u0142ania si\u0119 Ks. Jacek Ja\u015bkowski. Nie jestem ani kim\u015b wa\u017cnym, ani kim\u015b znanym. Jestem ksi\u0119dzem, kt\u00f3ry po prostu chce rozmawia\u0107. Codzienna kap\u0142a\u0144ska pos\u0142uga pokazuje mi, \u017ce temat\u00f3w do rozm\u00f3w z ksi\u0119dzem jest coraz wi\u0119cej i dzisiaj \u017caden ksi\u0105dz nie mo\u017ce od nich ucieka\u0107, ale - wprost przeciwnie - podejmowa\u0107 nowe wyzwania. To przekonanie sk\u0142oni\u0142o mnie do pr\u00f3by otwarcia tego\u017c bloga, chocia\u017c okazji do rozm\u00f3w na co dzie\u0144 - w konfesjonale i poza nim - na szcz\u0119\u015bcie nie brakuje. My\u015bl\u0119 jednak, \u017ce ten blog b\u0119dzie jeszcze jednym sposobem i przestrzeni\u0105 nawi\u0105zania kontaktu z lud\u017ami dobrej woli, otwartymi na dialog.","url":"https:\/\/gaudiumetspes-blog.pl\/index.php\/author\/ks-jacek\/"}]}},"jetpack_featured_media_url":"","jetpack_sharing_enabled":true,"_links":{"self":[{"href":"https:\/\/gaudiumetspes-blog.pl\/index.php\/wp-json\/wp\/v2\/posts\/23808","targetHints":{"allow":["GET"]}}],"collection":[{"href":"https:\/\/gaudiumetspes-blog.pl\/index.php\/wp-json\/wp\/v2\/posts"}],"about":[{"href":"https:\/\/gaudiumetspes-blog.pl\/index.php\/wp-json\/wp\/v2\/types\/post"}],"author":[{"embeddable":true,"href":"https:\/\/gaudiumetspes-blog.pl\/index.php\/wp-json\/wp\/v2\/users\/1"}],"replies":[{"embeddable":true,"href":"https:\/\/gaudiumetspes-blog.pl\/index.php\/wp-json\/wp\/v2\/comments?post=23808"}],"version-history":[{"count":1,"href":"https:\/\/gaudiumetspes-blog.pl\/index.php\/wp-json\/wp\/v2\/posts\/23808\/revisions"}],"predecessor-version":[{"id":23809,"href":"https:\/\/gaudiumetspes-blog.pl\/index.php\/wp-json\/wp\/v2\/posts\/23808\/revisions\/23809"}],"wp:attachment":[{"href":"https:\/\/gaudiumetspes-blog.pl\/index.php\/wp-json\/wp\/v2\/media?parent=23808"}],"wp:term":[{"taxonomy":"category","embeddable":true,"href":"https:\/\/gaudiumetspes-blog.pl\/index.php\/wp-json\/wp\/v2\/categories?post=23808"},{"taxonomy":"post_tag","embeddable":true,"href":"https:\/\/gaudiumetspes-blog.pl\/index.php\/wp-json\/wp\/v2\/tags?post=23808"}],"curies":[{"name":"wp","href":"https:\/\/api.w.org\/{rel}","templated":true}]}}