{"id":23853,"date":"2025-05-24T10:39:09","date_gmt":"2025-05-24T08:39:09","guid":{"rendered":"https:\/\/gaudiumetspes-blog.pl\/?p=23853"},"modified":"2025-05-24T10:39:09","modified_gmt":"2025-05-24T08:39:09","slug":"poniewaz-nie-jestescie-ze-swiata-3","status":"publish","type":"post","link":"https:\/\/gaudiumetspes-blog.pl\/index.php\/2025\/05\/24\/poniewaz-nie-jestescie-ze-swiata-3\/","title":{"rendered":"Poniewa\u017c nie jeste\u015bcie ze \u015bwiata&#8230;"},"content":{"rendered":"<p align=\"justify\"><span style=\"color: #000000;\"><span style=\"font-family: Book Antiqua, serif;\"><span style=\"font-size: large;\">Szcz\u0119\u015b\u0107 Bo\u017ce! Moi Drodzy, w dniu dzisiejszym <b>kolejn\u0105<\/b> <b>rocznic\u0119 Ingresu do Katedry siedleckiej prze\u017cywa Ksi\u0105dz Biskup Kazimierz Gurda, Pasterz naszej Diecezji. Niech Najwy\u017cszy Kap\u0142an i Dobry Pasterz, Jezus Chrystus, stale prowadzi Ksi\u0119dza Biskupa i obdarza swoj\u0105 \u0142ask\u0105.<\/b><\/span><\/span><\/span><\/p>\n<p align=\"justify\"><span style=\"color: #000000;\"><span style=\"font-family: Book Antiqua, serif;\"><span style=\"font-size: large;\"><b>Imieniny natomiast prze\u017cywa Pani Doktor Joanna Borowicz, Katechetka, a jednocze\u015bnie Autorka podr\u0119cznik\u00f3w i program\u00f3w przygotowuj\u0105cych do przyj\u0119cia Pierwszej Komunii \u015awi\u0119tej i Sakramentu Bierzmowania w Diecezji siedleckiej \u2013 a ostatnio: ciekawej ksi\u0105\u017cki dla dzieci o Biskupie Ignacym \u015awirskim, kt\u00f3rego proces beatyfikacyjny toczy si\u0119 w naszej Diecezji; Osoba wielorako i tw\u00f3rczo zaanga\u017cowana w budowanie duchowego dobra swojej Parafii, Szko\u0142y, Diecezji \u2013 i wielu innych przestrzeni, na kt\u00f3rych si\u0119 anga\u017cuje. <\/b><\/span><\/span><\/span><\/p>\n<p align=\"justify\"><span style=\"color: #000000;\"><span style=\"font-family: Book Antiqua, serif;\"><span style=\"font-size: large;\"><b>Dzi\u0119kuj\u0105c za nasz\u0105 wieloletni\u0105 przyja\u017a\u0144, ale i tak bardzo buduj\u0105ce i mobilizuj\u0105ce mnie osobi\u015bcie \u015bwiadectwo wielkiej wiary oraz pracowito\u015bci i solidno\u015bci we wszystkim, czego si\u0119 Solenizantka podejmuje, \u017cycz\u0119 wszelkiej pomocy z Nieba oraz \u017cyczliwo\u015bci i wdzi\u0119czno\u015bci ze strony ludzi. I oby nasz kontakt trwa\u0142!<\/b><\/span><\/span><\/span><\/p>\n<p align=\"justify\"><span style=\"color: #000000;\"><span style=\"font-family: Book Antiqua, serif;\"><span style=\"font-size: large;\"><b>Imieniny prze\u017cywa tak\u017ce:<\/b><\/span><\/span><\/span><\/p>\n<p align=\"justify\"><span style=\"color: #000000;\">\u25ba<span style=\"font-family: Book Antiqua, serif;\"><span style=\"font-size: large;\"><b>Joanna Zawadka, nale\u017c\u0105ca w swoim czasie do jednej z m\u0142odzie\u017cowych Wsp\u00f3lnot <\/b><\/span><\/span><\/span><\/p>\n<p align=\"justify\"><span style=\"color: #000000;\">\u25ba<span style=\"font-family: Book Antiqua, serif;\"><span style=\"font-size: large;\"><b>Joanna Florek, moja dobra Znajoma z Bia\u0142ej Podlaskiej \u2013 i to od wielu lat \u2013 a do tego: \u017bona i Matka;<\/b><\/span><\/span><\/span><\/p>\n<p align=\"justify\"><span style=\"color: #000000;\">\u25ba<span style=\"font-family: Book Antiqua, serif;\"><span style=\"font-size: large;\"><b>Joanna Kus \u2013 pos\u0142uguj\u0105ca do niedawna w Szklarskiej Por\u0119bie, w Domu na Bia\u0142ej Dolinie, gdzie zatrzymujemy si\u0119 rodzinnie, kiedy do Polski przybywa Ksi\u0105dz Marek;<\/b><\/span><\/span><\/span><\/p>\n<p align=\"justify\"><span style=\"color: #000000;\">\u25ba<span style=\"font-family: Book Antiqua, serif;\"><span style=\"font-size: large;\"><b>Joanna Byszuk \u2013 Studentka z naszej Diecezji, czynnie zaanga\u017cowana w organizacj\u0119 i przebieg Kode\u0144skiego Wieczernika Akademickiego;<\/b><\/span><\/span><\/span><\/p>\n<p align=\"justify\"><span style=\"color: #000000;\">\u25ba<span style=\"font-family: Book Antiqua, serif;\"><span style=\"font-size: large;\"><b>Zuzanna Zagubie\u0144 \u2013 zaanga\u017cowana w dzia\u0142alno\u015b\u0107 m\u0142odzie\u017cow\u0105 w Parafii w Celestynowie, w czasie, kiedy by\u0142em tam wikariuszem.<\/b><\/span><\/span><\/span><\/p>\n<p align=\"justify\"><span style=\"color: #000000;\"><span style=\"font-family: Book Antiqua, serif;\"><span style=\"font-size: large;\"><b>Rocznic\u0119 zawarcia sakramentalnego Ma\u0142\u017ce\u0144stwa prze\u017cywaj\u0105 dzi\u015b Agnieszka i Mariusz Chmielewscy. Agnieszka, za czas\u00f3w mojego pierwszego wikariatu, czynnie anga\u017cowa\u0142a si\u0119 w dzia\u0142alno\u015b\u0107 KSM. I to od tamtego czasu si\u0119 znamy, utrzymuj\u0105c w miar\u0119 sta\u0142y kontakt.<\/b><\/span><\/span><\/span><\/p>\n<p align=\"justify\"><span style=\"color: #000000;\"><span style=\"font-family: Book Antiqua, serif;\"><span style=\"font-size: large;\"><b>Rocznic\u0119 \u015awi\u0119ce\u0144 kap\u0142a\u0144skich natomiast prze\u017cywaj\u0105 dzi\u015b:<\/b><\/span><\/span><\/span><\/p>\n<p align=\"justify\"><span style=\"color: #000000;\">\u25ba<span style=\"font-family: Book Antiqua, serif;\"><span style=\"font-size: large;\"><b>Ojciec Mariusz Rudzki \u2013 Salezjanin, pochodz\u0105cy z mojej rodzinnej Parafii, Kolega jeszcze z czas\u00f3w wsp\u00f3lnej s\u0142u\u017cby lektorskiej;<\/b><\/span><\/span><\/span><\/p>\n<p align=\"justify\"><span style=\"color: #000000;\">\u25ba<span style=\"font-family: Book Antiqua, serif;\"><span style=\"font-size: large;\"><b>Ksi\u0105dz Kanonik Bogus\u0142aw Sawaryn \u2013 Proboszcz Parafii \u015awi\u0119tego Maksymiliana Kolbe w Szklarskiej Por\u0119bie, Kap\u0142an bardzo mi bliski od pocz\u0105tku mojego kap\u0142a\u0144stwa, odk\u0105d osobi\u015bcie i z ca\u0142ymi Grupami M\u0142odzie\u017cy przyje\u017cd\u017cam do Szklarskiej Por\u0119by.<\/b><\/span><\/span><\/span><\/p>\n<p align=\"justify\"><span style=\"color: #000000;\"><span style=\"font-family: Book Antiqua, serif;\"><span style=\"font-size: large;\"><b>\u017bycz\u0119 niegasn\u0105cego zapa\u0142u i kap\u0142a\u0144skiej gorliwo\u015bci!<\/b><\/span><\/span><\/span><\/p>\n<p align=\"justify\"><span style=\"color: #000000;\"><span style=\"font-family: Book Antiqua, serif;\"><span style=\"font-size: large;\"><b>Urodziny za\u015b prze\u017cywa Krzysztof Sopy\u0142a \u2013 za moich czas\u00f3w, Lektor w Parafii mojego pierwszego wikariatu, w Radory\u017cu Ko\u015bcielnym.<\/b><\/span><\/span><\/span><\/p>\n<p align=\"justify\"><span style=\"color: #000000;\"><span style=\"font-family: Book Antiqua, serif;\"><span style=\"font-size: large;\"><b>Wszystkich \u015bwi\u0119tuj\u0105cych otaczam serdeczn\u0105 modlitw\u0105 i posy\u0142am Im kap\u0142a\u0144skie b\u0142ogos\u0142awie\u0144stwo, \u017cycz\u0105c ogromu b\u0142ogos\u0142awie\u0144stw Pa\u0144skich, o kt\u00f3re modl\u0119 si\u0119 przez wstawiennictwo Matki Naj\u015bwi\u0119tszej \u2013 Wspomo\u017cycielki wiernych!<\/b><\/span><\/span><\/span><\/p>\n<p align=\"justify\"><span style=\"color: #000000;\"><span style=\"font-family: Book Antiqua, serif;\"><span style=\"font-size: large;\">Drodzy moi, ca\u0142ym sercem dzi\u0119kuj\u0119 Wszystkim, kt\u00f3rzy byli z nami wczoraj na audycji, w Katolickim Radiu Podlasie: zar\u00f3wno Osobom w studiu, a jak i tym, kt\u00f3rzy nas s\u0142uchali, modlili si\u0119 i kontaktowali z nami. Oto zapis tego spotkania:<\/span><\/span><\/span><\/p>\n<p align=\"justify\"><span style=\"color: #000000;\"><span style=\"font-family: Book Antiqua, serif;\"><span style=\"font-size: medium;\"><span style=\"font-size: large;\"><b><a href=\"http:\/\/archiwum.radiopodlasie.pl\/NEW\/2025\/05\/23\/w-blasku-bozego-milosierdzia-sanktuarium-w-bialej-podlaskiej-sanktuarium-na-co-dzien-i-od-swieta\/\">http:\/\/archiwum.radiopodlasie.pl\/NEW\/2025\/05\/23\/w-blasku-bozego-milosierdzia-sanktuarium-w-bialej-podlaskiej-sanktuarium-na-co-dzien-i-od-swieta\/<\/a> <\/b><\/span><\/span><\/span><\/span><\/p>\n<p align=\"justify\"><span style=\"color: #000000;\"><span style=\"font-family: Book Antiqua, serif;\"><span style=\"font-size: large;\">Bogu i Wam wszystkim niech b\u0119d\u0105 dzi\u0119ki!<\/span><\/span><\/span><\/p>\n<p align=\"justify\"><span style=\"color: #000000;\"><span style=\"font-family: Book Antiqua, serif;\"><span style=\"font-size: large;\">Bardzo, ale to bardzo serdecznie dzi\u0119kuj\u0119 tak\u017ce Ksi\u0119dzu Markowi za FENOMENALNE wczorajsze s\u0142\u00f3wko z Syberii! Kto nie przeczyta\u0142 \u2013 musi KONIECZNIE przeczyta\u0107 i g\u0142\u0119boko w sercu rozwa\u017cy\u0107! Kto przeczyta\u0142, musi KONIECZNIE przeczyta\u0107 je drugi raz i odnie\u015b\u0107 do \u017cycia. I jeszcze innych zach\u0119ci\u0107. I zaraz potem przeczyta\u0107 dzisiejsze s\u0142\u00f3wko Kacpra \u2013 do kt\u00f3rego odnios\u0119 si\u0119 poni\u017cej \u2013 i po\u0142\u0105czy\u0107 jedno z drugim! <\/span><\/span><\/span><\/p>\n<p align=\"justify\"><span style=\"color: #000000;\"><span style=\"font-family: Book Antiqua, serif;\"><span style=\"font-size: large;\">Bo w ten spos\u00f3b otrzymamy niesamowity \u0142adunek Bo\u017cej m\u0105dro\u015bci, rado\u015bci i nadziei, kt\u00f3ry pop\u0142ynie do nas przez s\u0142owo tych dw\u00f3ch wspania\u0142ych Ludzi, kt\u00f3rym ca\u0142ym sercem dzi\u0119kuj\u0119 za to, \u017ce chc\u0105 by\u0107 s\u0142ugami, a w\u0142a\u015bciwie przyjaci\u00f3\u0142mi Jezusa! I Jego wsp\u00f3\u0142pracownikami! Niech Pan b\u0119dzie uwielbiony w tym wielkim dobru!<\/span><\/span><\/span><\/p>\n<p align=\"justify\"><span style=\"color: #000000;\"><span style=\"font-family: Book Antiqua, serif;\"><span style=\"font-size: large;\">Drodzy moi, pozdrawiam Was z Lublina, dok\u0105d przyby\u0142em po 2:00, nad ranem. Dzisiaj przez ca\u0142y dzie\u0144 popracuj\u0119 i pomodl\u0119 si\u0119 w\u0142a\u015bnie tutaj, a o 18:00 odprawi\u0119 Msz\u0119 \u015awi\u0119t\u0105 w \u201emojej\u201d Parafii \u015awi\u0119tego Jana Kantego. Tam te\u017c b\u0119d\u0119 pos\u0142ugiwa\u0142 jutro \u2013 przez ca\u0142y dzie\u0144 \u2013 na zaproszenie Proboszcza, Ksi\u0119dza Kanonika Bogdana Zag\u00f3rskiego, zwanego przeze mnie Eminencj\u0105. Z tego powodu jutro nie b\u0119dzie Mszy \u015awi\u0119tej o godzinie 20:00, w naszym Duszpasterstwie.<\/span><\/span><\/span><\/p>\n<p align=\"justify\"><span style=\"color: #000000;\"><span style=\"font-family: Book Antiqua, serif;\"><span style=\"font-size: large;\">Przepraszam za p\u00f3\u017ane zamieszczenie dzisiejszego s\u0142\u00f3wka, ale tu od rana sporo si\u0119 dzieje, a szczeg\u00f3lnie przez telefon, kt\u00f3ry \u2013 jak raz \u2013 si\u0119 rozdzwoni\u0142. Ale ju\u017c zapraszam do pochylenia si\u0119 nad Bo\u017cym s\u0142owem dzisiejszej liturgii. Oto s\u0142\u00f3wko Ksi\u0119dza Marka na dzi\u015b:<\/span><\/span><\/span><\/p>\n<p align=\"justify\"><span style=\"color: #000000;\"><span style=\"font-family: Book Antiqua, serif;\"><span style=\"font-size: medium;\"><a href=\"https:\/\/www.youtube.com\/c\/CatholicSurgut\"><span style=\"font-size: large;\"><span lang=\"zxx\"><u><b>https:\/\/www.youtube.com\/c\/CatholicSurgut<\/b><\/u><\/span><\/span><\/a><\/span><\/span><\/span><\/p>\n<p align=\"justify\"><span style=\"color: #000000;\"><span style=\"font-family: Book Antiqua, serif;\"><span style=\"font-size: large;\"><span lang=\"zxx\">P<\/span><span lang=\"zxx\">oni\u017cej <\/span><span lang=\"zxx\">za\u015b <\/span><span lang=\"zxx\">\u2013 ja<\/span>k co sobot\u0119 \u2013 mamy bardzo szczere i przekonuj\u0105ce s\u0142owo Kacpra. Bardzo Mu za nie dzi\u0119kuj\u0119! Dzi\u0119kuj\u0119 za konkretne wskazania, jak s\u0142ucha\u0107 Ducha \u015awi\u0119tego \u2013 i \u017ce jednak trzeba stara\u0107 si\u0119 odr\u00f3\u017cnia\u0107 Jego g\u0142os od innych g\u0142os\u00f3w, kt\u00f3re si\u0119 pod g\u0142os Ducha podszywaj\u0105. I wiele innych, mocno trafiaj\u0105cych \u2013 ju\u017c po raz kolejny \u2013 do mojego serca wskaza\u0144 i refleksji odnajduj\u0119 w tym rozwa\u017caniu. Niech Pan b\u0119dzie uwielbiony w tym dziele!<\/span><\/span><\/span><\/p>\n<p align=\"justify\"><span style=\"color: #000000;\"><span style=\"font-family: Book Antiqua, serif;\"><span style=\"font-size: large;\">Jak zawsze, tak i dzisiaj zach\u0119cam do tego, by s\u0142\u00f3wko Kacpra nie tylko przeczyta\u0107, ale i go w skupieniu pos\u0142ucha\u0107:<\/span><\/span><\/span><\/p>\n<p align=\"justify\"><span style=\"color: #000000;\"><span style=\"font-family: Book Antiqua, serif;\"><span style=\"font-size: medium;\"><a href=\"https:\/\/www.youtube.com\/@kacpergrandczech\"><span style=\"font-size: large;\"><span lang=\"zxx\"><u><b>https:\/\/www.youtube.com\/@kacpergrandczech<\/b><\/u><\/span><\/span><\/a><b> <\/b><\/span><\/span><\/span><\/p>\n<p align=\"justify\"><span style=\"color: #000000;\"><span style=\"font-family: Book Antiqua, serif;\"><span style=\"font-size: large;\">A zatem, <b>c<\/b><b>o m\u00f3wi dzi\u015b do mnie Pan?<\/b> Duchu \u015awi\u0119ty, wska\u017c!<\/span><\/span><\/span><\/p>\n<p align=\"justify\"><span style=\"color: #000000;\"><span style=\"font-family: Book Antiqua, serif;\"><span style=\"font-size: large;\"><b>Niech Was b\u0142ogos\u0142awi B\u00f3g Wszechmog\u0105cy: Ojciec + i Syn, i Duch \u015awi\u0119ty. Amen<\/b><\/span><\/span><\/span><\/p>\n<p align=\"center\"><span style=\"color: #000000;\"><span style=\"font-family: Book Antiqua, serif;\"><span style=\"font-size: large;\">Gaudium et spes! Ks. Jacek<\/span><\/span><\/span><\/p>\n<p align=\"center\">\n<p align=\"center\">\n<p align=\"center\">\n<p align=\"center\">\n<p align=\"center\">\n<p align=\"justify\"><span style=\"color: #000000;\"><span style=\"font-family: Book Antiqua, serif;\"><span style=\"font-size: large;\"><b>Sobota 5 Tygodnia Wielkanocy,<\/b><\/span><\/span><\/span><\/p>\n<p align=\"justify\"><span style=\"color: #000000;\"><span style=\"font-family: Book Antiqua, serif;\"><span style=\"font-size: large;\"><b>Wspomnienie Naj\u015bwi\u0119tszej Maryi Panny \u2013 <\/b><\/span><\/span><\/span><\/p>\n<p align=\"justify\"><span style=\"color: #000000;\"><span style=\"font-family: Book Antiqua, serif;\"><span style=\"font-size: large;\"><b>Wspomo\u017cycielki wiernych, <\/b><\/span><\/span><\/span><\/p>\n<p align=\"justify\"><span style=\"color: #000000;\"><span style=\"font-family: Book Antiqua, serif;\"><span style=\"font-size: large;\"><b>24 maja 2025.,<\/b><\/span><\/span><\/span><\/p>\n<p align=\"justify\"><span style=\"color: #000000;\"><span style=\"font-family: Book Antiqua, serif;\"><span style=\"font-size: large;\"><b>do czyta\u0144: Dz 16,1\u201310; J 15,18\u201321<\/b><\/span><\/span><\/span><\/p>\n<p align=\"justify\">\n<p align=\"justify\">\n<p align=\"justify\">\n<p align=\"justify\">\n<p align=\"justify\">\n<p align=\"justify\"><span style=\"color: #000000;\"><span style=\"font-family: Book Antiqua, serif;\"><span style=\"font-size: large;\"><b>CZYTANIE Z DZIEJ\u00d3W APOSTOLSKICH:<\/b><\/span><\/span><\/span><\/p>\n<p align=\"justify\"><span style=\"color: #000000;\"><span style=\"font-family: Book Antiqua, serif;\"><span style=\"font-size: large;\"><b>Pawe\u0142 przyby\u0142 tak\u017ce do Derbe i Listry. By\u0142 tam pewien ucze\u0144 imieniem Tymoteusz, syn wierz\u0105cej \u017byd\u00f3wki i ojca Greka. Bracia z Listry dawali o nim dobre \u015bwiadectwo. Pawe\u0142 postanowi\u0142 zabra\u0107 go z sob\u0105 w podr\u00f3\u017c. Obrzeza\u0142 go jednak ze wzgl\u0119du na \u017byd\u00f3w, kt\u00f3rzy mieszkali w tamtejszych stronach. Wszyscy bowiem wiedzieli, \u017ce ojciec jego by\u0142 Grekiem. Kiedy przechodzili przez miasta, nakazywali im przestrzega\u0107 postanowie\u0144 powzi\u0119tych w Jerozolimie przez aposto\u0142\u00f3w i starszych. Tak wi\u0119c utwierdza\u0142y si\u0119 Ko\u015bcio\u0142y w wierze i z dnia na dzie\u0144 ros\u0142y w liczb\u0119. <\/b><\/span><\/span><\/span><\/p>\n<p align=\"justify\"><span style=\"color: #000000;\"><span style=\"font-family: Book Antiqua, serif;\"><span style=\"font-size: large;\"><b>Przeszli Frygi\u0119 i krain\u0119 galack\u0105, poniewa\u017c Duch \u015awi\u0119ty zabroni\u0142 im g\u0142osi\u0107 s\u0142owo w Azji. Przybywszy do Myzji, pr\u00f3bowali przej\u015b\u0107 do Bitynii, ale Duch Jezusa nie pozwoli\u0142 im, przeszli wi\u0119c Myzj\u0119 i zeszli do Troady. W nocy mia\u0142 Pawe\u0142 widzenie: jaki\u015b Macedo\u0144czyk stan\u0105\u0142 przed nim i b\u0142aga\u0142 go s\u0142owami: \u201ePrzepraw si\u0119 do Macedonii i pom\u00f3\u017c nam!\u201d Zaraz po tym widzeniu starali\u015bmy si\u0119 wyruszy\u0107 do Macedonii w przekonaniu, \u017ce B\u00f3g nas wezwa\u0142, aby\u015bmy g\u0142osili im Ewangeli\u0119.<\/b><\/span><\/span><\/span><\/p>\n<p align=\"justify\">\n<p align=\"justify\">\n<p align=\"justify\">\n<p align=\"justify\">\n<p align=\"justify\">\n<p align=\"justify\"><span style=\"color: #000000;\"><span style=\"font-family: Book Antiqua, serif;\"><span style=\"font-size: large;\"><b>S\u0141OWA EWANGELII WED\u0141UG \u015aWI\u0118TEGO JANA:<\/b><\/span><\/span><\/span><\/p>\n<p align=\"justify\"><span style=\"color: #000000;\"><span style=\"font-family: Book Antiqua, serif;\"><span style=\"font-size: large;\"><b>Jezus powiedzia\u0142 do swoich uczni\u00f3w: \u201eJe\u017celi was \u015bwiat nienawidzi, wiedzcie, \u017ce Mnie pierwej znienawidzi\u0142. Gdyby\u015bcie byli ze \u015bwiata, \u015bwiat by was mi\u0142owa\u0142 jako swoj\u0105 w\u0142asno\u015b\u0107. Ale poniewa\u017c nie jeste\u015bcie ze \u015bwiata, bo Ja was wybra\u0142em sobie ze \u015bwiata, dlatego was \u015bwiat nienawidzi.<\/b><\/span><\/span><\/span><\/p>\n<p align=\"justify\"><span style=\"color: #000000;\"><span style=\"font-family: Book Antiqua, serif;\"><span style=\"font-size: large;\"><b>Pami\u0119tajcie na s\u0142owo, kt\u00f3re do was powiedzia\u0142em: \u00abS\u0142uga nie jest wi\u0119kszy od swego pana\u00bb. Je\u017celi Mnie prze\u015bladowali, to i was b\u0119d\u0105 prze\u015bladowa\u0107. Je\u017celi moje s\u0142owo zachowali, to i wasze b\u0119d\u0105 zachowywa\u0107. Ale to wszystko wam b\u0119d\u0105 czyni\u0107 z powodu mego imienia, bo nie znaj\u0105 Tego, kt\u00f3ry Mnie pos\u0142a\u0142\u201d.<\/b><\/span><\/span><\/span><\/p>\n<p align=\"justify\">\n<p align=\"justify\">\n<p align=\"justify\">\n<p align=\"justify\">\n<p align=\"justify\">\n<p align=\"center\"><span style=\"color: #000000;\"><span style=\"font-family: Book Antiqua, serif;\"><span style=\"font-size: large;\"><b>A OTO S\u0141\u00d3WKO KACPRA:<\/b><\/span><\/span><\/span><\/p>\n<p align=\"center\">\n<p align=\"center\">\n<p align=\"center\">\n<p align=\"center\">\n<p align=\"center\">\n<p align=\"justify\"><span style=\"font-family: Book Antiqua, serif;\"><span style=\"font-size: large;\"><span style=\"color: #000000;\"><span lang=\"pl-PL\">Dzisiejsze czytania pokazuj\u0105 nam, jak wygl\u0105da <\/span><span lang=\"pl-PL\">e<\/span><span lang=\"pl-PL\">wangelizacja oraz jakie z ni\u0105 wi\u0105\u017c\u0105 si\u0119 wymagania, trudy, zmagania. B\u0119d\u0105c w \u015brodowisku dla nas przyjaznym, np. <\/span><span lang=\"pl-PL\">p<\/span><span lang=\"pl-PL\">arafia, wsp\u00f3lnota, ko\u015bci\u00f3\u0142, znajomi \u2013 czy nawet rodzina \u2013 mamy nieco uproszczone <\/span><span lang=\"pl-PL\">zadanie,<\/span><span lang=\"pl-PL\"> je\u015bli chodzi o przyznawanie si\u0119 do swojej wiary, Boga i relacji, jak\u0105 z Nim budujemy. Ewangelizacja sama w sobie mo\u017ce by\u0107 odrobin\u0119 \u0142atwiejsza i na pewno mamy mniej nieprzyjemnych sytuacji. <\/span><\/span><\/span><\/span><\/p>\n<p align=\"justify\"><span style=\"font-family: Book Antiqua, serif;\"><span style=\"font-size: large;\"><span style=\"color: #000000;\"><span lang=\"pl-PL\">Chocia\u017c z drugiej strony, je\u015bli mamy w rodzinie osoby, kt\u00f3re s\u0105 daleko od Boga, to rozmowa z <\/span><span lang=\"pl-PL\">n<\/span><span lang=\"pl-PL\">imi na temat relacji z Jezusem mo\u017ce by\u0107 r\u00f3wnie wymagaj\u0105c<\/span><span lang=\"pl-PL\">a,<\/span><span lang=\"pl-PL\"> co <\/span><span lang=\"pl-PL\">rozmowa<\/span><span lang=\"pl-PL\"> z obcymi. Czasami pewnie nawet bardziej, poniewa\u017c jeste\u015bmy zaanga\u017cowani emocjonalnie w tak\u0105 relacj\u0119 rodzinn\u0105.<\/span><\/span><\/span><\/span><\/p>\n<p align=\"justify\"><span style=\"font-family: Book Antiqua, serif;\"><span style=\"font-size: large;\"><span style=\"color: #000000;\"><span lang=\"pl-PL\">Oto dzisiaj mamy obraz powo\u0142ania na ucznia Tymoteusza. Pawe\u0142 powo\u0142uje go jako swojego wsp\u00f3\u0142pracownika. To jest ten pierwszy etap, w kt\u00f3rym pozyskujemy uczni\u00f3w. Jezus m\u00f3wi na ko\u0144cu Ewangelii w<\/span><span lang=\"pl-PL\">ed\u0142u<\/span><span lang=\"pl-PL\">g <\/span><span lang=\"pl-PL\">\u015aw.<\/span><span lang=\"pl-PL\"> Mateusza (Mt 28,19\u201320) takie s\u0142owa: <\/span><span lang=\"pl-PL\"><i><b>Id\u017acie wi\u0119c i pozyskujcie uczni\u00f3w ze wszystkich narod\u00f3w, chrzcz\u0105c ich w imi\u0119 Ojca i Syna, i Ducha \u015awi\u0119tego. Uczcie ich przestrzega\u0107 wszystkiego, co wam poleci\u0142em. Ja za\u015b b\u0119d\u0119 z wami przez wszystkie dni\u2014a\u017c do ko\u0144ca czas\u00f3w.<\/b><\/i><\/span><i> <\/i><\/span><\/span><\/span><\/p>\n<p align=\"justify\"><span style=\"font-family: Book Antiqua, serif;\"><span style=\"font-size: large;\"><span style=\"color: #000000;\"><span lang=\"pl-PL\">Sam jestem przyk\u0142adem osoby, kt\u00f3ra zosta\u0142a uczniem, ale i podczas <\/span><span lang=\"pl-PL\">e<\/span><span lang=\"pl-PL\">wangelizacji pozyskiwa\u0142em uczni\u00f3w dla Jezusa. Sposob\u00f3w <\/span><span lang=\"pl-PL\">e<\/span><span lang=\"pl-PL\">wangelizacji jest na pewno wiele i nie ma jednego jedynego, kt\u00f3ry jest najlepszy lub najbardziej efektywny. Potrzeba ludzi, kt\u00f3rzy otrzymali charyzmat nauczania; potrzeba ludzi, kt\u00f3rzy pi\u0119knie opowiadaj\u0105, maluj\u0105 obrazy, \u015bpiewaj\u0105, pisz\u0105 teksty czy artyku\u0142y, itd. Nie forma si\u0119 liczy, lecz wra\u017cliwo\u015b\u0107 na s\u0142uchanie Ducha \u015awi\u0119tego. <\/span><\/span><\/span><\/span><\/p>\n<p align=\"justify\"><span style=\"font-family: Book Antiqua, serif;\"><span style=\"font-size: large;\"><span style=\"color: #000000;\"><span lang=\"pl-PL\">Jak widzimy w dzisiejszym fragmencie, nie wsz\u0119dzie warto i\u015b\u0107, nie ka\u017cdemu nale\u017cy g\u0142osi\u0107 Ewangeli\u0119. Dlaczego? Poniewa\u017c skutki mog\u0105 by\u0107 odwrotne, a nam mo\u017ce nawet sta\u0107 si\u0119 krzywda \u2013 o tym m\u00f3wi Jezus w dzisiejszej Ewangelii, o kt\u00f3rej opowiem w dalszej cz\u0119\u015bci mojego komentarza.<\/span><\/span><\/span><\/span><\/p>\n<p align=\"justify\"><span style=\"font-family: Book Antiqua, serif;\"><span style=\"font-size: large;\"><span style=\"color: #000000;\"><span lang=\"pl-PL\">To, w jaki spos\u00f3b <\/span><span lang=\"pl-PL\">e<\/span><span lang=\"pl-PL\">wangelizujemy i jak dzia\u0142amy, ma by\u0107 w zgodzie z ty<\/span><span lang=\"pl-PL\">m,<\/span> <span lang=\"pl-PL\">co zadecyduje i <\/span><span lang=\"pl-PL\">w kt\u00f3r\u0105 stron\u0119 popycha nas Duch \u015awi\u0119ty. Jego wizj\u0119 i cel realizujemy, a nie nasz w\u0142asny. Jedni twierdz\u0105, \u017ce Duch \u015awi\u0119ty do nich m\u00f3wi co chwil\u0119, co maj\u0105 robi\u0107. Inni twierdz\u0105, \u017ce nie s\u0142ysz\u0105 w og\u00f3le g\u0142osu Ducha \u015awi\u0119tego w swoim \u017cyciu. <\/span><\/span><\/span><\/span><\/p>\n<p align=\"justify\"><span style=\"font-family: Book Antiqua, serif;\"><span style=\"font-size: large;\"><span style=\"color: #000000;\"><span lang=\"pl-PL\">Z mojego do\u015bwiadczenia wynika, \u017ce czasami mam przekonanie, \u017ce co\u015b powinienem zrobi\u0107 albo co\u015b powiedzie\u0107 \u2013 i je\u015bli to zrobi\u0119, to obserwuj\u0119 jakie owoce to przynosi. Czasami te owoce s\u0105 szybko, czasami czekam na nie miesi\u0105cami. Czasami tych owoc\u00f3w nie widz\u0119 w og\u00f3le \u2013 co nie znaczy, \u017ce ich w og\u00f3le nie ma. Chc\u0119 powiedzie\u0107 przez to, \u017ce poznawanie sposobu \u201em\u00f3wienia\u201d do nas przez Ducha \u015awi\u0119tego uczymy si\u0119 nieustannie. To jest proces, poniewa\u017c musimy odr\u00f3\u017cnia\u0107, co jest naszym g\u0142osem, co jest g\u0142osem kud\u0142atego rogatego klapka <\/span><span lang=\"pl-PL\">o imieniu \u201e<\/span><span lang=\"pl-PL\">diabe\u0142\u201d, a co faktycznie pochodzi od Boga i trafia do naszego serca. Umiej\u0119tno\u015b\u0107 ws\u0142uchania si\u0119 w Bo\u017cy g\u0142os pozwoli nam unikn\u0105\u0107 bardzo wielu przykrych sytuacji, <\/span><span lang=\"pl-PL\">przez co<\/span><span lang=\"pl-PL\"> b\u0119dziemy dzia\u0142a\u0107 zdecydowanie efektywniej.<\/span><\/span><\/span><\/span><\/p>\n<p align=\"justify\"><span style=\"font-family: Book Antiqua, serif;\"><span style=\"font-size: large;\"><span style=\"color: #000000;\"><span lang=\"pl-PL\">Natomiast cho\u0107by\u015bmy starali si\u0119 jak najbardziej i mieli jak najczystsze intencje, to <\/span><span lang=\"pl-PL\">i tak <\/span><span lang=\"pl-PL\">b\u0119dziemy mieli w \u017cyciu trudno\u015bci. Mog\u0105 to by\u0107 trudno\u015bci zwi\u0105zane z zdarzeniami w \u017cyciu, stratami, kosztami lub ludzk\u0105 ignorancj\u0105, zawi\u015bci\u0105 czy nieprzychylno\u015bci\u0105. Jezus w dzisiejszej Ewangelii m\u00f3wi wprost: <\/span><span lang=\"pl-PL\"><i><b>Je\u017celi Mnie prze\u015bladowali, to i was b\u0119d\u0105 prze\u015bladowa\u0107. Je\u017celi moje s\u0142owo zachowali, to i wasze b\u0119d\u0105 zachowywa\u0107. Ale to wszystko wam b\u0119d\u0105 czyni\u0107 z powodu mego imienia, bo nie znaj\u0105 Tego, kt\u00f3ry Mnie pos\u0142a\u0142.<\/b><\/i><\/span><i> <\/i><\/span><\/span><\/span><\/p>\n<p align=\"justify\"><span style=\"font-family: Book Antiqua, serif;\"><span style=\"font-size: large;\"><span style=\"color: #000000;\"><span lang=\"pl-PL\">Znaczy to tyle, \u017ce mamy patrze\u0107 na naszego mistrza \u2013 Jezusa. Walka tu, na ziemi, toczy si\u0119 o ka\u017cdego cz\u0142owieka, o ka\u017cd\u0105 dusz\u0119, dlatego mamy podej\u015b\u0107 do tematu na serio i robi\u0107, co w naszej mocy, \u017ceby pozyskiwa\u0107 kolejnych uczni\u00f3w \u2013 w\u015br\u00f3d ka\u017cdego narodu. Nie zra\u017cajmy si\u0119 trudno\u015bciami, bo tak, jak kto\u015b kiedy\u015b powiedzia\u0142:<\/span><span lang=\"pl-PL\"> \u201eJe\u015bli masz trudno\u015bci i ludzie<\/span><i> <\/i><span lang=\"pl-PL\">nie s\u0105 Ci przychylni, to wiedz, \u017ce idziesz w dobrym kierunku\u201d. <\/span><\/span><\/span><\/span><\/p>\n<p align=\"justify\"><span style=\"font-family: Book Antiqua, serif;\"><span style=\"font-size: large;\"><span style=\"color: #000000;\"><span lang=\"pl-PL\">Oczywi\u015bcie, to nie jest regu\u0142a, poniewa\u017c spotykam wspania\u0142ych ludzi na mojej drodze \u017cycia i nawet je\u015bli na pocz\u0105tku nie s\u0105 \u017cyczliwi \u2013 w kontek\u015bcie mojej wiary czy relacji z Bogiem \u2013 to chyba nie spotka\u0142em si\u0119 z tak\u0105 nieukrywan\u0105 wrogo\u015bci\u0105.<\/span><\/span><\/span><\/span><\/p>\n<p align=\"justify\"><span style=\"font-family: Book Antiqua, serif;\"><span style=\"font-size: large;\"><span style=\"color: #000000;\"><span lang=\"pl-PL\">M\u00f3j spos\u00f3b <\/span><span lang=\"pl-PL\">e<\/span><span lang=\"pl-PL\">wangelizacji opiera si\u0119 na szczerym prze\u017cywaniu mojej wiary ka\u017cdego dnia. Ostatnio m\u00f3j znajomy zarzuci\u0142 mi, \u017ce skoro widocznym znakiem bycia w relacji z Duchem \u015awi\u0119tym jest rado\u015b\u0107, spok\u00f3j, opanowanie \u2013 <\/span><span lang=\"pl-PL\">i tym podobne \u2013<\/span><span lang=\"pl-PL\"> a ja mam momenty, <\/span><span lang=\"pl-PL\">kiedy to<\/span><span lang=\"pl-PL\"> niekt\u00f3re sytuacje mnie irytuj\u0105 i denerwuj\u0105, to co\u015b tu nie gra. Odpowiedzia\u0142em mu, \u017ce ma racj\u0119, i\u017c powinienem by\u0107 bardziej opanowany i spokojny. Tak by by\u0142o idealnie, natomiast jak patrz\u0119 na moje \u017cycie przed nawr\u00f3ceniem \u2013 to dopiero by\u0142 <\/span><span lang=\"pl-PL\">rollercaster<\/span><span lang=\"pl-PL\"> wybuchowo\u015bci! Dzi\u0119ki blisko\u015bci z Bogiem jestem na pewno spokojniejszy, rado\u015bniejszy, bardziej opanowany. <\/span><\/span><\/span><\/span><\/p>\n<p align=\"justify\"><span style=\"font-family: Book Antiqua, serif;\"><span style=\"font-size: large;\"><span style=\"color: #000000;\"><span lang=\"pl-PL\">Ka\u017cdy z nas ma swoje miejsca do nieustannej poprawy, nawracania si\u0119, ale <\/span><span lang=\"pl-PL\">fakt, \u017ce jestem<\/span><span lang=\"pl-PL\"> przy Bogu powoduje, \u017ce si\u0119 <\/span><span lang=\"pl-PL\">nie <\/span><span lang=\"pl-PL\">zadr\u0119czam tymi my\u015blami, tylko oddaj\u0119 <\/span><span lang=\"pl-PL\">je wszystko w\u0142a\u015bnie Jemu<\/span><span lang=\"pl-PL\"> i pozwalam Mu przemienia\u0107 moje serce. Moja <\/span><span lang=\"pl-PL\">e<\/span><span lang=\"pl-PL\">wangelizacja to spos\u00f3b na pokazanie innym, dlaczego chc\u0119 by\u0107 przy Jezusie. Je\u015bli tylko jest okazja, to ch\u0119tnie opowiadam, co B\u00f3g zrobi\u0142 dla mnie. Zgodnie ze s\u0142owami Jezusa: <\/span><span lang=\"pl-PL\"><i><b>Darmo otrzymali\u015bcie, darmo dawajcie!<\/b><\/i><\/span><\/span><\/span><\/span><\/p>\n<p align=\"justify\"><span style=\"font-family: Book Antiqua, serif;\"><span style=\"font-size: large;\"><span style=\"color: #000000;\"><span lang=\"pl-PL\">Drodzy, pozyskujmy uczni\u00f3w w ka\u017cdym miejscu i narodzie. B\u0105d\u017amy wra\u017cliwi na sugestie Ducha \u015awi\u0119tego i je\u015bli czujecie, \u017ce komu\u015b macie co\u015b powiedzie\u0107, to to zr\u00f3bcie \u2013 oczywi\u015bcie zak\u0142adaj\u0105c, \u017ce b\u0119dzie to buduj\u0105ce, a nie krytykuj\u0105ce czy oceniaj\u0105ce. Je\u015bli macie mo\u017cliwo\u015bci, to <\/span><span lang=\"pl-PL\">e<\/span><span lang=\"pl-PL\">wangelizujcie, gdzie tylko si\u0119 da. Pami\u0119tajmy, \u017ce swoim \u017cyciem r\u00f3wnie\u017c pokazujemy prawdziwo\u015b\u0107 tego, o czym opowiadamy. <\/span><\/span><\/span><\/span><\/p>\n<p align=\"justify\"><span style=\"font-family: Book Antiqua, serif;\"><span style=\"font-size: large;\"><span style=\"color: #000000;\"><span lang=\"pl-PL\">Nie mo\u017ce by\u0107 tak, \u017ce m\u00f3wimy jedno, a robimy drugie, poniewa\u017c to bardzo szybko zostanie zweryfikowane. Walka toczy si\u0119 o ka\u017cdego cz\u0142owieka, ale cz\u0119\u015bciej przekonamy go swoim podej\u015bciem i mi\u0142o\u015bci\u0105, <\/span><span lang=\"pl-PL\">ni\u017c<\/span><span lang=\"pl-PL\"> suchymi cytatami z Pisma \u015awi\u0119tego. Jezus powiedzia\u0142 (J 13,35):<\/span> <span lang=\"pl-PL\"><i><b>Po tym wszyscy poznaj\u0105, \u017ce jeste\u015bcie moimi uczniami, je\u015bli b\u0119dziecie si\u0119 wzajemnie mi\u0142owa\u0107\u2026<\/b><\/i><\/span><\/span><\/span><\/span><\/p>\n","protected":false},"excerpt":{"rendered":"<p>Szcz\u0119\u015b\u0107 Bo\u017ce! Moi Drodzy, w dniu dzisiejszym kolejn\u0105 rocznic\u0119 Ingresu do Katedry siedleckiej prze\u017cywa Ksi\u0105dz Biskup Kazimierz Gurda, Pasterz naszej Diecezji. Niech Najwy\u017cszy Kap\u0142an i Dobry Pasterz, Jezus Chrystus, stale prowadzi Ksi\u0119dza Biskupa i obdarza swoj\u0105 \u0142ask\u0105. Imieniny natomiast prze\u017cywa Pani Doktor Joanna Borowicz, Katechetka, a jednocze\u015bnie Autorka podr\u0119cznik\u00f3w i program\u00f3w przygotowuj\u0105cych do przyj\u0119cia Pierwszej [&hellip;]<\/p>\n","protected":false},"author":1,"featured_media":0,"comment_status":"open","ping_status":"open","sticky":false,"template":"","format":"standard","meta":{"jetpack_post_was_ever_published":false,"_jetpack_newsletter_access":"","_jetpack_dont_email_post_to_subs":false,"_jetpack_newsletter_tier_id":0,"_jetpack_memberships_contains_paywalled_content":false,"_jetpack_memberships_contains_paid_content":false,"footnotes":""},"categories":[1],"tags":[],"class_list":["post-23853","post","type-post","status-publish","format-standard","hentry","category-bez-kategorii"],"yoast_head":"<!-- This site is optimized with the Yoast SEO plugin v25.1 - https:\/\/yoast.com\/wordpress\/plugins\/seo\/ -->\n<title>Poniewa\u017c nie jeste\u015bcie ze \u015bwiata... - Gaudium Et Spes<\/title>\n<meta name=\"robots\" content=\"index, follow, max-snippet:-1, max-image-preview:large, max-video-preview:-1\" \/>\n<link rel=\"canonical\" href=\"https:\/\/gaudiumetspes-blog.pl\/index.php\/2025\/05\/24\/poniewaz-nie-jestescie-ze-swiata-3\/\" \/>\n<meta property=\"og:locale\" content=\"pl_PL\" \/>\n<meta property=\"og:type\" content=\"article\" \/>\n<meta property=\"og:title\" content=\"Poniewa\u017c nie jeste\u015bcie ze \u015bwiata... - Gaudium Et Spes\" \/>\n<meta property=\"og:description\" content=\"Szcz\u0119\u015b\u0107 Bo\u017ce! Moi Drodzy, w dniu dzisiejszym kolejn\u0105 rocznic\u0119 Ingresu do Katedry siedleckiej prze\u017cywa Ksi\u0105dz Biskup Kazimierz Gurda, Pasterz naszej Diecezji. Niech Najwy\u017cszy Kap\u0142an i Dobry Pasterz, Jezus Chrystus, stale prowadzi Ksi\u0119dza Biskupa i obdarza swoj\u0105 \u0142ask\u0105. Imieniny natomiast prze\u017cywa Pani Doktor Joanna Borowicz, Katechetka, a jednocze\u015bnie Autorka podr\u0119cznik\u00f3w i program\u00f3w przygotowuj\u0105cych do przyj\u0119cia Pierwszej [&hellip;]\" \/>\n<meta property=\"og:url\" content=\"https:\/\/gaudiumetspes-blog.pl\/index.php\/2025\/05\/24\/poniewaz-nie-jestescie-ze-swiata-3\/\" \/>\n<meta property=\"og:site_name\" content=\"Gaudium Et Spes\" \/>\n<meta property=\"article:published_time\" content=\"2025-05-24T08:39:09+00:00\" \/>\n<meta name=\"author\" content=\"Ks. Jacek\" \/>\n<meta name=\"twitter:card\" content=\"summary_large_image\" \/>\n<meta name=\"twitter:label1\" content=\"Napisane przez\" \/>\n\t<meta name=\"twitter:data1\" content=\"Ks. Jacek\" \/>\n\t<meta name=\"twitter:label2\" content=\"Szacowany czas czytania\" \/>\n\t<meta name=\"twitter:data2\" content=\"12 minut\" \/>\n<script type=\"application\/ld+json\" class=\"yoast-schema-graph\">{\"@context\":\"https:\/\/schema.org\",\"@graph\":[{\"@type\":\"WebPage\",\"@id\":\"https:\/\/gaudiumetspes-blog.pl\/index.php\/2025\/05\/24\/poniewaz-nie-jestescie-ze-swiata-3\/\",\"url\":\"https:\/\/gaudiumetspes-blog.pl\/index.php\/2025\/05\/24\/poniewaz-nie-jestescie-ze-swiata-3\/\",\"name\":\"Poniewa\u017c nie jeste\u015bcie ze \u015bwiata... - Gaudium Et Spes\",\"isPartOf\":{\"@id\":\"https:\/\/gaudiumetspes-blog.pl\/#website\"},\"datePublished\":\"2025-05-24T08:39:09+00:00\",\"author\":{\"@id\":\"https:\/\/gaudiumetspes-blog.pl\/#\/schema\/person\/1661982992b752dea8dff0d4ed845a65\"},\"breadcrumb\":{\"@id\":\"https:\/\/gaudiumetspes-blog.pl\/index.php\/2025\/05\/24\/poniewaz-nie-jestescie-ze-swiata-3\/#breadcrumb\"},\"inLanguage\":\"pl-PL\",\"potentialAction\":[{\"@type\":\"ReadAction\",\"target\":[\"https:\/\/gaudiumetspes-blog.pl\/index.php\/2025\/05\/24\/poniewaz-nie-jestescie-ze-swiata-3\/\"]}]},{\"@type\":\"BreadcrumbList\",\"@id\":\"https:\/\/gaudiumetspes-blog.pl\/index.php\/2025\/05\/24\/poniewaz-nie-jestescie-ze-swiata-3\/#breadcrumb\",\"itemListElement\":[{\"@type\":\"ListItem\",\"position\":1,\"name\":\"Strona g\u0142\u00f3wna\",\"item\":\"https:\/\/gaudiumetspes-blog.pl\/\"},{\"@type\":\"ListItem\",\"position\":2,\"name\":\"Poniewa\u017c nie jeste\u015bcie ze \u015bwiata&#8230;\"}]},{\"@type\":\"WebSite\",\"@id\":\"https:\/\/gaudiumetspes-blog.pl\/#website\",\"url\":\"https:\/\/gaudiumetspes-blog.pl\/\",\"name\":\"Gaudium Et Spes\",\"description\":\"Blog Ks. Jacka Ja\u015bkowskiego\",\"potentialAction\":[{\"@type\":\"SearchAction\",\"target\":{\"@type\":\"EntryPoint\",\"urlTemplate\":\"https:\/\/gaudiumetspes-blog.pl\/?s={search_term_string}\"},\"query-input\":{\"@type\":\"PropertyValueSpecification\",\"valueRequired\":true,\"valueName\":\"search_term_string\"}}],\"inLanguage\":\"pl-PL\"},{\"@type\":\"Person\",\"@id\":\"https:\/\/gaudiumetspes-blog.pl\/#\/schema\/person\/1661982992b752dea8dff0d4ed845a65\",\"name\":\"Ks. Jacek\",\"image\":{\"@type\":\"ImageObject\",\"inLanguage\":\"pl-PL\",\"@id\":\"https:\/\/gaudiumetspes-blog.pl\/#\/schema\/person\/image\/\",\"url\":\"https:\/\/gaudiumetspes-blog.pl\/wp-content\/uploads\/2019\/07\/avatar-JJ-150x150.jpg\",\"contentUrl\":\"https:\/\/gaudiumetspes-blog.pl\/wp-content\/uploads\/2019\/07\/avatar-JJ-150x150.jpg\",\"caption\":\"Ks. Jacek\"},\"description\":\"Witam serdecznie! K\u0142ania si\u0119 Ks. Jacek Ja\u015bkowski. Nie jestem ani kim\u015b wa\u017cnym, ani kim\u015b znanym. Jestem ksi\u0119dzem, kt\u00f3ry po prostu chce rozmawia\u0107. Codzienna kap\u0142a\u0144ska pos\u0142uga pokazuje mi, \u017ce temat\u00f3w do rozm\u00f3w z ksi\u0119dzem jest coraz wi\u0119cej i dzisiaj \u017caden ksi\u0105dz nie mo\u017ce od nich ucieka\u0107, ale - wprost przeciwnie - podejmowa\u0107 nowe wyzwania. To przekonanie sk\u0142oni\u0142o mnie do pr\u00f3by otwarcia tego\u017c bloga, chocia\u017c okazji do rozm\u00f3w na co dzie\u0144 - w konfesjonale i poza nim - na szcz\u0119\u015bcie nie brakuje. My\u015bl\u0119 jednak, \u017ce ten blog b\u0119dzie jeszcze jednym sposobem i przestrzeni\u0105 nawi\u0105zania kontaktu z lud\u017ami dobrej woli, otwartymi na dialog.\",\"url\":\"https:\/\/gaudiumetspes-blog.pl\/index.php\/author\/ks-jacek\/\"}]}<\/script>\n<!-- \/ Yoast SEO plugin. -->","yoast_head_json":{"title":"Poniewa\u017c nie jeste\u015bcie ze \u015bwiata... - Gaudium Et Spes","robots":{"index":"index","follow":"follow","max-snippet":"max-snippet:-1","max-image-preview":"max-image-preview:large","max-video-preview":"max-video-preview:-1"},"canonical":"https:\/\/gaudiumetspes-blog.pl\/index.php\/2025\/05\/24\/poniewaz-nie-jestescie-ze-swiata-3\/","og_locale":"pl_PL","og_type":"article","og_title":"Poniewa\u017c nie jeste\u015bcie ze \u015bwiata... - Gaudium Et Spes","og_description":"Szcz\u0119\u015b\u0107 Bo\u017ce! Moi Drodzy, w dniu dzisiejszym kolejn\u0105 rocznic\u0119 Ingresu do Katedry siedleckiej prze\u017cywa Ksi\u0105dz Biskup Kazimierz Gurda, Pasterz naszej Diecezji. Niech Najwy\u017cszy Kap\u0142an i Dobry Pasterz, Jezus Chrystus, stale prowadzi Ksi\u0119dza Biskupa i obdarza swoj\u0105 \u0142ask\u0105. Imieniny natomiast prze\u017cywa Pani Doktor Joanna Borowicz, Katechetka, a jednocze\u015bnie Autorka podr\u0119cznik\u00f3w i program\u00f3w przygotowuj\u0105cych do przyj\u0119cia Pierwszej [&hellip;]","og_url":"https:\/\/gaudiumetspes-blog.pl\/index.php\/2025\/05\/24\/poniewaz-nie-jestescie-ze-swiata-3\/","og_site_name":"Gaudium Et Spes","article_published_time":"2025-05-24T08:39:09+00:00","author":"Ks. Jacek","twitter_card":"summary_large_image","twitter_misc":{"Napisane przez":"Ks. Jacek","Szacowany czas czytania":"12 minut"},"schema":{"@context":"https:\/\/schema.org","@graph":[{"@type":"WebPage","@id":"https:\/\/gaudiumetspes-blog.pl\/index.php\/2025\/05\/24\/poniewaz-nie-jestescie-ze-swiata-3\/","url":"https:\/\/gaudiumetspes-blog.pl\/index.php\/2025\/05\/24\/poniewaz-nie-jestescie-ze-swiata-3\/","name":"Poniewa\u017c nie jeste\u015bcie ze \u015bwiata... - Gaudium Et Spes","isPartOf":{"@id":"https:\/\/gaudiumetspes-blog.pl\/#website"},"datePublished":"2025-05-24T08:39:09+00:00","author":{"@id":"https:\/\/gaudiumetspes-blog.pl\/#\/schema\/person\/1661982992b752dea8dff0d4ed845a65"},"breadcrumb":{"@id":"https:\/\/gaudiumetspes-blog.pl\/index.php\/2025\/05\/24\/poniewaz-nie-jestescie-ze-swiata-3\/#breadcrumb"},"inLanguage":"pl-PL","potentialAction":[{"@type":"ReadAction","target":["https:\/\/gaudiumetspes-blog.pl\/index.php\/2025\/05\/24\/poniewaz-nie-jestescie-ze-swiata-3\/"]}]},{"@type":"BreadcrumbList","@id":"https:\/\/gaudiumetspes-blog.pl\/index.php\/2025\/05\/24\/poniewaz-nie-jestescie-ze-swiata-3\/#breadcrumb","itemListElement":[{"@type":"ListItem","position":1,"name":"Strona g\u0142\u00f3wna","item":"https:\/\/gaudiumetspes-blog.pl\/"},{"@type":"ListItem","position":2,"name":"Poniewa\u017c nie jeste\u015bcie ze \u015bwiata&#8230;"}]},{"@type":"WebSite","@id":"https:\/\/gaudiumetspes-blog.pl\/#website","url":"https:\/\/gaudiumetspes-blog.pl\/","name":"Gaudium Et Spes","description":"Blog Ks. Jacka Ja\u015bkowskiego","potentialAction":[{"@type":"SearchAction","target":{"@type":"EntryPoint","urlTemplate":"https:\/\/gaudiumetspes-blog.pl\/?s={search_term_string}"},"query-input":{"@type":"PropertyValueSpecification","valueRequired":true,"valueName":"search_term_string"}}],"inLanguage":"pl-PL"},{"@type":"Person","@id":"https:\/\/gaudiumetspes-blog.pl\/#\/schema\/person\/1661982992b752dea8dff0d4ed845a65","name":"Ks. Jacek","image":{"@type":"ImageObject","inLanguage":"pl-PL","@id":"https:\/\/gaudiumetspes-blog.pl\/#\/schema\/person\/image\/","url":"https:\/\/gaudiumetspes-blog.pl\/wp-content\/uploads\/2019\/07\/avatar-JJ-150x150.jpg","contentUrl":"https:\/\/gaudiumetspes-blog.pl\/wp-content\/uploads\/2019\/07\/avatar-JJ-150x150.jpg","caption":"Ks. Jacek"},"description":"Witam serdecznie! K\u0142ania si\u0119 Ks. Jacek Ja\u015bkowski. Nie jestem ani kim\u015b wa\u017cnym, ani kim\u015b znanym. Jestem ksi\u0119dzem, kt\u00f3ry po prostu chce rozmawia\u0107. Codzienna kap\u0142a\u0144ska pos\u0142uga pokazuje mi, \u017ce temat\u00f3w do rozm\u00f3w z ksi\u0119dzem jest coraz wi\u0119cej i dzisiaj \u017caden ksi\u0105dz nie mo\u017ce od nich ucieka\u0107, ale - wprost przeciwnie - podejmowa\u0107 nowe wyzwania. To przekonanie sk\u0142oni\u0142o mnie do pr\u00f3by otwarcia tego\u017c bloga, chocia\u017c okazji do rozm\u00f3w na co dzie\u0144 - w konfesjonale i poza nim - na szcz\u0119\u015bcie nie brakuje. My\u015bl\u0119 jednak, \u017ce ten blog b\u0119dzie jeszcze jednym sposobem i przestrzeni\u0105 nawi\u0105zania kontaktu z lud\u017ami dobrej woli, otwartymi na dialog.","url":"https:\/\/gaudiumetspes-blog.pl\/index.php\/author\/ks-jacek\/"}]}},"jetpack_featured_media_url":"","jetpack_sharing_enabled":true,"_links":{"self":[{"href":"https:\/\/gaudiumetspes-blog.pl\/index.php\/wp-json\/wp\/v2\/posts\/23853","targetHints":{"allow":["GET"]}}],"collection":[{"href":"https:\/\/gaudiumetspes-blog.pl\/index.php\/wp-json\/wp\/v2\/posts"}],"about":[{"href":"https:\/\/gaudiumetspes-blog.pl\/index.php\/wp-json\/wp\/v2\/types\/post"}],"author":[{"embeddable":true,"href":"https:\/\/gaudiumetspes-blog.pl\/index.php\/wp-json\/wp\/v2\/users\/1"}],"replies":[{"embeddable":true,"href":"https:\/\/gaudiumetspes-blog.pl\/index.php\/wp-json\/wp\/v2\/comments?post=23853"}],"version-history":[{"count":1,"href":"https:\/\/gaudiumetspes-blog.pl\/index.php\/wp-json\/wp\/v2\/posts\/23853\/revisions"}],"predecessor-version":[{"id":23854,"href":"https:\/\/gaudiumetspes-blog.pl\/index.php\/wp-json\/wp\/v2\/posts\/23853\/revisions\/23854"}],"wp:attachment":[{"href":"https:\/\/gaudiumetspes-blog.pl\/index.php\/wp-json\/wp\/v2\/media?parent=23853"}],"wp:term":[{"taxonomy":"category","embeddable":true,"href":"https:\/\/gaudiumetspes-blog.pl\/index.php\/wp-json\/wp\/v2\/categories?post=23853"},{"taxonomy":"post_tag","embeddable":true,"href":"https:\/\/gaudiumetspes-blog.pl\/index.php\/wp-json\/wp\/v2\/tags?post=23853"}],"curies":[{"name":"wp","href":"https:\/\/api.w.org\/{rel}","templated":true}]}}