{"id":23858,"date":"2025-05-26T09:17:38","date_gmt":"2025-05-26T07:17:38","guid":{"rendered":"https:\/\/gaudiumetspes-blog.pl\/?p=23858"},"modified":"2025-05-26T09:17:38","modified_gmt":"2025-05-26T07:17:38","slug":"wyjsc-ze-strefy-swego-komfortu","status":"publish","type":"post","link":"https:\/\/gaudiumetspes-blog.pl\/index.php\/2025\/05\/26\/wyjsc-ze-strefy-swego-komfortu\/","title":{"rendered":"Wyj\u015b\u0107 ze strefy swego komfortu!"},"content":{"rendered":"<p align=\"justify\"><span style=\"color: #000000;\"><span style=\"font-family: Book Antiqua, serif;\"><span style=\"font-size: large;\">Szcz\u0119\u015b\u0107 Bo\u017ce! Drodzy moi, w dniu dzisiejszym <b>obchodzimy Dzie\u0144 Matki. Z tej okazji ogarniam modlitw\u0105 moj\u0105 Mam\u0119, Danut\u0119 Ja\u015bkowsk\u0105. Dzi\u0119kuj\u0105c za codzienn\u0105 trosk\u0119 i mi\u0142o\u015b\u0107, jak\u0105 otacza nasz\u0105 Rodzin\u0119, <\/b><b>oraz za sta\u0142y kontakt z ka\u017cdym z nas \u2013 bez wzgl\u0119du na to, gdzie kto przebywa: w Polsce, czy daleko poza ni\u0105 \u2013 <\/b><b>ca\u0142ym Rodze\u0144stwem \u017cyczymy wszelkich dobrych natchnie\u0144 z Nieba, rado\u015bci i nadziei, zapa\u0142u do niesienia dobra wszystkim wok\u00f3\u0142, a tak w og\u00f3le \u2013 <\/b><b>powrotu do pe\u0142ni<\/b><b> zdrowia i si\u0142 fizycznych\u2026 Bo t<\/b><b>ych<\/b><b> duchow<\/b><b>ych<\/b><b> nigdy Jej nie brak\u0142o. I oby nigdy nie zabrak\u0142o! O to si\u0119 dzisiaj \u2013 i nie tylko dzisiaj \u2013 modlimy! <\/b><b>Ja w tej intencji dzisiaj odprawi\u0119 Msz\u0119 \u015awi\u0119t\u0105.<\/b><\/span><\/span><\/span><\/p>\n<p align=\"justify\"><span style=\"color: #000000;\"><span style=\"font-family: Book Antiqua, serif;\"><span style=\"font-size: large;\"><b>A imieniny prze\u017cywa dzisiaj Ewelina Lisiewicz, nale\u017c\u0105ca w swoim czasie do Wsp\u00f3lnoty m\u0142odzie\u017cowej w Tr\u0105bkach. \u017bycz\u0119 Bo\u017cego b\u0142ogos\u0142awie\u0144stwa i wszelkiego dobra, o co te\u017c b\u0119d\u0119 si\u0119 modli\u0142!<\/b><\/span><\/span><\/span><\/p>\n<p align=\"justify\"><span style=\"color: #000000;\"><span style=\"font-family: Book Antiqua, serif;\"><span style=\"font-size: large;\">A ja dzisiaj jestem w Lublinie, ale po po\u0142udniu planuj\u0119 znale\u017a\u0107 si\u0119 w Siedlcach, gdzie rozmieszcz\u0119 Og\u0142oszenia Duszpasterstwa Akademickiego na Uczelniach siedleckich, a potem chc\u0119 popracowa\u0107 u siebie. Szczeg\u00f3lnie \u2013 nadrobi\u0107 zaleg\u0142o\u015bci telefoniczne. Takie s\u0105 plany, ale Duch \u015awi\u0119ty mo\u017ce na mnie wym\u00f3c co\u015b zupe\u0142nie innego \u2013 jak o tym wi\u0119cej w rozwa\u017caniu\u2026<\/span><\/span><\/span><\/p>\n<p align=\"justify\"><span style=\"color: #000000;\"><span style=\"font-family: Book Antiqua, serif;\"><span style=\"font-size: large;\">Teraz za\u015b ju\u017c zapraszam do pochylenia si\u0119 nad Bo\u017cym s\u0142owem dzisiejszej liturgii. Oto s\u0142\u00f3wko Ksi\u0119dza Marka na dzi\u015b:<\/span><\/span><\/span><\/p>\n<p align=\"justify\"><span style=\"color: #000000;\"><span style=\"font-family: Book Antiqua, serif;\"><span style=\"font-size: medium;\"><a href=\"https:\/\/www.youtube.com\/c\/CatholicSurgut\"><span style=\"font-size: large;\"><span lang=\"zxx\"><u><b>https:\/\/www.youtube.com\/c\/CatholicSurgut<\/b><\/u><\/span><\/span><\/a><\/span><\/span><\/span><\/p>\n<p align=\"justify\"><span style=\"color: #000000;\"><span style=\"font-family: Book Antiqua, serif;\"><span style=\"font-size: large;\">Zatem, <b>z<\/b><b> jakim konkretnie przes\u0142aniem zwraca si\u0119 <\/b><b>dzi\u015b <\/b><b>do mnie <\/b><b>Pan<\/b><b>?<\/b> Duchu \u015awi\u0119ty, rozja\u015bnij umys\u0142 i serce!<\/span><\/span><\/span><\/p>\n<p align=\"justify\"><span style=\"color: #000000;\"><span style=\"font-family: Book Antiqua, serif;\"><span style=\"font-size: large;\"><b>N<\/b><b>iech Was b\u0142ogos\u0142awi B\u00f3g Wszechmog\u0105cy: Ojciec + i Syn, i Duch \u015awi\u0119ty. Amen<\/b><\/span><\/span><\/span><\/p>\n<p align=\"center\"><span style=\"color: #000000;\"><span style=\"font-family: Book Antiqua, serif;\"><span style=\"font-size: large;\">Gaudium et spes! Ks. Jacek<\/span><\/span><\/span><\/p>\n<p align=\"center\">\n<p align=\"center\">\n<p align=\"center\">\n<p align=\"center\">\n<p align=\"center\">\n<p align=\"justify\"><span style=\"color: #000000;\"><span style=\"font-family: Book Antiqua, serif;\"><span style=\"font-size: large;\"><b>Poniedzia\u0142ek 6 Tygodnia Wielkanocy,<\/b><\/span><\/span><\/span><\/p>\n<p align=\"justify\"><span style=\"color: #000000;\"><span style=\"font-family: Book Antiqua, serif;\"><span style=\"font-size: large;\"><b>26 maja 2025.,<\/b><\/span><\/span><\/span><\/p>\n<p align=\"justify\"><span style=\"color: #000000;\"><span style=\"font-family: Book Antiqua, serif;\"><span style=\"font-size: large;\"><b>do czyta\u0144: <\/b> <b>Dz 16,11\u201315; J 15,26\u201316,4a<\/b><\/span><\/span><\/span><\/p>\n<p align=\"justify\">\n<p align=\"justify\">\n<p align=\"justify\">\n<p align=\"justify\">\n<p align=\"justify\">\n<p align=\"justify\"><span style=\"color: #000000;\"><span style=\"font-family: Book Antiqua, serif;\"><span style=\"font-size: large;\"><b>CZYTANIE Z DZIEJ\u00d3W APOSTOLSKICH:<\/b><\/span><\/span><\/span><\/p>\n<p align=\"justify\"><span style=\"color: #000000;\"><span style=\"font-family: Book Antiqua, serif;\"><span style=\"font-size: large;\"><b>Odbiwszy od l\u0105du w Troadzie pop\u0142yn\u0119li\u015bmy wprost do Samotraki, a nast\u0119pnego dnia do Neapolu, a st\u0105d do Filippi, g\u0142\u00f3wnego miasta tej cz\u0119\u015bci Macedonii, kt\u00f3re jest rzymsk\u0105 koloni\u0105.<\/b><\/span><\/span><\/span><\/p>\n<p align=\"justify\"><span style=\"color: #000000;\"><span style=\"font-family: Book Antiqua, serif;\"><span style=\"font-size: large;\"><b>W tym mie\u015bcie sp\u0119dzili\u015bmy kilka dni. W szabat wyszli\u015bmy za bram\u0119 nad rzek\u0119, gdzie, jak s\u0105dzili\u015bmy, by\u0142o miejsce modlitwy. I usiad\u0142szy rozmawiali\u015bmy z kobietami, kt\u00f3re si\u0119 zesz\u0142y.<\/b><\/span><\/span><\/span><\/p>\n<p align=\"justify\"><span style=\"color: #000000;\"><span style=\"font-family: Book Antiqua, serif;\"><span style=\"font-size: large;\"><b>Przys\u0142uchiwa\u0142a si\u0119 nam te\u017c pewna boj\u0105ca si\u0119 Boga kobieta z miasta Tiatyry imieniem Lidia, kt\u00f3ra sprzedawa\u0142a purpur\u0119. Pan otworzy\u0142 jej serce, tak \u017ce uwa\u017cnie s\u0142ucha\u0142a s\u0142\u00f3w Paw\u0142a. Kiedy zosta\u0142a ochrzczona razem ze swym domem, poprosi\u0142a nas, m\u00f3wi\u0105c: \u201eJe\u017celi uwa\u017cacie mnie za wiern\u0105 Panu, to przyjd\u017acie do mego domu i zamieszkajcie w nim\u201d. I wymog\u0142a to na nas.<\/b><\/span><\/span><\/span><\/p>\n<p align=\"justify\">\n<p align=\"justify\">\n<p align=\"justify\">\n<p align=\"justify\">\n<p align=\"justify\">\n<p align=\"justify\"><span style=\"color: #000000;\"><span style=\"font-family: Book Antiqua, serif;\"><span style=\"font-size: large;\"><b>S\u0141OWA EWANGELII WED\u0141UG \u015aWI\u0118TEGO JANA:<\/b><\/span><\/span><\/span><\/p>\n<p align=\"justify\"><span style=\"color: #000000;\"><span style=\"font-family: Book Antiqua, serif;\"><span style=\"font-size: large;\"><b>Jezus powiedzia\u0142 do swoich uczni\u00f3w: \u201eGdy przyjdzie Pocieszyciel, kt\u00f3rego Ja wam po\u015bl\u0119 od Ojca, Duch Prawdy, kt\u00f3ry od Ojca pochodzi, On b\u0119dzie \u015bwiadczy\u0142 o Mnie. Ale wy te\u017c \u015bwiadczycie, bo jeste\u015bcie ze Mn\u0105 od pocz\u0105tku.<\/b><\/span><\/span><\/span><\/p>\n<p align=\"justify\"><span style=\"color: #000000;\"><span style=\"font-family: Book Antiqua, serif;\"><span style=\"font-size: large;\"><b>To wam powiedzia\u0142em, aby\u015bcie si\u0119 nie za\u0142amali w wierze. Wy\u0142\u0105cz\u0105 was z synagogi. Owszem, nadchodzi godzina, w kt\u00f3rej ka\u017cdy, kto was zabije, b\u0119dzie s\u0105dzi\u0142, \u017ce oddaje cze\u015b\u0107 Bogu. B\u0119d\u0105 tak czyni\u0107, bo nie poznali ani Ojca, ani Mnie. Ale powiedzia\u0142em wam o tych rzeczach, aby\u015bcie, gdy nadejdzie ich godzina, pami\u0119tali o nich, \u017ce Ja wam to powiedzia\u0142em\u201d.<\/b><\/span><\/span><\/span><\/p>\n<p align=\"justify\">\n<p align=\"justify\">\n<p align=\"justify\">\n<p align=\"justify\">\n<p align=\"justify\">\n<p align=\"justify\"><span style=\"color: #000000;\"><span style=\"font-family: Book Antiqua, serif;\"><span style=\"font-size: large;\">Podejmuj\u0105c si\u0119 refleksji nad Bo\u017cym s\u0142owem danego dnia \u2013 czy jakiejkolwiek refleksji nad Bo\u017cym s\u0142owem \u2013 warto zwraca\u0107 uwag\u0119 na te zdania czy sformu\u0142owania, kt\u00f3re wydaj\u0105 si\u0119 takimi <b>mniej znacz\u0105cymi, pobocznymi, <\/b>mo\u017ce wr\u0119cz <b>ma\u0142o wa\u017cnymi\u2026<\/b> S\u0105 one zwykle <b>niejako wtr\u0105cone<\/b> mi\u0119dzy innymi stwierdzeniami \u2013 wa\u017cniejszymi, jak by\u015bmy powiedzieli\u2026 Tymczasem, ka\u017cde zdanie, a wr\u0119cz ka\u017cde s\u0142owo, zapisane na kartach Biblii, <b>jest wa\u017cne i potrzebne.<\/b> <\/span><\/span><\/span><\/p>\n<p align=\"justify\"><span style=\"color: #000000;\"><span style=\"font-family: Book Antiqua, serif;\"><span style=\"font-size: large;\">Bo je\u017celi nawet <b>nie do ko\u0144ca rozumiemy zawart\u0105 w nim my\u015bl,<\/b> to jednak t\u0119 my\u015bl mo\u017cemy odkry\u0107 p\u00f3\u017aniej, a je\u017celi nawet p\u00f3\u017aniej jej nie odkryjemy, to jako s\u0142owo, zapisane w Pi\u015bmie \u015awi\u0119tym, czyli jako cz\u0119\u015b\u0107 Bo\u017cego s\u0142owa, skierowanego do cz\u0142owieka, zdanie takie <b>jest no\u015bnikiem Bo\u017cej mocy, Bo\u017cej \u0142aski, Bo\u017cego natchnienia\u2026<\/b> I \u2013 jako takie \u2013 <b>pracuje w nas: <\/b>w naszych sercach, w naszych umys\u0142ach, w naszych duszach! I <b>przemienia nas, <\/b>i ubogaca, ale te\u017c wycisza i niesie pok\u00f3j naszym sercom\u2026 <\/span><\/span><\/span><\/p>\n<p align=\"justify\"><span style=\"color: #000000;\"><span style=\"font-family: Book Antiqua, serif;\"><span style=\"font-size: large;\">Takim zdaniem w dzisiejszej liturgii S\u0142owa jest ostatnie zdanie dzisiejszego pierwszego czytania: <i><b>I wymog\u0142a to na nas.<\/b><\/i> Jak s\u0142yszeli\u015bmy, tym kim\u015b by\u0142a <b>Lidia,<\/b> o kt\u00f3rej dowiadujemy si\u0119, \u017ce by\u0142a to <i><b>pewna boj\u0105ca si\u0119 Boga kobieta z miasta Tiatyry.<\/b><\/i><b> <\/b>A dalej jeszcze dowiadujemy si\u0119, \u017ce <i><b>sprzedawa\u0142a purpur\u0119. Pan otworzy\u0142 jej serce,<\/b><\/i><b> <\/b><i><b>tak \u017ce uwa\u017cnie s\u0142ucha\u0142a s\u0142\u00f3w Paw\u0142a. Kiedy zosta\u0142a ochrzczona razem ze swym domem, poprosi\u0142a nas, m\u00f3wi\u0105c: \u201eJe\u017celi uwa\u017cacie mnie za wiern\u0105 Panu<\/b><\/i><b>, to przyjd\u017acie do mego domu i zamieszkajcie w nim\u201d. <\/b><\/span><\/span><\/span><\/p>\n<p align=\"justify\"><span style=\"color: #000000;\"><span style=\"font-family: Book Antiqua, serif;\"><span style=\"font-size: large;\">I w\u0142a\u015bnie<b> to wymog\u0142a<\/b> na G\u0142osicielach Dobrej Nowiny, w\u015br\u00f3d kt\u00f3rych znalaz\u0142 si\u0119 r\u00f3wnie\u017c \u0141ukasz, Autor Ksi\u0119gi Dziej\u00f3w Apostolskich, kt\u00f3r\u0105 aktualnie we fragmentach czytamy \u2013 wszak s\u0142yszymy, \u017ce ca\u0142y przekaz jest sformu\u0142owany <b>w pierwszej osobie liczby mnogiej,<\/b> czyli: \u201emy <i><b>pop\u0142yn\u0119li\u015bmy<\/b><\/i><b>\u2026,<\/b> my <i><b>sp\u0119dzili\u015bmy kilka dni\u2026,<\/b><\/i> my <i><b>wyszli\u015bmy za bram\u0119\u2026<\/b><\/i> Autor Ksi\u0119gi by\u0142 zatem <b>czynnym uczestnikiem<\/b> opisywanych wydarze\u0144. To za\u015b oznacza, \u017ce <b>tak\u017ce na nim<\/b> Lidia, wdzi\u0119czna za dar Chrztu i dar Bo\u017cego s\u0142owa, wymog\u0142a owo zatrzymanie si\u0119 na kilka dni, w go\u015bcinie u niej. <\/span><\/span><\/span><\/p>\n<p align=\"justify\"><span style=\"color: #000000;\"><span style=\"font-family: Book Antiqua, serif;\"><span style=\"font-size: large;\">Widzimy wi\u0119c, \u017ce Aposto\u0142owie <b>nie obawiali si\u0119 zmienia\u0107 swoich plan\u00f3w,<\/b> modyfikowa\u0107 ich na bie\u017c\u0105co, elastycznie reagowa\u0107 na zmieniaj\u0105ce si\u0119 okoliczno\u015bci. Zreszt\u0105, od samego pocz\u0105tku dzisiejszego pierwszego czytania s\u0142yszymy, \u017ce oni tak naprawd\u0119 <b>nie wiedzieli, na co si\u0119 nastawia\u0107<\/b> w tych miejscach, do kt\u00f3rych przybywali. Tak zasadniczo, to chyba <b>mogli si\u0119 nastawia\u0107 na wszystko.<\/b> <\/span><\/span><\/span><\/p>\n<p align=\"justify\"><span style=\"color: #000000;\"><span style=\"font-family: Book Antiqua, serif;\"><span style=\"font-size: large;\">Kiedy \u2013 jak dzisiaj s\u0142yszymy \u2013 dotarli<i> <\/i><i><b>do Filippi, g\u0142\u00f3wnego miasta tej cz\u0119\u015bci Macedonii, kt\u00f3re jest rzymsk\u0105 koloni\u0105,<\/b><\/i><b> <\/b>w\u00f3wczas postanowili sp\u0119dzi\u0107 w tym mie\u015bcie kilka dni. I c\u00f3\u017c tam robili? S\u0142yszymy:<i> <\/i><i><b>W szabat wyszli\u015bmy za bram\u0119 nad rzek\u0119, gdzie, jak s\u0105dzili\u015bmy, by\u0142o miejsce modlitwy. I usiad\u0142szy rozmawiali\u015bmy z kobietami, kt\u00f3re si\u0119 zesz\u0142y. <\/b><\/i><\/span><\/span><\/span><\/p>\n<p align=\"justify\"><span style=\"color: #000000;\"><span style=\"font-family: Book Antiqua, serif;\"><span style=\"font-size: large;\">Zatem, <b>nie wiedzieli, <\/b>czy miejsce, do kt\u00f3rego dotarli, <b>faktycznie by\u0142o miejscem modlitwy.<\/b> Tak im si\u0119 wydawa\u0142o, wi\u0119c tam zostali. I zacz\u0119li rozmawia\u0107 <i><b>z kobietami, kt\u00f3re si\u0119 zesz\u0142y, <\/b><\/i>o kt\u00f3rych nic tak naprawd\u0119 nie wiedzieli, ale skoro przysz\u0142y, to weszli z nimi w dialog. A potem <b>Chrzest Lidii \u2013 i to jej naleganie,<\/b> aby zosta\u0107 u niej w go\u015bcinie\u2026 <\/span><\/span><\/span><\/p>\n<p align=\"justify\"><span style=\"color: #000000;\"><span style=\"font-family: Book Antiqua, serif;\"><span style=\"font-size: large;\">Szczerze m\u00f3wi\u0105c, to chyba nie musia\u0142a a\u017c tak bardzo na nich nalega\u0107, bo raczej <b>nie mieli oni w\u00f3wczas innej propozycji noclegu i zamieszkania<\/b> na tych kilka dni, kt\u00f3re zaplanowali w Filippi przebywa\u0107. A to oznacza, propozycja Lidii <b>pojawi\u0142a si\u0119 w czasie jak najbardziej odpowiednim. <\/b><\/span><\/span><\/span><\/p>\n<p align=\"justify\"><span style=\"color: #000000;\"><span style=\"font-family: Book Antiqua, serif;\"><span style=\"font-size: large;\">My natomiast podkre\u015blamy w tym momencie, \u017ce Aposto\u0142owie \u2013 i w og\u00f3le uczniowie, g\u0142osiciele Dobrej Nowiny \u2013 <b>dawali si\u0119 wtedy prowadzi\u0107 za r\u0119k\u0119 Duchowi \u015awi\u0119temu.<\/b> Otwierali si\u0119 na Jego natchnienia i przyjmowali je tak \u2013 powiedzieliby\u015bmy \u2013 <b>ad hoc!<\/b> Wszak s\u0142yszymy w innym miejscach Ksi\u0119gi Dziej\u00f3w Apostolskich, \u017ce dok\u0105d\u015b tam poszli, <b>bo Duch \u00abkaza\u0142\u00bb im tam p\u00f3j\u015b\u0107,<\/b> a znowu dok\u0105d\u015b tam nie poszli, <b>bo Duch im \u00abzabroni\u0142\u00bb!<\/b> I to ju\u017c jest ciekawe samo w sobie, \u017ce <b>Duch \u015awi\u0119ty dok\u0105d\u015b zabrania\u0142 im i\u015b\u0107<\/b> i g\u0142osi\u0107 Dobr\u0105 Nowin\u0119! Dlaczego im zabrania\u0142? <\/span><\/span><\/span><\/p>\n<p align=\"justify\"><span style=\"color: #000000;\"><span style=\"font-family: Book Antiqua, serif;\"><span style=\"font-size: large;\">Tego nie wiemy \u2013 na pewno, <b>nie chcia\u0142 nikomu blokowa\u0107 drogi do zbawienia,<\/b> ale mo\u017ce w tamtym czasie i w tamtych okoliczno\u015bciach bardziej nale\u017ca\u0142o znale\u017a\u0107 si\u0119 w innym miejscu, bo mo\u017ce w tym innym miejscu by\u0142y wi\u0119ksze potrzeby?\u2026 Aposto\u0142owie tego nie wiedzieli, <b>ale Duch \u015awi\u0119ty to wiedzia\u0142,<\/b> dlatego tak w\u0142a\u015bnie kierowa\u0142 misyjnymi dzia\u0142aniami uczni\u00f3w Jezusa Chrystusa. Oni za\u015b \u2013 dawali si\u0119 pokierowa\u0107, poprowadzi\u0107\u2026 <\/span><\/span><\/span><\/p>\n<p align=\"justify\"><span style=\"color: #000000;\"><span style=\"font-family: Book Antiqua, serif;\"><span style=\"font-size: large;\"><b>Jak wielka musia\u0142a by\u0107 ich wiara! <\/b>Jak wielka by\u0142a ich\u2026<b> delikatno\u015b\u0107, <\/b>owo wyczulenie na sygna\u0142y z Nieba, a jednocze\u015bnie <b>pos\u0142usze\u0144stwo Bo\u017cym natchnieniom.<\/b> Bo nigdy tak naprawd\u0119 nie mogli oni wiedzie\u0107,<b> co spotka ich <\/b>w danym miejscu, do kt\u00f3rego dotarli \u2013 skoro ju\u017c tam dotarli. Chocia\u017c te\u017c tego <b>wcze\u015bniej nie wiedzieli, \u017ce akurat tam dotr\u0105.<\/b> I nie wiedzieli, <b>kto przyjdzie <\/b>na spotkanie z nimi. A mo\u017ce nikt nie przyjdzie?\u2026 A je\u015bli ju\u017c przyjdzie, to <b>czy b\u0119dzie ich s\u0142ucha\u0142, <\/b>czy we\u017amie kamie\u0144 do r\u0119ki i rzuci w nich \u2013 i jeszcze innych zbuntuje? Nic nie wiedzieli. <\/span><\/span><\/span><\/p>\n<p align=\"justify\"><span style=\"color: #000000;\"><span style=\"font-family: Book Antiqua, serif;\"><span style=\"font-size: large;\"><b>Ale Duch \u015awi\u0119ty wiedzia\u0142. <\/b>A oni Mu si\u0119 poddali, pozwolili si\u0119 za r\u0119k\u0119 poprowadzi\u0107 \u2013 nawet <b>w tak prozaicznych kwestiach, <\/b>jak przyj\u0119cie go\u015bciny w domu nowej chrze\u015bcijanki, kt\u00f3ra dopiero co w\u0142\u0105czona zosta\u0142a do wsp\u00f3lnoty Ko\u015bcio\u0142a. My nieraz, w takim naszym codziennym dyskursie, m\u00f3wimy, \u017ce to czy owo <b>sta\u0142o si\u0119 \u201eprzypadkiem\u201d.<\/b> Coraz cz\u0119\u015bciej jednak s\u0142yszy si\u0119 i tak\u0105 opini\u0119, \u017ce <b>tak zwany \u201eprzypadek\u201d to tylko \u015bwieckie imi\u0119 Ducha \u015awi\u0119tego.<\/b> Albo Bo\u017cej Opatrzno\u015bci. I \u017ce w naszym \u017cyciu nic nie dzieje si\u0119 moc\u0105 tak zwanego \u201eprzypadku\u201d, tylko <b>wszystko jest po co\u015b.<\/b> <\/span><\/span><\/span><\/p>\n<p align=\"justify\"><span style=\"color: #000000;\"><span style=\"font-family: Book Antiqua, serif;\"><span style=\"font-size: large;\">I ta go\u015bcina u Lidii te\u017c <b>by\u0142a po co\u015b.<\/b> I inne wydarzenia, kt\u00f3re mia\u0142y miejsce w trakcie dzia\u0142alno\u015bci Aposto\u0142\u00f3w \u2013 tak\u017ce te trudne \u2013 <b>dzia\u0142y si\u0119 po co\u015b. <\/b>I tak\u017ce te wszystkie wydarzenia, jakie dziej\u0105 si\u0119 w naszym \u017cyciu, w naszej codziennej dzia\u0142alno\u015bci \u2013 tak\u017ce te wydarzenia trudne, nawet bardzo trudne, tak niezrozumia\u0142e i przez to nie\u0142atwe w ich przyj\u0119ciu i zaakceptowaniu \u2013 <b>w<\/b><b>szystko jest po co\u015b. <\/b>A po co? O to musimy ju\u017c <b>pyta\u0107 Ducha \u015awi\u0119tego<\/b> w osobistej modlitwie. <\/span><\/span><\/span><\/p>\n<p align=\"justify\"><span style=\"color: #000000;\"><span style=\"font-family: Book Antiqua, serif;\"><span style=\"font-size: large;\">Na taki w\u0142a\u015bnie scenariusz Jezus przygotowywa\u0142 swoich uczni\u00f3w \u2013 i nas wszystkich \u2013 gdy w Ewangelii dzisiejszej m\u00f3wi\u0142: <i><b>Gdy przyjdzie Pocieszyciel, kt\u00f3rego Ja wam po\u015bl\u0119 od Ojca, Duch Prawdy, kt\u00f3ry od Ojca pochodzi, On b\u0119dzie \u015bwiadczy\u0142 o Mnie. Ale wy te\u017c \u015bwiadczycie, bo jeste\u015bcie ze Mn\u0105 od pocz\u0105tku. <\/b><\/i><\/span><\/span><\/span><\/p>\n<p align=\"justify\"><span style=\"color: #000000;\"><span style=\"font-family: Book Antiqua, serif;\"><span style=\"font-size: large;\">A czemu o tym powiedzia\u0142? To te\u017c s\u0142yszymy: <i><b>To wam powiedzia\u0142em, aby\u015bcie si\u0119 nie za\u0142amali w wierze. Wy\u0142\u0105cz\u0105 was z synagogi. Owszem, nadchodzi godzina, w kt\u00f3rej ka\u017cdy, kto was zabije, b\u0119dzie s\u0105dzi\u0142, \u017ce oddaje cze\u015b\u0107 Bogu. B\u0119d\u0105 tak czyni\u0107, bo nie poznali ani Ojca, ani Mnie. Ale powiedzia\u0142em wam o tych rzeczach, aby\u015bcie, gdy nadejdzie ich godzina, pami\u0119tali o nich, \u017ce Ja wam to powiedzia\u0142em. <\/b><\/i><\/span><\/span><\/span><\/p>\n<p align=\"justify\"><span style=\"color: #000000;\"><span style=\"font-family: Book Antiqua, serif;\"><span style=\"font-size: large;\">Zatem, nic z tego, co si\u0119 w naszym \u017cyciu dokona\u0142o, co si\u0119 obecnie dokonuje i jeszcze si\u0119 dokona \u2013 <b>nie jest Jezusowi nieznane,<\/b> jakie\u015b zaskakuj\u0105ce czy szokuj\u0105ce. Nic z tych rzeczy! On to wszystko <b>wiedzia\u0142 od samego pocz\u0105tku,<\/b> dlatego stara\u0142 si\u0119 swoich Aposto\u0142\u00f3w i nas wszystkich, swoich uczni\u00f3w, <b>na to przygotowa\u0107. <\/b>A jednocze\u015bnie \u2013 chyba te\u017c<b> uspokoi\u0107, aby\u015bmy nie panikowali,<\/b> nie poddawali si\u0119 jakiej\u015b rozpaczy, rezygnacji; jakiemu\u015b pesymizmowi czy poczuciu przegranej; jakiemu\u015b zagubieniu czy zw\u0105tpieniu. <b>Jezus to wszystko, co si\u0119 u nas dzieje, widzi i wie.<\/b> <\/span><\/span><\/span><\/p>\n<p align=\"justify\"><span style=\"color: #000000;\"><span style=\"font-family: Book Antiqua, serif;\"><span style=\"font-size: large;\">Dlatego trzymajmy si\u0119 Go i <b>pozw\u00f3lmy poprowadzi\u0107 si\u0119 Duchowi,<\/b> kt\u00f3rego On nam da\u0142 <b>w Sakramencie Bierzmowania. <\/b>Przecie\u017c wszyscy ten Sakrament przyj\u0119li\u015bmy, albo w nied\u0142ugiej przysz\u0142o\u015bci przyjmiemy. I po co? Czy\u017c nie po to,<b> aby s\u0142ucha\u0107 natchnie\u0144 Ducha \u015awi\u0119tego i za nimi i\u015b\u0107?<\/b> Nie b\u00f3jmy si\u0119 zatem zaufa\u0107 Mu bezgranicznie! <\/span><\/span><\/span><\/p>\n<p align=\"justify\"><span style=\"color: #000000;\"><span style=\"font-family: Book Antiqua, serif;\"><span style=\"font-size: large;\">A On b\u0119dzie do nas <b>m\u00f3wi\u0142 na r\u00f3\u017cne sposoby \u2013 <\/b>tak\u017ce przez zmieniaj\u0105ce si\u0119 okoliczno\u015bci, albo <b>przez propozycje,<\/b> jakie kto\u015b do nas skieruje, albo <b>przez pro\u015bby,<\/b> jakie otrzymamy od tej czy innej osoby. Nie b\u00f3jmy si\u0119 <b>zmieni\u0107 swoich plan\u00f3w, albo swoich utartych przekona\u0144,<\/b> wyra\u017canych cz\u0119sto w s\u0142owach: \u201eJa tego na pewno nie zrobi\u0119!\u201d; \u201eJa si\u0119 do tego nie nadaj\u0119!\u201d; \u201e To nie dla mnie!\u201d; \u201eNie mam na to czasu ani ochoty!\u201d; czy nawet: \u201eA co ja z tego b\u0119d\u0119 mia\u0142?\u2026\u201d <\/span><\/span><\/span><\/p>\n<p align=\"justify\"><span style=\"color: #000000;\"><span style=\"font-family: Book Antiqua, serif;\"><span style=\"font-size: large;\">Nie b\u00f3jmy si\u0119 \u2013 jak to ostatnio jest w modzie m\u00f3wi\u0107 <b>\u2013 \u201ewyj\u015b\u0107 ze strefy swego komfortu\u201d!<\/b> Pozw\u00f3lmy Duchowi \u015awi\u0119temu, aby <b>wym\u00f3g\u0142 na nas to, czego od nas oczekuje. <\/b>Bo je\u015bli On tego oczekuje, to znaczy, \u017ce <b>jeste\u015bmy w stanie tego dokona\u0107,<\/b> bo On to wie najlepiej. Dlatego nas o to prosi, czy wr\u0119cz nalega na nas. <b>Ulegnijmy Mu! <\/b>Nic na tym nie stracimy \u2013 <b>a wszystko zyskamy! <\/b><\/span><\/span><\/span><\/p>\n<p align=\"justify\"><span style=\"color: #000000;\"><span style=\"font-family: Book Antiqua, serif;\"><span style=\"font-size: large;\">Z pewno\u015bci\u0105, z takiego za\u0142o\u017cenia wychodzi\u0142 Patron dnia dzisiejszego, <b>\u015awi\u0119ty Filip Nereusz.<\/b><\/span><\/span><\/span><\/p>\n<p align=\"justify\"><span style=\"color: #000000;\"><span style=\"font-size: large;\"><span style=\"font-family: Book Antiqua, serif;\">Urodzi\u0142 si\u0119 <\/span><span style=\"font-family: Book Antiqua, serif;\"><b>we Florencji,<\/b><\/span><span style=\"font-family: Book Antiqua, serif;\"><b> 21 lipca 1515 roku.<\/b><\/span><span style=\"font-family: Book Antiqua, serif;\"> Na Chrzcie \u015awi\u0119tym otrzyma\u0142 imiona: <\/span><span style=\"font-family: Book Antiqua, serif;\"><b>Filip Romulus.<\/b><\/span><span style=\"font-family: Book Antiqua, serif;\"> Od dziecka by\u0142 cz\u0142owiekiem <\/span><span style=\"font-family: Book Antiqua, serif;\">o wysokiej kulturze i og\u0142adzie. Wyr\u00f3\u017cnia\u0142 si\u0119 <\/span><span style=\"font-family: Book Antiqua, serif;\"><b>poczuciem humoru i talentem jednania sobie ludzi.<\/b><\/span> <\/span><\/span><\/p>\n<p align=\"justify\"><span style=\"color: #000000;\"><span style=\"font-size: large;\"><span style=\"font-family: Book Antiqua, serif;\">Po <\/span><span style=\"font-family: Book Antiqua, serif;\">prze<\/span><span style=\"font-family: Book Antiqua, serif;\">d<\/span><span style=\"font-family: Book Antiqua, serif;\">wczesnej<\/span><span style=\"font-family: Book Antiqua, serif;\"><b> \u015bmierci matki i starszego brata,<\/b><\/span><span style=\"font-family: Book Antiqua, serif;\"> kiedy pogorszy\u0142y si\u0119 znacznie warunki maj\u0105tkowe ojca, Filip uda\u0142 si\u0119 do wuja w San Germano ko\u0142o Monte Cassino, by pom\u00f3c mu w pracy, a docelowo \u2013 <\/span><span style=\"font-family: Book Antiqua, serif;\"><b>odziedziczy\u0107 po nim znaczn\u0105 fortun\u0119. <\/b><\/span><span style=\"font-family: Book Antiqua, serif;\">Mia\u0142 w\u00f3wczas siedemna\u015bcie lat. Zrezygnowa\u0142 jednak do\u015b\u0107 szybko z tej tak przecie\u017c pomy\u015blnej dla siebie okazji <\/span><span style=\"font-family: Book Antiqua, serif;\"><b>i uda\u0142 si\u0119 do Rzymu, <\/b><\/span><span style=\"font-family: Book Antiqua, serif;\">gdzie mia\u0142 pozosta\u0107<\/span><span style=\"font-family: Book Antiqua, serif;\"><b> do ko\u0144ca swego \u017cycia<\/b><\/span><span style=\"font-family: Book Antiqua, serif;\"> \u2013 a wi\u0119c ponad sze\u015b\u0107dziesi\u0105<\/span><span style=\"font-family: Book Antiqua, serif;\">t<\/span><span style=\"font-family: Book Antiqua, serif;\"> lat. <\/span><\/span><\/span><\/p>\n<p align=\"justify\"><span style=\"color: #000000;\"><span style=\"font-size: large;\"><span style=\"font-family: Book Antiqua, serif;\">Tam rozpocz\u0105\u0142 studia filozofii i teologii<\/span><span style=\"font-family: Book Antiqua, serif;\"><i>.<\/i><\/span><span style=\"font-family: Book Antiqua, serif;\"> Jednocze\u015bnie by\u0142 wychowawc\u0105 dw\u00f3ch syn\u00f3w w domu zamo\u017cnego Florentczyka w Rzymie. <\/span><span style=\"font-family: Book Antiqua, serif;\"><b>Prowadzi\u0142 \u017cycie modlitwy i umartwienia. <\/b><\/span><span style=\"font-family: Book Antiqua, serif;\">W wolnym czasie nawiedza\u0142 ko\u015bcio\u0142y, sanktuaria i zabytki Wiecznego Miasta.<\/span><span style=\"font-family: Book Antiqua, serif;\"> A natchniony wewn\u0119trznym, ekstatycznym objawieniem, za\u0142o\u017cy\u0142 <\/span><span style=\"font-family: Book Antiqua, serif;\">towarzystwo religijne pod nazw\u0105<\/span><span style=\"font-family: Book Antiqua, serif;\"><b> \u201eBractwa Tr\u00f3jcy \u015awi\u0119tej\u201d<\/b><\/span><span style=\"font-family: Book Antiqua, serif;\"><b> \u2013<\/b><\/span><b> <\/b><span style=\"font-family: Book Antiqua, serif;\"><b>d<\/b><\/span><span style=\"font-family: Book Antiqua, serif;\"><b>o obs\u0142ugi pielgrzym\u00f3w i chorych.<\/b><\/span><span style=\"font-family: Book Antiqua, serif;\"> Widzia\u0142 bowiem, jak te wielkie rzesze p\u0105tnik\u00f3w potrzebowa\u0142y pomocy duchowej, a cz\u0119sto i materialnej. By\u0142 to rok 1548. <\/span><span style=\"font-family: Book Antiqua, serif;\">Przez t\u0119 pos\u0142ug\u0119 zyska\u0142 sobie miano<\/span><span style=\"font-family: Book Antiqua, serif;\"><b> \u201eAposto\u0142a Rzymu\u201d. <\/b><\/span><\/span><\/span><\/p>\n<p align=\"justify\"><span style=\"color: #000000;\"><span style=\"font-size: large;\"><span style=\"font-family: Book Antiqua, serif;\">Momentem prze\u0142omowym w \u017cyciu Filipa by\u0142 <\/span><span style=\"font-family: Book Antiqua, serif;\"><b>rok 1551, <\/b><\/span><span style=\"font-family: Book Antiqua, serif;\">kiedy to za namow\u0105 spowiednika<\/span><span style=\"font-family: Book Antiqua, serif;\"><b> przyj\u0105\u0142 <\/b><\/span><span style=\"font-family: Book Antiqua, serif;\"><b>\u015a<\/b><\/span><span style=\"font-family: Book Antiqua, serif;\"><b>wi\u0119cenia kap\u0142a\u0144skie.<\/b><\/span><span style=\"font-family: Book Antiqua, serif;\"> Mia\u0142 ju\u017c wtedy trzydzie\u015bci sze\u015b\u0107 lat. Mieszkaj\u0105c w konwikcie \u015awi\u0119tego Hieronima, w centrum Rzymu, za\u0142o\u017cy\u0142 Oratorium. Pocz\u0105tkowo w ciasnej izbie swojego pokoju, potem w kaplicy konwiktu, <\/span><span style=\"font-family: Book Antiqua, serif;\">Filip zacz\u0105\u0142<\/span><span style=\"font-family: Book Antiqua, serif;\"><b> gromadzi\u0107 kap\u0142an\u00f3w, zakonnik\u00f3w, mieszczan, kupc\u00f3w, artyst\u00f3w.<\/b><\/span><span style=\"font-family: Book Antiqua, serif;\"> Wsp\u00f3lna modlitwa, spotkania i rozmowy osobiste, <\/span><span style=\"font-family: Book Antiqua, serif;\">S<\/span><span style=\"font-family: Book Antiqua, serif;\">powied\u017a, czytanie duchowe, konferencje i dyskusje na tematy aktualne, rekolekcje \u2013 stanowi\u0142y program tych spotka\u0144. Oratorium by\u0142o otwarte <\/span><span style=\"font-family: Book Antiqua, serif;\"><b>dla wszystkich ludzi dobrej woli. <\/b><\/span><\/span><\/span><\/p>\n<p align=\"justify\"><span style=\"color: #000000;\"><span style=\"font-size: large;\"><span style=\"font-family: Book Antiqua, serif;\">Z czasem zebra\u0142a si\u0119 pewna liczba uczni\u00f3w, kt\u00f3rych Filip <\/span><span style=\"font-family: Book Antiqua, serif;\"><b>zaprawia\u0142 do zjednoczenia z Bogiem,<\/b><\/span><span style=\"font-family: Book Antiqua, serif;\"> do cn\u00f3t chrze\u015bcija\u0144skich i do uczynk\u00f3w mi\u0142osierdzia. <\/span><span style=\"font-family: Book Antiqua, serif;\">Na placach bawi\u0142 si\u0119 z dzie\u0107mi, by je potem gromadami prowadzi\u0107 do ko\u015bcio\u0142a. By\u0142 to <\/span><span style=\"font-family: Book Antiqua, serif;\"><b>dot\u0105d zupe\u0142nie nieznany styl aposto\u0142owania <\/b><\/span><span style=\"font-family: Book Antiqua, serif;\">i prowadzenia duszpasterstwa. <\/span><span style=\"font-family: Book Antiqua, serif;\">Do Oratorium spieszy\u0142a ca\u0142a elita duchowa Rzymu. A do grona przyjaci\u00f3\u0142 Filipa nale\u017celi \u2013 mi<\/span><span style=\"font-family: Book Antiqua, serif;\">\u0119<\/span><span style=\"font-family: Book Antiqua, serif;\">dzy innymi \u2013 \u015awi\u0119ty Franciszek Salezy, \u015awi\u0119ty Ignacy Loyola i wielu innych. <\/span><\/span><\/span><\/p>\n<p align=\"justify\"><span style=\"color: #000000;\"><span style=\"font-size: large;\"><span style=\"font-family: Book Antiqua, serif;\">W roku 1564, Florentczycy oddali Filipowi w zarz\u0105d sw\u00f3j ko\u015bci\u00f3\u0142 \u015awi\u0119tego Jana. Tu w\u0142a\u015bnie <\/span><span style=\"font-family: Book Antiqua, serif;\">pozostali przy nim jego <\/span><span style=\"font-family: Book Antiqua, serif;\"><b>duchowi synowie, <\/b><\/span><span style=\"font-family: Book Antiqua, serif;\">zwani potem<\/span><span style=\"font-family: Book Antiqua, serif;\"><b> oratorianami, <\/b><\/span><span style=\"font-family: Book Antiqua, serif;\">czy te\u017c<\/span><span style=\"font-family: Book Antiqua, serif;\"><b> filipinami.<\/b><\/span><span style=\"font-family: Book Antiqua, serif;\"> Prowadzili \u017cycie wsp\u00f3lne, nie zwi\u0105zani wszak\u017ce \u017cadnymi \u015blubami. Ta swoboda pozosta\u0142a do dzisiaj cech\u0105 charakterystyczn\u0105 oratorian\u00f3w. Filip za\u015b umia\u0142 swych syn\u00f3w duchowych zainteresowa\u0107 <\/span><span style=\"font-family: Book Antiqua, serif;\"><b>nie tylko sprawami religijnymi i duchowymi, ale tak\u017ce nauk\u0105 i kultur\u0105. <\/b><\/span><span style=\"font-family: Book Antiqua, serif;\">W <\/span><span style=\"font-family: Book Antiqua, serif;\">jego <\/span><span style=\"font-family: Book Antiqua, serif;\">domu odbywa\u0142y si\u0119 wi\u0119c koncerty muzyczne, prelekcje o sztuce, archeologii i historii. <\/span><\/span><\/span><\/p>\n<p align=\"justify\"><span style=\"color: #000000;\"><span style=\"font-size: large;\"><span style=\"font-family: Book Antiqua, serif;\">Niestety, wkr\u00f3tce pojawili si\u0119 te\u017c <\/span><span style=\"font-family: Book Antiqua, serif;\"><b>przeciwnicy poczyna\u0144 Filipa. <\/b><\/span><span style=\"font-family: Book Antiqua, serif;\">Oskar\u017cyli go o to, \u017ce sprzyja \u201enowinkom\u201d religijnym. Dosz\u0142o do tego, \u017ce <\/span><span style=\"font-family: Book Antiqua, serif;\"><b>surowy Papie\u017c Pawe\u0142 IV zakaza\u0142 mu na <\/b><\/span><span style=\"font-family: Book Antiqua, serif;\"><b>pewien <\/b><\/span><span style=\"font-family: Book Antiqua, serif;\"><b>czas<\/b><\/span><b> <\/b><span style=\"font-family: Book Antiqua, serif;\"><b>dzia\u0142alno\u015bci. <\/b><\/span><span style=\"font-family: Book Antiqua, serif;\">Kuria Rzymska odebra\u0142a mu nawet prawo do spowiadania, co r\u00f3wna\u0142o si\u0119 z kar\u0105 ko\u015bcielnej suspensy. <\/span><span style=\"font-family: Book Antiqua, serif;\">Kolejni Papie\u017ce obdarzyli go jednak ponownie<\/span><b> <\/b><span style=\"font-family: Book Antiqua, serif;\">zrozumieniem<\/span><span style=\"font-family: Book Antiqua, serif;\"><b> i odwo\u0142ali wszelkie zakazy. <\/b><\/span><\/span><\/span><\/p>\n<p align=\"justify\"><span style=\"color: #000000;\"><span style=\"font-size: large;\"><span style=\"font-family: Book Antiqua, serif;\">I tak te\u017c nasz Patron \u2013 doradca <\/span><span style=\"font-family: Book Antiqua, serif;\">P<\/span><span style=\"font-family: Book Antiqua, serif;\">apie\u017cy, kierownik duchowy wielu dostojnik\u00f3w,<\/span><b> <\/b><span style=\"font-family: Book Antiqua, serif;\">a jednocze\u015bnie: <\/span><span style=\"font-family: Book Antiqua, serif;\"><b>jeden z najbardziej weso\u0142ych <\/b><\/span><span style=\"font-family: Book Antiqua, serif;\"><b>\u015a<\/b><\/span><span style=\"font-family: Book Antiqua, serif;\"><b>wi\u0119tych<\/b><\/span><span style=\"font-family: Book Antiqua, serif;\"> \u2013 zmar\u0142 wyczerpany prac\u0105 na r\u0119kach swych duchowych syn\u00f3w, <\/span><span style=\"font-family: Book Antiqua, serif;\"><b>26 maja 1595 roku. <\/b><\/span><\/span><\/span><\/p>\n<p align=\"justify\"><span style=\"color: #000000;\"><span style=\"font-size: large;\"><span style=\"font-family: Book Antiqua, serif;\">Przekonanie o <\/span><span style=\"font-family: Book Antiqua, serif;\">jego <\/span><span style=\"font-family: Book Antiqua, serif;\">\u015bwi\u0119to\u015bci by\u0142o tak powszechne, \u017ce chocia\u017c w owych czasach zacz\u0119to wprowadza\u0107 do proces\u00f3w kanonicznych coraz surowsze wymagania, jego <\/span><span style=\"font-family: Book Antiqua, serif;\"><b>B<\/b><\/span><span style=\"font-family: Book Antiqua, serif;\"><b>eatyfikacja<\/b><\/span><span style=\"font-family: Book Antiqua, serif;\"> odby\u0142a si\u0119 ju\u017c w pi\u0119tna\u015bcie lat po jego \u015bmierci. Dokona\u0142 jej w roku 1610 <\/span><span style=\"font-family: Book Antiqua, serif;\"><b>Papie\u017c Pawe\u0142 V. <\/b><\/span><span style=\"font-family: Book Antiqua, serif;\">Dwana\u015bcie lat potem, w roku 1622,<\/span><span style=\"font-family: Book Antiqua, serif;\"><b> Papie\u017c Grzegorz XV <\/b><\/span><span style=\"font-family: Book Antiqua, serif;\">dokona\u0142 jego<\/span><b> <\/b><span style=\"font-family: Book Antiqua, serif;\"><b>K<\/b><\/span><span style=\"font-family: Book Antiqua, serif;\"><b>anonizacji.<\/b><\/span><\/span><\/span><\/p>\n<p align=\"justify\"><span style=\"color: #000000;\"><span style=\"font-family: Book Antiqua, serif;\"><span style=\"font-size: large;\">Wpatrzeni w \u015bwietlany przyk\u0142ad \u015bwi\u0119to\u015bci dzisiejszego Patrona, oraz ws\u0142uchani w Bo\u017ce s\u0142owo, zastan\u00f3wmy si\u0119, jak to jest z tym naszym <b>\u201ewychodzeniem ze strefy swego komfortu\u201d?\u2026<\/b><\/span><\/span><\/span><\/p>\n","protected":false},"excerpt":{"rendered":"<p>Szcz\u0119\u015b\u0107 Bo\u017ce! Drodzy moi, w dniu dzisiejszym obchodzimy Dzie\u0144 Matki. Z tej okazji ogarniam modlitw\u0105 moj\u0105 Mam\u0119, Danut\u0119 Ja\u015bkowsk\u0105. Dzi\u0119kuj\u0105c za codzienn\u0105 trosk\u0119 i mi\u0142o\u015b\u0107, jak\u0105 otacza nasz\u0105 Rodzin\u0119, oraz za sta\u0142y kontakt z ka\u017cdym z nas \u2013 bez wzgl\u0119du na to, gdzie kto przebywa: w Polsce, czy daleko poza ni\u0105 \u2013 ca\u0142ym Rodze\u0144stwem \u017cyczymy [&hellip;]<\/p>\n","protected":false},"author":1,"featured_media":0,"comment_status":"open","ping_status":"open","sticky":false,"template":"","format":"standard","meta":{"jetpack_post_was_ever_published":false,"_jetpack_newsletter_access":"","_jetpack_dont_email_post_to_subs":false,"_jetpack_newsletter_tier_id":0,"_jetpack_memberships_contains_paywalled_content":false,"_jetpack_memberships_contains_paid_content":false,"footnotes":""},"categories":[1],"tags":[],"class_list":["post-23858","post","type-post","status-publish","format-standard","hentry","category-bez-kategorii"],"yoast_head":"<!-- This site is optimized with the Yoast SEO plugin v25.1 - https:\/\/yoast.com\/wordpress\/plugins\/seo\/ -->\n<title>Wyj\u015b\u0107 ze strefy swego komfortu! - Gaudium Et Spes<\/title>\n<meta name=\"robots\" content=\"index, follow, max-snippet:-1, max-image-preview:large, max-video-preview:-1\" \/>\n<link rel=\"canonical\" href=\"https:\/\/gaudiumetspes-blog.pl\/index.php\/2025\/05\/26\/wyjsc-ze-strefy-swego-komfortu\/\" \/>\n<meta property=\"og:locale\" content=\"pl_PL\" \/>\n<meta property=\"og:type\" content=\"article\" \/>\n<meta property=\"og:title\" content=\"Wyj\u015b\u0107 ze strefy swego komfortu! - Gaudium Et Spes\" \/>\n<meta property=\"og:description\" content=\"Szcz\u0119\u015b\u0107 Bo\u017ce! Drodzy moi, w dniu dzisiejszym obchodzimy Dzie\u0144 Matki. Z tej okazji ogarniam modlitw\u0105 moj\u0105 Mam\u0119, Danut\u0119 Ja\u015bkowsk\u0105. Dzi\u0119kuj\u0105c za codzienn\u0105 trosk\u0119 i mi\u0142o\u015b\u0107, jak\u0105 otacza nasz\u0105 Rodzin\u0119, oraz za sta\u0142y kontakt z ka\u017cdym z nas \u2013 bez wzgl\u0119du na to, gdzie kto przebywa: w Polsce, czy daleko poza ni\u0105 \u2013 ca\u0142ym Rodze\u0144stwem \u017cyczymy [&hellip;]\" \/>\n<meta property=\"og:url\" content=\"https:\/\/gaudiumetspes-blog.pl\/index.php\/2025\/05\/26\/wyjsc-ze-strefy-swego-komfortu\/\" \/>\n<meta property=\"og:site_name\" content=\"Gaudium Et Spes\" \/>\n<meta property=\"article:published_time\" content=\"2025-05-26T07:17:38+00:00\" \/>\n<meta name=\"author\" content=\"Ks. Jacek\" \/>\n<meta name=\"twitter:card\" content=\"summary_large_image\" \/>\n<meta name=\"twitter:label1\" content=\"Napisane przez\" \/>\n\t<meta name=\"twitter:data1\" content=\"Ks. Jacek\" \/>\n\t<meta name=\"twitter:label2\" content=\"Szacowany czas czytania\" \/>\n\t<meta name=\"twitter:data2\" content=\"15 minut\" \/>\n<script type=\"application\/ld+json\" class=\"yoast-schema-graph\">{\"@context\":\"https:\/\/schema.org\",\"@graph\":[{\"@type\":\"WebPage\",\"@id\":\"https:\/\/gaudiumetspes-blog.pl\/index.php\/2025\/05\/26\/wyjsc-ze-strefy-swego-komfortu\/\",\"url\":\"https:\/\/gaudiumetspes-blog.pl\/index.php\/2025\/05\/26\/wyjsc-ze-strefy-swego-komfortu\/\",\"name\":\"Wyj\u015b\u0107 ze strefy swego komfortu! - Gaudium Et Spes\",\"isPartOf\":{\"@id\":\"https:\/\/gaudiumetspes-blog.pl\/#website\"},\"datePublished\":\"2025-05-26T07:17:38+00:00\",\"author\":{\"@id\":\"https:\/\/gaudiumetspes-blog.pl\/#\/schema\/person\/1661982992b752dea8dff0d4ed845a65\"},\"breadcrumb\":{\"@id\":\"https:\/\/gaudiumetspes-blog.pl\/index.php\/2025\/05\/26\/wyjsc-ze-strefy-swego-komfortu\/#breadcrumb\"},\"inLanguage\":\"pl-PL\",\"potentialAction\":[{\"@type\":\"ReadAction\",\"target\":[\"https:\/\/gaudiumetspes-blog.pl\/index.php\/2025\/05\/26\/wyjsc-ze-strefy-swego-komfortu\/\"]}]},{\"@type\":\"BreadcrumbList\",\"@id\":\"https:\/\/gaudiumetspes-blog.pl\/index.php\/2025\/05\/26\/wyjsc-ze-strefy-swego-komfortu\/#breadcrumb\",\"itemListElement\":[{\"@type\":\"ListItem\",\"position\":1,\"name\":\"Strona g\u0142\u00f3wna\",\"item\":\"https:\/\/gaudiumetspes-blog.pl\/\"},{\"@type\":\"ListItem\",\"position\":2,\"name\":\"Wyj\u015b\u0107 ze strefy swego komfortu!\"}]},{\"@type\":\"WebSite\",\"@id\":\"https:\/\/gaudiumetspes-blog.pl\/#website\",\"url\":\"https:\/\/gaudiumetspes-blog.pl\/\",\"name\":\"Gaudium Et Spes\",\"description\":\"Blog Ks. Jacka Ja\u015bkowskiego\",\"potentialAction\":[{\"@type\":\"SearchAction\",\"target\":{\"@type\":\"EntryPoint\",\"urlTemplate\":\"https:\/\/gaudiumetspes-blog.pl\/?s={search_term_string}\"},\"query-input\":{\"@type\":\"PropertyValueSpecification\",\"valueRequired\":true,\"valueName\":\"search_term_string\"}}],\"inLanguage\":\"pl-PL\"},{\"@type\":\"Person\",\"@id\":\"https:\/\/gaudiumetspes-blog.pl\/#\/schema\/person\/1661982992b752dea8dff0d4ed845a65\",\"name\":\"Ks. Jacek\",\"image\":{\"@type\":\"ImageObject\",\"inLanguage\":\"pl-PL\",\"@id\":\"https:\/\/gaudiumetspes-blog.pl\/#\/schema\/person\/image\/\",\"url\":\"https:\/\/gaudiumetspes-blog.pl\/wp-content\/uploads\/2019\/07\/avatar-JJ-150x150.jpg\",\"contentUrl\":\"https:\/\/gaudiumetspes-blog.pl\/wp-content\/uploads\/2019\/07\/avatar-JJ-150x150.jpg\",\"caption\":\"Ks. Jacek\"},\"description\":\"Witam serdecznie! K\u0142ania si\u0119 Ks. Jacek Ja\u015bkowski. Nie jestem ani kim\u015b wa\u017cnym, ani kim\u015b znanym. Jestem ksi\u0119dzem, kt\u00f3ry po prostu chce rozmawia\u0107. Codzienna kap\u0142a\u0144ska pos\u0142uga pokazuje mi, \u017ce temat\u00f3w do rozm\u00f3w z ksi\u0119dzem jest coraz wi\u0119cej i dzisiaj \u017caden ksi\u0105dz nie mo\u017ce od nich ucieka\u0107, ale - wprost przeciwnie - podejmowa\u0107 nowe wyzwania. To przekonanie sk\u0142oni\u0142o mnie do pr\u00f3by otwarcia tego\u017c bloga, chocia\u017c okazji do rozm\u00f3w na co dzie\u0144 - w konfesjonale i poza nim - na szcz\u0119\u015bcie nie brakuje. My\u015bl\u0119 jednak, \u017ce ten blog b\u0119dzie jeszcze jednym sposobem i przestrzeni\u0105 nawi\u0105zania kontaktu z lud\u017ami dobrej woli, otwartymi na dialog.\",\"url\":\"https:\/\/gaudiumetspes-blog.pl\/index.php\/author\/ks-jacek\/\"}]}<\/script>\n<!-- \/ Yoast SEO plugin. -->","yoast_head_json":{"title":"Wyj\u015b\u0107 ze strefy swego komfortu! - Gaudium Et Spes","robots":{"index":"index","follow":"follow","max-snippet":"max-snippet:-1","max-image-preview":"max-image-preview:large","max-video-preview":"max-video-preview:-1"},"canonical":"https:\/\/gaudiumetspes-blog.pl\/index.php\/2025\/05\/26\/wyjsc-ze-strefy-swego-komfortu\/","og_locale":"pl_PL","og_type":"article","og_title":"Wyj\u015b\u0107 ze strefy swego komfortu! - Gaudium Et Spes","og_description":"Szcz\u0119\u015b\u0107 Bo\u017ce! Drodzy moi, w dniu dzisiejszym obchodzimy Dzie\u0144 Matki. Z tej okazji ogarniam modlitw\u0105 moj\u0105 Mam\u0119, Danut\u0119 Ja\u015bkowsk\u0105. Dzi\u0119kuj\u0105c za codzienn\u0105 trosk\u0119 i mi\u0142o\u015b\u0107, jak\u0105 otacza nasz\u0105 Rodzin\u0119, oraz za sta\u0142y kontakt z ka\u017cdym z nas \u2013 bez wzgl\u0119du na to, gdzie kto przebywa: w Polsce, czy daleko poza ni\u0105 \u2013 ca\u0142ym Rodze\u0144stwem \u017cyczymy [&hellip;]","og_url":"https:\/\/gaudiumetspes-blog.pl\/index.php\/2025\/05\/26\/wyjsc-ze-strefy-swego-komfortu\/","og_site_name":"Gaudium Et Spes","article_published_time":"2025-05-26T07:17:38+00:00","author":"Ks. Jacek","twitter_card":"summary_large_image","twitter_misc":{"Napisane przez":"Ks. Jacek","Szacowany czas czytania":"15 minut"},"schema":{"@context":"https:\/\/schema.org","@graph":[{"@type":"WebPage","@id":"https:\/\/gaudiumetspes-blog.pl\/index.php\/2025\/05\/26\/wyjsc-ze-strefy-swego-komfortu\/","url":"https:\/\/gaudiumetspes-blog.pl\/index.php\/2025\/05\/26\/wyjsc-ze-strefy-swego-komfortu\/","name":"Wyj\u015b\u0107 ze strefy swego komfortu! - Gaudium Et Spes","isPartOf":{"@id":"https:\/\/gaudiumetspes-blog.pl\/#website"},"datePublished":"2025-05-26T07:17:38+00:00","author":{"@id":"https:\/\/gaudiumetspes-blog.pl\/#\/schema\/person\/1661982992b752dea8dff0d4ed845a65"},"breadcrumb":{"@id":"https:\/\/gaudiumetspes-blog.pl\/index.php\/2025\/05\/26\/wyjsc-ze-strefy-swego-komfortu\/#breadcrumb"},"inLanguage":"pl-PL","potentialAction":[{"@type":"ReadAction","target":["https:\/\/gaudiumetspes-blog.pl\/index.php\/2025\/05\/26\/wyjsc-ze-strefy-swego-komfortu\/"]}]},{"@type":"BreadcrumbList","@id":"https:\/\/gaudiumetspes-blog.pl\/index.php\/2025\/05\/26\/wyjsc-ze-strefy-swego-komfortu\/#breadcrumb","itemListElement":[{"@type":"ListItem","position":1,"name":"Strona g\u0142\u00f3wna","item":"https:\/\/gaudiumetspes-blog.pl\/"},{"@type":"ListItem","position":2,"name":"Wyj\u015b\u0107 ze strefy swego komfortu!"}]},{"@type":"WebSite","@id":"https:\/\/gaudiumetspes-blog.pl\/#website","url":"https:\/\/gaudiumetspes-blog.pl\/","name":"Gaudium Et Spes","description":"Blog Ks. Jacka Ja\u015bkowskiego","potentialAction":[{"@type":"SearchAction","target":{"@type":"EntryPoint","urlTemplate":"https:\/\/gaudiumetspes-blog.pl\/?s={search_term_string}"},"query-input":{"@type":"PropertyValueSpecification","valueRequired":true,"valueName":"search_term_string"}}],"inLanguage":"pl-PL"},{"@type":"Person","@id":"https:\/\/gaudiumetspes-blog.pl\/#\/schema\/person\/1661982992b752dea8dff0d4ed845a65","name":"Ks. Jacek","image":{"@type":"ImageObject","inLanguage":"pl-PL","@id":"https:\/\/gaudiumetspes-blog.pl\/#\/schema\/person\/image\/","url":"https:\/\/gaudiumetspes-blog.pl\/wp-content\/uploads\/2019\/07\/avatar-JJ-150x150.jpg","contentUrl":"https:\/\/gaudiumetspes-blog.pl\/wp-content\/uploads\/2019\/07\/avatar-JJ-150x150.jpg","caption":"Ks. Jacek"},"description":"Witam serdecznie! K\u0142ania si\u0119 Ks. Jacek Ja\u015bkowski. Nie jestem ani kim\u015b wa\u017cnym, ani kim\u015b znanym. Jestem ksi\u0119dzem, kt\u00f3ry po prostu chce rozmawia\u0107. Codzienna kap\u0142a\u0144ska pos\u0142uga pokazuje mi, \u017ce temat\u00f3w do rozm\u00f3w z ksi\u0119dzem jest coraz wi\u0119cej i dzisiaj \u017caden ksi\u0105dz nie mo\u017ce od nich ucieka\u0107, ale - wprost przeciwnie - podejmowa\u0107 nowe wyzwania. To przekonanie sk\u0142oni\u0142o mnie do pr\u00f3by otwarcia tego\u017c bloga, chocia\u017c okazji do rozm\u00f3w na co dzie\u0144 - w konfesjonale i poza nim - na szcz\u0119\u015bcie nie brakuje. My\u015bl\u0119 jednak, \u017ce ten blog b\u0119dzie jeszcze jednym sposobem i przestrzeni\u0105 nawi\u0105zania kontaktu z lud\u017ami dobrej woli, otwartymi na dialog.","url":"https:\/\/gaudiumetspes-blog.pl\/index.php\/author\/ks-jacek\/"}]}},"jetpack_featured_media_url":"","jetpack_sharing_enabled":true,"_links":{"self":[{"href":"https:\/\/gaudiumetspes-blog.pl\/index.php\/wp-json\/wp\/v2\/posts\/23858","targetHints":{"allow":["GET"]}}],"collection":[{"href":"https:\/\/gaudiumetspes-blog.pl\/index.php\/wp-json\/wp\/v2\/posts"}],"about":[{"href":"https:\/\/gaudiumetspes-blog.pl\/index.php\/wp-json\/wp\/v2\/types\/post"}],"author":[{"embeddable":true,"href":"https:\/\/gaudiumetspes-blog.pl\/index.php\/wp-json\/wp\/v2\/users\/1"}],"replies":[{"embeddable":true,"href":"https:\/\/gaudiumetspes-blog.pl\/index.php\/wp-json\/wp\/v2\/comments?post=23858"}],"version-history":[{"count":1,"href":"https:\/\/gaudiumetspes-blog.pl\/index.php\/wp-json\/wp\/v2\/posts\/23858\/revisions"}],"predecessor-version":[{"id":23859,"href":"https:\/\/gaudiumetspes-blog.pl\/index.php\/wp-json\/wp\/v2\/posts\/23858\/revisions\/23859"}],"wp:attachment":[{"href":"https:\/\/gaudiumetspes-blog.pl\/index.php\/wp-json\/wp\/v2\/media?parent=23858"}],"wp:term":[{"taxonomy":"category","embeddable":true,"href":"https:\/\/gaudiumetspes-blog.pl\/index.php\/wp-json\/wp\/v2\/categories?post=23858"},{"taxonomy":"post_tag","embeddable":true,"href":"https:\/\/gaudiumetspes-blog.pl\/index.php\/wp-json\/wp\/v2\/tags?post=23858"}],"curies":[{"name":"wp","href":"https:\/\/api.w.org\/{rel}","templated":true}]}}