{"id":23860,"date":"2025-05-27T10:10:05","date_gmt":"2025-05-27T08:10:05","guid":{"rendered":"https:\/\/gaudiumetspes-blog.pl\/?p=23860"},"modified":"2025-05-27T10:10:05","modified_gmt":"2025-05-27T08:10:05","slug":"posle-go-do-was","status":"publish","type":"post","link":"https:\/\/gaudiumetspes-blog.pl\/index.php\/2025\/05\/27\/posle-go-do-was\/","title":{"rendered":"Po\u015bl\u0119 Go do Was!"},"content":{"rendered":"<p align=\"justify\"><span style=\"color: #000000;\"><span style=\"font-family: Book Antiqua, serif;\"><span style=\"font-size: large;\">Szcz\u0119\u015b\u0107 Bo\u017ce! Moi Drodzy, w dniu dzisiejszym<b> urodziny <\/b><b>(osiemdziesi\u0105te <\/b><b>dziewi\u0105te<\/b><b>!) <\/b><b>prze\u017cywa Ksi\u0105dz Pra\u0142at Mieczys\u0142aw Lipniacki, m\u00f3j \u201erodzony\u201d Proboszcz \u2013 Za\u0142o\u017cyciel Parafii Chrystusa Mi\u0142osiernego w Bia\u0142ej Podlaskiej, kt\u00f3ry jako Proboszcz, prowadzi\u0142 mnie od Pierwszej Komunii \u015awi\u0119tej do Prymicji, a nawet dalej.<\/b><\/span><\/span><\/span><\/p>\n<p align=\"justify\"><span style=\"color: #000000;\"><span style=\"font-family: Book Antiqua, serif;\"><span style=\"font-size: large;\"><b>Imieniny prze\u017cywa natomiast Magda Malinowska, nale\u017c\u0105ca w swoim czasie do jednej z m\u0142odzie\u017cowych Wsp\u00f3lnot.<\/b><\/span><\/span><\/span><\/p>\n<p align=\"justify\"><span style=\"color: #000000;\"><span style=\"font-family: Book Antiqua, serif;\"><span style=\"font-size: large;\"><b>\u017bycz\u0119 wszelkiego dobra, o kt\u00f3re te\u017c b\u0119d\u0119 si\u0119 modli\u0142.<\/b><\/span><\/span><\/span><\/p>\n<p align=\"justify\"><span style=\"color: #000000;\"><span style=\"font-family: Book Antiqua, serif;\"><span style=\"font-size: large;\">A ja dzisiaj nie id\u0119 na dy\u017cur duszpasterski przy ulicy Prusa, bo by\u0142y zapowiedziane godziny rektorskie, ze wzgl\u0119du na planowane spotkanie Rektora ze Studentami, w sprawie ostatnich wydarze\u0144 na Uczelni \u2013 kt\u00f3re to spotkanie zosta\u0142o ostatecznie odwo\u0142ane \u2013 ale wezm\u0119 udzia\u0142 w pogrzebie emerytowanego Wyk\u0142adowcy Uniwersytetu w Siedlcach, Doktora Andrzeja Chmury. <\/span><\/span><\/span><\/p>\n<p align=\"justify\"><span style=\"color: #000000;\"><span style=\"font-family: Book Antiqua, serif;\"><span style=\"font-size: large;\">Msza \u015awi\u0119ta pogrzebowa, kt\u00f3r\u0105 b\u0119d\u0119 koncelebrowa\u0142, b\u0119dzie sprawowana w pobliskim ko\u015bciele \u015awi\u0119tego Stanis\u0142awa, Biskupa i M\u0119czennika, o godzinie 12:00. Ten ko\u015bci\u00f3\u0142 tak w\u0142a\u015bciwie jest moim ko\u015bcio\u0142em parafialnym w Siedlcach \u2013 na terenie tej Parafii jest miejsce, w kt\u00f3rym mieszkam i sprawuj\u0119 pos\u0142ug\u0119 Duszpasterza Akademickiego. Celowo nie pisz\u0119, \u017ce tu jest siedziba Duszpasterstwa, bo uwa\u017cam, \u017ce takowej obecnie Duszpasterstwo Akademickie GAUDEAMUS w Siedlcach nie posiada, rezyduj\u0105c \u201ek\u0105tem\u201d w Domu Ksi\u0119\u017cy Emeryt\u00f3w.<\/span><\/span><\/span><\/p>\n<p align=\"justify\"><span style=\"color: #000000;\"><span style=\"font-family: Book Antiqua, serif;\"><span style=\"font-size: large;\">A o 17:00 dzisiaj \u2013 zamiast \u015brody \u2013 spotkanie BANDY \u00abCZARNEGO\u00bb, czyli grupy studenckiej, kt\u00f3ra od pewnego czasu formuje si\u0119 w naszym Duszpasterstwie. <\/span><\/span><\/span><\/p>\n<p align=\"justify\"><span style=\"color: #000000;\"><span style=\"font-family: Book Antiqua, serif;\"><span style=\"font-size: large;\">Natomiast o 19:00 \u2013 \u201eponadplanowa\u201d Msza \u015awi\u0119ta, w intencji Pani Ma\u0142gorzaty Zem\u0142o, ci\u0119\u017cko choruj\u0105cej Pracownicy administracyjnej Uniwersytetu w Siedlcach. A po niej \u2013 spotkanie integracyjne, jak to mamy w zwyczaju \u015arodowiska Akademickiego.<\/span><\/span><\/span><\/p>\n<p align=\"justify\"><span style=\"color: #000000;\"><span style=\"font-family: Book Antiqua, serif;\"><span style=\"font-size: large;\">Teraz za\u015b ju\u017c zapraszam do pochylenia si\u0119 nad Bo\u017cym s\u0142owem dzisiejszej liturgii. A oto s\u0142\u00f3wko Ksi\u0119dza Marka na dzi\u015b:<\/span><\/span><\/span><\/p>\n<p align=\"justify\"><span style=\"color: #000000;\"><span style=\"font-family: Book Antiqua, serif;\"><span style=\"font-size: medium;\"><a href=\"https:\/\/www.youtube.com\/c\/CatholicSurgut\"><span style=\"font-size: large;\"><b>https:\/\/www.youtube.com\/c\/CatholicSurgut<\/b><\/span><\/a><\/span><\/span><\/span><\/p>\n<p align=\"justify\"><span style=\"color: #000000;\"><span style=\"font-family: Book Antiqua, serif;\"><span style=\"font-size: large;\">Poni\u017cej za\u015b \u2013 s\u0142\u00f3wko Gabrysia. Jasne i proste \u2013 jak sam si\u0119 dzisiaj wyrazi\u0142, w odniesieniu do czytania ewangelicznego. Bardzo dzi\u0119kuj\u0119 Gabrysiowi za to, \u017ce chce pisa\u0107 na moim blogu \u2013 i za to, \u017ce daje nam jasne i proste, szczere i odwa\u017cne \u015bwiadectwo swojej wiary, g\u0142\u0119boko w sercu prze\u017cywanej. Niech Pan b\u0119dzie uwielbiony w tym dziele!<\/span><\/span><\/span><\/p>\n<p align=\"justify\"><span style=\"color: #000000;\"><span style=\"font-family: Book Antiqua, serif;\"><span style=\"font-size: large;\">Przepraszam za p\u00f3\u017ane zamieszczenie s\u0142\u00f3wka, ale ostatnio rankami du\u017co si\u0119 u mnie dzieje: dzwoni telefon, albo trzeba nagle dok\u0105d\u015b uda\u0107 si\u0119, aby za\u0142atwi\u0107 jak\u0105\u015b spraw\u0119 \u201ena szybko\u201d. Tak te\u017c by\u0142o i dzisiaj. Ale ju\u017c zamieszczam.<\/span><\/span><\/span><\/p>\n<p align=\"justify\"><span style=\"color: #000000;\"><span style=\"font-family: Book Antiqua, serif;\"><span style=\"font-size: large;\">Zatem, <b>c<\/b><b>o Pan do ka\u017cdej i ka\u017cdego z nas m\u00f3wi \u2013 <\/b><b>bardzo osobi\u015bcie<\/b><b>?<\/b> Duchu \u015awi\u0119ty, tchnij i o\u015bwiecaj!<\/span><\/span><\/span><\/p>\n<p align=\"justify\"><span style=\"color: #000000;\"><span style=\"font-family: Book Antiqua, serif;\"><span style=\"font-size: large;\"><b>Niech Was b\u0142ogos\u0142awi B\u00f3g Wszechmog\u0105cy: Ojciec + i Syn, i Duch \u015awi\u0119ty. Amen<\/b><\/span><\/span><\/span><\/p>\n<p align=\"center\"><span style=\"color: #000000;\"><span style=\"font-family: Book Antiqua, serif;\"><span style=\"font-size: large;\">Gaudium et spes! Ks. Jacek<\/span><\/span><\/span><\/p>\n<p align=\"center\">\n<p align=\"center\">\n<p align=\"center\">\n<p align=\"center\">\n<p align=\"center\">\n<p align=\"justify\"><span style=\"color: #000000;\"><span style=\"font-family: Book Antiqua, serif;\"><span style=\"font-size: large;\"><b>Wtorek 6 Tygodnia Wielkanocy,<\/b><\/span><\/span><\/span><\/p>\n<p align=\"justify\"><span style=\"color: #000000;\"><span style=\"font-family: Book Antiqua, serif;\"><span style=\"font-size: large;\"><b>27 maja 2025.,\u00a0<\/b><\/span><\/span><\/span><\/p>\n<p align=\"justify\"><span style=\"color: #000000;\"><span style=\"font-family: Book Antiqua, serif;\"><span style=\"font-size: large;\"><b>do czyta\u0144: Dz 16,22\u201334; J 16,5\u201311<\/b><\/span><\/span><\/span><\/p>\n<p align=\"justify\">\n<p align=\"justify\">\n<p align=\"justify\">\n<p align=\"justify\">\n<p align=\"justify\">\n<p align=\"justify\"><span style=\"color: #000000;\"><span style=\"font-family: Book Antiqua, serif;\"><span style=\"font-size: large;\"><b>CZYTANIE Z DZIEJ\u00d3W APOSTOLSKICH: <\/b><\/span><\/span><\/span><\/p>\n<p align=\"justify\"><span style=\"color: #000000;\"><span style=\"font-family: Book Antiqua, serif;\"><span style=\"font-size: large;\"><b>T\u0142um Filipian zwr\u00f3ci\u0142 si\u0119 przeciwko Paw\u0142owi i Sylasowi, a pretorzy kazali zedrze\u0107 z nich szaty i siec ich r\u00f3zgami. Po wymierzeniu wielu raz\u00f3w wtr\u0105cili ich do wi\u0119zienia, przykazuj\u0105c stra\u017cnikowi, aby ich dobrze pilnowa\u0142. Otrzymawszy taki rozkaz, wtr\u0105ci\u0142 ich do wewn\u0119trznego lochu i dla bezpiecze\u0144stwa zaku\u0142 im nogi w dyby. <\/b><\/span><\/span><\/span><\/p>\n<p align=\"justify\"><span style=\"color: #000000;\"><span style=\"font-family: Book Antiqua, serif;\"><span style=\"font-size: large;\"><b>O p\u00f3\u0142nocy Pawe\u0142 i Sylas modlili si\u0119 \u015bpiewaj\u0105c hymny Bogu. A wi\u0119\u017aniowie im si\u0119 przys\u0142uchiwali. Nagle powsta\u0142o silne trz\u0119sienie ziemi, tak \u017ce zachwia\u0142y si\u0119 fundamenty wi\u0119zienia. Natychmiast otwar\u0142y si\u0119 wszystkie drzwi i ze wszystkich opad\u0142y kajdany. Gdy stra\u017cnik zerwa\u0142 si\u0119 ze snu i zobaczy\u0142 drzwi wi\u0119zienia otwarte, doby\u0142 miecza i chcia\u0142 si\u0119 zabi\u0107, s\u0105dz\u0105c, \u017ce wi\u0119\u017aniowie uciekli. \u201eNie czy\u0144 sobie nic z\u0142ego, bo jeste\u015bmy tu wszyscy!\u201d \u2013 krzykn\u0105\u0142 Pawe\u0142 na ca\u0142y g\u0142os. <\/b><\/span><\/span><\/span><\/p>\n<p align=\"justify\"><span style=\"color: #000000;\"><span style=\"font-family: Book Antiqua, serif;\"><span style=\"font-size: large;\"><b>Wtedy tamten za\u017c\u0105da\u0142 \u015bwiat\u0142a, wskoczy\u0142 do lochu i przypad\u0142 dr\u017c\u0105cy do st\u00f3p Paw\u0142a i Sylasa. A wyprowadziwszy ich na zewn\u0105trz rzek\u0142: \u201ePanowie, co mam czyni\u0107, aby si\u0119 zbawi\u0107?\u201d Odpowiedzieli mu: \u201eUwierz w Pana Jezusa, a zbawisz siebie i dom sw\u00f3j\u201d. <\/b><\/span><\/span><\/span><\/p>\n<p align=\"justify\"><span style=\"color: #000000;\"><span style=\"font-family: Book Antiqua, serif;\"><span style=\"font-size: large;\"><b>Opowiedzieli wi\u0119c nauk\u0119 Pana jemu i wszystkim jego domownikom. Tej samej godziny w nocy wzi\u0105\u0142 ich z sob\u0105, obmy\u0142 rany i natychmiast przyj\u0105\u0142 chrzest wraz z ca\u0142ym swym domem. Wprowadzi\u0142 ich te\u017c do swego mieszkania, zastawi\u0142 st\u00f3\u0142 i razem z ca\u0142ym domem cieszy\u0142 si\u0119 bardzo, \u017ce uwierzy\u0142 Bogu.<\/b><\/span><\/span><\/span><\/p>\n<p align=\"justify\">\n<p align=\"justify\">\n<p align=\"justify\">\n<p align=\"justify\">\n<p align=\"justify\">\n<p align=\"justify\"><span style=\"color: #000000;\"><span style=\"font-family: Book Antiqua, serif;\"><span style=\"font-size: large;\"><b>S\u0141OWA EWANGELII WED\u0141UG \u015aWI\u0118TEGO JANA: <\/b><\/span><\/span><\/span><\/p>\n<p align=\"justify\"><span style=\"color: #000000;\"><span style=\"font-family: Book Antiqua, serif;\"><span style=\"font-size: large;\"><b>Jezus powiedzia\u0142 do swoich uczni\u00f3w: \u201eTeraz id\u0119 do Tego, kt\u00f3ry Mnie pos\u0142a\u0142, a nikt z was nie pyta Mnie: \u00abDok\u0105d idziesz?\u00bb Ale poniewa\u017c to wam powiedzia\u0142em, smutek nape\u0142ni\u0142 wam serce. Jednak\u017ce m\u00f3wi\u0119 wam prawd\u0119: Po\u017cyteczne jest dla was moje odej\u015bcie. Bo je\u017celi nie odejd\u0119, Pocieszyciel nie przyjdzie do was. A je\u017celi odejd\u0119, po\u015bl\u0119 Go do was. <\/b><\/span><\/span><\/span><\/p>\n<p align=\"justify\"><span style=\"color: #000000;\"><span style=\"font-family: Book Antiqua, serif;\"><span style=\"font-size: large;\"><b>On za\u015b gdy przyjdzie, przekona \u015bwiat o grzechu, o sprawiedliwo\u015bci i o s\u0105dzie. O grzechu, bo nie wierz\u0105 we Mnie; o sprawiedliwo\u015bci za\u015b, bo id\u0119 do Ojca i ju\u017c Mnie nie ujrzycie; wreszcie o s\u0105dzie, bo w\u0142adca tego \u015bwiata zosta\u0142 os\u0105dzony\u201d.<\/b><\/span><\/span><\/span><\/p>\n<p align=\"justify\">\n<p align=\"justify\">\n<p align=\"justify\">\n<p align=\"justify\">\n<p align=\"justify\">\n<p align=\"center\"><span style=\"color: #000000;\"><span style=\"font-family: Book Antiqua, serif;\"><span style=\"font-size: large;\"><b>A <\/b><b>OTO S\u0141\u00d3WKO GABRYSIA:<\/b><\/span><\/span><\/span><\/p>\n<p align=\"center\">\n<p align=\"center\">\n<p align=\"center\">\n<p align=\"center\">\n<p align=\"center\">\n<p align=\"justify\"><span style=\"color: #000000;\"><span style=\"font-family: Book Antiqua, serif;\"><span style=\"font-size: large;\"><span lang=\"pl-PL\">Pierwsze czytanie z Dziej\u00f3w Apostolskich, jest swego rodzaju \u015bwiadectwem nawr\u00f3cenia stra\u017cnika, kt\u00f3ry pilnowa\u0142 Paw\u0142a i Sylasa.<\/span><\/span><\/span><\/span><\/p>\n<p align=\"justify\"><span style=\"color: #000000;\"><span style=\"font-family: Book Antiqua, serif;\"><span style=\"font-size: large;\"><span lang=\"pl-PL\">Oczywi\u015bcie, nie nast\u0105pi\u0142o to bez widzialnego i spektakularnego znaku od Pana, kt\u00f3ry pokaza\u0142 swoj\u0105 moc i chwa\u0142\u0119 poprzez trz\u0119sienie ziemi i otwarcie wi\u0119ziennych krat. Tak samo za czas\u00f3w Moj\u017cesza B\u00f3g okazywa\u0142 swoj\u0105 chwa\u0142\u0119 w spektakularny spos\u00f3b np. przeprowadzi\u0142 Izraelit\u00f3w przez morze such\u0105 stop\u0105, a ludzi faraona zniszczy\u0142 w jego odm\u0119tach.<\/span><\/span><\/span><\/span><\/p>\n<p align=\"justify\"><span style=\"color: #000000;\"><span style=\"font-family: Book Antiqua, serif;\"><span style=\"font-size: large;\"><span lang=\"pl-PL\">Pytanie: Dlaczego w taki spos\u00f3b ?<\/span><\/span><\/span><\/span><\/p>\n<p align=\"justify\"><span style=\"color: #000000;\"><span style=\"font-family: Book Antiqua, serif;\"><span style=\"font-size: large;\"><span lang=\"pl-PL\">Wydaje mi si\u0119, \u017ce dlatego, i\u017c w taki spos\u00f3b wi\u0119ksza liczba \u015bwiadk\u00f3w takich cud\u00f3w \u201eod razu\u201d si\u0119 nawraca\u0142a, uwierzy\u0142a w Boga.<\/span><\/span><\/span><\/span><\/p>\n<p align=\"center\"><span style=\"color: #000000;\">\ud83d\udd4a\ufe0f<span style=\"font-family: Book Antiqua, serif;\"><span style=\"font-size: large;\"><b><span lang=\"pl-PL\">***\ud83d\udd4a\ufe0f***\ud83d\udd4a\ufe0f<\/span><\/b><\/span><\/span><\/span><\/p>\n<p align=\"justify\"><span style=\"color: #000000;\"><span style=\"font-family: Book Antiqua, serif;\"><span style=\"font-size: large;\"><span lang=\"pl-PL\"><i><b>Opowiedzieli wi\u0119c nauk\u0119 Pana jemu i wszystkim jego domownikom. Tej samej godziny w nocy wzi\u0105\u0142 ich z sob\u0105, obmy\u0142 rany i natychmiast przyj\u0105\u0142 chrzest wraz z ca\u0142ym swym domem. Wprowadzi\u0142 ich te\u017c do swego mieszkania, zastawi\u0142 st\u00f3\u0142 i razem z ca\u0142ym domem cieszy\u0142 si\u0119 bardzo, \u017ce uwierzy\u0142 Bogu.<\/b><\/i><\/span><\/span><\/span><\/span><\/p>\n<p align=\"justify\"><span style=\"color: #000000;\"><span style=\"font-family: Book Antiqua, serif;\"><span style=\"font-size: large;\"><span lang=\"pl-PL\">A ten powy\u017cszy fragment mo\u017cna por\u00f3wna\u0107 do sakramentu spowiedzi :<\/span><\/span><\/span><\/span><\/p>\n<p align=\"justify\"><span style=\"color: #000000;\">\u2022 <span style=\"font-family: Book Antiqua, serif;\"><span style=\"font-size: large;\"><span lang=\"pl-PL\"><i><b>Opowiedzieli wi\u0119c nauk\u0119 Pana\u2026<\/b><\/i><\/span><span lang=\"pl-PL\"> \u2013 kap\u0142ani podczas sakramentu spowiedzi udzielaj\u0105 pewnej \u201elekcji\u201d, opowiadaj\u0105 nauk\u0119 Pana, pouczaj\u0105.<\/span><\/span><\/span><\/span><\/p>\n<p align=\"justify\"><span style=\"color: #000000;\">\u2022 <span style=\"font-family: Book Antiqua, serif;\"><span style=\"font-size: large;\"><i><b>W<\/b><\/i><span lang=\"pl-PL\"><i><b>zi\u0105\u0142 ich z sob\u0105, obmy\u0142 rany i natychmiast przyj\u0105\u0142 chrzest wraz z ca\u0142ym swym domem. Wprowadzi\u0142 ich te\u017c do swego mieszkania, zastawi\u0142 st\u00f3\u0142 <\/b><\/i><\/span><span lang=\"pl-PL\">\u2013 dokonano zado\u015b\u0107uczynienia za z\u0142o\/grzechy.<\/span><\/span><\/span><\/span><\/p>\n<p align=\"center\"><span style=\"color: #000000;\"><span style=\"font-family: Book Antiqua, serif;\"><span style=\"font-size: large;\"><b><span lang=\"pl-PL\">************************<\/span><\/b><\/span><\/span><\/span><\/p>\n<p align=\"justify\"><span style=\"color: #000000;\"><span style=\"font-family: Book Antiqua, serif;\"><span style=\"font-size: large;\"><span lang=\"pl-PL\">Ewangelia natomiast jest jasna i prosta, Jezus musi wst\u0105pi\u0107 do Ojca, \u017ceby Duch \u015awi\u0119ty zst\u0105pi\u0142 na ziemi\u0119! Cudowny to dar od Pana, bo sam Pan posy\u0142a Ducha, aby pomaga\u0142 nam i by\u015bmy mogli otrzyma\u0107 od <\/span><span lang=\"pl-PL\">N<\/span><span lang=\"pl-PL\">iego dary! A doskona\u0142\u0105 okazj\u0105 do tego jest przyj\u0119cie sakramentu bierzmowania! <\/span><\/span><\/span><\/span><\/p>\n<p align=\"justify\"><span style=\"color: #000000;\"><span style=\"font-family: Book Antiqua, serif;\"><span style=\"font-size: large;\"><span lang=\"pl-PL\">Wszystko jest <\/span><span lang=\"pl-PL\">wi\u0119c <\/span><span lang=\"pl-PL\">w naszych r\u0119kach<\/span><span lang=\"pl-PL\">&#8230;<\/span><\/span><\/span><\/span><\/p>\n","protected":false},"excerpt":{"rendered":"<p>Szcz\u0119\u015b\u0107 Bo\u017ce! Moi Drodzy, w dniu dzisiejszym urodziny (osiemdziesi\u0105te dziewi\u0105te!) prze\u017cywa Ksi\u0105dz Pra\u0142at Mieczys\u0142aw Lipniacki, m\u00f3j \u201erodzony\u201d Proboszcz \u2013 Za\u0142o\u017cyciel Parafii Chrystusa Mi\u0142osiernego w Bia\u0142ej Podlaskiej, kt\u00f3ry jako Proboszcz, prowadzi\u0142 mnie od Pierwszej Komunii \u015awi\u0119tej do Prymicji, a nawet dalej. Imieniny prze\u017cywa natomiast Magda Malinowska, nale\u017c\u0105ca w swoim czasie do jednej z m\u0142odzie\u017cowych Wsp\u00f3lnot. \u017bycz\u0119 [&hellip;]<\/p>\n","protected":false},"author":1,"featured_media":0,"comment_status":"open","ping_status":"open","sticky":false,"template":"","format":"standard","meta":{"jetpack_post_was_ever_published":false,"_jetpack_newsletter_access":"","_jetpack_dont_email_post_to_subs":false,"_jetpack_newsletter_tier_id":0,"_jetpack_memberships_contains_paywalled_content":false,"_jetpack_memberships_contains_paid_content":false,"footnotes":""},"categories":[1],"tags":[],"class_list":["post-23860","post","type-post","status-publish","format-standard","hentry","category-bez-kategorii"],"yoast_head":"<!-- This site is optimized with the Yoast SEO plugin v25.1 - https:\/\/yoast.com\/wordpress\/plugins\/seo\/ -->\n<title>Po\u015bl\u0119 Go do Was! - Gaudium Et Spes<\/title>\n<meta name=\"robots\" content=\"index, follow, max-snippet:-1, max-image-preview:large, max-video-preview:-1\" \/>\n<link rel=\"canonical\" href=\"https:\/\/gaudiumetspes-blog.pl\/index.php\/2025\/05\/27\/posle-go-do-was\/\" \/>\n<meta property=\"og:locale\" content=\"pl_PL\" \/>\n<meta property=\"og:type\" content=\"article\" \/>\n<meta property=\"og:title\" content=\"Po\u015bl\u0119 Go do Was! - Gaudium Et Spes\" \/>\n<meta property=\"og:description\" content=\"Szcz\u0119\u015b\u0107 Bo\u017ce! Moi Drodzy, w dniu dzisiejszym urodziny (osiemdziesi\u0105te dziewi\u0105te!) prze\u017cywa Ksi\u0105dz Pra\u0142at Mieczys\u0142aw Lipniacki, m\u00f3j \u201erodzony\u201d Proboszcz \u2013 Za\u0142o\u017cyciel Parafii Chrystusa Mi\u0142osiernego w Bia\u0142ej Podlaskiej, kt\u00f3ry jako Proboszcz, prowadzi\u0142 mnie od Pierwszej Komunii \u015awi\u0119tej do Prymicji, a nawet dalej. Imieniny prze\u017cywa natomiast Magda Malinowska, nale\u017c\u0105ca w swoim czasie do jednej z m\u0142odzie\u017cowych Wsp\u00f3lnot. \u017bycz\u0119 [&hellip;]\" \/>\n<meta property=\"og:url\" content=\"https:\/\/gaudiumetspes-blog.pl\/index.php\/2025\/05\/27\/posle-go-do-was\/\" \/>\n<meta property=\"og:site_name\" content=\"Gaudium Et Spes\" \/>\n<meta property=\"article:published_time\" content=\"2025-05-27T08:10:05+00:00\" \/>\n<meta name=\"author\" content=\"Ks. Jacek\" \/>\n<meta name=\"twitter:card\" content=\"summary_large_image\" \/>\n<meta name=\"twitter:label1\" content=\"Napisane przez\" \/>\n\t<meta name=\"twitter:data1\" content=\"Ks. Jacek\" \/>\n\t<meta name=\"twitter:label2\" content=\"Szacowany czas czytania\" \/>\n\t<meta name=\"twitter:data2\" content=\"6 minut\" \/>\n<script type=\"application\/ld+json\" class=\"yoast-schema-graph\">{\"@context\":\"https:\/\/schema.org\",\"@graph\":[{\"@type\":\"WebPage\",\"@id\":\"https:\/\/gaudiumetspes-blog.pl\/index.php\/2025\/05\/27\/posle-go-do-was\/\",\"url\":\"https:\/\/gaudiumetspes-blog.pl\/index.php\/2025\/05\/27\/posle-go-do-was\/\",\"name\":\"Po\u015bl\u0119 Go do Was! - Gaudium Et Spes\",\"isPartOf\":{\"@id\":\"https:\/\/gaudiumetspes-blog.pl\/#website\"},\"datePublished\":\"2025-05-27T08:10:05+00:00\",\"author\":{\"@id\":\"https:\/\/gaudiumetspes-blog.pl\/#\/schema\/person\/1661982992b752dea8dff0d4ed845a65\"},\"breadcrumb\":{\"@id\":\"https:\/\/gaudiumetspes-blog.pl\/index.php\/2025\/05\/27\/posle-go-do-was\/#breadcrumb\"},\"inLanguage\":\"pl-PL\",\"potentialAction\":[{\"@type\":\"ReadAction\",\"target\":[\"https:\/\/gaudiumetspes-blog.pl\/index.php\/2025\/05\/27\/posle-go-do-was\/\"]}]},{\"@type\":\"BreadcrumbList\",\"@id\":\"https:\/\/gaudiumetspes-blog.pl\/index.php\/2025\/05\/27\/posle-go-do-was\/#breadcrumb\",\"itemListElement\":[{\"@type\":\"ListItem\",\"position\":1,\"name\":\"Strona g\u0142\u00f3wna\",\"item\":\"https:\/\/gaudiumetspes-blog.pl\/\"},{\"@type\":\"ListItem\",\"position\":2,\"name\":\"Po\u015bl\u0119 Go do Was!\"}]},{\"@type\":\"WebSite\",\"@id\":\"https:\/\/gaudiumetspes-blog.pl\/#website\",\"url\":\"https:\/\/gaudiumetspes-blog.pl\/\",\"name\":\"Gaudium Et Spes\",\"description\":\"Blog Ks. Jacka Ja\u015bkowskiego\",\"potentialAction\":[{\"@type\":\"SearchAction\",\"target\":{\"@type\":\"EntryPoint\",\"urlTemplate\":\"https:\/\/gaudiumetspes-blog.pl\/?s={search_term_string}\"},\"query-input\":{\"@type\":\"PropertyValueSpecification\",\"valueRequired\":true,\"valueName\":\"search_term_string\"}}],\"inLanguage\":\"pl-PL\"},{\"@type\":\"Person\",\"@id\":\"https:\/\/gaudiumetspes-blog.pl\/#\/schema\/person\/1661982992b752dea8dff0d4ed845a65\",\"name\":\"Ks. Jacek\",\"image\":{\"@type\":\"ImageObject\",\"inLanguage\":\"pl-PL\",\"@id\":\"https:\/\/gaudiumetspes-blog.pl\/#\/schema\/person\/image\/\",\"url\":\"https:\/\/gaudiumetspes-blog.pl\/wp-content\/uploads\/2019\/07\/avatar-JJ-150x150.jpg\",\"contentUrl\":\"https:\/\/gaudiumetspes-blog.pl\/wp-content\/uploads\/2019\/07\/avatar-JJ-150x150.jpg\",\"caption\":\"Ks. Jacek\"},\"description\":\"Witam serdecznie! K\u0142ania si\u0119 Ks. Jacek Ja\u015bkowski. Nie jestem ani kim\u015b wa\u017cnym, ani kim\u015b znanym. Jestem ksi\u0119dzem, kt\u00f3ry po prostu chce rozmawia\u0107. Codzienna kap\u0142a\u0144ska pos\u0142uga pokazuje mi, \u017ce temat\u00f3w do rozm\u00f3w z ksi\u0119dzem jest coraz wi\u0119cej i dzisiaj \u017caden ksi\u0105dz nie mo\u017ce od nich ucieka\u0107, ale - wprost przeciwnie - podejmowa\u0107 nowe wyzwania. To przekonanie sk\u0142oni\u0142o mnie do pr\u00f3by otwarcia tego\u017c bloga, chocia\u017c okazji do rozm\u00f3w na co dzie\u0144 - w konfesjonale i poza nim - na szcz\u0119\u015bcie nie brakuje. My\u015bl\u0119 jednak, \u017ce ten blog b\u0119dzie jeszcze jednym sposobem i przestrzeni\u0105 nawi\u0105zania kontaktu z lud\u017ami dobrej woli, otwartymi na dialog.\",\"url\":\"https:\/\/gaudiumetspes-blog.pl\/index.php\/author\/ks-jacek\/\"}]}<\/script>\n<!-- \/ Yoast SEO plugin. -->","yoast_head_json":{"title":"Po\u015bl\u0119 Go do Was! - Gaudium Et Spes","robots":{"index":"index","follow":"follow","max-snippet":"max-snippet:-1","max-image-preview":"max-image-preview:large","max-video-preview":"max-video-preview:-1"},"canonical":"https:\/\/gaudiumetspes-blog.pl\/index.php\/2025\/05\/27\/posle-go-do-was\/","og_locale":"pl_PL","og_type":"article","og_title":"Po\u015bl\u0119 Go do Was! - Gaudium Et Spes","og_description":"Szcz\u0119\u015b\u0107 Bo\u017ce! Moi Drodzy, w dniu dzisiejszym urodziny (osiemdziesi\u0105te dziewi\u0105te!) prze\u017cywa Ksi\u0105dz Pra\u0142at Mieczys\u0142aw Lipniacki, m\u00f3j \u201erodzony\u201d Proboszcz \u2013 Za\u0142o\u017cyciel Parafii Chrystusa Mi\u0142osiernego w Bia\u0142ej Podlaskiej, kt\u00f3ry jako Proboszcz, prowadzi\u0142 mnie od Pierwszej Komunii \u015awi\u0119tej do Prymicji, a nawet dalej. Imieniny prze\u017cywa natomiast Magda Malinowska, nale\u017c\u0105ca w swoim czasie do jednej z m\u0142odzie\u017cowych Wsp\u00f3lnot. \u017bycz\u0119 [&hellip;]","og_url":"https:\/\/gaudiumetspes-blog.pl\/index.php\/2025\/05\/27\/posle-go-do-was\/","og_site_name":"Gaudium Et Spes","article_published_time":"2025-05-27T08:10:05+00:00","author":"Ks. Jacek","twitter_card":"summary_large_image","twitter_misc":{"Napisane przez":"Ks. Jacek","Szacowany czas czytania":"6 minut"},"schema":{"@context":"https:\/\/schema.org","@graph":[{"@type":"WebPage","@id":"https:\/\/gaudiumetspes-blog.pl\/index.php\/2025\/05\/27\/posle-go-do-was\/","url":"https:\/\/gaudiumetspes-blog.pl\/index.php\/2025\/05\/27\/posle-go-do-was\/","name":"Po\u015bl\u0119 Go do Was! - Gaudium Et Spes","isPartOf":{"@id":"https:\/\/gaudiumetspes-blog.pl\/#website"},"datePublished":"2025-05-27T08:10:05+00:00","author":{"@id":"https:\/\/gaudiumetspes-blog.pl\/#\/schema\/person\/1661982992b752dea8dff0d4ed845a65"},"breadcrumb":{"@id":"https:\/\/gaudiumetspes-blog.pl\/index.php\/2025\/05\/27\/posle-go-do-was\/#breadcrumb"},"inLanguage":"pl-PL","potentialAction":[{"@type":"ReadAction","target":["https:\/\/gaudiumetspes-blog.pl\/index.php\/2025\/05\/27\/posle-go-do-was\/"]}]},{"@type":"BreadcrumbList","@id":"https:\/\/gaudiumetspes-blog.pl\/index.php\/2025\/05\/27\/posle-go-do-was\/#breadcrumb","itemListElement":[{"@type":"ListItem","position":1,"name":"Strona g\u0142\u00f3wna","item":"https:\/\/gaudiumetspes-blog.pl\/"},{"@type":"ListItem","position":2,"name":"Po\u015bl\u0119 Go do Was!"}]},{"@type":"WebSite","@id":"https:\/\/gaudiumetspes-blog.pl\/#website","url":"https:\/\/gaudiumetspes-blog.pl\/","name":"Gaudium Et Spes","description":"Blog Ks. Jacka Ja\u015bkowskiego","potentialAction":[{"@type":"SearchAction","target":{"@type":"EntryPoint","urlTemplate":"https:\/\/gaudiumetspes-blog.pl\/?s={search_term_string}"},"query-input":{"@type":"PropertyValueSpecification","valueRequired":true,"valueName":"search_term_string"}}],"inLanguage":"pl-PL"},{"@type":"Person","@id":"https:\/\/gaudiumetspes-blog.pl\/#\/schema\/person\/1661982992b752dea8dff0d4ed845a65","name":"Ks. Jacek","image":{"@type":"ImageObject","inLanguage":"pl-PL","@id":"https:\/\/gaudiumetspes-blog.pl\/#\/schema\/person\/image\/","url":"https:\/\/gaudiumetspes-blog.pl\/wp-content\/uploads\/2019\/07\/avatar-JJ-150x150.jpg","contentUrl":"https:\/\/gaudiumetspes-blog.pl\/wp-content\/uploads\/2019\/07\/avatar-JJ-150x150.jpg","caption":"Ks. Jacek"},"description":"Witam serdecznie! K\u0142ania si\u0119 Ks. Jacek Ja\u015bkowski. Nie jestem ani kim\u015b wa\u017cnym, ani kim\u015b znanym. Jestem ksi\u0119dzem, kt\u00f3ry po prostu chce rozmawia\u0107. Codzienna kap\u0142a\u0144ska pos\u0142uga pokazuje mi, \u017ce temat\u00f3w do rozm\u00f3w z ksi\u0119dzem jest coraz wi\u0119cej i dzisiaj \u017caden ksi\u0105dz nie mo\u017ce od nich ucieka\u0107, ale - wprost przeciwnie - podejmowa\u0107 nowe wyzwania. To przekonanie sk\u0142oni\u0142o mnie do pr\u00f3by otwarcia tego\u017c bloga, chocia\u017c okazji do rozm\u00f3w na co dzie\u0144 - w konfesjonale i poza nim - na szcz\u0119\u015bcie nie brakuje. My\u015bl\u0119 jednak, \u017ce ten blog b\u0119dzie jeszcze jednym sposobem i przestrzeni\u0105 nawi\u0105zania kontaktu z lud\u017ami dobrej woli, otwartymi na dialog.","url":"https:\/\/gaudiumetspes-blog.pl\/index.php\/author\/ks-jacek\/"}]}},"jetpack_featured_media_url":"","jetpack_sharing_enabled":true,"_links":{"self":[{"href":"https:\/\/gaudiumetspes-blog.pl\/index.php\/wp-json\/wp\/v2\/posts\/23860","targetHints":{"allow":["GET"]}}],"collection":[{"href":"https:\/\/gaudiumetspes-blog.pl\/index.php\/wp-json\/wp\/v2\/posts"}],"about":[{"href":"https:\/\/gaudiumetspes-blog.pl\/index.php\/wp-json\/wp\/v2\/types\/post"}],"author":[{"embeddable":true,"href":"https:\/\/gaudiumetspes-blog.pl\/index.php\/wp-json\/wp\/v2\/users\/1"}],"replies":[{"embeddable":true,"href":"https:\/\/gaudiumetspes-blog.pl\/index.php\/wp-json\/wp\/v2\/comments?post=23860"}],"version-history":[{"count":1,"href":"https:\/\/gaudiumetspes-blog.pl\/index.php\/wp-json\/wp\/v2\/posts\/23860\/revisions"}],"predecessor-version":[{"id":23861,"href":"https:\/\/gaudiumetspes-blog.pl\/index.php\/wp-json\/wp\/v2\/posts\/23860\/revisions\/23861"}],"wp:attachment":[{"href":"https:\/\/gaudiumetspes-blog.pl\/index.php\/wp-json\/wp\/v2\/media?parent=23860"}],"wp:term":[{"taxonomy":"category","embeddable":true,"href":"https:\/\/gaudiumetspes-blog.pl\/index.php\/wp-json\/wp\/v2\/categories?post=23860"},{"taxonomy":"post_tag","embeddable":true,"href":"https:\/\/gaudiumetspes-blog.pl\/index.php\/wp-json\/wp\/v2\/tags?post=23860"}],"curies":[{"name":"wp","href":"https:\/\/api.w.org\/{rel}","templated":true}]}}